{"id":462298,"date":"2023-09-26T18:36:51","date_gmt":"2023-09-26T21:36:51","guid":{"rendered":"https:\/\/www.suno.com.br\/noticias\/?p=462298"},"modified":"2023-09-26T18:36:54","modified_gmt":"2023-09-26T21:36:54","slug":"dolar-fecha-maior-nivel-desde-junho-aversao-risco-exterior","status":"publish","type":"post","link":"https:\/\/www.suno.com.br\/noticias\/dolar-fecha-maior-nivel-desde-junho-aversao-risco-exterior\/","title":{"rendered":"D\u00f3lar fecha no maior n\u00edvel desde 1\u00ba de junho com avers\u00e3o a risco no exterior"},"content":{"rendered":"<p>Ap\u00f3s ensaiar uma queda pela manh\u00e3 no mercado dom\u00e9stico, em aparente movimento de realiza\u00e7\u00e3o de lucros, o <strong>d\u00f3lar<\/strong> ganhou for\u00e7a ao longo da tarde em meio ao aumento da <a class=\"suno-keyword\" target=\"_blank\" data-force=\"no\" data-priority=\"1\" href=\"https:\/\/www.suno.com.br\/artigos\/aversao-ao-risco\/\" rel=\"noopener\">avers\u00e3o ao risco<\/a> no exterior e ao avan\u00e7o das taxas dos Treasuries. Na \u00faltima hora de negocia\u00e7\u00e3o, com piora das Bolsas em Nova York e alta adicional dos juros longos nos EUA, a moeda rompeu R$ 4,99 e tocou m\u00e1xima a R$ 4,9936. No fim do dia, o d\u00f3lar subia 0,42%, cotado a R$ 4,9871 &#8211; maior valor de fechamento desde 1\u00ba de junho (R$ 5,0064).<\/p>\t<div class=\"wrapper-featured-image\">\n\t\t<figure class=\"spotlightImg\">\n\n\t\t\t<picture>\n\t\t\t\t<source media=\"(max-width: 768px)\" srcset=\"https:\/\/files.sunoresearch.com.br\/n\/uploads\/2023\/09\/comprar-dolar-hoje-cotacao-400x200.jpg\">\n\t\t\t\t<img loading=\"lazy\" decoding=\"async\" class=\"newsContent__article__imgCapa lazyloadDisabled \" src=\"https:\/\/files.sunoresearch.com.br\/n\/uploads\/2023\/09\/comprar-dolar-hoje-cotacao-800x450.jpg\" width=\"800\" height=\"450\" alt=\"D\u00f3lar fecha no maior n\u00edvel desde 1\u00ba de junho com avers\u00e3o a risco no exterior\" fetchpriority=high \/>\n\t\t\t<\/picture>\n\n\t\t\t<figcaption class=\"wp-caption-text wp-caption-text--show\">Banco Central: fluxo cambial total no ano at\u00e9 22 de dezembro \u00e9 positivo em US$ 16,3 bi. Foto: Pexels<\/figcaption>\n\t\t<\/figure>\n\t<\/div>\n\n\n\n\n\n\t<p>\n\t\t<a href=\"https:\/\/lp.suno.com.br\/planilha-da-vida-financeira\/\" target=\"_blank\" data-element=\"shortcode-suno-banner\" title=\"Banner SUNO, clique e saiba mais\">\n\t\t\t<picture>\n\t\t\t\t<source media=\"(max-width: 500px)\" srcset=\"https:\/\/files.sunoresearch.com.br\/n\/uploads\/2023\/04\/400x300-Planilha-vida-financeira-true.png\">\n\t\t\t\t<img class=\"newsContent__article__imgCapa newsContent__article__imgCapa--banner\"\n\t\t\t\t\tsrc=\"https:\/\/files.sunoresearch.com.br\/n\/uploads\/2023\/04\/1420x240-Planilha-vida-financeira-true.png\"\n\t\t\t\t\tdata-promo-id=\"106682\"\t\t\t\t\t\t\t\t\t\twidth='1420' height='240'\t\t\t\t\talt=\"https:\/\/files.sunoresearch.com.br\/n\/uploads\/2023\/04\/1420x240-Planilha-vida-financeira-true.png\"\n\t\t\t\t>\n\t\t\t<\/picture>\n\t\t<\/a>\n\t<\/p>\n\n\n\n\n\n\n\n<p>Apesar da agenda dom\u00e9stica carregada, com divulga\u00e7\u00e3o do IPCA-15 de setembro e da ata do encontro do Comit\u00ea de <a class=\"suno-keyword\" target=\"_blank\" data-force=\"no\" data-priority=\"1\" href=\"https:\/\/www.suno.com.br\/artigos\/politica-monetaria\/\" rel=\"noopener\">Pol\u00edtica Monet\u00e1ria<\/a> (Copom) do Banco Central na semana passada, o quadro externo foi, mais uma vez, preponderante na forma\u00e7\u00e3o da <strong>taxa de c\u00e2mbio<\/strong>. Aos temores relacionados ao setor imobili\u00e1rio chin\u00eas e a perspectiva de juros elevados por per\u00edodo prolongado nos EUA, refor\u00e7ada pela alta dos pre\u00e7os do petr\u00f3leo, soma-se a preocupa\u00e7\u00e3o com eventual paralisa\u00e7\u00e3o parcial do governo americano, dado o impasse no Congresso dos EUA para aprova\u00e7\u00e3o do or\u00e7amento.<\/p>\n\n\n\n<p>&#8220;Temos uma avers\u00e3o a risco generalizada no mundo que leva naturalmente a uma <strong>corrida pelo d\u00f3lar<\/strong>. H\u00e1 preocupa\u00e7\u00e3o com o risco de shutdown nos EUA em meio a uma press\u00e3o por mais gastos. Os pre\u00e7os dos ativos est\u00e3o assimilando a perspectiva de juros mais altos nos EUA por mais tempo&#8221;, afirma o gerente de c\u00e2mbio da Treviso Corretora, Reginaldo Galhardo. <\/p>\n\n\n\t<p>\n\t\t<a href=\"https:\/\/lp.suno.com.br\/ebook-como-analisar-uma-acao\/\" target=\"_blank\" data-element=\"shortcode-suno-banner\" title=\"Banner SUNO, clique e saiba mais\">\n\t\t\t<picture>\n\t\t\t\t<source media=\"(max-width: 500px)\" srcset=\"https:\/\/files.sunoresearch.com.br\/n\/uploads\/2023\/03\/Ebook-Acoes-Mobile.jpg\">\n\t\t\t\t<img class=\"newsContent__article__imgCapa newsContent__article__imgCapa--banner\"\n\t\t\t\t\tsrc=\"https:\/\/files.sunoresearch.com.br\/n\/uploads\/2023\/03\/Ebook-Acoes-Desktop.jpg\"\n\t\t\t\t\tdata-promo-id=\"378302\"\t\t\t\t\t\t\t\t\t\twidth='1420' height='286'\t\t\t\t\talt=\"https:\/\/files.sunoresearch.com.br\/n\/uploads\/2023\/03\/Ebook-Acoes-Desktop.jpg\"\n\t\t\t\t>\n\t\t\t<\/picture>\n\t\t<\/a>\n\t<\/p>\n\n\n\n\n\n<p>Com a busca global por d\u00f3lar, o <strong>\u00edndice DXY <\/strong>passou o dia em alta firme e tocou m\u00e1xima aos 106,261 pontos. A moeda americana subiu em bloco em rela\u00e7\u00e3o a divisas emergentes e de pa\u00edses exportadores de commodities, incluindo as moedas latino-americanas pares do real. A taxa da T-note de 30 anos superou a marca de 4,7% pela primeira vez em mais de 12 anos. O retorno da T-note de 10 anos voltou a ultrapassar a barreira de 5,55%. Indicadores americanos divulgados hoje &#8211; <a class=\"suno-keyword\" target=\"_blank\" data-force=\"no\" data-priority=\"1\" href=\"https:\/\/www.suno.com.br\/artigos\/confianca-do-consumidor\/\" rel=\"noopener\">confian\u00e7a do consumidor<\/a> e venda de moradias novas &#8211; decepcionaram, balan\u00e7ando a aposta em pouso suava da maior economia do mundo. O contrato do Brent para dezembro subiu 0,72%, a US$ 93,96 o barril. Teme-se que o avan\u00e7o dos pre\u00e7os dos combust\u00edveis retarde o processo de desinfla\u00e7\u00e3o nos EUA.<\/p>\n\n\n\n<p>&#8220;Vimos uma piora dos ativos com a alta mais forte das taxas dos Treasuries e a preocupa\u00e7\u00e3o com o impacto dos pre\u00e7os do petr\u00f3leo, com problemas de oferta na R\u00fassia. Al\u00e9m disso, h\u00e1 o risco de desacelera\u00e7\u00e3o mais forte da economia chinesa&#8221;, afirma a economista Cristiane Quartaroli, do Banco Ourinvest.<\/p>\n\n\n\n<p>Com juros elevados nos EUA por mais tempo e processo de cortes da <a class=\"suno-keyword\" target=\"_blank\" data-force=\"no\" data-priority=\"3\" href=\"https:\/\/www.suno.com.br\/artigos\/taxa-selic\/\" rel=\"noopener\">taxa Selic<\/a>, analistas alertam que haver estreitamento do diferencial entre taxas internas e externas, o que pode tirar parte da atratividade do real no m\u00e9dio prazo. A ata do encontro do Copom na semana passada trouxe um tom duro e refor\u00e7ou o ritmo de redu\u00e7\u00e3o em 0,50 ponto porcentual nas pr\u00f3ximas reuni\u00f5es do comit\u00ea.<\/p>\n\n\n\n<p>O IBGE informou que o IPCA-15 acelerou de 0,28% em agosto para 0,35% em setembro. O resultado, contudo, veio ligeiramente abaixo da mediana das estimativas de proje\u00e7\u00f5es Broadcast (0,37%). Em geral, casas avaliaram que o \u00edndice mostrou ainda composi\u00e7\u00e3o benigna da infla\u00e7\u00e3o, com arrefecimento de n\u00facleos, al\u00e9m de menor difus\u00e3o.<\/p>\n\n\n\n<p>&#8220;Por ora, a cota\u00e7\u00e3o do<strong> d\u00f3lar<\/strong> respeita o n\u00edvel psicol\u00f3gico de R$ 5,00 no <a class=\"suno-keyword\" target=\"_blank\" data-force=\"no\" data-priority=\"1\" href=\"https:\/\/www.suno.com.br\/artigos\/curto-prazo\/\" rel=\"noopener\">curto prazo<\/a>. &#8220;Quando se aproxima de R$ 5,00, aparece uma for\u00e7a vendedora muito forte. Mas se o ambiente externo piorar ainda mais, com press\u00e3o nas taxas longas nos EUA e desacelera\u00e7\u00e3o na China, isso pode mudar&#8221;, diz Galhardo.<\/p>\n\n\n\n<p><em>Com Estad\u00e3o Conte\u00fado<\/em><\/p>\n\n\n\t<p>\n\t\t<a href=\"https:\/\/lp.suno.com.br\/planilha-da-vida-financeira\/\" target=\"_blank\" data-element=\"shortcode-suno-banner\" title=\"Banner SUNO, clique e saiba mais\">\n\t\t\t<picture>\n\t\t\t\t<source media=\"(max-width: 500px)\" srcset=\"https:\/\/files.sunoresearch.com.br\/n\/uploads\/2023\/04\/400x300-Planilha-vida-financeira-true.png\">\n\t\t\t\t<img class=\"newsContent__article__imgCapa newsContent__article__imgCapa--banner\"\n\t\t\t\t\tsrc=\"https:\/\/files.sunoresearch.com.br\/n\/uploads\/2023\/04\/1420x240-Planilha-vida-financeira-true.png\"\n\t\t\t\t\tdata-promo-id=\"383123\"\t\t\t\t\t\t\t\t\t\twidth='1420' height='240'\t\t\t\t\talt=\"https:\/\/files.sunoresearch.com.br\/n\/uploads\/2023\/04\/1420x240-Planilha-vida-financeira-true.png\"\n\t\t\t\t>\n\t\t\t<\/picture>\n\t\t<\/a>\n\t<\/p>\n\n\n","protected":false},"excerpt":{"rendered":"<p>Ap\u00f3s ensaiar uma queda pela manh\u00e3 no mercado dom\u00e9stico, em aparente movimento de realiza\u00e7\u00e3o de lucros, o d\u00f3lar ganhou for\u00e7a ao longo da tarde em meio ao aumento da avers\u00e3o ao risco no exterior e ao avan\u00e7o das taxas dos Treasuries. Na \u00faltima hora de negocia\u00e7\u00e3o, com piora das Bolsas em Nova York e alta [&hellip;]<\/p>\n","protected":false},"author":43,"featured_media":455694,"comment_status":"closed","ping_status":"closed","sticky":false,"template":"","format":"standard","meta":[],"categories":[60],"tags":[326],"suno_strategy":[],"class_list":["post-462298","post","type-post","status-publish","format-standard","has-post-thumbnail","hentry","category-mercado","tag-dolar"],"yoast_head":"<!-- This site is optimized with the Yoast SEO plugin v24.4 - https:\/\/yoast.com\/wordpress\/plugins\/seo\/ -->\n<title>D\u00f3lar fecha no maior n\u00edvel desde 1\u00ba de junho<\/title>\n<meta name=\"description\" content=\"No fim do dia, o d\u00f3lar subia 0,42%, cotado a R$ 4,9871 - maior valor de fechamento desde 1\u00ba de junho (R$ 5,0064)\" \/>\n<meta name=\"robots\" content=\"index, follow, max-snippet:-1, max-image-preview:large, max-video-preview:-1\" \/>\n<link rel=\"canonical\" href=\"https:\/\/www.suno.com.br\/noticias\/dolar-fecha-maior-nivel-desde-junho-aversao-risco-exterior\/\" \/>\n<meta property=\"og:locale\" content=\"pt_BR\" \/>\n<meta property=\"og:type\" content=\"article\" \/>\n<meta property=\"og:title\" content=\"D\u00f3lar fecha no maior n\u00edvel desde 1\u00ba de junho\" \/>\n<meta property=\"og:description\" content=\"No fim do dia, o d\u00f3lar subia 0,42%, cotado a R$ 4,9871 - maior valor de fechamento desde 1\u00ba de junho (R$ 5,0064)\" \/>\n<meta property=\"og:url\" content=\"https:\/\/www.suno.com.br\/noticias\/dolar-fecha-maior-nivel-desde-junho-aversao-risco-exterior\/\" \/>\n<meta property=\"og:site_name\" content=\"Suno Not\u00edcias\" \/>\n<meta property=\"article:publisher\" content=\"https:\/\/facebook.com\/sunoresearch\" \/>\n<meta property=\"article:author\" content=\"https:\/\/www.facebook.com\/sunonoticias\/\" \/>\n<meta property=\"og:image\" content=\"https:\/\/files.sunoresearch.com.br\/n\/uploads\/2023\/09\/comprar-dolar-hoje-cotacao.jpg\" \/>\n\t<meta property=\"og:image:width\" content=\"1200\" \/>\n\t<meta property=\"og:image:height\" content=\"800\" \/>\n\t<meta property=\"og:image:type\" content=\"image\/jpeg\" \/>\n<meta name=\"author\" content=\"Reda\u00e7\u00e3o Suno Not\u00edcias\" \/>\n<meta name=\"twitter:card\" content=\"summary_large_image\" \/>\n<meta name=\"twitter:creator\" content=\"@https:\/\/twitter.com\/sunoresearch\" \/>\n<meta name=\"twitter:site\" content=\"@sunoresearch\" \/>\n<meta name=\"twitter:label1\" content=\"Escrito por\" \/>\n\t<meta name=\"twitter:data1\" content=\"Reda\u00e7\u00e3o Suno Not\u00edcias\" \/>\n\t<meta name=\"twitter:label2\" content=\"Est. tempo de leitura\" \/>\n\t<meta name=\"twitter:data2\" content=\"4 minutos\" \/>\n<script type=\"application\/ld+json\" class=\"yoast-schema-graph\">{\"@context\":\"https:\/\/schema.org\",\"@graph\":[{\"@type\":\"NewsArticle\",\"@id\":\"https:\/\/www.suno.com.br\/noticias\/dolar-fecha-maior-nivel-desde-junho-aversao-risco-exterior\/#article\",\"isPartOf\":{\"@id\":\"https:\/\/www.suno.com.br\/noticias\/dolar-fecha-maior-nivel-desde-junho-aversao-risco-exterior\/\"},\"author\":{\"name\":\"Reda\u00e7\u00e3o Suno Not\u00edcias\",\"@id\":\"https:\/\/www.suno.com.br\/noticias\/#\/schema\/person\/c1b1bd3727fa852bd045e9dbff3673ea\"},\"headline\":\"D\u00f3lar fecha no maior n\u00edvel desde 1\u00ba de junho com avers\u00e3o a risco no exterior\",\"datePublished\":\"2023-09-26T21:36:51+00:00\",\"dateModified\":\"2023-09-26T21:36:54+00:00\",\"mainEntityOfPage\":{\"@id\":\"https:\/\/www.suno.com.br\/noticias\/dolar-fecha-maior-nivel-desde-junho-aversao-risco-exterior\/\"},\"wordCount\":673,\"publisher\":{\"@id\":\"https:\/\/www.suno.com.br\/noticias\/#organization\"},\"image\":{\"@id\":\"https:\/\/www.suno.com.br\/noticias\/dolar-fecha-maior-nivel-desde-junho-aversao-risco-exterior\/#primaryimage\"},\"thumbnailUrl\":\"https:\/\/files.sunoresearch.com.br\/n\/uploads\/2023\/09\/comprar-dolar-hoje-cotacao.jpg\",\"keywords\":[\"d\u00f3lar\"],\"articleSection\":[\"Mercado\"],\"inLanguage\":\"pt-BR\"},{\"@type\":\"WebPage\",\"@id\":\"https:\/\/www.suno.com.br\/noticias\/dolar-fecha-maior-nivel-desde-junho-aversao-risco-exterior\/\",\"url\":\"https:\/\/www.suno.com.br\/noticias\/dolar-fecha-maior-nivel-desde-junho-aversao-risco-exterior\/\",\"name\":\"D\u00f3lar fecha no maior n\u00edvel desde 1\u00ba de junho\",\"isPartOf\":{\"@id\":\"https:\/\/www.suno.com.br\/noticias\/#website\"},\"primaryImageOfPage\":{\"@id\":\"https:\/\/www.suno.com.br\/noticias\/dolar-fecha-maior-nivel-desde-junho-aversao-risco-exterior\/#primaryimage\"},\"image\":{\"@id\":\"https:\/\/www.suno.com.br\/noticias\/dolar-fecha-maior-nivel-desde-junho-aversao-risco-exterior\/#primaryimage\"},\"thumbnailUrl\":\"https:\/\/files.sunoresearch.com.br\/n\/uploads\/2023\/09\/comprar-dolar-hoje-cotacao.jpg\",\"datePublished\":\"2023-09-26T21:36:51+00:00\",\"dateModified\":\"2023-09-26T21:36:54+00:00\",\"description\":\"No fim do dia, o d\u00f3lar subia 0,42%, cotado a R$ 4,9871 - maior valor de fechamento desde 1\u00ba de junho (R$ 5,0064)\",\"breadcrumb\":{\"@id\":\"https:\/\/www.suno.com.br\/noticias\/dolar-fecha-maior-nivel-desde-junho-aversao-risco-exterior\/#breadcrumb\"},\"inLanguage\":\"pt-BR\",\"potentialAction\":[{\"@type\":\"ReadAction\",\"target\":[\"https:\/\/www.suno.com.br\/noticias\/dolar-fecha-maior-nivel-desde-junho-aversao-risco-exterior\/\"]}]},{\"@type\":\"ImageObject\",\"inLanguage\":\"pt-BR\",\"@id\":\"https:\/\/www.suno.com.br\/noticias\/dolar-fecha-maior-nivel-desde-junho-aversao-risco-exterior\/#primaryimage\",\"url\":\"https:\/\/files.sunoresearch.com.br\/n\/uploads\/2023\/09\/comprar-dolar-hoje-cotacao.jpg\",\"contentUrl\":\"https:\/\/files.sunoresearch.com.br\/n\/uploads\/2023\/09\/comprar-dolar-hoje-cotacao.jpg\",\"width\":1200,\"height\":800,\"caption\":\"Banco Central: fluxo cambial total no ano at\u00e9 22 de dezembro \u00e9 positivo em US$ 16,3 bi. Foto: Pexels\"},{\"@type\":\"BreadcrumbList\",\"@id\":\"https:\/\/www.suno.com.br\/noticias\/dolar-fecha-maior-nivel-desde-junho-aversao-risco-exterior\/#breadcrumb\",\"itemListElement\":[{\"@type\":\"ListItem\",\"position\":1,\"name\":\"Not\u00edcias\",\"item\":\"https:\/\/www.suno.com.br\/noticias\/\"},{\"@type\":\"ListItem\",\"position\":2,\"name\":\"Mercado\",\"item\":\"https:\/\/www.suno.com.br\/noticias\/mercado\/\"},{\"@type\":\"ListItem\",\"position\":3,\"name\":\"D\u00f3lar fecha no maior n\u00edvel desde 1\u00ba de junho com avers\u00e3o a risco no exterior\"}]},{\"@type\":\"WebSite\",\"@id\":\"https:\/\/www.suno.com.br\/noticias\/#website\",\"url\":\"https:\/\/www.suno.com.br\/noticias\/\",\"name\":\"Suno Not\u00edcias\",\"description\":\"Seu portal de informa\u00e7\u00e3o sobre o mundo dos investimentos\",\"publisher\":{\"@id\":\"https:\/\/www.suno.com.br\/noticias\/#organization\"},\"potentialAction\":[{\"@type\":\"SearchAction\",\"target\":{\"@type\":\"EntryPoint\",\"urlTemplate\":\"https:\/\/www.suno.com.br\/noticias\/?s={search_term_string}\"},\"query-input\":{\"@type\":\"PropertyValueSpecification\",\"valueRequired\":true,\"valueName\":\"search_term_string\"}}],\"inLanguage\":\"pt-BR\"},{\"@type\":\"Organization\",\"@id\":\"https:\/\/www.suno.com.br\/noticias\/#organization\",\"name\":\"Suno Not\u00edcias\",\"url\":\"https:\/\/www.suno.com.br\/noticias\/\",\"logo\":{\"@type\":\"ImageObject\",\"inLanguage\":\"pt-BR\",\"@id\":\"https:\/\/www.suno.com.br\/noticias\/#\/schema\/logo\/image\/\",\"url\":\"https:\/\/files.sunoresearch.com.br\/n\/uploads\/2021\/09\/suno-logo.png\",\"contentUrl\":\"https:\/\/files.sunoresearch.com.br\/n\/uploads\/2021\/09\/suno-logo.png\",\"width\":180,\"height\":180,\"caption\":\"Suno Not\u00edcias\"},\"image\":{\"@id\":\"https:\/\/www.suno.com.br\/noticias\/#\/schema\/logo\/image\/\"},\"sameAs\":[\"https:\/\/facebook.com\/sunoresearch\",\"https:\/\/x.com\/sunoresearch\",\"https:\/\/www.instagram.com\/suno\",\"https:\/\/www.linkedin.com\/company\/suno-research\/\",\"https:\/\/www.youtube.com\/c\/sunoresearch\"]},{\"@type\":\"Person\",\"@id\":\"https:\/\/www.suno.com.br\/noticias\/#\/schema\/person\/c1b1bd3727fa852bd045e9dbff3673ea\",\"name\":\"Reda\u00e7\u00e3o Suno Not\u00edcias\",\"image\":{\"@type\":\"ImageObject\",\"inLanguage\":\"pt-BR\",\"@id\":\"https:\/\/www.suno.com.br\/noticias\/#\/schema\/person\/image\/\",\"url\":\"https:\/\/secure.gravatar.com\/avatar\/b8104b9b5a71985d5238ee59fbe418af?s=96&r=g\",\"contentUrl\":\"https:\/\/secure.gravatar.com\/avatar\/b8104b9b5a71985d5238ee59fbe418af?s=96&r=g\",\"caption\":\"Reda\u00e7\u00e3o Suno Not\u00edcias\"},\"description\":\"O Suno Not\u00edcias \u00e9 um portal de informa\u00e7\u00f5es sobre Mercado Financeiro, Pol\u00edtica, Neg\u00f3cios, Economia e Finan\u00e7as Pessoais.\",\"sameAs\":[\"https:\/\/www.suno.com.br\/noticias\",\"https:\/\/www.facebook.com\/sunonoticias\/\",\"https:\/\/www.instagram.com\/sunonoticias\/\",\"https:\/\/x.com\/https:\/\/twitter.com\/sunoresearch\",\"https:\/\/www.youtube.com\/sunonoticias\"],\"url\":\"https:\/\/www.suno.com.br\/noticias\/author\/redacao-suno\/\"}]}<\/script>\n<!-- \/ Yoast SEO plugin. -->","yoast_head_json":{"title":"D\u00f3lar fecha no maior n\u00edvel desde 1\u00ba de junho","description":"No fim do dia, o d\u00f3lar subia 0,42%, cotado a R$ 4,9871 - maior valor de fechamento desde 1\u00ba de junho (R$ 5,0064)","robots":{"index":"index","follow":"follow","max-snippet":"max-snippet:-1","max-image-preview":"max-image-preview:large","max-video-preview":"max-video-preview:-1"},"canonical":"https:\/\/www.suno.com.br\/noticias\/dolar-fecha-maior-nivel-desde-junho-aversao-risco-exterior\/","og_locale":"pt_BR","og_type":"article","og_title":"D\u00f3lar fecha no maior n\u00edvel desde 1\u00ba de junho","og_description":"No fim do dia, o d\u00f3lar subia 0,42%, cotado a R$ 4,9871 - maior valor de fechamento desde 1\u00ba de junho (R$ 5,0064)","og_url":"https:\/\/www.suno.com.br\/noticias\/dolar-fecha-maior-nivel-desde-junho-aversao-risco-exterior\/","og_site_name":"Suno Not\u00edcias","article_publisher":"https:\/\/facebook.com\/sunoresearch","article_author":"https:\/\/www.facebook.com\/sunonoticias\/","og_image":[{"width":1200,"height":800,"url":"https:\/\/files.sunoresearch.com.br\/n\/uploads\/2023\/09\/comprar-dolar-hoje-cotacao.jpg","type":"image\/jpeg"}],"author":"Reda\u00e7\u00e3o Suno Not\u00edcias","twitter_card":"summary_large_image","twitter_creator":"@https:\/\/twitter.com\/sunoresearch","twitter_site":"@sunoresearch","twitter_misc":{"Escrito por":"Reda\u00e7\u00e3o Suno Not\u00edcias","Est. tempo de leitura":"4 minutos"},"schema":{"@context":"https:\/\/schema.org","@graph":[{"@type":"NewsArticle","@id":"https:\/\/www.suno.com.br\/noticias\/dolar-fecha-maior-nivel-desde-junho-aversao-risco-exterior\/#article","isPartOf":{"@id":"https:\/\/www.suno.com.br\/noticias\/dolar-fecha-maior-nivel-desde-junho-aversao-risco-exterior\/"},"author":{"name":"Reda\u00e7\u00e3o Suno Not\u00edcias","@id":"https:\/\/www.suno.com.br\/noticias\/#\/schema\/person\/c1b1bd3727fa852bd045e9dbff3673ea"},"headline":"D\u00f3lar fecha no maior n\u00edvel desde 1\u00ba de junho com avers\u00e3o a risco no exterior","datePublished":"2023-09-26T21:36:51+00:00","dateModified":"2023-09-26T21:36:54+00:00","mainEntityOfPage":{"@id":"https:\/\/www.suno.com.br\/noticias\/dolar-fecha-maior-nivel-desde-junho-aversao-risco-exterior\/"},"wordCount":673,"publisher":{"@id":"https:\/\/www.suno.com.br\/noticias\/#organization"},"image":{"@id":"https:\/\/www.suno.com.br\/noticias\/dolar-fecha-maior-nivel-desde-junho-aversao-risco-exterior\/#primaryimage"},"thumbnailUrl":"https:\/\/files.sunoresearch.com.br\/n\/uploads\/2023\/09\/comprar-dolar-hoje-cotacao.jpg","keywords":["d\u00f3lar"],"articleSection":["Mercado"],"inLanguage":"pt-BR"},{"@type":"WebPage","@id":"https:\/\/www.suno.com.br\/noticias\/dolar-fecha-maior-nivel-desde-junho-aversao-risco-exterior\/","url":"https:\/\/www.suno.com.br\/noticias\/dolar-fecha-maior-nivel-desde-junho-aversao-risco-exterior\/","name":"D\u00f3lar fecha no maior n\u00edvel desde 1\u00ba de junho","isPartOf":{"@id":"https:\/\/www.suno.com.br\/noticias\/#website"},"primaryImageOfPage":{"@id":"https:\/\/www.suno.com.br\/noticias\/dolar-fecha-maior-nivel-desde-junho-aversao-risco-exterior\/#primaryimage"},"image":{"@id":"https:\/\/www.suno.com.br\/noticias\/dolar-fecha-maior-nivel-desde-junho-aversao-risco-exterior\/#primaryimage"},"thumbnailUrl":"https:\/\/files.sunoresearch.com.br\/n\/uploads\/2023\/09\/comprar-dolar-hoje-cotacao.jpg","datePublished":"2023-09-26T21:36:51+00:00","dateModified":"2023-09-26T21:36:54+00:00","description":"No fim do dia, o d\u00f3lar subia 0,42%, cotado a R$ 4,9871 - maior valor de fechamento desde 1\u00ba de junho (R$ 5,0064)","breadcrumb":{"@id":"https:\/\/www.suno.com.br\/noticias\/dolar-fecha-maior-nivel-desde-junho-aversao-risco-exterior\/#breadcrumb"},"inLanguage":"pt-BR","potentialAction":[{"@type":"ReadAction","target":["https:\/\/www.suno.com.br\/noticias\/dolar-fecha-maior-nivel-desde-junho-aversao-risco-exterior\/"]}]},{"@type":"ImageObject","inLanguage":"pt-BR","@id":"https:\/\/www.suno.com.br\/noticias\/dolar-fecha-maior-nivel-desde-junho-aversao-risco-exterior\/#primaryimage","url":"https:\/\/files.sunoresearch.com.br\/n\/uploads\/2023\/09\/comprar-dolar-hoje-cotacao.jpg","contentUrl":"https:\/\/files.sunoresearch.com.br\/n\/uploads\/2023\/09\/comprar-dolar-hoje-cotacao.jpg","width":1200,"height":800,"caption":"Banco Central: fluxo cambial total no ano at\u00e9 22 de dezembro \u00e9 positivo em US$ 16,3 bi. Foto: Pexels"},{"@type":"BreadcrumbList","@id":"https:\/\/www.suno.com.br\/noticias\/dolar-fecha-maior-nivel-desde-junho-aversao-risco-exterior\/#breadcrumb","itemListElement":[{"@type":"ListItem","position":1,"name":"Not\u00edcias","item":"https:\/\/www.suno.com.br\/noticias\/"},{"@type":"ListItem","position":2,"name":"Mercado","item":"https:\/\/www.suno.com.br\/noticias\/mercado\/"},{"@type":"ListItem","position":3,"name":"D\u00f3lar fecha no maior n\u00edvel desde 1\u00ba de junho com avers\u00e3o a risco no exterior"}]},{"@type":"WebSite","@id":"https:\/\/www.suno.com.br\/noticias\/#website","url":"https:\/\/www.suno.com.br\/noticias\/","name":"Suno Not\u00edcias","description":"Seu portal de informa\u00e7\u00e3o sobre o mundo dos investimentos","publisher":{"@id":"https:\/\/www.suno.com.br\/noticias\/#organization"},"potentialAction":[{"@type":"SearchAction","target":{"@type":"EntryPoint","urlTemplate":"https:\/\/www.suno.com.br\/noticias\/?s={search_term_string}"},"query-input":{"@type":"PropertyValueSpecification","valueRequired":true,"valueName":"search_term_string"}}],"inLanguage":"pt-BR"},{"@type":"Organization","@id":"https:\/\/www.suno.com.br\/noticias\/#organization","name":"Suno Not\u00edcias","url":"https:\/\/www.suno.com.br\/noticias\/","logo":{"@type":"ImageObject","inLanguage":"pt-BR","@id":"https:\/\/www.suno.com.br\/noticias\/#\/schema\/logo\/image\/","url":"https:\/\/files.sunoresearch.com.br\/n\/uploads\/2021\/09\/suno-logo.png","contentUrl":"https:\/\/files.sunoresearch.com.br\/n\/uploads\/2021\/09\/suno-logo.png","width":180,"height":180,"caption":"Suno Not\u00edcias"},"image":{"@id":"https:\/\/www.suno.com.br\/noticias\/#\/schema\/logo\/image\/"},"sameAs":["https:\/\/facebook.com\/sunoresearch","https:\/\/x.com\/sunoresearch","https:\/\/www.instagram.com\/suno","https:\/\/www.linkedin.com\/company\/suno-research\/","https:\/\/www.youtube.com\/c\/sunoresearch"]},{"@type":"Person","@id":"https:\/\/www.suno.com.br\/noticias\/#\/schema\/person\/c1b1bd3727fa852bd045e9dbff3673ea","name":"Reda\u00e7\u00e3o Suno Not\u00edcias","image":{"@type":"ImageObject","inLanguage":"pt-BR","@id":"https:\/\/www.suno.com.br\/noticias\/#\/schema\/person\/image\/","url":"https:\/\/secure.gravatar.com\/avatar\/b8104b9b5a71985d5238ee59fbe418af?s=96&r=g","contentUrl":"https:\/\/secure.gravatar.com\/avatar\/b8104b9b5a71985d5238ee59fbe418af?s=96&r=g","caption":"Reda\u00e7\u00e3o Suno Not\u00edcias"},"description":"O Suno Not\u00edcias \u00e9 um portal de informa\u00e7\u00f5es sobre Mercado Financeiro, Pol\u00edtica, Neg\u00f3cios, Economia e Finan\u00e7as Pessoais.","sameAs":["https:\/\/www.suno.com.br\/noticias","https:\/\/www.facebook.com\/sunonoticias\/","https:\/\/www.instagram.com\/sunonoticias\/","https:\/\/x.com\/https:\/\/twitter.com\/sunoresearch","https:\/\/www.youtube.com\/sunonoticias"],"url":"https:\/\/www.suno.com.br\/noticias\/author\/redacao-suno\/"}]}},"default_loop_html":"<div class=\"cardsPage__listCard__boxs\"><div class=\"cardsPage__listCard__boxs__img\"><a href=\"https:\/\/www.suno.com.br\/noticias\/dolar-fecha-maior-nivel-desde-junho-aversao-risco-exterior\/\"><img class=\"mask\" src=\"https:\/\/www.suno.com.br\/noticias\/wp-content\/themes\/suno\/resources\/images\/spotlight\/spotlight1img\/bg-mask.png\" alt=\"Image Mask\"\/><img src=\"https:\/\/files.sunoresearch.com.br\/n\/uploads\/2023\/09\/comprar-dolar-hoje-cotacao-400x200.jpg\" alt=\"D\u00f3lar fecha no maior n\u00edvel desde 1\u00ba de junho com avers\u00e3o a risco no exterior\"\/><\/a><span class=\"spotlightCategory\"><a href=\"https:\/\/www.suno.com.br\/noticias\/mercado\/\">Mercado<\/a><\/span><\/div><div class=\"cardsPage__listCard__boxs__content\"><a href=\"https:\/\/www.suno.com.br\/noticias\/dolar-fecha-maior-nivel-desde-junho-aversao-risco-exterior\/\"><h2 class=\"content__title\">D\u00f3lar fecha no maior n\u00edvel desde 1\u00ba de junho com avers\u00e3o a risco no exterior<\/h2><\/a><div class=\"newsContent__article__meta\"><div class=\"newsContent__article__meta__authorBox\"><a href=\"https:\/\/www.suno.com.br\/noticias\/author\/redacao-suno\/\" class=\"authorBox__avatar noMobi\"><img src=\"https:\/\/files.sunoresearch.com.br\/n\/uploads\/2020\/08\/0ace682d-redacao-1-150x150.webp\" alt=\"Reda\u00e7\u00e3o Suno Not\u00edcias\"><\/a><div class=\"authorBox__name\"><span>por\n\t\t\t<a href=\"https:\/\/www.suno.com.br\/noticias\/author\/redacao-suno\/\"><span itemprop=\"author\">Reda\u00e7\u00e3o Suno Not\u00edcias<\/span><\/a><\/span><time datetime=\"2023-09-26T18:36:51-03:00\" itemprop=\"datePublished\">26\/09\/2023 18:36<\/time><\/div><\/div><\/div><\/div><\/div>","single_layout":"posts","amp_enabled":true,"_links":{"self":[{"href":"https:\/\/www.suno.com.br\/noticias\/wp-json\/wp\/v2\/posts\/462298"}],"collection":[{"href":"https:\/\/www.suno.com.br\/noticias\/wp-json\/wp\/v2\/posts"}],"about":[{"href":"https:\/\/www.suno.com.br\/noticias\/wp-json\/wp\/v2\/types\/post"}],"author":[{"embeddable":true,"href":"https:\/\/www.suno.com.br\/noticias\/wp-json\/wp\/v2\/users\/43"}],"replies":[{"embeddable":true,"href":"https:\/\/www.suno.com.br\/noticias\/wp-json\/wp\/v2\/comments?post=462298"}],"version-history":[{"count":2,"href":"https:\/\/www.suno.com.br\/noticias\/wp-json\/wp\/v2\/posts\/462298\/revisions"}],"predecessor-version":[{"id":462319,"href":"https:\/\/www.suno.com.br\/noticias\/wp-json\/wp\/v2\/posts\/462298\/revisions\/462319"}],"wp:featuredmedia":[{"embeddable":true,"href":"https:\/\/www.suno.com.br\/noticias\/wp-json\/wp\/v2\/media\/455694"}],"wp:attachment":[{"href":"https:\/\/www.suno.com.br\/noticias\/wp-json\/wp\/v2\/media?parent=462298"}],"wp:term":[{"taxonomy":"category","embeddable":true,"href":"https:\/\/www.suno.com.br\/noticias\/wp-json\/wp\/v2\/categories?post=462298"},{"taxonomy":"post_tag","embeddable":true,"href":"https:\/\/www.suno.com.br\/noticias\/wp-json\/wp\/v2\/tags?post=462298"},{"taxonomy":"suno_strategy","embeddable":true,"href":"https:\/\/www.suno.com.br\/noticias\/wp-json\/wp\/v2\/suno_strategy?post=462298"}],"curies":[{"name":"wp","href":"https:\/\/api.w.org\/{rel}","templated":true}]}}