{"id":462236,"date":"2023-09-26T17:35:30","date_gmt":"2023-09-26T20:35:30","guid":{"rendered":"https:\/\/www.suno.com.br\/noticias\/?p=462236"},"modified":"2023-09-26T19:01:16","modified_gmt":"2023-09-26T22:01:16","slug":"ata-do-copom-mencionar-fiscal-bb-evm","status":"publish","type":"post","link":"https:\/\/www.suno.com.br\/noticias\/ata-do-copom-mencionar-fiscal-bb-evm\/","title":{"rendered":"Ata do Copom &#8216;voltou a mencionar o fiscal&#8217;, diz BB"},"content":{"rendered":"<p>Em an\u00e1lise sobre a <strong><a href=\"https:\/\/www.suno.com.br\/noticias\/selic-aperto-convergencia-inflacao-ata-copom-gpj\/\" target=\"_blank\" rel=\"noreferrer noopener\">Ata do Copom<\/a><\/strong> divulgada na manh\u00e3 desta ter\u00e7a-feira (26), especialistas do BB destacaram no documento que a autoridade monet\u00e1ria voltou a mencionar os aspectos fiscais, ressaltando que a execu\u00e7\u00e3o das metas \u00e9 um ponto importante para a ancoragem das expectativas de infla\u00e7\u00e3o e, consequentemente, para a condu\u00e7\u00e3o da <a class=\"suno-keyword\" data-force=\"no\" data-priority=\"1\" href=\"https:\/\/www.suno.com.br\/artigos\/politica-monetaria\/\" target=\"_blank\" rel=\"noopener\">pol\u00edtica monet\u00e1ria<\/a>. <\/p>\t<div class=\"wrapper-featured-image\">\n\t\t<figure class=\"spotlightImg\">\n\n\t\t\t<picture>\n\t\t\t\t<source media=\"(max-width: 768px)\" srcset=\"https:\/\/files.sunoresearch.com.br\/n\/uploads\/2023\/08\/copom-reuniao-400x200.jpg\">\n\t\t\t\t<img loading=\"lazy\" decoding=\"async\" class=\"newsContent__article__imgCapa lazyloadDisabled \" src=\"https:\/\/files.sunoresearch.com.br\/n\/uploads\/2023\/08\/copom-reuniao-800x450.jpg\" width=\"800\" height=\"450\" alt=\"Ata do Copom &#8216;voltou a mencionar o fiscal&#8217;, diz BB\" fetchpriority=high \/>\n\t\t\t<\/picture>\n\n\t\t\t<figcaption class=\"wp-caption-text wp-caption-text--show\">Copom corta Selic. Foto: Raphael Ribeiro\/BCB<\/figcaption>\n\t\t<\/figure>\n\t<\/div>\n\n\n\n\n\n\t<p>\n\t\t<a href=\"\" target=\"_blank\" data-element=\"shortcode-suno-banner\" title=\"Banner SUNO, clique e saiba mais\">\n\t\t\t<picture>\n\t\t\t\t<source media=\"(max-width: 500px)\" srcset=\"\">\n\t\t\t\t<img class=\"newsContent__article__imgCapa newsContent__article__imgCapa--banner\"\n\t\t\t\t\tsrc=\"\"\n\t\t\t\t\tdata-promo-id=\"240038\"\t\t\t\t\t\t\t\t\t\t\t\t\t\t\talt=\"\"\n\t\t\t\t>\n\t\t\t<\/picture>\n\t\t<\/a>\n\t<\/p>\n\n\n\n\n\n\n\n<p>&#8220;Na Ata do Copom o Comit\u00ea reiterou a import\u00e2ncia de se manter uma <a class=\"suno-keyword\" data-force=\"no\" data-priority=\"1\" href=\"https:\/\/www.suno.com.br\/artigos\/politica-monetaria-contracionista\/\" target=\"_blank\" rel=\"noopener\">pol\u00edtica monet\u00e1ria contracionista<\/a> para o processo de reancoragem das expectativas e para a consolida\u00e7\u00e3o do processo de desinfla\u00e7\u00e3o. De forma detalhada, as proje\u00e7\u00f5es do Copom para infla\u00e7\u00e3o ficaram em 5,0% em 2023, 3,5% em 2024 e 3,1% em 2025&#8243;, diz a casa.<\/p>\n\n\n\n<p>Segundo o BB, a Ata tamb\u00e9m refor\u00e7a o entendimento de que, apesar dos riscos internos e externos, \u00e9 importante continuar com o ciclo flexibiliza\u00e7\u00e3o monet\u00e1ria e manter os pr\u00f3ximos cortes na mesma magnitude do \u00faltimo em recuos de 50 pontos-base (p.b) da <strong>Selic<\/strong>.<\/p>\n\n\n\n\t<div data-element=\"shortcode-read-more\" class=\"readToo\">\n\t\t\t\t<span class=\"readToo__title\">Leia mais<\/span>\n\t\t\t\t<ul class=\"readToo__list\">\n\t\t\t<li><a href=\"https:\/\/www.suno.com.br\/noticias\/weg-wege3-btg-reitera-compra-acoes-regal-rexnord-va\/\">Weg (WEGE3): BTG reitera compra das a\u00e7\u00f5es ap\u00f3s neg\u00f3cio com Regal Rexnord e prev\u00ea valoriza\u00e7\u00e3o de 40%<\/a><\/li><li><a href=\"https:\/\/www.suno.com.br\/noticias\/selic-aperto-convergencia-inflacao-ata-copom-gpj\/\">Ata do Copom: n\u00e3o h\u00e1 evid\u00eancia para intensificar cortes da Selic al\u00e9m do necess\u00e1rio para a converg\u00eancia da infla\u00e7\u00e3o<\/a><\/li><li><a href=\"https:\/\/www.suno.com.br\/noticias\/agenda-semana-ata-copom-ipca-15-e-mais-cpf\/\">Ata do Copom, IPCA-15 e PCE nos EUA; confira a agenda econ\u00f4mica e financeira desta semana<\/a><\/li><li><a href=\"https:\/\/www.suno.com.br\/noticias\/acoes-queda-selic-xp-papeis-podem-beneficiar-corte-va\/\">A\u00e7\u00f5es e queda da Selic: XP indica ativos que podem se beneficiar com o corte dos juros<\/a><\/li>\t\t<\/ul>\n\t<\/div>\n\n\n\n\n<p>&#8220;No que tange ao ambiente internacional, o colegiado destacou o aumento da incerteza, que est\u00e1 relacionada \u00e0 continuidade do processo de desinfla\u00e7\u00e3o, \u00e0 eleva\u00e7\u00e3o das taxas de juros de <a class=\"suno-keyword\" target=\"_blank\" data-force=\"no\" data-priority=\"1\" href=\"https:\/\/www.suno.com.br\/artigos\/longo-prazo\/\" rel=\"noopener\">longo prazo<\/a> dos Estados Unidos e \u00e0 perspectiva de menor crescimento na China&#8221;, diz o BB.<\/p>\n\n\n\n<p>&#8220;J\u00e1 o cen\u00e1rio dom\u00e9stico, o Copom pontuou que a atividade econ\u00f4mica segue surpreendendo positivamente, embora anteveja um cen\u00e1rio de desacelera\u00e7\u00e3o da economia nos pr\u00f3ximos trimestre&#8221;, completa.<\/p>\n\n\n\t<p>\n\t\t<a href=\"https:\/\/lp.suno.com.br\/ebook-gratuito-investindo-no-exterior\/\" target=\"_blank\" data-element=\"shortcode-suno-banner\" title=\"Banner SUNO, clique e saiba mais\">\n\t\t\t<picture>\n\t\t\t\t<source media=\"(max-width: 500px)\" srcset=\"https:\/\/files.sunoresearch.com.br\/n\/uploads\/2023\/03\/400x300-Investindo-no-exterior.png\">\n\t\t\t\t<img class=\"newsContent__article__imgCapa newsContent__article__imgCapa--banner\"\n\t\t\t\t\tsrc=\"https:\/\/files.sunoresearch.com.br\/n\/uploads\/2023\/03\/1420x240-Investindo-no-exterior.png\"\n\t\t\t\t\tdata-promo-id=\"383161\"\t\t\t\t\t\t\t\t\t\twidth='1420' height='240'\t\t\t\t\talt=\"https:\/\/files.sunoresearch.com.br\/n\/uploads\/2023\/03\/1420x240-Investindo-no-exterior.png\"\n\t\t\t\t>\n\t\t\t<\/picture>\n\t\t<\/a>\n\t<\/p>\n\n\n\n\n\n<h2 class=\"wp-block-heading\">Ata do Copom diminui possibilidade de cortes mais intensos<\/h2>\n\n\n\n<p>Sobre os impactos, o time de economistas do Banco do Brasil avalia que, ao menos no <a class=\"suno-keyword\" target=\"_blank\" data-force=\"no\" data-priority=\"1\" href=\"https:\/\/www.suno.com.br\/artigos\/curto-prazo\/\" rel=\"noopener\">curto prazo<\/a>, \u00e9 pouco prov\u00e1vel uma acelera\u00e7\u00e3o do ritmo de ajuste monet\u00e1rio. <\/p>\n\n\n\n<p>&#8220;Desta forma, projetamos mais duas quedas de 50 p.b. para as pr\u00f3ximas reuni\u00f5es, de modo que a Selic chegue no patamar de 11,75% a.a. no fim de 2023&#8221;, conclui, ap\u00f3s a divulga\u00e7\u00e3o da <strong>Ata do Copom<\/strong>.<\/p>\n\n\n\t<p>\n\t\t<a href=\"https:\/\/lp.suno.com.br\/planilha-da-vida-financeira\/\" target=\"_blank\" data-element=\"shortcode-suno-banner\" title=\"Banner SUNO, clique e saiba mais\">\n\t\t\t<picture>\n\t\t\t\t<source media=\"(max-width: 500px)\" srcset=\"https:\/\/files.sunoresearch.com.br\/n\/uploads\/2023\/04\/400x300-Planilha-vida-financeira-true.png\">\n\t\t\t\t<img class=\"newsContent__article__imgCapa newsContent__article__imgCapa--banner\"\n\t\t\t\t\tsrc=\"https:\/\/files.sunoresearch.com.br\/n\/uploads\/2023\/04\/1420x240-Planilha-vida-financeira-true.png\"\n\t\t\t\t\tdata-promo-id=\"383123\"\t\t\t\t\t\t\t\t\t\twidth='1420' height='240'\t\t\t\t\talt=\"https:\/\/files.sunoresearch.com.br\/n\/uploads\/2023\/04\/1420x240-Planilha-vida-financeira-true.png\"\n\t\t\t\t>\n\t\t\t<\/picture>\n\t\t<\/a>\n\t<\/p>\n\n\n","protected":false},"excerpt":{"rendered":"<p>Em an\u00e1lise sobre a Ata do Copom divulgada na manh\u00e3 desta ter\u00e7a-feira (26), especialistas do BB destacaram no documento que a autoridade monet\u00e1ria voltou a mencionar os aspectos fiscais, ressaltando que a execu\u00e7\u00e3o das metas \u00e9 um ponto importante para a ancoragem das expectativas de infla\u00e7\u00e3o e, consequentemente, para a condu\u00e7\u00e3o da pol\u00edtica monet\u00e1ria. Copom [&hellip;]<\/p>\n","protected":false},"author":73,"featured_media":437335,"comment_status":"closed","ping_status":"closed","sticky":false,"template":"","format":"standard","meta":[],"categories":[62],"tags":[1842,1104,105816,97358,2448],"suno_strategy":[],"class_list":["post-462236","post","type-post","status-publish","format-standard","has-post-thumbnail","hentry","category-economia","tag-banco-central-bc","tag-copom","tag-especialistas","tag-politica-fiscal","tag-politica-monetaria"],"yoast_head":"<!-- This site is optimized with the Yoast SEO plugin v24.4 - https:\/\/yoast.com\/wordpress\/plugins\/seo\/ -->\n<title>Ata do Copom &#039;voltou a mencionar o fiscal&#039;, diz BB<\/title>\n<meta name=\"description\" content=\"&quot;Na Ata do Copom o Comit\u00ea reiterou a import\u00e2ncia de manter uma pol\u00edtica monet\u00e1ria contracionista para o processo de reancoragem&quot;, diz o BB\" \/>\n<meta name=\"robots\" content=\"index, follow, max-snippet:-1, max-image-preview:large, max-video-preview:-1\" \/>\n<link rel=\"canonical\" href=\"https:\/\/www.suno.com.br\/noticias\/ata-do-copom-mencionar-fiscal-bb-evm\/\" \/>\n<meta property=\"og:locale\" content=\"pt_BR\" \/>\n<meta property=\"og:type\" content=\"article\" \/>\n<meta property=\"og:title\" content=\"Ata do Copom &#039;voltou a mencionar o fiscal&#039;, diz BB\" \/>\n<meta property=\"og:description\" content=\"&quot;Na Ata do Copom o Comit\u00ea reiterou a import\u00e2ncia de manter uma pol\u00edtica monet\u00e1ria contracionista para o processo de reancoragem&quot;, diz o BB\" \/>\n<meta property=\"og:url\" content=\"https:\/\/www.suno.com.br\/noticias\/ata-do-copom-mencionar-fiscal-bb-evm\/\" \/>\n<meta property=\"og:site_name\" content=\"Suno Not\u00edcias\" \/>\n<meta property=\"article:publisher\" content=\"https:\/\/facebook.com\/sunoresearch\" \/>\n<meta property=\"og:image\" content=\"https:\/\/files.sunoresearch.com.br\/n\/uploads\/2023\/08\/copom-reuniao.jpg\" \/>\n\t<meta property=\"og:image:width\" content=\"1200\" \/>\n\t<meta property=\"og:image:height\" content=\"800\" \/>\n\t<meta property=\"og:image:type\" content=\"image\/jpeg\" \/>\n<meta name=\"author\" content=\"Eduardo Vargas\" \/>\n<meta name=\"twitter:card\" content=\"summary_large_image\" \/>\n<meta name=\"twitter:creator\" content=\"@sunoresearch\" \/>\n<meta name=\"twitter:site\" content=\"@sunoresearch\" \/>\n<meta name=\"twitter:label1\" content=\"Escrito por\" \/>\n\t<meta name=\"twitter:data1\" content=\"Eduardo Vargas\" \/>\n\t<meta name=\"twitter:label2\" content=\"Est. tempo de leitura\" \/>\n\t<meta name=\"twitter:data2\" content=\"2 minutos\" \/>\n<script type=\"application\/ld+json\" class=\"yoast-schema-graph\">{\"@context\":\"https:\/\/schema.org\",\"@graph\":[{\"@type\":\"NewsArticle\",\"@id\":\"https:\/\/www.suno.com.br\/noticias\/ata-do-copom-mencionar-fiscal-bb-evm\/#article\",\"isPartOf\":{\"@id\":\"https:\/\/www.suno.com.br\/noticias\/ata-do-copom-mencionar-fiscal-bb-evm\/\"},\"author\":{\"name\":\"Eduardo Vargas\",\"@id\":\"https:\/\/www.suno.com.br\/noticias\/#\/schema\/person\/7f4d362bf3518e76090143ae77bb49a5\"},\"headline\":\"Ata do Copom &#8216;voltou a mencionar o fiscal&#8217;, diz BB\",\"datePublished\":\"2023-09-26T20:35:30+00:00\",\"dateModified\":\"2023-09-26T22:01:16+00:00\",\"mainEntityOfPage\":{\"@id\":\"https:\/\/www.suno.com.br\/noticias\/ata-do-copom-mencionar-fiscal-bb-evm\/\"},\"wordCount\":336,\"publisher\":{\"@id\":\"https:\/\/www.suno.com.br\/noticias\/#organization\"},\"image\":{\"@id\":\"https:\/\/www.suno.com.br\/noticias\/ata-do-copom-mencionar-fiscal-bb-evm\/#primaryimage\"},\"thumbnailUrl\":\"https:\/\/files.sunoresearch.com.br\/n\/uploads\/2023\/08\/copom-reuniao.jpg\",\"keywords\":[\"Banco Central (BC)\",\"Copom\",\"Especialistas\",\"pol\u00edtica fiscal\",\"pol\u00edtica monet\u00e1ria\"],\"articleSection\":[\"Economia\"],\"inLanguage\":\"pt-BR\"},{\"@type\":\"WebPage\",\"@id\":\"https:\/\/www.suno.com.br\/noticias\/ata-do-copom-mencionar-fiscal-bb-evm\/\",\"url\":\"https:\/\/www.suno.com.br\/noticias\/ata-do-copom-mencionar-fiscal-bb-evm\/\",\"name\":\"Ata do Copom 'voltou a mencionar o fiscal', diz BB\",\"isPartOf\":{\"@id\":\"https:\/\/www.suno.com.br\/noticias\/#website\"},\"primaryImageOfPage\":{\"@id\":\"https:\/\/www.suno.com.br\/noticias\/ata-do-copom-mencionar-fiscal-bb-evm\/#primaryimage\"},\"image\":{\"@id\":\"https:\/\/www.suno.com.br\/noticias\/ata-do-copom-mencionar-fiscal-bb-evm\/#primaryimage\"},\"thumbnailUrl\":\"https:\/\/files.sunoresearch.com.br\/n\/uploads\/2023\/08\/copom-reuniao.jpg\",\"datePublished\":\"2023-09-26T20:35:30+00:00\",\"dateModified\":\"2023-09-26T22:01:16+00:00\",\"description\":\"\\\"Na Ata do Copom o Comit\u00ea reiterou a import\u00e2ncia de manter uma pol\u00edtica monet\u00e1ria contracionista para o processo de reancoragem\\\", diz o BB\",\"breadcrumb\":{\"@id\":\"https:\/\/www.suno.com.br\/noticias\/ata-do-copom-mencionar-fiscal-bb-evm\/#breadcrumb\"},\"inLanguage\":\"pt-BR\",\"potentialAction\":[{\"@type\":\"ReadAction\",\"target\":[\"https:\/\/www.suno.com.br\/noticias\/ata-do-copom-mencionar-fiscal-bb-evm\/\"]}]},{\"@type\":\"ImageObject\",\"inLanguage\":\"pt-BR\",\"@id\":\"https:\/\/www.suno.com.br\/noticias\/ata-do-copom-mencionar-fiscal-bb-evm\/#primaryimage\",\"url\":\"https:\/\/files.sunoresearch.com.br\/n\/uploads\/2023\/08\/copom-reuniao.jpg\",\"contentUrl\":\"https:\/\/files.sunoresearch.com.br\/n\/uploads\/2023\/08\/copom-reuniao.jpg\",\"width\":1200,\"height\":800,\"caption\":\"Copom corta Selic. Foto: Raphael Ribeiro\/BCB\"},{\"@type\":\"BreadcrumbList\",\"@id\":\"https:\/\/www.suno.com.br\/noticias\/ata-do-copom-mencionar-fiscal-bb-evm\/#breadcrumb\",\"itemListElement\":[{\"@type\":\"ListItem\",\"position\":1,\"name\":\"Not\u00edcias\",\"item\":\"https:\/\/www.suno.com.br\/noticias\/\"},{\"@type\":\"ListItem\",\"position\":2,\"name\":\"Economia\",\"item\":\"https:\/\/www.suno.com.br\/noticias\/economia\/\"},{\"@type\":\"ListItem\",\"position\":3,\"name\":\"Ata do Copom &#8216;voltou a mencionar o fiscal&#8217;, diz BB\"}]},{\"@type\":\"WebSite\",\"@id\":\"https:\/\/www.suno.com.br\/noticias\/#website\",\"url\":\"https:\/\/www.suno.com.br\/noticias\/\",\"name\":\"Suno Not\u00edcias\",\"description\":\"Seu portal de informa\u00e7\u00e3o sobre o mundo dos investimentos\",\"publisher\":{\"@id\":\"https:\/\/www.suno.com.br\/noticias\/#organization\"},\"potentialAction\":[{\"@type\":\"SearchAction\",\"target\":{\"@type\":\"EntryPoint\",\"urlTemplate\":\"https:\/\/www.suno.com.br\/noticias\/?s={search_term_string}\"},\"query-input\":{\"@type\":\"PropertyValueSpecification\",\"valueRequired\":true,\"valueName\":\"search_term_string\"}}],\"inLanguage\":\"pt-BR\"},{\"@type\":\"Organization\",\"@id\":\"https:\/\/www.suno.com.br\/noticias\/#organization\",\"name\":\"Suno Not\u00edcias\",\"url\":\"https:\/\/www.suno.com.br\/noticias\/\",\"logo\":{\"@type\":\"ImageObject\",\"inLanguage\":\"pt-BR\",\"@id\":\"https:\/\/www.suno.com.br\/noticias\/#\/schema\/logo\/image\/\",\"url\":\"https:\/\/files.sunoresearch.com.br\/n\/uploads\/2021\/09\/suno-logo.png\",\"contentUrl\":\"https:\/\/files.sunoresearch.com.br\/n\/uploads\/2021\/09\/suno-logo.png\",\"width\":180,\"height\":180,\"caption\":\"Suno Not\u00edcias\"},\"image\":{\"@id\":\"https:\/\/www.suno.com.br\/noticias\/#\/schema\/logo\/image\/\"},\"sameAs\":[\"https:\/\/facebook.com\/sunoresearch\",\"https:\/\/x.com\/sunoresearch\",\"https:\/\/www.instagram.com\/suno\",\"https:\/\/www.linkedin.com\/company\/suno-research\/\",\"https:\/\/www.youtube.com\/c\/sunoresearch\"]},{\"@type\":\"Person\",\"@id\":\"https:\/\/www.suno.com.br\/noticias\/#\/schema\/person\/7f4d362bf3518e76090143ae77bb49a5\",\"name\":\"Eduardo Vargas\",\"image\":{\"@type\":\"ImageObject\",\"inLanguage\":\"pt-BR\",\"@id\":\"https:\/\/www.suno.com.br\/noticias\/#\/schema\/person\/image\/\",\"url\":\"https:\/\/secure.gravatar.com\/avatar\/dac340933427a22924c9f99d1eb2e3f2?s=96&r=g\",\"contentUrl\":\"https:\/\/secure.gravatar.com\/avatar\/dac340933427a22924c9f99d1eb2e3f2?s=96&r=g\",\"caption\":\"Eduardo Vargas\"},\"description\":\"Jornalista formado pela UFSC, cobre macroeconomia, neg\u00f3cios e startups para o Suno Not\u00edcias, escrevendo principalmente not\u00edcias sobre o mercado financeiro e a bolsa de valores. No YouTube e no Instagram, \u00e9 respons\u00e1vel pela produ\u00e7\u00e3o de Reels e Shorts do Suno Not\u00edcias. Anteriormente, trabalhou cobrindo economia e cotidiano no ND+ e para o ND, maior jornal impresso de Santa Catarina. Cursou um semestre letivo de Estudos de M\u00eddia na Universidad de Buenos Aires.\",\"url\":\"https:\/\/www.suno.com.br\/noticias\/author\/eduardo-vargas\/\"}]}<\/script>\n<!-- \/ Yoast SEO plugin. -->","yoast_head_json":{"title":"Ata do Copom 'voltou a mencionar o fiscal', diz BB","description":"\"Na Ata do Copom o Comit\u00ea reiterou a import\u00e2ncia de manter uma pol\u00edtica monet\u00e1ria contracionista para o processo de reancoragem\", diz o BB","robots":{"index":"index","follow":"follow","max-snippet":"max-snippet:-1","max-image-preview":"max-image-preview:large","max-video-preview":"max-video-preview:-1"},"canonical":"https:\/\/www.suno.com.br\/noticias\/ata-do-copom-mencionar-fiscal-bb-evm\/","og_locale":"pt_BR","og_type":"article","og_title":"Ata do Copom 'voltou a mencionar o fiscal', diz BB","og_description":"\"Na Ata do Copom o Comit\u00ea reiterou a import\u00e2ncia de manter uma pol\u00edtica monet\u00e1ria contracionista para o processo de reancoragem\", diz o BB","og_url":"https:\/\/www.suno.com.br\/noticias\/ata-do-copom-mencionar-fiscal-bb-evm\/","og_site_name":"Suno Not\u00edcias","article_publisher":"https:\/\/facebook.com\/sunoresearch","og_image":[{"width":1200,"height":800,"url":"https:\/\/files.sunoresearch.com.br\/n\/uploads\/2023\/08\/copom-reuniao.jpg","type":"image\/jpeg"}],"author":"Eduardo Vargas","twitter_card":"summary_large_image","twitter_creator":"@sunoresearch","twitter_site":"@sunoresearch","twitter_misc":{"Escrito por":"Eduardo Vargas","Est. tempo de leitura":"2 minutos"},"schema":{"@context":"https:\/\/schema.org","@graph":[{"@type":"NewsArticle","@id":"https:\/\/www.suno.com.br\/noticias\/ata-do-copom-mencionar-fiscal-bb-evm\/#article","isPartOf":{"@id":"https:\/\/www.suno.com.br\/noticias\/ata-do-copom-mencionar-fiscal-bb-evm\/"},"author":{"name":"Eduardo Vargas","@id":"https:\/\/www.suno.com.br\/noticias\/#\/schema\/person\/7f4d362bf3518e76090143ae77bb49a5"},"headline":"Ata do Copom &#8216;voltou a mencionar o fiscal&#8217;, diz BB","datePublished":"2023-09-26T20:35:30+00:00","dateModified":"2023-09-26T22:01:16+00:00","mainEntityOfPage":{"@id":"https:\/\/www.suno.com.br\/noticias\/ata-do-copom-mencionar-fiscal-bb-evm\/"},"wordCount":336,"publisher":{"@id":"https:\/\/www.suno.com.br\/noticias\/#organization"},"image":{"@id":"https:\/\/www.suno.com.br\/noticias\/ata-do-copom-mencionar-fiscal-bb-evm\/#primaryimage"},"thumbnailUrl":"https:\/\/files.sunoresearch.com.br\/n\/uploads\/2023\/08\/copom-reuniao.jpg","keywords":["Banco Central (BC)","Copom","Especialistas","pol\u00edtica fiscal","pol\u00edtica monet\u00e1ria"],"articleSection":["Economia"],"inLanguage":"pt-BR"},{"@type":"WebPage","@id":"https:\/\/www.suno.com.br\/noticias\/ata-do-copom-mencionar-fiscal-bb-evm\/","url":"https:\/\/www.suno.com.br\/noticias\/ata-do-copom-mencionar-fiscal-bb-evm\/","name":"Ata do Copom 'voltou a mencionar o fiscal', diz BB","isPartOf":{"@id":"https:\/\/www.suno.com.br\/noticias\/#website"},"primaryImageOfPage":{"@id":"https:\/\/www.suno.com.br\/noticias\/ata-do-copom-mencionar-fiscal-bb-evm\/#primaryimage"},"image":{"@id":"https:\/\/www.suno.com.br\/noticias\/ata-do-copom-mencionar-fiscal-bb-evm\/#primaryimage"},"thumbnailUrl":"https:\/\/files.sunoresearch.com.br\/n\/uploads\/2023\/08\/copom-reuniao.jpg","datePublished":"2023-09-26T20:35:30+00:00","dateModified":"2023-09-26T22:01:16+00:00","description":"\"Na Ata do Copom o Comit\u00ea reiterou a import\u00e2ncia de manter uma pol\u00edtica monet\u00e1ria contracionista para o processo de reancoragem\", diz o BB","breadcrumb":{"@id":"https:\/\/www.suno.com.br\/noticias\/ata-do-copom-mencionar-fiscal-bb-evm\/#breadcrumb"},"inLanguage":"pt-BR","potentialAction":[{"@type":"ReadAction","target":["https:\/\/www.suno.com.br\/noticias\/ata-do-copom-mencionar-fiscal-bb-evm\/"]}]},{"@type":"ImageObject","inLanguage":"pt-BR","@id":"https:\/\/www.suno.com.br\/noticias\/ata-do-copom-mencionar-fiscal-bb-evm\/#primaryimage","url":"https:\/\/files.sunoresearch.com.br\/n\/uploads\/2023\/08\/copom-reuniao.jpg","contentUrl":"https:\/\/files.sunoresearch.com.br\/n\/uploads\/2023\/08\/copom-reuniao.jpg","width":1200,"height":800,"caption":"Copom corta Selic. Foto: Raphael Ribeiro\/BCB"},{"@type":"BreadcrumbList","@id":"https:\/\/www.suno.com.br\/noticias\/ata-do-copom-mencionar-fiscal-bb-evm\/#breadcrumb","itemListElement":[{"@type":"ListItem","position":1,"name":"Not\u00edcias","item":"https:\/\/www.suno.com.br\/noticias\/"},{"@type":"ListItem","position":2,"name":"Economia","item":"https:\/\/www.suno.com.br\/noticias\/economia\/"},{"@type":"ListItem","position":3,"name":"Ata do Copom &#8216;voltou a mencionar o fiscal&#8217;, diz BB"}]},{"@type":"WebSite","@id":"https:\/\/www.suno.com.br\/noticias\/#website","url":"https:\/\/www.suno.com.br\/noticias\/","name":"Suno Not\u00edcias","description":"Seu portal de informa\u00e7\u00e3o sobre o mundo dos investimentos","publisher":{"@id":"https:\/\/www.suno.com.br\/noticias\/#organization"},"potentialAction":[{"@type":"SearchAction","target":{"@type":"EntryPoint","urlTemplate":"https:\/\/www.suno.com.br\/noticias\/?s={search_term_string}"},"query-input":{"@type":"PropertyValueSpecification","valueRequired":true,"valueName":"search_term_string"}}],"inLanguage":"pt-BR"},{"@type":"Organization","@id":"https:\/\/www.suno.com.br\/noticias\/#organization","name":"Suno Not\u00edcias","url":"https:\/\/www.suno.com.br\/noticias\/","logo":{"@type":"ImageObject","inLanguage":"pt-BR","@id":"https:\/\/www.suno.com.br\/noticias\/#\/schema\/logo\/image\/","url":"https:\/\/files.sunoresearch.com.br\/n\/uploads\/2021\/09\/suno-logo.png","contentUrl":"https:\/\/files.sunoresearch.com.br\/n\/uploads\/2021\/09\/suno-logo.png","width":180,"height":180,"caption":"Suno Not\u00edcias"},"image":{"@id":"https:\/\/www.suno.com.br\/noticias\/#\/schema\/logo\/image\/"},"sameAs":["https:\/\/facebook.com\/sunoresearch","https:\/\/x.com\/sunoresearch","https:\/\/www.instagram.com\/suno","https:\/\/www.linkedin.com\/company\/suno-research\/","https:\/\/www.youtube.com\/c\/sunoresearch"]},{"@type":"Person","@id":"https:\/\/www.suno.com.br\/noticias\/#\/schema\/person\/7f4d362bf3518e76090143ae77bb49a5","name":"Eduardo Vargas","image":{"@type":"ImageObject","inLanguage":"pt-BR","@id":"https:\/\/www.suno.com.br\/noticias\/#\/schema\/person\/image\/","url":"https:\/\/secure.gravatar.com\/avatar\/dac340933427a22924c9f99d1eb2e3f2?s=96&r=g","contentUrl":"https:\/\/secure.gravatar.com\/avatar\/dac340933427a22924c9f99d1eb2e3f2?s=96&r=g","caption":"Eduardo Vargas"},"description":"Jornalista formado pela UFSC, cobre macroeconomia, neg\u00f3cios e startups para o Suno Not\u00edcias, escrevendo principalmente not\u00edcias sobre o mercado financeiro e a bolsa de valores. No YouTube e no Instagram, \u00e9 respons\u00e1vel pela produ\u00e7\u00e3o de Reels e Shorts do Suno Not\u00edcias. Anteriormente, trabalhou cobrindo economia e cotidiano no ND+ e para o ND, maior jornal impresso de Santa Catarina. Cursou um semestre letivo de Estudos de M\u00eddia na Universidad de Buenos Aires.","url":"https:\/\/www.suno.com.br\/noticias\/author\/eduardo-vargas\/"}]}},"default_loop_html":"<div class=\"cardsPage__listCard__boxs\"><div class=\"cardsPage__listCard__boxs__img\"><a href=\"https:\/\/www.suno.com.br\/noticias\/ata-do-copom-mencionar-fiscal-bb-evm\/\"><img class=\"mask\" src=\"https:\/\/www.suno.com.br\/noticias\/wp-content\/themes\/suno\/resources\/images\/spotlight\/spotlight1img\/bg-mask.png\" alt=\"Image Mask\"\/><img src=\"https:\/\/files.sunoresearch.com.br\/n\/uploads\/2023\/08\/copom-reuniao-400x200.jpg\" alt=\"Ata do Copom &#8216;voltou a mencionar o fiscal&#8217;, diz BB\"\/><\/a><span class=\"spotlightCategory\"><a href=\"https:\/\/www.suno.com.br\/noticias\/economia\/\">Economia<\/a><\/span><\/div><div class=\"cardsPage__listCard__boxs__content\"><a href=\"https:\/\/www.suno.com.br\/noticias\/ata-do-copom-mencionar-fiscal-bb-evm\/\"><h2 class=\"content__title\">Ata do Copom &#8216;voltou a mencionar o fiscal&#8217;, diz BB<\/h2><\/a><div class=\"newsContent__article__meta\"><div class=\"newsContent__article__meta__authorBox\"><a href=\"https:\/\/www.suno.com.br\/noticias\/author\/vini08correiagmail-com\/\" class=\"authorBox__avatar noMobi\"><img src=\"https:\/\/files.sunoresearch.com.br\/n\/uploads\/2026\/04\/WhatsApp-Image-2026-04-20-at-19.35.48-150x150.webp\" alt=\"Vin\u00edcius Alves\"><\/a><div class=\"authorBox__name\"><span>por\n\t\t\t<a href=\"https:\/\/www.suno.com.br\/noticias\/author\/vini08correiagmail-com\/\"><span itemprop=\"author\">Vin\u00edcius Alves<\/span><\/a><\/span><time datetime=\"2023-09-26T17:35:30-03:00\" itemprop=\"datePublished\">26\/09\/2023 17:35<\/time><\/div><\/div><\/div><\/div><\/div>","single_layout":"posts","amp_enabled":true,"_links":{"self":[{"href":"https:\/\/www.suno.com.br\/noticias\/wp-json\/wp\/v2\/posts\/462236"}],"collection":[{"href":"https:\/\/www.suno.com.br\/noticias\/wp-json\/wp\/v2\/posts"}],"about":[{"href":"https:\/\/www.suno.com.br\/noticias\/wp-json\/wp\/v2\/types\/post"}],"author":[{"embeddable":true,"href":"https:\/\/www.suno.com.br\/noticias\/wp-json\/wp\/v2\/users\/73"}],"replies":[{"embeddable":true,"href":"https:\/\/www.suno.com.br\/noticias\/wp-json\/wp\/v2\/comments?post=462236"}],"version-history":[{"count":2,"href":"https:\/\/www.suno.com.br\/noticias\/wp-json\/wp\/v2\/posts\/462236\/revisions"}],"predecessor-version":[{"id":462331,"href":"https:\/\/www.suno.com.br\/noticias\/wp-json\/wp\/v2\/posts\/462236\/revisions\/462331"}],"wp:featuredmedia":[{"embeddable":true,"href":"https:\/\/www.suno.com.br\/noticias\/wp-json\/wp\/v2\/media\/437335"}],"wp:attachment":[{"href":"https:\/\/www.suno.com.br\/noticias\/wp-json\/wp\/v2\/media?parent=462236"}],"wp:term":[{"taxonomy":"category","embeddable":true,"href":"https:\/\/www.suno.com.br\/noticias\/wp-json\/wp\/v2\/categories?post=462236"},{"taxonomy":"post_tag","embeddable":true,"href":"https:\/\/www.suno.com.br\/noticias\/wp-json\/wp\/v2\/tags?post=462236"},{"taxonomy":"suno_strategy","embeddable":true,"href":"https:\/\/www.suno.com.br\/noticias\/wp-json\/wp\/v2\/suno_strategy?post=462236"}],"curies":[{"name":"wp","href":"https:\/\/api.w.org\/{rel}","templated":true}]}}