{"id":46214,"date":"2019-11-30T11:09:39","date_gmt":"2019-11-30T13:09:39","guid":{"rendered":"https:\/\/www.suno.com.br\/noticias\/?p=46214"},"modified":"2021-03-26T18:52:01","modified_gmt":"2021-03-26T21:52:01","slug":"ibovespa-semana-queda-2","status":"publish","type":"post","link":"https:\/\/www.suno.com.br\/noticias\/ibovespa-semana-queda-2\/","title":{"rendered":"Ibovespa tem semana em queda de 0,05% a 108.233,281 pontos"},"content":{"rendered":"<p>O <strong>Ibovespa<\/strong> fechou a semana com <strong>varia\u00e7\u00e3o<\/strong> <strong>negativa<\/strong> de 0,05%, a 108.233,281 pontos. O volume financeiro negociado foi de R$ 14,177 bilh\u00f5es. Um resultado negativo marcado por not\u00edcias relacionadas aos reflexos dos recordes hist\u00f3ricos de alta do <strong>d\u00f3lar<\/strong>.<\/p>\t<div class=\"wrapper-featured-image\">\n\t\t<figure class=\"spotlightImg\">\n\n\t\t\t<picture>\n\t\t\t\t<source media=\"(max-width: 768px)\" srcset=\"https:\/\/files.sunoresearch.com.br\/n\/uploads\/2021\/03\/f2c2dd1c-blur-1853262_1280-400x200.webp\">\n\t\t\t\t<img loading=\"lazy\" decoding=\"async\" class=\"newsContent__article__imgCapa lazyloadDisabled newsContent__article__imgCapa--noCaption\" src=\"https:\/\/files.sunoresearch.com.br\/n\/uploads\/2021\/03\/f2c2dd1c-blur-1853262_1280-800x450.webp\" width=\"800\" height=\"450\" alt=\"Ibovespa tem semana em queda de 0,05% a 108.233,281 pontos\" fetchpriority=high \/>\n\t\t\t<\/picture>\n\n\t\t\t<figcaption class=\"wp-caption-text wp-caption-text--hide\">Americanas (AMER3) e M\u00e9liuz (CASH3) aquecem o mercado.Foto: Pixabay<\/figcaption>\n\t\t<\/figure>\n\t<\/div>\n\n\n\n<p>A varia\u00e7\u00e3o do <a href=\"https:\/\/www.suno.com.br\/artigos\/b3\/\"><strong>principal \u00edndice da bolsa<\/strong>\u00a0<strong>de valores de S\u00e3o Paulo (B3)<\/strong><\/a> \u00e9 vis\u00edvel pelas seguintes not\u00edcias:<\/p>\n<ul>\n<li><strong>Segunda-feira: Ibovespa<\/strong> encerrou em <strong>queda<\/strong> de 0,25% a 108.423,930 pontos;<\/li>\n<li><strong>Ter\u00e7a-feira:<\/strong> <strong>Ibovespa<\/strong> fechou em <strong>queda<\/strong> de 1,26% a 107.059,40 pontos;<\/li>\n<li><strong>Quarta-feira: Ibovespa<\/strong> encerrou em <strong>alta<\/strong> de 0,83% a 107.951,961 pontos;<\/li>\n<li><strong>Quinta-feira: Ibovespa<\/strong> fechou em <strong>alta<\/strong> de 0,54%, a 108.290,09 pontos;<\/li>\n<li><strong>Sexta-feira: Ibovespa<\/strong> encerrou em <strong>queda<\/strong> de 0,05% a 108.233,281 pontos.<\/li>\n<\/ul>\n<h2>Segunda-feira<\/h2>\n<p>O <a href=\"https:\/\/www.suno.com.br\/artigos\/b3\/\">Ibovespa<\/a> fechou, na segunda-feira (25), em baixa. O <a href=\"https:\/\/www.suno.com.br\/artigos\/b3\/\"><strong>principal \u00edndice da Bolsa de Valores de<\/strong>\u00a0<strong>S\u00e3o Paulo (B3)<\/strong><\/a> teve <strong>queda<\/strong> de 0,25% a 108.423,930 pontos.<\/p>\n\n<p>O <strong>Ibovespa<\/strong> registrou baixa devido a v\u00e1rios fatores. Entre as not\u00edcias do dia, Banco do Brasil anunciou descontos de at\u00e9 92% para renegocia\u00e7\u00e3o de d\u00edvidas.<\/p>\n<p><a href=\"https:\/\/www.suno.com.br\/black-friday-2019\/assinaturas\/\">Black Friday Suno &#8211; pague 2 anos e leve 3 nas principais assinaturas da Suno Research<\/a><\/p>\n<p>Al\u00e9m disso, contribu\u00edram para o resultado desta <strong>ter\u00e7a:<\/strong><\/p>\n<ul>\n<li><strong>Taurus<\/strong> e <strong>Jindal<\/strong> prorrogam avalia\u00e7\u00e3o sobre poss\u00edvel <strong>joint<\/strong> <strong>venture;<\/strong><\/li>\n<li><strong>CVC<\/strong> anuncia recompra de at\u00e9 5% do total de a\u00e7\u00f5es.<\/li>\n<\/ul>\n<h2>Ter\u00e7a-feira<\/h2>\n<p>O Ibovespa encerrou, nesta ter\u00e7a-feira (26), em queda de 1,26%, a 107.059,40 pontos. A varia\u00e7\u00e3o negativa do \u00edndice acion\u00e1rio foi acompanhada de uma nova m\u00e1xima hist\u00f3rica do <strong>d\u00f3lar<\/strong>.<\/p>\n<p>A varia\u00e7\u00e3o do <strong>Ibovespa<\/strong> foi impulsionada tamb\u00e9m por outros fatores. No cen\u00e1rio externo, o presidente norte-americano, <strong>Donald Trump<\/strong>, afirmou estar na &#8220;fase final&#8221; do acordo com a <strong>China<\/strong>.<\/p>\n<p><a href=\"https:\/\/www.suno.com.br\/noticias\/ibovespa-queda-107-pontos-26112019\/\">Saiba mais: Ibovespa encerra em queda de 1,26% a 107.059,40 pontos<\/a><\/p>\n<p>Confira quais foram algumas das not\u00edcias que movimentaram o mercado interno ao longo do dia:<\/p>\n<ul>\n<li><strong>Marfrig<\/strong> (MRFG3) prepara oferta subsequente de a\u00e7\u00f5es de cerca de R$ 2 bi;<\/li>\n<li><strong>Lojas<\/strong>\u00a0<strong>Marisa<\/strong> divulga oferta de a\u00e7\u00f5es que poder\u00e1 movimentar R$ 654,5 mi;<\/li>\n<\/ul>\n<h2>Quarta-feira<\/h2>\n<p>O <a href=\"https:\/\/www.suno.com.br\/artigos\/b3\/\">Ibovespa<\/a> fechou, na quarta-feira (27), em alta. O <a href=\"https:\/\/www.suno.com.br\/artigos\/b3\/\"><strong>principal \u00edndice da Bolsa de Valores de<\/strong>\u00a0<strong>S\u00e3o Paulo (B3)<\/strong><\/a> teve <b>alta <\/b>de 0,83% a 107.951,961 pontos.<\/p>\n<p>O \u00edndice registrou <strong>alta<\/strong> devido a v\u00e1rios fatores. Entre as not\u00edcias do dia, um fundo de pens\u00e3o do Canad\u00e1 comprou 12,4% da <strong>Smart<\/strong> <strong>Fit.<\/strong><\/p>\n<p><a href=\"https:\/\/www.suno.com.br\/noticias\/ibovespa-fecha-alta-27112019\/\">Saiba mais: Ibovespa fecha em alta de 0,83% a 107.951,961 pontos<\/a><\/p>\n<p>Al\u00e9m disso, contribu\u00edram para o resultado desta quarta:<\/p>\n<ul>\n<li><strong>Delta Airlines<\/strong> iniciou compra 20% de participa\u00e7\u00e3o na <strong>Latam;<\/strong><\/li>\n<li><strong>Magazine Luiza<\/strong> anunciou parceria com <strong>Linx<\/strong> para integra\u00e7\u00e3o de canais<\/li>\n<\/ul>\n<h2>Quinta-feira<\/h2>\n<p>O Ibovespa encerrou, nesta quinta-feira (28), em alta. O principal \u00edndice da <a href=\"https:\/\/www.suno.com.br\/artigos\/b3\/\"><strong>Bolsa de Valores de <\/strong><strong>S\u00e3o Paulo (B3)<\/strong><\/a> fechou com varia\u00e7\u00e3o positiva de 0,54%, a 108.290,09 pontos.<\/p>\n<p><a href=\"https:\/\/www.suno.com.br\/noticias\/ibovespa-alta-054-108-pontos-28112019\/\">Saiba mais: Ibovespa fecha em alta de 0,54%, a 108.290,09 pontos<\/a><\/p>\n<p>A varia\u00e7\u00e3o positiva do \u00edndice ocorreu em meio a informa\u00e7\u00e3o que a <strong>Petrobras<\/strong> pretende investir US$ 75,7 bi entre 2020 e 2024. Al\u00e9m disso, o mercado foi movimentado pelas seguintes not\u00edcias:<\/p>\n<ul>\n<li>Brasil ter\u00e1 sistema financeiro mais tecnol\u00f3gico em 3 ou 4 anos, aponta <strong>Campos Neto<\/strong><\/li>\n<li><strong>Eldorado<\/strong> confirma cria\u00e7\u00e3o de grupo colegiado determinado por tribunal<\/li>\n<\/ul>\n<h2>Sexta-feira<\/h2>\n<p>O <a href=\"https:\/\/www.suno.com.br\/artigos\/b3\/\">Ibovespa<\/a> fechou, na sexta-feira (29), em queda. O <a href=\"https:\/\/www.suno.com.br\/artigos\/b3\/\"><strong>principal \u00edndice da Bolsa de Valores de<\/strong>\u00a0<strong>S\u00e3o Paulo (B3)<\/strong><\/a> teve <b>queda <\/b>de -0,05% a 108.233,281 pontos.<\/p>\n<p><a href=\"https:\/\/www.suno.com.br\/noticias\/ibovespa-fecha-queda-29112019\/\">Saiba mais: Ibovespa fecha em queda de 0,05% a 108.233,281 pontos<\/a><\/p>\n<p>O \u00edndice registrou <b>queda <\/b>devido a v\u00e1rios fatores. Entre as not\u00edcias do dia,\u00a0 a <strong>Magazine Luiza<\/strong> fez oferta vinculante para comprar <strong>Estante<\/strong> <strong>Virtual<\/strong>.<\/p>\n<p><a href=\"http:\/\/bit.ly\/33ZNYfZ\">Black Friday Suno \u2013 pague 2 anos e leve 3 nas principais assinaturas da Suno Research<\/a><\/p>\n<p>Al\u00e9m disso, contribu\u00edram para o resultado desta sexta:<\/p>\n<ul>\n<li><strong>Gol<\/strong> prev\u00ea faturamento de R$ 140 milh\u00f5es em nova unidade de neg\u00f3cios;<\/li>\n<li><strong>Usiminas<\/strong> registra alta de quase 4% ap\u00f3s an\u00fancio de novo <strong>pre\u00e7o<\/strong> <strong>do<\/strong> <strong>a\u00e7o<\/strong><\/li>\n<\/ul>\n<p>&nbsp;<\/p>\n","protected":false},"excerpt":{"rendered":"<p>O Ibovespa fechou a semana com varia\u00e7\u00e3o negativa de 0,05%, a 108.233,281 pontos. O volume financeiro negociado foi de R$ 14,177 bilh\u00f5es. Um resultado negativo marcado por not\u00edcias relacionadas aos reflexos dos recordes hist\u00f3ricos de alta do d\u00f3lar. Americanas (AMER3) e M\u00e9liuz (CASH3) aquecem o mercado.Foto: Pixabay A varia\u00e7\u00e3o do principal \u00edndice da bolsa\u00a0de valores [&hellip;]<\/p>\n","protected":false},"author":23,"featured_media":135106,"comment_status":"closed","ping_status":"closed","sticky":false,"template":"","format":"standard","meta":[],"categories":[60],"tags":[442,721,548,597],"suno_strategy":[],"class_list":["post-46214","post","type-post","status-publish","format-standard","has-post-thumbnail","hentry","category-mercado","tag-cvc-cvcb3","tag-ibovespa","tag-magazine-luiza-mglu3","tag-petrorio-prio3"],"yoast_head":"<!-- This site is optimized with the Yoast SEO plugin v24.4 - https:\/\/yoast.com\/wordpress\/plugins\/seo\/ -->\n<title>Ibovespa tem semana em queda de 0,05% a 108.233,281 pontos<\/title>\n<meta name=\"description\" content=\"O Ibovespa fechou a semana com varia\u00e7\u00e3o negativa de 0,05%, a 108.233,281 pontos. O volume financeiro foi de R$ 14,177 bi. Clique para mais.\" \/>\n<meta name=\"robots\" content=\"index, follow, max-snippet:-1, max-image-preview:large, max-video-preview:-1\" \/>\n<link rel=\"canonical\" href=\"https:\/\/www.suno.com.br\/noticias\/ibovespa-semana-queda-2\/\" \/>\n<meta property=\"og:locale\" content=\"pt_BR\" \/>\n<meta property=\"og:type\" content=\"article\" \/>\n<meta property=\"og:title\" content=\"Ibovespa tem semana em queda de 0,05% a 108.233,281 pontos\" \/>\n<meta property=\"og:description\" content=\"O Ibovespa fechou a semana com varia\u00e7\u00e3o negativa de 0,05%, a 108.233,281 pontos. O volume financeiro foi de R$ 14,177 bi. Clique para mais.\" \/>\n<meta property=\"og:url\" content=\"https:\/\/www.suno.com.br\/noticias\/ibovespa-semana-queda-2\/\" \/>\n<meta property=\"og:site_name\" content=\"Suno Not\u00edcias\" \/>\n<meta property=\"article:publisher\" content=\"https:\/\/facebook.com\/sunoresearch\" \/>\n<meta property=\"og:image\" content=\"https:\/\/files.sunoresearch.com.br\/n\/uploads\/2021\/03\/f2c2dd1c-blur-1853262_1280.jpg\" \/>\n\t<meta property=\"og:image:width\" content=\"1280\" \/>\n\t<meta property=\"og:image:height\" content=\"960\" \/>\n\t<meta property=\"og:image:type\" content=\"image\/jpeg\" \/>\n<meta name=\"author\" content=\"Rafael Lara\" \/>\n<meta name=\"twitter:card\" content=\"summary_large_image\" \/>\n<meta name=\"twitter:creator\" content=\"@sunoresearch\" \/>\n<meta name=\"twitter:site\" content=\"@sunoresearch\" \/>\n<meta name=\"twitter:label1\" content=\"Escrito por\" \/>\n\t<meta name=\"twitter:data1\" content=\"Rafael Lara\" \/>\n\t<meta name=\"twitter:label2\" content=\"Est. tempo de leitura\" \/>\n\t<meta name=\"twitter:data2\" content=\"3 minutos\" \/>\n<script type=\"application\/ld+json\" class=\"yoast-schema-graph\">{\"@context\":\"https:\/\/schema.org\",\"@graph\":[{\"@type\":\"NewsArticle\",\"@id\":\"https:\/\/www.suno.com.br\/noticias\/ibovespa-semana-queda-2\/#article\",\"isPartOf\":{\"@id\":\"https:\/\/www.suno.com.br\/noticias\/ibovespa-semana-queda-2\/\"},\"author\":{\"name\":\"Rafael Lara\",\"@id\":\"https:\/\/www.suno.com.br\/noticias\/#\/schema\/person\/098743caeed97b37f51315c9576c4078\"},\"headline\":\"Ibovespa tem semana em queda de 0,05% a 108.233,281 pontos\",\"datePublished\":\"2019-11-30T13:09:39+00:00\",\"dateModified\":\"2021-03-26T21:52:01+00:00\",\"mainEntityOfPage\":{\"@id\":\"https:\/\/www.suno.com.br\/noticias\/ibovespa-semana-queda-2\/\"},\"wordCount\":622,\"publisher\":{\"@id\":\"https:\/\/www.suno.com.br\/noticias\/#organization\"},\"image\":{\"@id\":\"https:\/\/www.suno.com.br\/noticias\/ibovespa-semana-queda-2\/#primaryimage\"},\"thumbnailUrl\":\"https:\/\/files.sunoresearch.com.br\/n\/uploads\/2021\/03\/f2c2dd1c-blur-1853262_1280-jpg.webp\",\"keywords\":[\"CVC (CVCB3)\",\"Ibovespa\",\"Magazine Luiza (MGLU3)\",\"PetroRio (PRIO3)\"],\"articleSection\":[\"Mercado\"],\"inLanguage\":\"pt-BR\"},{\"@type\":\"WebPage\",\"@id\":\"https:\/\/www.suno.com.br\/noticias\/ibovespa-semana-queda-2\/\",\"url\":\"https:\/\/www.suno.com.br\/noticias\/ibovespa-semana-queda-2\/\",\"name\":\"Ibovespa tem semana em queda de 0,05% a 108.233,281 pontos\",\"isPartOf\":{\"@id\":\"https:\/\/www.suno.com.br\/noticias\/#website\"},\"primaryImageOfPage\":{\"@id\":\"https:\/\/www.suno.com.br\/noticias\/ibovespa-semana-queda-2\/#primaryimage\"},\"image\":{\"@id\":\"https:\/\/www.suno.com.br\/noticias\/ibovespa-semana-queda-2\/#primaryimage\"},\"thumbnailUrl\":\"https:\/\/files.sunoresearch.com.br\/n\/uploads\/2021\/03\/f2c2dd1c-blur-1853262_1280-jpg.webp\",\"datePublished\":\"2019-11-30T13:09:39+00:00\",\"dateModified\":\"2021-03-26T21:52:01+00:00\",\"description\":\"O Ibovespa fechou a semana com varia\u00e7\u00e3o negativa de 0,05%, a 108.233,281 pontos. O volume financeiro foi de R$ 14,177 bi. Clique para mais.\",\"breadcrumb\":{\"@id\":\"https:\/\/www.suno.com.br\/noticias\/ibovespa-semana-queda-2\/#breadcrumb\"},\"inLanguage\":\"pt-BR\",\"potentialAction\":[{\"@type\":\"ReadAction\",\"target\":[\"https:\/\/www.suno.com.br\/noticias\/ibovespa-semana-queda-2\/\"]}]},{\"@type\":\"ImageObject\",\"inLanguage\":\"pt-BR\",\"@id\":\"https:\/\/www.suno.com.br\/noticias\/ibovespa-semana-queda-2\/#primaryimage\",\"url\":\"https:\/\/files.sunoresearch.com.br\/n\/uploads\/2021\/03\/f2c2dd1c-blur-1853262_1280-jpg.webp\",\"contentUrl\":\"https:\/\/files.sunoresearch.com.br\/n\/uploads\/2021\/03\/f2c2dd1c-blur-1853262_1280-jpg.webp\",\"width\":1280,\"height\":960,\"caption\":\"Americanas (AMER3) e M\u00e9liuz (CASH3) aquecem o mercado.Foto: Pixabay\"},{\"@type\":\"BreadcrumbList\",\"@id\":\"https:\/\/www.suno.com.br\/noticias\/ibovespa-semana-queda-2\/#breadcrumb\",\"itemListElement\":[{\"@type\":\"ListItem\",\"position\":1,\"name\":\"Not\u00edcias\",\"item\":\"https:\/\/www.suno.com.br\/noticias\/\"},{\"@type\":\"ListItem\",\"position\":2,\"name\":\"Mercado\",\"item\":\"https:\/\/www.suno.com.br\/noticias\/mercado\/\"},{\"@type\":\"ListItem\",\"position\":3,\"name\":\"Ibovespa tem semana em queda de 0,05% a 108.233,281 pontos\"}]},{\"@type\":\"WebSite\",\"@id\":\"https:\/\/www.suno.com.br\/noticias\/#website\",\"url\":\"https:\/\/www.suno.com.br\/noticias\/\",\"name\":\"Suno Not\u00edcias\",\"description\":\"Seu portal de informa\u00e7\u00e3o sobre o mundo dos investimentos\",\"publisher\":{\"@id\":\"https:\/\/www.suno.com.br\/noticias\/#organization\"},\"potentialAction\":[{\"@type\":\"SearchAction\",\"target\":{\"@type\":\"EntryPoint\",\"urlTemplate\":\"https:\/\/www.suno.com.br\/noticias\/?s={search_term_string}\"},\"query-input\":{\"@type\":\"PropertyValueSpecification\",\"valueRequired\":true,\"valueName\":\"search_term_string\"}}],\"inLanguage\":\"pt-BR\"},{\"@type\":\"Organization\",\"@id\":\"https:\/\/www.suno.com.br\/noticias\/#organization\",\"name\":\"Suno Not\u00edcias\",\"url\":\"https:\/\/www.suno.com.br\/noticias\/\",\"logo\":{\"@type\":\"ImageObject\",\"inLanguage\":\"pt-BR\",\"@id\":\"https:\/\/www.suno.com.br\/noticias\/#\/schema\/logo\/image\/\",\"url\":\"https:\/\/files.sunoresearch.com.br\/n\/uploads\/2021\/09\/suno-logo.png\",\"contentUrl\":\"https:\/\/files.sunoresearch.com.br\/n\/uploads\/2021\/09\/suno-logo.png\",\"width\":180,\"height\":180,\"caption\":\"Suno Not\u00edcias\"},\"image\":{\"@id\":\"https:\/\/www.suno.com.br\/noticias\/#\/schema\/logo\/image\/\"},\"sameAs\":[\"https:\/\/facebook.com\/sunoresearch\",\"https:\/\/x.com\/sunoresearch\",\"https:\/\/www.instagram.com\/suno\",\"https:\/\/www.linkedin.com\/company\/suno-research\/\",\"https:\/\/www.youtube.com\/c\/sunoresearch\"]},{\"@type\":\"Person\",\"@id\":\"https:\/\/www.suno.com.br\/noticias\/#\/schema\/person\/098743caeed97b37f51315c9576c4078\",\"name\":\"Rafael Lara\",\"image\":{\"@type\":\"ImageObject\",\"inLanguage\":\"pt-BR\",\"@id\":\"https:\/\/www.suno.com.br\/noticias\/#\/schema\/person\/image\/\",\"url\":\"https:\/\/secure.gravatar.com\/avatar\/dfc254ab9bb2ea1895d98b9e9dae4bdd?s=96&r=g\",\"contentUrl\":\"https:\/\/secure.gravatar.com\/avatar\/dfc254ab9bb2ea1895d98b9e9dae4bdd?s=96&r=g\",\"caption\":\"Rafael Lara\"},\"description\":\"Rafael Lara cursa jornalismo na Faculdade C\u00e1sper L\u00edbero. Escreve sobre pol\u00edtica, economia e neg\u00f3cios para o portal Suno Not\u00edcias. Antes, colaborou na TV Gazeta na produ\u00e7\u00e3o do programa Edi\u00e7\u00e3o Extra.\",\"url\":\"https:\/\/www.suno.com.br\/noticias\/author\/rafael\/\"}]}<\/script>\n<!-- \/ Yoast SEO plugin. -->","yoast_head_json":{"title":"Ibovespa tem semana em queda de 0,05% a 108.233,281 pontos","description":"O Ibovespa fechou a semana com varia\u00e7\u00e3o negativa de 0,05%, a 108.233,281 pontos. O volume financeiro foi de R$ 14,177 bi. Clique para mais.","robots":{"index":"index","follow":"follow","max-snippet":"max-snippet:-1","max-image-preview":"max-image-preview:large","max-video-preview":"max-video-preview:-1"},"canonical":"https:\/\/www.suno.com.br\/noticias\/ibovespa-semana-queda-2\/","og_locale":"pt_BR","og_type":"article","og_title":"Ibovespa tem semana em queda de 0,05% a 108.233,281 pontos","og_description":"O Ibovespa fechou a semana com varia\u00e7\u00e3o negativa de 0,05%, a 108.233,281 pontos. O volume financeiro foi de R$ 14,177 bi. Clique para mais.","og_url":"https:\/\/www.suno.com.br\/noticias\/ibovespa-semana-queda-2\/","og_site_name":"Suno Not\u00edcias","article_publisher":"https:\/\/facebook.com\/sunoresearch","og_image":[{"width":1280,"height":960,"url":"https:\/\/files.sunoresearch.com.br\/n\/uploads\/2021\/03\/f2c2dd1c-blur-1853262_1280.jpg","type":"image\/jpeg"}],"author":"Rafael Lara","twitter_card":"summary_large_image","twitter_creator":"@sunoresearch","twitter_site":"@sunoresearch","twitter_misc":{"Escrito por":"Rafael Lara","Est. tempo de leitura":"3 minutos"},"schema":{"@context":"https:\/\/schema.org","@graph":[{"@type":"NewsArticle","@id":"https:\/\/www.suno.com.br\/noticias\/ibovespa-semana-queda-2\/#article","isPartOf":{"@id":"https:\/\/www.suno.com.br\/noticias\/ibovespa-semana-queda-2\/"},"author":{"name":"Rafael Lara","@id":"https:\/\/www.suno.com.br\/noticias\/#\/schema\/person\/098743caeed97b37f51315c9576c4078"},"headline":"Ibovespa tem semana em queda de 0,05% a 108.233,281 pontos","datePublished":"2019-11-30T13:09:39+00:00","dateModified":"2021-03-26T21:52:01+00:00","mainEntityOfPage":{"@id":"https:\/\/www.suno.com.br\/noticias\/ibovespa-semana-queda-2\/"},"wordCount":622,"publisher":{"@id":"https:\/\/www.suno.com.br\/noticias\/#organization"},"image":{"@id":"https:\/\/www.suno.com.br\/noticias\/ibovespa-semana-queda-2\/#primaryimage"},"thumbnailUrl":"https:\/\/files.sunoresearch.com.br\/n\/uploads\/2021\/03\/f2c2dd1c-blur-1853262_1280-jpg.webp","keywords":["CVC (CVCB3)","Ibovespa","Magazine Luiza (MGLU3)","PetroRio (PRIO3)"],"articleSection":["Mercado"],"inLanguage":"pt-BR"},{"@type":"WebPage","@id":"https:\/\/www.suno.com.br\/noticias\/ibovespa-semana-queda-2\/","url":"https:\/\/www.suno.com.br\/noticias\/ibovespa-semana-queda-2\/","name":"Ibovespa tem semana em queda de 0,05% a 108.233,281 pontos","isPartOf":{"@id":"https:\/\/www.suno.com.br\/noticias\/#website"},"primaryImageOfPage":{"@id":"https:\/\/www.suno.com.br\/noticias\/ibovespa-semana-queda-2\/#primaryimage"},"image":{"@id":"https:\/\/www.suno.com.br\/noticias\/ibovespa-semana-queda-2\/#primaryimage"},"thumbnailUrl":"https:\/\/files.sunoresearch.com.br\/n\/uploads\/2021\/03\/f2c2dd1c-blur-1853262_1280-jpg.webp","datePublished":"2019-11-30T13:09:39+00:00","dateModified":"2021-03-26T21:52:01+00:00","description":"O Ibovespa fechou a semana com varia\u00e7\u00e3o negativa de 0,05%, a 108.233,281 pontos. O volume financeiro foi de R$ 14,177 bi. Clique para mais.","breadcrumb":{"@id":"https:\/\/www.suno.com.br\/noticias\/ibovespa-semana-queda-2\/#breadcrumb"},"inLanguage":"pt-BR","potentialAction":[{"@type":"ReadAction","target":["https:\/\/www.suno.com.br\/noticias\/ibovespa-semana-queda-2\/"]}]},{"@type":"ImageObject","inLanguage":"pt-BR","@id":"https:\/\/www.suno.com.br\/noticias\/ibovespa-semana-queda-2\/#primaryimage","url":"https:\/\/files.sunoresearch.com.br\/n\/uploads\/2021\/03\/f2c2dd1c-blur-1853262_1280-jpg.webp","contentUrl":"https:\/\/files.sunoresearch.com.br\/n\/uploads\/2021\/03\/f2c2dd1c-blur-1853262_1280-jpg.webp","width":1280,"height":960,"caption":"Americanas (AMER3) e M\u00e9liuz (CASH3) aquecem o mercado.Foto: Pixabay"},{"@type":"BreadcrumbList","@id":"https:\/\/www.suno.com.br\/noticias\/ibovespa-semana-queda-2\/#breadcrumb","itemListElement":[{"@type":"ListItem","position":1,"name":"Not\u00edcias","item":"https:\/\/www.suno.com.br\/noticias\/"},{"@type":"ListItem","position":2,"name":"Mercado","item":"https:\/\/www.suno.com.br\/noticias\/mercado\/"},{"@type":"ListItem","position":3,"name":"Ibovespa tem semana em queda de 0,05% a 108.233,281 pontos"}]},{"@type":"WebSite","@id":"https:\/\/www.suno.com.br\/noticias\/#website","url":"https:\/\/www.suno.com.br\/noticias\/","name":"Suno Not\u00edcias","description":"Seu portal de informa\u00e7\u00e3o sobre o mundo dos investimentos","publisher":{"@id":"https:\/\/www.suno.com.br\/noticias\/#organization"},"potentialAction":[{"@type":"SearchAction","target":{"@type":"EntryPoint","urlTemplate":"https:\/\/www.suno.com.br\/noticias\/?s={search_term_string}"},"query-input":{"@type":"PropertyValueSpecification","valueRequired":true,"valueName":"search_term_string"}}],"inLanguage":"pt-BR"},{"@type":"Organization","@id":"https:\/\/www.suno.com.br\/noticias\/#organization","name":"Suno Not\u00edcias","url":"https:\/\/www.suno.com.br\/noticias\/","logo":{"@type":"ImageObject","inLanguage":"pt-BR","@id":"https:\/\/www.suno.com.br\/noticias\/#\/schema\/logo\/image\/","url":"https:\/\/files.sunoresearch.com.br\/n\/uploads\/2021\/09\/suno-logo.png","contentUrl":"https:\/\/files.sunoresearch.com.br\/n\/uploads\/2021\/09\/suno-logo.png","width":180,"height":180,"caption":"Suno Not\u00edcias"},"image":{"@id":"https:\/\/www.suno.com.br\/noticias\/#\/schema\/logo\/image\/"},"sameAs":["https:\/\/facebook.com\/sunoresearch","https:\/\/x.com\/sunoresearch","https:\/\/www.instagram.com\/suno","https:\/\/www.linkedin.com\/company\/suno-research\/","https:\/\/www.youtube.com\/c\/sunoresearch"]},{"@type":"Person","@id":"https:\/\/www.suno.com.br\/noticias\/#\/schema\/person\/098743caeed97b37f51315c9576c4078","name":"Rafael Lara","image":{"@type":"ImageObject","inLanguage":"pt-BR","@id":"https:\/\/www.suno.com.br\/noticias\/#\/schema\/person\/image\/","url":"https:\/\/secure.gravatar.com\/avatar\/dfc254ab9bb2ea1895d98b9e9dae4bdd?s=96&r=g","contentUrl":"https:\/\/secure.gravatar.com\/avatar\/dfc254ab9bb2ea1895d98b9e9dae4bdd?s=96&r=g","caption":"Rafael Lara"},"description":"Rafael Lara cursa jornalismo na Faculdade C\u00e1sper L\u00edbero. Escreve sobre pol\u00edtica, economia e neg\u00f3cios para o portal Suno Not\u00edcias. Antes, colaborou na TV Gazeta na produ\u00e7\u00e3o do programa Edi\u00e7\u00e3o Extra.","url":"https:\/\/www.suno.com.br\/noticias\/author\/rafael\/"}]}},"default_loop_html":"<div class=\"cardsPage__listCard__boxs\"><div class=\"cardsPage__listCard__boxs__img\"><a href=\"https:\/\/www.suno.com.br\/noticias\/ibovespa-semana-queda-2\/\"><img class=\"mask\" src=\"https:\/\/www.suno.com.br\/noticias\/wp-content\/themes\/suno\/resources\/images\/spotlight\/spotlight1img\/bg-mask.png\" alt=\"Image Mask\"\/><img src=\"https:\/\/files.sunoresearch.com.br\/n\/uploads\/2021\/03\/f2c2dd1c-blur-1853262_1280-400x200.webp\" alt=\"Ibovespa tem semana em queda de 0,05% a 108.233,281 pontos\"\/><\/a><span class=\"spotlightCategory\"><a href=\"https:\/\/www.suno.com.br\/noticias\/mercado\/\">Mercado<\/a><\/span><\/div><div class=\"cardsPage__listCard__boxs__content\"><a href=\"https:\/\/www.suno.com.br\/noticias\/ibovespa-semana-queda-2\/\"><h2 class=\"content__title\">Ibovespa tem semana em queda de 0,05% a 108.233,281 pontos<\/h2><\/a><div class=\"newsContent__article__meta\"><div class=\"newsContent__article__meta__authorBox\"><a href=\"https:\/\/www.suno.com.br\/noticias\/author\/rafael\/\" class=\"authorBox__avatar noMobi\"><img src=\"https:\/\/secure.gravatar.com\/avatar\/dfc254ab9bb2ea1895d98b9e9dae4bdd?s=96&#038;r=g\" alt=\"Rafael Lara\"><\/a><div class=\"authorBox__name\"><span>por\n\t\t\t<a href=\"https:\/\/www.suno.com.br\/noticias\/author\/rafael\/\"><span itemprop=\"author\">Rafael Lara<\/span><\/a><\/span><time datetime=\"2019-11-30T11:09:39-03:00\" itemprop=\"datePublished\">30\/11\/2019 11:09<\/time><\/div><\/div><\/div><\/div><\/div>","single_layout":"posts","amp_enabled":true,"_links":{"self":[{"href":"https:\/\/www.suno.com.br\/noticias\/wp-json\/wp\/v2\/posts\/46214"}],"collection":[{"href":"https:\/\/www.suno.com.br\/noticias\/wp-json\/wp\/v2\/posts"}],"about":[{"href":"https:\/\/www.suno.com.br\/noticias\/wp-json\/wp\/v2\/types\/post"}],"author":[{"embeddable":true,"href":"https:\/\/www.suno.com.br\/noticias\/wp-json\/wp\/v2\/users\/23"}],"replies":[{"embeddable":true,"href":"https:\/\/www.suno.com.br\/noticias\/wp-json\/wp\/v2\/comments?post=46214"}],"version-history":[{"count":1,"href":"https:\/\/www.suno.com.br\/noticias\/wp-json\/wp\/v2\/posts\/46214\/revisions"}],"predecessor-version":[{"id":135123,"href":"https:\/\/www.suno.com.br\/noticias\/wp-json\/wp\/v2\/posts\/46214\/revisions\/135123"}],"wp:featuredmedia":[{"embeddable":true,"href":"https:\/\/www.suno.com.br\/noticias\/wp-json\/wp\/v2\/media\/135106"}],"wp:attachment":[{"href":"https:\/\/www.suno.com.br\/noticias\/wp-json\/wp\/v2\/media?parent=46214"}],"wp:term":[{"taxonomy":"category","embeddable":true,"href":"https:\/\/www.suno.com.br\/noticias\/wp-json\/wp\/v2\/categories?post=46214"},{"taxonomy":"post_tag","embeddable":true,"href":"https:\/\/www.suno.com.br\/noticias\/wp-json\/wp\/v2\/tags?post=46214"},{"taxonomy":"suno_strategy","embeddable":true,"href":"https:\/\/www.suno.com.br\/noticias\/wp-json\/wp\/v2\/suno_strategy?post=46214"}],"curies":[{"name":"wp","href":"https:\/\/api.w.org\/{rel}","templated":true}]}}