{"id":46203,"date":"2019-11-29T19:24:04","date_gmt":"2019-11-29T21:24:04","guid":{"rendered":"https:\/\/www.suno.com.br\/noticias\/?p=46203"},"modified":"2019-11-29T19:24:04","modified_gmt":"2019-11-29T21:24:04","slug":"bandeira-tarifaria-dezembro-amarela-aneel","status":"publish","type":"post","link":"https:\/\/www.suno.com.br\/noticias\/bandeira-tarifaria-dezembro-amarela-aneel\/","title":{"rendered":"Bandeira tarif\u00e1ria para dezembro ser\u00e1 amarela, diz ANEEL"},"content":{"rendered":"<p>A <strong>Ag\u00eancia Nacional de Energia El\u00e9trica<\/strong> (<strong>ANEEL<\/strong>) anunciou, nesta sexta-feira (29), que a bandeira tarif\u00e1ria para o m\u00eas de dezembro ser\u00e1 amarela, com o custo de R$ 1,343 para cada 100 quilowatts-hora consumidos.<\/p>\t<div class=\"wrapper-featured-image\">\n\t\t<figure class=\"spotlightImg\">\n\n\t\t\t<picture>\n\t\t\t\t<source media=\"(max-width: 768px)\" srcset=\"https:\/\/files.sunoresearch.com.br\/n\/uploads\/2019\/11\/f61641bd-aneel-400x200.webp\">\n\t\t\t\t<img loading=\"lazy\" decoding=\"async\" class=\"newsContent__article__imgCapa lazyloadDisabled newsContent__article__imgCapa--noCaption\" src=\"https:\/\/files.sunoresearch.com.br\/n\/uploads\/2019\/11\/f61641bd-aneel-800x450.webp\" width=\"800\" height=\"450\" alt=\"Bandeira tarif\u00e1ria para dezembro ser\u00e1 amarela, diz ANEEL\" fetchpriority=high \/>\n\t\t\t<\/picture>\n\n\t\t\t<figcaption class=\"wp-caption-text wp-caption-text--hide\">Aneel avalia acordo para que n\u00e3o haja cobran\u00e7a de contas de luz durante a pandemia do coronav\u00edrus. Clique aqui para saber mais.<\/figcaption>\n\t\t<\/figure>\n\t<\/div>\n\n\n\n<p>De acordo com a <strong>ANEEL, <\/strong>a <strong>bandeira<\/strong> <strong>tarif\u00e1ria<\/strong> amarela \u00e9 justificada por conta das: previs\u00f5es meteorol\u00f3gicas sinalizam melhora nas condi\u00e7\u00f5es de chuva sobre as principais bacias hidrogr\u00e1ficas do Sistema Interligado Nacional (SIN), caracterizando o in\u00edcio do per\u00edodo \u00famido na regi\u00e3o dessas bacias. A previs\u00e3o hidrol\u00f3gica para o m\u00eas \u00e9 a de que as vaz\u00f5es afluentes aos principais reservat\u00f3rios se elevem gradativamente, mas ainda atingindo patamares abaixo da m\u00e9dia quando comparadas \u00e0s refer\u00eancias hist\u00f3ricas.&#8221;<\/p>\n<p><a href=\"http:\/\/bit.ly\/33ZNYfZ\">Black Friday Suno \u2013 pague 2 anos e leve 3 nas principais assinaturas da Suno Research<\/a><\/p>\n<p>Al\u00e9m disso, a ag\u00eancia deu dicas para <strong>economizar<\/strong> energia, confira:<\/p>\n<p><strong>Chuveiro el\u00e9trico<\/strong><\/p>\n<ul>\n<li>Tomar banhos mais curtos, de at\u00e9 cinco minutos;<\/li>\n<li>Selecionar a temperatura morna no ver\u00e3o;<\/li>\n<li>verificar as pot\u00eancias no seu chuveiro e calcular o seu consumo.<\/li>\n<\/ul>\n<p><strong>Ar condicionado<\/strong><\/p>\n<ul>\n<li>N\u00e3o deixar portas e janelas abertas em ambientes com ar condicionado;<\/li>\n<li>Manter os filtros limpos;<\/li>\n<li>Diminuir ao m\u00e1ximo o tempo de utiliza\u00e7\u00e3o do aparelho de ar condicionado;<\/li>\n<li>Colocar cortinas nas janelas que recebem sol direto.<\/li>\n<\/ul>\n<p><strong>Geladeira<\/strong><\/p>\n<ul>\n<li>S\u00f3 deixar a porta da geladeira aberta o tempo que for necess\u00e1rio;<\/li>\n<li>Regular a temperatura interna de acordo com o manual de instru\u00e7\u00f5es;<\/li>\n<li>Nunca colocar alimentos quentes dentro da geladeira;<\/li>\n<li>Deixar espa\u00e7o para ventila\u00e7\u00e3o na parte de tr\u00e1s da geladeira e n\u00e3o utiliz\u00e1-la para secar panos;<\/li>\n<li>N\u00e3o forrar as prateleiras;<\/li>\n<li>Descongelar a geladeira e verificar as borrachas de veda\u00e7\u00e3o regularmente.<\/li>\n<\/ul>\n<p><strong>Ilumina\u00e7\u00e3o<\/strong><\/p>\n<ul>\n<li>Utilizar ilumina\u00e7\u00e3o natural ou l\u00e2mpadas econ\u00f4micas e apagar a luz ao sair de um c\u00f4modo; pintar o ambiente com cores claras<\/li>\n<\/ul>\n<p><strong>Ferro de passar<\/strong><\/p>\n<ul>\n<li>Juntar roupas para passar de uma s\u00f3 vez<\/li>\n<li>Separar as roupas por tipo e come\u00e7ar por aquelas que exigem menor temperatura<\/li>\n<li>Nunca deixe o ferro ligado enquanto faz outra coisa<\/li>\n<\/ul>\n<p><strong>Aparelhos em stand-by<\/strong><\/p>\n<ul>\n<li>Retirar os aparelhos da tomada quando poss\u00edvel ou durante longas aus\u00eancias<\/li>\n<\/ul>\n<p>&nbsp;<\/p>\n","protected":false},"excerpt":{"rendered":"<p>A Ag\u00eancia Nacional de Energia El\u00e9trica (ANEEL) anunciou, nesta sexta-feira (29), que a bandeira tarif\u00e1ria para o m\u00eas de dezembro ser\u00e1 amarela, com o custo de R$ 1,343 para cada 100 quilowatts-hora consumidos. Aneel avalia acordo para que n\u00e3o haja cobran\u00e7a de contas de luz durante a pandemia do coronav\u00edrus. Clique aqui para saber mais. [&hellip;]<\/p>\n","protected":false},"author":23,"featured_media":45479,"comment_status":"closed","ping_status":"closed","sticky":false,"template":"","format":"standard","meta":[],"categories":[65],"tags":[896,2153],"suno_strategy":[],"class_list":["post-46203","post","type-post","status-publish","format-standard","has-post-thumbnail","hentry","category-financas-pessoais","tag-aneel","tag-energia-eletrica"],"yoast_head":"<!-- This site is optimized with the Yoast SEO plugin v24.4 - https:\/\/yoast.com\/wordpress\/plugins\/seo\/ -->\n<title>Bandeira tarif\u00e1ria para dezembro ser\u00e1 amarela, diz ANEEL<\/title>\n<meta name=\"description\" content=\"A bandeira tarif\u00e1ria para o m\u00eas de dezembro ser\u00e1 amarela com o custo de R$ 1,343 para cada 100 quilowatts-hora. Clique para mais.\" \/>\n<meta name=\"robots\" content=\"index, follow, max-snippet:-1, max-image-preview:large, max-video-preview:-1\" \/>\n<link rel=\"canonical\" href=\"https:\/\/www.suno.com.br\/noticias\/bandeira-tarifaria-dezembro-amarela-aneel\/\" \/>\n<meta property=\"og:locale\" content=\"pt_BR\" \/>\n<meta property=\"og:type\" content=\"article\" \/>\n<meta property=\"og:title\" content=\"Bandeira tarif\u00e1ria para dezembro ser\u00e1 amarela, diz ANEEL\" \/>\n<meta property=\"og:description\" content=\"A bandeira tarif\u00e1ria para o m\u00eas de dezembro ser\u00e1 amarela com o custo de R$ 1,343 para cada 100 quilowatts-hora. Clique para mais.\" \/>\n<meta property=\"og:url\" content=\"https:\/\/www.suno.com.br\/noticias\/bandeira-tarifaria-dezembro-amarela-aneel\/\" \/>\n<meta property=\"og:site_name\" content=\"Suno Not\u00edcias\" \/>\n<meta property=\"article:publisher\" content=\"https:\/\/facebook.com\/sunoresearch\" \/>\n<meta property=\"og:image\" content=\"https:\/\/files.sunoresearch.com.br\/n\/uploads\/2019\/11\/f61641bd-aneel-1024x683.jpg\" \/>\n\t<meta property=\"og:image:width\" content=\"1024\" \/>\n\t<meta property=\"og:image:height\" content=\"683\" \/>\n\t<meta property=\"og:image:type\" content=\"image\/jpeg\" \/>\n<meta name=\"author\" content=\"Rafael Lara\" \/>\n<meta name=\"twitter:card\" content=\"summary_large_image\" \/>\n<meta name=\"twitter:creator\" content=\"@sunoresearch\" \/>\n<meta name=\"twitter:site\" content=\"@sunoresearch\" \/>\n<meta name=\"twitter:label1\" content=\"Escrito por\" \/>\n\t<meta name=\"twitter:data1\" content=\"Rafael Lara\" \/>\n\t<meta name=\"twitter:label2\" content=\"Est. tempo de leitura\" \/>\n\t<meta name=\"twitter:data2\" content=\"2 minutos\" \/>\n<script type=\"application\/ld+json\" class=\"yoast-schema-graph\">{\"@context\":\"https:\/\/schema.org\",\"@graph\":[{\"@type\":\"NewsArticle\",\"@id\":\"https:\/\/www.suno.com.br\/noticias\/bandeira-tarifaria-dezembro-amarela-aneel\/#article\",\"isPartOf\":{\"@id\":\"https:\/\/www.suno.com.br\/noticias\/bandeira-tarifaria-dezembro-amarela-aneel\/\"},\"author\":{\"name\":\"Rafael Lara\",\"@id\":\"https:\/\/www.suno.com.br\/noticias\/#\/schema\/person\/098743caeed97b37f51315c9576c4078\"},\"headline\":\"Bandeira tarif\u00e1ria para dezembro ser\u00e1 amarela, diz ANEEL\",\"datePublished\":\"2019-11-29T21:24:04+00:00\",\"mainEntityOfPage\":{\"@id\":\"https:\/\/www.suno.com.br\/noticias\/bandeira-tarifaria-dezembro-amarela-aneel\/\"},\"wordCount\":375,\"publisher\":{\"@id\":\"https:\/\/www.suno.com.br\/noticias\/#organization\"},\"image\":{\"@id\":\"https:\/\/www.suno.com.br\/noticias\/bandeira-tarifaria-dezembro-amarela-aneel\/#primaryimage\"},\"thumbnailUrl\":\"https:\/\/files.sunoresearch.com.br\/n\/uploads\/2019\/11\/f61641bd-aneel-scaled.webp\",\"keywords\":[\"Aneel\",\"energia el\u00e9trica\"],\"articleSection\":[\"Finan\u00e7as Pessoais\"],\"inLanguage\":\"pt-BR\"},{\"@type\":\"WebPage\",\"@id\":\"https:\/\/www.suno.com.br\/noticias\/bandeira-tarifaria-dezembro-amarela-aneel\/\",\"url\":\"https:\/\/www.suno.com.br\/noticias\/bandeira-tarifaria-dezembro-amarela-aneel\/\",\"name\":\"Bandeira tarif\u00e1ria para dezembro ser\u00e1 amarela, diz ANEEL\",\"isPartOf\":{\"@id\":\"https:\/\/www.suno.com.br\/noticias\/#website\"},\"primaryImageOfPage\":{\"@id\":\"https:\/\/www.suno.com.br\/noticias\/bandeira-tarifaria-dezembro-amarela-aneel\/#primaryimage\"},\"image\":{\"@id\":\"https:\/\/www.suno.com.br\/noticias\/bandeira-tarifaria-dezembro-amarela-aneel\/#primaryimage\"},\"thumbnailUrl\":\"https:\/\/files.sunoresearch.com.br\/n\/uploads\/2019\/11\/f61641bd-aneel-scaled.webp\",\"datePublished\":\"2019-11-29T21:24:04+00:00\",\"description\":\"A bandeira tarif\u00e1ria para o m\u00eas de dezembro ser\u00e1 amarela com o custo de R$ 1,343 para cada 100 quilowatts-hora. Clique para mais.\",\"breadcrumb\":{\"@id\":\"https:\/\/www.suno.com.br\/noticias\/bandeira-tarifaria-dezembro-amarela-aneel\/#breadcrumb\"},\"inLanguage\":\"pt-BR\",\"potentialAction\":[{\"@type\":\"ReadAction\",\"target\":[\"https:\/\/www.suno.com.br\/noticias\/bandeira-tarifaria-dezembro-amarela-aneel\/\"]}]},{\"@type\":\"ImageObject\",\"inLanguage\":\"pt-BR\",\"@id\":\"https:\/\/www.suno.com.br\/noticias\/bandeira-tarifaria-dezembro-amarela-aneel\/#primaryimage\",\"url\":\"https:\/\/files.sunoresearch.com.br\/n\/uploads\/2019\/11\/f61641bd-aneel-scaled.webp\",\"contentUrl\":\"https:\/\/files.sunoresearch.com.br\/n\/uploads\/2019\/11\/f61641bd-aneel-scaled.webp\",\"width\":2560,\"height\":1707,\"caption\":\"Aneel avalia acordo para que n\u00e3o haja cobran\u00e7a de contas de luz durante a pandemia do coronav\u00edrus. Clique aqui para saber mais.\"},{\"@type\":\"BreadcrumbList\",\"@id\":\"https:\/\/www.suno.com.br\/noticias\/bandeira-tarifaria-dezembro-amarela-aneel\/#breadcrumb\",\"itemListElement\":[{\"@type\":\"ListItem\",\"position\":1,\"name\":\"Not\u00edcias\",\"item\":\"https:\/\/www.suno.com.br\/noticias\/\"},{\"@type\":\"ListItem\",\"position\":2,\"name\":\"Finan\u00e7as Pessoais\",\"item\":\"https:\/\/www.suno.com.br\/noticias\/financas-pessoais\/\"},{\"@type\":\"ListItem\",\"position\":3,\"name\":\"Bandeira tarif\u00e1ria para dezembro ser\u00e1 amarela, diz ANEEL\"}]},{\"@type\":\"WebSite\",\"@id\":\"https:\/\/www.suno.com.br\/noticias\/#website\",\"url\":\"https:\/\/www.suno.com.br\/noticias\/\",\"name\":\"Suno Not\u00edcias\",\"description\":\"Seu portal de informa\u00e7\u00e3o sobre o mundo dos investimentos\",\"publisher\":{\"@id\":\"https:\/\/www.suno.com.br\/noticias\/#organization\"},\"potentialAction\":[{\"@type\":\"SearchAction\",\"target\":{\"@type\":\"EntryPoint\",\"urlTemplate\":\"https:\/\/www.suno.com.br\/noticias\/?s={search_term_string}\"},\"query-input\":{\"@type\":\"PropertyValueSpecification\",\"valueRequired\":true,\"valueName\":\"search_term_string\"}}],\"inLanguage\":\"pt-BR\"},{\"@type\":\"Organization\",\"@id\":\"https:\/\/www.suno.com.br\/noticias\/#organization\",\"name\":\"Suno Not\u00edcias\",\"url\":\"https:\/\/www.suno.com.br\/noticias\/\",\"logo\":{\"@type\":\"ImageObject\",\"inLanguage\":\"pt-BR\",\"@id\":\"https:\/\/www.suno.com.br\/noticias\/#\/schema\/logo\/image\/\",\"url\":\"https:\/\/files.sunoresearch.com.br\/n\/uploads\/2021\/09\/suno-logo.png\",\"contentUrl\":\"https:\/\/files.sunoresearch.com.br\/n\/uploads\/2021\/09\/suno-logo.png\",\"width\":180,\"height\":180,\"caption\":\"Suno Not\u00edcias\"},\"image\":{\"@id\":\"https:\/\/www.suno.com.br\/noticias\/#\/schema\/logo\/image\/\"},\"sameAs\":[\"https:\/\/facebook.com\/sunoresearch\",\"https:\/\/x.com\/sunoresearch\",\"https:\/\/www.instagram.com\/suno\",\"https:\/\/www.linkedin.com\/company\/suno-research\/\",\"https:\/\/www.youtube.com\/c\/sunoresearch\"]},{\"@type\":\"Person\",\"@id\":\"https:\/\/www.suno.com.br\/noticias\/#\/schema\/person\/098743caeed97b37f51315c9576c4078\",\"name\":\"Rafael Lara\",\"image\":{\"@type\":\"ImageObject\",\"inLanguage\":\"pt-BR\",\"@id\":\"https:\/\/www.suno.com.br\/noticias\/#\/schema\/person\/image\/\",\"url\":\"https:\/\/secure.gravatar.com\/avatar\/dfc254ab9bb2ea1895d98b9e9dae4bdd?s=96&r=g\",\"contentUrl\":\"https:\/\/secure.gravatar.com\/avatar\/dfc254ab9bb2ea1895d98b9e9dae4bdd?s=96&r=g\",\"caption\":\"Rafael Lara\"},\"description\":\"Rafael Lara cursa jornalismo na Faculdade C\u00e1sper L\u00edbero. Escreve sobre pol\u00edtica, economia e neg\u00f3cios para o portal Suno Not\u00edcias. Antes, colaborou na TV Gazeta na produ\u00e7\u00e3o do programa Edi\u00e7\u00e3o Extra.\",\"url\":\"https:\/\/www.suno.com.br\/noticias\/author\/rafael\/\"}]}<\/script>\n<!-- \/ Yoast SEO plugin. -->","yoast_head_json":{"title":"Bandeira tarif\u00e1ria para dezembro ser\u00e1 amarela, diz ANEEL","description":"A bandeira tarif\u00e1ria para o m\u00eas de dezembro ser\u00e1 amarela com o custo de R$ 1,343 para cada 100 quilowatts-hora. Clique para mais.","robots":{"index":"index","follow":"follow","max-snippet":"max-snippet:-1","max-image-preview":"max-image-preview:large","max-video-preview":"max-video-preview:-1"},"canonical":"https:\/\/www.suno.com.br\/noticias\/bandeira-tarifaria-dezembro-amarela-aneel\/","og_locale":"pt_BR","og_type":"article","og_title":"Bandeira tarif\u00e1ria para dezembro ser\u00e1 amarela, diz ANEEL","og_description":"A bandeira tarif\u00e1ria para o m\u00eas de dezembro ser\u00e1 amarela com o custo de R$ 1,343 para cada 100 quilowatts-hora. Clique para mais.","og_url":"https:\/\/www.suno.com.br\/noticias\/bandeira-tarifaria-dezembro-amarela-aneel\/","og_site_name":"Suno Not\u00edcias","article_publisher":"https:\/\/facebook.com\/sunoresearch","og_image":[{"width":1024,"height":683,"url":"https:\/\/files.sunoresearch.com.br\/n\/uploads\/2019\/11\/f61641bd-aneel-1024x683.jpg","type":"image\/jpeg"}],"author":"Rafael Lara","twitter_card":"summary_large_image","twitter_creator":"@sunoresearch","twitter_site":"@sunoresearch","twitter_misc":{"Escrito por":"Rafael Lara","Est. tempo de leitura":"2 minutos"},"schema":{"@context":"https:\/\/schema.org","@graph":[{"@type":"NewsArticle","@id":"https:\/\/www.suno.com.br\/noticias\/bandeira-tarifaria-dezembro-amarela-aneel\/#article","isPartOf":{"@id":"https:\/\/www.suno.com.br\/noticias\/bandeira-tarifaria-dezembro-amarela-aneel\/"},"author":{"name":"Rafael Lara","@id":"https:\/\/www.suno.com.br\/noticias\/#\/schema\/person\/098743caeed97b37f51315c9576c4078"},"headline":"Bandeira tarif\u00e1ria para dezembro ser\u00e1 amarela, diz ANEEL","datePublished":"2019-11-29T21:24:04+00:00","mainEntityOfPage":{"@id":"https:\/\/www.suno.com.br\/noticias\/bandeira-tarifaria-dezembro-amarela-aneel\/"},"wordCount":375,"publisher":{"@id":"https:\/\/www.suno.com.br\/noticias\/#organization"},"image":{"@id":"https:\/\/www.suno.com.br\/noticias\/bandeira-tarifaria-dezembro-amarela-aneel\/#primaryimage"},"thumbnailUrl":"https:\/\/files.sunoresearch.com.br\/n\/uploads\/2019\/11\/f61641bd-aneel-scaled.webp","keywords":["Aneel","energia el\u00e9trica"],"articleSection":["Finan\u00e7as Pessoais"],"inLanguage":"pt-BR"},{"@type":"WebPage","@id":"https:\/\/www.suno.com.br\/noticias\/bandeira-tarifaria-dezembro-amarela-aneel\/","url":"https:\/\/www.suno.com.br\/noticias\/bandeira-tarifaria-dezembro-amarela-aneel\/","name":"Bandeira tarif\u00e1ria para dezembro ser\u00e1 amarela, diz ANEEL","isPartOf":{"@id":"https:\/\/www.suno.com.br\/noticias\/#website"},"primaryImageOfPage":{"@id":"https:\/\/www.suno.com.br\/noticias\/bandeira-tarifaria-dezembro-amarela-aneel\/#primaryimage"},"image":{"@id":"https:\/\/www.suno.com.br\/noticias\/bandeira-tarifaria-dezembro-amarela-aneel\/#primaryimage"},"thumbnailUrl":"https:\/\/files.sunoresearch.com.br\/n\/uploads\/2019\/11\/f61641bd-aneel-scaled.webp","datePublished":"2019-11-29T21:24:04+00:00","description":"A bandeira tarif\u00e1ria para o m\u00eas de dezembro ser\u00e1 amarela com o custo de R$ 1,343 para cada 100 quilowatts-hora. Clique para mais.","breadcrumb":{"@id":"https:\/\/www.suno.com.br\/noticias\/bandeira-tarifaria-dezembro-amarela-aneel\/#breadcrumb"},"inLanguage":"pt-BR","potentialAction":[{"@type":"ReadAction","target":["https:\/\/www.suno.com.br\/noticias\/bandeira-tarifaria-dezembro-amarela-aneel\/"]}]},{"@type":"ImageObject","inLanguage":"pt-BR","@id":"https:\/\/www.suno.com.br\/noticias\/bandeira-tarifaria-dezembro-amarela-aneel\/#primaryimage","url":"https:\/\/files.sunoresearch.com.br\/n\/uploads\/2019\/11\/f61641bd-aneel-scaled.webp","contentUrl":"https:\/\/files.sunoresearch.com.br\/n\/uploads\/2019\/11\/f61641bd-aneel-scaled.webp","width":2560,"height":1707,"caption":"Aneel avalia acordo para que n\u00e3o haja cobran\u00e7a de contas de luz durante a pandemia do coronav\u00edrus. Clique aqui para saber mais."},{"@type":"BreadcrumbList","@id":"https:\/\/www.suno.com.br\/noticias\/bandeira-tarifaria-dezembro-amarela-aneel\/#breadcrumb","itemListElement":[{"@type":"ListItem","position":1,"name":"Not\u00edcias","item":"https:\/\/www.suno.com.br\/noticias\/"},{"@type":"ListItem","position":2,"name":"Finan\u00e7as Pessoais","item":"https:\/\/www.suno.com.br\/noticias\/financas-pessoais\/"},{"@type":"ListItem","position":3,"name":"Bandeira tarif\u00e1ria para dezembro ser\u00e1 amarela, diz ANEEL"}]},{"@type":"WebSite","@id":"https:\/\/www.suno.com.br\/noticias\/#website","url":"https:\/\/www.suno.com.br\/noticias\/","name":"Suno Not\u00edcias","description":"Seu portal de informa\u00e7\u00e3o sobre o mundo dos investimentos","publisher":{"@id":"https:\/\/www.suno.com.br\/noticias\/#organization"},"potentialAction":[{"@type":"SearchAction","target":{"@type":"EntryPoint","urlTemplate":"https:\/\/www.suno.com.br\/noticias\/?s={search_term_string}"},"query-input":{"@type":"PropertyValueSpecification","valueRequired":true,"valueName":"search_term_string"}}],"inLanguage":"pt-BR"},{"@type":"Organization","@id":"https:\/\/www.suno.com.br\/noticias\/#organization","name":"Suno Not\u00edcias","url":"https:\/\/www.suno.com.br\/noticias\/","logo":{"@type":"ImageObject","inLanguage":"pt-BR","@id":"https:\/\/www.suno.com.br\/noticias\/#\/schema\/logo\/image\/","url":"https:\/\/files.sunoresearch.com.br\/n\/uploads\/2021\/09\/suno-logo.png","contentUrl":"https:\/\/files.sunoresearch.com.br\/n\/uploads\/2021\/09\/suno-logo.png","width":180,"height":180,"caption":"Suno Not\u00edcias"},"image":{"@id":"https:\/\/www.suno.com.br\/noticias\/#\/schema\/logo\/image\/"},"sameAs":["https:\/\/facebook.com\/sunoresearch","https:\/\/x.com\/sunoresearch","https:\/\/www.instagram.com\/suno","https:\/\/www.linkedin.com\/company\/suno-research\/","https:\/\/www.youtube.com\/c\/sunoresearch"]},{"@type":"Person","@id":"https:\/\/www.suno.com.br\/noticias\/#\/schema\/person\/098743caeed97b37f51315c9576c4078","name":"Rafael Lara","image":{"@type":"ImageObject","inLanguage":"pt-BR","@id":"https:\/\/www.suno.com.br\/noticias\/#\/schema\/person\/image\/","url":"https:\/\/secure.gravatar.com\/avatar\/dfc254ab9bb2ea1895d98b9e9dae4bdd?s=96&r=g","contentUrl":"https:\/\/secure.gravatar.com\/avatar\/dfc254ab9bb2ea1895d98b9e9dae4bdd?s=96&r=g","caption":"Rafael Lara"},"description":"Rafael Lara cursa jornalismo na Faculdade C\u00e1sper L\u00edbero. Escreve sobre pol\u00edtica, economia e neg\u00f3cios para o portal Suno Not\u00edcias. Antes, colaborou na TV Gazeta na produ\u00e7\u00e3o do programa Edi\u00e7\u00e3o Extra.","url":"https:\/\/www.suno.com.br\/noticias\/author\/rafael\/"}]}},"default_loop_html":"<div class=\"cardsPage__listCard__boxs\"><div class=\"cardsPage__listCard__boxs__img\"><a href=\"https:\/\/www.suno.com.br\/noticias\/bandeira-tarifaria-dezembro-amarela-aneel\/\"><img class=\"mask\" src=\"https:\/\/www.suno.com.br\/noticias\/wp-content\/themes\/suno\/resources\/images\/spotlight\/spotlight1img\/bg-mask.png\" alt=\"Image Mask\"\/><img src=\"https:\/\/files.sunoresearch.com.br\/n\/uploads\/2019\/11\/f61641bd-aneel-400x200.webp\" alt=\"Bandeira tarif\u00e1ria para dezembro ser\u00e1 amarela, diz ANEEL\"\/><\/a><span class=\"spotlightCategory\"><a href=\"https:\/\/www.suno.com.br\/noticias\/financas-pessoais\/\">Finan\u00e7as Pessoais<\/a><\/span><\/div><div class=\"cardsPage__listCard__boxs__content\"><a href=\"https:\/\/www.suno.com.br\/noticias\/bandeira-tarifaria-dezembro-amarela-aneel\/\"><h2 class=\"content__title\">Bandeira tarif\u00e1ria para dezembro ser\u00e1 amarela, diz ANEEL<\/h2><\/a><div class=\"newsContent__article__meta\"><div class=\"newsContent__article__meta__authorBox\"><a href=\"https:\/\/www.suno.com.br\/noticias\/author\/rafael\/\" class=\"authorBox__avatar noMobi\"><img src=\"https:\/\/secure.gravatar.com\/avatar\/dfc254ab9bb2ea1895d98b9e9dae4bdd?s=96&#038;r=g\" alt=\"Rafael Lara\"><\/a><div class=\"authorBox__name\"><span>por\n\t\t\t<a href=\"https:\/\/www.suno.com.br\/noticias\/author\/rafael\/\"><span itemprop=\"author\">Rafael Lara<\/span><\/a><\/span><time datetime=\"2019-11-29T19:24:04-03:00\" itemprop=\"datePublished\">29\/11\/2019 19:24<\/time><\/div><\/div><\/div><\/div><\/div>","single_layout":"posts","amp_enabled":true,"_links":{"self":[{"href":"https:\/\/www.suno.com.br\/noticias\/wp-json\/wp\/v2\/posts\/46203"}],"collection":[{"href":"https:\/\/www.suno.com.br\/noticias\/wp-json\/wp\/v2\/posts"}],"about":[{"href":"https:\/\/www.suno.com.br\/noticias\/wp-json\/wp\/v2\/types\/post"}],"author":[{"embeddable":true,"href":"https:\/\/www.suno.com.br\/noticias\/wp-json\/wp\/v2\/users\/23"}],"replies":[{"embeddable":true,"href":"https:\/\/www.suno.com.br\/noticias\/wp-json\/wp\/v2\/comments?post=46203"}],"version-history":[{"count":0,"href":"https:\/\/www.suno.com.br\/noticias\/wp-json\/wp\/v2\/posts\/46203\/revisions"}],"wp:featuredmedia":[{"embeddable":true,"href":"https:\/\/www.suno.com.br\/noticias\/wp-json\/wp\/v2\/media\/45479"}],"wp:attachment":[{"href":"https:\/\/www.suno.com.br\/noticias\/wp-json\/wp\/v2\/media?parent=46203"}],"wp:term":[{"taxonomy":"category","embeddable":true,"href":"https:\/\/www.suno.com.br\/noticias\/wp-json\/wp\/v2\/categories?post=46203"},{"taxonomy":"post_tag","embeddable":true,"href":"https:\/\/www.suno.com.br\/noticias\/wp-json\/wp\/v2\/tags?post=46203"},{"taxonomy":"suno_strategy","embeddable":true,"href":"https:\/\/www.suno.com.br\/noticias\/wp-json\/wp\/v2\/suno_strategy?post=46203"}],"curies":[{"name":"wp","href":"https:\/\/api.w.org\/{rel}","templated":true}]}}