{"id":461940,"date":"2023-09-26T11:30:56","date_gmt":"2023-09-26T14:30:56","guid":{"rendered":"https:\/\/www.suno.com.br\/noticias\/?p=461940"},"modified":"2023-09-26T11:34:38","modified_gmt":"2023-09-26T14:34:38","slug":"vale-vale3-porto-do-acu-siderurgica-gpj","status":"publish","type":"post","link":"https:\/\/www.suno.com.br\/noticias\/vale-vale3-porto-do-acu-siderurgica-gpj\/","title":{"rendered":"Vale (VALE3) e Porto do A\u00e7u assinam acordo focado em descarbonizar cadeia sider\u00fargica"},"content":{"rendered":"<p>A <a href=\"https:\/\/www.suno.com.br\/acoes\/VALE3\/\"><strong>Vale\u00a0<\/strong>(VALE3)<\/a> informou que assinou um memorando de entendimento com o Porto do A\u00e7u, localizado em S\u00e3o Jo\u00e3o da Barra (RJ), para estudar a cria\u00e7\u00e3o de um centro de desenvolvimento de ferro-esponja via rota de redu\u00e7\u00e3o direta.<\/p>\t<div class=\"wrapper-featured-image\">\n\t\t<figure class=\"spotlightImg\">\n\n\t\t\t<picture>\n\t\t\t\t<source media=\"(max-width: 768px)\" srcset=\"https:\/\/files.sunoresearch.com.br\/n\/uploads\/2023\/04\/vale_vale3-1-400x200.jpg\">\n\t\t\t\t<img loading=\"lazy\" decoding=\"async\" class=\"newsContent__article__imgCapa lazyloadDisabled \" src=\"https:\/\/files.sunoresearch.com.br\/n\/uploads\/2023\/04\/vale_vale3-1-800x450.jpg\" width=\"800\" height=\"450\" alt=\"Vale (VALE3) e Porto do A\u00e7u assinam acordo focado em descarbonizar cadeia sider\u00fargica\" fetchpriority=high \/>\n\t\t\t<\/picture>\n\n\t\t\t<figcaption class=\"wp-caption-text wp-caption-text--show\">Vale sobe 1,92% e lidera ganhos do dia. Foto: Ag\u00eancia Vale<\/figcaption>\n\t\t<\/figure>\n\t<\/div>\n\n\n\n\n\n\n\n\t<p>\n\t\t<a href=\"\" target=\"_blank\" data-element=\"shortcode-suno-banner\" title=\"Banner SUNO, clique e saiba mais\">\n\t\t\t<picture>\n\t\t\t\t<source media=\"(max-width: 500px)\" srcset=\"\">\n\t\t\t\t<img class=\"newsContent__article__imgCapa newsContent__article__imgCapa--banner\"\n\t\t\t\t\tsrc=\"\"\n\t\t\t\t\tdata-promo-id=\"250706\"\t\t\t\t\t\t\t\t\t\t\t\t\t\t\talt=\"\"\n\t\t\t\t>\n\t\t\t<\/picture>\n\t\t<\/a>\n\t<\/p>\n\n\n\n\n\n<p>Em um primeiro momento, diz o comunicado, o local receberia pelotas da Vale e poder\u00e1 futuramente contar com uma f\u00e1brica de briquete de min\u00e9rio de ferro para atendimento da planta de redu\u00e7\u00e3o direta do local.<\/p>\n\n\n\n<p>&#8220;Com esse compromisso firmado, as empresas buscar\u00e3o atrair investidores e clientes que construam e operem a planta de redu\u00e7\u00e3o direta, com uso de g\u00e1s natural, que j\u00e1 estar\u00e1 dispon\u00edvel no <strong>Porto do A\u00e7u<\/strong>, e a possibilidade de convert\u00ea-la no futuro para <strong>hidrog\u00eanio verde<\/strong>, produzindo HBI com emiss\u00e3o de carbono pr\u00f3xima a zero&#8221;, destacou a Vale.<\/p>\n\n\n\n<p>A iniciativa contempla um estudo t\u00e9cnico coordenado pelo Porto do A\u00e7u e acad\u00eamicos do setor, que prop\u00f5em a utiliza\u00e7\u00e3o de <strong>HBI<\/strong> como carga parcial em altos-fornos, reduzindo a emiss\u00e3o de gases de efeito estufa e aumentando a produtividade do processo sider\u00fargico sem a necessidade de substitui\u00e7\u00e3o dos ativos produtivos existentes.<\/p>\n\n\n\n<p>Assim, de acordo com a Vale, o acordo com o <strong>Porto do A\u00e7u<\/strong> \u00e9 mais um passo da companhia para desenvolver no Brasil o modelo dos &#8220;mega hubs&#8221;, complexos industriais voltados \u00e0 fabrica\u00e7\u00e3o de produtos sider\u00fargicos de baixo carbono, que est\u00e3o sendo implantados pela empresa em tr\u00eas pa\u00edses do Oriente M\u00e9dio (Ar\u00e1bia Saudita, Emirados \u00c1rabes e Om\u00e3).<\/p>\n\n\n\n<p>\u201cAcreditamos que o Brasil tem um grande potencial para ser um polo da siderurgia de<strong> baixo carbono<\/strong>. Temos min\u00e9rio de ferro de alta qualidade, reservas de g\u00e1s natural abundantes e potencial para desenvolver o <strong>hidrog\u00eanio verde<\/strong>. Como uma empresa brasileira, a Vale busca se associar a empreendimentos que contribuam nessa dire\u00e7\u00e3o. Queremos ser indutores da \u201cneo-industrializa\u00e7\u00e3o\u201d do Brasil, que ser\u00e1 baseada na <strong>ind\u00fastria verde<\/strong>\u201d, afirma o vice-presidente executivo de Solu\u00e7\u00f5es de Min\u00e9rio de Ferro, Marcello Spinelli.<\/p>\n\n\n\n\t<div data-element=\"shortcode-read-more\" class=\"readToo\">\n\t\t\t\t<span class=\"readToo__title\">Leia mais<\/span>\n\t\t\t\t<ul class=\"readToo__list\">\n\t\t\t<li><a href=\"https:\/\/www.suno.com.br\/noticias\/marfrig-mrfg3-brf-brfs3-gpj\/\">Marfrig (MRFG3) aumenta fatia na BRF (BRFS3) para 40% do total das a\u00e7\u00f5es<\/a><\/li><li><a href=\"https:\/\/www.suno.com.br\/noticias\/eletrobras-elet3-vice-presidente-financeira-renuncia-gpj\/\">Eletrobras (ELET3): vice-presidente financeira e de RI renuncia ao cargo<\/a><\/li><li><a href=\"https:\/\/www.suno.com.br\/noticias\/taesa-taee11-ibama-licenca-ponta-grossa-assis-cpf\/\">Taesa (TAEE11): Ibama concede licen\u00e7a para trecho Ponta Grossa-Assis (C1\/C2) da concess\u00e3o Anana\u00ed Transmissora<\/a><\/li>\t\t<\/ul>\n\t<\/div>\n\n\n\n\t<p>\n\t\t<a href=\"https:\/\/lp.suno.com.br\/ebook-como-analisar-uma-acao\/\" target=\"_blank\" data-element=\"shortcode-suno-banner\" title=\"Banner SUNO, clique e saiba mais\">\n\t\t\t<picture>\n\t\t\t\t<source media=\"(max-width: 500px)\" srcset=\"https:\/\/files.sunoresearch.com.br\/n\/uploads\/2023\/03\/Ebook-Acoes-Mobile.jpg\">\n\t\t\t\t<img class=\"newsContent__article__imgCapa newsContent__article__imgCapa--banner\"\n\t\t\t\t\tsrc=\"https:\/\/files.sunoresearch.com.br\/n\/uploads\/2023\/03\/Ebook-Acoes-Desktop.jpg\"\n\t\t\t\t\tdata-promo-id=\"378302\"\t\t\t\t\t\t\t\t\t\twidth='1420' height='286'\t\t\t\t\talt=\"https:\/\/files.sunoresearch.com.br\/n\/uploads\/2023\/03\/Ebook-Acoes-Desktop.jpg\"\n\t\t\t\t>\n\t\t\t<\/picture>\n\t\t<\/a>\n\t<\/p>\n\n\n\n\n\n<h2 class=\"wp-block-heading\">Vale (VALE3) pagar\u00e1 R$ 535,4 milh\u00f5es em remunera\u00e7\u00e3o semestral de deb\u00eantures participativas<\/h2>\n\n\n\n<p>A&nbsp;Vale&nbsp;informou que realizar\u00e1 o pagamento de remunera\u00e7\u00e3o das deb\u00eantures participativas no pr\u00f3ximo dia 2 de outubro, no valor bruto de R$ 1,378039458 por deb\u00eanture, totalizando R$ 535.449.710,83.<\/p>\n\n\n\n<p>Ter\u00e3o direito ao pagamento os detentores com posi\u00e7\u00e3o em cust\u00f3dia na&nbsp;<a href=\"https:\/\/www.suno.com.br\/acoes\/B3SA3\/\">B3 (B3SA3)<\/a>&nbsp;e\/ou no&nbsp;<a href=\"https:\/\/www.suno.com.br\/acoes\/BBDC4\/\">Bradesco (BBDC4)<\/a>, no fechamento da pr\u00f3xima sexta-feira (29). Segundo a Vale, esse valor contempla os seguintes pagamentos:<\/p>\n\n\n\n<ul class=\"wp-block-list\">\n<li>pr\u00eamio sobre venda do produto&nbsp;<strong>min\u00e9rio de ferro<\/strong>&nbsp;(R$ 520.172.384,17);<\/li>\n\n\n\n<li>pr\u00eamio sobre venda do produto concentrado de&nbsp;<strong>cobre<\/strong>&nbsp;(R$ 15.206.976,01);<\/li>\n\n\n\n<li>pr\u00eamio sobre aliena\u00e7\u00e3o de&nbsp;<strong>direitos miner\u00e1rios<\/strong>&nbsp;(R$ 70.350,65).<\/li>\n<\/ul>\n\n\n\n<p>Ainda de acordo com a mineradora, a&nbsp;<a href=\"https:\/\/www.suno.com.br\/artigos\/liquidacao-financeira\/\">liquida\u00e7\u00e3o financeira<\/a>&nbsp;ocorrer\u00e1 em 3 de outubro de 2023, conforme agente custodiante do t\u00edtulo.<\/p>\n\n\n\n<p>\u201cH\u00e1 incid\u00eancia de imposto de renda na fonte na modalidade de rendimento referente a investimentos financeiros de renda fixa, sobre o montante a ser pago aos debenturistas, aplicando-se a al\u00edquota relativa \u00e0 situa\u00e7\u00e3o individual do benefici\u00e1rio, com exce\u00e7\u00e3o daquele que comprovar, de modo inequ\u00edvoco, o seu direito \u00e0 dispensa de reten\u00e7\u00e3o na forma da lei\u201d, acrescentou a Vale.<\/p>\n\n\n\n<h2 class=\"wp-block-heading\">Desempenho das a\u00e7\u00f5es da Vale<\/h2>\n\n\n\n<div class=\"pluginQuotation\">\n  <p class=\"ticker\">\n    Cota\u00e7\u00e3o <span>VALE3<\/span>\n  <\/p>\n  <div class=\"info\">\n    <div class=\"leftSide\">\n      Gr\u00e1fico gerado em: 26\/09\/2023    <\/div>\n\t\t\t\t\t<div class=\"rightSide\">\n\t\t\t\t\t<span class=\"period\">\n\t\t\t\t\t\t1 Dia\t\t\t\t\t<\/span>\n\t\t\t<\/div>\n\t\t  <\/div>\n\n  <div id=\"chart-21d18faa05f9abecede4bc359f850319\" data-block-hash=\"21d18faa05f9abecede4bc359f850319\"  class=\"chart\" style=\"width:100%;height:400px;\"><\/div>\n\n  <div class=\"pluginQuotation__footer\">\n    <div class=\"dataChart\">\n\n      <div class=\"dataChart__div1 variation\">\n        <div class=\"value-positive\">\n          0,11 (+0,07%)        <\/div>\n        <div class=\"text\">\n          Varia\u00e7\u00e3o do per\u00edodo\n        <\/div>\n      <\/div>\n\n      <div class=\"dataChart__div2 minMax\">\n        <div class=\"value\">\n          R$\u00a065,58        <\/div>\n        <div class=\"text\">\n          M\u00ednima\n        <\/div>\n      <\/div>\n\n      <div class=\"dataChart__div3 minMax\">\n        <div class=\"value\">\n          R$\u00a065,92        <\/div>\n        <div class=\"text\">\n          M\u00e1xima\n        <\/div>\n      <\/div>\n\n\t\t\t<div class=\"dataChart__div4 rightSide\">\n\t\t\t\t<div class=\"analiticaSource\">\n\t\t\t\t\t<span>\n\t\t\t\t\t\tFonte:\n\t\t\t\t\t<\/span>\n\t\t\t\t\t<img decoding=\"async\" class=\"analiticaLogo\" src=\"https:\/\/www.suno.com.br\/noticias\/wp-content\/plugins\/suno-block-ticker-quotation\/src\/suno-analitica-logo.png\" alt=\"Logo Suno Anal\u00edtica\" \/>\n\t\t\t\t<\/div>\n\n\t\t\t\t<a href=\"https:\/\/www.suno.com.br\/analitica\/acoes\/VALE3\" target=\"_blank\">\n\t\t\t\t\t<span>\n\t\t\t\t\t\tVer mais cota\u00e7\u00f5es\n\t\t\t\t\t<\/span>\n\t\t\t\t\t<svg xmlns=\"http:\/\/www.w3.org\/2000\/svg\" width=\"9\" height=\"8\" viewBox=\"0 0 9 8\" fill=\"none\">\n\t\t\t\t\t\t<path d=\"M4.20996 0L3.50496 0.705L6.29496 3.5H0.209961V4.5H6.29496L3.50496 7.295L4.20996 8L8.20996 4L4.20996 0Z\" fill=\"#D42126\" \/>\n\t\t\t\t\t<\/svg>\n\t\t\t\t<\/a>\n    <\/div>\n\n    <\/div>\n  <\/div>\n<\/div>\n\n\n<script type=\"text\/javascript\">\n  let chart_21d18faa05f9abecede4bc359f850319 = document.getElementById('chart-21d18faa05f9abecede4bc359f850319');\n  let data_json_21d18faa05f9abecede4bc359f850319 = \"[{\\\"date\\\":\\\"26\\\\\\\/09\\\\\\\/23 10:06\\\",\\\"value\\\":65.69},{\\\"date\\\":\\\"26\\\\\\\/09\\\\\\\/23 10:08\\\",\\\"value\\\":65.64},{\\\"date\\\":\\\"26\\\\\\\/09\\\\\\\/23 10:10\\\",\\\"value\\\":65.58},{\\\"date\\\":\\\"26\\\\\\\/09\\\\\\\/23 10:12\\\",\\\"value\\\":65.62},{\\\"date\\\":\\\"26\\\\\\\/09\\\\\\\/23 10:14\\\",\\\"value\\\":65.68},{\\\"date\\\":\\\"26\\\\\\\/09\\\\\\\/23 10:16\\\",\\\"value\\\":65.82},{\\\"date\\\":\\\"26\\\\\\\/09\\\\\\\/23 10:18\\\",\\\"value\\\":65.92},{\\\"date\\\":\\\"26\\\\\\\/09\\\\\\\/23 10:20\\\",\\\"value\\\":65.76},{\\\"date\\\":\\\"26\\\\\\\/09\\\\\\\/23 10:22\\\",\\\"value\\\":65.76}]\";\n  let isPositive_21d18faa05f9abecede4bc359f850319 = true;\n\n  let color_21d18faa05f9abecede4bc359f850319 = isPositive_21d18faa05f9abecede4bc359f850319 ? '#3AB53A' : '#D92C2D';\n\n  let data_21d18faa05f9abecede4bc359f850319 = JSON.parse(data_json_21d18faa05f9abecede4bc359f850319);\n\n  const result_21d18faa05f9abecede4bc359f850319 = {\n    date: [],\n    value: [],\n  };\n\n  data_21d18faa05f9abecede4bc359f850319.forEach((item) => {\n    result_21d18faa05f9abecede4bc359f850319.date.push(item.date);\n    result_21d18faa05f9abecede4bc359f850319.value.push(Number(item.value));\n  });\n\n  let option_21d18faa05f9abecede4bc359f850319 = {\n    \/\/ variavel de cor global\n    color: [color_21d18faa05f9abecede4bc359f850319],\n    title: {\n      text: '',\n    },\n    tooltip: {\n      trigger: 'axis',\n      axisPointer: {\n        type: 'cross',\n        label: {\n          \/\/ cor dos valores em X e Y\n          backgroundColor: color_21d18faa05f9abecede4bc359f850319,\n          formatter: (value) => {\n            if (typeof value.value === 'number') {\n              return Number(value.value).toLocaleString('pt-br', {\n                style: 'currency',\n                currency: 'BRL'\n              });\n            }\n            return value.value;\n          },\n        },\n      },\n      valueFormatter: (value) => Number(value).toLocaleString('pt-br', {\n        style: 'currency',\n        currency: 'BRL'\n      }),\n    },\n    legend: {\n      \/\/ data: ['Valor de Fechamento'],\n      show: false,\n    },\n    toolbox: {\n      feature: {\n        saveAsImage: {\n          show: false,\n        },\n      },\n    },\n    grid: {\n      left: '0px',\n      right: '0px',\n      bottom: '0px',\n      containLabel: true,\n    },\n    xAxis: [{\n      type: 'category',\n      data: result_21d18faa05f9abecede4bc359f850319.date,\n      boundaryGap: true,\n    }],\n    yAxis: [{\n      type: 'value',\n      min: Math.min(...result_21d18faa05f9abecede4bc359f850319.value),\n      max: Math.max(...result_21d18faa05f9abecede4bc359f850319.value),\n      axisLabel: {\n        formatter: (value) => value.toLocaleString('pt-br', {\n          style: 'currency',\n          currency: 'BRL'\n        }),\n      },\n    }],\n    series: [{\n      name: 'Valor de Fechamento',\n      type: 'line',\n      stack: 'Total',\n      \/\/ cor do grafico\n      areaStyle: {},\n      emphasis: {\n        focus: 'series',\n      },\n      data: result_21d18faa05f9abecede4bc359f850319.value,\n      \/\/ cor da linha\n      lineStyle: {\n        color: color_21d18faa05f9abecede4bc359f850319,\n      },\n    }, ],\n  };\n\n\twindow.chart_21d18faa05f9abecede4bc359f850319 = {\n\t\tel: chart_21d18faa05f9abecede4bc359f850319,\n\t\toption: option_21d18faa05f9abecede4bc359f850319\t};\n\n\n<\/script>\n\n\n\t<p>\n\t\t<a href=\"https:\/\/lp.suno.com.br\/plataforma-de-controle-de-investimentos\/\" target=\"_blank\" data-element=\"shortcode-suno-banner\" title=\"Banner SUNO, clique e saiba mais\">\n\t\t\t<picture>\n\t\t\t\t<source media=\"(max-width: 500px)\" srcset=\"https:\/\/files.sunoresearch.com.br\/n\/uploads\/2023\/03\/400x300-Controle-de-Investimentos.png\">\n\t\t\t\t<img class=\"newsContent__article__imgCapa newsContent__article__imgCapa--banner\"\n\t\t\t\t\tsrc=\"https:\/\/files.sunoresearch.com.br\/n\/uploads\/2023\/03\/1420x240-Controle-de-Investimentos.png\"\n\t\t\t\t\tdata-promo-id=\"383162\"\t\t\t\t\t\t\t\t\t\twidth='1420' height='240'\t\t\t\t\talt=\"https:\/\/files.sunoresearch.com.br\/n\/uploads\/2023\/03\/1420x240-Controle-de-Investimentos.png\"\n\t\t\t\t>\n\t\t\t<\/picture>\n\t\t<\/a>\n\t<\/p>\n\n\n","protected":false},"excerpt":{"rendered":"<p>A Vale\u00a0(VALE3) informou que assinou um memorando de entendimento com o Porto do A\u00e7u, localizado em S\u00e3o Jo\u00e3o da Barra (RJ), para estudar a cria\u00e7\u00e3o de um centro de desenvolvimento de ferro-esponja via rota de redu\u00e7\u00e3o direta. Vale sobe 1,92% e lidera ganhos do dia. Foto: Ag\u00eancia Vale Em um primeiro momento, diz o comunicado, [&hellip;]<\/p>\n","protected":false},"author":313,"featured_media":394402,"comment_status":"closed","ping_status":"closed","sticky":false,"template":"","format":"standard","meta":[],"categories":[64],"tags":[676],"suno_strategy":[],"class_list":["post-461940","post","type-post","status-publish","format-standard","has-post-thumbnail","hentry","category-negocios","tag-vale-vale3"],"yoast_head":"<!-- This site is optimized with the Yoast SEO plugin v24.4 - https:\/\/yoast.com\/wordpress\/plugins\/seo\/ -->\n<title>Vale (VALE3) assina acordo focado em descarbonizar cadeia sider\u00fargica<\/title>\n<meta name=\"description\" content=\"A Vale assinou acordo com o Porto do A\u00e7u para estudar a cria\u00e7\u00e3o de um centro de desenvolvimento de ferro-esponja via rota de redu\u00e7\u00e3o direta.\" \/>\n<meta name=\"robots\" content=\"index, follow, max-snippet:-1, max-image-preview:large, max-video-preview:-1\" \/>\n<link rel=\"canonical\" href=\"https:\/\/www.suno.com.br\/noticias\/vale-vale3-porto-do-acu-siderurgica-gpj\/\" \/>\n<meta property=\"og:locale\" content=\"pt_BR\" \/>\n<meta property=\"og:type\" content=\"article\" \/>\n<meta property=\"og:title\" content=\"Vale (VALE3) assina acordo focado em descarbonizar cadeia sider\u00fargica\" \/>\n<meta property=\"og:description\" content=\"A Vale assinou acordo com o Porto do A\u00e7u para estudar a cria\u00e7\u00e3o de um centro de desenvolvimento de ferro-esponja via rota de redu\u00e7\u00e3o direta.\" \/>\n<meta property=\"og:url\" content=\"https:\/\/www.suno.com.br\/noticias\/vale-vale3-porto-do-acu-siderurgica-gpj\/\" \/>\n<meta property=\"og:site_name\" content=\"Suno Not\u00edcias\" \/>\n<meta property=\"article:publisher\" content=\"https:\/\/facebook.com\/sunoresearch\" \/>\n<meta property=\"og:image\" content=\"https:\/\/files.sunoresearch.com.br\/n\/uploads\/2023\/04\/vale_vale3-1.jpg\" \/>\n\t<meta property=\"og:image:width\" content=\"1200\" \/>\n\t<meta property=\"og:image:height\" content=\"801\" \/>\n\t<meta property=\"og:image:type\" content=\"image\/jpeg\" \/>\n<meta name=\"author\" content=\"Giovanni Porf\u00edrio Jacomino\" \/>\n<meta name=\"twitter:card\" content=\"summary_large_image\" \/>\n<meta name=\"twitter:creator\" content=\"@sunoresearch\" \/>\n<meta name=\"twitter:site\" content=\"@sunoresearch\" \/>\n<meta name=\"twitter:label1\" content=\"Escrito por\" \/>\n\t<meta name=\"twitter:data1\" content=\"Giovanni Porf\u00edrio Jacomino\" \/>\n\t<meta name=\"twitter:label2\" content=\"Est. tempo de leitura\" \/>\n\t<meta name=\"twitter:data2\" content=\"3 minutos\" \/>\n<script type=\"application\/ld+json\" class=\"yoast-schema-graph\">{\"@context\":\"https:\/\/schema.org\",\"@graph\":[{\"@type\":\"NewsArticle\",\"@id\":\"https:\/\/www.suno.com.br\/noticias\/vale-vale3-porto-do-acu-siderurgica-gpj\/#article\",\"isPartOf\":{\"@id\":\"https:\/\/www.suno.com.br\/noticias\/vale-vale3-porto-do-acu-siderurgica-gpj\/\"},\"author\":{\"name\":\"Giovanni Porf\u00edrio Jacomino\",\"@id\":\"https:\/\/www.suno.com.br\/noticias\/#\/schema\/person\/d0f32748bbca4bee871fa191ee4e2d40\"},\"headline\":\"Vale (VALE3) e Porto do A\u00e7u assinam acordo focado em descarbonizar cadeia sider\u00fargica\",\"datePublished\":\"2023-09-26T14:30:56+00:00\",\"dateModified\":\"2023-09-26T14:34:38+00:00\",\"mainEntityOfPage\":{\"@id\":\"https:\/\/www.suno.com.br\/noticias\/vale-vale3-porto-do-acu-siderurgica-gpj\/\"},\"wordCount\":589,\"publisher\":{\"@id\":\"https:\/\/www.suno.com.br\/noticias\/#organization\"},\"image\":{\"@id\":\"https:\/\/www.suno.com.br\/noticias\/vale-vale3-porto-do-acu-siderurgica-gpj\/#primaryimage\"},\"thumbnailUrl\":\"https:\/\/files.sunoresearch.com.br\/n\/uploads\/2023\/04\/vale_vale3-1.jpg\",\"keywords\":[\"Vale (VALE3)\"],\"articleSection\":[\"Neg\u00f3cios\"],\"inLanguage\":\"pt-BR\"},{\"@type\":\"WebPage\",\"@id\":\"https:\/\/www.suno.com.br\/noticias\/vale-vale3-porto-do-acu-siderurgica-gpj\/\",\"url\":\"https:\/\/www.suno.com.br\/noticias\/vale-vale3-porto-do-acu-siderurgica-gpj\/\",\"name\":\"Vale (VALE3) assina acordo focado em descarbonizar cadeia sider\u00fargica\",\"isPartOf\":{\"@id\":\"https:\/\/www.suno.com.br\/noticias\/#website\"},\"primaryImageOfPage\":{\"@id\":\"https:\/\/www.suno.com.br\/noticias\/vale-vale3-porto-do-acu-siderurgica-gpj\/#primaryimage\"},\"image\":{\"@id\":\"https:\/\/www.suno.com.br\/noticias\/vale-vale3-porto-do-acu-siderurgica-gpj\/#primaryimage\"},\"thumbnailUrl\":\"https:\/\/files.sunoresearch.com.br\/n\/uploads\/2023\/04\/vale_vale3-1.jpg\",\"datePublished\":\"2023-09-26T14:30:56+00:00\",\"dateModified\":\"2023-09-26T14:34:38+00:00\",\"description\":\"A Vale assinou acordo com o Porto do A\u00e7u para estudar a cria\u00e7\u00e3o de um centro de desenvolvimento de ferro-esponja via rota de redu\u00e7\u00e3o direta.\",\"breadcrumb\":{\"@id\":\"https:\/\/www.suno.com.br\/noticias\/vale-vale3-porto-do-acu-siderurgica-gpj\/#breadcrumb\"},\"inLanguage\":\"pt-BR\",\"potentialAction\":[{\"@type\":\"ReadAction\",\"target\":[\"https:\/\/www.suno.com.br\/noticias\/vale-vale3-porto-do-acu-siderurgica-gpj\/\"]}]},{\"@type\":\"ImageObject\",\"inLanguage\":\"pt-BR\",\"@id\":\"https:\/\/www.suno.com.br\/noticias\/vale-vale3-porto-do-acu-siderurgica-gpj\/#primaryimage\",\"url\":\"https:\/\/files.sunoresearch.com.br\/n\/uploads\/2023\/04\/vale_vale3-1.jpg\",\"contentUrl\":\"https:\/\/files.sunoresearch.com.br\/n\/uploads\/2023\/04\/vale_vale3-1.jpg\",\"width\":1200,\"height\":801,\"caption\":\"Vale sobe 1,92% e lidera ganhos do dia. Foto: Ag\u00eancia Vale\"},{\"@type\":\"BreadcrumbList\",\"@id\":\"https:\/\/www.suno.com.br\/noticias\/vale-vale3-porto-do-acu-siderurgica-gpj\/#breadcrumb\",\"itemListElement\":[{\"@type\":\"ListItem\",\"position\":1,\"name\":\"Not\u00edcias\",\"item\":\"https:\/\/www.suno.com.br\/noticias\/\"},{\"@type\":\"ListItem\",\"position\":2,\"name\":\"Neg\u00f3cios\",\"item\":\"https:\/\/www.suno.com.br\/noticias\/negocios\/\"},{\"@type\":\"ListItem\",\"position\":3,\"name\":\"Vale (VALE3) e Porto do A\u00e7u assinam acordo focado em descarbonizar cadeia sider\u00fargica\"}]},{\"@type\":\"WebSite\",\"@id\":\"https:\/\/www.suno.com.br\/noticias\/#website\",\"url\":\"https:\/\/www.suno.com.br\/noticias\/\",\"name\":\"Suno Not\u00edcias\",\"description\":\"Seu portal de informa\u00e7\u00e3o sobre o mundo dos investimentos\",\"publisher\":{\"@id\":\"https:\/\/www.suno.com.br\/noticias\/#organization\"},\"potentialAction\":[{\"@type\":\"SearchAction\",\"target\":{\"@type\":\"EntryPoint\",\"urlTemplate\":\"https:\/\/www.suno.com.br\/noticias\/?s={search_term_string}\"},\"query-input\":{\"@type\":\"PropertyValueSpecification\",\"valueRequired\":true,\"valueName\":\"search_term_string\"}}],\"inLanguage\":\"pt-BR\"},{\"@type\":\"Organization\",\"@id\":\"https:\/\/www.suno.com.br\/noticias\/#organization\",\"name\":\"Suno Not\u00edcias\",\"url\":\"https:\/\/www.suno.com.br\/noticias\/\",\"logo\":{\"@type\":\"ImageObject\",\"inLanguage\":\"pt-BR\",\"@id\":\"https:\/\/www.suno.com.br\/noticias\/#\/schema\/logo\/image\/\",\"url\":\"https:\/\/files.sunoresearch.com.br\/n\/uploads\/2021\/09\/suno-logo.png\",\"contentUrl\":\"https:\/\/files.sunoresearch.com.br\/n\/uploads\/2021\/09\/suno-logo.png\",\"width\":180,\"height\":180,\"caption\":\"Suno Not\u00edcias\"},\"image\":{\"@id\":\"https:\/\/www.suno.com.br\/noticias\/#\/schema\/logo\/image\/\"},\"sameAs\":[\"https:\/\/facebook.com\/sunoresearch\",\"https:\/\/x.com\/sunoresearch\",\"https:\/\/www.instagram.com\/suno\",\"https:\/\/www.linkedin.com\/company\/suno-research\/\",\"https:\/\/www.youtube.com\/c\/sunoresearch\"]},{\"@type\":\"Person\",\"@id\":\"https:\/\/www.suno.com.br\/noticias\/#\/schema\/person\/d0f32748bbca4bee871fa191ee4e2d40\",\"name\":\"Giovanni Porf\u00edrio Jacomino\",\"image\":{\"@type\":\"ImageObject\",\"inLanguage\":\"pt-BR\",\"@id\":\"https:\/\/www.suno.com.br\/noticias\/#\/schema\/person\/image\/\",\"url\":\"https:\/\/secure.gravatar.com\/avatar\/efb32e19b730a121cb7a80f41ffec01a?s=96&r=g\",\"contentUrl\":\"https:\/\/secure.gravatar.com\/avatar\/efb32e19b730a121cb7a80f41ffec01a?s=96&r=g\",\"caption\":\"Giovanni Porf\u00edrio Jacomino\"},\"description\":\"Giovanni Porf\u00edrio Jacomino \u00e9 jornalista formado pela Universidade Estadual de Londrina (UEL) e p\u00f3s-graduado em Produ\u00e7\u00e3o e Pr\u00e1ticas Jornal\u00edsticas na Contemporaneidade na Faculdade C\u00e1sper L\u00edbero (FCL). Foi editor web no Startupi e no Finsiders, atuando ainda como editor no TC Mover, portal de not\u00edcias da TradersClub, fazendo a cobertura de assuntos relacionados ao mercado financeiro interno e externo. Atualmente, \u00e9 Rep\u00f3rter do Suno Not\u00edcias.\",\"url\":\"https:\/\/www.suno.com.br\/noticias\/author\/giovanni-porfiriosuno-com-br\/\"}]}<\/script>\n<!-- \/ Yoast SEO plugin. -->","yoast_head_json":{"title":"Vale (VALE3) assina acordo focado em descarbonizar cadeia sider\u00fargica","description":"A Vale assinou acordo com o Porto do A\u00e7u para estudar a cria\u00e7\u00e3o de um centro de desenvolvimento de ferro-esponja via rota de redu\u00e7\u00e3o direta.","robots":{"index":"index","follow":"follow","max-snippet":"max-snippet:-1","max-image-preview":"max-image-preview:large","max-video-preview":"max-video-preview:-1"},"canonical":"https:\/\/www.suno.com.br\/noticias\/vale-vale3-porto-do-acu-siderurgica-gpj\/","og_locale":"pt_BR","og_type":"article","og_title":"Vale (VALE3) assina acordo focado em descarbonizar cadeia sider\u00fargica","og_description":"A Vale assinou acordo com o Porto do A\u00e7u para estudar a cria\u00e7\u00e3o de um centro de desenvolvimento de ferro-esponja via rota de redu\u00e7\u00e3o direta.","og_url":"https:\/\/www.suno.com.br\/noticias\/vale-vale3-porto-do-acu-siderurgica-gpj\/","og_site_name":"Suno Not\u00edcias","article_publisher":"https:\/\/facebook.com\/sunoresearch","og_image":[{"width":1200,"height":801,"url":"https:\/\/files.sunoresearch.com.br\/n\/uploads\/2023\/04\/vale_vale3-1.jpg","type":"image\/jpeg"}],"author":"Giovanni Porf\u00edrio Jacomino","twitter_card":"summary_large_image","twitter_creator":"@sunoresearch","twitter_site":"@sunoresearch","twitter_misc":{"Escrito por":"Giovanni Porf\u00edrio Jacomino","Est. tempo de leitura":"3 minutos"},"schema":{"@context":"https:\/\/schema.org","@graph":[{"@type":"NewsArticle","@id":"https:\/\/www.suno.com.br\/noticias\/vale-vale3-porto-do-acu-siderurgica-gpj\/#article","isPartOf":{"@id":"https:\/\/www.suno.com.br\/noticias\/vale-vale3-porto-do-acu-siderurgica-gpj\/"},"author":{"name":"Giovanni Porf\u00edrio Jacomino","@id":"https:\/\/www.suno.com.br\/noticias\/#\/schema\/person\/d0f32748bbca4bee871fa191ee4e2d40"},"headline":"Vale (VALE3) e Porto do A\u00e7u assinam acordo focado em descarbonizar cadeia sider\u00fargica","datePublished":"2023-09-26T14:30:56+00:00","dateModified":"2023-09-26T14:34:38+00:00","mainEntityOfPage":{"@id":"https:\/\/www.suno.com.br\/noticias\/vale-vale3-porto-do-acu-siderurgica-gpj\/"},"wordCount":589,"publisher":{"@id":"https:\/\/www.suno.com.br\/noticias\/#organization"},"image":{"@id":"https:\/\/www.suno.com.br\/noticias\/vale-vale3-porto-do-acu-siderurgica-gpj\/#primaryimage"},"thumbnailUrl":"https:\/\/files.sunoresearch.com.br\/n\/uploads\/2023\/04\/vale_vale3-1.jpg","keywords":["Vale (VALE3)"],"articleSection":["Neg\u00f3cios"],"inLanguage":"pt-BR"},{"@type":"WebPage","@id":"https:\/\/www.suno.com.br\/noticias\/vale-vale3-porto-do-acu-siderurgica-gpj\/","url":"https:\/\/www.suno.com.br\/noticias\/vale-vale3-porto-do-acu-siderurgica-gpj\/","name":"Vale (VALE3) assina acordo focado em descarbonizar cadeia sider\u00fargica","isPartOf":{"@id":"https:\/\/www.suno.com.br\/noticias\/#website"},"primaryImageOfPage":{"@id":"https:\/\/www.suno.com.br\/noticias\/vale-vale3-porto-do-acu-siderurgica-gpj\/#primaryimage"},"image":{"@id":"https:\/\/www.suno.com.br\/noticias\/vale-vale3-porto-do-acu-siderurgica-gpj\/#primaryimage"},"thumbnailUrl":"https:\/\/files.sunoresearch.com.br\/n\/uploads\/2023\/04\/vale_vale3-1.jpg","datePublished":"2023-09-26T14:30:56+00:00","dateModified":"2023-09-26T14:34:38+00:00","description":"A Vale assinou acordo com o Porto do A\u00e7u para estudar a cria\u00e7\u00e3o de um centro de desenvolvimento de ferro-esponja via rota de redu\u00e7\u00e3o direta.","breadcrumb":{"@id":"https:\/\/www.suno.com.br\/noticias\/vale-vale3-porto-do-acu-siderurgica-gpj\/#breadcrumb"},"inLanguage":"pt-BR","potentialAction":[{"@type":"ReadAction","target":["https:\/\/www.suno.com.br\/noticias\/vale-vale3-porto-do-acu-siderurgica-gpj\/"]}]},{"@type":"ImageObject","inLanguage":"pt-BR","@id":"https:\/\/www.suno.com.br\/noticias\/vale-vale3-porto-do-acu-siderurgica-gpj\/#primaryimage","url":"https:\/\/files.sunoresearch.com.br\/n\/uploads\/2023\/04\/vale_vale3-1.jpg","contentUrl":"https:\/\/files.sunoresearch.com.br\/n\/uploads\/2023\/04\/vale_vale3-1.jpg","width":1200,"height":801,"caption":"Vale sobe 1,92% e lidera ganhos do dia. Foto: Ag\u00eancia Vale"},{"@type":"BreadcrumbList","@id":"https:\/\/www.suno.com.br\/noticias\/vale-vale3-porto-do-acu-siderurgica-gpj\/#breadcrumb","itemListElement":[{"@type":"ListItem","position":1,"name":"Not\u00edcias","item":"https:\/\/www.suno.com.br\/noticias\/"},{"@type":"ListItem","position":2,"name":"Neg\u00f3cios","item":"https:\/\/www.suno.com.br\/noticias\/negocios\/"},{"@type":"ListItem","position":3,"name":"Vale (VALE3) e Porto do A\u00e7u assinam acordo focado em descarbonizar cadeia sider\u00fargica"}]},{"@type":"WebSite","@id":"https:\/\/www.suno.com.br\/noticias\/#website","url":"https:\/\/www.suno.com.br\/noticias\/","name":"Suno Not\u00edcias","description":"Seu portal de informa\u00e7\u00e3o sobre o mundo dos investimentos","publisher":{"@id":"https:\/\/www.suno.com.br\/noticias\/#organization"},"potentialAction":[{"@type":"SearchAction","target":{"@type":"EntryPoint","urlTemplate":"https:\/\/www.suno.com.br\/noticias\/?s={search_term_string}"},"query-input":{"@type":"PropertyValueSpecification","valueRequired":true,"valueName":"search_term_string"}}],"inLanguage":"pt-BR"},{"@type":"Organization","@id":"https:\/\/www.suno.com.br\/noticias\/#organization","name":"Suno Not\u00edcias","url":"https:\/\/www.suno.com.br\/noticias\/","logo":{"@type":"ImageObject","inLanguage":"pt-BR","@id":"https:\/\/www.suno.com.br\/noticias\/#\/schema\/logo\/image\/","url":"https:\/\/files.sunoresearch.com.br\/n\/uploads\/2021\/09\/suno-logo.png","contentUrl":"https:\/\/files.sunoresearch.com.br\/n\/uploads\/2021\/09\/suno-logo.png","width":180,"height":180,"caption":"Suno Not\u00edcias"},"image":{"@id":"https:\/\/www.suno.com.br\/noticias\/#\/schema\/logo\/image\/"},"sameAs":["https:\/\/facebook.com\/sunoresearch","https:\/\/x.com\/sunoresearch","https:\/\/www.instagram.com\/suno","https:\/\/www.linkedin.com\/company\/suno-research\/","https:\/\/www.youtube.com\/c\/sunoresearch"]},{"@type":"Person","@id":"https:\/\/www.suno.com.br\/noticias\/#\/schema\/person\/d0f32748bbca4bee871fa191ee4e2d40","name":"Giovanni Porf\u00edrio Jacomino","image":{"@type":"ImageObject","inLanguage":"pt-BR","@id":"https:\/\/www.suno.com.br\/noticias\/#\/schema\/person\/image\/","url":"https:\/\/secure.gravatar.com\/avatar\/efb32e19b730a121cb7a80f41ffec01a?s=96&r=g","contentUrl":"https:\/\/secure.gravatar.com\/avatar\/efb32e19b730a121cb7a80f41ffec01a?s=96&r=g","caption":"Giovanni Porf\u00edrio Jacomino"},"description":"Giovanni Porf\u00edrio Jacomino \u00e9 jornalista formado pela Universidade Estadual de Londrina (UEL) e p\u00f3s-graduado em Produ\u00e7\u00e3o e Pr\u00e1ticas Jornal\u00edsticas na Contemporaneidade na Faculdade C\u00e1sper L\u00edbero (FCL). Foi editor web no Startupi e no Finsiders, atuando ainda como editor no TC Mover, portal de not\u00edcias da TradersClub, fazendo a cobertura de assuntos relacionados ao mercado financeiro interno e externo. Atualmente, \u00e9 Rep\u00f3rter do Suno Not\u00edcias.","url":"https:\/\/www.suno.com.br\/noticias\/author\/giovanni-porfiriosuno-com-br\/"}]}},"default_loop_html":"<div class=\"cardsPage__listCard__boxs\"><div class=\"cardsPage__listCard__boxs__img\"><a href=\"https:\/\/www.suno.com.br\/noticias\/vale-vale3-porto-do-acu-siderurgica-gpj\/\"><img class=\"mask\" src=\"https:\/\/www.suno.com.br\/noticias\/wp-content\/themes\/suno\/resources\/images\/spotlight\/spotlight1img\/bg-mask.png\" alt=\"Image Mask\"\/><img src=\"https:\/\/files.sunoresearch.com.br\/n\/uploads\/2023\/04\/vale_vale3-1-400x200.jpg\" alt=\"Vale (VALE3) e Porto do A\u00e7u assinam acordo focado em descarbonizar cadeia sider\u00fargica\"\/><\/a><span class=\"spotlightCategory\"><a href=\"https:\/\/www.suno.com.br\/noticias\/negocios\/\">Neg\u00f3cios<\/a><\/span><\/div><div class=\"cardsPage__listCard__boxs__content\"><a href=\"https:\/\/www.suno.com.br\/noticias\/vale-vale3-porto-do-acu-siderurgica-gpj\/\"><h2 class=\"content__title\">Vale (VALE3) e Porto do A\u00e7u assinam acordo focado em descarbonizar cadeia sider\u00fargica<\/h2><\/a><div class=\"newsContent__article__meta\"><div class=\"newsContent__article__meta__authorBox\"><a href=\"https:\/\/www.suno.com.br\/noticias\/author\/camila-figueiredosuno-com-br\/\" class=\"authorBox__avatar noMobi\"><img src=\"https:\/\/files.sunoresearch.com.br\/n\/uploads\/2024\/05\/camila-paim-square-150x150.jpg\" alt=\"Camila Paim\"><\/a><div class=\"authorBox__name\"><span>por\n\t\t\t<a href=\"https:\/\/www.suno.com.br\/noticias\/author\/camila-figueiredosuno-com-br\/\"><span itemprop=\"author\">Camila Paim<\/span><\/a><\/span><time datetime=\"2023-09-26T11:30:56-03:00\" itemprop=\"datePublished\">26\/09\/2023 11:30<\/time><\/div><\/div><\/div><\/div><\/div>","single_layout":"posts","amp_enabled":true,"_links":{"self":[{"href":"https:\/\/www.suno.com.br\/noticias\/wp-json\/wp\/v2\/posts\/461940"}],"collection":[{"href":"https:\/\/www.suno.com.br\/noticias\/wp-json\/wp\/v2\/posts"}],"about":[{"href":"https:\/\/www.suno.com.br\/noticias\/wp-json\/wp\/v2\/types\/post"}],"author":[{"embeddable":true,"href":"https:\/\/www.suno.com.br\/noticias\/wp-json\/wp\/v2\/users\/313"}],"replies":[{"embeddable":true,"href":"https:\/\/www.suno.com.br\/noticias\/wp-json\/wp\/v2\/comments?post=461940"}],"version-history":[{"count":3,"href":"https:\/\/www.suno.com.br\/noticias\/wp-json\/wp\/v2\/posts\/461940\/revisions"}],"predecessor-version":[{"id":461996,"href":"https:\/\/www.suno.com.br\/noticias\/wp-json\/wp\/v2\/posts\/461940\/revisions\/461996"}],"wp:featuredmedia":[{"embeddable":true,"href":"https:\/\/www.suno.com.br\/noticias\/wp-json\/wp\/v2\/media\/394402"}],"wp:attachment":[{"href":"https:\/\/www.suno.com.br\/noticias\/wp-json\/wp\/v2\/media?parent=461940"}],"wp:term":[{"taxonomy":"category","embeddable":true,"href":"https:\/\/www.suno.com.br\/noticias\/wp-json\/wp\/v2\/categories?post=461940"},{"taxonomy":"post_tag","embeddable":true,"href":"https:\/\/www.suno.com.br\/noticias\/wp-json\/wp\/v2\/tags?post=461940"},{"taxonomy":"suno_strategy","embeddable":true,"href":"https:\/\/www.suno.com.br\/noticias\/wp-json\/wp\/v2\/suno_strategy?post=461940"}],"curies":[{"name":"wp","href":"https:\/\/api.w.org\/{rel}","templated":true}]}}