{"id":46145,"date":"2019-12-01T18:00:39","date_gmt":"2019-12-01T20:00:39","guid":{"rendered":"https:\/\/www.suno.com.br\/noticias\/?p=46145"},"modified":"2019-12-02T13:33:54","modified_gmt":"2019-12-02T15:33:54","slug":"semana-internacional-alibaba-eua-hong-kong","status":"publish","type":"post","link":"https:\/\/www.suno.com.br\/noticias\/semana-internacional-alibaba-eua-hong-kong\/","title":{"rendered":"Semana Internacional: Alibaba, EUA e Hong Kong"},"content":{"rendered":"<p>O notici\u00e1rio pol\u00edtico e econ\u00f4mico internacional impactou os mercados nos \u00faltimos dias. Os investidores mostraram-se de olho nos assuntos corporativos e da pol\u00edticos. Confira as principais not\u00edcias da <a href=\"https:\/\/www.youtube.com\/channel\/UCWDeEIDAIi_oYKDiqwfGyRg\">Semana Internacional<\/a>.<\/p>\t<div class=\"wrapper-featured-image\">\n\t\t<figure class=\"spotlightImg\">\n\n\t\t\t<picture>\n\t\t\t\t<source media=\"(max-width: 768px)\" srcset=\"https:\/\/files.sunoresearch.com.br\/n\/uploads\/2019\/11\/69d6713e-alibaba-400x200.webp\">\n\t\t\t\t<img loading=\"lazy\" decoding=\"async\" class=\"newsContent__article__imgCapa lazyloadDisabled newsContent__article__imgCapa--noCaption\" src=\"https:\/\/files.sunoresearch.com.br\/n\/uploads\/2019\/11\/69d6713e-alibaba-800x450.webp\" width=\"800\" height=\"450\" alt=\"Semana Internacional: Alibaba, EUA e Hong Kong\" fetchpriority=high \/>\n\t\t\t<\/picture>\n\n\t\t\t<figcaption class=\"wp-caption-text wp-caption-text--hide\">Alibaba - Foto: Divulga\u00e7\u00e3o<\/figcaption>\n\t\t<\/figure>\n\t<\/div>\n\n\n\n<p>O <strong>Alibaba<\/strong> (<a href=\"https:\/\/www.suno.com.br\/artigos\/nyse\/\">NYSE<\/a>: BABA) \u00e9 o destaque da <strong>Semana Internacional<\/strong>. A gigante asi\u00e1tica listou 11,2 bilh\u00f5es de a\u00e7\u00f5es na bolsa de Hong Kong na \u00faltima ter\u00e7a-feira (26), j\u00e1 apresentando alta no primeiro dia de negocia\u00e7\u00f5es. Essa foi a maior oferta de a\u00e7\u00f5es do mundo no ano.<\/p>\n<p>Al\u00e9m disso, a <strong>Ant<\/strong> <strong>Financial<\/strong>, afiliada do Grupo Alibaba, est\u00e1 criando um fundo de aproximadamente US$ 1 bilh\u00e3o. O intuito do fundo \u00e9 ajudar a empresa a crescer nos investimentos em mercados emergentes. O sudeste asi\u00e1tico e a \u00cdndia est\u00e3o inclusos nesses mercados, de acordo com um executivo da empresa.<\/p>\n<p><a href=\"https:\/\/www.suno.com.br\/noticias\/ant-financial-da-alibaba-planeja-criar-fundo-de-investimento-de-us-1-bi\/\">Saiba mais: Ant Financial, da Alibaba, planeja criar fundo de investimento de US$ 1 bi<\/a><\/p>\n<p>Aqui no Brasil, <strong>McDonald&#8217;s<\/strong> (NYSE: MDC) e <strong>Burger King <\/strong>(BKBR3) travam uma disputa na <strong>Black Friday<\/strong>.<\/p>\n<p>A rede de fast-food mais famosa do mundo, que apresentou um <a href=\"https:\/\/www.suno.com.br\/artigos\/lucro-liquido\/\">lucro l\u00edquido<\/a> de U$ 1,60 bilh\u00e3o no terceiro trimestre deste ano, vender\u00e1 10 cheeseburguers por R$ 20, ou R$ 2 por lanche, que o ocasionalmente \u00e9 comercializado por R$ 7.\u00a0 J\u00e1 o BK vai repetir o desconto do ano passado e vender seis lanches por R$ 15, o que normalmente seriam vendidos por R$ 45.<\/p>\n<p>Al\u00e9m destas redes de fast-food,\u00a0a <strong>Pizza Hut <\/strong>(MEAL3), desde a \u00faltima segunda-feira (25), est\u00e1 oferecendo 50% de desconto em todos os sabores de pizza grande com massa pan.<\/p>\n<p><a href=\"https:\/\/www.suno.com.br\/noticias\/apple-paga-us-476-mi-governo-eua-encerrar-acusacao\/\">Confira: Apple paga US$ 476 mi ao governo dos EUA para encerrar acusa\u00e7\u00e3o<\/a><\/p>\n<p>Jony Ive, chefe de design da <strong>Apple<\/strong> (<a href=\"https:\/\/www.suno.com.br\/artigos\/nasdaq\/\">NASDAQ<\/a>: AAPL) desde 1996, deixar\u00e1 a companhia oficialmente. O profissional que est\u00e1 por traz do iPhone deixar\u00e1 a Apple para &#8220;formar uma empresa de design independente que contar\u00e1 com a Apple entre os seus principais clientes&#8221;.<\/p>\n<p>No entanto, a data oficial da sa\u00edda n\u00e3o foi revelada. O atual CEO da Apple, <a href=\"https:\/\/www.suno.com.br\/tudo-sobre\/tim-cook\/\">Tim Coock<\/a>, disse que a empresa &#8220;continuar\u00e1 a se beneficiar dos talentos de Jony trabalhando diretamente com ele em projetos exclusivos e atrav\u00e9s do trabalho&#8221;.<\/p>\n<h2>Notici\u00e1rio internacional<\/h2>\n<p>O envolvimento dos\u00a0<strong>Estados Unidos<\/strong>\u00a0nos conflitos civis em <strong>\u00a0Hong Kong<\/strong> \u00e9 um dos destaques da semana, Donald Trump, assinou na \u00faltima quarta-feira (27), um projeto de lei que expressa o apoio estadunidense aos manifestantes.<\/p>\n\t<p>\n\t\t<a href=\"https:\/\/lp.suno.com.br\/planilha-da-vida-financeira\/\" target=\"_blank\" data-element=\"shortcode-suno-banner\" title=\"Banner SUNO, clique e saiba mais\">\n\t\t\t<picture>\n\t\t\t\t<source media=\"(max-width: 500px)\" srcset=\"https:\/\/files.sunoresearch.com.br\/n\/uploads\/2023\/04\/400x300-Planilha-vida-financeira-true.png\">\n\t\t\t\t<img class=\"newsContent__article__imgCapa newsContent__article__imgCapa--banner\"\n\t\t\t\t\tsrc=\"https:\/\/files.sunoresearch.com.br\/n\/uploads\/2023\/04\/1420x240-Planilha-vida-financeira-true.png\"\n\t\t\t\t\tdata-promo-id=\"106682\"\t\t\t\t\t\t\t\t\t\twidth='1420' height='240'\t\t\t\t\talt=\"https:\/\/files.sunoresearch.com.br\/n\/uploads\/2023\/04\/1420x240-Planilha-vida-financeira-true.png\"\n\t\t\t\t>\n\t\t\t<\/picture>\n\t\t<\/a>\n\t<\/p>\n\n\n<p>A Casa Branca informou em comunicado que est\u00e3o inclusas san\u00e7\u00f5es contra quaisquer funcion\u00e1rios que sejam considerados respons\u00e1veis por viola\u00e7\u00f5es dos direitos humanos ou prejudicar a autonomia de suas respectivas cidades.<\/p>\n<p>O governo chin\u00eas acusou os norte-americanos de interfer\u00eancia nos assuntos internos. &#8220;Isso \u00e9 pura interfer\u00eancia nos assuntos interno da <strong>China<\/strong>. A lei trata Hong Kong com intimida\u00e7\u00e3o e amea\u00e7as&#8221;, informou o Minist\u00e9rio das Rela\u00e7\u00f5es Exteriores em Pequim.<\/p>\n<p>Por sua vez, o presidente norte-americano, <a href=\"https:\/\/www.suno.com.br\/tudo-sobre\/donald-trump\/\"><strong>Donald<\/strong> <strong>Trump<\/strong><\/a>, informou que espera que os l\u00edderes de ambos os pa\u00edses possam se resolver. &#8220;Assinei esta resolu\u00e7\u00e3o por respeito ao presidente <strong>Xi Jinping<\/strong>, \u00e0 China e ao povo de Hong Kong. Foi promulgada com a esperan\u00e7a de que os l\u00edderes e representantes da China e de Hong Kong saibam solucionar, de forma amistosa, suas diverg\u00eancias&#8221;, disse.<\/p>\n<p><a href=\"https:\/\/www.suno.com.br\/noticias\/acordo-comercial-china-eua\/\">Veja tamb\u00e9m: Ainda \u00e9 poss\u00edvel acordo comercial neste ano, diz autoridade americana<\/a><\/p>\n<p>Protestantes oposicionistas ao governo organizaram uma das maiores manifesta\u00e7\u00f5es em prol dos Estados Unidos. O ato terminou em confus\u00e3o ao lado de um shopping no centro da cidade, quando os manifestante entraram em conflito com a for\u00e7a militar.<\/p>\n<p>A aprova\u00e7\u00e3o da lei ocorreu logo o movimento pr\u00f3-democracia imp\u00f4s uma derrota ao governo local nas elei\u00e7\u00f5es do \u00faltimo domingo (24), controlando 17 dos 18 conselhos distritais de <strong>Hong Kong<\/strong>.<\/p>\n<p>Em meio aos desdobramentos da guerra comercial, agora com a inger\u00eancia dos conflitos sociais de Hong Kong, os Estados Unidos divulgaram seu <strong><a href=\"https:\/\/www.suno.com.br\/artigos\/pib-produto-interno-bruto\/\">Produto Interno Bruto (PIB)<\/a><\/strong> do terceiro trimestre.<\/p>\n<p>A economia norte-americana cresceu 2,1% no terceiro trimestre deste ano, sendo revisado para cima. De acordo com o relat\u00f3rio do <strong>Departamento de Com\u00e9rcio <\/strong>dos EUA divulgado na \u00faltima quarta-feira (27), o crescimento foi mais acentuado do que o estimado anteriormente pois, na revis\u00e3o, foi constatada a alta de estoques e investimentos comerciais.<\/p>\n<p>Dois eventos importantes para os norte-americanos acontecer\u00e3o na semana que se segue:<\/p>\n<ul>\n<li>PMI industrial ISM, na segunda-feira (2)<\/li>\n<li>Taxa de desemprego, na sexta-feira (6)<\/li>\n<\/ul>\n<p>Na Argentina, o presidente eleito o Alberto Fern\u00e1ndez declarou que n\u00e3o ir\u00e1 solicitar ao <a href=\"https:\/\/www.suno.com.br\/artigos\/fmi\/\">Fundo Monet\u00e1rio Internacional (<strong>FMI<\/strong>)<\/a> o valor de US$ 11 bilh\u00f5es restante de um empr\u00e9stimo de R$ 56,3 bilh\u00f5es cedido ao pa\u00eds.<\/p>\n<p><a href=\"https:\/\/www.suno.com.br\/noticias\/saida-mercosul-possibilidade-para-o-brasil\/\">Saiba mais: Sa\u00edda do Mercosul \u00e9 uma possibilidade para o Brasil, diz Ara\u00fajo<\/a><\/p>\n<p>O empr\u00e9stimo foi assinado pelo presidente do pa\u00eds, <strong>Mauricio Macri<\/strong>, em 2018, por meio de um acordo de <em><a href=\"https:\/\/www.suno.com.br\/artigos\/ajuda-financeira\/\">stand-by<\/a><\/em>. Fern\u00e1ndez declarou que pedir\u00e1 ao FMI, em troca de n\u00e3o usar o cr\u00e9dito, um tempo maior para o pagamento da d\u00edvida.<\/p>\n<p>A <strong>Semana Internacional <\/strong>da <a href=\"https:\/\/www.suno.com.br\/\"><strong>SUNO Research<\/strong><\/a> levanta os principais acontecimentos da \u00faltima semana e que ir\u00e3o movimentar os mercados internacionais.<\/p>\n","protected":false},"excerpt":{"rendered":"<p>O notici\u00e1rio pol\u00edtico e econ\u00f4mico internacional impactou os mercados nos \u00faltimos dias. Os investidores mostraram-se de olho nos assuntos corporativos e da pol\u00edticos. Confira as principais not\u00edcias da Semana Internacional. Alibaba &#8211; Foto: Divulga\u00e7\u00e3o O Alibaba (NYSE: BABA) \u00e9 o destaque da Semana Internacional. A gigante asi\u00e1tica listou 11,2 bilh\u00f5es de a\u00e7\u00f5es na bolsa de [&hellip;]<\/p>\n","protected":false},"author":24,"featured_media":43382,"comment_status":"closed","ping_status":"closed","sticky":false,"template":"","format":"standard","meta":[],"categories":[63],"tags":[1416,794,980,1880],"suno_strategy":[],"class_list":["post-46145","post","type-post","status-publish","format-standard","has-post-thumbnail","hentry","category-internacional","tag-alibaba-baba34","tag-apple-aapl34","tag-guerra-comercial","tag-hong-kong"],"yoast_head":"<!-- This site is optimized with the Yoast SEO plugin v24.4 - https:\/\/yoast.com\/wordpress\/plugins\/seo\/ -->\n<title>Semana Internacional: Alibaba, Estados Unidos e Hong Kong<\/title>\n<meta name=\"description\" content=\"A Semana Internacional foi agitada. Os mercados internacionais ficaram atentos \u00e0s not\u00edcias corporativas e pol\u00edticas. Clique e saiba mais.\" \/>\n<meta name=\"robots\" content=\"index, follow, max-snippet:-1, max-image-preview:large, max-video-preview:-1\" \/>\n<link rel=\"canonical\" href=\"https:\/\/www.suno.com.br\/noticias\/semana-internacional-alibaba-eua-hong-kong\/\" \/>\n<meta property=\"og:locale\" content=\"pt_BR\" \/>\n<meta property=\"og:type\" content=\"article\" \/>\n<meta property=\"og:title\" content=\"Semana Internacional: Alibaba, Estados Unidos e Hong Kong\" \/>\n<meta property=\"og:description\" content=\"A Semana Internacional foi agitada. Os mercados internacionais ficaram atentos \u00e0s not\u00edcias corporativas e pol\u00edticas. Clique e saiba mais.\" \/>\n<meta property=\"og:url\" content=\"https:\/\/www.suno.com.br\/noticias\/semana-internacional-alibaba-eua-hong-kong\/\" \/>\n<meta property=\"og:site_name\" content=\"Suno Not\u00edcias\" \/>\n<meta property=\"article:publisher\" content=\"https:\/\/facebook.com\/sunoresearch\" \/>\n<meta property=\"og:image\" content=\"https:\/\/files.sunoresearch.com.br\/n\/uploads\/2019\/11\/69d6713e-alibaba.jpg\" \/>\n\t<meta property=\"og:image:width\" content=\"1200\" \/>\n\t<meta property=\"og:image:height\" content=\"800\" \/>\n\t<meta property=\"og:image:type\" content=\"image\/jpeg\" \/>\n<meta name=\"author\" content=\"Jader Lazarini\" \/>\n<meta name=\"twitter:card\" content=\"summary_large_image\" \/>\n<meta name=\"twitter:creator\" content=\"@sunoresearch\" \/>\n<meta name=\"twitter:site\" content=\"@sunoresearch\" \/>\n<meta name=\"twitter:label1\" content=\"Escrito por\" \/>\n\t<meta name=\"twitter:data1\" content=\"Jader Lazarini\" \/>\n\t<meta name=\"twitter:label2\" content=\"Est. tempo de leitura\" \/>\n\t<meta name=\"twitter:data2\" content=\"4 minutos\" \/>\n<script type=\"application\/ld+json\" class=\"yoast-schema-graph\">{\"@context\":\"https:\/\/schema.org\",\"@graph\":[{\"@type\":\"NewsArticle\",\"@id\":\"https:\/\/www.suno.com.br\/noticias\/semana-internacional-alibaba-eua-hong-kong\/#article\",\"isPartOf\":{\"@id\":\"https:\/\/www.suno.com.br\/noticias\/semana-internacional-alibaba-eua-hong-kong\/\"},\"author\":{\"name\":\"Jader Lazarini\",\"@id\":\"https:\/\/www.suno.com.br\/noticias\/#\/schema\/person\/918d79de1f0281f01599b93f9ea6e23f\"},\"headline\":\"Semana Internacional: Alibaba, EUA e Hong Kong\",\"datePublished\":\"2019-12-01T20:00:39+00:00\",\"dateModified\":\"2019-12-02T15:33:54+00:00\",\"mainEntityOfPage\":{\"@id\":\"https:\/\/www.suno.com.br\/noticias\/semana-internacional-alibaba-eua-hong-kong\/\"},\"wordCount\":858,\"publisher\":{\"@id\":\"https:\/\/www.suno.com.br\/noticias\/#organization\"},\"image\":{\"@id\":\"https:\/\/www.suno.com.br\/noticias\/semana-internacional-alibaba-eua-hong-kong\/#primaryimage\"},\"thumbnailUrl\":\"https:\/\/files.sunoresearch.com.br\/n\/uploads\/2019\/11\/69d6713e-alibaba-jpg.webp\",\"keywords\":[\"Alibaba (BABA34)\",\"Apple (AAPL34)\",\"guerra comercial\",\"Hong Kong\"],\"articleSection\":[\"Internacional\"],\"inLanguage\":\"pt-BR\"},{\"@type\":\"WebPage\",\"@id\":\"https:\/\/www.suno.com.br\/noticias\/semana-internacional-alibaba-eua-hong-kong\/\",\"url\":\"https:\/\/www.suno.com.br\/noticias\/semana-internacional-alibaba-eua-hong-kong\/\",\"name\":\"Semana Internacional: Alibaba, Estados Unidos e Hong Kong\",\"isPartOf\":{\"@id\":\"https:\/\/www.suno.com.br\/noticias\/#website\"},\"primaryImageOfPage\":{\"@id\":\"https:\/\/www.suno.com.br\/noticias\/semana-internacional-alibaba-eua-hong-kong\/#primaryimage\"},\"image\":{\"@id\":\"https:\/\/www.suno.com.br\/noticias\/semana-internacional-alibaba-eua-hong-kong\/#primaryimage\"},\"thumbnailUrl\":\"https:\/\/files.sunoresearch.com.br\/n\/uploads\/2019\/11\/69d6713e-alibaba-jpg.webp\",\"datePublished\":\"2019-12-01T20:00:39+00:00\",\"dateModified\":\"2019-12-02T15:33:54+00:00\",\"description\":\"A Semana Internacional foi agitada. Os mercados internacionais ficaram atentos \u00e0s not\u00edcias corporativas e pol\u00edticas. Clique e saiba mais.\",\"breadcrumb\":{\"@id\":\"https:\/\/www.suno.com.br\/noticias\/semana-internacional-alibaba-eua-hong-kong\/#breadcrumb\"},\"inLanguage\":\"pt-BR\",\"potentialAction\":[{\"@type\":\"ReadAction\",\"target\":[\"https:\/\/www.suno.com.br\/noticias\/semana-internacional-alibaba-eua-hong-kong\/\"]}]},{\"@type\":\"ImageObject\",\"inLanguage\":\"pt-BR\",\"@id\":\"https:\/\/www.suno.com.br\/noticias\/semana-internacional-alibaba-eua-hong-kong\/#primaryimage\",\"url\":\"https:\/\/files.sunoresearch.com.br\/n\/uploads\/2019\/11\/69d6713e-alibaba-jpg.webp\",\"contentUrl\":\"https:\/\/files.sunoresearch.com.br\/n\/uploads\/2019\/11\/69d6713e-alibaba-jpg.webp\",\"width\":1200,\"height\":800,\"caption\":\"Alibaba - Foto: Divulga\u00e7\u00e3o\"},{\"@type\":\"BreadcrumbList\",\"@id\":\"https:\/\/www.suno.com.br\/noticias\/semana-internacional-alibaba-eua-hong-kong\/#breadcrumb\",\"itemListElement\":[{\"@type\":\"ListItem\",\"position\":1,\"name\":\"Not\u00edcias\",\"item\":\"https:\/\/www.suno.com.br\/noticias\/\"},{\"@type\":\"ListItem\",\"position\":2,\"name\":\"Internacional\",\"item\":\"https:\/\/www.suno.com.br\/noticias\/internacional\/\"},{\"@type\":\"ListItem\",\"position\":3,\"name\":\"Semana Internacional: Alibaba, EUA e Hong Kong\"}]},{\"@type\":\"WebSite\",\"@id\":\"https:\/\/www.suno.com.br\/noticias\/#website\",\"url\":\"https:\/\/www.suno.com.br\/noticias\/\",\"name\":\"Suno Not\u00edcias\",\"description\":\"Seu portal de informa\u00e7\u00e3o sobre o mundo dos investimentos\",\"publisher\":{\"@id\":\"https:\/\/www.suno.com.br\/noticias\/#organization\"},\"potentialAction\":[{\"@type\":\"SearchAction\",\"target\":{\"@type\":\"EntryPoint\",\"urlTemplate\":\"https:\/\/www.suno.com.br\/noticias\/?s={search_term_string}\"},\"query-input\":{\"@type\":\"PropertyValueSpecification\",\"valueRequired\":true,\"valueName\":\"search_term_string\"}}],\"inLanguage\":\"pt-BR\"},{\"@type\":\"Organization\",\"@id\":\"https:\/\/www.suno.com.br\/noticias\/#organization\",\"name\":\"Suno Not\u00edcias\",\"url\":\"https:\/\/www.suno.com.br\/noticias\/\",\"logo\":{\"@type\":\"ImageObject\",\"inLanguage\":\"pt-BR\",\"@id\":\"https:\/\/www.suno.com.br\/noticias\/#\/schema\/logo\/image\/\",\"url\":\"https:\/\/files.sunoresearch.com.br\/n\/uploads\/2021\/09\/suno-logo.png\",\"contentUrl\":\"https:\/\/files.sunoresearch.com.br\/n\/uploads\/2021\/09\/suno-logo.png\",\"width\":180,\"height\":180,\"caption\":\"Suno Not\u00edcias\"},\"image\":{\"@id\":\"https:\/\/www.suno.com.br\/noticias\/#\/schema\/logo\/image\/\"},\"sameAs\":[\"https:\/\/facebook.com\/sunoresearch\",\"https:\/\/x.com\/sunoresearch\",\"https:\/\/www.instagram.com\/suno\",\"https:\/\/www.linkedin.com\/company\/suno-research\/\",\"https:\/\/www.youtube.com\/c\/sunoresearch\"]},{\"@type\":\"Person\",\"@id\":\"https:\/\/www.suno.com.br\/noticias\/#\/schema\/person\/918d79de1f0281f01599b93f9ea6e23f\",\"name\":\"Jader Lazarini\",\"image\":{\"@type\":\"ImageObject\",\"inLanguage\":\"pt-BR\",\"@id\":\"https:\/\/www.suno.com.br\/noticias\/#\/schema\/person\/image\/\",\"url\":\"https:\/\/secure.gravatar.com\/avatar\/3c1ad8caa51589841baeb923fcddea97?s=96&r=g\",\"contentUrl\":\"https:\/\/secure.gravatar.com\/avatar\/3c1ad8caa51589841baeb923fcddea97?s=96&r=g\",\"caption\":\"Jader Lazarini\"},\"description\":\"Jader Lazarini escreve sobre investimentos, finan\u00e7as, economia e neg\u00f3cios. \u00c9 bacharel em Rela\u00e7\u00f5es Internacionais e analista CNPI (2619).\",\"url\":\"https:\/\/www.suno.com.br\/noticias\/author\/jader-lazarini\/\"}]}<\/script>\n<!-- \/ Yoast SEO plugin. -->","yoast_head_json":{"title":"Semana Internacional: Alibaba, Estados Unidos e Hong Kong","description":"A Semana Internacional foi agitada. Os mercados internacionais ficaram atentos \u00e0s not\u00edcias corporativas e pol\u00edticas. Clique e saiba mais.","robots":{"index":"index","follow":"follow","max-snippet":"max-snippet:-1","max-image-preview":"max-image-preview:large","max-video-preview":"max-video-preview:-1"},"canonical":"https:\/\/www.suno.com.br\/noticias\/semana-internacional-alibaba-eua-hong-kong\/","og_locale":"pt_BR","og_type":"article","og_title":"Semana Internacional: Alibaba, Estados Unidos e Hong Kong","og_description":"A Semana Internacional foi agitada. Os mercados internacionais ficaram atentos \u00e0s not\u00edcias corporativas e pol\u00edticas. Clique e saiba mais.","og_url":"https:\/\/www.suno.com.br\/noticias\/semana-internacional-alibaba-eua-hong-kong\/","og_site_name":"Suno Not\u00edcias","article_publisher":"https:\/\/facebook.com\/sunoresearch","og_image":[{"width":1200,"height":800,"url":"https:\/\/files.sunoresearch.com.br\/n\/uploads\/2019\/11\/69d6713e-alibaba.jpg","type":"image\/jpeg"}],"author":"Jader Lazarini","twitter_card":"summary_large_image","twitter_creator":"@sunoresearch","twitter_site":"@sunoresearch","twitter_misc":{"Escrito por":"Jader Lazarini","Est. tempo de leitura":"4 minutos"},"schema":{"@context":"https:\/\/schema.org","@graph":[{"@type":"NewsArticle","@id":"https:\/\/www.suno.com.br\/noticias\/semana-internacional-alibaba-eua-hong-kong\/#article","isPartOf":{"@id":"https:\/\/www.suno.com.br\/noticias\/semana-internacional-alibaba-eua-hong-kong\/"},"author":{"name":"Jader Lazarini","@id":"https:\/\/www.suno.com.br\/noticias\/#\/schema\/person\/918d79de1f0281f01599b93f9ea6e23f"},"headline":"Semana Internacional: Alibaba, EUA e Hong Kong","datePublished":"2019-12-01T20:00:39+00:00","dateModified":"2019-12-02T15:33:54+00:00","mainEntityOfPage":{"@id":"https:\/\/www.suno.com.br\/noticias\/semana-internacional-alibaba-eua-hong-kong\/"},"wordCount":858,"publisher":{"@id":"https:\/\/www.suno.com.br\/noticias\/#organization"},"image":{"@id":"https:\/\/www.suno.com.br\/noticias\/semana-internacional-alibaba-eua-hong-kong\/#primaryimage"},"thumbnailUrl":"https:\/\/files.sunoresearch.com.br\/n\/uploads\/2019\/11\/69d6713e-alibaba-jpg.webp","keywords":["Alibaba (BABA34)","Apple (AAPL34)","guerra comercial","Hong Kong"],"articleSection":["Internacional"],"inLanguage":"pt-BR"},{"@type":"WebPage","@id":"https:\/\/www.suno.com.br\/noticias\/semana-internacional-alibaba-eua-hong-kong\/","url":"https:\/\/www.suno.com.br\/noticias\/semana-internacional-alibaba-eua-hong-kong\/","name":"Semana Internacional: Alibaba, Estados Unidos e Hong Kong","isPartOf":{"@id":"https:\/\/www.suno.com.br\/noticias\/#website"},"primaryImageOfPage":{"@id":"https:\/\/www.suno.com.br\/noticias\/semana-internacional-alibaba-eua-hong-kong\/#primaryimage"},"image":{"@id":"https:\/\/www.suno.com.br\/noticias\/semana-internacional-alibaba-eua-hong-kong\/#primaryimage"},"thumbnailUrl":"https:\/\/files.sunoresearch.com.br\/n\/uploads\/2019\/11\/69d6713e-alibaba-jpg.webp","datePublished":"2019-12-01T20:00:39+00:00","dateModified":"2019-12-02T15:33:54+00:00","description":"A Semana Internacional foi agitada. Os mercados internacionais ficaram atentos \u00e0s not\u00edcias corporativas e pol\u00edticas. Clique e saiba mais.","breadcrumb":{"@id":"https:\/\/www.suno.com.br\/noticias\/semana-internacional-alibaba-eua-hong-kong\/#breadcrumb"},"inLanguage":"pt-BR","potentialAction":[{"@type":"ReadAction","target":["https:\/\/www.suno.com.br\/noticias\/semana-internacional-alibaba-eua-hong-kong\/"]}]},{"@type":"ImageObject","inLanguage":"pt-BR","@id":"https:\/\/www.suno.com.br\/noticias\/semana-internacional-alibaba-eua-hong-kong\/#primaryimage","url":"https:\/\/files.sunoresearch.com.br\/n\/uploads\/2019\/11\/69d6713e-alibaba-jpg.webp","contentUrl":"https:\/\/files.sunoresearch.com.br\/n\/uploads\/2019\/11\/69d6713e-alibaba-jpg.webp","width":1200,"height":800,"caption":"Alibaba - Foto: Divulga\u00e7\u00e3o"},{"@type":"BreadcrumbList","@id":"https:\/\/www.suno.com.br\/noticias\/semana-internacional-alibaba-eua-hong-kong\/#breadcrumb","itemListElement":[{"@type":"ListItem","position":1,"name":"Not\u00edcias","item":"https:\/\/www.suno.com.br\/noticias\/"},{"@type":"ListItem","position":2,"name":"Internacional","item":"https:\/\/www.suno.com.br\/noticias\/internacional\/"},{"@type":"ListItem","position":3,"name":"Semana Internacional: Alibaba, EUA e Hong Kong"}]},{"@type":"WebSite","@id":"https:\/\/www.suno.com.br\/noticias\/#website","url":"https:\/\/www.suno.com.br\/noticias\/","name":"Suno Not\u00edcias","description":"Seu portal de informa\u00e7\u00e3o sobre o mundo dos investimentos","publisher":{"@id":"https:\/\/www.suno.com.br\/noticias\/#organization"},"potentialAction":[{"@type":"SearchAction","target":{"@type":"EntryPoint","urlTemplate":"https:\/\/www.suno.com.br\/noticias\/?s={search_term_string}"},"query-input":{"@type":"PropertyValueSpecification","valueRequired":true,"valueName":"search_term_string"}}],"inLanguage":"pt-BR"},{"@type":"Organization","@id":"https:\/\/www.suno.com.br\/noticias\/#organization","name":"Suno Not\u00edcias","url":"https:\/\/www.suno.com.br\/noticias\/","logo":{"@type":"ImageObject","inLanguage":"pt-BR","@id":"https:\/\/www.suno.com.br\/noticias\/#\/schema\/logo\/image\/","url":"https:\/\/files.sunoresearch.com.br\/n\/uploads\/2021\/09\/suno-logo.png","contentUrl":"https:\/\/files.sunoresearch.com.br\/n\/uploads\/2021\/09\/suno-logo.png","width":180,"height":180,"caption":"Suno Not\u00edcias"},"image":{"@id":"https:\/\/www.suno.com.br\/noticias\/#\/schema\/logo\/image\/"},"sameAs":["https:\/\/facebook.com\/sunoresearch","https:\/\/x.com\/sunoresearch","https:\/\/www.instagram.com\/suno","https:\/\/www.linkedin.com\/company\/suno-research\/","https:\/\/www.youtube.com\/c\/sunoresearch"]},{"@type":"Person","@id":"https:\/\/www.suno.com.br\/noticias\/#\/schema\/person\/918d79de1f0281f01599b93f9ea6e23f","name":"Jader Lazarini","image":{"@type":"ImageObject","inLanguage":"pt-BR","@id":"https:\/\/www.suno.com.br\/noticias\/#\/schema\/person\/image\/","url":"https:\/\/secure.gravatar.com\/avatar\/3c1ad8caa51589841baeb923fcddea97?s=96&r=g","contentUrl":"https:\/\/secure.gravatar.com\/avatar\/3c1ad8caa51589841baeb923fcddea97?s=96&r=g","caption":"Jader Lazarini"},"description":"Jader Lazarini escreve sobre investimentos, finan\u00e7as, economia e neg\u00f3cios. \u00c9 bacharel em Rela\u00e7\u00f5es Internacionais e analista CNPI (2619).","url":"https:\/\/www.suno.com.br\/noticias\/author\/jader-lazarini\/"}]}},"default_loop_html":"<div class=\"cardsPage__listCard__boxs\"><div class=\"cardsPage__listCard__boxs__img\"><a href=\"https:\/\/www.suno.com.br\/noticias\/semana-internacional-alibaba-eua-hong-kong\/\"><img class=\"mask\" src=\"https:\/\/www.suno.com.br\/noticias\/wp-content\/themes\/suno\/resources\/images\/spotlight\/spotlight1img\/bg-mask.png\" alt=\"Image Mask\"\/><img src=\"https:\/\/files.sunoresearch.com.br\/n\/uploads\/2019\/11\/69d6713e-alibaba-400x200.webp\" alt=\"Semana Internacional: Alibaba, EUA e Hong Kong\"\/><\/a><span class=\"spotlightCategory\"><a href=\"https:\/\/www.suno.com.br\/noticias\/internacional\/\">Internacional<\/a><\/span><\/div><div class=\"cardsPage__listCard__boxs__content\"><a href=\"https:\/\/www.suno.com.br\/noticias\/semana-internacional-alibaba-eua-hong-kong\/\"><h2 class=\"content__title\">Semana Internacional: Alibaba, EUA e Hong Kong<\/h2><\/a><div class=\"newsContent__article__meta\"><div class=\"newsContent__article__meta__authorBox\"><a href=\"https:\/\/www.suno.com.br\/noticias\/author\/jader-lazarini\/\" class=\"authorBox__avatar noMobi\"><img src=\"https:\/\/files.sunoresearch.com.br\/n\/uploads\/2021\/01\/178e6598-foto-perfil-2-150x150.jpg\" alt=\"Jader Lazarini\"><\/a><div class=\"authorBox__name\"><span>por\n\t\t\t<a href=\"https:\/\/www.suno.com.br\/noticias\/author\/jader-lazarini\/\"><span itemprop=\"author\">Jader Lazarini<\/span><\/a><\/span><time datetime=\"2019-12-01T18:00:39-03:00\" itemprop=\"datePublished\">01\/12\/2019 18:00<\/time><\/div><\/div><\/div><\/div><\/div>","single_layout":"posts","amp_enabled":true,"_links":{"self":[{"href":"https:\/\/www.suno.com.br\/noticias\/wp-json\/wp\/v2\/posts\/46145"}],"collection":[{"href":"https:\/\/www.suno.com.br\/noticias\/wp-json\/wp\/v2\/posts"}],"about":[{"href":"https:\/\/www.suno.com.br\/noticias\/wp-json\/wp\/v2\/types\/post"}],"author":[{"embeddable":true,"href":"https:\/\/www.suno.com.br\/noticias\/wp-json\/wp\/v2\/users\/24"}],"replies":[{"embeddable":true,"href":"https:\/\/www.suno.com.br\/noticias\/wp-json\/wp\/v2\/comments?post=46145"}],"version-history":[{"count":0,"href":"https:\/\/www.suno.com.br\/noticias\/wp-json\/wp\/v2\/posts\/46145\/revisions"}],"wp:featuredmedia":[{"embeddable":true,"href":"https:\/\/www.suno.com.br\/noticias\/wp-json\/wp\/v2\/media\/43382"}],"wp:attachment":[{"href":"https:\/\/www.suno.com.br\/noticias\/wp-json\/wp\/v2\/media?parent=46145"}],"wp:term":[{"taxonomy":"category","embeddable":true,"href":"https:\/\/www.suno.com.br\/noticias\/wp-json\/wp\/v2\/categories?post=46145"},{"taxonomy":"post_tag","embeddable":true,"href":"https:\/\/www.suno.com.br\/noticias\/wp-json\/wp\/v2\/tags?post=46145"},{"taxonomy":"suno_strategy","embeddable":true,"href":"https:\/\/www.suno.com.br\/noticias\/wp-json\/wp\/v2\/suno_strategy?post=46145"}],"curies":[{"name":"wp","href":"https:\/\/api.w.org\/{rel}","templated":true}]}}