{"id":461287,"date":"2023-09-25T11:29:58","date_gmt":"2023-09-25T14:29:58","guid":{"rendered":"https:\/\/www.suno.com.br\/noticias\/?p=461287"},"modified":"2023-09-25T11:30:08","modified_gmt":"2023-09-25T14:30:08","slug":"destaques-itauda-nubank-e-mais-va","status":"publish","type":"post","link":"https:\/\/www.suno.com.br\/noticias\/destaques-itauda-nubank-e-mais-va\/","title":{"rendered":"Ita\u00fasa (ITSA4), Nubank (ROXO34) e WEG (WEGE3) aquecem mercado nesta segunda (25); veja mais destaques"},"content":{"rendered":"<p>A informa\u00e7\u00e3o sobre a <strong>Ita\u00fasa <\/strong>(ITSA4) que aprovou a realiza\u00e7\u00e3o de uma amortiza\u00e7\u00e3o antecipada facultativa de 60% das deb\u00eantures da 1\u00aa s\u00e9rie da 5\u00aa emiss\u00e3o da companhia \u00e9 um dos destaques desta segunda-feira (25).<\/p>\t<div class=\"wrapper-featured-image\">\n\t\t<figure class=\"spotlightImg\">\n\n\t\t\t<picture>\n\t\t\t\t<source media=\"(max-width: 768px)\" srcset=\"https:\/\/files.sunoresearch.com.br\/n\/uploads\/2023\/08\/stock-market-6693060_1280-e1692970982478-400x200.jpg\">\n\t\t\t\t<img loading=\"lazy\" decoding=\"async\" class=\"newsContent__article__imgCapa lazyloadDisabled \" src=\"https:\/\/files.sunoresearch.com.br\/n\/uploads\/2023\/08\/stock-market-6693060_1280-e1692970982478-800x450.jpg\" width=\"800\" height=\"450\" alt=\"Ita\u00fasa (ITSA4), Nubank (ROXO34) e WEG (WEGE3) aquecem mercado nesta segunda (25); veja mais destaques\" fetchpriority=high \/>\n\t\t\t<\/picture>\n\n\t\t\t<figcaption class=\"wp-caption-text wp-caption-text--show\">Petrobras (PETR4) e 3R Petroleum (RRRP3) movem o mercado.Foto: Pixabay<\/figcaption>\n\t\t<\/figure>\n\t<\/div>\n\n\n\n\n\n\t<p>\n\t\t<a href=\"https:\/\/lp.suno.com.br\/planilha-da-vida-financeira\/\" target=\"_blank\" data-element=\"shortcode-suno-banner\" title=\"Banner SUNO, clique e saiba mais\">\n\t\t\t<picture>\n\t\t\t\t<source media=\"(max-width: 500px)\" srcset=\"https:\/\/files.sunoresearch.com.br\/n\/uploads\/2023\/04\/400x300-Planilha-vida-financeira-true.png\">\n\t\t\t\t<img class=\"newsContent__article__imgCapa newsContent__article__imgCapa--banner\"\n\t\t\t\t\tsrc=\"https:\/\/files.sunoresearch.com.br\/n\/uploads\/2023\/04\/1420x240-Planilha-vida-financeira-true.png\"\n\t\t\t\t\tdata-promo-id=\"106682\"\t\t\t\t\t\t\t\t\t\twidth='1420' height='240'\t\t\t\t\talt=\"https:\/\/files.sunoresearch.com.br\/n\/uploads\/2023\/04\/1420x240-Planilha-vida-financeira-true.png\"\n\t\t\t\t>\n\t\t\t<\/picture>\n\t\t<\/a>\n\t<\/p>\n\n\n\n\n\n<p>Tamb\u00e9m est\u00e1 entre os<strong> destaques do mercado financeiro<\/strong> a Nubank (ROXO34), ap\u00f3s receber da S&amp;P Global Ratings a classifica\u00e7\u00e3o internacional BB-.<\/p>\n\n\n\n<p>A&nbsp; <a class=\"suno-keyword\" target=\"_blank\" data-force=\"yes\" data-priority=\"2\" href=\"https:\/\/www.suno.com.br\/acoes\/WEGE3\/\" rel=\"noopener\">WEG (WEGE3)<\/a> tamb\u00e9m \u00e9 destaque hoje, depois de suas controladas indiretas no exterior celebrarem com a americana Regal Rexnord contrato para aquisi\u00e7\u00e3o de novos neg\u00f3cios.<\/p>\n\n\n\n<p>Veja os <strong>destaques do mercado financeiro<\/strong> hoje:<\/p>\n\n\n\n<h2 class=\"wp-block-heading\">Ita\u00fasa&nbsp;<\/h2>\n\n\n\n<p>O <a class=\"suno-keyword\" data-force=\"no\" data-priority=\"1\" href=\"https:\/\/www.suno.com.br\/artigos\/conselho-administracao\/\" target=\"_blank\" rel=\"noopener\">conselho de administra\u00e7\u00e3o<\/a> da <a class=\"suno-keyword\" data-force=\"yes\" data-priority=\"2\" href=\"https:\/\/www.suno.com.br\/acoes\/ITSA4\/\" target=\"_blank\" rel=\"noopener\">Ita\u00fasa (<strong>ITSA4<\/strong>)<\/a> aprovou a realiza\u00e7\u00e3o de uma amortiza\u00e7\u00e3o antecipada facultativa de 60% das deb\u00eantures da 1\u00aa s\u00e9rie da 5\u00aa emiss\u00e3o da companhia, com o desembolso total de cerca de R$ 1,6 bilh\u00e3o.<\/p>\n\n\n\n<p>A amortiza\u00e7\u00e3o de deb\u00eantures da Ita\u00fasa foi antecipada para o dia 29 de setembro de 2023. Al\u00e9m disso, essa amortiza\u00e7\u00e3o vem da estrat\u00e9gia de desalavancagem da companhia e envolve o uso de recursos das vendas de a\u00e7\u00f5es da XP.<\/p>\n\n\n\t<div data-element=\"shortcode-read-more\" class=\"knowMore\">\n\t\t\t\t<span class=\"knowMore__title\">Leia mais<\/span>\n\t\t\t\t<a class=\"knowMore__link\" href=\"https:\/\/www.suno.com.br\/noticias\/itausa-itsa4-amortizacao-antecipada-debentures-jvj\/\">\n\t\t\tIta\u00fasa (ITSA4) anuncia amortiza\u00e7\u00e3o bilion\u00e1ria de deb\u00eantures; Veja o valor\t\t<\/a>\n\t<\/div>\n\n\n\n\n<h2 class=\"wp-block-heading\">Nubank<\/h2>\n\n\n\n<p>A Nu Holdings, empresa l\u00edder do Grupo <strong>Nubank (ROXO34)<\/strong>, e a Nu Financeira receberam da S&amp;P Global Ratings a classifica\u00e7\u00e3o internacional BB-.<\/p>\n\n\n\n<p>Em um relat\u00f3rio, a S&amp;P afirmou que a classifica\u00e7\u00e3o do Nubank reflete uma melhora em suas m\u00e9tricas financeiras gra\u00e7as a um forte crescimento e melhora na efici\u00eancia.<\/p>\n\n\n\t<div data-element=\"shortcode-read-more\" class=\"knowMore\">\n\t\t\t\t<span class=\"knowMore__title\">Leia mais<\/span>\n\t\t\t\t<a class=\"knowMore__link\" href=\"https:\/\/www.suno.com.br\/noticias\/nubank-roxo34-classificacao-internacional-cpf\/\">\n\t\t\tNubank (ROXO34) recebe classifica\u00e7\u00e3o internacional BB- pelo S&amp;P\t\t<\/a>\n\t<\/div>\n\n\n\n\n<h2 class=\"wp-block-heading\">WEG<\/h2>\n\n\n\n<p>A <strong>Weg (WEGE3)<\/strong> comunicou que suas controladas indiretas no exterior celebraram com a americana Regal Rexnord contrato para aquisi\u00e7\u00e3o dos neg\u00f3cios de motores el\u00e9tricos industriais e geradores no valor de US$ 400 milh\u00f5es.<\/p>\n\n\n\n<p>A aquisi\u00e7\u00e3o ser\u00e1 realizada pela Weg Eletric Corp e pela Weg Holding B.V, sociedades detidas pela Weg Equipamentos El\u00e9tricos S.A, controlada direta da companhia.<\/p>\n\n\n\t<div data-element=\"shortcode-read-more\" class=\"knowMore\">\n\t\t\t\t<span class=\"knowMore__title\">Leia mais<\/span>\n\t\t\t\t<a class=\"knowMore__link\" href=\"https:\/\/www.suno.com.br\/noticias\/weg-wege3-acordo-regal-rexnord-gpj\/\">\n\t\t\tWeg (WEGE3): controladas fecham acordo com Regal Rexnord por US$ 400 milh\u00f5es\t\t<\/a>\n\t<\/div>\n\n\n\n\n<h2 class=\"wp-block-heading\">3R Petroleum <\/h2>\n\n\n\n<p>A <a class=\"suno-keyword\" data-force=\"yes\" data-priority=\"2\" href=\"https:\/\/www.suno.com.br\/acoes\/RRRP3\/\" target=\"_blank\" rel=\"noopener\"><strong>3R Petroleum (RRRP3)<\/strong><\/a> informou que o Goldman Sachs, de forma agregada, possui participa\u00e7\u00e3o, atrav\u00e9s de derivativos de <a class=\"suno-keyword\" data-force=\"no\" data-priority=\"1\" href=\"https:\/\/www.suno.com.br\/artigos\/liquidacao-financeira\/\" target=\"_blank\" rel=\"noopener\">liquida\u00e7\u00e3o financeira<\/a>, equivalente a 13.145.292 <a class=\"suno-keyword\" data-force=\"no\" data-priority=\"1\" href=\"https:\/\/www.suno.com.br\/artigos\/o-que-sao-acoes-ordinarias-preferenciais-e-units\/\" target=\"_blank\" rel=\"noopener\">a\u00e7\u00f5es ordin\u00e1rias<\/a> de emiss\u00e3o da Companhia, correspondente a 5,48% do capital social.\u00a0<\/p>\n\n\n\n<h2 class=\"wp-block-heading\">Lojas Marisa<\/h2>\n\n\n\n<p>A <a class=\"suno-keyword\" data-force=\"yes\" data-priority=\"2\" href=\"https:\/\/www.suno.com.br\/acoes\/AMAR3\/\" target=\"_blank\" rel=\"noopener\"><strong>Lojas Marisa (AMAR3)<\/strong><\/a> comunicou que em Assembleia Geral Extraordin\u00e1ria foi aprovado o grupamento da totalidade das atuais 342.842.912 <a class=\"suno-keyword\" data-force=\"no\" data-priority=\"1\" href=\"https:\/\/www.suno.com.br\/artigos\/o-que-sao-acoes-ordinarias-preferenciais-e-units\/\" target=\"_blank\" rel=\"noopener\">a\u00e7\u00f5es ordin\u00e1rias<\/a> de emiss\u00e3o da companhia na propor\u00e7\u00e3o de 5 a\u00e7\u00f5es ordin\u00e1rias para formar 1 nova a\u00e7\u00e3o ordin\u00e1ria, todas nominativas, escriturais e sem <a class=\"suno-keyword\" data-force=\"no\" data-priority=\"1\" href=\"https:\/\/www.suno.com.br\/artigos\/valor-nominal\/\" target=\"_blank\" rel=\"noopener\">valor nominal<\/a>, sem altera\u00e7\u00e3o do capital social.\u00a0<\/p>\n\n\n\n<h2 class=\"wp-block-heading\">Saraiva&nbsp;<\/h2>\n\n\n\n<p>Ap\u00f3s a confirma\u00e7\u00e3o do encerramento das lojas f\u00edsicas da <a class=\"suno-keyword\" data-force=\"yes\" data-priority=\"2\" href=\"https:\/\/www.suno.com.br\/acoes\/SLED4\/\" target=\"_blank\" rel=\"noopener\"><strong>Saraiva (SLED4)<\/strong><\/a>, o Conselho de Administra\u00e7\u00e3o da livraria aceitou o pedido de ren\u00fancia do diretor presidente, Jorge Saraiva Neto. Junto a ele, o diretor vice-presidente da companhia, Oscar Pessoa Filho, tamb\u00e9m renuncia ao seu posto.<\/p>\n\n\n\t<div data-element=\"shortcode-read-more\" class=\"knowMore\">\n\t\t\t\t<span class=\"knowMore__title\">Leia mais<\/span>\n\t\t\t\t<a class=\"knowMore__link\" href=\"https:\/\/www.suno.com.br\/noticias\/saraiva-sled4-presidente-vice-renunciam-cpf\/\">\n\t\t\tJogada \u00e0s tra\u00e7as? Presidente e vice da Saraiva (SLED4) renunciam aos cargos ap\u00f3s an\u00fancio de fechamento de lojas\t\t<\/a>\n\t<\/div>\n\n\n\n\n<h2 class=\"wp-block-heading\">Localiza&nbsp;<\/h2>\n\n\n\n<p>O <a class=\"suno-keyword\" data-force=\"no\" data-priority=\"1\" href=\"https:\/\/www.suno.com.br\/artigos\/conselho-administracao\/\" target=\"_blank\" rel=\"noopener\">conselho de administra\u00e7\u00e3o<\/a> da <a class=\"suno-keyword\" data-force=\"yes\" data-priority=\"2\" href=\"https:\/\/www.suno.com.br\/acoes\/RENT3\/\" target=\"_blank\" rel=\"noopener\"><strong>Localiza (RENT3)<\/strong><\/a> aprovou um novo pagamento de <a class=\"suno-keyword\" data-force=\"no\" data-priority=\"1\" href=\"https:\/\/www.suno.com.br\/artigos\/entenda-o-jcp\/\" target=\"_blank\" rel=\"noopener\">juros sobre o capital pr\u00f3prio<\/a> (JCP), no valor bruto de R$ 428,868 milh\u00f5es.<\/p>\n\n\n\n<p>O pagamento dos juros sobre <a class=\"suno-keyword\" target=\"_blank\" data-force=\"no\" data-priority=\"1\" href=\"https:\/\/www.suno.com.br\/artigos\/capital-proprio\/\" rel=\"noopener\">capital pr\u00f3prio<\/a> da Localiza vai acontecer em 20 de novembro de 2023. O valor \u00e9 de R$ 0,406425666 por a\u00e7\u00e3o.&nbsp;<\/p>\n\n\n\t<p>\n\t\t<a href=\"https:\/\/lp.suno.com.br\/ebook-como-analisar-uma-acao\/\" target=\"_blank\" data-element=\"shortcode-suno-banner\" title=\"Banner SUNO, clique e saiba mais\">\n\t\t\t<picture>\n\t\t\t\t<source media=\"(max-width: 500px)\" srcset=\"https:\/\/files.sunoresearch.com.br\/n\/uploads\/2023\/03\/Ebook-Acoes-Mobile.jpg\">\n\t\t\t\t<img class=\"newsContent__article__imgCapa newsContent__article__imgCapa--banner\"\n\t\t\t\t\tsrc=\"https:\/\/files.sunoresearch.com.br\/n\/uploads\/2023\/03\/Ebook-Acoes-Desktop.jpg\"\n\t\t\t\t\tdata-promo-id=\"378302\"\t\t\t\t\t\t\t\t\t\twidth='1420' height='286'\t\t\t\t\talt=\"https:\/\/files.sunoresearch.com.br\/n\/uploads\/2023\/03\/Ebook-Acoes-Desktop.jpg\"\n\t\t\t\t>\n\t\t\t<\/picture>\n\t\t<\/a>\n\t<\/p>\n\n\n\n\n\n<h2 class=\"wp-block-heading\">Cosan&nbsp;<\/h2>\n\n\n\n<p>A <a class=\"suno-keyword\" data-force=\"yes\" data-priority=\"2\" href=\"https:\/\/www.suno.com.br\/acoes\/CSAN3\/\" target=\"_blank\" rel=\"noopener\"><strong>Cosan (CSAN3)<\/strong><\/a> informou a realiza\u00e7\u00e3o da 7\u00aa emiss\u00e3o de deb\u00eantures simples, n\u00e3o convers\u00edveis em a\u00e7\u00f5es, da esp\u00e9cie quirograf\u00e1ria, no montante de R$ 1,65 bilh\u00e3o, destinada exclusivamente a investidores profissionais.<\/p>\n\n\n\n<h2 class=\"wp-block-heading\">Mills&nbsp;<\/h2>\n\n\n\n<p>A <a class=\"suno-keyword\" data-force=\"yes\" data-priority=\"2\" href=\"https:\/\/www.suno.com.br\/acoes\/MILS3\/\" target=\"_blank\" rel=\"noopener\"><strong>Mills (MILS3)<\/strong><\/a> afirmou que foi encerrado programa de <a class=\"suno-keyword\" data-force=\"no\" data-priority=\"1\" href=\"https:\/\/www.suno.com.br\/artigos\/recompra-de-acoes\/\" target=\"_blank\" rel=\"noopener\">recompra de a\u00e7\u00f5es<\/a> de emiss\u00e3o da companhia.\u00a0<\/p>\n\n\n\n<p>Desde a cria\u00e7\u00e3o do programa at\u00e9 o dia 22 de setembro de 2023, a Mills recomprou 5.355.420 <a class=\"suno-keyword\" target=\"_blank\" data-force=\"no\" data-priority=\"1\" href=\"https:\/\/www.suno.com.br\/artigos\/o-que-sao-acoes-ordinarias-preferenciais-e-units\/\" rel=\"noopener\">a\u00e7\u00f5es ordin\u00e1rias<\/a> de sua emiss\u00e3o, equivalentes a 2,2% do capital social.&nbsp;<\/p>\n\n\n\n<h2 class=\"wp-block-heading\">Multiplan<\/h2>\n\n\n\n<p>A <a class=\"suno-keyword\" data-force=\"yes\" data-priority=\"2\" href=\"https:\/\/www.suno.com.br\/acoes\/MULT3\/\" target=\"_blank\" rel=\"noopener\"><strong>Multiplan (MULT3)<\/strong><\/a> far\u00e1 uma distribui\u00e7\u00e3o de juros sobre capital (JCP) aos seus acionistas de um total de R$ 120 milh\u00f5es, equivalente a R$ 0,2060 por a\u00e7\u00e3o.<\/p>\n\n\n\n<p>A companhia prev\u00ea que o pagamento ser\u00e1 feito aos acionistas at\u00e9 30 de setembro de 2024.<\/p>\n\n\n\t<div data-element=\"shortcode-read-more\" class=\"knowMore\">\n\t\t\t\t<span class=\"knowMore__title\">Leia mais<\/span>\n\t\t\t\t<a class=\"knowMore__link\" href=\"https:\/\/www.suno.com.br\/noticias\/multiplan-mul3-distribuira-jcp-milhoes-cpf\/\">\n\t\t\tMultiplan (MULT3) distribuir\u00e1 R$ 120 milh\u00f5es em JCP para acionistas at\u00e9 27 de setembro\t\t<\/a>\n\t<\/div>\n\n\n\n\n<h2 class=\"wp-block-heading\">Grupo Mateus<\/h2>\n\n\n\n<p>O <strong>Grupo Mateus (GMAT3)<\/strong> comunicou que a ag\u00eancia de classifica\u00e7\u00e3o de <a class=\"suno-keyword\" data-force=\"no\" data-priority=\"1\" href=\"https:\/\/www.suno.com.br\/artigos\/risco-de-credito\/\" target=\"_blank\" rel=\"noopener\">risco de cr\u00e9dito<\/a> Fitch Ratings elevou o rating nacional de <a class=\"suno-keyword\" data-force=\"no\" data-priority=\"1\" href=\"https:\/\/www.suno.com.br\/artigos\/longo-prazo\/\" target=\"_blank\" rel=\"noopener\">longo prazo<\/a> da companhia de AA+(bra) para AAA(bra), com perspectiva est\u00e1vel.<\/p>\n\n\n\n<p>Os destaques do mercado financeiro do Suno Not\u00edcias mostram os principais acontecimentos que prometem movimentar o mercado durante o dia, como o <strong>Ita\u00fasa <\/strong>(ITSA4), que deve estar no foco dos investidores ao longo do dia.<\/p>\n\n\n\n\n\t<p>\n\t\t<a href=\"https:\/\/lp.suno.com.br\/planilha-da-vida-financeira\/\" target=\"_blank\" data-element=\"shortcode-suno-banner\" title=\"Banner SUNO, clique e saiba mais\">\n\t\t\t<picture>\n\t\t\t\t<source media=\"(max-width: 500px)\" srcset=\"https:\/\/files.sunoresearch.com.br\/n\/uploads\/2023\/04\/400x300-Planilha-vida-financeira-true.png\">\n\t\t\t\t<img class=\"newsContent__article__imgCapa newsContent__article__imgCapa--banner\"\n\t\t\t\t\tsrc=\"https:\/\/files.sunoresearch.com.br\/n\/uploads\/2023\/04\/1420x240-Planilha-vida-financeira-true.png\"\n\t\t\t\t\tdata-promo-id=\"383123\"\t\t\t\t\t\t\t\t\t\twidth='1420' height='240'\t\t\t\t\talt=\"https:\/\/files.sunoresearch.com.br\/n\/uploads\/2023\/04\/1420x240-Planilha-vida-financeira-true.png\"\n\t\t\t\t>\n\t\t\t<\/picture>\n\t\t<\/a>\n\t<\/p>\n\n\n","protected":false},"excerpt":{"rendered":"<p>A informa\u00e7\u00e3o sobre a Ita\u00fasa (ITSA4) que aprovou a realiza\u00e7\u00e3o de uma amortiza\u00e7\u00e3o antecipada facultativa de 60% das deb\u00eantures da 1\u00aa s\u00e9rie da 5\u00aa emiss\u00e3o da companhia \u00e9 um dos destaques desta segunda-feira (25). Petrobras (PETR4) e 3R Petroleum (RRRP3) movem o mercado.Foto: Pixabay Tamb\u00e9m est\u00e1 entre os destaques do mercado financeiro a Nubank (ROXO34), [&hellip;]<\/p>\n","protected":false},"author":301,"featured_media":447432,"comment_status":"closed","ping_status":"closed","sticky":false,"template":"","format":"standard","meta":[],"categories":[60],"tags":[105065,286,433,92265,517,4065,541,561,570,848,629,681],"suno_strategy":[],"class_list":["post-461287","post","type-post","status-publish","format-standard","has-post-thumbnail","hentry","category-mercado","tag-3r-petroleum-rrrp3","tag-acoes","tag-cosan-csan3","tag-grupo-mateus-gmat3","tag-itausa-itsa3-itsa4","tag-localiza-rent3","tag-lojas-marisa-amar3","tag-mills-mils3","tag-multiplan-mult3","tag-nubank","tag-saraiva-sled3-sled4","tag-weg-wege3"],"yoast_head":"<!-- This site is optimized with the Yoast SEO plugin v24.4 - https:\/\/yoast.com\/wordpress\/plugins\/seo\/ -->\n<title>Ita\u00fasa (ITSA4), Nubank (ROXO34) e WEG (WEGE3) aquecem mercado<\/title>\n<meta name=\"description\" content=\"A informa\u00e7\u00e3o de que a Ita\u00fasa aprovou a realiza\u00e7\u00e3o de uma amortiza\u00e7\u00e3o antecipada de deb\u00eantures \u00e9 um dos destaques desta segunda-feira (25).\" \/>\n<meta name=\"robots\" content=\"index, follow, max-snippet:-1, max-image-preview:large, max-video-preview:-1\" \/>\n<link rel=\"canonical\" href=\"https:\/\/www.suno.com.br\/noticias\/destaques-itauda-nubank-e-mais-va\/\" \/>\n<meta property=\"og:locale\" content=\"pt_BR\" \/>\n<meta property=\"og:type\" content=\"article\" \/>\n<meta property=\"og:title\" content=\"Ita\u00fasa (ITSA4), Nubank (ROXO34) e WEG (WEGE3) aquecem mercado\" \/>\n<meta property=\"og:description\" content=\"A informa\u00e7\u00e3o de que a Ita\u00fasa aprovou a realiza\u00e7\u00e3o de uma amortiza\u00e7\u00e3o antecipada de deb\u00eantures \u00e9 um dos destaques desta segunda-feira (25).\" \/>\n<meta property=\"og:url\" content=\"https:\/\/www.suno.com.br\/noticias\/destaques-itauda-nubank-e-mais-va\/\" \/>\n<meta property=\"og:site_name\" content=\"Suno Not\u00edcias\" \/>\n<meta property=\"article:publisher\" content=\"https:\/\/facebook.com\/sunoresearch\" \/>\n<meta property=\"og:image\" content=\"https:\/\/files.sunoresearch.com.br\/n\/uploads\/2023\/08\/stock-market-6693060_1280-e1692970982478.jpg\" \/>\n\t<meta property=\"og:image:width\" content=\"1200\" \/>\n\t<meta property=\"og:image:height\" content=\"800\" \/>\n\t<meta property=\"og:image:type\" content=\"image\/jpeg\" \/>\n<meta name=\"author\" content=\"Vin\u00edcius Alves\" \/>\n<meta name=\"twitter:card\" content=\"summary_large_image\" \/>\n<meta name=\"twitter:creator\" content=\"@sunoresearch\" \/>\n<meta name=\"twitter:site\" content=\"@sunoresearch\" \/>\n<meta name=\"twitter:label1\" content=\"Escrito por\" \/>\n\t<meta name=\"twitter:data1\" content=\"Vin\u00edcius Alves\" \/>\n\t<meta name=\"twitter:label2\" content=\"Est. tempo de leitura\" \/>\n\t<meta name=\"twitter:data2\" content=\"4 minutos\" \/>\n<script type=\"application\/ld+json\" class=\"yoast-schema-graph\">{\"@context\":\"https:\/\/schema.org\",\"@graph\":[{\"@type\":\"NewsArticle\",\"@id\":\"https:\/\/www.suno.com.br\/noticias\/destaques-itauda-nubank-e-mais-va\/#article\",\"isPartOf\":{\"@id\":\"https:\/\/www.suno.com.br\/noticias\/destaques-itauda-nubank-e-mais-va\/\"},\"author\":{\"name\":\"Vin\u00edcius Alves\",\"@id\":\"https:\/\/www.suno.com.br\/noticias\/#\/schema\/person\/4a180549702d0e236b3e420862bcded3\"},\"headline\":\"Ita\u00fasa (ITSA4), Nubank (ROXO34) e WEG (WEGE3) aquecem mercado nesta segunda (25); veja mais destaques\",\"datePublished\":\"2023-09-25T14:29:58+00:00\",\"dateModified\":\"2023-09-25T14:30:08+00:00\",\"mainEntityOfPage\":{\"@id\":\"https:\/\/www.suno.com.br\/noticias\/destaques-itauda-nubank-e-mais-va\/\"},\"wordCount\":748,\"publisher\":{\"@id\":\"https:\/\/www.suno.com.br\/noticias\/#organization\"},\"image\":{\"@id\":\"https:\/\/www.suno.com.br\/noticias\/destaques-itauda-nubank-e-mais-va\/#primaryimage\"},\"thumbnailUrl\":\"https:\/\/files.sunoresearch.com.br\/n\/uploads\/2023\/08\/stock-market-6693060_1280-e1692970982478.jpg\",\"keywords\":[\"3R Petroleum (RRRP3)\",\"A\u00e7\u00f5es\",\"Cosan (CSAN3)\",\"Grupo Mateus (GMAT3)\",\"Ita\u00fasa (ITSA3\/ITSA4)\",\"Localiza (RENT3)\",\"Lojas Marisa (AMAR3)\",\"Mills (MILS3)\",\"Multiplan (MULT3)\",\"Nubank (NUBR33)\",\"Saraiva (SLED3\/SLED4)\",\"Weg (WEGE3)\"],\"articleSection\":[\"Mercado\"],\"inLanguage\":\"pt-BR\"},{\"@type\":\"WebPage\",\"@id\":\"https:\/\/www.suno.com.br\/noticias\/destaques-itauda-nubank-e-mais-va\/\",\"url\":\"https:\/\/www.suno.com.br\/noticias\/destaques-itauda-nubank-e-mais-va\/\",\"name\":\"Ita\u00fasa (ITSA4), Nubank (ROXO34) e WEG (WEGE3) aquecem mercado\",\"isPartOf\":{\"@id\":\"https:\/\/www.suno.com.br\/noticias\/#website\"},\"primaryImageOfPage\":{\"@id\":\"https:\/\/www.suno.com.br\/noticias\/destaques-itauda-nubank-e-mais-va\/#primaryimage\"},\"image\":{\"@id\":\"https:\/\/www.suno.com.br\/noticias\/destaques-itauda-nubank-e-mais-va\/#primaryimage\"},\"thumbnailUrl\":\"https:\/\/files.sunoresearch.com.br\/n\/uploads\/2023\/08\/stock-market-6693060_1280-e1692970982478.jpg\",\"datePublished\":\"2023-09-25T14:29:58+00:00\",\"dateModified\":\"2023-09-25T14:30:08+00:00\",\"description\":\"A informa\u00e7\u00e3o de que a Ita\u00fasa aprovou a realiza\u00e7\u00e3o de uma amortiza\u00e7\u00e3o antecipada de deb\u00eantures \u00e9 um dos destaques desta segunda-feira (25).\",\"breadcrumb\":{\"@id\":\"https:\/\/www.suno.com.br\/noticias\/destaques-itauda-nubank-e-mais-va\/#breadcrumb\"},\"inLanguage\":\"pt-BR\",\"potentialAction\":[{\"@type\":\"ReadAction\",\"target\":[\"https:\/\/www.suno.com.br\/noticias\/destaques-itauda-nubank-e-mais-va\/\"]}]},{\"@type\":\"ImageObject\",\"inLanguage\":\"pt-BR\",\"@id\":\"https:\/\/www.suno.com.br\/noticias\/destaques-itauda-nubank-e-mais-va\/#primaryimage\",\"url\":\"https:\/\/files.sunoresearch.com.br\/n\/uploads\/2023\/08\/stock-market-6693060_1280-e1692970982478.jpg\",\"contentUrl\":\"https:\/\/files.sunoresearch.com.br\/n\/uploads\/2023\/08\/stock-market-6693060_1280-e1692970982478.jpg\",\"width\":1200,\"height\":800,\"caption\":\"Petrobras (PETR4) e 3R Petroleum (RRRP3) movem o mercado.Foto: Pixabay\"},{\"@type\":\"BreadcrumbList\",\"@id\":\"https:\/\/www.suno.com.br\/noticias\/destaques-itauda-nubank-e-mais-va\/#breadcrumb\",\"itemListElement\":[{\"@type\":\"ListItem\",\"position\":1,\"name\":\"Not\u00edcias\",\"item\":\"https:\/\/www.suno.com.br\/noticias\/\"},{\"@type\":\"ListItem\",\"position\":2,\"name\":\"Mercado\",\"item\":\"https:\/\/www.suno.com.br\/noticias\/mercado\/\"},{\"@type\":\"ListItem\",\"position\":3,\"name\":\"Ita\u00fasa (ITSA4), Nubank (ROXO34) e WEG (WEGE3) aquecem mercado nesta segunda (25); veja mais destaques\"}]},{\"@type\":\"WebSite\",\"@id\":\"https:\/\/www.suno.com.br\/noticias\/#website\",\"url\":\"https:\/\/www.suno.com.br\/noticias\/\",\"name\":\"Suno Not\u00edcias\",\"description\":\"Seu portal de informa\u00e7\u00e3o sobre o mundo dos investimentos\",\"publisher\":{\"@id\":\"https:\/\/www.suno.com.br\/noticias\/#organization\"},\"potentialAction\":[{\"@type\":\"SearchAction\",\"target\":{\"@type\":\"EntryPoint\",\"urlTemplate\":\"https:\/\/www.suno.com.br\/noticias\/?s={search_term_string}\"},\"query-input\":{\"@type\":\"PropertyValueSpecification\",\"valueRequired\":true,\"valueName\":\"search_term_string\"}}],\"inLanguage\":\"pt-BR\"},{\"@type\":\"Organization\",\"@id\":\"https:\/\/www.suno.com.br\/noticias\/#organization\",\"name\":\"Suno Not\u00edcias\",\"url\":\"https:\/\/www.suno.com.br\/noticias\/\",\"logo\":{\"@type\":\"ImageObject\",\"inLanguage\":\"pt-BR\",\"@id\":\"https:\/\/www.suno.com.br\/noticias\/#\/schema\/logo\/image\/\",\"url\":\"https:\/\/files.sunoresearch.com.br\/n\/uploads\/2021\/09\/suno-logo.png\",\"contentUrl\":\"https:\/\/files.sunoresearch.com.br\/n\/uploads\/2021\/09\/suno-logo.png\",\"width\":180,\"height\":180,\"caption\":\"Suno Not\u00edcias\"},\"image\":{\"@id\":\"https:\/\/www.suno.com.br\/noticias\/#\/schema\/logo\/image\/\"},\"sameAs\":[\"https:\/\/facebook.com\/sunoresearch\",\"https:\/\/x.com\/sunoresearch\",\"https:\/\/www.instagram.com\/suno\",\"https:\/\/www.linkedin.com\/company\/suno-research\/\",\"https:\/\/www.youtube.com\/c\/sunoresearch\"]},{\"@type\":\"Person\",\"@id\":\"https:\/\/www.suno.com.br\/noticias\/#\/schema\/person\/4a180549702d0e236b3e420862bcded3\",\"name\":\"Vin\u00edcius Alves\",\"image\":{\"@type\":\"ImageObject\",\"inLanguage\":\"pt-BR\",\"@id\":\"https:\/\/www.suno.com.br\/noticias\/#\/schema\/person\/image\/\",\"url\":\"https:\/\/secure.gravatar.com\/avatar\/a95b7fe6d1b813f7907d4f476d5a39e1?s=96&r=g\",\"contentUrl\":\"https:\/\/secure.gravatar.com\/avatar\/a95b7fe6d1b813f7907d4f476d5a39e1?s=96&r=g\",\"caption\":\"Vin\u00edcius Alves\"},\"description\":\"Jornalista formado na Faculdade C\u00e1sper L\u00edbero. Com passagens pela Ag\u00eancia Estado, InfoMoney e Editora Globo.\",\"url\":\"https:\/\/www.suno.com.br\/noticias\/author\/vini08correiagmail-com\/\"}]}<\/script>\n<!-- \/ Yoast SEO plugin. -->","yoast_head_json":{"title":"Ita\u00fasa (ITSA4), Nubank (ROXO34) e WEG (WEGE3) aquecem mercado","description":"A informa\u00e7\u00e3o de que a Ita\u00fasa aprovou a realiza\u00e7\u00e3o de uma amortiza\u00e7\u00e3o antecipada de deb\u00eantures \u00e9 um dos destaques desta segunda-feira (25).","robots":{"index":"index","follow":"follow","max-snippet":"max-snippet:-1","max-image-preview":"max-image-preview:large","max-video-preview":"max-video-preview:-1"},"canonical":"https:\/\/www.suno.com.br\/noticias\/destaques-itauda-nubank-e-mais-va\/","og_locale":"pt_BR","og_type":"article","og_title":"Ita\u00fasa (ITSA4), Nubank (ROXO34) e WEG (WEGE3) aquecem mercado","og_description":"A informa\u00e7\u00e3o de que a Ita\u00fasa aprovou a realiza\u00e7\u00e3o de uma amortiza\u00e7\u00e3o antecipada de deb\u00eantures \u00e9 um dos destaques desta segunda-feira (25).","og_url":"https:\/\/www.suno.com.br\/noticias\/destaques-itauda-nubank-e-mais-va\/","og_site_name":"Suno Not\u00edcias","article_publisher":"https:\/\/facebook.com\/sunoresearch","og_image":[{"width":1200,"height":800,"url":"https:\/\/files.sunoresearch.com.br\/n\/uploads\/2023\/08\/stock-market-6693060_1280-e1692970982478.jpg","type":"image\/jpeg"}],"author":"Vin\u00edcius Alves","twitter_card":"summary_large_image","twitter_creator":"@sunoresearch","twitter_site":"@sunoresearch","twitter_misc":{"Escrito por":"Vin\u00edcius Alves","Est. tempo de leitura":"4 minutos"},"schema":{"@context":"https:\/\/schema.org","@graph":[{"@type":"NewsArticle","@id":"https:\/\/www.suno.com.br\/noticias\/destaques-itauda-nubank-e-mais-va\/#article","isPartOf":{"@id":"https:\/\/www.suno.com.br\/noticias\/destaques-itauda-nubank-e-mais-va\/"},"author":{"name":"Vin\u00edcius Alves","@id":"https:\/\/www.suno.com.br\/noticias\/#\/schema\/person\/4a180549702d0e236b3e420862bcded3"},"headline":"Ita\u00fasa (ITSA4), Nubank (ROXO34) e WEG (WEGE3) aquecem mercado nesta segunda (25); veja mais destaques","datePublished":"2023-09-25T14:29:58+00:00","dateModified":"2023-09-25T14:30:08+00:00","mainEntityOfPage":{"@id":"https:\/\/www.suno.com.br\/noticias\/destaques-itauda-nubank-e-mais-va\/"},"wordCount":748,"publisher":{"@id":"https:\/\/www.suno.com.br\/noticias\/#organization"},"image":{"@id":"https:\/\/www.suno.com.br\/noticias\/destaques-itauda-nubank-e-mais-va\/#primaryimage"},"thumbnailUrl":"https:\/\/files.sunoresearch.com.br\/n\/uploads\/2023\/08\/stock-market-6693060_1280-e1692970982478.jpg","keywords":["3R Petroleum (RRRP3)","A\u00e7\u00f5es","Cosan (CSAN3)","Grupo Mateus (GMAT3)","Ita\u00fasa (ITSA3\/ITSA4)","Localiza (RENT3)","Lojas Marisa (AMAR3)","Mills (MILS3)","Multiplan (MULT3)","Nubank (NUBR33)","Saraiva (SLED3\/SLED4)","Weg (WEGE3)"],"articleSection":["Mercado"],"inLanguage":"pt-BR"},{"@type":"WebPage","@id":"https:\/\/www.suno.com.br\/noticias\/destaques-itauda-nubank-e-mais-va\/","url":"https:\/\/www.suno.com.br\/noticias\/destaques-itauda-nubank-e-mais-va\/","name":"Ita\u00fasa (ITSA4), Nubank (ROXO34) e WEG (WEGE3) aquecem mercado","isPartOf":{"@id":"https:\/\/www.suno.com.br\/noticias\/#website"},"primaryImageOfPage":{"@id":"https:\/\/www.suno.com.br\/noticias\/destaques-itauda-nubank-e-mais-va\/#primaryimage"},"image":{"@id":"https:\/\/www.suno.com.br\/noticias\/destaques-itauda-nubank-e-mais-va\/#primaryimage"},"thumbnailUrl":"https:\/\/files.sunoresearch.com.br\/n\/uploads\/2023\/08\/stock-market-6693060_1280-e1692970982478.jpg","datePublished":"2023-09-25T14:29:58+00:00","dateModified":"2023-09-25T14:30:08+00:00","description":"A informa\u00e7\u00e3o de que a Ita\u00fasa aprovou a realiza\u00e7\u00e3o de uma amortiza\u00e7\u00e3o antecipada de deb\u00eantures \u00e9 um dos destaques desta segunda-feira (25).","breadcrumb":{"@id":"https:\/\/www.suno.com.br\/noticias\/destaques-itauda-nubank-e-mais-va\/#breadcrumb"},"inLanguage":"pt-BR","potentialAction":[{"@type":"ReadAction","target":["https:\/\/www.suno.com.br\/noticias\/destaques-itauda-nubank-e-mais-va\/"]}]},{"@type":"ImageObject","inLanguage":"pt-BR","@id":"https:\/\/www.suno.com.br\/noticias\/destaques-itauda-nubank-e-mais-va\/#primaryimage","url":"https:\/\/files.sunoresearch.com.br\/n\/uploads\/2023\/08\/stock-market-6693060_1280-e1692970982478.jpg","contentUrl":"https:\/\/files.sunoresearch.com.br\/n\/uploads\/2023\/08\/stock-market-6693060_1280-e1692970982478.jpg","width":1200,"height":800,"caption":"Petrobras (PETR4) e 3R Petroleum (RRRP3) movem o mercado.Foto: Pixabay"},{"@type":"BreadcrumbList","@id":"https:\/\/www.suno.com.br\/noticias\/destaques-itauda-nubank-e-mais-va\/#breadcrumb","itemListElement":[{"@type":"ListItem","position":1,"name":"Not\u00edcias","item":"https:\/\/www.suno.com.br\/noticias\/"},{"@type":"ListItem","position":2,"name":"Mercado","item":"https:\/\/www.suno.com.br\/noticias\/mercado\/"},{"@type":"ListItem","position":3,"name":"Ita\u00fasa (ITSA4), Nubank (ROXO34) e WEG (WEGE3) aquecem mercado nesta segunda (25); veja mais destaques"}]},{"@type":"WebSite","@id":"https:\/\/www.suno.com.br\/noticias\/#website","url":"https:\/\/www.suno.com.br\/noticias\/","name":"Suno Not\u00edcias","description":"Seu portal de informa\u00e7\u00e3o sobre o mundo dos investimentos","publisher":{"@id":"https:\/\/www.suno.com.br\/noticias\/#organization"},"potentialAction":[{"@type":"SearchAction","target":{"@type":"EntryPoint","urlTemplate":"https:\/\/www.suno.com.br\/noticias\/?s={search_term_string}"},"query-input":{"@type":"PropertyValueSpecification","valueRequired":true,"valueName":"search_term_string"}}],"inLanguage":"pt-BR"},{"@type":"Organization","@id":"https:\/\/www.suno.com.br\/noticias\/#organization","name":"Suno Not\u00edcias","url":"https:\/\/www.suno.com.br\/noticias\/","logo":{"@type":"ImageObject","inLanguage":"pt-BR","@id":"https:\/\/www.suno.com.br\/noticias\/#\/schema\/logo\/image\/","url":"https:\/\/files.sunoresearch.com.br\/n\/uploads\/2021\/09\/suno-logo.png","contentUrl":"https:\/\/files.sunoresearch.com.br\/n\/uploads\/2021\/09\/suno-logo.png","width":180,"height":180,"caption":"Suno Not\u00edcias"},"image":{"@id":"https:\/\/www.suno.com.br\/noticias\/#\/schema\/logo\/image\/"},"sameAs":["https:\/\/facebook.com\/sunoresearch","https:\/\/x.com\/sunoresearch","https:\/\/www.instagram.com\/suno","https:\/\/www.linkedin.com\/company\/suno-research\/","https:\/\/www.youtube.com\/c\/sunoresearch"]},{"@type":"Person","@id":"https:\/\/www.suno.com.br\/noticias\/#\/schema\/person\/4a180549702d0e236b3e420862bcded3","name":"Vin\u00edcius Alves","image":{"@type":"ImageObject","inLanguage":"pt-BR","@id":"https:\/\/www.suno.com.br\/noticias\/#\/schema\/person\/image\/","url":"https:\/\/secure.gravatar.com\/avatar\/a95b7fe6d1b813f7907d4f476d5a39e1?s=96&r=g","contentUrl":"https:\/\/secure.gravatar.com\/avatar\/a95b7fe6d1b813f7907d4f476d5a39e1?s=96&r=g","caption":"Vin\u00edcius Alves"},"description":"Jornalista formado na Faculdade C\u00e1sper L\u00edbero. Com passagens pela Ag\u00eancia Estado, InfoMoney e Editora Globo.","url":"https:\/\/www.suno.com.br\/noticias\/author\/vini08correiagmail-com\/"}]}},"default_loop_html":"<div class=\"cardsPage__listCard__boxs\"><div class=\"cardsPage__listCard__boxs__img\"><a href=\"https:\/\/www.suno.com.br\/noticias\/destaques-itauda-nubank-e-mais-va\/\"><img class=\"mask\" src=\"https:\/\/www.suno.com.br\/noticias\/wp-content\/themes\/suno\/resources\/images\/spotlight\/spotlight1img\/bg-mask.png\" alt=\"Image Mask\"\/><img src=\"https:\/\/files.sunoresearch.com.br\/n\/uploads\/2023\/08\/stock-market-6693060_1280-e1692970982478-400x200.jpg\" alt=\"Ita\u00fasa (ITSA4), Nubank (ROXO34) e WEG (WEGE3) aquecem mercado nesta segunda (25); veja mais destaques\"\/><\/a><span class=\"spotlightCategory\"><a href=\"https:\/\/www.suno.com.br\/noticias\/mercado\/\">Mercado<\/a><\/span><\/div><div class=\"cardsPage__listCard__boxs__content\"><a href=\"https:\/\/www.suno.com.br\/noticias\/destaques-itauda-nubank-e-mais-va\/\"><h2 class=\"content__title\">Ita\u00fasa (ITSA4), Nubank (ROXO34) e WEG (WEGE3) aquecem mercado nesta segunda (25); veja mais destaques<\/h2><\/a><div class=\"newsContent__article__meta\"><div class=\"newsContent__article__meta__authorBox\"><a href=\"https:\/\/www.suno.com.br\/noticias\/author\/vini08correiagmail-com\/\" class=\"authorBox__avatar noMobi\"><img src=\"https:\/\/files.sunoresearch.com.br\/n\/uploads\/2026\/04\/WhatsApp-Image-2026-04-20-at-19.35.48-150x150.webp\" alt=\"Vin\u00edcius Alves\"><\/a><div class=\"authorBox__name\"><span>por\n\t\t\t<a href=\"https:\/\/www.suno.com.br\/noticias\/author\/vini08correiagmail-com\/\"><span itemprop=\"author\">Vin\u00edcius Alves<\/span><\/a><\/span><time datetime=\"2023-09-25T11:29:58-03:00\" itemprop=\"datePublished\">25\/09\/2023 11:29<\/time><\/div><\/div><\/div><\/div><\/div>","single_layout":"posts","amp_enabled":true,"_links":{"self":[{"href":"https:\/\/www.suno.com.br\/noticias\/wp-json\/wp\/v2\/posts\/461287"}],"collection":[{"href":"https:\/\/www.suno.com.br\/noticias\/wp-json\/wp\/v2\/posts"}],"about":[{"href":"https:\/\/www.suno.com.br\/noticias\/wp-json\/wp\/v2\/types\/post"}],"author":[{"embeddable":true,"href":"https:\/\/www.suno.com.br\/noticias\/wp-json\/wp\/v2\/users\/301"}],"replies":[{"embeddable":true,"href":"https:\/\/www.suno.com.br\/noticias\/wp-json\/wp\/v2\/comments?post=461287"}],"version-history":[{"count":3,"href":"https:\/\/www.suno.com.br\/noticias\/wp-json\/wp\/v2\/posts\/461287\/revisions"}],"predecessor-version":[{"id":461373,"href":"https:\/\/www.suno.com.br\/noticias\/wp-json\/wp\/v2\/posts\/461287\/revisions\/461373"}],"wp:featuredmedia":[{"embeddable":true,"href":"https:\/\/www.suno.com.br\/noticias\/wp-json\/wp\/v2\/media\/447432"}],"wp:attachment":[{"href":"https:\/\/www.suno.com.br\/noticias\/wp-json\/wp\/v2\/media?parent=461287"}],"wp:term":[{"taxonomy":"category","embeddable":true,"href":"https:\/\/www.suno.com.br\/noticias\/wp-json\/wp\/v2\/categories?post=461287"},{"taxonomy":"post_tag","embeddable":true,"href":"https:\/\/www.suno.com.br\/noticias\/wp-json\/wp\/v2\/tags?post=461287"},{"taxonomy":"suno_strategy","embeddable":true,"href":"https:\/\/www.suno.com.br\/noticias\/wp-json\/wp\/v2\/suno_strategy?post=461287"}],"curies":[{"name":"wp","href":"https:\/\/api.w.org\/{rel}","templated":true}]}}