{"id":461223,"date":"2023-09-25T09:17:10","date_gmt":"2023-09-25T12:17:10","guid":{"rendered":"https:\/\/www.suno.com.br\/noticias\/?p=461223"},"modified":"2023-09-25T09:20:51","modified_gmt":"2023-09-25T12:20:51","slug":"celesc-clsc3-jcp-acionistas-gpj","status":"publish","type":"post","link":"https:\/\/www.suno.com.br\/noticias\/celesc-clsc3-jcp-acionistas-gpj\/","title":{"rendered":"Celesc (CLSC3) pagar\u00e1 R$ 48,7 milh\u00f5es em JCP aos acionistas; veja valor por a\u00e7\u00e3o"},"content":{"rendered":"<p>A <a href=\"https:\/\/www.suno.com.br\/acoes\/CLSC3\/\"><strong>Celesc<\/strong> (CLSC3)<\/a> pagar\u00e1 uma cifra de R$ 48,7 milh\u00f5es em\u00a0<a href=\"https:\/\/www.suno.com.br\/artigos\/entenda-o-jcp\/\" target=\"_blank\" rel=\"noreferrer noopener\">juros sobre capital pr\u00f3prio<\/a>\u00a0(JCP) aos seus acionistas, conforme divulgado pela companhia nesta segunda-feira (25).<\/p>\t<div class=\"wrapper-featured-image\">\n\t\t<figure class=\"spotlightImg\">\n\n\t\t\t<picture>\n\t\t\t\t<source media=\"(max-width: 768px)\" srcset=\"https:\/\/files.sunoresearch.com.br\/n\/uploads\/2022\/06\/loja_da_celesc_em_florianopolis-400x200.jpg\">\n\t\t\t\t<img loading=\"lazy\" decoding=\"async\" class=\"newsContent__article__imgCapa lazyloadDisabled \" src=\"https:\/\/files.sunoresearch.com.br\/n\/uploads\/2022\/06\/loja_da_celesc_em_florianopolis-800x450.jpg\" width=\"800\" height=\"450\" alt=\"Celesc (CLSC3) pagar\u00e1 R$ 48,7 milh\u00f5es em JCP aos acionistas; veja valor por a\u00e7\u00e3o\" fetchpriority=high \/>\n\t\t\t<\/picture>\n\n\t\t\t<figcaption class=\"wp-caption-text wp-caption-text--show\">Celesc - Foto: Divulga\u00e7\u00e3o\/Heda Wenzel\/Celesc<\/figcaption>\n\t\t<\/figure>\n\t<\/div>\n\n\n\n\n\n\n\n\t<p>\n\t\t<a href=\"https:\/\/lp.suno.com.br\/planilha-da-vida-financeira\/\" target=\"_blank\" data-element=\"shortcode-suno-banner\" title=\"Banner SUNO, clique e saiba mais\">\n\t\t\t<picture>\n\t\t\t\t<source media=\"(max-width: 500px)\" srcset=\"https:\/\/files.sunoresearch.com.br\/n\/uploads\/2023\/04\/400x300-Planilha-vida-financeira-true.png\">\n\t\t\t\t<img class=\"newsContent__article__imgCapa newsContent__article__imgCapa--banner\"\n\t\t\t\t\tsrc=\"https:\/\/files.sunoresearch.com.br\/n\/uploads\/2023\/04\/1420x240-Planilha-vida-financeira-true.png\"\n\t\t\t\t\tdata-promo-id=\"106682\"\t\t\t\t\t\t\t\t\t\twidth='1420' height='240'\t\t\t\t\talt=\"https:\/\/files.sunoresearch.com.br\/n\/uploads\/2023\/04\/1420x240-Planilha-vida-financeira-true.png\"\n\t\t\t\t>\n\t\t\t<\/picture>\n\t\t<\/a>\n\t<\/p>\n\n\n\n\n\n<p>O valor dos<strong>\u00a0proventos<\/strong> <strong>da Celesc<\/strong> ser\u00e1 de R$ 1,19 por a\u00e7\u00e3o ordin\u00e1ria e R$ 1,31 por a\u00e7\u00e3o preferencial.<\/p>\n\n\n\n<p>Apenas os investidores com\u00a0a\u00e7\u00f5es da companhia\u00a0no dia 29 de setembro ter\u00e3o direito de receber os\u00a0<strong>rendimentos<\/strong>. A partir do dia 2 de outubro, as a\u00e7\u00f5es ser\u00e3o negociadas sem direito aos juros.<\/p>\n\n\n\n<p>Os proventos ser\u00e3o pagos em duas parcelas, cada uma de 50% do valor, representando R$ 0,596323088 por a\u00e7\u00e3o ordin\u00e1ria e R$ 0,655955397 por a\u00e7\u00e3o preferencial, at\u00e9 30 de dezembro de 2024.<\/p>\n\n\n\n<p>Ainda de acordo com a Celesc, &#8220;os valores dos juros ser\u00e3o distribu\u00eddos sem atualiza\u00e7\u00e3o monet\u00e1ria e estar\u00e3o sujeitos ao <a href=\"https:\/\/www.suno.com.br\/guias\/imposto-de-renda-guia\/\">imposto de renda<\/a> retido na fonte, \u00e0 al\u00edquota de 15%, exceto para os acionistas comprovadamente imunes ou isentos, nos termos da legisla\u00e7\u00e3o fiscal em vigor&#8221;.<\/p>\n\n\n\n<h2 class=\"wp-block-heading\">JCP da Celesc<\/h2>\n\n\n\n<ul class=\"wp-block-list\">\n<li>Valor total: R$ 48.750.648,52<\/li>\n\n\n\n<li>Valor por a\u00e7\u00e3o: R$ 1,192646176 por a\u00e7\u00e3o ordin\u00e1ria e R$ 1,311910794 por a\u00e7\u00e3o preferencial.<\/li>\n\n\n\n<li>Data de corte: 29 de setembro<\/li>\n\n\n\n<li>Data do pagamento: A ser definida pelos acionistas em assembleia<\/li>\n<\/ul>\n\n\n\n\t<div data-element=\"shortcode-read-more\" class=\"readToo\">\n\t\t\t\t<span class=\"readToo__title\">Leia mais<\/span>\n\t\t\t\t<ul class=\"readToo__list\">\n\t\t\t<li><a href=\"https:\/\/www.suno.com.br\/noticias\/agenda-dividendos-jalles-machado-jall3-setembro-cpf\/\">Jalles Machado (JALL3) vai distribuir dividendos de R$ 0,4426 por a\u00e7\u00e3o hoje<\/a><\/li><li><a href=\"https:\/\/www.suno.com.br\/noticias\/multiplan-mul3-distribuira-jcp-milhoes-cpf\/\">Multiplan (MULT3) distribuir\u00e1 R$ 120 milh\u00f5es em JCP para acionistas at\u00e9 27 de setembro<\/a><\/li><li><a href=\"https:\/\/www.suno.com.br\/noticias\/itausa-itsa4-amortizacao-antecipada-debentures-jvj\/\">Ita\u00fasa (ITSA4) anuncia amortiza\u00e7\u00e3o bilion\u00e1ria de deb\u00eantures; Veja o valor<\/a><\/li>\t\t<\/ul>\n\t<\/div>\n\n\n\n\t<p>\n\t\t<a href=\"https:\/\/lp.suno.com.br\/ebook-como-analisar-uma-acao\/\" target=\"_blank\" data-element=\"shortcode-suno-banner\" title=\"Banner SUNO, clique e saiba mais\">\n\t\t\t<picture>\n\t\t\t\t<source media=\"(max-width: 500px)\" srcset=\"https:\/\/files.sunoresearch.com.br\/n\/uploads\/2023\/03\/Ebook-Acoes-Mobile.jpg\">\n\t\t\t\t<img class=\"newsContent__article__imgCapa newsContent__article__imgCapa--banner\"\n\t\t\t\t\tsrc=\"https:\/\/files.sunoresearch.com.br\/n\/uploads\/2023\/03\/Ebook-Acoes-Desktop.jpg\"\n\t\t\t\t\tdata-promo-id=\"378302\"\t\t\t\t\t\t\t\t\t\twidth='1420' height='286'\t\t\t\t\talt=\"https:\/\/files.sunoresearch.com.br\/n\/uploads\/2023\/03\/Ebook-Acoes-Desktop.jpg\"\n\t\t\t\t>\n\t\t\t<\/picture>\n\t\t<\/a>\n\t<\/p>\n\n\n\n\n\n<h2 class=\"wp-block-heading\">Desempenho das a\u00e7\u00f5es da Celesc<\/h2>\n\n\n\n<div class=\"pluginQuotation\">\n  <p class=\"ticker\">\n    Cota\u00e7\u00e3o <span>CLSC3<\/span>\n  <\/p>\n  <div class=\"info\">\n    <div class=\"leftSide\">\n      Gr\u00e1fico gerado em: 25\/09\/2023    <\/div>\n\t\t\t\t\t<div class=\"rightSide\">\n\t\t\t\t\t<span class=\"period\">\n\t\t\t\t\t\t1 M\u00eas\t\t\t\t\t<\/span>\n\t\t\t<\/div>\n\t\t  <\/div>\n\n  <div id=\"chart-74a2aa18f680e88884169017cf4b63b1\" data-block-hash=\"74a2aa18f680e88884169017cf4b63b1\"  class=\"chart\" style=\"width:100%;height:400px;\"><\/div>\n\n  <div class=\"pluginQuotation__footer\">\n    <div class=\"dataChart\">\n\n      <div class=\"dataChart__div1 variation\">\n        <div class=\"value-positive\">\n          1,62 (+0,99%)        <\/div>\n        <div class=\"text\">\n          Varia\u00e7\u00e3o do per\u00edodo\n        <\/div>\n      <\/div>\n\n      <div class=\"dataChart__div2 minMax\">\n        <div class=\"value\">\n          R$\u00a060,41        <\/div>\n        <div class=\"text\">\n          M\u00ednima\n        <\/div>\n      <\/div>\n\n      <div class=\"dataChart__div3 minMax\">\n        <div class=\"value\">\n          R$\u00a063,00        <\/div>\n        <div class=\"text\">\n          M\u00e1xima\n        <\/div>\n      <\/div>\n\n\t\t\t<div class=\"dataChart__div4 rightSide\">\n\t\t\t\t<div class=\"analiticaSource\">\n\t\t\t\t\t<span>\n\t\t\t\t\t\tFonte:\n\t\t\t\t\t<\/span>\n\t\t\t\t\t<img decoding=\"async\" class=\"analiticaLogo\" src=\"https:\/\/www.suno.com.br\/noticias\/wp-content\/plugins\/suno-block-ticker-quotation\/src\/suno-analitica-logo.png\" alt=\"Logo Suno Anal\u00edtica\" \/>\n\t\t\t\t<\/div>\n\n\t\t\t\t<a href=\"https:\/\/www.suno.com.br\/analitica\/acoes\/CLSC3\" target=\"_blank\">\n\t\t\t\t\t<span>\n\t\t\t\t\t\tVer mais cota\u00e7\u00f5es\n\t\t\t\t\t<\/span>\n\t\t\t\t\t<svg xmlns=\"http:\/\/www.w3.org\/2000\/svg\" width=\"9\" height=\"8\" viewBox=\"0 0 9 8\" fill=\"none\">\n\t\t\t\t\t\t<path d=\"M4.20996 0L3.50496 0.705L6.29496 3.5H0.209961V4.5H6.29496L3.50496 7.295L4.20996 8L8.20996 4L4.20996 0Z\" fill=\"#D42126\" \/>\n\t\t\t\t\t<\/svg>\n\t\t\t\t<\/a>\n    <\/div>\n\n    <\/div>\n  <\/div>\n<\/div>\n\n\n<script type=\"text\/javascript\">\n  let chart_74a2aa18f680e88884169017cf4b63b1 = document.getElementById('chart-74a2aa18f680e88884169017cf4b63b1');\n  let data_json_74a2aa18f680e88884169017cf4b63b1 = \"[{\\\"date\\\":\\\"28\\\\\\\/08\\\\\\\/23 \\\",\\\"value\\\":61},{\\\"date\\\":\\\"29\\\\\\\/08\\\\\\\/23 \\\",\\\"value\\\":61.06},{\\\"date\\\":\\\"31\\\\\\\/08\\\\\\\/23 \\\",\\\"value\\\":62.5},{\\\"date\\\":\\\"01\\\\\\\/09\\\\\\\/23 \\\",\\\"value\\\":61.1},{\\\"date\\\":\\\"04\\\\\\\/09\\\\\\\/23 \\\",\\\"value\\\":63},{\\\"date\\\":\\\"05\\\\\\\/09\\\\\\\/23 \\\",\\\"value\\\":61.97},{\\\"date\\\":\\\"11\\\\\\\/09\\\\\\\/23 \\\",\\\"value\\\":60.41},{\\\"date\\\":\\\"13\\\\\\\/09\\\\\\\/23 \\\",\\\"value\\\":61.99},{\\\"date\\\":\\\"15\\\\\\\/09\\\\\\\/23 \\\",\\\"value\\\":61.99}]\";\n  let isPositive_74a2aa18f680e88884169017cf4b63b1 = true;\n\n  let color_74a2aa18f680e88884169017cf4b63b1 = isPositive_74a2aa18f680e88884169017cf4b63b1 ? '#3AB53A' : '#D92C2D';\n\n  let data_74a2aa18f680e88884169017cf4b63b1 = JSON.parse(data_json_74a2aa18f680e88884169017cf4b63b1);\n\n  const result_74a2aa18f680e88884169017cf4b63b1 = {\n    date: [],\n    value: [],\n  };\n\n  data_74a2aa18f680e88884169017cf4b63b1.forEach((item) => {\n    result_74a2aa18f680e88884169017cf4b63b1.date.push(item.date);\n    result_74a2aa18f680e88884169017cf4b63b1.value.push(Number(item.value));\n  });\n\n  let option_74a2aa18f680e88884169017cf4b63b1 = {\n    \/\/ variavel de cor global\n    color: [color_74a2aa18f680e88884169017cf4b63b1],\n    title: {\n      text: '',\n    },\n    tooltip: {\n      trigger: 'axis',\n      axisPointer: {\n        type: 'cross',\n        label: {\n          \/\/ cor dos valores em X e Y\n          backgroundColor: color_74a2aa18f680e88884169017cf4b63b1,\n          formatter: (value) => {\n            if (typeof value.value === 'number') {\n              return Number(value.value).toLocaleString('pt-br', {\n                style: 'currency',\n                currency: 'BRL'\n              });\n            }\n            return value.value;\n          },\n        },\n      },\n      valueFormatter: (value) => Number(value).toLocaleString('pt-br', {\n        style: 'currency',\n        currency: 'BRL'\n      }),\n    },\n    legend: {\n      \/\/ data: ['Valor de Fechamento'],\n      show: false,\n    },\n    toolbox: {\n      feature: {\n        saveAsImage: {\n          show: false,\n        },\n      },\n    },\n    grid: {\n      left: '0px',\n      right: '0px',\n      bottom: '0px',\n      containLabel: true,\n    },\n    xAxis: [{\n      type: 'category',\n      data: result_74a2aa18f680e88884169017cf4b63b1.date,\n      boundaryGap: true,\n    }],\n    yAxis: [{\n      type: 'value',\n      min: Math.min(...result_74a2aa18f680e88884169017cf4b63b1.value),\n      max: Math.max(...result_74a2aa18f680e88884169017cf4b63b1.value),\n      axisLabel: {\n        formatter: (value) => value.toLocaleString('pt-br', {\n          style: 'currency',\n          currency: 'BRL'\n        }),\n      },\n    }],\n    series: [{\n      name: 'Valor de Fechamento',\n      type: 'line',\n      stack: 'Total',\n      \/\/ cor do grafico\n      areaStyle: {},\n      emphasis: {\n        focus: 'series',\n      },\n      data: result_74a2aa18f680e88884169017cf4b63b1.value,\n      \/\/ cor da linha\n      lineStyle: {\n        color: color_74a2aa18f680e88884169017cf4b63b1,\n      },\n    }, ],\n  };\n\n\twindow.chart_74a2aa18f680e88884169017cf4b63b1 = {\n\t\tel: chart_74a2aa18f680e88884169017cf4b63b1,\n\t\toption: option_74a2aa18f680e88884169017cf4b63b1\t};\n\n\n<\/script>\n\n\n\t<p>\n\t\t<a href=\"https:\/\/lp.suno.com.br\/planilha-da-vida-financeira\/\" target=\"_blank\" data-element=\"shortcode-suno-banner\" title=\"Banner SUNO, clique e saiba mais\">\n\t\t\t<picture>\n\t\t\t\t<source media=\"(max-width: 500px)\" srcset=\"https:\/\/files.sunoresearch.com.br\/n\/uploads\/2023\/04\/400x300-Planilha-vida-financeira-true.png\">\n\t\t\t\t<img class=\"newsContent__article__imgCapa newsContent__article__imgCapa--banner\"\n\t\t\t\t\tsrc=\"https:\/\/files.sunoresearch.com.br\/n\/uploads\/2023\/04\/1420x240-Planilha-vida-financeira-true.png\"\n\t\t\t\t\tdata-promo-id=\"383123\"\t\t\t\t\t\t\t\t\t\twidth='1420' height='240'\t\t\t\t\talt=\"https:\/\/files.sunoresearch.com.br\/n\/uploads\/2023\/04\/1420x240-Planilha-vida-financeira-true.png\"\n\t\t\t\t>\n\t\t\t<\/picture>\n\t\t<\/a>\n\t<\/p>\n\n\n","protected":false},"excerpt":{"rendered":"<p>A Celesc (CLSC3) pagar\u00e1 uma cifra de R$ 48,7 milh\u00f5es em\u00a0juros sobre capital pr\u00f3prio\u00a0(JCP) aos seus acionistas, conforme divulgado pela companhia nesta segunda-feira (25). Celesc &#8211; Foto: Divulga\u00e7\u00e3o\/Heda Wenzel\/Celesc O valor dos\u00a0proventos da Celesc ser\u00e1 de R$ 1,19 por a\u00e7\u00e3o ordin\u00e1ria e R$ 1,31 por a\u00e7\u00e3o preferencial. Apenas os investidores com\u00a0a\u00e7\u00f5es da companhia\u00a0no dia 29 [&hellip;]<\/p>\n","protected":false},"author":313,"featured_media":268438,"comment_status":"closed","ping_status":"closed","sticky":false,"template":"","format":"standard","meta":[],"categories":[64],"tags":[413,1957],"suno_strategy":[],"class_list":["post-461223","post","type-post","status-publish","format-standard","has-post-thumbnail","hentry","category-negocios","tag-celesc-clsc3-clsc4","tag-juros-sobre-capital-proprio-jcp"],"yoast_head":"<!-- This site is optimized with the Yoast SEO plugin v24.4 - https:\/\/yoast.com\/wordpress\/plugins\/seo\/ -->\n<title>Celesc (CLSC3) pagar\u00e1 R$ 48 milh\u00f5es em JCP aos acionistas<\/title>\n<meta name=\"description\" content=\"A Celesc pagar\u00e1 R$ 48 milh\u00f5es em\u00a0juros sobre capital pr\u00f3prio\u00a0(JCP) aos seus acionistas, conforme divulgado pela companhia nesta segunda.\" \/>\n<meta name=\"robots\" content=\"index, follow, max-snippet:-1, max-image-preview:large, max-video-preview:-1\" \/>\n<link rel=\"canonical\" href=\"https:\/\/www.suno.com.br\/noticias\/celesc-clsc3-jcp-acionistas-gpj\/\" \/>\n<meta property=\"og:locale\" content=\"pt_BR\" \/>\n<meta property=\"og:type\" content=\"article\" \/>\n<meta property=\"og:title\" content=\"Celesc (CLSC3) pagar\u00e1 R$ 48 milh\u00f5es em JCP aos acionistas\" \/>\n<meta property=\"og:description\" content=\"A Celesc pagar\u00e1 R$ 48 milh\u00f5es em\u00a0juros sobre capital pr\u00f3prio\u00a0(JCP) aos seus acionistas, conforme divulgado pela companhia nesta segunda.\" \/>\n<meta property=\"og:url\" content=\"https:\/\/www.suno.com.br\/noticias\/celesc-clsc3-jcp-acionistas-gpj\/\" \/>\n<meta property=\"og:site_name\" content=\"Suno Not\u00edcias\" \/>\n<meta property=\"article:publisher\" content=\"https:\/\/facebook.com\/sunoresearch\" \/>\n<meta property=\"og:image\" content=\"https:\/\/files.sunoresearch.com.br\/n\/uploads\/2022\/06\/loja_da_celesc_em_florianopolis.jpg\" \/>\n\t<meta property=\"og:image:width\" content=\"1280\" \/>\n\t<meta property=\"og:image:height\" content=\"720\" \/>\n\t<meta property=\"og:image:type\" content=\"image\/jpeg\" \/>\n<meta name=\"author\" content=\"Giovanni Porf\u00edrio Jacomino\" \/>\n<meta name=\"twitter:card\" content=\"summary_large_image\" \/>\n<meta name=\"twitter:creator\" content=\"@sunoresearch\" \/>\n<meta name=\"twitter:site\" content=\"@sunoresearch\" \/>\n<meta name=\"twitter:label1\" content=\"Escrito por\" \/>\n\t<meta name=\"twitter:data1\" content=\"Giovanni Porf\u00edrio Jacomino\" \/>\n\t<meta name=\"twitter:label2\" content=\"Est. tempo de leitura\" \/>\n\t<meta name=\"twitter:data2\" content=\"2 minutos\" \/>\n<script type=\"application\/ld+json\" class=\"yoast-schema-graph\">{\"@context\":\"https:\/\/schema.org\",\"@graph\":[{\"@type\":\"NewsArticle\",\"@id\":\"https:\/\/www.suno.com.br\/noticias\/celesc-clsc3-jcp-acionistas-gpj\/#article\",\"isPartOf\":{\"@id\":\"https:\/\/www.suno.com.br\/noticias\/celesc-clsc3-jcp-acionistas-gpj\/\"},\"author\":{\"name\":\"Giovanni Porf\u00edrio Jacomino\",\"@id\":\"https:\/\/www.suno.com.br\/noticias\/#\/schema\/person\/d0f32748bbca4bee871fa191ee4e2d40\"},\"headline\":\"Celesc (CLSC3) pagar\u00e1 R$ 48,7 milh\u00f5es em JCP aos acionistas; veja valor por a\u00e7\u00e3o\",\"datePublished\":\"2023-09-25T12:17:10+00:00\",\"dateModified\":\"2023-09-25T12:20:51+00:00\",\"mainEntityOfPage\":{\"@id\":\"https:\/\/www.suno.com.br\/noticias\/celesc-clsc3-jcp-acionistas-gpj\/\"},\"wordCount\":227,\"publisher\":{\"@id\":\"https:\/\/www.suno.com.br\/noticias\/#organization\"},\"image\":{\"@id\":\"https:\/\/www.suno.com.br\/noticias\/celesc-clsc3-jcp-acionistas-gpj\/#primaryimage\"},\"thumbnailUrl\":\"https:\/\/files.sunoresearch.com.br\/n\/uploads\/2022\/06\/loja_da_celesc_em_florianopolis.jpg\",\"keywords\":[\"Celesc (CLSC3\/CLSC4)\",\"juros sobre capital pr\u00f3prio (JCP)\"],\"articleSection\":[\"Neg\u00f3cios\"],\"inLanguage\":\"pt-BR\"},{\"@type\":\"WebPage\",\"@id\":\"https:\/\/www.suno.com.br\/noticias\/celesc-clsc3-jcp-acionistas-gpj\/\",\"url\":\"https:\/\/www.suno.com.br\/noticias\/celesc-clsc3-jcp-acionistas-gpj\/\",\"name\":\"Celesc (CLSC3) pagar\u00e1 R$ 48 milh\u00f5es em JCP aos acionistas\",\"isPartOf\":{\"@id\":\"https:\/\/www.suno.com.br\/noticias\/#website\"},\"primaryImageOfPage\":{\"@id\":\"https:\/\/www.suno.com.br\/noticias\/celesc-clsc3-jcp-acionistas-gpj\/#primaryimage\"},\"image\":{\"@id\":\"https:\/\/www.suno.com.br\/noticias\/celesc-clsc3-jcp-acionistas-gpj\/#primaryimage\"},\"thumbnailUrl\":\"https:\/\/files.sunoresearch.com.br\/n\/uploads\/2022\/06\/loja_da_celesc_em_florianopolis.jpg\",\"datePublished\":\"2023-09-25T12:17:10+00:00\",\"dateModified\":\"2023-09-25T12:20:51+00:00\",\"description\":\"A Celesc pagar\u00e1 R$ 48 milh\u00f5es em\u00a0juros sobre capital pr\u00f3prio\u00a0(JCP) aos seus acionistas, conforme divulgado pela companhia nesta segunda.\",\"breadcrumb\":{\"@id\":\"https:\/\/www.suno.com.br\/noticias\/celesc-clsc3-jcp-acionistas-gpj\/#breadcrumb\"},\"inLanguage\":\"pt-BR\",\"potentialAction\":[{\"@type\":\"ReadAction\",\"target\":[\"https:\/\/www.suno.com.br\/noticias\/celesc-clsc3-jcp-acionistas-gpj\/\"]}]},{\"@type\":\"ImageObject\",\"inLanguage\":\"pt-BR\",\"@id\":\"https:\/\/www.suno.com.br\/noticias\/celesc-clsc3-jcp-acionistas-gpj\/#primaryimage\",\"url\":\"https:\/\/files.sunoresearch.com.br\/n\/uploads\/2022\/06\/loja_da_celesc_em_florianopolis.jpg\",\"contentUrl\":\"https:\/\/files.sunoresearch.com.br\/n\/uploads\/2022\/06\/loja_da_celesc_em_florianopolis.jpg\",\"width\":1280,\"height\":720,\"caption\":\"Celesc - Foto: Divulga\u00e7\u00e3o\/Heda Wenzel\/Celesc\"},{\"@type\":\"BreadcrumbList\",\"@id\":\"https:\/\/www.suno.com.br\/noticias\/celesc-clsc3-jcp-acionistas-gpj\/#breadcrumb\",\"itemListElement\":[{\"@type\":\"ListItem\",\"position\":1,\"name\":\"Not\u00edcias\",\"item\":\"https:\/\/www.suno.com.br\/noticias\/\"},{\"@type\":\"ListItem\",\"position\":2,\"name\":\"Neg\u00f3cios\",\"item\":\"https:\/\/www.suno.com.br\/noticias\/negocios\/\"},{\"@type\":\"ListItem\",\"position\":3,\"name\":\"Celesc (CLSC3) pagar\u00e1 R$ 48,7 milh\u00f5es em JCP aos acionistas; veja valor por a\u00e7\u00e3o\"}]},{\"@type\":\"WebSite\",\"@id\":\"https:\/\/www.suno.com.br\/noticias\/#website\",\"url\":\"https:\/\/www.suno.com.br\/noticias\/\",\"name\":\"Suno Not\u00edcias\",\"description\":\"Seu portal de informa\u00e7\u00e3o sobre o mundo dos investimentos\",\"publisher\":{\"@id\":\"https:\/\/www.suno.com.br\/noticias\/#organization\"},\"potentialAction\":[{\"@type\":\"SearchAction\",\"target\":{\"@type\":\"EntryPoint\",\"urlTemplate\":\"https:\/\/www.suno.com.br\/noticias\/?s={search_term_string}\"},\"query-input\":{\"@type\":\"PropertyValueSpecification\",\"valueRequired\":true,\"valueName\":\"search_term_string\"}}],\"inLanguage\":\"pt-BR\"},{\"@type\":\"Organization\",\"@id\":\"https:\/\/www.suno.com.br\/noticias\/#organization\",\"name\":\"Suno Not\u00edcias\",\"url\":\"https:\/\/www.suno.com.br\/noticias\/\",\"logo\":{\"@type\":\"ImageObject\",\"inLanguage\":\"pt-BR\",\"@id\":\"https:\/\/www.suno.com.br\/noticias\/#\/schema\/logo\/image\/\",\"url\":\"https:\/\/files.sunoresearch.com.br\/n\/uploads\/2021\/09\/suno-logo.png\",\"contentUrl\":\"https:\/\/files.sunoresearch.com.br\/n\/uploads\/2021\/09\/suno-logo.png\",\"width\":180,\"height\":180,\"caption\":\"Suno Not\u00edcias\"},\"image\":{\"@id\":\"https:\/\/www.suno.com.br\/noticias\/#\/schema\/logo\/image\/\"},\"sameAs\":[\"https:\/\/facebook.com\/sunoresearch\",\"https:\/\/x.com\/sunoresearch\",\"https:\/\/www.instagram.com\/suno\",\"https:\/\/www.linkedin.com\/company\/suno-research\/\",\"https:\/\/www.youtube.com\/c\/sunoresearch\"]},{\"@type\":\"Person\",\"@id\":\"https:\/\/www.suno.com.br\/noticias\/#\/schema\/person\/d0f32748bbca4bee871fa191ee4e2d40\",\"name\":\"Giovanni Porf\u00edrio Jacomino\",\"image\":{\"@type\":\"ImageObject\",\"inLanguage\":\"pt-BR\",\"@id\":\"https:\/\/www.suno.com.br\/noticias\/#\/schema\/person\/image\/\",\"url\":\"https:\/\/secure.gravatar.com\/avatar\/efb32e19b730a121cb7a80f41ffec01a?s=96&r=g\",\"contentUrl\":\"https:\/\/secure.gravatar.com\/avatar\/efb32e19b730a121cb7a80f41ffec01a?s=96&r=g\",\"caption\":\"Giovanni Porf\u00edrio Jacomino\"},\"description\":\"Giovanni Porf\u00edrio Jacomino \u00e9 jornalista formado pela Universidade Estadual de Londrina (UEL) e p\u00f3s-graduado em Produ\u00e7\u00e3o e Pr\u00e1ticas Jornal\u00edsticas na Contemporaneidade na Faculdade C\u00e1sper L\u00edbero (FCL). Foi editor web no Startupi e no Finsiders, atuando ainda como editor no TC Mover, portal de not\u00edcias da TradersClub, fazendo a cobertura de assuntos relacionados ao mercado financeiro interno e externo. Atualmente, \u00e9 Rep\u00f3rter do Suno Not\u00edcias.\",\"url\":\"https:\/\/www.suno.com.br\/noticias\/author\/giovanni-porfiriosuno-com-br\/\"}]}<\/script>\n<!-- \/ Yoast SEO plugin. -->","yoast_head_json":{"title":"Celesc (CLSC3) pagar\u00e1 R$ 48 milh\u00f5es em JCP aos acionistas","description":"A Celesc pagar\u00e1 R$ 48 milh\u00f5es em\u00a0juros sobre capital pr\u00f3prio\u00a0(JCP) aos seus acionistas, conforme divulgado pela companhia nesta segunda.","robots":{"index":"index","follow":"follow","max-snippet":"max-snippet:-1","max-image-preview":"max-image-preview:large","max-video-preview":"max-video-preview:-1"},"canonical":"https:\/\/www.suno.com.br\/noticias\/celesc-clsc3-jcp-acionistas-gpj\/","og_locale":"pt_BR","og_type":"article","og_title":"Celesc (CLSC3) pagar\u00e1 R$ 48 milh\u00f5es em JCP aos acionistas","og_description":"A Celesc pagar\u00e1 R$ 48 milh\u00f5es em\u00a0juros sobre capital pr\u00f3prio\u00a0(JCP) aos seus acionistas, conforme divulgado pela companhia nesta segunda.","og_url":"https:\/\/www.suno.com.br\/noticias\/celesc-clsc3-jcp-acionistas-gpj\/","og_site_name":"Suno Not\u00edcias","article_publisher":"https:\/\/facebook.com\/sunoresearch","og_image":[{"width":1280,"height":720,"url":"https:\/\/files.sunoresearch.com.br\/n\/uploads\/2022\/06\/loja_da_celesc_em_florianopolis.jpg","type":"image\/jpeg"}],"author":"Giovanni Porf\u00edrio Jacomino","twitter_card":"summary_large_image","twitter_creator":"@sunoresearch","twitter_site":"@sunoresearch","twitter_misc":{"Escrito por":"Giovanni Porf\u00edrio Jacomino","Est. tempo de leitura":"2 minutos"},"schema":{"@context":"https:\/\/schema.org","@graph":[{"@type":"NewsArticle","@id":"https:\/\/www.suno.com.br\/noticias\/celesc-clsc3-jcp-acionistas-gpj\/#article","isPartOf":{"@id":"https:\/\/www.suno.com.br\/noticias\/celesc-clsc3-jcp-acionistas-gpj\/"},"author":{"name":"Giovanni Porf\u00edrio Jacomino","@id":"https:\/\/www.suno.com.br\/noticias\/#\/schema\/person\/d0f32748bbca4bee871fa191ee4e2d40"},"headline":"Celesc (CLSC3) pagar\u00e1 R$ 48,7 milh\u00f5es em JCP aos acionistas; veja valor por a\u00e7\u00e3o","datePublished":"2023-09-25T12:17:10+00:00","dateModified":"2023-09-25T12:20:51+00:00","mainEntityOfPage":{"@id":"https:\/\/www.suno.com.br\/noticias\/celesc-clsc3-jcp-acionistas-gpj\/"},"wordCount":227,"publisher":{"@id":"https:\/\/www.suno.com.br\/noticias\/#organization"},"image":{"@id":"https:\/\/www.suno.com.br\/noticias\/celesc-clsc3-jcp-acionistas-gpj\/#primaryimage"},"thumbnailUrl":"https:\/\/files.sunoresearch.com.br\/n\/uploads\/2022\/06\/loja_da_celesc_em_florianopolis.jpg","keywords":["Celesc (CLSC3\/CLSC4)","juros sobre capital pr\u00f3prio (JCP)"],"articleSection":["Neg\u00f3cios"],"inLanguage":"pt-BR"},{"@type":"WebPage","@id":"https:\/\/www.suno.com.br\/noticias\/celesc-clsc3-jcp-acionistas-gpj\/","url":"https:\/\/www.suno.com.br\/noticias\/celesc-clsc3-jcp-acionistas-gpj\/","name":"Celesc (CLSC3) pagar\u00e1 R$ 48 milh\u00f5es em JCP aos acionistas","isPartOf":{"@id":"https:\/\/www.suno.com.br\/noticias\/#website"},"primaryImageOfPage":{"@id":"https:\/\/www.suno.com.br\/noticias\/celesc-clsc3-jcp-acionistas-gpj\/#primaryimage"},"image":{"@id":"https:\/\/www.suno.com.br\/noticias\/celesc-clsc3-jcp-acionistas-gpj\/#primaryimage"},"thumbnailUrl":"https:\/\/files.sunoresearch.com.br\/n\/uploads\/2022\/06\/loja_da_celesc_em_florianopolis.jpg","datePublished":"2023-09-25T12:17:10+00:00","dateModified":"2023-09-25T12:20:51+00:00","description":"A Celesc pagar\u00e1 R$ 48 milh\u00f5es em\u00a0juros sobre capital pr\u00f3prio\u00a0(JCP) aos seus acionistas, conforme divulgado pela companhia nesta segunda.","breadcrumb":{"@id":"https:\/\/www.suno.com.br\/noticias\/celesc-clsc3-jcp-acionistas-gpj\/#breadcrumb"},"inLanguage":"pt-BR","potentialAction":[{"@type":"ReadAction","target":["https:\/\/www.suno.com.br\/noticias\/celesc-clsc3-jcp-acionistas-gpj\/"]}]},{"@type":"ImageObject","inLanguage":"pt-BR","@id":"https:\/\/www.suno.com.br\/noticias\/celesc-clsc3-jcp-acionistas-gpj\/#primaryimage","url":"https:\/\/files.sunoresearch.com.br\/n\/uploads\/2022\/06\/loja_da_celesc_em_florianopolis.jpg","contentUrl":"https:\/\/files.sunoresearch.com.br\/n\/uploads\/2022\/06\/loja_da_celesc_em_florianopolis.jpg","width":1280,"height":720,"caption":"Celesc - Foto: Divulga\u00e7\u00e3o\/Heda Wenzel\/Celesc"},{"@type":"BreadcrumbList","@id":"https:\/\/www.suno.com.br\/noticias\/celesc-clsc3-jcp-acionistas-gpj\/#breadcrumb","itemListElement":[{"@type":"ListItem","position":1,"name":"Not\u00edcias","item":"https:\/\/www.suno.com.br\/noticias\/"},{"@type":"ListItem","position":2,"name":"Neg\u00f3cios","item":"https:\/\/www.suno.com.br\/noticias\/negocios\/"},{"@type":"ListItem","position":3,"name":"Celesc (CLSC3) pagar\u00e1 R$ 48,7 milh\u00f5es em JCP aos acionistas; veja valor por a\u00e7\u00e3o"}]},{"@type":"WebSite","@id":"https:\/\/www.suno.com.br\/noticias\/#website","url":"https:\/\/www.suno.com.br\/noticias\/","name":"Suno Not\u00edcias","description":"Seu portal de informa\u00e7\u00e3o sobre o mundo dos investimentos","publisher":{"@id":"https:\/\/www.suno.com.br\/noticias\/#organization"},"potentialAction":[{"@type":"SearchAction","target":{"@type":"EntryPoint","urlTemplate":"https:\/\/www.suno.com.br\/noticias\/?s={search_term_string}"},"query-input":{"@type":"PropertyValueSpecification","valueRequired":true,"valueName":"search_term_string"}}],"inLanguage":"pt-BR"},{"@type":"Organization","@id":"https:\/\/www.suno.com.br\/noticias\/#organization","name":"Suno Not\u00edcias","url":"https:\/\/www.suno.com.br\/noticias\/","logo":{"@type":"ImageObject","inLanguage":"pt-BR","@id":"https:\/\/www.suno.com.br\/noticias\/#\/schema\/logo\/image\/","url":"https:\/\/files.sunoresearch.com.br\/n\/uploads\/2021\/09\/suno-logo.png","contentUrl":"https:\/\/files.sunoresearch.com.br\/n\/uploads\/2021\/09\/suno-logo.png","width":180,"height":180,"caption":"Suno Not\u00edcias"},"image":{"@id":"https:\/\/www.suno.com.br\/noticias\/#\/schema\/logo\/image\/"},"sameAs":["https:\/\/facebook.com\/sunoresearch","https:\/\/x.com\/sunoresearch","https:\/\/www.instagram.com\/suno","https:\/\/www.linkedin.com\/company\/suno-research\/","https:\/\/www.youtube.com\/c\/sunoresearch"]},{"@type":"Person","@id":"https:\/\/www.suno.com.br\/noticias\/#\/schema\/person\/d0f32748bbca4bee871fa191ee4e2d40","name":"Giovanni Porf\u00edrio Jacomino","image":{"@type":"ImageObject","inLanguage":"pt-BR","@id":"https:\/\/www.suno.com.br\/noticias\/#\/schema\/person\/image\/","url":"https:\/\/secure.gravatar.com\/avatar\/efb32e19b730a121cb7a80f41ffec01a?s=96&r=g","contentUrl":"https:\/\/secure.gravatar.com\/avatar\/efb32e19b730a121cb7a80f41ffec01a?s=96&r=g","caption":"Giovanni Porf\u00edrio Jacomino"},"description":"Giovanni Porf\u00edrio Jacomino \u00e9 jornalista formado pela Universidade Estadual de Londrina (UEL) e p\u00f3s-graduado em Produ\u00e7\u00e3o e Pr\u00e1ticas Jornal\u00edsticas na Contemporaneidade na Faculdade C\u00e1sper L\u00edbero (FCL). Foi editor web no Startupi e no Finsiders, atuando ainda como editor no TC Mover, portal de not\u00edcias da TradersClub, fazendo a cobertura de assuntos relacionados ao mercado financeiro interno e externo. Atualmente, \u00e9 Rep\u00f3rter do Suno Not\u00edcias.","url":"https:\/\/www.suno.com.br\/noticias\/author\/giovanni-porfiriosuno-com-br\/"}]}},"default_loop_html":"<div class=\"cardsPage__listCard__boxs\"><div class=\"cardsPage__listCard__boxs__img\"><a href=\"https:\/\/www.suno.com.br\/noticias\/celesc-clsc3-jcp-acionistas-gpj\/\"><img class=\"mask\" src=\"https:\/\/www.suno.com.br\/noticias\/wp-content\/themes\/suno\/resources\/images\/spotlight\/spotlight1img\/bg-mask.png\" alt=\"Image Mask\"\/><img src=\"https:\/\/files.sunoresearch.com.br\/n\/uploads\/2022\/06\/loja_da_celesc_em_florianopolis-400x200.jpg\" alt=\"Celesc (CLSC3) pagar\u00e1 R$ 48,7 milh\u00f5es em JCP aos acionistas; veja valor por a\u00e7\u00e3o\"\/><\/a><span class=\"spotlightCategory\"><a href=\"https:\/\/www.suno.com.br\/noticias\/negocios\/\">Neg\u00f3cios<\/a><\/span><\/div><div class=\"cardsPage__listCard__boxs__content\"><a href=\"https:\/\/www.suno.com.br\/noticias\/celesc-clsc3-jcp-acionistas-gpj\/\"><h2 class=\"content__title\">Celesc (CLSC3) pagar\u00e1 R$ 48,7 milh\u00f5es em JCP aos acionistas; veja valor por a\u00e7\u00e3o<\/h2><\/a><div class=\"newsContent__article__meta\"><div class=\"newsContent__article__meta__authorBox\"><a href=\"https:\/\/www.suno.com.br\/noticias\/author\/joao-vitor-jacintho\/\" class=\"authorBox__avatar noMobi\"><img src=\"https:\/\/secure.gravatar.com\/avatar\/2843227ca03ccf8cc7ccca45204c127e?s=96&#038;r=g\" alt=\"Jo\u00e3o Vitor Jacintho\"><\/a><div class=\"authorBox__name\"><span>por\n\t\t\t<a href=\"https:\/\/www.suno.com.br\/noticias\/author\/joao-vitor-jacintho\/\"><span itemprop=\"author\">Jo\u00e3o Vitor Jacintho<\/span><\/a><\/span><time datetime=\"2023-09-25T09:17:10-03:00\" itemprop=\"datePublished\">25\/09\/2023 09:17<\/time><\/div><\/div><\/div><\/div><\/div>","single_layout":"posts","amp_enabled":true,"_links":{"self":[{"href":"https:\/\/www.suno.com.br\/noticias\/wp-json\/wp\/v2\/posts\/461223"}],"collection":[{"href":"https:\/\/www.suno.com.br\/noticias\/wp-json\/wp\/v2\/posts"}],"about":[{"href":"https:\/\/www.suno.com.br\/noticias\/wp-json\/wp\/v2\/types\/post"}],"author":[{"embeddable":true,"href":"https:\/\/www.suno.com.br\/noticias\/wp-json\/wp\/v2\/users\/313"}],"replies":[{"embeddable":true,"href":"https:\/\/www.suno.com.br\/noticias\/wp-json\/wp\/v2\/comments?post=461223"}],"version-history":[{"count":3,"href":"https:\/\/www.suno.com.br\/noticias\/wp-json\/wp\/v2\/posts\/461223\/revisions"}],"predecessor-version":[{"id":461244,"href":"https:\/\/www.suno.com.br\/noticias\/wp-json\/wp\/v2\/posts\/461223\/revisions\/461244"}],"wp:featuredmedia":[{"embeddable":true,"href":"https:\/\/www.suno.com.br\/noticias\/wp-json\/wp\/v2\/media\/268438"}],"wp:attachment":[{"href":"https:\/\/www.suno.com.br\/noticias\/wp-json\/wp\/v2\/media?parent=461223"}],"wp:term":[{"taxonomy":"category","embeddable":true,"href":"https:\/\/www.suno.com.br\/noticias\/wp-json\/wp\/v2\/categories?post=461223"},{"taxonomy":"post_tag","embeddable":true,"href":"https:\/\/www.suno.com.br\/noticias\/wp-json\/wp\/v2\/tags?post=461223"},{"taxonomy":"suno_strategy","embeddable":true,"href":"https:\/\/www.suno.com.br\/noticias\/wp-json\/wp\/v2\/suno_strategy?post=461223"}],"curies":[{"name":"wp","href":"https:\/\/api.w.org\/{rel}","templated":true}]}}