{"id":461183,"date":"2023-09-25T08:37:23","date_gmt":"2023-09-25T11:37:23","guid":{"rendered":"https:\/\/www.suno.com.br\/noticias\/?p=461183"},"modified":"2023-09-25T08:46:47","modified_gmt":"2023-09-25T11:46:47","slug":"ipca-e-mantido-em-486-veja-projecoes-do-boletim-focus","status":"publish","type":"post","link":"https:\/\/www.suno.com.br\/noticias\/ipca-e-mantido-em-486-veja-projecoes-do-boletim-focus\/","title":{"rendered":"Mercado mant\u00e9m IPCA em 4,86%; veja proje\u00e7\u00f5es do Boletim Focus"},"content":{"rendered":"<p>O&nbsp;<a href=\"https:\/\/www.suno.com.br\/guias\/mercado-financeiro\/\" target=\"_blank\" rel=\"noreferrer noopener\">mercado financeiro<\/a>&nbsp;manteve as proje\u00e7\u00f5es do principal indicador de&nbsp;infla\u00e7\u00e3o, o&nbsp;<strong>IPCA<\/strong>, segundo <strong>Boletim Focus<\/strong>&nbsp;divulgado nesta segunda-feira (25).<\/p>\t<div class=\"wrapper-featured-image\">\n\t\t<figure class=\"spotlightImg\">\n\n\t\t\t<picture>\n\t\t\t\t<source media=\"(max-width: 768px)\" srcset=\"https:\/\/files.sunoresearch.com.br\/n\/uploads\/2023\/09\/recha-oktaviani-h2aDKwigQeA-unsplash-400x200.webp\">\n\t\t\t\t<img loading=\"lazy\" decoding=\"async\" class=\"newsContent__article__imgCapa lazyloadDisabled \" src=\"https:\/\/files.sunoresearch.com.br\/n\/uploads\/2023\/09\/recha-oktaviani-h2aDKwigQeA-unsplash-800x450.webp\" width=\"800\" height=\"450\" alt=\"Mercado mant\u00e9m IPCA em 4,86%; veja proje\u00e7\u00f5es do Boletim Focus\" fetchpriority=high \/>\n\t\t\t<\/picture>\n\n\t\t\t<figcaption class=\"wp-caption-text wp-caption-text--show\">IPCA. Foto: Unsplash<\/figcaption>\n\t\t<\/figure>\n\t<\/div>\n\n\n\n\n\n\n\n\t<p>\n\t\t<a href=\"\" target=\"_blank\" data-element=\"shortcode-suno-banner\" title=\"Banner SUNO, clique e saiba mais\">\n\t\t\t<picture>\n\t\t\t\t<source media=\"(max-width: 500px)\" srcset=\"\">\n\t\t\t\t<img class=\"newsContent__article__imgCapa newsContent__article__imgCapa--banner\"\n\t\t\t\t\tsrc=\"\"\n\t\t\t\t\tdata-promo-id=\"240038\"\t\t\t\t\t\t\t\t\t\t\t\t\t\t\talt=\"\"\n\t\t\t\t>\n\t\t\t<\/picture>\n\t\t<\/a>\n\t<\/p>\n\n\n\n\n\n<p>O mercado espera que o indicador termine 2023 em 4,86%, mesma proje\u00e7\u00e3o da semana passada e abaixo dos 4,90% projetados h\u00e1 quatro semanas.<\/p>\n\n\n\n<p>J\u00e1 a estimativa para a&nbsp;<strong>taxa de juros<\/strong>, a&nbsp;<strong>Selic<\/strong>, segue em 11,75% ao final deste ano.<\/p>\n\n\n\n<p>De acordo com o Focus, para 2024, o mercado espera que a&nbsp;taxa de juros&nbsp;termine em 9,00%, J\u00e1 para 2025, a expetativa \u00e9 de que a Selic chegue a 8,5%, com manuten\u00e7\u00e3o da proje\u00e7\u00e3o para o ano seguinte, 2026.<\/p>\n\n\n\n<p>As estimativas ocorrem ap\u00f3s o Comit\u00ea de\u00a0<a href=\"https:\/\/www.suno.com.br\/artigos\/politica-monetaria\/\" target=\"_blank\" rel=\"noreferrer noopener\">Pol\u00edtica Monet\u00e1ria<\/a>\u00a0(<strong>Copom<\/strong>), do Banco Central, anunciar na \u00faltima quarta-feira (20) o segundo corte seguido da <strong>taxa Selic<\/strong>, que agora est\u00e1 em 12,75%. A decis\u00e3o pela redu\u00e7\u00e3o, majoritariamente esperada pelo mercado, foi un\u00e2nime e contou com o presidente <strong>Roberto Campos Neto.<\/strong><\/p>\n\n\n\n<p>Al\u00e9m disso, o&nbsp;<strong>mercado financeiro<\/strong>&nbsp;aumentou as suas estimativas do&nbsp;<strong>PIB<\/strong>&nbsp;neste ano para 2,92%, acima dos 2,89% estimados na semana anterior.<\/p>\n\n\n\n\t<div data-element=\"shortcode-read-more\" class=\"readToo\">\n\t\t\t\t<span class=\"readToo__title\">Leia mais<\/span>\n\t\t\t\t<ul class=\"readToo__list\">\n\t\t\t<li><a href=\"https:\/\/www.suno.com.br\/noticias\/agenda-semana-ata-copom-ipca-15-e-mais-cpf\/\">Ata do Copom, IPCA-15 e PCE nos EUA; confira a agenda econ\u00f4mica e financeira desta semana<\/a><\/li><li><a href=\"https:\/\/www.suno.com.br\/noticias\/copom-corte-selic-setembro-bc-repercsussao-mal\/\">&#8220;BC contratou mais duas quedas de 0,50 pp da Selic&#8221;; veja repercuss\u00e3o ao Copom<\/a><\/li><li><a href=\"https:\/\/www.suno.com.br\/noticias\/copom-decisao-taxa-selic-setembro-2023\/\">Copom reduz taxa Selic em 0,5 pp, para 12,75% ao ano, e sinaliza novos cortes<\/a><\/li>\t\t<\/ul>\n\t<\/div>\n\n\n\n\n<p>No caso do&nbsp;<strong>d\u00f3lar<\/strong>, o&nbsp;<a href=\"https:\/\/www.suno.com.br\/guias\/mercado-financeiro\/\">mercado financeiro<\/a>&nbsp;manteve a previs\u00e3o para 2023 em R$ 4,95, mesma da semana anterior.<a href=\"https:\/\/lp.suno.com.br\/pv\/sr-fiis\/interno-2023\/?_fs=16471076223-15189909138&amp;_fsRef=https%3A%2F%2Fwww.suno.com.br%2Fnoticias%2Fipca-previsao-inflacao-selic-boletim-focus-gpj%2F\" target=\"_blank\" rel=\"noreferrer noopener\"><\/a><a href=\"https:\/\/lp.suno.com.br\/ebook-como-analisar-uma-acao\/?_fs=16471076223-15189909138&amp;_fsRef=https%3A%2F%2Fwww.suno.com.br%2Fnoticias%2Fipca-inflacao-boletim-focus-gpj%2F\" target=\"_blank\" rel=\"noreferrer noopener\"><\/a><\/p>\n\n\n\t<p>\n\t\t<a href=\"https:\/\/lp.suno.com.br\/ebook-gratuito-investindo-no-exterior\/\" target=\"_blank\" data-element=\"shortcode-suno-banner\" title=\"Banner SUNO, clique e saiba mais\">\n\t\t\t<picture>\n\t\t\t\t<source media=\"(max-width: 500px)\" srcset=\"https:\/\/files.sunoresearch.com.br\/n\/uploads\/2023\/03\/400x300-Investindo-no-exterior.png\">\n\t\t\t\t<img class=\"newsContent__article__imgCapa newsContent__article__imgCapa--banner\"\n\t\t\t\t\tsrc=\"https:\/\/files.sunoresearch.com.br\/n\/uploads\/2023\/03\/1420x240-Investindo-no-exterior.png\"\n\t\t\t\t\tdata-promo-id=\"383161\"\t\t\t\t\t\t\t\t\t\twidth='1420' height='240'\t\t\t\t\talt=\"https:\/\/files.sunoresearch.com.br\/n\/uploads\/2023\/03\/1420x240-Investindo-no-exterior.png\"\n\t\t\t\t>\n\t\t\t<\/picture>\n\t\t<\/a>\n\t<\/p>\n\n\n\n\n\n<h2 class=\"wp-block-heading\">Resumo do Boletim Focus<\/h2>\n\n\n\n<p>Veja, em detalhes, as proje\u00e7\u00f5es mais importantes para 2023 e 2024:<\/p>\n\n\n\n<p>2023<\/p>\n\n\n\n<ul class=\"wp-block-list\">\n<li>IPCA: a proje\u00e7\u00e3o se manteve em 4,86%<\/li>\n\n\n\n<li>PIB: a proje\u00e7\u00e3o aumentou para 2,92%<\/li>\n\n\n\n<li><strong>D\u00f3lar<\/strong>: a previs\u00e3o do c\u00e2mbio se manteve em R$ 4,95<\/li>\n\n\n\n<li>Taxa Selic: a previs\u00e3o se manteve em 11,75%<\/li>\n\n\n\n<li>Balan\u00e7a Comercial: a expectativa para o super\u00e1vit subiu para US$ 73,00 bilh\u00f5es<\/li>\n\n\n\n<li>Investimento Estrangeiro Direto: a previs\u00e3o se manteve em US$ 80 bilh\u00f5es<\/li>\n\n\n\n<li>D\u00edvida do Setor P\u00fablico: a previs\u00e3o caiu para 60,40% do PIB<\/li>\n<\/ul>\n\n\n\n<p>2024<\/p>\n\n\n\n<ul class=\"wp-block-list\">\n<li>IPCA: a proje\u00e7\u00e3o se manteve em 3,86%<\/li>\n\n\n\n<li>PIB: a proje\u00e7\u00e3o se manteve em 1,50%<\/li>\n\n\n\n<li>D\u00f3lar: a previs\u00e3o do c\u00e2mbio se manteve em R$ 5,00<\/li>\n\n\n\n<li>Taxa Selic: a previs\u00e3o se manteve para 9,00%<\/li>\n\n\n\n<li>Balan\u00e7a Comercial: a expectativa para o super\u00e1vit aumentou para US$ 60,95 bilh\u00f5es<\/li>\n\n\n\n<li>Investimento Estrangeiro Direto: a previs\u00e3o segue em US$ 80 bilh\u00f5es<\/li>\n\n\n\n<li>D\u00edvida do Setor P\u00fablico: a previs\u00e3o se manteve em 63,80% do PIB<\/li>\n<\/ul>\n\n\n\n<p>A seguir, \u00e9 poss\u00edvel comparar as \u00faltimas proje\u00e7\u00f5es do&nbsp;<strong>Boletim Focus<\/strong>&nbsp;nos meses de agosto e setembro:<\/p>\n\n\n\n\n\n<p>O&nbsp;<a href=\"https:\/\/www.youtube.com\/watch?v=5xXH4baJrtc\">Boletim Focus<\/a>&nbsp;\u00e9 elaborado semanalmente pelo Banco Central. S\u00e3o utilizadas as proje\u00e7\u00f5es dos especialistas das 100 principais institui\u00e7\u00f5es ligadas ao&nbsp;<a href=\"https:\/\/www.suno.com.br\/guias\/mercado-financeiro\/\">mercado financeiro<\/a>&nbsp;do Brasil para juros,&nbsp;<strong>IPCA<\/strong>, c\u00e2mbio,&nbsp;Selic&nbsp;e outros indicadores.<a href=\"https:\/\/lp.suno.com.br\/planilha-da-vida-financeira\/?_fs=16471076223-15189909138&amp;_fsRef=https%3A%2F%2Fwww.suno.com.br%2Fnoticias%2Fipca-previsao-inflacao-selic-boletim-focus-gpj%2F\" target=\"_blank\" rel=\"noreferrer noopener\"><\/a><a href=\"https:\/\/lp.suno.com.br\/planilha-da-vida-financeira\/?_fs=16471076223-15189909138&amp;_fsRef=https%3A%2F%2Fwww.suno.com.br%2Fnoticias%2Fipca-inflacao-boletim-focus-gpj%2F\" target=\"_blank\" rel=\"noreferrer noopener\"><\/a><\/p>\n\n\n\t<p>\n\t\t<a href=\"https:\/\/lp.suno.com.br\/planilha-da-vida-financeira\/\" target=\"_blank\" data-element=\"shortcode-suno-banner\" title=\"Banner SUNO, clique e saiba mais\">\n\t\t\t<picture>\n\t\t\t\t<source media=\"(max-width: 500px)\" srcset=\"https:\/\/files.sunoresearch.com.br\/n\/uploads\/2023\/04\/400x300-Planilha-vida-financeira-true.png\">\n\t\t\t\t<img class=\"newsContent__article__imgCapa newsContent__article__imgCapa--banner\"\n\t\t\t\t\tsrc=\"https:\/\/files.sunoresearch.com.br\/n\/uploads\/2023\/04\/1420x240-Planilha-vida-financeira-true.png\"\n\t\t\t\t\tdata-promo-id=\"383123\"\t\t\t\t\t\t\t\t\t\twidth='1420' height='240'\t\t\t\t\talt=\"https:\/\/files.sunoresearch.com.br\/n\/uploads\/2023\/04\/1420x240-Planilha-vida-financeira-true.png\"\n\t\t\t\t>\n\t\t\t<\/picture>\n\t\t<\/a>\n\t<\/p>\n\n\n","protected":false},"excerpt":{"rendered":"<p>O&nbsp;mercado financeiro&nbsp;manteve as proje\u00e7\u00f5es do principal indicador de&nbsp;infla\u00e7\u00e3o, o&nbsp;IPCA, segundo Boletim Focus&nbsp;divulgado nesta segunda-feira (25). IPCA. Foto: Unsplash O mercado espera que o indicador termine 2023 em 4,86%, mesma proje\u00e7\u00e3o da semana passada e abaixo dos 4,90% projetados h\u00e1 quatro semanas. J\u00e1 a estimativa para a&nbsp;taxa de juros, a&nbsp;Selic, segue em 11,75% ao final deste [&hellip;]<\/p>\n","protected":false},"author":313,"featured_media":461201,"comment_status":"closed","ping_status":"closed","sticky":false,"template":"","format":"standard","meta":[],"categories":[62],"tags":[834,326,850,966,807,290],"suno_strategy":[],"class_list":["post-461183","post","type-post","status-publish","format-standard","has-post-thumbnail","hentry","category-economia","tag-boletim-focus","tag-dolar","tag-inflacao","tag-ipca","tag-produto-interno-bruto-pib","tag-taxa-selic"],"yoast_head":"<!-- This site is optimized with the Yoast SEO plugin v24.4 - https:\/\/yoast.com\/wordpress\/plugins\/seo\/ -->\n<title>IPCA \u00e9 mantido em 4,86%; veja proje\u00e7\u00f5es do Boletim Focus<\/title>\n<meta name=\"description\" content=\"O\u00a0mercado financeiro\u00a0manteve as proje\u00e7\u00f5es do principal indicador de\u00a0infla\u00e7\u00e3o, o\u00a0IPCA, segundo Boletim Focus\u00a0divulgado nesta segunda (25).\" \/>\n<meta name=\"robots\" content=\"index, follow, max-snippet:-1, max-image-preview:large, max-video-preview:-1\" \/>\n<link rel=\"canonical\" href=\"https:\/\/www.suno.com.br\/noticias\/ipca-e-mantido-em-486-veja-projecoes-do-boletim-focus\/\" \/>\n<meta property=\"og:locale\" content=\"pt_BR\" \/>\n<meta property=\"og:type\" content=\"article\" \/>\n<meta property=\"og:title\" content=\"IPCA \u00e9 mantido em 4,86%; veja proje\u00e7\u00f5es do Boletim Focus\" \/>\n<meta property=\"og:description\" content=\"O\u00a0mercado financeiro\u00a0manteve as proje\u00e7\u00f5es do principal indicador de\u00a0infla\u00e7\u00e3o, o\u00a0IPCA, segundo Boletim Focus\u00a0divulgado nesta segunda (25).\" \/>\n<meta property=\"og:url\" content=\"https:\/\/www.suno.com.br\/noticias\/ipca-e-mantido-em-486-veja-projecoes-do-boletim-focus\/\" \/>\n<meta property=\"og:site_name\" content=\"Suno Not\u00edcias\" \/>\n<meta property=\"article:publisher\" content=\"https:\/\/facebook.com\/sunoresearch\" \/>\n<meta property=\"og:image\" content=\"https:\/\/files.sunoresearch.com.br\/n\/uploads\/2023\/09\/recha-oktaviani-h2aDKwigQeA-unsplash-scaled-e1695642334516.jpg\" \/>\n\t<meta property=\"og:image:width\" content=\"1200\" \/>\n\t<meta property=\"og:image:height\" content=\"800\" \/>\n\t<meta property=\"og:image:type\" content=\"image\/jpeg\" \/>\n<meta name=\"author\" content=\"Giovanni Porf\u00edrio Jacomino\" \/>\n<meta name=\"twitter:card\" content=\"summary_large_image\" \/>\n<meta name=\"twitter:creator\" content=\"@sunoresearch\" \/>\n<meta name=\"twitter:site\" content=\"@sunoresearch\" \/>\n<meta name=\"twitter:label1\" content=\"Escrito por\" \/>\n\t<meta name=\"twitter:data1\" content=\"Giovanni Porf\u00edrio Jacomino\" \/>\n\t<meta name=\"twitter:label2\" content=\"Est. tempo de leitura\" \/>\n\t<meta name=\"twitter:data2\" content=\"3 minutos\" \/>\n<script type=\"application\/ld+json\" class=\"yoast-schema-graph\">{\"@context\":\"https:\/\/schema.org\",\"@graph\":[{\"@type\":\"NewsArticle\",\"@id\":\"https:\/\/www.suno.com.br\/noticias\/ipca-e-mantido-em-486-veja-projecoes-do-boletim-focus\/#article\",\"isPartOf\":{\"@id\":\"https:\/\/www.suno.com.br\/noticias\/ipca-e-mantido-em-486-veja-projecoes-do-boletim-focus\/\"},\"author\":{\"name\":\"Giovanni Porf\u00edrio Jacomino\",\"@id\":\"https:\/\/www.suno.com.br\/noticias\/#\/schema\/person\/d0f32748bbca4bee871fa191ee4e2d40\"},\"headline\":\"Mercado mant\u00e9m IPCA em 4,86%; veja proje\u00e7\u00f5es do Boletim Focus\",\"datePublished\":\"2023-09-25T11:37:23+00:00\",\"dateModified\":\"2023-09-25T11:46:47+00:00\",\"mainEntityOfPage\":{\"@id\":\"https:\/\/www.suno.com.br\/noticias\/ipca-e-mantido-em-486-veja-projecoes-do-boletim-focus\/\"},\"wordCount\":443,\"publisher\":{\"@id\":\"https:\/\/www.suno.com.br\/noticias\/#organization\"},\"image\":{\"@id\":\"https:\/\/www.suno.com.br\/noticias\/ipca-e-mantido-em-486-veja-projecoes-do-boletim-focus\/#primaryimage\"},\"thumbnailUrl\":\"https:\/\/files.sunoresearch.com.br\/n\/uploads\/2023\/09\/recha-oktaviani-h2aDKwigQeA-unsplash-scaled.webp\",\"keywords\":[\"Boletim Focus\",\"d\u00f3lar\",\"infla\u00e7\u00e3o\",\"IPCA\",\"Produto Interno Bruto (PIB)\",\"Taxa Selic\"],\"articleSection\":[\"Economia\"],\"inLanguage\":\"pt-BR\"},{\"@type\":\"WebPage\",\"@id\":\"https:\/\/www.suno.com.br\/noticias\/ipca-e-mantido-em-486-veja-projecoes-do-boletim-focus\/\",\"url\":\"https:\/\/www.suno.com.br\/noticias\/ipca-e-mantido-em-486-veja-projecoes-do-boletim-focus\/\",\"name\":\"IPCA \u00e9 mantido em 4,86%; veja proje\u00e7\u00f5es do Boletim Focus\",\"isPartOf\":{\"@id\":\"https:\/\/www.suno.com.br\/noticias\/#website\"},\"primaryImageOfPage\":{\"@id\":\"https:\/\/www.suno.com.br\/noticias\/ipca-e-mantido-em-486-veja-projecoes-do-boletim-focus\/#primaryimage\"},\"image\":{\"@id\":\"https:\/\/www.suno.com.br\/noticias\/ipca-e-mantido-em-486-veja-projecoes-do-boletim-focus\/#primaryimage\"},\"thumbnailUrl\":\"https:\/\/files.sunoresearch.com.br\/n\/uploads\/2023\/09\/recha-oktaviani-h2aDKwigQeA-unsplash-scaled.webp\",\"datePublished\":\"2023-09-25T11:37:23+00:00\",\"dateModified\":\"2023-09-25T11:46:47+00:00\",\"description\":\"O\u00a0mercado financeiro\u00a0manteve as proje\u00e7\u00f5es do principal indicador de\u00a0infla\u00e7\u00e3o, o\u00a0IPCA, segundo Boletim Focus\u00a0divulgado nesta segunda (25).\",\"breadcrumb\":{\"@id\":\"https:\/\/www.suno.com.br\/noticias\/ipca-e-mantido-em-486-veja-projecoes-do-boletim-focus\/#breadcrumb\"},\"inLanguage\":\"pt-BR\",\"potentialAction\":[{\"@type\":\"ReadAction\",\"target\":[\"https:\/\/www.suno.com.br\/noticias\/ipca-e-mantido-em-486-veja-projecoes-do-boletim-focus\/\"]}]},{\"@type\":\"ImageObject\",\"inLanguage\":\"pt-BR\",\"@id\":\"https:\/\/www.suno.com.br\/noticias\/ipca-e-mantido-em-486-veja-projecoes-do-boletim-focus\/#primaryimage\",\"url\":\"https:\/\/files.sunoresearch.com.br\/n\/uploads\/2023\/09\/recha-oktaviani-h2aDKwigQeA-unsplash-scaled.webp\",\"contentUrl\":\"https:\/\/files.sunoresearch.com.br\/n\/uploads\/2023\/09\/recha-oktaviani-h2aDKwigQeA-unsplash-scaled.webp\",\"width\":2560,\"height\":1707,\"caption\":\"IPCA. Foto: Unsplash\"},{\"@type\":\"BreadcrumbList\",\"@id\":\"https:\/\/www.suno.com.br\/noticias\/ipca-e-mantido-em-486-veja-projecoes-do-boletim-focus\/#breadcrumb\",\"itemListElement\":[{\"@type\":\"ListItem\",\"position\":1,\"name\":\"Not\u00edcias\",\"item\":\"https:\/\/www.suno.com.br\/noticias\/\"},{\"@type\":\"ListItem\",\"position\":2,\"name\":\"Economia\",\"item\":\"https:\/\/www.suno.com.br\/noticias\/economia\/\"},{\"@type\":\"ListItem\",\"position\":3,\"name\":\"Mercado mant\u00e9m IPCA em 4,86%; veja proje\u00e7\u00f5es do Boletim Focus\"}]},{\"@type\":\"WebSite\",\"@id\":\"https:\/\/www.suno.com.br\/noticias\/#website\",\"url\":\"https:\/\/www.suno.com.br\/noticias\/\",\"name\":\"Suno Not\u00edcias\",\"description\":\"Seu portal de informa\u00e7\u00e3o sobre o mundo dos investimentos\",\"publisher\":{\"@id\":\"https:\/\/www.suno.com.br\/noticias\/#organization\"},\"potentialAction\":[{\"@type\":\"SearchAction\",\"target\":{\"@type\":\"EntryPoint\",\"urlTemplate\":\"https:\/\/www.suno.com.br\/noticias\/?s={search_term_string}\"},\"query-input\":{\"@type\":\"PropertyValueSpecification\",\"valueRequired\":true,\"valueName\":\"search_term_string\"}}],\"inLanguage\":\"pt-BR\"},{\"@type\":\"Organization\",\"@id\":\"https:\/\/www.suno.com.br\/noticias\/#organization\",\"name\":\"Suno Not\u00edcias\",\"url\":\"https:\/\/www.suno.com.br\/noticias\/\",\"logo\":{\"@type\":\"ImageObject\",\"inLanguage\":\"pt-BR\",\"@id\":\"https:\/\/www.suno.com.br\/noticias\/#\/schema\/logo\/image\/\",\"url\":\"https:\/\/files.sunoresearch.com.br\/n\/uploads\/2021\/09\/suno-logo.png\",\"contentUrl\":\"https:\/\/files.sunoresearch.com.br\/n\/uploads\/2021\/09\/suno-logo.png\",\"width\":180,\"height\":180,\"caption\":\"Suno Not\u00edcias\"},\"image\":{\"@id\":\"https:\/\/www.suno.com.br\/noticias\/#\/schema\/logo\/image\/\"},\"sameAs\":[\"https:\/\/facebook.com\/sunoresearch\",\"https:\/\/x.com\/sunoresearch\",\"https:\/\/www.instagram.com\/suno\",\"https:\/\/www.linkedin.com\/company\/suno-research\/\",\"https:\/\/www.youtube.com\/c\/sunoresearch\"]},{\"@type\":\"Person\",\"@id\":\"https:\/\/www.suno.com.br\/noticias\/#\/schema\/person\/d0f32748bbca4bee871fa191ee4e2d40\",\"name\":\"Giovanni Porf\u00edrio Jacomino\",\"image\":{\"@type\":\"ImageObject\",\"inLanguage\":\"pt-BR\",\"@id\":\"https:\/\/www.suno.com.br\/noticias\/#\/schema\/person\/image\/\",\"url\":\"https:\/\/secure.gravatar.com\/avatar\/efb32e19b730a121cb7a80f41ffec01a?s=96&r=g\",\"contentUrl\":\"https:\/\/secure.gravatar.com\/avatar\/efb32e19b730a121cb7a80f41ffec01a?s=96&r=g\",\"caption\":\"Giovanni Porf\u00edrio Jacomino\"},\"description\":\"Giovanni Porf\u00edrio Jacomino \u00e9 jornalista formado pela Universidade Estadual de Londrina (UEL) e p\u00f3s-graduado em Produ\u00e7\u00e3o e Pr\u00e1ticas Jornal\u00edsticas na Contemporaneidade na Faculdade C\u00e1sper L\u00edbero (FCL). Foi editor web no Startupi e no Finsiders, atuando ainda como editor no TC Mover, portal de not\u00edcias da TradersClub, fazendo a cobertura de assuntos relacionados ao mercado financeiro interno e externo. Atualmente, \u00e9 Rep\u00f3rter do Suno Not\u00edcias.\",\"url\":\"https:\/\/www.suno.com.br\/noticias\/author\/giovanni-porfiriosuno-com-br\/\"}]}<\/script>\n<!-- \/ Yoast SEO plugin. -->","yoast_head_json":{"title":"IPCA \u00e9 mantido em 4,86%; veja proje\u00e7\u00f5es do Boletim Focus","description":"O\u00a0mercado financeiro\u00a0manteve as proje\u00e7\u00f5es do principal indicador de\u00a0infla\u00e7\u00e3o, o\u00a0IPCA, segundo Boletim Focus\u00a0divulgado nesta segunda (25).","robots":{"index":"index","follow":"follow","max-snippet":"max-snippet:-1","max-image-preview":"max-image-preview:large","max-video-preview":"max-video-preview:-1"},"canonical":"https:\/\/www.suno.com.br\/noticias\/ipca-e-mantido-em-486-veja-projecoes-do-boletim-focus\/","og_locale":"pt_BR","og_type":"article","og_title":"IPCA \u00e9 mantido em 4,86%; veja proje\u00e7\u00f5es do Boletim Focus","og_description":"O\u00a0mercado financeiro\u00a0manteve as proje\u00e7\u00f5es do principal indicador de\u00a0infla\u00e7\u00e3o, o\u00a0IPCA, segundo Boletim Focus\u00a0divulgado nesta segunda (25).","og_url":"https:\/\/www.suno.com.br\/noticias\/ipca-e-mantido-em-486-veja-projecoes-do-boletim-focus\/","og_site_name":"Suno Not\u00edcias","article_publisher":"https:\/\/facebook.com\/sunoresearch","og_image":[{"width":1200,"height":800,"url":"https:\/\/files.sunoresearch.com.br\/n\/uploads\/2023\/09\/recha-oktaviani-h2aDKwigQeA-unsplash-scaled-e1695642334516.jpg","type":"image\/jpeg"}],"author":"Giovanni Porf\u00edrio Jacomino","twitter_card":"summary_large_image","twitter_creator":"@sunoresearch","twitter_site":"@sunoresearch","twitter_misc":{"Escrito por":"Giovanni Porf\u00edrio Jacomino","Est. tempo de leitura":"3 minutos"},"schema":{"@context":"https:\/\/schema.org","@graph":[{"@type":"NewsArticle","@id":"https:\/\/www.suno.com.br\/noticias\/ipca-e-mantido-em-486-veja-projecoes-do-boletim-focus\/#article","isPartOf":{"@id":"https:\/\/www.suno.com.br\/noticias\/ipca-e-mantido-em-486-veja-projecoes-do-boletim-focus\/"},"author":{"name":"Giovanni Porf\u00edrio Jacomino","@id":"https:\/\/www.suno.com.br\/noticias\/#\/schema\/person\/d0f32748bbca4bee871fa191ee4e2d40"},"headline":"Mercado mant\u00e9m IPCA em 4,86%; veja proje\u00e7\u00f5es do Boletim Focus","datePublished":"2023-09-25T11:37:23+00:00","dateModified":"2023-09-25T11:46:47+00:00","mainEntityOfPage":{"@id":"https:\/\/www.suno.com.br\/noticias\/ipca-e-mantido-em-486-veja-projecoes-do-boletim-focus\/"},"wordCount":443,"publisher":{"@id":"https:\/\/www.suno.com.br\/noticias\/#organization"},"image":{"@id":"https:\/\/www.suno.com.br\/noticias\/ipca-e-mantido-em-486-veja-projecoes-do-boletim-focus\/#primaryimage"},"thumbnailUrl":"https:\/\/files.sunoresearch.com.br\/n\/uploads\/2023\/09\/recha-oktaviani-h2aDKwigQeA-unsplash-scaled.webp","keywords":["Boletim Focus","d\u00f3lar","infla\u00e7\u00e3o","IPCA","Produto Interno Bruto (PIB)","Taxa Selic"],"articleSection":["Economia"],"inLanguage":"pt-BR"},{"@type":"WebPage","@id":"https:\/\/www.suno.com.br\/noticias\/ipca-e-mantido-em-486-veja-projecoes-do-boletim-focus\/","url":"https:\/\/www.suno.com.br\/noticias\/ipca-e-mantido-em-486-veja-projecoes-do-boletim-focus\/","name":"IPCA \u00e9 mantido em 4,86%; veja proje\u00e7\u00f5es do Boletim Focus","isPartOf":{"@id":"https:\/\/www.suno.com.br\/noticias\/#website"},"primaryImageOfPage":{"@id":"https:\/\/www.suno.com.br\/noticias\/ipca-e-mantido-em-486-veja-projecoes-do-boletim-focus\/#primaryimage"},"image":{"@id":"https:\/\/www.suno.com.br\/noticias\/ipca-e-mantido-em-486-veja-projecoes-do-boletim-focus\/#primaryimage"},"thumbnailUrl":"https:\/\/files.sunoresearch.com.br\/n\/uploads\/2023\/09\/recha-oktaviani-h2aDKwigQeA-unsplash-scaled.webp","datePublished":"2023-09-25T11:37:23+00:00","dateModified":"2023-09-25T11:46:47+00:00","description":"O\u00a0mercado financeiro\u00a0manteve as proje\u00e7\u00f5es do principal indicador de\u00a0infla\u00e7\u00e3o, o\u00a0IPCA, segundo Boletim Focus\u00a0divulgado nesta segunda (25).","breadcrumb":{"@id":"https:\/\/www.suno.com.br\/noticias\/ipca-e-mantido-em-486-veja-projecoes-do-boletim-focus\/#breadcrumb"},"inLanguage":"pt-BR","potentialAction":[{"@type":"ReadAction","target":["https:\/\/www.suno.com.br\/noticias\/ipca-e-mantido-em-486-veja-projecoes-do-boletim-focus\/"]}]},{"@type":"ImageObject","inLanguage":"pt-BR","@id":"https:\/\/www.suno.com.br\/noticias\/ipca-e-mantido-em-486-veja-projecoes-do-boletim-focus\/#primaryimage","url":"https:\/\/files.sunoresearch.com.br\/n\/uploads\/2023\/09\/recha-oktaviani-h2aDKwigQeA-unsplash-scaled.webp","contentUrl":"https:\/\/files.sunoresearch.com.br\/n\/uploads\/2023\/09\/recha-oktaviani-h2aDKwigQeA-unsplash-scaled.webp","width":2560,"height":1707,"caption":"IPCA. Foto: Unsplash"},{"@type":"BreadcrumbList","@id":"https:\/\/www.suno.com.br\/noticias\/ipca-e-mantido-em-486-veja-projecoes-do-boletim-focus\/#breadcrumb","itemListElement":[{"@type":"ListItem","position":1,"name":"Not\u00edcias","item":"https:\/\/www.suno.com.br\/noticias\/"},{"@type":"ListItem","position":2,"name":"Economia","item":"https:\/\/www.suno.com.br\/noticias\/economia\/"},{"@type":"ListItem","position":3,"name":"Mercado mant\u00e9m IPCA em 4,86%; veja proje\u00e7\u00f5es do Boletim Focus"}]},{"@type":"WebSite","@id":"https:\/\/www.suno.com.br\/noticias\/#website","url":"https:\/\/www.suno.com.br\/noticias\/","name":"Suno Not\u00edcias","description":"Seu portal de informa\u00e7\u00e3o sobre o mundo dos investimentos","publisher":{"@id":"https:\/\/www.suno.com.br\/noticias\/#organization"},"potentialAction":[{"@type":"SearchAction","target":{"@type":"EntryPoint","urlTemplate":"https:\/\/www.suno.com.br\/noticias\/?s={search_term_string}"},"query-input":{"@type":"PropertyValueSpecification","valueRequired":true,"valueName":"search_term_string"}}],"inLanguage":"pt-BR"},{"@type":"Organization","@id":"https:\/\/www.suno.com.br\/noticias\/#organization","name":"Suno Not\u00edcias","url":"https:\/\/www.suno.com.br\/noticias\/","logo":{"@type":"ImageObject","inLanguage":"pt-BR","@id":"https:\/\/www.suno.com.br\/noticias\/#\/schema\/logo\/image\/","url":"https:\/\/files.sunoresearch.com.br\/n\/uploads\/2021\/09\/suno-logo.png","contentUrl":"https:\/\/files.sunoresearch.com.br\/n\/uploads\/2021\/09\/suno-logo.png","width":180,"height":180,"caption":"Suno Not\u00edcias"},"image":{"@id":"https:\/\/www.suno.com.br\/noticias\/#\/schema\/logo\/image\/"},"sameAs":["https:\/\/facebook.com\/sunoresearch","https:\/\/x.com\/sunoresearch","https:\/\/www.instagram.com\/suno","https:\/\/www.linkedin.com\/company\/suno-research\/","https:\/\/www.youtube.com\/c\/sunoresearch"]},{"@type":"Person","@id":"https:\/\/www.suno.com.br\/noticias\/#\/schema\/person\/d0f32748bbca4bee871fa191ee4e2d40","name":"Giovanni Porf\u00edrio Jacomino","image":{"@type":"ImageObject","inLanguage":"pt-BR","@id":"https:\/\/www.suno.com.br\/noticias\/#\/schema\/person\/image\/","url":"https:\/\/secure.gravatar.com\/avatar\/efb32e19b730a121cb7a80f41ffec01a?s=96&r=g","contentUrl":"https:\/\/secure.gravatar.com\/avatar\/efb32e19b730a121cb7a80f41ffec01a?s=96&r=g","caption":"Giovanni Porf\u00edrio Jacomino"},"description":"Giovanni Porf\u00edrio Jacomino \u00e9 jornalista formado pela Universidade Estadual de Londrina (UEL) e p\u00f3s-graduado em Produ\u00e7\u00e3o e Pr\u00e1ticas Jornal\u00edsticas na Contemporaneidade na Faculdade C\u00e1sper L\u00edbero (FCL). Foi editor web no Startupi e no Finsiders, atuando ainda como editor no TC Mover, portal de not\u00edcias da TradersClub, fazendo a cobertura de assuntos relacionados ao mercado financeiro interno e externo. Atualmente, \u00e9 Rep\u00f3rter do Suno Not\u00edcias.","url":"https:\/\/www.suno.com.br\/noticias\/author\/giovanni-porfiriosuno-com-br\/"}]}},"default_loop_html":"<div class=\"cardsPage__listCard__boxs\"><div class=\"cardsPage__listCard__boxs__img\"><a href=\"https:\/\/www.suno.com.br\/noticias\/ipca-e-mantido-em-486-veja-projecoes-do-boletim-focus\/\"><img class=\"mask\" src=\"https:\/\/www.suno.com.br\/noticias\/wp-content\/themes\/suno\/resources\/images\/spotlight\/spotlight1img\/bg-mask.png\" alt=\"Image Mask\"\/><img src=\"https:\/\/files.sunoresearch.com.br\/n\/uploads\/2023\/09\/recha-oktaviani-h2aDKwigQeA-unsplash-400x200.webp\" alt=\"Mercado mant\u00e9m IPCA em 4,86%; veja proje\u00e7\u00f5es do Boletim Focus\"\/><\/a><span class=\"spotlightCategory\"><a href=\"https:\/\/www.suno.com.br\/noticias\/economia\/\">Economia<\/a><\/span><\/div><div class=\"cardsPage__listCard__boxs__content\"><a href=\"https:\/\/www.suno.com.br\/noticias\/ipca-e-mantido-em-486-veja-projecoes-do-boletim-focus\/\"><h2 class=\"content__title\">Mercado mant\u00e9m IPCA em 4,86%; veja proje\u00e7\u00f5es do Boletim Focus<\/h2><\/a><div class=\"newsContent__article__meta\"><div class=\"newsContent__article__meta__authorBox\"><a href=\"https:\/\/www.suno.com.br\/noticias\/author\/marco-lopes\/\" class=\"authorBox__avatar noMobi\"><img src=\"https:\/\/secure.gravatar.com\/avatar\/385167b012fbc1cde32c5446ee253313?s=96&#038;r=g\" alt=\"Marco Ant\u00f4nio Lopes\"><\/a><div class=\"authorBox__name\"><span>por\n\t\t\t<a href=\"https:\/\/www.suno.com.br\/noticias\/author\/marco-lopes\/\"><span itemprop=\"author\">Marco Ant\u00f4nio Lopes<\/span><\/a><\/span><time datetime=\"2023-09-25T08:37:23-03:00\" itemprop=\"datePublished\">25\/09\/2023 08:37<\/time><\/div><\/div><\/div><\/div><\/div>","single_layout":"posts","amp_enabled":true,"_links":{"self":[{"href":"https:\/\/www.suno.com.br\/noticias\/wp-json\/wp\/v2\/posts\/461183"}],"collection":[{"href":"https:\/\/www.suno.com.br\/noticias\/wp-json\/wp\/v2\/posts"}],"about":[{"href":"https:\/\/www.suno.com.br\/noticias\/wp-json\/wp\/v2\/types\/post"}],"author":[{"embeddable":true,"href":"https:\/\/www.suno.com.br\/noticias\/wp-json\/wp\/v2\/users\/313"}],"replies":[{"embeddable":true,"href":"https:\/\/www.suno.com.br\/noticias\/wp-json\/wp\/v2\/comments?post=461183"}],"version-history":[{"count":3,"href":"https:\/\/www.suno.com.br\/noticias\/wp-json\/wp\/v2\/posts\/461183\/revisions"}],"predecessor-version":[{"id":461220,"href":"https:\/\/www.suno.com.br\/noticias\/wp-json\/wp\/v2\/posts\/461183\/revisions\/461220"}],"wp:featuredmedia":[{"embeddable":true,"href":"https:\/\/www.suno.com.br\/noticias\/wp-json\/wp\/v2\/media\/461201"}],"wp:attachment":[{"href":"https:\/\/www.suno.com.br\/noticias\/wp-json\/wp\/v2\/media?parent=461183"}],"wp:term":[{"taxonomy":"category","embeddable":true,"href":"https:\/\/www.suno.com.br\/noticias\/wp-json\/wp\/v2\/categories?post=461183"},{"taxonomy":"post_tag","embeddable":true,"href":"https:\/\/www.suno.com.br\/noticias\/wp-json\/wp\/v2\/tags?post=461183"},{"taxonomy":"suno_strategy","embeddable":true,"href":"https:\/\/www.suno.com.br\/noticias\/wp-json\/wp\/v2\/suno_strategy?post=461183"}],"curies":[{"name":"wp","href":"https:\/\/api.w.org\/{rel}","templated":true}]}}