{"id":461093,"date":"2023-09-24T16:27:47","date_gmt":"2023-09-24T19:27:47","guid":{"rendered":"https:\/\/www.suno.com.br\/noticias\/?p=461093"},"modified":"2023-09-24T16:32:33","modified_gmt":"2023-09-24T19:32:33","slug":"ondas-de-calor-devem-aumentar-consumo-energia-cpf","status":"publish","type":"post","link":"https:\/\/www.suno.com.br\/noticias\/ondas-de-calor-devem-aumentar-consumo-energia-cpf\/","title":{"rendered":"&#8220;Um sol para cada um&#8221;: Calor intenso deve impulsionar consumo de energia em at\u00e9 5,8% em setembro"},"content":{"rendered":"<p>A primavera come\u00e7ou oficialmente neste s\u00e1bado (23) no Brasil, acompanhada de <strong>ondas de calor <\/strong>em um final de inverno at\u00edpico. As temperaturas elevadas que t\u00eam atingido todo o pa\u00eds dever\u00e3o refletir no consumo de energia el\u00e9trica ainda no m\u00eas de setembro. Segundo estimativas do Operador Nacional do Sistema El\u00e9trico (ONS), o crescimento deve ser de 5,8% no consumo nacional.<\/p>\t<div class=\"wrapper-featured-image\">\n\t\t<figure class=\"spotlightImg\">\n\n\t\t\t<picture>\n\t\t\t\t<source media=\"(max-width: 768px)\" srcset=\"https:\/\/files.sunoresearch.com.br\/n\/uploads\/2023\/09\/calor-verao-temperatura-praia-400x200.jpg\">\n\t\t\t\t<img loading=\"lazy\" decoding=\"async\" class=\"newsContent__article__imgCapa lazyloadDisabled \" src=\"https:\/\/files.sunoresearch.com.br\/n\/uploads\/2023\/09\/calor-verao-temperatura-praia-800x450.jpg\" width=\"800\" height=\"450\" alt=\"&#8220;Um sol para cada um&#8221;: Calor intenso deve impulsionar consumo de energia em at\u00e9 5,8% em setembro\" fetchpriority=high \/>\n\t\t\t<\/picture>\n\n\t\t\t<figcaption class=\"wp-caption-text wp-caption-text--show\">OCDE: Ver\u00e3o acima da m\u00e9dia - Foto: Wirestock\/ Freepik<\/figcaption>\n\t\t<\/figure>\n\t<\/div>\n\n\n\n\n\n\n\n\t<p>\n\t\t<a href=\"\" target=\"_blank\" data-element=\"shortcode-suno-banner\" title=\"Banner SUNO, clique e saiba mais\">\n\t\t\t<picture>\n\t\t\t\t<source media=\"(max-width: 500px)\" srcset=\"\">\n\t\t\t\t<img class=\"newsContent__article__imgCapa newsContent__article__imgCapa--banner\"\n\t\t\t\t\tsrc=\"\"\n\t\t\t\t\tdata-promo-id=\"240038\"\t\t\t\t\t\t\t\t\t\t\t\t\t\t\talt=\"\"\n\t\t\t\t>\n\t\t\t<\/picture>\n\t\t<\/a>\n\t<\/p>\n\n\n\n\n\n<p>De acordo com o boletim divulgado pelo \u00f3rg\u00e3o, a perspectiva de crescimento nos submercados \u00e9 mais expressiva no Norte, com 10,6%. J\u00e1 as \u00e1reas entre Sudeste e Centro-Oeste deve registrar avan\u00e7o de 6,1%, e o Nordeste, de 4,2%. O Sul, que enfrenta um per\u00edodo de fortes chuvas, deve aumentar 3,8%. <\/p>\n\n\n\n<p>Os percentuais comparam os resultados previstos para o final de <a href=\"https:\/\/www.suno.com.br\/noticias\/editoria-fundos-veja-listas-fiis-baratos-setembro-ar\/\" target=\"_blank\" rel=\"noreferrer noopener\">setembro <\/a>de 2023 em rela\u00e7\u00e3o ao mesmo per\u00edodo do ano passado.<\/p>\n\n\n\n<blockquote class=\"wp-block-quote is-layout-flow wp-block-quote-is-layout-flow\">\n<p>&#8220;A previs\u00e3o de crescimento da carga para setembro \u00e9 a maior dos \u00faltimos meses, reflexo do calor mais intenso e tamb\u00e9m de uma economia mais aquecida&#8221;, afirma Luiz Carlos Ciocchi, diretor-geral do ONS.<\/p>\n<\/blockquote>\n\n\n\n<h2 class=\"wp-block-heading\">Alerta vermelho para as ondas de calor <\/h2>\n\n\n\n<p>A cidade de S\u00e3o Paulo registrou neste s\u00e1bado (23), um novo<strong> <\/strong>recorde de<strong> temperatura m\u00e1xima<\/strong> em 2023. De acordo com o Instituto Nacional de Meteorologia (Inmet), os term\u00f4metros chegaram a marcar 34,8\u00baC \u00e0s 16h, acompanhando os 34,7\u00baC registrados na sexta-feira (22) na capital paulista.<\/p>\n\n\n\n<p>Essa foi a quarta quebra de<strong> recordes de calor <\/strong>em apenas dez dias. Nove Estados est\u00e3o, at\u00e9 as 18h deste domingo (24) sob <strong>alerta vermelho <\/strong>de grande perigo com riscos de inc\u00eandios florestais e \u00e0 sa\u00fade, como ressecamento da pele, desconforto nos olhos, boca e nariz. S\u00e3o eles:<\/p>\n\n\n\n<ul class=\"wp-block-list\">\n<li>Goi\u00e1s;<\/li>\n\n\n\n<li>Mato Grosso;<\/li>\n\n\n\n<li>Mato Grosso do Sul;<\/li>\n\n\n\n<li>Minas Gerais;<\/li>\n\n\n\n<li>Par\u00e1;<\/li>\n\n\n\n<li>Paran\u00e1;<\/li>\n\n\n\n<li>Rio de Janeiro;<\/li>\n\n\n\n<li>S\u00e3o Paulo;<\/li>\n\n\n\n<li>Tocantins.<\/li>\n<\/ul>\n\n\n\n<p>O boletim do ONS, al\u00e9m de tratar das <strong>ondas de calor, <\/strong>ainda traz an\u00e1lises sobre a Energia Armazenada (EAR), indicando a estimativa de que continue acima de 70% em tr\u00eas submercados para o fim deste m\u00eas. O dado \u00e9 significativo visto que o per\u00edodo tipicamente seco est\u00e1 pr\u00f3ximo do encerramento. A EAR mais elevada deve ser verificada no Sul (85,2%), seguida de Norte (73,7%), Sudeste\/Centro-Oeste (72,6%) e Nordeste (67,2%).<\/p>\n\n\n\n<p><em>Com informa\u00e7\u00f5es de Estad\u00e3o Conte\u00fado.<\/em><\/p>\n\n\n\t<p>\n\t\t<a href=\"https:\/\/lp.suno.com.br\/planilha-da-vida-financeira\/\" target=\"_blank\" data-element=\"shortcode-suno-banner\" title=\"Banner SUNO, clique e saiba mais\">\n\t\t\t<picture>\n\t\t\t\t<source media=\"(max-width: 500px)\" srcset=\"https:\/\/files.sunoresearch.com.br\/n\/uploads\/2023\/04\/400x300-Planilha-vida-financeira-true.png\">\n\t\t\t\t<img class=\"newsContent__article__imgCapa newsContent__article__imgCapa--banner\"\n\t\t\t\t\tsrc=\"https:\/\/files.sunoresearch.com.br\/n\/uploads\/2023\/04\/1420x240-Planilha-vida-financeira-true.png\"\n\t\t\t\t\tdata-promo-id=\"383123\"\t\t\t\t\t\t\t\t\t\twidth='1420' height='240'\t\t\t\t\talt=\"https:\/\/files.sunoresearch.com.br\/n\/uploads\/2023\/04\/1420x240-Planilha-vida-financeira-true.png\"\n\t\t\t\t>\n\t\t\t<\/picture>\n\t\t<\/a>\n\t<\/p>\n\n\n","protected":false},"excerpt":{"rendered":"<p>A primavera come\u00e7ou oficialmente neste s\u00e1bado (23) no Brasil, acompanhada de ondas de calor em um final de inverno at\u00edpico. As temperaturas elevadas que t\u00eam atingido todo o pa\u00eds dever\u00e3o refletir no consumo de energia el\u00e9trica ainda no m\u00eas de setembro. Segundo estimativas do Operador Nacional do Sistema El\u00e9trico (ONS), o crescimento deve ser de [&hellip;]<\/p>\n","protected":false},"author":283,"featured_media":461095,"comment_status":"closed","ping_status":"closed","sticky":false,"template":"","format":"standard","meta":[],"categories":[62],"tags":[2153],"suno_strategy":[],"class_list":["post-461093","post","type-post","status-publish","format-standard","has-post-thumbnail","hentry","category-economia","tag-energia-eletrica"],"yoast_head":"<!-- This site is optimized with the Yoast SEO plugin v24.4 - https:\/\/yoast.com\/wordpress\/plugins\/seo\/ -->\n<title>Ondas de calor devem aumentar consumo de energia em at\u00e9 5,8% no m\u00eas<\/title>\n<meta name=\"description\" content=\"A primavera mal come\u00e7ou e as ondas de calor de um final de inverno at\u00edpico j\u00e1 impulsionam o consumo de energia el\u00e9trica de setembro no pa\u00eds.\" \/>\n<meta name=\"robots\" content=\"index, follow, max-snippet:-1, max-image-preview:large, max-video-preview:-1\" \/>\n<link rel=\"canonical\" href=\"https:\/\/www.suno.com.br\/noticias\/ondas-de-calor-devem-aumentar-consumo-energia-cpf\/\" \/>\n<meta property=\"og:locale\" content=\"pt_BR\" \/>\n<meta property=\"og:type\" content=\"article\" \/>\n<meta property=\"og:title\" content=\"Ondas de calor devem aumentar consumo de energia em at\u00e9 5,8% no m\u00eas\" \/>\n<meta property=\"og:description\" content=\"A primavera mal come\u00e7ou e as ondas de calor de um final de inverno at\u00edpico j\u00e1 impulsionam o consumo de energia el\u00e9trica de setembro no pa\u00eds.\" \/>\n<meta property=\"og:url\" content=\"https:\/\/www.suno.com.br\/noticias\/ondas-de-calor-devem-aumentar-consumo-energia-cpf\/\" \/>\n<meta property=\"og:site_name\" content=\"Suno Not\u00edcias\" \/>\n<meta property=\"article:publisher\" content=\"https:\/\/facebook.com\/sunoresearch\" \/>\n<meta property=\"og:image\" content=\"https:\/\/files.sunoresearch.com.br\/n\/uploads\/2023\/09\/calor-verao-temperatura-praia.jpg\" \/>\n\t<meta property=\"og:image:width\" content=\"1200\" \/>\n\t<meta property=\"og:image:height\" content=\"800\" \/>\n\t<meta property=\"og:image:type\" content=\"image\/jpeg\" \/>\n<meta name=\"author\" content=\"Camila Paim\" \/>\n<meta name=\"twitter:card\" content=\"summary_large_image\" \/>\n<meta name=\"twitter:creator\" content=\"@sunoresearch\" \/>\n<meta name=\"twitter:site\" content=\"@sunoresearch\" \/>\n<meta name=\"twitter:label1\" content=\"Escrito por\" \/>\n\t<meta name=\"twitter:data1\" content=\"Camila Paim\" \/>\n\t<meta name=\"twitter:label2\" content=\"Est. tempo de leitura\" \/>\n\t<meta name=\"twitter:data2\" content=\"2 minutos\" \/>\n<script type=\"application\/ld+json\" class=\"yoast-schema-graph\">{\"@context\":\"https:\/\/schema.org\",\"@graph\":[{\"@type\":\"NewsArticle\",\"@id\":\"https:\/\/www.suno.com.br\/noticias\/ondas-de-calor-devem-aumentar-consumo-energia-cpf\/#article\",\"isPartOf\":{\"@id\":\"https:\/\/www.suno.com.br\/noticias\/ondas-de-calor-devem-aumentar-consumo-energia-cpf\/\"},\"author\":{\"name\":\"Camila Paim\",\"@id\":\"https:\/\/www.suno.com.br\/noticias\/#\/schema\/person\/f341d3ae5d1cc685176c9a5327cdfdbb\"},\"headline\":\"&#8220;Um sol para cada um&#8221;: Calor intenso deve impulsionar consumo de energia em at\u00e9 5,8% em setembro\",\"datePublished\":\"2023-09-24T19:27:47+00:00\",\"dateModified\":\"2023-09-24T19:32:33+00:00\",\"mainEntityOfPage\":{\"@id\":\"https:\/\/www.suno.com.br\/noticias\/ondas-de-calor-devem-aumentar-consumo-energia-cpf\/\"},\"wordCount\":391,\"publisher\":{\"@id\":\"https:\/\/www.suno.com.br\/noticias\/#organization\"},\"image\":{\"@id\":\"https:\/\/www.suno.com.br\/noticias\/ondas-de-calor-devem-aumentar-consumo-energia-cpf\/#primaryimage\"},\"thumbnailUrl\":\"https:\/\/files.sunoresearch.com.br\/n\/uploads\/2023\/09\/calor-verao-temperatura-praia.jpg\",\"keywords\":[\"energia el\u00e9trica\"],\"articleSection\":[\"Economia\"],\"inLanguage\":\"pt-BR\"},{\"@type\":\"WebPage\",\"@id\":\"https:\/\/www.suno.com.br\/noticias\/ondas-de-calor-devem-aumentar-consumo-energia-cpf\/\",\"url\":\"https:\/\/www.suno.com.br\/noticias\/ondas-de-calor-devem-aumentar-consumo-energia-cpf\/\",\"name\":\"Ondas de calor devem aumentar consumo de energia em at\u00e9 5,8% no m\u00eas\",\"isPartOf\":{\"@id\":\"https:\/\/www.suno.com.br\/noticias\/#website\"},\"primaryImageOfPage\":{\"@id\":\"https:\/\/www.suno.com.br\/noticias\/ondas-de-calor-devem-aumentar-consumo-energia-cpf\/#primaryimage\"},\"image\":{\"@id\":\"https:\/\/www.suno.com.br\/noticias\/ondas-de-calor-devem-aumentar-consumo-energia-cpf\/#primaryimage\"},\"thumbnailUrl\":\"https:\/\/files.sunoresearch.com.br\/n\/uploads\/2023\/09\/calor-verao-temperatura-praia.jpg\",\"datePublished\":\"2023-09-24T19:27:47+00:00\",\"dateModified\":\"2023-09-24T19:32:33+00:00\",\"description\":\"A primavera mal come\u00e7ou e as ondas de calor de um final de inverno at\u00edpico j\u00e1 impulsionam o consumo de energia el\u00e9trica de setembro no pa\u00eds.\",\"breadcrumb\":{\"@id\":\"https:\/\/www.suno.com.br\/noticias\/ondas-de-calor-devem-aumentar-consumo-energia-cpf\/#breadcrumb\"},\"inLanguage\":\"pt-BR\",\"potentialAction\":[{\"@type\":\"ReadAction\",\"target\":[\"https:\/\/www.suno.com.br\/noticias\/ondas-de-calor-devem-aumentar-consumo-energia-cpf\/\"]}]},{\"@type\":\"ImageObject\",\"inLanguage\":\"pt-BR\",\"@id\":\"https:\/\/www.suno.com.br\/noticias\/ondas-de-calor-devem-aumentar-consumo-energia-cpf\/#primaryimage\",\"url\":\"https:\/\/files.sunoresearch.com.br\/n\/uploads\/2023\/09\/calor-verao-temperatura-praia.jpg\",\"contentUrl\":\"https:\/\/files.sunoresearch.com.br\/n\/uploads\/2023\/09\/calor-verao-temperatura-praia.jpg\",\"width\":1200,\"height\":800,\"caption\":\"OCDE: Ver\u00e3o acima da m\u00e9dia - Foto: Wirestock\/ Freepik\"},{\"@type\":\"BreadcrumbList\",\"@id\":\"https:\/\/www.suno.com.br\/noticias\/ondas-de-calor-devem-aumentar-consumo-energia-cpf\/#breadcrumb\",\"itemListElement\":[{\"@type\":\"ListItem\",\"position\":1,\"name\":\"Not\u00edcias\",\"item\":\"https:\/\/www.suno.com.br\/noticias\/\"},{\"@type\":\"ListItem\",\"position\":2,\"name\":\"Economia\",\"item\":\"https:\/\/www.suno.com.br\/noticias\/economia\/\"},{\"@type\":\"ListItem\",\"position\":3,\"name\":\"&#8220;Um sol para cada um&#8221;: Calor intenso deve impulsionar consumo de energia em at\u00e9 5,8% em setembro\"}]},{\"@type\":\"WebSite\",\"@id\":\"https:\/\/www.suno.com.br\/noticias\/#website\",\"url\":\"https:\/\/www.suno.com.br\/noticias\/\",\"name\":\"Suno Not\u00edcias\",\"description\":\"Seu portal de informa\u00e7\u00e3o sobre o mundo dos investimentos\",\"publisher\":{\"@id\":\"https:\/\/www.suno.com.br\/noticias\/#organization\"},\"potentialAction\":[{\"@type\":\"SearchAction\",\"target\":{\"@type\":\"EntryPoint\",\"urlTemplate\":\"https:\/\/www.suno.com.br\/noticias\/?s={search_term_string}\"},\"query-input\":{\"@type\":\"PropertyValueSpecification\",\"valueRequired\":true,\"valueName\":\"search_term_string\"}}],\"inLanguage\":\"pt-BR\"},{\"@type\":\"Organization\",\"@id\":\"https:\/\/www.suno.com.br\/noticias\/#organization\",\"name\":\"Suno Not\u00edcias\",\"url\":\"https:\/\/www.suno.com.br\/noticias\/\",\"logo\":{\"@type\":\"ImageObject\",\"inLanguage\":\"pt-BR\",\"@id\":\"https:\/\/www.suno.com.br\/noticias\/#\/schema\/logo\/image\/\",\"url\":\"https:\/\/files.sunoresearch.com.br\/n\/uploads\/2021\/09\/suno-logo.png\",\"contentUrl\":\"https:\/\/files.sunoresearch.com.br\/n\/uploads\/2021\/09\/suno-logo.png\",\"width\":180,\"height\":180,\"caption\":\"Suno Not\u00edcias\"},\"image\":{\"@id\":\"https:\/\/www.suno.com.br\/noticias\/#\/schema\/logo\/image\/\"},\"sameAs\":[\"https:\/\/facebook.com\/sunoresearch\",\"https:\/\/x.com\/sunoresearch\",\"https:\/\/www.instagram.com\/suno\",\"https:\/\/www.linkedin.com\/company\/suno-research\/\",\"https:\/\/www.youtube.com\/c\/sunoresearch\"]},{\"@type\":\"Person\",\"@id\":\"https:\/\/www.suno.com.br\/noticias\/#\/schema\/person\/f341d3ae5d1cc685176c9a5327cdfdbb\",\"name\":\"Camila Paim\",\"image\":{\"@type\":\"ImageObject\",\"inLanguage\":\"pt-BR\",\"@id\":\"https:\/\/www.suno.com.br\/noticias\/#\/schema\/person\/image\/\",\"url\":\"https:\/\/secure.gravatar.com\/avatar\/f33728e65febb1aa7ecf6792956f9b20?s=96&r=g\",\"contentUrl\":\"https:\/\/secure.gravatar.com\/avatar\/f33728e65febb1aa7ecf6792956f9b20?s=96&r=g\",\"caption\":\"Camila Paim\"},\"description\":\"Jornalista formada pela USP, tem experi\u00eancia em reda\u00e7\u00f5es, SEO, Branded Content e Webdesign. Com passagem pelo Jornal da USP, Empiricus e C6 Bank, hoje \u00e9 rep\u00f3rter no Suno Not\u00edcias cobrindo macroeconomia, finan\u00e7as pessoais e startups.\",\"url\":\"https:\/\/www.suno.com.br\/noticias\/author\/camila-figueiredosuno-com-br\/\"}]}<\/script>\n<!-- \/ Yoast SEO plugin. -->","yoast_head_json":{"title":"Ondas de calor devem aumentar consumo de energia em at\u00e9 5,8% no m\u00eas","description":"A primavera mal come\u00e7ou e as ondas de calor de um final de inverno at\u00edpico j\u00e1 impulsionam o consumo de energia el\u00e9trica de setembro no pa\u00eds.","robots":{"index":"index","follow":"follow","max-snippet":"max-snippet:-1","max-image-preview":"max-image-preview:large","max-video-preview":"max-video-preview:-1"},"canonical":"https:\/\/www.suno.com.br\/noticias\/ondas-de-calor-devem-aumentar-consumo-energia-cpf\/","og_locale":"pt_BR","og_type":"article","og_title":"Ondas de calor devem aumentar consumo de energia em at\u00e9 5,8% no m\u00eas","og_description":"A primavera mal come\u00e7ou e as ondas de calor de um final de inverno at\u00edpico j\u00e1 impulsionam o consumo de energia el\u00e9trica de setembro no pa\u00eds.","og_url":"https:\/\/www.suno.com.br\/noticias\/ondas-de-calor-devem-aumentar-consumo-energia-cpf\/","og_site_name":"Suno Not\u00edcias","article_publisher":"https:\/\/facebook.com\/sunoresearch","og_image":[{"width":1200,"height":800,"url":"https:\/\/files.sunoresearch.com.br\/n\/uploads\/2023\/09\/calor-verao-temperatura-praia.jpg","type":"image\/jpeg"}],"author":"Camila Paim","twitter_card":"summary_large_image","twitter_creator":"@sunoresearch","twitter_site":"@sunoresearch","twitter_misc":{"Escrito por":"Camila Paim","Est. tempo de leitura":"2 minutos"},"schema":{"@context":"https:\/\/schema.org","@graph":[{"@type":"NewsArticle","@id":"https:\/\/www.suno.com.br\/noticias\/ondas-de-calor-devem-aumentar-consumo-energia-cpf\/#article","isPartOf":{"@id":"https:\/\/www.suno.com.br\/noticias\/ondas-de-calor-devem-aumentar-consumo-energia-cpf\/"},"author":{"name":"Camila Paim","@id":"https:\/\/www.suno.com.br\/noticias\/#\/schema\/person\/f341d3ae5d1cc685176c9a5327cdfdbb"},"headline":"&#8220;Um sol para cada um&#8221;: Calor intenso deve impulsionar consumo de energia em at\u00e9 5,8% em setembro","datePublished":"2023-09-24T19:27:47+00:00","dateModified":"2023-09-24T19:32:33+00:00","mainEntityOfPage":{"@id":"https:\/\/www.suno.com.br\/noticias\/ondas-de-calor-devem-aumentar-consumo-energia-cpf\/"},"wordCount":391,"publisher":{"@id":"https:\/\/www.suno.com.br\/noticias\/#organization"},"image":{"@id":"https:\/\/www.suno.com.br\/noticias\/ondas-de-calor-devem-aumentar-consumo-energia-cpf\/#primaryimage"},"thumbnailUrl":"https:\/\/files.sunoresearch.com.br\/n\/uploads\/2023\/09\/calor-verao-temperatura-praia.jpg","keywords":["energia el\u00e9trica"],"articleSection":["Economia"],"inLanguage":"pt-BR"},{"@type":"WebPage","@id":"https:\/\/www.suno.com.br\/noticias\/ondas-de-calor-devem-aumentar-consumo-energia-cpf\/","url":"https:\/\/www.suno.com.br\/noticias\/ondas-de-calor-devem-aumentar-consumo-energia-cpf\/","name":"Ondas de calor devem aumentar consumo de energia em at\u00e9 5,8% no m\u00eas","isPartOf":{"@id":"https:\/\/www.suno.com.br\/noticias\/#website"},"primaryImageOfPage":{"@id":"https:\/\/www.suno.com.br\/noticias\/ondas-de-calor-devem-aumentar-consumo-energia-cpf\/#primaryimage"},"image":{"@id":"https:\/\/www.suno.com.br\/noticias\/ondas-de-calor-devem-aumentar-consumo-energia-cpf\/#primaryimage"},"thumbnailUrl":"https:\/\/files.sunoresearch.com.br\/n\/uploads\/2023\/09\/calor-verao-temperatura-praia.jpg","datePublished":"2023-09-24T19:27:47+00:00","dateModified":"2023-09-24T19:32:33+00:00","description":"A primavera mal come\u00e7ou e as ondas de calor de um final de inverno at\u00edpico j\u00e1 impulsionam o consumo de energia el\u00e9trica de setembro no pa\u00eds.","breadcrumb":{"@id":"https:\/\/www.suno.com.br\/noticias\/ondas-de-calor-devem-aumentar-consumo-energia-cpf\/#breadcrumb"},"inLanguage":"pt-BR","potentialAction":[{"@type":"ReadAction","target":["https:\/\/www.suno.com.br\/noticias\/ondas-de-calor-devem-aumentar-consumo-energia-cpf\/"]}]},{"@type":"ImageObject","inLanguage":"pt-BR","@id":"https:\/\/www.suno.com.br\/noticias\/ondas-de-calor-devem-aumentar-consumo-energia-cpf\/#primaryimage","url":"https:\/\/files.sunoresearch.com.br\/n\/uploads\/2023\/09\/calor-verao-temperatura-praia.jpg","contentUrl":"https:\/\/files.sunoresearch.com.br\/n\/uploads\/2023\/09\/calor-verao-temperatura-praia.jpg","width":1200,"height":800,"caption":"OCDE: Ver\u00e3o acima da m\u00e9dia - Foto: Wirestock\/ Freepik"},{"@type":"BreadcrumbList","@id":"https:\/\/www.suno.com.br\/noticias\/ondas-de-calor-devem-aumentar-consumo-energia-cpf\/#breadcrumb","itemListElement":[{"@type":"ListItem","position":1,"name":"Not\u00edcias","item":"https:\/\/www.suno.com.br\/noticias\/"},{"@type":"ListItem","position":2,"name":"Economia","item":"https:\/\/www.suno.com.br\/noticias\/economia\/"},{"@type":"ListItem","position":3,"name":"&#8220;Um sol para cada um&#8221;: Calor intenso deve impulsionar consumo de energia em at\u00e9 5,8% em setembro"}]},{"@type":"WebSite","@id":"https:\/\/www.suno.com.br\/noticias\/#website","url":"https:\/\/www.suno.com.br\/noticias\/","name":"Suno Not\u00edcias","description":"Seu portal de informa\u00e7\u00e3o sobre o mundo dos investimentos","publisher":{"@id":"https:\/\/www.suno.com.br\/noticias\/#organization"},"potentialAction":[{"@type":"SearchAction","target":{"@type":"EntryPoint","urlTemplate":"https:\/\/www.suno.com.br\/noticias\/?s={search_term_string}"},"query-input":{"@type":"PropertyValueSpecification","valueRequired":true,"valueName":"search_term_string"}}],"inLanguage":"pt-BR"},{"@type":"Organization","@id":"https:\/\/www.suno.com.br\/noticias\/#organization","name":"Suno Not\u00edcias","url":"https:\/\/www.suno.com.br\/noticias\/","logo":{"@type":"ImageObject","inLanguage":"pt-BR","@id":"https:\/\/www.suno.com.br\/noticias\/#\/schema\/logo\/image\/","url":"https:\/\/files.sunoresearch.com.br\/n\/uploads\/2021\/09\/suno-logo.png","contentUrl":"https:\/\/files.sunoresearch.com.br\/n\/uploads\/2021\/09\/suno-logo.png","width":180,"height":180,"caption":"Suno Not\u00edcias"},"image":{"@id":"https:\/\/www.suno.com.br\/noticias\/#\/schema\/logo\/image\/"},"sameAs":["https:\/\/facebook.com\/sunoresearch","https:\/\/x.com\/sunoresearch","https:\/\/www.instagram.com\/suno","https:\/\/www.linkedin.com\/company\/suno-research\/","https:\/\/www.youtube.com\/c\/sunoresearch"]},{"@type":"Person","@id":"https:\/\/www.suno.com.br\/noticias\/#\/schema\/person\/f341d3ae5d1cc685176c9a5327cdfdbb","name":"Camila Paim","image":{"@type":"ImageObject","inLanguage":"pt-BR","@id":"https:\/\/www.suno.com.br\/noticias\/#\/schema\/person\/image\/","url":"https:\/\/secure.gravatar.com\/avatar\/f33728e65febb1aa7ecf6792956f9b20?s=96&r=g","contentUrl":"https:\/\/secure.gravatar.com\/avatar\/f33728e65febb1aa7ecf6792956f9b20?s=96&r=g","caption":"Camila Paim"},"description":"Jornalista formada pela USP, tem experi\u00eancia em reda\u00e7\u00f5es, SEO, Branded Content e Webdesign. Com passagem pelo Jornal da USP, Empiricus e C6 Bank, hoje \u00e9 rep\u00f3rter no Suno Not\u00edcias cobrindo macroeconomia, finan\u00e7as pessoais e startups.","url":"https:\/\/www.suno.com.br\/noticias\/author\/camila-figueiredosuno-com-br\/"}]}},"default_loop_html":"<div class=\"cardsPage__listCard__boxs\"><div class=\"cardsPage__listCard__boxs__img\"><a href=\"https:\/\/www.suno.com.br\/noticias\/ondas-de-calor-devem-aumentar-consumo-energia-cpf\/\"><img class=\"mask\" src=\"https:\/\/www.suno.com.br\/noticias\/wp-content\/themes\/suno\/resources\/images\/spotlight\/spotlight1img\/bg-mask.png\" alt=\"Image Mask\"\/><img src=\"https:\/\/files.sunoresearch.com.br\/n\/uploads\/2023\/09\/calor-verao-temperatura-praia-400x200.jpg\" alt=\"&#8220;Um sol para cada um&#8221;: Calor intenso deve impulsionar consumo de energia em at\u00e9 5,8% em setembro\"\/><\/a><span class=\"spotlightCategory\"><a href=\"https:\/\/www.suno.com.br\/noticias\/economia\/\">Economia<\/a><\/span><\/div><div class=\"cardsPage__listCard__boxs__content\"><a href=\"https:\/\/www.suno.com.br\/noticias\/ondas-de-calor-devem-aumentar-consumo-energia-cpf\/\"><h2 class=\"content__title\">&#8220;Um sol para cada um&#8221;: Calor intenso deve impulsionar consumo de energia em at\u00e9 5,8% em setembro<\/h2><\/a><div class=\"newsContent__article__meta\"><div class=\"newsContent__article__meta__authorBox\"><a href=\"https:\/\/www.suno.com.br\/noticias\/author\/camila-figueiredosuno-com-br\/\" class=\"authorBox__avatar noMobi\"><img src=\"https:\/\/files.sunoresearch.com.br\/n\/uploads\/2024\/05\/camila-paim-square-150x150.jpg\" alt=\"Camila Paim\"><\/a><div class=\"authorBox__name\"><span>por\n\t\t\t<a href=\"https:\/\/www.suno.com.br\/noticias\/author\/camila-figueiredosuno-com-br\/\"><span itemprop=\"author\">Camila Paim<\/span><\/a><\/span><time datetime=\"2023-09-24T16:27:47-03:00\" itemprop=\"datePublished\">24\/09\/2023 16:27<\/time><\/div><\/div><\/div><\/div><\/div>","single_layout":"posts","amp_enabled":true,"_links":{"self":[{"href":"https:\/\/www.suno.com.br\/noticias\/wp-json\/wp\/v2\/posts\/461093"}],"collection":[{"href":"https:\/\/www.suno.com.br\/noticias\/wp-json\/wp\/v2\/posts"}],"about":[{"href":"https:\/\/www.suno.com.br\/noticias\/wp-json\/wp\/v2\/types\/post"}],"author":[{"embeddable":true,"href":"https:\/\/www.suno.com.br\/noticias\/wp-json\/wp\/v2\/users\/283"}],"replies":[{"embeddable":true,"href":"https:\/\/www.suno.com.br\/noticias\/wp-json\/wp\/v2\/comments?post=461093"}],"version-history":[{"count":3,"href":"https:\/\/www.suno.com.br\/noticias\/wp-json\/wp\/v2\/posts\/461093\/revisions"}],"predecessor-version":[{"id":461099,"href":"https:\/\/www.suno.com.br\/noticias\/wp-json\/wp\/v2\/posts\/461093\/revisions\/461099"}],"wp:featuredmedia":[{"embeddable":true,"href":"https:\/\/www.suno.com.br\/noticias\/wp-json\/wp\/v2\/media\/461095"}],"wp:attachment":[{"href":"https:\/\/www.suno.com.br\/noticias\/wp-json\/wp\/v2\/media?parent=461093"}],"wp:term":[{"taxonomy":"category","embeddable":true,"href":"https:\/\/www.suno.com.br\/noticias\/wp-json\/wp\/v2\/categories?post=461093"},{"taxonomy":"post_tag","embeddable":true,"href":"https:\/\/www.suno.com.br\/noticias\/wp-json\/wp\/v2\/tags?post=461093"},{"taxonomy":"suno_strategy","embeddable":true,"href":"https:\/\/www.suno.com.br\/noticias\/wp-json\/wp\/v2\/suno_strategy?post=461093"}],"curies":[{"name":"wp","href":"https:\/\/api.w.org\/{rel}","templated":true}]}}