{"id":46102,"date":"2019-11-29T09:52:20","date_gmt":"2019-11-29T11:52:20","guid":{"rendered":"https:\/\/www.suno.com.br\/noticias\/?p=46102"},"modified":"2019-12-05T13:15:43","modified_gmt":"2019-12-05T15:15:43","slug":"inflacao-zona-do-euro","status":"publish","type":"post","link":"https:\/\/www.suno.com.br\/noticias\/inflacao-zona-do-euro\/","title":{"rendered":"Infla\u00e7\u00e3o na zona do euro cresce mais do que o esperado"},"content":{"rendered":"<p>A infla\u00e7\u00e3o na <a href=\"https:\/\/www.suno.com.br\/artigos\/zona-do-euro\/\">zona do euro<\/a> no m\u00eas de novembro subiu mais do que o esperado em novembro. Segundo a <strong>Eurostat<\/strong>, a ag\u00eancia de estat\u00edsticas da <strong><a href=\"https:\/\/www.suno.com.br\/artigos\/uniao-europeia\/\">Uni\u00e3o Europeia<\/a><\/strong>, por meio da divulga\u00e7\u00e3o desta sexta-feira (29), a infla\u00e7\u00e3o foi impulsionada pelo salto nos pre\u00e7os de alimentos e servi\u00e7os apesar da queda em energia.<\/p>\t<div class=\"wrapper-featured-image\">\n\t\t<figure class=\"spotlightImg\">\n\n\t\t\t<picture>\n\t\t\t\t<source media=\"(max-width: 768px)\" srcset=\"https:\/\/files.sunoresearch.com.br\/n\/uploads\/2018\/10\/0174a7d8-zona-do-euro-400x200.webp\">\n\t\t\t\t<img loading=\"lazy\" decoding=\"async\" class=\"newsContent__article__imgCapa lazyloadDisabled newsContent__article__imgCapa--noCaption\" src=\"https:\/\/files.sunoresearch.com.br\/n\/uploads\/2018\/10\/0174a7d8-zona-do-euro-800x450.webp\" width=\"800\" height=\"450\" alt=\"Infla\u00e7\u00e3o na zona do euro cresce mais do que o esperado\" fetchpriority=high \/>\n\t\t\t<\/picture>\n\n\t\t\t<figcaption class=\"wp-caption-text wp-caption-text--hide\">PIB<\/figcaption>\n\t\t<\/figure>\n\t<\/div>\n\n\n\n<p>De acordo com a Eurostat, os pre\u00e7os dos 19 pa\u00edses da <strong>zona do euro<\/strong> subiram 1,0% na base anual, acelerando 0,7% ante o m\u00eas passado. Em novembro, os pre\u00e7os ca\u00edram 0,3%.<\/p>\n<p><a href=\"https:\/\/www.suno.com.br\/black-friday-2019\/assinaturas\/\">Black Friday Suno \u2013 pague 2 anos e leve 3 nas principais assinaturas da Suno Research<\/a><\/p>\n<p>Segundo a ag\u00eancia de not\u00edcias &#8220;Reuters&#8221;, economistas esperavam uma alta de 0,9% na base anual.<\/p>\n<p>Os pre\u00e7os de alimentos n\u00e3o processados cresceram 1,8% neste m\u00eas sobre o ano anterior, de 0,7% em outubro. Enquanto os pre\u00e7os da energia ca\u00edram 3,2% em termos anual, contra queda de 3,1% em outubro.<\/p>\n<p>Os pre\u00e7os no setor de servi\u00e7os, respons\u00e1vel por mais de dois ter\u00e7os do <a href=\"https:\/\/www.suno.com.br\/artigos\/pib-produto-interno-bruto\/\">Produto Interno Bruto (PIB)<\/a> da zona do euro, reportaram uma alta de 1,9% no ano, de 1,5% em outubro.<\/p>\n<p><a href=\"https:\/\/www.suno.com.br\/noticias\/saida-mercosul-possibilidade-para-o-brasil\/\">Saiba mais: Sa\u00edda do Mercosul \u00e9 uma possibilidade para o Brasil, diz Ara\u00fajo<\/a><\/p>\n<p>Mas a medida excluindo os componentes mais vol\u00e1teis, ou o que o Banco Central Europeia chama de n\u00facleo da infla\u00e7\u00e3o, acelerou a 1,5% na base anual, de 1,2% em outubro e expectativa de 1,3%.<\/p>\n<h2>PIB da zona do euro cresceu 0,2%<\/h2>\n<p>O <strong><a href=\"https:\/\/www.suno.com.br\/artigos\/o-produto-interno-bruto-pib\/\">Produto Interno Bruto (PIB)<\/a><\/strong> da zona do <a href=\"https:\/\/www.suno.com.br\/artigos\/euro\/\">euro<\/a> cresceu 0,2% no terceiro trimestre em compara\u00e7\u00e3o com o trimestre passado.<\/p>\n\t<p>\n\t\t<a href=\"https:\/\/lp.suno.com.br\/ao\/cadastro-whatsapp\/\" target=\"_blank\" data-element=\"shortcode-suno-banner\" title=\"Banner SUNO, clique e saiba mais\">\n\t\t\t<picture>\n\t\t\t\t<source media=\"(max-width: 500px)\" srcset=\"https:\/\/files.sunoresearch.com.br\/n\/uploads\/2024\/02\/400x300-Mobile-Artigos-7.png\">\n\t\t\t\t<img class=\"newsContent__article__imgCapa newsContent__article__imgCapa--banner\"\n\t\t\t\t\tsrc=\"https:\/\/files.sunoresearch.com.br\/n\/uploads\/2024\/01\/1420x240-Banner-Artigos-1-_-Banner-Materias-8.png\"\n\t\t\t\t\tdata-promo-id=\"517344\"\t\t\t\t\t\t\t\t\t\twidth='1420' height='240'\t\t\t\t\talt=\"https:\/\/files.sunoresearch.com.br\/n\/uploads\/2024\/01\/1420x240-Banner-Artigos-1-_-Banner-Materias-8.png\"\n\t\t\t\t>\n\t\t\t<\/picture>\n\t\t<\/a>\n\t<\/p>\n\n\n<p>Segundo a Eurostat, na compara\u00e7\u00e3o anual a zona do euro registrou uma expans\u00e3o de 1,1%. Esse resultado \u00e9 superior ao previsto pelos analistas consultados pelo jornal americano &#8220;The Wall Street Journal&#8221;, que previam alta de 0,1%.<\/p>\n<h2>Atividade industrial caiu a 45,7<\/h2>\n<p>A atividade industrial na zona do euro demonstrou redu\u00e7\u00e3o no m\u00eas de setembro. De acordo com a pequisa \u00cdndice Gerentes de Compras (PMI, sigla em ingl\u00eas) essa queda \u00e9 impulsionada pelas f\u00e1bricas alem\u00e3s que registraram fortes perdas na produ\u00e7\u00e3o.<\/p>\n<p><a href=\"https:\/\/www.suno.com.br\/noticias\/eua-supera-expectativas-pib-terceiro-trimestre\/\">Confira: EUA supera expectativas e eleva o PIB em 2,1% no terceiro trimestre<\/a><\/p>\n<p>O<strong> indicador da ind\u00fastria<\/strong> registrou no m\u00eas de setembro 45,7 alcan\u00e7ando o n\u00edvel mais baixo desde outubro de 2012. O sub\u00edndice de produ\u00e7\u00e3o caiu de 47,9 a 46,1, em compara\u00e7\u00e3o de base mensal. Por sua vez, o sub\u00edndice de novas emendas recuou de 45,9 para 43,4.<\/p>\n<p>&#8220;A sa\u00fade do setor industrial da <strong>zona do euro<\/strong> foi de mal a pior em setembro. Deve ficar pior, com indicadores antecedentes se deteriorando mais durante o m\u00eas&#8221;, disse o economista-chefe da pesquisa Chris Williamson.<\/p>\n","protected":false},"excerpt":{"rendered":"<p>A infla\u00e7\u00e3o na zona do euro no m\u00eas de novembro subiu mais do que o esperado em novembro. Segundo a Eurostat, a ag\u00eancia de estat\u00edsticas da Uni\u00e3o Europeia, por meio da divulga\u00e7\u00e3o desta sexta-feira (29), a infla\u00e7\u00e3o foi impulsionada pelo salto nos pre\u00e7os de alimentos e servi\u00e7os apesar da queda em energia. PIB De acordo [&hellip;]<\/p>\n","protected":false},"author":24,"featured_media":5864,"comment_status":"closed","ping_status":"closed","sticky":false,"template":"","format":"standard","meta":[],"categories":[63],"tags":[850,807,991],"suno_strategy":[],"class_list":["post-46102","post","type-post","status-publish","format-standard","has-post-thumbnail","hentry","category-internacional","tag-inflacao","tag-produto-interno-bruto-pib","tag-zona-do-euro"],"yoast_head":"<!-- This site is optimized with the Yoast SEO plugin v24.4 - https:\/\/yoast.com\/wordpress\/plugins\/seo\/ -->\n<title>Zona do euro: Infla\u00e7\u00e3o cresce mais do que o esperado<\/title>\n<meta name=\"description\" content=\"A infla\u00e7\u00e3o na zona do euro no m\u00eas de novembro subiu mais do que o esperado em novembro, segundo a Eurostat. Clique e saiba mais.\" \/>\n<meta name=\"robots\" content=\"index, follow, max-snippet:-1, max-image-preview:large, max-video-preview:-1\" \/>\n<link rel=\"canonical\" href=\"https:\/\/www.suno.com.br\/noticias\/inflacao-zona-do-euro\/\" \/>\n<meta property=\"og:locale\" content=\"pt_BR\" \/>\n<meta property=\"og:type\" content=\"article\" \/>\n<meta property=\"og:title\" content=\"Zona do euro: Infla\u00e7\u00e3o cresce mais do que o esperado\" \/>\n<meta property=\"og:description\" content=\"A infla\u00e7\u00e3o na zona do euro no m\u00eas de novembro subiu mais do que o esperado em novembro, segundo a Eurostat. Clique e saiba mais.\" \/>\n<meta property=\"og:url\" content=\"https:\/\/www.suno.com.br\/noticias\/inflacao-zona-do-euro\/\" \/>\n<meta property=\"og:site_name\" content=\"Suno Not\u00edcias\" \/>\n<meta property=\"article:publisher\" content=\"https:\/\/facebook.com\/sunoresearch\" \/>\n<meta property=\"og:image\" content=\"https:\/\/files.sunoresearch.com.br\/n\/uploads\/2018\/10\/0174a7d8-zona-do-euro.jpg\" \/>\n\t<meta property=\"og:image:width\" content=\"1920\" \/>\n\t<meta property=\"og:image:height\" content=\"1440\" \/>\n\t<meta property=\"og:image:type\" content=\"image\/jpeg\" \/>\n<meta name=\"author\" content=\"Jader Lazarini\" \/>\n<meta name=\"twitter:card\" content=\"summary_large_image\" \/>\n<meta name=\"twitter:creator\" content=\"@sunoresearch\" \/>\n<meta name=\"twitter:site\" content=\"@sunoresearch\" \/>\n<meta name=\"twitter:label1\" content=\"Escrito por\" \/>\n\t<meta name=\"twitter:data1\" content=\"Jader Lazarini\" \/>\n\t<meta name=\"twitter:label2\" content=\"Est. tempo de leitura\" \/>\n\t<meta name=\"twitter:data2\" content=\"2 minutos\" \/>\n<script type=\"application\/ld+json\" class=\"yoast-schema-graph\">{\"@context\":\"https:\/\/schema.org\",\"@graph\":[{\"@type\":\"NewsArticle\",\"@id\":\"https:\/\/www.suno.com.br\/noticias\/inflacao-zona-do-euro\/#article\",\"isPartOf\":{\"@id\":\"https:\/\/www.suno.com.br\/noticias\/inflacao-zona-do-euro\/\"},\"author\":{\"name\":\"Jader Lazarini\",\"@id\":\"https:\/\/www.suno.com.br\/noticias\/#\/schema\/person\/918d79de1f0281f01599b93f9ea6e23f\"},\"headline\":\"Infla\u00e7\u00e3o na zona do euro cresce mais do que o esperado\",\"datePublished\":\"2019-11-29T11:52:20+00:00\",\"dateModified\":\"2019-12-05T15:15:43+00:00\",\"mainEntityOfPage\":{\"@id\":\"https:\/\/www.suno.com.br\/noticias\/inflacao-zona-do-euro\/\"},\"wordCount\":461,\"publisher\":{\"@id\":\"https:\/\/www.suno.com.br\/noticias\/#organization\"},\"image\":{\"@id\":\"https:\/\/www.suno.com.br\/noticias\/inflacao-zona-do-euro\/#primaryimage\"},\"thumbnailUrl\":\"https:\/\/files.sunoresearch.com.br\/n\/uploads\/2018\/10\/0174a7d8-zona-do-euro-jpg.webp\",\"keywords\":[\"infla\u00e7\u00e3o\",\"Produto Interno Bruto (PIB)\",\"zona do euro\"],\"articleSection\":[\"Internacional\"],\"inLanguage\":\"pt-BR\"},{\"@type\":\"WebPage\",\"@id\":\"https:\/\/www.suno.com.br\/noticias\/inflacao-zona-do-euro\/\",\"url\":\"https:\/\/www.suno.com.br\/noticias\/inflacao-zona-do-euro\/\",\"name\":\"Zona do euro: Infla\u00e7\u00e3o cresce mais do que o esperado\",\"isPartOf\":{\"@id\":\"https:\/\/www.suno.com.br\/noticias\/#website\"},\"primaryImageOfPage\":{\"@id\":\"https:\/\/www.suno.com.br\/noticias\/inflacao-zona-do-euro\/#primaryimage\"},\"image\":{\"@id\":\"https:\/\/www.suno.com.br\/noticias\/inflacao-zona-do-euro\/#primaryimage\"},\"thumbnailUrl\":\"https:\/\/files.sunoresearch.com.br\/n\/uploads\/2018\/10\/0174a7d8-zona-do-euro-jpg.webp\",\"datePublished\":\"2019-11-29T11:52:20+00:00\",\"dateModified\":\"2019-12-05T15:15:43+00:00\",\"description\":\"A infla\u00e7\u00e3o na zona do euro no m\u00eas de novembro subiu mais do que o esperado em novembro, segundo a Eurostat. Clique e saiba mais.\",\"breadcrumb\":{\"@id\":\"https:\/\/www.suno.com.br\/noticias\/inflacao-zona-do-euro\/#breadcrumb\"},\"inLanguage\":\"pt-BR\",\"potentialAction\":[{\"@type\":\"ReadAction\",\"target\":[\"https:\/\/www.suno.com.br\/noticias\/inflacao-zona-do-euro\/\"]}]},{\"@type\":\"ImageObject\",\"inLanguage\":\"pt-BR\",\"@id\":\"https:\/\/www.suno.com.br\/noticias\/inflacao-zona-do-euro\/#primaryimage\",\"url\":\"https:\/\/files.sunoresearch.com.br\/n\/uploads\/2018\/10\/0174a7d8-zona-do-euro-jpg.webp\",\"contentUrl\":\"https:\/\/files.sunoresearch.com.br\/n\/uploads\/2018\/10\/0174a7d8-zona-do-euro-jpg.webp\",\"width\":1920,\"height\":1440,\"caption\":\"PIB\"},{\"@type\":\"BreadcrumbList\",\"@id\":\"https:\/\/www.suno.com.br\/noticias\/inflacao-zona-do-euro\/#breadcrumb\",\"itemListElement\":[{\"@type\":\"ListItem\",\"position\":1,\"name\":\"Not\u00edcias\",\"item\":\"https:\/\/www.suno.com.br\/noticias\/\"},{\"@type\":\"ListItem\",\"position\":2,\"name\":\"Internacional\",\"item\":\"https:\/\/www.suno.com.br\/noticias\/internacional\/\"},{\"@type\":\"ListItem\",\"position\":3,\"name\":\"Infla\u00e7\u00e3o na zona do euro cresce mais do que o esperado\"}]},{\"@type\":\"WebSite\",\"@id\":\"https:\/\/www.suno.com.br\/noticias\/#website\",\"url\":\"https:\/\/www.suno.com.br\/noticias\/\",\"name\":\"Suno Not\u00edcias\",\"description\":\"Seu portal de informa\u00e7\u00e3o sobre o mundo dos investimentos\",\"publisher\":{\"@id\":\"https:\/\/www.suno.com.br\/noticias\/#organization\"},\"potentialAction\":[{\"@type\":\"SearchAction\",\"target\":{\"@type\":\"EntryPoint\",\"urlTemplate\":\"https:\/\/www.suno.com.br\/noticias\/?s={search_term_string}\"},\"query-input\":{\"@type\":\"PropertyValueSpecification\",\"valueRequired\":true,\"valueName\":\"search_term_string\"}}],\"inLanguage\":\"pt-BR\"},{\"@type\":\"Organization\",\"@id\":\"https:\/\/www.suno.com.br\/noticias\/#organization\",\"name\":\"Suno Not\u00edcias\",\"url\":\"https:\/\/www.suno.com.br\/noticias\/\",\"logo\":{\"@type\":\"ImageObject\",\"inLanguage\":\"pt-BR\",\"@id\":\"https:\/\/www.suno.com.br\/noticias\/#\/schema\/logo\/image\/\",\"url\":\"https:\/\/files.sunoresearch.com.br\/n\/uploads\/2021\/09\/suno-logo.png\",\"contentUrl\":\"https:\/\/files.sunoresearch.com.br\/n\/uploads\/2021\/09\/suno-logo.png\",\"width\":180,\"height\":180,\"caption\":\"Suno Not\u00edcias\"},\"image\":{\"@id\":\"https:\/\/www.suno.com.br\/noticias\/#\/schema\/logo\/image\/\"},\"sameAs\":[\"https:\/\/facebook.com\/sunoresearch\",\"https:\/\/x.com\/sunoresearch\",\"https:\/\/www.instagram.com\/suno\",\"https:\/\/www.linkedin.com\/company\/suno-research\/\",\"https:\/\/www.youtube.com\/c\/sunoresearch\"]},{\"@type\":\"Person\",\"@id\":\"https:\/\/www.suno.com.br\/noticias\/#\/schema\/person\/918d79de1f0281f01599b93f9ea6e23f\",\"name\":\"Jader Lazarini\",\"image\":{\"@type\":\"ImageObject\",\"inLanguage\":\"pt-BR\",\"@id\":\"https:\/\/www.suno.com.br\/noticias\/#\/schema\/person\/image\/\",\"url\":\"https:\/\/secure.gravatar.com\/avatar\/3c1ad8caa51589841baeb923fcddea97?s=96&r=g\",\"contentUrl\":\"https:\/\/secure.gravatar.com\/avatar\/3c1ad8caa51589841baeb923fcddea97?s=96&r=g\",\"caption\":\"Jader Lazarini\"},\"description\":\"Jader Lazarini escreve sobre investimentos, finan\u00e7as, economia e neg\u00f3cios. \u00c9 bacharel em Rela\u00e7\u00f5es Internacionais e analista CNPI (2619).\",\"url\":\"https:\/\/www.suno.com.br\/noticias\/author\/jader-lazarini\/\"}]}<\/script>\n<!-- \/ Yoast SEO plugin. -->","yoast_head_json":{"title":"Zona do euro: Infla\u00e7\u00e3o cresce mais do que o esperado","description":"A infla\u00e7\u00e3o na zona do euro no m\u00eas de novembro subiu mais do que o esperado em novembro, segundo a Eurostat. Clique e saiba mais.","robots":{"index":"index","follow":"follow","max-snippet":"max-snippet:-1","max-image-preview":"max-image-preview:large","max-video-preview":"max-video-preview:-1"},"canonical":"https:\/\/www.suno.com.br\/noticias\/inflacao-zona-do-euro\/","og_locale":"pt_BR","og_type":"article","og_title":"Zona do euro: Infla\u00e7\u00e3o cresce mais do que o esperado","og_description":"A infla\u00e7\u00e3o na zona do euro no m\u00eas de novembro subiu mais do que o esperado em novembro, segundo a Eurostat. Clique e saiba mais.","og_url":"https:\/\/www.suno.com.br\/noticias\/inflacao-zona-do-euro\/","og_site_name":"Suno Not\u00edcias","article_publisher":"https:\/\/facebook.com\/sunoresearch","og_image":[{"width":1920,"height":1440,"url":"https:\/\/files.sunoresearch.com.br\/n\/uploads\/2018\/10\/0174a7d8-zona-do-euro.jpg","type":"image\/jpeg"}],"author":"Jader Lazarini","twitter_card":"summary_large_image","twitter_creator":"@sunoresearch","twitter_site":"@sunoresearch","twitter_misc":{"Escrito por":"Jader Lazarini","Est. tempo de leitura":"2 minutos"},"schema":{"@context":"https:\/\/schema.org","@graph":[{"@type":"NewsArticle","@id":"https:\/\/www.suno.com.br\/noticias\/inflacao-zona-do-euro\/#article","isPartOf":{"@id":"https:\/\/www.suno.com.br\/noticias\/inflacao-zona-do-euro\/"},"author":{"name":"Jader Lazarini","@id":"https:\/\/www.suno.com.br\/noticias\/#\/schema\/person\/918d79de1f0281f01599b93f9ea6e23f"},"headline":"Infla\u00e7\u00e3o na zona do euro cresce mais do que o esperado","datePublished":"2019-11-29T11:52:20+00:00","dateModified":"2019-12-05T15:15:43+00:00","mainEntityOfPage":{"@id":"https:\/\/www.suno.com.br\/noticias\/inflacao-zona-do-euro\/"},"wordCount":461,"publisher":{"@id":"https:\/\/www.suno.com.br\/noticias\/#organization"},"image":{"@id":"https:\/\/www.suno.com.br\/noticias\/inflacao-zona-do-euro\/#primaryimage"},"thumbnailUrl":"https:\/\/files.sunoresearch.com.br\/n\/uploads\/2018\/10\/0174a7d8-zona-do-euro-jpg.webp","keywords":["infla\u00e7\u00e3o","Produto Interno Bruto (PIB)","zona do euro"],"articleSection":["Internacional"],"inLanguage":"pt-BR"},{"@type":"WebPage","@id":"https:\/\/www.suno.com.br\/noticias\/inflacao-zona-do-euro\/","url":"https:\/\/www.suno.com.br\/noticias\/inflacao-zona-do-euro\/","name":"Zona do euro: Infla\u00e7\u00e3o cresce mais do que o esperado","isPartOf":{"@id":"https:\/\/www.suno.com.br\/noticias\/#website"},"primaryImageOfPage":{"@id":"https:\/\/www.suno.com.br\/noticias\/inflacao-zona-do-euro\/#primaryimage"},"image":{"@id":"https:\/\/www.suno.com.br\/noticias\/inflacao-zona-do-euro\/#primaryimage"},"thumbnailUrl":"https:\/\/files.sunoresearch.com.br\/n\/uploads\/2018\/10\/0174a7d8-zona-do-euro-jpg.webp","datePublished":"2019-11-29T11:52:20+00:00","dateModified":"2019-12-05T15:15:43+00:00","description":"A infla\u00e7\u00e3o na zona do euro no m\u00eas de novembro subiu mais do que o esperado em novembro, segundo a Eurostat. Clique e saiba mais.","breadcrumb":{"@id":"https:\/\/www.suno.com.br\/noticias\/inflacao-zona-do-euro\/#breadcrumb"},"inLanguage":"pt-BR","potentialAction":[{"@type":"ReadAction","target":["https:\/\/www.suno.com.br\/noticias\/inflacao-zona-do-euro\/"]}]},{"@type":"ImageObject","inLanguage":"pt-BR","@id":"https:\/\/www.suno.com.br\/noticias\/inflacao-zona-do-euro\/#primaryimage","url":"https:\/\/files.sunoresearch.com.br\/n\/uploads\/2018\/10\/0174a7d8-zona-do-euro-jpg.webp","contentUrl":"https:\/\/files.sunoresearch.com.br\/n\/uploads\/2018\/10\/0174a7d8-zona-do-euro-jpg.webp","width":1920,"height":1440,"caption":"PIB"},{"@type":"BreadcrumbList","@id":"https:\/\/www.suno.com.br\/noticias\/inflacao-zona-do-euro\/#breadcrumb","itemListElement":[{"@type":"ListItem","position":1,"name":"Not\u00edcias","item":"https:\/\/www.suno.com.br\/noticias\/"},{"@type":"ListItem","position":2,"name":"Internacional","item":"https:\/\/www.suno.com.br\/noticias\/internacional\/"},{"@type":"ListItem","position":3,"name":"Infla\u00e7\u00e3o na zona do euro cresce mais do que o esperado"}]},{"@type":"WebSite","@id":"https:\/\/www.suno.com.br\/noticias\/#website","url":"https:\/\/www.suno.com.br\/noticias\/","name":"Suno Not\u00edcias","description":"Seu portal de informa\u00e7\u00e3o sobre o mundo dos investimentos","publisher":{"@id":"https:\/\/www.suno.com.br\/noticias\/#organization"},"potentialAction":[{"@type":"SearchAction","target":{"@type":"EntryPoint","urlTemplate":"https:\/\/www.suno.com.br\/noticias\/?s={search_term_string}"},"query-input":{"@type":"PropertyValueSpecification","valueRequired":true,"valueName":"search_term_string"}}],"inLanguage":"pt-BR"},{"@type":"Organization","@id":"https:\/\/www.suno.com.br\/noticias\/#organization","name":"Suno Not\u00edcias","url":"https:\/\/www.suno.com.br\/noticias\/","logo":{"@type":"ImageObject","inLanguage":"pt-BR","@id":"https:\/\/www.suno.com.br\/noticias\/#\/schema\/logo\/image\/","url":"https:\/\/files.sunoresearch.com.br\/n\/uploads\/2021\/09\/suno-logo.png","contentUrl":"https:\/\/files.sunoresearch.com.br\/n\/uploads\/2021\/09\/suno-logo.png","width":180,"height":180,"caption":"Suno Not\u00edcias"},"image":{"@id":"https:\/\/www.suno.com.br\/noticias\/#\/schema\/logo\/image\/"},"sameAs":["https:\/\/facebook.com\/sunoresearch","https:\/\/x.com\/sunoresearch","https:\/\/www.instagram.com\/suno","https:\/\/www.linkedin.com\/company\/suno-research\/","https:\/\/www.youtube.com\/c\/sunoresearch"]},{"@type":"Person","@id":"https:\/\/www.suno.com.br\/noticias\/#\/schema\/person\/918d79de1f0281f01599b93f9ea6e23f","name":"Jader Lazarini","image":{"@type":"ImageObject","inLanguage":"pt-BR","@id":"https:\/\/www.suno.com.br\/noticias\/#\/schema\/person\/image\/","url":"https:\/\/secure.gravatar.com\/avatar\/3c1ad8caa51589841baeb923fcddea97?s=96&r=g","contentUrl":"https:\/\/secure.gravatar.com\/avatar\/3c1ad8caa51589841baeb923fcddea97?s=96&r=g","caption":"Jader Lazarini"},"description":"Jader Lazarini escreve sobre investimentos, finan\u00e7as, economia e neg\u00f3cios. \u00c9 bacharel em Rela\u00e7\u00f5es Internacionais e analista CNPI (2619).","url":"https:\/\/www.suno.com.br\/noticias\/author\/jader-lazarini\/"}]}},"default_loop_html":"<div class=\"cardsPage__listCard__boxs\"><div class=\"cardsPage__listCard__boxs__img\"><a href=\"https:\/\/www.suno.com.br\/noticias\/inflacao-zona-do-euro\/\"><img class=\"mask\" src=\"https:\/\/www.suno.com.br\/noticias\/wp-content\/themes\/suno\/resources\/images\/spotlight\/spotlight1img\/bg-mask.png\" alt=\"Image Mask\"\/><img src=\"https:\/\/files.sunoresearch.com.br\/n\/uploads\/2018\/10\/0174a7d8-zona-do-euro-400x200.webp\" alt=\"Infla\u00e7\u00e3o na zona do euro cresce mais do que o esperado\"\/><\/a><span class=\"spotlightCategory\"><a href=\"https:\/\/www.suno.com.br\/noticias\/internacional\/\">Internacional<\/a><\/span><\/div><div class=\"cardsPage__listCard__boxs__content\"><a href=\"https:\/\/www.suno.com.br\/noticias\/inflacao-zona-do-euro\/\"><h2 class=\"content__title\">Infla\u00e7\u00e3o na zona do euro cresce mais do que o esperado<\/h2><\/a><div class=\"newsContent__article__meta\"><div class=\"newsContent__article__meta__authorBox\"><a href=\"https:\/\/www.suno.com.br\/noticias\/author\/jader-lazarini\/\" class=\"authorBox__avatar noMobi\"><img src=\"https:\/\/files.sunoresearch.com.br\/n\/uploads\/2021\/01\/178e6598-foto-perfil-2-150x150.jpg\" alt=\"Jader Lazarini\"><\/a><div class=\"authorBox__name\"><span>por\n\t\t\t<a href=\"https:\/\/www.suno.com.br\/noticias\/author\/jader-lazarini\/\"><span itemprop=\"author\">Jader Lazarini<\/span><\/a><\/span><time datetime=\"2019-11-29T09:52:20-03:00\" itemprop=\"datePublished\">29\/11\/2019 09:52<\/time><\/div><\/div><\/div><\/div><\/div>","single_layout":"posts","amp_enabled":true,"_links":{"self":[{"href":"https:\/\/www.suno.com.br\/noticias\/wp-json\/wp\/v2\/posts\/46102"}],"collection":[{"href":"https:\/\/www.suno.com.br\/noticias\/wp-json\/wp\/v2\/posts"}],"about":[{"href":"https:\/\/www.suno.com.br\/noticias\/wp-json\/wp\/v2\/types\/post"}],"author":[{"embeddable":true,"href":"https:\/\/www.suno.com.br\/noticias\/wp-json\/wp\/v2\/users\/24"}],"replies":[{"embeddable":true,"href":"https:\/\/www.suno.com.br\/noticias\/wp-json\/wp\/v2\/comments?post=46102"}],"version-history":[{"count":0,"href":"https:\/\/www.suno.com.br\/noticias\/wp-json\/wp\/v2\/posts\/46102\/revisions"}],"wp:featuredmedia":[{"embeddable":true,"href":"https:\/\/www.suno.com.br\/noticias\/wp-json\/wp\/v2\/media\/5864"}],"wp:attachment":[{"href":"https:\/\/www.suno.com.br\/noticias\/wp-json\/wp\/v2\/media?parent=46102"}],"wp:term":[{"taxonomy":"category","embeddable":true,"href":"https:\/\/www.suno.com.br\/noticias\/wp-json\/wp\/v2\/categories?post=46102"},{"taxonomy":"post_tag","embeddable":true,"href":"https:\/\/www.suno.com.br\/noticias\/wp-json\/wp\/v2\/tags?post=46102"},{"taxonomy":"suno_strategy","embeddable":true,"href":"https:\/\/www.suno.com.br\/noticias\/wp-json\/wp\/v2\/suno_strategy?post=46102"}],"curies":[{"name":"wp","href":"https:\/\/api.w.org\/{rel}","templated":true}]}}