{"id":46099,"date":"2019-11-29T10:32:52","date_gmt":"2019-11-29T12:32:52","guid":{"rendered":"https:\/\/www.suno.com.br\/noticias\/?p=46099"},"modified":"2021-06-14T00:23:34","modified_gmt":"2021-06-14T03:23:34","slug":"agenda-do-dia-petrorio-usiminas-fleury-usiminas","status":"publish","type":"post","link":"https:\/\/www.suno.com.br\/noticias\/agenda-do-dia-petrorio-usiminas-fleury-usiminas\/","title":{"rendered":"Agenda do Dia: Petrorio; Iguatemi; J&#038;F; Usiminas; Fleury"},"content":{"rendered":"<p>Os assuntos da Agenda do Dia desta sexta-feira (29) prometem mexer com o mercado interno e o externo.<\/p>\t<div class=\"wrapper-featured-image\">\n\t\t<figure class=\"spotlightImg\">\n\n\t\t\t<picture>\n\t\t\t\t<source media=\"(max-width: 768px)\" srcset=\"https:\/\/files.sunoresearch.com.br\/n\/uploads\/2019\/11\/7c2ab07f-petrorio-400x200.webp\">\n\t\t\t\t<img loading=\"lazy\" decoding=\"async\" class=\"newsContent__article__imgCapa lazyloadDisabled newsContent__article__imgCapa--noCaption\" src=\"https:\/\/files.sunoresearch.com.br\/n\/uploads\/2019\/11\/7c2ab07f-petrorio-800x450.webp\" width=\"800\" height=\"450\" alt=\"Agenda do Dia: Petrorio; Iguatemi; J&#038;F; Usiminas; Fleury\" fetchpriority=high \/>\n\t\t\t<\/picture>\n\n\t\t\t<figcaption class=\"wp-caption-text wp-caption-text--hide\">PRIO, ex-PetroRio, (PRIO3). Foto: Divulga\u00e7\u00e3o<\/figcaption>\n\t\t<\/figure>\n\t<\/div>\n\n\n\n<p>O <strong>Petrorio <\/strong>anunciou a aquisi\u00e7\u00e3o dos 30% restantes do Campo do Frade. A\u00a0 <strong>Iguatemi<\/strong> <strong>Shopping<\/strong> <strong>Centers<\/strong> informou na \u00faltima quinta-feira (28) a compra de 20% do Praia de Belas Shopping Center.\u00a0Estas e outras not\u00edcias fazem parte da <strong>Agenda do Dia<\/strong> desta sexta.<\/p>\n<p><a href=\"https:\/\/www.suno.com.br\/black-friday-2019\/assinaturas\/\">Black Friday Suno &#8211; pague 2 anos e leve 3 nas principais assinaturas da Suno Research<\/a><\/p>\n<p>A Agenda do Dia conta tamb\u00e9m com a not\u00edcia sobre a <strong>Usiminas<\/strong>, que adiou a reforma do Alto Forno 3, situado na Usina de Ipatinga.<\/p>\n<p>Confira os principais pontos da Agenda do Dia:<\/p>\n<h2>Petrorio<\/h2>\n<p>A <strong>PetroRio<\/strong> (<strong>PRIO3<\/strong>) adquiriu os 30% restantes do Campo do Frade, localizado no Rio da Janeiro. A participa\u00e7\u00e3o, que ainda pertencia \u00e0 <strong>Petrobras<\/strong> (PETR3; PETR4), foi adquirida por US$ 100 milh\u00f5es.<\/p>\n<p>De acordo com a <strong>PetroRio<\/strong>, o valor ser\u00e1 pago em duas parcelas. A primeira, ap\u00f3s a assinatura do contrato, no montante de US$ 7,5 milh\u00f5es, e outra no valor de US$ 92,5 milh\u00f5es na conclus\u00e3o do neg\u00f3cio. Os valores est\u00e3o sujeitos a ajustes.<\/p>\n<h2>Iguatemi<\/h2>\n<p>A empresa de Shopping Centers <strong>Iguatemi<\/strong> informou na \u00faltima quinta-feira (28) a compra de 20% do <strong>Praia de Belas Shopping Center<\/strong>, localizado em Porto Alegre, no Rio Grande do Sul. O valor da opera\u00e7\u00e3o foi de R$ 174,6 milh\u00f5es. O Iguatemi ter\u00e1 agora 57,55% do Praia de Belas. A opera\u00e7\u00e3o ainda precisa da aprova\u00e7\u00e3o do <strong>Conselho Administrativo de Defesa Econ\u00f4mica (Cade)<\/strong>.<\/p>\n<h2>Telef\u00f4nica<\/h2>\n<p>A Telef\u00f4nica Brasil (VIVT4) anunciou na \u00faltima quinta-feira (28) a venda de 1.909 torres para a <strong>Telxius<\/strong> <strong>Torres<\/strong>, empresa que \u00e9 controlada pela companhia espanhola Telef\u00f3nica, por R$ 641 milh\u00f5es.<\/p>\n<p><a href=\"https:\/\/www.suno.com.br\/noticias\/desemprego-atinge-12-milhoes-segundo-ibge\/\">Veja tamb\u00e9m: Desemprego vai a 11,6%, atingindo 12,4 milh\u00f5es, segundo IBGE<\/a><\/p>\n<p>\u201cA transa\u00e7\u00e3o assegura ainda a continuidade da presta\u00e7\u00e3o do servi\u00e7o m\u00f3vel pessoal, na medida em que tamb\u00e9m compreende a loca\u00e7\u00e3o de espa\u00e7o nestas infraestruturas, e estabelece condi\u00e7\u00f5es para a amplia\u00e7\u00e3o do espa\u00e7o alugado\u201d, informou a <strong>Telef\u00f4nica<\/strong> <strong>Brasil<\/strong> em comunicado.<\/p>\n<p>A empresa brasileira tamb\u00e9m afirmou que o objetivo da transa\u00e7\u00e3o \u00e9 otimizar a aloca\u00e7\u00e3o de capital, o que gerar\u00e1 valor aos acionistas.<\/p>\n<h2>J&amp;F<\/h2>\n<p>A<strong> J&amp;F<\/strong> voltou a acusar a <strong>Paper Excellence (PE)<\/strong> argumentando que a empresa n\u00e3o tinha recursos suficientes para fechar o contrato de compra da Eldorado. As duas empresas est\u00e3o em p\u00e9 de guerra pelo controle da Eldorado Brasil. Em contrapartida, a PE diz que a J&amp;F tentou dificultar a opera\u00e7\u00e3o feita pela empresa.<\/p>\n<p>\u201cA Paper Excellence alegava ter recursos pr\u00f3prios reservados em suas contas banc\u00e1rias para a conclus\u00e3o da compra do controle da Eldorado desde julho de 2018. Mas ao ver seu pedido aceito pelo tribunal, a Paper Excellence voltou atr\u00e1s\u201d, disse a J&amp;F.<\/p>\n<h2>Fleury<\/h2>\n<p>A <strong>Fleury<\/strong> (FLRY3) comunicou, nesta quinta-feira (28), que comprou o laborat\u00f3rio Inlab, situado no estado do Maranh\u00e3o, por R$ 90 milh\u00f5es. De acordo com a Fleury, o Inlab registrou nos \u00faltimos 12 meses uma receita bruta de R$ 39,9 milh\u00f5es.<\/p>\n<p>O laborat\u00f3rio Inlab trabalha com an\u00e1lises cl\u00ednicas e possui 21 unidades de atendimento e uma \u00e1rea t\u00e9cnica na regi\u00e3o metropolitana de S\u00e3o Lu\u00eds (MA).<\/p>\n<p>\u201cEssa aquisi\u00e7\u00e3o marca a entrada do Grupo Fleury no estado do Maranh\u00e3o, representando mais um movimento estrat\u00e9gico da companhia, expandindo nossa capilaridade nacional e refor\u00e7ando a nossa oferta na regi\u00e3o nordeste do pa\u00eds\u201d, disse a companhia.<\/p>\n<h2>Usiminas<\/h2>\n<p>A <strong>Usiminas<\/strong> (USIM5) adiou a reforma do Alto Forno 3, situado na Usina de Ipatinga, que estava nos planos da empresa. Dessa forma, o forno permanecer\u00e1 operando normalmente at\u00e9 2022, ano em que a reforma ir\u00e1 vigorar. O comunicado foi feito ao mercado na noite da \u00faltima quinta-feira (28).<\/p>\n<h2>Ita\u00fa Unibanco<\/h2>\n<p>O <strong>Ita\u00fa Unibanco<\/strong> aprovou a declara\u00e7\u00e3o de juros sobre o capital pr\u00f3prio no montante de R$ 0,037560 por a\u00e7\u00e3o. O valor ser\u00e1 pago at\u00e9 o dia 30 de abril e ser\u00e1 baseado na posi\u00e7\u00e3o acion\u00e1ria do dia 12 de dezembro. O valor em juros l\u00edquidos, depois da reten\u00e7\u00e3o de Imposto de Renda na fonte, ser\u00e1 de R$ 0,031926 por a\u00e7\u00e3o.<\/p>\n<h2>Desemprego<\/h2>\n<p>De acordo com o <strong>Instituto Brasileiro de Geografia e Estat\u00edstica (IBGE)<\/strong>, a taxa de desemprego do Brasil foi para 11,6%. Dessa forma, 12,4 milh\u00f5es de pessoas permanecem sem emprego.<\/p>\n<p>Essa \u00e9 a primeira queda na s\u00e9rie trimestral desde o trimestre encerrado em junho. Em julho, o indicador do <strong>desemprego<\/strong> estava em 11,8%. No per\u00edodo trimestral encerrado em outubro de 2018, a taxa foi de 11,7%.<\/p>\n<p><span style=\"font-size: 1.21429rem;\">A <\/span><strong style=\"font-size: 1.21429rem;\">Agenda do Dia<\/strong><span style=\"font-size: 1.21429rem;\"> da <\/span><a style=\"font-size: 1.21429rem;\" href=\"https:\/\/www.youtube.com\/channel\/UCWDeEIDAIi_oYKDiqwfGyRg\/videos\">Suno<\/a><span style=\"font-size: 1.21429rem;\"> mostra os principais acontecimentos que prometem movimentar o mercado durante o dia.<\/span><\/p>\n","protected":false},"excerpt":{"rendered":"<p>Os assuntos da Agenda do Dia desta sexta-feira (29) prometem mexer com o mercado interno e o externo. PRIO, ex-PetroRio, (PRIO3). Foto: Divulga\u00e7\u00e3o O Petrorio anunciou a aquisi\u00e7\u00e3o dos 30% restantes do Campo do Frade. A\u00a0 Iguatemi Shopping Centers informou na \u00faltima quinta-feira (28) a compra de 20% do Praia de Belas Shopping Center.\u00a0Estas e [&hellip;]<\/p>\n","protected":false},"author":19,"featured_media":46114,"comment_status":"closed","ping_status":"closed","sticky":false,"template":"","format":"standard","meta":[],"categories":[64],"tags":[1980,479,519,930,597,675],"suno_strategy":[],"class_list":["post-46099","post","type-post","status-publish","format-standard","has-post-thumbnail","hentry","category-negocios","tag-agenda-do-dia","tag-fleury-flry3","tag-itau-unibanco-itub3-itub4","tag-jf","tag-petrorio-prio3","tag-usiminas"],"yoast_head":"<!-- This site is optimized with the Yoast SEO plugin v24.4 - https:\/\/yoast.com\/wordpress\/plugins\/seo\/ -->\n<title>Agenda do Dia: Petrorio; Iguatemi; J&amp;F; Usiminas; Fleury<\/title>\n<meta name=\"description\" content=\"Agenda do Dia: aquisi\u00e7\u00e3o da Petrorio; Iguatemi; J&amp;F; opera\u00e7\u00e3o adiada da Usiminas; nova aquisi\u00e7\u00e3o da Fleury. Clique aqui e saiba mais.\" \/>\n<meta name=\"robots\" content=\"index, follow, max-snippet:-1, max-image-preview:large, max-video-preview:-1\" \/>\n<link rel=\"canonical\" href=\"https:\/\/www.suno.com.br\/noticias\/agenda-do-dia-petrorio-usiminas-fleury-usiminas\/\" \/>\n<meta property=\"og:locale\" content=\"pt_BR\" \/>\n<meta property=\"og:type\" content=\"article\" \/>\n<meta property=\"og:title\" content=\"Agenda do Dia: Petrorio; Iguatemi; J&amp;F; Usiminas; Fleury\" \/>\n<meta property=\"og:description\" content=\"Agenda do Dia: aquisi\u00e7\u00e3o da Petrorio; Iguatemi; J&amp;F; opera\u00e7\u00e3o adiada da Usiminas; nova aquisi\u00e7\u00e3o da Fleury. Clique aqui e saiba mais.\" \/>\n<meta property=\"og:url\" content=\"https:\/\/www.suno.com.br\/noticias\/agenda-do-dia-petrorio-usiminas-fleury-usiminas\/\" \/>\n<meta property=\"og:site_name\" content=\"Suno Not\u00edcias\" \/>\n<meta property=\"article:publisher\" content=\"https:\/\/facebook.com\/sunoresearch\" \/>\n<meta property=\"og:image\" content=\"https:\/\/files.sunoresearch.com.br\/n\/uploads\/2019\/11\/7c2ab07f-petrorio.jpeg\" \/>\n\t<meta property=\"og:image:width\" content=\"2195\" \/>\n\t<meta property=\"og:image:height\" content=\"1420\" \/>\n\t<meta property=\"og:image:type\" content=\"image\/jpeg\" \/>\n<meta name=\"author\" content=\"Juliano Passaro\" \/>\n<meta name=\"twitter:card\" content=\"summary_large_image\" \/>\n<meta name=\"twitter:creator\" content=\"@sunoresearch\" \/>\n<meta name=\"twitter:site\" content=\"@sunoresearch\" \/>\n<meta name=\"twitter:label1\" content=\"Escrito por\" \/>\n\t<meta name=\"twitter:data1\" content=\"Juliano Passaro\" \/>\n\t<meta name=\"twitter:label2\" content=\"Est. tempo de leitura\" \/>\n\t<meta name=\"twitter:data2\" content=\"4 minutos\" \/>\n<script type=\"application\/ld+json\" class=\"yoast-schema-graph\">{\"@context\":\"https:\/\/schema.org\",\"@graph\":[{\"@type\":\"NewsArticle\",\"@id\":\"https:\/\/www.suno.com.br\/noticias\/agenda-do-dia-petrorio-usiminas-fleury-usiminas\/#article\",\"isPartOf\":{\"@id\":\"https:\/\/www.suno.com.br\/noticias\/agenda-do-dia-petrorio-usiminas-fleury-usiminas\/\"},\"author\":{\"name\":\"Juliano Passaro\",\"@id\":\"https:\/\/www.suno.com.br\/noticias\/#\/schema\/person\/1db762f78ffd8919a648a63e425953e3\"},\"headline\":\"Agenda do Dia: Petrorio; Iguatemi; J&#038;F; Usiminas; Fleury\",\"datePublished\":\"2019-11-29T12:32:52+00:00\",\"dateModified\":\"2021-06-14T03:23:34+00:00\",\"mainEntityOfPage\":{\"@id\":\"https:\/\/www.suno.com.br\/noticias\/agenda-do-dia-petrorio-usiminas-fleury-usiminas\/\"},\"wordCount\":792,\"publisher\":{\"@id\":\"https:\/\/www.suno.com.br\/noticias\/#organization\"},\"image\":{\"@id\":\"https:\/\/www.suno.com.br\/noticias\/agenda-do-dia-petrorio-usiminas-fleury-usiminas\/#primaryimage\"},\"thumbnailUrl\":\"https:\/\/files.sunoresearch.com.br\/n\/uploads\/2019\/11\/7c2ab07f-petrorio-jpeg.webp\",\"keywords\":[\"agenda do dia\",\"Fleury (FLRY3)\",\"Ita\u00fa Unibanco (ITUB3\/ITUB4)\",\"J&amp;F Investimentos\",\"PetroRio (PRIO3)\",\"Usiminas\"],\"articleSection\":[\"Neg\u00f3cios\"],\"inLanguage\":\"pt-BR\"},{\"@type\":\"WebPage\",\"@id\":\"https:\/\/www.suno.com.br\/noticias\/agenda-do-dia-petrorio-usiminas-fleury-usiminas\/\",\"url\":\"https:\/\/www.suno.com.br\/noticias\/agenda-do-dia-petrorio-usiminas-fleury-usiminas\/\",\"name\":\"Agenda do Dia: Petrorio; Iguatemi; J&F; Usiminas; Fleury\",\"isPartOf\":{\"@id\":\"https:\/\/www.suno.com.br\/noticias\/#website\"},\"primaryImageOfPage\":{\"@id\":\"https:\/\/www.suno.com.br\/noticias\/agenda-do-dia-petrorio-usiminas-fleury-usiminas\/#primaryimage\"},\"image\":{\"@id\":\"https:\/\/www.suno.com.br\/noticias\/agenda-do-dia-petrorio-usiminas-fleury-usiminas\/#primaryimage\"},\"thumbnailUrl\":\"https:\/\/files.sunoresearch.com.br\/n\/uploads\/2019\/11\/7c2ab07f-petrorio-jpeg.webp\",\"datePublished\":\"2019-11-29T12:32:52+00:00\",\"dateModified\":\"2021-06-14T03:23:34+00:00\",\"description\":\"Agenda do Dia: aquisi\u00e7\u00e3o da Petrorio; Iguatemi; J&F; opera\u00e7\u00e3o adiada da Usiminas; nova aquisi\u00e7\u00e3o da Fleury. Clique aqui e saiba mais.\",\"breadcrumb\":{\"@id\":\"https:\/\/www.suno.com.br\/noticias\/agenda-do-dia-petrorio-usiminas-fleury-usiminas\/#breadcrumb\"},\"inLanguage\":\"pt-BR\",\"potentialAction\":[{\"@type\":\"ReadAction\",\"target\":[\"https:\/\/www.suno.com.br\/noticias\/agenda-do-dia-petrorio-usiminas-fleury-usiminas\/\"]}]},{\"@type\":\"ImageObject\",\"inLanguage\":\"pt-BR\",\"@id\":\"https:\/\/www.suno.com.br\/noticias\/agenda-do-dia-petrorio-usiminas-fleury-usiminas\/#primaryimage\",\"url\":\"https:\/\/files.sunoresearch.com.br\/n\/uploads\/2019\/11\/7c2ab07f-petrorio-jpeg.webp\",\"contentUrl\":\"https:\/\/files.sunoresearch.com.br\/n\/uploads\/2019\/11\/7c2ab07f-petrorio-jpeg.webp\",\"width\":2195,\"height\":1420,\"caption\":\"PRIO, ex-PetroRio, (PRIO3). Foto: Divulga\u00e7\u00e3o\"},{\"@type\":\"BreadcrumbList\",\"@id\":\"https:\/\/www.suno.com.br\/noticias\/agenda-do-dia-petrorio-usiminas-fleury-usiminas\/#breadcrumb\",\"itemListElement\":[{\"@type\":\"ListItem\",\"position\":1,\"name\":\"Not\u00edcias\",\"item\":\"https:\/\/www.suno.com.br\/noticias\/\"},{\"@type\":\"ListItem\",\"position\":2,\"name\":\"Neg\u00f3cios\",\"item\":\"https:\/\/www.suno.com.br\/noticias\/negocios\/\"},{\"@type\":\"ListItem\",\"position\":3,\"name\":\"Agenda do Dia: Petrorio; Iguatemi; J&#038;F; Usiminas; Fleury\"}]},{\"@type\":\"WebSite\",\"@id\":\"https:\/\/www.suno.com.br\/noticias\/#website\",\"url\":\"https:\/\/www.suno.com.br\/noticias\/\",\"name\":\"Suno Not\u00edcias\",\"description\":\"Seu portal de informa\u00e7\u00e3o sobre o mundo dos investimentos\",\"publisher\":{\"@id\":\"https:\/\/www.suno.com.br\/noticias\/#organization\"},\"potentialAction\":[{\"@type\":\"SearchAction\",\"target\":{\"@type\":\"EntryPoint\",\"urlTemplate\":\"https:\/\/www.suno.com.br\/noticias\/?s={search_term_string}\"},\"query-input\":{\"@type\":\"PropertyValueSpecification\",\"valueRequired\":true,\"valueName\":\"search_term_string\"}}],\"inLanguage\":\"pt-BR\"},{\"@type\":\"Organization\",\"@id\":\"https:\/\/www.suno.com.br\/noticias\/#organization\",\"name\":\"Suno Not\u00edcias\",\"url\":\"https:\/\/www.suno.com.br\/noticias\/\",\"logo\":{\"@type\":\"ImageObject\",\"inLanguage\":\"pt-BR\",\"@id\":\"https:\/\/www.suno.com.br\/noticias\/#\/schema\/logo\/image\/\",\"url\":\"https:\/\/files.sunoresearch.com.br\/n\/uploads\/2021\/09\/suno-logo.png\",\"contentUrl\":\"https:\/\/files.sunoresearch.com.br\/n\/uploads\/2021\/09\/suno-logo.png\",\"width\":180,\"height\":180,\"caption\":\"Suno Not\u00edcias\"},\"image\":{\"@id\":\"https:\/\/www.suno.com.br\/noticias\/#\/schema\/logo\/image\/\"},\"sameAs\":[\"https:\/\/facebook.com\/sunoresearch\",\"https:\/\/x.com\/sunoresearch\",\"https:\/\/www.instagram.com\/suno\",\"https:\/\/www.linkedin.com\/company\/suno-research\/\",\"https:\/\/www.youtube.com\/c\/sunoresearch\"]},{\"@type\":\"Person\",\"@id\":\"https:\/\/www.suno.com.br\/noticias\/#\/schema\/person\/1db762f78ffd8919a648a63e425953e3\",\"name\":\"Juliano Passaro\",\"image\":{\"@type\":\"ImageObject\",\"inLanguage\":\"pt-BR\",\"@id\":\"https:\/\/www.suno.com.br\/noticias\/#\/schema\/person\/image\/\",\"url\":\"https:\/\/secure.gravatar.com\/avatar\/743d4df28eebf6dcc46b4ad03c319e92?s=96&r=g\",\"contentUrl\":\"https:\/\/secure.gravatar.com\/avatar\/743d4df28eebf6dcc46b4ad03c319e92?s=96&r=g\",\"caption\":\"Juliano Passaro\"},\"description\":\"Juliano Passaro escreve sobre pol\u00edtica, economia e neg\u00f3cios para o portal da Suno Research. Antes da Suno, trabalhou no Portal da Band. \u00c9 formado em jornalismo pela Universidade Presbiteriana Mackenzie.\",\"url\":\"https:\/\/www.suno.com.br\/noticias\/author\/juliano\/\"}]}<\/script>\n<!-- \/ Yoast SEO plugin. -->","yoast_head_json":{"title":"Agenda do Dia: Petrorio; Iguatemi; J&F; Usiminas; Fleury","description":"Agenda do Dia: aquisi\u00e7\u00e3o da Petrorio; Iguatemi; J&F; opera\u00e7\u00e3o adiada da Usiminas; nova aquisi\u00e7\u00e3o da Fleury. Clique aqui e saiba mais.","robots":{"index":"index","follow":"follow","max-snippet":"max-snippet:-1","max-image-preview":"max-image-preview:large","max-video-preview":"max-video-preview:-1"},"canonical":"https:\/\/www.suno.com.br\/noticias\/agenda-do-dia-petrorio-usiminas-fleury-usiminas\/","og_locale":"pt_BR","og_type":"article","og_title":"Agenda do Dia: Petrorio; Iguatemi; J&F; Usiminas; Fleury","og_description":"Agenda do Dia: aquisi\u00e7\u00e3o da Petrorio; Iguatemi; J&F; opera\u00e7\u00e3o adiada da Usiminas; nova aquisi\u00e7\u00e3o da Fleury. Clique aqui e saiba mais.","og_url":"https:\/\/www.suno.com.br\/noticias\/agenda-do-dia-petrorio-usiminas-fleury-usiminas\/","og_site_name":"Suno Not\u00edcias","article_publisher":"https:\/\/facebook.com\/sunoresearch","og_image":[{"width":2195,"height":1420,"url":"https:\/\/files.sunoresearch.com.br\/n\/uploads\/2019\/11\/7c2ab07f-petrorio.jpeg","type":"image\/jpeg"}],"author":"Juliano Passaro","twitter_card":"summary_large_image","twitter_creator":"@sunoresearch","twitter_site":"@sunoresearch","twitter_misc":{"Escrito por":"Juliano Passaro","Est. tempo de leitura":"4 minutos"},"schema":{"@context":"https:\/\/schema.org","@graph":[{"@type":"NewsArticle","@id":"https:\/\/www.suno.com.br\/noticias\/agenda-do-dia-petrorio-usiminas-fleury-usiminas\/#article","isPartOf":{"@id":"https:\/\/www.suno.com.br\/noticias\/agenda-do-dia-petrorio-usiminas-fleury-usiminas\/"},"author":{"name":"Juliano Passaro","@id":"https:\/\/www.suno.com.br\/noticias\/#\/schema\/person\/1db762f78ffd8919a648a63e425953e3"},"headline":"Agenda do Dia: Petrorio; Iguatemi; J&#038;F; Usiminas; Fleury","datePublished":"2019-11-29T12:32:52+00:00","dateModified":"2021-06-14T03:23:34+00:00","mainEntityOfPage":{"@id":"https:\/\/www.suno.com.br\/noticias\/agenda-do-dia-petrorio-usiminas-fleury-usiminas\/"},"wordCount":792,"publisher":{"@id":"https:\/\/www.suno.com.br\/noticias\/#organization"},"image":{"@id":"https:\/\/www.suno.com.br\/noticias\/agenda-do-dia-petrorio-usiminas-fleury-usiminas\/#primaryimage"},"thumbnailUrl":"https:\/\/files.sunoresearch.com.br\/n\/uploads\/2019\/11\/7c2ab07f-petrorio-jpeg.webp","keywords":["agenda do dia","Fleury (FLRY3)","Ita\u00fa Unibanco (ITUB3\/ITUB4)","J&amp;F Investimentos","PetroRio (PRIO3)","Usiminas"],"articleSection":["Neg\u00f3cios"],"inLanguage":"pt-BR"},{"@type":"WebPage","@id":"https:\/\/www.suno.com.br\/noticias\/agenda-do-dia-petrorio-usiminas-fleury-usiminas\/","url":"https:\/\/www.suno.com.br\/noticias\/agenda-do-dia-petrorio-usiminas-fleury-usiminas\/","name":"Agenda do Dia: Petrorio; Iguatemi; J&F; Usiminas; Fleury","isPartOf":{"@id":"https:\/\/www.suno.com.br\/noticias\/#website"},"primaryImageOfPage":{"@id":"https:\/\/www.suno.com.br\/noticias\/agenda-do-dia-petrorio-usiminas-fleury-usiminas\/#primaryimage"},"image":{"@id":"https:\/\/www.suno.com.br\/noticias\/agenda-do-dia-petrorio-usiminas-fleury-usiminas\/#primaryimage"},"thumbnailUrl":"https:\/\/files.sunoresearch.com.br\/n\/uploads\/2019\/11\/7c2ab07f-petrorio-jpeg.webp","datePublished":"2019-11-29T12:32:52+00:00","dateModified":"2021-06-14T03:23:34+00:00","description":"Agenda do Dia: aquisi\u00e7\u00e3o da Petrorio; Iguatemi; J&F; opera\u00e7\u00e3o adiada da Usiminas; nova aquisi\u00e7\u00e3o da Fleury. Clique aqui e saiba mais.","breadcrumb":{"@id":"https:\/\/www.suno.com.br\/noticias\/agenda-do-dia-petrorio-usiminas-fleury-usiminas\/#breadcrumb"},"inLanguage":"pt-BR","potentialAction":[{"@type":"ReadAction","target":["https:\/\/www.suno.com.br\/noticias\/agenda-do-dia-petrorio-usiminas-fleury-usiminas\/"]}]},{"@type":"ImageObject","inLanguage":"pt-BR","@id":"https:\/\/www.suno.com.br\/noticias\/agenda-do-dia-petrorio-usiminas-fleury-usiminas\/#primaryimage","url":"https:\/\/files.sunoresearch.com.br\/n\/uploads\/2019\/11\/7c2ab07f-petrorio-jpeg.webp","contentUrl":"https:\/\/files.sunoresearch.com.br\/n\/uploads\/2019\/11\/7c2ab07f-petrorio-jpeg.webp","width":2195,"height":1420,"caption":"PRIO, ex-PetroRio, (PRIO3). Foto: Divulga\u00e7\u00e3o"},{"@type":"BreadcrumbList","@id":"https:\/\/www.suno.com.br\/noticias\/agenda-do-dia-petrorio-usiminas-fleury-usiminas\/#breadcrumb","itemListElement":[{"@type":"ListItem","position":1,"name":"Not\u00edcias","item":"https:\/\/www.suno.com.br\/noticias\/"},{"@type":"ListItem","position":2,"name":"Neg\u00f3cios","item":"https:\/\/www.suno.com.br\/noticias\/negocios\/"},{"@type":"ListItem","position":3,"name":"Agenda do Dia: Petrorio; Iguatemi; J&#038;F; Usiminas; Fleury"}]},{"@type":"WebSite","@id":"https:\/\/www.suno.com.br\/noticias\/#website","url":"https:\/\/www.suno.com.br\/noticias\/","name":"Suno Not\u00edcias","description":"Seu portal de informa\u00e7\u00e3o sobre o mundo dos investimentos","publisher":{"@id":"https:\/\/www.suno.com.br\/noticias\/#organization"},"potentialAction":[{"@type":"SearchAction","target":{"@type":"EntryPoint","urlTemplate":"https:\/\/www.suno.com.br\/noticias\/?s={search_term_string}"},"query-input":{"@type":"PropertyValueSpecification","valueRequired":true,"valueName":"search_term_string"}}],"inLanguage":"pt-BR"},{"@type":"Organization","@id":"https:\/\/www.suno.com.br\/noticias\/#organization","name":"Suno Not\u00edcias","url":"https:\/\/www.suno.com.br\/noticias\/","logo":{"@type":"ImageObject","inLanguage":"pt-BR","@id":"https:\/\/www.suno.com.br\/noticias\/#\/schema\/logo\/image\/","url":"https:\/\/files.sunoresearch.com.br\/n\/uploads\/2021\/09\/suno-logo.png","contentUrl":"https:\/\/files.sunoresearch.com.br\/n\/uploads\/2021\/09\/suno-logo.png","width":180,"height":180,"caption":"Suno Not\u00edcias"},"image":{"@id":"https:\/\/www.suno.com.br\/noticias\/#\/schema\/logo\/image\/"},"sameAs":["https:\/\/facebook.com\/sunoresearch","https:\/\/x.com\/sunoresearch","https:\/\/www.instagram.com\/suno","https:\/\/www.linkedin.com\/company\/suno-research\/","https:\/\/www.youtube.com\/c\/sunoresearch"]},{"@type":"Person","@id":"https:\/\/www.suno.com.br\/noticias\/#\/schema\/person\/1db762f78ffd8919a648a63e425953e3","name":"Juliano Passaro","image":{"@type":"ImageObject","inLanguage":"pt-BR","@id":"https:\/\/www.suno.com.br\/noticias\/#\/schema\/person\/image\/","url":"https:\/\/secure.gravatar.com\/avatar\/743d4df28eebf6dcc46b4ad03c319e92?s=96&r=g","contentUrl":"https:\/\/secure.gravatar.com\/avatar\/743d4df28eebf6dcc46b4ad03c319e92?s=96&r=g","caption":"Juliano Passaro"},"description":"Juliano Passaro escreve sobre pol\u00edtica, economia e neg\u00f3cios para o portal da Suno Research. Antes da Suno, trabalhou no Portal da Band. \u00c9 formado em jornalismo pela Universidade Presbiteriana Mackenzie.","url":"https:\/\/www.suno.com.br\/noticias\/author\/juliano\/"}]}},"default_loop_html":"<div class=\"cardsPage__listCard__boxs\"><div class=\"cardsPage__listCard__boxs__img\"><a href=\"https:\/\/www.suno.com.br\/noticias\/agenda-do-dia-petrorio-usiminas-fleury-usiminas\/\"><img class=\"mask\" src=\"https:\/\/www.suno.com.br\/noticias\/wp-content\/themes\/suno\/resources\/images\/spotlight\/spotlight1img\/bg-mask.png\" alt=\"Image Mask\"\/><img src=\"https:\/\/files.sunoresearch.com.br\/n\/uploads\/2019\/11\/7c2ab07f-petrorio-400x200.webp\" alt=\"Agenda do Dia: Petrorio; Iguatemi; J&#038;F; Usiminas; Fleury\"\/><\/a><span class=\"spotlightCategory\"><a href=\"https:\/\/www.suno.com.br\/noticias\/negocios\/\">Neg\u00f3cios<\/a><\/span><\/div><div class=\"cardsPage__listCard__boxs__content\"><a href=\"https:\/\/www.suno.com.br\/noticias\/agenda-do-dia-petrorio-usiminas-fleury-usiminas\/\"><h2 class=\"content__title\">Agenda do Dia: Petrorio; Iguatemi; J&#038;F; Usiminas; Fleury<\/h2><\/a><div class=\"newsContent__article__meta\"><div class=\"newsContent__article__meta__authorBox\"><a href=\"https:\/\/www.suno.com.br\/noticias\/author\/juliano\/\" class=\"authorBox__avatar noMobi\"><img src=\"https:\/\/files.sunoresearch.com.br\/n\/uploads\/2019\/06\/7cc3efea-whatsapp-image-2019-07-18-at-21.59.33-e1563499821209-150x150.webp\" alt=\"Juliano Passaro\"><\/a><div class=\"authorBox__name\"><span>por\n\t\t\t<a href=\"https:\/\/www.suno.com.br\/noticias\/author\/juliano\/\"><span itemprop=\"author\">Juliano Passaro<\/span><\/a><\/span><time datetime=\"2019-11-29T10:32:52-03:00\" itemprop=\"datePublished\">29\/11\/2019 10:32<\/time><\/div><\/div><\/div><\/div><\/div>","single_layout":"posts","amp_enabled":true,"_links":{"self":[{"href":"https:\/\/www.suno.com.br\/noticias\/wp-json\/wp\/v2\/posts\/46099"}],"collection":[{"href":"https:\/\/www.suno.com.br\/noticias\/wp-json\/wp\/v2\/posts"}],"about":[{"href":"https:\/\/www.suno.com.br\/noticias\/wp-json\/wp\/v2\/types\/post"}],"author":[{"embeddable":true,"href":"https:\/\/www.suno.com.br\/noticias\/wp-json\/wp\/v2\/users\/19"}],"replies":[{"embeddable":true,"href":"https:\/\/www.suno.com.br\/noticias\/wp-json\/wp\/v2\/comments?post=46099"}],"version-history":[{"count":1,"href":"https:\/\/www.suno.com.br\/noticias\/wp-json\/wp\/v2\/posts\/46099\/revisions"}],"predecessor-version":[{"id":157661,"href":"https:\/\/www.suno.com.br\/noticias\/wp-json\/wp\/v2\/posts\/46099\/revisions\/157661"}],"wp:featuredmedia":[{"embeddable":true,"href":"https:\/\/www.suno.com.br\/noticias\/wp-json\/wp\/v2\/media\/46114"}],"wp:attachment":[{"href":"https:\/\/www.suno.com.br\/noticias\/wp-json\/wp\/v2\/media?parent=46099"}],"wp:term":[{"taxonomy":"category","embeddable":true,"href":"https:\/\/www.suno.com.br\/noticias\/wp-json\/wp\/v2\/categories?post=46099"},{"taxonomy":"post_tag","embeddable":true,"href":"https:\/\/www.suno.com.br\/noticias\/wp-json\/wp\/v2\/tags?post=46099"},{"taxonomy":"suno_strategy","embeddable":true,"href":"https:\/\/www.suno.com.br\/noticias\/wp-json\/wp\/v2\/suno_strategy?post=46099"}],"curies":[{"name":"wp","href":"https:\/\/api.w.org\/{rel}","templated":true}]}}