{"id":460961,"date":"2023-09-23T16:30:28","date_gmt":"2023-09-23T19:30:28","guid":{"rendered":"https:\/\/www.suno.com.br\/noticias\/?p=460961"},"modified":"2023-09-23T16:30:31","modified_gmt":"2023-09-23T19:30:31","slug":"itausa-itsa4-amortizacao-antecipada-debentures-jvj","status":"publish","type":"post","link":"https:\/\/www.suno.com.br\/noticias\/itausa-itsa4-amortizacao-antecipada-debentures-jvj\/","title":{"rendered":"Ita\u00fasa (ITSA4) anuncia amortiza\u00e7\u00e3o bilion\u00e1ria de deb\u00eantures; Veja o valor"},"content":{"rendered":"<p>O <a class=\"suno-keyword\" data-force=\"no\" data-priority=\"1\" href=\"https:\/\/www.suno.com.br\/artigos\/conselho-administracao\/\" target=\"_blank\" rel=\"noopener\">conselho de administra\u00e7\u00e3o<\/a> da <a class=\"suno-keyword\" data-force=\"yes\" data-priority=\"2\" href=\"https:\/\/www.suno.com.br\/acoes\/ITSA4\/\" target=\"_blank\" rel=\"noopener\"><strong>Ita\u00fasa<\/strong> (ITSA4)<\/a> aprovou a realiza\u00e7\u00e3o de uma amortiza\u00e7\u00e3o antecipada facultativa de 60% das deb\u00eantures da 1\u00aa s\u00e9rie da 5\u00aa emiss\u00e3o da companhia, com o desembolso total de cerca de R$ 1,6 bilh\u00e3o.<\/p>\t<div class=\"wrapper-featured-image\">\n\t\t<figure class=\"spotlightImg\">\n\n\t\t\t<picture>\n\t\t\t\t<source media=\"(max-width: 768px)\" srcset=\"https:\/\/files.sunoresearch.com.br\/n\/uploads\/2021\/02\/7db34773-itausa-1280x720-1-400x200.webp\">\n\t\t\t\t<img loading=\"lazy\" decoding=\"async\" class=\"newsContent__article__imgCapa lazyloadDisabled \" src=\"https:\/\/files.sunoresearch.com.br\/n\/uploads\/2021\/02\/7db34773-itausa-1280x720-1-800x450.webp\" width=\"800\" height=\"450\" alt=\"Ita\u00fasa (ITSA4) anuncia amortiza\u00e7\u00e3o bilion\u00e1ria de deb\u00eantures; Veja o valor\" fetchpriority=high \/>\n\t\t\t<\/picture>\n\n\t\t\t<figcaption class=\"wp-caption-text wp-caption-text--show\">Ita\u00fasa (ITSA4). Foto: Divulga\u00e7\u00e3o<\/figcaption>\n\t\t<\/figure>\n\t<\/div>\n\n\n\n\n\n\t<p>\n\t\t<a href=\"https:\/\/lp2.suno.com.br\/cl\/black-friday-2025\/?utm_campaign=_SNCDF0E4858_\" target=\"_blank\" data-element=\"shortcode-suno-banner\" title=\"Banner SUNO, clique e saiba mais\">\n\t\t\t<picture>\n\t\t\t\t<source media=\"(max-width: 500px)\" srcset=\"https:\/\/files.sunoresearch.com.br\/n\/uploads\/2025\/10\/Artigos-e-Noticias-Banner-Home-artigos-01-Mobile_-400x300-1-png.webp\">\n\t\t\t\t<img class=\"newsContent__article__imgCapa newsContent__article__imgCapa--banner\"\n\t\t\t\t\tsrc=\"https:\/\/files.sunoresearch.com.br\/n\/uploads\/2025\/10\/Artigos-e-Noticias-Banner-Home-artigos-01-Desktop_-1420x240-1-png.webp\"\n\t\t\t\t\tdata-promo-id=\"311259\"\t\t\t\t\t\t\t\t\t\twidth='1420' height='240'\t\t\t\t\talt=\"https:\/\/files.sunoresearch.com.br\/n\/uploads\/2025\/10\/Artigos-e-Noticias-Banner-Home-artigos-01-Desktop_-1420x240-1-png.webp\"\n\t\t\t\t>\n\t\t\t<\/picture>\n\t\t<\/a>\n\t<\/p>\n\n\n\n\n\n<p>A amortiza\u00e7\u00e3o de<strong> deb\u00eantures da Ita\u00fasa<\/strong> foi antecipada para o dia 29 de setembro de 2023. Al\u00e9m disso, essa amortiza\u00e7\u00e3o vem da estrat\u00e9gia de desalavancagem da companhia e envolve o uso de recursos das vendas de a\u00e7\u00f5es da XP.<\/p>\n\n\n\n<p>Vale destacar que essa<strong> oferta da Ita\u00fasa<\/strong> contou com a emiss\u00e3o total de 3,5 milh\u00f5es de deb\u00eantures, das quais 2,5 milh\u00f5es fizeram parte da 1\u00aa s\u00e9rie e 1 milh\u00e3o de deb\u00eantures da 2\u00aa s\u00e9rie.<\/p>\n\n\n\t<div data-element=\"shortcode-read-more\" class=\"knowMore\">\n\t\t\t\t<span class=\"knowMore__title\">Leia mais<\/span>\n\t\t\t\t<a class=\"knowMore__link\" href=\"https:\/\/www.suno.com.br\/noticias\/evergrande-desiste-plano-estruturacao-china-jvj\/\">\n\t\t\tNovo cap\u00edtulo da crise? Evergrande desiste de plano de estrutura\u00e7\u00e3o de US$ 35 bilh\u00f5es; E agora?\t\t<\/a>\n\t<\/div>\n\n\n\n\n<p>Desse desembolso total de R$ 1,6 bilh\u00e3o, R$ 1,5 bilh\u00e3o se refere a antecipa\u00e7\u00e3o facultativa referente ao pagamento de 60% do <a class=\"suno-keyword\" target=\"_blank\" data-force=\"no\" data-priority=\"1\" href=\"https:\/\/www.suno.com.br\/artigos\/valor-nominal\/\" rel=\"noopener\">valor nominal<\/a> unit\u00e1rio das deb\u00eantures da 1\u00aa s\u00e9rie. O valor remanescente tem como base a remunera\u00e7\u00e3o das deb\u00eantures e o pr\u00eamio calculado conforme a f\u00f3rmula da escritura de emiss\u00e3o.<\/p>\n\n\n\n<h2 class=\"wp-block-heading\"><a><\/a>Ita\u00fasa anuncia novo pagamento de JCP<\/h2>\n\n\n\n<p>Al\u00e9m da amortiza\u00e7\u00e3o antecipada de deb\u00eantures, a Ita\u00fasa tamb\u00e9m divulgou nesta \u00faltima semana um novo pagamento de <a class=\"suno-keyword\" target=\"_blank\" data-force=\"no\" data-priority=\"1\" href=\"https:\/\/www.suno.com.br\/artigos\/entenda-o-jcp\/\" rel=\"noopener\">juros sobre capital pr\u00f3prio<\/a> (JCP), cujo valor declarado \u00e9 de R$ 0,1165 por a\u00e7\u00e3o.<\/p>\n\n\n\n<p>Com exce\u00e7\u00e3o dos investidores considerados imunes ou isentos de tributa\u00e7\u00e3o, esse valor de <strong>juros sobre capital pr\u00f3prio da Ita\u00fasa<\/strong> est\u00e1 sujeito a aplica\u00e7\u00e3o de imposto de renda na fonte, com uma al\u00edquota de 15%.<\/p>\n\n\n\n<p>Considerando esse desconto, o investidor apto a receber os<strong> JCP da Ita\u00fasa<\/strong> ter\u00e1 o cr\u00e9dito de R$ 0,099025 por a\u00e7\u00e3o. Assim, o montante a ser recebido corresponde a multiplica\u00e7\u00e3o desse valor l\u00edquido por a\u00e7\u00e3o pelo n\u00famero de a\u00e7\u00f5es detidas at\u00e9 a data de corte, que foi na quinta-feira (21).<\/p>\n\n\n\n<p>Nesse caso, atendendo os crit\u00e9rios para ter direito aos proventos da Ita\u00fasa, o investidor ter\u00e1 o valor creditado na conta da corretora at\u00e9 30 de dezembro de 2024.<\/p>\n\n\n\n<h2 class=\"wp-block-heading\"><a><\/a>Desempenho na Bolsa de Valores<\/h2>\n\n\n\n<p>Nesta semana, as <strong>a\u00e7\u00f5es da Ita\u00fasa<\/strong> terminaram em queda de 2,38%, cotada a R$ 9,01 na Bolsa de Valores. O preg\u00e3o desta sexta-feira (22) tamb\u00e9m ajudou nesse desempenho negativo acumulado na semana, visto que o papel ITSA4 caiu 1,00% nesse dia.<\/p>\n\n\n\n<p>Com essa nova queda semanal, os pap\u00e9is da <strong>Ita\u00fasa <\/strong>acumulam uma baixa de 1,43% no m\u00eas de setembro, que se encontra pr\u00f3ximo do seu encerramento. A m\u00e1xima mensal at\u00e9 agora \u00e9 de R$ 9,38, j\u00e1 a m\u00ednima \u00e9 de R$ 8,85.<\/p>\n\n\n\t<p>\n\t\t<a href=\"https:\/\/lp.suno.com.br\/ebook-como-analisar-uma-acao\/\" target=\"_blank\" data-element=\"shortcode-suno-banner\" title=\"Banner SUNO, clique e saiba mais\">\n\t\t\t<picture>\n\t\t\t\t<source media=\"(max-width: 500px)\" srcset=\"https:\/\/files.sunoresearch.com.br\/n\/uploads\/2023\/12\/Ebook-Acoes-Mobile.jpg\">\n\t\t\t\t<img class=\"newsContent__article__imgCapa newsContent__article__imgCapa--banner\"\n\t\t\t\t\tsrc=\"https:\/\/files.sunoresearch.com.br\/n\/uploads\/2023\/12\/Ebook-Acoes-Desktop.webp\"\n\t\t\t\t\tdata-promo-id=\"311260\"\t\t\t\t\t\t\t\t\t\twidth='1420' height='286'\t\t\t\t\talt=\"https:\/\/files.sunoresearch.com.br\/n\/uploads\/2023\/12\/Ebook-Acoes-Desktop.webp\"\n\t\t\t\t>\n\t\t\t<\/picture>\n\t\t<\/a>\n\t<\/p>\n\n\n","protected":false},"excerpt":{"rendered":"<p>O conselho de administra\u00e7\u00e3o da Ita\u00fasa (ITSA4) aprovou a realiza\u00e7\u00e3o de uma amortiza\u00e7\u00e3o antecipada facultativa de 60% das deb\u00eantures da 1\u00aa s\u00e9rie da 5\u00aa emiss\u00e3o da companhia, com o desembolso total de cerca de R$ 1,6 bilh\u00e3o. Ita\u00fasa (ITSA4). Foto: Divulga\u00e7\u00e3o A amortiza\u00e7\u00e3o de deb\u00eantures da Ita\u00fasa foi antecipada para o dia 29 de setembro [&hellip;]<\/p>\n","protected":false},"author":173,"featured_media":125632,"comment_status":"closed","ping_status":"closed","sticky":false,"template":"","format":"standard","meta":[],"categories":[64],"tags":[1151,517],"suno_strategy":[],"class_list":["post-460961","post","type-post","status-publish","format-standard","has-post-thumbnail","hentry","category-negocios","tag-debentures","tag-itausa-itsa3-itsa4"],"yoast_head":"<!-- This site is optimized with the Yoast SEO plugin v24.4 - https:\/\/yoast.com\/wordpress\/plugins\/seo\/ -->\n<title>Ita\u00fasa (ITSA4) anuncia amortiza\u00e7\u00e3o bilion\u00e1ria de deb\u00eantures; Veja o valor<\/title>\n<meta name=\"description\" content=\"A Ita\u00fasa (ITSA4) anunciou uma nova amortiza\u00e7\u00e3o bilion\u00e1ria de deb\u00eantures. Confira o valor dessa amortiza\u00e7\u00e3o e veja detalhes da opera\u00e7\u00e3o.\" \/>\n<meta name=\"robots\" content=\"index, follow, max-snippet:-1, max-image-preview:large, max-video-preview:-1\" \/>\n<link rel=\"canonical\" href=\"https:\/\/www.suno.com.br\/noticias\/itausa-itsa4-amortizacao-antecipada-debentures-jvj\/\" \/>\n<meta property=\"og:locale\" content=\"pt_BR\" \/>\n<meta property=\"og:type\" content=\"article\" \/>\n<meta property=\"og:title\" content=\"Ita\u00fasa (ITSA4) anuncia amortiza\u00e7\u00e3o bilion\u00e1ria de deb\u00eantures; Veja o valor\" \/>\n<meta property=\"og:description\" content=\"A Ita\u00fasa (ITSA4) anunciou uma nova amortiza\u00e7\u00e3o bilion\u00e1ria de deb\u00eantures. Confira o valor dessa amortiza\u00e7\u00e3o e veja detalhes da opera\u00e7\u00e3o.\" \/>\n<meta property=\"og:url\" content=\"https:\/\/www.suno.com.br\/noticias\/itausa-itsa4-amortizacao-antecipada-debentures-jvj\/\" \/>\n<meta property=\"og:site_name\" content=\"Suno Not\u00edcias\" \/>\n<meta property=\"article:publisher\" content=\"https:\/\/facebook.com\/sunoresearch\" \/>\n<meta property=\"og:image\" content=\"https:\/\/files.sunoresearch.com.br\/n\/uploads\/2021\/02\/7db34773-itausa-1280x720-1.jpg\" \/>\n\t<meta property=\"og:image:width\" content=\"1280\" \/>\n\t<meta property=\"og:image:height\" content=\"720\" \/>\n\t<meta property=\"og:image:type\" content=\"image\/jpeg\" \/>\n<meta name=\"author\" content=\"Jo\u00e3o Vitor\" \/>\n<meta name=\"twitter:card\" content=\"summary_large_image\" \/>\n<meta name=\"twitter:creator\" content=\"@sunoresearch\" \/>\n<meta name=\"twitter:site\" content=\"@sunoresearch\" \/>\n<meta name=\"twitter:label1\" content=\"Escrito por\" \/>\n\t<meta name=\"twitter:data1\" content=\"Jo\u00e3o Vitor\" \/>\n\t<meta name=\"twitter:label2\" content=\"Est. tempo de leitura\" \/>\n\t<meta name=\"twitter:data2\" content=\"3 minutos\" \/>\n<script type=\"application\/ld+json\" class=\"yoast-schema-graph\">{\"@context\":\"https:\/\/schema.org\",\"@graph\":[{\"@type\":\"NewsArticle\",\"@id\":\"https:\/\/www.suno.com.br\/noticias\/itausa-itsa4-amortizacao-antecipada-debentures-jvj\/#article\",\"isPartOf\":{\"@id\":\"https:\/\/www.suno.com.br\/noticias\/itausa-itsa4-amortizacao-antecipada-debentures-jvj\/\"},\"author\":{\"name\":\"Jo\u00e3o Vitor\",\"@id\":\"https:\/\/www.suno.com.br\/noticias\/#\/schema\/person\/87fc6973867c52dd884811905c43afba\"},\"headline\":\"Ita\u00fasa (ITSA4) anuncia amortiza\u00e7\u00e3o bilion\u00e1ria de deb\u00eantures; Veja o valor\",\"datePublished\":\"2023-09-23T19:30:28+00:00\",\"dateModified\":\"2023-09-23T19:30:31+00:00\",\"mainEntityOfPage\":{\"@id\":\"https:\/\/www.suno.com.br\/noticias\/itausa-itsa4-amortizacao-antecipada-debentures-jvj\/\"},\"wordCount\":453,\"publisher\":{\"@id\":\"https:\/\/www.suno.com.br\/noticias\/#organization\"},\"image\":{\"@id\":\"https:\/\/www.suno.com.br\/noticias\/itausa-itsa4-amortizacao-antecipada-debentures-jvj\/#primaryimage\"},\"thumbnailUrl\":\"https:\/\/files.sunoresearch.com.br\/n\/uploads\/2021\/02\/7db34773-itausa-1280x720-1-jpg.webp\",\"keywords\":[\"deb\u00eantures\",\"Ita\u00fasa (ITSA3\/ITSA4)\"],\"articleSection\":[\"Neg\u00f3cios\"],\"inLanguage\":\"pt-BR\"},{\"@type\":\"WebPage\",\"@id\":\"https:\/\/www.suno.com.br\/noticias\/itausa-itsa4-amortizacao-antecipada-debentures-jvj\/\",\"url\":\"https:\/\/www.suno.com.br\/noticias\/itausa-itsa4-amortizacao-antecipada-debentures-jvj\/\",\"name\":\"Ita\u00fasa (ITSA4) anuncia amortiza\u00e7\u00e3o bilion\u00e1ria de deb\u00eantures; Veja o valor\",\"isPartOf\":{\"@id\":\"https:\/\/www.suno.com.br\/noticias\/#website\"},\"primaryImageOfPage\":{\"@id\":\"https:\/\/www.suno.com.br\/noticias\/itausa-itsa4-amortizacao-antecipada-debentures-jvj\/#primaryimage\"},\"image\":{\"@id\":\"https:\/\/www.suno.com.br\/noticias\/itausa-itsa4-amortizacao-antecipada-debentures-jvj\/#primaryimage\"},\"thumbnailUrl\":\"https:\/\/files.sunoresearch.com.br\/n\/uploads\/2021\/02\/7db34773-itausa-1280x720-1-jpg.webp\",\"datePublished\":\"2023-09-23T19:30:28+00:00\",\"dateModified\":\"2023-09-23T19:30:31+00:00\",\"description\":\"A Ita\u00fasa (ITSA4) anunciou uma nova amortiza\u00e7\u00e3o bilion\u00e1ria de deb\u00eantures. Confira o valor dessa amortiza\u00e7\u00e3o e veja detalhes da opera\u00e7\u00e3o.\",\"breadcrumb\":{\"@id\":\"https:\/\/www.suno.com.br\/noticias\/itausa-itsa4-amortizacao-antecipada-debentures-jvj\/#breadcrumb\"},\"inLanguage\":\"pt-BR\",\"potentialAction\":[{\"@type\":\"ReadAction\",\"target\":[\"https:\/\/www.suno.com.br\/noticias\/itausa-itsa4-amortizacao-antecipada-debentures-jvj\/\"]}]},{\"@type\":\"ImageObject\",\"inLanguage\":\"pt-BR\",\"@id\":\"https:\/\/www.suno.com.br\/noticias\/itausa-itsa4-amortizacao-antecipada-debentures-jvj\/#primaryimage\",\"url\":\"https:\/\/files.sunoresearch.com.br\/n\/uploads\/2021\/02\/7db34773-itausa-1280x720-1-jpg.webp\",\"contentUrl\":\"https:\/\/files.sunoresearch.com.br\/n\/uploads\/2021\/02\/7db34773-itausa-1280x720-1-jpg.webp\",\"width\":1280,\"height\":720,\"caption\":\"Ita\u00fasa (ITSA4). Foto: Divulga\u00e7\u00e3o\"},{\"@type\":\"BreadcrumbList\",\"@id\":\"https:\/\/www.suno.com.br\/noticias\/itausa-itsa4-amortizacao-antecipada-debentures-jvj\/#breadcrumb\",\"itemListElement\":[{\"@type\":\"ListItem\",\"position\":1,\"name\":\"Not\u00edcias\",\"item\":\"https:\/\/www.suno.com.br\/noticias\/\"},{\"@type\":\"ListItem\",\"position\":2,\"name\":\"Neg\u00f3cios\",\"item\":\"https:\/\/www.suno.com.br\/noticias\/negocios\/\"},{\"@type\":\"ListItem\",\"position\":3,\"name\":\"Ita\u00fasa (ITSA4) anuncia amortiza\u00e7\u00e3o bilion\u00e1ria de deb\u00eantures; Veja o valor\"}]},{\"@type\":\"WebSite\",\"@id\":\"https:\/\/www.suno.com.br\/noticias\/#website\",\"url\":\"https:\/\/www.suno.com.br\/noticias\/\",\"name\":\"Suno Not\u00edcias\",\"description\":\"Seu portal de informa\u00e7\u00e3o sobre o mundo dos investimentos\",\"publisher\":{\"@id\":\"https:\/\/www.suno.com.br\/noticias\/#organization\"},\"potentialAction\":[{\"@type\":\"SearchAction\",\"target\":{\"@type\":\"EntryPoint\",\"urlTemplate\":\"https:\/\/www.suno.com.br\/noticias\/?s={search_term_string}\"},\"query-input\":{\"@type\":\"PropertyValueSpecification\",\"valueRequired\":true,\"valueName\":\"search_term_string\"}}],\"inLanguage\":\"pt-BR\"},{\"@type\":\"Organization\",\"@id\":\"https:\/\/www.suno.com.br\/noticias\/#organization\",\"name\":\"Suno Not\u00edcias\",\"url\":\"https:\/\/www.suno.com.br\/noticias\/\",\"logo\":{\"@type\":\"ImageObject\",\"inLanguage\":\"pt-BR\",\"@id\":\"https:\/\/www.suno.com.br\/noticias\/#\/schema\/logo\/image\/\",\"url\":\"https:\/\/files.sunoresearch.com.br\/n\/uploads\/2021\/09\/suno-logo.png\",\"contentUrl\":\"https:\/\/files.sunoresearch.com.br\/n\/uploads\/2021\/09\/suno-logo.png\",\"width\":180,\"height\":180,\"caption\":\"Suno Not\u00edcias\"},\"image\":{\"@id\":\"https:\/\/www.suno.com.br\/noticias\/#\/schema\/logo\/image\/\"},\"sameAs\":[\"https:\/\/facebook.com\/sunoresearch\",\"https:\/\/x.com\/sunoresearch\",\"https:\/\/www.instagram.com\/suno\",\"https:\/\/www.linkedin.com\/company\/suno-research\/\",\"https:\/\/www.youtube.com\/c\/sunoresearch\"]},{\"@type\":\"Person\",\"@id\":\"https:\/\/www.suno.com.br\/noticias\/#\/schema\/person\/87fc6973867c52dd884811905c43afba\",\"name\":\"Jo\u00e3o Vitor\",\"image\":{\"@type\":\"ImageObject\",\"inLanguage\":\"pt-BR\",\"@id\":\"https:\/\/www.suno.com.br\/noticias\/#\/schema\/person\/image\/\",\"url\":\"https:\/\/secure.gravatar.com\/avatar\/2843227ca03ccf8cc7ccca45204c127e?s=96&r=g\",\"contentUrl\":\"https:\/\/secure.gravatar.com\/avatar\/2843227ca03ccf8cc7ccca45204c127e?s=96&r=g\",\"caption\":\"Jo\u00e3o Vitor\"},\"description\":\"Redator profissional, com atua\u00e7\u00e3o no mercado editorial na produ\u00e7\u00e3o de not\u00edcias e conte\u00fados sobre o mercado de a\u00e7\u00f5es, fundos imobili\u00e1rios e economia popular. Graduando em Engenharia Qu\u00edmica pela Unesp, tamb\u00e9m j\u00e1 atuou como consultor financeiro.\",\"url\":\"https:\/\/www.suno.com.br\/noticias\/author\/joao-vitor-jacintho\/\"}]}<\/script>\n<!-- \/ Yoast SEO plugin. -->","yoast_head_json":{"title":"Ita\u00fasa (ITSA4) anuncia amortiza\u00e7\u00e3o bilion\u00e1ria de deb\u00eantures; Veja o valor","description":"A Ita\u00fasa (ITSA4) anunciou uma nova amortiza\u00e7\u00e3o bilion\u00e1ria de deb\u00eantures. Confira o valor dessa amortiza\u00e7\u00e3o e veja detalhes da opera\u00e7\u00e3o.","robots":{"index":"index","follow":"follow","max-snippet":"max-snippet:-1","max-image-preview":"max-image-preview:large","max-video-preview":"max-video-preview:-1"},"canonical":"https:\/\/www.suno.com.br\/noticias\/itausa-itsa4-amortizacao-antecipada-debentures-jvj\/","og_locale":"pt_BR","og_type":"article","og_title":"Ita\u00fasa (ITSA4) anuncia amortiza\u00e7\u00e3o bilion\u00e1ria de deb\u00eantures; Veja o valor","og_description":"A Ita\u00fasa (ITSA4) anunciou uma nova amortiza\u00e7\u00e3o bilion\u00e1ria de deb\u00eantures. Confira o valor dessa amortiza\u00e7\u00e3o e veja detalhes da opera\u00e7\u00e3o.","og_url":"https:\/\/www.suno.com.br\/noticias\/itausa-itsa4-amortizacao-antecipada-debentures-jvj\/","og_site_name":"Suno Not\u00edcias","article_publisher":"https:\/\/facebook.com\/sunoresearch","og_image":[{"width":1280,"height":720,"url":"https:\/\/files.sunoresearch.com.br\/n\/uploads\/2021\/02\/7db34773-itausa-1280x720-1.jpg","type":"image\/jpeg"}],"author":"Jo\u00e3o Vitor","twitter_card":"summary_large_image","twitter_creator":"@sunoresearch","twitter_site":"@sunoresearch","twitter_misc":{"Escrito por":"Jo\u00e3o Vitor","Est. tempo de leitura":"3 minutos"},"schema":{"@context":"https:\/\/schema.org","@graph":[{"@type":"NewsArticle","@id":"https:\/\/www.suno.com.br\/noticias\/itausa-itsa4-amortizacao-antecipada-debentures-jvj\/#article","isPartOf":{"@id":"https:\/\/www.suno.com.br\/noticias\/itausa-itsa4-amortizacao-antecipada-debentures-jvj\/"},"author":{"name":"Jo\u00e3o Vitor","@id":"https:\/\/www.suno.com.br\/noticias\/#\/schema\/person\/87fc6973867c52dd884811905c43afba"},"headline":"Ita\u00fasa (ITSA4) anuncia amortiza\u00e7\u00e3o bilion\u00e1ria de deb\u00eantures; Veja o valor","datePublished":"2023-09-23T19:30:28+00:00","dateModified":"2023-09-23T19:30:31+00:00","mainEntityOfPage":{"@id":"https:\/\/www.suno.com.br\/noticias\/itausa-itsa4-amortizacao-antecipada-debentures-jvj\/"},"wordCount":453,"publisher":{"@id":"https:\/\/www.suno.com.br\/noticias\/#organization"},"image":{"@id":"https:\/\/www.suno.com.br\/noticias\/itausa-itsa4-amortizacao-antecipada-debentures-jvj\/#primaryimage"},"thumbnailUrl":"https:\/\/files.sunoresearch.com.br\/n\/uploads\/2021\/02\/7db34773-itausa-1280x720-1-jpg.webp","keywords":["deb\u00eantures","Ita\u00fasa (ITSA3\/ITSA4)"],"articleSection":["Neg\u00f3cios"],"inLanguage":"pt-BR"},{"@type":"WebPage","@id":"https:\/\/www.suno.com.br\/noticias\/itausa-itsa4-amortizacao-antecipada-debentures-jvj\/","url":"https:\/\/www.suno.com.br\/noticias\/itausa-itsa4-amortizacao-antecipada-debentures-jvj\/","name":"Ita\u00fasa (ITSA4) anuncia amortiza\u00e7\u00e3o bilion\u00e1ria de deb\u00eantures; Veja o valor","isPartOf":{"@id":"https:\/\/www.suno.com.br\/noticias\/#website"},"primaryImageOfPage":{"@id":"https:\/\/www.suno.com.br\/noticias\/itausa-itsa4-amortizacao-antecipada-debentures-jvj\/#primaryimage"},"image":{"@id":"https:\/\/www.suno.com.br\/noticias\/itausa-itsa4-amortizacao-antecipada-debentures-jvj\/#primaryimage"},"thumbnailUrl":"https:\/\/files.sunoresearch.com.br\/n\/uploads\/2021\/02\/7db34773-itausa-1280x720-1-jpg.webp","datePublished":"2023-09-23T19:30:28+00:00","dateModified":"2023-09-23T19:30:31+00:00","description":"A Ita\u00fasa (ITSA4) anunciou uma nova amortiza\u00e7\u00e3o bilion\u00e1ria de deb\u00eantures. Confira o valor dessa amortiza\u00e7\u00e3o e veja detalhes da opera\u00e7\u00e3o.","breadcrumb":{"@id":"https:\/\/www.suno.com.br\/noticias\/itausa-itsa4-amortizacao-antecipada-debentures-jvj\/#breadcrumb"},"inLanguage":"pt-BR","potentialAction":[{"@type":"ReadAction","target":["https:\/\/www.suno.com.br\/noticias\/itausa-itsa4-amortizacao-antecipada-debentures-jvj\/"]}]},{"@type":"ImageObject","inLanguage":"pt-BR","@id":"https:\/\/www.suno.com.br\/noticias\/itausa-itsa4-amortizacao-antecipada-debentures-jvj\/#primaryimage","url":"https:\/\/files.sunoresearch.com.br\/n\/uploads\/2021\/02\/7db34773-itausa-1280x720-1-jpg.webp","contentUrl":"https:\/\/files.sunoresearch.com.br\/n\/uploads\/2021\/02\/7db34773-itausa-1280x720-1-jpg.webp","width":1280,"height":720,"caption":"Ita\u00fasa (ITSA4). Foto: Divulga\u00e7\u00e3o"},{"@type":"BreadcrumbList","@id":"https:\/\/www.suno.com.br\/noticias\/itausa-itsa4-amortizacao-antecipada-debentures-jvj\/#breadcrumb","itemListElement":[{"@type":"ListItem","position":1,"name":"Not\u00edcias","item":"https:\/\/www.suno.com.br\/noticias\/"},{"@type":"ListItem","position":2,"name":"Neg\u00f3cios","item":"https:\/\/www.suno.com.br\/noticias\/negocios\/"},{"@type":"ListItem","position":3,"name":"Ita\u00fasa (ITSA4) anuncia amortiza\u00e7\u00e3o bilion\u00e1ria de deb\u00eantures; Veja o valor"}]},{"@type":"WebSite","@id":"https:\/\/www.suno.com.br\/noticias\/#website","url":"https:\/\/www.suno.com.br\/noticias\/","name":"Suno Not\u00edcias","description":"Seu portal de informa\u00e7\u00e3o sobre o mundo dos investimentos","publisher":{"@id":"https:\/\/www.suno.com.br\/noticias\/#organization"},"potentialAction":[{"@type":"SearchAction","target":{"@type":"EntryPoint","urlTemplate":"https:\/\/www.suno.com.br\/noticias\/?s={search_term_string}"},"query-input":{"@type":"PropertyValueSpecification","valueRequired":true,"valueName":"search_term_string"}}],"inLanguage":"pt-BR"},{"@type":"Organization","@id":"https:\/\/www.suno.com.br\/noticias\/#organization","name":"Suno Not\u00edcias","url":"https:\/\/www.suno.com.br\/noticias\/","logo":{"@type":"ImageObject","inLanguage":"pt-BR","@id":"https:\/\/www.suno.com.br\/noticias\/#\/schema\/logo\/image\/","url":"https:\/\/files.sunoresearch.com.br\/n\/uploads\/2021\/09\/suno-logo.png","contentUrl":"https:\/\/files.sunoresearch.com.br\/n\/uploads\/2021\/09\/suno-logo.png","width":180,"height":180,"caption":"Suno Not\u00edcias"},"image":{"@id":"https:\/\/www.suno.com.br\/noticias\/#\/schema\/logo\/image\/"},"sameAs":["https:\/\/facebook.com\/sunoresearch","https:\/\/x.com\/sunoresearch","https:\/\/www.instagram.com\/suno","https:\/\/www.linkedin.com\/company\/suno-research\/","https:\/\/www.youtube.com\/c\/sunoresearch"]},{"@type":"Person","@id":"https:\/\/www.suno.com.br\/noticias\/#\/schema\/person\/87fc6973867c52dd884811905c43afba","name":"Jo\u00e3o Vitor","image":{"@type":"ImageObject","inLanguage":"pt-BR","@id":"https:\/\/www.suno.com.br\/noticias\/#\/schema\/person\/image\/","url":"https:\/\/secure.gravatar.com\/avatar\/2843227ca03ccf8cc7ccca45204c127e?s=96&r=g","contentUrl":"https:\/\/secure.gravatar.com\/avatar\/2843227ca03ccf8cc7ccca45204c127e?s=96&r=g","caption":"Jo\u00e3o Vitor"},"description":"Redator profissional, com atua\u00e7\u00e3o no mercado editorial na produ\u00e7\u00e3o de not\u00edcias e conte\u00fados sobre o mercado de a\u00e7\u00f5es, fundos imobili\u00e1rios e economia popular. Graduando em Engenharia Qu\u00edmica pela Unesp, tamb\u00e9m j\u00e1 atuou como consultor financeiro.","url":"https:\/\/www.suno.com.br\/noticias\/author\/joao-vitor-jacintho\/"}]}},"default_loop_html":"<div class=\"cardsPage__listCard__boxs\"><div class=\"cardsPage__listCard__boxs__img\"><a href=\"https:\/\/www.suno.com.br\/noticias\/itausa-itsa4-amortizacao-antecipada-debentures-jvj\/\"><img class=\"mask\" src=\"https:\/\/www.suno.com.br\/noticias\/wp-content\/themes\/suno\/resources\/images\/spotlight\/spotlight1img\/bg-mask.png\" alt=\"Image Mask\"\/><img src=\"https:\/\/files.sunoresearch.com.br\/n\/uploads\/2021\/02\/7db34773-itausa-1280x720-1-400x200.webp\" alt=\"Ita\u00fasa (ITSA4) anuncia amortiza\u00e7\u00e3o bilion\u00e1ria de deb\u00eantures; Veja o valor\"\/><\/a><span class=\"spotlightCategory\"><a href=\"https:\/\/www.suno.com.br\/noticias\/negocios\/\">Neg\u00f3cios<\/a><\/span><\/div><div class=\"cardsPage__listCard__boxs__content\"><a href=\"https:\/\/www.suno.com.br\/noticias\/itausa-itsa4-amortizacao-antecipada-debentures-jvj\/\"><h2 class=\"content__title\">Ita\u00fasa (ITSA4) anuncia amortiza\u00e7\u00e3o bilion\u00e1ria de deb\u00eantures; Veja o valor<\/h2><\/a><div class=\"newsContent__article__meta\"><div class=\"newsContent__article__meta__authorBox\"><a href=\"https:\/\/www.suno.com.br\/noticias\/author\/joao-vitor-jacintho\/\" class=\"authorBox__avatar noMobi\"><img src=\"https:\/\/secure.gravatar.com\/avatar\/2843227ca03ccf8cc7ccca45204c127e?s=96&#038;r=g\" alt=\"Jo\u00e3o Vitor Jacintho\"><\/a><div class=\"authorBox__name\"><span>por\n\t\t\t<a href=\"https:\/\/www.suno.com.br\/noticias\/author\/joao-vitor-jacintho\/\"><span itemprop=\"author\">Jo\u00e3o Vitor Jacintho<\/span><\/a><\/span><time datetime=\"2023-09-23T16:30:28-03:00\" itemprop=\"datePublished\">23\/09\/2023 16:30<\/time><\/div><\/div><\/div><\/div><\/div>","single_layout":"posts","amp_enabled":true,"_links":{"self":[{"href":"https:\/\/www.suno.com.br\/noticias\/wp-json\/wp\/v2\/posts\/460961"}],"collection":[{"href":"https:\/\/www.suno.com.br\/noticias\/wp-json\/wp\/v2\/posts"}],"about":[{"href":"https:\/\/www.suno.com.br\/noticias\/wp-json\/wp\/v2\/types\/post"}],"author":[{"embeddable":true,"href":"https:\/\/www.suno.com.br\/noticias\/wp-json\/wp\/v2\/users\/173"}],"replies":[{"embeddable":true,"href":"https:\/\/www.suno.com.br\/noticias\/wp-json\/wp\/v2\/comments?post=460961"}],"version-history":[{"count":2,"href":"https:\/\/www.suno.com.br\/noticias\/wp-json\/wp\/v2\/posts\/460961\/revisions"}],"predecessor-version":[{"id":460963,"href":"https:\/\/www.suno.com.br\/noticias\/wp-json\/wp\/v2\/posts\/460961\/revisions\/460963"}],"wp:featuredmedia":[{"embeddable":true,"href":"https:\/\/www.suno.com.br\/noticias\/wp-json\/wp\/v2\/media\/125632"}],"wp:attachment":[{"href":"https:\/\/www.suno.com.br\/noticias\/wp-json\/wp\/v2\/media?parent=460961"}],"wp:term":[{"taxonomy":"category","embeddable":true,"href":"https:\/\/www.suno.com.br\/noticias\/wp-json\/wp\/v2\/categories?post=460961"},{"taxonomy":"post_tag","embeddable":true,"href":"https:\/\/www.suno.com.br\/noticias\/wp-json\/wp\/v2\/tags?post=460961"},{"taxonomy":"suno_strategy","embeddable":true,"href":"https:\/\/www.suno.com.br\/noticias\/wp-json\/wp\/v2\/suno_strategy?post=460961"}],"curies":[{"name":"wp","href":"https:\/\/api.w.org\/{rel}","templated":true}]}}