{"id":460956,"date":"2023-09-23T15:22:43","date_gmt":"2023-09-23T18:22:43","guid":{"rendered":"https:\/\/www.suno.com.br\/noticias\/?p=460956"},"modified":"2023-09-28T10:06:35","modified_gmt":"2023-09-28T13:06:35","slug":"evergrande-desiste-plano-estruturacao-china-jvj","status":"publish","type":"post","link":"https:\/\/www.suno.com.br\/noticias\/evergrande-desiste-plano-estruturacao-china-jvj\/","title":{"rendered":"Novo cap\u00edtulo da crise? Evergrande desiste de plano de estrutura\u00e7\u00e3o de US$ 35 bilh\u00f5es; E agora?"},"content":{"rendered":"<p>Com a recente piora no <a class=\"suno-keyword\" target=\"_blank\" data-force=\"no\" data-priority=\"2\" href=\"https:\/\/www.suno.com.br\/artigos\/mercado-imobiliario\/\" rel=\"noopener\">mercado imobili\u00e1rio<\/a> chin\u00eas, a situa\u00e7\u00e3o se agrava ainda mais com a desist\u00eancia da <strong>Evergrande <\/strong>em dar continuidade ao seu plano de reestrutura\u00e7\u00e3o, que inclui aproximadamente US$ 35 bilh\u00f5es em d\u00edvidas.<\/p>\t<div class=\"wrapper-featured-image\">\n\t\t<figure class=\"spotlightImg\">\n\n\t\t\t<picture>\n\t\t\t\t<source media=\"(max-width: 768px)\" srcset=\"https:\/\/files.sunoresearch.com.br\/n\/uploads\/2021\/09\/Residential_buildings_developed_by_Evergrande_in_Yuanyang-400x200.jpg\">\n\t\t\t\t<img loading=\"lazy\" decoding=\"async\" class=\"newsContent__article__imgCapa lazyloadDisabled \" src=\"https:\/\/files.sunoresearch.com.br\/n\/uploads\/2021\/09\/Residential_buildings_developed_by_Evergrande_in_Yuanyang-800x450.jpg\" width=\"800\" height=\"450\" alt=\"Novo cap\u00edtulo da crise? Evergrande desiste de plano de estrutura\u00e7\u00e3o de US$ 35 bilh\u00f5es; E agora?\" fetchpriority=high \/>\n\t\t\t<\/picture>\n\n\t\t\t<figcaption class=\"wp-caption-text wp-caption-text--show\">Evergrande. Foto: Reprodu\u00e7\u00e3o\/Site Evergrande<\/figcaption>\n\t\t<\/figure>\n\t<\/div>\n\n\n\n\n\n\t<p>\n\t\t<a href=\"https:\/\/lp2.suno.com.br\/cl\/black-friday-2025\/?utm_campaign=_SNCDF0E4858_\" target=\"_blank\" data-element=\"shortcode-suno-banner\" title=\"Banner SUNO, clique e saiba mais\">\n\t\t\t<picture>\n\t\t\t\t<source media=\"(max-width: 500px)\" srcset=\"https:\/\/files.sunoresearch.com.br\/n\/uploads\/2025\/10\/Artigos-e-Noticias-Banner-Home-artigos-01-Mobile_-400x300-1-png.webp\">\n\t\t\t\t<img class=\"newsContent__article__imgCapa newsContent__article__imgCapa--banner\"\n\t\t\t\t\tsrc=\"https:\/\/files.sunoresearch.com.br\/n\/uploads\/2025\/10\/Artigos-e-Noticias-Banner-Home-artigos-01-Desktop_-1420x240-1-png.webp\"\n\t\t\t\t\tdata-promo-id=\"311259\"\t\t\t\t\t\t\t\t\t\twidth='1420' height='240'\t\t\t\t\talt=\"https:\/\/files.sunoresearch.com.br\/n\/uploads\/2025\/10\/Artigos-e-Noticias-Banner-Home-artigos-01-Desktop_-1420x240-1-png.webp\"\n\t\t\t\t>\n\t\t\t<\/picture>\n\t\t<\/a>\n\t<\/p>\n\n\n\n\n\n<p>O<strong> plano de estrutura\u00e7\u00e3o da Evergrande <\/strong>era considerado por muitos como o ponto-chave para que a empresa pudesse ter uma poss\u00edvel recupera\u00e7\u00e3o. Vale destacar que ela \u00e9 uma das maiores empresas da China no setor de constru\u00e7\u00e3o.<\/p>\n\n\n\n<p>Por sua tamanha relev\u00e2ncia, a Evergrande teve um certo protagonismo quando a <a class=\"suno-keyword\" target=\"_blank\" data-force=\"no\" data-priority=\"1\" href=\"https:\/\/www.suno.com.br\/artigos\/bolha-imobiliaria\/\" rel=\"noopener\">bolha imobili\u00e1ria<\/a> chinesa estourou em 2021, a partir da insolv\u00eancia da construtora, levando diversas outras companhias a sofrer com o mesmo problema, em um efeito \u201ccascata\u201d.<\/p>\n\n\n\t<div data-element=\"shortcode-read-more\" class=\"knowMore\">\n\t\t\t\t<span class=\"knowMore__title\">Leia mais<\/span>\n\t\t\t\t<a class=\"knowMore__link\" href=\"https:\/\/www.suno.com.br\/noticias\/receitas-copel-cple6-fiscal-2023-secretaria-tesouro-jvj\/\">\n\t\t\tN\u00e3o h\u00e1 perspectivas de receitas com Copel (CPLE6) entrarem no fiscal de 2023, diz secret\u00e1ria do Tesouro\t\t<\/a>\n\t<\/div>\n\n\n\n\n<p>Foi justamente nesse per\u00edodo que a Evergrande decidiu p\u00f4r em pr\u00e1tica o seu plano de reestrutura\u00e7\u00e3o. Por outro lado, o planejamento n\u00e3o tem sa\u00eddo conforme o esperado, principalmente em um cen\u00e1rio adverso no <strong>mercado imobili\u00e1rio da China<\/strong>.<\/p>\n\n\n\n<p>Nesse contexto, a Evergrande soltou um comunicado afirmando a necessidade de deixar de lado o plano em raz\u00e3o das vendas registradas nos \u00faltimos meses, que vieram piores que o projetado.<\/p>\n\n\n\n<h2 class=\"wp-block-heading\"><a><\/a>Quais s\u00e3o os pr\u00f3ximos passos da Evergrande?<\/h2>\n\n\n\n<p>Uma das primeiras decis\u00f5es da Evergrande foi retomar as conversas com credores internacionais e bancos, buscando uma renegocia\u00e7\u00e3o.<\/p>\n\n\n\n<p>A desist\u00eancia do plano de uma das <strong>maiores construtoras da China<\/strong> traz \u00e0 tona uma preocupa\u00e7\u00e3o importante: talvez a crise imobili\u00e1ria chinesa ainda n\u00e3o tenha chegado em seu pior cen\u00e1rio poss\u00edvel.<\/p>\n\n\n\n<p>Somado a isso, existe uma press\u00e3o por parte de credores internacionais sobre a Evergrande, com possibilidade de pedirem sua fal\u00eancia, ap\u00f3s terem realizado um empr\u00e9stimo total de US$ 15 bilh\u00f5es para a construtora.<\/p>\n\n\n\n<p>A desist\u00eancia do <strong>plano da Evergrande<\/strong> tamb\u00e9m liga um sinal de alerta para outras empresas do setor imobili\u00e1rio do pa\u00eds. Entre algumas delas est\u00e1 Country Garden, por exemplo.<\/p>\n\n\n\n<h2 class=\"wp-block-heading\"><a><\/a>Sinais de melhora?<\/h2>\n\n\n\n<p>Recentemente, a Evergrande divulgou uma diminui\u00e7\u00e3o importante em seu preju\u00edzo financeiro em rela\u00e7\u00e3o ao primeiro semestre de 2023.<\/p>\n\n\n\n<p>O <strong>preju\u00edzo l\u00edquido da Evergrande<\/strong> at\u00e9 o final de junho foi de 33,01 bilh\u00f5es de yuans (o que representava na \u00e9poca US$ 4,53 bilh\u00f5es), frente aos 66,35 bilh\u00f5es de yuans (US$ 9,1 bilh\u00f5es) registrados no mesmo per\u00edodo de 2022.<\/p>\n\n\n\n<p>Apesar dos sinais de melhoras no preju\u00edzo financeiro, a empresa deveria ter as principais vota\u00e7\u00f5es de seu plano de recupera\u00e7\u00e3o de d\u00edvidas offshore em 28 de agosto, h\u00e1 cerca de 1 m\u00eas.<\/p>\n\n\n\n<p>Por\u00e9m, a <strong>Evergrande <\/strong>adiou a reuni\u00e3o para 25 e 26 de setembro, que seria nesta pr\u00f3xima segunda (25) e ter\u00e7a-feira (26), o que gerou certa desconfian\u00e7a e preocupa\u00e7\u00e3o por parte do mercado.<\/p>\n\n\n\t<p>\n\t\t<a href=\"https:\/\/lp.suno.com.br\/ebook-como-analisar-uma-acao\/\" target=\"_blank\" data-element=\"shortcode-suno-banner\" title=\"Banner SUNO, clique e saiba mais\">\n\t\t\t<picture>\n\t\t\t\t<source media=\"(max-width: 500px)\" srcset=\"https:\/\/files.sunoresearch.com.br\/n\/uploads\/2023\/12\/Ebook-Acoes-Mobile.jpg\">\n\t\t\t\t<img class=\"newsContent__article__imgCapa newsContent__article__imgCapa--banner\"\n\t\t\t\t\tsrc=\"https:\/\/files.sunoresearch.com.br\/n\/uploads\/2023\/12\/Ebook-Acoes-Desktop.webp\"\n\t\t\t\t\tdata-promo-id=\"311260\"\t\t\t\t\t\t\t\t\t\twidth='1420' height='286'\t\t\t\t\talt=\"https:\/\/files.sunoresearch.com.br\/n\/uploads\/2023\/12\/Ebook-Acoes-Desktop.webp\"\n\t\t\t\t>\n\t\t\t<\/picture>\n\t\t<\/a>\n\t<\/p>\n\n\n","protected":false},"excerpt":{"rendered":"<p>Com a recente piora no mercado imobili\u00e1rio chin\u00eas, a situa\u00e7\u00e3o se agrava ainda mais com a desist\u00eancia da Evergrande em dar continuidade ao seu plano de reestrutura\u00e7\u00e3o, que inclui aproximadamente US$ 35 bilh\u00f5es em d\u00edvidas. Evergrande. Foto: Reprodu\u00e7\u00e3o\/Site Evergrande O plano de estrutura\u00e7\u00e3o da Evergrande era considerado por muitos como o ponto-chave para que a [&hellip;]<\/p>\n","protected":false},"author":173,"featured_media":185516,"comment_status":"closed","ping_status":"closed","sticky":false,"template":"","format":"standard","meta":[],"categories":[64],"tags":[107122],"suno_strategy":[],"class_list":["post-460956","post","type-post","status-publish","format-standard","has-post-thumbnail","hentry","category-negocios","tag-evergrande"],"yoast_head":"<!-- This site is optimized with the Yoast SEO plugin v24.4 - https:\/\/yoast.com\/wordpress\/plugins\/seo\/ -->\n<title>Evergrande desiste de plano de estrutura\u00e7\u00e3o de US$ 35 bilh\u00f5es; E agora?<\/title>\n<meta name=\"description\" content=\"A Evergrande desistiu do seu plano de estrutura\u00e7\u00e3o de US$ 35 bilh\u00f5es. E agora? Quais s\u00e3o os pr\u00f3ximos passos da Evergrande?\" \/>\n<meta name=\"robots\" content=\"index, follow, max-snippet:-1, max-image-preview:large, max-video-preview:-1\" \/>\n<link rel=\"canonical\" href=\"https:\/\/www.suno.com.br\/noticias\/evergrande-desiste-plano-estruturacao-china-jvj\/\" \/>\n<meta property=\"og:locale\" content=\"pt_BR\" \/>\n<meta property=\"og:type\" content=\"article\" \/>\n<meta property=\"og:title\" content=\"Evergrande desiste de plano de estrutura\u00e7\u00e3o de US$ 35 bilh\u00f5es; E agora?\" \/>\n<meta property=\"og:description\" content=\"A Evergrande desistiu do seu plano de estrutura\u00e7\u00e3o de US$ 35 bilh\u00f5es. E agora? Quais s\u00e3o os pr\u00f3ximos passos da Evergrande?\" \/>\n<meta property=\"og:url\" content=\"https:\/\/www.suno.com.br\/noticias\/evergrande-desiste-plano-estruturacao-china-jvj\/\" \/>\n<meta property=\"og:site_name\" content=\"Suno Not\u00edcias\" \/>\n<meta property=\"article:publisher\" content=\"https:\/\/facebook.com\/sunoresearch\" \/>\n<meta property=\"og:image\" content=\"https:\/\/files.sunoresearch.com.br\/n\/uploads\/2021\/09\/Residential_buildings_developed_by_Evergrande_in_Yuanyang.jpg\" \/>\n\t<meta property=\"og:image:width\" content=\"1280\" \/>\n\t<meta property=\"og:image:height\" content=\"853\" \/>\n\t<meta property=\"og:image:type\" content=\"image\/jpeg\" \/>\n<meta name=\"author\" content=\"Jo\u00e3o Vitor\" \/>\n<meta name=\"twitter:card\" content=\"summary_large_image\" \/>\n<meta name=\"twitter:creator\" content=\"@sunoresearch\" \/>\n<meta name=\"twitter:site\" content=\"@sunoresearch\" \/>\n<meta name=\"twitter:label1\" content=\"Escrito por\" \/>\n\t<meta name=\"twitter:data1\" content=\"Jo\u00e3o Vitor\" \/>\n\t<meta name=\"twitter:label2\" content=\"Est. tempo de leitura\" \/>\n\t<meta name=\"twitter:data2\" content=\"3 minutos\" \/>\n<script type=\"application\/ld+json\" class=\"yoast-schema-graph\">{\"@context\":\"https:\/\/schema.org\",\"@graph\":[{\"@type\":\"NewsArticle\",\"@id\":\"https:\/\/www.suno.com.br\/noticias\/evergrande-desiste-plano-estruturacao-china-jvj\/#article\",\"isPartOf\":{\"@id\":\"https:\/\/www.suno.com.br\/noticias\/evergrande-desiste-plano-estruturacao-china-jvj\/\"},\"author\":{\"name\":\"Jo\u00e3o Vitor\",\"@id\":\"https:\/\/www.suno.com.br\/noticias\/#\/schema\/person\/87fc6973867c52dd884811905c43afba\"},\"headline\":\"Novo cap\u00edtulo da crise? Evergrande desiste de plano de estrutura\u00e7\u00e3o de US$ 35 bilh\u00f5es; E agora?\",\"datePublished\":\"2023-09-23T18:22:43+00:00\",\"dateModified\":\"2023-09-28T13:06:35+00:00\",\"mainEntityOfPage\":{\"@id\":\"https:\/\/www.suno.com.br\/noticias\/evergrande-desiste-plano-estruturacao-china-jvj\/\"},\"wordCount\":488,\"publisher\":{\"@id\":\"https:\/\/www.suno.com.br\/noticias\/#organization\"},\"image\":{\"@id\":\"https:\/\/www.suno.com.br\/noticias\/evergrande-desiste-plano-estruturacao-china-jvj\/#primaryimage\"},\"thumbnailUrl\":\"https:\/\/files.sunoresearch.com.br\/n\/uploads\/2021\/09\/Residential_buildings_developed_by_Evergrande_in_Yuanyang.jpg\",\"keywords\":[\"evergrande\"],\"articleSection\":[\"Neg\u00f3cios\"],\"inLanguage\":\"pt-BR\"},{\"@type\":\"WebPage\",\"@id\":\"https:\/\/www.suno.com.br\/noticias\/evergrande-desiste-plano-estruturacao-china-jvj\/\",\"url\":\"https:\/\/www.suno.com.br\/noticias\/evergrande-desiste-plano-estruturacao-china-jvj\/\",\"name\":\"Evergrande desiste de plano de estrutura\u00e7\u00e3o de US$ 35 bilh\u00f5es; E agora?\",\"isPartOf\":{\"@id\":\"https:\/\/www.suno.com.br\/noticias\/#website\"},\"primaryImageOfPage\":{\"@id\":\"https:\/\/www.suno.com.br\/noticias\/evergrande-desiste-plano-estruturacao-china-jvj\/#primaryimage\"},\"image\":{\"@id\":\"https:\/\/www.suno.com.br\/noticias\/evergrande-desiste-plano-estruturacao-china-jvj\/#primaryimage\"},\"thumbnailUrl\":\"https:\/\/files.sunoresearch.com.br\/n\/uploads\/2021\/09\/Residential_buildings_developed_by_Evergrande_in_Yuanyang.jpg\",\"datePublished\":\"2023-09-23T18:22:43+00:00\",\"dateModified\":\"2023-09-28T13:06:35+00:00\",\"description\":\"A Evergrande desistiu do seu plano de estrutura\u00e7\u00e3o de US$ 35 bilh\u00f5es. E agora? Quais s\u00e3o os pr\u00f3ximos passos da Evergrande?\",\"breadcrumb\":{\"@id\":\"https:\/\/www.suno.com.br\/noticias\/evergrande-desiste-plano-estruturacao-china-jvj\/#breadcrumb\"},\"inLanguage\":\"pt-BR\",\"potentialAction\":[{\"@type\":\"ReadAction\",\"target\":[\"https:\/\/www.suno.com.br\/noticias\/evergrande-desiste-plano-estruturacao-china-jvj\/\"]}]},{\"@type\":\"ImageObject\",\"inLanguage\":\"pt-BR\",\"@id\":\"https:\/\/www.suno.com.br\/noticias\/evergrande-desiste-plano-estruturacao-china-jvj\/#primaryimage\",\"url\":\"https:\/\/files.sunoresearch.com.br\/n\/uploads\/2021\/09\/Residential_buildings_developed_by_Evergrande_in_Yuanyang.jpg\",\"contentUrl\":\"https:\/\/files.sunoresearch.com.br\/n\/uploads\/2021\/09\/Residential_buildings_developed_by_Evergrande_in_Yuanyang.jpg\",\"width\":1280,\"height\":853,\"caption\":\"Evergrande. Foto: Reprodu\u00e7\u00e3o\/Site Evergrande\"},{\"@type\":\"BreadcrumbList\",\"@id\":\"https:\/\/www.suno.com.br\/noticias\/evergrande-desiste-plano-estruturacao-china-jvj\/#breadcrumb\",\"itemListElement\":[{\"@type\":\"ListItem\",\"position\":1,\"name\":\"Not\u00edcias\",\"item\":\"https:\/\/www.suno.com.br\/noticias\/\"},{\"@type\":\"ListItem\",\"position\":2,\"name\":\"Neg\u00f3cios\",\"item\":\"https:\/\/www.suno.com.br\/noticias\/negocios\/\"},{\"@type\":\"ListItem\",\"position\":3,\"name\":\"Novo cap\u00edtulo da crise? Evergrande desiste de plano de estrutura\u00e7\u00e3o de US$ 35 bilh\u00f5es; E agora?\"}]},{\"@type\":\"WebSite\",\"@id\":\"https:\/\/www.suno.com.br\/noticias\/#website\",\"url\":\"https:\/\/www.suno.com.br\/noticias\/\",\"name\":\"Suno Not\u00edcias\",\"description\":\"Seu portal de informa\u00e7\u00e3o sobre o mundo dos investimentos\",\"publisher\":{\"@id\":\"https:\/\/www.suno.com.br\/noticias\/#organization\"},\"potentialAction\":[{\"@type\":\"SearchAction\",\"target\":{\"@type\":\"EntryPoint\",\"urlTemplate\":\"https:\/\/www.suno.com.br\/noticias\/?s={search_term_string}\"},\"query-input\":{\"@type\":\"PropertyValueSpecification\",\"valueRequired\":true,\"valueName\":\"search_term_string\"}}],\"inLanguage\":\"pt-BR\"},{\"@type\":\"Organization\",\"@id\":\"https:\/\/www.suno.com.br\/noticias\/#organization\",\"name\":\"Suno Not\u00edcias\",\"url\":\"https:\/\/www.suno.com.br\/noticias\/\",\"logo\":{\"@type\":\"ImageObject\",\"inLanguage\":\"pt-BR\",\"@id\":\"https:\/\/www.suno.com.br\/noticias\/#\/schema\/logo\/image\/\",\"url\":\"https:\/\/files.sunoresearch.com.br\/n\/uploads\/2021\/09\/suno-logo.png\",\"contentUrl\":\"https:\/\/files.sunoresearch.com.br\/n\/uploads\/2021\/09\/suno-logo.png\",\"width\":180,\"height\":180,\"caption\":\"Suno Not\u00edcias\"},\"image\":{\"@id\":\"https:\/\/www.suno.com.br\/noticias\/#\/schema\/logo\/image\/\"},\"sameAs\":[\"https:\/\/facebook.com\/sunoresearch\",\"https:\/\/x.com\/sunoresearch\",\"https:\/\/www.instagram.com\/suno\",\"https:\/\/www.linkedin.com\/company\/suno-research\/\",\"https:\/\/www.youtube.com\/c\/sunoresearch\"]},{\"@type\":\"Person\",\"@id\":\"https:\/\/www.suno.com.br\/noticias\/#\/schema\/person\/87fc6973867c52dd884811905c43afba\",\"name\":\"Jo\u00e3o Vitor\",\"image\":{\"@type\":\"ImageObject\",\"inLanguage\":\"pt-BR\",\"@id\":\"https:\/\/www.suno.com.br\/noticias\/#\/schema\/person\/image\/\",\"url\":\"https:\/\/secure.gravatar.com\/avatar\/2843227ca03ccf8cc7ccca45204c127e?s=96&r=g\",\"contentUrl\":\"https:\/\/secure.gravatar.com\/avatar\/2843227ca03ccf8cc7ccca45204c127e?s=96&r=g\",\"caption\":\"Jo\u00e3o Vitor\"},\"description\":\"Redator profissional, com atua\u00e7\u00e3o no mercado editorial na produ\u00e7\u00e3o de not\u00edcias e conte\u00fados sobre o mercado de a\u00e7\u00f5es, fundos imobili\u00e1rios e economia popular. Graduando em Engenharia Qu\u00edmica pela Unesp, tamb\u00e9m j\u00e1 atuou como consultor financeiro.\",\"url\":\"https:\/\/www.suno.com.br\/noticias\/author\/joao-vitor-jacintho\/\"}]}<\/script>\n<!-- \/ Yoast SEO plugin. -->","yoast_head_json":{"title":"Evergrande desiste de plano de estrutura\u00e7\u00e3o de US$ 35 bilh\u00f5es; E agora?","description":"A Evergrande desistiu do seu plano de estrutura\u00e7\u00e3o de US$ 35 bilh\u00f5es. E agora? Quais s\u00e3o os pr\u00f3ximos passos da Evergrande?","robots":{"index":"index","follow":"follow","max-snippet":"max-snippet:-1","max-image-preview":"max-image-preview:large","max-video-preview":"max-video-preview:-1"},"canonical":"https:\/\/www.suno.com.br\/noticias\/evergrande-desiste-plano-estruturacao-china-jvj\/","og_locale":"pt_BR","og_type":"article","og_title":"Evergrande desiste de plano de estrutura\u00e7\u00e3o de US$ 35 bilh\u00f5es; E agora?","og_description":"A Evergrande desistiu do seu plano de estrutura\u00e7\u00e3o de US$ 35 bilh\u00f5es. E agora? Quais s\u00e3o os pr\u00f3ximos passos da Evergrande?","og_url":"https:\/\/www.suno.com.br\/noticias\/evergrande-desiste-plano-estruturacao-china-jvj\/","og_site_name":"Suno Not\u00edcias","article_publisher":"https:\/\/facebook.com\/sunoresearch","og_image":[{"width":1280,"height":853,"url":"https:\/\/files.sunoresearch.com.br\/n\/uploads\/2021\/09\/Residential_buildings_developed_by_Evergrande_in_Yuanyang.jpg","type":"image\/jpeg"}],"author":"Jo\u00e3o Vitor","twitter_card":"summary_large_image","twitter_creator":"@sunoresearch","twitter_site":"@sunoresearch","twitter_misc":{"Escrito por":"Jo\u00e3o Vitor","Est. tempo de leitura":"3 minutos"},"schema":{"@context":"https:\/\/schema.org","@graph":[{"@type":"NewsArticle","@id":"https:\/\/www.suno.com.br\/noticias\/evergrande-desiste-plano-estruturacao-china-jvj\/#article","isPartOf":{"@id":"https:\/\/www.suno.com.br\/noticias\/evergrande-desiste-plano-estruturacao-china-jvj\/"},"author":{"name":"Jo\u00e3o Vitor","@id":"https:\/\/www.suno.com.br\/noticias\/#\/schema\/person\/87fc6973867c52dd884811905c43afba"},"headline":"Novo cap\u00edtulo da crise? Evergrande desiste de plano de estrutura\u00e7\u00e3o de US$ 35 bilh\u00f5es; E agora?","datePublished":"2023-09-23T18:22:43+00:00","dateModified":"2023-09-28T13:06:35+00:00","mainEntityOfPage":{"@id":"https:\/\/www.suno.com.br\/noticias\/evergrande-desiste-plano-estruturacao-china-jvj\/"},"wordCount":488,"publisher":{"@id":"https:\/\/www.suno.com.br\/noticias\/#organization"},"image":{"@id":"https:\/\/www.suno.com.br\/noticias\/evergrande-desiste-plano-estruturacao-china-jvj\/#primaryimage"},"thumbnailUrl":"https:\/\/files.sunoresearch.com.br\/n\/uploads\/2021\/09\/Residential_buildings_developed_by_Evergrande_in_Yuanyang.jpg","keywords":["evergrande"],"articleSection":["Neg\u00f3cios"],"inLanguage":"pt-BR"},{"@type":"WebPage","@id":"https:\/\/www.suno.com.br\/noticias\/evergrande-desiste-plano-estruturacao-china-jvj\/","url":"https:\/\/www.suno.com.br\/noticias\/evergrande-desiste-plano-estruturacao-china-jvj\/","name":"Evergrande desiste de plano de estrutura\u00e7\u00e3o de US$ 35 bilh\u00f5es; E agora?","isPartOf":{"@id":"https:\/\/www.suno.com.br\/noticias\/#website"},"primaryImageOfPage":{"@id":"https:\/\/www.suno.com.br\/noticias\/evergrande-desiste-plano-estruturacao-china-jvj\/#primaryimage"},"image":{"@id":"https:\/\/www.suno.com.br\/noticias\/evergrande-desiste-plano-estruturacao-china-jvj\/#primaryimage"},"thumbnailUrl":"https:\/\/files.sunoresearch.com.br\/n\/uploads\/2021\/09\/Residential_buildings_developed_by_Evergrande_in_Yuanyang.jpg","datePublished":"2023-09-23T18:22:43+00:00","dateModified":"2023-09-28T13:06:35+00:00","description":"A Evergrande desistiu do seu plano de estrutura\u00e7\u00e3o de US$ 35 bilh\u00f5es. E agora? Quais s\u00e3o os pr\u00f3ximos passos da Evergrande?","breadcrumb":{"@id":"https:\/\/www.suno.com.br\/noticias\/evergrande-desiste-plano-estruturacao-china-jvj\/#breadcrumb"},"inLanguage":"pt-BR","potentialAction":[{"@type":"ReadAction","target":["https:\/\/www.suno.com.br\/noticias\/evergrande-desiste-plano-estruturacao-china-jvj\/"]}]},{"@type":"ImageObject","inLanguage":"pt-BR","@id":"https:\/\/www.suno.com.br\/noticias\/evergrande-desiste-plano-estruturacao-china-jvj\/#primaryimage","url":"https:\/\/files.sunoresearch.com.br\/n\/uploads\/2021\/09\/Residential_buildings_developed_by_Evergrande_in_Yuanyang.jpg","contentUrl":"https:\/\/files.sunoresearch.com.br\/n\/uploads\/2021\/09\/Residential_buildings_developed_by_Evergrande_in_Yuanyang.jpg","width":1280,"height":853,"caption":"Evergrande. Foto: Reprodu\u00e7\u00e3o\/Site Evergrande"},{"@type":"BreadcrumbList","@id":"https:\/\/www.suno.com.br\/noticias\/evergrande-desiste-plano-estruturacao-china-jvj\/#breadcrumb","itemListElement":[{"@type":"ListItem","position":1,"name":"Not\u00edcias","item":"https:\/\/www.suno.com.br\/noticias\/"},{"@type":"ListItem","position":2,"name":"Neg\u00f3cios","item":"https:\/\/www.suno.com.br\/noticias\/negocios\/"},{"@type":"ListItem","position":3,"name":"Novo cap\u00edtulo da crise? Evergrande desiste de plano de estrutura\u00e7\u00e3o de US$ 35 bilh\u00f5es; E agora?"}]},{"@type":"WebSite","@id":"https:\/\/www.suno.com.br\/noticias\/#website","url":"https:\/\/www.suno.com.br\/noticias\/","name":"Suno Not\u00edcias","description":"Seu portal de informa\u00e7\u00e3o sobre o mundo dos investimentos","publisher":{"@id":"https:\/\/www.suno.com.br\/noticias\/#organization"},"potentialAction":[{"@type":"SearchAction","target":{"@type":"EntryPoint","urlTemplate":"https:\/\/www.suno.com.br\/noticias\/?s={search_term_string}"},"query-input":{"@type":"PropertyValueSpecification","valueRequired":true,"valueName":"search_term_string"}}],"inLanguage":"pt-BR"},{"@type":"Organization","@id":"https:\/\/www.suno.com.br\/noticias\/#organization","name":"Suno Not\u00edcias","url":"https:\/\/www.suno.com.br\/noticias\/","logo":{"@type":"ImageObject","inLanguage":"pt-BR","@id":"https:\/\/www.suno.com.br\/noticias\/#\/schema\/logo\/image\/","url":"https:\/\/files.sunoresearch.com.br\/n\/uploads\/2021\/09\/suno-logo.png","contentUrl":"https:\/\/files.sunoresearch.com.br\/n\/uploads\/2021\/09\/suno-logo.png","width":180,"height":180,"caption":"Suno Not\u00edcias"},"image":{"@id":"https:\/\/www.suno.com.br\/noticias\/#\/schema\/logo\/image\/"},"sameAs":["https:\/\/facebook.com\/sunoresearch","https:\/\/x.com\/sunoresearch","https:\/\/www.instagram.com\/suno","https:\/\/www.linkedin.com\/company\/suno-research\/","https:\/\/www.youtube.com\/c\/sunoresearch"]},{"@type":"Person","@id":"https:\/\/www.suno.com.br\/noticias\/#\/schema\/person\/87fc6973867c52dd884811905c43afba","name":"Jo\u00e3o Vitor","image":{"@type":"ImageObject","inLanguage":"pt-BR","@id":"https:\/\/www.suno.com.br\/noticias\/#\/schema\/person\/image\/","url":"https:\/\/secure.gravatar.com\/avatar\/2843227ca03ccf8cc7ccca45204c127e?s=96&r=g","contentUrl":"https:\/\/secure.gravatar.com\/avatar\/2843227ca03ccf8cc7ccca45204c127e?s=96&r=g","caption":"Jo\u00e3o Vitor"},"description":"Redator profissional, com atua\u00e7\u00e3o no mercado editorial na produ\u00e7\u00e3o de not\u00edcias e conte\u00fados sobre o mercado de a\u00e7\u00f5es, fundos imobili\u00e1rios e economia popular. Graduando em Engenharia Qu\u00edmica pela Unesp, tamb\u00e9m j\u00e1 atuou como consultor financeiro.","url":"https:\/\/www.suno.com.br\/noticias\/author\/joao-vitor-jacintho\/"}]}},"default_loop_html":"<div class=\"cardsPage__listCard__boxs\"><div class=\"cardsPage__listCard__boxs__img\"><a href=\"https:\/\/www.suno.com.br\/noticias\/evergrande-desiste-plano-estruturacao-china-jvj\/\"><img class=\"mask\" src=\"https:\/\/www.suno.com.br\/noticias\/wp-content\/themes\/suno\/resources\/images\/spotlight\/spotlight1img\/bg-mask.png\" alt=\"Image Mask\"\/><img src=\"https:\/\/files.sunoresearch.com.br\/n\/uploads\/2021\/09\/Residential_buildings_developed_by_Evergrande_in_Yuanyang-400x200.jpg\" alt=\"Novo cap\u00edtulo da crise? Evergrande desiste de plano de estrutura\u00e7\u00e3o de US$ 35 bilh\u00f5es; E agora?\"\/><\/a><span class=\"spotlightCategory\"><a href=\"https:\/\/www.suno.com.br\/noticias\/negocios\/\">Neg\u00f3cios<\/a><\/span><\/div><div class=\"cardsPage__listCard__boxs__content\"><a href=\"https:\/\/www.suno.com.br\/noticias\/evergrande-desiste-plano-estruturacao-china-jvj\/\"><h2 class=\"content__title\">Novo cap\u00edtulo da crise? Evergrande desiste de plano de estrutura\u00e7\u00e3o de US$ 35 bilh\u00f5es; E agora?<\/h2><\/a><div class=\"newsContent__article__meta\"><div class=\"newsContent__article__meta__authorBox\"><a href=\"https:\/\/www.suno.com.br\/noticias\/author\/joao-vitor-jacintho\/\" class=\"authorBox__avatar noMobi\"><img src=\"https:\/\/secure.gravatar.com\/avatar\/2843227ca03ccf8cc7ccca45204c127e?s=96&#038;r=g\" alt=\"Jo\u00e3o Vitor Jacintho\"><\/a><div class=\"authorBox__name\"><span>por\n\t\t\t<a href=\"https:\/\/www.suno.com.br\/noticias\/author\/joao-vitor-jacintho\/\"><span itemprop=\"author\">Jo\u00e3o Vitor Jacintho<\/span><\/a><\/span><time datetime=\"2023-09-23T15:22:43-03:00\" itemprop=\"datePublished\">23\/09\/2023 15:22<\/time><\/div><\/div><\/div><\/div><\/div>","single_layout":"posts","amp_enabled":true,"_links":{"self":[{"href":"https:\/\/www.suno.com.br\/noticias\/wp-json\/wp\/v2\/posts\/460956"}],"collection":[{"href":"https:\/\/www.suno.com.br\/noticias\/wp-json\/wp\/v2\/posts"}],"about":[{"href":"https:\/\/www.suno.com.br\/noticias\/wp-json\/wp\/v2\/types\/post"}],"author":[{"embeddable":true,"href":"https:\/\/www.suno.com.br\/noticias\/wp-json\/wp\/v2\/users\/173"}],"replies":[{"embeddable":true,"href":"https:\/\/www.suno.com.br\/noticias\/wp-json\/wp\/v2\/comments?post=460956"}],"version-history":[{"count":3,"href":"https:\/\/www.suno.com.br\/noticias\/wp-json\/wp\/v2\/posts\/460956\/revisions"}],"predecessor-version":[{"id":463187,"href":"https:\/\/www.suno.com.br\/noticias\/wp-json\/wp\/v2\/posts\/460956\/revisions\/463187"}],"wp:featuredmedia":[{"embeddable":true,"href":"https:\/\/www.suno.com.br\/noticias\/wp-json\/wp\/v2\/media\/185516"}],"wp:attachment":[{"href":"https:\/\/www.suno.com.br\/noticias\/wp-json\/wp\/v2\/media?parent=460956"}],"wp:term":[{"taxonomy":"category","embeddable":true,"href":"https:\/\/www.suno.com.br\/noticias\/wp-json\/wp\/v2\/categories?post=460956"},{"taxonomy":"post_tag","embeddable":true,"href":"https:\/\/www.suno.com.br\/noticias\/wp-json\/wp\/v2\/tags?post=460956"},{"taxonomy":"suno_strategy","embeddable":true,"href":"https:\/\/www.suno.com.br\/noticias\/wp-json\/wp\/v2\/suno_strategy?post=460956"}],"curies":[{"name":"wp","href":"https:\/\/api.w.org\/{rel}","templated":true}]}}