{"id":460931,"date":"2023-09-23T11:19:16","date_gmt":"2023-09-23T14:19:16","guid":{"rendered":"https:\/\/www.suno.com.br\/noticias\/?p=460931"},"modified":"2023-09-23T12:06:36","modified_gmt":"2023-09-23T15:06:36","slug":"uber-grupo-casas-bahia-via-viia3-mais-lidas-jvj","status":"publish","type":"post","link":"https:\/\/www.suno.com.br\/noticias\/uber-grupo-casas-bahia-via-viia3-mais-lidas-jvj\/","title":{"rendered":"O que muda para o motorista da Uber ap\u00f3s a decis\u00e3o da Justi\u00e7a e Grupo Casas Bahia, ex-Via (VIIA3), \u00e9 rebaixado; Veja as mais lidas da semana"},"content":{"rendered":"<p>A not\u00edcia mais lida da semana do Suno Not\u00edcias foi sobre a<strong> Uber<\/strong> (<a class=\"suno-keyword\" data-force=\"yes\" data-priority=\"2\" href=\"https:\/\/www.suno.com.br\/bdrs\/u1be34\/\" target=\"_blank\" rel=\"noopener\">U1BE34<\/a>). Afinal, o que vai mudar para o motorista depois da decis\u00e3o da Justi\u00e7a de que todos devem ter carteira assinada?<\/p>\t<div class=\"wrapper-featured-image\">\n\t\t<figure class=\"spotlightImg\">\n\n\t\t\t<picture>\n\t\t\t\t<source media=\"(max-width: 768px)\" srcset=\"https:\/\/files.sunoresearch.com.br\/n\/uploads\/2021\/06\/25b1c7b2-uber-400x200.webp\">\n\t\t\t\t<img loading=\"lazy\" decoding=\"async\" class=\"newsContent__article__imgCapa lazyloadDisabled \" src=\"https:\/\/files.sunoresearch.com.br\/n\/uploads\/2021\/06\/25b1c7b2-uber-800x450.webp\" width=\"800\" height=\"450\" alt=\"O que muda para o motorista da Uber ap\u00f3s a decis\u00e3o da Justi\u00e7a e Grupo Casas Bahia, ex-Via (VIIA3), \u00e9 rebaixado; Veja as mais lidas da semana\" fetchpriority=high \/>\n\t\t\t<\/picture>\n\n\t\t\t<figcaption class=\"wp-caption-text wp-caption-text--show\">Uber<\/figcaption>\n\t\t<\/figure>\n\t<\/div>\n\n\n\n\n\n\t<p>\n\t\t<a href=\"https:\/\/lp2.suno.com.br\/cl\/black-friday-2025\/?utm_campaign=_SNCDF0E4858_\" target=\"_blank\" data-element=\"shortcode-suno-banner\" title=\"Banner SUNO, clique e saiba mais\">\n\t\t\t<picture>\n\t\t\t\t<source media=\"(max-width: 500px)\" srcset=\"https:\/\/files.sunoresearch.com.br\/n\/uploads\/2025\/10\/Artigos-e-Noticias-Banner-Home-artigos-01-Mobile_-400x300-1-png.webp\">\n\t\t\t\t<img class=\"newsContent__article__imgCapa newsContent__article__imgCapa--banner\"\n\t\t\t\t\tsrc=\"https:\/\/files.sunoresearch.com.br\/n\/uploads\/2025\/10\/Artigos-e-Noticias-Banner-Home-artigos-01-Desktop_-1420x240-1-png.webp\"\n\t\t\t\t\tdata-promo-id=\"311259\"\t\t\t\t\t\t\t\t\t\twidth='1420' height='240'\t\t\t\t\talt=\"https:\/\/files.sunoresearch.com.br\/n\/uploads\/2025\/10\/Artigos-e-Noticias-Banner-Home-artigos-01-Desktop_-1420x240-1-png.webp\"\n\t\t\t\t>\n\t\t\t<\/picture>\n\t\t<\/a>\n\t<\/p>\n\n\n\n\n\n<p>Outro assunto que se repetiu foi sobre a <strong>Mega-Sena<\/strong> 2635. Um pr\u00eamio de R$ 35 milh\u00f5es estava acumulado para esta quinta-feira (21).<\/p>\n\n\n\n<p>Tamb\u00e9m repercutiu entre os investidores o<strong> Grupo Casas Bahia<\/strong>, ex-Via (VIIA3), que acabou sendo rebaixado pelos analistas da BB Investimentos.<\/p>\n\n\n\n<p>Al\u00e9m disso, a <strong><a class=\"suno-keyword\" data-force=\"yes\" data-priority=\"2\" href=\"https:\/\/www.suno.com.br\/acoes\/CPLE6\/\" target=\"_blank\" rel=\"noopener\">Copel (CPLE6)<\/a> <\/strong>vai distribuir R$ 958 milh\u00f5es em <a class=\"suno-keyword\" data-force=\"no\" data-priority=\"1\" href=\"https:\/\/www.suno.com.br\/artigos\/entenda-o-jcp\/\" target=\"_blank\" rel=\"noopener\">juros sobre capital pr\u00f3prio<\/a> (JCP). Qual o valor por a\u00e7\u00e3o?<\/p>\n\n\n\n<p>Por fim, o fundo imobili\u00e1rio <a class=\"suno-keyword\" data-force=\"yes\" data-priority=\"2\" href=\"https:\/\/www.suno.com.br\/fundos-imobiliarios\/xpml11\/\" target=\"_blank\" rel=\"noopener\"><strong>XPML11<\/strong><\/a> anunciou um dos maiores <a class=\"suno-keyword\" data-force=\"no\" data-priority=\"1\" href=\"https:\/\/www.suno.com.br\/guias\/dividendos\/\" target=\"_blank\" rel=\"noopener\">dividendos<\/a> da sua hist\u00f3ria. Qual foi o valor por cota?<\/p>\n\n\n\n<p>Confira abaixo um resumo com as principais not\u00edcias desta semana. Para acessar as mat\u00e9rias completas, \u00e9 s\u00f3 acessar os links. Bom final de semana!<\/p>\n\n\n\n<h2 class=\"wp-block-heading\">1.&nbsp;&nbsp; Uber (U1BE34): o que muda para o motorista ap\u00f3s a decis\u00e3o da Justi\u00e7a?<\/h2>\n\n\n\n<p>A Justi\u00e7a decretou que a Uber dever\u00e1 registrar todos os seus motoristas ativos na forma de carteira assinada, inclusive os que trabalharem na plataforma a partir de agora. Mas segundo especialistas, essa decis\u00e3o deve ser revertida e n\u00e3o vai trazer muitas mudan\u00e7as para a categoria.<\/p>\n\n\n\n<p>\u201cA jurisprud\u00eancia \u00e9 amplamente favor\u00e1vel para a Uber, no sentido de que n\u00e3o existe v\u00ednculo de emprego entre o motorista e a empresa. Inclusive, at\u00e9 o Supremo Tribunal Federal (STF) j\u00e1 se posicionou nesse sentido. Acredito que a <strong>empresa Uber<\/strong> tem um \u00f3timo direito e que a decis\u00e3o ser\u00e1 reformada\u201d, afirmou o advogado Alexandre Trindade, s\u00f3cio do escrit\u00f3rio Alexandre Trindade Advogados Associados.<\/p>\n\n\n\t<div data-element=\"shortcode-read-more\" class=\"knowMore\">\n\t\t\t\t<span class=\"knowMore__title\">Leia mais<\/span>\n\t\t\t\t<a class=\"knowMore__link\" href=\"https:\/\/www.suno.com.br\/noticias\/uber-o-que-muda-para-motorista-decisao-justica-gpj\/\">\n\t\t\tUber (U1BE34): o que muda para o motorista ap\u00f3s a decis\u00e3o da Justi\u00e7a?\t\t<\/a>\n\t<\/div>\n\n\n\n\n<h2 class=\"wp-block-heading\"><a><\/a>2.&nbsp;&nbsp; Mega-Sena 2635: R$ 35 milh\u00f5es no pr\u00eamio acumulado de hoje; \u00faltimas horas para apostar<\/h2>\n\n\n\n<p>O <strong>sorteio da Mega-Sena<\/strong> 2635 da \u00faltima quinta-feira (21) teve um pr\u00eamio acumulado em R$ 35 milh\u00f5es. O evento da Caixa Econ\u00f4mica se iniciou a partir das 20h, e as apostas poderiam ser feitas de forma online ou nas ag\u00eancias f\u00edsicas da Caixa at\u00e9 as 19h.<\/p>\n\n\n\n<p>No concurso anterior, a Mega-Sena 2634, realizado na \u00faltima ter\u00e7a-feira (19), 34 apostas tiveram cinco acertos e cada uma delas teve um ganho de aproximadamente R$ 57 mil. Os n\u00fameros sorteados foram: 08 \u2013 27 \u2013 28 \u2013 32 \u2013 48 \u2013 56.<\/p>\n\n\n\t<div data-element=\"shortcode-read-more\" class=\"knowMore\">\n\t\t\t\t<span class=\"knowMore__title\">Leia mais<\/span>\n\t\t\t\t<a class=\"knowMore__link\" href=\"https:\/\/www.suno.com.br\/noticias\/mega-sena-2635-sorteio-ultimas-horas-cpf\/\">\n\t\t\tMega-Sena 2635: R$ 35 milh\u00f5es no pr\u00eamio acumulado de hoje; \u00faltimas horas para apostar\t\t<\/a>\n\t<\/div>\n\n\n\n\n<h2 class=\"wp-block-heading\"><a><\/a>3.&nbsp;&nbsp; Grupo Casas Bahia, ex-Via (VIIA3), \u00e9 rebaixado: \u00faltimas decis\u00f5es \u2018azedaram\u2019 tese sobre a companhia, dizem analistas<\/h2>\n\n\n\n<p>Apesar de haver certo otimismo depois do an\u00fancio do Plano de Transforma\u00e7\u00e3o do Grupo Casas Bahia, novo nome da Via (VIIA3), os analistas do BB Investimentos rebaixaram a recomenda\u00e7\u00e3o das a\u00e7\u00f5es da empresa.<\/p>\n\n\n\n<p>O pre\u00e7o-alvo das<strong> a\u00e7\u00f5es da Via<\/strong> passaram de R$ 2,30 para R$ 1,40, e a recomenda\u00e7\u00e3o dos pap\u00e9is passou para neutra. \u201cEntendemos que, no \u00faltimo m\u00eas, as a\u00e7\u00f5es do Grupo Casas Bahia passaram por momentos bastante desafiadores\u201d, afirmou o BB Investimentos.<\/p>\n\n\n\t<div data-element=\"shortcode-read-more\" class=\"knowMore\">\n\t\t\t\t<span class=\"knowMore__title\">Leia mais<\/span>\n\t\t\t\t<a class=\"knowMore__link\" href=\"https:\/\/www.suno.com.br\/noticias\/via-viia3-ultimas-decisoes-tese-casas-bahia-evm\/\">\n\t\t\tGrupo Casas Bahia, ex-Via (VIIA3), \u00e9 rebaixado: \u00faltimas decis\u00f5es &#039;azedaram&#039; tese sobre a companhia, dizem analistas\t\t<\/a>\n\t<\/div>\n\n\n\n\n<h2 class=\"wp-block-heading\">4.&nbsp;&nbsp; Copel (CPLE6) vai pagar R$ 958 milh\u00f5es em JCP; veja quando e o valor por a\u00e7\u00e3o<\/h2>\n\n\n\n<p>O <a class=\"suno-keyword\" target=\"_blank\" data-force=\"no\" data-priority=\"1\" href=\"https:\/\/www.suno.com.br\/artigos\/conselho-administracao\/\" rel=\"noopener\">conselho de administra\u00e7\u00e3o<\/a> da <a class=\"suno-keyword\" target=\"_blank\" data-force=\"yes\" data-priority=\"2\" href=\"https:\/\/www.suno.com.br\/acoes\/CPLE6\/\" rel=\"noopener\">Copel (CPLE6)<\/a> aprovou a distribui\u00e7\u00e3o de R$ 958 milh\u00f5es em <a class=\"suno-keyword\" target=\"_blank\" data-force=\"no\" data-priority=\"1\" href=\"https:\/\/www.suno.com.br\/artigos\/entenda-o-jcp\/\" rel=\"noopener\">juros sobre capital pr\u00f3prio<\/a> (JCP), dos quais R$ 913,84 milh\u00f5es se baseiam no resultado do primeiro semestre de 2023 (1S23), e R$ 44,16 milh\u00f5es v\u00eam do saldo de reserva de reten\u00e7\u00e3o de lucros registrados em exerc\u00edcios anteriores ainda n\u00e3o capitalizados.<\/p>\n\n\n\n<p>Os novos <strong>JCP da Copel<\/strong> ser\u00e3o pagos em duas parcelas, sendo uma delas em 30 de novembro de 2023, no valor de R$ 456,92 milh\u00f5es, e a outra at\u00e9 o final de junho de 2024, com o montante de R$ 501,08 milh\u00f5es.<\/p>\n\n\n\t<div data-element=\"shortcode-read-more\" class=\"knowMore\">\n\t\t\t\t<span class=\"knowMore__title\">Leia mais<\/span>\n\t\t\t\t<a class=\"knowMore__link\" href=\"https:\/\/www.suno.com.br\/noticias\/copel-cple6-juros-sobre-capital-proprio-jcp-jvj\/\">\n\t\t\tCopel (CPLE6) vai pagar R$ 958 milh\u00f5es em JCP; veja quando e o valor por a\u00e7\u00e3o\t\t<\/a>\n\t<\/div>\n\n\n\n\n<h2 class=\"wp-block-heading\">5.&nbsp;&nbsp; XPML11 divulga um dos maiores dividendos da sua hist\u00f3ria; veja o valor<\/h2>\n\n\n\n<p>O fundo imobili\u00e1rio XPML11 divulgou novos dividendos para setembro, no valor de R$ 0,85 por cota, o 3\u00ba maior de sua hist\u00f3ria, al\u00e9m de registrar o 3\u00ba aumento mensal seguido. Em agosto, o FII distribuiu R$ 0,84 por cota. O pagamento ser\u00e1 feito em 25 de setembro de 2023.<\/p>\n\n\n\n<p>Os <strong>dividendos do XPML11 <\/strong>ser\u00e3o distribu\u00eddos aos investidores comprados no FII at\u00e9 o final da data de corte, que foi em 18 de setembro. Os novos proventos s\u00f3 perdem para os rendimentos pagos em janeiro de 2019, de R$ 0,884 por cota, e em janeiro de 2023, que foi de R$ 0,90 por cota.<\/p>\n\n\n\t<div data-element=\"shortcode-read-more\" class=\"knowMore\">\n\t\t\t\t<span class=\"knowMore__title\">Leia mais<\/span>\n\t\t\t\t<a class=\"knowMore__link\" href=\"https:\/\/www.suno.com.br\/noticias\/fundo-imobiliario-xpml11-dividendos-setembro-2023-jvj\/\">\n\t\t\tXPML11 divulga um dos maiores dividendos da sua hist\u00f3ria; veja o valor\t\t<\/a>\n\t<\/div>\n\n\n\n\n<p>Assim, da <strong>Uber<\/strong> at\u00e9 o XPML11, essas foram as not\u00edcias mais lidas da semana do Suno Not\u00edcias.<\/p>\n\n\n\t<p>\n\t\t<a href=\"https:\/\/lp.suno.com.br\/ebook-como-analisar-uma-acao\/\" target=\"_blank\" data-element=\"shortcode-suno-banner\" title=\"Banner SUNO, clique e saiba mais\">\n\t\t\t<picture>\n\t\t\t\t<source media=\"(max-width: 500px)\" srcset=\"https:\/\/files.sunoresearch.com.br\/n\/uploads\/2023\/12\/Ebook-Acoes-Mobile.jpg\">\n\t\t\t\t<img class=\"newsContent__article__imgCapa newsContent__article__imgCapa--banner\"\n\t\t\t\t\tsrc=\"https:\/\/files.sunoresearch.com.br\/n\/uploads\/2023\/12\/Ebook-Acoes-Desktop.webp\"\n\t\t\t\t\tdata-promo-id=\"311260\"\t\t\t\t\t\t\t\t\t\twidth='1420' height='286'\t\t\t\t\talt=\"https:\/\/files.sunoresearch.com.br\/n\/uploads\/2023\/12\/Ebook-Acoes-Desktop.webp\"\n\t\t\t\t>\n\t\t\t<\/picture>\n\t\t<\/a>\n\t<\/p>\n\n\n","protected":false},"excerpt":{"rendered":"<p>A not\u00edcia mais lida da semana do Suno Not\u00edcias foi sobre a Uber (U1BE34). Afinal, o que vai mudar para o motorista depois da decis\u00e3o da Justi\u00e7a de que todos devem ter carteira assinada? Uber Outro assunto que se repetiu foi sobre a Mega-Sena 2635. Um pr\u00eamio de R$ 35 milh\u00f5es estava acumulado para esta [&hellip;]<\/p>\n","protected":false},"author":173,"featured_media":153504,"comment_status":"closed","ping_status":"closed","sticky":false,"template":"","format":"standard","meta":[],"categories":[64],"tags":[2046,431,107092,954,106935,2597],"suno_strategy":[],"class_list":["post-460931","post","type-post","status-publish","format-standard","has-post-thumbnail","hentry","category-negocios","tag-casas-bahia","tag-copel-cple3-cple5-cple6","tag-mega-sena","tag-uber-u1be34","tag-via-viia3","tag-xpml11"],"yoast_head":"<!-- This site is optimized with the Yoast SEO plugin v24.4 - https:\/\/yoast.com\/wordpress\/plugins\/seo\/ -->\n<title>O que muda para o motorista da Uber ap\u00f3s a decis\u00e3o da Justi\u00e7a; Veja as mais lidas<\/title>\n<meta name=\"description\" content=\"O que muda para motorista da Uber ap\u00f3s a decis\u00e3o da Justi\u00e7a? Grupo Casas Bahia, ex-Via (VIIA3), foi rebaixado? Veja as mais lidas da semana.\" \/>\n<meta name=\"robots\" content=\"index, follow, max-snippet:-1, max-image-preview:large, max-video-preview:-1\" \/>\n<link rel=\"canonical\" href=\"https:\/\/www.suno.com.br\/noticias\/uber-grupo-casas-bahia-via-viia3-mais-lidas-jvj\/\" \/>\n<meta property=\"og:locale\" content=\"pt_BR\" \/>\n<meta property=\"og:type\" content=\"article\" \/>\n<meta property=\"og:title\" content=\"O que muda para o motorista da Uber ap\u00f3s a decis\u00e3o da Justi\u00e7a; Veja as mais lidas\" \/>\n<meta property=\"og:description\" content=\"O que muda para motorista da Uber ap\u00f3s a decis\u00e3o da Justi\u00e7a? Grupo Casas Bahia, ex-Via (VIIA3), foi rebaixado? Veja as mais lidas da semana.\" \/>\n<meta property=\"og:url\" content=\"https:\/\/www.suno.com.br\/noticias\/uber-grupo-casas-bahia-via-viia3-mais-lidas-jvj\/\" \/>\n<meta property=\"og:site_name\" content=\"Suno Not\u00edcias\" \/>\n<meta property=\"article:publisher\" content=\"https:\/\/facebook.com\/sunoresearch\" \/>\n<meta property=\"og:image\" content=\"https:\/\/files.sunoresearch.com.br\/n\/uploads\/2021\/06\/25b1c7b2-uber.jpg\" \/>\n\t<meta property=\"og:image:width\" content=\"1200\" \/>\n\t<meta property=\"og:image:height\" content=\"800\" \/>\n\t<meta property=\"og:image:type\" content=\"image\/jpeg\" \/>\n<meta name=\"author\" content=\"Jo\u00e3o Vitor\" \/>\n<meta name=\"twitter:card\" content=\"summary_large_image\" \/>\n<meta name=\"twitter:creator\" content=\"@sunoresearch\" \/>\n<meta name=\"twitter:site\" content=\"@sunoresearch\" \/>\n<meta name=\"twitter:label1\" content=\"Escrito por\" \/>\n\t<meta name=\"twitter:data1\" content=\"Jo\u00e3o Vitor\" \/>\n\t<meta name=\"twitter:label2\" content=\"Est. tempo de leitura\" \/>\n\t<meta name=\"twitter:data2\" content=\"4 minutos\" \/>\n<script type=\"application\/ld+json\" class=\"yoast-schema-graph\">{\"@context\":\"https:\/\/schema.org\",\"@graph\":[{\"@type\":\"NewsArticle\",\"@id\":\"https:\/\/www.suno.com.br\/noticias\/uber-grupo-casas-bahia-via-viia3-mais-lidas-jvj\/#article\",\"isPartOf\":{\"@id\":\"https:\/\/www.suno.com.br\/noticias\/uber-grupo-casas-bahia-via-viia3-mais-lidas-jvj\/\"},\"author\":{\"name\":\"Jo\u00e3o Vitor\",\"@id\":\"https:\/\/www.suno.com.br\/noticias\/#\/schema\/person\/87fc6973867c52dd884811905c43afba\"},\"headline\":\"O que muda para o motorista da Uber ap\u00f3s a decis\u00e3o da Justi\u00e7a e Grupo Casas Bahia, ex-Via (VIIA3), \u00e9 rebaixado; Veja as mais lidas da semana\",\"datePublished\":\"2023-09-23T14:19:16+00:00\",\"dateModified\":\"2023-09-23T15:06:36+00:00\",\"mainEntityOfPage\":{\"@id\":\"https:\/\/www.suno.com.br\/noticias\/uber-grupo-casas-bahia-via-viia3-mais-lidas-jvj\/\"},\"wordCount\":768,\"publisher\":{\"@id\":\"https:\/\/www.suno.com.br\/noticias\/#organization\"},\"image\":{\"@id\":\"https:\/\/www.suno.com.br\/noticias\/uber-grupo-casas-bahia-via-viia3-mais-lidas-jvj\/#primaryimage\"},\"thumbnailUrl\":\"https:\/\/files.sunoresearch.com.br\/n\/uploads\/2021\/06\/25b1c7b2-uber-jpg.webp\",\"keywords\":[\"Casas Bahia\",\"Copel (CPLE3\/CPLE5\/CPLE6)\",\"Mega-Sena\",\"Uber (U1BE34)\",\"Via (VIIA3)\",\"XPML11\"],\"articleSection\":[\"Neg\u00f3cios\"],\"inLanguage\":\"pt-BR\"},{\"@type\":\"WebPage\",\"@id\":\"https:\/\/www.suno.com.br\/noticias\/uber-grupo-casas-bahia-via-viia3-mais-lidas-jvj\/\",\"url\":\"https:\/\/www.suno.com.br\/noticias\/uber-grupo-casas-bahia-via-viia3-mais-lidas-jvj\/\",\"name\":\"O que muda para o motorista da Uber ap\u00f3s a decis\u00e3o da Justi\u00e7a; Veja as mais lidas\",\"isPartOf\":{\"@id\":\"https:\/\/www.suno.com.br\/noticias\/#website\"},\"primaryImageOfPage\":{\"@id\":\"https:\/\/www.suno.com.br\/noticias\/uber-grupo-casas-bahia-via-viia3-mais-lidas-jvj\/#primaryimage\"},\"image\":{\"@id\":\"https:\/\/www.suno.com.br\/noticias\/uber-grupo-casas-bahia-via-viia3-mais-lidas-jvj\/#primaryimage\"},\"thumbnailUrl\":\"https:\/\/files.sunoresearch.com.br\/n\/uploads\/2021\/06\/25b1c7b2-uber-jpg.webp\",\"datePublished\":\"2023-09-23T14:19:16+00:00\",\"dateModified\":\"2023-09-23T15:06:36+00:00\",\"description\":\"O que muda para motorista da Uber ap\u00f3s a decis\u00e3o da Justi\u00e7a? Grupo Casas Bahia, ex-Via (VIIA3), foi rebaixado? Veja as mais lidas da semana.\",\"breadcrumb\":{\"@id\":\"https:\/\/www.suno.com.br\/noticias\/uber-grupo-casas-bahia-via-viia3-mais-lidas-jvj\/#breadcrumb\"},\"inLanguage\":\"pt-BR\",\"potentialAction\":[{\"@type\":\"ReadAction\",\"target\":[\"https:\/\/www.suno.com.br\/noticias\/uber-grupo-casas-bahia-via-viia3-mais-lidas-jvj\/\"]}]},{\"@type\":\"ImageObject\",\"inLanguage\":\"pt-BR\",\"@id\":\"https:\/\/www.suno.com.br\/noticias\/uber-grupo-casas-bahia-via-viia3-mais-lidas-jvj\/#primaryimage\",\"url\":\"https:\/\/files.sunoresearch.com.br\/n\/uploads\/2021\/06\/25b1c7b2-uber-jpg.webp\",\"contentUrl\":\"https:\/\/files.sunoresearch.com.br\/n\/uploads\/2021\/06\/25b1c7b2-uber-jpg.webp\",\"width\":1200,\"height\":800,\"caption\":\"Uber\"},{\"@type\":\"BreadcrumbList\",\"@id\":\"https:\/\/www.suno.com.br\/noticias\/uber-grupo-casas-bahia-via-viia3-mais-lidas-jvj\/#breadcrumb\",\"itemListElement\":[{\"@type\":\"ListItem\",\"position\":1,\"name\":\"Not\u00edcias\",\"item\":\"https:\/\/www.suno.com.br\/noticias\/\"},{\"@type\":\"ListItem\",\"position\":2,\"name\":\"Neg\u00f3cios\",\"item\":\"https:\/\/www.suno.com.br\/noticias\/negocios\/\"},{\"@type\":\"ListItem\",\"position\":3,\"name\":\"O que muda para o motorista da Uber ap\u00f3s a decis\u00e3o da Justi\u00e7a e Grupo Casas Bahia, ex-Via (VIIA3), \u00e9 rebaixado; Veja as mais lidas da semana\"}]},{\"@type\":\"WebSite\",\"@id\":\"https:\/\/www.suno.com.br\/noticias\/#website\",\"url\":\"https:\/\/www.suno.com.br\/noticias\/\",\"name\":\"Suno Not\u00edcias\",\"description\":\"Seu portal de informa\u00e7\u00e3o sobre o mundo dos investimentos\",\"publisher\":{\"@id\":\"https:\/\/www.suno.com.br\/noticias\/#organization\"},\"potentialAction\":[{\"@type\":\"SearchAction\",\"target\":{\"@type\":\"EntryPoint\",\"urlTemplate\":\"https:\/\/www.suno.com.br\/noticias\/?s={search_term_string}\"},\"query-input\":{\"@type\":\"PropertyValueSpecification\",\"valueRequired\":true,\"valueName\":\"search_term_string\"}}],\"inLanguage\":\"pt-BR\"},{\"@type\":\"Organization\",\"@id\":\"https:\/\/www.suno.com.br\/noticias\/#organization\",\"name\":\"Suno Not\u00edcias\",\"url\":\"https:\/\/www.suno.com.br\/noticias\/\",\"logo\":{\"@type\":\"ImageObject\",\"inLanguage\":\"pt-BR\",\"@id\":\"https:\/\/www.suno.com.br\/noticias\/#\/schema\/logo\/image\/\",\"url\":\"https:\/\/files.sunoresearch.com.br\/n\/uploads\/2021\/09\/suno-logo.png\",\"contentUrl\":\"https:\/\/files.sunoresearch.com.br\/n\/uploads\/2021\/09\/suno-logo.png\",\"width\":180,\"height\":180,\"caption\":\"Suno Not\u00edcias\"},\"image\":{\"@id\":\"https:\/\/www.suno.com.br\/noticias\/#\/schema\/logo\/image\/\"},\"sameAs\":[\"https:\/\/facebook.com\/sunoresearch\",\"https:\/\/x.com\/sunoresearch\",\"https:\/\/www.instagram.com\/suno\",\"https:\/\/www.linkedin.com\/company\/suno-research\/\",\"https:\/\/www.youtube.com\/c\/sunoresearch\"]},{\"@type\":\"Person\",\"@id\":\"https:\/\/www.suno.com.br\/noticias\/#\/schema\/person\/87fc6973867c52dd884811905c43afba\",\"name\":\"Jo\u00e3o Vitor\",\"image\":{\"@type\":\"ImageObject\",\"inLanguage\":\"pt-BR\",\"@id\":\"https:\/\/www.suno.com.br\/noticias\/#\/schema\/person\/image\/\",\"url\":\"https:\/\/secure.gravatar.com\/avatar\/2843227ca03ccf8cc7ccca45204c127e?s=96&r=g\",\"contentUrl\":\"https:\/\/secure.gravatar.com\/avatar\/2843227ca03ccf8cc7ccca45204c127e?s=96&r=g\",\"caption\":\"Jo\u00e3o Vitor\"},\"description\":\"Redator profissional, com atua\u00e7\u00e3o no mercado editorial na produ\u00e7\u00e3o de not\u00edcias e conte\u00fados sobre o mercado de a\u00e7\u00f5es, fundos imobili\u00e1rios e economia popular. Graduando em Engenharia Qu\u00edmica pela Unesp, tamb\u00e9m j\u00e1 atuou como consultor financeiro.\",\"url\":\"https:\/\/www.suno.com.br\/noticias\/author\/joao-vitor-jacintho\/\"}]}<\/script>\n<!-- \/ Yoast SEO plugin. -->","yoast_head_json":{"title":"O que muda para o motorista da Uber ap\u00f3s a decis\u00e3o da Justi\u00e7a; Veja as mais lidas","description":"O que muda para motorista da Uber ap\u00f3s a decis\u00e3o da Justi\u00e7a? Grupo Casas Bahia, ex-Via (VIIA3), foi rebaixado? Veja as mais lidas da semana.","robots":{"index":"index","follow":"follow","max-snippet":"max-snippet:-1","max-image-preview":"max-image-preview:large","max-video-preview":"max-video-preview:-1"},"canonical":"https:\/\/www.suno.com.br\/noticias\/uber-grupo-casas-bahia-via-viia3-mais-lidas-jvj\/","og_locale":"pt_BR","og_type":"article","og_title":"O que muda para o motorista da Uber ap\u00f3s a decis\u00e3o da Justi\u00e7a; Veja as mais lidas","og_description":"O que muda para motorista da Uber ap\u00f3s a decis\u00e3o da Justi\u00e7a? Grupo Casas Bahia, ex-Via (VIIA3), foi rebaixado? Veja as mais lidas da semana.","og_url":"https:\/\/www.suno.com.br\/noticias\/uber-grupo-casas-bahia-via-viia3-mais-lidas-jvj\/","og_site_name":"Suno Not\u00edcias","article_publisher":"https:\/\/facebook.com\/sunoresearch","og_image":[{"width":1200,"height":800,"url":"https:\/\/files.sunoresearch.com.br\/n\/uploads\/2021\/06\/25b1c7b2-uber.jpg","type":"image\/jpeg"}],"author":"Jo\u00e3o Vitor","twitter_card":"summary_large_image","twitter_creator":"@sunoresearch","twitter_site":"@sunoresearch","twitter_misc":{"Escrito por":"Jo\u00e3o Vitor","Est. tempo de leitura":"4 minutos"},"schema":{"@context":"https:\/\/schema.org","@graph":[{"@type":"NewsArticle","@id":"https:\/\/www.suno.com.br\/noticias\/uber-grupo-casas-bahia-via-viia3-mais-lidas-jvj\/#article","isPartOf":{"@id":"https:\/\/www.suno.com.br\/noticias\/uber-grupo-casas-bahia-via-viia3-mais-lidas-jvj\/"},"author":{"name":"Jo\u00e3o Vitor","@id":"https:\/\/www.suno.com.br\/noticias\/#\/schema\/person\/87fc6973867c52dd884811905c43afba"},"headline":"O que muda para o motorista da Uber ap\u00f3s a decis\u00e3o da Justi\u00e7a e Grupo Casas Bahia, ex-Via (VIIA3), \u00e9 rebaixado; Veja as mais lidas da semana","datePublished":"2023-09-23T14:19:16+00:00","dateModified":"2023-09-23T15:06:36+00:00","mainEntityOfPage":{"@id":"https:\/\/www.suno.com.br\/noticias\/uber-grupo-casas-bahia-via-viia3-mais-lidas-jvj\/"},"wordCount":768,"publisher":{"@id":"https:\/\/www.suno.com.br\/noticias\/#organization"},"image":{"@id":"https:\/\/www.suno.com.br\/noticias\/uber-grupo-casas-bahia-via-viia3-mais-lidas-jvj\/#primaryimage"},"thumbnailUrl":"https:\/\/files.sunoresearch.com.br\/n\/uploads\/2021\/06\/25b1c7b2-uber-jpg.webp","keywords":["Casas Bahia","Copel (CPLE3\/CPLE5\/CPLE6)","Mega-Sena","Uber (U1BE34)","Via (VIIA3)","XPML11"],"articleSection":["Neg\u00f3cios"],"inLanguage":"pt-BR"},{"@type":"WebPage","@id":"https:\/\/www.suno.com.br\/noticias\/uber-grupo-casas-bahia-via-viia3-mais-lidas-jvj\/","url":"https:\/\/www.suno.com.br\/noticias\/uber-grupo-casas-bahia-via-viia3-mais-lidas-jvj\/","name":"O que muda para o motorista da Uber ap\u00f3s a decis\u00e3o da Justi\u00e7a; Veja as mais lidas","isPartOf":{"@id":"https:\/\/www.suno.com.br\/noticias\/#website"},"primaryImageOfPage":{"@id":"https:\/\/www.suno.com.br\/noticias\/uber-grupo-casas-bahia-via-viia3-mais-lidas-jvj\/#primaryimage"},"image":{"@id":"https:\/\/www.suno.com.br\/noticias\/uber-grupo-casas-bahia-via-viia3-mais-lidas-jvj\/#primaryimage"},"thumbnailUrl":"https:\/\/files.sunoresearch.com.br\/n\/uploads\/2021\/06\/25b1c7b2-uber-jpg.webp","datePublished":"2023-09-23T14:19:16+00:00","dateModified":"2023-09-23T15:06:36+00:00","description":"O que muda para motorista da Uber ap\u00f3s a decis\u00e3o da Justi\u00e7a? Grupo Casas Bahia, ex-Via (VIIA3), foi rebaixado? Veja as mais lidas da semana.","breadcrumb":{"@id":"https:\/\/www.suno.com.br\/noticias\/uber-grupo-casas-bahia-via-viia3-mais-lidas-jvj\/#breadcrumb"},"inLanguage":"pt-BR","potentialAction":[{"@type":"ReadAction","target":["https:\/\/www.suno.com.br\/noticias\/uber-grupo-casas-bahia-via-viia3-mais-lidas-jvj\/"]}]},{"@type":"ImageObject","inLanguage":"pt-BR","@id":"https:\/\/www.suno.com.br\/noticias\/uber-grupo-casas-bahia-via-viia3-mais-lidas-jvj\/#primaryimage","url":"https:\/\/files.sunoresearch.com.br\/n\/uploads\/2021\/06\/25b1c7b2-uber-jpg.webp","contentUrl":"https:\/\/files.sunoresearch.com.br\/n\/uploads\/2021\/06\/25b1c7b2-uber-jpg.webp","width":1200,"height":800,"caption":"Uber"},{"@type":"BreadcrumbList","@id":"https:\/\/www.suno.com.br\/noticias\/uber-grupo-casas-bahia-via-viia3-mais-lidas-jvj\/#breadcrumb","itemListElement":[{"@type":"ListItem","position":1,"name":"Not\u00edcias","item":"https:\/\/www.suno.com.br\/noticias\/"},{"@type":"ListItem","position":2,"name":"Neg\u00f3cios","item":"https:\/\/www.suno.com.br\/noticias\/negocios\/"},{"@type":"ListItem","position":3,"name":"O que muda para o motorista da Uber ap\u00f3s a decis\u00e3o da Justi\u00e7a e Grupo Casas Bahia, ex-Via (VIIA3), \u00e9 rebaixado; Veja as mais lidas da semana"}]},{"@type":"WebSite","@id":"https:\/\/www.suno.com.br\/noticias\/#website","url":"https:\/\/www.suno.com.br\/noticias\/","name":"Suno Not\u00edcias","description":"Seu portal de informa\u00e7\u00e3o sobre o mundo dos investimentos","publisher":{"@id":"https:\/\/www.suno.com.br\/noticias\/#organization"},"potentialAction":[{"@type":"SearchAction","target":{"@type":"EntryPoint","urlTemplate":"https:\/\/www.suno.com.br\/noticias\/?s={search_term_string}"},"query-input":{"@type":"PropertyValueSpecification","valueRequired":true,"valueName":"search_term_string"}}],"inLanguage":"pt-BR"},{"@type":"Organization","@id":"https:\/\/www.suno.com.br\/noticias\/#organization","name":"Suno Not\u00edcias","url":"https:\/\/www.suno.com.br\/noticias\/","logo":{"@type":"ImageObject","inLanguage":"pt-BR","@id":"https:\/\/www.suno.com.br\/noticias\/#\/schema\/logo\/image\/","url":"https:\/\/files.sunoresearch.com.br\/n\/uploads\/2021\/09\/suno-logo.png","contentUrl":"https:\/\/files.sunoresearch.com.br\/n\/uploads\/2021\/09\/suno-logo.png","width":180,"height":180,"caption":"Suno Not\u00edcias"},"image":{"@id":"https:\/\/www.suno.com.br\/noticias\/#\/schema\/logo\/image\/"},"sameAs":["https:\/\/facebook.com\/sunoresearch","https:\/\/x.com\/sunoresearch","https:\/\/www.instagram.com\/suno","https:\/\/www.linkedin.com\/company\/suno-research\/","https:\/\/www.youtube.com\/c\/sunoresearch"]},{"@type":"Person","@id":"https:\/\/www.suno.com.br\/noticias\/#\/schema\/person\/87fc6973867c52dd884811905c43afba","name":"Jo\u00e3o Vitor","image":{"@type":"ImageObject","inLanguage":"pt-BR","@id":"https:\/\/www.suno.com.br\/noticias\/#\/schema\/person\/image\/","url":"https:\/\/secure.gravatar.com\/avatar\/2843227ca03ccf8cc7ccca45204c127e?s=96&r=g","contentUrl":"https:\/\/secure.gravatar.com\/avatar\/2843227ca03ccf8cc7ccca45204c127e?s=96&r=g","caption":"Jo\u00e3o Vitor"},"description":"Redator profissional, com atua\u00e7\u00e3o no mercado editorial na produ\u00e7\u00e3o de not\u00edcias e conte\u00fados sobre o mercado de a\u00e7\u00f5es, fundos imobili\u00e1rios e economia popular. Graduando em Engenharia Qu\u00edmica pela Unesp, tamb\u00e9m j\u00e1 atuou como consultor financeiro.","url":"https:\/\/www.suno.com.br\/noticias\/author\/joao-vitor-jacintho\/"}]}},"default_loop_html":"<div class=\"cardsPage__listCard__boxs\"><div class=\"cardsPage__listCard__boxs__img\"><a href=\"https:\/\/www.suno.com.br\/noticias\/uber-grupo-casas-bahia-via-viia3-mais-lidas-jvj\/\"><img class=\"mask\" src=\"https:\/\/www.suno.com.br\/noticias\/wp-content\/themes\/suno\/resources\/images\/spotlight\/spotlight1img\/bg-mask.png\" alt=\"Image Mask\"\/><img src=\"https:\/\/files.sunoresearch.com.br\/n\/uploads\/2021\/06\/25b1c7b2-uber-400x200.webp\" alt=\"O que muda para o motorista da Uber ap\u00f3s a decis\u00e3o da Justi\u00e7a e Grupo Casas Bahia, ex-Via (VIIA3), \u00e9 rebaixado; Veja as mais lidas da semana\"\/><\/a><span class=\"spotlightCategory\"><a href=\"https:\/\/www.suno.com.br\/noticias\/negocios\/\">Neg\u00f3cios<\/a><\/span><\/div><div class=\"cardsPage__listCard__boxs__content\"><a href=\"https:\/\/www.suno.com.br\/noticias\/uber-grupo-casas-bahia-via-viia3-mais-lidas-jvj\/\"><h2 class=\"content__title\">O que muda para o motorista da Uber ap\u00f3s a decis\u00e3o da Justi\u00e7a e Grupo Casas Bahia, ex-Via (VIIA3), \u00e9 rebaixado; Veja as mais lidas da semana<\/h2><\/a><div class=\"newsContent__article__meta\"><div class=\"newsContent__article__meta__authorBox\"><a href=\"https:\/\/www.suno.com.br\/noticias\/author\/joao-vitor-jacintho\/\" class=\"authorBox__avatar noMobi\"><img src=\"https:\/\/secure.gravatar.com\/avatar\/2843227ca03ccf8cc7ccca45204c127e?s=96&#038;r=g\" alt=\"Jo\u00e3o Vitor Jacintho\"><\/a><div class=\"authorBox__name\"><span>por\n\t\t\t<a href=\"https:\/\/www.suno.com.br\/noticias\/author\/joao-vitor-jacintho\/\"><span itemprop=\"author\">Jo\u00e3o Vitor Jacintho<\/span><\/a><\/span><time datetime=\"2023-09-23T11:19:16-03:00\" itemprop=\"datePublished\">23\/09\/2023 11:19<\/time><\/div><\/div><\/div><\/div><\/div>","single_layout":"posts","amp_enabled":true,"_links":{"self":[{"href":"https:\/\/www.suno.com.br\/noticias\/wp-json\/wp\/v2\/posts\/460931"}],"collection":[{"href":"https:\/\/www.suno.com.br\/noticias\/wp-json\/wp\/v2\/posts"}],"about":[{"href":"https:\/\/www.suno.com.br\/noticias\/wp-json\/wp\/v2\/types\/post"}],"author":[{"embeddable":true,"href":"https:\/\/www.suno.com.br\/noticias\/wp-json\/wp\/v2\/users\/173"}],"replies":[{"embeddable":true,"href":"https:\/\/www.suno.com.br\/noticias\/wp-json\/wp\/v2\/comments?post=460931"}],"version-history":[{"count":3,"href":"https:\/\/www.suno.com.br\/noticias\/wp-json\/wp\/v2\/posts\/460931\/revisions"}],"predecessor-version":[{"id":460947,"href":"https:\/\/www.suno.com.br\/noticias\/wp-json\/wp\/v2\/posts\/460931\/revisions\/460947"}],"wp:featuredmedia":[{"embeddable":true,"href":"https:\/\/www.suno.com.br\/noticias\/wp-json\/wp\/v2\/media\/153504"}],"wp:attachment":[{"href":"https:\/\/www.suno.com.br\/noticias\/wp-json\/wp\/v2\/media?parent=460931"}],"wp:term":[{"taxonomy":"category","embeddable":true,"href":"https:\/\/www.suno.com.br\/noticias\/wp-json\/wp\/v2\/categories?post=460931"},{"taxonomy":"post_tag","embeddable":true,"href":"https:\/\/www.suno.com.br\/noticias\/wp-json\/wp\/v2\/tags?post=460931"},{"taxonomy":"suno_strategy","embeddable":true,"href":"https:\/\/www.suno.com.br\/noticias\/wp-json\/wp\/v2\/suno_strategy?post=460931"}],"curies":[{"name":"wp","href":"https:\/\/api.w.org\/{rel}","templated":true}]}}