{"id":460845,"date":"2023-09-22T20:21:55","date_gmt":"2023-09-22T23:21:55","guid":{"rendered":"https:\/\/www.suno.com.br\/noticias\/?p=460845"},"modified":"2023-09-22T20:48:47","modified_gmt":"2023-09-22T23:48:47","slug":"123-milhas-maxmilhas-recuperacao-judicial-jvj","status":"publish","type":"post","link":"https:\/\/www.suno.com.br\/noticias\/123-milhas-maxmilhas-recuperacao-judicial-jvj\/","title":{"rendered":"Novo epis\u00f3dio da crise: do grupo da 123milhas, Maxmilhas pede recupera\u00e7\u00e3o judicial em car\u00e1ter de urg\u00eancia"},"content":{"rendered":"<p>A<strong> Maxmilhas <\/strong>pediu para compor o processo judicial da 123milhas nesta quinta-feira (21). A solicita\u00e7\u00e3o, que foi feita com car\u00e1ter de urg\u00eancia pela empresa, tamb\u00e9m envolve a Lance Hot\u00e9is.<\/p>\t<div class=\"wrapper-featured-image\">\n\t\t<figure class=\"spotlightImg\">\n\n\t\t\t<picture>\n\t\t\t\t<source media=\"(max-width: 768px)\" srcset=\"https:\/\/files.sunoresearch.com.br\/n\/uploads\/2022\/04\/maxmilhas-divulgacao-400x200.jpg\">\n\t\t\t\t<img loading=\"lazy\" decoding=\"async\" class=\"newsContent__article__imgCapa lazyloadDisabled \" src=\"https:\/\/files.sunoresearch.com.br\/n\/uploads\/2022\/04\/maxmilhas-divulgacao-800x450.jpg\" width=\"800\" height=\"450\" alt=\"Novo epis\u00f3dio da crise: do grupo da 123milhas, Maxmilhas pede recupera\u00e7\u00e3o judicial em car\u00e1ter de urg\u00eancia\" fetchpriority=high \/>\n\t\t\t<\/picture>\n\n\t\t\t<figcaption class=\"wp-caption-text wp-caption-text--show\">Novo epis\u00f3dio da crise? Ap\u00f3s 123 Milhas, Maxmilhas pede recupera\u00e7\u00e3o judicial com urg\u00eancia. Foto: Divulga\u00e7\u00e3o<\/figcaption>\n\t\t<\/figure>\n\t<\/div>\n\n\n\n\n\n\t<p>\n\t\t<a href=\"https:\/\/lp2.suno.com.br\/cl\/black-friday-2025\/?utm_campaign=_SNCDF0E4858_\" target=\"_blank\" data-element=\"shortcode-suno-banner\" title=\"Banner SUNO, clique e saiba mais\">\n\t\t\t<picture>\n\t\t\t\t<source media=\"(max-width: 500px)\" srcset=\"https:\/\/files.sunoresearch.com.br\/n\/uploads\/2025\/10\/Artigos-e-Noticias-Banner-Home-artigos-01-Mobile_-400x300-1-png.webp\">\n\t\t\t\t<img class=\"newsContent__article__imgCapa newsContent__article__imgCapa--banner\"\n\t\t\t\t\tsrc=\"https:\/\/files.sunoresearch.com.br\/n\/uploads\/2025\/10\/Artigos-e-Noticias-Banner-Home-artigos-01-Desktop_-1420x240-1-png.webp\"\n\t\t\t\t\tdata-promo-id=\"311259\"\t\t\t\t\t\t\t\t\t\twidth='1420' height='240'\t\t\t\t\talt=\"https:\/\/files.sunoresearch.com.br\/n\/uploads\/2025\/10\/Artigos-e-Noticias-Banner-Home-artigos-01-Desktop_-1420x240-1-png.webp\"\n\t\t\t\t>\n\t\t\t<\/picture>\n\t\t<\/a>\n\t<\/p>\n\n\n\n\n\n<p>O pedido de <strong>recupera\u00e7\u00e3o judicial da Maxmilhas<\/strong> traz \u00e0 tona mais um epis\u00f3dio da crise envolvendo a 123milhas. A empresa propriet\u00e1ria da plataforma de compra de passagens a\u00e9reas teria divulgado uma d\u00edvida de aproximadamente R$ 226 milh\u00f5es.<\/p>\n\n\n\n<p>Cabe lembrar que a Maxmilhas e a 123 Milhas comp\u00f5em o mesmo \u201cguarda-chuva\u201d de empresas de um grupo. Al\u00e9m disso, as demais companhias dessa holding tiveram seus processos de <a class=\"suno-keyword\" data-force=\"no\" data-priority=\"2\" href=\"https:\/\/www.suno.com.br\/artigos\/recuperacao-judicial\/\" target=\"_blank\" rel=\"noopener\">recupera\u00e7\u00e3o judicial<\/a> suspensos pela Justi\u00e7a de Minas Gerais na \u00faltima quarta-feira (20).<\/p>\n\n\n\t<div data-element=\"shortcode-read-more\" class=\"knowMore\">\n\t\t\t\t<span class=\"knowMore__title\">Leia mais<\/span>\n\t\t\t\t<a class=\"knowMore__link\" href=\"https:\/\/www.suno.com.br\/noticias\/itausa-itsa4-cai-forte-bolsa-de-valores-semana-jvj\/\">\n\t\t\tIta\u00fasa (ITSA4) cai forte na Bolsa de Valores nesta semana; o que aconteceu?\t\t<\/a>\n\t<\/div>\n\n\n\n\n<p>A Maxmilhas solicita que seu processo de recupera\u00e7\u00e3o judicial seja aceito nos termos que preveem a prote\u00e7\u00e3o da empresa de seus credores por um per\u00edodo de 180 dias, buscando evitar que suas d\u00edvidas sejam executadas.<\/p>\n\n\n\n<p>At\u00e9 ent\u00e3o, a Maxmilhas tinha se mostrado surpresa com o pedido de<strong> recupera\u00e7\u00e3o judicial da 123 Milhas<\/strong>, dizendo que suas opera\u00e7\u00f5es e neg\u00f3cios continuavam funcionando normalmente. Assim, a companhia acabou n\u00e3o participando do processo de RJ de sua parceira.<\/p>\n\n\n\n<p>A explica\u00e7\u00e3o \u00e9 de que, quando a recupera\u00e7\u00e3o judicial da 123 Milhas foi solicitada, a Maxmilhas n\u00e3o estava com problemas financeiros relevantes. Mas em seu pedido de agora, a empresa afirma estar \u201csofrendo reflexos da crise econ\u00f4mico-financeira que ensejou o pedido de recupera\u00e7\u00e3o judicial das primeiras Recuperandas\u201d.<\/p>\n\n\n\n<h2 class=\"wp-block-heading\">Desdobramentos da recupera\u00e7\u00e3o judicial da 123Milhas<\/h2>\n\n\n\n<p>Um dos credores da 123 Milhas, o <strong>Banco do Brasil<\/strong> (BBAS3), entrou recentemente com um recurso que acabou gerando a suspens\u00e3o da recupera\u00e7\u00e3o judicial da 123 Milhas na Justi\u00e7a de Minas Gerais.<\/p>\n\n\n\n<p>O argumento do Banco do Brasil era de que a 123 Milhas n\u00e3o havia apresentado todos os documentos para que o processo de recupera\u00e7\u00e3o judicial fosse viabilizado. Outro ponto destacado pelo BB foi a falta de apresenta\u00e7\u00e3o da lista de credores no pedido inicial.<\/p>\n\n\n\n<p>O Banco do Brasil foi al\u00e9m e solicitou que <strong>administradores judiciais da 123 Milhas<\/strong> fossem destitu\u00eddos, em raz\u00e3o de uma poss\u00edvel incapacidade t\u00e9cnica para que o trabalho futuro pudesse ser realizado.<\/p>\n\n\n\n<p>Assim, a solicita\u00e7\u00e3o do Banco do Brasil foi aprovada por Alexandre Victor de Carvalho, desembargador do Tribunal de Justi\u00e7a do Estado de Minas Gerais e a recupera\u00e7\u00e3o judicial da 123 Milhas foi suspensa.<\/p>\n\n\n\n<p>Em contrapartida, a <strong>Maxmilhas<\/strong> surge com um novo epis\u00f3dio da crise e agora tamb\u00e9m pede para entrar em processo de recupera\u00e7\u00e3o judicial.<\/p>\n\n\n\t<p>\n\t\t<a href=\"https:\/\/lp.suno.com.br\/ebook-como-analisar-uma-acao\/\" target=\"_blank\" data-element=\"shortcode-suno-banner\" title=\"Banner SUNO, clique e saiba mais\">\n\t\t\t<picture>\n\t\t\t\t<source media=\"(max-width: 500px)\" srcset=\"https:\/\/files.sunoresearch.com.br\/n\/uploads\/2023\/12\/Ebook-Acoes-Mobile.jpg\">\n\t\t\t\t<img class=\"newsContent__article__imgCapa newsContent__article__imgCapa--banner\"\n\t\t\t\t\tsrc=\"https:\/\/files.sunoresearch.com.br\/n\/uploads\/2023\/12\/Ebook-Acoes-Desktop.webp\"\n\t\t\t\t\tdata-promo-id=\"311260\"\t\t\t\t\t\t\t\t\t\twidth='1420' height='286'\t\t\t\t\talt=\"https:\/\/files.sunoresearch.com.br\/n\/uploads\/2023\/12\/Ebook-Acoes-Desktop.webp\"\n\t\t\t\t>\n\t\t\t<\/picture>\n\t\t<\/a>\n\t<\/p>\n\n\n","protected":false},"excerpt":{"rendered":"<p>A Maxmilhas pediu para compor o processo judicial da 123milhas nesta quinta-feira (21). A solicita\u00e7\u00e3o, que foi feita com car\u00e1ter de urg\u00eancia pela empresa, tamb\u00e9m envolve a Lance Hot\u00e9is. Novo epis\u00f3dio da crise? Ap\u00f3s 123 Milhas, Maxmilhas pede recupera\u00e7\u00e3o judicial com urg\u00eancia. Foto: Divulga\u00e7\u00e3o O pedido de recupera\u00e7\u00e3o judicial da Maxmilhas traz \u00e0 tona mais [&hellip;]<\/p>\n","protected":false},"author":173,"featured_media":249584,"comment_status":"closed","ping_status":"closed","sticky":false,"template":"","format":"standard","meta":[],"categories":[64],"tags":[314],"suno_strategy":[],"class_list":["post-460845","post","type-post","status-publish","format-standard","has-post-thumbnail","hentry","category-negocios","tag-recuperacao-judicial"],"yoast_head":"<!-- This site is optimized with the Yoast SEO plugin v24.4 - https:\/\/yoast.com\/wordpress\/plugins\/seo\/ -->\n<title>Ap\u00f3s 123milhas, Maxmilhas pede recupera\u00e7\u00e3o judicial com urg\u00eancia<\/title>\n<meta name=\"description\" content=\"Em mais um epis\u00f3dio da crise da 123 Milhas, Maxmilhas solicita recupera\u00e7\u00e3o judicial com urg\u00eancia. Veja detalhes e entenda o caso.\" \/>\n<meta name=\"robots\" content=\"index, follow, max-snippet:-1, max-image-preview:large, max-video-preview:-1\" \/>\n<link rel=\"canonical\" href=\"https:\/\/www.suno.com.br\/noticias\/123-milhas-maxmilhas-recuperacao-judicial-jvj\/\" \/>\n<meta property=\"og:locale\" content=\"pt_BR\" \/>\n<meta property=\"og:type\" content=\"article\" \/>\n<meta property=\"og:title\" content=\"Ap\u00f3s 123milhas, Maxmilhas pede recupera\u00e7\u00e3o judicial com urg\u00eancia\" \/>\n<meta property=\"og:description\" content=\"Em mais um epis\u00f3dio da crise da 123 Milhas, Maxmilhas solicita recupera\u00e7\u00e3o judicial com urg\u00eancia. Veja detalhes e entenda o caso.\" \/>\n<meta property=\"og:url\" content=\"https:\/\/www.suno.com.br\/noticias\/123-milhas-maxmilhas-recuperacao-judicial-jvj\/\" \/>\n<meta property=\"og:site_name\" content=\"Suno Not\u00edcias\" \/>\n<meta property=\"article:publisher\" content=\"https:\/\/facebook.com\/sunoresearch\" \/>\n<meta property=\"og:image\" content=\"https:\/\/files.sunoresearch.com.br\/n\/uploads\/2022\/04\/maxmilhas-divulgacao.jpg\" \/>\n\t<meta property=\"og:image:width\" content=\"1440\" \/>\n\t<meta property=\"og:image:height\" content=\"811\" \/>\n\t<meta property=\"og:image:type\" content=\"image\/jpeg\" \/>\n<meta name=\"author\" content=\"Jo\u00e3o Vitor\" \/>\n<meta name=\"twitter:card\" content=\"summary_large_image\" \/>\n<meta name=\"twitter:creator\" content=\"@sunoresearch\" \/>\n<meta name=\"twitter:site\" content=\"@sunoresearch\" \/>\n<meta name=\"twitter:label1\" content=\"Escrito por\" \/>\n\t<meta name=\"twitter:data1\" content=\"Jo\u00e3o Vitor\" \/>\n\t<meta name=\"twitter:label2\" content=\"Est. tempo de leitura\" \/>\n\t<meta name=\"twitter:data2\" content=\"3 minutos\" \/>\n<script type=\"application\/ld+json\" class=\"yoast-schema-graph\">{\"@context\":\"https:\/\/schema.org\",\"@graph\":[{\"@type\":\"NewsArticle\",\"@id\":\"https:\/\/www.suno.com.br\/noticias\/123-milhas-maxmilhas-recuperacao-judicial-jvj\/#article\",\"isPartOf\":{\"@id\":\"https:\/\/www.suno.com.br\/noticias\/123-milhas-maxmilhas-recuperacao-judicial-jvj\/\"},\"author\":{\"name\":\"Jo\u00e3o Vitor\",\"@id\":\"https:\/\/www.suno.com.br\/noticias\/#\/schema\/person\/87fc6973867c52dd884811905c43afba\"},\"headline\":\"Novo epis\u00f3dio da crise: do grupo da 123milhas, Maxmilhas pede recupera\u00e7\u00e3o judicial em car\u00e1ter de urg\u00eancia\",\"datePublished\":\"2023-09-22T23:21:55+00:00\",\"dateModified\":\"2023-09-22T23:48:47+00:00\",\"mainEntityOfPage\":{\"@id\":\"https:\/\/www.suno.com.br\/noticias\/123-milhas-maxmilhas-recuperacao-judicial-jvj\/\"},\"wordCount\":455,\"publisher\":{\"@id\":\"https:\/\/www.suno.com.br\/noticias\/#organization\"},\"image\":{\"@id\":\"https:\/\/www.suno.com.br\/noticias\/123-milhas-maxmilhas-recuperacao-judicial-jvj\/#primaryimage\"},\"thumbnailUrl\":\"https:\/\/files.sunoresearch.com.br\/n\/uploads\/2022\/04\/maxmilhas-divulgacao.jpg\",\"keywords\":[\"recupera\u00e7\u00e3o judicial\"],\"articleSection\":[\"Neg\u00f3cios\"],\"inLanguage\":\"pt-BR\"},{\"@type\":\"WebPage\",\"@id\":\"https:\/\/www.suno.com.br\/noticias\/123-milhas-maxmilhas-recuperacao-judicial-jvj\/\",\"url\":\"https:\/\/www.suno.com.br\/noticias\/123-milhas-maxmilhas-recuperacao-judicial-jvj\/\",\"name\":\"Ap\u00f3s 123milhas, Maxmilhas pede recupera\u00e7\u00e3o judicial com urg\u00eancia\",\"isPartOf\":{\"@id\":\"https:\/\/www.suno.com.br\/noticias\/#website\"},\"primaryImageOfPage\":{\"@id\":\"https:\/\/www.suno.com.br\/noticias\/123-milhas-maxmilhas-recuperacao-judicial-jvj\/#primaryimage\"},\"image\":{\"@id\":\"https:\/\/www.suno.com.br\/noticias\/123-milhas-maxmilhas-recuperacao-judicial-jvj\/#primaryimage\"},\"thumbnailUrl\":\"https:\/\/files.sunoresearch.com.br\/n\/uploads\/2022\/04\/maxmilhas-divulgacao.jpg\",\"datePublished\":\"2023-09-22T23:21:55+00:00\",\"dateModified\":\"2023-09-22T23:48:47+00:00\",\"description\":\"Em mais um epis\u00f3dio da crise da 123 Milhas, Maxmilhas solicita recupera\u00e7\u00e3o judicial com urg\u00eancia. Veja detalhes e entenda o caso.\",\"breadcrumb\":{\"@id\":\"https:\/\/www.suno.com.br\/noticias\/123-milhas-maxmilhas-recuperacao-judicial-jvj\/#breadcrumb\"},\"inLanguage\":\"pt-BR\",\"potentialAction\":[{\"@type\":\"ReadAction\",\"target\":[\"https:\/\/www.suno.com.br\/noticias\/123-milhas-maxmilhas-recuperacao-judicial-jvj\/\"]}]},{\"@type\":\"ImageObject\",\"inLanguage\":\"pt-BR\",\"@id\":\"https:\/\/www.suno.com.br\/noticias\/123-milhas-maxmilhas-recuperacao-judicial-jvj\/#primaryimage\",\"url\":\"https:\/\/files.sunoresearch.com.br\/n\/uploads\/2022\/04\/maxmilhas-divulgacao.jpg\",\"contentUrl\":\"https:\/\/files.sunoresearch.com.br\/n\/uploads\/2022\/04\/maxmilhas-divulgacao.jpg\",\"width\":1440,\"height\":811,\"caption\":\"Novo epis\u00f3dio da crise? Ap\u00f3s 123 Milhas, Maxmilhas pede recupera\u00e7\u00e3o judicial com urg\u00eancia. Foto: Divulga\u00e7\u00e3o\"},{\"@type\":\"BreadcrumbList\",\"@id\":\"https:\/\/www.suno.com.br\/noticias\/123-milhas-maxmilhas-recuperacao-judicial-jvj\/#breadcrumb\",\"itemListElement\":[{\"@type\":\"ListItem\",\"position\":1,\"name\":\"Not\u00edcias\",\"item\":\"https:\/\/www.suno.com.br\/noticias\/\"},{\"@type\":\"ListItem\",\"position\":2,\"name\":\"Neg\u00f3cios\",\"item\":\"https:\/\/www.suno.com.br\/noticias\/negocios\/\"},{\"@type\":\"ListItem\",\"position\":3,\"name\":\"Novo epis\u00f3dio da crise: do grupo da 123milhas, Maxmilhas pede recupera\u00e7\u00e3o judicial em car\u00e1ter de urg\u00eancia\"}]},{\"@type\":\"WebSite\",\"@id\":\"https:\/\/www.suno.com.br\/noticias\/#website\",\"url\":\"https:\/\/www.suno.com.br\/noticias\/\",\"name\":\"Suno Not\u00edcias\",\"description\":\"Seu portal de informa\u00e7\u00e3o sobre o mundo dos investimentos\",\"publisher\":{\"@id\":\"https:\/\/www.suno.com.br\/noticias\/#organization\"},\"potentialAction\":[{\"@type\":\"SearchAction\",\"target\":{\"@type\":\"EntryPoint\",\"urlTemplate\":\"https:\/\/www.suno.com.br\/noticias\/?s={search_term_string}\"},\"query-input\":{\"@type\":\"PropertyValueSpecification\",\"valueRequired\":true,\"valueName\":\"search_term_string\"}}],\"inLanguage\":\"pt-BR\"},{\"@type\":\"Organization\",\"@id\":\"https:\/\/www.suno.com.br\/noticias\/#organization\",\"name\":\"Suno Not\u00edcias\",\"url\":\"https:\/\/www.suno.com.br\/noticias\/\",\"logo\":{\"@type\":\"ImageObject\",\"inLanguage\":\"pt-BR\",\"@id\":\"https:\/\/www.suno.com.br\/noticias\/#\/schema\/logo\/image\/\",\"url\":\"https:\/\/files.sunoresearch.com.br\/n\/uploads\/2021\/09\/suno-logo.png\",\"contentUrl\":\"https:\/\/files.sunoresearch.com.br\/n\/uploads\/2021\/09\/suno-logo.png\",\"width\":180,\"height\":180,\"caption\":\"Suno Not\u00edcias\"},\"image\":{\"@id\":\"https:\/\/www.suno.com.br\/noticias\/#\/schema\/logo\/image\/\"},\"sameAs\":[\"https:\/\/facebook.com\/sunoresearch\",\"https:\/\/x.com\/sunoresearch\",\"https:\/\/www.instagram.com\/suno\",\"https:\/\/www.linkedin.com\/company\/suno-research\/\",\"https:\/\/www.youtube.com\/c\/sunoresearch\"]},{\"@type\":\"Person\",\"@id\":\"https:\/\/www.suno.com.br\/noticias\/#\/schema\/person\/87fc6973867c52dd884811905c43afba\",\"name\":\"Jo\u00e3o Vitor\",\"image\":{\"@type\":\"ImageObject\",\"inLanguage\":\"pt-BR\",\"@id\":\"https:\/\/www.suno.com.br\/noticias\/#\/schema\/person\/image\/\",\"url\":\"https:\/\/secure.gravatar.com\/avatar\/2843227ca03ccf8cc7ccca45204c127e?s=96&r=g\",\"contentUrl\":\"https:\/\/secure.gravatar.com\/avatar\/2843227ca03ccf8cc7ccca45204c127e?s=96&r=g\",\"caption\":\"Jo\u00e3o Vitor\"},\"description\":\"Redator profissional, com atua\u00e7\u00e3o no mercado editorial na produ\u00e7\u00e3o de not\u00edcias e conte\u00fados sobre o mercado de a\u00e7\u00f5es, fundos imobili\u00e1rios e economia popular. Graduando em Engenharia Qu\u00edmica pela Unesp, tamb\u00e9m j\u00e1 atuou como consultor financeiro.\",\"url\":\"https:\/\/www.suno.com.br\/noticias\/author\/joao-vitor-jacintho\/\"}]}<\/script>\n<!-- \/ Yoast SEO plugin. -->","yoast_head_json":{"title":"Ap\u00f3s 123milhas, Maxmilhas pede recupera\u00e7\u00e3o judicial com urg\u00eancia","description":"Em mais um epis\u00f3dio da crise da 123 Milhas, Maxmilhas solicita recupera\u00e7\u00e3o judicial com urg\u00eancia. Veja detalhes e entenda o caso.","robots":{"index":"index","follow":"follow","max-snippet":"max-snippet:-1","max-image-preview":"max-image-preview:large","max-video-preview":"max-video-preview:-1"},"canonical":"https:\/\/www.suno.com.br\/noticias\/123-milhas-maxmilhas-recuperacao-judicial-jvj\/","og_locale":"pt_BR","og_type":"article","og_title":"Ap\u00f3s 123milhas, Maxmilhas pede recupera\u00e7\u00e3o judicial com urg\u00eancia","og_description":"Em mais um epis\u00f3dio da crise da 123 Milhas, Maxmilhas solicita recupera\u00e7\u00e3o judicial com urg\u00eancia. Veja detalhes e entenda o caso.","og_url":"https:\/\/www.suno.com.br\/noticias\/123-milhas-maxmilhas-recuperacao-judicial-jvj\/","og_site_name":"Suno Not\u00edcias","article_publisher":"https:\/\/facebook.com\/sunoresearch","og_image":[{"width":1440,"height":811,"url":"https:\/\/files.sunoresearch.com.br\/n\/uploads\/2022\/04\/maxmilhas-divulgacao.jpg","type":"image\/jpeg"}],"author":"Jo\u00e3o Vitor","twitter_card":"summary_large_image","twitter_creator":"@sunoresearch","twitter_site":"@sunoresearch","twitter_misc":{"Escrito por":"Jo\u00e3o Vitor","Est. tempo de leitura":"3 minutos"},"schema":{"@context":"https:\/\/schema.org","@graph":[{"@type":"NewsArticle","@id":"https:\/\/www.suno.com.br\/noticias\/123-milhas-maxmilhas-recuperacao-judicial-jvj\/#article","isPartOf":{"@id":"https:\/\/www.suno.com.br\/noticias\/123-milhas-maxmilhas-recuperacao-judicial-jvj\/"},"author":{"name":"Jo\u00e3o Vitor","@id":"https:\/\/www.suno.com.br\/noticias\/#\/schema\/person\/87fc6973867c52dd884811905c43afba"},"headline":"Novo epis\u00f3dio da crise: do grupo da 123milhas, Maxmilhas pede recupera\u00e7\u00e3o judicial em car\u00e1ter de urg\u00eancia","datePublished":"2023-09-22T23:21:55+00:00","dateModified":"2023-09-22T23:48:47+00:00","mainEntityOfPage":{"@id":"https:\/\/www.suno.com.br\/noticias\/123-milhas-maxmilhas-recuperacao-judicial-jvj\/"},"wordCount":455,"publisher":{"@id":"https:\/\/www.suno.com.br\/noticias\/#organization"},"image":{"@id":"https:\/\/www.suno.com.br\/noticias\/123-milhas-maxmilhas-recuperacao-judicial-jvj\/#primaryimage"},"thumbnailUrl":"https:\/\/files.sunoresearch.com.br\/n\/uploads\/2022\/04\/maxmilhas-divulgacao.jpg","keywords":["recupera\u00e7\u00e3o judicial"],"articleSection":["Neg\u00f3cios"],"inLanguage":"pt-BR"},{"@type":"WebPage","@id":"https:\/\/www.suno.com.br\/noticias\/123-milhas-maxmilhas-recuperacao-judicial-jvj\/","url":"https:\/\/www.suno.com.br\/noticias\/123-milhas-maxmilhas-recuperacao-judicial-jvj\/","name":"Ap\u00f3s 123milhas, Maxmilhas pede recupera\u00e7\u00e3o judicial com urg\u00eancia","isPartOf":{"@id":"https:\/\/www.suno.com.br\/noticias\/#website"},"primaryImageOfPage":{"@id":"https:\/\/www.suno.com.br\/noticias\/123-milhas-maxmilhas-recuperacao-judicial-jvj\/#primaryimage"},"image":{"@id":"https:\/\/www.suno.com.br\/noticias\/123-milhas-maxmilhas-recuperacao-judicial-jvj\/#primaryimage"},"thumbnailUrl":"https:\/\/files.sunoresearch.com.br\/n\/uploads\/2022\/04\/maxmilhas-divulgacao.jpg","datePublished":"2023-09-22T23:21:55+00:00","dateModified":"2023-09-22T23:48:47+00:00","description":"Em mais um epis\u00f3dio da crise da 123 Milhas, Maxmilhas solicita recupera\u00e7\u00e3o judicial com urg\u00eancia. Veja detalhes e entenda o caso.","breadcrumb":{"@id":"https:\/\/www.suno.com.br\/noticias\/123-milhas-maxmilhas-recuperacao-judicial-jvj\/#breadcrumb"},"inLanguage":"pt-BR","potentialAction":[{"@type":"ReadAction","target":["https:\/\/www.suno.com.br\/noticias\/123-milhas-maxmilhas-recuperacao-judicial-jvj\/"]}]},{"@type":"ImageObject","inLanguage":"pt-BR","@id":"https:\/\/www.suno.com.br\/noticias\/123-milhas-maxmilhas-recuperacao-judicial-jvj\/#primaryimage","url":"https:\/\/files.sunoresearch.com.br\/n\/uploads\/2022\/04\/maxmilhas-divulgacao.jpg","contentUrl":"https:\/\/files.sunoresearch.com.br\/n\/uploads\/2022\/04\/maxmilhas-divulgacao.jpg","width":1440,"height":811,"caption":"Novo epis\u00f3dio da crise? Ap\u00f3s 123 Milhas, Maxmilhas pede recupera\u00e7\u00e3o judicial com urg\u00eancia. Foto: Divulga\u00e7\u00e3o"},{"@type":"BreadcrumbList","@id":"https:\/\/www.suno.com.br\/noticias\/123-milhas-maxmilhas-recuperacao-judicial-jvj\/#breadcrumb","itemListElement":[{"@type":"ListItem","position":1,"name":"Not\u00edcias","item":"https:\/\/www.suno.com.br\/noticias\/"},{"@type":"ListItem","position":2,"name":"Neg\u00f3cios","item":"https:\/\/www.suno.com.br\/noticias\/negocios\/"},{"@type":"ListItem","position":3,"name":"Novo epis\u00f3dio da crise: do grupo da 123milhas, Maxmilhas pede recupera\u00e7\u00e3o judicial em car\u00e1ter de urg\u00eancia"}]},{"@type":"WebSite","@id":"https:\/\/www.suno.com.br\/noticias\/#website","url":"https:\/\/www.suno.com.br\/noticias\/","name":"Suno Not\u00edcias","description":"Seu portal de informa\u00e7\u00e3o sobre o mundo dos investimentos","publisher":{"@id":"https:\/\/www.suno.com.br\/noticias\/#organization"},"potentialAction":[{"@type":"SearchAction","target":{"@type":"EntryPoint","urlTemplate":"https:\/\/www.suno.com.br\/noticias\/?s={search_term_string}"},"query-input":{"@type":"PropertyValueSpecification","valueRequired":true,"valueName":"search_term_string"}}],"inLanguage":"pt-BR"},{"@type":"Organization","@id":"https:\/\/www.suno.com.br\/noticias\/#organization","name":"Suno Not\u00edcias","url":"https:\/\/www.suno.com.br\/noticias\/","logo":{"@type":"ImageObject","inLanguage":"pt-BR","@id":"https:\/\/www.suno.com.br\/noticias\/#\/schema\/logo\/image\/","url":"https:\/\/files.sunoresearch.com.br\/n\/uploads\/2021\/09\/suno-logo.png","contentUrl":"https:\/\/files.sunoresearch.com.br\/n\/uploads\/2021\/09\/suno-logo.png","width":180,"height":180,"caption":"Suno Not\u00edcias"},"image":{"@id":"https:\/\/www.suno.com.br\/noticias\/#\/schema\/logo\/image\/"},"sameAs":["https:\/\/facebook.com\/sunoresearch","https:\/\/x.com\/sunoresearch","https:\/\/www.instagram.com\/suno","https:\/\/www.linkedin.com\/company\/suno-research\/","https:\/\/www.youtube.com\/c\/sunoresearch"]},{"@type":"Person","@id":"https:\/\/www.suno.com.br\/noticias\/#\/schema\/person\/87fc6973867c52dd884811905c43afba","name":"Jo\u00e3o Vitor","image":{"@type":"ImageObject","inLanguage":"pt-BR","@id":"https:\/\/www.suno.com.br\/noticias\/#\/schema\/person\/image\/","url":"https:\/\/secure.gravatar.com\/avatar\/2843227ca03ccf8cc7ccca45204c127e?s=96&r=g","contentUrl":"https:\/\/secure.gravatar.com\/avatar\/2843227ca03ccf8cc7ccca45204c127e?s=96&r=g","caption":"Jo\u00e3o Vitor"},"description":"Redator profissional, com atua\u00e7\u00e3o no mercado editorial na produ\u00e7\u00e3o de not\u00edcias e conte\u00fados sobre o mercado de a\u00e7\u00f5es, fundos imobili\u00e1rios e economia popular. Graduando em Engenharia Qu\u00edmica pela Unesp, tamb\u00e9m j\u00e1 atuou como consultor financeiro.","url":"https:\/\/www.suno.com.br\/noticias\/author\/joao-vitor-jacintho\/"}]}},"default_loop_html":"<div class=\"cardsPage__listCard__boxs\"><div class=\"cardsPage__listCard__boxs__img\"><a href=\"https:\/\/www.suno.com.br\/noticias\/123-milhas-maxmilhas-recuperacao-judicial-jvj\/\"><img class=\"mask\" src=\"https:\/\/www.suno.com.br\/noticias\/wp-content\/themes\/suno\/resources\/images\/spotlight\/spotlight1img\/bg-mask.png\" alt=\"Image Mask\"\/><img src=\"https:\/\/files.sunoresearch.com.br\/n\/uploads\/2022\/04\/maxmilhas-divulgacao-400x200.jpg\" alt=\"Novo epis\u00f3dio da crise: do grupo da 123milhas, Maxmilhas pede recupera\u00e7\u00e3o judicial em car\u00e1ter de urg\u00eancia\"\/><\/a><span class=\"spotlightCategory\"><a href=\"https:\/\/www.suno.com.br\/noticias\/negocios\/\">Neg\u00f3cios<\/a><\/span><\/div><div class=\"cardsPage__listCard__boxs__content\"><a href=\"https:\/\/www.suno.com.br\/noticias\/123-milhas-maxmilhas-recuperacao-judicial-jvj\/\"><h2 class=\"content__title\">Novo epis\u00f3dio da crise: do grupo da 123milhas, Maxmilhas pede recupera\u00e7\u00e3o judicial em car\u00e1ter de urg\u00eancia<\/h2><\/a><div class=\"newsContent__article__meta\"><div class=\"newsContent__article__meta__authorBox\"><a href=\"https:\/\/www.suno.com.br\/noticias\/author\/joao-vitor-jacintho\/\" class=\"authorBox__avatar noMobi\"><img src=\"https:\/\/secure.gravatar.com\/avatar\/2843227ca03ccf8cc7ccca45204c127e?s=96&#038;r=g\" alt=\"Jo\u00e3o Vitor Jacintho\"><\/a><div class=\"authorBox__name\"><span>por\n\t\t\t<a href=\"https:\/\/www.suno.com.br\/noticias\/author\/joao-vitor-jacintho\/\"><span itemprop=\"author\">Jo\u00e3o Vitor Jacintho<\/span><\/a><\/span><time datetime=\"2023-09-22T20:21:55-03:00\" itemprop=\"datePublished\">22\/09\/2023 20:21<\/time><\/div><\/div><\/div><\/div><\/div>","single_layout":"posts","amp_enabled":true,"_links":{"self":[{"href":"https:\/\/www.suno.com.br\/noticias\/wp-json\/wp\/v2\/posts\/460845"}],"collection":[{"href":"https:\/\/www.suno.com.br\/noticias\/wp-json\/wp\/v2\/posts"}],"about":[{"href":"https:\/\/www.suno.com.br\/noticias\/wp-json\/wp\/v2\/types\/post"}],"author":[{"embeddable":true,"href":"https:\/\/www.suno.com.br\/noticias\/wp-json\/wp\/v2\/users\/173"}],"replies":[{"embeddable":true,"href":"https:\/\/www.suno.com.br\/noticias\/wp-json\/wp\/v2\/comments?post=460845"}],"version-history":[{"count":2,"href":"https:\/\/www.suno.com.br\/noticias\/wp-json\/wp\/v2\/posts\/460845\/revisions"}],"predecessor-version":[{"id":460857,"href":"https:\/\/www.suno.com.br\/noticias\/wp-json\/wp\/v2\/posts\/460845\/revisions\/460857"}],"wp:featuredmedia":[{"embeddable":true,"href":"https:\/\/www.suno.com.br\/noticias\/wp-json\/wp\/v2\/media\/249584"}],"wp:attachment":[{"href":"https:\/\/www.suno.com.br\/noticias\/wp-json\/wp\/v2\/media?parent=460845"}],"wp:term":[{"taxonomy":"category","embeddable":true,"href":"https:\/\/www.suno.com.br\/noticias\/wp-json\/wp\/v2\/categories?post=460845"},{"taxonomy":"post_tag","embeddable":true,"href":"https:\/\/www.suno.com.br\/noticias\/wp-json\/wp\/v2\/tags?post=460845"},{"taxonomy":"suno_strategy","embeddable":true,"href":"https:\/\/www.suno.com.br\/noticias\/wp-json\/wp\/v2\/suno_strategy?post=460845"}],"curies":[{"name":"wp","href":"https:\/\/api.w.org\/{rel}","templated":true}]}}