{"id":460767,"date":"2023-09-23T11:43:43","date_gmt":"2023-09-23T14:43:43","guid":{"rendered":"https:\/\/www.suno.com.br\/noticias\/?p=460767"},"modified":"2023-09-23T11:44:06","modified_gmt":"2023-09-23T14:44:06","slug":"receitas-copel-cple6-fiscal-2023-secretaria-tesouro-jvj","status":"publish","type":"post","link":"https:\/\/www.suno.com.br\/noticias\/receitas-copel-cple6-fiscal-2023-secretaria-tesouro-jvj\/","title":{"rendered":"N\u00e3o h\u00e1 perspectivas de receitas com Copel (CPLE6) entrarem no fiscal de 2023, diz secret\u00e1ria do Tesouro"},"content":{"rendered":"<p>A secret\u00e1ria-adjunta do <a class=\"suno-keyword\" target=\"_blank\" data-force=\"no\" data-priority=\"2\" href=\"https:\/\/www.suno.com.br\/artigos\/tesouro-nacional\/\" rel=\"noopener\">Tesouro Nacional<\/a>, Viviane Varga, afirmou que o relat\u00f3rio de avalia\u00e7\u00e3o de receitas e despesas prim\u00e1rias divulgado nesta sexta-feira, 22, n\u00e3o prev\u00ea a entrada de receitas que s\u00e3o devidas \u00e0 Uni\u00e3o dentro do processo de capitaliza\u00e7\u00e3o da <strong>Copel<\/strong>.<\/p>\t<div class=\"wrapper-featured-image\">\n\t\t<figure class=\"spotlightImg\">\n\n\t\t\t<picture>\n\t\t\t\t<source media=\"(max-width: 768px)\" srcset=\"https:\/\/files.sunoresearch.com.br\/n\/uploads\/2021\/09\/Devara-1-3_Easy-Resize.com_-400x200.jpg\">\n\t\t\t\t<img loading=\"lazy\" decoding=\"async\" class=\"newsContent__article__imgCapa lazyloadDisabled \" src=\"https:\/\/files.sunoresearch.com.br\/n\/uploads\/2021\/09\/Devara-1-3_Easy-Resize.com_-800x450.jpg\" width=\"800\" height=\"450\" alt=\"N\u00e3o h\u00e1 perspectivas de receitas com Copel (CPLE6) entrarem no fiscal de 2023, diz secret\u00e1ria do Tesouro\" fetchpriority=high \/>\n\t\t\t<\/picture>\n\n\t\t\t<figcaption class=\"wp-caption-text wp-caption-text--show\">Copel (CPLE6). Foto: Reprodu\u00e7\u00e3o Site RI<\/figcaption>\n\t\t<\/figure>\n\t<\/div>\n\n\n\n\n\n\t<p>\n\t\t<a href=\"https:\/\/lp2.suno.com.br\/cl\/black-friday-2025\/?utm_campaign=_SNCDF0E4858_\" target=\"_blank\" data-element=\"shortcode-suno-banner\" title=\"Banner SUNO, clique e saiba mais\">\n\t\t\t<picture>\n\t\t\t\t<source media=\"(max-width: 500px)\" srcset=\"https:\/\/files.sunoresearch.com.br\/n\/uploads\/2025\/10\/Artigos-e-Noticias-Banner-Home-artigos-01-Mobile_-400x300-1-png.webp\">\n\t\t\t\t<img class=\"newsContent__article__imgCapa newsContent__article__imgCapa--banner\"\n\t\t\t\t\tsrc=\"https:\/\/files.sunoresearch.com.br\/n\/uploads\/2025\/10\/Artigos-e-Noticias-Banner-Home-artigos-01-Desktop_-1420x240-1-png.webp\"\n\t\t\t\t\tdata-promo-id=\"311259\"\t\t\t\t\t\t\t\t\t\twidth='1420' height='240'\t\t\t\t\talt=\"https:\/\/files.sunoresearch.com.br\/n\/uploads\/2025\/10\/Artigos-e-Noticias-Banner-Home-artigos-01-Desktop_-1420x240-1-png.webp\"\n\t\t\t\t>\n\t\t\t<\/picture>\n\t\t<\/a>\n\t<\/p>\n\n\n\n\n\n<p>Varga respondeu que n\u00e3o h\u00e1 perspectiva de essa <strong>receita da Copel<\/strong> ser considerada ainda neste ano. &#8220;N\u00e3o est\u00e1 ainda nas nossas perspectivas, n\u00e3o temos essa perspectiva de que entre nesse ano&#8221;, afirmou na coletiva sobre o relat\u00f3rio.<\/p>\n\n\n\n<p>O governo tem valores a receber nesse processo da Copel em raz\u00e3o da renova\u00e7\u00e3o de <strong>concess\u00f5es das usinas<\/strong> Governador Bento Munhoz da Rocha Netto (Foz do Areia), Governador Ney Braga (Segredo) e Governador Jos\u00e9 Richa (Salto Caxias), que juntas respondem por aproximadamente 60% da capacidade de gera\u00e7\u00e3o de energia da empresa. O valor estabelecido pela Uni\u00e3o para a renova\u00e7\u00e3o das concess\u00f5es \u00e9 de R$ 3,7 bilh\u00f5es.<\/p>\n\n\n\t<div data-element=\"shortcode-read-more\" class=\"knowMore\">\n\t\t\t\t<span class=\"knowMore__title\">Leia mais<\/span>\n\t\t\t\t<a class=\"knowMore__link\" href=\"https:\/\/www.suno.com.br\/noticias\/elon-musk-inteligencia-artificial-jvj\/\">\n\t\t\tIntelig\u00eancia artificial (IA): carta de Elon Musk completa 6 meses e ainda quer saber se tecnologia vai nos destruir\t\t<\/a>\n\t<\/div>\n\n\n\n\n<p>A secret\u00e1ria-adjunta do Tesouro Nacional, Viviane Varga, afirmou que a equipe econ\u00f4mica acompanha todas as quest\u00f5es que est\u00e3o acontecendo no Congresso e que a antecipa\u00e7\u00e3o de transfer\u00eancias a Estados e munic\u00edpios neste ano tem impacto prim\u00e1rio e pode deslocar o resultado.<\/p>\n\n\n\n<p>Como o Broadcast mostrou, al\u00e9m da pauta-bomba de R$ 88,5 bilh\u00f5es para 2024, o Congresso incluiu medidas para aliviar as contas dos munic\u00edpios no projeto que ratificou o acordo para compensa\u00e7\u00e3o aos Estados pelas perdas com a <strong>arrecada\u00e7\u00e3o do ICMS<\/strong> no ano passado, com impacto fiscal de R$ 13,9 bilh\u00f5es para este ano.<\/p>\n\n\n\n<p>&#8220;Estamos acompanhando. Se for aprovado no Congresso essa antecipa\u00e7\u00e3o e aux\u00edlio, esses valores ser\u00e3o refletidos. Eles t\u00eam impacto prim\u00e1rio, pode ter deslocamento. Entretanto, o novo regime fiscal tem perspectiva de uma an\u00e1lise cont\u00ednua. A antecipa\u00e7\u00e3o, por exemplo, pode trazer para 2023, mas importante \u00e9 que a trajet\u00f3ria do gasto est\u00e1 sendo acompanhada. O desafio da equipe \u00e9 monitorar isso e acompanhar, o relat\u00f3rio bimestral nos permite esse monitoramento. O resultado na<strong> situa\u00e7\u00e3o fiscal<\/strong> n\u00e3o se restringe a um ano ou outro ano&#8221;, pontuou.<\/p>\n\n\n\n<p>Ela tamb\u00e9m argumentou que \u00e9 poss\u00edvel ter at\u00e9 R$ 30 bilh\u00f5es em recursos empo\u00e7ados, um valor considerado normal, e que esse empo\u00e7amento poder\u00e1 ajudar na redu\u00e7\u00e3o do d\u00e9ficit fiscal estimado nos relat\u00f3rios bimestrais. &#8220;No lado da despesa, tem o empo\u00e7amento, em torno de R$ 30 bilh\u00f5es, que \u00e9 normal os \u00f3rg\u00e3os n\u00e3o conseguirem executar despesa na totalidade. Isso tamb\u00e9m pode reduzir o d\u00e9ficit estimado neste relat\u00f3rio&#8221;, disse.<\/p>\n\n\n\n<p>De qualquer modo, a secret\u00e1ria do Tesouro n\u00e3o tem perspectivas de que as receitas com a <strong>Copel<\/strong> entrem no fiscal de 2023.<\/p>\n\n\n\n<p>(Com informa\u00e7\u00f5es de Estad\u00e3o Conte\u00fado)<\/p>\n\n\n\t<p>\n\t\t<a href=\"https:\/\/lp.suno.com.br\/ebook-como-analisar-uma-acao\/\" target=\"_blank\" data-element=\"shortcode-suno-banner\" title=\"Banner SUNO, clique e saiba mais\">\n\t\t\t<picture>\n\t\t\t\t<source media=\"(max-width: 500px)\" srcset=\"https:\/\/files.sunoresearch.com.br\/n\/uploads\/2023\/12\/Ebook-Acoes-Mobile.jpg\">\n\t\t\t\t<img class=\"newsContent__article__imgCapa newsContent__article__imgCapa--banner\"\n\t\t\t\t\tsrc=\"https:\/\/files.sunoresearch.com.br\/n\/uploads\/2023\/12\/Ebook-Acoes-Desktop.webp\"\n\t\t\t\t\tdata-promo-id=\"311260\"\t\t\t\t\t\t\t\t\t\twidth='1420' height='286'\t\t\t\t\talt=\"https:\/\/files.sunoresearch.com.br\/n\/uploads\/2023\/12\/Ebook-Acoes-Desktop.webp\"\n\t\t\t\t>\n\t\t\t<\/picture>\n\t\t<\/a>\n\t<\/p>\n\n\n","protected":false},"excerpt":{"rendered":"<p>A secret\u00e1ria-adjunta do Tesouro Nacional, Viviane Varga, afirmou que o relat\u00f3rio de avalia\u00e7\u00e3o de receitas e despesas prim\u00e1rias divulgado nesta sexta-feira, 22, n\u00e3o prev\u00ea a entrada de receitas que s\u00e3o devidas \u00e0 Uni\u00e3o dentro do processo de capitaliza\u00e7\u00e3o da Copel. Copel (CPLE6). Foto: Reprodu\u00e7\u00e3o Site RI Varga respondeu que n\u00e3o h\u00e1 perspectiva de essa receita [&hellip;]<\/p>\n","protected":false},"author":173,"featured_media":180323,"comment_status":"closed","ping_status":"closed","sticky":false,"template":"","format":"standard","meta":[],"categories":[64],"tags":[431],"suno_strategy":[],"class_list":["post-460767","post","type-post","status-publish","format-standard","has-post-thumbnail","hentry","category-negocios","tag-copel-cple3-cple5-cple6"],"yoast_head":"<!-- This site is optimized with the Yoast SEO plugin v24.4 - https:\/\/yoast.com\/wordpress\/plugins\/seo\/ -->\n<title>N\u00e3o h\u00e1 perspectivas de receitas com Copel (CPLE6) entrarem no fiscal de 2023<\/title>\n<meta name=\"description\" content=\"N\u00e3o h\u00e1 no momento expectativas para que as receitas com a Copel (CPLE6) entrem no fiscal de 2023. Veja o que disse a secret\u00e1ria do Tesouro\" \/>\n<meta name=\"robots\" content=\"index, follow, max-snippet:-1, max-image-preview:large, max-video-preview:-1\" \/>\n<link rel=\"canonical\" href=\"https:\/\/www.suno.com.br\/noticias\/receitas-copel-cple6-fiscal-2023-secretaria-tesouro-jvj\/\" \/>\n<meta property=\"og:locale\" content=\"pt_BR\" \/>\n<meta property=\"og:type\" content=\"article\" \/>\n<meta property=\"og:title\" content=\"N\u00e3o h\u00e1 perspectivas de receitas com Copel (CPLE6) entrarem no fiscal de 2023\" \/>\n<meta property=\"og:description\" content=\"N\u00e3o h\u00e1 no momento expectativas para que as receitas com a Copel (CPLE6) entrem no fiscal de 2023. Veja o que disse a secret\u00e1ria do Tesouro\" \/>\n<meta property=\"og:url\" content=\"https:\/\/www.suno.com.br\/noticias\/receitas-copel-cple6-fiscal-2023-secretaria-tesouro-jvj\/\" \/>\n<meta property=\"og:site_name\" content=\"Suno Not\u00edcias\" \/>\n<meta property=\"article:publisher\" content=\"https:\/\/facebook.com\/sunoresearch\" \/>\n<meta property=\"og:image\" content=\"https:\/\/files.sunoresearch.com.br\/n\/uploads\/2021\/09\/Devara-1-3_Easy-Resize.com_.jpg\" \/>\n\t<meta property=\"og:image:width\" content=\"1280\" \/>\n\t<meta property=\"og:image:height\" content=\"853\" \/>\n\t<meta property=\"og:image:type\" content=\"image\/jpeg\" \/>\n<meta name=\"author\" content=\"Jo\u00e3o Vitor\" \/>\n<meta name=\"twitter:card\" content=\"summary_large_image\" \/>\n<meta name=\"twitter:creator\" content=\"@sunoresearch\" \/>\n<meta name=\"twitter:site\" content=\"@sunoresearch\" \/>\n<meta name=\"twitter:label1\" content=\"Escrito por\" \/>\n\t<meta name=\"twitter:data1\" content=\"Jo\u00e3o Vitor\" \/>\n\t<meta name=\"twitter:label2\" content=\"Est. tempo de leitura\" \/>\n\t<meta name=\"twitter:data2\" content=\"3 minutos\" \/>\n<script type=\"application\/ld+json\" class=\"yoast-schema-graph\">{\"@context\":\"https:\/\/schema.org\",\"@graph\":[{\"@type\":\"NewsArticle\",\"@id\":\"https:\/\/www.suno.com.br\/noticias\/receitas-copel-cple6-fiscal-2023-secretaria-tesouro-jvj\/#article\",\"isPartOf\":{\"@id\":\"https:\/\/www.suno.com.br\/noticias\/receitas-copel-cple6-fiscal-2023-secretaria-tesouro-jvj\/\"},\"author\":{\"name\":\"Jo\u00e3o Vitor\",\"@id\":\"https:\/\/www.suno.com.br\/noticias\/#\/schema\/person\/87fc6973867c52dd884811905c43afba\"},\"headline\":\"N\u00e3o h\u00e1 perspectivas de receitas com Copel (CPLE6) entrarem no fiscal de 2023, diz secret\u00e1ria do Tesouro\",\"datePublished\":\"2023-09-23T14:43:43+00:00\",\"dateModified\":\"2023-09-23T14:44:06+00:00\",\"mainEntityOfPage\":{\"@id\":\"https:\/\/www.suno.com.br\/noticias\/receitas-copel-cple6-fiscal-2023-secretaria-tesouro-jvj\/\"},\"wordCount\":488,\"publisher\":{\"@id\":\"https:\/\/www.suno.com.br\/noticias\/#organization\"},\"image\":{\"@id\":\"https:\/\/www.suno.com.br\/noticias\/receitas-copel-cple6-fiscal-2023-secretaria-tesouro-jvj\/#primaryimage\"},\"thumbnailUrl\":\"https:\/\/files.sunoresearch.com.br\/n\/uploads\/2021\/09\/Devara-1-3_Easy-Resize.com_.jpg\",\"keywords\":[\"Copel (CPLE3\/CPLE5\/CPLE6)\"],\"articleSection\":[\"Neg\u00f3cios\"],\"inLanguage\":\"pt-BR\"},{\"@type\":\"WebPage\",\"@id\":\"https:\/\/www.suno.com.br\/noticias\/receitas-copel-cple6-fiscal-2023-secretaria-tesouro-jvj\/\",\"url\":\"https:\/\/www.suno.com.br\/noticias\/receitas-copel-cple6-fiscal-2023-secretaria-tesouro-jvj\/\",\"name\":\"N\u00e3o h\u00e1 perspectivas de receitas com Copel (CPLE6) entrarem no fiscal de 2023\",\"isPartOf\":{\"@id\":\"https:\/\/www.suno.com.br\/noticias\/#website\"},\"primaryImageOfPage\":{\"@id\":\"https:\/\/www.suno.com.br\/noticias\/receitas-copel-cple6-fiscal-2023-secretaria-tesouro-jvj\/#primaryimage\"},\"image\":{\"@id\":\"https:\/\/www.suno.com.br\/noticias\/receitas-copel-cple6-fiscal-2023-secretaria-tesouro-jvj\/#primaryimage\"},\"thumbnailUrl\":\"https:\/\/files.sunoresearch.com.br\/n\/uploads\/2021\/09\/Devara-1-3_Easy-Resize.com_.jpg\",\"datePublished\":\"2023-09-23T14:43:43+00:00\",\"dateModified\":\"2023-09-23T14:44:06+00:00\",\"description\":\"N\u00e3o h\u00e1 no momento expectativas para que as receitas com a Copel (CPLE6) entrem no fiscal de 2023. Veja o que disse a secret\u00e1ria do Tesouro\",\"breadcrumb\":{\"@id\":\"https:\/\/www.suno.com.br\/noticias\/receitas-copel-cple6-fiscal-2023-secretaria-tesouro-jvj\/#breadcrumb\"},\"inLanguage\":\"pt-BR\",\"potentialAction\":[{\"@type\":\"ReadAction\",\"target\":[\"https:\/\/www.suno.com.br\/noticias\/receitas-copel-cple6-fiscal-2023-secretaria-tesouro-jvj\/\"]}]},{\"@type\":\"ImageObject\",\"inLanguage\":\"pt-BR\",\"@id\":\"https:\/\/www.suno.com.br\/noticias\/receitas-copel-cple6-fiscal-2023-secretaria-tesouro-jvj\/#primaryimage\",\"url\":\"https:\/\/files.sunoresearch.com.br\/n\/uploads\/2021\/09\/Devara-1-3_Easy-Resize.com_.jpg\",\"contentUrl\":\"https:\/\/files.sunoresearch.com.br\/n\/uploads\/2021\/09\/Devara-1-3_Easy-Resize.com_.jpg\",\"width\":1280,\"height\":853,\"caption\":\"Copel (CPLE6). Foto: Reprodu\u00e7\u00e3o Site RI\"},{\"@type\":\"BreadcrumbList\",\"@id\":\"https:\/\/www.suno.com.br\/noticias\/receitas-copel-cple6-fiscal-2023-secretaria-tesouro-jvj\/#breadcrumb\",\"itemListElement\":[{\"@type\":\"ListItem\",\"position\":1,\"name\":\"Not\u00edcias\",\"item\":\"https:\/\/www.suno.com.br\/noticias\/\"},{\"@type\":\"ListItem\",\"position\":2,\"name\":\"Neg\u00f3cios\",\"item\":\"https:\/\/www.suno.com.br\/noticias\/negocios\/\"},{\"@type\":\"ListItem\",\"position\":3,\"name\":\"N\u00e3o h\u00e1 perspectivas de receitas com Copel (CPLE6) entrarem no fiscal de 2023, diz secret\u00e1ria do Tesouro\"}]},{\"@type\":\"WebSite\",\"@id\":\"https:\/\/www.suno.com.br\/noticias\/#website\",\"url\":\"https:\/\/www.suno.com.br\/noticias\/\",\"name\":\"Suno Not\u00edcias\",\"description\":\"Seu portal de informa\u00e7\u00e3o sobre o mundo dos investimentos\",\"publisher\":{\"@id\":\"https:\/\/www.suno.com.br\/noticias\/#organization\"},\"potentialAction\":[{\"@type\":\"SearchAction\",\"target\":{\"@type\":\"EntryPoint\",\"urlTemplate\":\"https:\/\/www.suno.com.br\/noticias\/?s={search_term_string}\"},\"query-input\":{\"@type\":\"PropertyValueSpecification\",\"valueRequired\":true,\"valueName\":\"search_term_string\"}}],\"inLanguage\":\"pt-BR\"},{\"@type\":\"Organization\",\"@id\":\"https:\/\/www.suno.com.br\/noticias\/#organization\",\"name\":\"Suno Not\u00edcias\",\"url\":\"https:\/\/www.suno.com.br\/noticias\/\",\"logo\":{\"@type\":\"ImageObject\",\"inLanguage\":\"pt-BR\",\"@id\":\"https:\/\/www.suno.com.br\/noticias\/#\/schema\/logo\/image\/\",\"url\":\"https:\/\/files.sunoresearch.com.br\/n\/uploads\/2021\/09\/suno-logo.png\",\"contentUrl\":\"https:\/\/files.sunoresearch.com.br\/n\/uploads\/2021\/09\/suno-logo.png\",\"width\":180,\"height\":180,\"caption\":\"Suno Not\u00edcias\"},\"image\":{\"@id\":\"https:\/\/www.suno.com.br\/noticias\/#\/schema\/logo\/image\/\"},\"sameAs\":[\"https:\/\/facebook.com\/sunoresearch\",\"https:\/\/x.com\/sunoresearch\",\"https:\/\/www.instagram.com\/suno\",\"https:\/\/www.linkedin.com\/company\/suno-research\/\",\"https:\/\/www.youtube.com\/c\/sunoresearch\"]},{\"@type\":\"Person\",\"@id\":\"https:\/\/www.suno.com.br\/noticias\/#\/schema\/person\/87fc6973867c52dd884811905c43afba\",\"name\":\"Jo\u00e3o Vitor\",\"image\":{\"@type\":\"ImageObject\",\"inLanguage\":\"pt-BR\",\"@id\":\"https:\/\/www.suno.com.br\/noticias\/#\/schema\/person\/image\/\",\"url\":\"https:\/\/secure.gravatar.com\/avatar\/2843227ca03ccf8cc7ccca45204c127e?s=96&r=g\",\"contentUrl\":\"https:\/\/secure.gravatar.com\/avatar\/2843227ca03ccf8cc7ccca45204c127e?s=96&r=g\",\"caption\":\"Jo\u00e3o Vitor\"},\"description\":\"Redator profissional, com atua\u00e7\u00e3o no mercado editorial na produ\u00e7\u00e3o de not\u00edcias e conte\u00fados sobre o mercado de a\u00e7\u00f5es, fundos imobili\u00e1rios e economia popular. Graduando em Engenharia Qu\u00edmica pela Unesp, tamb\u00e9m j\u00e1 atuou como consultor financeiro.\",\"url\":\"https:\/\/www.suno.com.br\/noticias\/author\/joao-vitor-jacintho\/\"}]}<\/script>\n<!-- \/ Yoast SEO plugin. -->","yoast_head_json":{"title":"N\u00e3o h\u00e1 perspectivas de receitas com Copel (CPLE6) entrarem no fiscal de 2023","description":"N\u00e3o h\u00e1 no momento expectativas para que as receitas com a Copel (CPLE6) entrem no fiscal de 2023. Veja o que disse a secret\u00e1ria do Tesouro","robots":{"index":"index","follow":"follow","max-snippet":"max-snippet:-1","max-image-preview":"max-image-preview:large","max-video-preview":"max-video-preview:-1"},"canonical":"https:\/\/www.suno.com.br\/noticias\/receitas-copel-cple6-fiscal-2023-secretaria-tesouro-jvj\/","og_locale":"pt_BR","og_type":"article","og_title":"N\u00e3o h\u00e1 perspectivas de receitas com Copel (CPLE6) entrarem no fiscal de 2023","og_description":"N\u00e3o h\u00e1 no momento expectativas para que as receitas com a Copel (CPLE6) entrem no fiscal de 2023. Veja o que disse a secret\u00e1ria do Tesouro","og_url":"https:\/\/www.suno.com.br\/noticias\/receitas-copel-cple6-fiscal-2023-secretaria-tesouro-jvj\/","og_site_name":"Suno Not\u00edcias","article_publisher":"https:\/\/facebook.com\/sunoresearch","og_image":[{"width":1280,"height":853,"url":"https:\/\/files.sunoresearch.com.br\/n\/uploads\/2021\/09\/Devara-1-3_Easy-Resize.com_.jpg","type":"image\/jpeg"}],"author":"Jo\u00e3o Vitor","twitter_card":"summary_large_image","twitter_creator":"@sunoresearch","twitter_site":"@sunoresearch","twitter_misc":{"Escrito por":"Jo\u00e3o Vitor","Est. tempo de leitura":"3 minutos"},"schema":{"@context":"https:\/\/schema.org","@graph":[{"@type":"NewsArticle","@id":"https:\/\/www.suno.com.br\/noticias\/receitas-copel-cple6-fiscal-2023-secretaria-tesouro-jvj\/#article","isPartOf":{"@id":"https:\/\/www.suno.com.br\/noticias\/receitas-copel-cple6-fiscal-2023-secretaria-tesouro-jvj\/"},"author":{"name":"Jo\u00e3o Vitor","@id":"https:\/\/www.suno.com.br\/noticias\/#\/schema\/person\/87fc6973867c52dd884811905c43afba"},"headline":"N\u00e3o h\u00e1 perspectivas de receitas com Copel (CPLE6) entrarem no fiscal de 2023, diz secret\u00e1ria do Tesouro","datePublished":"2023-09-23T14:43:43+00:00","dateModified":"2023-09-23T14:44:06+00:00","mainEntityOfPage":{"@id":"https:\/\/www.suno.com.br\/noticias\/receitas-copel-cple6-fiscal-2023-secretaria-tesouro-jvj\/"},"wordCount":488,"publisher":{"@id":"https:\/\/www.suno.com.br\/noticias\/#organization"},"image":{"@id":"https:\/\/www.suno.com.br\/noticias\/receitas-copel-cple6-fiscal-2023-secretaria-tesouro-jvj\/#primaryimage"},"thumbnailUrl":"https:\/\/files.sunoresearch.com.br\/n\/uploads\/2021\/09\/Devara-1-3_Easy-Resize.com_.jpg","keywords":["Copel (CPLE3\/CPLE5\/CPLE6)"],"articleSection":["Neg\u00f3cios"],"inLanguage":"pt-BR"},{"@type":"WebPage","@id":"https:\/\/www.suno.com.br\/noticias\/receitas-copel-cple6-fiscal-2023-secretaria-tesouro-jvj\/","url":"https:\/\/www.suno.com.br\/noticias\/receitas-copel-cple6-fiscal-2023-secretaria-tesouro-jvj\/","name":"N\u00e3o h\u00e1 perspectivas de receitas com Copel (CPLE6) entrarem no fiscal de 2023","isPartOf":{"@id":"https:\/\/www.suno.com.br\/noticias\/#website"},"primaryImageOfPage":{"@id":"https:\/\/www.suno.com.br\/noticias\/receitas-copel-cple6-fiscal-2023-secretaria-tesouro-jvj\/#primaryimage"},"image":{"@id":"https:\/\/www.suno.com.br\/noticias\/receitas-copel-cple6-fiscal-2023-secretaria-tesouro-jvj\/#primaryimage"},"thumbnailUrl":"https:\/\/files.sunoresearch.com.br\/n\/uploads\/2021\/09\/Devara-1-3_Easy-Resize.com_.jpg","datePublished":"2023-09-23T14:43:43+00:00","dateModified":"2023-09-23T14:44:06+00:00","description":"N\u00e3o h\u00e1 no momento expectativas para que as receitas com a Copel (CPLE6) entrem no fiscal de 2023. Veja o que disse a secret\u00e1ria do Tesouro","breadcrumb":{"@id":"https:\/\/www.suno.com.br\/noticias\/receitas-copel-cple6-fiscal-2023-secretaria-tesouro-jvj\/#breadcrumb"},"inLanguage":"pt-BR","potentialAction":[{"@type":"ReadAction","target":["https:\/\/www.suno.com.br\/noticias\/receitas-copel-cple6-fiscal-2023-secretaria-tesouro-jvj\/"]}]},{"@type":"ImageObject","inLanguage":"pt-BR","@id":"https:\/\/www.suno.com.br\/noticias\/receitas-copel-cple6-fiscal-2023-secretaria-tesouro-jvj\/#primaryimage","url":"https:\/\/files.sunoresearch.com.br\/n\/uploads\/2021\/09\/Devara-1-3_Easy-Resize.com_.jpg","contentUrl":"https:\/\/files.sunoresearch.com.br\/n\/uploads\/2021\/09\/Devara-1-3_Easy-Resize.com_.jpg","width":1280,"height":853,"caption":"Copel (CPLE6). Foto: Reprodu\u00e7\u00e3o Site RI"},{"@type":"BreadcrumbList","@id":"https:\/\/www.suno.com.br\/noticias\/receitas-copel-cple6-fiscal-2023-secretaria-tesouro-jvj\/#breadcrumb","itemListElement":[{"@type":"ListItem","position":1,"name":"Not\u00edcias","item":"https:\/\/www.suno.com.br\/noticias\/"},{"@type":"ListItem","position":2,"name":"Neg\u00f3cios","item":"https:\/\/www.suno.com.br\/noticias\/negocios\/"},{"@type":"ListItem","position":3,"name":"N\u00e3o h\u00e1 perspectivas de receitas com Copel (CPLE6) entrarem no fiscal de 2023, diz secret\u00e1ria do Tesouro"}]},{"@type":"WebSite","@id":"https:\/\/www.suno.com.br\/noticias\/#website","url":"https:\/\/www.suno.com.br\/noticias\/","name":"Suno Not\u00edcias","description":"Seu portal de informa\u00e7\u00e3o sobre o mundo dos investimentos","publisher":{"@id":"https:\/\/www.suno.com.br\/noticias\/#organization"},"potentialAction":[{"@type":"SearchAction","target":{"@type":"EntryPoint","urlTemplate":"https:\/\/www.suno.com.br\/noticias\/?s={search_term_string}"},"query-input":{"@type":"PropertyValueSpecification","valueRequired":true,"valueName":"search_term_string"}}],"inLanguage":"pt-BR"},{"@type":"Organization","@id":"https:\/\/www.suno.com.br\/noticias\/#organization","name":"Suno Not\u00edcias","url":"https:\/\/www.suno.com.br\/noticias\/","logo":{"@type":"ImageObject","inLanguage":"pt-BR","@id":"https:\/\/www.suno.com.br\/noticias\/#\/schema\/logo\/image\/","url":"https:\/\/files.sunoresearch.com.br\/n\/uploads\/2021\/09\/suno-logo.png","contentUrl":"https:\/\/files.sunoresearch.com.br\/n\/uploads\/2021\/09\/suno-logo.png","width":180,"height":180,"caption":"Suno Not\u00edcias"},"image":{"@id":"https:\/\/www.suno.com.br\/noticias\/#\/schema\/logo\/image\/"},"sameAs":["https:\/\/facebook.com\/sunoresearch","https:\/\/x.com\/sunoresearch","https:\/\/www.instagram.com\/suno","https:\/\/www.linkedin.com\/company\/suno-research\/","https:\/\/www.youtube.com\/c\/sunoresearch"]},{"@type":"Person","@id":"https:\/\/www.suno.com.br\/noticias\/#\/schema\/person\/87fc6973867c52dd884811905c43afba","name":"Jo\u00e3o Vitor","image":{"@type":"ImageObject","inLanguage":"pt-BR","@id":"https:\/\/www.suno.com.br\/noticias\/#\/schema\/person\/image\/","url":"https:\/\/secure.gravatar.com\/avatar\/2843227ca03ccf8cc7ccca45204c127e?s=96&r=g","contentUrl":"https:\/\/secure.gravatar.com\/avatar\/2843227ca03ccf8cc7ccca45204c127e?s=96&r=g","caption":"Jo\u00e3o Vitor"},"description":"Redator profissional, com atua\u00e7\u00e3o no mercado editorial na produ\u00e7\u00e3o de not\u00edcias e conte\u00fados sobre o mercado de a\u00e7\u00f5es, fundos imobili\u00e1rios e economia popular. Graduando em Engenharia Qu\u00edmica pela Unesp, tamb\u00e9m j\u00e1 atuou como consultor financeiro.","url":"https:\/\/www.suno.com.br\/noticias\/author\/joao-vitor-jacintho\/"}]}},"default_loop_html":"<div class=\"cardsPage__listCard__boxs\"><div class=\"cardsPage__listCard__boxs__img\"><a href=\"https:\/\/www.suno.com.br\/noticias\/receitas-copel-cple6-fiscal-2023-secretaria-tesouro-jvj\/\"><img class=\"mask\" src=\"https:\/\/www.suno.com.br\/noticias\/wp-content\/themes\/suno\/resources\/images\/spotlight\/spotlight1img\/bg-mask.png\" alt=\"Image Mask\"\/><img src=\"https:\/\/files.sunoresearch.com.br\/n\/uploads\/2021\/09\/Devara-1-3_Easy-Resize.com_-400x200.jpg\" alt=\"N\u00e3o h\u00e1 perspectivas de receitas com Copel (CPLE6) entrarem no fiscal de 2023, diz secret\u00e1ria do Tesouro\"\/><\/a><span class=\"spotlightCategory\"><a href=\"https:\/\/www.suno.com.br\/noticias\/negocios\/\">Neg\u00f3cios<\/a><\/span><\/div><div class=\"cardsPage__listCard__boxs__content\"><a href=\"https:\/\/www.suno.com.br\/noticias\/receitas-copel-cple6-fiscal-2023-secretaria-tesouro-jvj\/\"><h2 class=\"content__title\">N\u00e3o h\u00e1 perspectivas de receitas com Copel (CPLE6) entrarem no fiscal de 2023, diz secret\u00e1ria do Tesouro<\/h2><\/a><div class=\"newsContent__article__meta\"><div class=\"newsContent__article__meta__authorBox\"><a href=\"https:\/\/www.suno.com.br\/noticias\/author\/joao-vitor-jacintho\/\" class=\"authorBox__avatar noMobi\"><img src=\"https:\/\/secure.gravatar.com\/avatar\/2843227ca03ccf8cc7ccca45204c127e?s=96&#038;r=g\" alt=\"Jo\u00e3o Vitor Jacintho\"><\/a><div class=\"authorBox__name\"><span>por\n\t\t\t<a href=\"https:\/\/www.suno.com.br\/noticias\/author\/joao-vitor-jacintho\/\"><span itemprop=\"author\">Jo\u00e3o Vitor Jacintho<\/span><\/a><\/span><time datetime=\"2023-09-23T11:43:43-03:00\" itemprop=\"datePublished\">23\/09\/2023 11:43<\/time><\/div><\/div><\/div><\/div><\/div>","single_layout":"posts","amp_enabled":true,"_links":{"self":[{"href":"https:\/\/www.suno.com.br\/noticias\/wp-json\/wp\/v2\/posts\/460767"}],"collection":[{"href":"https:\/\/www.suno.com.br\/noticias\/wp-json\/wp\/v2\/posts"}],"about":[{"href":"https:\/\/www.suno.com.br\/noticias\/wp-json\/wp\/v2\/types\/post"}],"author":[{"embeddable":true,"href":"https:\/\/www.suno.com.br\/noticias\/wp-json\/wp\/v2\/users\/173"}],"replies":[{"embeddable":true,"href":"https:\/\/www.suno.com.br\/noticias\/wp-json\/wp\/v2\/comments?post=460767"}],"version-history":[{"count":3,"href":"https:\/\/www.suno.com.br\/noticias\/wp-json\/wp\/v2\/posts\/460767\/revisions"}],"predecessor-version":[{"id":460944,"href":"https:\/\/www.suno.com.br\/noticias\/wp-json\/wp\/v2\/posts\/460767\/revisions\/460944"}],"wp:featuredmedia":[{"embeddable":true,"href":"https:\/\/www.suno.com.br\/noticias\/wp-json\/wp\/v2\/media\/180323"}],"wp:attachment":[{"href":"https:\/\/www.suno.com.br\/noticias\/wp-json\/wp\/v2\/media?parent=460767"}],"wp:term":[{"taxonomy":"category","embeddable":true,"href":"https:\/\/www.suno.com.br\/noticias\/wp-json\/wp\/v2\/categories?post=460767"},{"taxonomy":"post_tag","embeddable":true,"href":"https:\/\/www.suno.com.br\/noticias\/wp-json\/wp\/v2\/tags?post=460767"},{"taxonomy":"suno_strategy","embeddable":true,"href":"https:\/\/www.suno.com.br\/noticias\/wp-json\/wp\/v2\/suno_strategy?post=460767"}],"curies":[{"name":"wp","href":"https:\/\/api.w.org\/{rel}","templated":true}]}}