{"id":460539,"date":"2023-09-22T12:52:34","date_gmt":"2023-09-22T15:52:34","guid":{"rendered":"https:\/\/www.suno.com.br\/noticias\/?p=460539"},"modified":"2023-09-22T12:52:39","modified_gmt":"2023-09-22T15:52:39","slug":"amazon-prime-video-anuncios-2024-evm","status":"publish","type":"post","link":"https:\/\/www.suno.com.br\/noticias\/amazon-prime-video-anuncios-2024-evm\/","title":{"rendered":"Prime Video ter\u00e1 an\u00fancios a partir de 2024, diz Amazon (AMZO34)"},"content":{"rendered":"<p>A <a href=\"https:\/\/www.suno.com.br\/bdrs\/amzo34\/\" target=\"_blank\" rel=\"noreferrer noopener\">Amazon (AMZO34)<\/a> disse que ir\u00e1 inserir an\u00fancios limitados em sua plataforma de streaming de filmes e s\u00e9ries, o <strong>Prime Video<\/strong>, a partir do in\u00edcio de 2024.<\/p>\t<div class=\"wrapper-featured-image\">\n\t\t<figure class=\"spotlightImg\">\n\n\t\t\t<picture>\n\t\t\t\t<source media=\"(max-width: 768px)\" srcset=\"https:\/\/files.sunoresearch.com.br\/n\/uploads\/2022\/05\/amazonprime-1280x720-1-400x200.jpg\">\n\t\t\t\t<img loading=\"lazy\" decoding=\"async\" class=\"newsContent__article__imgCapa lazyloadDisabled \" src=\"https:\/\/files.sunoresearch.com.br\/n\/uploads\/2022\/05\/amazonprime-1280x720-1-800x450.jpg\" width=\"800\" height=\"450\" alt=\"Prime Video ter\u00e1 an\u00fancios a partir de 2024, diz Amazon (AMZO34)\" fetchpriority=high \/>\n\t\t\t<\/picture>\n\n\t\t\t<figcaption class=\"wp-caption-text wp-caption-text--show\">Amazon Prime. Foto: Reprodu\u00e7\u00e3o\/ site<\/figcaption>\n\t\t<\/figure>\n\t<\/div>\n\n\n\n\n\n\t<p>\n\t\t<a href=\"https:\/\/lp.suno.com.br\/planilha-da-vida-financeira\/\" target=\"_blank\" data-element=\"shortcode-suno-banner\" title=\"Banner SUNO, clique e saiba mais\">\n\t\t\t<picture>\n\t\t\t\t<source media=\"(max-width: 500px)\" srcset=\"https:\/\/files.sunoresearch.com.br\/n\/uploads\/2023\/04\/400x300-Planilha-vida-financeira-true.png\">\n\t\t\t\t<img class=\"newsContent__article__imgCapa newsContent__article__imgCapa--banner\"\n\t\t\t\t\tsrc=\"https:\/\/files.sunoresearch.com.br\/n\/uploads\/2023\/04\/1420x240-Planilha-vida-financeira-true.png\"\n\t\t\t\t\tdata-promo-id=\"106682\"\t\t\t\t\t\t\t\t\t\twidth='1420' height='240'\t\t\t\t\talt=\"https:\/\/files.sunoresearch.com.br\/n\/uploads\/2023\/04\/1420x240-Planilha-vida-financeira-true.png\"\n\t\t\t\t>\n\t\t\t<\/picture>\n\t\t<\/a>\n\t<\/p>\n\n\n\n\n\n\n\n<p>Em postagem em sua p\u00e1gina nesta sexta-feira (22), a <strong>Amazon<\/strong> afirmou que a decis\u00e3o tem o objetivo de permitir que ela continue investindo em &#8220;conte\u00fado atraente&#8221; para o Prime Video.<\/p>\n\n\n\n<p>&#8220;Nosso objetivo \u00e9 ter significativamente menos <strong>an\u00fancios<\/strong> do que a TV linear e outros provedores de streaming de TV&#8221;, esclareceu a Amazon.<\/p>\n\n\n\n<p>Os an\u00fancios ser\u00e3o inicialmente veiculados nos EUA, Reino Unido, Alemanha e Canad\u00e1, no in\u00edcio de 2024.<\/p>\n\n\n\n<p>Mais adiante, tamb\u00e9m no pr\u00f3ximo ano, a iniciativa chegar\u00e1 a Fran\u00e7a, It\u00e1lia, Espanha, M\u00e9xico e Austr\u00e1lia.<\/p>\n\n\n\n<h2 class=\"wp-block-heading\">Ap\u00f3s Shopee, Amazon pede ades\u00e3o ao Remessa Conforme<\/h2>\n\n\n\n<p>Ap\u00f3s a <strong>Shopee <\/strong>ter formalizado seu pedido de ades\u00e3o ao Remessa Conforme, iniciativa do governo federal que oferece isen\u00e7\u00e3o federal a compras do exterior de at\u00e9 US$ 50 em troca de tratamento alfandeg\u00e1rio mais r\u00e1pido, na \u00faltima sexta-feira (15), foi a vez da Amazon e do Mercado Livre (<a href=\"https:\/\/www.suno.com.br\/bdrs\/meli34\/\">MELI34<\/a>) tamb\u00e9m solicitarem participa\u00e7\u00e3o ao programa.<\/p>\n\n\n\n<p>Segundo a <strong>Receita Federal<\/strong>, antes da disposi\u00e7\u00e3o das tr\u00eas empresas de aderirem ao <strong>Remessa Conforme<\/strong>, as companhias j\u00e1 certificadas representavam cerca de 67% do volume de remessas enviadas ao pa\u00eds.<\/p>\n\n\n\n<p>Para a ades\u00e3o ao programa ser oficializada, as empresas precisam adequar os sites \u00e0s suas exig\u00eancias. As empresas passar\u00e3o a inserir nas p\u00e1ginas as informa\u00e7\u00f5es da compra no exterior antes da chegada da encomenda ao Brasil.<\/p>\n\n\n\n<p>Os dados s\u00e3o enviados aos <strong>Correios<\/strong> ou \u00e0s transportadoras autorizadas, que registram a declara\u00e7\u00e3o aduaneira relativa a esse tipo de importa\u00e7\u00e3o. Isso impede que a mercadoria fique retida em unidades dos Correios, aguardando a libera\u00e7\u00e3o da <a class=\"suno-keyword\" target=\"_blank\" data-force=\"no\" data-priority=\"3\" href=\"https:\/\/www.suno.com.br\/artigos\/receita-federal\/\" rel=\"noopener\">Receita Federal<\/a>.<\/p>\n\n\n\n<p>Apesar da<strong>&nbsp;isen\u00e7\u00e3o federal<\/strong>, as mercadorias de at\u00e9 US$ 50 pagam 17% de Imposto sobre a Circula\u00e7\u00e3o de Mercadorias e Servi\u00e7os (ICMS), tributo arrecadado pelos estados. Como o pagamento do imposto tamb\u00e9m \u00e9 realizado de forma antecipada, as encomendas podem ser liberadas antes mesmo da chegada ao territ\u00f3rio nacional.<\/p>\n\n\n\n<p>Nos pr\u00f3ximos meses, o&nbsp;<a href=\"https:\/\/www.suno.com.br\/artigos\/ministerio-da-fazenda\/\" target=\"_blank\" rel=\"noreferrer noopener\">Minist\u00e9rio da Fazenda<\/a>&nbsp;pretende anunciar a recomposi\u00e7\u00e3o parcial do Imposto de Importa\u00e7\u00e3o. No entanto, a nova al\u00edquota ficar\u00e1 abaixo dos 60% para as empresas que n\u00e3o fazem parte do Remessa Conforme e cujas encomendas s\u00e3o pegas pela fiscaliza\u00e7\u00e3o da <a class=\"suno-keyword\" target=\"_blank\" data-force=\"no\" data-priority=\"3\" href=\"https:\/\/www.suno.com.br\/artigos\/receita-federal\/\" rel=\"noopener\">Receita Federal<\/a>.<\/p>\n\n\n\n<p>Com Estad\u00e3o Conte\u00fado<\/p>\n\n\n\t<p>\n\t\t<a href=\"https:\/\/lp.suno.com.br\/ebook-como-analisar-uma-acao\/\" target=\"_blank\" data-element=\"shortcode-suno-banner\" title=\"Banner SUNO, clique e saiba mais\">\n\t\t\t<picture>\n\t\t\t\t<source media=\"(max-width: 500px)\" srcset=\"https:\/\/files.sunoresearch.com.br\/n\/uploads\/2023\/03\/Ebook-Acoes-Mobile.jpg\">\n\t\t\t\t<img class=\"newsContent__article__imgCapa newsContent__article__imgCapa--banner\"\n\t\t\t\t\tsrc=\"https:\/\/files.sunoresearch.com.br\/n\/uploads\/2023\/03\/Ebook-Acoes-Desktop.jpg\"\n\t\t\t\t\tdata-promo-id=\"378302\"\t\t\t\t\t\t\t\t\t\twidth='1420' height='286'\t\t\t\t\talt=\"https:\/\/files.sunoresearch.com.br\/n\/uploads\/2023\/03\/Ebook-Acoes-Desktop.jpg\"\n\t\t\t\t>\n\t\t\t<\/picture>\n\t\t<\/a>\n\t<\/p>\n\n\n","protected":false},"excerpt":{"rendered":"<p>A Amazon (AMZO34) disse que ir\u00e1 inserir an\u00fancios limitados em sua plataforma de streaming de filmes e s\u00e9ries, o Prime Video, a partir do in\u00edcio de 2024. Amazon Prime. Foto: Reprodu\u00e7\u00e3o\/ site Em postagem em sua p\u00e1gina nesta sexta-feira (22), a Amazon afirmou que a decis\u00e3o tem o objetivo de permitir que ela continue investindo [&hellip;]<\/p>\n","protected":false},"author":73,"featured_media":256032,"comment_status":"closed","ping_status":"closed","sticky":false,"template":"","format":"standard","meta":[],"categories":[64],"tags":[106444,694,1978],"suno_strategy":[],"class_list":["post-460539","post","type-post","status-publish","format-standard","has-post-thumbnail","hentry","category-negocios","tag-agencias","tag-amazon-amzo34","tag-amazon-prime"],"yoast_head":"<!-- This site is optimized with the Yoast SEO plugin v24.4 - https:\/\/yoast.com\/wordpress\/plugins\/seo\/ -->\n<title>Prime Video ter\u00e1 an\u00fancios a partir de 2024, diz Amazon (AMZO34)<\/title>\n<meta name=\"description\" content=\"Segundo a Amazon, decis\u00e3o tem o objetivo de permitir que ela continue investindo em &quot;conte\u00fado atraente&quot; para o Prime Video\" \/>\n<meta name=\"robots\" content=\"index, follow, max-snippet:-1, max-image-preview:large, max-video-preview:-1\" \/>\n<link rel=\"canonical\" href=\"https:\/\/www.suno.com.br\/noticias\/amazon-prime-video-anuncios-2024-evm\/\" \/>\n<meta property=\"og:locale\" content=\"pt_BR\" \/>\n<meta property=\"og:type\" content=\"article\" \/>\n<meta property=\"og:title\" content=\"Prime Video ter\u00e1 an\u00fancios a partir de 2024, diz Amazon (AMZO34)\" \/>\n<meta property=\"og:description\" content=\"Segundo a Amazon, decis\u00e3o tem o objetivo de permitir que ela continue investindo em &quot;conte\u00fado atraente&quot; para o Prime Video\" \/>\n<meta property=\"og:url\" content=\"https:\/\/www.suno.com.br\/noticias\/amazon-prime-video-anuncios-2024-evm\/\" \/>\n<meta property=\"og:site_name\" content=\"Suno Not\u00edcias\" \/>\n<meta property=\"article:publisher\" content=\"https:\/\/facebook.com\/sunoresearch\" \/>\n<meta property=\"og:image\" content=\"https:\/\/files.sunoresearch.com.br\/n\/uploads\/2022\/05\/amazonprime-1280x720-1.jpg\" \/>\n\t<meta property=\"og:image:width\" content=\"1280\" \/>\n\t<meta property=\"og:image:height\" content=\"720\" \/>\n\t<meta property=\"og:image:type\" content=\"image\/jpeg\" \/>\n<meta name=\"author\" content=\"Eduardo Vargas\" \/>\n<meta name=\"twitter:card\" content=\"summary_large_image\" \/>\n<meta name=\"twitter:creator\" content=\"@sunoresearch\" \/>\n<meta name=\"twitter:site\" content=\"@sunoresearch\" \/>\n<meta name=\"twitter:label1\" content=\"Escrito por\" \/>\n\t<meta name=\"twitter:data1\" content=\"Eduardo Vargas\" \/>\n\t<meta name=\"twitter:label2\" content=\"Est. tempo de leitura\" \/>\n\t<meta name=\"twitter:data2\" content=\"3 minutos\" \/>\n<script type=\"application\/ld+json\" class=\"yoast-schema-graph\">{\"@context\":\"https:\/\/schema.org\",\"@graph\":[{\"@type\":\"NewsArticle\",\"@id\":\"https:\/\/www.suno.com.br\/noticias\/amazon-prime-video-anuncios-2024-evm\/#article\",\"isPartOf\":{\"@id\":\"https:\/\/www.suno.com.br\/noticias\/amazon-prime-video-anuncios-2024-evm\/\"},\"author\":{\"name\":\"Eduardo Vargas\",\"@id\":\"https:\/\/www.suno.com.br\/noticias\/#\/schema\/person\/7f4d362bf3518e76090143ae77bb49a5\"},\"headline\":\"Prime Video ter\u00e1 an\u00fancios a partir de 2024, diz Amazon (AMZO34)\",\"datePublished\":\"2023-09-22T15:52:34+00:00\",\"dateModified\":\"2023-09-22T15:52:39+00:00\",\"mainEntityOfPage\":{\"@id\":\"https:\/\/www.suno.com.br\/noticias\/amazon-prime-video-anuncios-2024-evm\/\"},\"wordCount\":435,\"publisher\":{\"@id\":\"https:\/\/www.suno.com.br\/noticias\/#organization\"},\"image\":{\"@id\":\"https:\/\/www.suno.com.br\/noticias\/amazon-prime-video-anuncios-2024-evm\/#primaryimage\"},\"thumbnailUrl\":\"https:\/\/files.sunoresearch.com.br\/n\/uploads\/2022\/05\/amazonprime-1280x720-1.jpg\",\"keywords\":[\"Ag\u00eancias\",\"Amazon (AMZO34)\",\"Amazon Prime\"],\"articleSection\":[\"Neg\u00f3cios\"],\"inLanguage\":\"pt-BR\"},{\"@type\":\"WebPage\",\"@id\":\"https:\/\/www.suno.com.br\/noticias\/amazon-prime-video-anuncios-2024-evm\/\",\"url\":\"https:\/\/www.suno.com.br\/noticias\/amazon-prime-video-anuncios-2024-evm\/\",\"name\":\"Prime Video ter\u00e1 an\u00fancios a partir de 2024, diz Amazon (AMZO34)\",\"isPartOf\":{\"@id\":\"https:\/\/www.suno.com.br\/noticias\/#website\"},\"primaryImageOfPage\":{\"@id\":\"https:\/\/www.suno.com.br\/noticias\/amazon-prime-video-anuncios-2024-evm\/#primaryimage\"},\"image\":{\"@id\":\"https:\/\/www.suno.com.br\/noticias\/amazon-prime-video-anuncios-2024-evm\/#primaryimage\"},\"thumbnailUrl\":\"https:\/\/files.sunoresearch.com.br\/n\/uploads\/2022\/05\/amazonprime-1280x720-1.jpg\",\"datePublished\":\"2023-09-22T15:52:34+00:00\",\"dateModified\":\"2023-09-22T15:52:39+00:00\",\"description\":\"Segundo a Amazon, decis\u00e3o tem o objetivo de permitir que ela continue investindo em \\\"conte\u00fado atraente\\\" para o Prime Video\",\"breadcrumb\":{\"@id\":\"https:\/\/www.suno.com.br\/noticias\/amazon-prime-video-anuncios-2024-evm\/#breadcrumb\"},\"inLanguage\":\"pt-BR\",\"potentialAction\":[{\"@type\":\"ReadAction\",\"target\":[\"https:\/\/www.suno.com.br\/noticias\/amazon-prime-video-anuncios-2024-evm\/\"]}]},{\"@type\":\"ImageObject\",\"inLanguage\":\"pt-BR\",\"@id\":\"https:\/\/www.suno.com.br\/noticias\/amazon-prime-video-anuncios-2024-evm\/#primaryimage\",\"url\":\"https:\/\/files.sunoresearch.com.br\/n\/uploads\/2022\/05\/amazonprime-1280x720-1.jpg\",\"contentUrl\":\"https:\/\/files.sunoresearch.com.br\/n\/uploads\/2022\/05\/amazonprime-1280x720-1.jpg\",\"width\":1280,\"height\":720,\"caption\":\"Amazon Prime. Foto: Reprodu\u00e7\u00e3o\/ site\"},{\"@type\":\"BreadcrumbList\",\"@id\":\"https:\/\/www.suno.com.br\/noticias\/amazon-prime-video-anuncios-2024-evm\/#breadcrumb\",\"itemListElement\":[{\"@type\":\"ListItem\",\"position\":1,\"name\":\"Not\u00edcias\",\"item\":\"https:\/\/www.suno.com.br\/noticias\/\"},{\"@type\":\"ListItem\",\"position\":2,\"name\":\"Neg\u00f3cios\",\"item\":\"https:\/\/www.suno.com.br\/noticias\/negocios\/\"},{\"@type\":\"ListItem\",\"position\":3,\"name\":\"Prime Video ter\u00e1 an\u00fancios a partir de 2024, diz Amazon (AMZO34)\"}]},{\"@type\":\"WebSite\",\"@id\":\"https:\/\/www.suno.com.br\/noticias\/#website\",\"url\":\"https:\/\/www.suno.com.br\/noticias\/\",\"name\":\"Suno Not\u00edcias\",\"description\":\"Seu portal de informa\u00e7\u00e3o sobre o mundo dos investimentos\",\"publisher\":{\"@id\":\"https:\/\/www.suno.com.br\/noticias\/#organization\"},\"potentialAction\":[{\"@type\":\"SearchAction\",\"target\":{\"@type\":\"EntryPoint\",\"urlTemplate\":\"https:\/\/www.suno.com.br\/noticias\/?s={search_term_string}\"},\"query-input\":{\"@type\":\"PropertyValueSpecification\",\"valueRequired\":true,\"valueName\":\"search_term_string\"}}],\"inLanguage\":\"pt-BR\"},{\"@type\":\"Organization\",\"@id\":\"https:\/\/www.suno.com.br\/noticias\/#organization\",\"name\":\"Suno Not\u00edcias\",\"url\":\"https:\/\/www.suno.com.br\/noticias\/\",\"logo\":{\"@type\":\"ImageObject\",\"inLanguage\":\"pt-BR\",\"@id\":\"https:\/\/www.suno.com.br\/noticias\/#\/schema\/logo\/image\/\",\"url\":\"https:\/\/files.sunoresearch.com.br\/n\/uploads\/2021\/09\/suno-logo.png\",\"contentUrl\":\"https:\/\/files.sunoresearch.com.br\/n\/uploads\/2021\/09\/suno-logo.png\",\"width\":180,\"height\":180,\"caption\":\"Suno Not\u00edcias\"},\"image\":{\"@id\":\"https:\/\/www.suno.com.br\/noticias\/#\/schema\/logo\/image\/\"},\"sameAs\":[\"https:\/\/facebook.com\/sunoresearch\",\"https:\/\/x.com\/sunoresearch\",\"https:\/\/www.instagram.com\/suno\",\"https:\/\/www.linkedin.com\/company\/suno-research\/\",\"https:\/\/www.youtube.com\/c\/sunoresearch\"]},{\"@type\":\"Person\",\"@id\":\"https:\/\/www.suno.com.br\/noticias\/#\/schema\/person\/7f4d362bf3518e76090143ae77bb49a5\",\"name\":\"Eduardo Vargas\",\"image\":{\"@type\":\"ImageObject\",\"inLanguage\":\"pt-BR\",\"@id\":\"https:\/\/www.suno.com.br\/noticias\/#\/schema\/person\/image\/\",\"url\":\"https:\/\/secure.gravatar.com\/avatar\/dac340933427a22924c9f99d1eb2e3f2?s=96&r=g\",\"contentUrl\":\"https:\/\/secure.gravatar.com\/avatar\/dac340933427a22924c9f99d1eb2e3f2?s=96&r=g\",\"caption\":\"Eduardo Vargas\"},\"description\":\"Jornalista formado pela UFSC, cobre macroeconomia, neg\u00f3cios e startups para o Suno Not\u00edcias, escrevendo principalmente not\u00edcias sobre o mercado financeiro e a bolsa de valores. No YouTube e no Instagram, \u00e9 respons\u00e1vel pela produ\u00e7\u00e3o de Reels e Shorts do Suno Not\u00edcias. Anteriormente, trabalhou cobrindo economia e cotidiano no ND+ e para o ND, maior jornal impresso de Santa Catarina. Cursou um semestre letivo de Estudos de M\u00eddia na Universidad de Buenos Aires.\",\"url\":\"https:\/\/www.suno.com.br\/noticias\/author\/eduardo-vargas\/\"}]}<\/script>\n<!-- \/ Yoast SEO plugin. -->","yoast_head_json":{"title":"Prime Video ter\u00e1 an\u00fancios a partir de 2024, diz Amazon (AMZO34)","description":"Segundo a Amazon, decis\u00e3o tem o objetivo de permitir que ela continue investindo em \"conte\u00fado atraente\" para o Prime Video","robots":{"index":"index","follow":"follow","max-snippet":"max-snippet:-1","max-image-preview":"max-image-preview:large","max-video-preview":"max-video-preview:-1"},"canonical":"https:\/\/www.suno.com.br\/noticias\/amazon-prime-video-anuncios-2024-evm\/","og_locale":"pt_BR","og_type":"article","og_title":"Prime Video ter\u00e1 an\u00fancios a partir de 2024, diz Amazon (AMZO34)","og_description":"Segundo a Amazon, decis\u00e3o tem o objetivo de permitir que ela continue investindo em \"conte\u00fado atraente\" para o Prime Video","og_url":"https:\/\/www.suno.com.br\/noticias\/amazon-prime-video-anuncios-2024-evm\/","og_site_name":"Suno Not\u00edcias","article_publisher":"https:\/\/facebook.com\/sunoresearch","og_image":[{"width":1280,"height":720,"url":"https:\/\/files.sunoresearch.com.br\/n\/uploads\/2022\/05\/amazonprime-1280x720-1.jpg","type":"image\/jpeg"}],"author":"Eduardo Vargas","twitter_card":"summary_large_image","twitter_creator":"@sunoresearch","twitter_site":"@sunoresearch","twitter_misc":{"Escrito por":"Eduardo Vargas","Est. tempo de leitura":"3 minutos"},"schema":{"@context":"https:\/\/schema.org","@graph":[{"@type":"NewsArticle","@id":"https:\/\/www.suno.com.br\/noticias\/amazon-prime-video-anuncios-2024-evm\/#article","isPartOf":{"@id":"https:\/\/www.suno.com.br\/noticias\/amazon-prime-video-anuncios-2024-evm\/"},"author":{"name":"Eduardo Vargas","@id":"https:\/\/www.suno.com.br\/noticias\/#\/schema\/person\/7f4d362bf3518e76090143ae77bb49a5"},"headline":"Prime Video ter\u00e1 an\u00fancios a partir de 2024, diz Amazon (AMZO34)","datePublished":"2023-09-22T15:52:34+00:00","dateModified":"2023-09-22T15:52:39+00:00","mainEntityOfPage":{"@id":"https:\/\/www.suno.com.br\/noticias\/amazon-prime-video-anuncios-2024-evm\/"},"wordCount":435,"publisher":{"@id":"https:\/\/www.suno.com.br\/noticias\/#organization"},"image":{"@id":"https:\/\/www.suno.com.br\/noticias\/amazon-prime-video-anuncios-2024-evm\/#primaryimage"},"thumbnailUrl":"https:\/\/files.sunoresearch.com.br\/n\/uploads\/2022\/05\/amazonprime-1280x720-1.jpg","keywords":["Ag\u00eancias","Amazon (AMZO34)","Amazon Prime"],"articleSection":["Neg\u00f3cios"],"inLanguage":"pt-BR"},{"@type":"WebPage","@id":"https:\/\/www.suno.com.br\/noticias\/amazon-prime-video-anuncios-2024-evm\/","url":"https:\/\/www.suno.com.br\/noticias\/amazon-prime-video-anuncios-2024-evm\/","name":"Prime Video ter\u00e1 an\u00fancios a partir de 2024, diz Amazon (AMZO34)","isPartOf":{"@id":"https:\/\/www.suno.com.br\/noticias\/#website"},"primaryImageOfPage":{"@id":"https:\/\/www.suno.com.br\/noticias\/amazon-prime-video-anuncios-2024-evm\/#primaryimage"},"image":{"@id":"https:\/\/www.suno.com.br\/noticias\/amazon-prime-video-anuncios-2024-evm\/#primaryimage"},"thumbnailUrl":"https:\/\/files.sunoresearch.com.br\/n\/uploads\/2022\/05\/amazonprime-1280x720-1.jpg","datePublished":"2023-09-22T15:52:34+00:00","dateModified":"2023-09-22T15:52:39+00:00","description":"Segundo a Amazon, decis\u00e3o tem o objetivo de permitir que ela continue investindo em \"conte\u00fado atraente\" para o Prime Video","breadcrumb":{"@id":"https:\/\/www.suno.com.br\/noticias\/amazon-prime-video-anuncios-2024-evm\/#breadcrumb"},"inLanguage":"pt-BR","potentialAction":[{"@type":"ReadAction","target":["https:\/\/www.suno.com.br\/noticias\/amazon-prime-video-anuncios-2024-evm\/"]}]},{"@type":"ImageObject","inLanguage":"pt-BR","@id":"https:\/\/www.suno.com.br\/noticias\/amazon-prime-video-anuncios-2024-evm\/#primaryimage","url":"https:\/\/files.sunoresearch.com.br\/n\/uploads\/2022\/05\/amazonprime-1280x720-1.jpg","contentUrl":"https:\/\/files.sunoresearch.com.br\/n\/uploads\/2022\/05\/amazonprime-1280x720-1.jpg","width":1280,"height":720,"caption":"Amazon Prime. Foto: Reprodu\u00e7\u00e3o\/ site"},{"@type":"BreadcrumbList","@id":"https:\/\/www.suno.com.br\/noticias\/amazon-prime-video-anuncios-2024-evm\/#breadcrumb","itemListElement":[{"@type":"ListItem","position":1,"name":"Not\u00edcias","item":"https:\/\/www.suno.com.br\/noticias\/"},{"@type":"ListItem","position":2,"name":"Neg\u00f3cios","item":"https:\/\/www.suno.com.br\/noticias\/negocios\/"},{"@type":"ListItem","position":3,"name":"Prime Video ter\u00e1 an\u00fancios a partir de 2024, diz Amazon (AMZO34)"}]},{"@type":"WebSite","@id":"https:\/\/www.suno.com.br\/noticias\/#website","url":"https:\/\/www.suno.com.br\/noticias\/","name":"Suno Not\u00edcias","description":"Seu portal de informa\u00e7\u00e3o sobre o mundo dos investimentos","publisher":{"@id":"https:\/\/www.suno.com.br\/noticias\/#organization"},"potentialAction":[{"@type":"SearchAction","target":{"@type":"EntryPoint","urlTemplate":"https:\/\/www.suno.com.br\/noticias\/?s={search_term_string}"},"query-input":{"@type":"PropertyValueSpecification","valueRequired":true,"valueName":"search_term_string"}}],"inLanguage":"pt-BR"},{"@type":"Organization","@id":"https:\/\/www.suno.com.br\/noticias\/#organization","name":"Suno Not\u00edcias","url":"https:\/\/www.suno.com.br\/noticias\/","logo":{"@type":"ImageObject","inLanguage":"pt-BR","@id":"https:\/\/www.suno.com.br\/noticias\/#\/schema\/logo\/image\/","url":"https:\/\/files.sunoresearch.com.br\/n\/uploads\/2021\/09\/suno-logo.png","contentUrl":"https:\/\/files.sunoresearch.com.br\/n\/uploads\/2021\/09\/suno-logo.png","width":180,"height":180,"caption":"Suno Not\u00edcias"},"image":{"@id":"https:\/\/www.suno.com.br\/noticias\/#\/schema\/logo\/image\/"},"sameAs":["https:\/\/facebook.com\/sunoresearch","https:\/\/x.com\/sunoresearch","https:\/\/www.instagram.com\/suno","https:\/\/www.linkedin.com\/company\/suno-research\/","https:\/\/www.youtube.com\/c\/sunoresearch"]},{"@type":"Person","@id":"https:\/\/www.suno.com.br\/noticias\/#\/schema\/person\/7f4d362bf3518e76090143ae77bb49a5","name":"Eduardo Vargas","image":{"@type":"ImageObject","inLanguage":"pt-BR","@id":"https:\/\/www.suno.com.br\/noticias\/#\/schema\/person\/image\/","url":"https:\/\/secure.gravatar.com\/avatar\/dac340933427a22924c9f99d1eb2e3f2?s=96&r=g","contentUrl":"https:\/\/secure.gravatar.com\/avatar\/dac340933427a22924c9f99d1eb2e3f2?s=96&r=g","caption":"Eduardo Vargas"},"description":"Jornalista formado pela UFSC, cobre macroeconomia, neg\u00f3cios e startups para o Suno Not\u00edcias, escrevendo principalmente not\u00edcias sobre o mercado financeiro e a bolsa de valores. No YouTube e no Instagram, \u00e9 respons\u00e1vel pela produ\u00e7\u00e3o de Reels e Shorts do Suno Not\u00edcias. Anteriormente, trabalhou cobrindo economia e cotidiano no ND+ e para o ND, maior jornal impresso de Santa Catarina. Cursou um semestre letivo de Estudos de M\u00eddia na Universidad de Buenos Aires.","url":"https:\/\/www.suno.com.br\/noticias\/author\/eduardo-vargas\/"}]}},"default_loop_html":"<div class=\"cardsPage__listCard__boxs\"><div class=\"cardsPage__listCard__boxs__img\"><a href=\"https:\/\/www.suno.com.br\/noticias\/amazon-prime-video-anuncios-2024-evm\/\"><img class=\"mask\" src=\"https:\/\/www.suno.com.br\/noticias\/wp-content\/themes\/suno\/resources\/images\/spotlight\/spotlight1img\/bg-mask.png\" alt=\"Image Mask\"\/><img src=\"https:\/\/files.sunoresearch.com.br\/n\/uploads\/2022\/05\/amazonprime-1280x720-1-400x200.jpg\" alt=\"Prime Video ter\u00e1 an\u00fancios a partir de 2024, diz Amazon (AMZO34)\"\/><\/a><span class=\"spotlightCategory\"><a href=\"https:\/\/www.suno.com.br\/noticias\/negocios\/\">Neg\u00f3cios<\/a><\/span><\/div><div class=\"cardsPage__listCard__boxs__content\"><a href=\"https:\/\/www.suno.com.br\/noticias\/amazon-prime-video-anuncios-2024-evm\/\"><h2 class=\"content__title\">Prime Video ter\u00e1 an\u00fancios a partir de 2024, diz Amazon (AMZO34)<\/h2><\/a><div class=\"newsContent__article__meta\"><div class=\"newsContent__article__meta__authorBox\"><a href=\"https:\/\/www.suno.com.br\/noticias\/author\/eduardo-vargas\/\" class=\"authorBox__avatar noMobi\"><img src=\"https:\/\/secure.gravatar.com\/avatar\/dac340933427a22924c9f99d1eb2e3f2?s=96&#038;r=g\" alt=\"Eduardo Vargas\"><\/a><div class=\"authorBox__name\"><span>por\n\t\t\t<a href=\"https:\/\/www.suno.com.br\/noticias\/author\/eduardo-vargas\/\"><span itemprop=\"author\">Eduardo Vargas<\/span><\/a><\/span><time datetime=\"2023-09-22T12:52:34-03:00\" itemprop=\"datePublished\">22\/09\/2023 12:52<\/time><\/div><\/div><\/div><\/div><\/div>","single_layout":"posts","amp_enabled":true,"_links":{"self":[{"href":"https:\/\/www.suno.com.br\/noticias\/wp-json\/wp\/v2\/posts\/460539"}],"collection":[{"href":"https:\/\/www.suno.com.br\/noticias\/wp-json\/wp\/v2\/posts"}],"about":[{"href":"https:\/\/www.suno.com.br\/noticias\/wp-json\/wp\/v2\/types\/post"}],"author":[{"embeddable":true,"href":"https:\/\/www.suno.com.br\/noticias\/wp-json\/wp\/v2\/users\/73"}],"replies":[{"embeddable":true,"href":"https:\/\/www.suno.com.br\/noticias\/wp-json\/wp\/v2\/comments?post=460539"}],"version-history":[{"count":3,"href":"https:\/\/www.suno.com.br\/noticias\/wp-json\/wp\/v2\/posts\/460539\/revisions"}],"predecessor-version":[{"id":460578,"href":"https:\/\/www.suno.com.br\/noticias\/wp-json\/wp\/v2\/posts\/460539\/revisions\/460578"}],"wp:featuredmedia":[{"embeddable":true,"href":"https:\/\/www.suno.com.br\/noticias\/wp-json\/wp\/v2\/media\/256032"}],"wp:attachment":[{"href":"https:\/\/www.suno.com.br\/noticias\/wp-json\/wp\/v2\/media?parent=460539"}],"wp:term":[{"taxonomy":"category","embeddable":true,"href":"https:\/\/www.suno.com.br\/noticias\/wp-json\/wp\/v2\/categories?post=460539"},{"taxonomy":"post_tag","embeddable":true,"href":"https:\/\/www.suno.com.br\/noticias\/wp-json\/wp\/v2\/tags?post=460539"},{"taxonomy":"suno_strategy","embeddable":true,"href":"https:\/\/www.suno.com.br\/noticias\/wp-json\/wp\/v2\/suno_strategy?post=460539"}],"curies":[{"name":"wp","href":"https:\/\/api.w.org\/{rel}","templated":true}]}}