{"id":460228,"date":"2023-09-21T18:55:27","date_gmt":"2023-09-21T21:55:27","guid":{"rendered":"https:\/\/www.suno.com.br\/noticias\/?p=460228"},"modified":"2023-09-21T19:35:52","modified_gmt":"2023-09-21T22:35:52","slug":"fundo-imobiliario-bcff11-maior-alta-mes-xplg11-cai-jvj","status":"publish","type":"post","link":"https:\/\/www.suno.com.br\/noticias\/fundo-imobiliario-bcff11-maior-alta-mes-xplg11-cai-jvj\/","title":{"rendered":"BCFF11 tem maior alta do m\u00eas e XPLG11 cai pela 4\u00aa vez seguida em dia de IFIX est\u00e1vel"},"content":{"rendered":"<p>O fundo imobili\u00e1rio <a class=\"suno-keyword\" data-force=\"yes\" data-priority=\"2\" href=\"https:\/\/www.suno.com.br\/fundos-imobiliarios\/bcff11\/\" target=\"_blank\" rel=\"noopener\"><strong>BCFF11<\/strong><\/a> teve alta de 2,05% na sess\u00e3o de hoje (21), e encerrou a sess\u00e3o cotado a R$ 74,72, em dia de um IFIX praticamente est\u00e1vel. Na m\u00e1xima do dia, o FII chegou a bater os R$ 76,50 e, caso se encerrasse nesta cota\u00e7\u00e3o, teria uma alta di\u00e1ria de 4,48%.<\/p>\t<div class=\"wrapper-featured-image\">\n\t\t<figure class=\"spotlightImg\">\n\n\t\t\t<picture>\n\t\t\t\t<source media=\"(max-width: 768px)\" srcset=\"https:\/\/files.sunoresearch.com.br\/n\/uploads\/2023\/05\/investimentos-alta-subida-400x200.jpg\">\n\t\t\t\t<img loading=\"lazy\" decoding=\"async\" class=\"newsContent__article__imgCapa lazyloadDisabled \" src=\"https:\/\/files.sunoresearch.com.br\/n\/uploads\/2023\/05\/investimentos-alta-subida-800x450.jpg\" width=\"800\" height=\"450\" alt=\"BCFF11 tem maior alta do m\u00eas e XPLG11 cai pela 4\u00aa vez seguida em dia de IFIX est\u00e1vel\" fetchpriority=high \/>\n\t\t\t<\/picture>\n\n\t\t\t<figcaption class=\"wp-caption-text wp-caption-text--show\">BRCO11 divulga lucro de R$ 18,415 milh\u00f5es em julho e mant\u00e9m alta de dividendos. Foto: iStock<\/figcaption>\n\t\t<\/figure>\n\t<\/div>\n\n\n\n\n\n\t<p>\n\t\t<a href=\"https:\/\/lp2.suno.com.br\/cl\/black-friday-2025\/?utm_campaign=_SNCDF0E4858_\" target=\"_blank\" data-element=\"shortcode-suno-banner\" title=\"Banner SUNO, clique e saiba mais\">\n\t\t\t<picture>\n\t\t\t\t<source media=\"(max-width: 500px)\" srcset=\"https:\/\/files.sunoresearch.com.br\/n\/uploads\/2025\/10\/Artigos-e-Noticias-Banner-Home-artigos-01-Mobile_-400x300-1-png.webp\">\n\t\t\t\t<img class=\"newsContent__article__imgCapa newsContent__article__imgCapa--banner\"\n\t\t\t\t\tsrc=\"https:\/\/files.sunoresearch.com.br\/n\/uploads\/2025\/10\/Artigos-e-Noticias-Banner-Home-artigos-01-Desktop_-1420x240-1-png.webp\"\n\t\t\t\t\tdata-promo-id=\"311259\"\t\t\t\t\t\t\t\t\t\twidth='1420' height='240'\t\t\t\t\talt=\"https:\/\/files.sunoresearch.com.br\/n\/uploads\/2025\/10\/Artigos-e-Noticias-Banner-Home-artigos-01-Desktop_-1420x240-1-png.webp\"\n\t\t\t\t>\n\t\t\t<\/picture>\n\t\t<\/a>\n\t<\/p>\n\n\n\n\n\n<p>Apesar de devolver parte dos ganhos ao final da sess\u00e3o, o <strong>FII BCFF11<\/strong> registrou sua maior valoriza\u00e7\u00e3o di\u00e1ria em setembro at\u00e9 agora, faltando 6 sess\u00f5es para o encerramento do m\u00eas.<\/p>\n\n\n\n<p>O <strong>fundo imobili\u00e1rio BCFF11<\/strong> se recuperou das perdas registradas ontem (20), quando registrou uma desvaloriza\u00e7\u00e3o de 1,05%, a R$ 73,22.<\/p>\n\n\n\t<div data-element=\"shortcode-read-more\" class=\"knowMore\">\n\t\t\t\t<span class=\"knowMore__title\">Leia mais<\/span>\n\t\t\t\t<a class=\"knowMore__link\" href=\"https:\/\/www.suno.com.br\/noticias\/fii-experience-fundo-imobiliario-alavancagem-xp-gpj\/\">\n\t\t\tFundo imobili\u00e1rio n\u00e3o foi feito para ter alavancagem, diz Pedro Carraz, da XP, durante o FII Experience\t\t<\/a>\n\t<\/div>\n\n\n\n\n<p>Com a alta de hoje, o BTG Pactual Fundo de Fundos acumula uma valoriza\u00e7\u00e3o de 1,48% em setembro, e se encaminha para o 7\u00ba m\u00eas consecutivo de ganhos.<\/p>\n\n\n\n<p>Mesmo assim, o BCFF11 ainda se negocia na Bolsa com um desconto patrimonial de 4% no pre\u00e7o de suas cotas, considerando seu <a class=\"suno-keyword\" data-force=\"no\" data-priority=\"1\" href=\"https:\/\/www.suno.com.br\/artigos\/valor-de-mercado\/\" target=\"_blank\" rel=\"noopener\">valor de mercado<\/a> total de R$ 1,894 bilh\u00e3o e o patrim\u00f4nio l\u00edquido de R$ 1,964 bilh\u00e3o.<\/p>\n\n\n\n<p>Por outro lado, o fundo imobili\u00e1rio <a class=\"suno-keyword\" data-force=\"yes\" data-priority=\"2\" href=\"https:\/\/www.suno.com.br\/fundos-imobiliarios\/xplg11\/\" target=\"_blank\" rel=\"noopener\"><strong>XPLG11<\/strong><\/a> registrou queda de 0,59%, com o 4\u00ba preg\u00e3o seguido no campo negativo. Em setembro, o XP Log ainda tem uma valoriza\u00e7\u00e3o acumulada de 0,49%.<\/p>\n\n\n\n<p>Veja quais foram os principais destaques entre os <strong>fundos imobili\u00e1rios<\/strong> do IFIX hoje (21).<\/p>\n\n\n\n<h2 class=\"wp-block-heading\"><a><\/a>Fundos imobili\u00e1rios hoje (21)<\/h2>\n\n\n\n<p>O \u00cdndice de fundos imobili\u00e1rios (IFIX) encerrou o preg\u00e3o de hoje (21) com um desempenho praticamente est\u00e1vel, registrando uma leve baixa de 0,01%, fechando o dia aos 3.189,65 pontos. Durante a sess\u00e3o, o IFIX alcan\u00e7ou sua m\u00e1xima em 3.230,11 pontos, enquanto sua m\u00ednima foi de 3.221,98 pontos.<\/p>\n\n\n\n<p>Entre os fundos imobili\u00e1rios que se destacaram no cen\u00e1rio positivo, o <a class=\"suno-keyword\" target=\"_blank\" data-force=\"yes\" data-priority=\"2\" href=\"https:\/\/www.suno.com.br\/fundos-imobiliarios\/aiec11\/\" rel=\"noopener\">AIEC11<\/a> liderou com uma valoriza\u00e7\u00e3o de 2,11%. Logo em seguida, o JSAF11 subiu 2,09%. Outros fundos que merecem destaque s\u00e3o o BCFF11, com um aumento de 2,05%, o <a class=\"suno-keyword\" target=\"_blank\" data-force=\"yes\" data-priority=\"2\" href=\"https:\/\/www.suno.com.br\/fundos-imobiliarios\/rect11\/\" rel=\"noopener\">RECT11<\/a>, com uma alta de 1,95%, e o <a class=\"suno-keyword\" target=\"_blank\" data-force=\"yes\" data-priority=\"2\" href=\"https:\/\/www.suno.com.br\/fundos-imobiliarios\/sare11\/\" rel=\"noopener\">SARE11<\/a>, que teve um acr\u00e9scimo de 1,78%.<\/p>\n\n\n\n<p>Por outro lado, no lado negativo do mercado de fundos imobili\u00e1rios, o fundo <a class=\"suno-keyword\" data-force=\"yes\" data-priority=\"2\" href=\"https:\/\/www.suno.com.br\/fundos-imobiliarios\/hctr11\/\" target=\"_blank\" rel=\"noopener\">HCTR11<\/a> liderou as baixas, registrando uma queda de 7,05%. O <a class=\"suno-keyword\" data-force=\"yes\" data-priority=\"2\" href=\"https:\/\/www.suno.com.br\/fundos-imobiliarios\/tord11\/\" target=\"_blank\" rel=\"noopener\">TORD11<\/a> tamb\u00e9m teve um desempenho negativo, caindo 3,53%. Al\u00e9m disso, o <a class=\"suno-keyword\" data-force=\"yes\" data-priority=\"2\" href=\"https:\/\/www.suno.com.br\/fundos-imobiliarios\/cpts11\/\" target=\"_blank\" rel=\"noopener\"><strong>CPTS11<\/strong><\/a> apresentou uma redu\u00e7\u00e3o de 2,46%, o <a class=\"suno-keyword\" data-force=\"yes\" data-priority=\"2\" href=\"https:\/\/www.suno.com.br\/fundos-imobiliarios\/btal11\/\" target=\"_blank\" rel=\"noopener\">BTAL11<\/a> caiu 1,67%, e o <a class=\"suno-keyword\" data-force=\"yes\" data-priority=\"2\" href=\"https:\/\/www.suno.com.br\/fundos-imobiliarios\/btra11\/\" target=\"_blank\" rel=\"noopener\">BTRA11<\/a> teve uma baixa de 1,59%.<\/p>\n\n\n\n<h2 class=\"wp-block-heading\"><a><\/a>Maiores altas do IFIX<\/h2>\n\n\n\n<ul class=\"wp-block-list\">\n<li>AIEC11: +2,11%<\/li>\n\n\n\n<li>JSAF11: +2,09%<\/li>\n\n\n\n<li>BCFF11: +2,05%<\/li>\n\n\n\n<li>RECT11: +1,95%<\/li>\n\n\n\n<li>SARE11: +1,78%<\/li>\n<\/ul>\n\n\n\n<h2 class=\"wp-block-heading\"><a><\/a>Maiores baixas do IFIX<\/h2>\n\n\n\n<ul class=\"wp-block-list\">\n<li>HCTR11: -7,05%<\/li>\n\n\n\n<li>TORD11: -3,53%<\/li>\n\n\n\n<li>CPTS11: -2,46%<\/li>\n\n\n\n<li>BTAL11: -1,67%<\/li>\n\n\n\n<li>BTRA11: -1,59%<\/li>\n<\/ul>\n\n\n\n<p>\u00c9 importante ressaltar que a volatilidade \u00e9 uma caracter\u00edstica comum do <strong>mercado de fundos imobili\u00e1rios<\/strong>, e os investidores devem acompanhar de perto o desempenho de seus ativos e as tend\u00eancias do mercado para tomar decis\u00f5es informadas.<\/p>\n\n\n\n<p>Esteja atento \u00e0s oportunidades e desafios que o mercado de <strong>FIIs<\/strong> apresenta, e lembre-se de diversificar sua <a class=\"suno-keyword\" data-force=\"no\" data-priority=\"1\" href=\"https:\/\/www.suno.com.br\/guias\/carteira-de-investimentos\/\" target=\"_blank\" rel=\"noopener\">carteira de investimentos<\/a> de acordo com seus objetivos financeiros e toler\u00e2ncia ao risco.<\/p>\n\n\n\n<p>Em resumo, <strong>BCFF11<\/strong> e XPLG11 seguiram em \u201ccaminhos opostos\u201d no dia de hoje (21), e se destacaram de forma distintas na Bolsa de Valores brasileira.<\/p>\n\n\n\t<p>\n\t\t<a href=\"https:\/\/lp.suno.com.br\/ebook-como-analisar-uma-acao\/\" target=\"_blank\" data-element=\"shortcode-suno-banner\" title=\"Banner SUNO, clique e saiba mais\">\n\t\t\t<picture>\n\t\t\t\t<source media=\"(max-width: 500px)\" srcset=\"https:\/\/files.sunoresearch.com.br\/n\/uploads\/2023\/12\/Ebook-Acoes-Mobile.jpg\">\n\t\t\t\t<img class=\"newsContent__article__imgCapa newsContent__article__imgCapa--banner\"\n\t\t\t\t\tsrc=\"https:\/\/files.sunoresearch.com.br\/n\/uploads\/2023\/12\/Ebook-Acoes-Desktop.webp\"\n\t\t\t\t\tdata-promo-id=\"311260\"\t\t\t\t\t\t\t\t\t\twidth='1420' height='286'\t\t\t\t\talt=\"https:\/\/files.sunoresearch.com.br\/n\/uploads\/2023\/12\/Ebook-Acoes-Desktop.webp\"\n\t\t\t\t>\n\t\t\t<\/picture>\n\t\t<\/a>\n\t<\/p>\n\n\n","protected":false},"excerpt":{"rendered":"<p>O fundo imobili\u00e1rio BCFF11 teve alta de 2,05% na sess\u00e3o de hoje (21), e encerrou a sess\u00e3o cotado a R$ 74,72, em dia de um IFIX praticamente est\u00e1vel. Na m\u00e1xima do dia, o FII chegou a bater os R$ 76,50 e, caso se encerrasse nesta cota\u00e7\u00e3o, teria uma alta di\u00e1ria de 4,48%. BRCO11 divulga lucro [&hellip;]<\/p>\n","protected":false},"author":173,"featured_media":408635,"comment_status":"closed","ping_status":"closed","sticky":false,"template":"","format":"standard","meta":[],"categories":[66],"tags":[106083,105755,105776,315,105962,106161],"suno_strategy":[],"class_list":["post-460228","post","type-post","status-publish","format-standard","has-post-thumbnail","hentry","category-fiis","tag-bcff11","tag-btal11","tag-cpts11","tag-fundos-imobiliarios-fiis","tag-rect11","tag-xplg11"],"yoast_head":"<!-- This site is optimized with the Yoast SEO plugin v24.4 - https:\/\/yoast.com\/wordpress\/plugins\/seo\/ -->\n<title>BCFF11 tem maior alta do m\u00eas e XPLG11 cai pela 4\u00aa vez seguida; Confira<\/title>\n<meta name=\"description\" content=\"O fundo imobili\u00e1rio BCFF11 teve a sua maior alta do m\u00eas e o FII XPLG11 caiu pela 4\u00aa vez seguida em dia de IFIX est\u00e1vel. Veja destaques.\" \/>\n<meta name=\"robots\" content=\"index, follow, max-snippet:-1, max-image-preview:large, max-video-preview:-1\" \/>\n<link rel=\"canonical\" href=\"https:\/\/www.suno.com.br\/noticias\/fundo-imobiliario-bcff11-maior-alta-mes-xplg11-cai-jvj\/\" \/>\n<meta property=\"og:locale\" content=\"pt_BR\" \/>\n<meta property=\"og:type\" content=\"article\" \/>\n<meta property=\"og:title\" content=\"BCFF11 tem maior alta do m\u00eas e XPLG11 cai pela 4\u00aa vez seguida; Confira\" \/>\n<meta property=\"og:description\" content=\"O fundo imobili\u00e1rio BCFF11 teve a sua maior alta do m\u00eas e o FII XPLG11 caiu pela 4\u00aa vez seguida em dia de IFIX est\u00e1vel. Veja destaques.\" \/>\n<meta property=\"og:url\" content=\"https:\/\/www.suno.com.br\/noticias\/fundo-imobiliario-bcff11-maior-alta-mes-xplg11-cai-jvj\/\" \/>\n<meta property=\"og:site_name\" content=\"Suno Not\u00edcias\" \/>\n<meta property=\"article:publisher\" content=\"https:\/\/facebook.com\/sunoresearch\" \/>\n<meta property=\"og:image\" content=\"https:\/\/files.sunoresearch.com.br\/n\/uploads\/2023\/05\/investimentos-alta-subida.jpg\" \/>\n\t<meta property=\"og:image:width\" content=\"1200\" \/>\n\t<meta property=\"og:image:height\" content=\"800\" \/>\n\t<meta property=\"og:image:type\" content=\"image\/jpeg\" \/>\n<meta name=\"author\" content=\"Jo\u00e3o Vitor\" \/>\n<meta name=\"twitter:card\" content=\"summary_large_image\" \/>\n<meta name=\"twitter:creator\" content=\"@sunoresearch\" \/>\n<meta name=\"twitter:site\" content=\"@sunoresearch\" \/>\n<meta name=\"twitter:label1\" content=\"Escrito por\" \/>\n\t<meta name=\"twitter:data1\" content=\"Jo\u00e3o Vitor\" \/>\n\t<meta name=\"twitter:label2\" content=\"Est. tempo de leitura\" \/>\n\t<meta name=\"twitter:data2\" content=\"3 minutos\" \/>\n<script type=\"application\/ld+json\" class=\"yoast-schema-graph\">{\"@context\":\"https:\/\/schema.org\",\"@graph\":[{\"@type\":\"NewsArticle\",\"@id\":\"https:\/\/www.suno.com.br\/noticias\/fundo-imobiliario-bcff11-maior-alta-mes-xplg11-cai-jvj\/#article\",\"isPartOf\":{\"@id\":\"https:\/\/www.suno.com.br\/noticias\/fundo-imobiliario-bcff11-maior-alta-mes-xplg11-cai-jvj\/\"},\"author\":{\"name\":\"Jo\u00e3o Vitor\",\"@id\":\"https:\/\/www.suno.com.br\/noticias\/#\/schema\/person\/87fc6973867c52dd884811905c43afba\"},\"headline\":\"BCFF11 tem maior alta do m\u00eas e XPLG11 cai pela 4\u00aa vez seguida em dia de IFIX est\u00e1vel\",\"datePublished\":\"2023-09-21T21:55:27+00:00\",\"dateModified\":\"2023-09-21T22:35:52+00:00\",\"mainEntityOfPage\":{\"@id\":\"https:\/\/www.suno.com.br\/noticias\/fundo-imobiliario-bcff11-maior-alta-mes-xplg11-cai-jvj\/\"},\"wordCount\":519,\"publisher\":{\"@id\":\"https:\/\/www.suno.com.br\/noticias\/#organization\"},\"image\":{\"@id\":\"https:\/\/www.suno.com.br\/noticias\/fundo-imobiliario-bcff11-maior-alta-mes-xplg11-cai-jvj\/#primaryimage\"},\"thumbnailUrl\":\"https:\/\/files.sunoresearch.com.br\/n\/uploads\/2023\/05\/investimentos-alta-subida.jpg\",\"keywords\":[\"BCFF11\",\"BTAL11\",\"CPTS11\",\"Fundos Imobili\u00e1rios (FIIs)\",\"RECT11\",\"XPLG11\"],\"articleSection\":[\"FIIs\"],\"inLanguage\":\"pt-BR\"},{\"@type\":\"WebPage\",\"@id\":\"https:\/\/www.suno.com.br\/noticias\/fundo-imobiliario-bcff11-maior-alta-mes-xplg11-cai-jvj\/\",\"url\":\"https:\/\/www.suno.com.br\/noticias\/fundo-imobiliario-bcff11-maior-alta-mes-xplg11-cai-jvj\/\",\"name\":\"BCFF11 tem maior alta do m\u00eas e XPLG11 cai pela 4\u00aa vez seguida; Confira\",\"isPartOf\":{\"@id\":\"https:\/\/www.suno.com.br\/noticias\/#website\"},\"primaryImageOfPage\":{\"@id\":\"https:\/\/www.suno.com.br\/noticias\/fundo-imobiliario-bcff11-maior-alta-mes-xplg11-cai-jvj\/#primaryimage\"},\"image\":{\"@id\":\"https:\/\/www.suno.com.br\/noticias\/fundo-imobiliario-bcff11-maior-alta-mes-xplg11-cai-jvj\/#primaryimage\"},\"thumbnailUrl\":\"https:\/\/files.sunoresearch.com.br\/n\/uploads\/2023\/05\/investimentos-alta-subida.jpg\",\"datePublished\":\"2023-09-21T21:55:27+00:00\",\"dateModified\":\"2023-09-21T22:35:52+00:00\",\"description\":\"O fundo imobili\u00e1rio BCFF11 teve a sua maior alta do m\u00eas e o FII XPLG11 caiu pela 4\u00aa vez seguida em dia de IFIX est\u00e1vel. Veja destaques.\",\"breadcrumb\":{\"@id\":\"https:\/\/www.suno.com.br\/noticias\/fundo-imobiliario-bcff11-maior-alta-mes-xplg11-cai-jvj\/#breadcrumb\"},\"inLanguage\":\"pt-BR\",\"potentialAction\":[{\"@type\":\"ReadAction\",\"target\":[\"https:\/\/www.suno.com.br\/noticias\/fundo-imobiliario-bcff11-maior-alta-mes-xplg11-cai-jvj\/\"]}]},{\"@type\":\"ImageObject\",\"inLanguage\":\"pt-BR\",\"@id\":\"https:\/\/www.suno.com.br\/noticias\/fundo-imobiliario-bcff11-maior-alta-mes-xplg11-cai-jvj\/#primaryimage\",\"url\":\"https:\/\/files.sunoresearch.com.br\/n\/uploads\/2023\/05\/investimentos-alta-subida.jpg\",\"contentUrl\":\"https:\/\/files.sunoresearch.com.br\/n\/uploads\/2023\/05\/investimentos-alta-subida.jpg\",\"width\":1200,\"height\":800,\"caption\":\"BRCO11 divulga lucro de R$ 18,415 milh\u00f5es em julho e mant\u00e9m alta de dividendos. Foto: iStock\"},{\"@type\":\"BreadcrumbList\",\"@id\":\"https:\/\/www.suno.com.br\/noticias\/fundo-imobiliario-bcff11-maior-alta-mes-xplg11-cai-jvj\/#breadcrumb\",\"itemListElement\":[{\"@type\":\"ListItem\",\"position\":1,\"name\":\"Not\u00edcias\",\"item\":\"https:\/\/www.suno.com.br\/noticias\/\"},{\"@type\":\"ListItem\",\"position\":2,\"name\":\"FIIs\",\"item\":\"https:\/\/www.suno.com.br\/noticias\/fiis\/\"},{\"@type\":\"ListItem\",\"position\":3,\"name\":\"BCFF11 tem maior alta do m\u00eas e XPLG11 cai pela 4\u00aa vez seguida em dia de IFIX est\u00e1vel\"}]},{\"@type\":\"WebSite\",\"@id\":\"https:\/\/www.suno.com.br\/noticias\/#website\",\"url\":\"https:\/\/www.suno.com.br\/noticias\/\",\"name\":\"Suno Not\u00edcias\",\"description\":\"Seu portal de informa\u00e7\u00e3o sobre o mundo dos investimentos\",\"publisher\":{\"@id\":\"https:\/\/www.suno.com.br\/noticias\/#organization\"},\"potentialAction\":[{\"@type\":\"SearchAction\",\"target\":{\"@type\":\"EntryPoint\",\"urlTemplate\":\"https:\/\/www.suno.com.br\/noticias\/?s={search_term_string}\"},\"query-input\":{\"@type\":\"PropertyValueSpecification\",\"valueRequired\":true,\"valueName\":\"search_term_string\"}}],\"inLanguage\":\"pt-BR\"},{\"@type\":\"Organization\",\"@id\":\"https:\/\/www.suno.com.br\/noticias\/#organization\",\"name\":\"Suno Not\u00edcias\",\"url\":\"https:\/\/www.suno.com.br\/noticias\/\",\"logo\":{\"@type\":\"ImageObject\",\"inLanguage\":\"pt-BR\",\"@id\":\"https:\/\/www.suno.com.br\/noticias\/#\/schema\/logo\/image\/\",\"url\":\"https:\/\/files.sunoresearch.com.br\/n\/uploads\/2021\/09\/suno-logo.png\",\"contentUrl\":\"https:\/\/files.sunoresearch.com.br\/n\/uploads\/2021\/09\/suno-logo.png\",\"width\":180,\"height\":180,\"caption\":\"Suno Not\u00edcias\"},\"image\":{\"@id\":\"https:\/\/www.suno.com.br\/noticias\/#\/schema\/logo\/image\/\"},\"sameAs\":[\"https:\/\/facebook.com\/sunoresearch\",\"https:\/\/x.com\/sunoresearch\",\"https:\/\/www.instagram.com\/suno\",\"https:\/\/www.linkedin.com\/company\/suno-research\/\",\"https:\/\/www.youtube.com\/c\/sunoresearch\"]},{\"@type\":\"Person\",\"@id\":\"https:\/\/www.suno.com.br\/noticias\/#\/schema\/person\/87fc6973867c52dd884811905c43afba\",\"name\":\"Jo\u00e3o Vitor\",\"image\":{\"@type\":\"ImageObject\",\"inLanguage\":\"pt-BR\",\"@id\":\"https:\/\/www.suno.com.br\/noticias\/#\/schema\/person\/image\/\",\"url\":\"https:\/\/secure.gravatar.com\/avatar\/2843227ca03ccf8cc7ccca45204c127e?s=96&r=g\",\"contentUrl\":\"https:\/\/secure.gravatar.com\/avatar\/2843227ca03ccf8cc7ccca45204c127e?s=96&r=g\",\"caption\":\"Jo\u00e3o Vitor\"},\"description\":\"Redator profissional, com atua\u00e7\u00e3o no mercado editorial na produ\u00e7\u00e3o de not\u00edcias e conte\u00fados sobre o mercado de a\u00e7\u00f5es, fundos imobili\u00e1rios e economia popular. Graduando em Engenharia Qu\u00edmica pela Unesp, tamb\u00e9m j\u00e1 atuou como consultor financeiro.\",\"url\":\"https:\/\/www.suno.com.br\/noticias\/author\/joao-vitor-jacintho\/\"}]}<\/script>\n<!-- \/ Yoast SEO plugin. -->","yoast_head_json":{"title":"BCFF11 tem maior alta do m\u00eas e XPLG11 cai pela 4\u00aa vez seguida; Confira","description":"O fundo imobili\u00e1rio BCFF11 teve a sua maior alta do m\u00eas e o FII XPLG11 caiu pela 4\u00aa vez seguida em dia de IFIX est\u00e1vel. Veja destaques.","robots":{"index":"index","follow":"follow","max-snippet":"max-snippet:-1","max-image-preview":"max-image-preview:large","max-video-preview":"max-video-preview:-1"},"canonical":"https:\/\/www.suno.com.br\/noticias\/fundo-imobiliario-bcff11-maior-alta-mes-xplg11-cai-jvj\/","og_locale":"pt_BR","og_type":"article","og_title":"BCFF11 tem maior alta do m\u00eas e XPLG11 cai pela 4\u00aa vez seguida; Confira","og_description":"O fundo imobili\u00e1rio BCFF11 teve a sua maior alta do m\u00eas e o FII XPLG11 caiu pela 4\u00aa vez seguida em dia de IFIX est\u00e1vel. Veja destaques.","og_url":"https:\/\/www.suno.com.br\/noticias\/fundo-imobiliario-bcff11-maior-alta-mes-xplg11-cai-jvj\/","og_site_name":"Suno Not\u00edcias","article_publisher":"https:\/\/facebook.com\/sunoresearch","og_image":[{"width":1200,"height":800,"url":"https:\/\/files.sunoresearch.com.br\/n\/uploads\/2023\/05\/investimentos-alta-subida.jpg","type":"image\/jpeg"}],"author":"Jo\u00e3o Vitor","twitter_card":"summary_large_image","twitter_creator":"@sunoresearch","twitter_site":"@sunoresearch","twitter_misc":{"Escrito por":"Jo\u00e3o Vitor","Est. tempo de leitura":"3 minutos"},"schema":{"@context":"https:\/\/schema.org","@graph":[{"@type":"NewsArticle","@id":"https:\/\/www.suno.com.br\/noticias\/fundo-imobiliario-bcff11-maior-alta-mes-xplg11-cai-jvj\/#article","isPartOf":{"@id":"https:\/\/www.suno.com.br\/noticias\/fundo-imobiliario-bcff11-maior-alta-mes-xplg11-cai-jvj\/"},"author":{"name":"Jo\u00e3o Vitor","@id":"https:\/\/www.suno.com.br\/noticias\/#\/schema\/person\/87fc6973867c52dd884811905c43afba"},"headline":"BCFF11 tem maior alta do m\u00eas e XPLG11 cai pela 4\u00aa vez seguida em dia de IFIX est\u00e1vel","datePublished":"2023-09-21T21:55:27+00:00","dateModified":"2023-09-21T22:35:52+00:00","mainEntityOfPage":{"@id":"https:\/\/www.suno.com.br\/noticias\/fundo-imobiliario-bcff11-maior-alta-mes-xplg11-cai-jvj\/"},"wordCount":519,"publisher":{"@id":"https:\/\/www.suno.com.br\/noticias\/#organization"},"image":{"@id":"https:\/\/www.suno.com.br\/noticias\/fundo-imobiliario-bcff11-maior-alta-mes-xplg11-cai-jvj\/#primaryimage"},"thumbnailUrl":"https:\/\/files.sunoresearch.com.br\/n\/uploads\/2023\/05\/investimentos-alta-subida.jpg","keywords":["BCFF11","BTAL11","CPTS11","Fundos Imobili\u00e1rios (FIIs)","RECT11","XPLG11"],"articleSection":["FIIs"],"inLanguage":"pt-BR"},{"@type":"WebPage","@id":"https:\/\/www.suno.com.br\/noticias\/fundo-imobiliario-bcff11-maior-alta-mes-xplg11-cai-jvj\/","url":"https:\/\/www.suno.com.br\/noticias\/fundo-imobiliario-bcff11-maior-alta-mes-xplg11-cai-jvj\/","name":"BCFF11 tem maior alta do m\u00eas e XPLG11 cai pela 4\u00aa vez seguida; Confira","isPartOf":{"@id":"https:\/\/www.suno.com.br\/noticias\/#website"},"primaryImageOfPage":{"@id":"https:\/\/www.suno.com.br\/noticias\/fundo-imobiliario-bcff11-maior-alta-mes-xplg11-cai-jvj\/#primaryimage"},"image":{"@id":"https:\/\/www.suno.com.br\/noticias\/fundo-imobiliario-bcff11-maior-alta-mes-xplg11-cai-jvj\/#primaryimage"},"thumbnailUrl":"https:\/\/files.sunoresearch.com.br\/n\/uploads\/2023\/05\/investimentos-alta-subida.jpg","datePublished":"2023-09-21T21:55:27+00:00","dateModified":"2023-09-21T22:35:52+00:00","description":"O fundo imobili\u00e1rio BCFF11 teve a sua maior alta do m\u00eas e o FII XPLG11 caiu pela 4\u00aa vez seguida em dia de IFIX est\u00e1vel. Veja destaques.","breadcrumb":{"@id":"https:\/\/www.suno.com.br\/noticias\/fundo-imobiliario-bcff11-maior-alta-mes-xplg11-cai-jvj\/#breadcrumb"},"inLanguage":"pt-BR","potentialAction":[{"@type":"ReadAction","target":["https:\/\/www.suno.com.br\/noticias\/fundo-imobiliario-bcff11-maior-alta-mes-xplg11-cai-jvj\/"]}]},{"@type":"ImageObject","inLanguage":"pt-BR","@id":"https:\/\/www.suno.com.br\/noticias\/fundo-imobiliario-bcff11-maior-alta-mes-xplg11-cai-jvj\/#primaryimage","url":"https:\/\/files.sunoresearch.com.br\/n\/uploads\/2023\/05\/investimentos-alta-subida.jpg","contentUrl":"https:\/\/files.sunoresearch.com.br\/n\/uploads\/2023\/05\/investimentos-alta-subida.jpg","width":1200,"height":800,"caption":"BRCO11 divulga lucro de R$ 18,415 milh\u00f5es em julho e mant\u00e9m alta de dividendos. Foto: iStock"},{"@type":"BreadcrumbList","@id":"https:\/\/www.suno.com.br\/noticias\/fundo-imobiliario-bcff11-maior-alta-mes-xplg11-cai-jvj\/#breadcrumb","itemListElement":[{"@type":"ListItem","position":1,"name":"Not\u00edcias","item":"https:\/\/www.suno.com.br\/noticias\/"},{"@type":"ListItem","position":2,"name":"FIIs","item":"https:\/\/www.suno.com.br\/noticias\/fiis\/"},{"@type":"ListItem","position":3,"name":"BCFF11 tem maior alta do m\u00eas e XPLG11 cai pela 4\u00aa vez seguida em dia de IFIX est\u00e1vel"}]},{"@type":"WebSite","@id":"https:\/\/www.suno.com.br\/noticias\/#website","url":"https:\/\/www.suno.com.br\/noticias\/","name":"Suno Not\u00edcias","description":"Seu portal de informa\u00e7\u00e3o sobre o mundo dos investimentos","publisher":{"@id":"https:\/\/www.suno.com.br\/noticias\/#organization"},"potentialAction":[{"@type":"SearchAction","target":{"@type":"EntryPoint","urlTemplate":"https:\/\/www.suno.com.br\/noticias\/?s={search_term_string}"},"query-input":{"@type":"PropertyValueSpecification","valueRequired":true,"valueName":"search_term_string"}}],"inLanguage":"pt-BR"},{"@type":"Organization","@id":"https:\/\/www.suno.com.br\/noticias\/#organization","name":"Suno Not\u00edcias","url":"https:\/\/www.suno.com.br\/noticias\/","logo":{"@type":"ImageObject","inLanguage":"pt-BR","@id":"https:\/\/www.suno.com.br\/noticias\/#\/schema\/logo\/image\/","url":"https:\/\/files.sunoresearch.com.br\/n\/uploads\/2021\/09\/suno-logo.png","contentUrl":"https:\/\/files.sunoresearch.com.br\/n\/uploads\/2021\/09\/suno-logo.png","width":180,"height":180,"caption":"Suno Not\u00edcias"},"image":{"@id":"https:\/\/www.suno.com.br\/noticias\/#\/schema\/logo\/image\/"},"sameAs":["https:\/\/facebook.com\/sunoresearch","https:\/\/x.com\/sunoresearch","https:\/\/www.instagram.com\/suno","https:\/\/www.linkedin.com\/company\/suno-research\/","https:\/\/www.youtube.com\/c\/sunoresearch"]},{"@type":"Person","@id":"https:\/\/www.suno.com.br\/noticias\/#\/schema\/person\/87fc6973867c52dd884811905c43afba","name":"Jo\u00e3o Vitor","image":{"@type":"ImageObject","inLanguage":"pt-BR","@id":"https:\/\/www.suno.com.br\/noticias\/#\/schema\/person\/image\/","url":"https:\/\/secure.gravatar.com\/avatar\/2843227ca03ccf8cc7ccca45204c127e?s=96&r=g","contentUrl":"https:\/\/secure.gravatar.com\/avatar\/2843227ca03ccf8cc7ccca45204c127e?s=96&r=g","caption":"Jo\u00e3o Vitor"},"description":"Redator profissional, com atua\u00e7\u00e3o no mercado editorial na produ\u00e7\u00e3o de not\u00edcias e conte\u00fados sobre o mercado de a\u00e7\u00f5es, fundos imobili\u00e1rios e economia popular. Graduando em Engenharia Qu\u00edmica pela Unesp, tamb\u00e9m j\u00e1 atuou como consultor financeiro.","url":"https:\/\/www.suno.com.br\/noticias\/author\/joao-vitor-jacintho\/"}]}},"default_loop_html":"<div class=\"cardsPage__listCard__boxs\"><div class=\"cardsPage__listCard__boxs__img\"><a href=\"https:\/\/www.suno.com.br\/noticias\/fundo-imobiliario-bcff11-maior-alta-mes-xplg11-cai-jvj\/\"><img class=\"mask\" src=\"https:\/\/www.suno.com.br\/noticias\/wp-content\/themes\/suno\/resources\/images\/spotlight\/spotlight1img\/bg-mask.png\" alt=\"Image Mask\"\/><img src=\"https:\/\/files.sunoresearch.com.br\/n\/uploads\/2023\/05\/investimentos-alta-subida-400x200.jpg\" alt=\"BCFF11 tem maior alta do m\u00eas e XPLG11 cai pela 4\u00aa vez seguida em dia de IFIX est\u00e1vel\"\/><\/a><span class=\"spotlightCategory\"><a href=\"https:\/\/www.suno.com.br\/noticias\/fiis\/\">FIIs<\/a><\/span><\/div><div class=\"cardsPage__listCard__boxs__content\"><a href=\"https:\/\/www.suno.com.br\/noticias\/fundo-imobiliario-bcff11-maior-alta-mes-xplg11-cai-jvj\/\"><h2 class=\"content__title\">BCFF11 tem maior alta do m\u00eas e XPLG11 cai pela 4\u00aa vez seguida em dia de IFIX est\u00e1vel<\/h2><\/a><div class=\"newsContent__article__meta\"><div class=\"newsContent__article__meta__authorBox\"><a href=\"https:\/\/www.suno.com.br\/noticias\/author\/joao-vitor-jacintho\/\" class=\"authorBox__avatar noMobi\"><img src=\"https:\/\/secure.gravatar.com\/avatar\/2843227ca03ccf8cc7ccca45204c127e?s=96&#038;r=g\" alt=\"Jo\u00e3o Vitor Jacintho\"><\/a><div class=\"authorBox__name\"><span>por\n\t\t\t<a href=\"https:\/\/www.suno.com.br\/noticias\/author\/joao-vitor-jacintho\/\"><span itemprop=\"author\">Jo\u00e3o Vitor Jacintho<\/span><\/a><\/span><time datetime=\"2023-09-21T18:55:27-03:00\" itemprop=\"datePublished\">21\/09\/2023 18:55<\/time><\/div><\/div><\/div><\/div><\/div>","single_layout":"posts","amp_enabled":true,"_links":{"self":[{"href":"https:\/\/www.suno.com.br\/noticias\/wp-json\/wp\/v2\/posts\/460228"}],"collection":[{"href":"https:\/\/www.suno.com.br\/noticias\/wp-json\/wp\/v2\/posts"}],"about":[{"href":"https:\/\/www.suno.com.br\/noticias\/wp-json\/wp\/v2\/types\/post"}],"author":[{"embeddable":true,"href":"https:\/\/www.suno.com.br\/noticias\/wp-json\/wp\/v2\/users\/173"}],"replies":[{"embeddable":true,"href":"https:\/\/www.suno.com.br\/noticias\/wp-json\/wp\/v2\/comments?post=460228"}],"version-history":[{"count":3,"href":"https:\/\/www.suno.com.br\/noticias\/wp-json\/wp\/v2\/posts\/460228\/revisions"}],"predecessor-version":[{"id":460260,"href":"https:\/\/www.suno.com.br\/noticias\/wp-json\/wp\/v2\/posts\/460228\/revisions\/460260"}],"wp:featuredmedia":[{"embeddable":true,"href":"https:\/\/www.suno.com.br\/noticias\/wp-json\/wp\/v2\/media\/408635"}],"wp:attachment":[{"href":"https:\/\/www.suno.com.br\/noticias\/wp-json\/wp\/v2\/media?parent=460228"}],"wp:term":[{"taxonomy":"category","embeddable":true,"href":"https:\/\/www.suno.com.br\/noticias\/wp-json\/wp\/v2\/categories?post=460228"},{"taxonomy":"post_tag","embeddable":true,"href":"https:\/\/www.suno.com.br\/noticias\/wp-json\/wp\/v2\/tags?post=460228"},{"taxonomy":"suno_strategy","embeddable":true,"href":"https:\/\/www.suno.com.br\/noticias\/wp-json\/wp\/v2\/suno_strategy?post=460228"}],"curies":[{"name":"wp","href":"https:\/\/api.w.org\/{rel}","templated":true}]}}