{"id":459982,"date":"2023-09-21T20:03:45","date_gmt":"2023-09-21T23:03:45","guid":{"rendered":"https:\/\/www.suno.com.br\/noticias\/?p=459982"},"modified":"2023-09-21T20:03:51","modified_gmt":"2023-09-21T23:03:51","slug":"editoria-fundos-pesquisa-gestoresotimismo-brasil-ar","status":"publish","type":"post","link":"https:\/\/www.suno.com.br\/noticias\/editoria-fundos-pesquisa-gestoresotimismo-brasil-ar\/","title":{"rendered":"Pesquisa com gestores de fundos multimercados aponta otimismo com Brasil"},"content":{"rendered":"<p>Nesta quarta-feira (20) o <a class=\"suno-keyword\" data-force=\"no\" data-priority=\"2\" href=\"https:\/\/www.suno.com.br\/artigos\/copom\/\" target=\"_blank\" rel=\"noopener\">Comit\u00ea de Pol\u00edtica Monet\u00e1ria (Copom)<\/a> decidiu por cortar meio ponto percentual da <a class=\"suno-keyword\" data-force=\"no\" data-priority=\"1\" href=\"https:\/\/www.suno.com.br\/artigos\/taxa-de-juros\/\" target=\"_blank\" rel=\"noopener\">taxa b\u00e1sica de juros<\/a> brasileira, a Selic, fixando-a em 12,75% ao ano, e a XP Investimentos fez um relat\u00f3rio com as perspectivas dos gestores de <strong>fundos<\/strong> multimercados para os principais <a class=\"suno-keyword\" data-force=\"no\" data-priority=\"1\" href=\"https:\/\/www.suno.com.br\/artigos\/indicadores-economicos\/\" target=\"_blank\" rel=\"noopener\">indicadores econ\u00f4micos<\/a> e como eles est\u00e3o se posicionando.<\/p>\t<div class=\"wrapper-featured-image\">\n\t\t<figure class=\"spotlightImg\">\n\n\t\t\t<picture>\n\t\t\t\t<source media=\"(max-width: 768px)\" srcset=\"https:\/\/files.sunoresearch.com.br\/n\/uploads\/2022\/08\/pesquisas-eleitorais-2-400x200.jpg\">\n\t\t\t\t<img loading=\"lazy\" decoding=\"async\" class=\"newsContent__article__imgCapa lazyloadDisabled \" src=\"https:\/\/files.sunoresearch.com.br\/n\/uploads\/2022\/08\/pesquisas-eleitorais-2-800x450.jpg\" width=\"800\" height=\"450\" alt=\"Pesquisa com gestores de fundos multimercados aponta otimismo com Brasil\" fetchpriority=high \/>\n\t\t\t<\/picture>\n\n\t\t\t<figcaption class=\"wp-caption-text wp-caption-text--show\">Brazilian Regional Markets ter\u00e1 pesquisa exclusiva da Futura.Foto: Pixabay<\/figcaption>\n\t\t<\/figure>\n\t<\/div>\n\n\n\n\n\n\n\n\t<p>\n\t\t<a href=\"https:\/\/lp.suno.com.br\/plataforma-de-controle-de-investimentos\/\" target=\"_blank\" data-element=\"shortcode-suno-banner\" title=\"Banner SUNO, clique e saiba mais\">\n\t\t\t<picture>\n\t\t\t\t<source media=\"(max-width: 500px)\" srcset=\"https:\/\/files.sunoresearch.com.br\/n\/uploads\/2023\/03\/400x300-Controle-de-Investimentos.png\">\n\t\t\t\t<img class=\"newsContent__article__imgCapa newsContent__article__imgCapa--banner\"\n\t\t\t\t\tsrc=\"https:\/\/files.sunoresearch.com.br\/n\/uploads\/2023\/03\/1420x240-Controle-de-Investimentos.png\"\n\t\t\t\t\tdata-promo-id=\"383162\"\t\t\t\t\t\t\t\t\t\twidth='1420' height='240'\t\t\t\t\talt=\"https:\/\/files.sunoresearch.com.br\/n\/uploads\/2023\/03\/1420x240-Controle-de-Investimentos.png\"\n\t\t\t\t>\n\t\t\t<\/picture>\n\t\t<\/a>\n\t<\/p>\n\n\n\n\n\n<p>A pesquisa foi feita entre os dias 15\/09 e 16\/09 e foram consultadas 17 gestoras de <a class=\"suno-keyword\" target=\"_blank\" data-force=\"no\" data-priority=\"1\" href=\"https:\/\/www.suno.com.br\/artigos\/fundos-multimercados\/\" rel=\"noopener\">fundos Multimercados<\/a> do tipo Macro.<\/p>\n\n\n\n<p>No documento, foi levantado como consenso o corte de 0,50 ponto ocorrido ontem (20) e que a Selic deve terminar o ano a 11,75% a.a.<\/p>\n\n\n\n<p>Em rela\u00e7\u00e3o ao PIB de 2023, notou-se um forte crescimento em rela\u00e7\u00e3o \u00e0s consultas anteriores. Na mediana, os<strong> gestores dos fundos<\/strong> esperam um crescimento de 3% em 2023, contra o valor de 1% que era esperado em maio. Em rela\u00e7\u00e3o \u00e0 bolsa os gestores seguem 100% comprados em bolsa Brasil.<\/p>\n\n\n\n<p>A pesquisa tamb\u00e9m apontou que as expectativas para a infla\u00e7\u00e3o em 2023 foram mantidas em 4,80%, embora o valor ainda permane\u00e7a consideravelmente acima da meta de 3,25% e da banda superior de toler\u00e2ncia (4,75%).<\/p>\n\n\n\n<p>No c\u00e2mbio, tamb\u00e9m ocorreu uma manuten\u00e7\u00e3o nas proje\u00e7\u00f5es at\u00e9 o final de 2023 \u2013 levando em considera\u00e7\u00e3o o patamar atual (R$ 4,86\/US$), gestores acreditam na valoriza\u00e7\u00e3o do d\u00f3lar contra o real at\u00e9 o final do ano, fechando 2023 no patamar de R$ 5,00;<\/p>\n\n\n\n<p>Ao serem questionados a respeito das perspectivas de cen\u00e1rio tanto no Brasil quanto no mundo, \u00e9 poss\u00edvel ver uma piora marginal em rela\u00e7\u00e3o as pesquisas anteriores, quando grande parte dos gestores apontava para perspectivas negativas.<\/p>\n\n\n\n<p>J\u00e1 no Brasil, viu-se a continuidade de uma melhora significativa no cen\u00e1rio para a economia local em rela\u00e7\u00e3o aos meses anteriores, atualmente 41% dos gestores se mostram positivos com o cen\u00e1rio local, o valor variou entre 8% e 10% nas pesquisas realizadas no in\u00edcio do ano, sendo que na pesquisa realizada em dezembro, nenhum gestor pontuou expectativas positivas.<\/p>\n\n\n\t<p>\n\t\t<a href=\"https:\/\/lp.suno.com.br\/ebook-investindo-em-fiis\/\" target=\"_blank\" data-element=\"shortcode-suno-banner\" title=\"Banner SUNO, clique e saiba mais\">\n\t\t\t<picture>\n\t\t\t\t<source media=\"(max-width: 500px)\" srcset=\"https:\/\/files.sunoresearch.com.br\/n\/uploads\/2023\/07\/Ebook-Fundos-Imobiliarios-Mobile.jpg\">\n\t\t\t\t<img class=\"newsContent__article__imgCapa newsContent__article__imgCapa--banner\"\n\t\t\t\t\tsrc=\"https:\/\/files.sunoresearch.com.br\/n\/uploads\/2023\/07\/Ebook-Fundos-Imobiliarios-Desktop.jpg\"\n\t\t\t\t\tdata-promo-id=\"378301\"\t\t\t\t\t\t\t\t\t\twidth='1420' height='286'\t\t\t\t\talt=\"https:\/\/files.sunoresearch.com.br\/n\/uploads\/2023\/07\/Ebook-Fundos-Imobiliarios-Desktop.jpg\"\n\t\t\t\t>\n\t\t\t<\/picture>\n\t\t<\/a>\n\t<\/p>\n\n\n\n\n\n<h2 class=\"wp-block-heading\">Fundos Multimercados<\/h2>\n\n\n\n<p>Em linha com as perspectivas positivas para o cen\u00e1rio macro local, a pesquisa apontou um aumento expressivo nos \u00faltimos 3 meses na exposi\u00e7\u00e3o ao chamado \u201ckit Brasil\u201d, posicionamento caracterizado por posi\u00e7\u00f5es compradas em bolsa brasil, aplicada em juros, e apostando na valoriza\u00e7\u00e3o do real contra o d\u00f3lar.<\/p>\n\n\n\n<p>\u201cAs possibilidades de aloca\u00e7\u00e3o dentro do portf\u00f3lio de um <a class=\"suno-keyword\" target=\"_blank\" data-force=\"no\" data-priority=\"1\" href=\"https:\/\/www.suno.com.br\/artigos\/fundos-multimercados\/\" rel=\"noopener\">fundo multimercado<\/a> s\u00e3o amplas, pois o gestor n\u00e3o precisa se concentrar em nenhuma classe espec\u00edfica de ativos e tamb\u00e9m n\u00e3o est\u00e1 limitado a investir apenas no Brasil. Esta liberdade oferece ao gestor maior flexibilidade diante de diferentes cen\u00e1rios macroecon\u00f4micos\u201d, diz o relat\u00f3rio.<\/p>\n\n\n\t<p>\n\t\t<a href=\"\" target=\"_blank\" data-element=\"shortcode-suno-banner\" title=\"Banner SUNO, clique e saiba mais\">\n\t\t\t<picture>\n\t\t\t\t<source media=\"(max-width: 500px)\" srcset=\"\">\n\t\t\t\t<img class=\"newsContent__article__imgCapa newsContent__article__imgCapa--banner\"\n\t\t\t\t\tsrc=\"\"\n\t\t\t\t\tdata-promo-id=\"77014\"\t\t\t\t\t\t\t\t\t\t\t\t\t\t\talt=\"\"\n\t\t\t\t>\n\t\t\t<\/picture>\n\t\t<\/a>\n\t<\/p>\n\n\n\n\n\n<p>Os<strong> fundos multimercados<\/strong> t\u00eam a vantagem de possuir mais instrumentos para operar nos diferentes mercados e podem ajustar mais facilmente as posi\u00e7\u00f5es da carteira. Eles s\u00e3o os ve\u00edculos estruturais que utilizamos para assumir riscos de forma diversificada, com baixa correla\u00e7\u00e3o com a Renda Fixa e a Renda Vari\u00e1vel.<\/p>\n\n\n\n<p>Por fim, o relat\u00f3rio conclui que os fundos multimercados macro apresentam uma abordagem din\u00e2mica para a gest\u00e3o de ativos, capaz de se adaptar a mudan\u00e7as nas condi\u00e7\u00f5es de mercado e perspectivas macroecon\u00f4micas.<\/p>\n\n\n\n<p>\u201cA flexibilidade e diversifica\u00e7\u00e3o inerentes a esses fundos permitem aos gestores maximizar o retorno ajustado ao risco, aproveitando as oportunidades de mercado \u00e0 medida que surgem. Estas caracter\u00edsticas tornam os <strong>fundos<\/strong> multimercados uma escolha atraente para os investidores, que procuram obter retornos est\u00e1veis num ambiente de mercado cada vez mais complexo e incerto\u201d, finaliza.<\/p>\n\n\n\t<p>\n\t\t<a href=\"https:\/\/lp.suno.com.br\/minicurso-investindo-fiis\/\" target=\"_blank\" data-element=\"shortcode-suno-banner\" title=\"Banner SUNO, clique e saiba mais\">\n\t\t\t<picture>\n\t\t\t\t<source media=\"(max-width: 500px)\" srcset=\"https:\/\/files.sunoresearch.com.br\/n\/uploads\/2023\/03\/400x300-Minicurso-FIIS.png\">\n\t\t\t\t<img class=\"newsContent__article__imgCapa newsContent__article__imgCapa--banner\"\n\t\t\t\t\tsrc=\"https:\/\/files.sunoresearch.com.br\/n\/uploads\/2023\/03\/1420x240-Minicurso-FIIS.png\"\n\t\t\t\t\tdata-promo-id=\"383125\"\t\t\t\t\t\t\t\t\t\twidth='1420' height='240'\t\t\t\t\talt=\"https:\/\/files.sunoresearch.com.br\/n\/uploads\/2023\/03\/1420x240-Minicurso-FIIS.png\"\n\t\t\t\t>\n\t\t\t<\/picture>\n\t\t<\/a>\n\t<\/p>\n\n\n","protected":false},"excerpt":{"rendered":"<p>Nesta quarta-feira (20) o Comit\u00ea de Pol\u00edtica Monet\u00e1ria (Copom) decidiu por cortar meio ponto percentual da taxa b\u00e1sica de juros brasileira, a Selic, fixando-a em 12,75% ao ano, e a XP Investimentos fez um relat\u00f3rio com as perspectivas dos gestores de fundos multimercados para os principais indicadores econ\u00f4micos e como eles est\u00e3o se posicionando. Brazilian [&hellip;]<\/p>\n","protected":false},"author":305,"featured_media":285258,"comment_status":"closed","ping_status":"closed","sticky":false,"template":"","format":"standard","meta":[],"categories":[60],"tags":[1545,106328,313,315,106047,1822,106155,888],"suno_strategy":[],"class_list":["post-459982","post","type-post","status-publish","format-standard","has-post-thumbnail","hentry","category-mercado","tag-fundos-de-acoes","tag-fundos-de-credito","tag-fundos-de-investimento","tag-fundos-imobiliarios-fiis","tag-fundos-internacionais","tag-fundos-multimercado","tag-fundos-quant","tag-xp-investimentos"],"yoast_head":"<!-- This site is optimized with the Yoast SEO plugin v24.4 - https:\/\/yoast.com\/wordpress\/plugins\/seo\/ -->\n<title>Gestores de fundos multimercados est\u00e3o otimistas com Brasil<\/title>\n<meta name=\"description\" content=\"Em rela\u00e7\u00e3o ao PIB de 2023, os gestores de fundos esperam um crescimento de 3% em 2023. Em rela\u00e7\u00e3o \u00e0 bolsa seguem 100% comprados em Brasil\" \/>\n<meta name=\"robots\" content=\"index, follow, max-snippet:-1, max-image-preview:large, max-video-preview:-1\" \/>\n<link rel=\"canonical\" href=\"https:\/\/www.suno.com.br\/noticias\/editoria-fundos-pesquisa-gestoresotimismo-brasil-ar\/\" \/>\n<meta property=\"og:locale\" content=\"pt_BR\" \/>\n<meta property=\"og:type\" content=\"article\" \/>\n<meta property=\"og:title\" content=\"Gestores de fundos multimercados est\u00e3o otimistas com Brasil\" \/>\n<meta property=\"og:description\" content=\"Em rela\u00e7\u00e3o ao PIB de 2023, os gestores de fundos esperam um crescimento de 3% em 2023. Em rela\u00e7\u00e3o \u00e0 bolsa seguem 100% comprados em Brasil\" \/>\n<meta property=\"og:url\" content=\"https:\/\/www.suno.com.br\/noticias\/editoria-fundos-pesquisa-gestoresotimismo-brasil-ar\/\" \/>\n<meta property=\"og:site_name\" content=\"Suno Not\u00edcias\" \/>\n<meta property=\"article:publisher\" content=\"https:\/\/facebook.com\/sunoresearch\" \/>\n<meta property=\"og:image\" content=\"https:\/\/files.sunoresearch.com.br\/n\/uploads\/2022\/08\/pesquisas-eleitorais-2.jpg\" \/>\n\t<meta property=\"og:image:width\" content=\"1920\" \/>\n\t<meta property=\"og:image:height\" content=\"1279\" \/>\n\t<meta property=\"og:image:type\" content=\"image\/jpeg\" \/>\n<meta name=\"author\" content=\"Allan Ravagnani\" \/>\n<meta name=\"twitter:card\" content=\"summary_large_image\" \/>\n<meta name=\"twitter:creator\" content=\"@sunoresearch\" \/>\n<meta name=\"twitter:site\" content=\"@sunoresearch\" \/>\n<meta name=\"twitter:label1\" content=\"Escrito por\" \/>\n\t<meta name=\"twitter:data1\" content=\"Allan Ravagnani\" \/>\n\t<meta name=\"twitter:label2\" content=\"Est. tempo de leitura\" \/>\n\t<meta name=\"twitter:data2\" content=\"4 minutos\" \/>\n<script type=\"application\/ld+json\" class=\"yoast-schema-graph\">{\"@context\":\"https:\/\/schema.org\",\"@graph\":[{\"@type\":\"NewsArticle\",\"@id\":\"https:\/\/www.suno.com.br\/noticias\/editoria-fundos-pesquisa-gestoresotimismo-brasil-ar\/#article\",\"isPartOf\":{\"@id\":\"https:\/\/www.suno.com.br\/noticias\/editoria-fundos-pesquisa-gestoresotimismo-brasil-ar\/\"},\"author\":{\"name\":\"Allan Ravagnani\",\"@id\":\"https:\/\/www.suno.com.br\/noticias\/#\/schema\/person\/ff470fe052a717a4b7c2a467a4a084c2\"},\"headline\":\"Pesquisa com gestores de fundos multimercados aponta otimismo com Brasil\",\"datePublished\":\"2023-09-21T23:03:45+00:00\",\"dateModified\":\"2023-09-21T23:03:51+00:00\",\"mainEntityOfPage\":{\"@id\":\"https:\/\/www.suno.com.br\/noticias\/editoria-fundos-pesquisa-gestoresotimismo-brasil-ar\/\"},\"wordCount\":606,\"publisher\":{\"@id\":\"https:\/\/www.suno.com.br\/noticias\/#organization\"},\"image\":{\"@id\":\"https:\/\/www.suno.com.br\/noticias\/editoria-fundos-pesquisa-gestoresotimismo-brasil-ar\/#primaryimage\"},\"thumbnailUrl\":\"https:\/\/files.sunoresearch.com.br\/n\/uploads\/2022\/08\/pesquisas-eleitorais-2.jpg\",\"keywords\":[\"Fundos de a\u00e7\u00f5es\",\"Fundos de cr\u00e9dito\",\"Fundos de investimento\",\"Fundos Imobili\u00e1rios (FIIs)\",\"Fundos internacionais\",\"Fundos multimercado\",\"Fundos quant\",\"XP Investimentos\"],\"articleSection\":[\"Mercado\"],\"inLanguage\":\"pt-BR\"},{\"@type\":\"WebPage\",\"@id\":\"https:\/\/www.suno.com.br\/noticias\/editoria-fundos-pesquisa-gestoresotimismo-brasil-ar\/\",\"url\":\"https:\/\/www.suno.com.br\/noticias\/editoria-fundos-pesquisa-gestoresotimismo-brasil-ar\/\",\"name\":\"Gestores de fundos multimercados est\u00e3o otimistas com Brasil\",\"isPartOf\":{\"@id\":\"https:\/\/www.suno.com.br\/noticias\/#website\"},\"primaryImageOfPage\":{\"@id\":\"https:\/\/www.suno.com.br\/noticias\/editoria-fundos-pesquisa-gestoresotimismo-brasil-ar\/#primaryimage\"},\"image\":{\"@id\":\"https:\/\/www.suno.com.br\/noticias\/editoria-fundos-pesquisa-gestoresotimismo-brasil-ar\/#primaryimage\"},\"thumbnailUrl\":\"https:\/\/files.sunoresearch.com.br\/n\/uploads\/2022\/08\/pesquisas-eleitorais-2.jpg\",\"datePublished\":\"2023-09-21T23:03:45+00:00\",\"dateModified\":\"2023-09-21T23:03:51+00:00\",\"description\":\"Em rela\u00e7\u00e3o ao PIB de 2023, os gestores de fundos esperam um crescimento de 3% em 2023. Em rela\u00e7\u00e3o \u00e0 bolsa seguem 100% comprados em Brasil\",\"breadcrumb\":{\"@id\":\"https:\/\/www.suno.com.br\/noticias\/editoria-fundos-pesquisa-gestoresotimismo-brasil-ar\/#breadcrumb\"},\"inLanguage\":\"pt-BR\",\"potentialAction\":[{\"@type\":\"ReadAction\",\"target\":[\"https:\/\/www.suno.com.br\/noticias\/editoria-fundos-pesquisa-gestoresotimismo-brasil-ar\/\"]}]},{\"@type\":\"ImageObject\",\"inLanguage\":\"pt-BR\",\"@id\":\"https:\/\/www.suno.com.br\/noticias\/editoria-fundos-pesquisa-gestoresotimismo-brasil-ar\/#primaryimage\",\"url\":\"https:\/\/files.sunoresearch.com.br\/n\/uploads\/2022\/08\/pesquisas-eleitorais-2.jpg\",\"contentUrl\":\"https:\/\/files.sunoresearch.com.br\/n\/uploads\/2022\/08\/pesquisas-eleitorais-2.jpg\",\"width\":1920,\"height\":1279,\"caption\":\"Brazilian Regional Markets ter\u00e1 pesquisa exclusiva da Futura.Foto: Pixabay\"},{\"@type\":\"BreadcrumbList\",\"@id\":\"https:\/\/www.suno.com.br\/noticias\/editoria-fundos-pesquisa-gestoresotimismo-brasil-ar\/#breadcrumb\",\"itemListElement\":[{\"@type\":\"ListItem\",\"position\":1,\"name\":\"Not\u00edcias\",\"item\":\"https:\/\/www.suno.com.br\/noticias\/\"},{\"@type\":\"ListItem\",\"position\":2,\"name\":\"Mercado\",\"item\":\"https:\/\/www.suno.com.br\/noticias\/mercado\/\"},{\"@type\":\"ListItem\",\"position\":3,\"name\":\"Pesquisa com gestores de fundos multimercados aponta otimismo com Brasil\"}]},{\"@type\":\"WebSite\",\"@id\":\"https:\/\/www.suno.com.br\/noticias\/#website\",\"url\":\"https:\/\/www.suno.com.br\/noticias\/\",\"name\":\"Suno Not\u00edcias\",\"description\":\"Seu portal de informa\u00e7\u00e3o sobre o mundo dos investimentos\",\"publisher\":{\"@id\":\"https:\/\/www.suno.com.br\/noticias\/#organization\"},\"potentialAction\":[{\"@type\":\"SearchAction\",\"target\":{\"@type\":\"EntryPoint\",\"urlTemplate\":\"https:\/\/www.suno.com.br\/noticias\/?s={search_term_string}\"},\"query-input\":{\"@type\":\"PropertyValueSpecification\",\"valueRequired\":true,\"valueName\":\"search_term_string\"}}],\"inLanguage\":\"pt-BR\"},{\"@type\":\"Organization\",\"@id\":\"https:\/\/www.suno.com.br\/noticias\/#organization\",\"name\":\"Suno Not\u00edcias\",\"url\":\"https:\/\/www.suno.com.br\/noticias\/\",\"logo\":{\"@type\":\"ImageObject\",\"inLanguage\":\"pt-BR\",\"@id\":\"https:\/\/www.suno.com.br\/noticias\/#\/schema\/logo\/image\/\",\"url\":\"https:\/\/files.sunoresearch.com.br\/n\/uploads\/2021\/09\/suno-logo.png\",\"contentUrl\":\"https:\/\/files.sunoresearch.com.br\/n\/uploads\/2021\/09\/suno-logo.png\",\"width\":180,\"height\":180,\"caption\":\"Suno Not\u00edcias\"},\"image\":{\"@id\":\"https:\/\/www.suno.com.br\/noticias\/#\/schema\/logo\/image\/\"},\"sameAs\":[\"https:\/\/facebook.com\/sunoresearch\",\"https:\/\/x.com\/sunoresearch\",\"https:\/\/www.instagram.com\/suno\",\"https:\/\/www.linkedin.com\/company\/suno-research\/\",\"https:\/\/www.youtube.com\/c\/sunoresearch\"]},{\"@type\":\"Person\",\"@id\":\"https:\/\/www.suno.com.br\/noticias\/#\/schema\/person\/ff470fe052a717a4b7c2a467a4a084c2\",\"name\":\"Allan Ravagnani\",\"image\":{\"@type\":\"ImageObject\",\"inLanguage\":\"pt-BR\",\"@id\":\"https:\/\/www.suno.com.br\/noticias\/#\/schema\/person\/image\/\",\"url\":\"https:\/\/secure.gravatar.com\/avatar\/6ff047fc08f82f36fd10bcae9caa7303?s=96&r=g\",\"contentUrl\":\"https:\/\/secure.gravatar.com\/avatar\/6ff047fc08f82f36fd10bcae9caa7303?s=96&r=g\",\"caption\":\"Allan Ravagnani\"},\"description\":\"Jornalista com especializa\u00e7\u00f5es em macroeconomia, finan\u00e7as e ci\u00eancia pol\u00edtica. Foi editor no site Intelig\u00eancia Financeira e atuou nos ve\u00edculos TC Mover (Traders Club), Valor Econ\u00f4mico, CMA Markets, Terra e Folha de S.Paulo. Atualmente, \u00e9 colaborador do Suno Not\u00edcias.\",\"url\":\"https:\/\/www.suno.com.br\/noticias\/author\/allan-ravagnani\/\"}]}<\/script>\n<!-- \/ Yoast SEO plugin. -->","yoast_head_json":{"title":"Gestores de fundos multimercados est\u00e3o otimistas com Brasil","description":"Em rela\u00e7\u00e3o ao PIB de 2023, os gestores de fundos esperam um crescimento de 3% em 2023. Em rela\u00e7\u00e3o \u00e0 bolsa seguem 100% comprados em Brasil","robots":{"index":"index","follow":"follow","max-snippet":"max-snippet:-1","max-image-preview":"max-image-preview:large","max-video-preview":"max-video-preview:-1"},"canonical":"https:\/\/www.suno.com.br\/noticias\/editoria-fundos-pesquisa-gestoresotimismo-brasil-ar\/","og_locale":"pt_BR","og_type":"article","og_title":"Gestores de fundos multimercados est\u00e3o otimistas com Brasil","og_description":"Em rela\u00e7\u00e3o ao PIB de 2023, os gestores de fundos esperam um crescimento de 3% em 2023. Em rela\u00e7\u00e3o \u00e0 bolsa seguem 100% comprados em Brasil","og_url":"https:\/\/www.suno.com.br\/noticias\/editoria-fundos-pesquisa-gestoresotimismo-brasil-ar\/","og_site_name":"Suno Not\u00edcias","article_publisher":"https:\/\/facebook.com\/sunoresearch","og_image":[{"width":1920,"height":1279,"url":"https:\/\/files.sunoresearch.com.br\/n\/uploads\/2022\/08\/pesquisas-eleitorais-2.jpg","type":"image\/jpeg"}],"author":"Allan Ravagnani","twitter_card":"summary_large_image","twitter_creator":"@sunoresearch","twitter_site":"@sunoresearch","twitter_misc":{"Escrito por":"Allan Ravagnani","Est. tempo de leitura":"4 minutos"},"schema":{"@context":"https:\/\/schema.org","@graph":[{"@type":"NewsArticle","@id":"https:\/\/www.suno.com.br\/noticias\/editoria-fundos-pesquisa-gestoresotimismo-brasil-ar\/#article","isPartOf":{"@id":"https:\/\/www.suno.com.br\/noticias\/editoria-fundos-pesquisa-gestoresotimismo-brasil-ar\/"},"author":{"name":"Allan Ravagnani","@id":"https:\/\/www.suno.com.br\/noticias\/#\/schema\/person\/ff470fe052a717a4b7c2a467a4a084c2"},"headline":"Pesquisa com gestores de fundos multimercados aponta otimismo com Brasil","datePublished":"2023-09-21T23:03:45+00:00","dateModified":"2023-09-21T23:03:51+00:00","mainEntityOfPage":{"@id":"https:\/\/www.suno.com.br\/noticias\/editoria-fundos-pesquisa-gestoresotimismo-brasil-ar\/"},"wordCount":606,"publisher":{"@id":"https:\/\/www.suno.com.br\/noticias\/#organization"},"image":{"@id":"https:\/\/www.suno.com.br\/noticias\/editoria-fundos-pesquisa-gestoresotimismo-brasil-ar\/#primaryimage"},"thumbnailUrl":"https:\/\/files.sunoresearch.com.br\/n\/uploads\/2022\/08\/pesquisas-eleitorais-2.jpg","keywords":["Fundos de a\u00e7\u00f5es","Fundos de cr\u00e9dito","Fundos de investimento","Fundos Imobili\u00e1rios (FIIs)","Fundos internacionais","Fundos multimercado","Fundos quant","XP Investimentos"],"articleSection":["Mercado"],"inLanguage":"pt-BR"},{"@type":"WebPage","@id":"https:\/\/www.suno.com.br\/noticias\/editoria-fundos-pesquisa-gestoresotimismo-brasil-ar\/","url":"https:\/\/www.suno.com.br\/noticias\/editoria-fundos-pesquisa-gestoresotimismo-brasil-ar\/","name":"Gestores de fundos multimercados est\u00e3o otimistas com Brasil","isPartOf":{"@id":"https:\/\/www.suno.com.br\/noticias\/#website"},"primaryImageOfPage":{"@id":"https:\/\/www.suno.com.br\/noticias\/editoria-fundos-pesquisa-gestoresotimismo-brasil-ar\/#primaryimage"},"image":{"@id":"https:\/\/www.suno.com.br\/noticias\/editoria-fundos-pesquisa-gestoresotimismo-brasil-ar\/#primaryimage"},"thumbnailUrl":"https:\/\/files.sunoresearch.com.br\/n\/uploads\/2022\/08\/pesquisas-eleitorais-2.jpg","datePublished":"2023-09-21T23:03:45+00:00","dateModified":"2023-09-21T23:03:51+00:00","description":"Em rela\u00e7\u00e3o ao PIB de 2023, os gestores de fundos esperam um crescimento de 3% em 2023. Em rela\u00e7\u00e3o \u00e0 bolsa seguem 100% comprados em Brasil","breadcrumb":{"@id":"https:\/\/www.suno.com.br\/noticias\/editoria-fundos-pesquisa-gestoresotimismo-brasil-ar\/#breadcrumb"},"inLanguage":"pt-BR","potentialAction":[{"@type":"ReadAction","target":["https:\/\/www.suno.com.br\/noticias\/editoria-fundos-pesquisa-gestoresotimismo-brasil-ar\/"]}]},{"@type":"ImageObject","inLanguage":"pt-BR","@id":"https:\/\/www.suno.com.br\/noticias\/editoria-fundos-pesquisa-gestoresotimismo-brasil-ar\/#primaryimage","url":"https:\/\/files.sunoresearch.com.br\/n\/uploads\/2022\/08\/pesquisas-eleitorais-2.jpg","contentUrl":"https:\/\/files.sunoresearch.com.br\/n\/uploads\/2022\/08\/pesquisas-eleitorais-2.jpg","width":1920,"height":1279,"caption":"Brazilian Regional Markets ter\u00e1 pesquisa exclusiva da Futura.Foto: Pixabay"},{"@type":"BreadcrumbList","@id":"https:\/\/www.suno.com.br\/noticias\/editoria-fundos-pesquisa-gestoresotimismo-brasil-ar\/#breadcrumb","itemListElement":[{"@type":"ListItem","position":1,"name":"Not\u00edcias","item":"https:\/\/www.suno.com.br\/noticias\/"},{"@type":"ListItem","position":2,"name":"Mercado","item":"https:\/\/www.suno.com.br\/noticias\/mercado\/"},{"@type":"ListItem","position":3,"name":"Pesquisa com gestores de fundos multimercados aponta otimismo com Brasil"}]},{"@type":"WebSite","@id":"https:\/\/www.suno.com.br\/noticias\/#website","url":"https:\/\/www.suno.com.br\/noticias\/","name":"Suno Not\u00edcias","description":"Seu portal de informa\u00e7\u00e3o sobre o mundo dos investimentos","publisher":{"@id":"https:\/\/www.suno.com.br\/noticias\/#organization"},"potentialAction":[{"@type":"SearchAction","target":{"@type":"EntryPoint","urlTemplate":"https:\/\/www.suno.com.br\/noticias\/?s={search_term_string}"},"query-input":{"@type":"PropertyValueSpecification","valueRequired":true,"valueName":"search_term_string"}}],"inLanguage":"pt-BR"},{"@type":"Organization","@id":"https:\/\/www.suno.com.br\/noticias\/#organization","name":"Suno Not\u00edcias","url":"https:\/\/www.suno.com.br\/noticias\/","logo":{"@type":"ImageObject","inLanguage":"pt-BR","@id":"https:\/\/www.suno.com.br\/noticias\/#\/schema\/logo\/image\/","url":"https:\/\/files.sunoresearch.com.br\/n\/uploads\/2021\/09\/suno-logo.png","contentUrl":"https:\/\/files.sunoresearch.com.br\/n\/uploads\/2021\/09\/suno-logo.png","width":180,"height":180,"caption":"Suno Not\u00edcias"},"image":{"@id":"https:\/\/www.suno.com.br\/noticias\/#\/schema\/logo\/image\/"},"sameAs":["https:\/\/facebook.com\/sunoresearch","https:\/\/x.com\/sunoresearch","https:\/\/www.instagram.com\/suno","https:\/\/www.linkedin.com\/company\/suno-research\/","https:\/\/www.youtube.com\/c\/sunoresearch"]},{"@type":"Person","@id":"https:\/\/www.suno.com.br\/noticias\/#\/schema\/person\/ff470fe052a717a4b7c2a467a4a084c2","name":"Allan Ravagnani","image":{"@type":"ImageObject","inLanguage":"pt-BR","@id":"https:\/\/www.suno.com.br\/noticias\/#\/schema\/person\/image\/","url":"https:\/\/secure.gravatar.com\/avatar\/6ff047fc08f82f36fd10bcae9caa7303?s=96&r=g","contentUrl":"https:\/\/secure.gravatar.com\/avatar\/6ff047fc08f82f36fd10bcae9caa7303?s=96&r=g","caption":"Allan Ravagnani"},"description":"Jornalista com especializa\u00e7\u00f5es em macroeconomia, finan\u00e7as e ci\u00eancia pol\u00edtica. Foi editor no site Intelig\u00eancia Financeira e atuou nos ve\u00edculos TC Mover (Traders Club), Valor Econ\u00f4mico, CMA Markets, Terra e Folha de S.Paulo. Atualmente, \u00e9 colaborador do Suno Not\u00edcias.","url":"https:\/\/www.suno.com.br\/noticias\/author\/allan-ravagnani\/"}]}},"default_loop_html":"<div class=\"cardsPage__listCard__boxs\"><div class=\"cardsPage__listCard__boxs__img\"><a href=\"https:\/\/www.suno.com.br\/noticias\/editoria-fundos-pesquisa-gestoresotimismo-brasil-ar\/\"><img class=\"mask\" src=\"https:\/\/www.suno.com.br\/noticias\/wp-content\/themes\/suno\/resources\/images\/spotlight\/spotlight1img\/bg-mask.png\" alt=\"Image Mask\"\/><img src=\"https:\/\/files.sunoresearch.com.br\/n\/uploads\/2022\/08\/pesquisas-eleitorais-2-400x200.jpg\" alt=\"Pesquisa com gestores de fundos multimercados aponta otimismo com Brasil\"\/><\/a><span class=\"spotlightCategory\"><a href=\"https:\/\/www.suno.com.br\/noticias\/mercado\/\">Mercado<\/a><\/span><\/div><div class=\"cardsPage__listCard__boxs__content\"><a href=\"https:\/\/www.suno.com.br\/noticias\/editoria-fundos-pesquisa-gestoresotimismo-brasil-ar\/\"><h2 class=\"content__title\">Pesquisa com gestores de fundos multimercados aponta otimismo com Brasil<\/h2><\/a><div class=\"newsContent__article__meta\"><div class=\"newsContent__article__meta__authorBox\"><a href=\"https:\/\/www.suno.com.br\/noticias\/author\/allan-ravagnani\/\" class=\"authorBox__avatar noMobi\"><img src=\"https:\/\/files.sunoresearch.com.br\/n\/uploads\/2023\/06\/allan-usuario-150x150.png\" alt=\"Allan Ravagnani\"><\/a><div class=\"authorBox__name\"><span>por\n\t\t\t<a href=\"https:\/\/www.suno.com.br\/noticias\/author\/allan-ravagnani\/\"><span itemprop=\"author\">Allan Ravagnani<\/span><\/a><\/span><time datetime=\"2023-09-21T20:03:45-03:00\" itemprop=\"datePublished\">21\/09\/2023 20:03<\/time><\/div><\/div><\/div><\/div><\/div>","single_layout":"posts","amp_enabled":true,"_links":{"self":[{"href":"https:\/\/www.suno.com.br\/noticias\/wp-json\/wp\/v2\/posts\/459982"}],"collection":[{"href":"https:\/\/www.suno.com.br\/noticias\/wp-json\/wp\/v2\/posts"}],"about":[{"href":"https:\/\/www.suno.com.br\/noticias\/wp-json\/wp\/v2\/types\/post"}],"author":[{"embeddable":true,"href":"https:\/\/www.suno.com.br\/noticias\/wp-json\/wp\/v2\/users\/305"}],"replies":[{"embeddable":true,"href":"https:\/\/www.suno.com.br\/noticias\/wp-json\/wp\/v2\/comments?post=459982"}],"version-history":[{"count":2,"href":"https:\/\/www.suno.com.br\/noticias\/wp-json\/wp\/v2\/posts\/459982\/revisions"}],"predecessor-version":[{"id":460286,"href":"https:\/\/www.suno.com.br\/noticias\/wp-json\/wp\/v2\/posts\/459982\/revisions\/460286"}],"wp:featuredmedia":[{"embeddable":true,"href":"https:\/\/www.suno.com.br\/noticias\/wp-json\/wp\/v2\/media\/285258"}],"wp:attachment":[{"href":"https:\/\/www.suno.com.br\/noticias\/wp-json\/wp\/v2\/media?parent=459982"}],"wp:term":[{"taxonomy":"category","embeddable":true,"href":"https:\/\/www.suno.com.br\/noticias\/wp-json\/wp\/v2\/categories?post=459982"},{"taxonomy":"post_tag","embeddable":true,"href":"https:\/\/www.suno.com.br\/noticias\/wp-json\/wp\/v2\/tags?post=459982"},{"taxonomy":"suno_strategy","embeddable":true,"href":"https:\/\/www.suno.com.br\/noticias\/wp-json\/wp\/v2\/suno_strategy?post=459982"}],"curies":[{"name":"wp","href":"https:\/\/api.w.org\/{rel}","templated":true}]}}