{"id":459871,"date":"2023-09-21T15:26:07","date_gmt":"2023-09-21T18:26:07","guid":{"rendered":"https:\/\/www.suno.com.br\/noticias\/?p=459871"},"modified":"2023-09-21T17:23:09","modified_gmt":"2023-09-21T20:23:09","slug":"fii-experience-fundos-imobiliarios-implusionam-setor-entenda-gpj","status":"publish","type":"post","link":"https:\/\/www.suno.com.br\/noticias\/fii-experience-fundos-imobiliarios-implusionam-setor-entenda-gpj\/","title":{"rendered":"Fundos imobili\u00e1rios foram providenciais para impulsionar setor, diz analista na FII Experience"},"content":{"rendered":"<p>O desenvolvimento da ind\u00fastria de <strong>fundos imobili\u00e1rios <\/strong> foi oportuno para o crescimento do setor no Brasil, avalia Pedro Ernesto Bragan\u00e7a, diretor de gest\u00e3o de fundos da TG Core Asset, ao participar do\u00a0<a href=\"https:\/\/lp.suno.com.br\/pv\/fii-experience-2023\/?_fs=16471076223-15189909138&amp;_fsRef=https%3A%2F%2Fwww.suno.com.br%2Fnoticias%2Ffii-experience-2023-maior-evento-fundos-imobiliarios-suno-convite-evm%2F\"><strong>FII Experience\u00a0<\/strong>2023<\/a>, maior evento de\u00a0<a href=\"https:\/\/www.suno.com.br\/fundos-imobiliarios\/\" target=\"_blank\" rel=\"noreferrer noopener\">fundos imobili\u00e1rios<\/a>\u00a0(FIIs), que acontece nesta quinta-feira (21) na sede da B3, em S\u00e3o Paulo. <\/p>\t<div class=\"wrapper-featured-image\">\n\t\t<figure class=\"spotlightImg\">\n\n\t\t\t<picture>\n\t\t\t\t<source media=\"(max-width: 768px)\" srcset=\"https:\/\/files.sunoresearch.com.br\/n\/uploads\/2023\/09\/Safeimagekit-resized-img-400x200.jpg\">\n\t\t\t\t<img loading=\"lazy\" decoding=\"async\" class=\"newsContent__article__imgCapa lazyloadDisabled \" src=\"https:\/\/files.sunoresearch.com.br\/n\/uploads\/2023\/09\/Safeimagekit-resized-img-800x450.jpg\" width=\"800\" height=\"450\" alt=\"Fundos imobili\u00e1rios foram providenciais para impulsionar setor, diz analista na FII Experience\" fetchpriority=high \/>\n\t\t\t<\/picture>\n\n\t\t\t<figcaption class=\"wp-caption-text wp-caption-text--show\">Fundos imobili\u00e1rios foram providenciais para ajudar o desenvolvimento do setor, diz analista durante a FII Experience. Foto: Divulga\u00e7\u00e3o.<\/figcaption>\n\t\t<\/figure>\n\t<\/div>\n\n\n\n\n\n\n\n\t<p>\n\t\t<a href=\"https:\/\/lp.suno.com.br\/plataforma-de-controle-de-investimentos\/\" target=\"_blank\" data-element=\"shortcode-suno-banner\" title=\"Banner SUNO, clique e saiba mais\">\n\t\t\t<picture>\n\t\t\t\t<source media=\"(max-width: 500px)\" srcset=\"https:\/\/files.sunoresearch.com.br\/n\/uploads\/2023\/03\/400x300-Controle-de-Investimentos.png\">\n\t\t\t\t<img class=\"newsContent__article__imgCapa newsContent__article__imgCapa--banner\"\n\t\t\t\t\tsrc=\"https:\/\/files.sunoresearch.com.br\/n\/uploads\/2023\/03\/1420x240-Controle-de-Investimentos.png\"\n\t\t\t\t\tdata-promo-id=\"383162\"\t\t\t\t\t\t\t\t\t\twidth='1420' height='240'\t\t\t\t\talt=\"https:\/\/files.sunoresearch.com.br\/n\/uploads\/2023\/03\/1420x240-Controle-de-Investimentos.png\"\n\t\t\t\t>\n\t\t\t<\/picture>\n\t\t<\/a>\n\t<\/p>\n\n\n\n\n\n<p>&#8220;Os fundos imobili\u00e1rios cresceram bastante nos \u00faltimos seis anos e eles foram providenciais para ajudar o desenvolvimento [do setor] imobili\u00e1rio, tanto dos empreendedores quanto dos adquirentes de im\u00f3veis&#8221;, disse Bragan\u00e7a. Para ele, no caso da oferta, s\u00e3o tr\u00eas os pilares que contribuem tanto para a <a href=\"https:\/\/www.suno.com.br\/artigos\/pessoa-fisica\/\">pessoa f\u00edsica<\/a> adquirir o im\u00f3vel quanto para a jur\u00eddica ter financiamento para desenvolver os seus projetos. <\/p>\n\n\n\n<p>O primeiro deles \u00e9 o <strong>Sistema Brasileiro de Poupan\u00e7a e Empr\u00e9stimo (SBPE)<\/strong>, seguido pelo <strong>Fundo de Garantia do Tempo de Servi\u00e7o (FGTS)<\/strong>. Juntos, eles representam 70% do <strong>cr\u00e9dito imobili\u00e1rio<\/strong> no pa\u00eds. &#8220;Em terceiro lugar, est\u00e3o as opera\u00e7\u00f5es estruturadas, como os<strong> FIIs<\/strong>, CRIs e LCI, tendo a B3 como uma grande fomentadora da oferta do desenvolvimento imobili\u00e1rio&#8221;, refor\u00e7ou Bragan\u00e7a.<\/p>\n\n\n\n<p>A <strong>listagem de fundos imobili\u00e1rios <\/strong>na bolsa brasileira ocorre h\u00e1 cerca de 30 anos, e tem evolu\u00eddo nos \u00faltimos anos, como lembrou Thalita Forne, gerente de produtos listados da bolsa brasileira.<\/p>\n\n\n\n<p>&#8220;Quando a gente olha um pouco mais de seis anos atr\u00e1s, n\u00f3s t\u00ednhamos em torno de 150 fundos imobili\u00e1rios dispon\u00edveis para negocia\u00e7\u00e3o. Hoje, esse n\u00famero est\u00e1 pr\u00f3ximo de 500&#8221;, explicou a gerente, com uma participa\u00e7\u00e3o importante do investidor <a href=\"https:\/\/www.suno.com.br\/artigos\/pessoa-fisica\/\">pessoa f\u00edsica<\/a> neste produto. &#8220;Tanto olhando para negocia\u00e7\u00e3o quanto para posi\u00e7\u00e3o em cust\u00f3dia, hoje o investidor pessoa f\u00edsica representa em torno de 70%&#8221;.<\/p>\n\n\n\t<p>\n\t\t<a href=\"\" target=\"_blank\" data-element=\"shortcode-suno-banner\" title=\"Banner SUNO, clique e saiba mais\">\n\t\t\t<picture>\n\t\t\t\t<source media=\"(max-width: 500px)\" srcset=\"\">\n\t\t\t\t<img class=\"newsContent__article__imgCapa newsContent__article__imgCapa--banner\"\n\t\t\t\t\tsrc=\"\"\n\t\t\t\t\tdata-promo-id=\"77014\"\t\t\t\t\t\t\t\t\t\t\t\t\t\t\talt=\"\"\n\t\t\t\t>\n\t\t\t<\/picture>\n\t\t<\/a>\n\t<\/p>\n\n\n\n\n\n<p>Ao todo, destacou Thalita Forne, entre os anos de 2017 e 2018, havia aproximadamente 140 mil investidores com posi\u00e7\u00f5es, n\u00famero que hoje supera os 2,3 milh\u00f5es. Esse aumento, segundo ela, \u00e9 explicado por algumas iniciativas feitas pela <strong>bolsa brasileira<\/strong>.<\/p>\n\n\n\n<p>&#8220;A B3 investe muito em iniciativa para desenvolver a liquidez dos nossos mercados &#8211; entre elas, est\u00e1 o <strong>programa de formador de mercado<\/strong>, que tem um papel essencial para desenvolver a liquidez em diversos setores&#8221;, pontuou.<\/p>\n\n\n\n<p>Mesmo em um ano considerado desafiador para o mercado de <a href=\"https:\/\/www.suno.com.br\/artigos\/renda-variavel-7-dicas\/\"><strong>renda vari\u00e1vel<\/strong><\/a>, o <strong>patrim\u00f4nio l\u00edquido total dos fundos imobili\u00e1rios<\/strong> j\u00e1 supera a marca de R$ 200 bilh\u00f5es, com o volume m\u00e9dio negociado em patamares muito pr\u00f3ximos dos picos de 2021 e 2022. Al\u00e9m disso, em 2023, a m\u00e9dia di\u00e1ria negociada no <a href=\"https:\/\/www.suno.com.br\/artigos\/mercado-secundario\/\"><strong>mercado secund\u00e1rio<\/strong><\/a> continua elevada, superando os R$ 240 milh\u00f5es.<\/p>\n\n\n\n<p>&#8220;Isso indica que a gente, tendo uma retomada para <a href=\"https:\/\/www.suno.com.br\/artigos\/renda-variavel-7-dicas\/\">renda vari\u00e1vel<\/a>, muito provavelmente voltar\u00e1 a ver novas listagens, novos investidores querendo utilizar o <a href=\"https:\/\/www.suno.com.br\/artigos\/mercado-de-capitais-conceito\/\">mercado de capitais<\/a> como fonte de recursos, porque o <a href=\"https:\/\/www.suno.com.br\/artigos\/mercado-secundario\/\">mercado secund\u00e1rio<\/a> continua sendo uma alternativa para o investidor final ter acesso&#8221;, ressaltou Thalita.<\/p>\n\n\n\n<p>A gerente de produtos listados na B3 salientou, tamb\u00e9m, que, para um mercado ser saud\u00e1vel, \u00e9 importante que haja todos os tipos de investidores negociando, como pessoa f\u00edsica, institucional e n\u00e3o residente, por exemplo, o que nos fundos imobili\u00e1rios \u00e9 poss\u00edvel visualizar de forma bastante clara.<\/p>\n\n\n\n<p>Entretanto, no caso dos investidores estrangeiros, ainda n\u00e3o \u00e9 poss\u00edvel ver uma participa\u00e7\u00e3o significativa deste p\u00fablico carregando posi\u00e7\u00f5es em <strong>fundos imobili\u00e1rios<\/strong>. &#8220;Eles t\u00eam mais uma estrat\u00e9gia de prover liquidez em tela, e eventualmente operar sem esse carrego de op\u00e7\u00f5es. \u00c9 um p\u00fablico que a gente ainda quer aumentar a participa\u00e7\u00e3o, que tem espa\u00e7o para que eles se desenvolvam ainda mais&#8221;, acrescentou.<\/p>\n\n\n\t<p>\n\t\t<a href=\"https:\/\/lp.suno.com.br\/planilha-da-vida-financeira\/\" target=\"_blank\" data-element=\"shortcode-suno-banner\" title=\"Banner SUNO, clique e saiba mais\">\n\t\t\t<picture>\n\t\t\t\t<source media=\"(max-width: 500px)\" srcset=\"https:\/\/files.sunoresearch.com.br\/n\/uploads\/2023\/04\/400x300-Planilha-vida-financeira-true.png\">\n\t\t\t\t<img class=\"newsContent__article__imgCapa newsContent__article__imgCapa--banner\"\n\t\t\t\t\tsrc=\"https:\/\/files.sunoresearch.com.br\/n\/uploads\/2023\/04\/1420x240-Planilha-vida-financeira-true.png\"\n\t\t\t\t\tdata-promo-id=\"383123\"\t\t\t\t\t\t\t\t\t\twidth='1420' height='240'\t\t\t\t\talt=\"https:\/\/files.sunoresearch.com.br\/n\/uploads\/2023\/04\/1420x240-Planilha-vida-financeira-true.png\"\n\t\t\t\t>\n\t\t\t<\/picture>\n\t\t<\/a>\n\t<\/p>\n\n\n","protected":false},"excerpt":{"rendered":"<p>O desenvolvimento da ind\u00fastria de fundos imobili\u00e1rios foi oportuno para o crescimento do setor no Brasil, avalia Pedro Ernesto Bragan\u00e7a, diretor de gest\u00e3o de fundos da TG Core Asset, ao participar do\u00a0FII Experience\u00a02023, maior evento de\u00a0fundos imobili\u00e1rios\u00a0(FIIs), que acontece nesta quinta-feira (21) na sede da B3, em S\u00e3o Paulo. Fundos imobili\u00e1rios foram providenciais para ajudar [&hellip;]<\/p>\n","protected":false},"author":313,"featured_media":459997,"comment_status":"closed","ping_status":"closed","sticky":false,"template":"","format":"standard","meta":[],"categories":[66],"tags":[105816,315],"suno_strategy":[],"class_list":["post-459871","post","type-post","status-publish","format-standard","has-post-thumbnail","hentry","category-fiis","tag-especialistas","tag-fundos-imobiliarios-fiis"],"yoast_head":"<!-- This site is optimized with the Yoast SEO plugin v24.4 - https:\/\/yoast.com\/wordpress\/plugins\/seo\/ -->\n<title>Fundos imobili\u00e1rios ajudam a impulsionar setor econ\u00f4mico; entenda<\/title>\n<meta name=\"description\" content=\"O desenvolvimento da ind\u00fastria de fundos imobili\u00e1rios veio num momento oportuno para o desenvolvimento de setor no Brasil. Saiba mais.\" \/>\n<meta name=\"robots\" content=\"index, follow, max-snippet:-1, max-image-preview:large, max-video-preview:-1\" \/>\n<link rel=\"canonical\" href=\"https:\/\/www.suno.com.br\/noticias\/fii-experience-fundos-imobiliarios-implusionam-setor-entenda-gpj\/\" \/>\n<meta property=\"og:locale\" content=\"pt_BR\" \/>\n<meta property=\"og:type\" content=\"article\" \/>\n<meta property=\"og:title\" content=\"Fundos imobili\u00e1rios ajudam a impulsionar setor econ\u00f4mico; entenda\" \/>\n<meta property=\"og:description\" content=\"O desenvolvimento da ind\u00fastria de fundos imobili\u00e1rios veio num momento oportuno para o desenvolvimento de setor no Brasil. Saiba mais.\" \/>\n<meta property=\"og:url\" content=\"https:\/\/www.suno.com.br\/noticias\/fii-experience-fundos-imobiliarios-implusionam-setor-entenda-gpj\/\" \/>\n<meta property=\"og:site_name\" content=\"Suno Not\u00edcias\" \/>\n<meta property=\"article:publisher\" content=\"https:\/\/facebook.com\/sunoresearch\" \/>\n<meta property=\"og:image\" content=\"https:\/\/files.sunoresearch.com.br\/n\/uploads\/2023\/09\/Safeimagekit-resized-img.jpg\" \/>\n\t<meta property=\"og:image:width\" content=\"1200\" \/>\n\t<meta property=\"og:image:height\" content=\"675\" \/>\n\t<meta property=\"og:image:type\" content=\"image\/jpeg\" \/>\n<meta name=\"author\" content=\"Giovanni Porf\u00edrio Jacomino\" \/>\n<meta name=\"twitter:card\" content=\"summary_large_image\" \/>\n<meta name=\"twitter:creator\" content=\"@sunoresearch\" \/>\n<meta name=\"twitter:site\" content=\"@sunoresearch\" \/>\n<meta name=\"twitter:label1\" content=\"Escrito por\" \/>\n\t<meta name=\"twitter:data1\" content=\"Giovanni Porf\u00edrio Jacomino\" \/>\n\t<meta name=\"twitter:label2\" content=\"Est. tempo de leitura\" \/>\n\t<meta name=\"twitter:data2\" content=\"4 minutos\" \/>\n<script type=\"application\/ld+json\" class=\"yoast-schema-graph\">{\"@context\":\"https:\/\/schema.org\",\"@graph\":[{\"@type\":\"NewsArticle\",\"@id\":\"https:\/\/www.suno.com.br\/noticias\/fii-experience-fundos-imobiliarios-implusionam-setor-entenda-gpj\/#article\",\"isPartOf\":{\"@id\":\"https:\/\/www.suno.com.br\/noticias\/fii-experience-fundos-imobiliarios-implusionam-setor-entenda-gpj\/\"},\"author\":{\"name\":\"Giovanni Porf\u00edrio Jacomino\",\"@id\":\"https:\/\/www.suno.com.br\/noticias\/#\/schema\/person\/d0f32748bbca4bee871fa191ee4e2d40\"},\"headline\":\"Fundos imobili\u00e1rios foram providenciais para impulsionar setor, diz analista na FII Experience\",\"datePublished\":\"2023-09-21T18:26:07+00:00\",\"dateModified\":\"2023-09-21T20:23:09+00:00\",\"mainEntityOfPage\":{\"@id\":\"https:\/\/www.suno.com.br\/noticias\/fii-experience-fundos-imobiliarios-implusionam-setor-entenda-gpj\/\"},\"wordCount\":629,\"publisher\":{\"@id\":\"https:\/\/www.suno.com.br\/noticias\/#organization\"},\"image\":{\"@id\":\"https:\/\/www.suno.com.br\/noticias\/fii-experience-fundos-imobiliarios-implusionam-setor-entenda-gpj\/#primaryimage\"},\"thumbnailUrl\":\"https:\/\/files.sunoresearch.com.br\/n\/uploads\/2023\/09\/Safeimagekit-resized-img.jpg\",\"keywords\":[\"Especialistas\",\"Fundos Imobili\u00e1rios (FIIs)\"],\"articleSection\":[\"FIIs\"],\"inLanguage\":\"pt-BR\"},{\"@type\":\"WebPage\",\"@id\":\"https:\/\/www.suno.com.br\/noticias\/fii-experience-fundos-imobiliarios-implusionam-setor-entenda-gpj\/\",\"url\":\"https:\/\/www.suno.com.br\/noticias\/fii-experience-fundos-imobiliarios-implusionam-setor-entenda-gpj\/\",\"name\":\"Fundos imobili\u00e1rios ajudam a impulsionar setor econ\u00f4mico; entenda\",\"isPartOf\":{\"@id\":\"https:\/\/www.suno.com.br\/noticias\/#website\"},\"primaryImageOfPage\":{\"@id\":\"https:\/\/www.suno.com.br\/noticias\/fii-experience-fundos-imobiliarios-implusionam-setor-entenda-gpj\/#primaryimage\"},\"image\":{\"@id\":\"https:\/\/www.suno.com.br\/noticias\/fii-experience-fundos-imobiliarios-implusionam-setor-entenda-gpj\/#primaryimage\"},\"thumbnailUrl\":\"https:\/\/files.sunoresearch.com.br\/n\/uploads\/2023\/09\/Safeimagekit-resized-img.jpg\",\"datePublished\":\"2023-09-21T18:26:07+00:00\",\"dateModified\":\"2023-09-21T20:23:09+00:00\",\"description\":\"O desenvolvimento da ind\u00fastria de fundos imobili\u00e1rios veio num momento oportuno para o desenvolvimento de setor no Brasil. Saiba mais.\",\"breadcrumb\":{\"@id\":\"https:\/\/www.suno.com.br\/noticias\/fii-experience-fundos-imobiliarios-implusionam-setor-entenda-gpj\/#breadcrumb\"},\"inLanguage\":\"pt-BR\",\"potentialAction\":[{\"@type\":\"ReadAction\",\"target\":[\"https:\/\/www.suno.com.br\/noticias\/fii-experience-fundos-imobiliarios-implusionam-setor-entenda-gpj\/\"]}]},{\"@type\":\"ImageObject\",\"inLanguage\":\"pt-BR\",\"@id\":\"https:\/\/www.suno.com.br\/noticias\/fii-experience-fundos-imobiliarios-implusionam-setor-entenda-gpj\/#primaryimage\",\"url\":\"https:\/\/files.sunoresearch.com.br\/n\/uploads\/2023\/09\/Safeimagekit-resized-img.jpg\",\"contentUrl\":\"https:\/\/files.sunoresearch.com.br\/n\/uploads\/2023\/09\/Safeimagekit-resized-img.jpg\",\"width\":1200,\"height\":675,\"caption\":\"Fundos imobili\u00e1rios foram providenciais para ajudar o desenvolvimento do setor, diz analista durante a FII Experience. Foto: Divulga\u00e7\u00e3o.\"},{\"@type\":\"BreadcrumbList\",\"@id\":\"https:\/\/www.suno.com.br\/noticias\/fii-experience-fundos-imobiliarios-implusionam-setor-entenda-gpj\/#breadcrumb\",\"itemListElement\":[{\"@type\":\"ListItem\",\"position\":1,\"name\":\"Not\u00edcias\",\"item\":\"https:\/\/www.suno.com.br\/noticias\/\"},{\"@type\":\"ListItem\",\"position\":2,\"name\":\"FIIs\",\"item\":\"https:\/\/www.suno.com.br\/noticias\/fiis\/\"},{\"@type\":\"ListItem\",\"position\":3,\"name\":\"Fundos imobili\u00e1rios foram providenciais para impulsionar setor, diz analista na FII Experience\"}]},{\"@type\":\"WebSite\",\"@id\":\"https:\/\/www.suno.com.br\/noticias\/#website\",\"url\":\"https:\/\/www.suno.com.br\/noticias\/\",\"name\":\"Suno Not\u00edcias\",\"description\":\"Seu portal de informa\u00e7\u00e3o sobre o mundo dos investimentos\",\"publisher\":{\"@id\":\"https:\/\/www.suno.com.br\/noticias\/#organization\"},\"potentialAction\":[{\"@type\":\"SearchAction\",\"target\":{\"@type\":\"EntryPoint\",\"urlTemplate\":\"https:\/\/www.suno.com.br\/noticias\/?s={search_term_string}\"},\"query-input\":{\"@type\":\"PropertyValueSpecification\",\"valueRequired\":true,\"valueName\":\"search_term_string\"}}],\"inLanguage\":\"pt-BR\"},{\"@type\":\"Organization\",\"@id\":\"https:\/\/www.suno.com.br\/noticias\/#organization\",\"name\":\"Suno Not\u00edcias\",\"url\":\"https:\/\/www.suno.com.br\/noticias\/\",\"logo\":{\"@type\":\"ImageObject\",\"inLanguage\":\"pt-BR\",\"@id\":\"https:\/\/www.suno.com.br\/noticias\/#\/schema\/logo\/image\/\",\"url\":\"https:\/\/files.sunoresearch.com.br\/n\/uploads\/2021\/09\/suno-logo.png\",\"contentUrl\":\"https:\/\/files.sunoresearch.com.br\/n\/uploads\/2021\/09\/suno-logo.png\",\"width\":180,\"height\":180,\"caption\":\"Suno Not\u00edcias\"},\"image\":{\"@id\":\"https:\/\/www.suno.com.br\/noticias\/#\/schema\/logo\/image\/\"},\"sameAs\":[\"https:\/\/facebook.com\/sunoresearch\",\"https:\/\/x.com\/sunoresearch\",\"https:\/\/www.instagram.com\/suno\",\"https:\/\/www.linkedin.com\/company\/suno-research\/\",\"https:\/\/www.youtube.com\/c\/sunoresearch\"]},{\"@type\":\"Person\",\"@id\":\"https:\/\/www.suno.com.br\/noticias\/#\/schema\/person\/d0f32748bbca4bee871fa191ee4e2d40\",\"name\":\"Giovanni Porf\u00edrio Jacomino\",\"image\":{\"@type\":\"ImageObject\",\"inLanguage\":\"pt-BR\",\"@id\":\"https:\/\/www.suno.com.br\/noticias\/#\/schema\/person\/image\/\",\"url\":\"https:\/\/secure.gravatar.com\/avatar\/efb32e19b730a121cb7a80f41ffec01a?s=96&r=g\",\"contentUrl\":\"https:\/\/secure.gravatar.com\/avatar\/efb32e19b730a121cb7a80f41ffec01a?s=96&r=g\",\"caption\":\"Giovanni Porf\u00edrio Jacomino\"},\"description\":\"Giovanni Porf\u00edrio Jacomino \u00e9 jornalista formado pela Universidade Estadual de Londrina (UEL) e p\u00f3s-graduado em Produ\u00e7\u00e3o e Pr\u00e1ticas Jornal\u00edsticas na Contemporaneidade na Faculdade C\u00e1sper L\u00edbero (FCL). Foi editor web no Startupi e no Finsiders, atuando ainda como editor no TC Mover, portal de not\u00edcias da TradersClub, fazendo a cobertura de assuntos relacionados ao mercado financeiro interno e externo. Atualmente, \u00e9 Rep\u00f3rter do Suno Not\u00edcias.\",\"url\":\"https:\/\/www.suno.com.br\/noticias\/author\/giovanni-porfiriosuno-com-br\/\"}]}<\/script>\n<!-- \/ Yoast SEO plugin. -->","yoast_head_json":{"title":"Fundos imobili\u00e1rios ajudam a impulsionar setor econ\u00f4mico; entenda","description":"O desenvolvimento da ind\u00fastria de fundos imobili\u00e1rios veio num momento oportuno para o desenvolvimento de setor no Brasil. Saiba mais.","robots":{"index":"index","follow":"follow","max-snippet":"max-snippet:-1","max-image-preview":"max-image-preview:large","max-video-preview":"max-video-preview:-1"},"canonical":"https:\/\/www.suno.com.br\/noticias\/fii-experience-fundos-imobiliarios-implusionam-setor-entenda-gpj\/","og_locale":"pt_BR","og_type":"article","og_title":"Fundos imobili\u00e1rios ajudam a impulsionar setor econ\u00f4mico; entenda","og_description":"O desenvolvimento da ind\u00fastria de fundos imobili\u00e1rios veio num momento oportuno para o desenvolvimento de setor no Brasil. Saiba mais.","og_url":"https:\/\/www.suno.com.br\/noticias\/fii-experience-fundos-imobiliarios-implusionam-setor-entenda-gpj\/","og_site_name":"Suno Not\u00edcias","article_publisher":"https:\/\/facebook.com\/sunoresearch","og_image":[{"width":1200,"height":675,"url":"https:\/\/files.sunoresearch.com.br\/n\/uploads\/2023\/09\/Safeimagekit-resized-img.jpg","type":"image\/jpeg"}],"author":"Giovanni Porf\u00edrio Jacomino","twitter_card":"summary_large_image","twitter_creator":"@sunoresearch","twitter_site":"@sunoresearch","twitter_misc":{"Escrito por":"Giovanni Porf\u00edrio Jacomino","Est. tempo de leitura":"4 minutos"},"schema":{"@context":"https:\/\/schema.org","@graph":[{"@type":"NewsArticle","@id":"https:\/\/www.suno.com.br\/noticias\/fii-experience-fundos-imobiliarios-implusionam-setor-entenda-gpj\/#article","isPartOf":{"@id":"https:\/\/www.suno.com.br\/noticias\/fii-experience-fundos-imobiliarios-implusionam-setor-entenda-gpj\/"},"author":{"name":"Giovanni Porf\u00edrio Jacomino","@id":"https:\/\/www.suno.com.br\/noticias\/#\/schema\/person\/d0f32748bbca4bee871fa191ee4e2d40"},"headline":"Fundos imobili\u00e1rios foram providenciais para impulsionar setor, diz analista na FII Experience","datePublished":"2023-09-21T18:26:07+00:00","dateModified":"2023-09-21T20:23:09+00:00","mainEntityOfPage":{"@id":"https:\/\/www.suno.com.br\/noticias\/fii-experience-fundos-imobiliarios-implusionam-setor-entenda-gpj\/"},"wordCount":629,"publisher":{"@id":"https:\/\/www.suno.com.br\/noticias\/#organization"},"image":{"@id":"https:\/\/www.suno.com.br\/noticias\/fii-experience-fundos-imobiliarios-implusionam-setor-entenda-gpj\/#primaryimage"},"thumbnailUrl":"https:\/\/files.sunoresearch.com.br\/n\/uploads\/2023\/09\/Safeimagekit-resized-img.jpg","keywords":["Especialistas","Fundos Imobili\u00e1rios (FIIs)"],"articleSection":["FIIs"],"inLanguage":"pt-BR"},{"@type":"WebPage","@id":"https:\/\/www.suno.com.br\/noticias\/fii-experience-fundos-imobiliarios-implusionam-setor-entenda-gpj\/","url":"https:\/\/www.suno.com.br\/noticias\/fii-experience-fundos-imobiliarios-implusionam-setor-entenda-gpj\/","name":"Fundos imobili\u00e1rios ajudam a impulsionar setor econ\u00f4mico; entenda","isPartOf":{"@id":"https:\/\/www.suno.com.br\/noticias\/#website"},"primaryImageOfPage":{"@id":"https:\/\/www.suno.com.br\/noticias\/fii-experience-fundos-imobiliarios-implusionam-setor-entenda-gpj\/#primaryimage"},"image":{"@id":"https:\/\/www.suno.com.br\/noticias\/fii-experience-fundos-imobiliarios-implusionam-setor-entenda-gpj\/#primaryimage"},"thumbnailUrl":"https:\/\/files.sunoresearch.com.br\/n\/uploads\/2023\/09\/Safeimagekit-resized-img.jpg","datePublished":"2023-09-21T18:26:07+00:00","dateModified":"2023-09-21T20:23:09+00:00","description":"O desenvolvimento da ind\u00fastria de fundos imobili\u00e1rios veio num momento oportuno para o desenvolvimento de setor no Brasil. Saiba mais.","breadcrumb":{"@id":"https:\/\/www.suno.com.br\/noticias\/fii-experience-fundos-imobiliarios-implusionam-setor-entenda-gpj\/#breadcrumb"},"inLanguage":"pt-BR","potentialAction":[{"@type":"ReadAction","target":["https:\/\/www.suno.com.br\/noticias\/fii-experience-fundos-imobiliarios-implusionam-setor-entenda-gpj\/"]}]},{"@type":"ImageObject","inLanguage":"pt-BR","@id":"https:\/\/www.suno.com.br\/noticias\/fii-experience-fundos-imobiliarios-implusionam-setor-entenda-gpj\/#primaryimage","url":"https:\/\/files.sunoresearch.com.br\/n\/uploads\/2023\/09\/Safeimagekit-resized-img.jpg","contentUrl":"https:\/\/files.sunoresearch.com.br\/n\/uploads\/2023\/09\/Safeimagekit-resized-img.jpg","width":1200,"height":675,"caption":"Fundos imobili\u00e1rios foram providenciais para ajudar o desenvolvimento do setor, diz analista durante a FII Experience. Foto: Divulga\u00e7\u00e3o."},{"@type":"BreadcrumbList","@id":"https:\/\/www.suno.com.br\/noticias\/fii-experience-fundos-imobiliarios-implusionam-setor-entenda-gpj\/#breadcrumb","itemListElement":[{"@type":"ListItem","position":1,"name":"Not\u00edcias","item":"https:\/\/www.suno.com.br\/noticias\/"},{"@type":"ListItem","position":2,"name":"FIIs","item":"https:\/\/www.suno.com.br\/noticias\/fiis\/"},{"@type":"ListItem","position":3,"name":"Fundos imobili\u00e1rios foram providenciais para impulsionar setor, diz analista na FII Experience"}]},{"@type":"WebSite","@id":"https:\/\/www.suno.com.br\/noticias\/#website","url":"https:\/\/www.suno.com.br\/noticias\/","name":"Suno Not\u00edcias","description":"Seu portal de informa\u00e7\u00e3o sobre o mundo dos investimentos","publisher":{"@id":"https:\/\/www.suno.com.br\/noticias\/#organization"},"potentialAction":[{"@type":"SearchAction","target":{"@type":"EntryPoint","urlTemplate":"https:\/\/www.suno.com.br\/noticias\/?s={search_term_string}"},"query-input":{"@type":"PropertyValueSpecification","valueRequired":true,"valueName":"search_term_string"}}],"inLanguage":"pt-BR"},{"@type":"Organization","@id":"https:\/\/www.suno.com.br\/noticias\/#organization","name":"Suno Not\u00edcias","url":"https:\/\/www.suno.com.br\/noticias\/","logo":{"@type":"ImageObject","inLanguage":"pt-BR","@id":"https:\/\/www.suno.com.br\/noticias\/#\/schema\/logo\/image\/","url":"https:\/\/files.sunoresearch.com.br\/n\/uploads\/2021\/09\/suno-logo.png","contentUrl":"https:\/\/files.sunoresearch.com.br\/n\/uploads\/2021\/09\/suno-logo.png","width":180,"height":180,"caption":"Suno Not\u00edcias"},"image":{"@id":"https:\/\/www.suno.com.br\/noticias\/#\/schema\/logo\/image\/"},"sameAs":["https:\/\/facebook.com\/sunoresearch","https:\/\/x.com\/sunoresearch","https:\/\/www.instagram.com\/suno","https:\/\/www.linkedin.com\/company\/suno-research\/","https:\/\/www.youtube.com\/c\/sunoresearch"]},{"@type":"Person","@id":"https:\/\/www.suno.com.br\/noticias\/#\/schema\/person\/d0f32748bbca4bee871fa191ee4e2d40","name":"Giovanni Porf\u00edrio Jacomino","image":{"@type":"ImageObject","inLanguage":"pt-BR","@id":"https:\/\/www.suno.com.br\/noticias\/#\/schema\/person\/image\/","url":"https:\/\/secure.gravatar.com\/avatar\/efb32e19b730a121cb7a80f41ffec01a?s=96&r=g","contentUrl":"https:\/\/secure.gravatar.com\/avatar\/efb32e19b730a121cb7a80f41ffec01a?s=96&r=g","caption":"Giovanni Porf\u00edrio Jacomino"},"description":"Giovanni Porf\u00edrio Jacomino \u00e9 jornalista formado pela Universidade Estadual de Londrina (UEL) e p\u00f3s-graduado em Produ\u00e7\u00e3o e Pr\u00e1ticas Jornal\u00edsticas na Contemporaneidade na Faculdade C\u00e1sper L\u00edbero (FCL). Foi editor web no Startupi e no Finsiders, atuando ainda como editor no TC Mover, portal de not\u00edcias da TradersClub, fazendo a cobertura de assuntos relacionados ao mercado financeiro interno e externo. Atualmente, \u00e9 Rep\u00f3rter do Suno Not\u00edcias.","url":"https:\/\/www.suno.com.br\/noticias\/author\/giovanni-porfiriosuno-com-br\/"}]}},"default_loop_html":"<div class=\"cardsPage__listCard__boxs\"><div class=\"cardsPage__listCard__boxs__img\"><a href=\"https:\/\/www.suno.com.br\/noticias\/fii-experience-fundos-imobiliarios-implusionam-setor-entenda-gpj\/\"><img class=\"mask\" src=\"https:\/\/www.suno.com.br\/noticias\/wp-content\/themes\/suno\/resources\/images\/spotlight\/spotlight1img\/bg-mask.png\" alt=\"Image Mask\"\/><img src=\"https:\/\/files.sunoresearch.com.br\/n\/uploads\/2023\/09\/Safeimagekit-resized-img-400x200.jpg\" alt=\"Fundos imobili\u00e1rios foram providenciais para impulsionar setor, diz analista na FII Experience\"\/><\/a><span class=\"spotlightCategory\"><a href=\"https:\/\/www.suno.com.br\/noticias\/fiis\/\">FIIs<\/a><\/span><\/div><div class=\"cardsPage__listCard__boxs__content\"><a href=\"https:\/\/www.suno.com.br\/noticias\/fii-experience-fundos-imobiliarios-implusionam-setor-entenda-gpj\/\"><h2 class=\"content__title\">Fundos imobili\u00e1rios foram providenciais para impulsionar setor, diz analista na FII Experience<\/h2><\/a><div class=\"newsContent__article__meta\"><div class=\"newsContent__article__meta__authorBox\"><a href=\"https:\/\/www.suno.com.br\/noticias\/author\/giovanni-porfiriosuno-com-br\/\" class=\"authorBox__avatar noMobi\"><img src=\"https:\/\/files.sunoresearch.com.br\/n\/uploads\/2024\/05\/DSCF4115-1-1-150x150.webp\" alt=\"Giovanni Porf\u00edrio Jacomino\"><\/a><div class=\"authorBox__name\"><span>por\n\t\t\t<a href=\"https:\/\/www.suno.com.br\/noticias\/author\/giovanni-porfiriosuno-com-br\/\"><span itemprop=\"author\">Giovanni Porf\u00edrio Jacomino<\/span><\/a><\/span><time datetime=\"2023-09-21T15:26:07-03:00\" itemprop=\"datePublished\">21\/09\/2023 15:26<\/time><\/div><\/div><\/div><\/div><\/div>","single_layout":"posts","amp_enabled":true,"_links":{"self":[{"href":"https:\/\/www.suno.com.br\/noticias\/wp-json\/wp\/v2\/posts\/459871"}],"collection":[{"href":"https:\/\/www.suno.com.br\/noticias\/wp-json\/wp\/v2\/posts"}],"about":[{"href":"https:\/\/www.suno.com.br\/noticias\/wp-json\/wp\/v2\/types\/post"}],"author":[{"embeddable":true,"href":"https:\/\/www.suno.com.br\/noticias\/wp-json\/wp\/v2\/users\/313"}],"replies":[{"embeddable":true,"href":"https:\/\/www.suno.com.br\/noticias\/wp-json\/wp\/v2\/comments?post=459871"}],"version-history":[{"count":3,"href":"https:\/\/www.suno.com.br\/noticias\/wp-json\/wp\/v2\/posts\/459871\/revisions"}],"predecessor-version":[{"id":460153,"href":"https:\/\/www.suno.com.br\/noticias\/wp-json\/wp\/v2\/posts\/459871\/revisions\/460153"}],"wp:featuredmedia":[{"embeddable":true,"href":"https:\/\/www.suno.com.br\/noticias\/wp-json\/wp\/v2\/media\/459997"}],"wp:attachment":[{"href":"https:\/\/www.suno.com.br\/noticias\/wp-json\/wp\/v2\/media?parent=459871"}],"wp:term":[{"taxonomy":"category","embeddable":true,"href":"https:\/\/www.suno.com.br\/noticias\/wp-json\/wp\/v2\/categories?post=459871"},{"taxonomy":"post_tag","embeddable":true,"href":"https:\/\/www.suno.com.br\/noticias\/wp-json\/wp\/v2\/tags?post=459871"},{"taxonomy":"suno_strategy","embeddable":true,"href":"https:\/\/www.suno.com.br\/noticias\/wp-json\/wp\/v2\/suno_strategy?post=459871"}],"curies":[{"name":"wp","href":"https:\/\/api.w.org\/{rel}","templated":true}]}}