{"id":459825,"date":"2023-09-21T12:17:24","date_gmt":"2023-09-21T15:17:24","guid":{"rendered":"https:\/\/www.suno.com.br\/noticias\/?p=459825"},"modified":"2023-09-21T17:17:33","modified_gmt":"2023-09-21T20:17:33","slug":"arrecadacao-cai-agosto-bilhoes-governo-evm","status":"publish","type":"post","link":"https:\/\/www.suno.com.br\/noticias\/arrecadacao-cai-agosto-bilhoes-governo-evm\/","title":{"rendered":"Arrecada\u00e7\u00e3o cai para R$ 172,785 bilh\u00f5es em agosto"},"content":{"rendered":"<p>Seguindo a trajet\u00f3ria de desacelera\u00e7\u00e3o dos \u00faltimos meses, a <a href=\"https:\/\/www.suno.com.br\/noticias\/fundos-exclusivos-arrecadacao-medida-provisoria-tributacao-mal\/\" target=\"_blank\" rel=\"noreferrer noopener\"><strong>arrecada\u00e7\u00e3o<\/strong> de impostos<\/a> e contribui\u00e7\u00f5es federais somou R$ 172,785 bilh\u00f5es em agosto. <\/p><div class=\"videoFull \">\n\t\t\t<div class=\"videoWrapper yt-lazyload center\"\n\t\t\t\tdata-width=\"960\"\n\t\t\t\tdata-height=\"540\"\n\t\t\t\tdata-id=\"mDkVK4IWSBI\"\n\t\t\t\tdata-alt=\"V\u00eddeo do YouTube - clique para reproduzir\"\n\t\t\t\tdata-logo=\"3\"\n\t\t\t\tdata-imagequality=\"maxres\">\n\t\t\t<\/div>\n\t\t<\/div><script type=\"application\/ld+json\">{\"@context\":\"https:\/\/schema.org\",\"@type\":\"VideoObject\",\"name\":\"SELIC VAI A 12,75% | IBOVESPA SOBE | BRASKEM (BRKM5) DERRETE COM REVIS\u00c3O DE ANALISTAS\",\"description\":\"#bolsadevalores #investimentos #mercadofinanceiro #investimentos #d\u00f3lar #livedas19h #petr4 #petrobras #vale3 #vale #a\u00e7\u00f5es #economia #copom #selic #juros #braskem #brkm5 #magazineluiza #mglu3 O Ibovespa encerrou a sess\u00e3o de hoje (20) em alta de 0,72% aos 118.695,32 pontos, ap\u00f3s oscilar entre m\u00ednima de 117.846,51 e m\u00e1xima de 119.615,70. O volume financeiro do dia foi de R$ 20 bilh\u00f5es. O\u2026\",\"duration\":\"PT34M27S\",\"embedUrl\":\"https:\/\/www.youtube.com\/embed\/mDkVK4IWSBI\",\"regionsAllowed\":\"pt-BR\",\"interactionStatistic\":{\"@type\":\"InteractionCounter\",\"interactionType\":{\"@type\":\"WatchAction\"},\"userInteractionCount\":3298},\"thumbnailUrl\":\"https:\/\/i.ytimg.com\/vi\/mDkVK4IWSBI\/default.jpg\",\"uploadDate\":\"2023-09-20T22:38:44Z\"}<\/script>\n\n\n\n\n\t<p>\n\t\t<a href=\"https:\/\/lp.suno.com.br\/planilha-da-vida-financeira\/\" target=\"_blank\" data-element=\"shortcode-suno-banner\" title=\"Banner SUNO, clique e saiba mais\">\n\t\t\t<picture>\n\t\t\t\t<source media=\"(max-width: 500px)\" srcset=\"https:\/\/files.sunoresearch.com.br\/n\/uploads\/2023\/04\/400x300-Planilha-vida-financeira-true.png\">\n\t\t\t\t<img class=\"newsContent__article__imgCapa newsContent__article__imgCapa--banner\"\n\t\t\t\t\tsrc=\"https:\/\/files.sunoresearch.com.br\/n\/uploads\/2023\/04\/1420x240-Planilha-vida-financeira-true.png\"\n\t\t\t\t\tdata-promo-id=\"106682\"\t\t\t\t\t\t\t\t\t\twidth='1420' height='240'\t\t\t\t\talt=\"https:\/\/files.sunoresearch.com.br\/n\/uploads\/2023\/04\/1420x240-Planilha-vida-financeira-true.png\"\n\t\t\t\t>\n\t\t\t<\/picture>\n\t\t<\/a>\n\t<\/p>\n\n\n\n\n\n\n\n<p>O resultado representa uma queda real (descontada a infla\u00e7\u00e3o) de 4,14% na compara\u00e7\u00e3o com o resultado de agosto do ano passado, quando a arrecada\u00e7\u00e3o de <strong><a href=\"https:\/\/www.suno.com.br\/noticias\/colunas\/thielle-fernandes\/reforma-tributaria-simplificando-tributos-brasileiros\/\">tributos<\/a><\/strong> somou R$ 172,314 bilh\u00f5es, em termos nominais. Este \u00e9 o terceiro m\u00eas consecutivo de queda na arrecada\u00e7\u00e3o federal.<\/p>\n\n\n\n<p>Em rela\u00e7\u00e3o a julho deste ano, a arrecada\u00e7\u00e3o desabou 14,59%. De acordo com a s\u00e9rie hist\u00f3rica da <strong><a href=\"https:\/\/www.suno.com.br\/noticias\/shein-receita-federal-remessa-conforme-evm\/\">Receita<\/a><\/strong>, esse \u00e9 o pior resultado para agosto desde 2021, quando a arrecada\u00e7\u00e3o somou R$ 155,3 bilh\u00f5es, em termos reais.<\/p>\n\n\n\n<p>O resultado das receitas veio alinhado com a mediana de R$ 172,900 bilh\u00f5es das expectativas das institui\u00e7\u00f5es ouvidas pelo Proje\u00e7\u00f5es Broadcast. O dado ficou dentro do intervalo de proje\u00e7\u00f5es, que ia de R$ 167,600 bilh\u00f5es a R$ 191,600 bilh\u00f5es.<\/p>\n\n\n\n<p>O Fisco apontou que houve em agosto crescimento real de 2,67% na arrecada\u00e7\u00e3o da Contribui\u00e7\u00e3o Previdenci\u00e1ria, por causa do crescimento da massa salarial. Tamb\u00e9m destacou o crescimento real de 6,08% da arrecada\u00e7\u00e3o da Cofins\/PIS-Pasep, pelo crescimento do volume de vendas e de servi\u00e7os e das altera\u00e7\u00f5es nas regras da tributa\u00e7\u00e3o sobre os combust\u00edveis.<\/p>\n\n\n\n<p>A Receita tamb\u00e9m destacou o recolhimento, em maio, de aproximadamente R$ 827 milh\u00f5es pelo Imposto sobre Exporta\u00e7\u00e3o em raz\u00e3o da tributa\u00e7\u00e3o de \u00f3leo bruto (Medida Provis\u00f3ria 1.163\/23), al\u00e9m de R$ 861 milh\u00f5es do programa de redu\u00e7\u00e3o de litigiosidade<\/p>\n\n\n\n<p>De janeiro a agosto de 2023, a arrecada\u00e7\u00e3o federal somou R$ 1,517 trilh\u00e3o. Com a retra\u00e7\u00e3o real de agosto, o volume \u00e9 o segundo melhor para o per\u00edodo na s\u00e9rie hist\u00f3rica, iniciada em 1995, em valores corrigidos pelo IPCA. O montante representa uma queda real de 0,83% na compara\u00e7\u00e3o com os primeiros oito meses de 2022.<\/p>\n\n\n\n<p>Com Estad\u00e3o Conte\u00fado<\/p>\n\n\n\t<p>\n\t\t<a href=\"https:\/\/lp.suno.com.br\/ebook-como-analisar-uma-acao\/\" target=\"_blank\" data-element=\"shortcode-suno-banner\" title=\"Banner SUNO, clique e saiba mais\">\n\t\t\t<picture>\n\t\t\t\t<source media=\"(max-width: 500px)\" srcset=\"https:\/\/files.sunoresearch.com.br\/n\/uploads\/2023\/03\/Ebook-Acoes-Mobile.jpg\">\n\t\t\t\t<img class=\"newsContent__article__imgCapa newsContent__article__imgCapa--banner\"\n\t\t\t\t\tsrc=\"https:\/\/files.sunoresearch.com.br\/n\/uploads\/2023\/03\/Ebook-Acoes-Desktop.jpg\"\n\t\t\t\t\tdata-promo-id=\"378302\"\t\t\t\t\t\t\t\t\t\twidth='1420' height='286'\t\t\t\t\talt=\"https:\/\/files.sunoresearch.com.br\/n\/uploads\/2023\/03\/Ebook-Acoes-Desktop.jpg\"\n\t\t\t\t>\n\t\t\t<\/picture>\n\t\t<\/a>\n\t<\/p>\n\n\n","protected":false},"excerpt":{"rendered":"<p>Seguindo a trajet\u00f3ria de desacelera\u00e7\u00e3o dos \u00faltimos meses, a arrecada\u00e7\u00e3o de impostos e contribui\u00e7\u00f5es federais somou R$ 172,785 bilh\u00f5es em agosto. O resultado representa uma queda real (descontada a infla\u00e7\u00e3o) de 4,14% na compara\u00e7\u00e3o com o resultado de agosto do ano passado, quando a arrecada\u00e7\u00e3o de tributos somou R$ 172,314 bilh\u00f5es, em termos nominais. Este [&hellip;]<\/p>\n","protected":false},"author":73,"featured_media":385404,"comment_status":"closed","ping_status":"closed","sticky":false,"template":"","format":"standard","meta":[],"categories":[62],"tags":[],"suno_strategy":[],"class_list":["post-459825","post","type-post","status-publish","format-standard","has-post-thumbnail","hentry","category-economia"],"yoast_head":"<!-- This site is optimized with the Yoast SEO plugin v24.4 - https:\/\/yoast.com\/wordpress\/plugins\/seo\/ -->\n<title>Arrecada\u00e7\u00e3o cai para R$ 172,785 bilh\u00f5es em agosto<\/title>\n<meta name=\"description\" content=\"Houve queda real de 4,14% na compara\u00e7\u00e3o com o resultado de agosto do ano passado, quando a arrecada\u00e7\u00e3o de tributos somou R$ 172,314 bilh\u00f5es\" \/>\n<meta name=\"robots\" content=\"index, follow, max-snippet:-1, max-image-preview:large, max-video-preview:-1\" \/>\n<link rel=\"canonical\" href=\"https:\/\/www.suno.com.br\/noticias\/arrecadacao-cai-agosto-bilhoes-governo-evm\/\" \/>\n<meta property=\"og:locale\" content=\"pt_BR\" \/>\n<meta property=\"og:type\" content=\"article\" \/>\n<meta property=\"og:title\" content=\"Arrecada\u00e7\u00e3o cai para R$ 172,785 bilh\u00f5es em agosto\" \/>\n<meta property=\"og:description\" content=\"Houve queda real de 4,14% na compara\u00e7\u00e3o com o resultado de agosto do ano passado, quando a arrecada\u00e7\u00e3o de tributos somou R$ 172,314 bilh\u00f5es\" \/>\n<meta property=\"og:url\" content=\"https:\/\/www.suno.com.br\/noticias\/arrecadacao-cai-agosto-bilhoes-governo-evm\/\" \/>\n<meta property=\"og:site_name\" content=\"Suno Not\u00edcias\" \/>\n<meta property=\"article:publisher\" content=\"https:\/\/facebook.com\/sunoresearch\" \/>\n<meta property=\"og:image\" content=\"https:\/\/files.sunoresearch.com.br\/n\/uploads\/2023\/04\/cedulas-notas-moedas-real.jpg\" \/>\n\t<meta property=\"og:image:width\" content=\"1423\" \/>\n\t<meta property=\"og:image:height\" content=\"800\" \/>\n\t<meta property=\"og:image:type\" content=\"image\/jpeg\" \/>\n<meta name=\"author\" content=\"Eduardo Vargas\" \/>\n<meta name=\"twitter:card\" content=\"summary_large_image\" \/>\n<meta name=\"twitter:creator\" content=\"@sunoresearch\" \/>\n<meta name=\"twitter:site\" content=\"@sunoresearch\" \/>\n<meta name=\"twitter:label1\" content=\"Escrito por\" \/>\n\t<meta name=\"twitter:data1\" content=\"Eduardo Vargas\" \/>\n\t<meta name=\"twitter:label2\" content=\"Est. tempo de leitura\" \/>\n\t<meta name=\"twitter:data2\" content=\"2 minutos\" \/>\n<script type=\"application\/ld+json\" class=\"yoast-schema-graph\">{\"@context\":\"https:\/\/schema.org\",\"@graph\":[{\"@type\":\"NewsArticle\",\"@id\":\"https:\/\/www.suno.com.br\/noticias\/arrecadacao-cai-agosto-bilhoes-governo-evm\/#article\",\"isPartOf\":{\"@id\":\"https:\/\/www.suno.com.br\/noticias\/arrecadacao-cai-agosto-bilhoes-governo-evm\/\"},\"author\":{\"name\":\"Eduardo Vargas\",\"@id\":\"https:\/\/www.suno.com.br\/noticias\/#\/schema\/person\/7f4d362bf3518e76090143ae77bb49a5\"},\"headline\":\"Arrecada\u00e7\u00e3o cai para R$ 172,785 bilh\u00f5es em agosto\",\"datePublished\":\"2023-09-21T15:17:24+00:00\",\"dateModified\":\"2023-09-21T20:17:33+00:00\",\"mainEntityOfPage\":{\"@id\":\"https:\/\/www.suno.com.br\/noticias\/arrecadacao-cai-agosto-bilhoes-governo-evm\/\"},\"wordCount\":335,\"publisher\":{\"@id\":\"https:\/\/www.suno.com.br\/noticias\/#organization\"},\"image\":{\"@id\":\"https:\/\/www.suno.com.br\/noticias\/arrecadacao-cai-agosto-bilhoes-governo-evm\/#primaryimage\"},\"thumbnailUrl\":\"https:\/\/files.sunoresearch.com.br\/n\/uploads\/2023\/04\/cedulas-notas-moedas-real.jpg\",\"articleSection\":[\"Economia\"],\"inLanguage\":\"pt-BR\"},{\"@type\":\"WebPage\",\"@id\":\"https:\/\/www.suno.com.br\/noticias\/arrecadacao-cai-agosto-bilhoes-governo-evm\/\",\"url\":\"https:\/\/www.suno.com.br\/noticias\/arrecadacao-cai-agosto-bilhoes-governo-evm\/\",\"name\":\"Arrecada\u00e7\u00e3o cai para R$ 172,785 bilh\u00f5es em agosto\",\"isPartOf\":{\"@id\":\"https:\/\/www.suno.com.br\/noticias\/#website\"},\"primaryImageOfPage\":{\"@id\":\"https:\/\/www.suno.com.br\/noticias\/arrecadacao-cai-agosto-bilhoes-governo-evm\/#primaryimage\"},\"image\":{\"@id\":\"https:\/\/www.suno.com.br\/noticias\/arrecadacao-cai-agosto-bilhoes-governo-evm\/#primaryimage\"},\"thumbnailUrl\":\"https:\/\/files.sunoresearch.com.br\/n\/uploads\/2023\/04\/cedulas-notas-moedas-real.jpg\",\"datePublished\":\"2023-09-21T15:17:24+00:00\",\"dateModified\":\"2023-09-21T20:17:33+00:00\",\"description\":\"Houve queda real de 4,14% na compara\u00e7\u00e3o com o resultado de agosto do ano passado, quando a arrecada\u00e7\u00e3o de tributos somou R$ 172,314 bilh\u00f5es\",\"breadcrumb\":{\"@id\":\"https:\/\/www.suno.com.br\/noticias\/arrecadacao-cai-agosto-bilhoes-governo-evm\/#breadcrumb\"},\"inLanguage\":\"pt-BR\",\"potentialAction\":[{\"@type\":\"ReadAction\",\"target\":[\"https:\/\/www.suno.com.br\/noticias\/arrecadacao-cai-agosto-bilhoes-governo-evm\/\"]}]},{\"@type\":\"ImageObject\",\"inLanguage\":\"pt-BR\",\"@id\":\"https:\/\/www.suno.com.br\/noticias\/arrecadacao-cai-agosto-bilhoes-governo-evm\/#primaryimage\",\"url\":\"https:\/\/files.sunoresearch.com.br\/n\/uploads\/2023\/04\/cedulas-notas-moedas-real.jpg\",\"contentUrl\":\"https:\/\/files.sunoresearch.com.br\/n\/uploads\/2023\/04\/cedulas-notas-moedas-real.jpg\",\"width\":1423,\"height\":800,\"caption\":\"HGBS11 j\u00e1 anunciou quanto os investidores v\u00e3o receber em julho. Foto: Getty Images\"},{\"@type\":\"BreadcrumbList\",\"@id\":\"https:\/\/www.suno.com.br\/noticias\/arrecadacao-cai-agosto-bilhoes-governo-evm\/#breadcrumb\",\"itemListElement\":[{\"@type\":\"ListItem\",\"position\":1,\"name\":\"Not\u00edcias\",\"item\":\"https:\/\/www.suno.com.br\/noticias\/\"},{\"@type\":\"ListItem\",\"position\":2,\"name\":\"Economia\",\"item\":\"https:\/\/www.suno.com.br\/noticias\/economia\/\"},{\"@type\":\"ListItem\",\"position\":3,\"name\":\"Arrecada\u00e7\u00e3o cai para R$ 172,785 bilh\u00f5es em agosto\"}]},{\"@type\":\"WebSite\",\"@id\":\"https:\/\/www.suno.com.br\/noticias\/#website\",\"url\":\"https:\/\/www.suno.com.br\/noticias\/\",\"name\":\"Suno Not\u00edcias\",\"description\":\"Seu portal de informa\u00e7\u00e3o sobre o mundo dos investimentos\",\"publisher\":{\"@id\":\"https:\/\/www.suno.com.br\/noticias\/#organization\"},\"potentialAction\":[{\"@type\":\"SearchAction\",\"target\":{\"@type\":\"EntryPoint\",\"urlTemplate\":\"https:\/\/www.suno.com.br\/noticias\/?s={search_term_string}\"},\"query-input\":{\"@type\":\"PropertyValueSpecification\",\"valueRequired\":true,\"valueName\":\"search_term_string\"}}],\"inLanguage\":\"pt-BR\"},{\"@type\":\"Organization\",\"@id\":\"https:\/\/www.suno.com.br\/noticias\/#organization\",\"name\":\"Suno Not\u00edcias\",\"url\":\"https:\/\/www.suno.com.br\/noticias\/\",\"logo\":{\"@type\":\"ImageObject\",\"inLanguage\":\"pt-BR\",\"@id\":\"https:\/\/www.suno.com.br\/noticias\/#\/schema\/logo\/image\/\",\"url\":\"https:\/\/files.sunoresearch.com.br\/n\/uploads\/2021\/09\/suno-logo.png\",\"contentUrl\":\"https:\/\/files.sunoresearch.com.br\/n\/uploads\/2021\/09\/suno-logo.png\",\"width\":180,\"height\":180,\"caption\":\"Suno Not\u00edcias\"},\"image\":{\"@id\":\"https:\/\/www.suno.com.br\/noticias\/#\/schema\/logo\/image\/\"},\"sameAs\":[\"https:\/\/facebook.com\/sunoresearch\",\"https:\/\/x.com\/sunoresearch\",\"https:\/\/www.instagram.com\/suno\",\"https:\/\/www.linkedin.com\/company\/suno-research\/\",\"https:\/\/www.youtube.com\/c\/sunoresearch\"]},{\"@type\":\"Person\",\"@id\":\"https:\/\/www.suno.com.br\/noticias\/#\/schema\/person\/7f4d362bf3518e76090143ae77bb49a5\",\"name\":\"Eduardo Vargas\",\"image\":{\"@type\":\"ImageObject\",\"inLanguage\":\"pt-BR\",\"@id\":\"https:\/\/www.suno.com.br\/noticias\/#\/schema\/person\/image\/\",\"url\":\"https:\/\/secure.gravatar.com\/avatar\/dac340933427a22924c9f99d1eb2e3f2?s=96&r=g\",\"contentUrl\":\"https:\/\/secure.gravatar.com\/avatar\/dac340933427a22924c9f99d1eb2e3f2?s=96&r=g\",\"caption\":\"Eduardo Vargas\"},\"description\":\"Jornalista formado pela UFSC, cobre macroeconomia, neg\u00f3cios e startups para o Suno Not\u00edcias, escrevendo principalmente not\u00edcias sobre o mercado financeiro e a bolsa de valores. No YouTube e no Instagram, \u00e9 respons\u00e1vel pela produ\u00e7\u00e3o de Reels e Shorts do Suno Not\u00edcias. Anteriormente, trabalhou cobrindo economia e cotidiano no ND+ e para o ND, maior jornal impresso de Santa Catarina. Cursou um semestre letivo de Estudos de M\u00eddia na Universidad de Buenos Aires.\",\"url\":\"https:\/\/www.suno.com.br\/noticias\/author\/eduardo-vargas\/\"}]}<\/script>\n<!-- \/ Yoast SEO plugin. -->","yoast_head_json":{"title":"Arrecada\u00e7\u00e3o cai para R$ 172,785 bilh\u00f5es em agosto","description":"Houve queda real de 4,14% na compara\u00e7\u00e3o com o resultado de agosto do ano passado, quando a arrecada\u00e7\u00e3o de tributos somou R$ 172,314 bilh\u00f5es","robots":{"index":"index","follow":"follow","max-snippet":"max-snippet:-1","max-image-preview":"max-image-preview:large","max-video-preview":"max-video-preview:-1"},"canonical":"https:\/\/www.suno.com.br\/noticias\/arrecadacao-cai-agosto-bilhoes-governo-evm\/","og_locale":"pt_BR","og_type":"article","og_title":"Arrecada\u00e7\u00e3o cai para R$ 172,785 bilh\u00f5es em agosto","og_description":"Houve queda real de 4,14% na compara\u00e7\u00e3o com o resultado de agosto do ano passado, quando a arrecada\u00e7\u00e3o de tributos somou R$ 172,314 bilh\u00f5es","og_url":"https:\/\/www.suno.com.br\/noticias\/arrecadacao-cai-agosto-bilhoes-governo-evm\/","og_site_name":"Suno Not\u00edcias","article_publisher":"https:\/\/facebook.com\/sunoresearch","og_image":[{"width":1423,"height":800,"url":"https:\/\/files.sunoresearch.com.br\/n\/uploads\/2023\/04\/cedulas-notas-moedas-real.jpg","type":"image\/jpeg"}],"author":"Eduardo Vargas","twitter_card":"summary_large_image","twitter_creator":"@sunoresearch","twitter_site":"@sunoresearch","twitter_misc":{"Escrito por":"Eduardo Vargas","Est. tempo de leitura":"2 minutos"},"schema":{"@context":"https:\/\/schema.org","@graph":[{"@type":"NewsArticle","@id":"https:\/\/www.suno.com.br\/noticias\/arrecadacao-cai-agosto-bilhoes-governo-evm\/#article","isPartOf":{"@id":"https:\/\/www.suno.com.br\/noticias\/arrecadacao-cai-agosto-bilhoes-governo-evm\/"},"author":{"name":"Eduardo Vargas","@id":"https:\/\/www.suno.com.br\/noticias\/#\/schema\/person\/7f4d362bf3518e76090143ae77bb49a5"},"headline":"Arrecada\u00e7\u00e3o cai para R$ 172,785 bilh\u00f5es em agosto","datePublished":"2023-09-21T15:17:24+00:00","dateModified":"2023-09-21T20:17:33+00:00","mainEntityOfPage":{"@id":"https:\/\/www.suno.com.br\/noticias\/arrecadacao-cai-agosto-bilhoes-governo-evm\/"},"wordCount":335,"publisher":{"@id":"https:\/\/www.suno.com.br\/noticias\/#organization"},"image":{"@id":"https:\/\/www.suno.com.br\/noticias\/arrecadacao-cai-agosto-bilhoes-governo-evm\/#primaryimage"},"thumbnailUrl":"https:\/\/files.sunoresearch.com.br\/n\/uploads\/2023\/04\/cedulas-notas-moedas-real.jpg","articleSection":["Economia"],"inLanguage":"pt-BR"},{"@type":"WebPage","@id":"https:\/\/www.suno.com.br\/noticias\/arrecadacao-cai-agosto-bilhoes-governo-evm\/","url":"https:\/\/www.suno.com.br\/noticias\/arrecadacao-cai-agosto-bilhoes-governo-evm\/","name":"Arrecada\u00e7\u00e3o cai para R$ 172,785 bilh\u00f5es em agosto","isPartOf":{"@id":"https:\/\/www.suno.com.br\/noticias\/#website"},"primaryImageOfPage":{"@id":"https:\/\/www.suno.com.br\/noticias\/arrecadacao-cai-agosto-bilhoes-governo-evm\/#primaryimage"},"image":{"@id":"https:\/\/www.suno.com.br\/noticias\/arrecadacao-cai-agosto-bilhoes-governo-evm\/#primaryimage"},"thumbnailUrl":"https:\/\/files.sunoresearch.com.br\/n\/uploads\/2023\/04\/cedulas-notas-moedas-real.jpg","datePublished":"2023-09-21T15:17:24+00:00","dateModified":"2023-09-21T20:17:33+00:00","description":"Houve queda real de 4,14% na compara\u00e7\u00e3o com o resultado de agosto do ano passado, quando a arrecada\u00e7\u00e3o de tributos somou R$ 172,314 bilh\u00f5es","breadcrumb":{"@id":"https:\/\/www.suno.com.br\/noticias\/arrecadacao-cai-agosto-bilhoes-governo-evm\/#breadcrumb"},"inLanguage":"pt-BR","potentialAction":[{"@type":"ReadAction","target":["https:\/\/www.suno.com.br\/noticias\/arrecadacao-cai-agosto-bilhoes-governo-evm\/"]}]},{"@type":"ImageObject","inLanguage":"pt-BR","@id":"https:\/\/www.suno.com.br\/noticias\/arrecadacao-cai-agosto-bilhoes-governo-evm\/#primaryimage","url":"https:\/\/files.sunoresearch.com.br\/n\/uploads\/2023\/04\/cedulas-notas-moedas-real.jpg","contentUrl":"https:\/\/files.sunoresearch.com.br\/n\/uploads\/2023\/04\/cedulas-notas-moedas-real.jpg","width":1423,"height":800,"caption":"HGBS11 j\u00e1 anunciou quanto os investidores v\u00e3o receber em julho. Foto: Getty Images"},{"@type":"BreadcrumbList","@id":"https:\/\/www.suno.com.br\/noticias\/arrecadacao-cai-agosto-bilhoes-governo-evm\/#breadcrumb","itemListElement":[{"@type":"ListItem","position":1,"name":"Not\u00edcias","item":"https:\/\/www.suno.com.br\/noticias\/"},{"@type":"ListItem","position":2,"name":"Economia","item":"https:\/\/www.suno.com.br\/noticias\/economia\/"},{"@type":"ListItem","position":3,"name":"Arrecada\u00e7\u00e3o cai para R$ 172,785 bilh\u00f5es em agosto"}]},{"@type":"WebSite","@id":"https:\/\/www.suno.com.br\/noticias\/#website","url":"https:\/\/www.suno.com.br\/noticias\/","name":"Suno Not\u00edcias","description":"Seu portal de informa\u00e7\u00e3o sobre o mundo dos investimentos","publisher":{"@id":"https:\/\/www.suno.com.br\/noticias\/#organization"},"potentialAction":[{"@type":"SearchAction","target":{"@type":"EntryPoint","urlTemplate":"https:\/\/www.suno.com.br\/noticias\/?s={search_term_string}"},"query-input":{"@type":"PropertyValueSpecification","valueRequired":true,"valueName":"search_term_string"}}],"inLanguage":"pt-BR"},{"@type":"Organization","@id":"https:\/\/www.suno.com.br\/noticias\/#organization","name":"Suno Not\u00edcias","url":"https:\/\/www.suno.com.br\/noticias\/","logo":{"@type":"ImageObject","inLanguage":"pt-BR","@id":"https:\/\/www.suno.com.br\/noticias\/#\/schema\/logo\/image\/","url":"https:\/\/files.sunoresearch.com.br\/n\/uploads\/2021\/09\/suno-logo.png","contentUrl":"https:\/\/files.sunoresearch.com.br\/n\/uploads\/2021\/09\/suno-logo.png","width":180,"height":180,"caption":"Suno Not\u00edcias"},"image":{"@id":"https:\/\/www.suno.com.br\/noticias\/#\/schema\/logo\/image\/"},"sameAs":["https:\/\/facebook.com\/sunoresearch","https:\/\/x.com\/sunoresearch","https:\/\/www.instagram.com\/suno","https:\/\/www.linkedin.com\/company\/suno-research\/","https:\/\/www.youtube.com\/c\/sunoresearch"]},{"@type":"Person","@id":"https:\/\/www.suno.com.br\/noticias\/#\/schema\/person\/7f4d362bf3518e76090143ae77bb49a5","name":"Eduardo Vargas","image":{"@type":"ImageObject","inLanguage":"pt-BR","@id":"https:\/\/www.suno.com.br\/noticias\/#\/schema\/person\/image\/","url":"https:\/\/secure.gravatar.com\/avatar\/dac340933427a22924c9f99d1eb2e3f2?s=96&r=g","contentUrl":"https:\/\/secure.gravatar.com\/avatar\/dac340933427a22924c9f99d1eb2e3f2?s=96&r=g","caption":"Eduardo Vargas"},"description":"Jornalista formado pela UFSC, cobre macroeconomia, neg\u00f3cios e startups para o Suno Not\u00edcias, escrevendo principalmente not\u00edcias sobre o mercado financeiro e a bolsa de valores. No YouTube e no Instagram, \u00e9 respons\u00e1vel pela produ\u00e7\u00e3o de Reels e Shorts do Suno Not\u00edcias. Anteriormente, trabalhou cobrindo economia e cotidiano no ND+ e para o ND, maior jornal impresso de Santa Catarina. Cursou um semestre letivo de Estudos de M\u00eddia na Universidad de Buenos Aires.","url":"https:\/\/www.suno.com.br\/noticias\/author\/eduardo-vargas\/"}]}},"default_loop_html":"<div class=\"cardsPage__listCard__boxs\"><div class=\"cardsPage__listCard__boxs__img\"><a href=\"https:\/\/www.suno.com.br\/noticias\/arrecadacao-cai-agosto-bilhoes-governo-evm\/\"><img class=\"mask\" src=\"https:\/\/www.suno.com.br\/noticias\/wp-content\/themes\/suno\/resources\/images\/spotlight\/spotlight1img\/bg-mask.png\" alt=\"Image Mask\"\/><img src=\"https:\/\/files.sunoresearch.com.br\/n\/uploads\/2023\/04\/cedulas-notas-moedas-real-400x200.jpg\" alt=\"Arrecada\u00e7\u00e3o cai para R$ 172,785 bilh\u00f5es em agosto\"\/><\/a><span class=\"spotlightCategory\"><a href=\"https:\/\/www.suno.com.br\/noticias\/economia\/\">Economia<\/a><\/span><\/div><div class=\"cardsPage__listCard__boxs__content\"><a href=\"https:\/\/www.suno.com.br\/noticias\/arrecadacao-cai-agosto-bilhoes-governo-evm\/\"><h2 class=\"content__title\">Arrecada\u00e7\u00e3o cai para R$ 172,785 bilh\u00f5es em agosto<\/h2><\/a><div class=\"newsContent__article__meta\"><div class=\"newsContent__article__meta__authorBox\"><a href=\"https:\/\/www.suno.com.br\/noticias\/author\/eduardo-vargas\/\" class=\"authorBox__avatar noMobi\"><img src=\"https:\/\/secure.gravatar.com\/avatar\/dac340933427a22924c9f99d1eb2e3f2?s=96&#038;r=g\" alt=\"Eduardo Vargas\"><\/a><div class=\"authorBox__name\"><span>por\n\t\t\t<a href=\"https:\/\/www.suno.com.br\/noticias\/author\/eduardo-vargas\/\"><span itemprop=\"author\">Eduardo Vargas<\/span><\/a><\/span><time datetime=\"2023-09-21T12:17:24-03:00\" itemprop=\"datePublished\">21\/09\/2023 12:17<\/time><\/div><\/div><\/div><\/div><\/div>","single_layout":"posts","amp_enabled":true,"_links":{"self":[{"href":"https:\/\/www.suno.com.br\/noticias\/wp-json\/wp\/v2\/posts\/459825"}],"collection":[{"href":"https:\/\/www.suno.com.br\/noticias\/wp-json\/wp\/v2\/posts"}],"about":[{"href":"https:\/\/www.suno.com.br\/noticias\/wp-json\/wp\/v2\/types\/post"}],"author":[{"embeddable":true,"href":"https:\/\/www.suno.com.br\/noticias\/wp-json\/wp\/v2\/users\/73"}],"replies":[{"embeddable":true,"href":"https:\/\/www.suno.com.br\/noticias\/wp-json\/wp\/v2\/comments?post=459825"}],"version-history":[{"count":3,"href":"https:\/\/www.suno.com.br\/noticias\/wp-json\/wp\/v2\/posts\/459825\/revisions"}],"predecessor-version":[{"id":460146,"href":"https:\/\/www.suno.com.br\/noticias\/wp-json\/wp\/v2\/posts\/459825\/revisions\/460146"}],"wp:featuredmedia":[{"embeddable":true,"href":"https:\/\/www.suno.com.br\/noticias\/wp-json\/wp\/v2\/media\/385404"}],"wp:attachment":[{"href":"https:\/\/www.suno.com.br\/noticias\/wp-json\/wp\/v2\/media?parent=459825"}],"wp:term":[{"taxonomy":"category","embeddable":true,"href":"https:\/\/www.suno.com.br\/noticias\/wp-json\/wp\/v2\/categories?post=459825"},{"taxonomy":"post_tag","embeddable":true,"href":"https:\/\/www.suno.com.br\/noticias\/wp-json\/wp\/v2\/tags?post=459825"},{"taxonomy":"suno_strategy","embeddable":true,"href":"https:\/\/www.suno.com.br\/noticias\/wp-json\/wp\/v2\/suno_strategy?post=459825"}],"curies":[{"name":"wp","href":"https:\/\/api.w.org\/{rel}","templated":true}]}}