{"id":459723,"date":"2023-09-21T12:36:30","date_gmt":"2023-09-21T15:36:30","guid":{"rendered":"https:\/\/www.suno.com.br\/noticias\/?p=459723"},"modified":"2023-09-21T16:38:13","modified_gmt":"2023-09-21T19:38:13","slug":"fii-experience-momento-investir-fundos-imobiliarios-atrelados-ipca-analista-gpj","status":"publish","type":"post","link":"https:\/\/www.suno.com.br\/noticias\/fii-experience-momento-investir-fundos-imobiliarios-atrelados-ipca-analista-gpj\/","title":{"rendered":"Estamos no &#8216;melhor momento&#8217; para investir em  fundos imobili\u00e1rios atrelados ao IPCA, diz analista durante a FII Experience"},"content":{"rendered":"<p>O Brasil est\u00e1 no &#8220;melhor momento&#8221; para investir em <strong>fundos imobili\u00e1rios<\/strong> (FIIs) atrelados ao \u00cdndice Nacional de Pre\u00e7os ao Consumidor Amplo (IPCA), disse Rodrigo Possenti, head de fundos Imobili\u00e1rios da Fator Administra\u00e7\u00e3o de Recursos, ao participar do <a href=\"https:\/\/lp.suno.com.br\/pv\/fii-experience-2023\/?_fs=16471076223-15189909138&amp;_fsRef=https%3A%2F%2Fwww.suno.com.br%2Fnoticias%2Ffii-experience-2023-maior-evento-fundos-imobiliarios-suno-convite-evm%2F\"><strong>FII Experience&nbsp;<\/strong>2023<\/a>, maior evento de&nbsp;<a href=\"https:\/\/www.suno.com.br\/fundos-imobiliarios\/\" target=\"_blank\" rel=\"noreferrer noopener\">fundos imobili\u00e1rios<\/a>&nbsp;(FIIs), que acontece nesta quinta-feira (21) na sede da B3, em S\u00e3o Paulo.<\/p>\t<div class=\"wrapper-featured-image\">\n\t\t<figure class=\"spotlightImg\">\n\n\t\t\t<picture>\n\t\t\t\t<source media=\"(max-width: 768px)\" srcset=\"https:\/\/files.sunoresearch.com.br\/n\/uploads\/2023\/09\/IMG_9644-400x200.jpg\">\n\t\t\t\t<img loading=\"lazy\" decoding=\"async\" class=\"newsContent__article__imgCapa lazyloadDisabled \" src=\"https:\/\/files.sunoresearch.com.br\/n\/uploads\/2023\/09\/IMG_9644-800x450.jpg\" width=\"800\" height=\"450\" alt=\"Estamos no &#8216;melhor momento&#8217; para investir em  fundos imobili\u00e1rios atrelados ao IPCA, diz analista durante a FII Experience\" fetchpriority=high \/>\n\t\t\t<\/picture>\n\n\t\t\t<figcaption class=\"wp-caption-text wp-caption-text--show\">Palestra FII Experience. Foto: divulga\u00e7\u00e3o\/FII Experience<\/figcaption>\n\t\t<\/figure>\n\t<\/div>\n\n\n\n\n\n\n\n\t<p>\n\t\t<a href=\"https:\/\/lp.suno.com.br\/plataforma-de-controle-de-investimentos\/\" target=\"_blank\" data-element=\"shortcode-suno-banner\" title=\"Banner SUNO, clique e saiba mais\">\n\t\t\t<picture>\n\t\t\t\t<source media=\"(max-width: 500px)\" srcset=\"https:\/\/files.sunoresearch.com.br\/n\/uploads\/2023\/03\/400x300-Controle-de-Investimentos.png\">\n\t\t\t\t<img class=\"newsContent__article__imgCapa newsContent__article__imgCapa--banner\"\n\t\t\t\t\tsrc=\"https:\/\/files.sunoresearch.com.br\/n\/uploads\/2023\/03\/1420x240-Controle-de-Investimentos.png\"\n\t\t\t\t\tdata-promo-id=\"383162\"\t\t\t\t\t\t\t\t\t\twidth='1420' height='240'\t\t\t\t\talt=\"https:\/\/files.sunoresearch.com.br\/n\/uploads\/2023\/03\/1420x240-Controle-de-Investimentos.png\"\n\t\t\t\t>\n\t\t\t<\/picture>\n\t\t<\/a>\n\t<\/p>\n\n\n\n\n\n<p>&#8220;A gente est\u00e1 vendo <strong>taxa de juro<\/strong>s caindo e infla\u00e7\u00e3o j\u00e1 arrefecida. Esperamos ter uma manuten\u00e7\u00e3o do n\u00edvel de infla\u00e7\u00e3o, e que a gente n\u00e3o tenha mais volatilidade. Assim, o os fundos atrelados ao IPCA s\u00e3o os que protegem contra perda de potencial de compra&#8221;, pontuou.<\/p>\n\n\n\n<p>Ainda segundo Possenti, h\u00e1 uma rela\u00e7\u00e3o direta entre taxa de juros muito baixa e o crescimento da ind\u00fastria de fundos imobili\u00e1rios &#8211; esse cen\u00e1rio de <strong>taxa de juros baixa<\/strong>, inclusive, fez com que os <strong>fundos de papel<\/strong> se beneficiassem na pandemia, por exemplo.<\/p>\n\n\n\n<p>Ele tamb\u00e9m falou da diferen\u00e7a entre os <strong>fundos de CRI<\/strong> para os <strong>fundos de tijolo<\/strong>, destacando que enquanto no primeiro, \u00e9 poss\u00edvel &#8216;soltar&#8217; o rendimento da infla\u00e7\u00e3o m\u00eas a m\u00eas, no caso do segundo, a grosso modo, h\u00e1 a indexa\u00e7\u00e3o dos alugu\u00e9is, que corrigem o aluguel uma vez por ano.<\/p>\n\n\n\n<p>&#8220;Outro ponto positivo para os fundos de CRI \u00e9 que a gente tem uma diversifica\u00e7\u00e3o muito elevada. A gente consegue, por mais &#8216;il\u00edquido&#8217; que seja hoje o mercado do setor, vender e comprar CRIs, fazer algum trade sem grandes dificuldades&#8221;, acrescentou.<\/p>\n\n\n\n<h2 class=\"wp-block-heading\">Fundos imobili\u00e1rios e a rela\u00e7\u00e3o com a Selic<\/h2>\n\n\n\n<p>Na vis\u00e3o de Vitor Duarte, CIO da <strong>Suno Asset<\/strong>, a taxa de juros, a <strong>Selic<\/strong>, em queda, movimento que j\u00e1 come\u00e7ou a acontecer, melhora a perspectiva em rela\u00e7\u00e3o \u00e0 capacidade das empresas e dos empreendimentos de pagar as suas d\u00edvidas.<\/p>\n\n\n\t<p>\n\t\t<a href=\"\" target=\"_blank\" data-element=\"shortcode-suno-banner\" title=\"Banner SUNO, clique e saiba mais\">\n\t\t\t<picture>\n\t\t\t\t<source media=\"(max-width: 500px)\" srcset=\"\">\n\t\t\t\t<img class=\"newsContent__article__imgCapa newsContent__article__imgCapa--banner\"\n\t\t\t\t\tsrc=\"\"\n\t\t\t\t\tdata-promo-id=\"77014\"\t\t\t\t\t\t\t\t\t\t\t\t\t\t\talt=\"\"\n\t\t\t\t>\n\t\t\t<\/picture>\n\t\t<\/a>\n\t<\/p>\n\n\n\n\n\n<p>&#8220;A pior parte dos riscos est\u00e1 acomodada. Como n\u00e3o entrou dinheiro novo, quem conseguir captar, acho que vai conseguir alocar numa boa rela\u00e7\u00e3o risco-retorno ainda nesse mercado de CRIs&#8221;, disse Duarte.<\/p>\n\n\n\n<p>Neste sentido, Brunno Bagnariolli, s\u00f3cio da Jive e CIO dos Fundos Mau\u00e1, destacou que o segmento de papel \u00e9 mais defensivo frente ao segmento de tijolo, e que o momento atual, de migra\u00e7\u00e3o de um fundo para o outro, \u00e9 bastante natural.<\/p>\n\n\n\n<p>&#8220;Ele [fundo de papel] fez muito bem o trabalho de ser um segmento defensivo em um momento que a gente passou por crise econ\u00f4mica, sanit\u00e1ria, e \u00e9 natural que essa classe defensiva fosse para onde os investidores migrassem. Agora que a gente est\u00e1 em um momento que o ciclo est\u00e1 &#8216;com cara&#8217; de que vai melhorar, \u00e9 natural que os investidores migrem para a classe de risco, que s\u00e3o os tijolos&#8221;, destacou.<\/p>\n\n\n\n\t<div data-element=\"shortcode-read-more\" class=\"readToo\">\n\t\t\t\t<span class=\"readToo__title\">Leia mais<\/span>\n\t\t\t\t<ul class=\"readToo__list\">\n\t\t\t<li><a href=\"https:\/\/www.suno.com.br\/noticias\/selic-corte-renda-fixa-atraente-lembram-analistas-ar\/\">Selic a 12,75% mant\u00e9m renda fixa atraente, lembram analistas; veja os principais investimentos<\/a><\/li><li><a href=\"https:\/\/www.suno.com.br\/noticias\/copom-corte-selic-setembro-bc-repercsussao-mal\/\">&#8220;BC contratou mais duas quedas de 0,50 pp da Selic&#8221;; veja repercuss\u00e3o ao Copom<\/a><\/li>\t\t<\/ul>\n\t<\/div>\n\n\n\n\n<p>Para Possenti, um dos diferenciais dos <strong>fundos imobili\u00e1rios<\/strong> foi que, mesmo com momento de defla\u00e7\u00e3o e possibilidade de tributa\u00e7\u00e3o desses fundos, ainda foi poss\u00edvel aumentar a base de cotistas. &#8220;Vimos os cotistas passando de um patamar de 1,5 milh\u00e3o para 2,2 milh\u00f5es. Ou seja, num momento ruim, a gente ainda crescer nossa base de cotistas, mostra que temos uma demanda reprimida muito grande para esse produto. E essa taxa de juros caindo de maneira mais forte, a gente vai ver esse mercado crescendo bastante&#8221;, acrescentou.<\/p>\n\n\n\t<p>\n\t\t<a href=\"https:\/\/lp.suno.com.br\/minicurso-investindo-fiis\/\" target=\"_blank\" data-element=\"shortcode-suno-banner\" title=\"Banner SUNO, clique e saiba mais\">\n\t\t\t<picture>\n\t\t\t\t<source media=\"(max-width: 500px)\" srcset=\"https:\/\/files.sunoresearch.com.br\/n\/uploads\/2023\/03\/400x300-Minicurso-FIIS.png\">\n\t\t\t\t<img class=\"newsContent__article__imgCapa newsContent__article__imgCapa--banner\"\n\t\t\t\t\tsrc=\"https:\/\/files.sunoresearch.com.br\/n\/uploads\/2023\/03\/1420x240-Minicurso-FIIS.png\"\n\t\t\t\t\tdata-promo-id=\"383125\"\t\t\t\t\t\t\t\t\t\twidth='1420' height='240'\t\t\t\t\talt=\"https:\/\/files.sunoresearch.com.br\/n\/uploads\/2023\/03\/1420x240-Minicurso-FIIS.png\"\n\t\t\t\t>\n\t\t\t<\/picture>\n\t\t<\/a>\n\t<\/p>\n\n\n","protected":false},"excerpt":{"rendered":"<p>O Brasil est\u00e1 no &#8220;melhor momento&#8221; para investir em fundos imobili\u00e1rios (FIIs) atrelados ao \u00cdndice Nacional de Pre\u00e7os ao Consumidor Amplo (IPCA), disse Rodrigo Possenti, head de fundos Imobili\u00e1rios da Fator Administra\u00e7\u00e3o de Recursos, ao participar do FII Experience&nbsp;2023, maior evento de&nbsp;fundos imobili\u00e1rios&nbsp;(FIIs), que acontece nesta quinta-feira (21) na sede da B3, em S\u00e3o Paulo. [&hellip;]<\/p>\n","protected":false},"author":313,"featured_media":459901,"comment_status":"closed","ping_status":"closed","sticky":false,"template":"","format":"standard","meta":[],"categories":[66],"tags":[105816,315],"suno_strategy":[],"class_list":["post-459723","post","type-post","status-publish","format-standard","has-post-thumbnail","hentry","category-fiis","tag-especialistas","tag-fundos-imobiliarios-fiis"],"yoast_head":"<!-- This site is optimized with the Yoast SEO plugin v24.4 - https:\/\/yoast.com\/wordpress\/plugins\/seo\/ -->\n<title>&#039;Melhor momento&#039; para investir em fundos imobili\u00e1rios atrelados ao IPCA<\/title>\n<meta name=\"description\" content=\"Teoricamente, estamos no &#039;melhor momento&#039; para investir em fundos imobili\u00e1rios atrelados ao IPCA, diz analista durante a FII Experience.\" \/>\n<meta name=\"robots\" content=\"index, follow, max-snippet:-1, max-image-preview:large, max-video-preview:-1\" \/>\n<link rel=\"canonical\" href=\"https:\/\/www.suno.com.br\/noticias\/fii-experience-momento-investir-fundos-imobiliarios-atrelados-ipca-analista-gpj\/\" \/>\n<meta property=\"og:locale\" content=\"pt_BR\" \/>\n<meta property=\"og:type\" content=\"article\" \/>\n<meta property=\"og:title\" content=\"&#039;Melhor momento&#039; para investir em fundos imobili\u00e1rios atrelados ao IPCA\" \/>\n<meta property=\"og:description\" content=\"Teoricamente, estamos no &#039;melhor momento&#039; para investir em fundos imobili\u00e1rios atrelados ao IPCA, diz analista durante a FII Experience.\" \/>\n<meta property=\"og:url\" content=\"https:\/\/www.suno.com.br\/noticias\/fii-experience-momento-investir-fundos-imobiliarios-atrelados-ipca-analista-gpj\/\" \/>\n<meta property=\"og:site_name\" content=\"Suno Not\u00edcias\" \/>\n<meta property=\"article:publisher\" content=\"https:\/\/facebook.com\/sunoresearch\" \/>\n<meta property=\"og:image\" content=\"https:\/\/files.sunoresearch.com.br\/n\/uploads\/2023\/09\/IMG_9644.jpg\" \/>\n\t<meta property=\"og:image:width\" content=\"1200\" \/>\n\t<meta property=\"og:image:height\" content=\"845\" \/>\n\t<meta property=\"og:image:type\" content=\"image\/jpeg\" \/>\n<meta name=\"author\" content=\"Giovanni Porf\u00edrio Jacomino\" \/>\n<meta name=\"twitter:card\" content=\"summary_large_image\" \/>\n<meta name=\"twitter:creator\" content=\"@sunoresearch\" \/>\n<meta name=\"twitter:site\" content=\"@sunoresearch\" \/>\n<meta name=\"twitter:label1\" content=\"Escrito por\" \/>\n\t<meta name=\"twitter:data1\" content=\"Giovanni Porf\u00edrio Jacomino\" \/>\n\t<meta name=\"twitter:label2\" content=\"Est. tempo de leitura\" \/>\n\t<meta name=\"twitter:data2\" content=\"3 minutos\" \/>\n<script type=\"application\/ld+json\" class=\"yoast-schema-graph\">{\"@context\":\"https:\/\/schema.org\",\"@graph\":[{\"@type\":\"NewsArticle\",\"@id\":\"https:\/\/www.suno.com.br\/noticias\/fii-experience-momento-investir-fundos-imobiliarios-atrelados-ipca-analista-gpj\/#article\",\"isPartOf\":{\"@id\":\"https:\/\/www.suno.com.br\/noticias\/fii-experience-momento-investir-fundos-imobiliarios-atrelados-ipca-analista-gpj\/\"},\"author\":{\"name\":\"Giovanni Porf\u00edrio Jacomino\",\"@id\":\"https:\/\/www.suno.com.br\/noticias\/#\/schema\/person\/d0f32748bbca4bee871fa191ee4e2d40\"},\"headline\":\"Estamos no &#8216;melhor momento&#8217; para investir em fundos imobili\u00e1rios atrelados ao IPCA, diz analista durante a FII Experience\",\"datePublished\":\"2023-09-21T15:36:30+00:00\",\"dateModified\":\"2023-09-21T19:38:13+00:00\",\"mainEntityOfPage\":{\"@id\":\"https:\/\/www.suno.com.br\/noticias\/fii-experience-momento-investir-fundos-imobiliarios-atrelados-ipca-analista-gpj\/\"},\"wordCount\":581,\"publisher\":{\"@id\":\"https:\/\/www.suno.com.br\/noticias\/#organization\"},\"image\":{\"@id\":\"https:\/\/www.suno.com.br\/noticias\/fii-experience-momento-investir-fundos-imobiliarios-atrelados-ipca-analista-gpj\/#primaryimage\"},\"thumbnailUrl\":\"https:\/\/files.sunoresearch.com.br\/n\/uploads\/2023\/09\/IMG_9644.jpg\",\"keywords\":[\"Especialistas\",\"Fundos Imobili\u00e1rios (FIIs)\"],\"articleSection\":[\"FIIs\"],\"inLanguage\":\"pt-BR\"},{\"@type\":\"WebPage\",\"@id\":\"https:\/\/www.suno.com.br\/noticias\/fii-experience-momento-investir-fundos-imobiliarios-atrelados-ipca-analista-gpj\/\",\"url\":\"https:\/\/www.suno.com.br\/noticias\/fii-experience-momento-investir-fundos-imobiliarios-atrelados-ipca-analista-gpj\/\",\"name\":\"'Melhor momento' para investir em fundos imobili\u00e1rios atrelados ao IPCA\",\"isPartOf\":{\"@id\":\"https:\/\/www.suno.com.br\/noticias\/#website\"},\"primaryImageOfPage\":{\"@id\":\"https:\/\/www.suno.com.br\/noticias\/fii-experience-momento-investir-fundos-imobiliarios-atrelados-ipca-analista-gpj\/#primaryimage\"},\"image\":{\"@id\":\"https:\/\/www.suno.com.br\/noticias\/fii-experience-momento-investir-fundos-imobiliarios-atrelados-ipca-analista-gpj\/#primaryimage\"},\"thumbnailUrl\":\"https:\/\/files.sunoresearch.com.br\/n\/uploads\/2023\/09\/IMG_9644.jpg\",\"datePublished\":\"2023-09-21T15:36:30+00:00\",\"dateModified\":\"2023-09-21T19:38:13+00:00\",\"description\":\"Teoricamente, estamos no 'melhor momento' para investir em fundos imobili\u00e1rios atrelados ao IPCA, diz analista durante a FII Experience.\",\"breadcrumb\":{\"@id\":\"https:\/\/www.suno.com.br\/noticias\/fii-experience-momento-investir-fundos-imobiliarios-atrelados-ipca-analista-gpj\/#breadcrumb\"},\"inLanguage\":\"pt-BR\",\"potentialAction\":[{\"@type\":\"ReadAction\",\"target\":[\"https:\/\/www.suno.com.br\/noticias\/fii-experience-momento-investir-fundos-imobiliarios-atrelados-ipca-analista-gpj\/\"]}]},{\"@type\":\"ImageObject\",\"inLanguage\":\"pt-BR\",\"@id\":\"https:\/\/www.suno.com.br\/noticias\/fii-experience-momento-investir-fundos-imobiliarios-atrelados-ipca-analista-gpj\/#primaryimage\",\"url\":\"https:\/\/files.sunoresearch.com.br\/n\/uploads\/2023\/09\/IMG_9644.jpg\",\"contentUrl\":\"https:\/\/files.sunoresearch.com.br\/n\/uploads\/2023\/09\/IMG_9644.jpg\",\"width\":1200,\"height\":845,\"caption\":\"Palestra FII Experience. Foto: divulga\u00e7\u00e3o\/FII Experience\"},{\"@type\":\"BreadcrumbList\",\"@id\":\"https:\/\/www.suno.com.br\/noticias\/fii-experience-momento-investir-fundos-imobiliarios-atrelados-ipca-analista-gpj\/#breadcrumb\",\"itemListElement\":[{\"@type\":\"ListItem\",\"position\":1,\"name\":\"Not\u00edcias\",\"item\":\"https:\/\/www.suno.com.br\/noticias\/\"},{\"@type\":\"ListItem\",\"position\":2,\"name\":\"FIIs\",\"item\":\"https:\/\/www.suno.com.br\/noticias\/fiis\/\"},{\"@type\":\"ListItem\",\"position\":3,\"name\":\"Estamos no &#8216;melhor momento&#8217; para investir em fundos imobili\u00e1rios atrelados ao IPCA, diz analista durante a FII Experience\"}]},{\"@type\":\"WebSite\",\"@id\":\"https:\/\/www.suno.com.br\/noticias\/#website\",\"url\":\"https:\/\/www.suno.com.br\/noticias\/\",\"name\":\"Suno Not\u00edcias\",\"description\":\"Seu portal de informa\u00e7\u00e3o sobre o mundo dos investimentos\",\"publisher\":{\"@id\":\"https:\/\/www.suno.com.br\/noticias\/#organization\"},\"potentialAction\":[{\"@type\":\"SearchAction\",\"target\":{\"@type\":\"EntryPoint\",\"urlTemplate\":\"https:\/\/www.suno.com.br\/noticias\/?s={search_term_string}\"},\"query-input\":{\"@type\":\"PropertyValueSpecification\",\"valueRequired\":true,\"valueName\":\"search_term_string\"}}],\"inLanguage\":\"pt-BR\"},{\"@type\":\"Organization\",\"@id\":\"https:\/\/www.suno.com.br\/noticias\/#organization\",\"name\":\"Suno Not\u00edcias\",\"url\":\"https:\/\/www.suno.com.br\/noticias\/\",\"logo\":{\"@type\":\"ImageObject\",\"inLanguage\":\"pt-BR\",\"@id\":\"https:\/\/www.suno.com.br\/noticias\/#\/schema\/logo\/image\/\",\"url\":\"https:\/\/files.sunoresearch.com.br\/n\/uploads\/2021\/09\/suno-logo.png\",\"contentUrl\":\"https:\/\/files.sunoresearch.com.br\/n\/uploads\/2021\/09\/suno-logo.png\",\"width\":180,\"height\":180,\"caption\":\"Suno Not\u00edcias\"},\"image\":{\"@id\":\"https:\/\/www.suno.com.br\/noticias\/#\/schema\/logo\/image\/\"},\"sameAs\":[\"https:\/\/facebook.com\/sunoresearch\",\"https:\/\/x.com\/sunoresearch\",\"https:\/\/www.instagram.com\/suno\",\"https:\/\/www.linkedin.com\/company\/suno-research\/\",\"https:\/\/www.youtube.com\/c\/sunoresearch\"]},{\"@type\":\"Person\",\"@id\":\"https:\/\/www.suno.com.br\/noticias\/#\/schema\/person\/d0f32748bbca4bee871fa191ee4e2d40\",\"name\":\"Giovanni Porf\u00edrio Jacomino\",\"image\":{\"@type\":\"ImageObject\",\"inLanguage\":\"pt-BR\",\"@id\":\"https:\/\/www.suno.com.br\/noticias\/#\/schema\/person\/image\/\",\"url\":\"https:\/\/secure.gravatar.com\/avatar\/efb32e19b730a121cb7a80f41ffec01a?s=96&r=g\",\"contentUrl\":\"https:\/\/secure.gravatar.com\/avatar\/efb32e19b730a121cb7a80f41ffec01a?s=96&r=g\",\"caption\":\"Giovanni Porf\u00edrio Jacomino\"},\"description\":\"Giovanni Porf\u00edrio Jacomino \u00e9 jornalista formado pela Universidade Estadual de Londrina (UEL) e p\u00f3s-graduado em Produ\u00e7\u00e3o e Pr\u00e1ticas Jornal\u00edsticas na Contemporaneidade na Faculdade C\u00e1sper L\u00edbero (FCL). Foi editor web no Startupi e no Finsiders, atuando ainda como editor no TC Mover, portal de not\u00edcias da TradersClub, fazendo a cobertura de assuntos relacionados ao mercado financeiro interno e externo. Atualmente, \u00e9 Rep\u00f3rter do Suno Not\u00edcias.\",\"url\":\"https:\/\/www.suno.com.br\/noticias\/author\/giovanni-porfiriosuno-com-br\/\"}]}<\/script>\n<!-- \/ Yoast SEO plugin. -->","yoast_head_json":{"title":"'Melhor momento' para investir em fundos imobili\u00e1rios atrelados ao IPCA","description":"Teoricamente, estamos no 'melhor momento' para investir em fundos imobili\u00e1rios atrelados ao IPCA, diz analista durante a FII Experience.","robots":{"index":"index","follow":"follow","max-snippet":"max-snippet:-1","max-image-preview":"max-image-preview:large","max-video-preview":"max-video-preview:-1"},"canonical":"https:\/\/www.suno.com.br\/noticias\/fii-experience-momento-investir-fundos-imobiliarios-atrelados-ipca-analista-gpj\/","og_locale":"pt_BR","og_type":"article","og_title":"'Melhor momento' para investir em fundos imobili\u00e1rios atrelados ao IPCA","og_description":"Teoricamente, estamos no 'melhor momento' para investir em fundos imobili\u00e1rios atrelados ao IPCA, diz analista durante a FII Experience.","og_url":"https:\/\/www.suno.com.br\/noticias\/fii-experience-momento-investir-fundos-imobiliarios-atrelados-ipca-analista-gpj\/","og_site_name":"Suno Not\u00edcias","article_publisher":"https:\/\/facebook.com\/sunoresearch","og_image":[{"width":1200,"height":845,"url":"https:\/\/files.sunoresearch.com.br\/n\/uploads\/2023\/09\/IMG_9644.jpg","type":"image\/jpeg"}],"author":"Giovanni Porf\u00edrio Jacomino","twitter_card":"summary_large_image","twitter_creator":"@sunoresearch","twitter_site":"@sunoresearch","twitter_misc":{"Escrito por":"Giovanni Porf\u00edrio Jacomino","Est. tempo de leitura":"3 minutos"},"schema":{"@context":"https:\/\/schema.org","@graph":[{"@type":"NewsArticle","@id":"https:\/\/www.suno.com.br\/noticias\/fii-experience-momento-investir-fundos-imobiliarios-atrelados-ipca-analista-gpj\/#article","isPartOf":{"@id":"https:\/\/www.suno.com.br\/noticias\/fii-experience-momento-investir-fundos-imobiliarios-atrelados-ipca-analista-gpj\/"},"author":{"name":"Giovanni Porf\u00edrio Jacomino","@id":"https:\/\/www.suno.com.br\/noticias\/#\/schema\/person\/d0f32748bbca4bee871fa191ee4e2d40"},"headline":"Estamos no &#8216;melhor momento&#8217; para investir em fundos imobili\u00e1rios atrelados ao IPCA, diz analista durante a FII Experience","datePublished":"2023-09-21T15:36:30+00:00","dateModified":"2023-09-21T19:38:13+00:00","mainEntityOfPage":{"@id":"https:\/\/www.suno.com.br\/noticias\/fii-experience-momento-investir-fundos-imobiliarios-atrelados-ipca-analista-gpj\/"},"wordCount":581,"publisher":{"@id":"https:\/\/www.suno.com.br\/noticias\/#organization"},"image":{"@id":"https:\/\/www.suno.com.br\/noticias\/fii-experience-momento-investir-fundos-imobiliarios-atrelados-ipca-analista-gpj\/#primaryimage"},"thumbnailUrl":"https:\/\/files.sunoresearch.com.br\/n\/uploads\/2023\/09\/IMG_9644.jpg","keywords":["Especialistas","Fundos Imobili\u00e1rios (FIIs)"],"articleSection":["FIIs"],"inLanguage":"pt-BR"},{"@type":"WebPage","@id":"https:\/\/www.suno.com.br\/noticias\/fii-experience-momento-investir-fundos-imobiliarios-atrelados-ipca-analista-gpj\/","url":"https:\/\/www.suno.com.br\/noticias\/fii-experience-momento-investir-fundos-imobiliarios-atrelados-ipca-analista-gpj\/","name":"'Melhor momento' para investir em fundos imobili\u00e1rios atrelados ao IPCA","isPartOf":{"@id":"https:\/\/www.suno.com.br\/noticias\/#website"},"primaryImageOfPage":{"@id":"https:\/\/www.suno.com.br\/noticias\/fii-experience-momento-investir-fundos-imobiliarios-atrelados-ipca-analista-gpj\/#primaryimage"},"image":{"@id":"https:\/\/www.suno.com.br\/noticias\/fii-experience-momento-investir-fundos-imobiliarios-atrelados-ipca-analista-gpj\/#primaryimage"},"thumbnailUrl":"https:\/\/files.sunoresearch.com.br\/n\/uploads\/2023\/09\/IMG_9644.jpg","datePublished":"2023-09-21T15:36:30+00:00","dateModified":"2023-09-21T19:38:13+00:00","description":"Teoricamente, estamos no 'melhor momento' para investir em fundos imobili\u00e1rios atrelados ao IPCA, diz analista durante a FII Experience.","breadcrumb":{"@id":"https:\/\/www.suno.com.br\/noticias\/fii-experience-momento-investir-fundos-imobiliarios-atrelados-ipca-analista-gpj\/#breadcrumb"},"inLanguage":"pt-BR","potentialAction":[{"@type":"ReadAction","target":["https:\/\/www.suno.com.br\/noticias\/fii-experience-momento-investir-fundos-imobiliarios-atrelados-ipca-analista-gpj\/"]}]},{"@type":"ImageObject","inLanguage":"pt-BR","@id":"https:\/\/www.suno.com.br\/noticias\/fii-experience-momento-investir-fundos-imobiliarios-atrelados-ipca-analista-gpj\/#primaryimage","url":"https:\/\/files.sunoresearch.com.br\/n\/uploads\/2023\/09\/IMG_9644.jpg","contentUrl":"https:\/\/files.sunoresearch.com.br\/n\/uploads\/2023\/09\/IMG_9644.jpg","width":1200,"height":845,"caption":"Palestra FII Experience. Foto: divulga\u00e7\u00e3o\/FII Experience"},{"@type":"BreadcrumbList","@id":"https:\/\/www.suno.com.br\/noticias\/fii-experience-momento-investir-fundos-imobiliarios-atrelados-ipca-analista-gpj\/#breadcrumb","itemListElement":[{"@type":"ListItem","position":1,"name":"Not\u00edcias","item":"https:\/\/www.suno.com.br\/noticias\/"},{"@type":"ListItem","position":2,"name":"FIIs","item":"https:\/\/www.suno.com.br\/noticias\/fiis\/"},{"@type":"ListItem","position":3,"name":"Estamos no &#8216;melhor momento&#8217; para investir em fundos imobili\u00e1rios atrelados ao IPCA, diz analista durante a FII Experience"}]},{"@type":"WebSite","@id":"https:\/\/www.suno.com.br\/noticias\/#website","url":"https:\/\/www.suno.com.br\/noticias\/","name":"Suno Not\u00edcias","description":"Seu portal de informa\u00e7\u00e3o sobre o mundo dos investimentos","publisher":{"@id":"https:\/\/www.suno.com.br\/noticias\/#organization"},"potentialAction":[{"@type":"SearchAction","target":{"@type":"EntryPoint","urlTemplate":"https:\/\/www.suno.com.br\/noticias\/?s={search_term_string}"},"query-input":{"@type":"PropertyValueSpecification","valueRequired":true,"valueName":"search_term_string"}}],"inLanguage":"pt-BR"},{"@type":"Organization","@id":"https:\/\/www.suno.com.br\/noticias\/#organization","name":"Suno Not\u00edcias","url":"https:\/\/www.suno.com.br\/noticias\/","logo":{"@type":"ImageObject","inLanguage":"pt-BR","@id":"https:\/\/www.suno.com.br\/noticias\/#\/schema\/logo\/image\/","url":"https:\/\/files.sunoresearch.com.br\/n\/uploads\/2021\/09\/suno-logo.png","contentUrl":"https:\/\/files.sunoresearch.com.br\/n\/uploads\/2021\/09\/suno-logo.png","width":180,"height":180,"caption":"Suno Not\u00edcias"},"image":{"@id":"https:\/\/www.suno.com.br\/noticias\/#\/schema\/logo\/image\/"},"sameAs":["https:\/\/facebook.com\/sunoresearch","https:\/\/x.com\/sunoresearch","https:\/\/www.instagram.com\/suno","https:\/\/www.linkedin.com\/company\/suno-research\/","https:\/\/www.youtube.com\/c\/sunoresearch"]},{"@type":"Person","@id":"https:\/\/www.suno.com.br\/noticias\/#\/schema\/person\/d0f32748bbca4bee871fa191ee4e2d40","name":"Giovanni Porf\u00edrio Jacomino","image":{"@type":"ImageObject","inLanguage":"pt-BR","@id":"https:\/\/www.suno.com.br\/noticias\/#\/schema\/person\/image\/","url":"https:\/\/secure.gravatar.com\/avatar\/efb32e19b730a121cb7a80f41ffec01a?s=96&r=g","contentUrl":"https:\/\/secure.gravatar.com\/avatar\/efb32e19b730a121cb7a80f41ffec01a?s=96&r=g","caption":"Giovanni Porf\u00edrio Jacomino"},"description":"Giovanni Porf\u00edrio Jacomino \u00e9 jornalista formado pela Universidade Estadual de Londrina (UEL) e p\u00f3s-graduado em Produ\u00e7\u00e3o e Pr\u00e1ticas Jornal\u00edsticas na Contemporaneidade na Faculdade C\u00e1sper L\u00edbero (FCL). Foi editor web no Startupi e no Finsiders, atuando ainda como editor no TC Mover, portal de not\u00edcias da TradersClub, fazendo a cobertura de assuntos relacionados ao mercado financeiro interno e externo. Atualmente, \u00e9 Rep\u00f3rter do Suno Not\u00edcias.","url":"https:\/\/www.suno.com.br\/noticias\/author\/giovanni-porfiriosuno-com-br\/"}]}},"default_loop_html":"<div class=\"cardsPage__listCard__boxs\"><div class=\"cardsPage__listCard__boxs__img\"><a href=\"https:\/\/www.suno.com.br\/noticias\/fii-experience-momento-investir-fundos-imobiliarios-atrelados-ipca-analista-gpj\/\"><img class=\"mask\" src=\"https:\/\/www.suno.com.br\/noticias\/wp-content\/themes\/suno\/resources\/images\/spotlight\/spotlight1img\/bg-mask.png\" alt=\"Image Mask\"\/><img src=\"https:\/\/files.sunoresearch.com.br\/n\/uploads\/2023\/09\/IMG_9644-400x200.jpg\" alt=\"Estamos no &#8216;melhor momento&#8217; para investir em  fundos imobili\u00e1rios atrelados ao IPCA, diz analista durante a FII Experience\"\/><\/a><span class=\"spotlightCategory\"><a href=\"https:\/\/www.suno.com.br\/noticias\/fiis\/\">FIIs<\/a><\/span><\/div><div class=\"cardsPage__listCard__boxs__content\"><a href=\"https:\/\/www.suno.com.br\/noticias\/fii-experience-momento-investir-fundos-imobiliarios-atrelados-ipca-analista-gpj\/\"><h2 class=\"content__title\">Estamos no &#8216;melhor momento&#8217; para investir em  fundos imobili\u00e1rios atrelados ao IPCA, diz analista durante a FII Experience<\/h2><\/a><div class=\"newsContent__article__meta\"><div class=\"newsContent__article__meta__authorBox\"><a href=\"https:\/\/www.suno.com.br\/noticias\/author\/marco-lopes\/\" class=\"authorBox__avatar noMobi\"><img src=\"https:\/\/secure.gravatar.com\/avatar\/385167b012fbc1cde32c5446ee253313?s=96&#038;r=g\" alt=\"Marco Ant\u00f4nio Lopes\"><\/a><div class=\"authorBox__name\"><span>por\n\t\t\t<a href=\"https:\/\/www.suno.com.br\/noticias\/author\/marco-lopes\/\"><span itemprop=\"author\">Marco Ant\u00f4nio Lopes<\/span><\/a><\/span><time datetime=\"2023-09-21T12:36:30-03:00\" itemprop=\"datePublished\">21\/09\/2023 12:36<\/time><\/div><\/div><\/div><\/div><\/div>","single_layout":"posts","amp_enabled":true,"_links":{"self":[{"href":"https:\/\/www.suno.com.br\/noticias\/wp-json\/wp\/v2\/posts\/459723"}],"collection":[{"href":"https:\/\/www.suno.com.br\/noticias\/wp-json\/wp\/v2\/posts"}],"about":[{"href":"https:\/\/www.suno.com.br\/noticias\/wp-json\/wp\/v2\/types\/post"}],"author":[{"embeddable":true,"href":"https:\/\/www.suno.com.br\/noticias\/wp-json\/wp\/v2\/users\/313"}],"replies":[{"embeddable":true,"href":"https:\/\/www.suno.com.br\/noticias\/wp-json\/wp\/v2\/comments?post=459723"}],"version-history":[{"count":3,"href":"https:\/\/www.suno.com.br\/noticias\/wp-json\/wp\/v2\/posts\/459723\/revisions"}],"predecessor-version":[{"id":460129,"href":"https:\/\/www.suno.com.br\/noticias\/wp-json\/wp\/v2\/posts\/459723\/revisions\/460129"}],"wp:featuredmedia":[{"embeddable":true,"href":"https:\/\/www.suno.com.br\/noticias\/wp-json\/wp\/v2\/media\/459901"}],"wp:attachment":[{"href":"https:\/\/www.suno.com.br\/noticias\/wp-json\/wp\/v2\/media?parent=459723"}],"wp:term":[{"taxonomy":"category","embeddable":true,"href":"https:\/\/www.suno.com.br\/noticias\/wp-json\/wp\/v2\/categories?post=459723"},{"taxonomy":"post_tag","embeddable":true,"href":"https:\/\/www.suno.com.br\/noticias\/wp-json\/wp\/v2\/tags?post=459723"},{"taxonomy":"suno_strategy","embeddable":true,"href":"https:\/\/www.suno.com.br\/noticias\/wp-json\/wp\/v2\/suno_strategy?post=459723"}],"curies":[{"name":"wp","href":"https:\/\/api.w.org\/{rel}","templated":true}]}}