{"id":45951,"date":"2019-11-27T19:43:10","date_gmt":"2019-11-27T21:43:10","guid":{"rendered":"https:\/\/www.suno.com.br\/noticias\/?p=45951"},"modified":"2019-11-27T19:43:10","modified_gmt":"2019-11-27T21:43:10","slug":"ibovespa-fecha-alta-27112019","status":"publish","type":"post","link":"https:\/\/www.suno.com.br\/noticias\/ibovespa-fecha-alta-27112019\/","title":{"rendered":"Ibovespa fecha em alta de 0,83% a 107.951,961 pontos"},"content":{"rendered":"<p>O <a href=\"https:\/\/www.suno.com.br\/artigos\/b3\/\">Ibovespa<\/a> fechou, nesta quarta-feira (27), em alta. O <a href=\"https:\/\/www.suno.com.br\/artigos\/b3\/\"><strong>principal \u00edndice da Bolsa de Valores de<\/strong>\u00a0<strong>S\u00e3o Paulo (B3)<\/strong><\/a> teve <b>alta <\/b>de 0,83% a 107.951,961 pontos.<\/p>\t<div class=\"wrapper-featured-image\">\n\t\t<figure class=\"spotlightImg\">\n\n\t\t\t<picture>\n\t\t\t\t<source media=\"(max-width: 768px)\" srcset=\"https:\/\/files.sunoresearch.com.br\/n\/uploads\/2019\/04\/1e88003e-ibovespa-400x200.webp\">\n\t\t\t\t<img loading=\"lazy\" decoding=\"async\" class=\"newsContent__article__imgCapa lazyloadDisabled newsContent__article__imgCapa--noCaption\" src=\"https:\/\/files.sunoresearch.com.br\/n\/uploads\/2019\/04\/1e88003e-ibovespa-jpg.webp\" width=\"800\" height=\"450\" alt=\"Ibovespa fecha em alta de 0,83% a 107.951,961 pontos\" fetchpriority=high \/>\n\t\t\t<\/picture>\n\n\t\t\t<figcaption class=\"wp-caption-text wp-caption-text--hide\">\u00cdndices futuros de NY operam em alta \u00e0 espera de uma vacina<\/figcaption>\n\t\t<\/figure>\n\t<\/div>\n\n\n\n<p>O <strong>Ibovespa<\/strong> registrou <strong>alta<\/strong> devido a v\u00e1rios fatores. Entre as not\u00edcias do dia, um fundo de pens\u00e3o do Canad\u00e1 comprou 12,4% da <strong>Smart<\/strong> <strong>Fit.<\/strong><\/p>\n<p><a href=\"http:\/\/bit.ly\/33ZNYfZ\">Black Friday Suno \u2013 pague 2 anos e leve 3 nas principais assinaturas da Suno Research<\/a><\/p>\n<p>Al\u00e9m disso, contribu\u00edram para o resultado desta quarta:<\/p>\n<ul>\n<li><strong>Delta Airlines<\/strong> iniciou compra 20% de participa\u00e7\u00e3o na <strong>Latam;<\/strong><\/li>\n<li><strong>Magazine Luiza<\/strong> anunciou parceria com <strong>Linx<\/strong> para integra\u00e7\u00e3o de canais.<\/li>\n<\/ul>\n<h2>Smart Fit<\/h2>\n<p>A <strong>CPPIB<\/strong>, <strong>fundo de pens\u00e3o<\/strong> do <strong>Canad\u00e1<\/strong>, adquiriu 12,4% da rede de <strong>academias<\/strong> Smart Fit por R$ 1,07 bilh\u00e3o.<\/p>\n<p><a href=\"https:\/\/www.suno.com.br\/noticias\/fundo-de-pensao-canada-smart-fit\/\">Saiba mais: Fundo de pens\u00e3o do Canad\u00e1 compra 12,4% da Smart Fit<\/a><\/p>\n<p>&#8220;A<strong> Smart Fit<\/strong> oferece oportunidade para CPPIB aumentar a sua exposi\u00e7\u00e3o na Am\u00e9rica Latina&#8221;, disse a diretora-geral respons\u00e1vel pelos investimentos, <strong>Tania Chocolat<\/strong>. De acordo com a diretora, o fundo investe desde 2006 na <strong>Am\u00e9rica Latina<\/strong> e tem um total de R$ 16,4 bilh\u00f5es investidos.<\/p>\n<p><em>Os<strong> fundos de pens\u00e3o<\/strong> s\u00e3o previd\u00eancias complementares oferecidas por empresas e s\u00e3o baseados na forma\u00e7\u00e3o de reservas feitas por meio de contribui\u00e7\u00f5es mensais dos empregados e tamb\u00e9m empregadores.\u00a0<\/em><\/p>\n<h2>Delta Airlines<\/h2>\n<p>A Delta Airlines iniciou, nesta quarta, compra de ativos da <strong>Latam Airlines<\/strong>. A empresa norte-americana comprar\u00e1 20% de participa\u00e7\u00e3o na a\u00e9rea chilena.<\/p>\n<p><a href=\"https:\/\/www.suno.com.br\/noticias\/delta-inicia-compra-participacao-latam\/\">Saiba mais: Delta Airlines inicia compra 20% de participa\u00e7\u00e3o na Latam<\/a><\/p>\n<p>Com o in\u00edcio das negocia\u00e7\u00f5es, os acionistas da Latam poder\u00e3o vender seus pap\u00e9is para a <strong>Delta<\/strong>. A opera\u00e7\u00e3o, gerenciada pelo banco Santander, termina no dia 26 de dezembro.<\/p>\n<p>O valor da opera\u00e7\u00e3o \u00e9 de US$ 1,94 bilh\u00e3o (cerca de R$ 8,25 bilh\u00f5es), a US$ 16 por a\u00e7\u00e3o. Por meio do acordo, as a\u00e9reas v\u00e3o compartilhar rotas entre os <strong>Estados Unidos<\/strong> e o <strong>Canad\u00e1<\/strong> e entre pa\u00edses da <strong>Am\u00e9rica do Sul<\/strong>.<\/p>\n<h2>Magazine Luiza<\/h2>\n<p>Em mais um an\u00fancio de parceria, a Magazine Luiza (MGLU3) comunicou que realizou um acordo com a <strong>Linx<\/strong> (LINX3) para a integra\u00e7\u00e3o de canais da empresa de softwares em seu <strong>marketplace<\/strong>.<\/p>\n<p><a href=\"https:\/\/www.suno.com.br\/noticias\/magazine-luiza-parceria-linx-integracao-canais\/\">Saiba mais: Magazine Luiza anuncia parceria com Linx para integra\u00e7\u00e3o de canais<\/a><\/p>\n<p>Quem utiliza o sistema Linx OMNI OMS (Order Management System) poder\u00e1 publicar o cat\u00e1logo de produtos online e offline no marketplace da <strong>Magazine<\/strong> <strong>Luiza<\/strong> e, assim, tentar alavancar as vendas.<\/p>\n<p><a href=\"https:\/\/www.suno.com.br\/black-friday-2019\/assinaturas\/\">Black Friday Suno \u2013 pague 2 anos e leve 3 nas principais assinaturas da Suno Research<\/a><\/p>\n<p>Os vendedores que utilizam o sistema <strong>Linx<\/strong> poder\u00e3o utilizar suas pr\u00f3prias unidades f\u00edsicas como op\u00e7\u00e3o de entrega ou retirada de produtos vendidos no <strong>marketplace<\/strong> da <strong>varejista<\/strong>.<\/p>\n<h2>\u00daltima cota\u00e7\u00e3o do Ibovespa<\/h2>\n<p>Na \u00faltima sess\u00e3o, ter\u00e7a-feira (26), o <strong>Ibovespa<\/strong> encerrou em queda de 1,26% a 107.059,40 pontos.<\/p>\n","protected":false},"excerpt":{"rendered":"<p>O Ibovespa fechou, nesta quarta-feira (27), em alta. O principal \u00edndice da Bolsa de Valores de\u00a0S\u00e3o Paulo (B3) teve alta de 0,83% a 107.951,961 pontos. \u00cdndices futuros de NY operam em alta \u00e0 espera de uma vacina O Ibovespa registrou alta devido a v\u00e1rios fatores. Entre as not\u00edcias do dia, um fundo de pens\u00e3o do [&hellip;]<\/p>\n","protected":false},"author":23,"featured_media":20657,"comment_status":"closed","ping_status":"closed","sticky":false,"template":"","format":"standard","meta":[],"categories":[60],"tags":[367,2051,721,548,636],"suno_strategy":[],"class_list":["post-45951","post","type-post","status-publish","format-standard","has-post-thumbnail","hentry","category-mercado","tag-b3-b3sa3","tag-delta-airlines-deai34","tag-ibovespa","tag-magazine-luiza-mglu3","tag-smart-fit-smft3"],"yoast_head":"<!-- This site is optimized with the Yoast SEO plugin v24.4 - https:\/\/yoast.com\/wordpress\/plugins\/seo\/ -->\n<title>Ibovespa fecha em alta de 0,83% a 107.951,961 pontos<\/title>\n<meta name=\"description\" content=\"O Ibovespa fechou em alta. O principal \u00edndice da Bolsa de Valores de\u00a0S\u00e3o Paulo (B3) teve alta de 0,83% a 107.951,961 pontos. Clique para mais\" \/>\n<meta name=\"robots\" content=\"index, follow, max-snippet:-1, max-image-preview:large, max-video-preview:-1\" \/>\n<link rel=\"canonical\" href=\"https:\/\/www.suno.com.br\/noticias\/ibovespa-fecha-alta-27112019\/\" \/>\n<meta property=\"og:locale\" content=\"pt_BR\" \/>\n<meta property=\"og:type\" content=\"article\" \/>\n<meta property=\"og:title\" content=\"Ibovespa fecha em alta de 0,83% a 107.951,961 pontos\" \/>\n<meta property=\"og:description\" content=\"O Ibovespa fechou em alta. O principal \u00edndice da Bolsa de Valores de\u00a0S\u00e3o Paulo (B3) teve alta de 0,83% a 107.951,961 pontos. Clique para mais\" \/>\n<meta property=\"og:url\" content=\"https:\/\/www.suno.com.br\/noticias\/ibovespa-fecha-alta-27112019\/\" \/>\n<meta property=\"og:site_name\" content=\"Suno Not\u00edcias\" \/>\n<meta property=\"article:publisher\" content=\"https:\/\/facebook.com\/sunoresearch\" \/>\n<meta property=\"og:image\" content=\"https:\/\/files.sunoresearch.com.br\/n\/uploads\/2019\/04\/1e88003e-ibovespa.jpg\" \/>\n\t<meta property=\"og:image:width\" content=\"1100\" \/>\n\t<meta property=\"og:image:height\" content=\"370\" \/>\n\t<meta property=\"og:image:type\" content=\"image\/jpeg\" \/>\n<meta name=\"author\" content=\"Rafael Lara\" \/>\n<meta name=\"twitter:card\" content=\"summary_large_image\" \/>\n<meta name=\"twitter:creator\" content=\"@sunoresearch\" \/>\n<meta name=\"twitter:site\" content=\"@sunoresearch\" \/>\n<meta name=\"twitter:label1\" content=\"Escrito por\" \/>\n\t<meta name=\"twitter:data1\" content=\"Rafael Lara\" \/>\n\t<meta name=\"twitter:label2\" content=\"Est. tempo de leitura\" \/>\n\t<meta name=\"twitter:data2\" content=\"2 minutos\" \/>\n<script type=\"application\/ld+json\" class=\"yoast-schema-graph\">{\"@context\":\"https:\/\/schema.org\",\"@graph\":[{\"@type\":\"NewsArticle\",\"@id\":\"https:\/\/www.suno.com.br\/noticias\/ibovespa-fecha-alta-27112019\/#article\",\"isPartOf\":{\"@id\":\"https:\/\/www.suno.com.br\/noticias\/ibovespa-fecha-alta-27112019\/\"},\"author\":{\"name\":\"Rafael Lara\",\"@id\":\"https:\/\/www.suno.com.br\/noticias\/#\/schema\/person\/098743caeed97b37f51315c9576c4078\"},\"headline\":\"Ibovespa fecha em alta de 0,83% a 107.951,961 pontos\",\"datePublished\":\"2019-11-27T21:43:10+00:00\",\"mainEntityOfPage\":{\"@id\":\"https:\/\/www.suno.com.br\/noticias\/ibovespa-fecha-alta-27112019\/\"},\"wordCount\":472,\"publisher\":{\"@id\":\"https:\/\/www.suno.com.br\/noticias\/#organization\"},\"image\":{\"@id\":\"https:\/\/www.suno.com.br\/noticias\/ibovespa-fecha-alta-27112019\/#primaryimage\"},\"thumbnailUrl\":\"https:\/\/files.sunoresearch.com.br\/n\/uploads\/2019\/04\/1e88003e-ibovespa-jpg.webp\",\"keywords\":[\"B3 (B3SA3)\",\"Delta Airlines (DEAI34)\",\"Ibovespa\",\"Magazine Luiza (MGLU3)\",\"Smart Fit (SMFT3)\"],\"articleSection\":[\"Mercado\"],\"inLanguage\":\"pt-BR\"},{\"@type\":\"WebPage\",\"@id\":\"https:\/\/www.suno.com.br\/noticias\/ibovespa-fecha-alta-27112019\/\",\"url\":\"https:\/\/www.suno.com.br\/noticias\/ibovespa-fecha-alta-27112019\/\",\"name\":\"Ibovespa fecha em alta de 0,83% a 107.951,961 pontos\",\"isPartOf\":{\"@id\":\"https:\/\/www.suno.com.br\/noticias\/#website\"},\"primaryImageOfPage\":{\"@id\":\"https:\/\/www.suno.com.br\/noticias\/ibovespa-fecha-alta-27112019\/#primaryimage\"},\"image\":{\"@id\":\"https:\/\/www.suno.com.br\/noticias\/ibovespa-fecha-alta-27112019\/#primaryimage\"},\"thumbnailUrl\":\"https:\/\/files.sunoresearch.com.br\/n\/uploads\/2019\/04\/1e88003e-ibovespa-jpg.webp\",\"datePublished\":\"2019-11-27T21:43:10+00:00\",\"description\":\"O Ibovespa fechou em alta. O principal \u00edndice da Bolsa de Valores de\u00a0S\u00e3o Paulo (B3) teve alta de 0,83% a 107.951,961 pontos. Clique para mais\",\"breadcrumb\":{\"@id\":\"https:\/\/www.suno.com.br\/noticias\/ibovespa-fecha-alta-27112019\/#breadcrumb\"},\"inLanguage\":\"pt-BR\",\"potentialAction\":[{\"@type\":\"ReadAction\",\"target\":[\"https:\/\/www.suno.com.br\/noticias\/ibovespa-fecha-alta-27112019\/\"]}]},{\"@type\":\"ImageObject\",\"inLanguage\":\"pt-BR\",\"@id\":\"https:\/\/www.suno.com.br\/noticias\/ibovespa-fecha-alta-27112019\/#primaryimage\",\"url\":\"https:\/\/files.sunoresearch.com.br\/n\/uploads\/2019\/04\/1e88003e-ibovespa-jpg.webp\",\"contentUrl\":\"https:\/\/files.sunoresearch.com.br\/n\/uploads\/2019\/04\/1e88003e-ibovespa-jpg.webp\",\"width\":1100,\"height\":370,\"caption\":\"\u00cdndices futuros de NY operam em alta \u00e0 espera de uma vacina\"},{\"@type\":\"BreadcrumbList\",\"@id\":\"https:\/\/www.suno.com.br\/noticias\/ibovespa-fecha-alta-27112019\/#breadcrumb\",\"itemListElement\":[{\"@type\":\"ListItem\",\"position\":1,\"name\":\"Not\u00edcias\",\"item\":\"https:\/\/www.suno.com.br\/noticias\/\"},{\"@type\":\"ListItem\",\"position\":2,\"name\":\"Mercado\",\"item\":\"https:\/\/www.suno.com.br\/noticias\/mercado\/\"},{\"@type\":\"ListItem\",\"position\":3,\"name\":\"Ibovespa fecha em alta de 0,83% a 107.951,961 pontos\"}]},{\"@type\":\"WebSite\",\"@id\":\"https:\/\/www.suno.com.br\/noticias\/#website\",\"url\":\"https:\/\/www.suno.com.br\/noticias\/\",\"name\":\"Suno Not\u00edcias\",\"description\":\"Seu portal de informa\u00e7\u00e3o sobre o mundo dos investimentos\",\"publisher\":{\"@id\":\"https:\/\/www.suno.com.br\/noticias\/#organization\"},\"potentialAction\":[{\"@type\":\"SearchAction\",\"target\":{\"@type\":\"EntryPoint\",\"urlTemplate\":\"https:\/\/www.suno.com.br\/noticias\/?s={search_term_string}\"},\"query-input\":{\"@type\":\"PropertyValueSpecification\",\"valueRequired\":true,\"valueName\":\"search_term_string\"}}],\"inLanguage\":\"pt-BR\"},{\"@type\":\"Organization\",\"@id\":\"https:\/\/www.suno.com.br\/noticias\/#organization\",\"name\":\"Suno Not\u00edcias\",\"url\":\"https:\/\/www.suno.com.br\/noticias\/\",\"logo\":{\"@type\":\"ImageObject\",\"inLanguage\":\"pt-BR\",\"@id\":\"https:\/\/www.suno.com.br\/noticias\/#\/schema\/logo\/image\/\",\"url\":\"https:\/\/files.sunoresearch.com.br\/n\/uploads\/2021\/09\/suno-logo.png\",\"contentUrl\":\"https:\/\/files.sunoresearch.com.br\/n\/uploads\/2021\/09\/suno-logo.png\",\"width\":180,\"height\":180,\"caption\":\"Suno Not\u00edcias\"},\"image\":{\"@id\":\"https:\/\/www.suno.com.br\/noticias\/#\/schema\/logo\/image\/\"},\"sameAs\":[\"https:\/\/facebook.com\/sunoresearch\",\"https:\/\/x.com\/sunoresearch\",\"https:\/\/www.instagram.com\/suno\",\"https:\/\/www.linkedin.com\/company\/suno-research\/\",\"https:\/\/www.youtube.com\/c\/sunoresearch\"]},{\"@type\":\"Person\",\"@id\":\"https:\/\/www.suno.com.br\/noticias\/#\/schema\/person\/098743caeed97b37f51315c9576c4078\",\"name\":\"Rafael Lara\",\"image\":{\"@type\":\"ImageObject\",\"inLanguage\":\"pt-BR\",\"@id\":\"https:\/\/www.suno.com.br\/noticias\/#\/schema\/person\/image\/\",\"url\":\"https:\/\/secure.gravatar.com\/avatar\/dfc254ab9bb2ea1895d98b9e9dae4bdd?s=96&r=g\",\"contentUrl\":\"https:\/\/secure.gravatar.com\/avatar\/dfc254ab9bb2ea1895d98b9e9dae4bdd?s=96&r=g\",\"caption\":\"Rafael Lara\"},\"description\":\"Rafael Lara cursa jornalismo na Faculdade C\u00e1sper L\u00edbero. Escreve sobre pol\u00edtica, economia e neg\u00f3cios para o portal Suno Not\u00edcias. Antes, colaborou na TV Gazeta na produ\u00e7\u00e3o do programa Edi\u00e7\u00e3o Extra.\",\"url\":\"https:\/\/www.suno.com.br\/noticias\/author\/rafael\/\"}]}<\/script>\n<!-- \/ Yoast SEO plugin. -->","yoast_head_json":{"title":"Ibovespa fecha em alta de 0,83% a 107.951,961 pontos","description":"O Ibovespa fechou em alta. O principal \u00edndice da Bolsa de Valores de\u00a0S\u00e3o Paulo (B3) teve alta de 0,83% a 107.951,961 pontos. Clique para mais","robots":{"index":"index","follow":"follow","max-snippet":"max-snippet:-1","max-image-preview":"max-image-preview:large","max-video-preview":"max-video-preview:-1"},"canonical":"https:\/\/www.suno.com.br\/noticias\/ibovespa-fecha-alta-27112019\/","og_locale":"pt_BR","og_type":"article","og_title":"Ibovespa fecha em alta de 0,83% a 107.951,961 pontos","og_description":"O Ibovespa fechou em alta. O principal \u00edndice da Bolsa de Valores de\u00a0S\u00e3o Paulo (B3) teve alta de 0,83% a 107.951,961 pontos. Clique para mais","og_url":"https:\/\/www.suno.com.br\/noticias\/ibovespa-fecha-alta-27112019\/","og_site_name":"Suno Not\u00edcias","article_publisher":"https:\/\/facebook.com\/sunoresearch","og_image":[{"width":1100,"height":370,"url":"https:\/\/files.sunoresearch.com.br\/n\/uploads\/2019\/04\/1e88003e-ibovespa.jpg","type":"image\/jpeg"}],"author":"Rafael Lara","twitter_card":"summary_large_image","twitter_creator":"@sunoresearch","twitter_site":"@sunoresearch","twitter_misc":{"Escrito por":"Rafael Lara","Est. tempo de leitura":"2 minutos"},"schema":{"@context":"https:\/\/schema.org","@graph":[{"@type":"NewsArticle","@id":"https:\/\/www.suno.com.br\/noticias\/ibovespa-fecha-alta-27112019\/#article","isPartOf":{"@id":"https:\/\/www.suno.com.br\/noticias\/ibovespa-fecha-alta-27112019\/"},"author":{"name":"Rafael Lara","@id":"https:\/\/www.suno.com.br\/noticias\/#\/schema\/person\/098743caeed97b37f51315c9576c4078"},"headline":"Ibovespa fecha em alta de 0,83% a 107.951,961 pontos","datePublished":"2019-11-27T21:43:10+00:00","mainEntityOfPage":{"@id":"https:\/\/www.suno.com.br\/noticias\/ibovespa-fecha-alta-27112019\/"},"wordCount":472,"publisher":{"@id":"https:\/\/www.suno.com.br\/noticias\/#organization"},"image":{"@id":"https:\/\/www.suno.com.br\/noticias\/ibovespa-fecha-alta-27112019\/#primaryimage"},"thumbnailUrl":"https:\/\/files.sunoresearch.com.br\/n\/uploads\/2019\/04\/1e88003e-ibovespa-jpg.webp","keywords":["B3 (B3SA3)","Delta Airlines (DEAI34)","Ibovespa","Magazine Luiza (MGLU3)","Smart Fit (SMFT3)"],"articleSection":["Mercado"],"inLanguage":"pt-BR"},{"@type":"WebPage","@id":"https:\/\/www.suno.com.br\/noticias\/ibovespa-fecha-alta-27112019\/","url":"https:\/\/www.suno.com.br\/noticias\/ibovespa-fecha-alta-27112019\/","name":"Ibovespa fecha em alta de 0,83% a 107.951,961 pontos","isPartOf":{"@id":"https:\/\/www.suno.com.br\/noticias\/#website"},"primaryImageOfPage":{"@id":"https:\/\/www.suno.com.br\/noticias\/ibovespa-fecha-alta-27112019\/#primaryimage"},"image":{"@id":"https:\/\/www.suno.com.br\/noticias\/ibovespa-fecha-alta-27112019\/#primaryimage"},"thumbnailUrl":"https:\/\/files.sunoresearch.com.br\/n\/uploads\/2019\/04\/1e88003e-ibovespa-jpg.webp","datePublished":"2019-11-27T21:43:10+00:00","description":"O Ibovespa fechou em alta. O principal \u00edndice da Bolsa de Valores de\u00a0S\u00e3o Paulo (B3) teve alta de 0,83% a 107.951,961 pontos. Clique para mais","breadcrumb":{"@id":"https:\/\/www.suno.com.br\/noticias\/ibovespa-fecha-alta-27112019\/#breadcrumb"},"inLanguage":"pt-BR","potentialAction":[{"@type":"ReadAction","target":["https:\/\/www.suno.com.br\/noticias\/ibovespa-fecha-alta-27112019\/"]}]},{"@type":"ImageObject","inLanguage":"pt-BR","@id":"https:\/\/www.suno.com.br\/noticias\/ibovespa-fecha-alta-27112019\/#primaryimage","url":"https:\/\/files.sunoresearch.com.br\/n\/uploads\/2019\/04\/1e88003e-ibovespa-jpg.webp","contentUrl":"https:\/\/files.sunoresearch.com.br\/n\/uploads\/2019\/04\/1e88003e-ibovespa-jpg.webp","width":1100,"height":370,"caption":"\u00cdndices futuros de NY operam em alta \u00e0 espera de uma vacina"},{"@type":"BreadcrumbList","@id":"https:\/\/www.suno.com.br\/noticias\/ibovespa-fecha-alta-27112019\/#breadcrumb","itemListElement":[{"@type":"ListItem","position":1,"name":"Not\u00edcias","item":"https:\/\/www.suno.com.br\/noticias\/"},{"@type":"ListItem","position":2,"name":"Mercado","item":"https:\/\/www.suno.com.br\/noticias\/mercado\/"},{"@type":"ListItem","position":3,"name":"Ibovespa fecha em alta de 0,83% a 107.951,961 pontos"}]},{"@type":"WebSite","@id":"https:\/\/www.suno.com.br\/noticias\/#website","url":"https:\/\/www.suno.com.br\/noticias\/","name":"Suno Not\u00edcias","description":"Seu portal de informa\u00e7\u00e3o sobre o mundo dos investimentos","publisher":{"@id":"https:\/\/www.suno.com.br\/noticias\/#organization"},"potentialAction":[{"@type":"SearchAction","target":{"@type":"EntryPoint","urlTemplate":"https:\/\/www.suno.com.br\/noticias\/?s={search_term_string}"},"query-input":{"@type":"PropertyValueSpecification","valueRequired":true,"valueName":"search_term_string"}}],"inLanguage":"pt-BR"},{"@type":"Organization","@id":"https:\/\/www.suno.com.br\/noticias\/#organization","name":"Suno Not\u00edcias","url":"https:\/\/www.suno.com.br\/noticias\/","logo":{"@type":"ImageObject","inLanguage":"pt-BR","@id":"https:\/\/www.suno.com.br\/noticias\/#\/schema\/logo\/image\/","url":"https:\/\/files.sunoresearch.com.br\/n\/uploads\/2021\/09\/suno-logo.png","contentUrl":"https:\/\/files.sunoresearch.com.br\/n\/uploads\/2021\/09\/suno-logo.png","width":180,"height":180,"caption":"Suno Not\u00edcias"},"image":{"@id":"https:\/\/www.suno.com.br\/noticias\/#\/schema\/logo\/image\/"},"sameAs":["https:\/\/facebook.com\/sunoresearch","https:\/\/x.com\/sunoresearch","https:\/\/www.instagram.com\/suno","https:\/\/www.linkedin.com\/company\/suno-research\/","https:\/\/www.youtube.com\/c\/sunoresearch"]},{"@type":"Person","@id":"https:\/\/www.suno.com.br\/noticias\/#\/schema\/person\/098743caeed97b37f51315c9576c4078","name":"Rafael Lara","image":{"@type":"ImageObject","inLanguage":"pt-BR","@id":"https:\/\/www.suno.com.br\/noticias\/#\/schema\/person\/image\/","url":"https:\/\/secure.gravatar.com\/avatar\/dfc254ab9bb2ea1895d98b9e9dae4bdd?s=96&r=g","contentUrl":"https:\/\/secure.gravatar.com\/avatar\/dfc254ab9bb2ea1895d98b9e9dae4bdd?s=96&r=g","caption":"Rafael Lara"},"description":"Rafael Lara cursa jornalismo na Faculdade C\u00e1sper L\u00edbero. Escreve sobre pol\u00edtica, economia e neg\u00f3cios para o portal Suno Not\u00edcias. Antes, colaborou na TV Gazeta na produ\u00e7\u00e3o do programa Edi\u00e7\u00e3o Extra.","url":"https:\/\/www.suno.com.br\/noticias\/author\/rafael\/"}]}},"default_loop_html":"<div class=\"cardsPage__listCard__boxs\"><div class=\"cardsPage__listCard__boxs__img\"><a href=\"https:\/\/www.suno.com.br\/noticias\/ibovespa-fecha-alta-27112019\/\"><img class=\"mask\" src=\"https:\/\/www.suno.com.br\/noticias\/wp-content\/themes\/suno\/resources\/images\/spotlight\/spotlight1img\/bg-mask.png\" alt=\"Image Mask\"\/><img src=\"https:\/\/files.sunoresearch.com.br\/n\/uploads\/2019\/04\/1e88003e-ibovespa-400x200.webp\" alt=\"Ibovespa fecha em alta de 0,83% a 107.951,961 pontos\"\/><\/a><span class=\"spotlightCategory\"><a href=\"https:\/\/www.suno.com.br\/noticias\/mercado\/\">Mercado<\/a><\/span><\/div><div class=\"cardsPage__listCard__boxs__content\"><a href=\"https:\/\/www.suno.com.br\/noticias\/ibovespa-fecha-alta-27112019\/\"><h2 class=\"content__title\">Ibovespa fecha em alta de 0,83% a 107.951,961 pontos<\/h2><\/a><div class=\"newsContent__article__meta\"><div class=\"newsContent__article__meta__authorBox\"><a href=\"https:\/\/www.suno.com.br\/noticias\/author\/rafael\/\" class=\"authorBox__avatar noMobi\"><img src=\"https:\/\/secure.gravatar.com\/avatar\/dfc254ab9bb2ea1895d98b9e9dae4bdd?s=96&#038;r=g\" alt=\"Rafael Lara\"><\/a><div class=\"authorBox__name\"><span>por\n\t\t\t<a href=\"https:\/\/www.suno.com.br\/noticias\/author\/rafael\/\"><span itemprop=\"author\">Rafael Lara<\/span><\/a><\/span><time datetime=\"2019-11-27T19:43:10-03:00\" itemprop=\"datePublished\">27\/11\/2019 19:43<\/time><\/div><\/div><\/div><\/div><\/div>","single_layout":"posts","amp_enabled":true,"_links":{"self":[{"href":"https:\/\/www.suno.com.br\/noticias\/wp-json\/wp\/v2\/posts\/45951"}],"collection":[{"href":"https:\/\/www.suno.com.br\/noticias\/wp-json\/wp\/v2\/posts"}],"about":[{"href":"https:\/\/www.suno.com.br\/noticias\/wp-json\/wp\/v2\/types\/post"}],"author":[{"embeddable":true,"href":"https:\/\/www.suno.com.br\/noticias\/wp-json\/wp\/v2\/users\/23"}],"replies":[{"embeddable":true,"href":"https:\/\/www.suno.com.br\/noticias\/wp-json\/wp\/v2\/comments?post=45951"}],"version-history":[{"count":0,"href":"https:\/\/www.suno.com.br\/noticias\/wp-json\/wp\/v2\/posts\/45951\/revisions"}],"wp:featuredmedia":[{"embeddable":true,"href":"https:\/\/www.suno.com.br\/noticias\/wp-json\/wp\/v2\/media\/20657"}],"wp:attachment":[{"href":"https:\/\/www.suno.com.br\/noticias\/wp-json\/wp\/v2\/media?parent=45951"}],"wp:term":[{"taxonomy":"category","embeddable":true,"href":"https:\/\/www.suno.com.br\/noticias\/wp-json\/wp\/v2\/categories?post=45951"},{"taxonomy":"post_tag","embeddable":true,"href":"https:\/\/www.suno.com.br\/noticias\/wp-json\/wp\/v2\/tags?post=45951"},{"taxonomy":"suno_strategy","embeddable":true,"href":"https:\/\/www.suno.com.br\/noticias\/wp-json\/wp\/v2\/suno_strategy?post=45951"}],"curies":[{"name":"wp","href":"https:\/\/api.w.org\/{rel}","templated":true}]}}