{"id":459500,"date":"2023-09-20T19:41:28","date_gmt":"2023-09-20T22:41:28","guid":{"rendered":"https:\/\/www.suno.com.br\/noticias\/?p=459500"},"modified":"2023-09-20T23:43:41","modified_gmt":"2023-09-21T02:43:41","slug":"copom-corte-selic-setembro-bc-repercsussao-mal","status":"publish","type":"post","link":"https:\/\/www.suno.com.br\/noticias\/copom-corte-selic-setembro-bc-repercsussao-mal\/","title":{"rendered":"&#8220;BC contratou mais duas quedas de 0,50 pp da Selic&#8221;; veja repercuss\u00e3o ao Copom"},"content":{"rendered":"<p>O comportamento dos pre\u00e7os fez o <a class=\"suno-keyword\" target=\"_blank\" data-force=\"no\" data-priority=\"3\" href=\"https:\/\/www.suno.com.br\/artigos\/bacen\/\" rel=\"noopener\">Banco Central (BC)<\/a> cortar os juros pela segunda vez no semestre. Por unanimidade, o Comit\u00ea de <a class=\"suno-keyword\" target=\"_blank\" data-force=\"no\" data-priority=\"1\" href=\"https:\/\/www.suno.com.br\/artigos\/politica-monetaria\/\" rel=\"noopener\">Pol\u00edtica Monet\u00e1ria<\/a> (<strong>Copom<\/strong>) reduziu a taxa Selic, juros b\u00e1sicos da economia, em 0,5 ponto percentual, para 12,75% ao ano. A decis\u00e3o era esperada pelos analistas financeiros, que estavam de olho no comunicado do BC.<\/p>\t<div class=\"wrapper-featured-image\">\n\t\t<figure class=\"spotlightImg\">\n\n\t\t\t<picture>\n\t\t\t\t<source media=\"(max-width: 768px)\" srcset=\"https:\/\/files.sunoresearch.com.br\/n\/uploads\/2021\/11\/banco_central_sede-400x200.jpg\">\n\t\t\t\t<img loading=\"lazy\" decoding=\"async\" class=\"newsContent__article__imgCapa lazyloadDisabled \" src=\"https:\/\/files.sunoresearch.com.br\/n\/uploads\/2021\/11\/banco_central_sede-800x450.jpg\" width=\"800\" height=\"450\" alt=\"&#8220;BC contratou mais duas quedas de 0,50 pp da Selic&#8221;; veja repercuss\u00e3o ao Copom\" fetchpriority=high \/>\n\t\t\t<\/picture>\n\n\t\t\t<figcaption class=\"wp-caption-text wp-caption-text--show\">Ata do Copom. Foto: Marcello Casal Jr.\/Ag\u00eancia Brasil<\/figcaption>\n\t\t<\/figure>\n\t<\/div>\n\n\n\n\n\n\t<p>\n\t\t<a href=\"\" target=\"_blank\" data-element=\"shortcode-suno-banner\" title=\"Banner SUNO, clique e saiba mais\">\n\t\t\t<picture>\n\t\t\t\t<source media=\"(max-width: 500px)\" srcset=\"\">\n\t\t\t\t<img class=\"newsContent__article__imgCapa newsContent__article__imgCapa--banner\"\n\t\t\t\t\tsrc=\"\"\n\t\t\t\t\tdata-promo-id=\"240038\"\t\t\t\t\t\t\t\t\t\t\t\t\t\t\talt=\"\"\n\t\t\t\t>\n\t\t\t<\/picture>\n\t\t<\/a>\n\t<\/p>\n\n\n\n\n\n\n\n<p>Ricardo Jorge, especialista em renda fixa e s\u00f3cio da Quantzed, casa de an\u00e1lise e empresa de tecnologia e educa\u00e7\u00e3o para investidores, observa: &#8220;Na minha leitura, o comunicado foi bem hawkish e j\u00e1 deixa bem clara a contrata\u00e7\u00e3o de mais duas quedas de 0,50 p.p, ou seja, elimina totalmente a possibilidade que o mercado vinha precificando de uma poss\u00edvel acelera\u00e7\u00e3o da queda nesse ano ainda. O mercado vinha trabalhando com a possibilidade de queda de 0,75 p.p na \u00faltima reuni\u00e3o, o que n\u00e3o aconteceu.&#8221;<\/p>\n\n\n\n\t<div data-element=\"shortcode-read-more\" class=\"readToo\">\n\t\t\t\t<span class=\"readToo__title\">Leia mais<\/span>\n\t\t\t\t<ul class=\"readToo__list\">\n\t\t\t<li><a href=\"https:\/\/www.suno.com.br\/noticias\/copom-decisao-taxa-selic-setembro-2023\/\">Copom reduz taxa Selic em 0,5 pp, para 12,75% ao ano, e sinaliza novos cortes<\/a><\/li><li><a href=\"https:\/\/www.suno.com.br\/noticias\/selic-corte-05-ponto-copom-consenso-analistas-gpj\/\">Copom: corte da Selic em 0,5 ponto percentual \u00e9 consenso entre analistas<\/a><\/li><li><a href=\"https:\/\/www.suno.com.br\/noticias\/selic-aumeto-adicional-corte-juros-pouco-provavel-gpj\/\">Selic: intensifica\u00e7\u00e3o do ritmo de cortes dos juros \u00e9 &#8216;pouco prov\u00e1vel&#8217;, diz ata do Copom<\/a><\/li>\t\t<\/ul>\n\t<\/div>\n\n\n\n\n<p>Quedas maiores da Selic est\u00e3o descartadas pelo Copom, nota Ricardo: &#8220;Esse comunicado elimina essa possibilidade de qualquer queda de 0,75 p.p. Ressalta ainda que h\u00e1 muita incerteza com rela\u00e7\u00e3o ao <a class=\"suno-keyword\" target=\"_blank\" data-force=\"no\" data-priority=\"1\" href=\"https:\/\/www.suno.com.br\/artigos\/mercado-externo\/\" rel=\"noopener\">mercado externo<\/a>, preocupa\u00e7\u00e3o com rela\u00e7\u00e3o a resili\u00eancia da atividade aqui no Brasil que pode gerar press\u00f5es inflacion\u00e1rias. O comunicado ressalta ainda que tem que \u00e9 necess\u00e1rio ter serenidade e modera\u00e7\u00e3o com rela\u00e7\u00e3o ao processo de flexibiliza\u00e7\u00e3o monet\u00e1ria, ou seja, indicando que o comit\u00ea vai ser cauteloso com rela\u00e7\u00e3o a esse ritmo de corte da taxa de juros.&#8221;<\/p>\n\n\n\n<p>Ele complementa: &#8220;Muito provavelmente a gente vai ver a\u00ed uma reprecifica\u00e7\u00e3o dos v\u00e9rtices mais curtos amanh\u00e3, dado que o mercado acreditava numa poss\u00edvel acelera\u00e7\u00e3o, ent\u00e3o o Banco Central praticamente elimina essa possibilidade.&#8221;<\/p>\n\n\n\n<p>O analista chama aten\u00e7\u00e3o para outro ponto do comunicado sobre a nova taxa Selic: &#8220;O BC ressaltou a preocupa\u00e7\u00e3o com o fiscal, o que n\u00e3o tinha sido feita no comunicado anterior. Esse \u00e9 um outro ponto importante. [os integrantes do Copom] ressaltam justamente essa quest\u00e3o do fiscal e como isso pode impactar na ancoragem das expectativas inflacion\u00e1rias. Foi um comunicado bem duro com rela\u00e7\u00e3o \u00e0 infla\u00e7\u00e3o, com rela\u00e7\u00e3o ao fiscal, com rela\u00e7\u00e3o \u00e0 atividade e ao cen\u00e1rio externo incerto e isso com certeza vai direcionar os mercados amanh\u00e3 para uma nova reprecifica\u00e7\u00e3o dos ativos, dado que a <a class=\"suno-keyword\" target=\"_blank\" data-force=\"no\" data-priority=\"1\" href=\"https:\/\/www.suno.com.br\/artigos\/curva-de-juros\/\" rel=\"noopener\">curva de juros<\/a> tende a precificar uma intensidade menor dos cortes da Selic daqui para frente.&#8221; <\/p>\n\n\n\t<p>\n\t\t<a href=\"https:\/\/lp.suno.com.br\/ebook-gratuito-investindo-no-exterior\/\" target=\"_blank\" data-element=\"shortcode-suno-banner\" title=\"Banner SUNO, clique e saiba mais\">\n\t\t\t<picture>\n\t\t\t\t<source media=\"(max-width: 500px)\" srcset=\"https:\/\/files.sunoresearch.com.br\/n\/uploads\/2023\/03\/400x300-Investindo-no-exterior.png\">\n\t\t\t\t<img class=\"newsContent__article__imgCapa newsContent__article__imgCapa--banner\"\n\t\t\t\t\tsrc=\"https:\/\/files.sunoresearch.com.br\/n\/uploads\/2023\/03\/1420x240-Investindo-no-exterior.png\"\n\t\t\t\t\tdata-promo-id=\"383161\"\t\t\t\t\t\t\t\t\t\twidth='1420' height='240'\t\t\t\t\talt=\"https:\/\/files.sunoresearch.com.br\/n\/uploads\/2023\/03\/1420x240-Investindo-no-exterior.png\"\n\t\t\t\t>\n\t\t\t<\/picture>\n\t\t<\/a>\n\t<\/p>\n\n\n\n\n\n<h2 class=\"wp-block-heading\">Copom: preocupa\u00e7\u00e3o com o ambiente externo e dom\u00e9stico <\/h2>\n\n\n\n<p>S\u00e9rgio Goldenstein, estrategista-chefe da Warren Rena, avalia o comunicado como neutro. &#8220;Pelo lado mais dovish, vale destacar as proje\u00e7\u00f5es de infla\u00e7\u00e3o no cen\u00e1rio de refer\u00eancia, que subiram apenas 0,1 p.p., abaixo do que a maioria dos analistas esperava. Pelo lado mais hawkish, nota-se um aumento da preocupa\u00e7\u00e3o com o ambiente externo e com a execu\u00e7\u00e3o das metas fiscais. Consideramos natural a manuten\u00e7\u00e3o da frase de que os membros do Comit\u00ea anteveem redu\u00e7\u00e3o de mesma magnitude nas pr\u00f3ximas reuni\u00f5es, pois modific\u00e1-la, neste momento, seria vista como uma forte sinaliza\u00e7\u00e3o de acelera\u00e7\u00e3o do ritmo de ajuste, sendo que n\u00e3o se materializaram surpresas positivas substanciais que elevem ainda mais a confian\u00e7a na din\u00e2mica desinflacion\u00e1ria prospectiva.&#8221;<\/p>\n\n\n\n<p>Ele observa: &#8220;Era esperado um aumento das <strong>proje\u00e7\u00f5es de infla\u00e7\u00e3o<\/strong> no cen\u00e1rio de refer\u00eancia, devido principalmente aos efeitos altistas da trajet\u00f3ria de Selic no Focus (passou de 12% no fim de 2023 e 9,25% no final de 2024 para, respectivamente, 11,75% e 9,0%), da eleva\u00e7\u00e3o do pre\u00e7o do petr\u00f3leo e de uma poss\u00edvel reestimativa da trajet\u00f3ria do hiato do produto (tendo em vista as surpresas positivas de atividade e da robustez do mercado de trabalho). O comunicado aponta que se observou uma maior resili\u00eancia da atividade econ\u00f4mica, mas segue antecipando um cen\u00e1rio de desacelera\u00e7\u00e3o.&#8221;<\/p>\n\n\n\n<p>Goldenstein diz ainda: &#8220;Percebe-se uma maior preocupa\u00e7\u00e3o com o ambiente externo, visto como mais incerto, com o Comit\u00ea notando a eleva\u00e7\u00e3o das taxas de juros de longo prazo nos EUA e a perspectiva de menor crescimento na China.&#8221;<\/p>\n\n\n\n<p>Um ponto de aten\u00e7\u00e3o, afirma o estrategista, &#8220;\u00e9 a repeti\u00e7\u00e3o da indica\u00e7\u00e3o de redu\u00e7\u00e3o da Selic na mesma magnitude nas pr\u00f3ximas reuni\u00f5es, o que sinalizaria, a princ\u00edpio, a continuidade do ritmo de -50 bps na reuni\u00e3o de novembro e tamb\u00e9m na de dezembro.&#8221; O que isso representa? &#8220;Avaliamos que alterar essa frase, neste momento, poderia ser interpretada como uma menor resist\u00eancia do Copom \u00e0 acelera\u00e7\u00e3o do ritmo, o que seria contraproducente com rela\u00e7\u00e3o ao objetivo de reancorar as expectativas. Al\u00e9m disso, h\u00e1 a necessidade de se acompanhar a evolu\u00e7\u00e3o dos dados nos pr\u00f3ximos meses para que o Comit\u00ea possa julgar se aumentou a confian\u00e7a na din\u00e2mica desinflacion\u00e1ria. Por outro lado, vale ressaltar que manter a frase n\u00e3o deixaria o Comit\u00ea com as m\u00e3os amarradas para eventualmente acelerar o ritmo em dezembro, pois a pr\u00f3pria ata de agosto j\u00e1 listou os fatores que poderiam abrir o espa\u00e7o para a intensifica\u00e7\u00e3o do ritmo.&#8221;<\/p>\n\n\n\n<p>E conclui: &#8220;Seguimos com o nosso call de Selic de 11,50% no final de 2023 e de 9,0% no final do ciclo de relaxamento monet\u00e1rio. Consideramos como levemente majorit\u00e1ria a probabilidade de acelera\u00e7\u00e3o para o ritmo de 75 bps em dezembro, tendo em vista que a desinfla\u00e7\u00e3o de servi\u00e7os deve avan\u00e7ar, os indicadores de atividade e de mercado de trabalho tendem a mostrar algum arrefecimento (o que poderia ter um peso maior para a ala mais dovish do Comit\u00ea) e o ano de 2025, cuja proje\u00e7\u00e3o est\u00e1 em 3,1%, bem pr\u00f3xima \u00e0 meta, ganhar\u00e1 peso no horizonte relevante da pol\u00edtica monet\u00e1ria. Com rela\u00e7\u00e3o aos impactos da decis\u00e3o e do comunicado sobre a curva de juros, n\u00e3o esperamos oscila\u00e7\u00f5es significativas.<\/p>\n\n\n\n<h2 class=\"wp-block-heading\">&#8220;Pol\u00edtica se mant\u00e9m contracionista&#8221;<\/h2>\n\n\n\n<p>Rodrigo Cohen, analista de investimentos e co-fundador da Escola de Investimentos, empresa de <a class=\"suno-keyword\" target=\"_blank\" data-force=\"no\" data-priority=\"2\" href=\"https:\/\/www.suno.com.br\/artigos\/educacao-financeira\/\" rel=\"noopener\">educa\u00e7\u00e3o financeira<\/a>, tem a mesma opini\u00e3o sobre os pr\u00f3ximos passos da <a class=\"suno-keyword\" target=\"_blank\" data-force=\"no\" data-priority=\"1\" href=\"https:\/\/www.suno.com.br\/artigos\/politica-monetaria\/\" rel=\"noopener\">pol\u00edtica monet\u00e1ria<\/a> do BC:<\/p>\n\n\n\n<p>&#8220;A decis\u00e3o foi un\u00e2nime em cortar 50 pontos base. Pol\u00edtica se mant\u00e9m contracionista. Ent\u00e3o as pr\u00f3ximas quedas, caso as expectativas sejam realizadas em rela\u00e7\u00e3o \u00e0 queda de infla\u00e7\u00e3o ou manuten\u00e7\u00e3o e queda da atividade econ\u00f4mica, a gente ter\u00e1 uma manuten\u00e7\u00e3o dessas quedas em 0,5 p.p. Na minha opini\u00e3o, os integrantes do foram bem enf\u00e1ticos em dizer que n\u00e3o haver\u00e1 a princ\u00edpio uma queda maior como era esperado, em 0,75%&#8221;, diz ele.<\/p>\n\n\n\n<p>&#8220;Tudo vai depender do que vai acontecer daqui para frente em rela\u00e7\u00e3o \u00e0 infla\u00e7\u00e3o. Mas acredito que o maior receio fica muito mais at\u00e9 o final desse ano porque o cen\u00e1rio externo est\u00e1 muito mais incerto em rela\u00e7\u00e3o a infla\u00e7\u00e3o l\u00e1 fora que ainda n\u00e3o foi controlada, principalmente nos Estados Unidos, com um FOMC mais hawkish, mesmo mantendo os juros inalterados. A China vem mostrando uma desacelera\u00e7\u00e3o tamb\u00e9m. O Copom comentou tamb\u00e9m que o Brasil pode desacelerar daqui para frente e isso deve fazer com que eles mantenham as quedas de forma similar nas pr\u00f3ximas reuni\u00f5es.<\/p>\n\n\n\n<p>Decis\u00e3o veio totalmente em linha com o esperado. N\u00e3o achei que o comunicado foi duro, achei, na verdade, que o comunicado foi realista. Acredito que tendo tido unanimidade j\u00e1 d\u00e1 uma abertura para que essa queda se mantenha nas pr\u00f3ximas decis\u00f5es. Mencionaram muito bem o <a class=\"suno-keyword\" target=\"_blank\" data-force=\"no\" data-priority=\"2\" href=\"https:\/\/www.suno.com.br\/artigos\/boletim-focus\/\" rel=\"noopener\">boletim Focus<\/a> em rela\u00e7\u00e3o \u00e0 expectativa de infla\u00e7\u00e3o para 2023, 2024, 2025.<\/p>\n\n\n\n<p>Para amanh\u00e3, n\u00e3o vejo que a decis\u00e3o do Copom possa provocar impactos fortes no Ibovespa. Pode pesar muito mais aqui o mercado l\u00e1 fora com uma posi\u00e7\u00e3o mais hawkish do Powell nos Estados Unidos do que a decis\u00e3o do Copom. No Brasil, o mercado j\u00e1 esperava essa queda e o mercado aqui ficou em alta, descolado l\u00e1 de fora. Devolveu um pouco os ganhos ap\u00f3s o Fomc, mas fechou ainda assim em alta.<\/p>\n\n\n\n<p>Raphael Vieira, co-head de Investimentos da Arton Advisors, concorda que &#8220;o ciclo de afrouxamento monet\u00e1rio seguir\u00e1 no mesmo passo ao longo das pr\u00f3ximas reuni\u00f5es.&#8221;<\/p>\n\n\n\n<p>O comunicado do Copom, lembra ele, veio muito em linha com as expectativas do mercado e houve um componente interessante de unanimidade tanto na decis\u00e3o por reduzir como de possivelmente manter o passo para as pr\u00f3ximas reuni\u00f5es. &#8220;O Banco Central refor\u00e7ou a import\u00e2ncia de se perseguir as metas fiscais e vai observar o conjunto de dados ao longo dos pr\u00f3ximos meses para avaliar se esse ritmo de redu\u00e7\u00e3o poderia ser pass\u00edvel de mudan\u00e7a. O Banco Central chamou aten\u00e7\u00e3o para um ambiente global mais incerto com menor crescimento projetado para a China e eleva\u00e7\u00e3o dos juros nos EUA.&#8221;<\/p>\n\n\n\n<p>Vieira acrescenta: &#8220;O mercado j\u00e1 havia precificado 99% de chance de corte de 0,50% da Selic, o que pode trazer ainda mais convic\u00e7\u00e3o para a precifica\u00e7\u00e3o dos juros \u00e9 o fato de agora a decis\u00e3o ser unanime entre os membros do <strong>Copom<\/strong>.&#8221;<\/p>\n\n\n\n<h2 class=\"wp-block-heading\">Corte da Selic aponta mercado de cr\u00e9dito com menor press\u00e3o, avalia presidente da Febraban<\/h2>\n\n\n\n<p>O presidente da Federa\u00e7\u00e3o Brasileira de Bancos (Febraban), Isaac Sidney, afirmou que a redu\u00e7\u00e3o da taxa Selic em 0,5 ponto porcentual, para 12,75% ao ano, decidida nesta quarta-feira, 20, pelo Copom, traz sinais positivos para a economia do Pa\u00eds, para as fam\u00edlias e para as empresas. Segundo ele, o corte indica um mercado de cr\u00e9dito menos pressionado \u00e0 frente.<\/p>\n\n\n\n<p>&#8220;A segunda queda consecutiva da Selic, agora em decis\u00e3o un\u00e2nime do Copom, representa um est\u00edmulo importante para as fam\u00edlias, empresas e agentes econ\u00f4micos, ao apontar para um mercado de cr\u00e9dito com menor press\u00e3o das condi\u00e7\u00f5es financeiras e da inadimpl\u00eancia&#8221;, disse Sidney em nota.<\/p>\n\n\n\n<p>O presidente da Febraban afirmou ainda que o ciclo de restri\u00e7\u00e3o monet\u00e1ria que come\u00e7a a ser revertido levou a um &#8220;gradual e consistente&#8221; processo de desinfla\u00e7\u00e3o na economia brasileira.<\/p>\n\n\n\n<p>Logo ap\u00f3s o Copom divulgar a decis\u00e3o de corte da Selic, Caixa e Banco do Brasil anunciaram a redu\u00e7\u00e3o dos juros de uma s\u00e9rie de linhas de cr\u00e9dito para pessoas f\u00edsicas e jur\u00eddicas. O Bradesco informou que avalia o cen\u00e1rio. Outros bancos privados ainda n\u00e3o informaram se far\u00e3o movimento similar.<\/p>\n\n\n\n<h2 class=\"wp-block-heading\">Queda da Selic barateia pouco cr\u00e9dito e presta\u00e7\u00f5es, diz Anefac<\/h2>\n\n\n\n<p>A redu\u00e7\u00e3o da taxa Selic (juros b\u00e1sicos da economia) para 12,75% ao ano, decidida hoje (20) pelo Banco Central, baratear\u00e1 pouco o cr\u00e9dito e as presta\u00e7\u00f5es, segundo a Associa\u00e7\u00e3o Nacional dos Executivos de Finan\u00e7as, Administra\u00e7\u00e3o e Contabilidade (Anefac). Com o impacto na ponta final dilu\u00eddo, por causa da diferen\u00e7a muito grande entre a taxa b\u00e1sica e os juros efetivos de prazo mais longo, o tomador de novos empr\u00e9stimos sentir\u00e1 pouco os efeitos do afrouxamento monet\u00e1rio.<img decoding=\"async\" style=\"width: 1px; height: 1px;\" src=\"https:\/\/agenciabrasil.ebc.com.br\/ebc.png?id=1556675&amp;o=rss\"><img decoding=\"async\" style=\"width: 1px; height: 1px;\" src=\"https:\/\/agenciabrasil.ebc.com.br\/ebc.gif?id=1556675&amp;o=rss\"><\/p>\n\n\n\n<p>Segundo a Anefac, o juro m\u00e9dio para as pessoas f\u00edsicas passar\u00e1 de 124,76% para 123,75% ao ano. Para as pessoas jur\u00eddicas, a taxa m\u00e9dia sair\u00e1 de 60,97% para 60,23% ao ano. A Selic passou de 13,25% para 12,75% ao ano.<\/p>\n\n\n\n<p>No financiamento de uma geladeira de R$ 1,5 mil em 12 presta\u00e7\u00f5es, o comprador desembolsar\u00e1 R$ 0,39 a menos por presta\u00e7\u00e3o e R$ 4,65 a menos no valor final com a nova taxa Selic. O cliente que entra no cheque especial em R$ 1 mil por 20 dias pagar\u00e1 R$ 0,27 a menos.<\/p>\n\n\n\n<p>Na utiliza\u00e7\u00e3o de R$ 3 mil do rotativo do cart\u00e3o de cr\u00e9dito por 30 dias, o cliente gastar\u00e1 R$ 1,20 a menos. Um empr\u00e9stimo pessoal de R$ 5 mil por 12 meses cobrar\u00e1 R$ 1,24 a menos por presta\u00e7\u00e3o e R$ 14,87 a menos ap\u00f3s o pagamento da \u00faltima parcela.<\/p>\n\n\n\n<p>Um empr\u00e9stimo de R$ 3 mil em 12 meses em uma financeira sair\u00e1 R$ 0,81 mais barato por presta\u00e7\u00e3o e R$ 9,71 mais barato no total. No financiamento de um autom\u00f3vel de R$ 40 mil por 60 meses, o comprador pagar\u00e1 R$ 11,31 a menos por parcela e R$ 678,30 a menos no total da opera\u00e7\u00e3o.<\/p>\n\n\n\n<p>Em rela\u00e7\u00e3o \u00e0s pessoas jur\u00eddicas, as empresas pagar\u00e3o R$ 62,61 a menos por um empr\u00e9stimo de capital de giro de R$ 50 mil por 90 dias, R$ 24,95 a menos pelo desconto de R$ 20 mil em duplicatas por 90 dias e R$ 2,67 a menos pela utiliza\u00e7\u00e3o de conta garantida no valor de R$ 10 mil por 20 dias.<\/p>\n\n\n\n<h2 class=\"wp-block-heading\">Poupan\u00e7a<\/h2>\n\n\n\n<p>A Anefac tamb\u00e9m produziu uma simula\u00e7\u00e3o sobre o impacto da nova taxa Selic sobre os rendimentos da poupan\u00e7a. Com a taxa de 12,75% ao ano, a caderneta s\u00f3 rende mais que os fundos de investimento quando o prazo da aplica\u00e7\u00e3o \u00e9 curto e a taxa de administra\u00e7\u00e3o cobrada pelos fundos \u00e9 alta.<\/p>\n\n\n\n<p>Segundo as simula\u00e7\u00f5es, a poupan\u00e7a rende mais que os fundos em apenas dois cen\u00e1rios, com aplica\u00e7\u00e3o de at\u00e9 dois anos em rela\u00e7\u00e3o a fundos com taxa de 3% ao ano e aplica\u00e7\u00e3o de at\u00e9 seis meses em rela\u00e7\u00e3o quando o fundo tem taxa de administra\u00e7\u00e3o de 2,5% ao ano.<\/p>\n\n\n\n<p>Na compara\u00e7\u00e3o com fundos com taxa de administra\u00e7\u00e3o de 2,5% ao ano, a poupan\u00e7a rende o mesmo quando o dinheiro ficar aplicado entre seis meses e um ano.<\/p>\n\n\n\n<p>A vantagem dos fundos ocorre mesmo com a cobran\u00e7a de Imposto de Renda e de taxa de administra\u00e7\u00e3o. Isso porque a poupan\u00e7a, apesar de ser isenta de tributos, rende apenas 6,17% ao ano (0,5% ao m\u00eas) mais a Taxa Referencial (TR), que aumenta quando a Selic sobe. Esse rendimento da poupan\u00e7a \u00e9 aplicado quando a Selic est\u00e1 acima de 8,5% ao ano, o que ocorre desde dezembro de 2021.<\/p>\n\n\n\n<h2 class=\"wp-block-heading\">CNI: Decis\u00e3o foi acertada e expectativa \u00e9 de novos cortes na Selic nas pr\u00f3ximas reuni\u00f5es<\/h2>\n\n\n\n<p>A decis\u00e3o do Comit\u00ea de Pol\u00edtica Monet\u00e1ria (Copom) de reduzir a taxa de juros Selic em 0,50 ponto porcentual foi considerada &#8220;acertada&#8221; pela Confedera\u00e7\u00e3o Nacional da Ind\u00fastria (CNI). A expectativa da ind\u00fastria, segundo a entidade, \u00e9 de que sejam realizados novos cortes nas pr\u00f3ximas reuni\u00f5es, \u00e0 medida que o cen\u00e1rio de controle da infla\u00e7\u00e3o continue&#8221;.<\/p>\n\n\n\n<p>Para o presidente da CNI, Robson de Andrade, a decis\u00e3o do BC evita preju\u00edzos adicionais para o mercado de cr\u00e9dito e para a atividade econ\u00f4mica. &#8220;\u00c9 preciso reverter o quadro negativo de concess\u00e3o de cr\u00e9dito \u00e0s empresas. Nos primeiros sete meses do ano, o cr\u00e9dito recuou 5%, na compara\u00e7\u00e3o com o mesmo per\u00edodo do ano passado&#8221;, afirma Andrade. &#8220;A redu\u00e7\u00e3o da Selic \u00e9 necess\u00e1ria, n\u00e3o compromete o processo de combate \u00e0 infla\u00e7\u00e3o e evita mais restri\u00e7\u00f5es \u00e0 atividade industrial&#8221;, completa o presidente da CNI.<\/p>\n\n\n\n<p>A entidade destaca que os dados do PIB nos dois primeiros trimestres de 2023 indicam desacelera\u00e7\u00e3o da economia. &#8220;A produ\u00e7\u00e3o industrial de bens de capital caiu 16,9% em julho de 2023 na compara\u00e7\u00e3o com julho de 2022 e, na mesma base de compara\u00e7\u00e3o, a produ\u00e7\u00e3o de bens de consumo caiu 0,7%, o que coloca em d\u00favida a manuten\u00e7\u00e3o do ritmo de crescimento da atividade econ\u00f4mica nos pr\u00f3ximos meses.&#8221;<\/p>\n\n\n\n<h2 class=\"wp-block-heading\">Durigan: Recebemos de maneira muito positiva a decis\u00e3o e o comunicado do Copom<\/h2>\n\n\n\n<p>O secret\u00e1rio-executivo do Minist\u00e9rio da Fazenda, Dario Durigan, disse nesta quarta-feira, 20, que a Pasta recebeu de forma muito positiva o corte na taxa de juros e a sinaliza\u00e7\u00e3o de novas redu\u00e7\u00f5es no comunicado do Comit\u00ea de Pol\u00edtica Monet\u00e1ria (Copom) do Banco Central. Em reuni\u00e3o nesta quarta-feira, 20, o Copom promoveu um novo corte de 0,50 ponto porcentual na Selic, que passou de 13,25% para 12,75%. Al\u00e9m disso, indicou novos cortes na mesma magnitude na pr\u00f3xima reuni\u00e3o, caso haja confirma\u00e7\u00e3o do cen\u00e1rio esperado.<\/p>\n\n\n\n<p>&#8220;A gente recebeu aqui de maneira muito positiva a decis\u00e3o e o comunicado do Copom, por unanimidade e com uma diferen\u00e7a em rela\u00e7\u00e3o \u00e0 decis\u00e3o anterior, de manter a queda na taxa de juros, t\u00e3o importante para manter o crescimento sustent\u00e1vel do Pa\u00eds, e com a sinaliza\u00e7\u00e3o de que essa queda de 0,5 pp vai seguir nas pr\u00f3ximas reuni\u00f5es, com unanimidade&#8221;, disse o secret\u00e1rio.<\/p>\n\n\n\n<p>A decis\u00e3o de reduzir a Selic foi a segunda neste ciclo, e manteve o passo de agosto com o corte de 0,50 pp. Na ocasi\u00e3o, a decis\u00e3o sobre a magnitude do corte foi dividida, e coube ao presidente do BC, Roberto Campos Neto, o voto de minerva pela redu\u00e7\u00e3o maior na Selic.<\/p>\n\n\n\n<p>O colegiado, ainda em agosto, j\u00e1 havia indicado com unanimidade a tend\u00eancia de redu\u00e7\u00e3o de 0,50 pp na taxa b\u00e1sica de juros nesta reuni\u00e3o. A tend\u00eancia foi reiterada neste comunicado e o Copom avaliou como apropriado que o ciclo de afrouxamento da taxa Selic ocorra no ritmo de 0,50 ponto porcentual &#8220;nas pr\u00f3ximas reuni\u00f5es&#8221;, com a sinaliza\u00e7\u00e3o un\u00e2nime entre os nove componentes da diretoria do BC, incluindo Campos Neto.<\/p>\n\n\n\n<p>A avalia\u00e7\u00e3o de Durigan \u00e9 que a mensagem do Banco Central d\u00e1 uma &#8220;tranquilidade grande&#8221; para o mercado e \u00e9 uma sinaliza\u00e7\u00e3o recebida de maneira positiva pela equipe da Fazenda. &#8220;Esperamos seguir fazendo o nosso esfor\u00e7o, harmonizando a pol\u00edtica fiscal, para que a pol\u00edtica monet\u00e1ria siga nessa tend\u00eancia, que \u00e9 muito positiva para o Pa\u00eds&#8221;, afirmou.<\/p>\n\n\n\n<p>A men\u00e7\u00e3o \u00e0 pol\u00edtica fiscal feita por Durigan est\u00e1 relacionada ao par\u00e1grafo do comunicado de hoje que destacou a import\u00e2ncia de o governo cumprir as metas de resultado prim\u00e1rio j\u00e1 estabelecidas. A equipe econ\u00f4mica se comprometeu a entregar uma meta de resultado prim\u00e1rio neutra em 2024, o que causa d\u00favidas no mercado sobre a capacidade de cumprimento.<\/p>\n\n\n\n<p>O comunicado do <strong>Copom <\/strong>destacou a rela\u00e7\u00e3o entre esse objetivo e a reancoragem das expectativas de infla\u00e7\u00e3o em prazos mais longos. &#8220;Tendo em conta a import\u00e2ncia da execu\u00e7\u00e3o das metas fiscais j\u00e1 estabelecidas para a ancoragem das expectativas de infla\u00e7\u00e3o e, consequentemente, para a condu\u00e7\u00e3o da pol\u00edtica monet\u00e1ria, o Comit\u00ea refor\u00e7a a import\u00e2ncia da firme persecu\u00e7\u00e3o dessas metas&#8221;, destacou o comunicado.<\/p>\n\n\n\n<p><em>Com Ag\u00eancia Brasil e Estad\u00e3o Conte\u00fado<\/em><\/p>\n\n\n\t<p>\n\t\t<a href=\"https:\/\/lp.suno.com.br\/planilha-da-vida-financeira\/\" target=\"_blank\" data-element=\"shortcode-suno-banner\" title=\"Banner SUNO, clique e saiba mais\">\n\t\t\t<picture>\n\t\t\t\t<source media=\"(max-width: 500px)\" srcset=\"https:\/\/files.sunoresearch.com.br\/n\/uploads\/2023\/04\/400x300-Planilha-vida-financeira-true.png\">\n\t\t\t\t<img class=\"newsContent__article__imgCapa newsContent__article__imgCapa--banner\"\n\t\t\t\t\tsrc=\"https:\/\/files.sunoresearch.com.br\/n\/uploads\/2023\/04\/1420x240-Planilha-vida-financeira-true.png\"\n\t\t\t\t\tdata-promo-id=\"383123\"\t\t\t\t\t\t\t\t\t\twidth='1420' height='240'\t\t\t\t\talt=\"https:\/\/files.sunoresearch.com.br\/n\/uploads\/2023\/04\/1420x240-Planilha-vida-financeira-true.png\"\n\t\t\t\t>\n\t\t\t<\/picture>\n\t\t<\/a>\n\t<\/p>\n\n\n","protected":false},"excerpt":{"rendered":"<p>O comportamento dos pre\u00e7os fez o Banco Central (BC) cortar os juros pela segunda vez no semestre. Por unanimidade, o Comit\u00ea de Pol\u00edtica Monet\u00e1ria (Copom) reduziu a taxa Selic, juros b\u00e1sicos da economia, em 0,5 ponto percentual, para 12,75% ao ano. A decis\u00e3o era esperada pelos analistas financeiros, que estavam de olho no comunicado do [&hellip;]<\/p>\n","protected":false},"author":98,"featured_media":200420,"comment_status":"closed","ping_status":"closed","sticky":false,"template":"","format":"standard","meta":[],"categories":[62],"tags":[1842,1104,290],"suno_strategy":[],"class_list":["post-459500","post","type-post","status-publish","format-standard","has-post-thumbnail","hentry","category-economia","tag-banco-central-bc","tag-copom","tag-taxa-selic"],"yoast_head":"<!-- This site is optimized with the Yoast SEO plugin v24.4 - https:\/\/yoast.com\/wordpress\/plugins\/seo\/ -->\n<title>&quot;Copom contratou mais duas quedas de 0,50 pp Selic&quot;, diz analista<\/title>\n<meta name=\"description\" content=\"O comportamento dos pre\u00e7os fez o Copom cortar os juros pela segunda vez no semestre. O que vir\u00e1 at\u00e9 o fim do ano?\" \/>\n<meta name=\"robots\" content=\"index, follow, max-snippet:-1, max-image-preview:large, max-video-preview:-1\" \/>\n<link rel=\"canonical\" href=\"https:\/\/www.suno.com.br\/noticias\/copom-corte-selic-setembro-bc-repercsussao-mal\/\" \/>\n<meta property=\"og:locale\" content=\"pt_BR\" \/>\n<meta property=\"og:type\" content=\"article\" \/>\n<meta property=\"og:title\" content=\"&quot;Copom contratou mais duas quedas de 0,50 pp Selic&quot;, diz analista\" \/>\n<meta property=\"og:description\" content=\"O comportamento dos pre\u00e7os fez o Copom cortar os juros pela segunda vez no semestre. O que vir\u00e1 at\u00e9 o fim do ano?\" \/>\n<meta property=\"og:url\" content=\"https:\/\/www.suno.com.br\/noticias\/copom-corte-selic-setembro-bc-repercsussao-mal\/\" \/>\n<meta property=\"og:site_name\" content=\"Suno Not\u00edcias\" \/>\n<meta property=\"article:publisher\" content=\"https:\/\/facebook.com\/sunoresearch\" \/>\n<meta property=\"og:image\" content=\"https:\/\/files.sunoresearch.com.br\/n\/uploads\/2021\/11\/banco_central_sede-scaled.jpg\" \/>\n\t<meta property=\"og:image:width\" content=\"2560\" \/>\n\t<meta property=\"og:image:height\" content=\"1704\" \/>\n\t<meta property=\"og:image:type\" content=\"image\/jpeg\" \/>\n<meta name=\"author\" content=\"Marco Ant\u00f4nio Lopes\" \/>\n<meta name=\"twitter:card\" content=\"summary_large_image\" \/>\n<meta name=\"twitter:creator\" content=\"@sunoresearch\" \/>\n<meta name=\"twitter:site\" content=\"@sunoresearch\" \/>\n<meta name=\"twitter:label1\" content=\"Escrito por\" \/>\n\t<meta name=\"twitter:data1\" content=\"Marco Ant\u00f4nio Lopes\" \/>\n\t<meta name=\"twitter:label2\" content=\"Est. tempo de leitura\" \/>\n\t<meta name=\"twitter:data2\" content=\"16 minutos\" \/>\n<script type=\"application\/ld+json\" class=\"yoast-schema-graph\">{\"@context\":\"https:\/\/schema.org\",\"@graph\":[{\"@type\":\"NewsArticle\",\"@id\":\"https:\/\/www.suno.com.br\/noticias\/copom-corte-selic-setembro-bc-repercsussao-mal\/#article\",\"isPartOf\":{\"@id\":\"https:\/\/www.suno.com.br\/noticias\/copom-corte-selic-setembro-bc-repercsussao-mal\/\"},\"author\":{\"name\":\"Marco Ant\u00f4nio Lopes\",\"@id\":\"https:\/\/www.suno.com.br\/noticias\/#\/schema\/person\/829bbe8d57f84333b966b96229c6bf5f\"},\"headline\":\"&#8220;BC contratou mais duas quedas de 0,50 pp da Selic&#8221;; veja repercuss\u00e3o ao Copom\",\"datePublished\":\"2023-09-20T22:41:28+00:00\",\"dateModified\":\"2023-09-21T02:43:41+00:00\",\"mainEntityOfPage\":{\"@id\":\"https:\/\/www.suno.com.br\/noticias\/copom-corte-selic-setembro-bc-repercsussao-mal\/\"},\"wordCount\":3080,\"publisher\":{\"@id\":\"https:\/\/www.suno.com.br\/noticias\/#organization\"},\"image\":{\"@id\":\"https:\/\/www.suno.com.br\/noticias\/copom-corte-selic-setembro-bc-repercsussao-mal\/#primaryimage\"},\"thumbnailUrl\":\"https:\/\/files.sunoresearch.com.br\/n\/uploads\/2021\/11\/banco_central_sede-scaled.jpg\",\"keywords\":[\"Banco Central (BC)\",\"Copom\",\"Taxa Selic\"],\"articleSection\":[\"Economia\"],\"inLanguage\":\"pt-BR\"},{\"@type\":\"WebPage\",\"@id\":\"https:\/\/www.suno.com.br\/noticias\/copom-corte-selic-setembro-bc-repercsussao-mal\/\",\"url\":\"https:\/\/www.suno.com.br\/noticias\/copom-corte-selic-setembro-bc-repercsussao-mal\/\",\"name\":\"\\\"Copom contratou mais duas quedas de 0,50 pp Selic\\\", diz analista\",\"isPartOf\":{\"@id\":\"https:\/\/www.suno.com.br\/noticias\/#website\"},\"primaryImageOfPage\":{\"@id\":\"https:\/\/www.suno.com.br\/noticias\/copom-corte-selic-setembro-bc-repercsussao-mal\/#primaryimage\"},\"image\":{\"@id\":\"https:\/\/www.suno.com.br\/noticias\/copom-corte-selic-setembro-bc-repercsussao-mal\/#primaryimage\"},\"thumbnailUrl\":\"https:\/\/files.sunoresearch.com.br\/n\/uploads\/2021\/11\/banco_central_sede-scaled.jpg\",\"datePublished\":\"2023-09-20T22:41:28+00:00\",\"dateModified\":\"2023-09-21T02:43:41+00:00\",\"description\":\"O comportamento dos pre\u00e7os fez o Copom cortar os juros pela segunda vez no semestre. O que vir\u00e1 at\u00e9 o fim do ano?\",\"breadcrumb\":{\"@id\":\"https:\/\/www.suno.com.br\/noticias\/copom-corte-selic-setembro-bc-repercsussao-mal\/#breadcrumb\"},\"inLanguage\":\"pt-BR\",\"potentialAction\":[{\"@type\":\"ReadAction\",\"target\":[\"https:\/\/www.suno.com.br\/noticias\/copom-corte-selic-setembro-bc-repercsussao-mal\/\"]}]},{\"@type\":\"ImageObject\",\"inLanguage\":\"pt-BR\",\"@id\":\"https:\/\/www.suno.com.br\/noticias\/copom-corte-selic-setembro-bc-repercsussao-mal\/#primaryimage\",\"url\":\"https:\/\/files.sunoresearch.com.br\/n\/uploads\/2021\/11\/banco_central_sede-scaled.jpg\",\"contentUrl\":\"https:\/\/files.sunoresearch.com.br\/n\/uploads\/2021\/11\/banco_central_sede-scaled.jpg\",\"width\":2560,\"height\":1704,\"caption\":\"Ata do Copom. Foto: Marcello Casal Jr.\/Ag\u00eancia Brasil\"},{\"@type\":\"BreadcrumbList\",\"@id\":\"https:\/\/www.suno.com.br\/noticias\/copom-corte-selic-setembro-bc-repercsussao-mal\/#breadcrumb\",\"itemListElement\":[{\"@type\":\"ListItem\",\"position\":1,\"name\":\"Not\u00edcias\",\"item\":\"https:\/\/www.suno.com.br\/noticias\/\"},{\"@type\":\"ListItem\",\"position\":2,\"name\":\"Economia\",\"item\":\"https:\/\/www.suno.com.br\/noticias\/economia\/\"},{\"@type\":\"ListItem\",\"position\":3,\"name\":\"&#8220;BC contratou mais duas quedas de 0,50 pp da Selic&#8221;; veja repercuss\u00e3o ao Copom\"}]},{\"@type\":\"WebSite\",\"@id\":\"https:\/\/www.suno.com.br\/noticias\/#website\",\"url\":\"https:\/\/www.suno.com.br\/noticias\/\",\"name\":\"Suno Not\u00edcias\",\"description\":\"Seu portal de informa\u00e7\u00e3o sobre o mundo dos investimentos\",\"publisher\":{\"@id\":\"https:\/\/www.suno.com.br\/noticias\/#organization\"},\"potentialAction\":[{\"@type\":\"SearchAction\",\"target\":{\"@type\":\"EntryPoint\",\"urlTemplate\":\"https:\/\/www.suno.com.br\/noticias\/?s={search_term_string}\"},\"query-input\":{\"@type\":\"PropertyValueSpecification\",\"valueRequired\":true,\"valueName\":\"search_term_string\"}}],\"inLanguage\":\"pt-BR\"},{\"@type\":\"Organization\",\"@id\":\"https:\/\/www.suno.com.br\/noticias\/#organization\",\"name\":\"Suno Not\u00edcias\",\"url\":\"https:\/\/www.suno.com.br\/noticias\/\",\"logo\":{\"@type\":\"ImageObject\",\"inLanguage\":\"pt-BR\",\"@id\":\"https:\/\/www.suno.com.br\/noticias\/#\/schema\/logo\/image\/\",\"url\":\"https:\/\/files.sunoresearch.com.br\/n\/uploads\/2021\/09\/suno-logo.png\",\"contentUrl\":\"https:\/\/files.sunoresearch.com.br\/n\/uploads\/2021\/09\/suno-logo.png\",\"width\":180,\"height\":180,\"caption\":\"Suno Not\u00edcias\"},\"image\":{\"@id\":\"https:\/\/www.suno.com.br\/noticias\/#\/schema\/logo\/image\/\"},\"sameAs\":[\"https:\/\/facebook.com\/sunoresearch\",\"https:\/\/x.com\/sunoresearch\",\"https:\/\/www.instagram.com\/suno\",\"https:\/\/www.linkedin.com\/company\/suno-research\/\",\"https:\/\/www.youtube.com\/c\/sunoresearch\"]},{\"@type\":\"Person\",\"@id\":\"https:\/\/www.suno.com.br\/noticias\/#\/schema\/person\/829bbe8d57f84333b966b96229c6bf5f\",\"name\":\"Marco Ant\u00f4nio Lopes\",\"image\":{\"@type\":\"ImageObject\",\"inLanguage\":\"pt-BR\",\"@id\":\"https:\/\/www.suno.com.br\/noticias\/#\/schema\/person\/image\/\",\"url\":\"https:\/\/secure.gravatar.com\/avatar\/385167b012fbc1cde32c5446ee253313?s=96&r=g\",\"contentUrl\":\"https:\/\/secure.gravatar.com\/avatar\/385167b012fbc1cde32c5446ee253313?s=96&r=g\",\"caption\":\"Marco Ant\u00f4nio Lopes\"},\"description\":\"Jornalista, \u00e9 editor no Suno Not\u00edcias. Trabalhou nas revistas Playboy, Super, Veja Comer &amp; Beber, Homem Vogue e Universo Masculino, al\u00e9m dos portais Abril.com, R7, nas editorias de Home, Esportes, Hora 7, Entretenimento e Geral, e Eu Quero Investir. Autor do livro Bruce Lee: Definitivo (Editora Conrad). Colaborou nas revistas Nova, Veja SP, Grandes Guerras, Placar, Bizz, Casa Claudia e Quatro Rodas.\",\"url\":\"https:\/\/www.suno.com.br\/noticias\/author\/marco-lopes\/\"}]}<\/script>\n<!-- \/ Yoast SEO plugin. -->","yoast_head_json":{"title":"\"Copom contratou mais duas quedas de 0,50 pp Selic\", diz analista","description":"O comportamento dos pre\u00e7os fez o Copom cortar os juros pela segunda vez no semestre. O que vir\u00e1 at\u00e9 o fim do ano?","robots":{"index":"index","follow":"follow","max-snippet":"max-snippet:-1","max-image-preview":"max-image-preview:large","max-video-preview":"max-video-preview:-1"},"canonical":"https:\/\/www.suno.com.br\/noticias\/copom-corte-selic-setembro-bc-repercsussao-mal\/","og_locale":"pt_BR","og_type":"article","og_title":"\"Copom contratou mais duas quedas de 0,50 pp Selic\", diz analista","og_description":"O comportamento dos pre\u00e7os fez o Copom cortar os juros pela segunda vez no semestre. O que vir\u00e1 at\u00e9 o fim do ano?","og_url":"https:\/\/www.suno.com.br\/noticias\/copom-corte-selic-setembro-bc-repercsussao-mal\/","og_site_name":"Suno Not\u00edcias","article_publisher":"https:\/\/facebook.com\/sunoresearch","og_image":[{"width":2560,"height":1704,"url":"https:\/\/files.sunoresearch.com.br\/n\/uploads\/2021\/11\/banco_central_sede-scaled.jpg","type":"image\/jpeg"}],"author":"Marco Ant\u00f4nio Lopes","twitter_card":"summary_large_image","twitter_creator":"@sunoresearch","twitter_site":"@sunoresearch","twitter_misc":{"Escrito por":"Marco Ant\u00f4nio Lopes","Est. tempo de leitura":"16 minutos"},"schema":{"@context":"https:\/\/schema.org","@graph":[{"@type":"NewsArticle","@id":"https:\/\/www.suno.com.br\/noticias\/copom-corte-selic-setembro-bc-repercsussao-mal\/#article","isPartOf":{"@id":"https:\/\/www.suno.com.br\/noticias\/copom-corte-selic-setembro-bc-repercsussao-mal\/"},"author":{"name":"Marco Ant\u00f4nio Lopes","@id":"https:\/\/www.suno.com.br\/noticias\/#\/schema\/person\/829bbe8d57f84333b966b96229c6bf5f"},"headline":"&#8220;BC contratou mais duas quedas de 0,50 pp da Selic&#8221;; veja repercuss\u00e3o ao Copom","datePublished":"2023-09-20T22:41:28+00:00","dateModified":"2023-09-21T02:43:41+00:00","mainEntityOfPage":{"@id":"https:\/\/www.suno.com.br\/noticias\/copom-corte-selic-setembro-bc-repercsussao-mal\/"},"wordCount":3080,"publisher":{"@id":"https:\/\/www.suno.com.br\/noticias\/#organization"},"image":{"@id":"https:\/\/www.suno.com.br\/noticias\/copom-corte-selic-setembro-bc-repercsussao-mal\/#primaryimage"},"thumbnailUrl":"https:\/\/files.sunoresearch.com.br\/n\/uploads\/2021\/11\/banco_central_sede-scaled.jpg","keywords":["Banco Central (BC)","Copom","Taxa Selic"],"articleSection":["Economia"],"inLanguage":"pt-BR"},{"@type":"WebPage","@id":"https:\/\/www.suno.com.br\/noticias\/copom-corte-selic-setembro-bc-repercsussao-mal\/","url":"https:\/\/www.suno.com.br\/noticias\/copom-corte-selic-setembro-bc-repercsussao-mal\/","name":"\"Copom contratou mais duas quedas de 0,50 pp Selic\", diz analista","isPartOf":{"@id":"https:\/\/www.suno.com.br\/noticias\/#website"},"primaryImageOfPage":{"@id":"https:\/\/www.suno.com.br\/noticias\/copom-corte-selic-setembro-bc-repercsussao-mal\/#primaryimage"},"image":{"@id":"https:\/\/www.suno.com.br\/noticias\/copom-corte-selic-setembro-bc-repercsussao-mal\/#primaryimage"},"thumbnailUrl":"https:\/\/files.sunoresearch.com.br\/n\/uploads\/2021\/11\/banco_central_sede-scaled.jpg","datePublished":"2023-09-20T22:41:28+00:00","dateModified":"2023-09-21T02:43:41+00:00","description":"O comportamento dos pre\u00e7os fez o Copom cortar os juros pela segunda vez no semestre. O que vir\u00e1 at\u00e9 o fim do ano?","breadcrumb":{"@id":"https:\/\/www.suno.com.br\/noticias\/copom-corte-selic-setembro-bc-repercsussao-mal\/#breadcrumb"},"inLanguage":"pt-BR","potentialAction":[{"@type":"ReadAction","target":["https:\/\/www.suno.com.br\/noticias\/copom-corte-selic-setembro-bc-repercsussao-mal\/"]}]},{"@type":"ImageObject","inLanguage":"pt-BR","@id":"https:\/\/www.suno.com.br\/noticias\/copom-corte-selic-setembro-bc-repercsussao-mal\/#primaryimage","url":"https:\/\/files.sunoresearch.com.br\/n\/uploads\/2021\/11\/banco_central_sede-scaled.jpg","contentUrl":"https:\/\/files.sunoresearch.com.br\/n\/uploads\/2021\/11\/banco_central_sede-scaled.jpg","width":2560,"height":1704,"caption":"Ata do Copom. Foto: Marcello Casal Jr.\/Ag\u00eancia Brasil"},{"@type":"BreadcrumbList","@id":"https:\/\/www.suno.com.br\/noticias\/copom-corte-selic-setembro-bc-repercsussao-mal\/#breadcrumb","itemListElement":[{"@type":"ListItem","position":1,"name":"Not\u00edcias","item":"https:\/\/www.suno.com.br\/noticias\/"},{"@type":"ListItem","position":2,"name":"Economia","item":"https:\/\/www.suno.com.br\/noticias\/economia\/"},{"@type":"ListItem","position":3,"name":"&#8220;BC contratou mais duas quedas de 0,50 pp da Selic&#8221;; veja repercuss\u00e3o ao Copom"}]},{"@type":"WebSite","@id":"https:\/\/www.suno.com.br\/noticias\/#website","url":"https:\/\/www.suno.com.br\/noticias\/","name":"Suno Not\u00edcias","description":"Seu portal de informa\u00e7\u00e3o sobre o mundo dos investimentos","publisher":{"@id":"https:\/\/www.suno.com.br\/noticias\/#organization"},"potentialAction":[{"@type":"SearchAction","target":{"@type":"EntryPoint","urlTemplate":"https:\/\/www.suno.com.br\/noticias\/?s={search_term_string}"},"query-input":{"@type":"PropertyValueSpecification","valueRequired":true,"valueName":"search_term_string"}}],"inLanguage":"pt-BR"},{"@type":"Organization","@id":"https:\/\/www.suno.com.br\/noticias\/#organization","name":"Suno Not\u00edcias","url":"https:\/\/www.suno.com.br\/noticias\/","logo":{"@type":"ImageObject","inLanguage":"pt-BR","@id":"https:\/\/www.suno.com.br\/noticias\/#\/schema\/logo\/image\/","url":"https:\/\/files.sunoresearch.com.br\/n\/uploads\/2021\/09\/suno-logo.png","contentUrl":"https:\/\/files.sunoresearch.com.br\/n\/uploads\/2021\/09\/suno-logo.png","width":180,"height":180,"caption":"Suno Not\u00edcias"},"image":{"@id":"https:\/\/www.suno.com.br\/noticias\/#\/schema\/logo\/image\/"},"sameAs":["https:\/\/facebook.com\/sunoresearch","https:\/\/x.com\/sunoresearch","https:\/\/www.instagram.com\/suno","https:\/\/www.linkedin.com\/company\/suno-research\/","https:\/\/www.youtube.com\/c\/sunoresearch"]},{"@type":"Person","@id":"https:\/\/www.suno.com.br\/noticias\/#\/schema\/person\/829bbe8d57f84333b966b96229c6bf5f","name":"Marco Ant\u00f4nio Lopes","image":{"@type":"ImageObject","inLanguage":"pt-BR","@id":"https:\/\/www.suno.com.br\/noticias\/#\/schema\/person\/image\/","url":"https:\/\/secure.gravatar.com\/avatar\/385167b012fbc1cde32c5446ee253313?s=96&r=g","contentUrl":"https:\/\/secure.gravatar.com\/avatar\/385167b012fbc1cde32c5446ee253313?s=96&r=g","caption":"Marco Ant\u00f4nio Lopes"},"description":"Jornalista, \u00e9 editor no Suno Not\u00edcias. Trabalhou nas revistas Playboy, Super, Veja Comer &amp; Beber, Homem Vogue e Universo Masculino, al\u00e9m dos portais Abril.com, R7, nas editorias de Home, Esportes, Hora 7, Entretenimento e Geral, e Eu Quero Investir. Autor do livro Bruce Lee: Definitivo (Editora Conrad). Colaborou nas revistas Nova, Veja SP, Grandes Guerras, Placar, Bizz, Casa Claudia e Quatro Rodas.","url":"https:\/\/www.suno.com.br\/noticias\/author\/marco-lopes\/"}]}},"default_loop_html":"<div class=\"cardsPage__listCard__boxs\"><div class=\"cardsPage__listCard__boxs__img\"><a href=\"https:\/\/www.suno.com.br\/noticias\/copom-corte-selic-setembro-bc-repercsussao-mal\/\"><img class=\"mask\" src=\"https:\/\/www.suno.com.br\/noticias\/wp-content\/themes\/suno\/resources\/images\/spotlight\/spotlight1img\/bg-mask.png\" alt=\"Image Mask\"\/><img src=\"https:\/\/files.sunoresearch.com.br\/n\/uploads\/2021\/11\/banco_central_sede-400x200.jpg\" alt=\"&#8220;BC contratou mais duas quedas de 0,50 pp da Selic&#8221;; veja repercuss\u00e3o ao Copom\"\/><\/a><span class=\"spotlightCategory\"><a href=\"https:\/\/www.suno.com.br\/noticias\/economia\/\">Economia<\/a><\/span><\/div><div class=\"cardsPage__listCard__boxs__content\"><a href=\"https:\/\/www.suno.com.br\/noticias\/copom-corte-selic-setembro-bc-repercsussao-mal\/\"><h2 class=\"content__title\">&#8220;BC contratou mais duas quedas de 0,50 pp da Selic&#8221;; veja repercuss\u00e3o ao Copom<\/h2><\/a><div class=\"newsContent__article__meta\"><div class=\"newsContent__article__meta__authorBox\"><a href=\"https:\/\/www.suno.com.br\/noticias\/author\/giovanni-porfiriosuno-com-br\/\" class=\"authorBox__avatar noMobi\"><img src=\"https:\/\/files.sunoresearch.com.br\/n\/uploads\/2024\/05\/DSCF4115-1-1-150x150.webp\" alt=\"Giovanni Porf\u00edrio Jacomino\"><\/a><div class=\"authorBox__name\"><span>por\n\t\t\t<a href=\"https:\/\/www.suno.com.br\/noticias\/author\/giovanni-porfiriosuno-com-br\/\"><span itemprop=\"author\">Giovanni Porf\u00edrio Jacomino<\/span><\/a><\/span><time datetime=\"2023-09-20T19:41:28-03:00\" itemprop=\"datePublished\">20\/09\/2023 19:41<\/time><\/div><\/div><\/div><\/div><\/div>","single_layout":"posts","amp_enabled":true,"_links":{"self":[{"href":"https:\/\/www.suno.com.br\/noticias\/wp-json\/wp\/v2\/posts\/459500"}],"collection":[{"href":"https:\/\/www.suno.com.br\/noticias\/wp-json\/wp\/v2\/posts"}],"about":[{"href":"https:\/\/www.suno.com.br\/noticias\/wp-json\/wp\/v2\/types\/post"}],"author":[{"embeddable":true,"href":"https:\/\/www.suno.com.br\/noticias\/wp-json\/wp\/v2\/users\/98"}],"replies":[{"embeddable":true,"href":"https:\/\/www.suno.com.br\/noticias\/wp-json\/wp\/v2\/comments?post=459500"}],"version-history":[{"count":3,"href":"https:\/\/www.suno.com.br\/noticias\/wp-json\/wp\/v2\/posts\/459500\/revisions"}],"predecessor-version":[{"id":459663,"href":"https:\/\/www.suno.com.br\/noticias\/wp-json\/wp\/v2\/posts\/459500\/revisions\/459663"}],"wp:featuredmedia":[{"embeddable":true,"href":"https:\/\/www.suno.com.br\/noticias\/wp-json\/wp\/v2\/media\/200420"}],"wp:attachment":[{"href":"https:\/\/www.suno.com.br\/noticias\/wp-json\/wp\/v2\/media?parent=459500"}],"wp:term":[{"taxonomy":"category","embeddable":true,"href":"https:\/\/www.suno.com.br\/noticias\/wp-json\/wp\/v2\/categories?post=459500"},{"taxonomy":"post_tag","embeddable":true,"href":"https:\/\/www.suno.com.br\/noticias\/wp-json\/wp\/v2\/tags?post=459500"},{"taxonomy":"suno_strategy","embeddable":true,"href":"https:\/\/www.suno.com.br\/noticias\/wp-json\/wp\/v2\/suno_strategy?post=459500"}],"curies":[{"name":"wp","href":"https:\/\/api.w.org\/{rel}","templated":true}]}}