{"id":459116,"date":"2023-09-20T12:11:11","date_gmt":"2023-09-20T15:11:11","guid":{"rendered":"https:\/\/www.suno.com.br\/noticias\/?p=459116"},"modified":"2023-09-20T12:11:15","modified_gmt":"2023-09-20T15:11:15","slug":"gripe-aviaria-japao-frango-ms-ministerio-agricultura-evm","status":"publish","type":"post","link":"https:\/\/www.suno.com.br\/noticias\/gripe-aviaria-japao-frango-ms-ministerio-agricultura-evm\/","title":{"rendered":"Gripe Avi\u00e1ria: Minist\u00e9rio da Agricultura confirma suspens\u00e3o do Jap\u00e3o a frango de MS"},"content":{"rendered":"<p>O Minist\u00e9rio da Agricultura confirmou a suspens\u00e3o tempor\u00e1ria do Jap\u00e3o sobre a importa\u00e7\u00e3o de produtos av\u00edcolas de Mato Grosso do Sul. A decis\u00e3o foi tomada ap\u00f3s a detec\u00e7\u00e3o de um caso de <a href=\"https:\/\/www.suno.com.br\/noticias\/gripe-aviaria-sao-paulo-decreta-emergencia-cpf\/\" target=\"_blank\" rel=\"noreferrer noopener\"><strong>gripe avi\u00e1ria<\/strong><\/a> em cria\u00e7\u00e3o dom\u00e9stica na cidade de Bonito (MS). <\/p>\t<div class=\"wrapper-featured-image\">\n\t\t<figure class=\"spotlightImg\">\n\n\t\t\t<picture>\n\t\t\t\t<source media=\"(max-width: 768px)\" srcset=\"https:\/\/files.sunoresearch.com.br\/n\/uploads\/2023\/07\/gripe-aviaria-400x200.jpg\">\n\t\t\t\t<img loading=\"lazy\" decoding=\"async\" class=\"newsContent__article__imgCapa lazyloadDisabled \" src=\"https:\/\/files.sunoresearch.com.br\/n\/uploads\/2023\/07\/gripe-aviaria-800x450.jpg\" width=\"800\" height=\"450\" alt=\"Gripe Avi\u00e1ria: Minist\u00e9rio da Agricultura confirma suspens\u00e3o do Jap\u00e3o a frango de MS\" fetchpriority=high \/>\n\t\t\t<\/picture>\n\n\t\t\t<figcaption class=\"wp-caption-text wp-caption-text--show\">Gripe avi\u00e1ria - Foto: Ag\u00eancia Brasil<\/figcaption>\n\t\t<\/figure>\n\t<\/div>\n\n\n\n\n\n\t<p>\n\t\t<a href=\"\" target=\"_blank\" data-element=\"shortcode-suno-banner\" title=\"Banner SUNO, clique e saiba mais\">\n\t\t\t<picture>\n\t\t\t\t<source media=\"(max-width: 500px)\" srcset=\"\">\n\t\t\t\t<img class=\"newsContent__article__imgCapa newsContent__article__imgCapa--banner\"\n\t\t\t\t\tsrc=\"\"\n\t\t\t\t\tdata-promo-id=\"240038\"\t\t\t\t\t\t\t\t\t\t\t\t\t\t\talt=\"\"\n\t\t\t\t>\n\t\t\t<\/picture>\n\t\t<\/a>\n\t<\/p>\n\n\n\n\n\n\n\n<p>Em nota \u00e0 imprensa, a pasta disse que foi notificada na ter\u00e7a-feira (19) pelas autoridades japonesas sobre o embargo tempor\u00e1rio em rela\u00e7\u00e3o a ovos, aves vivas, carne de aves e seus subprodutos do Estado por conta do <strong>caso de gripe avi\u00e1ria<\/strong>.<\/p>\n\n\n\n<p>&#8220;A comercializa\u00e7\u00e3o com os demais estados continua normalmente&#8221;, esclareceu o minist\u00e9rio, em nota.<\/p>\n\n\n\n<p>A medida foi informada pelo <strong><a href=\"https:\/\/www.suno.com.br\/noticias\/gripe-aviaria-influenza-casos-parana\/\">Minist\u00e9rio da Agricultura<\/a><\/strong>, Florestas e Pesca do Jap\u00e3o (MAF) em comunicado de imprensa divulgado \u00e0s 11 horas da ter\u00e7a-feira (19). <\/p>\n\n\n\n<p>No comunicado, o governo japon\u00eas diz que a suspens\u00e3o foi adotada como medida &#8220;para evitar a entrada da doen\u00e7a&#8221; no pa\u00eds.<\/p>\n\n\n\n<p>Segundo o Minist\u00e9rio da Agricultura, <strong>Mato Grosso do Sul<\/strong> exporta ao Jap\u00e3o 18,4% de sua produ\u00e7\u00e3o de carne de frango in natura, com base em dados do sistema de estat\u00edsticas de Com\u00e9rcio Exterior do Agroneg\u00f3cio Brasileiro (Agrostat).<\/p>\n\n\n\n<p>&#8220;As medidas sanit\u00e1rias est\u00e3o sendo aplicadas pelo Servi\u00e7o Veterin\u00e1rio Oficial para conten\u00e7\u00e3o e erradica\u00e7\u00e3o do foco, bem como est\u00e3o sendo intensificadas as a\u00e7\u00f5es de vigil\u00e2ncia em popula\u00e7\u00f5es de aves dom\u00e9sticas na regi\u00e3o. N\u00e3o h\u00e1 estabelecimentos av\u00edcolas industriais nas \u00e1reas de risco epidemiol\u00f3gico ao redor do foco&#8221;, acrescentou a pasta.<\/p>\n\n\n\n<p>O minist\u00e9rio informa que at\u00e9 o momento n\u00e3o h\u00e1 nenhum foco da doen\u00e7a confirmado em plantel comercial no Pa\u00eds. <\/p>\n\n\n\n<p>&#8220;Desta forma, o pa\u00eds segue com status livre de <strong>gripe avi\u00e1ria<\/strong> de alta patogenicidade perante a Organiza\u00e7\u00e3o Mundial de Sa\u00fade Animal (OMSA)&#8221;, concluiu a pasta na nota.<\/p>\n\n\n\n<p>Com Estad\u00e3o Conte\u00fado<\/p>\n\n\n\t<p>\n\t\t<a href=\"https:\/\/lp.suno.com.br\/ebook-gratuito-investindo-no-exterior\/\" target=\"_blank\" data-element=\"shortcode-suno-banner\" title=\"Banner SUNO, clique e saiba mais\">\n\t\t\t<picture>\n\t\t\t\t<source media=\"(max-width: 500px)\" srcset=\"https:\/\/files.sunoresearch.com.br\/n\/uploads\/2023\/03\/400x300-Investindo-no-exterior.png\">\n\t\t\t\t<img class=\"newsContent__article__imgCapa newsContent__article__imgCapa--banner\"\n\t\t\t\t\tsrc=\"https:\/\/files.sunoresearch.com.br\/n\/uploads\/2023\/03\/1420x240-Investindo-no-exterior.png\"\n\t\t\t\t\tdata-promo-id=\"383161\"\t\t\t\t\t\t\t\t\t\twidth='1420' height='240'\t\t\t\t\talt=\"https:\/\/files.sunoresearch.com.br\/n\/uploads\/2023\/03\/1420x240-Investindo-no-exterior.png\"\n\t\t\t\t>\n\t\t\t<\/picture>\n\t\t<\/a>\n\t<\/p>\n\n\n","protected":false},"excerpt":{"rendered":"<p>O Minist\u00e9rio da Agricultura confirmou a suspens\u00e3o tempor\u00e1ria do Jap\u00e3o sobre a importa\u00e7\u00e3o de produtos av\u00edcolas de Mato Grosso do Sul. A decis\u00e3o foi tomada ap\u00f3s a detec\u00e7\u00e3o de um caso de gripe avi\u00e1ria em cria\u00e7\u00e3o dom\u00e9stica na cidade de Bonito (MS). Gripe avi\u00e1ria &#8211; Foto: Ag\u00eancia Brasil Em nota \u00e0 imprensa, a pasta disse [&hellip;]<\/p>\n","protected":false},"author":73,"featured_media":429945,"comment_status":"closed","ping_status":"closed","sticky":false,"template":"","format":"standard","meta":[],"categories":[62],"tags":[106444,1122],"suno_strategy":[],"class_list":["post-459116","post","type-post","status-publish","format-standard","has-post-thumbnail","hentry","category-economia","tag-agencias","tag-ministerio-da-agricultura"],"yoast_head":"<!-- This site is optimized with the Yoast SEO plugin v24.4 - https:\/\/yoast.com\/wordpress\/plugins\/seo\/ -->\n<title>Gripe Avi\u00e1ria: Minist\u00e9rio da Agricultura confirma suspens\u00e3o do Jap\u00e3o a frango de MS<\/title>\n<meta name=\"description\" content=\"O Jap\u00e3o realizou embargo tempor\u00e1rio em rela\u00e7\u00e3o a ovos, aves vivas, carne de aves e subprodutos do Estado por conta do caso de gripe avi\u00e1ria\" \/>\n<meta name=\"robots\" content=\"index, follow, max-snippet:-1, max-image-preview:large, max-video-preview:-1\" \/>\n<link rel=\"canonical\" href=\"https:\/\/www.suno.com.br\/noticias\/gripe-aviaria-japao-frango-ms-ministerio-agricultura-evm\/\" \/>\n<meta property=\"og:locale\" content=\"pt_BR\" \/>\n<meta property=\"og:type\" content=\"article\" \/>\n<meta property=\"og:title\" content=\"Gripe Avi\u00e1ria: Minist\u00e9rio da Agricultura confirma suspens\u00e3o do Jap\u00e3o a frango de MS\" \/>\n<meta property=\"og:description\" content=\"O Jap\u00e3o realizou embargo tempor\u00e1rio em rela\u00e7\u00e3o a ovos, aves vivas, carne de aves e subprodutos do Estado por conta do caso de gripe avi\u00e1ria\" \/>\n<meta property=\"og:url\" content=\"https:\/\/www.suno.com.br\/noticias\/gripe-aviaria-japao-frango-ms-ministerio-agricultura-evm\/\" \/>\n<meta property=\"og:site_name\" content=\"Suno Not\u00edcias\" \/>\n<meta property=\"article:publisher\" content=\"https:\/\/facebook.com\/sunoresearch\" \/>\n<meta property=\"og:image\" content=\"https:\/\/files.sunoresearch.com.br\/n\/uploads\/2023\/07\/gripe-aviaria.jpg\" \/>\n\t<meta property=\"og:image:width\" content=\"1396\" \/>\n\t<meta property=\"og:image:height\" content=\"835\" \/>\n\t<meta property=\"og:image:type\" content=\"image\/jpeg\" \/>\n<meta name=\"author\" content=\"Eduardo Vargas\" \/>\n<meta name=\"twitter:card\" content=\"summary_large_image\" \/>\n<meta name=\"twitter:creator\" content=\"@sunoresearch\" \/>\n<meta name=\"twitter:site\" content=\"@sunoresearch\" \/>\n<meta name=\"twitter:label1\" content=\"Escrito por\" \/>\n\t<meta name=\"twitter:data1\" content=\"Eduardo Vargas\" \/>\n\t<meta name=\"twitter:label2\" content=\"Est. tempo de leitura\" \/>\n\t<meta name=\"twitter:data2\" content=\"2 minutos\" \/>\n<script type=\"application\/ld+json\" class=\"yoast-schema-graph\">{\"@context\":\"https:\/\/schema.org\",\"@graph\":[{\"@type\":\"NewsArticle\",\"@id\":\"https:\/\/www.suno.com.br\/noticias\/gripe-aviaria-japao-frango-ms-ministerio-agricultura-evm\/#article\",\"isPartOf\":{\"@id\":\"https:\/\/www.suno.com.br\/noticias\/gripe-aviaria-japao-frango-ms-ministerio-agricultura-evm\/\"},\"author\":{\"name\":\"Eduardo Vargas\",\"@id\":\"https:\/\/www.suno.com.br\/noticias\/#\/schema\/person\/7f4d362bf3518e76090143ae77bb49a5\"},\"headline\":\"Gripe Avi\u00e1ria: Minist\u00e9rio da Agricultura confirma suspens\u00e3o do Jap\u00e3o a frango de MS\",\"datePublished\":\"2023-09-20T15:11:11+00:00\",\"dateModified\":\"2023-09-20T15:11:15+00:00\",\"mainEntityOfPage\":{\"@id\":\"https:\/\/www.suno.com.br\/noticias\/gripe-aviaria-japao-frango-ms-ministerio-agricultura-evm\/\"},\"wordCount\":351,\"publisher\":{\"@id\":\"https:\/\/www.suno.com.br\/noticias\/#organization\"},\"image\":{\"@id\":\"https:\/\/www.suno.com.br\/noticias\/gripe-aviaria-japao-frango-ms-ministerio-agricultura-evm\/#primaryimage\"},\"thumbnailUrl\":\"https:\/\/files.sunoresearch.com.br\/n\/uploads\/2023\/07\/gripe-aviaria.jpg\",\"keywords\":[\"Ag\u00eancias\",\"Minist\u00e9rio da Agricultura\"],\"articleSection\":[\"Economia\"],\"inLanguage\":\"pt-BR\"},{\"@type\":\"WebPage\",\"@id\":\"https:\/\/www.suno.com.br\/noticias\/gripe-aviaria-japao-frango-ms-ministerio-agricultura-evm\/\",\"url\":\"https:\/\/www.suno.com.br\/noticias\/gripe-aviaria-japao-frango-ms-ministerio-agricultura-evm\/\",\"name\":\"Gripe Avi\u00e1ria: Minist\u00e9rio da Agricultura confirma suspens\u00e3o do Jap\u00e3o a frango de MS\",\"isPartOf\":{\"@id\":\"https:\/\/www.suno.com.br\/noticias\/#website\"},\"primaryImageOfPage\":{\"@id\":\"https:\/\/www.suno.com.br\/noticias\/gripe-aviaria-japao-frango-ms-ministerio-agricultura-evm\/#primaryimage\"},\"image\":{\"@id\":\"https:\/\/www.suno.com.br\/noticias\/gripe-aviaria-japao-frango-ms-ministerio-agricultura-evm\/#primaryimage\"},\"thumbnailUrl\":\"https:\/\/files.sunoresearch.com.br\/n\/uploads\/2023\/07\/gripe-aviaria.jpg\",\"datePublished\":\"2023-09-20T15:11:11+00:00\",\"dateModified\":\"2023-09-20T15:11:15+00:00\",\"description\":\"O Jap\u00e3o realizou embargo tempor\u00e1rio em rela\u00e7\u00e3o a ovos, aves vivas, carne de aves e subprodutos do Estado por conta do caso de gripe avi\u00e1ria\",\"breadcrumb\":{\"@id\":\"https:\/\/www.suno.com.br\/noticias\/gripe-aviaria-japao-frango-ms-ministerio-agricultura-evm\/#breadcrumb\"},\"inLanguage\":\"pt-BR\",\"potentialAction\":[{\"@type\":\"ReadAction\",\"target\":[\"https:\/\/www.suno.com.br\/noticias\/gripe-aviaria-japao-frango-ms-ministerio-agricultura-evm\/\"]}]},{\"@type\":\"ImageObject\",\"inLanguage\":\"pt-BR\",\"@id\":\"https:\/\/www.suno.com.br\/noticias\/gripe-aviaria-japao-frango-ms-ministerio-agricultura-evm\/#primaryimage\",\"url\":\"https:\/\/files.sunoresearch.com.br\/n\/uploads\/2023\/07\/gripe-aviaria.jpg\",\"contentUrl\":\"https:\/\/files.sunoresearch.com.br\/n\/uploads\/2023\/07\/gripe-aviaria.jpg\",\"width\":1396,\"height\":835,\"caption\":\"Gripe avi\u00e1ria - Foto: Ag\u00eancia Brasil\"},{\"@type\":\"BreadcrumbList\",\"@id\":\"https:\/\/www.suno.com.br\/noticias\/gripe-aviaria-japao-frango-ms-ministerio-agricultura-evm\/#breadcrumb\",\"itemListElement\":[{\"@type\":\"ListItem\",\"position\":1,\"name\":\"Not\u00edcias\",\"item\":\"https:\/\/www.suno.com.br\/noticias\/\"},{\"@type\":\"ListItem\",\"position\":2,\"name\":\"Economia\",\"item\":\"https:\/\/www.suno.com.br\/noticias\/economia\/\"},{\"@type\":\"ListItem\",\"position\":3,\"name\":\"Gripe Avi\u00e1ria: Minist\u00e9rio da Agricultura confirma suspens\u00e3o do Jap\u00e3o a frango de MS\"}]},{\"@type\":\"WebSite\",\"@id\":\"https:\/\/www.suno.com.br\/noticias\/#website\",\"url\":\"https:\/\/www.suno.com.br\/noticias\/\",\"name\":\"Suno Not\u00edcias\",\"description\":\"Seu portal de informa\u00e7\u00e3o sobre o mundo dos investimentos\",\"publisher\":{\"@id\":\"https:\/\/www.suno.com.br\/noticias\/#organization\"},\"potentialAction\":[{\"@type\":\"SearchAction\",\"target\":{\"@type\":\"EntryPoint\",\"urlTemplate\":\"https:\/\/www.suno.com.br\/noticias\/?s={search_term_string}\"},\"query-input\":{\"@type\":\"PropertyValueSpecification\",\"valueRequired\":true,\"valueName\":\"search_term_string\"}}],\"inLanguage\":\"pt-BR\"},{\"@type\":\"Organization\",\"@id\":\"https:\/\/www.suno.com.br\/noticias\/#organization\",\"name\":\"Suno Not\u00edcias\",\"url\":\"https:\/\/www.suno.com.br\/noticias\/\",\"logo\":{\"@type\":\"ImageObject\",\"inLanguage\":\"pt-BR\",\"@id\":\"https:\/\/www.suno.com.br\/noticias\/#\/schema\/logo\/image\/\",\"url\":\"https:\/\/files.sunoresearch.com.br\/n\/uploads\/2021\/09\/suno-logo.png\",\"contentUrl\":\"https:\/\/files.sunoresearch.com.br\/n\/uploads\/2021\/09\/suno-logo.png\",\"width\":180,\"height\":180,\"caption\":\"Suno Not\u00edcias\"},\"image\":{\"@id\":\"https:\/\/www.suno.com.br\/noticias\/#\/schema\/logo\/image\/\"},\"sameAs\":[\"https:\/\/facebook.com\/sunoresearch\",\"https:\/\/x.com\/sunoresearch\",\"https:\/\/www.instagram.com\/suno\",\"https:\/\/www.linkedin.com\/company\/suno-research\/\",\"https:\/\/www.youtube.com\/c\/sunoresearch\"]},{\"@type\":\"Person\",\"@id\":\"https:\/\/www.suno.com.br\/noticias\/#\/schema\/person\/7f4d362bf3518e76090143ae77bb49a5\",\"name\":\"Eduardo Vargas\",\"image\":{\"@type\":\"ImageObject\",\"inLanguage\":\"pt-BR\",\"@id\":\"https:\/\/www.suno.com.br\/noticias\/#\/schema\/person\/image\/\",\"url\":\"https:\/\/secure.gravatar.com\/avatar\/dac340933427a22924c9f99d1eb2e3f2?s=96&r=g\",\"contentUrl\":\"https:\/\/secure.gravatar.com\/avatar\/dac340933427a22924c9f99d1eb2e3f2?s=96&r=g\",\"caption\":\"Eduardo Vargas\"},\"description\":\"Jornalista formado pela UFSC, cobre macroeconomia, neg\u00f3cios e startups para o Suno Not\u00edcias, escrevendo principalmente not\u00edcias sobre o mercado financeiro e a bolsa de valores. No YouTube e no Instagram, \u00e9 respons\u00e1vel pela produ\u00e7\u00e3o de Reels e Shorts do Suno Not\u00edcias. Anteriormente, trabalhou cobrindo economia e cotidiano no ND+ e para o ND, maior jornal impresso de Santa Catarina. Cursou um semestre letivo de Estudos de M\u00eddia na Universidad de Buenos Aires.\",\"url\":\"https:\/\/www.suno.com.br\/noticias\/author\/eduardo-vargas\/\"}]}<\/script>\n<!-- \/ Yoast SEO plugin. -->","yoast_head_json":{"title":"Gripe Avi\u00e1ria: Minist\u00e9rio da Agricultura confirma suspens\u00e3o do Jap\u00e3o a frango de MS","description":"O Jap\u00e3o realizou embargo tempor\u00e1rio em rela\u00e7\u00e3o a ovos, aves vivas, carne de aves e subprodutos do Estado por conta do caso de gripe avi\u00e1ria","robots":{"index":"index","follow":"follow","max-snippet":"max-snippet:-1","max-image-preview":"max-image-preview:large","max-video-preview":"max-video-preview:-1"},"canonical":"https:\/\/www.suno.com.br\/noticias\/gripe-aviaria-japao-frango-ms-ministerio-agricultura-evm\/","og_locale":"pt_BR","og_type":"article","og_title":"Gripe Avi\u00e1ria: Minist\u00e9rio da Agricultura confirma suspens\u00e3o do Jap\u00e3o a frango de MS","og_description":"O Jap\u00e3o realizou embargo tempor\u00e1rio em rela\u00e7\u00e3o a ovos, aves vivas, carne de aves e subprodutos do Estado por conta do caso de gripe avi\u00e1ria","og_url":"https:\/\/www.suno.com.br\/noticias\/gripe-aviaria-japao-frango-ms-ministerio-agricultura-evm\/","og_site_name":"Suno Not\u00edcias","article_publisher":"https:\/\/facebook.com\/sunoresearch","og_image":[{"width":1396,"height":835,"url":"https:\/\/files.sunoresearch.com.br\/n\/uploads\/2023\/07\/gripe-aviaria.jpg","type":"image\/jpeg"}],"author":"Eduardo Vargas","twitter_card":"summary_large_image","twitter_creator":"@sunoresearch","twitter_site":"@sunoresearch","twitter_misc":{"Escrito por":"Eduardo Vargas","Est. tempo de leitura":"2 minutos"},"schema":{"@context":"https:\/\/schema.org","@graph":[{"@type":"NewsArticle","@id":"https:\/\/www.suno.com.br\/noticias\/gripe-aviaria-japao-frango-ms-ministerio-agricultura-evm\/#article","isPartOf":{"@id":"https:\/\/www.suno.com.br\/noticias\/gripe-aviaria-japao-frango-ms-ministerio-agricultura-evm\/"},"author":{"name":"Eduardo Vargas","@id":"https:\/\/www.suno.com.br\/noticias\/#\/schema\/person\/7f4d362bf3518e76090143ae77bb49a5"},"headline":"Gripe Avi\u00e1ria: Minist\u00e9rio da Agricultura confirma suspens\u00e3o do Jap\u00e3o a frango de MS","datePublished":"2023-09-20T15:11:11+00:00","dateModified":"2023-09-20T15:11:15+00:00","mainEntityOfPage":{"@id":"https:\/\/www.suno.com.br\/noticias\/gripe-aviaria-japao-frango-ms-ministerio-agricultura-evm\/"},"wordCount":351,"publisher":{"@id":"https:\/\/www.suno.com.br\/noticias\/#organization"},"image":{"@id":"https:\/\/www.suno.com.br\/noticias\/gripe-aviaria-japao-frango-ms-ministerio-agricultura-evm\/#primaryimage"},"thumbnailUrl":"https:\/\/files.sunoresearch.com.br\/n\/uploads\/2023\/07\/gripe-aviaria.jpg","keywords":["Ag\u00eancias","Minist\u00e9rio da Agricultura"],"articleSection":["Economia"],"inLanguage":"pt-BR"},{"@type":"WebPage","@id":"https:\/\/www.suno.com.br\/noticias\/gripe-aviaria-japao-frango-ms-ministerio-agricultura-evm\/","url":"https:\/\/www.suno.com.br\/noticias\/gripe-aviaria-japao-frango-ms-ministerio-agricultura-evm\/","name":"Gripe Avi\u00e1ria: Minist\u00e9rio da Agricultura confirma suspens\u00e3o do Jap\u00e3o a frango de MS","isPartOf":{"@id":"https:\/\/www.suno.com.br\/noticias\/#website"},"primaryImageOfPage":{"@id":"https:\/\/www.suno.com.br\/noticias\/gripe-aviaria-japao-frango-ms-ministerio-agricultura-evm\/#primaryimage"},"image":{"@id":"https:\/\/www.suno.com.br\/noticias\/gripe-aviaria-japao-frango-ms-ministerio-agricultura-evm\/#primaryimage"},"thumbnailUrl":"https:\/\/files.sunoresearch.com.br\/n\/uploads\/2023\/07\/gripe-aviaria.jpg","datePublished":"2023-09-20T15:11:11+00:00","dateModified":"2023-09-20T15:11:15+00:00","description":"O Jap\u00e3o realizou embargo tempor\u00e1rio em rela\u00e7\u00e3o a ovos, aves vivas, carne de aves e subprodutos do Estado por conta do caso de gripe avi\u00e1ria","breadcrumb":{"@id":"https:\/\/www.suno.com.br\/noticias\/gripe-aviaria-japao-frango-ms-ministerio-agricultura-evm\/#breadcrumb"},"inLanguage":"pt-BR","potentialAction":[{"@type":"ReadAction","target":["https:\/\/www.suno.com.br\/noticias\/gripe-aviaria-japao-frango-ms-ministerio-agricultura-evm\/"]}]},{"@type":"ImageObject","inLanguage":"pt-BR","@id":"https:\/\/www.suno.com.br\/noticias\/gripe-aviaria-japao-frango-ms-ministerio-agricultura-evm\/#primaryimage","url":"https:\/\/files.sunoresearch.com.br\/n\/uploads\/2023\/07\/gripe-aviaria.jpg","contentUrl":"https:\/\/files.sunoresearch.com.br\/n\/uploads\/2023\/07\/gripe-aviaria.jpg","width":1396,"height":835,"caption":"Gripe avi\u00e1ria - Foto: Ag\u00eancia Brasil"},{"@type":"BreadcrumbList","@id":"https:\/\/www.suno.com.br\/noticias\/gripe-aviaria-japao-frango-ms-ministerio-agricultura-evm\/#breadcrumb","itemListElement":[{"@type":"ListItem","position":1,"name":"Not\u00edcias","item":"https:\/\/www.suno.com.br\/noticias\/"},{"@type":"ListItem","position":2,"name":"Economia","item":"https:\/\/www.suno.com.br\/noticias\/economia\/"},{"@type":"ListItem","position":3,"name":"Gripe Avi\u00e1ria: Minist\u00e9rio da Agricultura confirma suspens\u00e3o do Jap\u00e3o a frango de MS"}]},{"@type":"WebSite","@id":"https:\/\/www.suno.com.br\/noticias\/#website","url":"https:\/\/www.suno.com.br\/noticias\/","name":"Suno Not\u00edcias","description":"Seu portal de informa\u00e7\u00e3o sobre o mundo dos investimentos","publisher":{"@id":"https:\/\/www.suno.com.br\/noticias\/#organization"},"potentialAction":[{"@type":"SearchAction","target":{"@type":"EntryPoint","urlTemplate":"https:\/\/www.suno.com.br\/noticias\/?s={search_term_string}"},"query-input":{"@type":"PropertyValueSpecification","valueRequired":true,"valueName":"search_term_string"}}],"inLanguage":"pt-BR"},{"@type":"Organization","@id":"https:\/\/www.suno.com.br\/noticias\/#organization","name":"Suno Not\u00edcias","url":"https:\/\/www.suno.com.br\/noticias\/","logo":{"@type":"ImageObject","inLanguage":"pt-BR","@id":"https:\/\/www.suno.com.br\/noticias\/#\/schema\/logo\/image\/","url":"https:\/\/files.sunoresearch.com.br\/n\/uploads\/2021\/09\/suno-logo.png","contentUrl":"https:\/\/files.sunoresearch.com.br\/n\/uploads\/2021\/09\/suno-logo.png","width":180,"height":180,"caption":"Suno Not\u00edcias"},"image":{"@id":"https:\/\/www.suno.com.br\/noticias\/#\/schema\/logo\/image\/"},"sameAs":["https:\/\/facebook.com\/sunoresearch","https:\/\/x.com\/sunoresearch","https:\/\/www.instagram.com\/suno","https:\/\/www.linkedin.com\/company\/suno-research\/","https:\/\/www.youtube.com\/c\/sunoresearch"]},{"@type":"Person","@id":"https:\/\/www.suno.com.br\/noticias\/#\/schema\/person\/7f4d362bf3518e76090143ae77bb49a5","name":"Eduardo Vargas","image":{"@type":"ImageObject","inLanguage":"pt-BR","@id":"https:\/\/www.suno.com.br\/noticias\/#\/schema\/person\/image\/","url":"https:\/\/secure.gravatar.com\/avatar\/dac340933427a22924c9f99d1eb2e3f2?s=96&r=g","contentUrl":"https:\/\/secure.gravatar.com\/avatar\/dac340933427a22924c9f99d1eb2e3f2?s=96&r=g","caption":"Eduardo Vargas"},"description":"Jornalista formado pela UFSC, cobre macroeconomia, neg\u00f3cios e startups para o Suno Not\u00edcias, escrevendo principalmente not\u00edcias sobre o mercado financeiro e a bolsa de valores. No YouTube e no Instagram, \u00e9 respons\u00e1vel pela produ\u00e7\u00e3o de Reels e Shorts do Suno Not\u00edcias. Anteriormente, trabalhou cobrindo economia e cotidiano no ND+ e para o ND, maior jornal impresso de Santa Catarina. Cursou um semestre letivo de Estudos de M\u00eddia na Universidad de Buenos Aires.","url":"https:\/\/www.suno.com.br\/noticias\/author\/eduardo-vargas\/"}]}},"default_loop_html":"<div class=\"cardsPage__listCard__boxs\"><div class=\"cardsPage__listCard__boxs__img\"><a href=\"https:\/\/www.suno.com.br\/noticias\/gripe-aviaria-japao-frango-ms-ministerio-agricultura-evm\/\"><img class=\"mask\" src=\"https:\/\/www.suno.com.br\/noticias\/wp-content\/themes\/suno\/resources\/images\/spotlight\/spotlight1img\/bg-mask.png\" alt=\"Image Mask\"\/><img src=\"https:\/\/files.sunoresearch.com.br\/n\/uploads\/2023\/07\/gripe-aviaria-400x200.jpg\" alt=\"Gripe Avi\u00e1ria: Minist\u00e9rio da Agricultura confirma suspens\u00e3o do Jap\u00e3o a frango de MS\"\/><\/a><span class=\"spotlightCategory\"><a href=\"https:\/\/www.suno.com.br\/noticias\/economia\/\">Economia<\/a><\/span><\/div><div class=\"cardsPage__listCard__boxs__content\"><a href=\"https:\/\/www.suno.com.br\/noticias\/gripe-aviaria-japao-frango-ms-ministerio-agricultura-evm\/\"><h2 class=\"content__title\">Gripe Avi\u00e1ria: Minist\u00e9rio da Agricultura confirma suspens\u00e3o do Jap\u00e3o a frango de MS<\/h2><\/a><div class=\"newsContent__article__meta\"><div class=\"newsContent__article__meta__authorBox\"><a href=\"https:\/\/www.suno.com.br\/noticias\/author\/eduardo-vargas\/\" class=\"authorBox__avatar noMobi\"><img src=\"https:\/\/secure.gravatar.com\/avatar\/dac340933427a22924c9f99d1eb2e3f2?s=96&#038;r=g\" alt=\"Eduardo Vargas\"><\/a><div class=\"authorBox__name\"><span>por\n\t\t\t<a href=\"https:\/\/www.suno.com.br\/noticias\/author\/eduardo-vargas\/\"><span itemprop=\"author\">Eduardo Vargas<\/span><\/a><\/span><time datetime=\"2023-09-20T12:11:11-03:00\" itemprop=\"datePublished\">20\/09\/2023 12:11<\/time><\/div><\/div><\/div><\/div><\/div>","single_layout":"posts","amp_enabled":true,"_links":{"self":[{"href":"https:\/\/www.suno.com.br\/noticias\/wp-json\/wp\/v2\/posts\/459116"}],"collection":[{"href":"https:\/\/www.suno.com.br\/noticias\/wp-json\/wp\/v2\/posts"}],"about":[{"href":"https:\/\/www.suno.com.br\/noticias\/wp-json\/wp\/v2\/types\/post"}],"author":[{"embeddable":true,"href":"https:\/\/www.suno.com.br\/noticias\/wp-json\/wp\/v2\/users\/73"}],"replies":[{"embeddable":true,"href":"https:\/\/www.suno.com.br\/noticias\/wp-json\/wp\/v2\/comments?post=459116"}],"version-history":[{"count":3,"href":"https:\/\/www.suno.com.br\/noticias\/wp-json\/wp\/v2\/posts\/459116\/revisions"}],"predecessor-version":[{"id":459123,"href":"https:\/\/www.suno.com.br\/noticias\/wp-json\/wp\/v2\/posts\/459116\/revisions\/459123"}],"wp:featuredmedia":[{"embeddable":true,"href":"https:\/\/www.suno.com.br\/noticias\/wp-json\/wp\/v2\/media\/429945"}],"wp:attachment":[{"href":"https:\/\/www.suno.com.br\/noticias\/wp-json\/wp\/v2\/media?parent=459116"}],"wp:term":[{"taxonomy":"category","embeddable":true,"href":"https:\/\/www.suno.com.br\/noticias\/wp-json\/wp\/v2\/categories?post=459116"},{"taxonomy":"post_tag","embeddable":true,"href":"https:\/\/www.suno.com.br\/noticias\/wp-json\/wp\/v2\/tags?post=459116"},{"taxonomy":"suno_strategy","embeddable":true,"href":"https:\/\/www.suno.com.br\/noticias\/wp-json\/wp\/v2\/suno_strategy?post=459116"}],"curies":[{"name":"wp","href":"https:\/\/api.w.org\/{rel}","templated":true}]}}