{"id":45831,"date":"2019-11-27T09:19:55","date_gmt":"2019-11-27T11:19:55","guid":{"rendered":"https:\/\/www.suno.com.br\/noticias\/?p=45831"},"modified":"2019-11-27T09:21:27","modified_gmt":"2019-11-27T11:21:27","slug":"petroleiros-avaliam-greve","status":"publish","type":"post","link":"https:\/\/www.suno.com.br\/noticias\/petroleiros-avaliam-greve\/","title":{"rendered":"Petroleiros avaliam se permanecer\u00e3o em greve nesta quarta"},"content":{"rendered":"<p>Os petroleiros que lideram essa classe de trabalhadores passaram a \u00faltima ter\u00e7a-feira (26) sendo pressionados pela decis\u00e3o imposta pelo <strong>Tribunal Superior do Trabalho (TST)<\/strong>. Sendo assim, os l\u00edderes avaliaram os preju\u00edzos de manter a greve no setor at\u00e9 o final de semana. O governo tamb\u00e9m acompanha a situa\u00e7\u00e3o de perto, uma vez que os <strong>caminhoneiros<\/strong> tamb\u00e9m podem aderir a paralisa\u00e7\u00e3o.<\/p>\t<div class=\"wrapper-featured-image\">\n\t\t<figure class=\"spotlightImg\">\n\n\t\t\t<picture>\n\t\t\t\t<source media=\"(max-width: 768px)\" srcset=\"https:\/\/files.sunoresearch.com.br\/n\/uploads\/2019\/10\/b051e236-petroleo-400x200.webp\">\n\t\t\t\t<img loading=\"lazy\" decoding=\"async\" class=\"newsContent__article__imgCapa lazyloadDisabled newsContent__article__imgCapa--noCaption\" src=\"https:\/\/files.sunoresearch.com.br\/n\/uploads\/2019\/10\/b051e236-petroleo-800x450.webp\" width=\"800\" height=\"450\" alt=\"Petroleiros avaliam se permanecer\u00e3o em greve nesta quarta\" fetchpriority=high \/>\n\t\t\t<\/picture>\n\n\t\t\t<figcaption class=\"wp-caption-text wp-caption-text--hide\">Os contratos futuros do petr\u00f3leo operam em forte queda nesta quarta, pressionados pelo aumento da oferta pelo avan\u00e7o da pandemia. <\/figcaption>\n\t\t<\/figure>\n\t<\/div>\n\n\n\n<p>O Planalto recebeu a informa\u00e7\u00e3o de que o movimento dos <strong>petroleiros<\/strong> estava contido. Os dados que chegaram at\u00e9 o poder foram de que a classe estaria sem alternativas para continuar com a paralisa\u00e7\u00e3o. Vale lembrar que a previs\u00e3o era de que a greve fosse encerrada na sexta-feira (29). A decis\u00e3o dos petroleiros, entretanto, ainda n\u00e3o foi divulgada.<\/p>\n<p><a href=\"https:\/\/www.suno.com.br\/black-friday-2019\/assinaturas\/\">Black Friday Suno &#8211; pague 2 anos e leve 3 nas principais assinaturas da Suno Research<\/a><\/p>\n<p>Ademais, o governo garantiu que os estoques de combust\u00edveis est\u00e3o bem abastecidos, o que pode suprir 15 dias de abastecimento sem consequ\u00eancias para o povo.<\/p>\n<p><a href=\"https:\/\/www.suno.com.br\/noticias\/petroleo-passado-castello-branco\/\">Veja tamb\u00e9m: Petr\u00f3leo a US$ 100 \u00e9 coisa do passado, diz Castello Branco<\/a><\/p>\n<p>Em maio de 2018, <strong>petroleiros<\/strong> e caminhoneiros fizeram uma mobiliza\u00e7\u00e3o conjunta. Entretanto, no per\u00edodo eleitoral os dois grupos se afastaram por quest\u00f5es de diferen\u00e7as pol\u00edticas ideol\u00f3gicas.<\/p>\n<h2>In\u00edcio da greve dos petroleiros<\/h2>\n<p>Os trabalhadores do setor alegaram na \u00faltima segunda-feira (25) que a Petrobras est\u00e1 descumprindo partes do acordo coletivo do trabalho. A empresa n\u00e3o estaria cumprindo clausulas relacionadas a seguran\u00e7a do trabalho e do meio ambiente.<\/p>\n<h2>TST toma decis\u00e3o sobre greve<\/h2>\n<p>O ministro do <strong>Tribunal Superior do Trabalho (TST)<\/strong>, Ives Gandra, afirmou, na \u00faltima ter\u00e7a-feira (26), que iria multar em R$ 2 milh\u00f5es os sindicatos de petroleiros e a Federa\u00e7\u00e3o \u00danica dos Petroleiros (FUP), caso eles decidam manter a greve.<\/p>\n\t<p>\n\t\t<a href=\"https:\/\/lp.suno.com.br\/plataforma-de-controle-de-investimentos\/\" target=\"_blank\" data-element=\"shortcode-suno-banner\" title=\"Banner SUNO, clique e saiba mais\">\n\t\t\t<picture>\n\t\t\t\t<source media=\"(max-width: 500px)\" srcset=\"https:\/\/files.sunoresearch.com.br\/n\/uploads\/2023\/03\/400x300-Controle-de-Investimentos.png\">\n\t\t\t\t<img class=\"newsContent__article__imgCapa newsContent__article__imgCapa--banner\"\n\t\t\t\t\tsrc=\"https:\/\/files.sunoresearch.com.br\/n\/uploads\/2023\/03\/1420x240-Controle-de-Investimentos.png\"\n\t\t\t\t\tdata-promo-id=\"383162\"\t\t\t\t\t\t\t\t\t\twidth='1420' height='240'\t\t\t\t\talt=\"https:\/\/files.sunoresearch.com.br\/n\/uploads\/2023\/03\/1420x240-Controle-de-Investimentos.png\"\n\t\t\t\t>\n\t\t\t<\/picture>\n\t\t<\/a>\n\t<\/p>\n\n\n<p>\u201cO car\u00e1ter abusivo da greve [dos <strong>petroleiros<\/strong>] se d\u00e1, no caso, pela exist\u00eancia de acordo coletivo rec\u00e9m assinado, sem que houvesse tempo para seu descumprimento, a justificar o movimento paredista\u201d, disse Gandra.<\/p>\n","protected":false},"excerpt":{"rendered":"<p>Os petroleiros que lideram essa classe de trabalhadores passaram a \u00faltima ter\u00e7a-feira (26) sendo pressionados pela decis\u00e3o imposta pelo Tribunal Superior do Trabalho (TST). Sendo assim, os l\u00edderes avaliaram os preju\u00edzos de manter a greve no setor at\u00e9 o final de semana. O governo tamb\u00e9m acompanha a situa\u00e7\u00e3o de perto, uma vez que os caminhoneiros [&hellip;]<\/p>\n","protected":false},"author":19,"featured_media":41641,"comment_status":"closed","ping_status":"closed","sticky":false,"template":"","format":"standard","meta":[],"categories":[64],"tags":[766],"suno_strategy":[],"class_list":["post-45831","post","type-post","status-publish","format-standard","has-post-thumbnail","hentry","category-negocios","tag-petroleo"],"yoast_head":"<!-- This site is optimized with the Yoast SEO plugin v24.4 - https:\/\/yoast.com\/wordpress\/plugins\/seo\/ -->\n<title>Petroleiros avaliam se permanecer\u00e3o em greve nesta quarta<\/title>\n<meta name=\"description\" content=\"Os l\u00edderes da classe de petroleiros avaliaram os preju\u00edzos de manter a greve no setor at\u00e9 o final de semana. Clique e saiba mais.\" \/>\n<meta name=\"robots\" content=\"index, follow, max-snippet:-1, max-image-preview:large, max-video-preview:-1\" \/>\n<link rel=\"canonical\" href=\"https:\/\/www.suno.com.br\/noticias\/petroleiros-avaliam-greve\/\" \/>\n<meta property=\"og:locale\" content=\"pt_BR\" \/>\n<meta property=\"og:type\" content=\"article\" \/>\n<meta property=\"og:title\" content=\"Petroleiros avaliam se permanecer\u00e3o em greve nesta quarta\" \/>\n<meta property=\"og:description\" content=\"Os l\u00edderes da classe de petroleiros avaliaram os preju\u00edzos de manter a greve no setor at\u00e9 o final de semana. Clique e saiba mais.\" \/>\n<meta property=\"og:url\" content=\"https:\/\/www.suno.com.br\/noticias\/petroleiros-avaliam-greve\/\" \/>\n<meta property=\"og:site_name\" content=\"Suno Not\u00edcias\" \/>\n<meta property=\"article:publisher\" content=\"https:\/\/facebook.com\/sunoresearch\" \/>\n<meta property=\"og:image\" content=\"https:\/\/files.sunoresearch.com.br\/n\/uploads\/2019\/10\/b051e236-petroleo.jpg\" \/>\n\t<meta property=\"og:image:width\" content=\"1182\" \/>\n\t<meta property=\"og:image:height\" content=\"800\" \/>\n\t<meta property=\"og:image:type\" content=\"image\/jpeg\" \/>\n<meta name=\"author\" content=\"Juliano Passaro\" \/>\n<meta name=\"twitter:card\" content=\"summary_large_image\" \/>\n<meta name=\"twitter:creator\" content=\"@sunoresearch\" \/>\n<meta name=\"twitter:site\" content=\"@sunoresearch\" \/>\n<meta name=\"twitter:label1\" content=\"Escrito por\" \/>\n\t<meta name=\"twitter:data1\" content=\"Juliano Passaro\" \/>\n\t<meta name=\"twitter:label2\" content=\"Est. tempo de leitura\" \/>\n\t<meta name=\"twitter:data2\" content=\"2 minutos\" \/>\n<script type=\"application\/ld+json\" class=\"yoast-schema-graph\">{\"@context\":\"https:\/\/schema.org\",\"@graph\":[{\"@type\":\"NewsArticle\",\"@id\":\"https:\/\/www.suno.com.br\/noticias\/petroleiros-avaliam-greve\/#article\",\"isPartOf\":{\"@id\":\"https:\/\/www.suno.com.br\/noticias\/petroleiros-avaliam-greve\/\"},\"author\":{\"name\":\"Juliano Passaro\",\"@id\":\"https:\/\/www.suno.com.br\/noticias\/#\/schema\/person\/1db762f78ffd8919a648a63e425953e3\"},\"headline\":\"Petroleiros avaliam se permanecer\u00e3o em greve nesta quarta\",\"datePublished\":\"2019-11-27T11:19:55+00:00\",\"dateModified\":\"2019-11-27T11:21:27+00:00\",\"mainEntityOfPage\":{\"@id\":\"https:\/\/www.suno.com.br\/noticias\/petroleiros-avaliam-greve\/\"},\"wordCount\":350,\"publisher\":{\"@id\":\"https:\/\/www.suno.com.br\/noticias\/#organization\"},\"image\":{\"@id\":\"https:\/\/www.suno.com.br\/noticias\/petroleiros-avaliam-greve\/#primaryimage\"},\"thumbnailUrl\":\"https:\/\/files.sunoresearch.com.br\/n\/uploads\/2019\/10\/b051e236-petroleo-jpg.webp\",\"keywords\":[\"Petr\u00f3leo\"],\"articleSection\":[\"Neg\u00f3cios\"],\"inLanguage\":\"pt-BR\"},{\"@type\":\"WebPage\",\"@id\":\"https:\/\/www.suno.com.br\/noticias\/petroleiros-avaliam-greve\/\",\"url\":\"https:\/\/www.suno.com.br\/noticias\/petroleiros-avaliam-greve\/\",\"name\":\"Petroleiros avaliam se permanecer\u00e3o em greve nesta quarta\",\"isPartOf\":{\"@id\":\"https:\/\/www.suno.com.br\/noticias\/#website\"},\"primaryImageOfPage\":{\"@id\":\"https:\/\/www.suno.com.br\/noticias\/petroleiros-avaliam-greve\/#primaryimage\"},\"image\":{\"@id\":\"https:\/\/www.suno.com.br\/noticias\/petroleiros-avaliam-greve\/#primaryimage\"},\"thumbnailUrl\":\"https:\/\/files.sunoresearch.com.br\/n\/uploads\/2019\/10\/b051e236-petroleo-jpg.webp\",\"datePublished\":\"2019-11-27T11:19:55+00:00\",\"dateModified\":\"2019-11-27T11:21:27+00:00\",\"description\":\"Os l\u00edderes da classe de petroleiros avaliaram os preju\u00edzos de manter a greve no setor at\u00e9 o final de semana. Clique e saiba mais.\",\"breadcrumb\":{\"@id\":\"https:\/\/www.suno.com.br\/noticias\/petroleiros-avaliam-greve\/#breadcrumb\"},\"inLanguage\":\"pt-BR\",\"potentialAction\":[{\"@type\":\"ReadAction\",\"target\":[\"https:\/\/www.suno.com.br\/noticias\/petroleiros-avaliam-greve\/\"]}]},{\"@type\":\"ImageObject\",\"inLanguage\":\"pt-BR\",\"@id\":\"https:\/\/www.suno.com.br\/noticias\/petroleiros-avaliam-greve\/#primaryimage\",\"url\":\"https:\/\/files.sunoresearch.com.br\/n\/uploads\/2019\/10\/b051e236-petroleo-jpg.webp\",\"contentUrl\":\"https:\/\/files.sunoresearch.com.br\/n\/uploads\/2019\/10\/b051e236-petroleo-jpg.webp\",\"width\":1182,\"height\":800,\"caption\":\"Os contratos futuros do petr\u00f3leo operam em forte queda nesta quarta, pressionados pelo aumento da oferta pelo avan\u00e7o da pandemia.\"},{\"@type\":\"BreadcrumbList\",\"@id\":\"https:\/\/www.suno.com.br\/noticias\/petroleiros-avaliam-greve\/#breadcrumb\",\"itemListElement\":[{\"@type\":\"ListItem\",\"position\":1,\"name\":\"Not\u00edcias\",\"item\":\"https:\/\/www.suno.com.br\/noticias\/\"},{\"@type\":\"ListItem\",\"position\":2,\"name\":\"Neg\u00f3cios\",\"item\":\"https:\/\/www.suno.com.br\/noticias\/negocios\/\"},{\"@type\":\"ListItem\",\"position\":3,\"name\":\"Petroleiros avaliam se permanecer\u00e3o em greve nesta quarta\"}]},{\"@type\":\"WebSite\",\"@id\":\"https:\/\/www.suno.com.br\/noticias\/#website\",\"url\":\"https:\/\/www.suno.com.br\/noticias\/\",\"name\":\"Suno Not\u00edcias\",\"description\":\"Seu portal de informa\u00e7\u00e3o sobre o mundo dos investimentos\",\"publisher\":{\"@id\":\"https:\/\/www.suno.com.br\/noticias\/#organization\"},\"potentialAction\":[{\"@type\":\"SearchAction\",\"target\":{\"@type\":\"EntryPoint\",\"urlTemplate\":\"https:\/\/www.suno.com.br\/noticias\/?s={search_term_string}\"},\"query-input\":{\"@type\":\"PropertyValueSpecification\",\"valueRequired\":true,\"valueName\":\"search_term_string\"}}],\"inLanguage\":\"pt-BR\"},{\"@type\":\"Organization\",\"@id\":\"https:\/\/www.suno.com.br\/noticias\/#organization\",\"name\":\"Suno Not\u00edcias\",\"url\":\"https:\/\/www.suno.com.br\/noticias\/\",\"logo\":{\"@type\":\"ImageObject\",\"inLanguage\":\"pt-BR\",\"@id\":\"https:\/\/www.suno.com.br\/noticias\/#\/schema\/logo\/image\/\",\"url\":\"https:\/\/files.sunoresearch.com.br\/n\/uploads\/2021\/09\/suno-logo.png\",\"contentUrl\":\"https:\/\/files.sunoresearch.com.br\/n\/uploads\/2021\/09\/suno-logo.png\",\"width\":180,\"height\":180,\"caption\":\"Suno Not\u00edcias\"},\"image\":{\"@id\":\"https:\/\/www.suno.com.br\/noticias\/#\/schema\/logo\/image\/\"},\"sameAs\":[\"https:\/\/facebook.com\/sunoresearch\",\"https:\/\/x.com\/sunoresearch\",\"https:\/\/www.instagram.com\/suno\",\"https:\/\/www.linkedin.com\/company\/suno-research\/\",\"https:\/\/www.youtube.com\/c\/sunoresearch\"]},{\"@type\":\"Person\",\"@id\":\"https:\/\/www.suno.com.br\/noticias\/#\/schema\/person\/1db762f78ffd8919a648a63e425953e3\",\"name\":\"Juliano Passaro\",\"image\":{\"@type\":\"ImageObject\",\"inLanguage\":\"pt-BR\",\"@id\":\"https:\/\/www.suno.com.br\/noticias\/#\/schema\/person\/image\/\",\"url\":\"https:\/\/secure.gravatar.com\/avatar\/743d4df28eebf6dcc46b4ad03c319e92?s=96&r=g\",\"contentUrl\":\"https:\/\/secure.gravatar.com\/avatar\/743d4df28eebf6dcc46b4ad03c319e92?s=96&r=g\",\"caption\":\"Juliano Passaro\"},\"description\":\"Juliano Passaro escreve sobre pol\u00edtica, economia e neg\u00f3cios para o portal da Suno Research. Antes da Suno, trabalhou no Portal da Band. \u00c9 formado em jornalismo pela Universidade Presbiteriana Mackenzie.\",\"url\":\"https:\/\/www.suno.com.br\/noticias\/author\/juliano\/\"}]}<\/script>\n<!-- \/ Yoast SEO plugin. -->","yoast_head_json":{"title":"Petroleiros avaliam se permanecer\u00e3o em greve nesta quarta","description":"Os l\u00edderes da classe de petroleiros avaliaram os preju\u00edzos de manter a greve no setor at\u00e9 o final de semana. Clique e saiba mais.","robots":{"index":"index","follow":"follow","max-snippet":"max-snippet:-1","max-image-preview":"max-image-preview:large","max-video-preview":"max-video-preview:-1"},"canonical":"https:\/\/www.suno.com.br\/noticias\/petroleiros-avaliam-greve\/","og_locale":"pt_BR","og_type":"article","og_title":"Petroleiros avaliam se permanecer\u00e3o em greve nesta quarta","og_description":"Os l\u00edderes da classe de petroleiros avaliaram os preju\u00edzos de manter a greve no setor at\u00e9 o final de semana. Clique e saiba mais.","og_url":"https:\/\/www.suno.com.br\/noticias\/petroleiros-avaliam-greve\/","og_site_name":"Suno Not\u00edcias","article_publisher":"https:\/\/facebook.com\/sunoresearch","og_image":[{"width":1182,"height":800,"url":"https:\/\/files.sunoresearch.com.br\/n\/uploads\/2019\/10\/b051e236-petroleo.jpg","type":"image\/jpeg"}],"author":"Juliano Passaro","twitter_card":"summary_large_image","twitter_creator":"@sunoresearch","twitter_site":"@sunoresearch","twitter_misc":{"Escrito por":"Juliano Passaro","Est. tempo de leitura":"2 minutos"},"schema":{"@context":"https:\/\/schema.org","@graph":[{"@type":"NewsArticle","@id":"https:\/\/www.suno.com.br\/noticias\/petroleiros-avaliam-greve\/#article","isPartOf":{"@id":"https:\/\/www.suno.com.br\/noticias\/petroleiros-avaliam-greve\/"},"author":{"name":"Juliano Passaro","@id":"https:\/\/www.suno.com.br\/noticias\/#\/schema\/person\/1db762f78ffd8919a648a63e425953e3"},"headline":"Petroleiros avaliam se permanecer\u00e3o em greve nesta quarta","datePublished":"2019-11-27T11:19:55+00:00","dateModified":"2019-11-27T11:21:27+00:00","mainEntityOfPage":{"@id":"https:\/\/www.suno.com.br\/noticias\/petroleiros-avaliam-greve\/"},"wordCount":350,"publisher":{"@id":"https:\/\/www.suno.com.br\/noticias\/#organization"},"image":{"@id":"https:\/\/www.suno.com.br\/noticias\/petroleiros-avaliam-greve\/#primaryimage"},"thumbnailUrl":"https:\/\/files.sunoresearch.com.br\/n\/uploads\/2019\/10\/b051e236-petroleo-jpg.webp","keywords":["Petr\u00f3leo"],"articleSection":["Neg\u00f3cios"],"inLanguage":"pt-BR"},{"@type":"WebPage","@id":"https:\/\/www.suno.com.br\/noticias\/petroleiros-avaliam-greve\/","url":"https:\/\/www.suno.com.br\/noticias\/petroleiros-avaliam-greve\/","name":"Petroleiros avaliam se permanecer\u00e3o em greve nesta quarta","isPartOf":{"@id":"https:\/\/www.suno.com.br\/noticias\/#website"},"primaryImageOfPage":{"@id":"https:\/\/www.suno.com.br\/noticias\/petroleiros-avaliam-greve\/#primaryimage"},"image":{"@id":"https:\/\/www.suno.com.br\/noticias\/petroleiros-avaliam-greve\/#primaryimage"},"thumbnailUrl":"https:\/\/files.sunoresearch.com.br\/n\/uploads\/2019\/10\/b051e236-petroleo-jpg.webp","datePublished":"2019-11-27T11:19:55+00:00","dateModified":"2019-11-27T11:21:27+00:00","description":"Os l\u00edderes da classe de petroleiros avaliaram os preju\u00edzos de manter a greve no setor at\u00e9 o final de semana. Clique e saiba mais.","breadcrumb":{"@id":"https:\/\/www.suno.com.br\/noticias\/petroleiros-avaliam-greve\/#breadcrumb"},"inLanguage":"pt-BR","potentialAction":[{"@type":"ReadAction","target":["https:\/\/www.suno.com.br\/noticias\/petroleiros-avaliam-greve\/"]}]},{"@type":"ImageObject","inLanguage":"pt-BR","@id":"https:\/\/www.suno.com.br\/noticias\/petroleiros-avaliam-greve\/#primaryimage","url":"https:\/\/files.sunoresearch.com.br\/n\/uploads\/2019\/10\/b051e236-petroleo-jpg.webp","contentUrl":"https:\/\/files.sunoresearch.com.br\/n\/uploads\/2019\/10\/b051e236-petroleo-jpg.webp","width":1182,"height":800,"caption":"Os contratos futuros do petr\u00f3leo operam em forte queda nesta quarta, pressionados pelo aumento da oferta pelo avan\u00e7o da pandemia."},{"@type":"BreadcrumbList","@id":"https:\/\/www.suno.com.br\/noticias\/petroleiros-avaliam-greve\/#breadcrumb","itemListElement":[{"@type":"ListItem","position":1,"name":"Not\u00edcias","item":"https:\/\/www.suno.com.br\/noticias\/"},{"@type":"ListItem","position":2,"name":"Neg\u00f3cios","item":"https:\/\/www.suno.com.br\/noticias\/negocios\/"},{"@type":"ListItem","position":3,"name":"Petroleiros avaliam se permanecer\u00e3o em greve nesta quarta"}]},{"@type":"WebSite","@id":"https:\/\/www.suno.com.br\/noticias\/#website","url":"https:\/\/www.suno.com.br\/noticias\/","name":"Suno Not\u00edcias","description":"Seu portal de informa\u00e7\u00e3o sobre o mundo dos investimentos","publisher":{"@id":"https:\/\/www.suno.com.br\/noticias\/#organization"},"potentialAction":[{"@type":"SearchAction","target":{"@type":"EntryPoint","urlTemplate":"https:\/\/www.suno.com.br\/noticias\/?s={search_term_string}"},"query-input":{"@type":"PropertyValueSpecification","valueRequired":true,"valueName":"search_term_string"}}],"inLanguage":"pt-BR"},{"@type":"Organization","@id":"https:\/\/www.suno.com.br\/noticias\/#organization","name":"Suno Not\u00edcias","url":"https:\/\/www.suno.com.br\/noticias\/","logo":{"@type":"ImageObject","inLanguage":"pt-BR","@id":"https:\/\/www.suno.com.br\/noticias\/#\/schema\/logo\/image\/","url":"https:\/\/files.sunoresearch.com.br\/n\/uploads\/2021\/09\/suno-logo.png","contentUrl":"https:\/\/files.sunoresearch.com.br\/n\/uploads\/2021\/09\/suno-logo.png","width":180,"height":180,"caption":"Suno Not\u00edcias"},"image":{"@id":"https:\/\/www.suno.com.br\/noticias\/#\/schema\/logo\/image\/"},"sameAs":["https:\/\/facebook.com\/sunoresearch","https:\/\/x.com\/sunoresearch","https:\/\/www.instagram.com\/suno","https:\/\/www.linkedin.com\/company\/suno-research\/","https:\/\/www.youtube.com\/c\/sunoresearch"]},{"@type":"Person","@id":"https:\/\/www.suno.com.br\/noticias\/#\/schema\/person\/1db762f78ffd8919a648a63e425953e3","name":"Juliano Passaro","image":{"@type":"ImageObject","inLanguage":"pt-BR","@id":"https:\/\/www.suno.com.br\/noticias\/#\/schema\/person\/image\/","url":"https:\/\/secure.gravatar.com\/avatar\/743d4df28eebf6dcc46b4ad03c319e92?s=96&r=g","contentUrl":"https:\/\/secure.gravatar.com\/avatar\/743d4df28eebf6dcc46b4ad03c319e92?s=96&r=g","caption":"Juliano Passaro"},"description":"Juliano Passaro escreve sobre pol\u00edtica, economia e neg\u00f3cios para o portal da Suno Research. Antes da Suno, trabalhou no Portal da Band. \u00c9 formado em jornalismo pela Universidade Presbiteriana Mackenzie.","url":"https:\/\/www.suno.com.br\/noticias\/author\/juliano\/"}]}},"default_loop_html":"<div class=\"cardsPage__listCard__boxs\"><div class=\"cardsPage__listCard__boxs__img\"><a href=\"https:\/\/www.suno.com.br\/noticias\/petroleiros-avaliam-greve\/\"><img class=\"mask\" src=\"https:\/\/www.suno.com.br\/noticias\/wp-content\/themes\/suno\/resources\/images\/spotlight\/spotlight1img\/bg-mask.png\" alt=\"Image Mask\"\/><img src=\"https:\/\/files.sunoresearch.com.br\/n\/uploads\/2019\/10\/b051e236-petroleo-400x200.webp\" alt=\"Petroleiros avaliam se permanecer\u00e3o em greve nesta quarta\"\/><\/a><span class=\"spotlightCategory\"><a href=\"https:\/\/www.suno.com.br\/noticias\/negocios\/\">Neg\u00f3cios<\/a><\/span><\/div><div class=\"cardsPage__listCard__boxs__content\"><a href=\"https:\/\/www.suno.com.br\/noticias\/petroleiros-avaliam-greve\/\"><h2 class=\"content__title\">Petroleiros avaliam se permanecer\u00e3o em greve nesta quarta<\/h2><\/a><div class=\"newsContent__article__meta\"><div class=\"newsContent__article__meta__authorBox\"><a href=\"https:\/\/www.suno.com.br\/noticias\/author\/juliano\/\" class=\"authorBox__avatar noMobi\"><img src=\"https:\/\/files.sunoresearch.com.br\/n\/uploads\/2019\/06\/7cc3efea-whatsapp-image-2019-07-18-at-21.59.33-e1563499821209-150x150.webp\" alt=\"Juliano Passaro\"><\/a><div class=\"authorBox__name\"><span>por\n\t\t\t<a href=\"https:\/\/www.suno.com.br\/noticias\/author\/juliano\/\"><span itemprop=\"author\">Juliano Passaro<\/span><\/a><\/span><time datetime=\"2019-11-27T09:19:55-03:00\" itemprop=\"datePublished\">27\/11\/2019 09:19<\/time><\/div><\/div><\/div><\/div><\/div>","single_layout":"posts","amp_enabled":true,"_links":{"self":[{"href":"https:\/\/www.suno.com.br\/noticias\/wp-json\/wp\/v2\/posts\/45831"}],"collection":[{"href":"https:\/\/www.suno.com.br\/noticias\/wp-json\/wp\/v2\/posts"}],"about":[{"href":"https:\/\/www.suno.com.br\/noticias\/wp-json\/wp\/v2\/types\/post"}],"author":[{"embeddable":true,"href":"https:\/\/www.suno.com.br\/noticias\/wp-json\/wp\/v2\/users\/19"}],"replies":[{"embeddable":true,"href":"https:\/\/www.suno.com.br\/noticias\/wp-json\/wp\/v2\/comments?post=45831"}],"version-history":[{"count":0,"href":"https:\/\/www.suno.com.br\/noticias\/wp-json\/wp\/v2\/posts\/45831\/revisions"}],"wp:featuredmedia":[{"embeddable":true,"href":"https:\/\/www.suno.com.br\/noticias\/wp-json\/wp\/v2\/media\/41641"}],"wp:attachment":[{"href":"https:\/\/www.suno.com.br\/noticias\/wp-json\/wp\/v2\/media?parent=45831"}],"wp:term":[{"taxonomy":"category","embeddable":true,"href":"https:\/\/www.suno.com.br\/noticias\/wp-json\/wp\/v2\/categories?post=45831"},{"taxonomy":"post_tag","embeddable":true,"href":"https:\/\/www.suno.com.br\/noticias\/wp-json\/wp\/v2\/tags?post=45831"},{"taxonomy":"suno_strategy","embeddable":true,"href":"https:\/\/www.suno.com.br\/noticias\/wp-json\/wp\/v2\/suno_strategy?post=45831"}],"curies":[{"name":"wp","href":"https:\/\/api.w.org\/{rel}","templated":true}]}}