{"id":458303,"date":"2023-09-19T10:29:45","date_gmt":"2023-09-19T13:29:45","guid":{"rendered":"https:\/\/www.suno.com.br\/noticias\/?p=458303"},"modified":"2023-09-19T19:30:38","modified_gmt":"2023-09-19T22:30:38","slug":"selic-corte-05-ponto-copom-consenso-analistas-gpj","status":"publish","type":"post","link":"https:\/\/www.suno.com.br\/noticias\/selic-corte-05-ponto-copom-consenso-analistas-gpj\/","title":{"rendered":"Copom: corte da Selic em 0,5 ponto percentual \u00e9 consenso entre analistas"},"content":{"rendered":"<p>Considerado o evento mais aguardado da agenda da semana no Brasil, o\u00a0Comit\u00ea de\u00a0<a href=\"https:\/\/www.suno.com.br\/artigos\/politica-monetaria\/\" target=\"_blank\" rel=\"noreferrer noopener\">Pol\u00edtica Monet\u00e1ria<\/a>\u00a0(Copom), do Banco Central (BC),\u00a0pode confirmar amanh\u00e3 (20) mais um corte de 0,5 ponto percentual da taxa de juros, a <strong>Selic<\/strong>. Hoje, a taxa est\u00e1 em 13,25% ao ano.  A reuni\u00e3o teve in\u00edcio hoje (19) \u00e0s 10h16.<\/p>\t<div class=\"wrapper-featured-image\">\n\t\t<figure class=\"spotlightImg\">\n\n\t\t\t<picture>\n\t\t\t\t<source media=\"(max-width: 768px)\" srcset=\"https:\/\/files.sunoresearch.com.br\/n\/uploads\/2023\/05\/selic-400x200.jpg\">\n\t\t\t\t<img loading=\"lazy\" decoding=\"async\" class=\"newsContent__article__imgCapa lazyloadDisabled \" src=\"https:\/\/files.sunoresearch.com.br\/n\/uploads\/2023\/05\/selic-800x450.jpg\" width=\"800\" height=\"450\" alt=\"Copom: corte da Selic em 0,5 ponto percentual \u00e9 consenso entre analistas\" fetchpriority=high \/>\n\t\t\t<\/picture>\n\n\t\t\t<figcaption class=\"wp-caption-text wp-caption-text--show\">Quais melhores investimentos para \u201csurfar\u201d a queda da Selic? - Foto: iStock<\/figcaption>\n\t\t<\/figure>\n\t<\/div>\n\n\n\n\n\n\n<p>Terminou \u00e0s 18h36 a segunda parte da sess\u00e3o de an\u00e1lise de conjuntura do Comit\u00ea de Pol\u00edtica Monet\u00e1ria (Copom) do Banco Central, que havia come\u00e7ado \u00e0s 14h14. A an\u00e1lise de conjuntura \u00e9 a primeira fase do Copom, em que se revisita temas importantes para a tomada de decis\u00e3o da taxa Selic. A discuss\u00e3o sobre a conjuntura ainda se estende pela manh\u00e3 desta quarta-feira, 20. Amanh\u00e3 \u00e0 tarde, ocorre a segunda parte do encontro, quando o comit\u00ea define o n\u00edvel da Selic, que \u00e9 anunciado a partir de 18h30.<\/p>\n\n\n\n\n\t<p>\n\t\t<a href=\"https:\/\/lp.suno.com.br\/planilha-da-vida-financeira\/\" target=\"_blank\" data-element=\"shortcode-suno-banner\" title=\"Banner SUNO, clique e saiba mais\">\n\t\t\t<picture>\n\t\t\t\t<source media=\"(max-width: 500px)\" srcset=\"https:\/\/files.sunoresearch.com.br\/n\/uploads\/2023\/04\/400x300-Planilha-vida-financeira-true.png\">\n\t\t\t\t<img class=\"newsContent__article__imgCapa newsContent__article__imgCapa--banner\"\n\t\t\t\t\tsrc=\"https:\/\/files.sunoresearch.com.br\/n\/uploads\/2023\/04\/1420x240-Planilha-vida-financeira-true.png\"\n\t\t\t\t\tdata-promo-id=\"106682\"\t\t\t\t\t\t\t\t\t\twidth='1420' height='240'\t\t\t\t\talt=\"https:\/\/files.sunoresearch.com.br\/n\/uploads\/2023\/04\/1420x240-Planilha-vida-financeira-true.png\"\n\t\t\t\t>\n\t\t\t<\/picture>\n\t\t<\/a>\n\t<\/p>\n\n\n\n\n\n<p>Na \u00faltima reuni\u00e3o de agosto, o Copom anunciou o primeiro corte da <strong>taxa Selic<\/strong> desde agosto de 2020, de 13,75% ao ano para 13,25%. A decis\u00e3o n\u00e3o foi un\u00e2nime, mas chamou a aten\u00e7\u00e3o pela intensidade do ajuste, abrindo caminho para um maior afrouxamento monet\u00e1rio.<\/p>\n\n\n\n<p>A <strong>Warren Rena <\/strong>espera que o comit\u00ea reduza a Selic em 0,50 ponto percentual, para 12,75%, em linha com o sinalizado na reuni\u00e3o anterior e as expectativas amplamente majorit\u00e1rias do mercado. <\/p>\n\n\n\n<p>&#8220;Consideramos ainda como mais prov\u00e1vel que o comunicado repita a mensagem de que os membros do comit\u00ea anteveem redu\u00e7\u00e3o de mesma magnitude nas pr\u00f3ximas reuni\u00f5es e avaliam que esse \u00e9 o ritmo apropriado para manter a <a href=\"https:\/\/www.suno.com.br\/artigos\/politica-monetaria-contracionista\/\">pol\u00edtica monet\u00e1ria contracionista<\/a> necess\u00e1ria para o processo desinflacion\u00e1rio&#8221;, aponta S\u00e9rgio Goldenstein, economista-chefe da casa.<\/p>\n\n\n\n<p>Ainda para Goldenstein, um ritmo de ajuste mais intenso estaria em desacordo com a clara sinaliza\u00e7\u00e3o anterior do <strong>Copom<\/strong>, com a proje\u00e7\u00e3o de infla\u00e7\u00e3o acima da meta e com a piora de alguns riscos altistas. Segundo ele, isso poderia ainda levar uma desancoragem adicional das expectativas de infla\u00e7\u00e3o e a um maior desvio das proje\u00e7\u00f5es de infla\u00e7\u00e3o com rela\u00e7\u00e3o \u00e0 meta, levando a uma perda de credibilidade da <a href=\"https:\/\/www.suno.com.br\/artigos\/politica-monetaria\/\">pol\u00edtica monet\u00e1ria<\/a>. <\/p>\n\n\n\n<p>&#8220;Assim, acreditamos ainda que a comunica\u00e7\u00e3o do Copom dever\u00e1 ser bastante similar \u00e0 reuni\u00e3o anterior, reiterando o firme objetivo de manter uma <a href=\"https:\/\/www.suno.com.br\/artigos\/politica-monetaria-contracionista\/\">pol\u00edtica monet\u00e1ria contracionista<\/a> para a reancoragem das expectativas e a converg\u00eancia da infla\u00e7\u00e3o para a meta no horizonte relevante, e indicando a manuten\u00e7\u00e3o do ritmo de ajuste&#8221;, acrescentou.<\/p>\n\n\n\n<p>Para os analistas Victor Guglielmi, Rafael Pacheco e Fernando Siqueira, da <strong>Guide<\/strong> <strong>Investimentos<\/strong>, o grupo deve seguir sua sinaliza\u00e7\u00e3o do \u00faltimo comunicado e cortar a Selic em 0,5 ponto percentual.<\/p>\n\n\n\n<p>&#8220;O cen\u00e1rio mostrou deteriora\u00e7\u00e3o em alguns aspectos desde a \u00faltima reuni\u00e3o, sobretudo nos mercados internacionais, mas os dados correntes de infla\u00e7\u00e3o mostraram tend\u00eancia mais benigna. O comunicado deve antever novo corte de mesma magnitude para a reuni\u00e3o seguinte&#8221;.<\/p>\n\n\n\n<p>Ainda de acordo com a casa, a evolu\u00e7\u00e3o no contexto geral foi mais negativa desde a \u00faltima reuni\u00e3o, o que refor\u00e7a que o Copom deve manter seu discurso de que a barra esta alta para uma acelera\u00e7\u00e3o do ritmo de corte da Selic, j\u00e1 antecipando uma redu\u00e7\u00e3o de 0,5 ponto percentual na reuni\u00e3o de novembro. <\/p>\n\n\n\n<p>&#8220;Existe chance de que a reuni\u00e3o de dezembro traga um corte maior, mas acreditamos que o cen\u00e1rio mais prov\u00e1vel continue sendo um ajuste de mesma magnitude. Esperamos que a Selic feche 2023 em 11,75% e 2024 em 8,75%&#8221;, acrescentaram os analistas.<\/p>\n\n\n\n<h2 class=\"wp-block-heading\">Percep\u00e7\u00f5es de bancos estrangeiros<\/h2>\n\n\n\n<p>Para o banco brit\u00e2nico Barclays, o Copom deve seguir o plano de voo divulgado na sua \u00faltima reuni\u00e3o e reduzir a taxa Selic de 13,25% para 12,75% na quarta-feira (20). A institui\u00e7\u00e3o espera manuten\u00e7\u00e3o do ritmo de quedas em 0,5 ponto porcentual por reuni\u00e3o, mas reconhece que uma acelera\u00e7\u00e3o \u00e9 poss\u00edvel.<\/p>\n\n\n\n<p>\u201cEsperamos que o Copom&nbsp;<strong>corte a Selic<\/strong> em passos de 0,5 ponto porcentual no futuro pr\u00f3ximo, mas n\u00e3o podemos descartar a possibilidade de cortes maiores mais adiante no ciclo, \u00e0 medida que o horizonte relevante da&nbsp;<strong>pol\u00edtica monet\u00e1ria<\/strong>&nbsp;gradualmente muda para 2025\u2033, afirma o economista para Brasil do Barclays, Roberto Secemski, em relat\u00f3rio.<\/p>\n\n\n\n<p>Nesta linha, o <strong>Goldman Sachs<\/strong> tamb\u00e9m acredita que o comit\u00ea deve <strong>reduzir a&nbsp;taxa Selic<\/strong>&nbsp;em 0,5 ponto porcentual. Para o banco americano, o colegiado deve sinalizar que manter\u00e1 esse ritmo de cortes ao menos na reuni\u00e3o seguinte, em 1\u00ba de novembro.<\/p>\n\n\n\n<p>\u201cEsperamos que o Copom mantenha uma barra relativamente alta para acelerar o ritmo de cortes no curt\u00edssimo prazo\u201d, afirma o diretor de pesquisa macroecon\u00f4mica para Am\u00e9rica Latina do Goldman Sachs, Alberto Ramos.<\/p>\n\n\n\t<p>\n\t\t<a href=\"https:\/\/lp.suno.com.br\/ebook-como-analisar-uma-acao\/\" target=\"_blank\" data-element=\"shortcode-suno-banner\" title=\"Banner SUNO, clique e saiba mais\">\n\t\t\t<picture>\n\t\t\t\t<source media=\"(max-width: 500px)\" srcset=\"https:\/\/files.sunoresearch.com.br\/n\/uploads\/2023\/03\/Ebook-Acoes-Mobile.jpg\">\n\t\t\t\t<img class=\"newsContent__article__imgCapa newsContent__article__imgCapa--banner\"\n\t\t\t\t\tsrc=\"https:\/\/files.sunoresearch.com.br\/n\/uploads\/2023\/03\/Ebook-Acoes-Desktop.jpg\"\n\t\t\t\t\tdata-promo-id=\"378302\"\t\t\t\t\t\t\t\t\t\twidth='1420' height='286'\t\t\t\t\talt=\"https:\/\/files.sunoresearch.com.br\/n\/uploads\/2023\/03\/Ebook-Acoes-Desktop.jpg\"\n\t\t\t\t>\n\t\t\t<\/picture>\n\t\t<\/a>\n\t<\/p>\n\n\n\n\n\n<h2 class=\"wp-block-heading\">Corte de 0,5 ponto percentual tamb\u00e9m \u00e9 consenso entre grandes bancos brasileiros<\/h2>\n\n\n\n<p>Em relat\u00f3rio, o<strong> Santander (SANB11)<\/strong> afirmou esperar que o Copom corte a taxa Selic em 50 pontos-base na pr\u00f3xima reuni\u00e3o, previs\u00e3o que, segundo o banco, est\u00e1 em linha com o consenso dos analistas e com o precificado na <a href=\"https:\/\/www.suno.com.br\/artigos\/curva-de-juros\/\">curva de juros<\/a>. <\/p>\n\n\n\n<p>&#8220;Em nossa vis\u00e3o, a possibilidade de um ritmo mais acelerado de cortes est\u00e1 aumentando devido \u00e0s nossas expectativas de melhorias cont\u00ednuas na din\u00e2mica de infla\u00e7\u00e3o no <a href=\"https:\/\/www.suno.com.br\/artigos\/curto-prazo\/\">curto prazo<\/a> \u2013 especialmente nos servi\u00e7os \u2013 e de uma desacelera\u00e7\u00e3o maior da atividade nos pr\u00f3ximos trimestres&#8221;. <\/p>\n\n\n\n<p>Ainda de acordo com a institui\u00e7\u00e3o, dado que o <strong>Banco Central<\/strong> parece estar atribuindo maior peso \u00e0s condi\u00e7\u00f5es correntes, a acelera\u00e7\u00e3o do ritmo poder\u00e1 se dar at\u00e9 o final deste ano, ou ainda no in\u00edcio do pr\u00f3ximo. <\/p>\n\n\n\n<p>&#8220;No entanto, acreditamos que um ritmo mais acelerado para as reuni\u00f5es seguintes ainda n\u00e3o ser\u00e1 sinalizado pelo Banco Central, uma vez que as principais vari\u00e1veis do seu modelo de proje\u00e7\u00e3o se deterioraram desde a \u00faltima reuni\u00e3o, o que deve levar a piora em suas proje\u00e7\u00f5es de infla\u00e7\u00e3o e um tom hawkish ao comunicado. Nossa vis\u00e3o atual, portanto, \u00e9 que o ritmo de 50 pontos-base ainda \u00e9 o mais prov\u00e1vel, ao menos para as duas pr\u00f3ximas decis\u00f5es&#8221;, pontuou o Santander.<\/p>\n\n\n\n<p>J\u00e1 para o<strong> Ita\u00fa (ITUB4), <\/strong>o Copom&nbsp;deve anunciar um novo corte de 50 pontos-base da Selic em setembro, repetindo por ora que h\u00e1 unanimidade para manuten\u00e7\u00e3o do ritmo e, portanto, sem abrir espa\u00e7o para discuss\u00e3o de acelera\u00e7\u00e3o do ritmo de cortes no curto prazo. <\/p>\n\n\n\n<p>&#8220;A din\u00e2mica mais benigna da infla\u00e7\u00e3o de servi\u00e7os, no entanto, assim como a esperada desacelera\u00e7\u00e3o da economia (que deve ficar mais evidente ao longo da segunda metade do ano), devem permitir cortes maiores na virada do ano, bem como um ciclo mais profundo&#8221;, acrescentou o banco, apostando que a taxa Selic encerre 2023 em 11,50% a.a., e 9,00% em 2024.&nbsp;<\/p>\n\n\n\n<p>Por sua vez, um levantamento realizado pelo <strong>BTG Pactual<\/strong> entre os dias 12 e 15 de setembro que procurou saber a prospectiva do Copom, refor\u00e7ou as expectativas do mercado de corte na taxa. <\/p>\n\n\n\n<p>Das 57 pessoas que responderam \u00e0 pesquisa, quase 93% julga que o grupo cortar\u00e1 a Selic em 50 pontos-base na pr\u00f3xima reuni\u00e3o e, em novembro, aproximadamente 90% dos respondentes anteveem outro corte em igual propor\u00e7\u00e3o.<\/p>\n\n\n\n<p>Al\u00e9m disso, segundo a pesquisa realizada pelo BTG, cerca de 49% dos pesquisados veem a taxa Selic encerrando 2023 em 11,75%, enquanto quase 45% projeta a <a href=\"https:\/\/www.suno.com.br\/artigos\/juros\/\"><strong>taxa de juros<\/strong><\/a> no intervalo entre 11,25% e 11,50%. <\/p>\n\n\n\n<p>Para 2024, h\u00e1 vantagem para o grupo que enxerga a taxa entre 8,50 e 9,25% (cerca de 53% dos respondentes), seguido por aqueles que veem a Selic entre 9,50 e 10,25% (quase 30% dos pesquisados).<\/p>\n\n\n\n<h2 class=\"wp-block-heading\">XP: sem espa\u00e7o para acelera\u00e7\u00e3o<\/h2>\n\n\n\n<p>Os economistas Caio Megale, Rodolfo Margato e Alexandre Maluf, da <strong>XP<\/strong>, lembraram que desde a divulga\u00e7\u00e3o da ata da \u00faltima reuni\u00e3o, as expectativas de infla\u00e7\u00e3o de m\u00e9dio prazo praticamente n\u00e3o se alteraram, permanecendo acima da meta, e o <strong>PIB do 2\u00ba trimestre<\/strong> ficou acima do esperado. <\/p>\n\n\n\n<p>&#8220;A infla\u00e7\u00e3o de servi\u00e7os veio melhor do que o previsto no <strong>IPCA de julho<\/strong> e agosto, embora n\u00e3o substancialmente melhor, em nossa opini\u00e3o&#8221;, explicou a casa. No per\u00edodo entre as reuni\u00f5es, diz a XP, seus membros repetiram, diversas vezes, que a \u201cbarra \u00e9 alta\u201d para uma acelera\u00e7\u00e3o, as preocupa\u00e7\u00f5es fiscais aumentaram, os pre\u00e7os do petr\u00f3leo subiram novamente para mais de U$ 90\/barril e houve deprecia\u00e7\u00e3o do Real. &nbsp;<\/p>\n\n\n\n<p>&#8220;Assim, n\u00e3o vemos raz\u00f5es para o Copom considerar um corte de 0,75 ponto percentual na reuni\u00e3o desta semana. Outro corte de 0,50 ponto percentual &#8211; un\u00e2nime, desta vez &#8211; \u00e9 de longe o cen\u00e1rio mais prov\u00e1vel&#8221;, refor\u00e7ou.<\/p>\n\n\n\n<p>Ainda de acordo com a XP, considerando a din\u00e2mica benigna da <strong>infla\u00e7\u00e3o de servi\u00e7os<\/strong> e o fato da pol\u00edtica monet\u00e1ria estar em patamar bastante restritivo, o Comit\u00ea deve manter a discuss\u00e3o sobre eventual acelera\u00e7\u00e3o no ritmo de redu\u00e7\u00e3o de juros em seu comunicado oficial.<\/p>\n\n\n\n<p>&#8220;O ritmo de 0,50 ponto percentual por reuni\u00e3o parece ser o mais seguro para garantir juros mais baixos de forma sustent\u00e1vel adiante. Com proje\u00e7\u00f5es de infla\u00e7\u00e3o acima da meta e <a href=\"https:\/\/www.suno.com.br\/artigos\/indicadores-de-atividade\/\">indicadores de atividade<\/a> acima do esperado, n\u00e3o parece haver urg\u00eancia para um afrouxamento monet\u00e1rio muito antecipado&#8221;.<\/p>\n\n\n\n<p>De toda forma, cita a casa, como h\u00e1 confian\u00e7a em um espa\u00e7o relevante para cortes de juros, o <strong>Copom <\/strong>pode trocar tr\u00eas redu\u00e7\u00f5es de 0,50 ponto percentual por duas de 0,75 ponto percentual ao longo do caminho. <\/p>\n\n\n\n<p>Em relat\u00f3rio, a XP continua a ver a <a href=\"https:\/\/www.suno.com.br\/artigos\/politica-fiscal-expansionista\/\">pol\u00edtica fiscal expansionista<\/a> como um limitador para uma flexibiliza\u00e7\u00e3o monet\u00e1ria mais intensa. Al\u00e9m disso, o mundo discute o risco das taxas de juros nos pa\u00edses desenvolvidos serem mais elevadas no <a href=\"https:\/\/www.suno.com.br\/artigos\/longo-prazo\/\">longo prazo<\/a>, o que tamb\u00e9m tenderia a limitar a queda de juros no Brasil. A casa mant\u00e9m o cen\u00e1rio de taxa <strong>Selic<\/strong> a 11,75% no final de 2023 e 10,00% em 2024.<\/p>\n\n\n\t<p>\n\t\t<a href=\"https:\/\/lp.suno.com.br\/planilha-da-vida-financeira\/\" target=\"_blank\" data-element=\"shortcode-suno-banner\" title=\"Banner SUNO, clique e saiba mais\">\n\t\t\t<picture>\n\t\t\t\t<source media=\"(max-width: 500px)\" srcset=\"https:\/\/files.sunoresearch.com.br\/n\/uploads\/2023\/04\/400x300-Planilha-vida-financeira-true.png\">\n\t\t\t\t<img class=\"newsContent__article__imgCapa newsContent__article__imgCapa--banner\"\n\t\t\t\t\tsrc=\"https:\/\/files.sunoresearch.com.br\/n\/uploads\/2023\/04\/1420x240-Planilha-vida-financeira-true.png\"\n\t\t\t\t\tdata-promo-id=\"383123\"\t\t\t\t\t\t\t\t\t\twidth='1420' height='240'\t\t\t\t\talt=\"https:\/\/files.sunoresearch.com.br\/n\/uploads\/2023\/04\/1420x240-Planilha-vida-financeira-true.png\"\n\t\t\t\t>\n\t\t\t<\/picture>\n\t\t<\/a>\n\t<\/p>\n\n\n","protected":false},"excerpt":{"rendered":"<p>Considerado o evento mais aguardado da agenda da semana no Brasil, o\u00a0Comit\u00ea de\u00a0Pol\u00edtica Monet\u00e1ria\u00a0(Copom), do Banco Central (BC),\u00a0pode confirmar amanh\u00e3 (20) mais um corte de 0,5 ponto percentual da taxa de juros, a Selic. Hoje, a taxa est\u00e1 em 13,25% ao ano. A reuni\u00e3o teve in\u00edcio hoje (19) \u00e0s 10h16. Quais melhores investimentos para \u201csurfar\u201d [&hellip;]<\/p>\n","protected":false},"author":313,"featured_media":408708,"comment_status":"closed","ping_status":"closed","sticky":false,"template":"","format":"standard","meta":[],"categories":[62],"tags":[1104,105816,2448,1752,290],"suno_strategy":[],"class_list":["post-458303","post","type-post","status-publish","format-standard","has-post-thumbnail","hentry","category-economia","tag-copom","tag-especialistas","tag-politica-monetaria","tag-taxa-de-juros","tag-taxa-selic"],"yoast_head":"<!-- This site is optimized with the Yoast SEO plugin v24.4 - https:\/\/yoast.com\/wordpress\/plugins\/seo\/ -->\n<title>Selic: corte de 0,5 ponto percentual do Copom \u00e9 consenso entre analistas<\/title>\n<meta name=\"description\" content=\"Nesta semana, o\u00a0Comit\u00ea de\u00a0Pol\u00edtica Monet\u00e1ria\u00a0(Copom), do Banco Central,\u00a0pode cortar a taxa Selic mais uma vez em 0,5 ponto percentual.\" \/>\n<meta name=\"robots\" content=\"index, follow, max-snippet:-1, max-image-preview:large, max-video-preview:-1\" \/>\n<link rel=\"canonical\" href=\"https:\/\/www.suno.com.br\/noticias\/selic-corte-05-ponto-copom-consenso-analistas-gpj\/\" \/>\n<meta property=\"og:locale\" content=\"pt_BR\" \/>\n<meta property=\"og:type\" content=\"article\" \/>\n<meta property=\"og:title\" content=\"Selic: corte de 0,5 ponto percentual do Copom \u00e9 consenso entre analistas\" \/>\n<meta property=\"og:description\" content=\"Nesta semana, o\u00a0Comit\u00ea de\u00a0Pol\u00edtica Monet\u00e1ria\u00a0(Copom), do Banco Central,\u00a0pode cortar a taxa Selic mais uma vez em 0,5 ponto percentual.\" \/>\n<meta property=\"og:url\" content=\"https:\/\/www.suno.com.br\/noticias\/selic-corte-05-ponto-copom-consenso-analistas-gpj\/\" \/>\n<meta property=\"og:site_name\" content=\"Suno Not\u00edcias\" \/>\n<meta property=\"article:publisher\" content=\"https:\/\/facebook.com\/sunoresearch\" \/>\n<meta property=\"og:image\" content=\"https:\/\/files.sunoresearch.com.br\/n\/uploads\/2023\/05\/selic.jpg\" \/>\n\t<meta property=\"og:image:width\" content=\"1200\" \/>\n\t<meta property=\"og:image:height\" content=\"800\" \/>\n\t<meta property=\"og:image:type\" content=\"image\/jpeg\" \/>\n<meta name=\"author\" content=\"Giovanni Porf\u00edrio Jacomino\" \/>\n<meta name=\"twitter:card\" content=\"summary_large_image\" \/>\n<meta name=\"twitter:creator\" content=\"@sunoresearch\" \/>\n<meta name=\"twitter:site\" content=\"@sunoresearch\" \/>\n<meta name=\"twitter:label1\" content=\"Escrito por\" \/>\n\t<meta name=\"twitter:data1\" content=\"Giovanni Porf\u00edrio Jacomino\" \/>\n\t<meta name=\"twitter:label2\" content=\"Est. tempo de leitura\" \/>\n\t<meta name=\"twitter:data2\" content=\"9 minutos\" \/>\n<script type=\"application\/ld+json\" class=\"yoast-schema-graph\">{\"@context\":\"https:\/\/schema.org\",\"@graph\":[{\"@type\":\"NewsArticle\",\"@id\":\"https:\/\/www.suno.com.br\/noticias\/selic-corte-05-ponto-copom-consenso-analistas-gpj\/#article\",\"isPartOf\":{\"@id\":\"https:\/\/www.suno.com.br\/noticias\/selic-corte-05-ponto-copom-consenso-analistas-gpj\/\"},\"author\":{\"name\":\"Giovanni Porf\u00edrio Jacomino\",\"@id\":\"https:\/\/www.suno.com.br\/noticias\/#\/schema\/person\/d0f32748bbca4bee871fa191ee4e2d40\"},\"headline\":\"Copom: corte da Selic em 0,5 ponto percentual \u00e9 consenso entre analistas\",\"datePublished\":\"2023-09-19T13:29:45+00:00\",\"dateModified\":\"2023-09-19T22:30:38+00:00\",\"mainEntityOfPage\":{\"@id\":\"https:\/\/www.suno.com.br\/noticias\/selic-corte-05-ponto-copom-consenso-analistas-gpj\/\"},\"wordCount\":1664,\"publisher\":{\"@id\":\"https:\/\/www.suno.com.br\/noticias\/#organization\"},\"image\":{\"@id\":\"https:\/\/www.suno.com.br\/noticias\/selic-corte-05-ponto-copom-consenso-analistas-gpj\/#primaryimage\"},\"thumbnailUrl\":\"https:\/\/files.sunoresearch.com.br\/n\/uploads\/2023\/05\/selic.jpg\",\"keywords\":[\"Copom\",\"Especialistas\",\"pol\u00edtica monet\u00e1ria\",\"taxa de juros\",\"Taxa Selic\"],\"articleSection\":[\"Economia\"],\"inLanguage\":\"pt-BR\"},{\"@type\":\"WebPage\",\"@id\":\"https:\/\/www.suno.com.br\/noticias\/selic-corte-05-ponto-copom-consenso-analistas-gpj\/\",\"url\":\"https:\/\/www.suno.com.br\/noticias\/selic-corte-05-ponto-copom-consenso-analistas-gpj\/\",\"name\":\"Selic: corte de 0,5 ponto percentual do Copom \u00e9 consenso entre analistas\",\"isPartOf\":{\"@id\":\"https:\/\/www.suno.com.br\/noticias\/#website\"},\"primaryImageOfPage\":{\"@id\":\"https:\/\/www.suno.com.br\/noticias\/selic-corte-05-ponto-copom-consenso-analistas-gpj\/#primaryimage\"},\"image\":{\"@id\":\"https:\/\/www.suno.com.br\/noticias\/selic-corte-05-ponto-copom-consenso-analistas-gpj\/#primaryimage\"},\"thumbnailUrl\":\"https:\/\/files.sunoresearch.com.br\/n\/uploads\/2023\/05\/selic.jpg\",\"datePublished\":\"2023-09-19T13:29:45+00:00\",\"dateModified\":\"2023-09-19T22:30:38+00:00\",\"description\":\"Nesta semana, o\u00a0Comit\u00ea de\u00a0Pol\u00edtica Monet\u00e1ria\u00a0(Copom), do Banco Central,\u00a0pode cortar a taxa Selic mais uma vez em 0,5 ponto percentual.\",\"breadcrumb\":{\"@id\":\"https:\/\/www.suno.com.br\/noticias\/selic-corte-05-ponto-copom-consenso-analistas-gpj\/#breadcrumb\"},\"inLanguage\":\"pt-BR\",\"potentialAction\":[{\"@type\":\"ReadAction\",\"target\":[\"https:\/\/www.suno.com.br\/noticias\/selic-corte-05-ponto-copom-consenso-analistas-gpj\/\"]}]},{\"@type\":\"ImageObject\",\"inLanguage\":\"pt-BR\",\"@id\":\"https:\/\/www.suno.com.br\/noticias\/selic-corte-05-ponto-copom-consenso-analistas-gpj\/#primaryimage\",\"url\":\"https:\/\/files.sunoresearch.com.br\/n\/uploads\/2023\/05\/selic.jpg\",\"contentUrl\":\"https:\/\/files.sunoresearch.com.br\/n\/uploads\/2023\/05\/selic.jpg\",\"width\":1200,\"height\":800,\"caption\":\"Quais melhores investimentos para \u201csurfar\u201d a queda da Selic? - Foto: iStock\"},{\"@type\":\"BreadcrumbList\",\"@id\":\"https:\/\/www.suno.com.br\/noticias\/selic-corte-05-ponto-copom-consenso-analistas-gpj\/#breadcrumb\",\"itemListElement\":[{\"@type\":\"ListItem\",\"position\":1,\"name\":\"Not\u00edcias\",\"item\":\"https:\/\/www.suno.com.br\/noticias\/\"},{\"@type\":\"ListItem\",\"position\":2,\"name\":\"Economia\",\"item\":\"https:\/\/www.suno.com.br\/noticias\/economia\/\"},{\"@type\":\"ListItem\",\"position\":3,\"name\":\"Copom: corte da Selic em 0,5 ponto percentual \u00e9 consenso entre analistas\"}]},{\"@type\":\"WebSite\",\"@id\":\"https:\/\/www.suno.com.br\/noticias\/#website\",\"url\":\"https:\/\/www.suno.com.br\/noticias\/\",\"name\":\"Suno Not\u00edcias\",\"description\":\"Seu portal de informa\u00e7\u00e3o sobre o mundo dos investimentos\",\"publisher\":{\"@id\":\"https:\/\/www.suno.com.br\/noticias\/#organization\"},\"potentialAction\":[{\"@type\":\"SearchAction\",\"target\":{\"@type\":\"EntryPoint\",\"urlTemplate\":\"https:\/\/www.suno.com.br\/noticias\/?s={search_term_string}\"},\"query-input\":{\"@type\":\"PropertyValueSpecification\",\"valueRequired\":true,\"valueName\":\"search_term_string\"}}],\"inLanguage\":\"pt-BR\"},{\"@type\":\"Organization\",\"@id\":\"https:\/\/www.suno.com.br\/noticias\/#organization\",\"name\":\"Suno Not\u00edcias\",\"url\":\"https:\/\/www.suno.com.br\/noticias\/\",\"logo\":{\"@type\":\"ImageObject\",\"inLanguage\":\"pt-BR\",\"@id\":\"https:\/\/www.suno.com.br\/noticias\/#\/schema\/logo\/image\/\",\"url\":\"https:\/\/files.sunoresearch.com.br\/n\/uploads\/2021\/09\/suno-logo.png\",\"contentUrl\":\"https:\/\/files.sunoresearch.com.br\/n\/uploads\/2021\/09\/suno-logo.png\",\"width\":180,\"height\":180,\"caption\":\"Suno Not\u00edcias\"},\"image\":{\"@id\":\"https:\/\/www.suno.com.br\/noticias\/#\/schema\/logo\/image\/\"},\"sameAs\":[\"https:\/\/facebook.com\/sunoresearch\",\"https:\/\/x.com\/sunoresearch\",\"https:\/\/www.instagram.com\/suno\",\"https:\/\/www.linkedin.com\/company\/suno-research\/\",\"https:\/\/www.youtube.com\/c\/sunoresearch\"]},{\"@type\":\"Person\",\"@id\":\"https:\/\/www.suno.com.br\/noticias\/#\/schema\/person\/d0f32748bbca4bee871fa191ee4e2d40\",\"name\":\"Giovanni Porf\u00edrio Jacomino\",\"image\":{\"@type\":\"ImageObject\",\"inLanguage\":\"pt-BR\",\"@id\":\"https:\/\/www.suno.com.br\/noticias\/#\/schema\/person\/image\/\",\"url\":\"https:\/\/secure.gravatar.com\/avatar\/efb32e19b730a121cb7a80f41ffec01a?s=96&r=g\",\"contentUrl\":\"https:\/\/secure.gravatar.com\/avatar\/efb32e19b730a121cb7a80f41ffec01a?s=96&r=g\",\"caption\":\"Giovanni Porf\u00edrio Jacomino\"},\"description\":\"Giovanni Porf\u00edrio Jacomino \u00e9 jornalista formado pela Universidade Estadual de Londrina (UEL) e p\u00f3s-graduado em Produ\u00e7\u00e3o e Pr\u00e1ticas Jornal\u00edsticas na Contemporaneidade na Faculdade C\u00e1sper L\u00edbero (FCL). Foi editor web no Startupi e no Finsiders, atuando ainda como editor no TC Mover, portal de not\u00edcias da TradersClub, fazendo a cobertura de assuntos relacionados ao mercado financeiro interno e externo. Atualmente, \u00e9 Rep\u00f3rter do Suno Not\u00edcias.\",\"url\":\"https:\/\/www.suno.com.br\/noticias\/author\/giovanni-porfiriosuno-com-br\/\"}]}<\/script>\n<!-- \/ Yoast SEO plugin. -->","yoast_head_json":{"title":"Selic: corte de 0,5 ponto percentual do Copom \u00e9 consenso entre analistas","description":"Nesta semana, o\u00a0Comit\u00ea de\u00a0Pol\u00edtica Monet\u00e1ria\u00a0(Copom), do Banco Central,\u00a0pode cortar a taxa Selic mais uma vez em 0,5 ponto percentual.","robots":{"index":"index","follow":"follow","max-snippet":"max-snippet:-1","max-image-preview":"max-image-preview:large","max-video-preview":"max-video-preview:-1"},"canonical":"https:\/\/www.suno.com.br\/noticias\/selic-corte-05-ponto-copom-consenso-analistas-gpj\/","og_locale":"pt_BR","og_type":"article","og_title":"Selic: corte de 0,5 ponto percentual do Copom \u00e9 consenso entre analistas","og_description":"Nesta semana, o\u00a0Comit\u00ea de\u00a0Pol\u00edtica Monet\u00e1ria\u00a0(Copom), do Banco Central,\u00a0pode cortar a taxa Selic mais uma vez em 0,5 ponto percentual.","og_url":"https:\/\/www.suno.com.br\/noticias\/selic-corte-05-ponto-copom-consenso-analistas-gpj\/","og_site_name":"Suno Not\u00edcias","article_publisher":"https:\/\/facebook.com\/sunoresearch","og_image":[{"width":1200,"height":800,"url":"https:\/\/files.sunoresearch.com.br\/n\/uploads\/2023\/05\/selic.jpg","type":"image\/jpeg"}],"author":"Giovanni Porf\u00edrio Jacomino","twitter_card":"summary_large_image","twitter_creator":"@sunoresearch","twitter_site":"@sunoresearch","twitter_misc":{"Escrito por":"Giovanni Porf\u00edrio Jacomino","Est. tempo de leitura":"9 minutos"},"schema":{"@context":"https:\/\/schema.org","@graph":[{"@type":"NewsArticle","@id":"https:\/\/www.suno.com.br\/noticias\/selic-corte-05-ponto-copom-consenso-analistas-gpj\/#article","isPartOf":{"@id":"https:\/\/www.suno.com.br\/noticias\/selic-corte-05-ponto-copom-consenso-analistas-gpj\/"},"author":{"name":"Giovanni Porf\u00edrio Jacomino","@id":"https:\/\/www.suno.com.br\/noticias\/#\/schema\/person\/d0f32748bbca4bee871fa191ee4e2d40"},"headline":"Copom: corte da Selic em 0,5 ponto percentual \u00e9 consenso entre analistas","datePublished":"2023-09-19T13:29:45+00:00","dateModified":"2023-09-19T22:30:38+00:00","mainEntityOfPage":{"@id":"https:\/\/www.suno.com.br\/noticias\/selic-corte-05-ponto-copom-consenso-analistas-gpj\/"},"wordCount":1664,"publisher":{"@id":"https:\/\/www.suno.com.br\/noticias\/#organization"},"image":{"@id":"https:\/\/www.suno.com.br\/noticias\/selic-corte-05-ponto-copom-consenso-analistas-gpj\/#primaryimage"},"thumbnailUrl":"https:\/\/files.sunoresearch.com.br\/n\/uploads\/2023\/05\/selic.jpg","keywords":["Copom","Especialistas","pol\u00edtica monet\u00e1ria","taxa de juros","Taxa Selic"],"articleSection":["Economia"],"inLanguage":"pt-BR"},{"@type":"WebPage","@id":"https:\/\/www.suno.com.br\/noticias\/selic-corte-05-ponto-copom-consenso-analistas-gpj\/","url":"https:\/\/www.suno.com.br\/noticias\/selic-corte-05-ponto-copom-consenso-analistas-gpj\/","name":"Selic: corte de 0,5 ponto percentual do Copom \u00e9 consenso entre analistas","isPartOf":{"@id":"https:\/\/www.suno.com.br\/noticias\/#website"},"primaryImageOfPage":{"@id":"https:\/\/www.suno.com.br\/noticias\/selic-corte-05-ponto-copom-consenso-analistas-gpj\/#primaryimage"},"image":{"@id":"https:\/\/www.suno.com.br\/noticias\/selic-corte-05-ponto-copom-consenso-analistas-gpj\/#primaryimage"},"thumbnailUrl":"https:\/\/files.sunoresearch.com.br\/n\/uploads\/2023\/05\/selic.jpg","datePublished":"2023-09-19T13:29:45+00:00","dateModified":"2023-09-19T22:30:38+00:00","description":"Nesta semana, o\u00a0Comit\u00ea de\u00a0Pol\u00edtica Monet\u00e1ria\u00a0(Copom), do Banco Central,\u00a0pode cortar a taxa Selic mais uma vez em 0,5 ponto percentual.","breadcrumb":{"@id":"https:\/\/www.suno.com.br\/noticias\/selic-corte-05-ponto-copom-consenso-analistas-gpj\/#breadcrumb"},"inLanguage":"pt-BR","potentialAction":[{"@type":"ReadAction","target":["https:\/\/www.suno.com.br\/noticias\/selic-corte-05-ponto-copom-consenso-analistas-gpj\/"]}]},{"@type":"ImageObject","inLanguage":"pt-BR","@id":"https:\/\/www.suno.com.br\/noticias\/selic-corte-05-ponto-copom-consenso-analistas-gpj\/#primaryimage","url":"https:\/\/files.sunoresearch.com.br\/n\/uploads\/2023\/05\/selic.jpg","contentUrl":"https:\/\/files.sunoresearch.com.br\/n\/uploads\/2023\/05\/selic.jpg","width":1200,"height":800,"caption":"Quais melhores investimentos para \u201csurfar\u201d a queda da Selic? - Foto: iStock"},{"@type":"BreadcrumbList","@id":"https:\/\/www.suno.com.br\/noticias\/selic-corte-05-ponto-copom-consenso-analistas-gpj\/#breadcrumb","itemListElement":[{"@type":"ListItem","position":1,"name":"Not\u00edcias","item":"https:\/\/www.suno.com.br\/noticias\/"},{"@type":"ListItem","position":2,"name":"Economia","item":"https:\/\/www.suno.com.br\/noticias\/economia\/"},{"@type":"ListItem","position":3,"name":"Copom: corte da Selic em 0,5 ponto percentual \u00e9 consenso entre analistas"}]},{"@type":"WebSite","@id":"https:\/\/www.suno.com.br\/noticias\/#website","url":"https:\/\/www.suno.com.br\/noticias\/","name":"Suno Not\u00edcias","description":"Seu portal de informa\u00e7\u00e3o sobre o mundo dos investimentos","publisher":{"@id":"https:\/\/www.suno.com.br\/noticias\/#organization"},"potentialAction":[{"@type":"SearchAction","target":{"@type":"EntryPoint","urlTemplate":"https:\/\/www.suno.com.br\/noticias\/?s={search_term_string}"},"query-input":{"@type":"PropertyValueSpecification","valueRequired":true,"valueName":"search_term_string"}}],"inLanguage":"pt-BR"},{"@type":"Organization","@id":"https:\/\/www.suno.com.br\/noticias\/#organization","name":"Suno Not\u00edcias","url":"https:\/\/www.suno.com.br\/noticias\/","logo":{"@type":"ImageObject","inLanguage":"pt-BR","@id":"https:\/\/www.suno.com.br\/noticias\/#\/schema\/logo\/image\/","url":"https:\/\/files.sunoresearch.com.br\/n\/uploads\/2021\/09\/suno-logo.png","contentUrl":"https:\/\/files.sunoresearch.com.br\/n\/uploads\/2021\/09\/suno-logo.png","width":180,"height":180,"caption":"Suno Not\u00edcias"},"image":{"@id":"https:\/\/www.suno.com.br\/noticias\/#\/schema\/logo\/image\/"},"sameAs":["https:\/\/facebook.com\/sunoresearch","https:\/\/x.com\/sunoresearch","https:\/\/www.instagram.com\/suno","https:\/\/www.linkedin.com\/company\/suno-research\/","https:\/\/www.youtube.com\/c\/sunoresearch"]},{"@type":"Person","@id":"https:\/\/www.suno.com.br\/noticias\/#\/schema\/person\/d0f32748bbca4bee871fa191ee4e2d40","name":"Giovanni Porf\u00edrio Jacomino","image":{"@type":"ImageObject","inLanguage":"pt-BR","@id":"https:\/\/www.suno.com.br\/noticias\/#\/schema\/person\/image\/","url":"https:\/\/secure.gravatar.com\/avatar\/efb32e19b730a121cb7a80f41ffec01a?s=96&r=g","contentUrl":"https:\/\/secure.gravatar.com\/avatar\/efb32e19b730a121cb7a80f41ffec01a?s=96&r=g","caption":"Giovanni Porf\u00edrio Jacomino"},"description":"Giovanni Porf\u00edrio Jacomino \u00e9 jornalista formado pela Universidade Estadual de Londrina (UEL) e p\u00f3s-graduado em Produ\u00e7\u00e3o e Pr\u00e1ticas Jornal\u00edsticas na Contemporaneidade na Faculdade C\u00e1sper L\u00edbero (FCL). Foi editor web no Startupi e no Finsiders, atuando ainda como editor no TC Mover, portal de not\u00edcias da TradersClub, fazendo a cobertura de assuntos relacionados ao mercado financeiro interno e externo. Atualmente, \u00e9 Rep\u00f3rter do Suno Not\u00edcias.","url":"https:\/\/www.suno.com.br\/noticias\/author\/giovanni-porfiriosuno-com-br\/"}]}},"default_loop_html":"<div class=\"cardsPage__listCard__boxs\"><div class=\"cardsPage__listCard__boxs__img\"><a href=\"https:\/\/www.suno.com.br\/noticias\/selic-corte-05-ponto-copom-consenso-analistas-gpj\/\"><img class=\"mask\" src=\"https:\/\/www.suno.com.br\/noticias\/wp-content\/themes\/suno\/resources\/images\/spotlight\/spotlight1img\/bg-mask.png\" alt=\"Image Mask\"\/><img src=\"https:\/\/files.sunoresearch.com.br\/n\/uploads\/2023\/05\/selic-400x200.jpg\" alt=\"Copom: corte da Selic em 0,5 ponto percentual \u00e9 consenso entre analistas\"\/><\/a><span class=\"spotlightCategory\"><a href=\"https:\/\/www.suno.com.br\/noticias\/economia\/\">Economia<\/a><\/span><\/div><div class=\"cardsPage__listCard__boxs__content\"><a href=\"https:\/\/www.suno.com.br\/noticias\/selic-corte-05-ponto-copom-consenso-analistas-gpj\/\"><h2 class=\"content__title\">Copom: corte da Selic em 0,5 ponto percentual \u00e9 consenso entre analistas<\/h2><\/a><div class=\"newsContent__article__meta\"><div class=\"newsContent__article__meta__authorBox\"><a href=\"https:\/\/www.suno.com.br\/noticias\/author\/giovanni-porfiriosuno-com-br\/\" class=\"authorBox__avatar noMobi\"><img src=\"https:\/\/files.sunoresearch.com.br\/n\/uploads\/2024\/05\/DSCF4115-1-1-150x150.webp\" alt=\"Giovanni Porf\u00edrio Jacomino\"><\/a><div class=\"authorBox__name\"><span>por\n\t\t\t<a href=\"https:\/\/www.suno.com.br\/noticias\/author\/giovanni-porfiriosuno-com-br\/\"><span itemprop=\"author\">Giovanni Porf\u00edrio Jacomino<\/span><\/a><\/span><time datetime=\"2023-09-19T10:29:45-03:00\" itemprop=\"datePublished\">19\/09\/2023 10:29<\/time><\/div><\/div><\/div><\/div><\/div>","single_layout":"posts","amp_enabled":true,"_links":{"self":[{"href":"https:\/\/www.suno.com.br\/noticias\/wp-json\/wp\/v2\/posts\/458303"}],"collection":[{"href":"https:\/\/www.suno.com.br\/noticias\/wp-json\/wp\/v2\/posts"}],"about":[{"href":"https:\/\/www.suno.com.br\/noticias\/wp-json\/wp\/v2\/types\/post"}],"author":[{"embeddable":true,"href":"https:\/\/www.suno.com.br\/noticias\/wp-json\/wp\/v2\/users\/313"}],"replies":[{"embeddable":true,"href":"https:\/\/www.suno.com.br\/noticias\/wp-json\/wp\/v2\/comments?post=458303"}],"version-history":[{"count":3,"href":"https:\/\/www.suno.com.br\/noticias\/wp-json\/wp\/v2\/posts\/458303\/revisions"}],"predecessor-version":[{"id":458759,"href":"https:\/\/www.suno.com.br\/noticias\/wp-json\/wp\/v2\/posts\/458303\/revisions\/458759"}],"wp:featuredmedia":[{"embeddable":true,"href":"https:\/\/www.suno.com.br\/noticias\/wp-json\/wp\/v2\/media\/408708"}],"wp:attachment":[{"href":"https:\/\/www.suno.com.br\/noticias\/wp-json\/wp\/v2\/media?parent=458303"}],"wp:term":[{"taxonomy":"category","embeddable":true,"href":"https:\/\/www.suno.com.br\/noticias\/wp-json\/wp\/v2\/categories?post=458303"},{"taxonomy":"post_tag","embeddable":true,"href":"https:\/\/www.suno.com.br\/noticias\/wp-json\/wp\/v2\/tags?post=458303"},{"taxonomy":"suno_strategy","embeddable":true,"href":"https:\/\/www.suno.com.br\/noticias\/wp-json\/wp\/v2\/suno_strategy?post=458303"}],"curies":[{"name":"wp","href":"https:\/\/api.w.org\/{rel}","templated":true}]}}