{"id":45830,"date":"2019-11-27T09:18:16","date_gmt":"2019-11-27T11:18:16","guid":{"rendered":"https:\/\/www.suno.com.br\/noticias\/?p=45830"},"modified":"2019-12-02T14:02:15","modified_gmt":"2019-12-02T16:02:15","slug":"fundo-de-pensao-canada-smart-fit","status":"publish","type":"post","link":"https:\/\/www.suno.com.br\/noticias\/fundo-de-pensao-canada-smart-fit\/","title":{"rendered":"Fundo de pens\u00e3o do Canad\u00e1 compra 12,4% da Smart Fit"},"content":{"rendered":"<p>A <strong>CPPIB<\/strong>, <strong>fundo de pens\u00e3o<\/strong> do <strong>Canad\u00e1<\/strong>, adquiriu 12,4% da rede de <strong>academias<\/strong> Smart Fit por R$ 1,07 bilh\u00e3o.<\/p>\t<div class=\"wrapper-featured-image\">\n\t\t<figure class=\"spotlightImg\">\n\n\t\t\t<picture>\n\t\t\t\t<source media=\"(max-width: 768px)\" srcset=\"https:\/\/files.sunoresearch.com.br\/n\/uploads\/2019\/10\/3c51d914-smart-fit-400x200.webp\">\n\t\t\t\t<img loading=\"lazy\" decoding=\"async\" class=\"newsContent__article__imgCapa lazyloadDisabled newsContent__article__imgCapa--noCaption\" src=\"https:\/\/files.sunoresearch.com.br\/n\/uploads\/2019\/10\/3c51d914-smart-fit-800x450.webp\" width=\"800\" height=\"450\" alt=\"Fundo de pens\u00e3o do Canad\u00e1 compra 12,4% da Smart Fit\" fetchpriority=high \/>\n\t\t\t<\/picture>\n\n\t\t\t<figcaption class=\"wp-caption-text wp-caption-text--hide\">SmartFit (SMFT3). Foto: Divulga\u00e7\u00e3o.<\/figcaption>\n\t\t<\/figure>\n\t<\/div>\n\n\n\n<p>&#8220;A<strong> Smart Fit<\/strong> oferece oportunidade para CPPIB aumentar a sua exposi\u00e7\u00e3o na Am\u00e9rica Latina&#8221;, disse a diretora-geral respons\u00e1vel pelos investimentos, <strong>Tania Chocolat<\/strong>. De acordo com a diretora, o fundo investe desde 2006 na <strong>Am\u00e9rica Latina<\/strong> e tem um total de R$ 16,4 bilh\u00f5es investidos.<\/p>\n<p><a href=\"https:\/\/www.suno.com.br\/black-friday-2019\/assinaturas\/\">Black Friday Suno \u2013 pague 2 anos e leve 3 nas principais assinaturas da Suno Research<\/a><\/p>\n<p>A empresa do<strong> Grupo Bio Ritmo<\/strong> chegou a considerar abrir o capital, no entanto, desistiu da ideia com os aportes que recebeu.<\/p>\n<h2>Smart Fit fecha acordo de aumento de capital<\/h2>\n<p>A Smart Fit comunicou no dia 18 deste m\u00eas que concluiu o acordo de aumento de capital de R$ 500 milh\u00f5es com seus acionistas controladores.<\/p>\n<p>Entre os acionistas controladores est\u00e3o os fundos administrados pelo P\u00e1tria Investimento, com a BPE FIT, tamb\u00e9m controlada por fundos geridos pelo P\u00e1tria. O acordo foi divulgado no final de maio.<\/p>\n<p><a href=\"\/\/www.suno.com.br\/noticias\/smart-fit-aumento-capital-patria\/\">Confira Tamb\u00e9m: Smart Fit deve receber inje\u00e7\u00e3o de R$ 500 milh\u00f5es da P\u00e1tria Investimentos<\/a><\/p>\n<p>O <a href=\"https:\/\/www.suno.com.br\/artigos\/aumento-capital\/\">aumento de capital<\/a> aconteceu por meio da subscri\u00e7\u00e3o e integraliza\u00e7\u00e3o de novas a\u00e7\u00f5es ordin\u00e1rias de emiss\u00e3o da Smart, subscritas e integralizadas pela <strong>BPE<\/strong> <strong>FIT<\/strong> e por um acionista de menos porte da empresa, que colocou em pratica seu direito de prefer\u00eancia. A BPE Fit tamb\u00e9m adquiriu a\u00e7\u00f5es de emiss\u00e3o da Smart Fit de certos acionistas.<\/p>\n<p>&#8220;Foi celebrado um novo acordo de acionistas entre alguns acionistas controladores atuais e a BPE FIT, e o controle da Companhia permanece detido pelo mesmo bloco de controle atual&#8221;, atesta o comunicado da Smart Fit. A empresa \u00e9 atualmente controlada pelo grupo P\u00e1tria e tamb\u00e9m pela fam\u00edlia Corona.<\/p>\n<h2>Joint ventures na Am\u00e9rica Latina<\/h2>\n<p>A rede de academias informou, em meados de setembro, que ir\u00e1 realizar um acordo de<strong><a href=\"https:\/\/www.suno.com.br\/artigos\/joint-venture\/\"> joint venture<\/a><\/strong> com parceiros estrat\u00e9gicos n\u00e3o divulgados.<\/p>\n<p>O objetivo da rede de academias\u00a0\u00e9 construir joint ventures na <strong>Am\u00e9rica Latina<\/strong>. Desse modo, a rede de academias realizar\u00e1 um aporte inicial de at\u00e9 US$ 600 mil.<\/p>\n\t<p>\n\t\t<a href=\"https:\/\/lp.suno.com.br\/ebook-guia-ir\/\" target=\"_blank\" data-element=\"shortcode-suno-banner\" title=\"Banner SUNO, clique e saiba mais\">\n\t\t\t<picture>\n\t\t\t\t<source media=\"(max-width: 500px)\" srcset=\"https:\/\/files.sunoresearch.com.br\/n\/uploads\/2023\/03\/400x300-Ebook-IR.png\">\n\t\t\t\t<img class=\"newsContent__article__imgCapa newsContent__article__imgCapa--banner\"\n\t\t\t\t\tsrc=\"https:\/\/files.sunoresearch.com.br\/n\/uploads\/2023\/03\/1420x240-Ebook-IR.png\"\n\t\t\t\t\tdata-promo-id=\"383124\"\t\t\t\t\t\t\t\t\t\twidth='1420' height='240'\t\t\t\t\talt=\"https:\/\/files.sunoresearch.com.br\/n\/uploads\/2023\/03\/1420x240-Ebook-IR.png\"\n\t\t\t\t>\n\t\t\t<\/picture>\n\t\t<\/a>\n\t<\/p>\n\n\n<p>Ao todo, a empresa conta com mais de 2,2 milh\u00f5es de alunos matriculados em sua rede de academias. A marca tem presen\u00e7a em 11 pa\u00edses da Am\u00e9rica Latina. S\u00e3o eles:<\/p>\n<ul>\n<li>Brasil<\/li>\n<li>M\u00e9xico<\/li>\n<li>Guatemala<\/li>\n<li>Rep\u00fablica Dominicana<\/li>\n<li>Chile<\/li>\n<li>Peru<\/li>\n<li>Argentina<\/li>\n<li>Col\u00f4mbia<\/li>\n<li>Equador<\/li>\n<li>Paraguai<\/li>\n<li>Panam\u00e1.<\/li>\n<\/ul>\n<p>De acordo com o CEO da empresa, Edgard Corona, o plano da<strong> Smart Fit<\/strong> \u00e9 se expandir o mais r\u00e1pido poss\u00edvel.<\/p>\n","protected":false},"excerpt":{"rendered":"<p>A CPPIB, fundo de pens\u00e3o do Canad\u00e1, adquiriu 12,4% da rede de academias Smart Fit por R$ 1,07 bilh\u00e3o. SmartFit (SMFT3). Foto: Divulga\u00e7\u00e3o. &#8220;A Smart Fit oferece oportunidade para CPPIB aumentar a sua exposi\u00e7\u00e3o na Am\u00e9rica Latina&#8221;, disse a diretora-geral respons\u00e1vel pelos investimentos, Tania Chocolat. De acordo com a diretora, o fundo investe desde 2006 [&hellip;]<\/p>\n","protected":false},"author":15,"featured_media":41632,"comment_status":"closed","ping_status":"closed","sticky":false,"template":"","format":"standard","meta":[],"categories":[64],"tags":[636],"suno_strategy":[],"class_list":["post-45830","post","type-post","status-publish","format-standard","has-post-thumbnail","hentry","category-negocios","tag-smart-fit-smft3"],"yoast_head":"<!-- This site is optimized with the Yoast SEO plugin v24.4 - https:\/\/yoast.com\/wordpress\/plugins\/seo\/ -->\n<title>Fundo de pens\u00e3o do Canad\u00e1 compra 12,4% da Smart Fit<\/title>\n<meta name=\"description\" content=\"A CPPIB, fundo de pens\u00e3o do Canad\u00e1, adquiriu 12,4% da rede de academias Smart Fit por R$ 1,07 bilh\u00e3o.\u00a0 Clique aqui e saiba mais\" \/>\n<meta name=\"robots\" content=\"index, follow, max-snippet:-1, max-image-preview:large, max-video-preview:-1\" \/>\n<link rel=\"canonical\" href=\"https:\/\/www.suno.com.br\/noticias\/fundo-de-pensao-canada-smart-fit\/\" \/>\n<meta property=\"og:locale\" content=\"pt_BR\" \/>\n<meta property=\"og:type\" content=\"article\" \/>\n<meta property=\"og:title\" content=\"Fundo de pens\u00e3o do Canad\u00e1 compra 12,4% da Smart Fit\" \/>\n<meta property=\"og:description\" content=\"A CPPIB, fundo de pens\u00e3o do Canad\u00e1, adquiriu 12,4% da rede de academias Smart Fit por R$ 1,07 bilh\u00e3o.\u00a0 Clique aqui e saiba mais\" \/>\n<meta property=\"og:url\" content=\"https:\/\/www.suno.com.br\/noticias\/fundo-de-pensao-canada-smart-fit\/\" \/>\n<meta property=\"og:site_name\" content=\"Suno Not\u00edcias\" \/>\n<meta property=\"article:publisher\" content=\"https:\/\/facebook.com\/sunoresearch\" \/>\n<meta property=\"og:image\" content=\"https:\/\/files.sunoresearch.com.br\/n\/uploads\/2019\/10\/3c51d914-smart-fit.jpg\" \/>\n\t<meta property=\"og:image:width\" content=\"1200\" \/>\n\t<meta property=\"og:image:height\" content=\"794\" \/>\n\t<meta property=\"og:image:type\" content=\"image\/jpeg\" \/>\n<meta name=\"author\" content=\"Poliana Santos\" \/>\n<meta name=\"twitter:card\" content=\"summary_large_image\" \/>\n<meta name=\"twitter:creator\" content=\"@sunoresearch\" \/>\n<meta name=\"twitter:site\" content=\"@sunoresearch\" \/>\n<meta name=\"twitter:label1\" content=\"Escrito por\" \/>\n\t<meta name=\"twitter:data1\" content=\"Poliana Santos\" \/>\n\t<meta name=\"twitter:label2\" content=\"Est. tempo de leitura\" \/>\n\t<meta name=\"twitter:data2\" content=\"2 minutos\" \/>\n<script type=\"application\/ld+json\" class=\"yoast-schema-graph\">{\"@context\":\"https:\/\/schema.org\",\"@graph\":[{\"@type\":\"NewsArticle\",\"@id\":\"https:\/\/www.suno.com.br\/noticias\/fundo-de-pensao-canada-smart-fit\/#article\",\"isPartOf\":{\"@id\":\"https:\/\/www.suno.com.br\/noticias\/fundo-de-pensao-canada-smart-fit\/\"},\"author\":{\"name\":\"Poliana Santos\",\"@id\":\"https:\/\/www.suno.com.br\/noticias\/#\/schema\/person\/02ec1f752758247878a2bf4abee1aeda\"},\"headline\":\"Fundo de pens\u00e3o do Canad\u00e1 compra 12,4% da Smart Fit\",\"datePublished\":\"2019-11-27T11:18:16+00:00\",\"dateModified\":\"2019-12-02T16:02:15+00:00\",\"mainEntityOfPage\":{\"@id\":\"https:\/\/www.suno.com.br\/noticias\/fundo-de-pensao-canada-smart-fit\/\"},\"wordCount\":442,\"publisher\":{\"@id\":\"https:\/\/www.suno.com.br\/noticias\/#organization\"},\"image\":{\"@id\":\"https:\/\/www.suno.com.br\/noticias\/fundo-de-pensao-canada-smart-fit\/#primaryimage\"},\"thumbnailUrl\":\"https:\/\/files.sunoresearch.com.br\/n\/uploads\/2019\/10\/3c51d914-smart-fit-jpg.webp\",\"keywords\":[\"Smart Fit (SMFT3)\"],\"articleSection\":[\"Neg\u00f3cios\"],\"inLanguage\":\"pt-BR\"},{\"@type\":\"WebPage\",\"@id\":\"https:\/\/www.suno.com.br\/noticias\/fundo-de-pensao-canada-smart-fit\/\",\"url\":\"https:\/\/www.suno.com.br\/noticias\/fundo-de-pensao-canada-smart-fit\/\",\"name\":\"Fundo de pens\u00e3o do Canad\u00e1 compra 12,4% da Smart Fit\",\"isPartOf\":{\"@id\":\"https:\/\/www.suno.com.br\/noticias\/#website\"},\"primaryImageOfPage\":{\"@id\":\"https:\/\/www.suno.com.br\/noticias\/fundo-de-pensao-canada-smart-fit\/#primaryimage\"},\"image\":{\"@id\":\"https:\/\/www.suno.com.br\/noticias\/fundo-de-pensao-canada-smart-fit\/#primaryimage\"},\"thumbnailUrl\":\"https:\/\/files.sunoresearch.com.br\/n\/uploads\/2019\/10\/3c51d914-smart-fit-jpg.webp\",\"datePublished\":\"2019-11-27T11:18:16+00:00\",\"dateModified\":\"2019-12-02T16:02:15+00:00\",\"description\":\"A CPPIB, fundo de pens\u00e3o do Canad\u00e1, adquiriu 12,4% da rede de academias Smart Fit por R$ 1,07 bilh\u00e3o.\u00a0 Clique aqui e saiba mais\",\"breadcrumb\":{\"@id\":\"https:\/\/www.suno.com.br\/noticias\/fundo-de-pensao-canada-smart-fit\/#breadcrumb\"},\"inLanguage\":\"pt-BR\",\"potentialAction\":[{\"@type\":\"ReadAction\",\"target\":[\"https:\/\/www.suno.com.br\/noticias\/fundo-de-pensao-canada-smart-fit\/\"]}]},{\"@type\":\"ImageObject\",\"inLanguage\":\"pt-BR\",\"@id\":\"https:\/\/www.suno.com.br\/noticias\/fundo-de-pensao-canada-smart-fit\/#primaryimage\",\"url\":\"https:\/\/files.sunoresearch.com.br\/n\/uploads\/2019\/10\/3c51d914-smart-fit-jpg.webp\",\"contentUrl\":\"https:\/\/files.sunoresearch.com.br\/n\/uploads\/2019\/10\/3c51d914-smart-fit-jpg.webp\",\"width\":1200,\"height\":794,\"caption\":\"SmartFit (SMFT3). Foto: Divulga\u00e7\u00e3o.\"},{\"@type\":\"BreadcrumbList\",\"@id\":\"https:\/\/www.suno.com.br\/noticias\/fundo-de-pensao-canada-smart-fit\/#breadcrumb\",\"itemListElement\":[{\"@type\":\"ListItem\",\"position\":1,\"name\":\"Not\u00edcias\",\"item\":\"https:\/\/www.suno.com.br\/noticias\/\"},{\"@type\":\"ListItem\",\"position\":2,\"name\":\"Neg\u00f3cios\",\"item\":\"https:\/\/www.suno.com.br\/noticias\/negocios\/\"},{\"@type\":\"ListItem\",\"position\":3,\"name\":\"Fundo de pens\u00e3o do Canad\u00e1 compra 12,4% da Smart Fit\"}]},{\"@type\":\"WebSite\",\"@id\":\"https:\/\/www.suno.com.br\/noticias\/#website\",\"url\":\"https:\/\/www.suno.com.br\/noticias\/\",\"name\":\"Suno Not\u00edcias\",\"description\":\"Seu portal de informa\u00e7\u00e3o sobre o mundo dos investimentos\",\"publisher\":{\"@id\":\"https:\/\/www.suno.com.br\/noticias\/#organization\"},\"potentialAction\":[{\"@type\":\"SearchAction\",\"target\":{\"@type\":\"EntryPoint\",\"urlTemplate\":\"https:\/\/www.suno.com.br\/noticias\/?s={search_term_string}\"},\"query-input\":{\"@type\":\"PropertyValueSpecification\",\"valueRequired\":true,\"valueName\":\"search_term_string\"}}],\"inLanguage\":\"pt-BR\"},{\"@type\":\"Organization\",\"@id\":\"https:\/\/www.suno.com.br\/noticias\/#organization\",\"name\":\"Suno Not\u00edcias\",\"url\":\"https:\/\/www.suno.com.br\/noticias\/\",\"logo\":{\"@type\":\"ImageObject\",\"inLanguage\":\"pt-BR\",\"@id\":\"https:\/\/www.suno.com.br\/noticias\/#\/schema\/logo\/image\/\",\"url\":\"https:\/\/files.sunoresearch.com.br\/n\/uploads\/2021\/09\/suno-logo.png\",\"contentUrl\":\"https:\/\/files.sunoresearch.com.br\/n\/uploads\/2021\/09\/suno-logo.png\",\"width\":180,\"height\":180,\"caption\":\"Suno Not\u00edcias\"},\"image\":{\"@id\":\"https:\/\/www.suno.com.br\/noticias\/#\/schema\/logo\/image\/\"},\"sameAs\":[\"https:\/\/facebook.com\/sunoresearch\",\"https:\/\/x.com\/sunoresearch\",\"https:\/\/www.instagram.com\/suno\",\"https:\/\/www.linkedin.com\/company\/suno-research\/\",\"https:\/\/www.youtube.com\/c\/sunoresearch\"]},{\"@type\":\"Person\",\"@id\":\"https:\/\/www.suno.com.br\/noticias\/#\/schema\/person\/02ec1f752758247878a2bf4abee1aeda\",\"name\":\"Poliana Santos\",\"image\":{\"@type\":\"ImageObject\",\"inLanguage\":\"pt-BR\",\"@id\":\"https:\/\/www.suno.com.br\/noticias\/#\/schema\/person\/image\/\",\"url\":\"https:\/\/secure.gravatar.com\/avatar\/0645bd32f23d87b2130f2b2dff1d3f8d?s=96&r=g\",\"contentUrl\":\"https:\/\/secure.gravatar.com\/avatar\/0645bd32f23d87b2130f2b2dff1d3f8d?s=96&r=g\",\"caption\":\"Poliana Santos\"},\"description\":\"Rep\u00f3rter no Suno Not\u00edcias, com cobertura em mercado financeiro, economia, finan\u00e7as pessoais, renda fixa e varejo. Jornalista formada pela Faculdade C\u00e1sper L\u00edbero e possui passagem na R\u00e1dio Gazeta AM com a produ\u00e7\u00e3o de conte\u00fado sobre economia, pol\u00edtica, sa\u00fade, moda e m\u00fasica. Possui certificado de conclus\u00e3o do curso de An\u00e1lise de Balan\u00e7os pela Funda\u00e7\u00e3o Bradesco, Agenda Brasil pela FAAP, Educa\u00e7\u00e3o Pol\u00edtica por Alexandre Garcia e do Tesouro Direto e Mercado de A\u00e7\u00f5es pela B3.\",\"url\":\"https:\/\/www.suno.com.br\/noticias\/author\/poliana-santos\/\"}]}<\/script>\n<!-- \/ Yoast SEO plugin. -->","yoast_head_json":{"title":"Fundo de pens\u00e3o do Canad\u00e1 compra 12,4% da Smart Fit","description":"A CPPIB, fundo de pens\u00e3o do Canad\u00e1, adquiriu 12,4% da rede de academias Smart Fit por R$ 1,07 bilh\u00e3o.\u00a0 Clique aqui e saiba mais","robots":{"index":"index","follow":"follow","max-snippet":"max-snippet:-1","max-image-preview":"max-image-preview:large","max-video-preview":"max-video-preview:-1"},"canonical":"https:\/\/www.suno.com.br\/noticias\/fundo-de-pensao-canada-smart-fit\/","og_locale":"pt_BR","og_type":"article","og_title":"Fundo de pens\u00e3o do Canad\u00e1 compra 12,4% da Smart Fit","og_description":"A CPPIB, fundo de pens\u00e3o do Canad\u00e1, adquiriu 12,4% da rede de academias Smart Fit por R$ 1,07 bilh\u00e3o.\u00a0 Clique aqui e saiba mais","og_url":"https:\/\/www.suno.com.br\/noticias\/fundo-de-pensao-canada-smart-fit\/","og_site_name":"Suno Not\u00edcias","article_publisher":"https:\/\/facebook.com\/sunoresearch","og_image":[{"width":1200,"height":794,"url":"https:\/\/files.sunoresearch.com.br\/n\/uploads\/2019\/10\/3c51d914-smart-fit.jpg","type":"image\/jpeg"}],"author":"Poliana Santos","twitter_card":"summary_large_image","twitter_creator":"@sunoresearch","twitter_site":"@sunoresearch","twitter_misc":{"Escrito por":"Poliana Santos","Est. tempo de leitura":"2 minutos"},"schema":{"@context":"https:\/\/schema.org","@graph":[{"@type":"NewsArticle","@id":"https:\/\/www.suno.com.br\/noticias\/fundo-de-pensao-canada-smart-fit\/#article","isPartOf":{"@id":"https:\/\/www.suno.com.br\/noticias\/fundo-de-pensao-canada-smart-fit\/"},"author":{"name":"Poliana Santos","@id":"https:\/\/www.suno.com.br\/noticias\/#\/schema\/person\/02ec1f752758247878a2bf4abee1aeda"},"headline":"Fundo de pens\u00e3o do Canad\u00e1 compra 12,4% da Smart Fit","datePublished":"2019-11-27T11:18:16+00:00","dateModified":"2019-12-02T16:02:15+00:00","mainEntityOfPage":{"@id":"https:\/\/www.suno.com.br\/noticias\/fundo-de-pensao-canada-smart-fit\/"},"wordCount":442,"publisher":{"@id":"https:\/\/www.suno.com.br\/noticias\/#organization"},"image":{"@id":"https:\/\/www.suno.com.br\/noticias\/fundo-de-pensao-canada-smart-fit\/#primaryimage"},"thumbnailUrl":"https:\/\/files.sunoresearch.com.br\/n\/uploads\/2019\/10\/3c51d914-smart-fit-jpg.webp","keywords":["Smart Fit (SMFT3)"],"articleSection":["Neg\u00f3cios"],"inLanguage":"pt-BR"},{"@type":"WebPage","@id":"https:\/\/www.suno.com.br\/noticias\/fundo-de-pensao-canada-smart-fit\/","url":"https:\/\/www.suno.com.br\/noticias\/fundo-de-pensao-canada-smart-fit\/","name":"Fundo de pens\u00e3o do Canad\u00e1 compra 12,4% da Smart Fit","isPartOf":{"@id":"https:\/\/www.suno.com.br\/noticias\/#website"},"primaryImageOfPage":{"@id":"https:\/\/www.suno.com.br\/noticias\/fundo-de-pensao-canada-smart-fit\/#primaryimage"},"image":{"@id":"https:\/\/www.suno.com.br\/noticias\/fundo-de-pensao-canada-smart-fit\/#primaryimage"},"thumbnailUrl":"https:\/\/files.sunoresearch.com.br\/n\/uploads\/2019\/10\/3c51d914-smart-fit-jpg.webp","datePublished":"2019-11-27T11:18:16+00:00","dateModified":"2019-12-02T16:02:15+00:00","description":"A CPPIB, fundo de pens\u00e3o do Canad\u00e1, adquiriu 12,4% da rede de academias Smart Fit por R$ 1,07 bilh\u00e3o.\u00a0 Clique aqui e saiba mais","breadcrumb":{"@id":"https:\/\/www.suno.com.br\/noticias\/fundo-de-pensao-canada-smart-fit\/#breadcrumb"},"inLanguage":"pt-BR","potentialAction":[{"@type":"ReadAction","target":["https:\/\/www.suno.com.br\/noticias\/fundo-de-pensao-canada-smart-fit\/"]}]},{"@type":"ImageObject","inLanguage":"pt-BR","@id":"https:\/\/www.suno.com.br\/noticias\/fundo-de-pensao-canada-smart-fit\/#primaryimage","url":"https:\/\/files.sunoresearch.com.br\/n\/uploads\/2019\/10\/3c51d914-smart-fit-jpg.webp","contentUrl":"https:\/\/files.sunoresearch.com.br\/n\/uploads\/2019\/10\/3c51d914-smart-fit-jpg.webp","width":1200,"height":794,"caption":"SmartFit (SMFT3). Foto: Divulga\u00e7\u00e3o."},{"@type":"BreadcrumbList","@id":"https:\/\/www.suno.com.br\/noticias\/fundo-de-pensao-canada-smart-fit\/#breadcrumb","itemListElement":[{"@type":"ListItem","position":1,"name":"Not\u00edcias","item":"https:\/\/www.suno.com.br\/noticias\/"},{"@type":"ListItem","position":2,"name":"Neg\u00f3cios","item":"https:\/\/www.suno.com.br\/noticias\/negocios\/"},{"@type":"ListItem","position":3,"name":"Fundo de pens\u00e3o do Canad\u00e1 compra 12,4% da Smart Fit"}]},{"@type":"WebSite","@id":"https:\/\/www.suno.com.br\/noticias\/#website","url":"https:\/\/www.suno.com.br\/noticias\/","name":"Suno Not\u00edcias","description":"Seu portal de informa\u00e7\u00e3o sobre o mundo dos investimentos","publisher":{"@id":"https:\/\/www.suno.com.br\/noticias\/#organization"},"potentialAction":[{"@type":"SearchAction","target":{"@type":"EntryPoint","urlTemplate":"https:\/\/www.suno.com.br\/noticias\/?s={search_term_string}"},"query-input":{"@type":"PropertyValueSpecification","valueRequired":true,"valueName":"search_term_string"}}],"inLanguage":"pt-BR"},{"@type":"Organization","@id":"https:\/\/www.suno.com.br\/noticias\/#organization","name":"Suno Not\u00edcias","url":"https:\/\/www.suno.com.br\/noticias\/","logo":{"@type":"ImageObject","inLanguage":"pt-BR","@id":"https:\/\/www.suno.com.br\/noticias\/#\/schema\/logo\/image\/","url":"https:\/\/files.sunoresearch.com.br\/n\/uploads\/2021\/09\/suno-logo.png","contentUrl":"https:\/\/files.sunoresearch.com.br\/n\/uploads\/2021\/09\/suno-logo.png","width":180,"height":180,"caption":"Suno Not\u00edcias"},"image":{"@id":"https:\/\/www.suno.com.br\/noticias\/#\/schema\/logo\/image\/"},"sameAs":["https:\/\/facebook.com\/sunoresearch","https:\/\/x.com\/sunoresearch","https:\/\/www.instagram.com\/suno","https:\/\/www.linkedin.com\/company\/suno-research\/","https:\/\/www.youtube.com\/c\/sunoresearch"]},{"@type":"Person","@id":"https:\/\/www.suno.com.br\/noticias\/#\/schema\/person\/02ec1f752758247878a2bf4abee1aeda","name":"Poliana Santos","image":{"@type":"ImageObject","inLanguage":"pt-BR","@id":"https:\/\/www.suno.com.br\/noticias\/#\/schema\/person\/image\/","url":"https:\/\/secure.gravatar.com\/avatar\/0645bd32f23d87b2130f2b2dff1d3f8d?s=96&r=g","contentUrl":"https:\/\/secure.gravatar.com\/avatar\/0645bd32f23d87b2130f2b2dff1d3f8d?s=96&r=g","caption":"Poliana Santos"},"description":"Rep\u00f3rter no Suno Not\u00edcias, com cobertura em mercado financeiro, economia, finan\u00e7as pessoais, renda fixa e varejo. Jornalista formada pela Faculdade C\u00e1sper L\u00edbero e possui passagem na R\u00e1dio Gazeta AM com a produ\u00e7\u00e3o de conte\u00fado sobre economia, pol\u00edtica, sa\u00fade, moda e m\u00fasica. Possui certificado de conclus\u00e3o do curso de An\u00e1lise de Balan\u00e7os pela Funda\u00e7\u00e3o Bradesco, Agenda Brasil pela FAAP, Educa\u00e7\u00e3o Pol\u00edtica por Alexandre Garcia e do Tesouro Direto e Mercado de A\u00e7\u00f5es pela B3.","url":"https:\/\/www.suno.com.br\/noticias\/author\/poliana-santos\/"}]}},"default_loop_html":"<div class=\"cardsPage__listCard__boxs\"><div class=\"cardsPage__listCard__boxs__img\"><a href=\"https:\/\/www.suno.com.br\/noticias\/fundo-de-pensao-canada-smart-fit\/\"><img class=\"mask\" src=\"https:\/\/www.suno.com.br\/noticias\/wp-content\/themes\/suno\/resources\/images\/spotlight\/spotlight1img\/bg-mask.png\" alt=\"Image Mask\"\/><img src=\"https:\/\/files.sunoresearch.com.br\/n\/uploads\/2019\/10\/3c51d914-smart-fit-400x200.webp\" alt=\"Fundo de pens\u00e3o do Canad\u00e1 compra 12,4% da Smart Fit\"\/><\/a><span class=\"spotlightCategory\"><a href=\"https:\/\/www.suno.com.br\/noticias\/negocios\/\">Neg\u00f3cios<\/a><\/span><\/div><div class=\"cardsPage__listCard__boxs__content\"><a href=\"https:\/\/www.suno.com.br\/noticias\/fundo-de-pensao-canada-smart-fit\/\"><h2 class=\"content__title\">Fundo de pens\u00e3o do Canad\u00e1 compra 12,4% da Smart Fit<\/h2><\/a><div class=\"newsContent__article__meta\"><div class=\"newsContent__article__meta__authorBox\"><a href=\"https:\/\/www.suno.com.br\/noticias\/author\/poliana-santos\/\" class=\"authorBox__avatar noMobi\"><img src=\"https:\/\/files.sunoresearch.com.br\/n\/uploads\/2020\/08\/7ef34026-whatsapp-image-2020-08-03-at-12.37.57-150x150.webp\" alt=\"Poliana Santos\"><\/a><div class=\"authorBox__name\"><span>por\n\t\t\t<a href=\"https:\/\/www.suno.com.br\/noticias\/author\/poliana-santos\/\"><span itemprop=\"author\">Poliana Santos<\/span><\/a><\/span><time datetime=\"2019-11-27T09:18:16-03:00\" itemprop=\"datePublished\">27\/11\/2019 09:18<\/time><\/div><\/div><\/div><\/div><\/div>","single_layout":"posts","amp_enabled":true,"_links":{"self":[{"href":"https:\/\/www.suno.com.br\/noticias\/wp-json\/wp\/v2\/posts\/45830"}],"collection":[{"href":"https:\/\/www.suno.com.br\/noticias\/wp-json\/wp\/v2\/posts"}],"about":[{"href":"https:\/\/www.suno.com.br\/noticias\/wp-json\/wp\/v2\/types\/post"}],"author":[{"embeddable":true,"href":"https:\/\/www.suno.com.br\/noticias\/wp-json\/wp\/v2\/users\/15"}],"replies":[{"embeddable":true,"href":"https:\/\/www.suno.com.br\/noticias\/wp-json\/wp\/v2\/comments?post=45830"}],"version-history":[{"count":0,"href":"https:\/\/www.suno.com.br\/noticias\/wp-json\/wp\/v2\/posts\/45830\/revisions"}],"wp:featuredmedia":[{"embeddable":true,"href":"https:\/\/www.suno.com.br\/noticias\/wp-json\/wp\/v2\/media\/41632"}],"wp:attachment":[{"href":"https:\/\/www.suno.com.br\/noticias\/wp-json\/wp\/v2\/media?parent=45830"}],"wp:term":[{"taxonomy":"category","embeddable":true,"href":"https:\/\/www.suno.com.br\/noticias\/wp-json\/wp\/v2\/categories?post=45830"},{"taxonomy":"post_tag","embeddable":true,"href":"https:\/\/www.suno.com.br\/noticias\/wp-json\/wp\/v2\/tags?post=45830"},{"taxonomy":"suno_strategy","embeddable":true,"href":"https:\/\/www.suno.com.br\/noticias\/wp-json\/wp\/v2\/suno_strategy?post=45830"}],"curies":[{"name":"wp","href":"https:\/\/api.w.org\/{rel}","templated":true}]}}