{"id":45819,"date":"2019-11-26T21:08:09","date_gmt":"2019-11-26T23:08:09","guid":{"rendered":"https:\/\/www.suno.com.br\/noticias\/?p=45819"},"modified":"2021-06-21T05:56:00","modified_gmt":"2021-06-21T08:56:00","slug":"salario-minimo-ministerio-economia-r1-031-2020","status":"publish","type":"post","link":"https:\/\/www.suno.com.br\/noticias\/salario-minimo-ministerio-economia-r1-031-2020\/","title":{"rendered":"Sal\u00e1rio m\u00ednimo: Minist\u00e9rio da Economia prev\u00ea para R$ 1.031 em 2020"},"content":{"rendered":"<p>O <strong>Minist\u00e9rio da<\/strong> <strong>Economia<\/strong> enviou ao <strong>Congresso<\/strong> <strong>Nacional<\/strong> uma mensagem modificativa ao Or\u00e7amento de 2020 prevendo que o sal\u00e1rio m\u00ednimo ficar\u00e1 em R$ 1.031. Houve uma redu\u00e7\u00e3o de R$ 8 em compara\u00e7\u00e3o ao Or\u00e7amento j\u00e1 enviado por conta da reestimativa no <a href=\"https:\/\/www.suno.com.br\/artigos\/inpc\/\"><strong>INPC <\/strong>(<strong>\u00cdndice Nacional de Pre\u00e7os ao Consumidor<\/strong>)<\/a>, que caiu 0,5%, de 4% para 3,5%.<\/p>\t<div class=\"wrapper-featured-image\">\n\t\t<figure class=\"spotlightImg\">\n\n\t\t\t<picture>\n\t\t\t\t<source media=\"(max-width: 768px)\" srcset=\"https:\/\/files.sunoresearch.com.br\/n\/uploads\/2019\/04\/039c186c-reais-dinheiro-money2-400x200.webp\">\n\t\t\t\t<img loading=\"lazy\" decoding=\"async\" class=\"newsContent__article__imgCapa lazyloadDisabled newsContent__article__imgCapa--noCaption\" src=\"https:\/\/files.sunoresearch.com.br\/n\/uploads\/2019\/04\/039c186c-reais-dinheiro-money2-jpg.webp\" width=\"800\" height=\"450\" alt=\"Sal\u00e1rio m\u00ednimo: Minist\u00e9rio da Economia prev\u00ea para R$ 1.031 em 2020\" fetchpriority=high \/>\n\t\t\t<\/picture>\n\n\t\t\t<figcaption class=\"wp-caption-text wp-caption-text--hide\">O preg\u00e3o do Tesouro Direto funciona das 9h30 \u00e0s 18h.<\/figcaption>\n\t\t<\/figure>\n\t<\/div>\n\n\n\n<p>O novo valor corresponde a somente a corre\u00e7\u00e3o da infla\u00e7\u00e3o, o que n\u00e3o tem ganhos reais, diferentemente do que ocorreu nos \u00faltimos anos. O <strong>secret\u00e1rio especial da<\/strong> <strong>Fazenda<\/strong>, <strong>Waldery<\/strong> <strong>Rodrigues<\/strong>, afirmou que o governo n\u00e3o decidiu ainda qual ser\u00e1 a nova pol\u00edtica relacionada ao <strong>sal\u00e1rio m\u00ednimo<\/strong>. \u201cComo j\u00e1 estamos em novembro, refer\u00eancia mais direta \u00e9 sal\u00e1rio m\u00ednimo de R$ 1.031\u201d, salientou Rodrigues.<\/p>\n<p>Ainda no in\u00edcio de 2019, a pol\u00edtica de valoriza\u00e7\u00e3o do sal\u00e1rio m\u00ednimo planejava um reajuste pela infla\u00e7\u00e3o somada ao crescimento do <strong>PIB<\/strong> de dois anos antes, garantindo ganhos reais ao piso nacional. Atualmente, o valor est\u00e1 em R$ 998.<\/p>\n<p><a href=\"https:\/\/www.suno.com.br\/black-friday-2019\/assinaturas\/\">Black Friday Suno \u2013 pague 2 anos e leve 3 nas principais assinaturas da Suno Research<\/a><\/p>\n<p>A <strong>PEC<\/strong> <strong>emergencial<\/strong> que foi apresentada pelo governo prev\u00ea o acionamento imediato dos gatilhos de ajuste previstos na regra do teto de gastos, limitando o avan\u00e7o das despesas \u00e0 infla\u00e7\u00e3o. Um destes gatilhos \u00e9 a veda\u00e7\u00e3o de reajuste real ao sal\u00e1rio. As medidas devem ficar vigentes por dois anos.<\/p>\n<h2>Previs\u00e3o anterior do sal\u00e1rio m\u00ednimo<\/h2>\n<p>O <strong>governo federal<\/strong> j\u00e1 havia diminu\u00eddo para R$ 1.039 a previs\u00e3o de sal\u00e1rio m\u00ednimo para 2020. O valor havia sido divulgado pelo <strong>minist\u00e9rio da Economia<\/strong> no dia 30 de agosto atrav\u00e9s do <strong>Projeto<\/strong> <strong>de<\/strong> <strong>Lei<\/strong> <strong>Or\u00e7ament\u00e1ria<\/strong> <strong>Anual<\/strong> (<strong>Ploa<\/strong>).<\/p>\n<p>Na previs\u00e3o anterior, o governo havia informado, por meio do <a href=\"https:\/\/www.suno.com.br\/artigos\/lei-orcamentaria-anual\/\">Projeto de Lei de Diretrizes Or\u00e7ament\u00e1ria (PLDO)<\/a>, que o sal\u00e1rio no pr\u00f3ximo ano seria de R$ 1.040.<\/p>\n<p><a href=\"https:\/\/www.suno.com.br\/noticias\/governo-reduz-previsao-salario-minimo-2020\/\">Saiba mais: Governo reduz para R$ 1.039 a previs\u00e3o de sal\u00e1rio m\u00ednimo para 2020<\/a><\/p>\n<p>Segundo a equipe econ\u00f4mica, a redu\u00e7\u00e3o ocorreu por conta da varia\u00e7\u00e3o do <strong>INPC<\/strong> (<strong>\u00cdndice<\/strong> <strong>Nacional<\/strong> <strong>de<\/strong> <strong>Pre\u00e7os<\/strong> <strong>ao<\/strong> <strong>Consumidor<\/strong>). A estimativa era de que o indicador fosse de 4,19% neste ano, no entanto, passou para 4,02%.<\/p>\n<p>Essa foi a primeira vez no Pa\u00eds em que o valor\u00a0m\u00ednimo ultrapassa a casa de R$ 1 mil.<\/p>\n<p>&#8220;O que est\u00e1 colocado no PLOA 2020 em rela\u00e7\u00e3o ao <strong>sal\u00e1rio<\/strong> <strong>m\u00ednimo<\/strong> \u00e9 o valor do ano passado corrigido pelo INPC. N\u00f3s n\u00e3o temos, no PLOA, uma pol\u00edtica de sal\u00e1rio m\u00ednimo. Ela tem at\u00e9 o prazo de dezembro para ser anunciada pelo governo&#8221;, afirmou o secret\u00e1rio especial da Fazenda.<\/p>\n","protected":false},"excerpt":{"rendered":"<p>O Minist\u00e9rio da Economia enviou ao Congresso Nacional uma mensagem modificativa ao Or\u00e7amento de 2020 prevendo que o sal\u00e1rio m\u00ednimo ficar\u00e1 em R$ 1.031. Houve uma redu\u00e7\u00e3o de R$ 8 em compara\u00e7\u00e3o ao Or\u00e7amento j\u00e1 enviado por conta da reestimativa no INPC (\u00cdndice Nacional de Pre\u00e7os ao Consumidor), que caiu 0,5%, de 4% para 3,5%. [&hellip;]<\/p>\n","protected":false},"author":23,"featured_media":21373,"comment_status":"closed","ping_status":"closed","sticky":false,"template":"","format":"standard","meta":[],"categories":[62],"tags":[901,909,1824],"suno_strategy":[],"class_list":["post-45819","post","type-post","status-publish","format-standard","has-post-thumbnail","hentry","category-economia","tag-congresso-nacional","tag-ministerio-da-economia","tag-salario-minimo"],"yoast_head":"<!-- This site is optimized with the Yoast SEO plugin v24.4 - https:\/\/yoast.com\/wordpress\/plugins\/seo\/ -->\n<title>Sal\u00e1rio m\u00ednimo: Minist\u00e9rio da Economia prev\u00ea para R$ 1.031 em 2020<\/title>\n<meta name=\"description\" content=\"O Minist\u00e9rio da Economia enviou ao Congresso uma modifica\u00e7\u00e3o Or\u00e7amento de 2020 prevendo o sal\u00e1rio m\u00ednimo em R$ 1.031. Clique para mais.\" \/>\n<meta name=\"robots\" content=\"index, follow, max-snippet:-1, max-image-preview:large, max-video-preview:-1\" \/>\n<link rel=\"canonical\" href=\"https:\/\/www.suno.com.br\/noticias\/salario-minimo-ministerio-economia-r1-031-2020\/\" \/>\n<meta property=\"og:locale\" content=\"pt_BR\" \/>\n<meta property=\"og:type\" content=\"article\" \/>\n<meta property=\"og:title\" content=\"Sal\u00e1rio m\u00ednimo: Minist\u00e9rio da Economia prev\u00ea para R$ 1.031 em 2020\" \/>\n<meta property=\"og:description\" content=\"O Minist\u00e9rio da Economia enviou ao Congresso uma modifica\u00e7\u00e3o Or\u00e7amento de 2020 prevendo o sal\u00e1rio m\u00ednimo em R$ 1.031. Clique para mais.\" \/>\n<meta property=\"og:url\" content=\"https:\/\/www.suno.com.br\/noticias\/salario-minimo-ministerio-economia-r1-031-2020\/\" \/>\n<meta property=\"og:site_name\" content=\"Suno Not\u00edcias\" \/>\n<meta property=\"article:publisher\" content=\"https:\/\/facebook.com\/sunoresearch\" \/>\n<meta property=\"og:image\" content=\"https:\/\/files.sunoresearch.com.br\/n\/uploads\/2019\/04\/039c186c-reais-dinheiro-money2.jpg\" \/>\n\t<meta property=\"og:image:width\" content=\"1100\" \/>\n\t<meta property=\"og:image:height\" content=\"370\" \/>\n\t<meta property=\"og:image:type\" content=\"image\/jpeg\" \/>\n<meta name=\"author\" content=\"Rafael Lara\" \/>\n<meta name=\"twitter:card\" content=\"summary_large_image\" \/>\n<meta name=\"twitter:creator\" content=\"@sunoresearch\" \/>\n<meta name=\"twitter:site\" content=\"@sunoresearch\" \/>\n<meta name=\"twitter:label1\" content=\"Escrito por\" \/>\n\t<meta name=\"twitter:data1\" content=\"Rafael Lara\" \/>\n\t<meta name=\"twitter:label2\" content=\"Est. tempo de leitura\" \/>\n\t<meta name=\"twitter:data2\" content=\"2 minutos\" \/>\n<script type=\"application\/ld+json\" class=\"yoast-schema-graph\">{\"@context\":\"https:\/\/schema.org\",\"@graph\":[{\"@type\":\"NewsArticle\",\"@id\":\"https:\/\/www.suno.com.br\/noticias\/salario-minimo-ministerio-economia-r1-031-2020\/#article\",\"isPartOf\":{\"@id\":\"https:\/\/www.suno.com.br\/noticias\/salario-minimo-ministerio-economia-r1-031-2020\/\"},\"author\":{\"name\":\"Rafael Lara\",\"@id\":\"https:\/\/www.suno.com.br\/noticias\/#\/schema\/person\/098743caeed97b37f51315c9576c4078\"},\"headline\":\"Sal\u00e1rio m\u00ednimo: Minist\u00e9rio da Economia prev\u00ea para R$ 1.031 em 2020\",\"datePublished\":\"2019-11-26T23:08:09+00:00\",\"dateModified\":\"2021-06-21T08:56:00+00:00\",\"mainEntityOfPage\":{\"@id\":\"https:\/\/www.suno.com.br\/noticias\/salario-minimo-ministerio-economia-r1-031-2020\/\"},\"wordCount\":460,\"publisher\":{\"@id\":\"https:\/\/www.suno.com.br\/noticias\/#organization\"},\"image\":{\"@id\":\"https:\/\/www.suno.com.br\/noticias\/salario-minimo-ministerio-economia-r1-031-2020\/#primaryimage\"},\"thumbnailUrl\":\"https:\/\/files.sunoresearch.com.br\/n\/uploads\/2019\/04\/039c186c-reais-dinheiro-money2-jpg.webp\",\"keywords\":[\"Congresso Nacional\",\"Minist\u00e9rio da Economia\",\"sal\u00e1rio m\u00ednimo\"],\"articleSection\":[\"Economia\"],\"inLanguage\":\"pt-BR\"},{\"@type\":\"WebPage\",\"@id\":\"https:\/\/www.suno.com.br\/noticias\/salario-minimo-ministerio-economia-r1-031-2020\/\",\"url\":\"https:\/\/www.suno.com.br\/noticias\/salario-minimo-ministerio-economia-r1-031-2020\/\",\"name\":\"Sal\u00e1rio m\u00ednimo: Minist\u00e9rio da Economia prev\u00ea para R$ 1.031 em 2020\",\"isPartOf\":{\"@id\":\"https:\/\/www.suno.com.br\/noticias\/#website\"},\"primaryImageOfPage\":{\"@id\":\"https:\/\/www.suno.com.br\/noticias\/salario-minimo-ministerio-economia-r1-031-2020\/#primaryimage\"},\"image\":{\"@id\":\"https:\/\/www.suno.com.br\/noticias\/salario-minimo-ministerio-economia-r1-031-2020\/#primaryimage\"},\"thumbnailUrl\":\"https:\/\/files.sunoresearch.com.br\/n\/uploads\/2019\/04\/039c186c-reais-dinheiro-money2-jpg.webp\",\"datePublished\":\"2019-11-26T23:08:09+00:00\",\"dateModified\":\"2021-06-21T08:56:00+00:00\",\"description\":\"O Minist\u00e9rio da Economia enviou ao Congresso uma modifica\u00e7\u00e3o Or\u00e7amento de 2020 prevendo o sal\u00e1rio m\u00ednimo em R$ 1.031. Clique para mais.\",\"breadcrumb\":{\"@id\":\"https:\/\/www.suno.com.br\/noticias\/salario-minimo-ministerio-economia-r1-031-2020\/#breadcrumb\"},\"inLanguage\":\"pt-BR\",\"potentialAction\":[{\"@type\":\"ReadAction\",\"target\":[\"https:\/\/www.suno.com.br\/noticias\/salario-minimo-ministerio-economia-r1-031-2020\/\"]}]},{\"@type\":\"ImageObject\",\"inLanguage\":\"pt-BR\",\"@id\":\"https:\/\/www.suno.com.br\/noticias\/salario-minimo-ministerio-economia-r1-031-2020\/#primaryimage\",\"url\":\"https:\/\/files.sunoresearch.com.br\/n\/uploads\/2019\/04\/039c186c-reais-dinheiro-money2-jpg.webp\",\"contentUrl\":\"https:\/\/files.sunoresearch.com.br\/n\/uploads\/2019\/04\/039c186c-reais-dinheiro-money2-jpg.webp\",\"width\":1100,\"height\":370,\"caption\":\"O preg\u00e3o do Tesouro Direto funciona das 9h30 \u00e0s 18h.\"},{\"@type\":\"BreadcrumbList\",\"@id\":\"https:\/\/www.suno.com.br\/noticias\/salario-minimo-ministerio-economia-r1-031-2020\/#breadcrumb\",\"itemListElement\":[{\"@type\":\"ListItem\",\"position\":1,\"name\":\"Not\u00edcias\",\"item\":\"https:\/\/www.suno.com.br\/noticias\/\"},{\"@type\":\"ListItem\",\"position\":2,\"name\":\"Economia\",\"item\":\"https:\/\/www.suno.com.br\/noticias\/economia\/\"},{\"@type\":\"ListItem\",\"position\":3,\"name\":\"Sal\u00e1rio m\u00ednimo: Minist\u00e9rio da Economia prev\u00ea para R$ 1.031 em 2020\"}]},{\"@type\":\"WebSite\",\"@id\":\"https:\/\/www.suno.com.br\/noticias\/#website\",\"url\":\"https:\/\/www.suno.com.br\/noticias\/\",\"name\":\"Suno Not\u00edcias\",\"description\":\"Seu portal de informa\u00e7\u00e3o sobre o mundo dos investimentos\",\"publisher\":{\"@id\":\"https:\/\/www.suno.com.br\/noticias\/#organization\"},\"potentialAction\":[{\"@type\":\"SearchAction\",\"target\":{\"@type\":\"EntryPoint\",\"urlTemplate\":\"https:\/\/www.suno.com.br\/noticias\/?s={search_term_string}\"},\"query-input\":{\"@type\":\"PropertyValueSpecification\",\"valueRequired\":true,\"valueName\":\"search_term_string\"}}],\"inLanguage\":\"pt-BR\"},{\"@type\":\"Organization\",\"@id\":\"https:\/\/www.suno.com.br\/noticias\/#organization\",\"name\":\"Suno Not\u00edcias\",\"url\":\"https:\/\/www.suno.com.br\/noticias\/\",\"logo\":{\"@type\":\"ImageObject\",\"inLanguage\":\"pt-BR\",\"@id\":\"https:\/\/www.suno.com.br\/noticias\/#\/schema\/logo\/image\/\",\"url\":\"https:\/\/files.sunoresearch.com.br\/n\/uploads\/2021\/09\/suno-logo.png\",\"contentUrl\":\"https:\/\/files.sunoresearch.com.br\/n\/uploads\/2021\/09\/suno-logo.png\",\"width\":180,\"height\":180,\"caption\":\"Suno Not\u00edcias\"},\"image\":{\"@id\":\"https:\/\/www.suno.com.br\/noticias\/#\/schema\/logo\/image\/\"},\"sameAs\":[\"https:\/\/facebook.com\/sunoresearch\",\"https:\/\/x.com\/sunoresearch\",\"https:\/\/www.instagram.com\/suno\",\"https:\/\/www.linkedin.com\/company\/suno-research\/\",\"https:\/\/www.youtube.com\/c\/sunoresearch\"]},{\"@type\":\"Person\",\"@id\":\"https:\/\/www.suno.com.br\/noticias\/#\/schema\/person\/098743caeed97b37f51315c9576c4078\",\"name\":\"Rafael Lara\",\"image\":{\"@type\":\"ImageObject\",\"inLanguage\":\"pt-BR\",\"@id\":\"https:\/\/www.suno.com.br\/noticias\/#\/schema\/person\/image\/\",\"url\":\"https:\/\/secure.gravatar.com\/avatar\/dfc254ab9bb2ea1895d98b9e9dae4bdd?s=96&r=g\",\"contentUrl\":\"https:\/\/secure.gravatar.com\/avatar\/dfc254ab9bb2ea1895d98b9e9dae4bdd?s=96&r=g\",\"caption\":\"Rafael Lara\"},\"description\":\"Rafael Lara cursa jornalismo na Faculdade C\u00e1sper L\u00edbero. Escreve sobre pol\u00edtica, economia e neg\u00f3cios para o portal Suno Not\u00edcias. Antes, colaborou na TV Gazeta na produ\u00e7\u00e3o do programa Edi\u00e7\u00e3o Extra.\",\"url\":\"https:\/\/www.suno.com.br\/noticias\/author\/rafael\/\"}]}<\/script>\n<!-- \/ Yoast SEO plugin. -->","yoast_head_json":{"title":"Sal\u00e1rio m\u00ednimo: Minist\u00e9rio da Economia prev\u00ea para R$ 1.031 em 2020","description":"O Minist\u00e9rio da Economia enviou ao Congresso uma modifica\u00e7\u00e3o Or\u00e7amento de 2020 prevendo o sal\u00e1rio m\u00ednimo em R$ 1.031. Clique para mais.","robots":{"index":"index","follow":"follow","max-snippet":"max-snippet:-1","max-image-preview":"max-image-preview:large","max-video-preview":"max-video-preview:-1"},"canonical":"https:\/\/www.suno.com.br\/noticias\/salario-minimo-ministerio-economia-r1-031-2020\/","og_locale":"pt_BR","og_type":"article","og_title":"Sal\u00e1rio m\u00ednimo: Minist\u00e9rio da Economia prev\u00ea para R$ 1.031 em 2020","og_description":"O Minist\u00e9rio da Economia enviou ao Congresso uma modifica\u00e7\u00e3o Or\u00e7amento de 2020 prevendo o sal\u00e1rio m\u00ednimo em R$ 1.031. Clique para mais.","og_url":"https:\/\/www.suno.com.br\/noticias\/salario-minimo-ministerio-economia-r1-031-2020\/","og_site_name":"Suno Not\u00edcias","article_publisher":"https:\/\/facebook.com\/sunoresearch","og_image":[{"width":1100,"height":370,"url":"https:\/\/files.sunoresearch.com.br\/n\/uploads\/2019\/04\/039c186c-reais-dinheiro-money2.jpg","type":"image\/jpeg"}],"author":"Rafael Lara","twitter_card":"summary_large_image","twitter_creator":"@sunoresearch","twitter_site":"@sunoresearch","twitter_misc":{"Escrito por":"Rafael Lara","Est. tempo de leitura":"2 minutos"},"schema":{"@context":"https:\/\/schema.org","@graph":[{"@type":"NewsArticle","@id":"https:\/\/www.suno.com.br\/noticias\/salario-minimo-ministerio-economia-r1-031-2020\/#article","isPartOf":{"@id":"https:\/\/www.suno.com.br\/noticias\/salario-minimo-ministerio-economia-r1-031-2020\/"},"author":{"name":"Rafael Lara","@id":"https:\/\/www.suno.com.br\/noticias\/#\/schema\/person\/098743caeed97b37f51315c9576c4078"},"headline":"Sal\u00e1rio m\u00ednimo: Minist\u00e9rio da Economia prev\u00ea para R$ 1.031 em 2020","datePublished":"2019-11-26T23:08:09+00:00","dateModified":"2021-06-21T08:56:00+00:00","mainEntityOfPage":{"@id":"https:\/\/www.suno.com.br\/noticias\/salario-minimo-ministerio-economia-r1-031-2020\/"},"wordCount":460,"publisher":{"@id":"https:\/\/www.suno.com.br\/noticias\/#organization"},"image":{"@id":"https:\/\/www.suno.com.br\/noticias\/salario-minimo-ministerio-economia-r1-031-2020\/#primaryimage"},"thumbnailUrl":"https:\/\/files.sunoresearch.com.br\/n\/uploads\/2019\/04\/039c186c-reais-dinheiro-money2-jpg.webp","keywords":["Congresso Nacional","Minist\u00e9rio da Economia","sal\u00e1rio m\u00ednimo"],"articleSection":["Economia"],"inLanguage":"pt-BR"},{"@type":"WebPage","@id":"https:\/\/www.suno.com.br\/noticias\/salario-minimo-ministerio-economia-r1-031-2020\/","url":"https:\/\/www.suno.com.br\/noticias\/salario-minimo-ministerio-economia-r1-031-2020\/","name":"Sal\u00e1rio m\u00ednimo: Minist\u00e9rio da Economia prev\u00ea para R$ 1.031 em 2020","isPartOf":{"@id":"https:\/\/www.suno.com.br\/noticias\/#website"},"primaryImageOfPage":{"@id":"https:\/\/www.suno.com.br\/noticias\/salario-minimo-ministerio-economia-r1-031-2020\/#primaryimage"},"image":{"@id":"https:\/\/www.suno.com.br\/noticias\/salario-minimo-ministerio-economia-r1-031-2020\/#primaryimage"},"thumbnailUrl":"https:\/\/files.sunoresearch.com.br\/n\/uploads\/2019\/04\/039c186c-reais-dinheiro-money2-jpg.webp","datePublished":"2019-11-26T23:08:09+00:00","dateModified":"2021-06-21T08:56:00+00:00","description":"O Minist\u00e9rio da Economia enviou ao Congresso uma modifica\u00e7\u00e3o Or\u00e7amento de 2020 prevendo o sal\u00e1rio m\u00ednimo em R$ 1.031. Clique para mais.","breadcrumb":{"@id":"https:\/\/www.suno.com.br\/noticias\/salario-minimo-ministerio-economia-r1-031-2020\/#breadcrumb"},"inLanguage":"pt-BR","potentialAction":[{"@type":"ReadAction","target":["https:\/\/www.suno.com.br\/noticias\/salario-minimo-ministerio-economia-r1-031-2020\/"]}]},{"@type":"ImageObject","inLanguage":"pt-BR","@id":"https:\/\/www.suno.com.br\/noticias\/salario-minimo-ministerio-economia-r1-031-2020\/#primaryimage","url":"https:\/\/files.sunoresearch.com.br\/n\/uploads\/2019\/04\/039c186c-reais-dinheiro-money2-jpg.webp","contentUrl":"https:\/\/files.sunoresearch.com.br\/n\/uploads\/2019\/04\/039c186c-reais-dinheiro-money2-jpg.webp","width":1100,"height":370,"caption":"O preg\u00e3o do Tesouro Direto funciona das 9h30 \u00e0s 18h."},{"@type":"BreadcrumbList","@id":"https:\/\/www.suno.com.br\/noticias\/salario-minimo-ministerio-economia-r1-031-2020\/#breadcrumb","itemListElement":[{"@type":"ListItem","position":1,"name":"Not\u00edcias","item":"https:\/\/www.suno.com.br\/noticias\/"},{"@type":"ListItem","position":2,"name":"Economia","item":"https:\/\/www.suno.com.br\/noticias\/economia\/"},{"@type":"ListItem","position":3,"name":"Sal\u00e1rio m\u00ednimo: Minist\u00e9rio da Economia prev\u00ea para R$ 1.031 em 2020"}]},{"@type":"WebSite","@id":"https:\/\/www.suno.com.br\/noticias\/#website","url":"https:\/\/www.suno.com.br\/noticias\/","name":"Suno Not\u00edcias","description":"Seu portal de informa\u00e7\u00e3o sobre o mundo dos investimentos","publisher":{"@id":"https:\/\/www.suno.com.br\/noticias\/#organization"},"potentialAction":[{"@type":"SearchAction","target":{"@type":"EntryPoint","urlTemplate":"https:\/\/www.suno.com.br\/noticias\/?s={search_term_string}"},"query-input":{"@type":"PropertyValueSpecification","valueRequired":true,"valueName":"search_term_string"}}],"inLanguage":"pt-BR"},{"@type":"Organization","@id":"https:\/\/www.suno.com.br\/noticias\/#organization","name":"Suno Not\u00edcias","url":"https:\/\/www.suno.com.br\/noticias\/","logo":{"@type":"ImageObject","inLanguage":"pt-BR","@id":"https:\/\/www.suno.com.br\/noticias\/#\/schema\/logo\/image\/","url":"https:\/\/files.sunoresearch.com.br\/n\/uploads\/2021\/09\/suno-logo.png","contentUrl":"https:\/\/files.sunoresearch.com.br\/n\/uploads\/2021\/09\/suno-logo.png","width":180,"height":180,"caption":"Suno Not\u00edcias"},"image":{"@id":"https:\/\/www.suno.com.br\/noticias\/#\/schema\/logo\/image\/"},"sameAs":["https:\/\/facebook.com\/sunoresearch","https:\/\/x.com\/sunoresearch","https:\/\/www.instagram.com\/suno","https:\/\/www.linkedin.com\/company\/suno-research\/","https:\/\/www.youtube.com\/c\/sunoresearch"]},{"@type":"Person","@id":"https:\/\/www.suno.com.br\/noticias\/#\/schema\/person\/098743caeed97b37f51315c9576c4078","name":"Rafael Lara","image":{"@type":"ImageObject","inLanguage":"pt-BR","@id":"https:\/\/www.suno.com.br\/noticias\/#\/schema\/person\/image\/","url":"https:\/\/secure.gravatar.com\/avatar\/dfc254ab9bb2ea1895d98b9e9dae4bdd?s=96&r=g","contentUrl":"https:\/\/secure.gravatar.com\/avatar\/dfc254ab9bb2ea1895d98b9e9dae4bdd?s=96&r=g","caption":"Rafael Lara"},"description":"Rafael Lara cursa jornalismo na Faculdade C\u00e1sper L\u00edbero. Escreve sobre pol\u00edtica, economia e neg\u00f3cios para o portal Suno Not\u00edcias. Antes, colaborou na TV Gazeta na produ\u00e7\u00e3o do programa Edi\u00e7\u00e3o Extra.","url":"https:\/\/www.suno.com.br\/noticias\/author\/rafael\/"}]}},"default_loop_html":"<div class=\"cardsPage__listCard__boxs\"><div class=\"cardsPage__listCard__boxs__img\"><a href=\"https:\/\/www.suno.com.br\/noticias\/salario-minimo-ministerio-economia-r1-031-2020\/\"><img class=\"mask\" src=\"https:\/\/www.suno.com.br\/noticias\/wp-content\/themes\/suno\/resources\/images\/spotlight\/spotlight1img\/bg-mask.png\" alt=\"Image Mask\"\/><img src=\"https:\/\/files.sunoresearch.com.br\/n\/uploads\/2019\/04\/039c186c-reais-dinheiro-money2-400x200.webp\" alt=\"Sal\u00e1rio m\u00ednimo: Minist\u00e9rio da Economia prev\u00ea para R$ 1.031 em 2020\"\/><\/a><span class=\"spotlightCategory\"><a href=\"https:\/\/www.suno.com.br\/noticias\/economia\/\">Economia<\/a><\/span><\/div><div class=\"cardsPage__listCard__boxs__content\"><a href=\"https:\/\/www.suno.com.br\/noticias\/salario-minimo-ministerio-economia-r1-031-2020\/\"><h2 class=\"content__title\">Sal\u00e1rio m\u00ednimo: Minist\u00e9rio da Economia prev\u00ea para R$ 1.031 em 2020<\/h2><\/a><div class=\"newsContent__article__meta\"><div class=\"newsContent__article__meta__authorBox\"><a href=\"https:\/\/www.suno.com.br\/noticias\/author\/rafael\/\" class=\"authorBox__avatar noMobi\"><img src=\"https:\/\/secure.gravatar.com\/avatar\/dfc254ab9bb2ea1895d98b9e9dae4bdd?s=96&#038;r=g\" alt=\"Rafael Lara\"><\/a><div class=\"authorBox__name\"><span>por\n\t\t\t<a href=\"https:\/\/www.suno.com.br\/noticias\/author\/rafael\/\"><span itemprop=\"author\">Rafael Lara<\/span><\/a><\/span><time datetime=\"2019-11-26T21:08:09-03:00\" itemprop=\"datePublished\">26\/11\/2019 21:08<\/time><\/div><\/div><\/div><\/div><\/div>","single_layout":"posts","amp_enabled":true,"_links":{"self":[{"href":"https:\/\/www.suno.com.br\/noticias\/wp-json\/wp\/v2\/posts\/45819"}],"collection":[{"href":"https:\/\/www.suno.com.br\/noticias\/wp-json\/wp\/v2\/posts"}],"about":[{"href":"https:\/\/www.suno.com.br\/noticias\/wp-json\/wp\/v2\/types\/post"}],"author":[{"embeddable":true,"href":"https:\/\/www.suno.com.br\/noticias\/wp-json\/wp\/v2\/users\/23"}],"replies":[{"embeddable":true,"href":"https:\/\/www.suno.com.br\/noticias\/wp-json\/wp\/v2\/comments?post=45819"}],"version-history":[{"count":1,"href":"https:\/\/www.suno.com.br\/noticias\/wp-json\/wp\/v2\/posts\/45819\/revisions"}],"predecessor-version":[{"id":159661,"href":"https:\/\/www.suno.com.br\/noticias\/wp-json\/wp\/v2\/posts\/45819\/revisions\/159661"}],"wp:featuredmedia":[{"embeddable":true,"href":"https:\/\/www.suno.com.br\/noticias\/wp-json\/wp\/v2\/media\/21373"}],"wp:attachment":[{"href":"https:\/\/www.suno.com.br\/noticias\/wp-json\/wp\/v2\/media?parent=45819"}],"wp:term":[{"taxonomy":"category","embeddable":true,"href":"https:\/\/www.suno.com.br\/noticias\/wp-json\/wp\/v2\/categories?post=45819"},{"taxonomy":"post_tag","embeddable":true,"href":"https:\/\/www.suno.com.br\/noticias\/wp-json\/wp\/v2\/tags?post=45819"},{"taxonomy":"suno_strategy","embeddable":true,"href":"https:\/\/www.suno.com.br\/noticias\/wp-json\/wp\/v2\/suno_strategy?post=45819"}],"curies":[{"name":"wp","href":"https:\/\/api.w.org\/{rel}","templated":true}]}}