{"id":45812,"date":"2019-11-26T19:39:04","date_gmt":"2019-11-26T21:39:04","guid":{"rendered":"https:\/\/www.suno.com.br\/noticias\/?p=45812"},"modified":"2019-11-26T19:48:10","modified_gmt":"2019-11-26T21:48:10","slug":"ibovespa-queda-107-pontos-26112019","status":"publish","type":"post","link":"https:\/\/www.suno.com.br\/noticias\/ibovespa-queda-107-pontos-26112019\/","title":{"rendered":"Ibovespa encerra em queda de 1,26% a 107.059,40 pontos"},"content":{"rendered":"<p>O Ibovespa encerrou, nesta ter\u00e7a-feira (26), em queda de 1,26%, a 107.059,40 pontos. A varia\u00e7\u00e3o negativa do \u00edndice acion\u00e1rio foi acompanhada de uma nova m\u00e1xima hist\u00f3rica do <strong>d\u00f3lar<\/strong>.<\/p>\t<div class=\"wrapper-featured-image\">\n\t\t<figure class=\"spotlightImg\">\n\n\t\t\t<picture>\n\t\t\t\t<source media=\"(max-width: 768px)\" srcset=\"https:\/\/files.sunoresearch.com.br\/n\/uploads\/2018\/10\/7ae388cb-ibovespa-2-400x200.webp\">\n\t\t\t\t<img loading=\"lazy\" decoding=\"async\" class=\"newsContent__article__imgCapa lazyloadDisabled newsContent__article__imgCapa--noCaption\" src=\"https:\/\/files.sunoresearch.com.br\/n\/uploads\/2018\/10\/7ae388cb-ibovespa-2-800x450.webp\" width=\"800\" height=\"450\" alt=\"Ibovespa encerra em queda de 1,26% a 107.059,40 pontos\" fetchpriority=high \/>\n\t\t\t<\/picture>\n\n\t\t\t<figcaption class=\"wp-caption-text wp-caption-text--hide\">O Ibovespa <\/figcaption>\n\t\t<\/figure>\n\t<\/div>\n\n\n\n<p>A varia\u00e7\u00e3o do <strong>Ibovespa<\/strong> foi impulsionada tamb\u00e9m por outros fatores. No cen\u00e1rio externo, o presidente norte-americano, <strong>Donald Trump<\/strong>, afirmou estar na &#8220;fase final&#8221; do acordo com a China.<\/p>\n<p><a href=\"https:\/\/www.suno.com.br\/black-friday-2019\/assinaturas\/\">Black Friday Suno \u2013 pague 2 anos e leve 3 nas principais assinaturas da Suno Research<\/a><\/p>\n<p>Confira quais foram algumas das not\u00edcias que movimentaram o mercado interno ao longo do dia:<\/p>\n<ul>\n<li><strong>Marfrig<\/strong> (MRFG3) prepara oferta subsequente de a\u00e7\u00f5es de cerca de R$ 2 bi;<\/li>\n<li><strong>Lojas<\/strong>\u00a0<strong>Marisa<\/strong> divulga oferta de a\u00e7\u00f5es que poder\u00e1 movimentar R$ 654,5 mi;<\/li>\n<\/ul>\n<h2>M\u00e1xima hist\u00f3rica do d\u00f3lar<\/h2>\n<p>O d\u00f3lar atingiu uma nova m\u00e1xima hist\u00f3rica nesta ter\u00e7a-feira. A moeda norte-americana encerrou em alta de 0,588% sendo cotado a R$ 4,2398.<\/p>\n<p><a href=\"https:\/\/www.suno.com.br\/noticias\/dolar-alta-historica-26112019\/\">Saiba mais: D\u00f3lar encerra a R$ 4,2398 e bate nova alta hist\u00f3rica<\/a><\/p>\n<p>No dia, a cota\u00e7\u00e3o m\u00e1xima registrada foi de R$ 4,2771. De acordo com Felipe Pellegrini, gerente de tesouraria do Travelex Bank, o crescimento do d\u00f3lar pode se explicar por pela: &#8220;declara\u00e7\u00e3o do <strong>ministro<\/strong> <strong>da Economia<\/strong>, que n\u00e3o se sente desconfort\u00e1vel com a valoriza\u00e7\u00e3o do d\u00f3lar perante o <strong>real<\/strong> e entende que \u00e9 um movimento natural para o novo patamar de juros que vivemos aqui. O mercado acabou por conta disso adiantando uma valoriza\u00e7\u00e3o ainda maior do que o esperado&#8221;.<\/p>\n<p>Al\u00e9m disso, o <strong><a href=\"https:\/\/www.suno.com.br\/artigos\/bacen\/\">Banco Central (BC)<\/a><\/strong> anunciou leil\u00e3o extra para vender a moeda \u00e0 vista como forma de amenizar a alta.<\/p>\n<h2>Guerra comercial<\/h2>\n<p>O presidente norte-americano, Donald Trump, declarou que os Estados Unidos est\u00e3o na &#8220;fase final&#8221; da tentativa de chegar a um acordo em rela\u00e7\u00e3o \u00e0 <a href=\"https:\/\/www.suno.com.br\/artigos\/a-guerra-comercial\/\"><strong>guerra comercial<\/strong><\/a> com a China. Contudo, apesar da declara\u00e7\u00e3o, Trump afirmou que \u00e9 favor\u00e1vel aos manifestantes em Hong Kong.<\/p>\n<p><a href=\"https:\/\/www.suno.com.br\/noticias\/guerra-comercial-trump-acordo-china-2\/\">Saiba mais: Guerra comercial: Trump diz estar na \u201cfase final\u201d de acordo com China<\/a><\/p>\n<p>Em evento na Casa Branca para assinar um decreto presidencial relacionado ao combate a viol\u00eancia contra mulheres ind\u00edgenas norte-americanas, Trump\u00a0foi questionado por um jornalista se havia alguma mensagem para a popula\u00e7\u00e3o de Hong Kong ap\u00f3s as recentes elei\u00e7\u00f5es.<\/p>\n<p>\u201cEstamos com eles. Eu tenho um relacionamento muito bom, como voc\u00eas sabem, com o presidente Xi. Estamos na fase final de um acordo muito importante, acho que voc\u00ea poderia dizer que um dos acordos mais importantes do com\u00e9rcio de todos os tempos. Est\u00e1 indo muito bem, mas, ao mesmo tempo, queremos que tudo corra bem em Hong Kong&#8221;, disse Trump.<\/p>\n<h2>Follow-on da Marfrig<\/h2>\n<p>A <strong>Marfrig Global Foods<\/strong> est\u00e1 preparando uma oferta subsequente de a\u00e7\u00f5es <a href=\"https:\/\/www.suno.com.br\/artigos\/follow-on\/\">(follow-on)<\/a> de aproximadamente R$ 2 bilh\u00f5es.<\/p>\n<p><a href=\"https:\/\/www.suno.com.br\/noticias\/marfrig-prepara-oferta-subsequente-de-acoes-de-aproximadamente-r-2-bi\/\">Saiba mais: Marfrig prepara oferta subsequente de a\u00e7\u00f5es de aproximadamente R$ 2 bi<\/a><\/p>\n<p>Com a opera\u00e7\u00e3o, o <a href=\"https:\/\/www.suno.com.br\/artigos\/bndespar\/\">BNDESPar<\/a> pode desinvestir parte dos 33,7% do capital que det\u00e9m da Marfrig. Na \u00faltima segunda-feira (25), a empresa do ramo de alimentos valia R$ 7 bilh\u00f5es na <a href=\"https:\/\/www.suno.com.br\/artigos\/b3\/\">Bolsa de Valores<\/a>. A parte do BNDES equivale a R$ 2,4 bilh\u00f5es.<\/p>\n<p>Com R$ 1 bilh\u00e3o da oferta prim\u00e1ria, a empresa do setor aliment\u00edcio teria um refor\u00e7o no caixa para poder diminuir as d\u00edvidas ap\u00f3s o aumento da participa\u00e7\u00e3o no National Beef. A opera\u00e7\u00e3o junto a essa empresa custou US$ 860 milh\u00f5es para a companhia.<\/p>\n<h2>Oferta p\u00fablica de a\u00e7\u00f5es da Marisa<\/h2>\n<p>A Lojas Marisa (AMAR3) anunciou que a realiza\u00e7\u00e3o de uma oferta p\u00fablica prim\u00e1ria de a\u00e7\u00f5es foi aprovada pelo seu <a href=\"https:\/\/www.suno.com.br\/artigos\/conselho-administracao\/\">Conselho de Administra\u00e7\u00e3o<\/a>.<\/p>\n<p><a href=\"https:\/\/www.suno.com.br\/noticias\/lojas-marisa-oferta-de-acoes-podera-movimentar-654-milhoes\/\">Saiba mais: Lojas Marisa divulga oferta de a\u00e7\u00f5es que poder\u00e1 movimentar R$ 654,5 mi<\/a><\/p>\n<p>A rede varejista de moda anunciou que a oferta contar\u00e1 inicialmente com 46,8 milh\u00f5es de a\u00e7\u00f5es, havendo a possibilidade de aumentar a emiss\u00e3o dos pap\u00e9is. Segundo a varejista, a oferta pode ser elevada com um lote suplementar de 9,3 milh\u00f5es de a\u00e7\u00f5es (20% do lote principal) e um lote adicional de 5,2 milh\u00f5es (11%).<\/p>\n<p>O pre\u00e7o por papel ser\u00e1 definido apenas depois do procedimento de <a href=\"https:\/\/www.suno.com.br\/artigos\/bookbuilding\/\">bookbuilding<\/a>.<\/p>\n<h2>\u00daltima cota\u00e7\u00e3o do Ibovespa<\/h2>\n<p>Na \u00faltima sess\u00e3o, segunda-feira (25), o <a href=\"https:\/\/www.suno.com.br\/artigos\/ibovespa\/\"><strong>Ibovespa<\/strong><\/a> encerrou em queda de 0,25% a 108.423,930 pontos.<\/p>\n","protected":false},"excerpt":{"rendered":"<p>O Ibovespa encerrou, nesta ter\u00e7a-feira (26), em queda de 1,26%, a 107.059,40 pontos. A varia\u00e7\u00e3o negativa do \u00edndice acion\u00e1rio foi acompanhada de uma nova m\u00e1xima hist\u00f3rica do d\u00f3lar. O Ibovespa A varia\u00e7\u00e3o do Ibovespa foi impulsionada tamb\u00e9m por outros fatores. No cen\u00e1rio externo, o presidente norte-americano, Donald Trump, afirmou estar na &#8220;fase final&#8221; do acordo [&hellip;]<\/p>\n","protected":false},"author":18,"featured_media":4749,"comment_status":"closed","ping_status":"closed","sticky":false,"template":"","format":"standard","meta":[],"categories":[60],"tags":[1546,326,721,541,552],"suno_strategy":[],"class_list":["post-45812","post","type-post","status-publish","format-standard","has-post-thumbnail","hentry","category-mercado","tag-acordo-comercial","tag-dolar","tag-ibovespa","tag-lojas-marisa-amar3","tag-marfrig-mrfg3"],"yoast_head":"<!-- This site is optimized with the Yoast SEO plugin v24.4 - https:\/\/yoast.com\/wordpress\/plugins\/seo\/ -->\n<title>Ibovespa encerra em queda de 1,26%, a 107.059,40 pontos<\/title>\n<meta name=\"description\" content=\"O Ibovespa encerrou o preg\u00e3o, nesta ter\u00e7a-feira (26), com varia\u00e7\u00e3o negativa de 1,26%, a 107.059,40 pontos. Clique para saber mais.\" \/>\n<meta name=\"robots\" content=\"index, follow, max-snippet:-1, max-image-preview:large, max-video-preview:-1\" \/>\n<link rel=\"canonical\" href=\"https:\/\/www.suno.com.br\/noticias\/ibovespa-queda-107-pontos-26112019\/\" \/>\n<meta property=\"og:locale\" content=\"pt_BR\" \/>\n<meta property=\"og:type\" content=\"article\" \/>\n<meta property=\"og:title\" content=\"Ibovespa encerra em queda de 1,26%, a 107.059,40 pontos\" \/>\n<meta property=\"og:description\" content=\"O Ibovespa encerrou o preg\u00e3o, nesta ter\u00e7a-feira (26), com varia\u00e7\u00e3o negativa de 1,26%, a 107.059,40 pontos. Clique para saber mais.\" \/>\n<meta property=\"og:url\" content=\"https:\/\/www.suno.com.br\/noticias\/ibovespa-queda-107-pontos-26112019\/\" \/>\n<meta property=\"og:site_name\" content=\"Suno Not\u00edcias\" \/>\n<meta property=\"article:publisher\" content=\"https:\/\/facebook.com\/sunoresearch\" \/>\n<meta property=\"og:image\" content=\"https:\/\/files.sunoresearch.com.br\/n\/uploads\/2018\/10\/7ae388cb-ibovespa-2.jpg\" \/>\n\t<meta property=\"og:image:width\" content=\"1920\" \/>\n\t<meta property=\"og:image:height\" content=\"1078\" \/>\n\t<meta property=\"og:image:type\" content=\"image\/jpeg\" \/>\n<meta name=\"author\" content=\"Giovanna Oliveira\" \/>\n<meta name=\"twitter:card\" content=\"summary_large_image\" \/>\n<meta name=\"twitter:creator\" content=\"@sunoresearch\" \/>\n<meta name=\"twitter:site\" content=\"@sunoresearch\" \/>\n<meta name=\"twitter:label1\" content=\"Escrito por\" \/>\n\t<meta name=\"twitter:data1\" content=\"Giovanna Oliveira\" \/>\n\t<meta name=\"twitter:label2\" content=\"Est. tempo de leitura\" \/>\n\t<meta name=\"twitter:data2\" content=\"4 minutos\" \/>\n<script type=\"application\/ld+json\" class=\"yoast-schema-graph\">{\"@context\":\"https:\/\/schema.org\",\"@graph\":[{\"@type\":\"NewsArticle\",\"@id\":\"https:\/\/www.suno.com.br\/noticias\/ibovespa-queda-107-pontos-26112019\/#article\",\"isPartOf\":{\"@id\":\"https:\/\/www.suno.com.br\/noticias\/ibovespa-queda-107-pontos-26112019\/\"},\"author\":{\"name\":\"Giovanna Oliveira\",\"@id\":\"https:\/\/www.suno.com.br\/noticias\/#\/schema\/person\/4e19e3d2575736e5283d58eb3199d120\"},\"headline\":\"Ibovespa encerra em queda de 1,26% a 107.059,40 pontos\",\"datePublished\":\"2019-11-26T21:39:04+00:00\",\"dateModified\":\"2019-11-26T21:48:10+00:00\",\"mainEntityOfPage\":{\"@id\":\"https:\/\/www.suno.com.br\/noticias\/ibovespa-queda-107-pontos-26112019\/\"},\"wordCount\":707,\"publisher\":{\"@id\":\"https:\/\/www.suno.com.br\/noticias\/#organization\"},\"image\":{\"@id\":\"https:\/\/www.suno.com.br\/noticias\/ibovespa-queda-107-pontos-26112019\/#primaryimage\"},\"thumbnailUrl\":\"https:\/\/files.sunoresearch.com.br\/n\/uploads\/2018\/10\/7ae388cb-ibovespa-2-jpg.webp\",\"keywords\":[\"acordo comercial\",\"d\u00f3lar\",\"Ibovespa\",\"Lojas Marisa (AMAR3)\",\"Marfrig (MRFG3)\"],\"articleSection\":[\"Mercado\"],\"inLanguage\":\"pt-BR\"},{\"@type\":\"WebPage\",\"@id\":\"https:\/\/www.suno.com.br\/noticias\/ibovespa-queda-107-pontos-26112019\/\",\"url\":\"https:\/\/www.suno.com.br\/noticias\/ibovespa-queda-107-pontos-26112019\/\",\"name\":\"Ibovespa encerra em queda de 1,26%, a 107.059,40 pontos\",\"isPartOf\":{\"@id\":\"https:\/\/www.suno.com.br\/noticias\/#website\"},\"primaryImageOfPage\":{\"@id\":\"https:\/\/www.suno.com.br\/noticias\/ibovespa-queda-107-pontos-26112019\/#primaryimage\"},\"image\":{\"@id\":\"https:\/\/www.suno.com.br\/noticias\/ibovespa-queda-107-pontos-26112019\/#primaryimage\"},\"thumbnailUrl\":\"https:\/\/files.sunoresearch.com.br\/n\/uploads\/2018\/10\/7ae388cb-ibovespa-2-jpg.webp\",\"datePublished\":\"2019-11-26T21:39:04+00:00\",\"dateModified\":\"2019-11-26T21:48:10+00:00\",\"description\":\"O Ibovespa encerrou o preg\u00e3o, nesta ter\u00e7a-feira (26), com varia\u00e7\u00e3o negativa de 1,26%, a 107.059,40 pontos. Clique para saber mais.\",\"breadcrumb\":{\"@id\":\"https:\/\/www.suno.com.br\/noticias\/ibovespa-queda-107-pontos-26112019\/#breadcrumb\"},\"inLanguage\":\"pt-BR\",\"potentialAction\":[{\"@type\":\"ReadAction\",\"target\":[\"https:\/\/www.suno.com.br\/noticias\/ibovespa-queda-107-pontos-26112019\/\"]}]},{\"@type\":\"ImageObject\",\"inLanguage\":\"pt-BR\",\"@id\":\"https:\/\/www.suno.com.br\/noticias\/ibovespa-queda-107-pontos-26112019\/#primaryimage\",\"url\":\"https:\/\/files.sunoresearch.com.br\/n\/uploads\/2018\/10\/7ae388cb-ibovespa-2-jpg.webp\",\"contentUrl\":\"https:\/\/files.sunoresearch.com.br\/n\/uploads\/2018\/10\/7ae388cb-ibovespa-2-jpg.webp\",\"width\":1920,\"height\":1078,\"caption\":\"O Ibovespa\"},{\"@type\":\"BreadcrumbList\",\"@id\":\"https:\/\/www.suno.com.br\/noticias\/ibovespa-queda-107-pontos-26112019\/#breadcrumb\",\"itemListElement\":[{\"@type\":\"ListItem\",\"position\":1,\"name\":\"Not\u00edcias\",\"item\":\"https:\/\/www.suno.com.br\/noticias\/\"},{\"@type\":\"ListItem\",\"position\":2,\"name\":\"Mercado\",\"item\":\"https:\/\/www.suno.com.br\/noticias\/mercado\/\"},{\"@type\":\"ListItem\",\"position\":3,\"name\":\"Ibovespa encerra em queda de 1,26% a 107.059,40 pontos\"}]},{\"@type\":\"WebSite\",\"@id\":\"https:\/\/www.suno.com.br\/noticias\/#website\",\"url\":\"https:\/\/www.suno.com.br\/noticias\/\",\"name\":\"Suno Not\u00edcias\",\"description\":\"Seu portal de informa\u00e7\u00e3o sobre o mundo dos investimentos\",\"publisher\":{\"@id\":\"https:\/\/www.suno.com.br\/noticias\/#organization\"},\"potentialAction\":[{\"@type\":\"SearchAction\",\"target\":{\"@type\":\"EntryPoint\",\"urlTemplate\":\"https:\/\/www.suno.com.br\/noticias\/?s={search_term_string}\"},\"query-input\":{\"@type\":\"PropertyValueSpecification\",\"valueRequired\":true,\"valueName\":\"search_term_string\"}}],\"inLanguage\":\"pt-BR\"},{\"@type\":\"Organization\",\"@id\":\"https:\/\/www.suno.com.br\/noticias\/#organization\",\"name\":\"Suno Not\u00edcias\",\"url\":\"https:\/\/www.suno.com.br\/noticias\/\",\"logo\":{\"@type\":\"ImageObject\",\"inLanguage\":\"pt-BR\",\"@id\":\"https:\/\/www.suno.com.br\/noticias\/#\/schema\/logo\/image\/\",\"url\":\"https:\/\/files.sunoresearch.com.br\/n\/uploads\/2021\/09\/suno-logo.png\",\"contentUrl\":\"https:\/\/files.sunoresearch.com.br\/n\/uploads\/2021\/09\/suno-logo.png\",\"width\":180,\"height\":180,\"caption\":\"Suno Not\u00edcias\"},\"image\":{\"@id\":\"https:\/\/www.suno.com.br\/noticias\/#\/schema\/logo\/image\/\"},\"sameAs\":[\"https:\/\/facebook.com\/sunoresearch\",\"https:\/\/x.com\/sunoresearch\",\"https:\/\/www.instagram.com\/suno\",\"https:\/\/www.linkedin.com\/company\/suno-research\/\",\"https:\/\/www.youtube.com\/c\/sunoresearch\"]},{\"@type\":\"Person\",\"@id\":\"https:\/\/www.suno.com.br\/noticias\/#\/schema\/person\/4e19e3d2575736e5283d58eb3199d120\",\"name\":\"Giovanna Oliveira\",\"image\":{\"@type\":\"ImageObject\",\"inLanguage\":\"pt-BR\",\"@id\":\"https:\/\/www.suno.com.br\/noticias\/#\/schema\/person\/image\/\",\"url\":\"https:\/\/secure.gravatar.com\/avatar\/9a37b3ae208962ac568992d0ffdbc2eb?s=96&r=g\",\"contentUrl\":\"https:\/\/secure.gravatar.com\/avatar\/9a37b3ae208962ac568992d0ffdbc2eb?s=96&r=g\",\"caption\":\"Giovanna Oliveira\"},\"description\":\"Giovanna Oliveira escreve sobre economia e pol\u00edtica. Foi rep\u00f3rter do portal de jornalismo da ESPM-SP e produziu conte\u00fado para a Corinthians TV. \u00c9 estudante da ESPM.\",\"url\":\"https:\/\/www.suno.com.br\/noticias\/author\/giovanna\/\"}]}<\/script>\n<!-- \/ Yoast SEO plugin. -->","yoast_head_json":{"title":"Ibovespa encerra em queda de 1,26%, a 107.059,40 pontos","description":"O Ibovespa encerrou o preg\u00e3o, nesta ter\u00e7a-feira (26), com varia\u00e7\u00e3o negativa de 1,26%, a 107.059,40 pontos. Clique para saber mais.","robots":{"index":"index","follow":"follow","max-snippet":"max-snippet:-1","max-image-preview":"max-image-preview:large","max-video-preview":"max-video-preview:-1"},"canonical":"https:\/\/www.suno.com.br\/noticias\/ibovespa-queda-107-pontos-26112019\/","og_locale":"pt_BR","og_type":"article","og_title":"Ibovespa encerra em queda de 1,26%, a 107.059,40 pontos","og_description":"O Ibovespa encerrou o preg\u00e3o, nesta ter\u00e7a-feira (26), com varia\u00e7\u00e3o negativa de 1,26%, a 107.059,40 pontos. Clique para saber mais.","og_url":"https:\/\/www.suno.com.br\/noticias\/ibovespa-queda-107-pontos-26112019\/","og_site_name":"Suno Not\u00edcias","article_publisher":"https:\/\/facebook.com\/sunoresearch","og_image":[{"width":1920,"height":1078,"url":"https:\/\/files.sunoresearch.com.br\/n\/uploads\/2018\/10\/7ae388cb-ibovespa-2.jpg","type":"image\/jpeg"}],"author":"Giovanna Oliveira","twitter_card":"summary_large_image","twitter_creator":"@sunoresearch","twitter_site":"@sunoresearch","twitter_misc":{"Escrito por":"Giovanna Oliveira","Est. tempo de leitura":"4 minutos"},"schema":{"@context":"https:\/\/schema.org","@graph":[{"@type":"NewsArticle","@id":"https:\/\/www.suno.com.br\/noticias\/ibovespa-queda-107-pontos-26112019\/#article","isPartOf":{"@id":"https:\/\/www.suno.com.br\/noticias\/ibovespa-queda-107-pontos-26112019\/"},"author":{"name":"Giovanna Oliveira","@id":"https:\/\/www.suno.com.br\/noticias\/#\/schema\/person\/4e19e3d2575736e5283d58eb3199d120"},"headline":"Ibovespa encerra em queda de 1,26% a 107.059,40 pontos","datePublished":"2019-11-26T21:39:04+00:00","dateModified":"2019-11-26T21:48:10+00:00","mainEntityOfPage":{"@id":"https:\/\/www.suno.com.br\/noticias\/ibovespa-queda-107-pontos-26112019\/"},"wordCount":707,"publisher":{"@id":"https:\/\/www.suno.com.br\/noticias\/#organization"},"image":{"@id":"https:\/\/www.suno.com.br\/noticias\/ibovespa-queda-107-pontos-26112019\/#primaryimage"},"thumbnailUrl":"https:\/\/files.sunoresearch.com.br\/n\/uploads\/2018\/10\/7ae388cb-ibovespa-2-jpg.webp","keywords":["acordo comercial","d\u00f3lar","Ibovespa","Lojas Marisa (AMAR3)","Marfrig (MRFG3)"],"articleSection":["Mercado"],"inLanguage":"pt-BR"},{"@type":"WebPage","@id":"https:\/\/www.suno.com.br\/noticias\/ibovespa-queda-107-pontos-26112019\/","url":"https:\/\/www.suno.com.br\/noticias\/ibovespa-queda-107-pontos-26112019\/","name":"Ibovespa encerra em queda de 1,26%, a 107.059,40 pontos","isPartOf":{"@id":"https:\/\/www.suno.com.br\/noticias\/#website"},"primaryImageOfPage":{"@id":"https:\/\/www.suno.com.br\/noticias\/ibovespa-queda-107-pontos-26112019\/#primaryimage"},"image":{"@id":"https:\/\/www.suno.com.br\/noticias\/ibovespa-queda-107-pontos-26112019\/#primaryimage"},"thumbnailUrl":"https:\/\/files.sunoresearch.com.br\/n\/uploads\/2018\/10\/7ae388cb-ibovespa-2-jpg.webp","datePublished":"2019-11-26T21:39:04+00:00","dateModified":"2019-11-26T21:48:10+00:00","description":"O Ibovespa encerrou o preg\u00e3o, nesta ter\u00e7a-feira (26), com varia\u00e7\u00e3o negativa de 1,26%, a 107.059,40 pontos. Clique para saber mais.","breadcrumb":{"@id":"https:\/\/www.suno.com.br\/noticias\/ibovespa-queda-107-pontos-26112019\/#breadcrumb"},"inLanguage":"pt-BR","potentialAction":[{"@type":"ReadAction","target":["https:\/\/www.suno.com.br\/noticias\/ibovespa-queda-107-pontos-26112019\/"]}]},{"@type":"ImageObject","inLanguage":"pt-BR","@id":"https:\/\/www.suno.com.br\/noticias\/ibovespa-queda-107-pontos-26112019\/#primaryimage","url":"https:\/\/files.sunoresearch.com.br\/n\/uploads\/2018\/10\/7ae388cb-ibovespa-2-jpg.webp","contentUrl":"https:\/\/files.sunoresearch.com.br\/n\/uploads\/2018\/10\/7ae388cb-ibovespa-2-jpg.webp","width":1920,"height":1078,"caption":"O Ibovespa"},{"@type":"BreadcrumbList","@id":"https:\/\/www.suno.com.br\/noticias\/ibovespa-queda-107-pontos-26112019\/#breadcrumb","itemListElement":[{"@type":"ListItem","position":1,"name":"Not\u00edcias","item":"https:\/\/www.suno.com.br\/noticias\/"},{"@type":"ListItem","position":2,"name":"Mercado","item":"https:\/\/www.suno.com.br\/noticias\/mercado\/"},{"@type":"ListItem","position":3,"name":"Ibovespa encerra em queda de 1,26% a 107.059,40 pontos"}]},{"@type":"WebSite","@id":"https:\/\/www.suno.com.br\/noticias\/#website","url":"https:\/\/www.suno.com.br\/noticias\/","name":"Suno Not\u00edcias","description":"Seu portal de informa\u00e7\u00e3o sobre o mundo dos investimentos","publisher":{"@id":"https:\/\/www.suno.com.br\/noticias\/#organization"},"potentialAction":[{"@type":"SearchAction","target":{"@type":"EntryPoint","urlTemplate":"https:\/\/www.suno.com.br\/noticias\/?s={search_term_string}"},"query-input":{"@type":"PropertyValueSpecification","valueRequired":true,"valueName":"search_term_string"}}],"inLanguage":"pt-BR"},{"@type":"Organization","@id":"https:\/\/www.suno.com.br\/noticias\/#organization","name":"Suno Not\u00edcias","url":"https:\/\/www.suno.com.br\/noticias\/","logo":{"@type":"ImageObject","inLanguage":"pt-BR","@id":"https:\/\/www.suno.com.br\/noticias\/#\/schema\/logo\/image\/","url":"https:\/\/files.sunoresearch.com.br\/n\/uploads\/2021\/09\/suno-logo.png","contentUrl":"https:\/\/files.sunoresearch.com.br\/n\/uploads\/2021\/09\/suno-logo.png","width":180,"height":180,"caption":"Suno Not\u00edcias"},"image":{"@id":"https:\/\/www.suno.com.br\/noticias\/#\/schema\/logo\/image\/"},"sameAs":["https:\/\/facebook.com\/sunoresearch","https:\/\/x.com\/sunoresearch","https:\/\/www.instagram.com\/suno","https:\/\/www.linkedin.com\/company\/suno-research\/","https:\/\/www.youtube.com\/c\/sunoresearch"]},{"@type":"Person","@id":"https:\/\/www.suno.com.br\/noticias\/#\/schema\/person\/4e19e3d2575736e5283d58eb3199d120","name":"Giovanna Oliveira","image":{"@type":"ImageObject","inLanguage":"pt-BR","@id":"https:\/\/www.suno.com.br\/noticias\/#\/schema\/person\/image\/","url":"https:\/\/secure.gravatar.com\/avatar\/9a37b3ae208962ac568992d0ffdbc2eb?s=96&r=g","contentUrl":"https:\/\/secure.gravatar.com\/avatar\/9a37b3ae208962ac568992d0ffdbc2eb?s=96&r=g","caption":"Giovanna Oliveira"},"description":"Giovanna Oliveira escreve sobre economia e pol\u00edtica. Foi rep\u00f3rter do portal de jornalismo da ESPM-SP e produziu conte\u00fado para a Corinthians TV. \u00c9 estudante da ESPM.","url":"https:\/\/www.suno.com.br\/noticias\/author\/giovanna\/"}]}},"default_loop_html":"<div class=\"cardsPage__listCard__boxs\"><div class=\"cardsPage__listCard__boxs__img\"><a href=\"https:\/\/www.suno.com.br\/noticias\/ibovespa-queda-107-pontos-26112019\/\"><img class=\"mask\" src=\"https:\/\/www.suno.com.br\/noticias\/wp-content\/themes\/suno\/resources\/images\/spotlight\/spotlight1img\/bg-mask.png\" alt=\"Image Mask\"\/><img src=\"https:\/\/files.sunoresearch.com.br\/n\/uploads\/2018\/10\/7ae388cb-ibovespa-2-400x200.webp\" alt=\"Ibovespa encerra em queda de 1,26% a 107.059,40 pontos\"\/><\/a><span class=\"spotlightCategory\"><a href=\"https:\/\/www.suno.com.br\/noticias\/mercado\/\">Mercado<\/a><\/span><\/div><div class=\"cardsPage__listCard__boxs__content\"><a href=\"https:\/\/www.suno.com.br\/noticias\/ibovespa-queda-107-pontos-26112019\/\"><h2 class=\"content__title\">Ibovespa encerra em queda de 1,26% a 107.059,40 pontos<\/h2><\/a><div class=\"newsContent__article__meta\"><div class=\"newsContent__article__meta__authorBox\"><a href=\"https:\/\/www.suno.com.br\/noticias\/author\/giovanna\/\" class=\"authorBox__avatar noMobi\"><img src=\"https:\/\/files.sunoresearch.com.br\/n\/uploads\/2019\/06\/952a89ca-screenshot_20190608-171507-150x150.webp\" alt=\"Giovanna Oliveira\"><\/a><div class=\"authorBox__name\"><span>por\n\t\t\t<a href=\"https:\/\/www.suno.com.br\/noticias\/author\/giovanna\/\"><span itemprop=\"author\">Giovanna Oliveira<\/span><\/a><\/span><time datetime=\"2019-11-26T19:39:04-03:00\" itemprop=\"datePublished\">26\/11\/2019 19:39<\/time><\/div><\/div><\/div><\/div><\/div>","single_layout":"posts","amp_enabled":true,"_links":{"self":[{"href":"https:\/\/www.suno.com.br\/noticias\/wp-json\/wp\/v2\/posts\/45812"}],"collection":[{"href":"https:\/\/www.suno.com.br\/noticias\/wp-json\/wp\/v2\/posts"}],"about":[{"href":"https:\/\/www.suno.com.br\/noticias\/wp-json\/wp\/v2\/types\/post"}],"author":[{"embeddable":true,"href":"https:\/\/www.suno.com.br\/noticias\/wp-json\/wp\/v2\/users\/18"}],"replies":[{"embeddable":true,"href":"https:\/\/www.suno.com.br\/noticias\/wp-json\/wp\/v2\/comments?post=45812"}],"version-history":[{"count":0,"href":"https:\/\/www.suno.com.br\/noticias\/wp-json\/wp\/v2\/posts\/45812\/revisions"}],"wp:featuredmedia":[{"embeddable":true,"href":"https:\/\/www.suno.com.br\/noticias\/wp-json\/wp\/v2\/media\/4749"}],"wp:attachment":[{"href":"https:\/\/www.suno.com.br\/noticias\/wp-json\/wp\/v2\/media?parent=45812"}],"wp:term":[{"taxonomy":"category","embeddable":true,"href":"https:\/\/www.suno.com.br\/noticias\/wp-json\/wp\/v2\/categories?post=45812"},{"taxonomy":"post_tag","embeddable":true,"href":"https:\/\/www.suno.com.br\/noticias\/wp-json\/wp\/v2\/tags?post=45812"},{"taxonomy":"suno_strategy","embeddable":true,"href":"https:\/\/www.suno.com.br\/noticias\/wp-json\/wp\/v2\/suno_strategy?post=45812"}],"curies":[{"name":"wp","href":"https:\/\/api.w.org\/{rel}","templated":true}]}}