{"id":45806,"date":"2019-11-26T19:08:41","date_gmt":"2019-11-26T21:08:41","guid":{"rendered":"https:\/\/www.suno.com.br\/noticias\/?p=45806"},"modified":"2019-11-26T19:08:41","modified_gmt":"2019-11-26T21:08:41","slug":"dolar-alta-historica-26112019","status":"publish","type":"post","link":"https:\/\/www.suno.com.br\/noticias\/dolar-alta-historica-26112019\/","title":{"rendered":"D\u00f3lar encerra a R$ 4,2398 e bate nova alta hist\u00f3rica"},"content":{"rendered":"<p>O <a href=\"https:\/\/www.suno.com.br\/artigos\/investir-em-dolar\/\">d\u00f3lar<\/a> encerrou, nesta ter\u00e7a-feira (26), em alta de 0,588% sendo cotado a R$ 4,2398. O valor \u00e9, pelo segundo dia consecutivo, o maior da hist\u00f3ria.<\/p>\t<div class=\"wrapper-featured-image\">\n\t\t<figure class=\"spotlightImg\">\n\n\t\t\t<picture>\n\t\t\t\t<source media=\"(max-width: 768px)\" srcset=\"https:\/\/files.sunoresearch.com.br\/n\/uploads\/2019\/01\/c27f20d7-d\u00f3lar-400x200.webp\">\n\t\t\t\t<img loading=\"lazy\" decoding=\"async\" class=\"newsContent__article__imgCapa lazyloadDisabled newsContent__article__imgCapa--noCaption\" src=\"https:\/\/files.sunoresearch.com.br\/n\/uploads\/2019\/01\/c27f20d7-d\u00f3lar-800x450.webp\" width=\"800\" height=\"450\" alt=\"D\u00f3lar encerra a R$ 4,2398 e bate nova alta hist\u00f3rica\" fetchpriority=high \/>\n\t\t\t<\/picture>\n\n\t\t\t<figcaption class=\"wp-caption-text wp-caption-text--hide\">D\u00f3lar<\/figcaption>\n\t\t<\/figure>\n\t<\/div>\n\n\n\n<p>No dia, a m\u00e1xima registrada do <strong>d\u00f3lar<\/strong> foi de R$ 4,2771. De acordo com <strong>Felipe<\/strong> <strong>Pellegrini<\/strong>, gerente de tesouraria do Travelex Bank, o crescimento do d\u00f3lar pode se explicar por pela: &#8220;declara\u00e7\u00e3o do <strong>ministro<\/strong> <strong>da Economia<\/strong>, que n\u00e3o se sente desconfort\u00e1vel com a valoriza\u00e7\u00e3o do d\u00f3lar perante o <strong>real<\/strong> e entende que \u00e9 um movimento natural para o novo patamar de juros que vivemos aqui. O mercado acabou por conta disso adiantando uma valoriza\u00e7\u00e3o ainda maior do que o esperado.&#8221;<\/p>\n<p><a href=\"https:\/\/www.suno.com.br\/black-friday-2019\/assinaturas\/\">Black Friday Suno \u2013 pague 2 anos e leve 3 nas principais assinaturas da Suno Research<\/a><\/p>\n<p>&#8220;Podemos relembrar de semanas atr\u00e1s com o <strong>leil\u00e3o do pr\u00e9-sal<\/strong>, que ficou abaixo do esperado e fez com que come\u00e7\u00e1ssemos a ver esse d\u00f3lar em estado de alta, sempre tudo muito exagerado. O mercado cresceu muito r\u00e1pido e exageradamente, at\u00e9 por isso, vimos hoje uma interven\u00e7\u00e3o do <strong>BC<\/strong> para tentar conter essa eleva\u00e7\u00e3o. Por volta das 11h vemos o d\u00f3lar tendo uma queda ap\u00f3s o an\u00fancio de um leil\u00e3o extra do BC&#8221;, disse <strong>Pellegrini.<\/strong><\/p>\n<p>Al\u00e9m disso, contribu\u00edram para a <strong>alta<\/strong>:<\/p>\n<ul>\n<li><strong>Banco<\/strong> <strong>Central<\/strong> interv\u00e9m ap\u00f3s d\u00f3lar bater recorde e ficar pr\u00f3ximo a R$ 4,27;<\/li>\n<li><strong>Guerra<\/strong> <strong>comercial<\/strong>: <strong>Trump<\/strong> diz estar na &#8220;fase final&#8221; de acordo com <strong>China.<\/strong><\/li>\n<\/ul>\n<h2>Banco Central<\/h2>\n<p>O Banco Central decidiu tomar provid\u00eancias ap\u00f3s o d\u00f3lar bater recordes nesta ter\u00e7a-feira (26). O BC anunciou leil\u00e3o extra para vender a moeda \u00e0 vista. A opera\u00e7\u00e3o aconteceu entre \u00e0s 11h03 e \u00e0s 11h08 e n\u00e3o foram divulgadas as quantidades ofertadas.<\/p>\n<p><a href=\"https:\/\/www.suno.com.br\/noticias\/banco-central-intervem-dolar-recorde\/\">Saiba mais: Banco Central interv\u00e9m ap\u00f3s d\u00f3lar bater recorde e ficar pr\u00f3ximo a R$ 4,27<\/a><\/p>\n<p>De acordo com o <strong>Banco<\/strong> <strong>Central<\/strong>, a taxa de corte do leil\u00e3o foi de R$ 4,2320. Antes dessa opera\u00e7\u00e3o, o BC tamb\u00e9m promoveu a venda \u00e0 vista de d\u00f3lares e de swap cambial reverso, que corresponde a venda de d\u00f3lar no mercado futuro.<\/p>\n<p>Depois da a\u00e7\u00e3o feita pelo Banco Central, o <strong>d\u00f3lar<\/strong> diminuiu para R$ 4,24. Antes, a moeda chegou a atingir R$ 4,2694 no mercado \u00e0 vista e R$ 4,270 no contrato futuro de dezembro.<\/p>\n<h2>Guerra comercial<\/h2>\n<p>O presidente norte-americano, <strong>Donald<\/strong> <strong>Trump<\/strong>, declarou nesta ter\u00e7a-feira (26) que os <strong>Estados<\/strong> <strong>Unidos<\/strong> est\u00e3o na &#8220;fase final&#8221; da tentativa de chegar a um acordo em rela\u00e7\u00e3o \u00e0 <a href=\"https:\/\/www.suno.com.br\/artigos\/a-guerra-comercial\/\">guerra comercial<\/a> com a <strong>China<\/strong>. Contudo, apesar da declara\u00e7\u00e3o, Trump afirmou que \u00e9 favor\u00e1vel aos manifestantes em <strong>Hong<\/strong> <strong>Kong<\/strong>.<\/p>\n<p><a href=\"https:\/\/www.suno.com.br\/noticias\/guerra-comercial-trump-acordo-china-2\/\">Saiba mais: Guerra comercial: Trump diz estar na &#8220;fase final&#8221; de acordo com China<\/a><\/p>\n<p>Em evento na <strong>Casa<\/strong> <strong>Branca<\/strong> para assinar um decreto presidencial relacionado ao combate a viol\u00eancia contra mulheres ind\u00edgenas norte-americanas, <strong>Trump<\/strong>, que vem negociando um acordo relacionado \u00e0 <strong>guerra<\/strong> <strong>comercial<\/strong>, foi questionado por um jornalista se havia alguma mensagem para a popula\u00e7\u00e3o de <strong>Hong<\/strong> <strong>Kong<\/strong> ap\u00f3s as recentes elei\u00e7\u00f5es.<\/p>\n<p><span style=\"font-size: 1.21429rem;\">\u201cEstamos com eles. Eu tenho um relacionamento muito bom, como voc\u00eas sabem, com o presidente <\/span><strong style=\"font-size: 1.21429rem;\">Xi<\/strong><span style=\"font-size: 1.21429rem;\">. Estamos na fase final de um acordo muito importante, acho que voc\u00ea poderia dizer que um dos acordos mais importantes do com\u00e9rcio de todos os tempos. Est\u00e1 indo muito bem, mas, ao mesmo tempo, queremos que tudo corra bem em <\/span><strong style=\"font-size: 1.21429rem;\">Hong<\/strong> <strong style=\"font-size: 1.21429rem;\">Kong<\/strong><span style=\"font-size: 1.21429rem;\">.&#8221;, disse <strong>Trump<\/strong>.<\/span><\/p>\n<h2>\u00daltima cota\u00e7\u00e3o do d\u00f3lar<\/h2>\n<p>Na \u00faltima sess\u00e3o, na segunda-feira (25),\u00a0 o <strong><a href=\"https:\/\/www.youtube.com\/channel\/UCWDeEIDAIi_oYKDiqwfGyRg\">d\u00f3lar<\/a> <\/strong>encerrou em alta de 0,527% sendo negociado a R$ 4,215.<\/p>\n","protected":false},"excerpt":{"rendered":"<p>O d\u00f3lar encerrou, nesta ter\u00e7a-feira (26), em alta de 0,588% sendo cotado a R$ 4,2398. O valor \u00e9, pelo segundo dia consecutivo, o maior da hist\u00f3ria. D\u00f3lar No dia, a m\u00e1xima registrada do d\u00f3lar foi de R$ 4,2771. De acordo com Felipe Pellegrini, gerente de tesouraria do Travelex Bank, o crescimento do d\u00f3lar pode se [&hellip;]<\/p>\n","protected":false},"author":23,"featured_media":12372,"comment_status":"closed","ping_status":"closed","sticky":false,"template":"","format":"standard","meta":[],"categories":[60],"tags":[1842,326,980],"suno_strategy":[],"class_list":["post-45806","post","type-post","status-publish","format-standard","has-post-thumbnail","hentry","category-mercado","tag-banco-central-bc","tag-dolar","tag-guerra-comercial"],"yoast_head":"<!-- This site is optimized with the Yoast SEO plugin v24.4 - https:\/\/yoast.com\/wordpress\/plugins\/seo\/ -->\n<title>D\u00f3lar encerra a R$ 4,2398 e bate nova alta hist\u00f3rica<\/title>\n<meta name=\"description\" content=\"O d\u00f3lar encerrou em alta de 0,588% sendo cotado a R$ 4,2398. O valor \u00e9, pelo segundo dia consecutivo, o maior da hist\u00f3ria. Clique para mais.\" \/>\n<meta name=\"robots\" content=\"index, follow, max-snippet:-1, max-image-preview:large, max-video-preview:-1\" \/>\n<link rel=\"canonical\" href=\"https:\/\/www.suno.com.br\/noticias\/dolar-alta-historica-26112019\/\" \/>\n<meta property=\"og:locale\" content=\"pt_BR\" \/>\n<meta property=\"og:type\" content=\"article\" \/>\n<meta property=\"og:title\" content=\"D\u00f3lar encerra a R$ 4,2398 e bate nova alta hist\u00f3rica\" \/>\n<meta property=\"og:description\" content=\"O d\u00f3lar encerrou em alta de 0,588% sendo cotado a R$ 4,2398. O valor \u00e9, pelo segundo dia consecutivo, o maior da hist\u00f3ria. Clique para mais.\" \/>\n<meta property=\"og:url\" content=\"https:\/\/www.suno.com.br\/noticias\/dolar-alta-historica-26112019\/\" \/>\n<meta property=\"og:site_name\" content=\"Suno Not\u00edcias\" \/>\n<meta property=\"article:publisher\" content=\"https:\/\/facebook.com\/sunoresearch\" \/>\n<meta property=\"og:image\" content=\"https:\/\/files.sunoresearch.com.br\/n\/uploads\/2019\/01\/c27f20d7-d\u00f3lar-1024x681.jpg\" \/>\n\t<meta property=\"og:image:width\" content=\"1024\" \/>\n\t<meta property=\"og:image:height\" content=\"681\" \/>\n\t<meta property=\"og:image:type\" content=\"image\/jpeg\" \/>\n<meta name=\"author\" content=\"Rafael Lara\" \/>\n<meta name=\"twitter:card\" content=\"summary_large_image\" \/>\n<meta name=\"twitter:creator\" content=\"@sunoresearch\" \/>\n<meta name=\"twitter:site\" content=\"@sunoresearch\" \/>\n<meta name=\"twitter:label1\" content=\"Escrito por\" \/>\n\t<meta name=\"twitter:data1\" content=\"Rafael Lara\" \/>\n\t<meta name=\"twitter:label2\" content=\"Est. tempo de leitura\" \/>\n\t<meta name=\"twitter:data2\" content=\"3 minutos\" \/>\n<script type=\"application\/ld+json\" class=\"yoast-schema-graph\">{\"@context\":\"https:\/\/schema.org\",\"@graph\":[{\"@type\":\"NewsArticle\",\"@id\":\"https:\/\/www.suno.com.br\/noticias\/dolar-alta-historica-26112019\/#article\",\"isPartOf\":{\"@id\":\"https:\/\/www.suno.com.br\/noticias\/dolar-alta-historica-26112019\/\"},\"author\":{\"name\":\"Rafael Lara\",\"@id\":\"https:\/\/www.suno.com.br\/noticias\/#\/schema\/person\/098743caeed97b37f51315c9576c4078\"},\"headline\":\"D\u00f3lar encerra a R$ 4,2398 e bate nova alta hist\u00f3rica\",\"datePublished\":\"2019-11-26T21:08:41+00:00\",\"mainEntityOfPage\":{\"@id\":\"https:\/\/www.suno.com.br\/noticias\/dolar-alta-historica-26112019\/\"},\"wordCount\":604,\"publisher\":{\"@id\":\"https:\/\/www.suno.com.br\/noticias\/#organization\"},\"image\":{\"@id\":\"https:\/\/www.suno.com.br\/noticias\/dolar-alta-historica-26112019\/#primaryimage\"},\"thumbnailUrl\":\"https:\/\/files.sunoresearch.com.br\/n\/uploads\/2019\/01\/c27f20d7-d\u00f3lar-scaled.webp\",\"keywords\":[\"Banco Central (BC)\",\"d\u00f3lar\",\"guerra comercial\"],\"articleSection\":[\"Mercado\"],\"inLanguage\":\"pt-BR\"},{\"@type\":\"WebPage\",\"@id\":\"https:\/\/www.suno.com.br\/noticias\/dolar-alta-historica-26112019\/\",\"url\":\"https:\/\/www.suno.com.br\/noticias\/dolar-alta-historica-26112019\/\",\"name\":\"D\u00f3lar encerra a R$ 4,2398 e bate nova alta hist\u00f3rica\",\"isPartOf\":{\"@id\":\"https:\/\/www.suno.com.br\/noticias\/#website\"},\"primaryImageOfPage\":{\"@id\":\"https:\/\/www.suno.com.br\/noticias\/dolar-alta-historica-26112019\/#primaryimage\"},\"image\":{\"@id\":\"https:\/\/www.suno.com.br\/noticias\/dolar-alta-historica-26112019\/#primaryimage\"},\"thumbnailUrl\":\"https:\/\/files.sunoresearch.com.br\/n\/uploads\/2019\/01\/c27f20d7-d\u00f3lar-scaled.webp\",\"datePublished\":\"2019-11-26T21:08:41+00:00\",\"description\":\"O d\u00f3lar encerrou em alta de 0,588% sendo cotado a R$ 4,2398. O valor \u00e9, pelo segundo dia consecutivo, o maior da hist\u00f3ria. Clique para mais.\",\"breadcrumb\":{\"@id\":\"https:\/\/www.suno.com.br\/noticias\/dolar-alta-historica-26112019\/#breadcrumb\"},\"inLanguage\":\"pt-BR\",\"potentialAction\":[{\"@type\":\"ReadAction\",\"target\":[\"https:\/\/www.suno.com.br\/noticias\/dolar-alta-historica-26112019\/\"]}]},{\"@type\":\"ImageObject\",\"inLanguage\":\"pt-BR\",\"@id\":\"https:\/\/www.suno.com.br\/noticias\/dolar-alta-historica-26112019\/#primaryimage\",\"url\":\"https:\/\/files.sunoresearch.com.br\/n\/uploads\/2019\/01\/c27f20d7-d\u00f3lar-scaled.webp\",\"contentUrl\":\"https:\/\/files.sunoresearch.com.br\/n\/uploads\/2019\/01\/c27f20d7-d\u00f3lar-scaled.webp\",\"width\":2560,\"height\":1702,\"caption\":\"D\u00f3lar\"},{\"@type\":\"BreadcrumbList\",\"@id\":\"https:\/\/www.suno.com.br\/noticias\/dolar-alta-historica-26112019\/#breadcrumb\",\"itemListElement\":[{\"@type\":\"ListItem\",\"position\":1,\"name\":\"Not\u00edcias\",\"item\":\"https:\/\/www.suno.com.br\/noticias\/\"},{\"@type\":\"ListItem\",\"position\":2,\"name\":\"Mercado\",\"item\":\"https:\/\/www.suno.com.br\/noticias\/mercado\/\"},{\"@type\":\"ListItem\",\"position\":3,\"name\":\"D\u00f3lar encerra a R$ 4,2398 e bate nova alta hist\u00f3rica\"}]},{\"@type\":\"WebSite\",\"@id\":\"https:\/\/www.suno.com.br\/noticias\/#website\",\"url\":\"https:\/\/www.suno.com.br\/noticias\/\",\"name\":\"Suno Not\u00edcias\",\"description\":\"Seu portal de informa\u00e7\u00e3o sobre o mundo dos investimentos\",\"publisher\":{\"@id\":\"https:\/\/www.suno.com.br\/noticias\/#organization\"},\"potentialAction\":[{\"@type\":\"SearchAction\",\"target\":{\"@type\":\"EntryPoint\",\"urlTemplate\":\"https:\/\/www.suno.com.br\/noticias\/?s={search_term_string}\"},\"query-input\":{\"@type\":\"PropertyValueSpecification\",\"valueRequired\":true,\"valueName\":\"search_term_string\"}}],\"inLanguage\":\"pt-BR\"},{\"@type\":\"Organization\",\"@id\":\"https:\/\/www.suno.com.br\/noticias\/#organization\",\"name\":\"Suno Not\u00edcias\",\"url\":\"https:\/\/www.suno.com.br\/noticias\/\",\"logo\":{\"@type\":\"ImageObject\",\"inLanguage\":\"pt-BR\",\"@id\":\"https:\/\/www.suno.com.br\/noticias\/#\/schema\/logo\/image\/\",\"url\":\"https:\/\/files.sunoresearch.com.br\/n\/uploads\/2021\/09\/suno-logo.png\",\"contentUrl\":\"https:\/\/files.sunoresearch.com.br\/n\/uploads\/2021\/09\/suno-logo.png\",\"width\":180,\"height\":180,\"caption\":\"Suno Not\u00edcias\"},\"image\":{\"@id\":\"https:\/\/www.suno.com.br\/noticias\/#\/schema\/logo\/image\/\"},\"sameAs\":[\"https:\/\/facebook.com\/sunoresearch\",\"https:\/\/x.com\/sunoresearch\",\"https:\/\/www.instagram.com\/suno\",\"https:\/\/www.linkedin.com\/company\/suno-research\/\",\"https:\/\/www.youtube.com\/c\/sunoresearch\"]},{\"@type\":\"Person\",\"@id\":\"https:\/\/www.suno.com.br\/noticias\/#\/schema\/person\/098743caeed97b37f51315c9576c4078\",\"name\":\"Rafael Lara\",\"image\":{\"@type\":\"ImageObject\",\"inLanguage\":\"pt-BR\",\"@id\":\"https:\/\/www.suno.com.br\/noticias\/#\/schema\/person\/image\/\",\"url\":\"https:\/\/secure.gravatar.com\/avatar\/dfc254ab9bb2ea1895d98b9e9dae4bdd?s=96&r=g\",\"contentUrl\":\"https:\/\/secure.gravatar.com\/avatar\/dfc254ab9bb2ea1895d98b9e9dae4bdd?s=96&r=g\",\"caption\":\"Rafael Lara\"},\"description\":\"Rafael Lara cursa jornalismo na Faculdade C\u00e1sper L\u00edbero. Escreve sobre pol\u00edtica, economia e neg\u00f3cios para o portal Suno Not\u00edcias. Antes, colaborou na TV Gazeta na produ\u00e7\u00e3o do programa Edi\u00e7\u00e3o Extra.\",\"url\":\"https:\/\/www.suno.com.br\/noticias\/author\/rafael\/\"}]}<\/script>\n<!-- \/ Yoast SEO plugin. -->","yoast_head_json":{"title":"D\u00f3lar encerra a R$ 4,2398 e bate nova alta hist\u00f3rica","description":"O d\u00f3lar encerrou em alta de 0,588% sendo cotado a R$ 4,2398. O valor \u00e9, pelo segundo dia consecutivo, o maior da hist\u00f3ria. Clique para mais.","robots":{"index":"index","follow":"follow","max-snippet":"max-snippet:-1","max-image-preview":"max-image-preview:large","max-video-preview":"max-video-preview:-1"},"canonical":"https:\/\/www.suno.com.br\/noticias\/dolar-alta-historica-26112019\/","og_locale":"pt_BR","og_type":"article","og_title":"D\u00f3lar encerra a R$ 4,2398 e bate nova alta hist\u00f3rica","og_description":"O d\u00f3lar encerrou em alta de 0,588% sendo cotado a R$ 4,2398. O valor \u00e9, pelo segundo dia consecutivo, o maior da hist\u00f3ria. Clique para mais.","og_url":"https:\/\/www.suno.com.br\/noticias\/dolar-alta-historica-26112019\/","og_site_name":"Suno Not\u00edcias","article_publisher":"https:\/\/facebook.com\/sunoresearch","og_image":[{"width":1024,"height":681,"url":"https:\/\/files.sunoresearch.com.br\/n\/uploads\/2019\/01\/c27f20d7-d\u00f3lar-1024x681.jpg","type":"image\/jpeg"}],"author":"Rafael Lara","twitter_card":"summary_large_image","twitter_creator":"@sunoresearch","twitter_site":"@sunoresearch","twitter_misc":{"Escrito por":"Rafael Lara","Est. tempo de leitura":"3 minutos"},"schema":{"@context":"https:\/\/schema.org","@graph":[{"@type":"NewsArticle","@id":"https:\/\/www.suno.com.br\/noticias\/dolar-alta-historica-26112019\/#article","isPartOf":{"@id":"https:\/\/www.suno.com.br\/noticias\/dolar-alta-historica-26112019\/"},"author":{"name":"Rafael Lara","@id":"https:\/\/www.suno.com.br\/noticias\/#\/schema\/person\/098743caeed97b37f51315c9576c4078"},"headline":"D\u00f3lar encerra a R$ 4,2398 e bate nova alta hist\u00f3rica","datePublished":"2019-11-26T21:08:41+00:00","mainEntityOfPage":{"@id":"https:\/\/www.suno.com.br\/noticias\/dolar-alta-historica-26112019\/"},"wordCount":604,"publisher":{"@id":"https:\/\/www.suno.com.br\/noticias\/#organization"},"image":{"@id":"https:\/\/www.suno.com.br\/noticias\/dolar-alta-historica-26112019\/#primaryimage"},"thumbnailUrl":"https:\/\/files.sunoresearch.com.br\/n\/uploads\/2019\/01\/c27f20d7-d\u00f3lar-scaled.webp","keywords":["Banco Central (BC)","d\u00f3lar","guerra comercial"],"articleSection":["Mercado"],"inLanguage":"pt-BR"},{"@type":"WebPage","@id":"https:\/\/www.suno.com.br\/noticias\/dolar-alta-historica-26112019\/","url":"https:\/\/www.suno.com.br\/noticias\/dolar-alta-historica-26112019\/","name":"D\u00f3lar encerra a R$ 4,2398 e bate nova alta hist\u00f3rica","isPartOf":{"@id":"https:\/\/www.suno.com.br\/noticias\/#website"},"primaryImageOfPage":{"@id":"https:\/\/www.suno.com.br\/noticias\/dolar-alta-historica-26112019\/#primaryimage"},"image":{"@id":"https:\/\/www.suno.com.br\/noticias\/dolar-alta-historica-26112019\/#primaryimage"},"thumbnailUrl":"https:\/\/files.sunoresearch.com.br\/n\/uploads\/2019\/01\/c27f20d7-d\u00f3lar-scaled.webp","datePublished":"2019-11-26T21:08:41+00:00","description":"O d\u00f3lar encerrou em alta de 0,588% sendo cotado a R$ 4,2398. O valor \u00e9, pelo segundo dia consecutivo, o maior da hist\u00f3ria. Clique para mais.","breadcrumb":{"@id":"https:\/\/www.suno.com.br\/noticias\/dolar-alta-historica-26112019\/#breadcrumb"},"inLanguage":"pt-BR","potentialAction":[{"@type":"ReadAction","target":["https:\/\/www.suno.com.br\/noticias\/dolar-alta-historica-26112019\/"]}]},{"@type":"ImageObject","inLanguage":"pt-BR","@id":"https:\/\/www.suno.com.br\/noticias\/dolar-alta-historica-26112019\/#primaryimage","url":"https:\/\/files.sunoresearch.com.br\/n\/uploads\/2019\/01\/c27f20d7-d\u00f3lar-scaled.webp","contentUrl":"https:\/\/files.sunoresearch.com.br\/n\/uploads\/2019\/01\/c27f20d7-d\u00f3lar-scaled.webp","width":2560,"height":1702,"caption":"D\u00f3lar"},{"@type":"BreadcrumbList","@id":"https:\/\/www.suno.com.br\/noticias\/dolar-alta-historica-26112019\/#breadcrumb","itemListElement":[{"@type":"ListItem","position":1,"name":"Not\u00edcias","item":"https:\/\/www.suno.com.br\/noticias\/"},{"@type":"ListItem","position":2,"name":"Mercado","item":"https:\/\/www.suno.com.br\/noticias\/mercado\/"},{"@type":"ListItem","position":3,"name":"D\u00f3lar encerra a R$ 4,2398 e bate nova alta hist\u00f3rica"}]},{"@type":"WebSite","@id":"https:\/\/www.suno.com.br\/noticias\/#website","url":"https:\/\/www.suno.com.br\/noticias\/","name":"Suno Not\u00edcias","description":"Seu portal de informa\u00e7\u00e3o sobre o mundo dos investimentos","publisher":{"@id":"https:\/\/www.suno.com.br\/noticias\/#organization"},"potentialAction":[{"@type":"SearchAction","target":{"@type":"EntryPoint","urlTemplate":"https:\/\/www.suno.com.br\/noticias\/?s={search_term_string}"},"query-input":{"@type":"PropertyValueSpecification","valueRequired":true,"valueName":"search_term_string"}}],"inLanguage":"pt-BR"},{"@type":"Organization","@id":"https:\/\/www.suno.com.br\/noticias\/#organization","name":"Suno Not\u00edcias","url":"https:\/\/www.suno.com.br\/noticias\/","logo":{"@type":"ImageObject","inLanguage":"pt-BR","@id":"https:\/\/www.suno.com.br\/noticias\/#\/schema\/logo\/image\/","url":"https:\/\/files.sunoresearch.com.br\/n\/uploads\/2021\/09\/suno-logo.png","contentUrl":"https:\/\/files.sunoresearch.com.br\/n\/uploads\/2021\/09\/suno-logo.png","width":180,"height":180,"caption":"Suno Not\u00edcias"},"image":{"@id":"https:\/\/www.suno.com.br\/noticias\/#\/schema\/logo\/image\/"},"sameAs":["https:\/\/facebook.com\/sunoresearch","https:\/\/x.com\/sunoresearch","https:\/\/www.instagram.com\/suno","https:\/\/www.linkedin.com\/company\/suno-research\/","https:\/\/www.youtube.com\/c\/sunoresearch"]},{"@type":"Person","@id":"https:\/\/www.suno.com.br\/noticias\/#\/schema\/person\/098743caeed97b37f51315c9576c4078","name":"Rafael Lara","image":{"@type":"ImageObject","inLanguage":"pt-BR","@id":"https:\/\/www.suno.com.br\/noticias\/#\/schema\/person\/image\/","url":"https:\/\/secure.gravatar.com\/avatar\/dfc254ab9bb2ea1895d98b9e9dae4bdd?s=96&r=g","contentUrl":"https:\/\/secure.gravatar.com\/avatar\/dfc254ab9bb2ea1895d98b9e9dae4bdd?s=96&r=g","caption":"Rafael Lara"},"description":"Rafael Lara cursa jornalismo na Faculdade C\u00e1sper L\u00edbero. Escreve sobre pol\u00edtica, economia e neg\u00f3cios para o portal Suno Not\u00edcias. Antes, colaborou na TV Gazeta na produ\u00e7\u00e3o do programa Edi\u00e7\u00e3o Extra.","url":"https:\/\/www.suno.com.br\/noticias\/author\/rafael\/"}]}},"default_loop_html":"<div class=\"cardsPage__listCard__boxs\"><div class=\"cardsPage__listCard__boxs__img\"><a href=\"https:\/\/www.suno.com.br\/noticias\/dolar-alta-historica-26112019\/\"><img class=\"mask\" src=\"https:\/\/www.suno.com.br\/noticias\/wp-content\/themes\/suno\/resources\/images\/spotlight\/spotlight1img\/bg-mask.png\" alt=\"Image Mask\"\/><img src=\"https:\/\/files.sunoresearch.com.br\/n\/uploads\/2019\/01\/c27f20d7-d\u00f3lar-400x200.webp\" alt=\"D\u00f3lar encerra a R$ 4,2398 e bate nova alta hist\u00f3rica\"\/><\/a><span class=\"spotlightCategory\"><a href=\"https:\/\/www.suno.com.br\/noticias\/mercado\/\">Mercado<\/a><\/span><\/div><div class=\"cardsPage__listCard__boxs__content\"><a href=\"https:\/\/www.suno.com.br\/noticias\/dolar-alta-historica-26112019\/\"><h2 class=\"content__title\">D\u00f3lar encerra a R$ 4,2398 e bate nova alta hist\u00f3rica<\/h2><\/a><div class=\"newsContent__article__meta\"><div class=\"newsContent__article__meta__authorBox\"><a href=\"https:\/\/www.suno.com.br\/noticias\/author\/rafael\/\" class=\"authorBox__avatar noMobi\"><img src=\"https:\/\/secure.gravatar.com\/avatar\/dfc254ab9bb2ea1895d98b9e9dae4bdd?s=96&#038;r=g\" alt=\"Rafael Lara\"><\/a><div class=\"authorBox__name\"><span>por\n\t\t\t<a href=\"https:\/\/www.suno.com.br\/noticias\/author\/rafael\/\"><span itemprop=\"author\">Rafael Lara<\/span><\/a><\/span><time datetime=\"2019-11-26T19:08:41-03:00\" itemprop=\"datePublished\">26\/11\/2019 19:08<\/time><\/div><\/div><\/div><\/div><\/div>","single_layout":"posts","amp_enabled":true,"_links":{"self":[{"href":"https:\/\/www.suno.com.br\/noticias\/wp-json\/wp\/v2\/posts\/45806"}],"collection":[{"href":"https:\/\/www.suno.com.br\/noticias\/wp-json\/wp\/v2\/posts"}],"about":[{"href":"https:\/\/www.suno.com.br\/noticias\/wp-json\/wp\/v2\/types\/post"}],"author":[{"embeddable":true,"href":"https:\/\/www.suno.com.br\/noticias\/wp-json\/wp\/v2\/users\/23"}],"replies":[{"embeddable":true,"href":"https:\/\/www.suno.com.br\/noticias\/wp-json\/wp\/v2\/comments?post=45806"}],"version-history":[{"count":0,"href":"https:\/\/www.suno.com.br\/noticias\/wp-json\/wp\/v2\/posts\/45806\/revisions"}],"wp:featuredmedia":[{"embeddable":true,"href":"https:\/\/www.suno.com.br\/noticias\/wp-json\/wp\/v2\/media\/12372"}],"wp:attachment":[{"href":"https:\/\/www.suno.com.br\/noticias\/wp-json\/wp\/v2\/media?parent=45806"}],"wp:term":[{"taxonomy":"category","embeddable":true,"href":"https:\/\/www.suno.com.br\/noticias\/wp-json\/wp\/v2\/categories?post=45806"},{"taxonomy":"post_tag","embeddable":true,"href":"https:\/\/www.suno.com.br\/noticias\/wp-json\/wp\/v2\/tags?post=45806"},{"taxonomy":"suno_strategy","embeddable":true,"href":"https:\/\/www.suno.com.br\/noticias\/wp-json\/wp\/v2\/suno_strategy?post=45806"}],"curies":[{"name":"wp","href":"https:\/\/api.w.org\/{rel}","templated":true}]}}