{"id":45802,"date":"2019-11-26T18:02:57","date_gmt":"2019-11-26T20:02:57","guid":{"rendered":"https:\/\/www.suno.com.br\/noticias\/?p=45802"},"modified":"2019-11-30T16:28:59","modified_gmt":"2019-11-30T18:28:59","slug":"guerra-comercial-trump-acordo-china-2","status":"publish","type":"post","link":"https:\/\/www.suno.com.br\/noticias\/guerra-comercial-trump-acordo-china-2\/","title":{"rendered":"Guerra comercial: Trump diz estar na &#8220;fase final&#8221; de acordo com China"},"content":{"rendered":"<p>O presidente norte-americano, <a href=\"https:\/\/www.suno.com.br\/tudo-sobre\/donald-trump\/\"><strong>Donald<\/strong> <strong>Trump<\/strong><\/a>, declarou, nesta ter\u00e7a-feira (26) que os <strong>Estados<\/strong> <strong>Unidos<\/strong> est\u00e3o na &#8220;fase final&#8221; da tentativa de chegar a um acordo em rela\u00e7\u00e3o \u00e0 <strong>guerra<\/strong> <strong>comercial <\/strong>com a <strong>China<\/strong>. Contudo, apesar da declara\u00e7\u00e3o, Trump havia afirmado que \u00e9 favor\u00e1vel aos manifestantes em <strong>Hong<\/strong> <strong>Kong<\/strong>.<\/p>\t<div class=\"wrapper-featured-image\">\n\t\t<figure class=\"spotlightImg\">\n\n\t\t\t<picture>\n\t\t\t\t<source media=\"(max-width: 768px)\" srcset=\"https:\/\/files.sunoresearch.com.br\/n\/uploads\/2019\/08\/38c14748-guerra-comercial-400x200.webp\">\n\t\t\t\t<img loading=\"lazy\" decoding=\"async\" class=\"newsContent__article__imgCapa lazyloadDisabled newsContent__article__imgCapa--noCaption\" src=\"https:\/\/files.sunoresearch.com.br\/n\/uploads\/2019\/08\/38c14748-guerra-comercial-800x450.webp\" width=\"800\" height=\"450\" alt=\"Guerra comercial: Trump diz estar na &#8220;fase final&#8221; de acordo com China\" fetchpriority=high \/>\n\t\t\t<\/picture>\n\n\t\t\t<figcaption class=\"wp-caption-text wp-caption-text--hide\">China: Ap\u00f3s fechamento de consulado, rea\u00e7\u00e3o aos EUA \u00e9 necess\u00e1ria<\/figcaption>\n\t\t<\/figure>\n\t<\/div>\n\n\n\n<p>Em evento na <strong>Casa<\/strong> <strong>Branca<\/strong>, <strong>Trump<\/strong>, que vem negociando um acordo relacionado \u00e0 <strong>guerra<\/strong> <strong>comercial<\/strong>, foi questionado por um jornalista se havia alguma mensagem para a popula\u00e7\u00e3o de <strong>Hong<\/strong> <strong>Kong<\/strong> ap\u00f3s as recentes elei\u00e7\u00f5es.<\/p>\n<p><a href=\"https:\/\/www.suno.com.br\/black-friday-2019\/assinaturas\/\">Black Friday Suno \u2013 pague 2 anos e leve 3 nas principais assinaturas da Suno Research<\/a><\/p>\n<p>\u201cEstamos com eles. Eu tenho um relacionamento muito bom, como voc\u00eas sabem, com o presidente <strong>Xi<\/strong>. Estamos na fase final de um acordo muito importante, acho que voc\u00ea poderia dizer que um dos acordos mais importantes do com\u00e9rcio de todos os tempos. Est\u00e1 indo muito bem, mas, ao mesmo tempo, queremos que tudo corra bem em <strong>Hong<\/strong> <strong>Kong<\/strong>&#8220;, disse <strong>Trump.<\/strong><\/p>\n<h2>Consenso sobre guerra comercial<\/h2>\n<p>O <strong>Minist\u00e9rio do Com\u00e9rcio<\/strong> da China informou nesta ter\u00e7a-feira (26) que chegou a um consenso sobre a conclus\u00e3o de problemas relevantes por meio de um telefonema com os Estados Unidos, concordando em continuar com as negocia\u00e7\u00f5es acerca dos problemas restantes relacionados ao acordo da primeira fase.<\/p>\n<p>A mensagem vinda da <strong>China<\/strong> ocorre logo ap\u00f3s a escalada das preocupa\u00e7\u00f5es de que o projeto de lei dos <strong>Estados Unidos<\/strong> que apoia os protestos de <strong>Hong Kong<\/strong> possa ser um empecilho nas negocia\u00e7\u00f5es entre os dois pa\u00edses.<\/p>\n<p><a href=\"https:\/\/www.suno.com.br\/noticias\/estados-unidos-china-chegaram-a-consenso-segundo-governo-chines\/\">Saiba mais: Estados Unidos e China chegaram a consenso em quest\u00f5es relevantes, segundo governo chin\u00eas<\/a><\/p>\n<p>Segundo o <strong>Minist\u00e9rio<\/strong> <strong>do<\/strong> <strong>Com\u00e9rcio<\/strong> <strong>da<\/strong> <strong>China<\/strong> em um comunicado curto, Liu He, vice-primeiro-ministro da China, conversou com o representante comercial norte-americano, <strong>Robert<\/strong> <strong>Lighthizer<\/strong>, e o secret\u00e1rio do Tesouro dos <strong>EUA<\/strong>, <strong>Steven<\/strong> <strong>Mnuchin<\/strong>, na manh\u00e3 desta ter\u00e7a. Ambas as partes discutiram assuntos relacionados \u00e0s suas principais preocupa\u00e7\u00f5es, informou o minist\u00e9rio, sem dar mais detalhes.<\/p>\n\t<p>\n\t\t<a href=\"https:\/\/lp.suno.com.br\/ebook-investindo-em-fiis\/\" target=\"_blank\" data-element=\"shortcode-suno-banner\" title=\"Banner SUNO, clique e saiba mais\">\n\t\t\t<picture>\n\t\t\t\t<source media=\"(max-width: 500px)\" srcset=\"https:\/\/files.sunoresearch.com.br\/n\/uploads\/2023\/07\/Ebook-Fundos-Imobiliarios-Mobile.jpg\">\n\t\t\t\t<img class=\"newsContent__article__imgCapa newsContent__article__imgCapa--banner\"\n\t\t\t\t\tsrc=\"https:\/\/files.sunoresearch.com.br\/n\/uploads\/2023\/07\/Ebook-Fundos-Imobiliarios-Desktop.jpg\"\n\t\t\t\t\tdata-promo-id=\"378301\"\t\t\t\t\t\t\t\t\t\twidth='1420' height='286'\t\t\t\t\talt=\"https:\/\/files.sunoresearch.com.br\/n\/uploads\/2023\/07\/Ebook-Fundos-Imobiliarios-Desktop.jpg\"\n\t\t\t\t>\n\t\t\t<\/picture>\n\t\t<\/a>\n\t<\/p>\n\n\n<p>O ministro do Com\u00e9rcio da <strong>China<\/strong>, <strong>Zhong<\/strong> <strong>Shan<\/strong>; o presidente do Banco Central, <strong>Yi Gang,<\/strong> e o vice-chefe da principal ag\u00eancia de planejamento econ\u00f4mico do pa\u00eds, <strong>Ning<\/strong> <strong>Jizhe<\/strong>, de acordo com o minist\u00e9rio, tamb\u00e9m participaram da conversa sobre a <strong>guerra<\/strong> <strong>comercial<\/strong>.<\/p>\n","protected":false},"excerpt":{"rendered":"<p>O presidente norte-americano, Donald Trump, declarou, nesta ter\u00e7a-feira (26) que os Estados Unidos est\u00e3o na &#8220;fase final&#8221; da tentativa de chegar a um acordo em rela\u00e7\u00e3o \u00e0 guerra comercial com a China. Contudo, apesar da declara\u00e7\u00e3o, Trump havia afirmado que \u00e9 favor\u00e1vel aos manifestantes em Hong Kong. China: Ap\u00f3s fechamento de consulado, rea\u00e7\u00e3o aos EUA [&hellip;]<\/p>\n","protected":false},"author":23,"featured_media":33391,"comment_status":"closed","ping_status":"closed","sticky":false,"template":"","format":"standard","meta":[],"categories":[63],"tags":[711,793,980],"suno_strategy":[],"class_list":["post-45802","post","type-post","status-publish","format-standard","has-post-thumbnail","hentry","category-internacional","tag-china","tag-estados-unidos-eua","tag-guerra-comercial"],"yoast_head":"<!-- This site is optimized with the Yoast SEO plugin v24.4 - https:\/\/yoast.com\/wordpress\/plugins\/seo\/ -->\n<title>Guerra comercial: Trump diz estar na &quot;fase final&quot; de acordo com China<\/title>\n<meta name=\"description\" content=\"Donald Trump disse que os EUA est\u00e3o na &quot;fase final&quot; para chegar a um acordo em rela\u00e7\u00e3o \u00e0 guerra comercial com a China. Clique para mais.\" \/>\n<meta name=\"robots\" content=\"index, follow, max-snippet:-1, max-image-preview:large, max-video-preview:-1\" \/>\n<link rel=\"canonical\" href=\"https:\/\/www.suno.com.br\/noticias\/guerra-comercial-trump-acordo-china-2\/\" \/>\n<meta property=\"og:locale\" content=\"pt_BR\" \/>\n<meta property=\"og:type\" content=\"article\" \/>\n<meta property=\"og:title\" content=\"Guerra comercial: Trump diz estar na &quot;fase final&quot; de acordo com China\" \/>\n<meta property=\"og:description\" content=\"Donald Trump disse que os EUA est\u00e3o na &quot;fase final&quot; para chegar a um acordo em rela\u00e7\u00e3o \u00e0 guerra comercial com a China. Clique para mais.\" \/>\n<meta property=\"og:url\" content=\"https:\/\/www.suno.com.br\/noticias\/guerra-comercial-trump-acordo-china-2\/\" \/>\n<meta property=\"og:site_name\" content=\"Suno Not\u00edcias\" \/>\n<meta property=\"article:publisher\" content=\"https:\/\/facebook.com\/sunoresearch\" \/>\n<meta property=\"og:image\" content=\"https:\/\/files.sunoresearch.com.br\/n\/uploads\/2019\/08\/38c14748-guerra-comercial.jpg\" \/>\n\t<meta property=\"og:image:width\" content=\"3265\" \/>\n\t<meta property=\"og:image:height\" content=\"1935\" \/>\n\t<meta property=\"og:image:type\" content=\"image\/jpeg\" \/>\n<meta name=\"author\" content=\"Rafael Lara\" \/>\n<meta name=\"twitter:card\" content=\"summary_large_image\" \/>\n<meta name=\"twitter:creator\" content=\"@sunoresearch\" \/>\n<meta name=\"twitter:site\" content=\"@sunoresearch\" \/>\n<meta name=\"twitter:label1\" content=\"Escrito por\" \/>\n\t<meta name=\"twitter:data1\" content=\"Rafael Lara\" \/>\n\t<meta name=\"twitter:label2\" content=\"Est. tempo de leitura\" \/>\n\t<meta name=\"twitter:data2\" content=\"2 minutos\" \/>\n<script type=\"application\/ld+json\" class=\"yoast-schema-graph\">{\"@context\":\"https:\/\/schema.org\",\"@graph\":[{\"@type\":\"NewsArticle\",\"@id\":\"https:\/\/www.suno.com.br\/noticias\/guerra-comercial-trump-acordo-china-2\/#article\",\"isPartOf\":{\"@id\":\"https:\/\/www.suno.com.br\/noticias\/guerra-comercial-trump-acordo-china-2\/\"},\"author\":{\"name\":\"Rafael Lara\",\"@id\":\"https:\/\/www.suno.com.br\/noticias\/#\/schema\/person\/098743caeed97b37f51315c9576c4078\"},\"headline\":\"Guerra comercial: Trump diz estar na &#8220;fase final&#8221; de acordo com China\",\"datePublished\":\"2019-11-26T20:02:57+00:00\",\"dateModified\":\"2019-11-30T18:28:59+00:00\",\"mainEntityOfPage\":{\"@id\":\"https:\/\/www.suno.com.br\/noticias\/guerra-comercial-trump-acordo-china-2\/\"},\"wordCount\":397,\"publisher\":{\"@id\":\"https:\/\/www.suno.com.br\/noticias\/#organization\"},\"image\":{\"@id\":\"https:\/\/www.suno.com.br\/noticias\/guerra-comercial-trump-acordo-china-2\/#primaryimage\"},\"thumbnailUrl\":\"https:\/\/files.sunoresearch.com.br\/n\/uploads\/2019\/08\/38c14748-guerra-comercial-scaled.webp\",\"keywords\":[\"China\",\"Estados Unidos (EUA)\",\"guerra comercial\"],\"articleSection\":[\"Internacional\"],\"inLanguage\":\"pt-BR\"},{\"@type\":\"WebPage\",\"@id\":\"https:\/\/www.suno.com.br\/noticias\/guerra-comercial-trump-acordo-china-2\/\",\"url\":\"https:\/\/www.suno.com.br\/noticias\/guerra-comercial-trump-acordo-china-2\/\",\"name\":\"Guerra comercial: Trump diz estar na \\\"fase final\\\" de acordo com China\",\"isPartOf\":{\"@id\":\"https:\/\/www.suno.com.br\/noticias\/#website\"},\"primaryImageOfPage\":{\"@id\":\"https:\/\/www.suno.com.br\/noticias\/guerra-comercial-trump-acordo-china-2\/#primaryimage\"},\"image\":{\"@id\":\"https:\/\/www.suno.com.br\/noticias\/guerra-comercial-trump-acordo-china-2\/#primaryimage\"},\"thumbnailUrl\":\"https:\/\/files.sunoresearch.com.br\/n\/uploads\/2019\/08\/38c14748-guerra-comercial-scaled.webp\",\"datePublished\":\"2019-11-26T20:02:57+00:00\",\"dateModified\":\"2019-11-30T18:28:59+00:00\",\"description\":\"Donald Trump disse que os EUA est\u00e3o na \\\"fase final\\\" para chegar a um acordo em rela\u00e7\u00e3o \u00e0 guerra comercial com a China. Clique para mais.\",\"breadcrumb\":{\"@id\":\"https:\/\/www.suno.com.br\/noticias\/guerra-comercial-trump-acordo-china-2\/#breadcrumb\"},\"inLanguage\":\"pt-BR\",\"potentialAction\":[{\"@type\":\"ReadAction\",\"target\":[\"https:\/\/www.suno.com.br\/noticias\/guerra-comercial-trump-acordo-china-2\/\"]}]},{\"@type\":\"ImageObject\",\"inLanguage\":\"pt-BR\",\"@id\":\"https:\/\/www.suno.com.br\/noticias\/guerra-comercial-trump-acordo-china-2\/#primaryimage\",\"url\":\"https:\/\/files.sunoresearch.com.br\/n\/uploads\/2019\/08\/38c14748-guerra-comercial-scaled.webp\",\"contentUrl\":\"https:\/\/files.sunoresearch.com.br\/n\/uploads\/2019\/08\/38c14748-guerra-comercial-scaled.webp\",\"width\":2560,\"height\":1517,\"caption\":\"China: Ap\u00f3s fechamento de consulado, rea\u00e7\u00e3o aos EUA \u00e9 necess\u00e1ria\"},{\"@type\":\"BreadcrumbList\",\"@id\":\"https:\/\/www.suno.com.br\/noticias\/guerra-comercial-trump-acordo-china-2\/#breadcrumb\",\"itemListElement\":[{\"@type\":\"ListItem\",\"position\":1,\"name\":\"Not\u00edcias\",\"item\":\"https:\/\/www.suno.com.br\/noticias\/\"},{\"@type\":\"ListItem\",\"position\":2,\"name\":\"Internacional\",\"item\":\"https:\/\/www.suno.com.br\/noticias\/internacional\/\"},{\"@type\":\"ListItem\",\"position\":3,\"name\":\"Guerra comercial: Trump diz estar na &#8220;fase final&#8221; de acordo com China\"}]},{\"@type\":\"WebSite\",\"@id\":\"https:\/\/www.suno.com.br\/noticias\/#website\",\"url\":\"https:\/\/www.suno.com.br\/noticias\/\",\"name\":\"Suno Not\u00edcias\",\"description\":\"Seu portal de informa\u00e7\u00e3o sobre o mundo dos investimentos\",\"publisher\":{\"@id\":\"https:\/\/www.suno.com.br\/noticias\/#organization\"},\"potentialAction\":[{\"@type\":\"SearchAction\",\"target\":{\"@type\":\"EntryPoint\",\"urlTemplate\":\"https:\/\/www.suno.com.br\/noticias\/?s={search_term_string}\"},\"query-input\":{\"@type\":\"PropertyValueSpecification\",\"valueRequired\":true,\"valueName\":\"search_term_string\"}}],\"inLanguage\":\"pt-BR\"},{\"@type\":\"Organization\",\"@id\":\"https:\/\/www.suno.com.br\/noticias\/#organization\",\"name\":\"Suno Not\u00edcias\",\"url\":\"https:\/\/www.suno.com.br\/noticias\/\",\"logo\":{\"@type\":\"ImageObject\",\"inLanguage\":\"pt-BR\",\"@id\":\"https:\/\/www.suno.com.br\/noticias\/#\/schema\/logo\/image\/\",\"url\":\"https:\/\/files.sunoresearch.com.br\/n\/uploads\/2021\/09\/suno-logo.png\",\"contentUrl\":\"https:\/\/files.sunoresearch.com.br\/n\/uploads\/2021\/09\/suno-logo.png\",\"width\":180,\"height\":180,\"caption\":\"Suno Not\u00edcias\"},\"image\":{\"@id\":\"https:\/\/www.suno.com.br\/noticias\/#\/schema\/logo\/image\/\"},\"sameAs\":[\"https:\/\/facebook.com\/sunoresearch\",\"https:\/\/x.com\/sunoresearch\",\"https:\/\/www.instagram.com\/suno\",\"https:\/\/www.linkedin.com\/company\/suno-research\/\",\"https:\/\/www.youtube.com\/c\/sunoresearch\"]},{\"@type\":\"Person\",\"@id\":\"https:\/\/www.suno.com.br\/noticias\/#\/schema\/person\/098743caeed97b37f51315c9576c4078\",\"name\":\"Rafael Lara\",\"image\":{\"@type\":\"ImageObject\",\"inLanguage\":\"pt-BR\",\"@id\":\"https:\/\/www.suno.com.br\/noticias\/#\/schema\/person\/image\/\",\"url\":\"https:\/\/secure.gravatar.com\/avatar\/dfc254ab9bb2ea1895d98b9e9dae4bdd?s=96&r=g\",\"contentUrl\":\"https:\/\/secure.gravatar.com\/avatar\/dfc254ab9bb2ea1895d98b9e9dae4bdd?s=96&r=g\",\"caption\":\"Rafael Lara\"},\"description\":\"Rafael Lara cursa jornalismo na Faculdade C\u00e1sper L\u00edbero. Escreve sobre pol\u00edtica, economia e neg\u00f3cios para o portal Suno Not\u00edcias. Antes, colaborou na TV Gazeta na produ\u00e7\u00e3o do programa Edi\u00e7\u00e3o Extra.\",\"url\":\"https:\/\/www.suno.com.br\/noticias\/author\/rafael\/\"}]}<\/script>\n<!-- \/ Yoast SEO plugin. -->","yoast_head_json":{"title":"Guerra comercial: Trump diz estar na \"fase final\" de acordo com China","description":"Donald Trump disse que os EUA est\u00e3o na \"fase final\" para chegar a um acordo em rela\u00e7\u00e3o \u00e0 guerra comercial com a China. Clique para mais.","robots":{"index":"index","follow":"follow","max-snippet":"max-snippet:-1","max-image-preview":"max-image-preview:large","max-video-preview":"max-video-preview:-1"},"canonical":"https:\/\/www.suno.com.br\/noticias\/guerra-comercial-trump-acordo-china-2\/","og_locale":"pt_BR","og_type":"article","og_title":"Guerra comercial: Trump diz estar na \"fase final\" de acordo com China","og_description":"Donald Trump disse que os EUA est\u00e3o na \"fase final\" para chegar a um acordo em rela\u00e7\u00e3o \u00e0 guerra comercial com a China. Clique para mais.","og_url":"https:\/\/www.suno.com.br\/noticias\/guerra-comercial-trump-acordo-china-2\/","og_site_name":"Suno Not\u00edcias","article_publisher":"https:\/\/facebook.com\/sunoresearch","og_image":[{"width":3265,"height":1935,"url":"https:\/\/files.sunoresearch.com.br\/n\/uploads\/2019\/08\/38c14748-guerra-comercial.jpg","type":"image\/jpeg"}],"author":"Rafael Lara","twitter_card":"summary_large_image","twitter_creator":"@sunoresearch","twitter_site":"@sunoresearch","twitter_misc":{"Escrito por":"Rafael Lara","Est. tempo de leitura":"2 minutos"},"schema":{"@context":"https:\/\/schema.org","@graph":[{"@type":"NewsArticle","@id":"https:\/\/www.suno.com.br\/noticias\/guerra-comercial-trump-acordo-china-2\/#article","isPartOf":{"@id":"https:\/\/www.suno.com.br\/noticias\/guerra-comercial-trump-acordo-china-2\/"},"author":{"name":"Rafael Lara","@id":"https:\/\/www.suno.com.br\/noticias\/#\/schema\/person\/098743caeed97b37f51315c9576c4078"},"headline":"Guerra comercial: Trump diz estar na &#8220;fase final&#8221; de acordo com China","datePublished":"2019-11-26T20:02:57+00:00","dateModified":"2019-11-30T18:28:59+00:00","mainEntityOfPage":{"@id":"https:\/\/www.suno.com.br\/noticias\/guerra-comercial-trump-acordo-china-2\/"},"wordCount":397,"publisher":{"@id":"https:\/\/www.suno.com.br\/noticias\/#organization"},"image":{"@id":"https:\/\/www.suno.com.br\/noticias\/guerra-comercial-trump-acordo-china-2\/#primaryimage"},"thumbnailUrl":"https:\/\/files.sunoresearch.com.br\/n\/uploads\/2019\/08\/38c14748-guerra-comercial-scaled.webp","keywords":["China","Estados Unidos (EUA)","guerra comercial"],"articleSection":["Internacional"],"inLanguage":"pt-BR"},{"@type":"WebPage","@id":"https:\/\/www.suno.com.br\/noticias\/guerra-comercial-trump-acordo-china-2\/","url":"https:\/\/www.suno.com.br\/noticias\/guerra-comercial-trump-acordo-china-2\/","name":"Guerra comercial: Trump diz estar na \"fase final\" de acordo com China","isPartOf":{"@id":"https:\/\/www.suno.com.br\/noticias\/#website"},"primaryImageOfPage":{"@id":"https:\/\/www.suno.com.br\/noticias\/guerra-comercial-trump-acordo-china-2\/#primaryimage"},"image":{"@id":"https:\/\/www.suno.com.br\/noticias\/guerra-comercial-trump-acordo-china-2\/#primaryimage"},"thumbnailUrl":"https:\/\/files.sunoresearch.com.br\/n\/uploads\/2019\/08\/38c14748-guerra-comercial-scaled.webp","datePublished":"2019-11-26T20:02:57+00:00","dateModified":"2019-11-30T18:28:59+00:00","description":"Donald Trump disse que os EUA est\u00e3o na \"fase final\" para chegar a um acordo em rela\u00e7\u00e3o \u00e0 guerra comercial com a China. Clique para mais.","breadcrumb":{"@id":"https:\/\/www.suno.com.br\/noticias\/guerra-comercial-trump-acordo-china-2\/#breadcrumb"},"inLanguage":"pt-BR","potentialAction":[{"@type":"ReadAction","target":["https:\/\/www.suno.com.br\/noticias\/guerra-comercial-trump-acordo-china-2\/"]}]},{"@type":"ImageObject","inLanguage":"pt-BR","@id":"https:\/\/www.suno.com.br\/noticias\/guerra-comercial-trump-acordo-china-2\/#primaryimage","url":"https:\/\/files.sunoresearch.com.br\/n\/uploads\/2019\/08\/38c14748-guerra-comercial-scaled.webp","contentUrl":"https:\/\/files.sunoresearch.com.br\/n\/uploads\/2019\/08\/38c14748-guerra-comercial-scaled.webp","width":2560,"height":1517,"caption":"China: Ap\u00f3s fechamento de consulado, rea\u00e7\u00e3o aos EUA \u00e9 necess\u00e1ria"},{"@type":"BreadcrumbList","@id":"https:\/\/www.suno.com.br\/noticias\/guerra-comercial-trump-acordo-china-2\/#breadcrumb","itemListElement":[{"@type":"ListItem","position":1,"name":"Not\u00edcias","item":"https:\/\/www.suno.com.br\/noticias\/"},{"@type":"ListItem","position":2,"name":"Internacional","item":"https:\/\/www.suno.com.br\/noticias\/internacional\/"},{"@type":"ListItem","position":3,"name":"Guerra comercial: Trump diz estar na &#8220;fase final&#8221; de acordo com China"}]},{"@type":"WebSite","@id":"https:\/\/www.suno.com.br\/noticias\/#website","url":"https:\/\/www.suno.com.br\/noticias\/","name":"Suno Not\u00edcias","description":"Seu portal de informa\u00e7\u00e3o sobre o mundo dos investimentos","publisher":{"@id":"https:\/\/www.suno.com.br\/noticias\/#organization"},"potentialAction":[{"@type":"SearchAction","target":{"@type":"EntryPoint","urlTemplate":"https:\/\/www.suno.com.br\/noticias\/?s={search_term_string}"},"query-input":{"@type":"PropertyValueSpecification","valueRequired":true,"valueName":"search_term_string"}}],"inLanguage":"pt-BR"},{"@type":"Organization","@id":"https:\/\/www.suno.com.br\/noticias\/#organization","name":"Suno Not\u00edcias","url":"https:\/\/www.suno.com.br\/noticias\/","logo":{"@type":"ImageObject","inLanguage":"pt-BR","@id":"https:\/\/www.suno.com.br\/noticias\/#\/schema\/logo\/image\/","url":"https:\/\/files.sunoresearch.com.br\/n\/uploads\/2021\/09\/suno-logo.png","contentUrl":"https:\/\/files.sunoresearch.com.br\/n\/uploads\/2021\/09\/suno-logo.png","width":180,"height":180,"caption":"Suno Not\u00edcias"},"image":{"@id":"https:\/\/www.suno.com.br\/noticias\/#\/schema\/logo\/image\/"},"sameAs":["https:\/\/facebook.com\/sunoresearch","https:\/\/x.com\/sunoresearch","https:\/\/www.instagram.com\/suno","https:\/\/www.linkedin.com\/company\/suno-research\/","https:\/\/www.youtube.com\/c\/sunoresearch"]},{"@type":"Person","@id":"https:\/\/www.suno.com.br\/noticias\/#\/schema\/person\/098743caeed97b37f51315c9576c4078","name":"Rafael Lara","image":{"@type":"ImageObject","inLanguage":"pt-BR","@id":"https:\/\/www.suno.com.br\/noticias\/#\/schema\/person\/image\/","url":"https:\/\/secure.gravatar.com\/avatar\/dfc254ab9bb2ea1895d98b9e9dae4bdd?s=96&r=g","contentUrl":"https:\/\/secure.gravatar.com\/avatar\/dfc254ab9bb2ea1895d98b9e9dae4bdd?s=96&r=g","caption":"Rafael Lara"},"description":"Rafael Lara cursa jornalismo na Faculdade C\u00e1sper L\u00edbero. Escreve sobre pol\u00edtica, economia e neg\u00f3cios para o portal Suno Not\u00edcias. Antes, colaborou na TV Gazeta na produ\u00e7\u00e3o do programa Edi\u00e7\u00e3o Extra.","url":"https:\/\/www.suno.com.br\/noticias\/author\/rafael\/"}]}},"default_loop_html":"<div class=\"cardsPage__listCard__boxs\"><div class=\"cardsPage__listCard__boxs__img\"><a href=\"https:\/\/www.suno.com.br\/noticias\/guerra-comercial-trump-acordo-china-2\/\"><img class=\"mask\" src=\"https:\/\/www.suno.com.br\/noticias\/wp-content\/themes\/suno\/resources\/images\/spotlight\/spotlight1img\/bg-mask.png\" alt=\"Image Mask\"\/><img src=\"https:\/\/files.sunoresearch.com.br\/n\/uploads\/2019\/08\/38c14748-guerra-comercial-400x200.webp\" alt=\"Guerra comercial: Trump diz estar na &#8220;fase final&#8221; de acordo com China\"\/><\/a><span class=\"spotlightCategory\"><a href=\"https:\/\/www.suno.com.br\/noticias\/internacional\/\">Internacional<\/a><\/span><\/div><div class=\"cardsPage__listCard__boxs__content\"><a href=\"https:\/\/www.suno.com.br\/noticias\/guerra-comercial-trump-acordo-china-2\/\"><h2 class=\"content__title\">Guerra comercial: Trump diz estar na &#8220;fase final&#8221; de acordo com China<\/h2><\/a><div class=\"newsContent__article__meta\"><div class=\"newsContent__article__meta__authorBox\"><a href=\"https:\/\/www.suno.com.br\/noticias\/author\/rafael\/\" class=\"authorBox__avatar noMobi\"><img src=\"https:\/\/secure.gravatar.com\/avatar\/dfc254ab9bb2ea1895d98b9e9dae4bdd?s=96&#038;r=g\" alt=\"Rafael Lara\"><\/a><div class=\"authorBox__name\"><span>por\n\t\t\t<a href=\"https:\/\/www.suno.com.br\/noticias\/author\/rafael\/\"><span itemprop=\"author\">Rafael Lara<\/span><\/a><\/span><time datetime=\"2019-11-26T18:02:57-03:00\" itemprop=\"datePublished\">26\/11\/2019 18:02<\/time><\/div><\/div><\/div><\/div><\/div>","single_layout":"posts","amp_enabled":true,"_links":{"self":[{"href":"https:\/\/www.suno.com.br\/noticias\/wp-json\/wp\/v2\/posts\/45802"}],"collection":[{"href":"https:\/\/www.suno.com.br\/noticias\/wp-json\/wp\/v2\/posts"}],"about":[{"href":"https:\/\/www.suno.com.br\/noticias\/wp-json\/wp\/v2\/types\/post"}],"author":[{"embeddable":true,"href":"https:\/\/www.suno.com.br\/noticias\/wp-json\/wp\/v2\/users\/23"}],"replies":[{"embeddable":true,"href":"https:\/\/www.suno.com.br\/noticias\/wp-json\/wp\/v2\/comments?post=45802"}],"version-history":[{"count":0,"href":"https:\/\/www.suno.com.br\/noticias\/wp-json\/wp\/v2\/posts\/45802\/revisions"}],"wp:featuredmedia":[{"embeddable":true,"href":"https:\/\/www.suno.com.br\/noticias\/wp-json\/wp\/v2\/media\/33391"}],"wp:attachment":[{"href":"https:\/\/www.suno.com.br\/noticias\/wp-json\/wp\/v2\/media?parent=45802"}],"wp:term":[{"taxonomy":"category","embeddable":true,"href":"https:\/\/www.suno.com.br\/noticias\/wp-json\/wp\/v2\/categories?post=45802"},{"taxonomy":"post_tag","embeddable":true,"href":"https:\/\/www.suno.com.br\/noticias\/wp-json\/wp\/v2\/tags?post=45802"},{"taxonomy":"suno_strategy","embeddable":true,"href":"https:\/\/www.suno.com.br\/noticias\/wp-json\/wp\/v2\/suno_strategy?post=45802"}],"curies":[{"name":"wp","href":"https:\/\/api.w.org\/{rel}","templated":true}]}}