{"id":457929,"date":"2023-09-18T18:17:12","date_gmt":"2023-09-18T21:17:12","guid":{"rendered":"https:\/\/www.suno.com.br\/noticias\/?p=457929"},"modified":"2023-09-18T23:28:29","modified_gmt":"2023-09-19T02:28:29","slug":"editoria-fundos-fiis-acoes-favoritas-dos-mais-ricos-ar","status":"publish","type":"post","link":"https:\/\/www.suno.com.br\/noticias\/editoria-fundos-fiis-acoes-favoritas-dos-mais-ricos-ar\/","title":{"rendered":"Veja quais s\u00e3o os fundos, FIIs e a\u00e7\u00f5es favoritos dos mais ricos"},"content":{"rendered":"<p>Diante da queda de 5% do Ibovespa em agosto, investidores mais endinheirados ajustaram levemente suas carteiras, comprando um pouco mais de <strong>fundos<\/strong> e ativos conservadores, al\u00e9m de garimpar a\u00e7\u00f5es a um pre\u00e7o inferior, de acordo com o levantamento mensal da Smartbrain e publicado pelo site Valor Investe.<\/p>\t<div class=\"wrapper-featured-image\">\n\t\t<figure class=\"spotlightImg\">\n\n\t\t\t<picture>\n\t\t\t\t<source media=\"(max-width: 768px)\" srcset=\"https:\/\/files.sunoresearch.com.br\/n\/uploads\/2023\/07\/fundos-imobiliarios-2-400x200.jpg\">\n\t\t\t\t<img loading=\"lazy\" decoding=\"async\" class=\"newsContent__article__imgCapa lazyloadDisabled \" src=\"https:\/\/files.sunoresearch.com.br\/n\/uploads\/2023\/07\/fundos-imobiliarios-2-800x450.jpg\" width=\"800\" height=\"450\" alt=\"Veja quais s\u00e3o os fundos, FIIs e a\u00e7\u00f5es favoritos dos mais ricos\" fetchpriority=high \/>\n\t\t\t<\/picture>\n\n\t\t\t<figcaption class=\"wp-caption-text wp-caption-text--show\">Petrobras (PETR4) e  Ambev (ABEV3) movem o mercado-  Foto: Pixabay<\/figcaption>\n\t\t<\/figure>\n\t<\/div>\n\n\n\n\n\n\n\n\t<p>\n\t\t<a href=\"https:\/\/lp.suno.com.br\/plataforma-de-controle-de-investimentos\/\" target=\"_blank\" data-element=\"shortcode-suno-banner\" title=\"Banner SUNO, clique e saiba mais\">\n\t\t\t<picture>\n\t\t\t\t<source media=\"(max-width: 500px)\" srcset=\"https:\/\/files.sunoresearch.com.br\/n\/uploads\/2023\/03\/400x300-Controle-de-Investimentos.png\">\n\t\t\t\t<img class=\"newsContent__article__imgCapa newsContent__article__imgCapa--banner\"\n\t\t\t\t\tsrc=\"https:\/\/files.sunoresearch.com.br\/n\/uploads\/2023\/03\/1420x240-Controle-de-Investimentos.png\"\n\t\t\t\t\tdata-promo-id=\"383162\"\t\t\t\t\t\t\t\t\t\twidth='1420' height='240'\t\t\t\t\talt=\"https:\/\/files.sunoresearch.com.br\/n\/uploads\/2023\/03\/1420x240-Controle-de-Investimentos.png\"\n\t\t\t\t>\n\t\t\t<\/picture>\n\t\t<\/a>\n\t<\/p>\n\n\n\n\n\n<p>Segundo a pesquisa, a participa\u00e7\u00e3o da <strong><a class=\"suno-keyword\" data-force=\"no\" data-priority=\"2\" href=\"https:\/\/www.suno.com.br\/guias\/investimento-renda-fixa\/\" target=\"_blank\" rel=\"noopener\">renda fixa<\/a> no portf\u00f3lio<\/strong> subiu, enquanto a das a\u00e7\u00f5es caiu. No entanto, dois \u00edndices da bolsa que despencaram em agosto entraram na mira desse p\u00fablico.<\/p>\n\n\n\n<p>A pesquisa foi feita com base na plataforma da empresa, que processa diariamente mais de 340 mil extratos de investimentos, somando mais de R$ 250 bilh\u00f5es de patrim\u00f4nio analisados.<\/p>\n\n\n\n<p>O estudo sobre os <strong>ativos dos mais ricos<\/strong> investigou a carteira de investidores de alta renda (que t\u00eam entre R$ 300 mil e R$ 3 milh\u00f5es e s\u00e3o 41,37% do total), private (que t\u00eam entre R$ 3 milh\u00f5es e R$ 50 milh\u00f5es e s\u00e3o 27,90% do total) e ultra high (que t\u00eam acima de R$ 50 milh\u00f5es e s\u00e3o 3,80% do total).<\/p>\n\n\n\n<p>Mesmo diante do corte da Selic em agosto, o primeiro em tr\u00eas anos, para 13,25% ao ano, os juros seguem atrativos. Diante disso, os <strong>produtos de <a class=\"suno-keyword\" data-force=\"no\" data-priority=\"2\" href=\"https:\/\/www.suno.com.br\/guias\/investimento-renda-fixa\/\" target=\"_blank\" rel=\"noopener\">renda fixa<\/a><\/strong> passaram a ocupar 39,23% do portf\u00f3lio, ante 39,08% em julho. Os fundos e produtos de previd\u00eancia tamb\u00e9m viram sua participa\u00e7\u00e3o aumentar, saindo de 6,53% para 6,78%.<\/p>\n\n\n\t<p>\n\t\t<a href=\"\" target=\"_blank\" data-element=\"shortcode-suno-banner\" title=\"Banner SUNO, clique e saiba mais\">\n\t\t\t<picture>\n\t\t\t\t<source media=\"(max-width: 500px)\" srcset=\"\">\n\t\t\t\t<img class=\"newsContent__article__imgCapa newsContent__article__imgCapa--banner\"\n\t\t\t\t\tsrc=\"\"\n\t\t\t\t\tdata-promo-id=\"77014\"\t\t\t\t\t\t\t\t\t\t\t\t\t\t\talt=\"\"\n\t\t\t\t>\n\t\t\t<\/picture>\n\t\t<\/a>\n\t<\/p>\n\n\n\n\n\n<p>Ainda assim, os investidores mantiveram um certo risco na carteira. A porcentagem dos <a class=\"suno-keyword\" data-force=\"no\" data-priority=\"1\" href=\"https:\/\/www.suno.com.br\/artigos\/fundos-multimercados\/\" target=\"_blank\" rel=\"noopener\"><strong>fundos multimercados<\/strong><\/a> tamb\u00e9m subiu. Em julho eles eram 38,59% da carteira e em agosto passaram a ser 38,77%. O mesmo aconteceu com os fundos imobili\u00e1rios, que sa\u00edram de 1,63% para 1,74%.<\/p>\n\n\n\n<p>Por outro lado, a participa\u00e7\u00e3o das a\u00e7\u00f5es caiu. Em julho elas eram 9,76% do portf\u00f3lio e em agosto passaram a ser 9,59%. O mesmo aconteceu com a classe &#8220;outros&#8221;, que inclui, por exemplo, as criptomoedas. Em julho esse segmento ocupava 4,41% da carteira e em agosto passou a ser 3,89%.<\/p>\n\n\n\n<h2 class=\"wp-block-heading\">Os favoritos<\/h2>\n\n\n\n<p>Veja a seguir os fundos favoritos entre os mais ricos<\/p>\n\n\n\n<h2 class=\"wp-block-heading\">FIIs prediletos dos mais ricos em agosto<\/h2>\n\n\n\n<figure class=\"wp-block-table\"><table><tbody><tr><td><\/td><td>FII<\/td><td>TICKER<\/td><td>RENT. M\u00caS %<\/td><td>RENT. ANO %<\/td><td>RENT. 12M %<\/td><td>RENT. 24M %<\/td><td>RENT. 36M %<\/td><\/tr><tr><td>1<\/td><td>CSHG LOG\u00cdSTICA FDO INV IMOB &#8211; FII<\/td><td>HGLG11<\/td><td>0,04<\/td><td>5,04<\/td><td>2,85<\/td><td>20,11<\/td><td>15,83<\/td><\/tr><tr><td>2<\/td><td>KINEA \u00cdNDICES DE PRE\u00c7OS FDO INV IMOB &#8211; FII<\/td><td>KNIP11<\/td><td>1,09<\/td><td>9,11<\/td><td>9,21<\/td><td>11,90<\/td><td>20,52<\/td><\/tr><tr><td>3<\/td><td>BB FDO DE INV DE CR\u00c9DITO FIAGRO &#8211; IMOBILI\u00c1RIO<\/td><td>BBGO11<\/td><td>1,09<\/td><td>27,54<\/td><td>24,20<\/td><td>NA<\/td><td>NA<\/td><\/tr><tr><td>4<\/td><td>VINCI LOG\u00cdSTICA FDO INV IMOB &#8211; FII<\/td><td>VILG11<\/td><td>&#8211; 4,22<\/td><td>10,70<\/td><td>5,46<\/td><td>15,98<\/td><td>3,16<\/td><\/tr><tr><td>5<\/td><td>BTG PACTUAL LOGISTICA FDO INV IMOB &#8211; FII<\/td><td>BTLG11<\/td><td>&#8211; 1,66<\/td><td>9,80<\/td><td>9,21<\/td><td>16,17<\/td><td>23,47<\/td><\/tr><tr><td>6<\/td><td>XP MALLS FDO INV IMOB FII<\/td><td>XPML11<\/td><td>5,07<\/td><td>23,20<\/td><td>15,58<\/td><td>28,57<\/td><td>28,91<\/td><\/tr><tr><td>7<\/td><td>VINCI SHOPPING CENTERS FDO INVEST IMOB &#8211; FII<\/td><td>VISC11<\/td><td>1,68<\/td><td>20,78<\/td><td>17,21<\/td><td>40,01<\/td><td>36,47<\/td><\/tr><tr><td>8<\/td><td>FDO INV. INV. MAUA CAPITAL RECEBIVEIS IMOB. &#8211; FII<\/td><td>MCCI11<\/td><td>2,73<\/td><td>16,86<\/td><td>10,30<\/td><td>18,13<\/td><td>31,06<\/td><\/tr><tr><td>9<\/td><td>KINEA RENDIMENTOS IMOBILI\u00c1RIOS FDO INV IMOB &#8211; FII<\/td><td>KNCR11<\/td><td>1,91<\/td><td>10,94<\/td><td>11,36<\/td><td>33,38<\/td><td>48,10<\/td><\/tr><tr><td>10<\/td><td>FDO INV IMOB &#8211; FII RBR RENDIMENTO HIGH GRADE<\/td><td>RBRR11<\/td><td>&#8211; 0,62<\/td><td>16,77<\/td><td>5,54<\/td><td>18,24<\/td><td>25,10<\/td><\/tr><\/tbody><\/table><figcaption class=\"wp-element-caption\">Fonte: Smartbrain<br><br><\/figcaption><\/figure>\n\n\n\n<h2 class=\"wp-block-heading\">Fundos Multimercados favoritos dos mais ricos em agosto<\/h2>\n\n\n\n<figure class=\"wp-block-table\"><table><tbody><tr><td><\/td><td>FUNDO<\/td><td>RENT. M\u00caS %<\/td><td>RENT. ANO %<\/td><td>RENT. 12M %<\/td><td>RENT. 24M %<\/td><td>RENT. 36M %<\/td><\/tr><tr><td>1<\/td><td>ABSOLUTE VERTEX ADV FC FI MULT<\/td><td>-0,53<\/td><td>9,09<\/td><td>13,90<\/td><td>38,62<\/td><td>47,75<\/td><\/tr><tr><td>2<\/td><td>OAKTREE GLOBAL CREDIT BRL FC FI MULT IE<\/td><td>1,12<\/td><td>11,63<\/td><td>14,62<\/td><td>15,35<\/td><td>25,02<\/td><\/tr><tr><td>3<\/td><td>REAL INVESTOR FC FI MULT<\/td><td>1,55<\/td><td>20,31<\/td><td>21,18<\/td><td>36,36<\/td><td>38,85<\/td><\/tr><tr><td>4<\/td><td>IBIUNA CREDIT FC FI MULT CRED PRIV<\/td><td>1,35<\/td><td>7,15<\/td><td>12,85<\/td><td>25,96<\/td><td>35,59<\/td><\/tr><tr><td>5<\/td><td>VINLAND CREDITO MULT FC CRED PRIV<\/td><td>1,67<\/td><td>10,94<\/td><td>NA<\/td><td>NA<\/td><td>NA<\/td><\/tr><\/tbody><\/table><figcaption class=\"wp-element-caption\">Fonte: Smartbrain<\/figcaption><\/figure>\n\n\n\n<h2 class=\"wp-block-heading\">Fundos de a\u00e7\u00f5es favoritos dos mais ricos em agosto<\/h2>\n\n\n\n<figure class=\"wp-block-table\"><table><tbody><tr><td><\/td><td>FUNDO<\/td><td>RENT. M\u00caS %<\/td><td>RENT. ANO %<\/td><td>RENT. 12M %<\/td><td>RENT. 24M %<\/td><td>RENT. 36M %<\/td><\/tr><tr><td>1<\/td><td>CHARLES RIVER FI ACOES<\/td><td>-2,98<\/td><td>19,16<\/td><td>24,27<\/td><td>49,14<\/td><td>105,55<\/td><\/tr><tr><td>2<\/td><td>ABSOLUTE PACE LONG BIASED FC FI EM ACOES<\/td><td>-2,63<\/td><td>16,97<\/td><td>16,02<\/td><td>33,95<\/td><td>61,82<\/td><\/tr><tr><td>3<\/td><td>GUEPARDO INSTITUCIONAL FIC FI DE ACOES<\/td><td>-3,35<\/td><td>23,03<\/td><td>19,47<\/td><td>27,80<\/td><td>70,20<\/td><\/tr><tr><td>4<\/td><td>SQUADRA LB ADVISORY XP FC FIA<\/td><td>2,00<\/td><td>25,04<\/td><td>24,03<\/td><td>16,83<\/td><td>NA<\/td><\/tr><tr><td>5<\/td><td>REAL INVESTOR FC FIA &#8211; BDR NIVEL I<\/td><td>-3,83<\/td><td>20,14<\/td><td>16,69<\/td><td>17,54<\/td><td>34,10<\/td><\/tr><\/tbody><\/table><figcaption class=\"wp-element-caption\">Fonte: Smartbrain<\/figcaption><\/figure>\n\n\n\n<h2 class=\"wp-block-heading\">Ativos de renda fixa favoritos dos mais ricos em agosto<\/h2>\n\n\n\n<figure class=\"wp-block-table\"><table><tbody><tr><td><\/td><td>FUNDO<\/td><td>RENT. M\u00caS<\/td><td>RENT. ANO<\/td><td>RENT. 12M<\/td><td>RENT. 24M<\/td><td>RENT. 36M<\/td><\/tr><tr><td>1<\/td><td>BTG PAC DIGITAL TES SELIC SIMPLES FI RF<\/td><td>1,15%<\/td><td>8,92%<\/td><td>13,63%<\/td><td>25,43%<\/td><td>27,99%<\/td><\/tr><tr><td>2<\/td><td>TREND POS-FIXADO FC FI RF SIMPLES<\/td><td>1,16%<\/td><td>8,83%<\/td><td>13,48%<\/td><td>25,12%<\/td><td>28,28%<\/td><\/tr><tr><td>3<\/td><td>TREND CASH FC FI RENDA FIXA SIMPLES<\/td><td>1,13%<\/td><td>8,75%<\/td><td>NA<\/td><td>NA<\/td><td>NA<\/td><\/tr><tr><td>4<\/td><td>BNPP MATCH DI FI RF REF CRED PRIV<\/td><td>1,18%<\/td><td>9,05%<\/td><td>13,93%<\/td><td>27,11%<\/td><td>30,59%<\/td><\/tr><tr><td>5<\/td><td>PORTO SEGURO FI RF REFER DI CRED PRIV<\/td><td>1,61%<\/td><td>8,73%<\/td><td>13,71%<\/td><td>26,45%<\/td><td>33,50%<\/td><\/tr><\/tbody><\/table><figcaption class=\"wp-element-caption\">Fonte: Smartbrain<\/figcaption><\/figure>\n\n\n\n<h2 class=\"wp-block-heading\">A\u00e7\u00f5es favoritas dos mais ricos em agosto<\/h2>\n\n\n\n<figure class=\"wp-block-table\"><table><tbody><tr><td><\/td><td>A\u00c7\u00c3O<\/td><td>RENT. M\u00caS %<\/td><td>RENT. ANO %<\/td><td>RENT. 12M %<\/td><td>RENT. 24M %<\/td><td>RENT. 36M %<\/td><\/tr><tr><td>1<\/td><td>VALE3<\/td><td>-3,49<\/td><td>-23,25<\/td><td>6,05<\/td><td>-16,69<\/td><td>52,33<\/td><\/tr><tr><td>2<\/td><td>BOVA11<\/td><td>-4,78<\/td><td>6,01<\/td><td>6,13<\/td><td>-1,43<\/td><td>17,41<\/td><\/tr><tr><td>3<\/td><td>BBSE3<\/td><td>2,70<\/td><td>-0,10<\/td><td>19,08<\/td><td>90,18<\/td><td>43,47<\/td><\/tr><tr><td>4<\/td><td>ELET3<\/td><td>-8,77<\/td><td>-14,72<\/td><td>-22,10<\/td><td>-2,77<\/td><td>10,16<\/td><\/tr><tr><td>5<\/td><td>EGIE3<\/td><td>-2,17<\/td><td>18,61<\/td><td>13,17<\/td><td>28,79<\/td><td>20,15<\/td><\/tr><\/tbody><\/table><figcaption class=\"wp-element-caption\">Fonte: Smartbrain<\/figcaption><\/figure>\n\n\n\t<p>\n\t\t<a href=\"https:\/\/lp.suno.com.br\/ebook-investindo-em-fiis\/\" target=\"_blank\" data-element=\"shortcode-suno-banner\" title=\"Banner SUNO, clique e saiba mais\">\n\t\t\t<picture>\n\t\t\t\t<source media=\"(max-width: 500px)\" srcset=\"https:\/\/files.sunoresearch.com.br\/n\/uploads\/2023\/07\/Ebook-Fundos-Imobiliarios-Mobile.jpg\">\n\t\t\t\t<img class=\"newsContent__article__imgCapa newsContent__article__imgCapa--banner\"\n\t\t\t\t\tsrc=\"https:\/\/files.sunoresearch.com.br\/n\/uploads\/2023\/07\/Ebook-Fundos-Imobiliarios-Desktop.jpg\"\n\t\t\t\t\tdata-promo-id=\"378301\"\t\t\t\t\t\t\t\t\t\twidth='1420' height='286'\t\t\t\t\talt=\"https:\/\/files.sunoresearch.com.br\/n\/uploads\/2023\/07\/Ebook-Fundos-Imobiliarios-Desktop.jpg\"\n\t\t\t\t>\n\t\t\t<\/picture>\n\t\t<\/a>\n\t<\/p>\n\n\n","protected":false},"excerpt":{"rendered":"<p>Diante da queda de 5% do Ibovespa em agosto, investidores mais endinheirados ajustaram levemente suas carteiras, comprando um pouco mais de fundos e ativos conservadores, al\u00e9m de garimpar a\u00e7\u00f5es a um pre\u00e7o inferior, de acordo com o levantamento mensal da Smartbrain e publicado pelo site Valor Investe. Petrobras (PETR4) e Ambev (ABEV3) movem o mercado- [&hellip;]<\/p>\n","protected":false},"author":305,"featured_media":424453,"comment_status":"closed","ping_status":"closed","sticky":false,"template":"","format":"standard","meta":[],"categories":[60],"tags":[286,1545,106328,313,315,106047,1822,721,2689],"suno_strategy":[],"class_list":["post-457929","post","type-post","status-publish","format-standard","has-post-thumbnail","hentry","category-mercado","tag-acoes","tag-fundos-de-acoes","tag-fundos-de-credito","tag-fundos-de-investimento","tag-fundos-imobiliarios-fiis","tag-fundos-internacionais","tag-fundos-multimercado","tag-ibovespa","tag-ifix"],"yoast_head":"<!-- This site is optimized with the Yoast SEO plugin v24.4 - https:\/\/yoast.com\/wordpress\/plugins\/seo\/ -->\n<title>Veja quais s\u00e3o os fundos, a\u00e7\u00f5es e FIIs favoritos dos mais ricos<\/title>\n<meta name=\"description\" content=\"Em agosto, os mais ricos aumentaram investimentos em fundos conservadores. Aproveitaram a baixa do Ibovespa para comprar a\u00e7\u00f5es em queda\" \/>\n<meta name=\"robots\" content=\"index, follow, max-snippet:-1, max-image-preview:large, max-video-preview:-1\" \/>\n<link rel=\"canonical\" href=\"https:\/\/www.suno.com.br\/noticias\/editoria-fundos-fiis-acoes-favoritas-dos-mais-ricos-ar\/\" \/>\n<meta property=\"og:locale\" content=\"pt_BR\" \/>\n<meta property=\"og:type\" content=\"article\" \/>\n<meta property=\"og:title\" content=\"Veja quais s\u00e3o os fundos, a\u00e7\u00f5es e FIIs favoritos dos mais ricos\" \/>\n<meta property=\"og:description\" content=\"Em agosto, os mais ricos aumentaram investimentos em fundos conservadores. Aproveitaram a baixa do Ibovespa para comprar a\u00e7\u00f5es em queda\" \/>\n<meta property=\"og:url\" content=\"https:\/\/www.suno.com.br\/noticias\/editoria-fundos-fiis-acoes-favoritas-dos-mais-ricos-ar\/\" \/>\n<meta property=\"og:site_name\" content=\"Suno Not\u00edcias\" \/>\n<meta property=\"article:publisher\" content=\"https:\/\/facebook.com\/sunoresearch\" \/>\n<meta property=\"og:image\" content=\"https:\/\/files.sunoresearch.com.br\/n\/uploads\/2023\/07\/fundos-imobiliarios-2.jpg\" \/>\n\t<meta property=\"og:image:width\" content=\"1280\" \/>\n\t<meta property=\"og:image:height\" content=\"960\" \/>\n\t<meta property=\"og:image:type\" content=\"image\/jpeg\" \/>\n<meta name=\"author\" content=\"Allan Ravagnani\" \/>\n<meta name=\"twitter:card\" content=\"summary_large_image\" \/>\n<meta name=\"twitter:creator\" content=\"@sunoresearch\" \/>\n<meta name=\"twitter:site\" content=\"@sunoresearch\" \/>\n<meta name=\"twitter:label1\" content=\"Escrito por\" \/>\n\t<meta name=\"twitter:data1\" content=\"Allan Ravagnani\" \/>\n\t<meta name=\"twitter:label2\" content=\"Est. tempo de leitura\" \/>\n\t<meta name=\"twitter:data2\" content=\"5 minutos\" \/>\n<script type=\"application\/ld+json\" class=\"yoast-schema-graph\">{\"@context\":\"https:\/\/schema.org\",\"@graph\":[{\"@type\":\"NewsArticle\",\"@id\":\"https:\/\/www.suno.com.br\/noticias\/editoria-fundos-fiis-acoes-favoritas-dos-mais-ricos-ar\/#article\",\"isPartOf\":{\"@id\":\"https:\/\/www.suno.com.br\/noticias\/editoria-fundos-fiis-acoes-favoritas-dos-mais-ricos-ar\/\"},\"author\":{\"name\":\"Allan Ravagnani\",\"@id\":\"https:\/\/www.suno.com.br\/noticias\/#\/schema\/person\/ff470fe052a717a4b7c2a467a4a084c2\"},\"headline\":\"Veja quais s\u00e3o os fundos, FIIs e a\u00e7\u00f5es favoritos dos mais ricos\",\"datePublished\":\"2023-09-18T21:17:12+00:00\",\"dateModified\":\"2023-09-19T02:28:29+00:00\",\"mainEntityOfPage\":{\"@id\":\"https:\/\/www.suno.com.br\/noticias\/editoria-fundos-fiis-acoes-favoritas-dos-mais-ricos-ar\/\"},\"wordCount\":703,\"publisher\":{\"@id\":\"https:\/\/www.suno.com.br\/noticias\/#organization\"},\"image\":{\"@id\":\"https:\/\/www.suno.com.br\/noticias\/editoria-fundos-fiis-acoes-favoritas-dos-mais-ricos-ar\/#primaryimage\"},\"thumbnailUrl\":\"https:\/\/files.sunoresearch.com.br\/n\/uploads\/2023\/07\/fundos-imobiliarios-2.jpg\",\"keywords\":[\"A\u00e7\u00f5es\",\"Fundos de a\u00e7\u00f5es\",\"Fundos de cr\u00e9dito\",\"Fundos de investimento\",\"Fundos Imobili\u00e1rios (FIIs)\",\"Fundos internacionais\",\"Fundos multimercado\",\"Ibovespa\",\"IFIX\"],\"articleSection\":[\"Mercado\"],\"inLanguage\":\"pt-BR\"},{\"@type\":\"WebPage\",\"@id\":\"https:\/\/www.suno.com.br\/noticias\/editoria-fundos-fiis-acoes-favoritas-dos-mais-ricos-ar\/\",\"url\":\"https:\/\/www.suno.com.br\/noticias\/editoria-fundos-fiis-acoes-favoritas-dos-mais-ricos-ar\/\",\"name\":\"Veja quais s\u00e3o os fundos, a\u00e7\u00f5es e FIIs favoritos dos mais ricos\",\"isPartOf\":{\"@id\":\"https:\/\/www.suno.com.br\/noticias\/#website\"},\"primaryImageOfPage\":{\"@id\":\"https:\/\/www.suno.com.br\/noticias\/editoria-fundos-fiis-acoes-favoritas-dos-mais-ricos-ar\/#primaryimage\"},\"image\":{\"@id\":\"https:\/\/www.suno.com.br\/noticias\/editoria-fundos-fiis-acoes-favoritas-dos-mais-ricos-ar\/#primaryimage\"},\"thumbnailUrl\":\"https:\/\/files.sunoresearch.com.br\/n\/uploads\/2023\/07\/fundos-imobiliarios-2.jpg\",\"datePublished\":\"2023-09-18T21:17:12+00:00\",\"dateModified\":\"2023-09-19T02:28:29+00:00\",\"description\":\"Em agosto, os mais ricos aumentaram investimentos em fundos conservadores. Aproveitaram a baixa do Ibovespa para comprar a\u00e7\u00f5es em queda\",\"breadcrumb\":{\"@id\":\"https:\/\/www.suno.com.br\/noticias\/editoria-fundos-fiis-acoes-favoritas-dos-mais-ricos-ar\/#breadcrumb\"},\"inLanguage\":\"pt-BR\",\"potentialAction\":[{\"@type\":\"ReadAction\",\"target\":[\"https:\/\/www.suno.com.br\/noticias\/editoria-fundos-fiis-acoes-favoritas-dos-mais-ricos-ar\/\"]}]},{\"@type\":\"ImageObject\",\"inLanguage\":\"pt-BR\",\"@id\":\"https:\/\/www.suno.com.br\/noticias\/editoria-fundos-fiis-acoes-favoritas-dos-mais-ricos-ar\/#primaryimage\",\"url\":\"https:\/\/files.sunoresearch.com.br\/n\/uploads\/2023\/07\/fundos-imobiliarios-2.jpg\",\"contentUrl\":\"https:\/\/files.sunoresearch.com.br\/n\/uploads\/2023\/07\/fundos-imobiliarios-2.jpg\",\"width\":1280,\"height\":960,\"caption\":\"Petrobras (PETR4) e Ambev (ABEV3) movem o mercado- Foto: Pixabay\"},{\"@type\":\"BreadcrumbList\",\"@id\":\"https:\/\/www.suno.com.br\/noticias\/editoria-fundos-fiis-acoes-favoritas-dos-mais-ricos-ar\/#breadcrumb\",\"itemListElement\":[{\"@type\":\"ListItem\",\"position\":1,\"name\":\"Not\u00edcias\",\"item\":\"https:\/\/www.suno.com.br\/noticias\/\"},{\"@type\":\"ListItem\",\"position\":2,\"name\":\"Mercado\",\"item\":\"https:\/\/www.suno.com.br\/noticias\/mercado\/\"},{\"@type\":\"ListItem\",\"position\":3,\"name\":\"Veja quais s\u00e3o os fundos, FIIs e a\u00e7\u00f5es favoritos dos mais ricos\"}]},{\"@type\":\"WebSite\",\"@id\":\"https:\/\/www.suno.com.br\/noticias\/#website\",\"url\":\"https:\/\/www.suno.com.br\/noticias\/\",\"name\":\"Suno Not\u00edcias\",\"description\":\"Seu portal de informa\u00e7\u00e3o sobre o mundo dos investimentos\",\"publisher\":{\"@id\":\"https:\/\/www.suno.com.br\/noticias\/#organization\"},\"potentialAction\":[{\"@type\":\"SearchAction\",\"target\":{\"@type\":\"EntryPoint\",\"urlTemplate\":\"https:\/\/www.suno.com.br\/noticias\/?s={search_term_string}\"},\"query-input\":{\"@type\":\"PropertyValueSpecification\",\"valueRequired\":true,\"valueName\":\"search_term_string\"}}],\"inLanguage\":\"pt-BR\"},{\"@type\":\"Organization\",\"@id\":\"https:\/\/www.suno.com.br\/noticias\/#organization\",\"name\":\"Suno Not\u00edcias\",\"url\":\"https:\/\/www.suno.com.br\/noticias\/\",\"logo\":{\"@type\":\"ImageObject\",\"inLanguage\":\"pt-BR\",\"@id\":\"https:\/\/www.suno.com.br\/noticias\/#\/schema\/logo\/image\/\",\"url\":\"https:\/\/files.sunoresearch.com.br\/n\/uploads\/2021\/09\/suno-logo.png\",\"contentUrl\":\"https:\/\/files.sunoresearch.com.br\/n\/uploads\/2021\/09\/suno-logo.png\",\"width\":180,\"height\":180,\"caption\":\"Suno Not\u00edcias\"},\"image\":{\"@id\":\"https:\/\/www.suno.com.br\/noticias\/#\/schema\/logo\/image\/\"},\"sameAs\":[\"https:\/\/facebook.com\/sunoresearch\",\"https:\/\/x.com\/sunoresearch\",\"https:\/\/www.instagram.com\/suno\",\"https:\/\/www.linkedin.com\/company\/suno-research\/\",\"https:\/\/www.youtube.com\/c\/sunoresearch\"]},{\"@type\":\"Person\",\"@id\":\"https:\/\/www.suno.com.br\/noticias\/#\/schema\/person\/ff470fe052a717a4b7c2a467a4a084c2\",\"name\":\"Allan Ravagnani\",\"image\":{\"@type\":\"ImageObject\",\"inLanguage\":\"pt-BR\",\"@id\":\"https:\/\/www.suno.com.br\/noticias\/#\/schema\/person\/image\/\",\"url\":\"https:\/\/secure.gravatar.com\/avatar\/6ff047fc08f82f36fd10bcae9caa7303?s=96&r=g\",\"contentUrl\":\"https:\/\/secure.gravatar.com\/avatar\/6ff047fc08f82f36fd10bcae9caa7303?s=96&r=g\",\"caption\":\"Allan Ravagnani\"},\"description\":\"Jornalista com especializa\u00e7\u00f5es em macroeconomia, finan\u00e7as e ci\u00eancia pol\u00edtica. Foi editor no site Intelig\u00eancia Financeira e atuou nos ve\u00edculos TC Mover (Traders Club), Valor Econ\u00f4mico, CMA Markets, Terra e Folha de S.Paulo. Atualmente, \u00e9 colaborador do Suno Not\u00edcias.\",\"url\":\"https:\/\/www.suno.com.br\/noticias\/author\/allan-ravagnani\/\"}]}<\/script>\n<!-- \/ Yoast SEO plugin. -->","yoast_head_json":{"title":"Veja quais s\u00e3o os fundos, a\u00e7\u00f5es e FIIs favoritos dos mais ricos","description":"Em agosto, os mais ricos aumentaram investimentos em fundos conservadores. Aproveitaram a baixa do Ibovespa para comprar a\u00e7\u00f5es em queda","robots":{"index":"index","follow":"follow","max-snippet":"max-snippet:-1","max-image-preview":"max-image-preview:large","max-video-preview":"max-video-preview:-1"},"canonical":"https:\/\/www.suno.com.br\/noticias\/editoria-fundos-fiis-acoes-favoritas-dos-mais-ricos-ar\/","og_locale":"pt_BR","og_type":"article","og_title":"Veja quais s\u00e3o os fundos, a\u00e7\u00f5es e FIIs favoritos dos mais ricos","og_description":"Em agosto, os mais ricos aumentaram investimentos em fundos conservadores. Aproveitaram a baixa do Ibovespa para comprar a\u00e7\u00f5es em queda","og_url":"https:\/\/www.suno.com.br\/noticias\/editoria-fundos-fiis-acoes-favoritas-dos-mais-ricos-ar\/","og_site_name":"Suno Not\u00edcias","article_publisher":"https:\/\/facebook.com\/sunoresearch","og_image":[{"width":1280,"height":960,"url":"https:\/\/files.sunoresearch.com.br\/n\/uploads\/2023\/07\/fundos-imobiliarios-2.jpg","type":"image\/jpeg"}],"author":"Allan Ravagnani","twitter_card":"summary_large_image","twitter_creator":"@sunoresearch","twitter_site":"@sunoresearch","twitter_misc":{"Escrito por":"Allan Ravagnani","Est. tempo de leitura":"5 minutos"},"schema":{"@context":"https:\/\/schema.org","@graph":[{"@type":"NewsArticle","@id":"https:\/\/www.suno.com.br\/noticias\/editoria-fundos-fiis-acoes-favoritas-dos-mais-ricos-ar\/#article","isPartOf":{"@id":"https:\/\/www.suno.com.br\/noticias\/editoria-fundos-fiis-acoes-favoritas-dos-mais-ricos-ar\/"},"author":{"name":"Allan Ravagnani","@id":"https:\/\/www.suno.com.br\/noticias\/#\/schema\/person\/ff470fe052a717a4b7c2a467a4a084c2"},"headline":"Veja quais s\u00e3o os fundos, FIIs e a\u00e7\u00f5es favoritos dos mais ricos","datePublished":"2023-09-18T21:17:12+00:00","dateModified":"2023-09-19T02:28:29+00:00","mainEntityOfPage":{"@id":"https:\/\/www.suno.com.br\/noticias\/editoria-fundos-fiis-acoes-favoritas-dos-mais-ricos-ar\/"},"wordCount":703,"publisher":{"@id":"https:\/\/www.suno.com.br\/noticias\/#organization"},"image":{"@id":"https:\/\/www.suno.com.br\/noticias\/editoria-fundos-fiis-acoes-favoritas-dos-mais-ricos-ar\/#primaryimage"},"thumbnailUrl":"https:\/\/files.sunoresearch.com.br\/n\/uploads\/2023\/07\/fundos-imobiliarios-2.jpg","keywords":["A\u00e7\u00f5es","Fundos de a\u00e7\u00f5es","Fundos de cr\u00e9dito","Fundos de investimento","Fundos Imobili\u00e1rios (FIIs)","Fundos internacionais","Fundos multimercado","Ibovespa","IFIX"],"articleSection":["Mercado"],"inLanguage":"pt-BR"},{"@type":"WebPage","@id":"https:\/\/www.suno.com.br\/noticias\/editoria-fundos-fiis-acoes-favoritas-dos-mais-ricos-ar\/","url":"https:\/\/www.suno.com.br\/noticias\/editoria-fundos-fiis-acoes-favoritas-dos-mais-ricos-ar\/","name":"Veja quais s\u00e3o os fundos, a\u00e7\u00f5es e FIIs favoritos dos mais ricos","isPartOf":{"@id":"https:\/\/www.suno.com.br\/noticias\/#website"},"primaryImageOfPage":{"@id":"https:\/\/www.suno.com.br\/noticias\/editoria-fundos-fiis-acoes-favoritas-dos-mais-ricos-ar\/#primaryimage"},"image":{"@id":"https:\/\/www.suno.com.br\/noticias\/editoria-fundos-fiis-acoes-favoritas-dos-mais-ricos-ar\/#primaryimage"},"thumbnailUrl":"https:\/\/files.sunoresearch.com.br\/n\/uploads\/2023\/07\/fundos-imobiliarios-2.jpg","datePublished":"2023-09-18T21:17:12+00:00","dateModified":"2023-09-19T02:28:29+00:00","description":"Em agosto, os mais ricos aumentaram investimentos em fundos conservadores. Aproveitaram a baixa do Ibovespa para comprar a\u00e7\u00f5es em queda","breadcrumb":{"@id":"https:\/\/www.suno.com.br\/noticias\/editoria-fundos-fiis-acoes-favoritas-dos-mais-ricos-ar\/#breadcrumb"},"inLanguage":"pt-BR","potentialAction":[{"@type":"ReadAction","target":["https:\/\/www.suno.com.br\/noticias\/editoria-fundos-fiis-acoes-favoritas-dos-mais-ricos-ar\/"]}]},{"@type":"ImageObject","inLanguage":"pt-BR","@id":"https:\/\/www.suno.com.br\/noticias\/editoria-fundos-fiis-acoes-favoritas-dos-mais-ricos-ar\/#primaryimage","url":"https:\/\/files.sunoresearch.com.br\/n\/uploads\/2023\/07\/fundos-imobiliarios-2.jpg","contentUrl":"https:\/\/files.sunoresearch.com.br\/n\/uploads\/2023\/07\/fundos-imobiliarios-2.jpg","width":1280,"height":960,"caption":"Petrobras (PETR4) e Ambev (ABEV3) movem o mercado- Foto: Pixabay"},{"@type":"BreadcrumbList","@id":"https:\/\/www.suno.com.br\/noticias\/editoria-fundos-fiis-acoes-favoritas-dos-mais-ricos-ar\/#breadcrumb","itemListElement":[{"@type":"ListItem","position":1,"name":"Not\u00edcias","item":"https:\/\/www.suno.com.br\/noticias\/"},{"@type":"ListItem","position":2,"name":"Mercado","item":"https:\/\/www.suno.com.br\/noticias\/mercado\/"},{"@type":"ListItem","position":3,"name":"Veja quais s\u00e3o os fundos, FIIs e a\u00e7\u00f5es favoritos dos mais ricos"}]},{"@type":"WebSite","@id":"https:\/\/www.suno.com.br\/noticias\/#website","url":"https:\/\/www.suno.com.br\/noticias\/","name":"Suno Not\u00edcias","description":"Seu portal de informa\u00e7\u00e3o sobre o mundo dos investimentos","publisher":{"@id":"https:\/\/www.suno.com.br\/noticias\/#organization"},"potentialAction":[{"@type":"SearchAction","target":{"@type":"EntryPoint","urlTemplate":"https:\/\/www.suno.com.br\/noticias\/?s={search_term_string}"},"query-input":{"@type":"PropertyValueSpecification","valueRequired":true,"valueName":"search_term_string"}}],"inLanguage":"pt-BR"},{"@type":"Organization","@id":"https:\/\/www.suno.com.br\/noticias\/#organization","name":"Suno Not\u00edcias","url":"https:\/\/www.suno.com.br\/noticias\/","logo":{"@type":"ImageObject","inLanguage":"pt-BR","@id":"https:\/\/www.suno.com.br\/noticias\/#\/schema\/logo\/image\/","url":"https:\/\/files.sunoresearch.com.br\/n\/uploads\/2021\/09\/suno-logo.png","contentUrl":"https:\/\/files.sunoresearch.com.br\/n\/uploads\/2021\/09\/suno-logo.png","width":180,"height":180,"caption":"Suno Not\u00edcias"},"image":{"@id":"https:\/\/www.suno.com.br\/noticias\/#\/schema\/logo\/image\/"},"sameAs":["https:\/\/facebook.com\/sunoresearch","https:\/\/x.com\/sunoresearch","https:\/\/www.instagram.com\/suno","https:\/\/www.linkedin.com\/company\/suno-research\/","https:\/\/www.youtube.com\/c\/sunoresearch"]},{"@type":"Person","@id":"https:\/\/www.suno.com.br\/noticias\/#\/schema\/person\/ff470fe052a717a4b7c2a467a4a084c2","name":"Allan Ravagnani","image":{"@type":"ImageObject","inLanguage":"pt-BR","@id":"https:\/\/www.suno.com.br\/noticias\/#\/schema\/person\/image\/","url":"https:\/\/secure.gravatar.com\/avatar\/6ff047fc08f82f36fd10bcae9caa7303?s=96&r=g","contentUrl":"https:\/\/secure.gravatar.com\/avatar\/6ff047fc08f82f36fd10bcae9caa7303?s=96&r=g","caption":"Allan Ravagnani"},"description":"Jornalista com especializa\u00e7\u00f5es em macroeconomia, finan\u00e7as e ci\u00eancia pol\u00edtica. Foi editor no site Intelig\u00eancia Financeira e atuou nos ve\u00edculos TC Mover (Traders Club), Valor Econ\u00f4mico, CMA Markets, Terra e Folha de S.Paulo. Atualmente, \u00e9 colaborador do Suno Not\u00edcias.","url":"https:\/\/www.suno.com.br\/noticias\/author\/allan-ravagnani\/"}]}},"default_loop_html":"<div class=\"cardsPage__listCard__boxs\"><div class=\"cardsPage__listCard__boxs__img\"><a href=\"https:\/\/www.suno.com.br\/noticias\/editoria-fundos-fiis-acoes-favoritas-dos-mais-ricos-ar\/\"><img class=\"mask\" src=\"https:\/\/www.suno.com.br\/noticias\/wp-content\/themes\/suno\/resources\/images\/spotlight\/spotlight1img\/bg-mask.png\" alt=\"Image Mask\"\/><img src=\"https:\/\/files.sunoresearch.com.br\/n\/uploads\/2023\/07\/fundos-imobiliarios-2-400x200.jpg\" alt=\"Veja quais s\u00e3o os fundos, FIIs e a\u00e7\u00f5es favoritos dos mais ricos\"\/><\/a><span class=\"spotlightCategory\"><a href=\"https:\/\/www.suno.com.br\/noticias\/mercado\/\">Mercado<\/a><\/span><\/div><div class=\"cardsPage__listCard__boxs__content\"><a href=\"https:\/\/www.suno.com.br\/noticias\/editoria-fundos-fiis-acoes-favoritas-dos-mais-ricos-ar\/\"><h2 class=\"content__title\">Veja quais s\u00e3o os fundos, FIIs e a\u00e7\u00f5es favoritos dos mais ricos<\/h2><\/a><div class=\"newsContent__article__meta\"><div class=\"newsContent__article__meta__authorBox\"><a href=\"https:\/\/www.suno.com.br\/noticias\/author\/allan-ravagnani\/\" class=\"authorBox__avatar noMobi\"><img src=\"https:\/\/files.sunoresearch.com.br\/n\/uploads\/2023\/06\/allan-usuario-150x150.png\" alt=\"Allan Ravagnani\"><\/a><div class=\"authorBox__name\"><span>por\n\t\t\t<a href=\"https:\/\/www.suno.com.br\/noticias\/author\/allan-ravagnani\/\"><span itemprop=\"author\">Allan Ravagnani<\/span><\/a><\/span><time datetime=\"2023-09-18T18:17:12-03:00\" itemprop=\"datePublished\">18\/09\/2023 18:17<\/time><\/div><\/div><\/div><\/div><\/div>","single_layout":"posts","amp_enabled":true,"_links":{"self":[{"href":"https:\/\/www.suno.com.br\/noticias\/wp-json\/wp\/v2\/posts\/457929"}],"collection":[{"href":"https:\/\/www.suno.com.br\/noticias\/wp-json\/wp\/v2\/posts"}],"about":[{"href":"https:\/\/www.suno.com.br\/noticias\/wp-json\/wp\/v2\/types\/post"}],"author":[{"embeddable":true,"href":"https:\/\/www.suno.com.br\/noticias\/wp-json\/wp\/v2\/users\/305"}],"replies":[{"embeddable":true,"href":"https:\/\/www.suno.com.br\/noticias\/wp-json\/wp\/v2\/comments?post=457929"}],"version-history":[{"count":3,"href":"https:\/\/www.suno.com.br\/noticias\/wp-json\/wp\/v2\/posts\/457929\/revisions"}],"predecessor-version":[{"id":458225,"href":"https:\/\/www.suno.com.br\/noticias\/wp-json\/wp\/v2\/posts\/457929\/revisions\/458225"}],"wp:featuredmedia":[{"embeddable":true,"href":"https:\/\/www.suno.com.br\/noticias\/wp-json\/wp\/v2\/media\/424453"}],"wp:attachment":[{"href":"https:\/\/www.suno.com.br\/noticias\/wp-json\/wp\/v2\/media?parent=457929"}],"wp:term":[{"taxonomy":"category","embeddable":true,"href":"https:\/\/www.suno.com.br\/noticias\/wp-json\/wp\/v2\/categories?post=457929"},{"taxonomy":"post_tag","embeddable":true,"href":"https:\/\/www.suno.com.br\/noticias\/wp-json\/wp\/v2\/tags?post=457929"},{"taxonomy":"suno_strategy","embeddable":true,"href":"https:\/\/www.suno.com.br\/noticias\/wp-json\/wp\/v2\/suno_strategy?post=457929"}],"curies":[{"name":"wp","href":"https:\/\/api.w.org\/{rel}","templated":true}]}}