{"id":45790,"date":"2019-11-26T16:19:59","date_gmt":"2019-11-26T18:19:59","guid":{"rendered":"https:\/\/www.suno.com.br\/noticias\/?p=45790"},"modified":"2021-06-13T23:40:55","modified_gmt":"2021-06-14T02:40:55","slug":"apple-paga-us-476-mi-governo-eua-encerrar-acusacao","status":"publish","type":"post","link":"https:\/\/www.suno.com.br\/noticias\/apple-paga-us-476-mi-governo-eua-encerrar-acusacao\/","title":{"rendered":"Apple paga US$ 476 mi ao governo dos EUA para encerrar acusa\u00e7\u00e3o"},"content":{"rendered":"<p>A Apple pagar\u00e1 US$ 476 milh\u00f5es (cerca de R$ 2,03 bilh\u00f5es) para o governo dos <strong>Estados Unidos<\/strong> para encerrar uma a\u00e7\u00e3o judicial. A informa\u00e7\u00e3o foi divulgada, nesta ter\u00e7a-feira (26), pelo Departamento do Tesouro norte-americano.<\/p>\t<div class=\"wrapper-featured-image\">\n\t\t<figure class=\"spotlightImg\">\n\n\t\t\t<picture>\n\t\t\t\t<source media=\"(max-width: 768px)\" srcset=\"https:\/\/files.sunoresearch.com.br\/n\/uploads\/2019\/04\/323c3d19-apple-400x200.webp\">\n\t\t\t\t<img loading=\"lazy\" decoding=\"async\" class=\"newsContent__article__imgCapa lazyloadDisabled newsContent__article__imgCapa--noCaption\" src=\"https:\/\/files.sunoresearch.com.br\/n\/uploads\/2019\/04\/323c3d19-apple-800x450.webp\" width=\"800\" height=\"450\" alt=\"Apple paga US$ 476 mi ao governo dos EUA para encerrar acusa\u00e7\u00e3o\" fetchpriority=high \/>\n\t\t\t<\/picture>\n\n\t\t\t<figcaption class=\"wp-caption-text wp-caption-text--hide\">Apple vence disputa tribut\u00e1ria de US$ 14,8 bilh\u00f5es contra UE<\/figcaption>\n\t\t<\/figure>\n\t<\/div>\n\n\n\n<p>De acordo com o governo norte-americano, a <strong>Apple<\/strong> realizou negocia\u00e7\u00f5es com a empresa de <em>software<\/em> <strong>SIS<\/strong>, que foi banida nos Estados Unidos. A gigante norte-americana teria hospedado e vendido aplicativos da companhia eslovena.<\/p>\n<p><a href=\"http:\/\/bit.ly\/33ZNYfZ\">Black Friday Suno \u2013 pague 2 anos e leve 3 nas principais assinaturas da Suno Research<\/a><\/p>\n<p>As investiga\u00e7\u00f5es indicam ainda que a gigante de Cupertino assinou um contrato com a <strong>SIS<\/strong> em 2008 e recebeu aproximadamente US$ 1,2 milh\u00e3o por meio dos aplicativos baixados pelos usu\u00e1rios. Ademais, desde ent\u00e3o, A Apple realizou pagamentos para a empresa de software.<\/p>\n<p>Em contrapartida, a companhia estadunidense informou que descobriu somente em 2017 que a empresa havia sido banida pelo governo norte-americano. Al\u00e9m disso, a <strong>Apple<\/strong> salientou que denunciou e cooperou com as investiga\u00e7\u00f5es.<\/p>\n<p>A empresa eslovena foi banida pelo governo dos <strong>EUA<\/strong> em 2015. A medida ocorreu ap\u00f3s uma s\u00e9rie de acusa\u00e7\u00f5es contra o s\u00f3cio majorit\u00e1rio da SIS, Savo Stjepanovic. O executivo foi acusado de tr\u00e1fico internacional de anabolizantes.<\/p>\n<h2>Queda no lucro l\u00edquido da Apple<\/h2>\n<p>No terceiro trimestre deste ano, entre julho e setembro, a <strong>Apple<\/strong> registrou uma queda de 3% em seu <a href=\"https:\/\/www.suno.com.br\/artigos\/lucro-liquido\/\">lucro l\u00edquido<\/a> no terceiro trimestre de 2019. A empresa obteve US$ 13,69 bilh\u00f5es em seu balan\u00e7o.<\/p>\n<p><a href=\"https:\/\/www.suno.com.br\/noticias\/apple-registra-crescimento-lucro-liquido\/\">Saiba mais: Apple registra queda de 3% em seu lucro l\u00edquido no 3t19<\/a><\/p>\n<p>Essa \u00e9 a primeira vez que o lucro da gigante de tecnologia cai desde que o <strong>CEO<\/strong> da empresa, <a href=\"https:\/\/www.suno.com.br\/tudo-sobre\/tim-cook\/\">Tim Cook<\/a>, assumiu o cargo, em 2011. Por outro lado, a <a href=\"https:\/\/www.suno.com.br\/artigos\/o-que-receita-liquida\/\">receita<\/a><a href=\"https:\/\/www.suno.com.br\/artigos\/o-que-receita-liquida\/\"> total<\/a> aumentou 1% em compara\u00e7\u00e3o ao mesmo per\u00edodo do ano passado, somando US$ 53,8 bilh\u00f5es.<\/p>\n<p>O custo de venda da empresa\u00a0aumentou consideravelmente desde 2017, quando foi introduzido no mercado o novo <strong>iPhone<\/strong> com tecnologia de reconhecimento facial. Um avan\u00e7o que foi poss\u00edvel gra\u00e7as a fortes investimentos em pequisas e desenvolvimento.<\/p>\n\t<p>\n\t\t<a href=\"https:\/\/lp.suno.com.br\/plataforma-de-controle-de-investimentos\/\" target=\"_blank\" data-element=\"shortcode-suno-banner\" title=\"Banner SUNO, clique e saiba mais\">\n\t\t\t<picture>\n\t\t\t\t<source media=\"(max-width: 500px)\" srcset=\"https:\/\/files.sunoresearch.com.br\/n\/uploads\/2023\/03\/400x300-Controle-de-Investimentos.png\">\n\t\t\t\t<img class=\"newsContent__article__imgCapa newsContent__article__imgCapa--banner\"\n\t\t\t\t\tsrc=\"https:\/\/files.sunoresearch.com.br\/n\/uploads\/2023\/03\/1420x240-Controle-de-Investimentos.png\"\n\t\t\t\t\tdata-promo-id=\"383162\"\t\t\t\t\t\t\t\t\t\twidth='1420' height='240'\t\t\t\t\talt=\"https:\/\/files.sunoresearch.com.br\/n\/uploads\/2023\/03\/1420x240-Controle-de-Investimentos.png\"\n\t\t\t\t>\n\t\t\t<\/picture>\n\t\t<\/a>\n\t<\/p>\n\n\n<p>&#8220;Devolvemos mais de US$ 21 bilh\u00f5es aos acionistas durante o trimestre, incluindo US$ 17 bilh\u00f5es atrav\u00e9s de recompras no mercado aberto de quase 88 milh\u00f5es de a\u00e7\u00f5es da Apple e US$ 3,6 bilh\u00f5es em dividendos e equivalentes&#8221;, disse o <strong>CFO<\/strong> da <strong>Apple<\/strong>, Luca Maestri.<\/p>\n","protected":false},"excerpt":{"rendered":"<p>A Apple pagar\u00e1 US$ 476 milh\u00f5es (cerca de R$ 2,03 bilh\u00f5es) para o governo dos Estados Unidos para encerrar uma a\u00e7\u00e3o judicial. A informa\u00e7\u00e3o foi divulgada, nesta ter\u00e7a-feira (26), pelo Departamento do Tesouro norte-americano. Apple vence disputa tribut\u00e1ria de US$ 14,8 bilh\u00f5es contra UE De acordo com o governo norte-americano, a Apple realizou negocia\u00e7\u00f5es com [&hellip;]<\/p>\n","protected":false},"author":18,"featured_media":22880,"comment_status":"closed","ping_status":"closed","sticky":false,"template":"","format":"standard","meta":[],"categories":[64],"tags":[794,793],"suno_strategy":[],"class_list":["post-45790","post","type-post","status-publish","format-standard","has-post-thumbnail","hentry","category-negocios","tag-apple-aapl34","tag-estados-unidos-eua"],"yoast_head":"<!-- This site is optimized with the Yoast SEO plugin v24.4 - https:\/\/yoast.com\/wordpress\/plugins\/seo\/ -->\n<title>Apple paga US$ 476 mi ao governo dos EUA para encerrar acusa\u00e7\u00e3o<\/title>\n<meta name=\"description\" content=\"A Apple pagar\u00e1 US$ 476 milh\u00f5es (cerca de R$ 2,03 bilh\u00f5es) ao governo dos Estados Unidos para encerrar uma acusa\u00e7\u00e3o. Clique para saber mais.\" \/>\n<meta name=\"robots\" content=\"index, follow, max-snippet:-1, max-image-preview:large, max-video-preview:-1\" \/>\n<link rel=\"canonical\" href=\"https:\/\/www.suno.com.br\/noticias\/apple-paga-us-476-mi-governo-eua-encerrar-acusacao\/\" \/>\n<meta property=\"og:locale\" content=\"pt_BR\" \/>\n<meta property=\"og:type\" content=\"article\" \/>\n<meta property=\"og:title\" content=\"Apple paga US$ 476 mi ao governo dos EUA para encerrar acusa\u00e7\u00e3o\" \/>\n<meta property=\"og:description\" content=\"A Apple pagar\u00e1 US$ 476 milh\u00f5es (cerca de R$ 2,03 bilh\u00f5es) ao governo dos Estados Unidos para encerrar uma acusa\u00e7\u00e3o. Clique para saber mais.\" \/>\n<meta property=\"og:url\" content=\"https:\/\/www.suno.com.br\/noticias\/apple-paga-us-476-mi-governo-eua-encerrar-acusacao\/\" \/>\n<meta property=\"og:site_name\" content=\"Suno Not\u00edcias\" \/>\n<meta property=\"article:publisher\" content=\"https:\/\/facebook.com\/sunoresearch\" \/>\n<meta property=\"og:image\" content=\"https:\/\/files.sunoresearch.com.br\/n\/uploads\/2019\/04\/323c3d19-apple.jpg\" \/>\n\t<meta property=\"og:image:width\" content=\"1280\" \/>\n\t<meta property=\"og:image:height\" content=\"960\" \/>\n\t<meta property=\"og:image:type\" content=\"image\/jpeg\" \/>\n<meta name=\"author\" content=\"Giovanna Oliveira\" \/>\n<meta name=\"twitter:card\" content=\"summary_large_image\" \/>\n<meta name=\"twitter:creator\" content=\"@sunoresearch\" \/>\n<meta name=\"twitter:site\" content=\"@sunoresearch\" \/>\n<meta name=\"twitter:label1\" content=\"Escrito por\" \/>\n\t<meta name=\"twitter:data1\" content=\"Giovanna Oliveira\" \/>\n\t<meta name=\"twitter:label2\" content=\"Est. tempo de leitura\" \/>\n\t<meta name=\"twitter:data2\" content=\"2 minutos\" \/>\n<script type=\"application\/ld+json\" class=\"yoast-schema-graph\">{\"@context\":\"https:\/\/schema.org\",\"@graph\":[{\"@type\":\"NewsArticle\",\"@id\":\"https:\/\/www.suno.com.br\/noticias\/apple-paga-us-476-mi-governo-eua-encerrar-acusacao\/#article\",\"isPartOf\":{\"@id\":\"https:\/\/www.suno.com.br\/noticias\/apple-paga-us-476-mi-governo-eua-encerrar-acusacao\/\"},\"author\":{\"name\":\"Giovanna Oliveira\",\"@id\":\"https:\/\/www.suno.com.br\/noticias\/#\/schema\/person\/4e19e3d2575736e5283d58eb3199d120\"},\"headline\":\"Apple paga US$ 476 mi ao governo dos EUA para encerrar acusa\u00e7\u00e3o\",\"datePublished\":\"2019-11-26T18:19:59+00:00\",\"dateModified\":\"2021-06-14T02:40:55+00:00\",\"mainEntityOfPage\":{\"@id\":\"https:\/\/www.suno.com.br\/noticias\/apple-paga-us-476-mi-governo-eua-encerrar-acusacao\/\"},\"wordCount\":401,\"publisher\":{\"@id\":\"https:\/\/www.suno.com.br\/noticias\/#organization\"},\"image\":{\"@id\":\"https:\/\/www.suno.com.br\/noticias\/apple-paga-us-476-mi-governo-eua-encerrar-acusacao\/#primaryimage\"},\"thumbnailUrl\":\"https:\/\/files.sunoresearch.com.br\/n\/uploads\/2019\/04\/323c3d19-apple-jpg.webp\",\"keywords\":[\"Apple (AAPL34)\",\"Estados Unidos (EUA)\"],\"articleSection\":[\"Neg\u00f3cios\"],\"inLanguage\":\"pt-BR\"},{\"@type\":\"WebPage\",\"@id\":\"https:\/\/www.suno.com.br\/noticias\/apple-paga-us-476-mi-governo-eua-encerrar-acusacao\/\",\"url\":\"https:\/\/www.suno.com.br\/noticias\/apple-paga-us-476-mi-governo-eua-encerrar-acusacao\/\",\"name\":\"Apple paga US$ 476 mi ao governo dos EUA para encerrar acusa\u00e7\u00e3o\",\"isPartOf\":{\"@id\":\"https:\/\/www.suno.com.br\/noticias\/#website\"},\"primaryImageOfPage\":{\"@id\":\"https:\/\/www.suno.com.br\/noticias\/apple-paga-us-476-mi-governo-eua-encerrar-acusacao\/#primaryimage\"},\"image\":{\"@id\":\"https:\/\/www.suno.com.br\/noticias\/apple-paga-us-476-mi-governo-eua-encerrar-acusacao\/#primaryimage\"},\"thumbnailUrl\":\"https:\/\/files.sunoresearch.com.br\/n\/uploads\/2019\/04\/323c3d19-apple-jpg.webp\",\"datePublished\":\"2019-11-26T18:19:59+00:00\",\"dateModified\":\"2021-06-14T02:40:55+00:00\",\"description\":\"A Apple pagar\u00e1 US$ 476 milh\u00f5es (cerca de R$ 2,03 bilh\u00f5es) ao governo dos Estados Unidos para encerrar uma acusa\u00e7\u00e3o. Clique para saber mais.\",\"breadcrumb\":{\"@id\":\"https:\/\/www.suno.com.br\/noticias\/apple-paga-us-476-mi-governo-eua-encerrar-acusacao\/#breadcrumb\"},\"inLanguage\":\"pt-BR\",\"potentialAction\":[{\"@type\":\"ReadAction\",\"target\":[\"https:\/\/www.suno.com.br\/noticias\/apple-paga-us-476-mi-governo-eua-encerrar-acusacao\/\"]}]},{\"@type\":\"ImageObject\",\"inLanguage\":\"pt-BR\",\"@id\":\"https:\/\/www.suno.com.br\/noticias\/apple-paga-us-476-mi-governo-eua-encerrar-acusacao\/#primaryimage\",\"url\":\"https:\/\/files.sunoresearch.com.br\/n\/uploads\/2019\/04\/323c3d19-apple-jpg.webp\",\"contentUrl\":\"https:\/\/files.sunoresearch.com.br\/n\/uploads\/2019\/04\/323c3d19-apple-jpg.webp\",\"width\":1280,\"height\":960,\"caption\":\"Apple vence disputa tribut\u00e1ria de US$ 14,8 bilh\u00f5es contra UE\"},{\"@type\":\"BreadcrumbList\",\"@id\":\"https:\/\/www.suno.com.br\/noticias\/apple-paga-us-476-mi-governo-eua-encerrar-acusacao\/#breadcrumb\",\"itemListElement\":[{\"@type\":\"ListItem\",\"position\":1,\"name\":\"Not\u00edcias\",\"item\":\"https:\/\/www.suno.com.br\/noticias\/\"},{\"@type\":\"ListItem\",\"position\":2,\"name\":\"Neg\u00f3cios\",\"item\":\"https:\/\/www.suno.com.br\/noticias\/negocios\/\"},{\"@type\":\"ListItem\",\"position\":3,\"name\":\"Apple paga US$ 476 mi ao governo dos EUA para encerrar acusa\u00e7\u00e3o\"}]},{\"@type\":\"WebSite\",\"@id\":\"https:\/\/www.suno.com.br\/noticias\/#website\",\"url\":\"https:\/\/www.suno.com.br\/noticias\/\",\"name\":\"Suno Not\u00edcias\",\"description\":\"Seu portal de informa\u00e7\u00e3o sobre o mundo dos investimentos\",\"publisher\":{\"@id\":\"https:\/\/www.suno.com.br\/noticias\/#organization\"},\"potentialAction\":[{\"@type\":\"SearchAction\",\"target\":{\"@type\":\"EntryPoint\",\"urlTemplate\":\"https:\/\/www.suno.com.br\/noticias\/?s={search_term_string}\"},\"query-input\":{\"@type\":\"PropertyValueSpecification\",\"valueRequired\":true,\"valueName\":\"search_term_string\"}}],\"inLanguage\":\"pt-BR\"},{\"@type\":\"Organization\",\"@id\":\"https:\/\/www.suno.com.br\/noticias\/#organization\",\"name\":\"Suno Not\u00edcias\",\"url\":\"https:\/\/www.suno.com.br\/noticias\/\",\"logo\":{\"@type\":\"ImageObject\",\"inLanguage\":\"pt-BR\",\"@id\":\"https:\/\/www.suno.com.br\/noticias\/#\/schema\/logo\/image\/\",\"url\":\"https:\/\/files.sunoresearch.com.br\/n\/uploads\/2021\/09\/suno-logo.png\",\"contentUrl\":\"https:\/\/files.sunoresearch.com.br\/n\/uploads\/2021\/09\/suno-logo.png\",\"width\":180,\"height\":180,\"caption\":\"Suno Not\u00edcias\"},\"image\":{\"@id\":\"https:\/\/www.suno.com.br\/noticias\/#\/schema\/logo\/image\/\"},\"sameAs\":[\"https:\/\/facebook.com\/sunoresearch\",\"https:\/\/x.com\/sunoresearch\",\"https:\/\/www.instagram.com\/suno\",\"https:\/\/www.linkedin.com\/company\/suno-research\/\",\"https:\/\/www.youtube.com\/c\/sunoresearch\"]},{\"@type\":\"Person\",\"@id\":\"https:\/\/www.suno.com.br\/noticias\/#\/schema\/person\/4e19e3d2575736e5283d58eb3199d120\",\"name\":\"Giovanna Oliveira\",\"image\":{\"@type\":\"ImageObject\",\"inLanguage\":\"pt-BR\",\"@id\":\"https:\/\/www.suno.com.br\/noticias\/#\/schema\/person\/image\/\",\"url\":\"https:\/\/secure.gravatar.com\/avatar\/9a37b3ae208962ac568992d0ffdbc2eb?s=96&r=g\",\"contentUrl\":\"https:\/\/secure.gravatar.com\/avatar\/9a37b3ae208962ac568992d0ffdbc2eb?s=96&r=g\",\"caption\":\"Giovanna Oliveira\"},\"description\":\"Giovanna Oliveira escreve sobre economia e pol\u00edtica. Foi rep\u00f3rter do portal de jornalismo da ESPM-SP e produziu conte\u00fado para a Corinthians TV. \u00c9 estudante da ESPM.\",\"url\":\"https:\/\/www.suno.com.br\/noticias\/author\/giovanna\/\"}]}<\/script>\n<!-- \/ Yoast SEO plugin. -->","yoast_head_json":{"title":"Apple paga US$ 476 mi ao governo dos EUA para encerrar acusa\u00e7\u00e3o","description":"A Apple pagar\u00e1 US$ 476 milh\u00f5es (cerca de R$ 2,03 bilh\u00f5es) ao governo dos Estados Unidos para encerrar uma acusa\u00e7\u00e3o. Clique para saber mais.","robots":{"index":"index","follow":"follow","max-snippet":"max-snippet:-1","max-image-preview":"max-image-preview:large","max-video-preview":"max-video-preview:-1"},"canonical":"https:\/\/www.suno.com.br\/noticias\/apple-paga-us-476-mi-governo-eua-encerrar-acusacao\/","og_locale":"pt_BR","og_type":"article","og_title":"Apple paga US$ 476 mi ao governo dos EUA para encerrar acusa\u00e7\u00e3o","og_description":"A Apple pagar\u00e1 US$ 476 milh\u00f5es (cerca de R$ 2,03 bilh\u00f5es) ao governo dos Estados Unidos para encerrar uma acusa\u00e7\u00e3o. Clique para saber mais.","og_url":"https:\/\/www.suno.com.br\/noticias\/apple-paga-us-476-mi-governo-eua-encerrar-acusacao\/","og_site_name":"Suno Not\u00edcias","article_publisher":"https:\/\/facebook.com\/sunoresearch","og_image":[{"width":1280,"height":960,"url":"https:\/\/files.sunoresearch.com.br\/n\/uploads\/2019\/04\/323c3d19-apple.jpg","type":"image\/jpeg"}],"author":"Giovanna Oliveira","twitter_card":"summary_large_image","twitter_creator":"@sunoresearch","twitter_site":"@sunoresearch","twitter_misc":{"Escrito por":"Giovanna Oliveira","Est. tempo de leitura":"2 minutos"},"schema":{"@context":"https:\/\/schema.org","@graph":[{"@type":"NewsArticle","@id":"https:\/\/www.suno.com.br\/noticias\/apple-paga-us-476-mi-governo-eua-encerrar-acusacao\/#article","isPartOf":{"@id":"https:\/\/www.suno.com.br\/noticias\/apple-paga-us-476-mi-governo-eua-encerrar-acusacao\/"},"author":{"name":"Giovanna Oliveira","@id":"https:\/\/www.suno.com.br\/noticias\/#\/schema\/person\/4e19e3d2575736e5283d58eb3199d120"},"headline":"Apple paga US$ 476 mi ao governo dos EUA para encerrar acusa\u00e7\u00e3o","datePublished":"2019-11-26T18:19:59+00:00","dateModified":"2021-06-14T02:40:55+00:00","mainEntityOfPage":{"@id":"https:\/\/www.suno.com.br\/noticias\/apple-paga-us-476-mi-governo-eua-encerrar-acusacao\/"},"wordCount":401,"publisher":{"@id":"https:\/\/www.suno.com.br\/noticias\/#organization"},"image":{"@id":"https:\/\/www.suno.com.br\/noticias\/apple-paga-us-476-mi-governo-eua-encerrar-acusacao\/#primaryimage"},"thumbnailUrl":"https:\/\/files.sunoresearch.com.br\/n\/uploads\/2019\/04\/323c3d19-apple-jpg.webp","keywords":["Apple (AAPL34)","Estados Unidos (EUA)"],"articleSection":["Neg\u00f3cios"],"inLanguage":"pt-BR"},{"@type":"WebPage","@id":"https:\/\/www.suno.com.br\/noticias\/apple-paga-us-476-mi-governo-eua-encerrar-acusacao\/","url":"https:\/\/www.suno.com.br\/noticias\/apple-paga-us-476-mi-governo-eua-encerrar-acusacao\/","name":"Apple paga US$ 476 mi ao governo dos EUA para encerrar acusa\u00e7\u00e3o","isPartOf":{"@id":"https:\/\/www.suno.com.br\/noticias\/#website"},"primaryImageOfPage":{"@id":"https:\/\/www.suno.com.br\/noticias\/apple-paga-us-476-mi-governo-eua-encerrar-acusacao\/#primaryimage"},"image":{"@id":"https:\/\/www.suno.com.br\/noticias\/apple-paga-us-476-mi-governo-eua-encerrar-acusacao\/#primaryimage"},"thumbnailUrl":"https:\/\/files.sunoresearch.com.br\/n\/uploads\/2019\/04\/323c3d19-apple-jpg.webp","datePublished":"2019-11-26T18:19:59+00:00","dateModified":"2021-06-14T02:40:55+00:00","description":"A Apple pagar\u00e1 US$ 476 milh\u00f5es (cerca de R$ 2,03 bilh\u00f5es) ao governo dos Estados Unidos para encerrar uma acusa\u00e7\u00e3o. Clique para saber mais.","breadcrumb":{"@id":"https:\/\/www.suno.com.br\/noticias\/apple-paga-us-476-mi-governo-eua-encerrar-acusacao\/#breadcrumb"},"inLanguage":"pt-BR","potentialAction":[{"@type":"ReadAction","target":["https:\/\/www.suno.com.br\/noticias\/apple-paga-us-476-mi-governo-eua-encerrar-acusacao\/"]}]},{"@type":"ImageObject","inLanguage":"pt-BR","@id":"https:\/\/www.suno.com.br\/noticias\/apple-paga-us-476-mi-governo-eua-encerrar-acusacao\/#primaryimage","url":"https:\/\/files.sunoresearch.com.br\/n\/uploads\/2019\/04\/323c3d19-apple-jpg.webp","contentUrl":"https:\/\/files.sunoresearch.com.br\/n\/uploads\/2019\/04\/323c3d19-apple-jpg.webp","width":1280,"height":960,"caption":"Apple vence disputa tribut\u00e1ria de US$ 14,8 bilh\u00f5es contra UE"},{"@type":"BreadcrumbList","@id":"https:\/\/www.suno.com.br\/noticias\/apple-paga-us-476-mi-governo-eua-encerrar-acusacao\/#breadcrumb","itemListElement":[{"@type":"ListItem","position":1,"name":"Not\u00edcias","item":"https:\/\/www.suno.com.br\/noticias\/"},{"@type":"ListItem","position":2,"name":"Neg\u00f3cios","item":"https:\/\/www.suno.com.br\/noticias\/negocios\/"},{"@type":"ListItem","position":3,"name":"Apple paga US$ 476 mi ao governo dos EUA para encerrar acusa\u00e7\u00e3o"}]},{"@type":"WebSite","@id":"https:\/\/www.suno.com.br\/noticias\/#website","url":"https:\/\/www.suno.com.br\/noticias\/","name":"Suno Not\u00edcias","description":"Seu portal de informa\u00e7\u00e3o sobre o mundo dos investimentos","publisher":{"@id":"https:\/\/www.suno.com.br\/noticias\/#organization"},"potentialAction":[{"@type":"SearchAction","target":{"@type":"EntryPoint","urlTemplate":"https:\/\/www.suno.com.br\/noticias\/?s={search_term_string}"},"query-input":{"@type":"PropertyValueSpecification","valueRequired":true,"valueName":"search_term_string"}}],"inLanguage":"pt-BR"},{"@type":"Organization","@id":"https:\/\/www.suno.com.br\/noticias\/#organization","name":"Suno Not\u00edcias","url":"https:\/\/www.suno.com.br\/noticias\/","logo":{"@type":"ImageObject","inLanguage":"pt-BR","@id":"https:\/\/www.suno.com.br\/noticias\/#\/schema\/logo\/image\/","url":"https:\/\/files.sunoresearch.com.br\/n\/uploads\/2021\/09\/suno-logo.png","contentUrl":"https:\/\/files.sunoresearch.com.br\/n\/uploads\/2021\/09\/suno-logo.png","width":180,"height":180,"caption":"Suno Not\u00edcias"},"image":{"@id":"https:\/\/www.suno.com.br\/noticias\/#\/schema\/logo\/image\/"},"sameAs":["https:\/\/facebook.com\/sunoresearch","https:\/\/x.com\/sunoresearch","https:\/\/www.instagram.com\/suno","https:\/\/www.linkedin.com\/company\/suno-research\/","https:\/\/www.youtube.com\/c\/sunoresearch"]},{"@type":"Person","@id":"https:\/\/www.suno.com.br\/noticias\/#\/schema\/person\/4e19e3d2575736e5283d58eb3199d120","name":"Giovanna Oliveira","image":{"@type":"ImageObject","inLanguage":"pt-BR","@id":"https:\/\/www.suno.com.br\/noticias\/#\/schema\/person\/image\/","url":"https:\/\/secure.gravatar.com\/avatar\/9a37b3ae208962ac568992d0ffdbc2eb?s=96&r=g","contentUrl":"https:\/\/secure.gravatar.com\/avatar\/9a37b3ae208962ac568992d0ffdbc2eb?s=96&r=g","caption":"Giovanna Oliveira"},"description":"Giovanna Oliveira escreve sobre economia e pol\u00edtica. Foi rep\u00f3rter do portal de jornalismo da ESPM-SP e produziu conte\u00fado para a Corinthians TV. \u00c9 estudante da ESPM.","url":"https:\/\/www.suno.com.br\/noticias\/author\/giovanna\/"}]}},"default_loop_html":"<div class=\"cardsPage__listCard__boxs\"><div class=\"cardsPage__listCard__boxs__img\"><a href=\"https:\/\/www.suno.com.br\/noticias\/apple-paga-us-476-mi-governo-eua-encerrar-acusacao\/\"><img class=\"mask\" src=\"https:\/\/www.suno.com.br\/noticias\/wp-content\/themes\/suno\/resources\/images\/spotlight\/spotlight1img\/bg-mask.png\" alt=\"Image Mask\"\/><img src=\"https:\/\/files.sunoresearch.com.br\/n\/uploads\/2019\/04\/323c3d19-apple-400x200.webp\" alt=\"Apple paga US$ 476 mi ao governo dos EUA para encerrar acusa\u00e7\u00e3o\"\/><\/a><span class=\"spotlightCategory\"><a href=\"https:\/\/www.suno.com.br\/noticias\/negocios\/\">Neg\u00f3cios<\/a><\/span><\/div><div class=\"cardsPage__listCard__boxs__content\"><a href=\"https:\/\/www.suno.com.br\/noticias\/apple-paga-us-476-mi-governo-eua-encerrar-acusacao\/\"><h2 class=\"content__title\">Apple paga US$ 476 mi ao governo dos EUA para encerrar acusa\u00e7\u00e3o<\/h2><\/a><div class=\"newsContent__article__meta\"><div class=\"newsContent__article__meta__authorBox\"><a href=\"https:\/\/www.suno.com.br\/noticias\/author\/giovanna\/\" class=\"authorBox__avatar noMobi\"><img src=\"https:\/\/files.sunoresearch.com.br\/n\/uploads\/2019\/06\/952a89ca-screenshot_20190608-171507-150x150.webp\" alt=\"Giovanna Oliveira\"><\/a><div class=\"authorBox__name\"><span>por\n\t\t\t<a href=\"https:\/\/www.suno.com.br\/noticias\/author\/giovanna\/\"><span itemprop=\"author\">Giovanna Oliveira<\/span><\/a><\/span><time datetime=\"2019-11-26T16:19:59-03:00\" itemprop=\"datePublished\">26\/11\/2019 16:19<\/time><\/div><\/div><\/div><\/div><\/div>","single_layout":"posts","amp_enabled":true,"_links":{"self":[{"href":"https:\/\/www.suno.com.br\/noticias\/wp-json\/wp\/v2\/posts\/45790"}],"collection":[{"href":"https:\/\/www.suno.com.br\/noticias\/wp-json\/wp\/v2\/posts"}],"about":[{"href":"https:\/\/www.suno.com.br\/noticias\/wp-json\/wp\/v2\/types\/post"}],"author":[{"embeddable":true,"href":"https:\/\/www.suno.com.br\/noticias\/wp-json\/wp\/v2\/users\/18"}],"replies":[{"embeddable":true,"href":"https:\/\/www.suno.com.br\/noticias\/wp-json\/wp\/v2\/comments?post=45790"}],"version-history":[{"count":1,"href":"https:\/\/www.suno.com.br\/noticias\/wp-json\/wp\/v2\/posts\/45790\/revisions"}],"predecessor-version":[{"id":157243,"href":"https:\/\/www.suno.com.br\/noticias\/wp-json\/wp\/v2\/posts\/45790\/revisions\/157243"}],"wp:featuredmedia":[{"embeddable":true,"href":"https:\/\/www.suno.com.br\/noticias\/wp-json\/wp\/v2\/media\/22880"}],"wp:attachment":[{"href":"https:\/\/www.suno.com.br\/noticias\/wp-json\/wp\/v2\/media?parent=45790"}],"wp:term":[{"taxonomy":"category","embeddable":true,"href":"https:\/\/www.suno.com.br\/noticias\/wp-json\/wp\/v2\/categories?post=45790"},{"taxonomy":"post_tag","embeddable":true,"href":"https:\/\/www.suno.com.br\/noticias\/wp-json\/wp\/v2\/tags?post=45790"},{"taxonomy":"suno_strategy","embeddable":true,"href":"https:\/\/www.suno.com.br\/noticias\/wp-json\/wp\/v2\/suno_strategy?post=45790"}],"curies":[{"name":"wp","href":"https:\/\/api.w.org\/{rel}","templated":true}]}}