{"id":45789,"date":"2019-11-26T15:15:31","date_gmt":"2019-11-26T17:15:31","guid":{"rendered":"https:\/\/www.suno.com.br\/noticias\/?p=45789"},"modified":"2021-02-17T22:46:45","modified_gmt":"2021-02-18T01:46:45","slug":"banco-central-intervem-dolar-recorde","status":"publish","type":"post","link":"https:\/\/www.suno.com.br\/noticias\/banco-central-intervem-dolar-recorde\/","title":{"rendered":"Banco Central interv\u00e9m ap\u00f3s d\u00f3lar bater recorde e ficar pr\u00f3ximo a R$ 4,27"},"content":{"rendered":"<p>O Banco Central decidiu tomar provid\u00eancias ap\u00f3s o d\u00f3lar bater recordes nesta ter\u00e7a-feira (26). O BC anunciou leil\u00e3o extra para vender a moeda \u00e0 vista. A opera\u00e7\u00e3o aconteceu entre \u00e0s 11h03 e \u00e0s 11h08 e n\u00e3o foram divulgadas as quantidades ofertadas.<\/p>\t<div class=\"wrapper-featured-image\">\n\t\t<figure class=\"spotlightImg\">\n\n\t\t\t<picture>\n\t\t\t\t<source media=\"(max-width: 768px)\" srcset=\"https:\/\/files.sunoresearch.com.br\/n\/uploads\/2019\/06\/5da068bf-dolarr-400x200.webp\">\n\t\t\t\t<img loading=\"lazy\" decoding=\"async\" class=\"newsContent__article__imgCapa lazyloadDisabled newsContent__article__imgCapa--noCaption\" src=\"https:\/\/files.sunoresearch.com.br\/n\/uploads\/2019\/06\/5da068bf-dolarr-jpg.webp\" width=\"800\" height=\"450\" alt=\"Banco Central interv\u00e9m ap\u00f3s d\u00f3lar bater recorde e ficar pr\u00f3ximo a R$ 4,27\" fetchpriority=high \/>\n\t\t\t<\/picture>\n\n\t\t\t<figcaption class=\"wp-caption-text wp-caption-text--hide\">No dia anterior, o d\u00f3lar encerrou em alta de 1,43%, a R$ 5,7630<\/figcaption>\n\t\t<\/figure>\n\t<\/div>\n\n\n\n<p>De acordo com o <strong>Banco<\/strong> <strong>Central<\/strong>, a taxa de corte do leil\u00e3o foi de R$ 4,2320. Antes dessa opera\u00e7\u00e3o, o BC tamb\u00e9m promoveu a venda \u00e0 vista de d\u00f3lares e de swap cambial reverso, que corresponde a venda de d\u00f3lar no mercado futuro.<\/p>\n<p><a href=\"https:\/\/www.suno.com.br\/black-friday-2019\/assinaturas\/\">Black Friday Suno \u2013 pague 2 anos e leve 3 nas principais assinaturas da Suno Research<\/a><\/p>\n<p>Depois da a\u00e7\u00e3o feita pelo Banco Central, o d\u00f3lar diminuiu para R$ 4,24. Antes, a moeda chegou a atingir R$ 4,2694 no mercado \u00e0 vista e R$ 4,270 no contrato futuro de dezembro.<\/p>\n<p>Na \u00faltima segunda-feira (25), o d\u00f3lar fechou o dia em uma m\u00e1xima hist\u00f3rica de R$ 4,2145. Este foi o maior valor j\u00e1 registrado desde o in\u00edcio do Plano Real. O ministro Paulo Guedes, ent\u00e3o, disse, em entrevista, que n\u00e3o estava preocupado com a alta da moeda norte-americana e que era &#8220;bom se acostumar com o c\u00e2mbio mais alto e juro mais baixo por um bom tempo&#8221;.<\/p>\n<p>Guedes reiterou sua fala afirmando que &#8220;quando voc\u00ea tem um fiscal forte e um juro mais baixo, o c\u00e2mbio de equil\u00edbrio tamb\u00e9m \u00e9 mais alto&#8221;. Vale ressaltar que na \u00faltima semana, o presidente do BC, Roberto Campos Neto, disse que se o patamar da moeda norte-americana pressionar os pre\u00e7os, o Banco Central dever\u00e1 atuar na <strong>taxa de juros<\/strong> e n\u00e3o via <a href=\"https:\/\/www.suno.com.br\/artigos\/corretora-de-cambio\/\">c\u00e2mbio<\/a>.<\/p>\n<h2>Opini\u00e3o de Bolsonaro<\/h2>\n<p>Durante a manh\u00e3 desta ter\u00e7a-feira (26), o presidente Jair Bolsonaro afirmou que &#8220;h\u00e1 pr\u00f3s e contras&#8221; com a alta hist\u00f3rica do d\u00f3lar. &#8220;Se voc\u00ea for analisar na ponta da linha, tem vantagens, pr\u00f3s e contra no d\u00f3lar a R$ 4,21 como est\u00e1 agora&#8221;, disse o presidente \u00e0 imprensa.<\/p>\n<p>&#8220;Espero que caia (a cota\u00e7\u00e3o da moeda), tor\u00e7o, assim como tor\u00e7o para que caia a taxa Selic, tor\u00e7o para que aumente a nossa <a href=\"https:\/\/www.youtube.com\/channel\/UCWDeEIDAIi_oYKDiqwfGyRg\">credibilidade<\/a> junto ao mundo&#8221;, reiterou Bolsonaro com uma opini\u00e3o pr\u00f3xima a do presidente do <strong>Banco<\/strong> <strong>Central<\/strong>, em rela\u00e7\u00e3o ao c\u00e2mbio.<\/p>\n","protected":false},"excerpt":{"rendered":"<p>O Banco Central decidiu tomar provid\u00eancias ap\u00f3s o d\u00f3lar bater recordes nesta ter\u00e7a-feira (26). O BC anunciou leil\u00e3o extra para vender a moeda \u00e0 vista. A opera\u00e7\u00e3o aconteceu entre \u00e0s 11h03 e \u00e0s 11h08 e n\u00e3o foram divulgadas as quantidades ofertadas. No dia anterior, o d\u00f3lar encerrou em alta de 1,43%, a R$ 5,7630 De [&hellip;]<\/p>\n","protected":false},"author":19,"featured_media":28097,"comment_status":"closed","ping_status":"closed","sticky":false,"template":"","format":"standard","meta":[],"categories":[64],"tags":[1842,326],"suno_strategy":[],"class_list":["post-45789","post","type-post","status-publish","format-standard","has-post-thumbnail","hentry","category-negocios","tag-banco-central-bc","tag-dolar"],"yoast_head":"<!-- This site is optimized with the Yoast SEO plugin v24.4 - https:\/\/yoast.com\/wordpress\/plugins\/seo\/ -->\n<title>Banco Central interv\u00e9m ap\u00f3s d\u00f3lar bater recorde e ficar pr\u00f3ximo a R$ 4,27<\/title>\n<meta name=\"description\" content=\"O Banco Central anunciou leil\u00e3o extra para vender d\u00f3lares \u00e0 vista nesta ter\u00e7a-feira (26), ap\u00f3s a moeda bater recordes. Clique e saiba mais.\" \/>\n<meta name=\"robots\" content=\"index, follow, max-snippet:-1, max-image-preview:large, max-video-preview:-1\" \/>\n<link rel=\"canonical\" href=\"https:\/\/www.suno.com.br\/noticias\/banco-central-intervem-dolar-recorde\/\" \/>\n<meta property=\"og:locale\" content=\"pt_BR\" \/>\n<meta property=\"og:type\" content=\"article\" \/>\n<meta property=\"og:title\" content=\"Banco Central interv\u00e9m ap\u00f3s d\u00f3lar bater recorde e ficar pr\u00f3ximo a R$ 4,27\" \/>\n<meta property=\"og:description\" content=\"O Banco Central anunciou leil\u00e3o extra para vender d\u00f3lares \u00e0 vista nesta ter\u00e7a-feira (26), ap\u00f3s a moeda bater recordes. Clique e saiba mais.\" \/>\n<meta property=\"og:url\" content=\"https:\/\/www.suno.com.br\/noticias\/banco-central-intervem-dolar-recorde\/\" \/>\n<meta property=\"og:site_name\" content=\"Suno Not\u00edcias\" \/>\n<meta property=\"article:publisher\" content=\"https:\/\/facebook.com\/sunoresearch\" \/>\n<meta property=\"og:image\" content=\"https:\/\/files.sunoresearch.com.br\/n\/uploads\/2019\/06\/5da068bf-dolarr.jpg\" \/>\n\t<meta property=\"og:image:width\" content=\"640\" \/>\n\t<meta property=\"og:image:height\" content=\"370\" \/>\n\t<meta property=\"og:image:type\" content=\"image\/jpeg\" \/>\n<meta name=\"author\" content=\"Juliano Passaro\" \/>\n<meta name=\"twitter:card\" content=\"summary_large_image\" \/>\n<meta name=\"twitter:creator\" content=\"@sunoresearch\" \/>\n<meta name=\"twitter:site\" content=\"@sunoresearch\" \/>\n<meta name=\"twitter:label1\" content=\"Escrito por\" \/>\n\t<meta name=\"twitter:data1\" content=\"Juliano Passaro\" \/>\n\t<meta name=\"twitter:label2\" content=\"Est. tempo de leitura\" \/>\n\t<meta name=\"twitter:data2\" content=\"2 minutos\" \/>\n<script type=\"application\/ld+json\" class=\"yoast-schema-graph\">{\"@context\":\"https:\/\/schema.org\",\"@graph\":[{\"@type\":\"NewsArticle\",\"@id\":\"https:\/\/www.suno.com.br\/noticias\/banco-central-intervem-dolar-recorde\/#article\",\"isPartOf\":{\"@id\":\"https:\/\/www.suno.com.br\/noticias\/banco-central-intervem-dolar-recorde\/\"},\"author\":{\"name\":\"Juliano Passaro\",\"@id\":\"https:\/\/www.suno.com.br\/noticias\/#\/schema\/person\/1db762f78ffd8919a648a63e425953e3\"},\"headline\":\"Banco Central interv\u00e9m ap\u00f3s d\u00f3lar bater recorde e ficar pr\u00f3ximo a R$ 4,27\",\"datePublished\":\"2019-11-26T17:15:31+00:00\",\"dateModified\":\"2021-02-18T01:46:45+00:00\",\"mainEntityOfPage\":{\"@id\":\"https:\/\/www.suno.com.br\/noticias\/banco-central-intervem-dolar-recorde\/\"},\"wordCount\":398,\"publisher\":{\"@id\":\"https:\/\/www.suno.com.br\/noticias\/#organization\"},\"image\":{\"@id\":\"https:\/\/www.suno.com.br\/noticias\/banco-central-intervem-dolar-recorde\/#primaryimage\"},\"thumbnailUrl\":\"https:\/\/files.sunoresearch.com.br\/n\/uploads\/2019\/06\/5da068bf-dolarr-jpg.webp\",\"keywords\":[\"Banco Central (BC)\",\"d\u00f3lar\"],\"articleSection\":[\"Neg\u00f3cios\"],\"inLanguage\":\"pt-BR\"},{\"@type\":\"WebPage\",\"@id\":\"https:\/\/www.suno.com.br\/noticias\/banco-central-intervem-dolar-recorde\/\",\"url\":\"https:\/\/www.suno.com.br\/noticias\/banco-central-intervem-dolar-recorde\/\",\"name\":\"Banco Central interv\u00e9m ap\u00f3s d\u00f3lar bater recorde e ficar pr\u00f3ximo a R$ 4,27\",\"isPartOf\":{\"@id\":\"https:\/\/www.suno.com.br\/noticias\/#website\"},\"primaryImageOfPage\":{\"@id\":\"https:\/\/www.suno.com.br\/noticias\/banco-central-intervem-dolar-recorde\/#primaryimage\"},\"image\":{\"@id\":\"https:\/\/www.suno.com.br\/noticias\/banco-central-intervem-dolar-recorde\/#primaryimage\"},\"thumbnailUrl\":\"https:\/\/files.sunoresearch.com.br\/n\/uploads\/2019\/06\/5da068bf-dolarr-jpg.webp\",\"datePublished\":\"2019-11-26T17:15:31+00:00\",\"dateModified\":\"2021-02-18T01:46:45+00:00\",\"description\":\"O Banco Central anunciou leil\u00e3o extra para vender d\u00f3lares \u00e0 vista nesta ter\u00e7a-feira (26), ap\u00f3s a moeda bater recordes. Clique e saiba mais.\",\"breadcrumb\":{\"@id\":\"https:\/\/www.suno.com.br\/noticias\/banco-central-intervem-dolar-recorde\/#breadcrumb\"},\"inLanguage\":\"pt-BR\",\"potentialAction\":[{\"@type\":\"ReadAction\",\"target\":[\"https:\/\/www.suno.com.br\/noticias\/banco-central-intervem-dolar-recorde\/\"]}]},{\"@type\":\"ImageObject\",\"inLanguage\":\"pt-BR\",\"@id\":\"https:\/\/www.suno.com.br\/noticias\/banco-central-intervem-dolar-recorde\/#primaryimage\",\"url\":\"https:\/\/files.sunoresearch.com.br\/n\/uploads\/2019\/06\/5da068bf-dolarr-jpg.webp\",\"contentUrl\":\"https:\/\/files.sunoresearch.com.br\/n\/uploads\/2019\/06\/5da068bf-dolarr-jpg.webp\",\"width\":640,\"height\":370,\"caption\":\"No dia anterior, o d\u00f3lar encerrou em alta de 1,43%, a R$ 5,7630\"},{\"@type\":\"BreadcrumbList\",\"@id\":\"https:\/\/www.suno.com.br\/noticias\/banco-central-intervem-dolar-recorde\/#breadcrumb\",\"itemListElement\":[{\"@type\":\"ListItem\",\"position\":1,\"name\":\"Not\u00edcias\",\"item\":\"https:\/\/www.suno.com.br\/noticias\/\"},{\"@type\":\"ListItem\",\"position\":2,\"name\":\"Neg\u00f3cios\",\"item\":\"https:\/\/www.suno.com.br\/noticias\/negocios\/\"},{\"@type\":\"ListItem\",\"position\":3,\"name\":\"Banco Central interv\u00e9m ap\u00f3s d\u00f3lar bater recorde e ficar pr\u00f3ximo a R$ 4,27\"}]},{\"@type\":\"WebSite\",\"@id\":\"https:\/\/www.suno.com.br\/noticias\/#website\",\"url\":\"https:\/\/www.suno.com.br\/noticias\/\",\"name\":\"Suno Not\u00edcias\",\"description\":\"Seu portal de informa\u00e7\u00e3o sobre o mundo dos investimentos\",\"publisher\":{\"@id\":\"https:\/\/www.suno.com.br\/noticias\/#organization\"},\"potentialAction\":[{\"@type\":\"SearchAction\",\"target\":{\"@type\":\"EntryPoint\",\"urlTemplate\":\"https:\/\/www.suno.com.br\/noticias\/?s={search_term_string}\"},\"query-input\":{\"@type\":\"PropertyValueSpecification\",\"valueRequired\":true,\"valueName\":\"search_term_string\"}}],\"inLanguage\":\"pt-BR\"},{\"@type\":\"Organization\",\"@id\":\"https:\/\/www.suno.com.br\/noticias\/#organization\",\"name\":\"Suno Not\u00edcias\",\"url\":\"https:\/\/www.suno.com.br\/noticias\/\",\"logo\":{\"@type\":\"ImageObject\",\"inLanguage\":\"pt-BR\",\"@id\":\"https:\/\/www.suno.com.br\/noticias\/#\/schema\/logo\/image\/\",\"url\":\"https:\/\/files.sunoresearch.com.br\/n\/uploads\/2021\/09\/suno-logo.png\",\"contentUrl\":\"https:\/\/files.sunoresearch.com.br\/n\/uploads\/2021\/09\/suno-logo.png\",\"width\":180,\"height\":180,\"caption\":\"Suno Not\u00edcias\"},\"image\":{\"@id\":\"https:\/\/www.suno.com.br\/noticias\/#\/schema\/logo\/image\/\"},\"sameAs\":[\"https:\/\/facebook.com\/sunoresearch\",\"https:\/\/x.com\/sunoresearch\",\"https:\/\/www.instagram.com\/suno\",\"https:\/\/www.linkedin.com\/company\/suno-research\/\",\"https:\/\/www.youtube.com\/c\/sunoresearch\"]},{\"@type\":\"Person\",\"@id\":\"https:\/\/www.suno.com.br\/noticias\/#\/schema\/person\/1db762f78ffd8919a648a63e425953e3\",\"name\":\"Juliano Passaro\",\"image\":{\"@type\":\"ImageObject\",\"inLanguage\":\"pt-BR\",\"@id\":\"https:\/\/www.suno.com.br\/noticias\/#\/schema\/person\/image\/\",\"url\":\"https:\/\/secure.gravatar.com\/avatar\/743d4df28eebf6dcc46b4ad03c319e92?s=96&r=g\",\"contentUrl\":\"https:\/\/secure.gravatar.com\/avatar\/743d4df28eebf6dcc46b4ad03c319e92?s=96&r=g\",\"caption\":\"Juliano Passaro\"},\"description\":\"Juliano Passaro escreve sobre pol\u00edtica, economia e neg\u00f3cios para o portal da Suno Research. Antes da Suno, trabalhou no Portal da Band. \u00c9 formado em jornalismo pela Universidade Presbiteriana Mackenzie.\",\"url\":\"https:\/\/www.suno.com.br\/noticias\/author\/juliano\/\"}]}<\/script>\n<!-- \/ Yoast SEO plugin. -->","yoast_head_json":{"title":"Banco Central interv\u00e9m ap\u00f3s d\u00f3lar bater recorde e ficar pr\u00f3ximo a R$ 4,27","description":"O Banco Central anunciou leil\u00e3o extra para vender d\u00f3lares \u00e0 vista nesta ter\u00e7a-feira (26), ap\u00f3s a moeda bater recordes. Clique e saiba mais.","robots":{"index":"index","follow":"follow","max-snippet":"max-snippet:-1","max-image-preview":"max-image-preview:large","max-video-preview":"max-video-preview:-1"},"canonical":"https:\/\/www.suno.com.br\/noticias\/banco-central-intervem-dolar-recorde\/","og_locale":"pt_BR","og_type":"article","og_title":"Banco Central interv\u00e9m ap\u00f3s d\u00f3lar bater recorde e ficar pr\u00f3ximo a R$ 4,27","og_description":"O Banco Central anunciou leil\u00e3o extra para vender d\u00f3lares \u00e0 vista nesta ter\u00e7a-feira (26), ap\u00f3s a moeda bater recordes. Clique e saiba mais.","og_url":"https:\/\/www.suno.com.br\/noticias\/banco-central-intervem-dolar-recorde\/","og_site_name":"Suno Not\u00edcias","article_publisher":"https:\/\/facebook.com\/sunoresearch","og_image":[{"width":640,"height":370,"url":"https:\/\/files.sunoresearch.com.br\/n\/uploads\/2019\/06\/5da068bf-dolarr.jpg","type":"image\/jpeg"}],"author":"Juliano Passaro","twitter_card":"summary_large_image","twitter_creator":"@sunoresearch","twitter_site":"@sunoresearch","twitter_misc":{"Escrito por":"Juliano Passaro","Est. tempo de leitura":"2 minutos"},"schema":{"@context":"https:\/\/schema.org","@graph":[{"@type":"NewsArticle","@id":"https:\/\/www.suno.com.br\/noticias\/banco-central-intervem-dolar-recorde\/#article","isPartOf":{"@id":"https:\/\/www.suno.com.br\/noticias\/banco-central-intervem-dolar-recorde\/"},"author":{"name":"Juliano Passaro","@id":"https:\/\/www.suno.com.br\/noticias\/#\/schema\/person\/1db762f78ffd8919a648a63e425953e3"},"headline":"Banco Central interv\u00e9m ap\u00f3s d\u00f3lar bater recorde e ficar pr\u00f3ximo a R$ 4,27","datePublished":"2019-11-26T17:15:31+00:00","dateModified":"2021-02-18T01:46:45+00:00","mainEntityOfPage":{"@id":"https:\/\/www.suno.com.br\/noticias\/banco-central-intervem-dolar-recorde\/"},"wordCount":398,"publisher":{"@id":"https:\/\/www.suno.com.br\/noticias\/#organization"},"image":{"@id":"https:\/\/www.suno.com.br\/noticias\/banco-central-intervem-dolar-recorde\/#primaryimage"},"thumbnailUrl":"https:\/\/files.sunoresearch.com.br\/n\/uploads\/2019\/06\/5da068bf-dolarr-jpg.webp","keywords":["Banco Central (BC)","d\u00f3lar"],"articleSection":["Neg\u00f3cios"],"inLanguage":"pt-BR"},{"@type":"WebPage","@id":"https:\/\/www.suno.com.br\/noticias\/banco-central-intervem-dolar-recorde\/","url":"https:\/\/www.suno.com.br\/noticias\/banco-central-intervem-dolar-recorde\/","name":"Banco Central interv\u00e9m ap\u00f3s d\u00f3lar bater recorde e ficar pr\u00f3ximo a R$ 4,27","isPartOf":{"@id":"https:\/\/www.suno.com.br\/noticias\/#website"},"primaryImageOfPage":{"@id":"https:\/\/www.suno.com.br\/noticias\/banco-central-intervem-dolar-recorde\/#primaryimage"},"image":{"@id":"https:\/\/www.suno.com.br\/noticias\/banco-central-intervem-dolar-recorde\/#primaryimage"},"thumbnailUrl":"https:\/\/files.sunoresearch.com.br\/n\/uploads\/2019\/06\/5da068bf-dolarr-jpg.webp","datePublished":"2019-11-26T17:15:31+00:00","dateModified":"2021-02-18T01:46:45+00:00","description":"O Banco Central anunciou leil\u00e3o extra para vender d\u00f3lares \u00e0 vista nesta ter\u00e7a-feira (26), ap\u00f3s a moeda bater recordes. Clique e saiba mais.","breadcrumb":{"@id":"https:\/\/www.suno.com.br\/noticias\/banco-central-intervem-dolar-recorde\/#breadcrumb"},"inLanguage":"pt-BR","potentialAction":[{"@type":"ReadAction","target":["https:\/\/www.suno.com.br\/noticias\/banco-central-intervem-dolar-recorde\/"]}]},{"@type":"ImageObject","inLanguage":"pt-BR","@id":"https:\/\/www.suno.com.br\/noticias\/banco-central-intervem-dolar-recorde\/#primaryimage","url":"https:\/\/files.sunoresearch.com.br\/n\/uploads\/2019\/06\/5da068bf-dolarr-jpg.webp","contentUrl":"https:\/\/files.sunoresearch.com.br\/n\/uploads\/2019\/06\/5da068bf-dolarr-jpg.webp","width":640,"height":370,"caption":"No dia anterior, o d\u00f3lar encerrou em alta de 1,43%, a R$ 5,7630"},{"@type":"BreadcrumbList","@id":"https:\/\/www.suno.com.br\/noticias\/banco-central-intervem-dolar-recorde\/#breadcrumb","itemListElement":[{"@type":"ListItem","position":1,"name":"Not\u00edcias","item":"https:\/\/www.suno.com.br\/noticias\/"},{"@type":"ListItem","position":2,"name":"Neg\u00f3cios","item":"https:\/\/www.suno.com.br\/noticias\/negocios\/"},{"@type":"ListItem","position":3,"name":"Banco Central interv\u00e9m ap\u00f3s d\u00f3lar bater recorde e ficar pr\u00f3ximo a R$ 4,27"}]},{"@type":"WebSite","@id":"https:\/\/www.suno.com.br\/noticias\/#website","url":"https:\/\/www.suno.com.br\/noticias\/","name":"Suno Not\u00edcias","description":"Seu portal de informa\u00e7\u00e3o sobre o mundo dos investimentos","publisher":{"@id":"https:\/\/www.suno.com.br\/noticias\/#organization"},"potentialAction":[{"@type":"SearchAction","target":{"@type":"EntryPoint","urlTemplate":"https:\/\/www.suno.com.br\/noticias\/?s={search_term_string}"},"query-input":{"@type":"PropertyValueSpecification","valueRequired":true,"valueName":"search_term_string"}}],"inLanguage":"pt-BR"},{"@type":"Organization","@id":"https:\/\/www.suno.com.br\/noticias\/#organization","name":"Suno Not\u00edcias","url":"https:\/\/www.suno.com.br\/noticias\/","logo":{"@type":"ImageObject","inLanguage":"pt-BR","@id":"https:\/\/www.suno.com.br\/noticias\/#\/schema\/logo\/image\/","url":"https:\/\/files.sunoresearch.com.br\/n\/uploads\/2021\/09\/suno-logo.png","contentUrl":"https:\/\/files.sunoresearch.com.br\/n\/uploads\/2021\/09\/suno-logo.png","width":180,"height":180,"caption":"Suno Not\u00edcias"},"image":{"@id":"https:\/\/www.suno.com.br\/noticias\/#\/schema\/logo\/image\/"},"sameAs":["https:\/\/facebook.com\/sunoresearch","https:\/\/x.com\/sunoresearch","https:\/\/www.instagram.com\/suno","https:\/\/www.linkedin.com\/company\/suno-research\/","https:\/\/www.youtube.com\/c\/sunoresearch"]},{"@type":"Person","@id":"https:\/\/www.suno.com.br\/noticias\/#\/schema\/person\/1db762f78ffd8919a648a63e425953e3","name":"Juliano Passaro","image":{"@type":"ImageObject","inLanguage":"pt-BR","@id":"https:\/\/www.suno.com.br\/noticias\/#\/schema\/person\/image\/","url":"https:\/\/secure.gravatar.com\/avatar\/743d4df28eebf6dcc46b4ad03c319e92?s=96&r=g","contentUrl":"https:\/\/secure.gravatar.com\/avatar\/743d4df28eebf6dcc46b4ad03c319e92?s=96&r=g","caption":"Juliano Passaro"},"description":"Juliano Passaro escreve sobre pol\u00edtica, economia e neg\u00f3cios para o portal da Suno Research. Antes da Suno, trabalhou no Portal da Band. \u00c9 formado em jornalismo pela Universidade Presbiteriana Mackenzie.","url":"https:\/\/www.suno.com.br\/noticias\/author\/juliano\/"}]}},"default_loop_html":"<div class=\"cardsPage__listCard__boxs\"><div class=\"cardsPage__listCard__boxs__img\"><a href=\"https:\/\/www.suno.com.br\/noticias\/banco-central-intervem-dolar-recorde\/\"><img class=\"mask\" src=\"https:\/\/www.suno.com.br\/noticias\/wp-content\/themes\/suno\/resources\/images\/spotlight\/spotlight1img\/bg-mask.png\" alt=\"Image Mask\"\/><img src=\"https:\/\/files.sunoresearch.com.br\/n\/uploads\/2019\/06\/5da068bf-dolarr-400x200.webp\" alt=\"Banco Central interv\u00e9m ap\u00f3s d\u00f3lar bater recorde e ficar pr\u00f3ximo a R$ 4,27\"\/><\/a><span class=\"spotlightCategory\"><a href=\"https:\/\/www.suno.com.br\/noticias\/negocios\/\">Neg\u00f3cios<\/a><\/span><\/div><div class=\"cardsPage__listCard__boxs__content\"><a href=\"https:\/\/www.suno.com.br\/noticias\/banco-central-intervem-dolar-recorde\/\"><h2 class=\"content__title\">Banco Central interv\u00e9m ap\u00f3s d\u00f3lar bater recorde e ficar pr\u00f3ximo a R$ 4,27<\/h2><\/a><div class=\"newsContent__article__meta\"><div class=\"newsContent__article__meta__authorBox\"><a href=\"https:\/\/www.suno.com.br\/noticias\/author\/juliano\/\" class=\"authorBox__avatar noMobi\"><img src=\"https:\/\/files.sunoresearch.com.br\/n\/uploads\/2019\/06\/7cc3efea-whatsapp-image-2019-07-18-at-21.59.33-e1563499821209-150x150.webp\" alt=\"Juliano Passaro\"><\/a><div class=\"authorBox__name\"><span>por\n\t\t\t<a href=\"https:\/\/www.suno.com.br\/noticias\/author\/juliano\/\"><span itemprop=\"author\">Juliano Passaro<\/span><\/a><\/span><time datetime=\"2019-11-26T15:15:31-03:00\" itemprop=\"datePublished\">26\/11\/2019 15:15<\/time><\/div><\/div><\/div><\/div><\/div>","single_layout":"posts","amp_enabled":true,"_links":{"self":[{"href":"https:\/\/www.suno.com.br\/noticias\/wp-json\/wp\/v2\/posts\/45789"}],"collection":[{"href":"https:\/\/www.suno.com.br\/noticias\/wp-json\/wp\/v2\/posts"}],"about":[{"href":"https:\/\/www.suno.com.br\/noticias\/wp-json\/wp\/v2\/types\/post"}],"author":[{"embeddable":true,"href":"https:\/\/www.suno.com.br\/noticias\/wp-json\/wp\/v2\/users\/19"}],"replies":[{"embeddable":true,"href":"https:\/\/www.suno.com.br\/noticias\/wp-json\/wp\/v2\/comments?post=45789"}],"version-history":[{"count":0,"href":"https:\/\/www.suno.com.br\/noticias\/wp-json\/wp\/v2\/posts\/45789\/revisions"}],"wp:featuredmedia":[{"embeddable":true,"href":"https:\/\/www.suno.com.br\/noticias\/wp-json\/wp\/v2\/media\/28097"}],"wp:attachment":[{"href":"https:\/\/www.suno.com.br\/noticias\/wp-json\/wp\/v2\/media?parent=45789"}],"wp:term":[{"taxonomy":"category","embeddable":true,"href":"https:\/\/www.suno.com.br\/noticias\/wp-json\/wp\/v2\/categories?post=45789"},{"taxonomy":"post_tag","embeddable":true,"href":"https:\/\/www.suno.com.br\/noticias\/wp-json\/wp\/v2\/tags?post=45789"},{"taxonomy":"suno_strategy","embeddable":true,"href":"https:\/\/www.suno.com.br\/noticias\/wp-json\/wp\/v2\/suno_strategy?post=45789"}],"curies":[{"name":"wp","href":"https:\/\/api.w.org\/{rel}","templated":true}]}}