{"id":457461,"date":"2023-09-17T20:11:10","date_gmt":"2023-09-17T23:11:10","guid":{"rendered":"https:\/\/www.suno.com.br\/noticias\/?p=457461"},"modified":"2023-09-17T20:16:48","modified_gmt":"2023-09-17T23:16:48","slug":"agenda-semana-fed-copom-selic-previa-pib","status":"publish","type":"post","link":"https:\/\/www.suno.com.br\/noticias\/agenda-semana-fed-copom-selic-previa-pib\/","title":{"rendered":"Agenda da semana ter\u00e1 Super Quarta, com decis\u00f5es do Copom e Fed; pr\u00e9via do PIB sai na segunda (18)"},"content":{"rendered":"<p>O mercado aguarda a <strong>agenda da semana<\/strong> com ansiedade. O dia mais esperado \u00e9 a Super Quarta (20) &#8211; com o an\u00fancio das taxas de juros pelos bancos centrais dos Estados Unidos e do Brasil.<\/p>\t<div class=\"wrapper-featured-image\">\n\t\t<figure class=\"spotlightImg\">\n\n\t\t\t<picture>\n\t\t\t\t<source media=\"(max-width: 768px)\" srcset=\"https:\/\/files.sunoresearch.com.br\/n\/uploads\/2023\/05\/cotacoes-sobe-400x200.jpg\">\n\t\t\t\t<img loading=\"lazy\" decoding=\"async\" class=\"newsContent__article__imgCapa lazyloadDisabled \" src=\"https:\/\/files.sunoresearch.com.br\/n\/uploads\/2023\/05\/cotacoes-sobe-800x450.jpg\" width=\"800\" height=\"450\" alt=\"Agenda da semana ter\u00e1 Super Quarta, com decis\u00f5es do Copom e Fed; pr\u00e9via do PIB sai na segunda (18)\" fetchpriority=high \/>\n\t\t\t<\/picture>\n\n\t\t\t<figcaption class=\"wp-caption-text wp-caption-text--show\">SNAG11: Fiagro paga novos dividendos com retorno de 1,2%. Foto: iStock<\/figcaption>\n\t\t<\/figure>\n\t<\/div>\n\n\n\n\n\n\t<p>\n\t\t<a href=\"\" target=\"_blank\" data-element=\"shortcode-suno-banner\" title=\"Banner SUNO, clique e saiba mais\">\n\t\t\t<picture>\n\t\t\t\t<source media=\"(max-width: 500px)\" srcset=\"\">\n\t\t\t\t<img class=\"newsContent__article__imgCapa newsContent__article__imgCapa--banner\"\n\t\t\t\t\tsrc=\"\"\n\t\t\t\t\tdata-promo-id=\"240038\"\t\t\t\t\t\t\t\t\t\t\t\t\t\t\talt=\"\"\n\t\t\t\t>\n\t\t\t<\/picture>\n\t\t<\/a>\n\t<\/p>\n\n\n\n\n\n<p>No mercado dom\u00e9stico, investidores estar\u00e3o de olho nas reuni\u00f5es do Comit\u00ea de <a class=\"suno-keyword\" data-force=\"no\" data-priority=\"1\" href=\"https:\/\/www.suno.com.br\/artigos\/politica-monetaria\/\" target=\"_blank\" rel=\"noopener\">Pol\u00edtica Monet\u00e1ria<\/a> do <strong>Banco Central (BC)<\/strong> na ter\u00e7a (19) e quarta que v\u00e3o definir a nova <strong>taxa Selic<\/strong>. <\/p>\n\n\n\n<p>O <strong>Copom<\/strong> vai confirmar se corta mais uma vez os juros em 0,5 ponto percentual &#8211; estimativa que prevalece no mercado, embora economistas e analistas divirjam sobre a magnitude da redu\u00e7\u00e3o da Selic, hoje em 13,25% ao ano. Parte dos <a class=\"suno-keyword\" data-force=\"no\" data-priority=\"1\" href=\"https:\/\/www.suno.com.br\/artigos\/agentes-do-mercado\/\" target=\"_blank\" rel=\"noopener\">agentes do mercado<\/a> espera por uma redu\u00e7\u00e3o at\u00e9 maior (0,75 pp) ou menor (0,25pp).<\/p>\n\n\n\n<p>Na mesma quarta o Fed anuncia se mant\u00e9m ou n\u00e3o os juros entre 5% e 5,25% ao ano. O mercado projeta, em consenso, a manuten\u00e7\u00e3o desse patamar. Parte dos analistas preveem que a mudan\u00e7a nos <a class=\"suno-keyword\" target=\"_blank\" data-force=\"no\" data-priority=\"1\" href=\"https:\/\/www.suno.com.br\/artigos\/fed-funds\/\" rel=\"noopener\">Fed Funds<\/a> se dar\u00e1 mesmo na reuni\u00e3o de novembro &#8211; quando, dizem eles, a faixa subir\u00e1 para 5,50% e 5,75% ao ano. A <strong>divulga\u00e7\u00e3o do Fed<\/strong> sai \u00e0s 15h, hor\u00e1rio de Bras\u00edlia, e meia hora depois o presidente do banco central dos EUA Jerome Powell falar\u00e1 \u00e0 imprensa sobre os rumos da <a class=\"suno-keyword\" target=\"_blank\" data-force=\"no\" data-priority=\"1\" href=\"https:\/\/www.suno.com.br\/artigos\/politica-monetaria\/\" rel=\"noopener\">pol\u00edtica monet\u00e1ria<\/a> do pa\u00eds.<\/p>\n\n\n\n\n\n<h2 class=\"wp-block-heading\">Pr\u00e9via do PIB do Brasil e dados da Europa<\/h2>\n\n\n\n<p>Na agenda do Brasil, estar\u00e1 tamb\u00e9m no radar a pr\u00e9via do Produto Interno Bruto. O IBC-Br, indicador considerado a pr\u00e9via do PIB do pa\u00eds, tem uma proje\u00e7\u00e3o predominante no mercado &#8211; a de que o \u00edndice mostrar\u00e1 avan\u00e7o t\u00edmido de 0,2%.<\/p>\n\n\n\n<p>O&nbsp;<strong><a href=\"https:\/\/www.suno.com.br\/noticias\/pib-avanca-09-segundo-trimestre-2023-cpf\/#:~:text=O%20Produto%20Interno%20Bruto%20(PIB,no%20trimestre%20(at%C3%A9%20junho).\">Produto Interno Bruto (PIB)<\/a><\/strong>, divulgado em 1\u00ba de setembro,<strong>&nbsp;<\/strong>registrou um crescimento de 0,9% no segundo semestre em compara\u00e7\u00e3o com o primeiro tri de 2023. Ao todo, os bens e servi\u00e7os finais produzidos no Brasil somaram R$ 2,651 trilh\u00f5es em valores correntes no trimestre (at\u00e9 junho). Os dados foram calculados pelo&nbsp;<a href=\"https:\/\/www.suno.com.br\/artigos\/sistema-de-contas-nacionais\/\" target=\"_blank\" rel=\"noreferrer noopener\">Sistema de Contas Nacionais<\/a>&nbsp;Trimestrais e divulgados nesta sexta-feira (1\u00ba) pelo Instituto Brasileiro de Geografia e Estat\u00edstica (IBGE).   <\/p>\n\n\n\n<p>O exterior ter\u00e1 nesta semana a divulga\u00e7\u00e3o de mais dois indicadores no foco do mercado: os dados de pre\u00e7os ao consumidor da <a class=\"suno-keyword\" data-force=\"no\" data-priority=\"1\" href=\"https:\/\/www.suno.com.br\/artigos\/zona-do-euro\/\" target=\"_blank\" rel=\"noopener\">Zona do Euro<\/a>, que sair\u00e3o na ter\u00e7a &#8211; com estimativa de avan\u00e7o de 0,3% em agosto. Alemanha e Reino Unido tamb\u00e9m divulgar\u00e3o <strong>dados de infla\u00e7\u00e3o<\/strong>.<\/p>\n\n\n\n<p>No \u00faltimo dia 14 o <a class=\"suno-keyword\" target=\"_blank\" data-force=\"no\" data-priority=\"1\" href=\"https:\/\/www.suno.com.br\/artigos\/bce\/\" rel=\"noopener\">Banco Central Europeu (BCE)<\/a>, subiu os juros em 0,25 ponto percentual, para a faixa entre 4,25% e 4,50%.. V\u00e1rios dirigentes do <a class=\"suno-keyword\" target=\"_blank\" data-force=\"no\" data-priority=\"1\" href=\"https:\/\/www.suno.com.br\/artigos\/bce\/\" rel=\"noopener\">Banco Central Europeu (BCE)<\/a> vieram a p\u00fablico nesta sexta-feira, 15, a fim de deixar claro que n\u00e3o est\u00e3o descartadas novas eleva\u00e7\u00f5es dos juros pela institui\u00e7\u00e3o. Um dia ap\u00f3s o BCE aumentou os juros, mas seu comunicado ser interpretado por boa parte do mercado como um sinaliza\u00e7\u00e3o de que este seria o ponto final no ciclo de aperto, a comunica\u00e7\u00e3o do BC refor\u00e7a que pode haver ainda mais altas nos juros, a depender do quadro na infla\u00e7\u00e3o da <a class=\"suno-keyword\" target=\"_blank\" data-force=\"no\" data-priority=\"1\" href=\"https:\/\/www.suno.com.br\/artigos\/zona-do-euro\/\" rel=\"noopener\">zona do euro<\/a>. Por isso o mercado est\u00e1 de olho nos n\u00fameros da infla\u00e7\u00e3o.<\/p>\n\n\n\n<p>A pr\u00f3pria presidente do BCE, <a class=\"suno-keyword\" target=\"_blank\" data-force=\"no\" data-priority=\"2\" href=\"https:\/\/www.suno.com.br\/tudo-sobre\/christine-lagarde\/\" rel=\"noopener\">Christine Lagarde<\/a>, enfatizou a possibilidade de mais aperto durante sua entrevista coletiva da quinta-feira ap\u00f3s a decis\u00e3o. Nesta sexta, ela afirmou a rep\u00f3rteres que os dirigentes n\u00e3o est\u00e3o discutindo agora cortes nos juros, e notou que eles devem seguir em n\u00edveis elevados por per\u00edodos &#8220;significativamente importantes&#8221;, sem precisar datas.<\/p>\n\n\n\n<p>Vice do BCE, Luis de Guindos disse que n\u00e3o h\u00e1 meta para quando os juros come\u00e7ar\u00e3o a cair e minimizou a postura atual dos mercados como &#8220;uma aposta&#8221;, que &#8220;pode estar certa ou errada&#8221;, al\u00e9m de voltar a defender a necessidade de elevar os juros, na quinta inclusive, para garantir que o quadro inflacion\u00e1rio seja controlado.<\/p>\n\n\n\n<p>Entre dirigentes, Martins Kazaks defendeu o n\u00edvel atual dos juros e n\u00e3o descartou mais eleva\u00e7\u00f5es. Segundo ele, a zona do euro deve atingir a <a class=\"suno-keyword\" target=\"_blank\" data-force=\"no\" data-priority=\"1\" href=\"https:\/\/www.suno.com.br\/artigos\/meta-de-inflacao\/\" rel=\"noopener\">meta de infla\u00e7\u00e3o<\/a> ao consumidor em 2% no segundo semestre de 2025.<\/p>\n\n\n\t<p>\n\t\t<a href=\"https:\/\/lp.suno.com.br\/ebook-gratuito-investindo-no-exterior\/\" target=\"_blank\" data-element=\"shortcode-suno-banner\" title=\"Banner SUNO, clique e saiba mais\">\n\t\t\t<picture>\n\t\t\t\t<source media=\"(max-width: 500px)\" srcset=\"https:\/\/files.sunoresearch.com.br\/n\/uploads\/2023\/03\/400x300-Investindo-no-exterior.png\">\n\t\t\t\t<img class=\"newsContent__article__imgCapa newsContent__article__imgCapa--banner\"\n\t\t\t\t\tsrc=\"https:\/\/files.sunoresearch.com.br\/n\/uploads\/2023\/03\/1420x240-Investindo-no-exterior.png\"\n\t\t\t\t\tdata-promo-id=\"383161\"\t\t\t\t\t\t\t\t\t\twidth='1420' height='240'\t\t\t\t\talt=\"https:\/\/files.sunoresearch.com.br\/n\/uploads\/2023\/03\/1420x240-Investindo-no-exterior.png\"\n\t\t\t\t>\n\t\t\t<\/picture>\n\t\t<\/a>\n\t<\/p>\n\n\n\n\n\n<h2 class=\"wp-block-heading\">Veja a agenda da semana<\/h2>\n\n\n\n<ul class=\"wp-block-list\">\n<li>Segunda-feira (18): \u00e0s 8h, sai o \u00edndice IGP-10 (\u00cdndice Geral de Pre\u00e7os), divulgado pelo Instituto Brasileiro de Economia (FGV IBRE)<\/li>\n\n\n\n<li>Segunda (18), \u00e0s 8h25: divulga\u00e7\u00e3o do <strong>Boletim Focus<\/strong> com novas proje\u00e7\u00f5es da taxa\u00a0<strong>Selic<\/strong>, PIB\u00a0e infla\u00e7\u00e3o medida pelo\u00a0<strong>IPCA<\/strong>;<\/li>\n\n\n\n<li>Segunda (18), \u00e0s 9h, sai o \u00edndice de atividade IBC-Br anual e mensal<\/li>\n\n\n\n<li>Ter\u00e7a (19): \u00e0s 5h, sai o \u00edndice de pre\u00e7os ao consumidor da zona do euro<\/li>\n\n\n\n<li>Quarta (20): \u00e0s 3h, \u00edndice de pre\u00e7os ao consumidor do Reino Unido<\/li>\n\n\n\n<li>Quarta (20): \u00e0s 3h, \u00edndicde de pre\u00e7os ao consumidor da Alemanha<\/li>\n\n\n\n<li>Quarta (20): \u00e0s 15h, decis\u00e3o do Fed sobre taxas de juros<\/li>\n\n\n\n<li>Quarta (20): \u00e0s 18h30, decis\u00e3o do Copom sobre a taxa Selic<\/li>\n\n\n\n<li>Quinta (21): \u00e0s 9h30: payroll, dados semanais, EUA<\/li>\n\n\n\n<li>Sexta (22): \u00e0s 3h, vendas no varejo, \u00edndice mensal, no Reino Unido<\/li>\n<\/ul>\n\n\n\n\t<div data-element=\"shortcode-read-more\" class=\"readToo\">\n\t\t\t\t<span class=\"readToo__title\">Leia mais<\/span>\n\t\t\t\t<ul class=\"readToo__list\">\n\t\t\t<li><a href=\"https:\/\/www.suno.com.br\/noticias\/selic-acoes-baratas-juros-ibovespa-acelerar-mal\/\">Bolsa e Selic: a\u00e7\u00f5es baratas e queda dos juros devem impulsionar mercado no curto prazo, dizem analistas<\/a><\/li><li><a href=\"https:\/\/www.suno.com.br\/noticias\/taxa-juros-eua-estados-unidos-baixas-acabou-jvj\/\">EUA: por que a era das taxas de juros historicamente baixas pode ter acabado?<\/a><\/li><li><a href=\"https:\/\/www.suno.com.br\/noticias\/ata-do-copom-analistas-selic-juros-evm\/\">Ata do Copom: o que esperar da Selic para o fim de 2023?<\/a><\/li>\t\t<\/ul>\n\t<\/div>\n\n\n\n\n<h2 class=\"wp-block-heading\">Chance de Fed aumentar juros at\u00e9 novembro volta a ser majorit\u00e1ria ap\u00f3s dados nos EUA, diz CME<\/h2>\n\n\n\n<p>Ap\u00f3s a divulga\u00e7\u00e3o de dados de <a href=\"https:\/\/www.suno.com.br\/artigos\/mercado-de-trabalho\/\" target=\"_blank\" rel=\"noreferrer noopener\">mercado de trabalho<\/a> dos Estados Unidos na primeira semana de setembro, a curva voltou a precificar de forma majorit\u00e1ria pelo menos mais um aumento de <strong>juros <\/strong>do Federal Reserve (Fed, o banco central norte-americano) &#8211; mas em novembro, conforme aponta plataforma de monitoramento do CME Group.<\/p>\n\n\n\n<p>A ferramenta mostrava 48,7% de chance de que a taxa b\u00e1sica esteja no n\u00edvel atual (entre 5,25% e 5,50%) at\u00e9 novembro, comparado com 52,9% na quarta-feira.<\/p>\n\n\n\n<p>J\u00e1 o risco de uma eleva\u00e7\u00e3o de 25 pontos-base cresceu de 43,7% para 47,2%, enquanto o de um alta de 50 pontos-base avan\u00e7ou de 3,4% para 4,2%.<\/p>\n\n\n\n<p>O reajuste nas expectativas acontece ap\u00f3s o Departamento do Trabalho dos EUA informar uma inesperada queda nos pedidos de aux\u00edlio-desemprego no pa\u00eds na semana passada. J\u00e1 os custos da m\u00e3o de obra foram revisados para cima.<\/p>\n\n\n\n<p>Apesar disso, para a pr\u00f3xima reuni\u00e3o monet\u00e1ria do Fed, em 20 de setembro, a plataforma do CME Group ainda aponta 98% de probabilidade de manuten\u00e7\u00e3o de <strong>juros <\/strong>e 2% de eleva\u00e7\u00e3o de 0,25 ponto porcentual.<\/p>\n\n\n\n<h2 class=\"wp-block-heading\">Copom na agenda da semana: BC deve reduzir Selic em 0,5 ponto porcentual, projeta banco brit\u00e2nico<\/h2>\n\n\n\n<p>O Comit\u00ea de&nbsp;<a href=\"https:\/\/www.suno.com.br\/artigos\/politica-monetaria\/\" target=\"_blank\" rel=\"noreferrer noopener\">Pol\u00edtica Monet\u00e1ria<\/a>&nbsp;(<strong>Copom<\/strong>) deve seguir o plano de voo divulgado na sua \u00faltima reuni\u00e3o e reduzir a taxa Selic de 13,25% para 12,75% na quarta-feira (20), afirma o Barclays. O banco brit\u00e2nico espera manuten\u00e7\u00e3o do ritmo de quedas em 0,5 ponto porcentual por reuni\u00e3o, mas reconhece que uma acelera\u00e7\u00e3o \u00e9 poss\u00edvel.<\/p>\n\n\n\n<p>\u201cEsperamos que o Copom&nbsp;<strong>corte a Seli<\/strong>c em passos de 0,5 ponto porcentual no futuro pr\u00f3ximo, mas n\u00e3o podemos descartar a possibilidade de cortes maiores mais adiante no ciclo, \u00e0 medida que o horizonte relevante da&nbsp;<strong>pol\u00edtica monet\u00e1ria<\/strong>&nbsp;gradualmente muda para 2025\u2033, afirma o economista para Brasil do Barclays, Roberto Secemski, em relat\u00f3rio.<\/p>\n\n\n\n<p>Na semana que vem, o analista espera poucas mudan\u00e7as no&nbsp;<strong>comunicado do Copom<\/strong>. Secemski destaca que, desde a \u00faltima decis\u00e3o de pol\u00edtica monet\u00e1ria, em agosto, as&nbsp;<strong>expectativas de IPCA<\/strong>&nbsp;de&nbsp;<a target=\"_blank\" href=\"https:\/\/www.suno.com.br\/artigos\/longo-prazo\/\" rel=\"noreferrer noopener\">longo prazo<\/a>&nbsp;continuaram em 3,5% \u2013 0,5 ponto porcentual acima do centro da meta, de 3% -, o PIB do segundo trimestre cresceu mais do que o esperado e a infla\u00e7\u00e3o de servi\u00e7os n\u00e3o desacelerou substancialmente.<\/p>\n\n\n\n<p>O Barclays espera redu\u00e7\u00e3o da taxa Selic a 11,75% no fim de 2023 e a 9,5% no t\u00e9rmino do ciclo de cortes, que deve ocorrer em meados de 2024.<\/p>\n\n\n\n<h2 class=\"wp-block-heading\">Goldman Sachs: Copom deve cortar Selic em 0,5 p.p. e sinalizar manuten\u00e7\u00e3o do ritmo<\/h2>\n\n\n\n<p>O Copom deve reduzir a&nbsp;<strong>taxa Selic<\/strong>&nbsp;em 0,5 ponto porcentual na pr\u00f3xima quarta-feira, segundo o Goldman Sachs. Para o banco americano, o colegiado deve sinalizar que manter\u00e1 esse ritmo de cortes ao menos na reuni\u00e3o seguinte, em 1\u00ba de novembro.<\/p>\n\n\n\n<p>\u201cEsperamos que o Copom mantenha uma barra relativamente alta para acelerar o ritmo de cortes no curt\u00edssimo prazo\u201d, afirma o diretor de pesquisa macroecon\u00f4mica para Am\u00e9rica Latina do Goldman Sachs, Alberto Ramos sobre o evento mais aguardado da <strong>agenda da semana<\/strong> no Brasil.<\/p>\n\n\n\n<p><em>Com Estad\u00e3o Conte\u00fado<\/em><\/p>\n\n\n\t<p>\n\t\t<a href=\"https:\/\/lp.suno.com.br\/planilha-da-vida-financeira\/\" target=\"_blank\" data-element=\"shortcode-suno-banner\" title=\"Banner SUNO, clique e saiba mais\">\n\t\t\t<picture>\n\t\t\t\t<source media=\"(max-width: 500px)\" srcset=\"https:\/\/files.sunoresearch.com.br\/n\/uploads\/2023\/04\/400x300-Planilha-vida-financeira-true.png\">\n\t\t\t\t<img class=\"newsContent__article__imgCapa newsContent__article__imgCapa--banner\"\n\t\t\t\t\tsrc=\"https:\/\/files.sunoresearch.com.br\/n\/uploads\/2023\/04\/1420x240-Planilha-vida-financeira-true.png\"\n\t\t\t\t\tdata-promo-id=\"383123\"\t\t\t\t\t\t\t\t\t\twidth='1420' height='240'\t\t\t\t\talt=\"https:\/\/files.sunoresearch.com.br\/n\/uploads\/2023\/04\/1420x240-Planilha-vida-financeira-true.png\"\n\t\t\t\t>\n\t\t\t<\/picture>\n\t\t<\/a>\n\t<\/p>\n\n\n","protected":false},"excerpt":{"rendered":"<p>O mercado aguarda a agenda da semana com ansiedade. O dia mais esperado \u00e9 a Super Quarta (20) &#8211; com o an\u00fancio das taxas de juros pelos bancos centrais dos Estados Unidos e do Brasil. SNAG11: Fiagro paga novos dividendos com retorno de 1,2%. Foto: iStock No mercado dom\u00e9stico, investidores estar\u00e3o de olho nas reuni\u00f5es [&hellip;]<\/p>\n","protected":false},"author":98,"featured_media":408630,"comment_status":"closed","ping_status":"closed","sticky":false,"template":"","format":"standard","meta":[],"categories":[64],"tags":[1842,1104,776,1899,290,991],"suno_strategy":[],"class_list":["post-457461","post","type-post","status-publish","format-standard","has-post-thumbnail","hentry","category-negocios","tag-banco-central-bc","tag-copom","tag-federal-reseve-fed","tag-jerome-powell","tag-taxa-selic","tag-zona-do-euro"],"yoast_head":"<!-- This site is optimized with the Yoast SEO plugin v24.4 - https:\/\/yoast.com\/wordpress\/plugins\/seo\/ -->\n<title>Agenda da semana ter\u00e1 Super Quarta, com Copom e Fed<\/title>\n<meta name=\"description\" content=\"O mercado aguarda a agenda da semana: o dia mais esperado \u00e9 a Super Quarta (20) - com o an\u00fancio das taxas de juros nos EUA e Brasil.\" \/>\n<meta name=\"robots\" content=\"index, follow, max-snippet:-1, max-image-preview:large, max-video-preview:-1\" \/>\n<link rel=\"canonical\" href=\"https:\/\/www.suno.com.br\/noticias\/agenda-semana-fed-copom-selic-previa-pib\/\" \/>\n<meta property=\"og:locale\" content=\"pt_BR\" \/>\n<meta property=\"og:type\" content=\"article\" \/>\n<meta property=\"og:title\" content=\"Agenda da semana ter\u00e1 Super Quarta, com Copom e Fed\" \/>\n<meta property=\"og:description\" content=\"O mercado aguarda a agenda da semana: o dia mais esperado \u00e9 a Super Quarta (20) - com o an\u00fancio das taxas de juros nos EUA e Brasil.\" \/>\n<meta property=\"og:url\" content=\"https:\/\/www.suno.com.br\/noticias\/agenda-semana-fed-copom-selic-previa-pib\/\" \/>\n<meta property=\"og:site_name\" content=\"Suno Not\u00edcias\" \/>\n<meta property=\"article:publisher\" content=\"https:\/\/facebook.com\/sunoresearch\" \/>\n<meta property=\"og:image\" content=\"https:\/\/files.sunoresearch.com.br\/n\/uploads\/2023\/05\/cotacoes-sobe.jpg\" \/>\n\t<meta property=\"og:image:width\" content=\"1200\" \/>\n\t<meta property=\"og:image:height\" content=\"800\" \/>\n\t<meta property=\"og:image:type\" content=\"image\/jpeg\" \/>\n<meta name=\"author\" content=\"Marco Ant\u00f4nio Lopes\" \/>\n<meta name=\"twitter:card\" content=\"summary_large_image\" \/>\n<meta name=\"twitter:creator\" content=\"@sunoresearch\" \/>\n<meta name=\"twitter:site\" content=\"@sunoresearch\" \/>\n<meta name=\"twitter:label1\" content=\"Escrito por\" \/>\n\t<meta name=\"twitter:data1\" content=\"Marco Ant\u00f4nio Lopes\" \/>\n\t<meta name=\"twitter:label2\" content=\"Est. tempo de leitura\" \/>\n\t<meta name=\"twitter:data2\" content=\"8 minutos\" \/>\n<script type=\"application\/ld+json\" class=\"yoast-schema-graph\">{\"@context\":\"https:\/\/schema.org\",\"@graph\":[{\"@type\":\"NewsArticle\",\"@id\":\"https:\/\/www.suno.com.br\/noticias\/agenda-semana-fed-copom-selic-previa-pib\/#article\",\"isPartOf\":{\"@id\":\"https:\/\/www.suno.com.br\/noticias\/agenda-semana-fed-copom-selic-previa-pib\/\"},\"author\":{\"name\":\"Marco Ant\u00f4nio Lopes\",\"@id\":\"https:\/\/www.suno.com.br\/noticias\/#\/schema\/person\/829bbe8d57f84333b966b96229c6bf5f\"},\"headline\":\"Agenda da semana ter\u00e1 Super Quarta, com decis\u00f5es do Copom e Fed; pr\u00e9via do PIB sai na segunda (18)\",\"datePublished\":\"2023-09-17T23:11:10+00:00\",\"dateModified\":\"2023-09-17T23:16:48+00:00\",\"mainEntityOfPage\":{\"@id\":\"https:\/\/www.suno.com.br\/noticias\/agenda-semana-fed-copom-selic-previa-pib\/\"},\"wordCount\":1397,\"publisher\":{\"@id\":\"https:\/\/www.suno.com.br\/noticias\/#organization\"},\"image\":{\"@id\":\"https:\/\/www.suno.com.br\/noticias\/agenda-semana-fed-copom-selic-previa-pib\/#primaryimage\"},\"thumbnailUrl\":\"https:\/\/files.sunoresearch.com.br\/n\/uploads\/2023\/05\/cotacoes-sobe.jpg\",\"keywords\":[\"Banco Central (BC)\",\"Copom\",\"Federal Reserve (FED)\",\"Jerome Powell\",\"Taxa Selic\",\"zona do euro\"],\"articleSection\":[\"Neg\u00f3cios\"],\"inLanguage\":\"pt-BR\"},{\"@type\":\"WebPage\",\"@id\":\"https:\/\/www.suno.com.br\/noticias\/agenda-semana-fed-copom-selic-previa-pib\/\",\"url\":\"https:\/\/www.suno.com.br\/noticias\/agenda-semana-fed-copom-selic-previa-pib\/\",\"name\":\"Agenda da semana ter\u00e1 Super Quarta, com Copom e Fed\",\"isPartOf\":{\"@id\":\"https:\/\/www.suno.com.br\/noticias\/#website\"},\"primaryImageOfPage\":{\"@id\":\"https:\/\/www.suno.com.br\/noticias\/agenda-semana-fed-copom-selic-previa-pib\/#primaryimage\"},\"image\":{\"@id\":\"https:\/\/www.suno.com.br\/noticias\/agenda-semana-fed-copom-selic-previa-pib\/#primaryimage\"},\"thumbnailUrl\":\"https:\/\/files.sunoresearch.com.br\/n\/uploads\/2023\/05\/cotacoes-sobe.jpg\",\"datePublished\":\"2023-09-17T23:11:10+00:00\",\"dateModified\":\"2023-09-17T23:16:48+00:00\",\"description\":\"O mercado aguarda a agenda da semana: o dia mais esperado \u00e9 a Super Quarta (20) - com o an\u00fancio das taxas de juros nos EUA e Brasil.\",\"breadcrumb\":{\"@id\":\"https:\/\/www.suno.com.br\/noticias\/agenda-semana-fed-copom-selic-previa-pib\/#breadcrumb\"},\"inLanguage\":\"pt-BR\",\"potentialAction\":[{\"@type\":\"ReadAction\",\"target\":[\"https:\/\/www.suno.com.br\/noticias\/agenda-semana-fed-copom-selic-previa-pib\/\"]}]},{\"@type\":\"ImageObject\",\"inLanguage\":\"pt-BR\",\"@id\":\"https:\/\/www.suno.com.br\/noticias\/agenda-semana-fed-copom-selic-previa-pib\/#primaryimage\",\"url\":\"https:\/\/files.sunoresearch.com.br\/n\/uploads\/2023\/05\/cotacoes-sobe.jpg\",\"contentUrl\":\"https:\/\/files.sunoresearch.com.br\/n\/uploads\/2023\/05\/cotacoes-sobe.jpg\",\"width\":1200,\"height\":800,\"caption\":\"SNAG11: Fiagro paga novos dividendos com retorno de 1,2%. Foto: iStock\"},{\"@type\":\"BreadcrumbList\",\"@id\":\"https:\/\/www.suno.com.br\/noticias\/agenda-semana-fed-copom-selic-previa-pib\/#breadcrumb\",\"itemListElement\":[{\"@type\":\"ListItem\",\"position\":1,\"name\":\"Not\u00edcias\",\"item\":\"https:\/\/www.suno.com.br\/noticias\/\"},{\"@type\":\"ListItem\",\"position\":2,\"name\":\"Neg\u00f3cios\",\"item\":\"https:\/\/www.suno.com.br\/noticias\/negocios\/\"},{\"@type\":\"ListItem\",\"position\":3,\"name\":\"Agenda da semana ter\u00e1 Super Quarta, com decis\u00f5es do Copom e Fed; pr\u00e9via do PIB sai na segunda (18)\"}]},{\"@type\":\"WebSite\",\"@id\":\"https:\/\/www.suno.com.br\/noticias\/#website\",\"url\":\"https:\/\/www.suno.com.br\/noticias\/\",\"name\":\"Suno Not\u00edcias\",\"description\":\"Seu portal de informa\u00e7\u00e3o sobre o mundo dos investimentos\",\"publisher\":{\"@id\":\"https:\/\/www.suno.com.br\/noticias\/#organization\"},\"potentialAction\":[{\"@type\":\"SearchAction\",\"target\":{\"@type\":\"EntryPoint\",\"urlTemplate\":\"https:\/\/www.suno.com.br\/noticias\/?s={search_term_string}\"},\"query-input\":{\"@type\":\"PropertyValueSpecification\",\"valueRequired\":true,\"valueName\":\"search_term_string\"}}],\"inLanguage\":\"pt-BR\"},{\"@type\":\"Organization\",\"@id\":\"https:\/\/www.suno.com.br\/noticias\/#organization\",\"name\":\"Suno Not\u00edcias\",\"url\":\"https:\/\/www.suno.com.br\/noticias\/\",\"logo\":{\"@type\":\"ImageObject\",\"inLanguage\":\"pt-BR\",\"@id\":\"https:\/\/www.suno.com.br\/noticias\/#\/schema\/logo\/image\/\",\"url\":\"https:\/\/files.sunoresearch.com.br\/n\/uploads\/2021\/09\/suno-logo.png\",\"contentUrl\":\"https:\/\/files.sunoresearch.com.br\/n\/uploads\/2021\/09\/suno-logo.png\",\"width\":180,\"height\":180,\"caption\":\"Suno Not\u00edcias\"},\"image\":{\"@id\":\"https:\/\/www.suno.com.br\/noticias\/#\/schema\/logo\/image\/\"},\"sameAs\":[\"https:\/\/facebook.com\/sunoresearch\",\"https:\/\/x.com\/sunoresearch\",\"https:\/\/www.instagram.com\/suno\",\"https:\/\/www.linkedin.com\/company\/suno-research\/\",\"https:\/\/www.youtube.com\/c\/sunoresearch\"]},{\"@type\":\"Person\",\"@id\":\"https:\/\/www.suno.com.br\/noticias\/#\/schema\/person\/829bbe8d57f84333b966b96229c6bf5f\",\"name\":\"Marco Ant\u00f4nio Lopes\",\"image\":{\"@type\":\"ImageObject\",\"inLanguage\":\"pt-BR\",\"@id\":\"https:\/\/www.suno.com.br\/noticias\/#\/schema\/person\/image\/\",\"url\":\"https:\/\/secure.gravatar.com\/avatar\/385167b012fbc1cde32c5446ee253313?s=96&r=g\",\"contentUrl\":\"https:\/\/secure.gravatar.com\/avatar\/385167b012fbc1cde32c5446ee253313?s=96&r=g\",\"caption\":\"Marco Ant\u00f4nio Lopes\"},\"description\":\"Jornalista, \u00e9 editor no Suno Not\u00edcias. Trabalhou nas revistas Playboy, Super, Veja Comer &amp; Beber, Homem Vogue e Universo Masculino, al\u00e9m dos portais Abril.com, R7, nas editorias de Home, Esportes, Hora 7, Entretenimento e Geral, e Eu Quero Investir. Autor do livro Bruce Lee: Definitivo (Editora Conrad). Colaborou nas revistas Nova, Veja SP, Grandes Guerras, Placar, Bizz, Casa Claudia e Quatro Rodas.\",\"url\":\"https:\/\/www.suno.com.br\/noticias\/author\/marco-lopes\/\"}]}<\/script>\n<!-- \/ Yoast SEO plugin. -->","yoast_head_json":{"title":"Agenda da semana ter\u00e1 Super Quarta, com Copom e Fed","description":"O mercado aguarda a agenda da semana: o dia mais esperado \u00e9 a Super Quarta (20) - com o an\u00fancio das taxas de juros nos EUA e Brasil.","robots":{"index":"index","follow":"follow","max-snippet":"max-snippet:-1","max-image-preview":"max-image-preview:large","max-video-preview":"max-video-preview:-1"},"canonical":"https:\/\/www.suno.com.br\/noticias\/agenda-semana-fed-copom-selic-previa-pib\/","og_locale":"pt_BR","og_type":"article","og_title":"Agenda da semana ter\u00e1 Super Quarta, com Copom e Fed","og_description":"O mercado aguarda a agenda da semana: o dia mais esperado \u00e9 a Super Quarta (20) - com o an\u00fancio das taxas de juros nos EUA e Brasil.","og_url":"https:\/\/www.suno.com.br\/noticias\/agenda-semana-fed-copom-selic-previa-pib\/","og_site_name":"Suno Not\u00edcias","article_publisher":"https:\/\/facebook.com\/sunoresearch","og_image":[{"width":1200,"height":800,"url":"https:\/\/files.sunoresearch.com.br\/n\/uploads\/2023\/05\/cotacoes-sobe.jpg","type":"image\/jpeg"}],"author":"Marco Ant\u00f4nio Lopes","twitter_card":"summary_large_image","twitter_creator":"@sunoresearch","twitter_site":"@sunoresearch","twitter_misc":{"Escrito por":"Marco Ant\u00f4nio Lopes","Est. tempo de leitura":"8 minutos"},"schema":{"@context":"https:\/\/schema.org","@graph":[{"@type":"NewsArticle","@id":"https:\/\/www.suno.com.br\/noticias\/agenda-semana-fed-copom-selic-previa-pib\/#article","isPartOf":{"@id":"https:\/\/www.suno.com.br\/noticias\/agenda-semana-fed-copom-selic-previa-pib\/"},"author":{"name":"Marco Ant\u00f4nio Lopes","@id":"https:\/\/www.suno.com.br\/noticias\/#\/schema\/person\/829bbe8d57f84333b966b96229c6bf5f"},"headline":"Agenda da semana ter\u00e1 Super Quarta, com decis\u00f5es do Copom e Fed; pr\u00e9via do PIB sai na segunda (18)","datePublished":"2023-09-17T23:11:10+00:00","dateModified":"2023-09-17T23:16:48+00:00","mainEntityOfPage":{"@id":"https:\/\/www.suno.com.br\/noticias\/agenda-semana-fed-copom-selic-previa-pib\/"},"wordCount":1397,"publisher":{"@id":"https:\/\/www.suno.com.br\/noticias\/#organization"},"image":{"@id":"https:\/\/www.suno.com.br\/noticias\/agenda-semana-fed-copom-selic-previa-pib\/#primaryimage"},"thumbnailUrl":"https:\/\/files.sunoresearch.com.br\/n\/uploads\/2023\/05\/cotacoes-sobe.jpg","keywords":["Banco Central (BC)","Copom","Federal Reserve (FED)","Jerome Powell","Taxa Selic","zona do euro"],"articleSection":["Neg\u00f3cios"],"inLanguage":"pt-BR"},{"@type":"WebPage","@id":"https:\/\/www.suno.com.br\/noticias\/agenda-semana-fed-copom-selic-previa-pib\/","url":"https:\/\/www.suno.com.br\/noticias\/agenda-semana-fed-copom-selic-previa-pib\/","name":"Agenda da semana ter\u00e1 Super Quarta, com Copom e Fed","isPartOf":{"@id":"https:\/\/www.suno.com.br\/noticias\/#website"},"primaryImageOfPage":{"@id":"https:\/\/www.suno.com.br\/noticias\/agenda-semana-fed-copom-selic-previa-pib\/#primaryimage"},"image":{"@id":"https:\/\/www.suno.com.br\/noticias\/agenda-semana-fed-copom-selic-previa-pib\/#primaryimage"},"thumbnailUrl":"https:\/\/files.sunoresearch.com.br\/n\/uploads\/2023\/05\/cotacoes-sobe.jpg","datePublished":"2023-09-17T23:11:10+00:00","dateModified":"2023-09-17T23:16:48+00:00","description":"O mercado aguarda a agenda da semana: o dia mais esperado \u00e9 a Super Quarta (20) - com o an\u00fancio das taxas de juros nos EUA e Brasil.","breadcrumb":{"@id":"https:\/\/www.suno.com.br\/noticias\/agenda-semana-fed-copom-selic-previa-pib\/#breadcrumb"},"inLanguage":"pt-BR","potentialAction":[{"@type":"ReadAction","target":["https:\/\/www.suno.com.br\/noticias\/agenda-semana-fed-copom-selic-previa-pib\/"]}]},{"@type":"ImageObject","inLanguage":"pt-BR","@id":"https:\/\/www.suno.com.br\/noticias\/agenda-semana-fed-copom-selic-previa-pib\/#primaryimage","url":"https:\/\/files.sunoresearch.com.br\/n\/uploads\/2023\/05\/cotacoes-sobe.jpg","contentUrl":"https:\/\/files.sunoresearch.com.br\/n\/uploads\/2023\/05\/cotacoes-sobe.jpg","width":1200,"height":800,"caption":"SNAG11: Fiagro paga novos dividendos com retorno de 1,2%. Foto: iStock"},{"@type":"BreadcrumbList","@id":"https:\/\/www.suno.com.br\/noticias\/agenda-semana-fed-copom-selic-previa-pib\/#breadcrumb","itemListElement":[{"@type":"ListItem","position":1,"name":"Not\u00edcias","item":"https:\/\/www.suno.com.br\/noticias\/"},{"@type":"ListItem","position":2,"name":"Neg\u00f3cios","item":"https:\/\/www.suno.com.br\/noticias\/negocios\/"},{"@type":"ListItem","position":3,"name":"Agenda da semana ter\u00e1 Super Quarta, com decis\u00f5es do Copom e Fed; pr\u00e9via do PIB sai na segunda (18)"}]},{"@type":"WebSite","@id":"https:\/\/www.suno.com.br\/noticias\/#website","url":"https:\/\/www.suno.com.br\/noticias\/","name":"Suno Not\u00edcias","description":"Seu portal de informa\u00e7\u00e3o sobre o mundo dos investimentos","publisher":{"@id":"https:\/\/www.suno.com.br\/noticias\/#organization"},"potentialAction":[{"@type":"SearchAction","target":{"@type":"EntryPoint","urlTemplate":"https:\/\/www.suno.com.br\/noticias\/?s={search_term_string}"},"query-input":{"@type":"PropertyValueSpecification","valueRequired":true,"valueName":"search_term_string"}}],"inLanguage":"pt-BR"},{"@type":"Organization","@id":"https:\/\/www.suno.com.br\/noticias\/#organization","name":"Suno Not\u00edcias","url":"https:\/\/www.suno.com.br\/noticias\/","logo":{"@type":"ImageObject","inLanguage":"pt-BR","@id":"https:\/\/www.suno.com.br\/noticias\/#\/schema\/logo\/image\/","url":"https:\/\/files.sunoresearch.com.br\/n\/uploads\/2021\/09\/suno-logo.png","contentUrl":"https:\/\/files.sunoresearch.com.br\/n\/uploads\/2021\/09\/suno-logo.png","width":180,"height":180,"caption":"Suno Not\u00edcias"},"image":{"@id":"https:\/\/www.suno.com.br\/noticias\/#\/schema\/logo\/image\/"},"sameAs":["https:\/\/facebook.com\/sunoresearch","https:\/\/x.com\/sunoresearch","https:\/\/www.instagram.com\/suno","https:\/\/www.linkedin.com\/company\/suno-research\/","https:\/\/www.youtube.com\/c\/sunoresearch"]},{"@type":"Person","@id":"https:\/\/www.suno.com.br\/noticias\/#\/schema\/person\/829bbe8d57f84333b966b96229c6bf5f","name":"Marco Ant\u00f4nio Lopes","image":{"@type":"ImageObject","inLanguage":"pt-BR","@id":"https:\/\/www.suno.com.br\/noticias\/#\/schema\/person\/image\/","url":"https:\/\/secure.gravatar.com\/avatar\/385167b012fbc1cde32c5446ee253313?s=96&r=g","contentUrl":"https:\/\/secure.gravatar.com\/avatar\/385167b012fbc1cde32c5446ee253313?s=96&r=g","caption":"Marco Ant\u00f4nio Lopes"},"description":"Jornalista, \u00e9 editor no Suno Not\u00edcias. Trabalhou nas revistas Playboy, Super, Veja Comer &amp; Beber, Homem Vogue e Universo Masculino, al\u00e9m dos portais Abril.com, R7, nas editorias de Home, Esportes, Hora 7, Entretenimento e Geral, e Eu Quero Investir. Autor do livro Bruce Lee: Definitivo (Editora Conrad). Colaborou nas revistas Nova, Veja SP, Grandes Guerras, Placar, Bizz, Casa Claudia e Quatro Rodas.","url":"https:\/\/www.suno.com.br\/noticias\/author\/marco-lopes\/"}]}},"default_loop_html":"<div class=\"cardsPage__listCard__boxs\"><div class=\"cardsPage__listCard__boxs__img\"><a href=\"https:\/\/www.suno.com.br\/noticias\/agenda-semana-fed-copom-selic-previa-pib\/\"><img class=\"mask\" src=\"https:\/\/www.suno.com.br\/noticias\/wp-content\/themes\/suno\/resources\/images\/spotlight\/spotlight1img\/bg-mask.png\" alt=\"Image Mask\"\/><img src=\"https:\/\/files.sunoresearch.com.br\/n\/uploads\/2023\/05\/cotacoes-sobe-400x200.jpg\" alt=\"Agenda da semana ter\u00e1 Super Quarta, com decis\u00f5es do Copom e Fed; pr\u00e9via do PIB sai na segunda (18)\"\/><\/a><span class=\"spotlightCategory\"><a href=\"https:\/\/www.suno.com.br\/noticias\/negocios\/\">Neg\u00f3cios<\/a><\/span><\/div><div class=\"cardsPage__listCard__boxs__content\"><a href=\"https:\/\/www.suno.com.br\/noticias\/agenda-semana-fed-copom-selic-previa-pib\/\"><h2 class=\"content__title\">Agenda da semana ter\u00e1 Super Quarta, com decis\u00f5es do Copom e Fed; pr\u00e9via do PIB sai na segunda (18)<\/h2><\/a><div class=\"newsContent__article__meta\"><div class=\"newsContent__article__meta__authorBox\"><a href=\"https:\/\/www.suno.com.br\/noticias\/author\/eduardo-vargas\/\" class=\"authorBox__avatar noMobi\"><img src=\"https:\/\/secure.gravatar.com\/avatar\/dac340933427a22924c9f99d1eb2e3f2?s=96&#038;r=g\" alt=\"Eduardo Vargas\"><\/a><div class=\"authorBox__name\"><span>por\n\t\t\t<a href=\"https:\/\/www.suno.com.br\/noticias\/author\/eduardo-vargas\/\"><span itemprop=\"author\">Eduardo Vargas<\/span><\/a><\/span><time datetime=\"2023-09-17T20:11:10-03:00\" itemprop=\"datePublished\">17\/09\/2023 20:11<\/time><\/div><\/div><\/div><\/div><\/div>","single_layout":"posts","amp_enabled":true,"_links":{"self":[{"href":"https:\/\/www.suno.com.br\/noticias\/wp-json\/wp\/v2\/posts\/457461"}],"collection":[{"href":"https:\/\/www.suno.com.br\/noticias\/wp-json\/wp\/v2\/posts"}],"about":[{"href":"https:\/\/www.suno.com.br\/noticias\/wp-json\/wp\/v2\/types\/post"}],"author":[{"embeddable":true,"href":"https:\/\/www.suno.com.br\/noticias\/wp-json\/wp\/v2\/users\/98"}],"replies":[{"embeddable":true,"href":"https:\/\/www.suno.com.br\/noticias\/wp-json\/wp\/v2\/comments?post=457461"}],"version-history":[{"count":2,"href":"https:\/\/www.suno.com.br\/noticias\/wp-json\/wp\/v2\/posts\/457461\/revisions"}],"predecessor-version":[{"id":457472,"href":"https:\/\/www.suno.com.br\/noticias\/wp-json\/wp\/v2\/posts\/457461\/revisions\/457472"}],"wp:featuredmedia":[{"embeddable":true,"href":"https:\/\/www.suno.com.br\/noticias\/wp-json\/wp\/v2\/media\/408630"}],"wp:attachment":[{"href":"https:\/\/www.suno.com.br\/noticias\/wp-json\/wp\/v2\/media?parent=457461"}],"wp:term":[{"taxonomy":"category","embeddable":true,"href":"https:\/\/www.suno.com.br\/noticias\/wp-json\/wp\/v2\/categories?post=457461"},{"taxonomy":"post_tag","embeddable":true,"href":"https:\/\/www.suno.com.br\/noticias\/wp-json\/wp\/v2\/tags?post=457461"},{"taxonomy":"suno_strategy","embeddable":true,"href":"https:\/\/www.suno.com.br\/noticias\/wp-json\/wp\/v2\/suno_strategy?post=457461"}],"curies":[{"name":"wp","href":"https:\/\/api.w.org\/{rel}","templated":true}]}}