{"id":45746,"date":"2019-11-26T12:13:34","date_gmt":"2019-11-26T14:13:34","guid":{"rendered":"https:\/\/www.suno.com.br\/noticias\/?p=45746"},"modified":"2019-11-26T12:13:34","modified_gmt":"2019-11-26T14:13:34","slug":"marfrig-prepara-oferta-subsequente-de-acoes-de-aproximadamente-r-2-bi","status":"publish","type":"post","link":"https:\/\/www.suno.com.br\/noticias\/marfrig-prepara-oferta-subsequente-de-acoes-de-aproximadamente-r-2-bi\/","title":{"rendered":"Marfrig prepara oferta subsequente de a\u00e7\u00f5es de aproximadamente R$ 2 bi"},"content":{"rendered":"<p>A Marfrig Global Foods est\u00e1 preparando uma oferta subsequente de a\u00e7\u00f5es <a href=\"https:\/\/www.suno.com.br\/artigos\/follow-on\/\">(follow-on)<\/a> de aproximadamente R$ 2 bilh\u00f5es. As informa\u00e7\u00f5es foram publicadas pelo &#8220;Valor Econ\u00f4mico&#8221;.<\/p>\t<div class=\"wrapper-featured-image\">\n\t\t<figure class=\"spotlightImg\">\n\n\t\t\t<picture>\n\t\t\t\t<source media=\"(max-width: 768px)\" srcset=\"https:\/\/files.sunoresearch.com.br\/n\/uploads\/2019\/11\/dca5b174-marfrig-400x200.webp\">\n\t\t\t\t<img loading=\"lazy\" decoding=\"async\" class=\"newsContent__article__imgCapa lazyloadDisabled newsContent__article__imgCapa--noCaption\" src=\"https:\/\/files.sunoresearch.com.br\/n\/uploads\/2019\/11\/dca5b174-marfrig-800x450.webp\" width=\"800\" height=\"450\" alt=\"Marfrig prepara oferta subsequente de a\u00e7\u00f5es de aproximadamente R$ 2 bi\" fetchpriority=high \/>\n\t\t\t<\/picture>\n\n\t\t\t<figcaption class=\"wp-caption-text wp-caption-text--hide\">Marfrig lan\u00e7ar\u00e1 nesta segunda marca global de carne \u00e0 base de prote\u00edna<\/figcaption>\n\t\t<\/figure>\n\t<\/div>\n\n\n\n<p>Com a opera\u00e7\u00e3o, o <a href=\"https:\/\/www.suno.com.br\/artigos\/bndespar\/\">BNDESPar<\/a> pode desinvestir parte dos 33,7% do capital que det\u00e9m da <strong>Marfrig<\/strong>. Na \u00faltima segunda-feira (25), a empresa do ramo de alimentos valia R$ 7 bilh\u00f5es na <a href=\"https:\/\/www.suno.com.br\/artigos\/b3\/\">Bolsa de Valores<\/a>. A parte do BNDES equivale a R$ 2,4 bilh\u00f5es.<\/p>\n<p><a href=\"https:\/\/www.suno.com.br\/black-friday-2019\/assinaturas\/\">Black Friday Suno &#8211; pague 2 anos e leve 3 nas principais assinaturas da Suno Research<\/a><\/p>\n<p>Com R$ 1 bilh\u00e3o da oferta prim\u00e1ria, a empresa do setor aliment\u00edcio teria um refor\u00e7o no caixa para poder diminuir as d\u00edvidas ap\u00f3s o aumento da participa\u00e7\u00e3o no <strong>National Beef<\/strong>. A opera\u00e7\u00e3o junto a essa empresa custou US$ 860 milh\u00f5es para a Marfrig.<\/p>\n<h2>Resultado trimestral da Marfrig<\/h2>\n<p>A <strong>Marfrig<\/strong> registrou <a href=\"https:\/\/www.suno.com.br\/artigos\/lucro-liquido\/\">lucro<\/a> de R$ 100,4 milh\u00f5es no terceiro trimestre de 2019, revertendo o preju\u00edzo de R$ 126 milh\u00f5es registrado no mesmo trimestre do ano anterior. De acordo com o balan\u00e7o, a empresa apresentou receita l\u00edquida consolidada de R$ 12,7 bilh\u00f5es, um recorde da companhia. O valor tamb\u00e9m \u00e9 3,6% maior do que o registrado no mesmo per\u00edodo do ano passado.<\/p>\n<p><a href=\"https:\/\/www.suno.com.br\/noticias\/argentina-tributacao-exportacoes-carne-bovina-marfrig\/\">Veja tamb\u00e9m: Argentina elevar\u00e1 tributa\u00e7\u00e3o em exporta\u00e7\u00f5es de carne bovina, diz Marfrig<\/a><\/p>\n<p>Especialistas estimavam uma receita l\u00edquida consolidada de R$ 12,6 bilh\u00f5es para a Marfirg neste trimestre. O lucro antes de juros, impostos, deprecia\u00e7\u00e3o e amortiza\u00e7\u00e3o <a href=\"https:\/\/www.suno.com.br\/artigos\/ebitda\/\">(Ebitda)<\/a> ajustado da empresa foi de R$ 1,5 bilh\u00e3o, outro recorde da empresa. O resultado, inclusive, foi acima da expectativa de especialistas, de R$ 1,36 bilh\u00e3o.<\/p>\n<h2>Aumento de participa\u00e7\u00e3o na National Beef<\/h2>\n<p>A Marfrig comunicou, na semana passada, que fechou um acordo para aumentar sua participa\u00e7\u00e3o no capital social da norte-americana <strong>National Beef Packing<\/strong> Company. A opera\u00e7\u00e3o foi feita por meio da subsidi\u00e1ria integral da empresa, a <strong>NBM US Holdings, <\/strong>e foi avaliada em aproximadamente R$ 3,5 bilh\u00f5es.<\/p>\n<h2>Cota\u00e7\u00e3o<\/h2>\n<p>Por volta das 11h, desta ter\u00e7a-feira (16), a <strong>Marfrig<\/strong> (MRFG3) operava em alta de 2,13%, cotada a R$ 11,50.<\/p>\n","protected":false},"excerpt":{"rendered":"<p>A Marfrig Global Foods est\u00e1 preparando uma oferta subsequente de a\u00e7\u00f5es (follow-on) de aproximadamente R$ 2 bilh\u00f5es. As informa\u00e7\u00f5es foram publicadas pelo &#8220;Valor Econ\u00f4mico&#8221;. Marfrig lan\u00e7ar\u00e1 nesta segunda marca global de carne \u00e0 base de prote\u00edna Com a opera\u00e7\u00e3o, o BNDESPar pode desinvestir parte dos 33,7% do capital que det\u00e9m da Marfrig. Na \u00faltima segunda-feira [&hellip;]<\/p>\n","protected":false},"author":19,"featured_media":45756,"comment_status":"closed","ping_status":"closed","sticky":false,"template":"","format":"standard","meta":[],"categories":[64],"tags":[552],"suno_strategy":[],"class_list":["post-45746","post","type-post","status-publish","format-standard","has-post-thumbnail","hentry","category-negocios","tag-marfrig-mrfg3"],"yoast_head":"<!-- This site is optimized with the Yoast SEO plugin v24.4 - https:\/\/yoast.com\/wordpress\/plugins\/seo\/ -->\n<title>Marfrig prepara oferta subsequente de a\u00e7\u00f5es de aproximadamente R$ 2 bi<\/title>\n<meta name=\"description\" content=\"A Marfrig Global Foods est\u00e1 preparando uma oferta subsequente de a\u00e7\u00f5es (follow-on) de aproximadamente R$ 2 bilh\u00f5es. Clique e saiba mais.\" \/>\n<meta name=\"robots\" content=\"index, follow, max-snippet:-1, max-image-preview:large, max-video-preview:-1\" \/>\n<link rel=\"canonical\" href=\"https:\/\/www.suno.com.br\/noticias\/marfrig-prepara-oferta-subsequente-de-acoes-de-aproximadamente-r-2-bi\/\" \/>\n<meta property=\"og:locale\" content=\"pt_BR\" \/>\n<meta property=\"og:type\" content=\"article\" \/>\n<meta property=\"og:title\" content=\"Marfrig prepara oferta subsequente de a\u00e7\u00f5es de aproximadamente R$ 2 bi\" \/>\n<meta property=\"og:description\" content=\"A Marfrig Global Foods est\u00e1 preparando uma oferta subsequente de a\u00e7\u00f5es (follow-on) de aproximadamente R$ 2 bilh\u00f5es. Clique e saiba mais.\" \/>\n<meta property=\"og:url\" content=\"https:\/\/www.suno.com.br\/noticias\/marfrig-prepara-oferta-subsequente-de-acoes-de-aproximadamente-r-2-bi\/\" \/>\n<meta property=\"og:site_name\" content=\"Suno Not\u00edcias\" \/>\n<meta property=\"article:publisher\" content=\"https:\/\/facebook.com\/sunoresearch\" \/>\n<meta property=\"og:image\" content=\"https:\/\/files.sunoresearch.com.br\/n\/uploads\/2019\/11\/dca5b174-marfrig.png\" \/>\n\t<meta property=\"og:image:width\" content=\"960\" \/>\n\t<meta property=\"og:image:height\" content=\"534\" \/>\n\t<meta property=\"og:image:type\" content=\"image\/png\" \/>\n<meta name=\"author\" content=\"Juliano Passaro\" \/>\n<meta name=\"twitter:card\" content=\"summary_large_image\" \/>\n<meta name=\"twitter:creator\" content=\"@sunoresearch\" \/>\n<meta name=\"twitter:site\" content=\"@sunoresearch\" \/>\n<meta name=\"twitter:label1\" content=\"Escrito por\" \/>\n\t<meta name=\"twitter:data1\" content=\"Juliano Passaro\" \/>\n\t<meta name=\"twitter:label2\" content=\"Est. tempo de leitura\" \/>\n\t<meta name=\"twitter:data2\" content=\"2 minutos\" \/>\n<script type=\"application\/ld+json\" class=\"yoast-schema-graph\">{\"@context\":\"https:\/\/schema.org\",\"@graph\":[{\"@type\":\"NewsArticle\",\"@id\":\"https:\/\/www.suno.com.br\/noticias\/marfrig-prepara-oferta-subsequente-de-acoes-de-aproximadamente-r-2-bi\/#article\",\"isPartOf\":{\"@id\":\"https:\/\/www.suno.com.br\/noticias\/marfrig-prepara-oferta-subsequente-de-acoes-de-aproximadamente-r-2-bi\/\"},\"author\":{\"name\":\"Juliano Passaro\",\"@id\":\"https:\/\/www.suno.com.br\/noticias\/#\/schema\/person\/1db762f78ffd8919a648a63e425953e3\"},\"headline\":\"Marfrig prepara oferta subsequente de a\u00e7\u00f5es de aproximadamente R$ 2 bi\",\"datePublished\":\"2019-11-26T14:13:34+00:00\",\"mainEntityOfPage\":{\"@id\":\"https:\/\/www.suno.com.br\/noticias\/marfrig-prepara-oferta-subsequente-de-acoes-de-aproximadamente-r-2-bi\/\"},\"wordCount\":358,\"publisher\":{\"@id\":\"https:\/\/www.suno.com.br\/noticias\/#organization\"},\"image\":{\"@id\":\"https:\/\/www.suno.com.br\/noticias\/marfrig-prepara-oferta-subsequente-de-acoes-de-aproximadamente-r-2-bi\/#primaryimage\"},\"thumbnailUrl\":\"https:\/\/files.sunoresearch.com.br\/n\/uploads\/2019\/11\/dca5b174-marfrig-png.webp\",\"keywords\":[\"Marfrig (MRFG3)\"],\"articleSection\":[\"Neg\u00f3cios\"],\"inLanguage\":\"pt-BR\"},{\"@type\":\"WebPage\",\"@id\":\"https:\/\/www.suno.com.br\/noticias\/marfrig-prepara-oferta-subsequente-de-acoes-de-aproximadamente-r-2-bi\/\",\"url\":\"https:\/\/www.suno.com.br\/noticias\/marfrig-prepara-oferta-subsequente-de-acoes-de-aproximadamente-r-2-bi\/\",\"name\":\"Marfrig prepara oferta subsequente de a\u00e7\u00f5es de aproximadamente R$ 2 bi\",\"isPartOf\":{\"@id\":\"https:\/\/www.suno.com.br\/noticias\/#website\"},\"primaryImageOfPage\":{\"@id\":\"https:\/\/www.suno.com.br\/noticias\/marfrig-prepara-oferta-subsequente-de-acoes-de-aproximadamente-r-2-bi\/#primaryimage\"},\"image\":{\"@id\":\"https:\/\/www.suno.com.br\/noticias\/marfrig-prepara-oferta-subsequente-de-acoes-de-aproximadamente-r-2-bi\/#primaryimage\"},\"thumbnailUrl\":\"https:\/\/files.sunoresearch.com.br\/n\/uploads\/2019\/11\/dca5b174-marfrig-png.webp\",\"datePublished\":\"2019-11-26T14:13:34+00:00\",\"description\":\"A Marfrig Global Foods est\u00e1 preparando uma oferta subsequente de a\u00e7\u00f5es (follow-on) de aproximadamente R$ 2 bilh\u00f5es. Clique e saiba mais.\",\"breadcrumb\":{\"@id\":\"https:\/\/www.suno.com.br\/noticias\/marfrig-prepara-oferta-subsequente-de-acoes-de-aproximadamente-r-2-bi\/#breadcrumb\"},\"inLanguage\":\"pt-BR\",\"potentialAction\":[{\"@type\":\"ReadAction\",\"target\":[\"https:\/\/www.suno.com.br\/noticias\/marfrig-prepara-oferta-subsequente-de-acoes-de-aproximadamente-r-2-bi\/\"]}]},{\"@type\":\"ImageObject\",\"inLanguage\":\"pt-BR\",\"@id\":\"https:\/\/www.suno.com.br\/noticias\/marfrig-prepara-oferta-subsequente-de-acoes-de-aproximadamente-r-2-bi\/#primaryimage\",\"url\":\"https:\/\/files.sunoresearch.com.br\/n\/uploads\/2019\/11\/dca5b174-marfrig-png.webp\",\"contentUrl\":\"https:\/\/files.sunoresearch.com.br\/n\/uploads\/2019\/11\/dca5b174-marfrig-png.webp\",\"width\":960,\"height\":534,\"caption\":\"Marfrig lan\u00e7ar\u00e1 nesta segunda marca global de carne \u00e0 base de prote\u00edna\"},{\"@type\":\"BreadcrumbList\",\"@id\":\"https:\/\/www.suno.com.br\/noticias\/marfrig-prepara-oferta-subsequente-de-acoes-de-aproximadamente-r-2-bi\/#breadcrumb\",\"itemListElement\":[{\"@type\":\"ListItem\",\"position\":1,\"name\":\"Not\u00edcias\",\"item\":\"https:\/\/www.suno.com.br\/noticias\/\"},{\"@type\":\"ListItem\",\"position\":2,\"name\":\"Neg\u00f3cios\",\"item\":\"https:\/\/www.suno.com.br\/noticias\/negocios\/\"},{\"@type\":\"ListItem\",\"position\":3,\"name\":\"Marfrig prepara oferta subsequente de a\u00e7\u00f5es de aproximadamente R$ 2 bi\"}]},{\"@type\":\"WebSite\",\"@id\":\"https:\/\/www.suno.com.br\/noticias\/#website\",\"url\":\"https:\/\/www.suno.com.br\/noticias\/\",\"name\":\"Suno Not\u00edcias\",\"description\":\"Seu portal de informa\u00e7\u00e3o sobre o mundo dos investimentos\",\"publisher\":{\"@id\":\"https:\/\/www.suno.com.br\/noticias\/#organization\"},\"potentialAction\":[{\"@type\":\"SearchAction\",\"target\":{\"@type\":\"EntryPoint\",\"urlTemplate\":\"https:\/\/www.suno.com.br\/noticias\/?s={search_term_string}\"},\"query-input\":{\"@type\":\"PropertyValueSpecification\",\"valueRequired\":true,\"valueName\":\"search_term_string\"}}],\"inLanguage\":\"pt-BR\"},{\"@type\":\"Organization\",\"@id\":\"https:\/\/www.suno.com.br\/noticias\/#organization\",\"name\":\"Suno Not\u00edcias\",\"url\":\"https:\/\/www.suno.com.br\/noticias\/\",\"logo\":{\"@type\":\"ImageObject\",\"inLanguage\":\"pt-BR\",\"@id\":\"https:\/\/www.suno.com.br\/noticias\/#\/schema\/logo\/image\/\",\"url\":\"https:\/\/files.sunoresearch.com.br\/n\/uploads\/2021\/09\/suno-logo.png\",\"contentUrl\":\"https:\/\/files.sunoresearch.com.br\/n\/uploads\/2021\/09\/suno-logo.png\",\"width\":180,\"height\":180,\"caption\":\"Suno Not\u00edcias\"},\"image\":{\"@id\":\"https:\/\/www.suno.com.br\/noticias\/#\/schema\/logo\/image\/\"},\"sameAs\":[\"https:\/\/facebook.com\/sunoresearch\",\"https:\/\/x.com\/sunoresearch\",\"https:\/\/www.instagram.com\/suno\",\"https:\/\/www.linkedin.com\/company\/suno-research\/\",\"https:\/\/www.youtube.com\/c\/sunoresearch\"]},{\"@type\":\"Person\",\"@id\":\"https:\/\/www.suno.com.br\/noticias\/#\/schema\/person\/1db762f78ffd8919a648a63e425953e3\",\"name\":\"Juliano Passaro\",\"image\":{\"@type\":\"ImageObject\",\"inLanguage\":\"pt-BR\",\"@id\":\"https:\/\/www.suno.com.br\/noticias\/#\/schema\/person\/image\/\",\"url\":\"https:\/\/secure.gravatar.com\/avatar\/743d4df28eebf6dcc46b4ad03c319e92?s=96&r=g\",\"contentUrl\":\"https:\/\/secure.gravatar.com\/avatar\/743d4df28eebf6dcc46b4ad03c319e92?s=96&r=g\",\"caption\":\"Juliano Passaro\"},\"description\":\"Juliano Passaro escreve sobre pol\u00edtica, economia e neg\u00f3cios para o portal da Suno Research. Antes da Suno, trabalhou no Portal da Band. \u00c9 formado em jornalismo pela Universidade Presbiteriana Mackenzie.\",\"url\":\"https:\/\/www.suno.com.br\/noticias\/author\/juliano\/\"}]}<\/script>\n<!-- \/ Yoast SEO plugin. -->","yoast_head_json":{"title":"Marfrig prepara oferta subsequente de a\u00e7\u00f5es de aproximadamente R$ 2 bi","description":"A Marfrig Global Foods est\u00e1 preparando uma oferta subsequente de a\u00e7\u00f5es (follow-on) de aproximadamente R$ 2 bilh\u00f5es. Clique e saiba mais.","robots":{"index":"index","follow":"follow","max-snippet":"max-snippet:-1","max-image-preview":"max-image-preview:large","max-video-preview":"max-video-preview:-1"},"canonical":"https:\/\/www.suno.com.br\/noticias\/marfrig-prepara-oferta-subsequente-de-acoes-de-aproximadamente-r-2-bi\/","og_locale":"pt_BR","og_type":"article","og_title":"Marfrig prepara oferta subsequente de a\u00e7\u00f5es de aproximadamente R$ 2 bi","og_description":"A Marfrig Global Foods est\u00e1 preparando uma oferta subsequente de a\u00e7\u00f5es (follow-on) de aproximadamente R$ 2 bilh\u00f5es. Clique e saiba mais.","og_url":"https:\/\/www.suno.com.br\/noticias\/marfrig-prepara-oferta-subsequente-de-acoes-de-aproximadamente-r-2-bi\/","og_site_name":"Suno Not\u00edcias","article_publisher":"https:\/\/facebook.com\/sunoresearch","og_image":[{"width":960,"height":534,"url":"https:\/\/files.sunoresearch.com.br\/n\/uploads\/2019\/11\/dca5b174-marfrig.png","type":"image\/png"}],"author":"Juliano Passaro","twitter_card":"summary_large_image","twitter_creator":"@sunoresearch","twitter_site":"@sunoresearch","twitter_misc":{"Escrito por":"Juliano Passaro","Est. tempo de leitura":"2 minutos"},"schema":{"@context":"https:\/\/schema.org","@graph":[{"@type":"NewsArticle","@id":"https:\/\/www.suno.com.br\/noticias\/marfrig-prepara-oferta-subsequente-de-acoes-de-aproximadamente-r-2-bi\/#article","isPartOf":{"@id":"https:\/\/www.suno.com.br\/noticias\/marfrig-prepara-oferta-subsequente-de-acoes-de-aproximadamente-r-2-bi\/"},"author":{"name":"Juliano Passaro","@id":"https:\/\/www.suno.com.br\/noticias\/#\/schema\/person\/1db762f78ffd8919a648a63e425953e3"},"headline":"Marfrig prepara oferta subsequente de a\u00e7\u00f5es de aproximadamente R$ 2 bi","datePublished":"2019-11-26T14:13:34+00:00","mainEntityOfPage":{"@id":"https:\/\/www.suno.com.br\/noticias\/marfrig-prepara-oferta-subsequente-de-acoes-de-aproximadamente-r-2-bi\/"},"wordCount":358,"publisher":{"@id":"https:\/\/www.suno.com.br\/noticias\/#organization"},"image":{"@id":"https:\/\/www.suno.com.br\/noticias\/marfrig-prepara-oferta-subsequente-de-acoes-de-aproximadamente-r-2-bi\/#primaryimage"},"thumbnailUrl":"https:\/\/files.sunoresearch.com.br\/n\/uploads\/2019\/11\/dca5b174-marfrig-png.webp","keywords":["Marfrig (MRFG3)"],"articleSection":["Neg\u00f3cios"],"inLanguage":"pt-BR"},{"@type":"WebPage","@id":"https:\/\/www.suno.com.br\/noticias\/marfrig-prepara-oferta-subsequente-de-acoes-de-aproximadamente-r-2-bi\/","url":"https:\/\/www.suno.com.br\/noticias\/marfrig-prepara-oferta-subsequente-de-acoes-de-aproximadamente-r-2-bi\/","name":"Marfrig prepara oferta subsequente de a\u00e7\u00f5es de aproximadamente R$ 2 bi","isPartOf":{"@id":"https:\/\/www.suno.com.br\/noticias\/#website"},"primaryImageOfPage":{"@id":"https:\/\/www.suno.com.br\/noticias\/marfrig-prepara-oferta-subsequente-de-acoes-de-aproximadamente-r-2-bi\/#primaryimage"},"image":{"@id":"https:\/\/www.suno.com.br\/noticias\/marfrig-prepara-oferta-subsequente-de-acoes-de-aproximadamente-r-2-bi\/#primaryimage"},"thumbnailUrl":"https:\/\/files.sunoresearch.com.br\/n\/uploads\/2019\/11\/dca5b174-marfrig-png.webp","datePublished":"2019-11-26T14:13:34+00:00","description":"A Marfrig Global Foods est\u00e1 preparando uma oferta subsequente de a\u00e7\u00f5es (follow-on) de aproximadamente R$ 2 bilh\u00f5es. Clique e saiba mais.","breadcrumb":{"@id":"https:\/\/www.suno.com.br\/noticias\/marfrig-prepara-oferta-subsequente-de-acoes-de-aproximadamente-r-2-bi\/#breadcrumb"},"inLanguage":"pt-BR","potentialAction":[{"@type":"ReadAction","target":["https:\/\/www.suno.com.br\/noticias\/marfrig-prepara-oferta-subsequente-de-acoes-de-aproximadamente-r-2-bi\/"]}]},{"@type":"ImageObject","inLanguage":"pt-BR","@id":"https:\/\/www.suno.com.br\/noticias\/marfrig-prepara-oferta-subsequente-de-acoes-de-aproximadamente-r-2-bi\/#primaryimage","url":"https:\/\/files.sunoresearch.com.br\/n\/uploads\/2019\/11\/dca5b174-marfrig-png.webp","contentUrl":"https:\/\/files.sunoresearch.com.br\/n\/uploads\/2019\/11\/dca5b174-marfrig-png.webp","width":960,"height":534,"caption":"Marfrig lan\u00e7ar\u00e1 nesta segunda marca global de carne \u00e0 base de prote\u00edna"},{"@type":"BreadcrumbList","@id":"https:\/\/www.suno.com.br\/noticias\/marfrig-prepara-oferta-subsequente-de-acoes-de-aproximadamente-r-2-bi\/#breadcrumb","itemListElement":[{"@type":"ListItem","position":1,"name":"Not\u00edcias","item":"https:\/\/www.suno.com.br\/noticias\/"},{"@type":"ListItem","position":2,"name":"Neg\u00f3cios","item":"https:\/\/www.suno.com.br\/noticias\/negocios\/"},{"@type":"ListItem","position":3,"name":"Marfrig prepara oferta subsequente de a\u00e7\u00f5es de aproximadamente R$ 2 bi"}]},{"@type":"WebSite","@id":"https:\/\/www.suno.com.br\/noticias\/#website","url":"https:\/\/www.suno.com.br\/noticias\/","name":"Suno Not\u00edcias","description":"Seu portal de informa\u00e7\u00e3o sobre o mundo dos investimentos","publisher":{"@id":"https:\/\/www.suno.com.br\/noticias\/#organization"},"potentialAction":[{"@type":"SearchAction","target":{"@type":"EntryPoint","urlTemplate":"https:\/\/www.suno.com.br\/noticias\/?s={search_term_string}"},"query-input":{"@type":"PropertyValueSpecification","valueRequired":true,"valueName":"search_term_string"}}],"inLanguage":"pt-BR"},{"@type":"Organization","@id":"https:\/\/www.suno.com.br\/noticias\/#organization","name":"Suno Not\u00edcias","url":"https:\/\/www.suno.com.br\/noticias\/","logo":{"@type":"ImageObject","inLanguage":"pt-BR","@id":"https:\/\/www.suno.com.br\/noticias\/#\/schema\/logo\/image\/","url":"https:\/\/files.sunoresearch.com.br\/n\/uploads\/2021\/09\/suno-logo.png","contentUrl":"https:\/\/files.sunoresearch.com.br\/n\/uploads\/2021\/09\/suno-logo.png","width":180,"height":180,"caption":"Suno Not\u00edcias"},"image":{"@id":"https:\/\/www.suno.com.br\/noticias\/#\/schema\/logo\/image\/"},"sameAs":["https:\/\/facebook.com\/sunoresearch","https:\/\/x.com\/sunoresearch","https:\/\/www.instagram.com\/suno","https:\/\/www.linkedin.com\/company\/suno-research\/","https:\/\/www.youtube.com\/c\/sunoresearch"]},{"@type":"Person","@id":"https:\/\/www.suno.com.br\/noticias\/#\/schema\/person\/1db762f78ffd8919a648a63e425953e3","name":"Juliano Passaro","image":{"@type":"ImageObject","inLanguage":"pt-BR","@id":"https:\/\/www.suno.com.br\/noticias\/#\/schema\/person\/image\/","url":"https:\/\/secure.gravatar.com\/avatar\/743d4df28eebf6dcc46b4ad03c319e92?s=96&r=g","contentUrl":"https:\/\/secure.gravatar.com\/avatar\/743d4df28eebf6dcc46b4ad03c319e92?s=96&r=g","caption":"Juliano Passaro"},"description":"Juliano Passaro escreve sobre pol\u00edtica, economia e neg\u00f3cios para o portal da Suno Research. Antes da Suno, trabalhou no Portal da Band. \u00c9 formado em jornalismo pela Universidade Presbiteriana Mackenzie.","url":"https:\/\/www.suno.com.br\/noticias\/author\/juliano\/"}]}},"default_loop_html":"<div class=\"cardsPage__listCard__boxs\"><div class=\"cardsPage__listCard__boxs__img\"><a href=\"https:\/\/www.suno.com.br\/noticias\/marfrig-prepara-oferta-subsequente-de-acoes-de-aproximadamente-r-2-bi\/\"><img class=\"mask\" src=\"https:\/\/www.suno.com.br\/noticias\/wp-content\/themes\/suno\/resources\/images\/spotlight\/spotlight1img\/bg-mask.png\" alt=\"Image Mask\"\/><img src=\"https:\/\/files.sunoresearch.com.br\/n\/uploads\/2019\/11\/dca5b174-marfrig-400x200.webp\" alt=\"Marfrig prepara oferta subsequente de a\u00e7\u00f5es de aproximadamente R$ 2 bi\"\/><\/a><span class=\"spotlightCategory\"><a href=\"https:\/\/www.suno.com.br\/noticias\/negocios\/\">Neg\u00f3cios<\/a><\/span><\/div><div class=\"cardsPage__listCard__boxs__content\"><a href=\"https:\/\/www.suno.com.br\/noticias\/marfrig-prepara-oferta-subsequente-de-acoes-de-aproximadamente-r-2-bi\/\"><h2 class=\"content__title\">Marfrig prepara oferta subsequente de a\u00e7\u00f5es de aproximadamente R$ 2 bi<\/h2><\/a><div class=\"newsContent__article__meta\"><div class=\"newsContent__article__meta__authorBox\"><a href=\"https:\/\/www.suno.com.br\/noticias\/author\/juliano\/\" class=\"authorBox__avatar noMobi\"><img src=\"https:\/\/files.sunoresearch.com.br\/n\/uploads\/2019\/06\/7cc3efea-whatsapp-image-2019-07-18-at-21.59.33-e1563499821209-150x150.webp\" alt=\"Juliano Passaro\"><\/a><div class=\"authorBox__name\"><span>por\n\t\t\t<a href=\"https:\/\/www.suno.com.br\/noticias\/author\/juliano\/\"><span itemprop=\"author\">Juliano Passaro<\/span><\/a><\/span><time datetime=\"2019-11-26T12:13:34-03:00\" itemprop=\"datePublished\">26\/11\/2019 12:13<\/time><\/div><\/div><\/div><\/div><\/div>","single_layout":"posts","amp_enabled":true,"_links":{"self":[{"href":"https:\/\/www.suno.com.br\/noticias\/wp-json\/wp\/v2\/posts\/45746"}],"collection":[{"href":"https:\/\/www.suno.com.br\/noticias\/wp-json\/wp\/v2\/posts"}],"about":[{"href":"https:\/\/www.suno.com.br\/noticias\/wp-json\/wp\/v2\/types\/post"}],"author":[{"embeddable":true,"href":"https:\/\/www.suno.com.br\/noticias\/wp-json\/wp\/v2\/users\/19"}],"replies":[{"embeddable":true,"href":"https:\/\/www.suno.com.br\/noticias\/wp-json\/wp\/v2\/comments?post=45746"}],"version-history":[{"count":0,"href":"https:\/\/www.suno.com.br\/noticias\/wp-json\/wp\/v2\/posts\/45746\/revisions"}],"wp:featuredmedia":[{"embeddable":true,"href":"https:\/\/www.suno.com.br\/noticias\/wp-json\/wp\/v2\/media\/45756"}],"wp:attachment":[{"href":"https:\/\/www.suno.com.br\/noticias\/wp-json\/wp\/v2\/media?parent=45746"}],"wp:term":[{"taxonomy":"category","embeddable":true,"href":"https:\/\/www.suno.com.br\/noticias\/wp-json\/wp\/v2\/categories?post=45746"},{"taxonomy":"post_tag","embeddable":true,"href":"https:\/\/www.suno.com.br\/noticias\/wp-json\/wp\/v2\/tags?post=45746"},{"taxonomy":"suno_strategy","embeddable":true,"href":"https:\/\/www.suno.com.br\/noticias\/wp-json\/wp\/v2\/suno_strategy?post=45746"}],"curies":[{"name":"wp","href":"https:\/\/api.w.org\/{rel}","templated":true}]}}