{"id":457388,"date":"2023-09-17T11:57:42","date_gmt":"2023-09-17T14:57:42","guid":{"rendered":"https:\/\/www.suno.com.br\/noticias\/?p=457388"},"modified":"2023-09-17T14:05:07","modified_gmt":"2023-09-17T17:05:07","slug":"selic-acoes-baratas-juros-ibovespa-acelerar-mal","status":"publish","type":"post","link":"https:\/\/www.suno.com.br\/noticias\/selic-acoes-baratas-juros-ibovespa-acelerar-mal\/","title":{"rendered":"Bolsa e Selic: a\u00e7\u00f5es baratas e queda dos juros devem impulsionar mercado no curto prazo, dizem analistas"},"content":{"rendered":"<p>A trajet\u00f3ria de redu\u00e7\u00e3o da <a class=\"suno-keyword\" target=\"_blank\" data-force=\"no\" data-priority=\"1\" href=\"https:\/\/www.suno.com.br\/artigos\/taxa-de-juros\/\" rel=\"noopener\">taxa b\u00e1sica de juros<\/a>, a <strong>Selic<\/strong>, ainda que de forma gradual, aliada a ativos nacionais que mant\u00eam descontos significativos na Bolsa, s\u00e3o os principais impulsionadores para o desempenho do Ibovespa no <a class=\"suno-keyword\" target=\"_blank\" data-force=\"no\" data-priority=\"1\" href=\"https:\/\/www.suno.com.br\/artigos\/curto-prazo\/\" rel=\"noopener\">curto prazo<\/a>. No entanto, analistas entrevistados pelo Broadcast (o sistema de not\u00edcias em tempo real do Grupo Estado) apontam que essa perspectiva poderia ser prejudicada por influ\u00eancias adversas do cen\u00e1rio internacional &#8211; entre as quais, uma <a class=\"suno-keyword\" target=\"_blank\" data-force=\"no\" data-priority=\"1\" href=\"https:\/\/www.suno.com.br\/artigos\/aversao-ao-risco\/\" rel=\"noopener\">avers\u00e3o ao risco<\/a> mais pronunciada, como a observada em agosto &#8211; e por uma postura fiscal menos favor\u00e1vel no Brasil.<\/p>\t<div class=\"wrapper-featured-image\">\n\t\t<figure class=\"spotlightImg\">\n\n\t\t\t<picture>\n\t\t\t\t<source media=\"(max-width: 768px)\" srcset=\"https:\/\/files.sunoresearch.com.br\/n\/uploads\/2023\/05\/taxas-juros-economia-400x200.jpg\">\n\t\t\t\t<img loading=\"lazy\" decoding=\"async\" class=\"newsContent__article__imgCapa lazyloadDisabled \" src=\"https:\/\/files.sunoresearch.com.br\/n\/uploads\/2023\/05\/taxas-juros-economia-800x450.jpg\" width=\"800\" height=\"450\" alt=\"Bolsa e Selic: a\u00e7\u00f5es baratas e queda dos juros devem impulsionar mercado no curto prazo, dizem analistas\" fetchpriority=high \/>\n\t\t\t<\/picture>\n\n\t\t\t<figcaption class=\"wp-caption-text wp-caption-text--show\">Fundos imobili\u00e1rios - Foto: iStock<\/figcaption>\n\t\t<\/figure>\n\t<\/div>\n\n\n\n\n\n\t<p>\n\t\t<a href=\"https:\/\/lp.suno.com.br\/planilha-da-vida-financeira\/\" target=\"_blank\" data-element=\"shortcode-suno-banner\" title=\"Banner SUNO, clique e saiba mais\">\n\t\t\t<picture>\n\t\t\t\t<source media=\"(max-width: 500px)\" srcset=\"https:\/\/files.sunoresearch.com.br\/n\/uploads\/2023\/04\/400x300-Planilha-vida-financeira-true.png\">\n\t\t\t\t<img class=\"newsContent__article__imgCapa newsContent__article__imgCapa--banner\"\n\t\t\t\t\tsrc=\"https:\/\/files.sunoresearch.com.br\/n\/uploads\/2023\/04\/1420x240-Planilha-vida-financeira-true.png\"\n\t\t\t\t\tdata-promo-id=\"106682\"\t\t\t\t\t\t\t\t\t\twidth='1420' height='240'\t\t\t\t\talt=\"https:\/\/files.sunoresearch.com.br\/n\/uploads\/2023\/04\/1420x240-Planilha-vida-financeira-true.png\"\n\t\t\t\t>\n\t\t\t<\/picture>\n\t\t<\/a>\n\t<\/p>\n\n\n\n\n\n\n\n<p>&#8220;Se <strong>Bolsa barata <\/strong>e afrouxamento da <strong>pol\u00edtica monet\u00e1ria <\/strong>s\u00e3o aceleradores para o Ibovespa, o freio pode vir l\u00e1 de fora e do fiscal brasileiro&#8221;, resume Filipe Villegas, estrategista de a\u00e7\u00f5es da Genial Investimentos. Not\u00edcias sobre press\u00e3o nos gastos p\u00fablicos e aumento de impostos, caracter\u00edsticas do atual governo, segundo ele, podem desancorar as expectativas do mercado em torno da infla\u00e7\u00e3o.<\/p>\n\n\n\n<p>Jerson Zanlorenzi, respons\u00e1vel pela mesa de a\u00e7\u00f5es do BTG Pactual, diz que h\u00e1 possibilidade de o <strong>Ibovespa<\/strong> ter uma &#8220;segunda pernada&#8221; de alta, caso o governo federal consiga fechar o gap do d\u00e9ficit zero, anunciando ideias para sustent\u00e1-lo.<\/p>\n\n\n\n<p>Mas, neste momento, a preocupa\u00e7\u00e3o priorit\u00e1ria parte mais do exterior (Estados Unidos, principalmente) do que do Brasil. O receio do estrategista da Genial \u00e9 de um cen\u00e1rio de estagfla\u00e7\u00e3o [infla\u00e7\u00e3o ainda persistente com uma economia cedendo] que, em sua opini\u00e3o, seria bastante negativo para as a\u00e7\u00f5es globais, e o Brasil inclusive.<\/p>\n\n\n\n<p>Al\u00e9m dos ativos ainda muito descontados, especialmente aqueles ligados \u00e0 <a class=\"suno-keyword\" target=\"_blank\" data-force=\"no\" data-priority=\"1\" href=\"https:\/\/www.suno.com.br\/artigos\/economia-domestica\/\" rel=\"noopener\">economia dom\u00e9stica<\/a> e de menor capitaliza\u00e7\u00e3o, a <strong>taxa Selic<\/strong> tamb\u00e9m tem uma trajet\u00f3ria de efeito positivo sobre a Bolsa. Segundo Villegas, historicamente falando, cada queda de 1% da taxa b\u00e1sica de juros corresponde, em m\u00e9dia, a uma alta de 8% na Bolsa brasileira.<\/p>\n\n\n\n<p>A pr\u00f3xima decis\u00e3o do Comit\u00ea de <a class=\"suno-keyword\" target=\"_blank\" data-force=\"no\" data-priority=\"1\" href=\"https:\/\/www.suno.com.br\/artigos\/politica-monetaria\/\" rel=\"noopener\">Pol\u00edtica Monet\u00e1ria<\/a> do Banco Central (<strong>Copom<\/strong>) sobre a Selic ocorre na pr\u00f3xima quarta (20) &#8212; mesmo dia em que o Federal Reserve (Fed) vai anunciar a taxa de juros do pa\u00eds.<\/p>\n\n\n\n<p>Na \u00faltima <strong>reuni\u00e3o do Copom,<\/strong> os juros do Brasil ca\u00edram de 13,75% para 13,25%.  <\/p>\n\n\n\n\t<div data-element=\"shortcode-read-more\" class=\"readToo\">\n\t\t\t\t<span class=\"readToo__title\">Leia mais<\/span>\n\t\t\t\t<ul class=\"readToo__list\">\n\t\t\t<li><a href=\"https:\/\/www.suno.com.br\/noticias\/ata-do-copom-analistas-selic-juros-evm\/\">Ata do Copom: o que esperar da Selic para o fim de 2023?<\/a><\/li><li><a href=\"https:\/\/www.suno.com.br\/noticias\/selic-aumeto-adicional-corte-juros-pouco-provavel-gpj\/\">Selic: intensifica\u00e7\u00e3o do ritmo de cortes dos juros \u00e9 &#8216;pouco prov\u00e1vel&#8217;, diz ata do Copom<\/a><\/li><li><a href=\"https:\/\/www.suno.com.br\/noticias\/copom-comunicado-selic-novas-quedas-analistas\/\">Repercuss\u00e3o ao Copom: comunicado &#8220;leve&#8221; indica novas quedas, dizem analistas; comit\u00ea dividido chama aten\u00e7\u00e3o<\/a><\/li>\t\t<\/ul>\n\t<\/div>\n\n\n\n\n<h2 class=\"wp-block-heading\">Investidores apostam na queda da Selic como catalisador do Ibovespa<\/h2>\n\n\n\n<p>Esta tem\u00e1tica sobre a rela\u00e7\u00e3o entre juros e a Bolsa, est\u00e1 impl\u00edcita na conduta do mercado. Em uma enquete promovida com investidores durante a 24\u00aa Confer\u00eancia Anual do Santander, 68% dos entrevistados apostaram que a queda dos juros ser\u00e1 o principal catalisador para este segundo semestre. \u00c9 tamb\u00e9m por isso que o <strong>desempenho de agosto do Ibovespa<\/strong>, apesar de encerrar no vermelho, n\u00e3o surpreendeu o estrategista de a\u00e7\u00f5es da Santander Corretora, Ricardo Peretti, para quem o mercado tende a voltar a se valorizar no m\u00e9dio e longo prazos.<\/p>\n\n\n\n<p>&#8220;O mercado realizou muito em agosto. E muito mais por fatores externos (80% a 90%) do que dom\u00e9sticos&#8221;, diz Peretti, lembrando que o movimento de baixa da Bolsa no m\u00eas passado coincidiu historicamente com a realiza\u00e7\u00e3o de lucros do mercado. Com os Treasuries, os t\u00edtulos do Tesouro dos EUA, mais atrativos e temor da China, os estrangeiros retiraram R$ 13,205 bilh\u00f5es da B3 em agosto.<\/p>\n\n\n\n<p>Segundo Peretti, num horizonte de seis a 12 meses, sempre do m\u00eas depois que o BC d\u00e1 o pontap\u00e9 inicial de um novo <strong>ciclo de baixa da Selic<\/strong>, na m\u00e9dia, a Bolsa brasileira volta a se valorizar de 15% a 20%. &#8220;A gente ainda realmente acha que isso vai acontecer, porque essa tem\u00e1tica de queda de juros \u00e9 muito forte no mercado&#8221;, afirma, admitindo que n\u00e3o \u00e9 nenhum absurdo imaginar um Ibovespa fechando o ano mais pr\u00f3ximo dos 125 mil pontos.<\/p>\n\n\n\n<p>\u00c9 a mesma perspectiva tra\u00e7ada por Villegas. Hoje, seu alvo para o Ibovespa fica entre 122 mil e 125 mil. &#8220;Poderia ir at\u00e9 131 mil pontos, mas precisaria ter uma converg\u00eancia de fatores positivos, tanto externamente quanto internamente, cen\u00e1rio de menor probabilidade. Ent\u00e3o, vejo um Ibovespa neutro daqui at\u00e9 o final do ano&#8221;, afirma.<\/p>\n\n\n\n<p>J\u00e1 Zanlorenzi, do BTG, parece um pouco mais otimista e estima uma m\u00e9dia de 140 mil pontos para os pr\u00f3ximos 12 meses, caso algumas premissas macroecon\u00f4micas sejam atingidas. &#8220;N\u00e3o achamos que a Bolsa deixou de estar barata, nem que n\u00e3o reduzimos o <a class=\"suno-keyword\" target=\"_blank\" data-force=\"no\" data-priority=\"1\" href=\"https:\/\/www.suno.com.br\/artigos\/embi\/\" rel=\"noopener\">risco Brasil<\/a> com o arcabou\u00e7o&#8221;, afirma. Ele diz ainda que dois fatores importantes do exterior j\u00e1 parecem mais precificados: a China e a taxa de juros dos EUA.<\/p>\n\n\n\n\t<div data-element=\"shortcode-read-more\" class=\"readToo\">\n\t\t\t\t<span class=\"readToo__title\">Leia mais<\/span>\n\t\t\t\t<ul class=\"readToo__list\">\n\t\t\t<li><a href=\"https:\/\/www.suno.com.br\/noticias\/ibovespa-hoje-mercado-ao-vivo-150923\/\">Ibovespa cai em dia de baixa da Vale (VALE3) e da Petrobras (PETR4), mas \u00edndice sobe na semana; Energisa (ENGI11) lidera altas e Via (VIIA3) volta a derreter<\/a><\/li><li><a href=\"https:\/\/www.suno.com.br\/noticias\/investimentos-conservadores-avancam-apos-ibovespa-cair-ar\/\">Investimentos conservadores ganham mais espa\u00e7o ap\u00f3s queda do Ibovespa em agosto<\/a><\/li><li><a href=\"https:\/\/www.suno.com.br\/noticias\/genial-carteiras-ibovespa-dividendos-vale-vale3-engie-egie3-va\/\">Genial muda carteiras do Ibovespa e de dividendos, mas mant\u00e9m Vale (VALE3) e Engie (EGIE3); veja recomenda\u00e7\u00f5es<\/a><\/li>\t\t<\/ul>\n\t<\/div>\n\n\n\n\t<p>\n\t\t<a href=\"https:\/\/lp.suno.com.br\/ebook-como-analisar-uma-acao\/\" target=\"_blank\" data-element=\"shortcode-suno-banner\" title=\"Banner SUNO, clique e saiba mais\">\n\t\t\t<picture>\n\t\t\t\t<source media=\"(max-width: 500px)\" srcset=\"https:\/\/files.sunoresearch.com.br\/n\/uploads\/2023\/03\/Ebook-Acoes-Mobile.jpg\">\n\t\t\t\t<img class=\"newsContent__article__imgCapa newsContent__article__imgCapa--banner\"\n\t\t\t\t\tsrc=\"https:\/\/files.sunoresearch.com.br\/n\/uploads\/2023\/03\/Ebook-Acoes-Desktop.jpg\"\n\t\t\t\t\tdata-promo-id=\"378302\"\t\t\t\t\t\t\t\t\t\twidth='1420' height='286'\t\t\t\t\talt=\"https:\/\/files.sunoresearch.com.br\/n\/uploads\/2023\/03\/Ebook-Acoes-Desktop.jpg\"\n\t\t\t\t>\n\t\t\t<\/picture>\n\t\t<\/a>\n\t<\/p>\n\n\n\n\n\n<h2 class=\"wp-block-heading\">Resultado X Rentabilidade na pr\u00f3xima temporada de balan\u00e7os<\/h2>\n\n\n\n<p>Para a temporada de balan\u00e7os do terceiro trimestre de 2023, Villegas, da Genial, aponta que as empresas, como reflexo do in\u00edcio de ciclo de <strong>cortes da Selic<\/strong>, devem mostrar melhores resultados financeiros, que est\u00e3o mais relacionados ao custo das d\u00edvidas que elas t\u00eam, mas a rentabilidade do per\u00edodo ainda &#8220;n\u00e3o deve surpreender&#8221;.<\/p>\n\n\n\n<p>Peretti, da Santander Corretora, do ponto de vista da Selic, tamb\u00e9m n\u00e3o v\u00ea surpresas positivas nas performances que ser\u00e3o apresentadas no terceiro trimestre. E at\u00e9 arrisca antecipar que a pr\u00f3xima safra de balan\u00e7os, inclusive, ser\u00e1 bem similar \u00e0 \u00faltima, encerrada em junho. No ano contra ano, ele acredita que os detratores ainda ser\u00e3o as commodities.<\/p>\n\n\n\n<p><em>Com Estad\u00e3o Conte\u00fado<\/em><\/p>\n\n\n\t<p>\n\t\t<a href=\"https:\/\/lp.suno.com.br\/planilha-da-vida-financeira\/\" target=\"_blank\" data-element=\"shortcode-suno-banner\" title=\"Banner SUNO, clique e saiba mais\">\n\t\t\t<picture>\n\t\t\t\t<source media=\"(max-width: 500px)\" srcset=\"https:\/\/files.sunoresearch.com.br\/n\/uploads\/2023\/04\/400x300-Planilha-vida-financeira-true.png\">\n\t\t\t\t<img class=\"newsContent__article__imgCapa newsContent__article__imgCapa--banner\"\n\t\t\t\t\tsrc=\"https:\/\/files.sunoresearch.com.br\/n\/uploads\/2023\/04\/1420x240-Planilha-vida-financeira-true.png\"\n\t\t\t\t\tdata-promo-id=\"383123\"\t\t\t\t\t\t\t\t\t\twidth='1420' height='240'\t\t\t\t\talt=\"https:\/\/files.sunoresearch.com.br\/n\/uploads\/2023\/04\/1420x240-Planilha-vida-financeira-true.png\"\n\t\t\t\t>\n\t\t\t<\/picture>\n\t\t<\/a>\n\t<\/p>\n\n\n","protected":false},"excerpt":{"rendered":"<p>A trajet\u00f3ria de redu\u00e7\u00e3o da taxa b\u00e1sica de juros, a Selic, ainda que de forma gradual, aliada a ativos nacionais que mant\u00eam descontos significativos na Bolsa, s\u00e3o os principais impulsionadores para o desempenho do Ibovespa no curto prazo. No entanto, analistas entrevistados pelo Broadcast (o sistema de not\u00edcias em tempo real do Grupo Estado) apontam [&hellip;]<\/p>\n","protected":false},"author":98,"featured_media":408704,"comment_status":"closed","ping_status":"closed","sticky":false,"template":"","format":"standard","meta":[],"categories":[60],"tags":[1842,1937,721,1752,290],"suno_strategy":[],"class_list":["post-457388","post","type-post","status-publish","format-standard","has-post-thumbnail","hentry","category-mercado","tag-banco-central-bc","tag-bolsa-de-valores-de-sao-paulo-b3","tag-ibovespa","tag-taxa-de-juros","tag-taxa-selic"],"yoast_head":"<!-- This site is optimized with the Yoast SEO plugin v24.4 - https:\/\/yoast.com\/wordpress\/plugins\/seo\/ -->\n<title>Selic: a\u00e7\u00f5es baratas e queda da taxa de juros devem acelerar Bolsa<\/title>\n<meta name=\"description\" content=\"A trajet\u00f3ria de redu\u00e7\u00e3o da taxa b\u00e1sica de juros, a Selic, e ativos nacionais descontados na Bolsa, devem impulsionar o Ibovespa\" \/>\n<meta name=\"robots\" content=\"index, follow, max-snippet:-1, max-image-preview:large, max-video-preview:-1\" \/>\n<link rel=\"canonical\" href=\"https:\/\/www.suno.com.br\/noticias\/selic-acoes-baratas-juros-ibovespa-acelerar-mal\/\" \/>\n<meta property=\"og:locale\" content=\"pt_BR\" \/>\n<meta property=\"og:type\" content=\"article\" \/>\n<meta property=\"og:title\" content=\"Selic: a\u00e7\u00f5es baratas e queda da taxa de juros devem acelerar Bolsa\" \/>\n<meta property=\"og:description\" content=\"A trajet\u00f3ria de redu\u00e7\u00e3o da taxa b\u00e1sica de juros, a Selic, e ativos nacionais descontados na Bolsa, devem impulsionar o Ibovespa\" \/>\n<meta property=\"og:url\" content=\"https:\/\/www.suno.com.br\/noticias\/selic-acoes-baratas-juros-ibovespa-acelerar-mal\/\" \/>\n<meta property=\"og:site_name\" content=\"Suno Not\u00edcias\" \/>\n<meta property=\"article:publisher\" content=\"https:\/\/facebook.com\/sunoresearch\" \/>\n<meta property=\"og:image\" content=\"https:\/\/files.sunoresearch.com.br\/n\/uploads\/2023\/05\/taxas-juros-economia.jpg\" \/>\n\t<meta property=\"og:image:width\" content=\"1200\" \/>\n\t<meta property=\"og:image:height\" content=\"800\" \/>\n\t<meta property=\"og:image:type\" content=\"image\/jpeg\" \/>\n<meta name=\"author\" content=\"Marco Ant\u00f4nio Lopes\" \/>\n<meta name=\"twitter:card\" content=\"summary_large_image\" \/>\n<meta name=\"twitter:creator\" content=\"@sunoresearch\" \/>\n<meta name=\"twitter:site\" content=\"@sunoresearch\" \/>\n<meta name=\"twitter:label1\" content=\"Escrito por\" \/>\n\t<meta name=\"twitter:data1\" content=\"Marco Ant\u00f4nio Lopes\" \/>\n\t<meta name=\"twitter:label2\" content=\"Est. tempo de leitura\" \/>\n\t<meta name=\"twitter:data2\" content=\"5 minutos\" \/>\n<script type=\"application\/ld+json\" class=\"yoast-schema-graph\">{\"@context\":\"https:\/\/schema.org\",\"@graph\":[{\"@type\":\"NewsArticle\",\"@id\":\"https:\/\/www.suno.com.br\/noticias\/selic-acoes-baratas-juros-ibovespa-acelerar-mal\/#article\",\"isPartOf\":{\"@id\":\"https:\/\/www.suno.com.br\/noticias\/selic-acoes-baratas-juros-ibovespa-acelerar-mal\/\"},\"author\":{\"name\":\"Marco Ant\u00f4nio Lopes\",\"@id\":\"https:\/\/www.suno.com.br\/noticias\/#\/schema\/person\/829bbe8d57f84333b966b96229c6bf5f\"},\"headline\":\"Bolsa e Selic: a\u00e7\u00f5es baratas e queda dos juros devem impulsionar mercado no curto prazo, dizem analistas\",\"datePublished\":\"2023-09-17T14:57:42+00:00\",\"dateModified\":\"2023-09-17T17:05:07+00:00\",\"mainEntityOfPage\":{\"@id\":\"https:\/\/www.suno.com.br\/noticias\/selic-acoes-baratas-juros-ibovespa-acelerar-mal\/\"},\"wordCount\":920,\"publisher\":{\"@id\":\"https:\/\/www.suno.com.br\/noticias\/#organization\"},\"image\":{\"@id\":\"https:\/\/www.suno.com.br\/noticias\/selic-acoes-baratas-juros-ibovespa-acelerar-mal\/#primaryimage\"},\"thumbnailUrl\":\"https:\/\/files.sunoresearch.com.br\/n\/uploads\/2023\/05\/taxas-juros-economia.jpg\",\"keywords\":[\"Banco Central (BC)\",\"Bolsa de Valores de S\u00e3o Paulo (B3)\",\"Ibovespa\",\"taxa de juros\",\"Taxa Selic\"],\"articleSection\":[\"Mercado\"],\"inLanguage\":\"pt-BR\"},{\"@type\":\"WebPage\",\"@id\":\"https:\/\/www.suno.com.br\/noticias\/selic-acoes-baratas-juros-ibovespa-acelerar-mal\/\",\"url\":\"https:\/\/www.suno.com.br\/noticias\/selic-acoes-baratas-juros-ibovespa-acelerar-mal\/\",\"name\":\"Selic: a\u00e7\u00f5es baratas e queda da taxa de juros devem acelerar Bolsa\",\"isPartOf\":{\"@id\":\"https:\/\/www.suno.com.br\/noticias\/#website\"},\"primaryImageOfPage\":{\"@id\":\"https:\/\/www.suno.com.br\/noticias\/selic-acoes-baratas-juros-ibovespa-acelerar-mal\/#primaryimage\"},\"image\":{\"@id\":\"https:\/\/www.suno.com.br\/noticias\/selic-acoes-baratas-juros-ibovespa-acelerar-mal\/#primaryimage\"},\"thumbnailUrl\":\"https:\/\/files.sunoresearch.com.br\/n\/uploads\/2023\/05\/taxas-juros-economia.jpg\",\"datePublished\":\"2023-09-17T14:57:42+00:00\",\"dateModified\":\"2023-09-17T17:05:07+00:00\",\"description\":\"A trajet\u00f3ria de redu\u00e7\u00e3o da taxa b\u00e1sica de juros, a Selic, e ativos nacionais descontados na Bolsa, devem impulsionar o Ibovespa\",\"breadcrumb\":{\"@id\":\"https:\/\/www.suno.com.br\/noticias\/selic-acoes-baratas-juros-ibovespa-acelerar-mal\/#breadcrumb\"},\"inLanguage\":\"pt-BR\",\"potentialAction\":[{\"@type\":\"ReadAction\",\"target\":[\"https:\/\/www.suno.com.br\/noticias\/selic-acoes-baratas-juros-ibovespa-acelerar-mal\/\"]}]},{\"@type\":\"ImageObject\",\"inLanguage\":\"pt-BR\",\"@id\":\"https:\/\/www.suno.com.br\/noticias\/selic-acoes-baratas-juros-ibovespa-acelerar-mal\/#primaryimage\",\"url\":\"https:\/\/files.sunoresearch.com.br\/n\/uploads\/2023\/05\/taxas-juros-economia.jpg\",\"contentUrl\":\"https:\/\/files.sunoresearch.com.br\/n\/uploads\/2023\/05\/taxas-juros-economia.jpg\",\"width\":1200,\"height\":800,\"caption\":\"Fundos imobili\u00e1rios - Foto: iStock\"},{\"@type\":\"BreadcrumbList\",\"@id\":\"https:\/\/www.suno.com.br\/noticias\/selic-acoes-baratas-juros-ibovespa-acelerar-mal\/#breadcrumb\",\"itemListElement\":[{\"@type\":\"ListItem\",\"position\":1,\"name\":\"Not\u00edcias\",\"item\":\"https:\/\/www.suno.com.br\/noticias\/\"},{\"@type\":\"ListItem\",\"position\":2,\"name\":\"Mercado\",\"item\":\"https:\/\/www.suno.com.br\/noticias\/mercado\/\"},{\"@type\":\"ListItem\",\"position\":3,\"name\":\"Bolsa e Selic: a\u00e7\u00f5es baratas e queda dos juros devem impulsionar mercado no curto prazo, dizem analistas\"}]},{\"@type\":\"WebSite\",\"@id\":\"https:\/\/www.suno.com.br\/noticias\/#website\",\"url\":\"https:\/\/www.suno.com.br\/noticias\/\",\"name\":\"Suno Not\u00edcias\",\"description\":\"Seu portal de informa\u00e7\u00e3o sobre o mundo dos investimentos\",\"publisher\":{\"@id\":\"https:\/\/www.suno.com.br\/noticias\/#organization\"},\"potentialAction\":[{\"@type\":\"SearchAction\",\"target\":{\"@type\":\"EntryPoint\",\"urlTemplate\":\"https:\/\/www.suno.com.br\/noticias\/?s={search_term_string}\"},\"query-input\":{\"@type\":\"PropertyValueSpecification\",\"valueRequired\":true,\"valueName\":\"search_term_string\"}}],\"inLanguage\":\"pt-BR\"},{\"@type\":\"Organization\",\"@id\":\"https:\/\/www.suno.com.br\/noticias\/#organization\",\"name\":\"Suno Not\u00edcias\",\"url\":\"https:\/\/www.suno.com.br\/noticias\/\",\"logo\":{\"@type\":\"ImageObject\",\"inLanguage\":\"pt-BR\",\"@id\":\"https:\/\/www.suno.com.br\/noticias\/#\/schema\/logo\/image\/\",\"url\":\"https:\/\/files.sunoresearch.com.br\/n\/uploads\/2021\/09\/suno-logo.png\",\"contentUrl\":\"https:\/\/files.sunoresearch.com.br\/n\/uploads\/2021\/09\/suno-logo.png\",\"width\":180,\"height\":180,\"caption\":\"Suno Not\u00edcias\"},\"image\":{\"@id\":\"https:\/\/www.suno.com.br\/noticias\/#\/schema\/logo\/image\/\"},\"sameAs\":[\"https:\/\/facebook.com\/sunoresearch\",\"https:\/\/x.com\/sunoresearch\",\"https:\/\/www.instagram.com\/suno\",\"https:\/\/www.linkedin.com\/company\/suno-research\/\",\"https:\/\/www.youtube.com\/c\/sunoresearch\"]},{\"@type\":\"Person\",\"@id\":\"https:\/\/www.suno.com.br\/noticias\/#\/schema\/person\/829bbe8d57f84333b966b96229c6bf5f\",\"name\":\"Marco Ant\u00f4nio Lopes\",\"image\":{\"@type\":\"ImageObject\",\"inLanguage\":\"pt-BR\",\"@id\":\"https:\/\/www.suno.com.br\/noticias\/#\/schema\/person\/image\/\",\"url\":\"https:\/\/secure.gravatar.com\/avatar\/385167b012fbc1cde32c5446ee253313?s=96&r=g\",\"contentUrl\":\"https:\/\/secure.gravatar.com\/avatar\/385167b012fbc1cde32c5446ee253313?s=96&r=g\",\"caption\":\"Marco Ant\u00f4nio Lopes\"},\"description\":\"Jornalista, \u00e9 editor no Suno Not\u00edcias. Trabalhou nas revistas Playboy, Super, Veja Comer &amp; Beber, Homem Vogue e Universo Masculino, al\u00e9m dos portais Abril.com, R7, nas editorias de Home, Esportes, Hora 7, Entretenimento e Geral, e Eu Quero Investir. Autor do livro Bruce Lee: Definitivo (Editora Conrad). Colaborou nas revistas Nova, Veja SP, Grandes Guerras, Placar, Bizz, Casa Claudia e Quatro Rodas.\",\"url\":\"https:\/\/www.suno.com.br\/noticias\/author\/marco-lopes\/\"}]}<\/script>\n<!-- \/ Yoast SEO plugin. -->","yoast_head_json":{"title":"Selic: a\u00e7\u00f5es baratas e queda da taxa de juros devem acelerar Bolsa","description":"A trajet\u00f3ria de redu\u00e7\u00e3o da taxa b\u00e1sica de juros, a Selic, e ativos nacionais descontados na Bolsa, devem impulsionar o Ibovespa","robots":{"index":"index","follow":"follow","max-snippet":"max-snippet:-1","max-image-preview":"max-image-preview:large","max-video-preview":"max-video-preview:-1"},"canonical":"https:\/\/www.suno.com.br\/noticias\/selic-acoes-baratas-juros-ibovespa-acelerar-mal\/","og_locale":"pt_BR","og_type":"article","og_title":"Selic: a\u00e7\u00f5es baratas e queda da taxa de juros devem acelerar Bolsa","og_description":"A trajet\u00f3ria de redu\u00e7\u00e3o da taxa b\u00e1sica de juros, a Selic, e ativos nacionais descontados na Bolsa, devem impulsionar o Ibovespa","og_url":"https:\/\/www.suno.com.br\/noticias\/selic-acoes-baratas-juros-ibovespa-acelerar-mal\/","og_site_name":"Suno Not\u00edcias","article_publisher":"https:\/\/facebook.com\/sunoresearch","og_image":[{"width":1200,"height":800,"url":"https:\/\/files.sunoresearch.com.br\/n\/uploads\/2023\/05\/taxas-juros-economia.jpg","type":"image\/jpeg"}],"author":"Marco Ant\u00f4nio Lopes","twitter_card":"summary_large_image","twitter_creator":"@sunoresearch","twitter_site":"@sunoresearch","twitter_misc":{"Escrito por":"Marco Ant\u00f4nio Lopes","Est. tempo de leitura":"5 minutos"},"schema":{"@context":"https:\/\/schema.org","@graph":[{"@type":"NewsArticle","@id":"https:\/\/www.suno.com.br\/noticias\/selic-acoes-baratas-juros-ibovespa-acelerar-mal\/#article","isPartOf":{"@id":"https:\/\/www.suno.com.br\/noticias\/selic-acoes-baratas-juros-ibovespa-acelerar-mal\/"},"author":{"name":"Marco Ant\u00f4nio Lopes","@id":"https:\/\/www.suno.com.br\/noticias\/#\/schema\/person\/829bbe8d57f84333b966b96229c6bf5f"},"headline":"Bolsa e Selic: a\u00e7\u00f5es baratas e queda dos juros devem impulsionar mercado no curto prazo, dizem analistas","datePublished":"2023-09-17T14:57:42+00:00","dateModified":"2023-09-17T17:05:07+00:00","mainEntityOfPage":{"@id":"https:\/\/www.suno.com.br\/noticias\/selic-acoes-baratas-juros-ibovespa-acelerar-mal\/"},"wordCount":920,"publisher":{"@id":"https:\/\/www.suno.com.br\/noticias\/#organization"},"image":{"@id":"https:\/\/www.suno.com.br\/noticias\/selic-acoes-baratas-juros-ibovespa-acelerar-mal\/#primaryimage"},"thumbnailUrl":"https:\/\/files.sunoresearch.com.br\/n\/uploads\/2023\/05\/taxas-juros-economia.jpg","keywords":["Banco Central (BC)","Bolsa de Valores de S\u00e3o Paulo (B3)","Ibovespa","taxa de juros","Taxa Selic"],"articleSection":["Mercado"],"inLanguage":"pt-BR"},{"@type":"WebPage","@id":"https:\/\/www.suno.com.br\/noticias\/selic-acoes-baratas-juros-ibovespa-acelerar-mal\/","url":"https:\/\/www.suno.com.br\/noticias\/selic-acoes-baratas-juros-ibovespa-acelerar-mal\/","name":"Selic: a\u00e7\u00f5es baratas e queda da taxa de juros devem acelerar Bolsa","isPartOf":{"@id":"https:\/\/www.suno.com.br\/noticias\/#website"},"primaryImageOfPage":{"@id":"https:\/\/www.suno.com.br\/noticias\/selic-acoes-baratas-juros-ibovespa-acelerar-mal\/#primaryimage"},"image":{"@id":"https:\/\/www.suno.com.br\/noticias\/selic-acoes-baratas-juros-ibovespa-acelerar-mal\/#primaryimage"},"thumbnailUrl":"https:\/\/files.sunoresearch.com.br\/n\/uploads\/2023\/05\/taxas-juros-economia.jpg","datePublished":"2023-09-17T14:57:42+00:00","dateModified":"2023-09-17T17:05:07+00:00","description":"A trajet\u00f3ria de redu\u00e7\u00e3o da taxa b\u00e1sica de juros, a Selic, e ativos nacionais descontados na Bolsa, devem impulsionar o Ibovespa","breadcrumb":{"@id":"https:\/\/www.suno.com.br\/noticias\/selic-acoes-baratas-juros-ibovespa-acelerar-mal\/#breadcrumb"},"inLanguage":"pt-BR","potentialAction":[{"@type":"ReadAction","target":["https:\/\/www.suno.com.br\/noticias\/selic-acoes-baratas-juros-ibovespa-acelerar-mal\/"]}]},{"@type":"ImageObject","inLanguage":"pt-BR","@id":"https:\/\/www.suno.com.br\/noticias\/selic-acoes-baratas-juros-ibovespa-acelerar-mal\/#primaryimage","url":"https:\/\/files.sunoresearch.com.br\/n\/uploads\/2023\/05\/taxas-juros-economia.jpg","contentUrl":"https:\/\/files.sunoresearch.com.br\/n\/uploads\/2023\/05\/taxas-juros-economia.jpg","width":1200,"height":800,"caption":"Fundos imobili\u00e1rios - Foto: iStock"},{"@type":"BreadcrumbList","@id":"https:\/\/www.suno.com.br\/noticias\/selic-acoes-baratas-juros-ibovespa-acelerar-mal\/#breadcrumb","itemListElement":[{"@type":"ListItem","position":1,"name":"Not\u00edcias","item":"https:\/\/www.suno.com.br\/noticias\/"},{"@type":"ListItem","position":2,"name":"Mercado","item":"https:\/\/www.suno.com.br\/noticias\/mercado\/"},{"@type":"ListItem","position":3,"name":"Bolsa e Selic: a\u00e7\u00f5es baratas e queda dos juros devem impulsionar mercado no curto prazo, dizem analistas"}]},{"@type":"WebSite","@id":"https:\/\/www.suno.com.br\/noticias\/#website","url":"https:\/\/www.suno.com.br\/noticias\/","name":"Suno Not\u00edcias","description":"Seu portal de informa\u00e7\u00e3o sobre o mundo dos investimentos","publisher":{"@id":"https:\/\/www.suno.com.br\/noticias\/#organization"},"potentialAction":[{"@type":"SearchAction","target":{"@type":"EntryPoint","urlTemplate":"https:\/\/www.suno.com.br\/noticias\/?s={search_term_string}"},"query-input":{"@type":"PropertyValueSpecification","valueRequired":true,"valueName":"search_term_string"}}],"inLanguage":"pt-BR"},{"@type":"Organization","@id":"https:\/\/www.suno.com.br\/noticias\/#organization","name":"Suno Not\u00edcias","url":"https:\/\/www.suno.com.br\/noticias\/","logo":{"@type":"ImageObject","inLanguage":"pt-BR","@id":"https:\/\/www.suno.com.br\/noticias\/#\/schema\/logo\/image\/","url":"https:\/\/files.sunoresearch.com.br\/n\/uploads\/2021\/09\/suno-logo.png","contentUrl":"https:\/\/files.sunoresearch.com.br\/n\/uploads\/2021\/09\/suno-logo.png","width":180,"height":180,"caption":"Suno Not\u00edcias"},"image":{"@id":"https:\/\/www.suno.com.br\/noticias\/#\/schema\/logo\/image\/"},"sameAs":["https:\/\/facebook.com\/sunoresearch","https:\/\/x.com\/sunoresearch","https:\/\/www.instagram.com\/suno","https:\/\/www.linkedin.com\/company\/suno-research\/","https:\/\/www.youtube.com\/c\/sunoresearch"]},{"@type":"Person","@id":"https:\/\/www.suno.com.br\/noticias\/#\/schema\/person\/829bbe8d57f84333b966b96229c6bf5f","name":"Marco Ant\u00f4nio Lopes","image":{"@type":"ImageObject","inLanguage":"pt-BR","@id":"https:\/\/www.suno.com.br\/noticias\/#\/schema\/person\/image\/","url":"https:\/\/secure.gravatar.com\/avatar\/385167b012fbc1cde32c5446ee253313?s=96&r=g","contentUrl":"https:\/\/secure.gravatar.com\/avatar\/385167b012fbc1cde32c5446ee253313?s=96&r=g","caption":"Marco Ant\u00f4nio Lopes"},"description":"Jornalista, \u00e9 editor no Suno Not\u00edcias. Trabalhou nas revistas Playboy, Super, Veja Comer &amp; Beber, Homem Vogue e Universo Masculino, al\u00e9m dos portais Abril.com, R7, nas editorias de Home, Esportes, Hora 7, Entretenimento e Geral, e Eu Quero Investir. Autor do livro Bruce Lee: Definitivo (Editora Conrad). Colaborou nas revistas Nova, Veja SP, Grandes Guerras, Placar, Bizz, Casa Claudia e Quatro Rodas.","url":"https:\/\/www.suno.com.br\/noticias\/author\/marco-lopes\/"}]}},"default_loop_html":"<div class=\"cardsPage__listCard__boxs\"><div class=\"cardsPage__listCard__boxs__img\"><a href=\"https:\/\/www.suno.com.br\/noticias\/selic-acoes-baratas-juros-ibovespa-acelerar-mal\/\"><img class=\"mask\" src=\"https:\/\/www.suno.com.br\/noticias\/wp-content\/themes\/suno\/resources\/images\/spotlight\/spotlight1img\/bg-mask.png\" alt=\"Image Mask\"\/><img src=\"https:\/\/files.sunoresearch.com.br\/n\/uploads\/2023\/05\/taxas-juros-economia-400x200.jpg\" alt=\"Bolsa e Selic: a\u00e7\u00f5es baratas e queda dos juros devem impulsionar mercado no curto prazo, dizem analistas\"\/><\/a><span class=\"spotlightCategory\"><a href=\"https:\/\/www.suno.com.br\/noticias\/mercado\/\">Mercado<\/a><\/span><\/div><div class=\"cardsPage__listCard__boxs__content\"><a href=\"https:\/\/www.suno.com.br\/noticias\/selic-acoes-baratas-juros-ibovespa-acelerar-mal\/\"><h2 class=\"content__title\">Bolsa e Selic: a\u00e7\u00f5es baratas e queda dos juros devem impulsionar mercado no curto prazo, dizem analistas<\/h2><\/a><div class=\"newsContent__article__meta\"><div class=\"newsContent__article__meta__authorBox\"><a href=\"https:\/\/www.suno.com.br\/noticias\/author\/vini08correiagmail-com\/\" class=\"authorBox__avatar noMobi\"><img src=\"https:\/\/files.sunoresearch.com.br\/n\/uploads\/2026\/04\/WhatsApp-Image-2026-04-20-at-19.35.48-150x150.webp\" alt=\"Vin\u00edcius Alves\"><\/a><div class=\"authorBox__name\"><span>por\n\t\t\t<a href=\"https:\/\/www.suno.com.br\/noticias\/author\/vini08correiagmail-com\/\"><span itemprop=\"author\">Vin\u00edcius Alves<\/span><\/a><\/span><time datetime=\"2023-09-17T11:57:42-03:00\" itemprop=\"datePublished\">17\/09\/2023 11:57<\/time><\/div><\/div><\/div><\/div><\/div>","single_layout":"posts","amp_enabled":true,"_links":{"self":[{"href":"https:\/\/www.suno.com.br\/noticias\/wp-json\/wp\/v2\/posts\/457388"}],"collection":[{"href":"https:\/\/www.suno.com.br\/noticias\/wp-json\/wp\/v2\/posts"}],"about":[{"href":"https:\/\/www.suno.com.br\/noticias\/wp-json\/wp\/v2\/types\/post"}],"author":[{"embeddable":true,"href":"https:\/\/www.suno.com.br\/noticias\/wp-json\/wp\/v2\/users\/98"}],"replies":[{"embeddable":true,"href":"https:\/\/www.suno.com.br\/noticias\/wp-json\/wp\/v2\/comments?post=457388"}],"version-history":[{"count":3,"href":"https:\/\/www.suno.com.br\/noticias\/wp-json\/wp\/v2\/posts\/457388\/revisions"}],"predecessor-version":[{"id":457417,"href":"https:\/\/www.suno.com.br\/noticias\/wp-json\/wp\/v2\/posts\/457388\/revisions\/457417"}],"wp:featuredmedia":[{"embeddable":true,"href":"https:\/\/www.suno.com.br\/noticias\/wp-json\/wp\/v2\/media\/408704"}],"wp:attachment":[{"href":"https:\/\/www.suno.com.br\/noticias\/wp-json\/wp\/v2\/media?parent=457388"}],"wp:term":[{"taxonomy":"category","embeddable":true,"href":"https:\/\/www.suno.com.br\/noticias\/wp-json\/wp\/v2\/categories?post=457388"},{"taxonomy":"post_tag","embeddable":true,"href":"https:\/\/www.suno.com.br\/noticias\/wp-json\/wp\/v2\/tags?post=457388"},{"taxonomy":"suno_strategy","embeddable":true,"href":"https:\/\/www.suno.com.br\/noticias\/wp-json\/wp\/v2\/suno_strategy?post=457388"}],"curies":[{"name":"wp","href":"https:\/\/api.w.org\/{rel}","templated":true}]}}