{"id":45734,"date":"2019-11-26T11:28:31","date_gmt":"2019-11-26T13:28:31","guid":{"rendered":"https:\/\/www.suno.com.br\/noticias\/?p=45734"},"modified":"2019-11-26T11:38:29","modified_gmt":"2019-11-26T13:38:29","slug":"lojas-marisa-oferta-de-acoes-podera-movimentar-654-milhoes","status":"publish","type":"post","link":"https:\/\/www.suno.com.br\/noticias\/lojas-marisa-oferta-de-acoes-podera-movimentar-654-milhoes\/","title":{"rendered":"Lojas Marisa divulga oferta de a\u00e7\u00f5es que poder\u00e1 movimentar R$ 654,5 mi"},"content":{"rendered":"<p>A Lojas Marisa (<strong>AMAR3<\/strong>) anunciou nesta ter\u00e7a-feira (26) que a realiza\u00e7\u00e3o de uma oferta p\u00fablica prim\u00e1ria de a\u00e7\u00f5es foi aprovada pelo seu <a href=\"https:\/\/www.suno.com.br\/artigos\/conselho-administracao\/\">Conselho de Administra\u00e7\u00e3o<\/a>.<\/p>\t<div class=\"wrapper-featured-image\">\n\t\t<figure class=\"spotlightImg\">\n\n\t\t\t<picture>\n\t\t\t\t<source media=\"(max-width: 768px)\" srcset=\"https:\/\/files.sunoresearch.com.br\/n\/uploads\/2019\/11\/7314fa86-marisa-divulga\u00e7\u00e3o-400x200.webp\">\n\t\t\t\t<img loading=\"lazy\" decoding=\"async\" class=\"newsContent__article__imgCapa lazyloadDisabled newsContent__article__imgCapa--noCaption\" src=\"https:\/\/files.sunoresearch.com.br\/n\/uploads\/2019\/11\/7314fa86-marisa-divulga\u00e7\u00e3o-800x450.webp\" width=\"800\" height=\"450\" alt=\"Lojas Marisa divulga oferta de a\u00e7\u00f5es que poder\u00e1 movimentar R$ 654,5 mi\" fetchpriority=high \/>\n\t\t\t<\/picture>\n\n\t\t\t<figcaption class=\"wp-caption-text wp-caption-text--hide\">Lojas Marisa divulga oferta de a\u00e7\u00f5es que poder\u00e1 movimentar R$ 654,5 mi<\/figcaption>\n\t\t<\/figure>\n\t<\/div>\n\n\n\n<p>A rede varejista de moda anunciou que a oferta contar\u00e1 inicialmente com 46,8 milh\u00f5es de a\u00e7\u00f5es, havendo a possibilidade de aumentar a emiss\u00e3o dos pap\u00e9is. Segundo a <strong>Lojas Marisa<\/strong>, a oferta pode ser elevada com um lote suplementar de 9,3 milh\u00f5es de a\u00e7\u00f5es (20% do lote principal) e um lote adicional de 5,2 milh\u00f5es (11%).<\/p>\n<p><a href=\"https:\/\/www.suno.com.br\/black-friday-2019\/assinaturas\/\">Black Friday Suno \u2013 pague 2 anos e leve 3 nas principais assinaturas da Suno Research<\/a><\/p>\n<p>O pre\u00e7o por papel ser\u00e1 definido apenas depois do procedimento de <a href=\"https:\/\/www.suno.com.br\/artigos\/bookbuilding\/\">bookbuilding<\/a>. No entanto, a companhia indica como poss\u00edvel valor a cota\u00e7\u00e3o de fechamento na <strong><a href=\"https:\/\/www.suno.com.br\/artigos\/b3\/\">Bolsa de Valores de S\u00e3o Paulo (B3)<\/a><\/strong> na \u00faltima segunda-feira (25), de R$ 10,65.<\/p>\n<p><a href=\"https:\/\/www.suno.com.br\/noticias\/lojas-marisa-prejuizo-liquido\/\">Saiba mais: Lojas Marisa registra preju\u00edzo l\u00edquido de R$ 76 milh\u00f5es no 3T19<\/a><\/p>\n<p>Dessa forma, dependendo da utiliza\u00e7\u00e3o ou n\u00e3o dos lotes suplementar e adicional no mercado, a oferta poderia movimentar entre R$ 499,2 milh\u00f5es e R$ 654,5 milh\u00f5es. Os bancos que participar\u00e3o do processo s\u00e3o:<\/p>\n<ul>\n<li>Ita\u00fa BBA<\/li>\n<li>Bradesco BBI<\/li>\n<li>Bank of America Merrill Lynch Banco M\u00faltiplo S.A<\/li>\n<li>BB &#8211; Banco de Investimento<\/li>\n<\/ul>\n<p>Segundo a empresa, os recursos l\u00edquidos arrecadados com a oferta ter\u00e3o como destino a amortiza\u00e7\u00e3o e\/ou liquida\u00e7\u00e3o de d\u00edvidas e para refor\u00e7o do <a href=\"https:\/\/www.suno.com.br\/artigos\/capital-giro\/\">capital de giro<\/a>.<\/p>\n<h2>Lojas Marisa fecha parceria com Magazine Luiza<\/h2>\n<p>O <strong>Magazine Luiza<\/strong> (MGLU3) ir\u00e1 comercializar produtos do setor eletr\u00f4nico na lojas f\u00edsicas da Lojas Marisa. O projeto \u00e9 denominado &#8220;store in store&#8221;. Ser\u00e3o mais de 500 lojas da varejista de moda com o servi\u00e7o incluso. O an\u00fancio da parceria foi feito na manh\u00e3 da \u00faltima quinta-feira (21).<\/p>\n\t<p>\n\t\t<a href=\"https:\/\/lp.suno.com.br\/ebook-como-analisar-uma-acao\/\" target=\"_blank\" data-element=\"shortcode-suno-banner\" title=\"Banner SUNO, clique e saiba mais\">\n\t\t\t<picture>\n\t\t\t\t<source media=\"(max-width: 500px)\" srcset=\"https:\/\/files.sunoresearch.com.br\/n\/uploads\/2023\/12\/Ebook-Acoes-Mobile.jpg\">\n\t\t\t\t<img class=\"newsContent__article__imgCapa newsContent__article__imgCapa--banner\"\n\t\t\t\t\tsrc=\"https:\/\/files.sunoresearch.com.br\/n\/uploads\/2023\/12\/Ebook-Acoes-Desktop.webp\"\n\t\t\t\t\tdata-promo-id=\"311260\"\t\t\t\t\t\t\t\t\t\twidth='1420' height='286'\t\t\t\t\talt=\"https:\/\/files.sunoresearch.com.br\/n\/uploads\/2023\/12\/Ebook-Acoes-Desktop.webp\"\n\t\t\t\t>\n\t\t\t<\/picture>\n\t\t<\/a>\n\t<\/p>\n\n\n<p>A ideia do <b>Magalu<\/b> \u00e9 expandir sua base de clientes de forma significativa com a nova opera\u00e7\u00e3o. A varejista oferecer\u00e1 smartphones e acess\u00f3rios para eletr\u00f4nicos, al\u00e9m de servi\u00e7os digitais.<\/p>\n<p>Clientes que moram no Rio de Janeiro e em Bras\u00edlia tem motivos para comemorar. Isso porque o Magalu ainda n\u00e3o possui lojas f\u00edsicas nos dois locais e a op\u00e7\u00e3o &#8220;Retire na Loja&#8221; agora ficar\u00e1 dispon\u00edvel com a parceria firmada com a <strong>Lojas Marisa<\/strong>, tornando poss\u00edvel a retirada de produtos na varejista de moda.<\/p>\n","protected":false},"excerpt":{"rendered":"<p>A Lojas Marisa (AMAR3) anunciou nesta ter\u00e7a-feira (26) que a realiza\u00e7\u00e3o de uma oferta p\u00fablica prim\u00e1ria de a\u00e7\u00f5es foi aprovada pelo seu Conselho de Administra\u00e7\u00e3o. Lojas Marisa divulga oferta de a\u00e7\u00f5es que poder\u00e1 movimentar R$ 654,5 mi A rede varejista de moda anunciou que a oferta contar\u00e1 inicialmente com 46,8 milh\u00f5es de a\u00e7\u00f5es, havendo a [&hellip;]<\/p>\n","protected":false},"author":24,"featured_media":45753,"comment_status":"closed","ping_status":"closed","sticky":false,"template":"","format":"standard","meta":[],"categories":[64],"tags":[286,541],"suno_strategy":[],"class_list":["post-45734","post","type-post","status-publish","format-standard","has-post-thumbnail","hentry","category-negocios","tag-acoes","tag-lojas-marisa-amar3"],"yoast_head":"<!-- This site is optimized with the Yoast SEO plugin v24.4 - https:\/\/yoast.com\/wordpress\/plugins\/seo\/ -->\n<title>Lojas Marisa divulga oferta de a\u00e7\u00f5es que poder\u00e1 movimentar R$654,5 mi<\/title>\n<meta name=\"description\" content=\"A Lojas Marisa anunciou que a realiza\u00e7\u00e3o de uma oferta p\u00fablica prim\u00e1ria de a\u00e7\u00f5es foi aprovada pelo seu Conselho de Administra\u00e7\u00e3o. Saiba mais.\" \/>\n<meta name=\"robots\" content=\"index, follow, max-snippet:-1, max-image-preview:large, max-video-preview:-1\" \/>\n<link rel=\"canonical\" href=\"https:\/\/www.suno.com.br\/noticias\/lojas-marisa-oferta-de-acoes-podera-movimentar-654-milhoes\/\" \/>\n<meta property=\"og:locale\" content=\"pt_BR\" \/>\n<meta property=\"og:type\" content=\"article\" \/>\n<meta property=\"og:title\" content=\"Lojas Marisa divulga oferta de a\u00e7\u00f5es que poder\u00e1 movimentar R$654,5 mi\" \/>\n<meta property=\"og:description\" content=\"A Lojas Marisa anunciou que a realiza\u00e7\u00e3o de uma oferta p\u00fablica prim\u00e1ria de a\u00e7\u00f5es foi aprovada pelo seu Conselho de Administra\u00e7\u00e3o. Saiba mais.\" \/>\n<meta property=\"og:url\" content=\"https:\/\/www.suno.com.br\/noticias\/lojas-marisa-oferta-de-acoes-podera-movimentar-654-milhoes\/\" \/>\n<meta property=\"og:site_name\" content=\"Suno Not\u00edcias\" \/>\n<meta property=\"article:publisher\" content=\"https:\/\/facebook.com\/sunoresearch\" \/>\n<meta property=\"og:image\" content=\"https:\/\/files.sunoresearch.com.br\/n\/uploads\/2019\/11\/7314fa86-marisa-divulga\u00e7\u00e3o.jpg\" \/>\n\t<meta property=\"og:image:width\" content=\"1024\" \/>\n\t<meta property=\"og:image:height\" content=\"768\" \/>\n\t<meta property=\"og:image:type\" content=\"image\/jpeg\" \/>\n<meta name=\"author\" content=\"Jader Lazarini\" \/>\n<meta name=\"twitter:card\" content=\"summary_large_image\" \/>\n<meta name=\"twitter:creator\" content=\"@sunoresearch\" \/>\n<meta name=\"twitter:site\" content=\"@sunoresearch\" \/>\n<meta name=\"twitter:label1\" content=\"Escrito por\" \/>\n\t<meta name=\"twitter:data1\" content=\"Jader Lazarini\" \/>\n\t<meta name=\"twitter:label2\" content=\"Est. tempo de leitura\" \/>\n\t<meta name=\"twitter:data2\" content=\"2 minutos\" \/>\n<script type=\"application\/ld+json\" class=\"yoast-schema-graph\">{\"@context\":\"https:\/\/schema.org\",\"@graph\":[{\"@type\":\"NewsArticle\",\"@id\":\"https:\/\/www.suno.com.br\/noticias\/lojas-marisa-oferta-de-acoes-podera-movimentar-654-milhoes\/#article\",\"isPartOf\":{\"@id\":\"https:\/\/www.suno.com.br\/noticias\/lojas-marisa-oferta-de-acoes-podera-movimentar-654-milhoes\/\"},\"author\":{\"name\":\"Jader Lazarini\",\"@id\":\"https:\/\/www.suno.com.br\/noticias\/#\/schema\/person\/918d79de1f0281f01599b93f9ea6e23f\"},\"headline\":\"Lojas Marisa divulga oferta de a\u00e7\u00f5es que poder\u00e1 movimentar R$ 654,5 mi\",\"datePublished\":\"2019-11-26T13:28:31+00:00\",\"dateModified\":\"2019-11-26T13:38:29+00:00\",\"mainEntityOfPage\":{\"@id\":\"https:\/\/www.suno.com.br\/noticias\/lojas-marisa-oferta-de-acoes-podera-movimentar-654-milhoes\/\"},\"wordCount\":411,\"publisher\":{\"@id\":\"https:\/\/www.suno.com.br\/noticias\/#organization\"},\"image\":{\"@id\":\"https:\/\/www.suno.com.br\/noticias\/lojas-marisa-oferta-de-acoes-podera-movimentar-654-milhoes\/#primaryimage\"},\"thumbnailUrl\":\"https:\/\/files.sunoresearch.com.br\/n\/uploads\/2019\/11\/7314fa86-marisa-divulga\u00e7\u00e3o-jpg.webp\",\"keywords\":[\"A\u00e7\u00f5es\",\"Lojas Marisa (AMAR3)\"],\"articleSection\":[\"Neg\u00f3cios\"],\"inLanguage\":\"pt-BR\"},{\"@type\":\"WebPage\",\"@id\":\"https:\/\/www.suno.com.br\/noticias\/lojas-marisa-oferta-de-acoes-podera-movimentar-654-milhoes\/\",\"url\":\"https:\/\/www.suno.com.br\/noticias\/lojas-marisa-oferta-de-acoes-podera-movimentar-654-milhoes\/\",\"name\":\"Lojas Marisa divulga oferta de a\u00e7\u00f5es que poder\u00e1 movimentar R$654,5 mi\",\"isPartOf\":{\"@id\":\"https:\/\/www.suno.com.br\/noticias\/#website\"},\"primaryImageOfPage\":{\"@id\":\"https:\/\/www.suno.com.br\/noticias\/lojas-marisa-oferta-de-acoes-podera-movimentar-654-milhoes\/#primaryimage\"},\"image\":{\"@id\":\"https:\/\/www.suno.com.br\/noticias\/lojas-marisa-oferta-de-acoes-podera-movimentar-654-milhoes\/#primaryimage\"},\"thumbnailUrl\":\"https:\/\/files.sunoresearch.com.br\/n\/uploads\/2019\/11\/7314fa86-marisa-divulga\u00e7\u00e3o-jpg.webp\",\"datePublished\":\"2019-11-26T13:28:31+00:00\",\"dateModified\":\"2019-11-26T13:38:29+00:00\",\"description\":\"A Lojas Marisa anunciou que a realiza\u00e7\u00e3o de uma oferta p\u00fablica prim\u00e1ria de a\u00e7\u00f5es foi aprovada pelo seu Conselho de Administra\u00e7\u00e3o. Saiba mais.\",\"breadcrumb\":{\"@id\":\"https:\/\/www.suno.com.br\/noticias\/lojas-marisa-oferta-de-acoes-podera-movimentar-654-milhoes\/#breadcrumb\"},\"inLanguage\":\"pt-BR\",\"potentialAction\":[{\"@type\":\"ReadAction\",\"target\":[\"https:\/\/www.suno.com.br\/noticias\/lojas-marisa-oferta-de-acoes-podera-movimentar-654-milhoes\/\"]}]},{\"@type\":\"ImageObject\",\"inLanguage\":\"pt-BR\",\"@id\":\"https:\/\/www.suno.com.br\/noticias\/lojas-marisa-oferta-de-acoes-podera-movimentar-654-milhoes\/#primaryimage\",\"url\":\"https:\/\/files.sunoresearch.com.br\/n\/uploads\/2019\/11\/7314fa86-marisa-divulga\u00e7\u00e3o-jpg.webp\",\"contentUrl\":\"https:\/\/files.sunoresearch.com.br\/n\/uploads\/2019\/11\/7314fa86-marisa-divulga\u00e7\u00e3o-jpg.webp\",\"width\":1024,\"height\":768,\"caption\":\"Lojas Marisa divulga oferta de a\u00e7\u00f5es que poder\u00e1 movimentar R$ 654,5 mi\"},{\"@type\":\"BreadcrumbList\",\"@id\":\"https:\/\/www.suno.com.br\/noticias\/lojas-marisa-oferta-de-acoes-podera-movimentar-654-milhoes\/#breadcrumb\",\"itemListElement\":[{\"@type\":\"ListItem\",\"position\":1,\"name\":\"Not\u00edcias\",\"item\":\"https:\/\/www.suno.com.br\/noticias\/\"},{\"@type\":\"ListItem\",\"position\":2,\"name\":\"Neg\u00f3cios\",\"item\":\"https:\/\/www.suno.com.br\/noticias\/negocios\/\"},{\"@type\":\"ListItem\",\"position\":3,\"name\":\"Lojas Marisa divulga oferta de a\u00e7\u00f5es que poder\u00e1 movimentar R$ 654,5 mi\"}]},{\"@type\":\"WebSite\",\"@id\":\"https:\/\/www.suno.com.br\/noticias\/#website\",\"url\":\"https:\/\/www.suno.com.br\/noticias\/\",\"name\":\"Suno Not\u00edcias\",\"description\":\"Seu portal de informa\u00e7\u00e3o sobre o mundo dos investimentos\",\"publisher\":{\"@id\":\"https:\/\/www.suno.com.br\/noticias\/#organization\"},\"potentialAction\":[{\"@type\":\"SearchAction\",\"target\":{\"@type\":\"EntryPoint\",\"urlTemplate\":\"https:\/\/www.suno.com.br\/noticias\/?s={search_term_string}\"},\"query-input\":{\"@type\":\"PropertyValueSpecification\",\"valueRequired\":true,\"valueName\":\"search_term_string\"}}],\"inLanguage\":\"pt-BR\"},{\"@type\":\"Organization\",\"@id\":\"https:\/\/www.suno.com.br\/noticias\/#organization\",\"name\":\"Suno Not\u00edcias\",\"url\":\"https:\/\/www.suno.com.br\/noticias\/\",\"logo\":{\"@type\":\"ImageObject\",\"inLanguage\":\"pt-BR\",\"@id\":\"https:\/\/www.suno.com.br\/noticias\/#\/schema\/logo\/image\/\",\"url\":\"https:\/\/files.sunoresearch.com.br\/n\/uploads\/2021\/09\/suno-logo.png\",\"contentUrl\":\"https:\/\/files.sunoresearch.com.br\/n\/uploads\/2021\/09\/suno-logo.png\",\"width\":180,\"height\":180,\"caption\":\"Suno Not\u00edcias\"},\"image\":{\"@id\":\"https:\/\/www.suno.com.br\/noticias\/#\/schema\/logo\/image\/\"},\"sameAs\":[\"https:\/\/facebook.com\/sunoresearch\",\"https:\/\/x.com\/sunoresearch\",\"https:\/\/www.instagram.com\/suno\",\"https:\/\/www.linkedin.com\/company\/suno-research\/\",\"https:\/\/www.youtube.com\/c\/sunoresearch\"]},{\"@type\":\"Person\",\"@id\":\"https:\/\/www.suno.com.br\/noticias\/#\/schema\/person\/918d79de1f0281f01599b93f9ea6e23f\",\"name\":\"Jader Lazarini\",\"image\":{\"@type\":\"ImageObject\",\"inLanguage\":\"pt-BR\",\"@id\":\"https:\/\/www.suno.com.br\/noticias\/#\/schema\/person\/image\/\",\"url\":\"https:\/\/secure.gravatar.com\/avatar\/3c1ad8caa51589841baeb923fcddea97?s=96&r=g\",\"contentUrl\":\"https:\/\/secure.gravatar.com\/avatar\/3c1ad8caa51589841baeb923fcddea97?s=96&r=g\",\"caption\":\"Jader Lazarini\"},\"description\":\"Jader Lazarini escreve sobre investimentos, finan\u00e7as, economia e neg\u00f3cios. \u00c9 bacharel em Rela\u00e7\u00f5es Internacionais e analista CNPI (2619).\",\"url\":\"https:\/\/www.suno.com.br\/noticias\/author\/jader-lazarini\/\"}]}<\/script>\n<!-- \/ Yoast SEO plugin. -->","yoast_head_json":{"title":"Lojas Marisa divulga oferta de a\u00e7\u00f5es que poder\u00e1 movimentar R$654,5 mi","description":"A Lojas Marisa anunciou que a realiza\u00e7\u00e3o de uma oferta p\u00fablica prim\u00e1ria de a\u00e7\u00f5es foi aprovada pelo seu Conselho de Administra\u00e7\u00e3o. Saiba mais.","robots":{"index":"index","follow":"follow","max-snippet":"max-snippet:-1","max-image-preview":"max-image-preview:large","max-video-preview":"max-video-preview:-1"},"canonical":"https:\/\/www.suno.com.br\/noticias\/lojas-marisa-oferta-de-acoes-podera-movimentar-654-milhoes\/","og_locale":"pt_BR","og_type":"article","og_title":"Lojas Marisa divulga oferta de a\u00e7\u00f5es que poder\u00e1 movimentar R$654,5 mi","og_description":"A Lojas Marisa anunciou que a realiza\u00e7\u00e3o de uma oferta p\u00fablica prim\u00e1ria de a\u00e7\u00f5es foi aprovada pelo seu Conselho de Administra\u00e7\u00e3o. Saiba mais.","og_url":"https:\/\/www.suno.com.br\/noticias\/lojas-marisa-oferta-de-acoes-podera-movimentar-654-milhoes\/","og_site_name":"Suno Not\u00edcias","article_publisher":"https:\/\/facebook.com\/sunoresearch","og_image":[{"width":1024,"height":768,"url":"https:\/\/files.sunoresearch.com.br\/n\/uploads\/2019\/11\/7314fa86-marisa-divulga\u00e7\u00e3o.jpg","type":"image\/jpeg"}],"author":"Jader Lazarini","twitter_card":"summary_large_image","twitter_creator":"@sunoresearch","twitter_site":"@sunoresearch","twitter_misc":{"Escrito por":"Jader Lazarini","Est. tempo de leitura":"2 minutos"},"schema":{"@context":"https:\/\/schema.org","@graph":[{"@type":"NewsArticle","@id":"https:\/\/www.suno.com.br\/noticias\/lojas-marisa-oferta-de-acoes-podera-movimentar-654-milhoes\/#article","isPartOf":{"@id":"https:\/\/www.suno.com.br\/noticias\/lojas-marisa-oferta-de-acoes-podera-movimentar-654-milhoes\/"},"author":{"name":"Jader Lazarini","@id":"https:\/\/www.suno.com.br\/noticias\/#\/schema\/person\/918d79de1f0281f01599b93f9ea6e23f"},"headline":"Lojas Marisa divulga oferta de a\u00e7\u00f5es que poder\u00e1 movimentar R$ 654,5 mi","datePublished":"2019-11-26T13:28:31+00:00","dateModified":"2019-11-26T13:38:29+00:00","mainEntityOfPage":{"@id":"https:\/\/www.suno.com.br\/noticias\/lojas-marisa-oferta-de-acoes-podera-movimentar-654-milhoes\/"},"wordCount":411,"publisher":{"@id":"https:\/\/www.suno.com.br\/noticias\/#organization"},"image":{"@id":"https:\/\/www.suno.com.br\/noticias\/lojas-marisa-oferta-de-acoes-podera-movimentar-654-milhoes\/#primaryimage"},"thumbnailUrl":"https:\/\/files.sunoresearch.com.br\/n\/uploads\/2019\/11\/7314fa86-marisa-divulga\u00e7\u00e3o-jpg.webp","keywords":["A\u00e7\u00f5es","Lojas Marisa (AMAR3)"],"articleSection":["Neg\u00f3cios"],"inLanguage":"pt-BR"},{"@type":"WebPage","@id":"https:\/\/www.suno.com.br\/noticias\/lojas-marisa-oferta-de-acoes-podera-movimentar-654-milhoes\/","url":"https:\/\/www.suno.com.br\/noticias\/lojas-marisa-oferta-de-acoes-podera-movimentar-654-milhoes\/","name":"Lojas Marisa divulga oferta de a\u00e7\u00f5es que poder\u00e1 movimentar R$654,5 mi","isPartOf":{"@id":"https:\/\/www.suno.com.br\/noticias\/#website"},"primaryImageOfPage":{"@id":"https:\/\/www.suno.com.br\/noticias\/lojas-marisa-oferta-de-acoes-podera-movimentar-654-milhoes\/#primaryimage"},"image":{"@id":"https:\/\/www.suno.com.br\/noticias\/lojas-marisa-oferta-de-acoes-podera-movimentar-654-milhoes\/#primaryimage"},"thumbnailUrl":"https:\/\/files.sunoresearch.com.br\/n\/uploads\/2019\/11\/7314fa86-marisa-divulga\u00e7\u00e3o-jpg.webp","datePublished":"2019-11-26T13:28:31+00:00","dateModified":"2019-11-26T13:38:29+00:00","description":"A Lojas Marisa anunciou que a realiza\u00e7\u00e3o de uma oferta p\u00fablica prim\u00e1ria de a\u00e7\u00f5es foi aprovada pelo seu Conselho de Administra\u00e7\u00e3o. Saiba mais.","breadcrumb":{"@id":"https:\/\/www.suno.com.br\/noticias\/lojas-marisa-oferta-de-acoes-podera-movimentar-654-milhoes\/#breadcrumb"},"inLanguage":"pt-BR","potentialAction":[{"@type":"ReadAction","target":["https:\/\/www.suno.com.br\/noticias\/lojas-marisa-oferta-de-acoes-podera-movimentar-654-milhoes\/"]}]},{"@type":"ImageObject","inLanguage":"pt-BR","@id":"https:\/\/www.suno.com.br\/noticias\/lojas-marisa-oferta-de-acoes-podera-movimentar-654-milhoes\/#primaryimage","url":"https:\/\/files.sunoresearch.com.br\/n\/uploads\/2019\/11\/7314fa86-marisa-divulga\u00e7\u00e3o-jpg.webp","contentUrl":"https:\/\/files.sunoresearch.com.br\/n\/uploads\/2019\/11\/7314fa86-marisa-divulga\u00e7\u00e3o-jpg.webp","width":1024,"height":768,"caption":"Lojas Marisa divulga oferta de a\u00e7\u00f5es que poder\u00e1 movimentar R$ 654,5 mi"},{"@type":"BreadcrumbList","@id":"https:\/\/www.suno.com.br\/noticias\/lojas-marisa-oferta-de-acoes-podera-movimentar-654-milhoes\/#breadcrumb","itemListElement":[{"@type":"ListItem","position":1,"name":"Not\u00edcias","item":"https:\/\/www.suno.com.br\/noticias\/"},{"@type":"ListItem","position":2,"name":"Neg\u00f3cios","item":"https:\/\/www.suno.com.br\/noticias\/negocios\/"},{"@type":"ListItem","position":3,"name":"Lojas Marisa divulga oferta de a\u00e7\u00f5es que poder\u00e1 movimentar R$ 654,5 mi"}]},{"@type":"WebSite","@id":"https:\/\/www.suno.com.br\/noticias\/#website","url":"https:\/\/www.suno.com.br\/noticias\/","name":"Suno Not\u00edcias","description":"Seu portal de informa\u00e7\u00e3o sobre o mundo dos investimentos","publisher":{"@id":"https:\/\/www.suno.com.br\/noticias\/#organization"},"potentialAction":[{"@type":"SearchAction","target":{"@type":"EntryPoint","urlTemplate":"https:\/\/www.suno.com.br\/noticias\/?s={search_term_string}"},"query-input":{"@type":"PropertyValueSpecification","valueRequired":true,"valueName":"search_term_string"}}],"inLanguage":"pt-BR"},{"@type":"Organization","@id":"https:\/\/www.suno.com.br\/noticias\/#organization","name":"Suno Not\u00edcias","url":"https:\/\/www.suno.com.br\/noticias\/","logo":{"@type":"ImageObject","inLanguage":"pt-BR","@id":"https:\/\/www.suno.com.br\/noticias\/#\/schema\/logo\/image\/","url":"https:\/\/files.sunoresearch.com.br\/n\/uploads\/2021\/09\/suno-logo.png","contentUrl":"https:\/\/files.sunoresearch.com.br\/n\/uploads\/2021\/09\/suno-logo.png","width":180,"height":180,"caption":"Suno Not\u00edcias"},"image":{"@id":"https:\/\/www.suno.com.br\/noticias\/#\/schema\/logo\/image\/"},"sameAs":["https:\/\/facebook.com\/sunoresearch","https:\/\/x.com\/sunoresearch","https:\/\/www.instagram.com\/suno","https:\/\/www.linkedin.com\/company\/suno-research\/","https:\/\/www.youtube.com\/c\/sunoresearch"]},{"@type":"Person","@id":"https:\/\/www.suno.com.br\/noticias\/#\/schema\/person\/918d79de1f0281f01599b93f9ea6e23f","name":"Jader Lazarini","image":{"@type":"ImageObject","inLanguage":"pt-BR","@id":"https:\/\/www.suno.com.br\/noticias\/#\/schema\/person\/image\/","url":"https:\/\/secure.gravatar.com\/avatar\/3c1ad8caa51589841baeb923fcddea97?s=96&r=g","contentUrl":"https:\/\/secure.gravatar.com\/avatar\/3c1ad8caa51589841baeb923fcddea97?s=96&r=g","caption":"Jader Lazarini"},"description":"Jader Lazarini escreve sobre investimentos, finan\u00e7as, economia e neg\u00f3cios. \u00c9 bacharel em Rela\u00e7\u00f5es Internacionais e analista CNPI (2619).","url":"https:\/\/www.suno.com.br\/noticias\/author\/jader-lazarini\/"}]}},"default_loop_html":"<div class=\"cardsPage__listCard__boxs\"><div class=\"cardsPage__listCard__boxs__img\"><a href=\"https:\/\/www.suno.com.br\/noticias\/lojas-marisa-oferta-de-acoes-podera-movimentar-654-milhoes\/\"><img class=\"mask\" src=\"https:\/\/www.suno.com.br\/noticias\/wp-content\/themes\/suno\/resources\/images\/spotlight\/spotlight1img\/bg-mask.png\" alt=\"Image Mask\"\/><img src=\"https:\/\/files.sunoresearch.com.br\/n\/uploads\/2019\/11\/7314fa86-marisa-divulga\u00e7\u00e3o-400x200.webp\" alt=\"Lojas Marisa divulga oferta de a\u00e7\u00f5es que poder\u00e1 movimentar R$ 654,5 mi\"\/><\/a><span class=\"spotlightCategory\"><a href=\"https:\/\/www.suno.com.br\/noticias\/negocios\/\">Neg\u00f3cios<\/a><\/span><\/div><div class=\"cardsPage__listCard__boxs__content\"><a href=\"https:\/\/www.suno.com.br\/noticias\/lojas-marisa-oferta-de-acoes-podera-movimentar-654-milhoes\/\"><h2 class=\"content__title\">Lojas Marisa divulga oferta de a\u00e7\u00f5es que poder\u00e1 movimentar R$ 654,5 mi<\/h2><\/a><div class=\"newsContent__article__meta\"><div class=\"newsContent__article__meta__authorBox\"><a href=\"https:\/\/www.suno.com.br\/noticias\/author\/jader-lazarini\/\" class=\"authorBox__avatar noMobi\"><img src=\"https:\/\/files.sunoresearch.com.br\/n\/uploads\/2021\/01\/178e6598-foto-perfil-2-150x150.jpg\" alt=\"Jader Lazarini\"><\/a><div class=\"authorBox__name\"><span>por\n\t\t\t<a href=\"https:\/\/www.suno.com.br\/noticias\/author\/jader-lazarini\/\"><span itemprop=\"author\">Jader Lazarini<\/span><\/a><\/span><time datetime=\"2019-11-26T11:28:31-03:00\" itemprop=\"datePublished\">26\/11\/2019 11:28<\/time><\/div><\/div><\/div><\/div><\/div>","single_layout":"posts","amp_enabled":true,"_links":{"self":[{"href":"https:\/\/www.suno.com.br\/noticias\/wp-json\/wp\/v2\/posts\/45734"}],"collection":[{"href":"https:\/\/www.suno.com.br\/noticias\/wp-json\/wp\/v2\/posts"}],"about":[{"href":"https:\/\/www.suno.com.br\/noticias\/wp-json\/wp\/v2\/types\/post"}],"author":[{"embeddable":true,"href":"https:\/\/www.suno.com.br\/noticias\/wp-json\/wp\/v2\/users\/24"}],"replies":[{"embeddable":true,"href":"https:\/\/www.suno.com.br\/noticias\/wp-json\/wp\/v2\/comments?post=45734"}],"version-history":[{"count":0,"href":"https:\/\/www.suno.com.br\/noticias\/wp-json\/wp\/v2\/posts\/45734\/revisions"}],"wp:featuredmedia":[{"embeddable":true,"href":"https:\/\/www.suno.com.br\/noticias\/wp-json\/wp\/v2\/media\/45753"}],"wp:attachment":[{"href":"https:\/\/www.suno.com.br\/noticias\/wp-json\/wp\/v2\/media?parent=45734"}],"wp:term":[{"taxonomy":"category","embeddable":true,"href":"https:\/\/www.suno.com.br\/noticias\/wp-json\/wp\/v2\/categories?post=45734"},{"taxonomy":"post_tag","embeddable":true,"href":"https:\/\/www.suno.com.br\/noticias\/wp-json\/wp\/v2\/tags?post=45734"},{"taxonomy":"suno_strategy","embeddable":true,"href":"https:\/\/www.suno.com.br\/noticias\/wp-json\/wp\/v2\/suno_strategy?post=45734"}],"curies":[{"name":"wp","href":"https:\/\/api.w.org\/{rel}","templated":true}]}}