{"id":45704,"date":"2019-11-26T09:17:21","date_gmt":"2019-11-26T11:17:21","guid":{"rendered":"https:\/\/www.suno.com.br\/noticias\/?p=45704"},"modified":"2019-11-26T10:24:15","modified_gmt":"2019-11-26T12:24:15","slug":"estados-unidos-china-chegaram-a-consenso-segundo-governo-chines","status":"publish","type":"post","link":"https:\/\/www.suno.com.br\/noticias\/estados-unidos-china-chegaram-a-consenso-segundo-governo-chines\/","title":{"rendered":"Estados Unidos e China chegaram a consenso em quest\u00f5es relevantes, segundo governo chin\u00eas"},"content":{"rendered":"<p>O <strong>Minist\u00e9rio do Com\u00e9rcio<\/strong> da China informou nesta ter\u00e7a-feira (26) que chegou a um consenso sobre a conclus\u00e3o de problemas relevantes por meio de um telefonema com os Estados Unidos, concordando em continuar com as negocia\u00e7\u00f5es acerca dos problemas restantes relacionados ao acordo da primeira fase.<\/p>\t<div class=\"wrapper-featured-image\">\n\t\t<figure class=\"spotlightImg\">\n\n\t\t\t<picture>\n\t\t\t\t<source media=\"(max-width: 768px)\" srcset=\"https:\/\/files.sunoresearch.com.br\/n\/uploads\/2019\/08\/38c14748-guerra-comercial-400x200.webp\">\n\t\t\t\t<img loading=\"lazy\" decoding=\"async\" class=\"newsContent__article__imgCapa lazyloadDisabled newsContent__article__imgCapa--noCaption\" src=\"https:\/\/files.sunoresearch.com.br\/n\/uploads\/2019\/08\/38c14748-guerra-comercial-800x450.webp\" width=\"800\" height=\"450\" alt=\"Estados Unidos e China chegaram a consenso em quest\u00f5es relevantes, segundo governo chin\u00eas\" fetchpriority=high \/>\n\t\t\t<\/picture>\n\n\t\t\t<figcaption class=\"wp-caption-text wp-caption-text--hide\">China: Ap\u00f3s fechamento de consulado, rea\u00e7\u00e3o aos EUA \u00e9 necess\u00e1ria<\/figcaption>\n\t\t<\/figure>\n\t<\/div>\n\n\n\n<p>A mensagem vinda da <strong>China<\/strong> ocorre logo ap\u00f3s a escalada das preocupa\u00e7\u00f5es de que o projeto de lei dos <strong>Estados Unidos<\/strong> que apoia os protestos de <strong>Hong Kong<\/strong> possa ser um empecilho nas negocia\u00e7\u00f5es entre os dois pa\u00edses.<\/p>\n<p><a href=\"https:\/\/www.suno.com.br\/black-friday-2019\/assinaturas\/\">Black Friday Suno \u2013 pague 2 anos e leve 3 nas principais assinaturas da Suno Research<\/a><\/p>\n<p>Segundo o Minist\u00e9rio do Com\u00e9rcio da China em um comunicado curto, Liu He, vice-primeiro-ministro da China, conversou com o representante comercial norte-americano, Robert Lighthizer, e o secret\u00e1rio do Tesouro dos <strong>EUA<\/strong>, Steven Mnuchin, na manh\u00e3 desta ter\u00e7a. Ambas as partes discutiram assuntos relacionados \u00e0s suas principais preocupa\u00e7\u00f5es, informou o minist\u00e9rio, sem dar mais detalhes.<\/p>\n<p><a href=\"https:\/\/www.suno.com.br\/noticias\/guerra-comercial-trump-acordo-china\/\">Veja tamb\u00e9m: Guerra comercial: Trump diz que ainda n\u00e3o se decidiu sobre acordo<\/a><\/p>\n<p>O ministro do Com\u00e9rcio da China, Zhong Shan; o presidente do Banco Central, Yi Gang, e o vice-chefe da principal ag\u00eancia de planejamento econ\u00f4mico do pa\u00eds, Ning Jizhe, de acordo com o minist\u00e9rio, tamb\u00e9m participaram da conversa.<\/p>\n<h2>Estados Unidos e o caso de Hong Kong<\/h2>\n<p>Na \u00faltima sexta-feira (22), o presidente norte-americano, <a href=\"https:\/\/www.suno.com.br\/tudo-sobre\/donald-trump\/\"><strong>Donald<\/strong> <strong>Trump<\/strong><\/a>, disse que impediu sozinho que a China massacrasse manifestantes em Hong Kong.<\/p>\n\t<p>\n\t\t<a href=\"https:\/\/lp2.suno.com.br\/cl\/black-friday-2025\/?utm_campaign=_SNCDF0E4858_\" target=\"_blank\" data-element=\"shortcode-suno-banner\" title=\"Banner SUNO, clique e saiba mais\">\n\t\t\t<picture>\n\t\t\t\t<source media=\"(max-width: 500px)\" srcset=\"https:\/\/files.sunoresearch.com.br\/n\/uploads\/2025\/10\/Artigos-e-Noticias-Banner-Home-artigos-01-Mobile_-400x300-1-png.webp\">\n\t\t\t\t<img class=\"newsContent__article__imgCapa newsContent__article__imgCapa--banner\"\n\t\t\t\t\tsrc=\"https:\/\/files.sunoresearch.com.br\/n\/uploads\/2025\/10\/Artigos-e-Noticias-Banner-Home-artigos-01-Desktop_-1420x240-1-png.webp\"\n\t\t\t\t\tdata-promo-id=\"311259\"\t\t\t\t\t\t\t\t\t\twidth='1420' height='240'\t\t\t\t\talt=\"https:\/\/files.sunoresearch.com.br\/n\/uploads\/2025\/10\/Artigos-e-Noticias-Banner-Home-artigos-01-Desktop_-1420x240-1-png.webp\"\n\t\t\t\t>\n\t\t\t<\/picture>\n\t\t<\/a>\n\t<\/p>\n\n\n<p>Em entrevista ao canal americano &#8220;Fox News Channel&#8221;, Trump informou ao presidente chin\u00eas<strong> Xi Jinping<\/strong> que reprimir manifestantes de <strong>Hong Kong<\/strong> teria &#8220;um impacto negativo tremendo no acordo comercial&#8221;.<\/p>\n<p>&#8220;Se fosse por mim, Hong Kong teria sido aniquilado em 14 minutos. Ele tem um milh\u00e3o de soldados posicionados nos arredores de Hong Kong que n\u00e3o est\u00e3o entrando somente porque eu pedi a ele &#8216;por favo, n\u00e3o fa\u00e7a isso, voc\u00ea estar\u00e1 cometendo um grande erro, isso ter\u00e1 um impacto negativo tremendo no acordo comercial&#8217;, e ele quer fechar um acordo&#8221;, disse Trump.<\/p>\n<p><a href=\"https:\/\/www.suno.com.br\/noticias\/china-eua-guerra-disputa-comercial-2\/\">Confira: China afirma que se for preciso retaliar\u00e1 os Estados Unidos<\/a><\/p>\n<p>Questionado sobre qual lado escolhe, o presidente dos <strong>Estados Unidos<\/strong> informou que est\u00e1 ao lado da liberdade mas tamb\u00e9m ao lado de seu amigo<strong> Jinping<\/strong>.<\/p>\n","protected":false},"excerpt":{"rendered":"<p>O Minist\u00e9rio do Com\u00e9rcio da China informou nesta ter\u00e7a-feira (26) que chegou a um consenso sobre a conclus\u00e3o de problemas relevantes por meio de um telefonema com os Estados Unidos, concordando em continuar com as negocia\u00e7\u00f5es acerca dos problemas restantes relacionados ao acordo da primeira fase. China: Ap\u00f3s fechamento de consulado, rea\u00e7\u00e3o aos EUA \u00e9 [&hellip;]<\/p>\n","protected":false},"author":24,"featured_media":33391,"comment_status":"closed","ping_status":"closed","sticky":false,"template":"","format":"standard","meta":[],"categories":[63],"tags":[711,793,980],"suno_strategy":[],"class_list":["post-45704","post","type-post","status-publish","format-standard","has-post-thumbnail","hentry","category-internacional","tag-china","tag-estados-unidos-eua","tag-guerra-comercial"],"yoast_head":"<!-- This site is optimized with the Yoast SEO plugin v24.4 - https:\/\/yoast.com\/wordpress\/plugins\/seo\/ -->\n<title>Estados Unidos e China chegaram a consenso em quest\u00f5es relevantes<\/title>\n<meta name=\"description\" content=\"O Minist\u00e9rio do Com\u00e9rcio da China informou nesta ter\u00e7a que chegou a um consenso com os Estados Unidos. Clique e saiba mais.\" \/>\n<meta name=\"robots\" content=\"index, follow, max-snippet:-1, max-image-preview:large, max-video-preview:-1\" \/>\n<link rel=\"canonical\" href=\"https:\/\/www.suno.com.br\/noticias\/estados-unidos-china-chegaram-a-consenso-segundo-governo-chines\/\" \/>\n<meta property=\"og:locale\" content=\"pt_BR\" \/>\n<meta property=\"og:type\" content=\"article\" \/>\n<meta property=\"og:title\" content=\"Estados Unidos e China chegaram a consenso em quest\u00f5es relevantes\" \/>\n<meta property=\"og:description\" content=\"O Minist\u00e9rio do Com\u00e9rcio da China informou nesta ter\u00e7a que chegou a um consenso com os Estados Unidos. Clique e saiba mais.\" \/>\n<meta property=\"og:url\" content=\"https:\/\/www.suno.com.br\/noticias\/estados-unidos-china-chegaram-a-consenso-segundo-governo-chines\/\" \/>\n<meta property=\"og:site_name\" content=\"Suno Not\u00edcias\" \/>\n<meta property=\"article:publisher\" content=\"https:\/\/facebook.com\/sunoresearch\" \/>\n<meta property=\"og:image\" content=\"https:\/\/files.sunoresearch.com.br\/n\/uploads\/2019\/08\/38c14748-guerra-comercial.jpg\" \/>\n\t<meta property=\"og:image:width\" content=\"3265\" \/>\n\t<meta property=\"og:image:height\" content=\"1935\" \/>\n\t<meta property=\"og:image:type\" content=\"image\/jpeg\" \/>\n<meta name=\"author\" content=\"Jader Lazarini\" \/>\n<meta name=\"twitter:card\" content=\"summary_large_image\" \/>\n<meta name=\"twitter:creator\" content=\"@sunoresearch\" \/>\n<meta name=\"twitter:site\" content=\"@sunoresearch\" \/>\n<meta name=\"twitter:label1\" content=\"Escrito por\" \/>\n\t<meta name=\"twitter:data1\" content=\"Jader Lazarini\" \/>\n\t<meta name=\"twitter:label2\" content=\"Est. tempo de leitura\" \/>\n\t<meta name=\"twitter:data2\" content=\"2 minutos\" \/>\n<script type=\"application\/ld+json\" class=\"yoast-schema-graph\">{\"@context\":\"https:\/\/schema.org\",\"@graph\":[{\"@type\":\"NewsArticle\",\"@id\":\"https:\/\/www.suno.com.br\/noticias\/estados-unidos-china-chegaram-a-consenso-segundo-governo-chines\/#article\",\"isPartOf\":{\"@id\":\"https:\/\/www.suno.com.br\/noticias\/estados-unidos-china-chegaram-a-consenso-segundo-governo-chines\/\"},\"author\":{\"name\":\"Jader Lazarini\",\"@id\":\"https:\/\/www.suno.com.br\/noticias\/#\/schema\/person\/918d79de1f0281f01599b93f9ea6e23f\"},\"headline\":\"Estados Unidos e China chegaram a consenso em quest\u00f5es relevantes, segundo governo chin\u00eas\",\"datePublished\":\"2019-11-26T11:17:21+00:00\",\"dateModified\":\"2019-11-26T12:24:15+00:00\",\"mainEntityOfPage\":{\"@id\":\"https:\/\/www.suno.com.br\/noticias\/estados-unidos-china-chegaram-a-consenso-segundo-governo-chines\/\"},\"wordCount\":404,\"publisher\":{\"@id\":\"https:\/\/www.suno.com.br\/noticias\/#organization\"},\"image\":{\"@id\":\"https:\/\/www.suno.com.br\/noticias\/estados-unidos-china-chegaram-a-consenso-segundo-governo-chines\/#primaryimage\"},\"thumbnailUrl\":\"https:\/\/files.sunoresearch.com.br\/n\/uploads\/2019\/08\/38c14748-guerra-comercial-scaled.webp\",\"keywords\":[\"China\",\"Estados Unidos (EUA)\",\"guerra comercial\"],\"articleSection\":[\"Internacional\"],\"inLanguage\":\"pt-BR\"},{\"@type\":\"WebPage\",\"@id\":\"https:\/\/www.suno.com.br\/noticias\/estados-unidos-china-chegaram-a-consenso-segundo-governo-chines\/\",\"url\":\"https:\/\/www.suno.com.br\/noticias\/estados-unidos-china-chegaram-a-consenso-segundo-governo-chines\/\",\"name\":\"Estados Unidos e China chegaram a consenso em quest\u00f5es relevantes\",\"isPartOf\":{\"@id\":\"https:\/\/www.suno.com.br\/noticias\/#website\"},\"primaryImageOfPage\":{\"@id\":\"https:\/\/www.suno.com.br\/noticias\/estados-unidos-china-chegaram-a-consenso-segundo-governo-chines\/#primaryimage\"},\"image\":{\"@id\":\"https:\/\/www.suno.com.br\/noticias\/estados-unidos-china-chegaram-a-consenso-segundo-governo-chines\/#primaryimage\"},\"thumbnailUrl\":\"https:\/\/files.sunoresearch.com.br\/n\/uploads\/2019\/08\/38c14748-guerra-comercial-scaled.webp\",\"datePublished\":\"2019-11-26T11:17:21+00:00\",\"dateModified\":\"2019-11-26T12:24:15+00:00\",\"description\":\"O Minist\u00e9rio do Com\u00e9rcio da China informou nesta ter\u00e7a que chegou a um consenso com os Estados Unidos. Clique e saiba mais.\",\"breadcrumb\":{\"@id\":\"https:\/\/www.suno.com.br\/noticias\/estados-unidos-china-chegaram-a-consenso-segundo-governo-chines\/#breadcrumb\"},\"inLanguage\":\"pt-BR\",\"potentialAction\":[{\"@type\":\"ReadAction\",\"target\":[\"https:\/\/www.suno.com.br\/noticias\/estados-unidos-china-chegaram-a-consenso-segundo-governo-chines\/\"]}]},{\"@type\":\"ImageObject\",\"inLanguage\":\"pt-BR\",\"@id\":\"https:\/\/www.suno.com.br\/noticias\/estados-unidos-china-chegaram-a-consenso-segundo-governo-chines\/#primaryimage\",\"url\":\"https:\/\/files.sunoresearch.com.br\/n\/uploads\/2019\/08\/38c14748-guerra-comercial-scaled.webp\",\"contentUrl\":\"https:\/\/files.sunoresearch.com.br\/n\/uploads\/2019\/08\/38c14748-guerra-comercial-scaled.webp\",\"width\":2560,\"height\":1517,\"caption\":\"China: Ap\u00f3s fechamento de consulado, rea\u00e7\u00e3o aos EUA \u00e9 necess\u00e1ria\"},{\"@type\":\"BreadcrumbList\",\"@id\":\"https:\/\/www.suno.com.br\/noticias\/estados-unidos-china-chegaram-a-consenso-segundo-governo-chines\/#breadcrumb\",\"itemListElement\":[{\"@type\":\"ListItem\",\"position\":1,\"name\":\"Not\u00edcias\",\"item\":\"https:\/\/www.suno.com.br\/noticias\/\"},{\"@type\":\"ListItem\",\"position\":2,\"name\":\"Internacional\",\"item\":\"https:\/\/www.suno.com.br\/noticias\/internacional\/\"},{\"@type\":\"ListItem\",\"position\":3,\"name\":\"Estados Unidos e China chegaram a consenso em quest\u00f5es relevantes, segundo governo chin\u00eas\"}]},{\"@type\":\"WebSite\",\"@id\":\"https:\/\/www.suno.com.br\/noticias\/#website\",\"url\":\"https:\/\/www.suno.com.br\/noticias\/\",\"name\":\"Suno Not\u00edcias\",\"description\":\"Seu portal de informa\u00e7\u00e3o sobre o mundo dos investimentos\",\"publisher\":{\"@id\":\"https:\/\/www.suno.com.br\/noticias\/#organization\"},\"potentialAction\":[{\"@type\":\"SearchAction\",\"target\":{\"@type\":\"EntryPoint\",\"urlTemplate\":\"https:\/\/www.suno.com.br\/noticias\/?s={search_term_string}\"},\"query-input\":{\"@type\":\"PropertyValueSpecification\",\"valueRequired\":true,\"valueName\":\"search_term_string\"}}],\"inLanguage\":\"pt-BR\"},{\"@type\":\"Organization\",\"@id\":\"https:\/\/www.suno.com.br\/noticias\/#organization\",\"name\":\"Suno Not\u00edcias\",\"url\":\"https:\/\/www.suno.com.br\/noticias\/\",\"logo\":{\"@type\":\"ImageObject\",\"inLanguage\":\"pt-BR\",\"@id\":\"https:\/\/www.suno.com.br\/noticias\/#\/schema\/logo\/image\/\",\"url\":\"https:\/\/files.sunoresearch.com.br\/n\/uploads\/2021\/09\/suno-logo.png\",\"contentUrl\":\"https:\/\/files.sunoresearch.com.br\/n\/uploads\/2021\/09\/suno-logo.png\",\"width\":180,\"height\":180,\"caption\":\"Suno Not\u00edcias\"},\"image\":{\"@id\":\"https:\/\/www.suno.com.br\/noticias\/#\/schema\/logo\/image\/\"},\"sameAs\":[\"https:\/\/facebook.com\/sunoresearch\",\"https:\/\/x.com\/sunoresearch\",\"https:\/\/www.instagram.com\/suno\",\"https:\/\/www.linkedin.com\/company\/suno-research\/\",\"https:\/\/www.youtube.com\/c\/sunoresearch\"]},{\"@type\":\"Person\",\"@id\":\"https:\/\/www.suno.com.br\/noticias\/#\/schema\/person\/918d79de1f0281f01599b93f9ea6e23f\",\"name\":\"Jader Lazarini\",\"image\":{\"@type\":\"ImageObject\",\"inLanguage\":\"pt-BR\",\"@id\":\"https:\/\/www.suno.com.br\/noticias\/#\/schema\/person\/image\/\",\"url\":\"https:\/\/secure.gravatar.com\/avatar\/3c1ad8caa51589841baeb923fcddea97?s=96&r=g\",\"contentUrl\":\"https:\/\/secure.gravatar.com\/avatar\/3c1ad8caa51589841baeb923fcddea97?s=96&r=g\",\"caption\":\"Jader Lazarini\"},\"description\":\"Jader Lazarini escreve sobre investimentos, finan\u00e7as, economia e neg\u00f3cios. \u00c9 bacharel em Rela\u00e7\u00f5es Internacionais e analista CNPI (2619).\",\"url\":\"https:\/\/www.suno.com.br\/noticias\/author\/jader-lazarini\/\"}]}<\/script>\n<!-- \/ Yoast SEO plugin. -->","yoast_head_json":{"title":"Estados Unidos e China chegaram a consenso em quest\u00f5es relevantes","description":"O Minist\u00e9rio do Com\u00e9rcio da China informou nesta ter\u00e7a que chegou a um consenso com os Estados Unidos. Clique e saiba mais.","robots":{"index":"index","follow":"follow","max-snippet":"max-snippet:-1","max-image-preview":"max-image-preview:large","max-video-preview":"max-video-preview:-1"},"canonical":"https:\/\/www.suno.com.br\/noticias\/estados-unidos-china-chegaram-a-consenso-segundo-governo-chines\/","og_locale":"pt_BR","og_type":"article","og_title":"Estados Unidos e China chegaram a consenso em quest\u00f5es relevantes","og_description":"O Minist\u00e9rio do Com\u00e9rcio da China informou nesta ter\u00e7a que chegou a um consenso com os Estados Unidos. Clique e saiba mais.","og_url":"https:\/\/www.suno.com.br\/noticias\/estados-unidos-china-chegaram-a-consenso-segundo-governo-chines\/","og_site_name":"Suno Not\u00edcias","article_publisher":"https:\/\/facebook.com\/sunoresearch","og_image":[{"width":3265,"height":1935,"url":"https:\/\/files.sunoresearch.com.br\/n\/uploads\/2019\/08\/38c14748-guerra-comercial.jpg","type":"image\/jpeg"}],"author":"Jader Lazarini","twitter_card":"summary_large_image","twitter_creator":"@sunoresearch","twitter_site":"@sunoresearch","twitter_misc":{"Escrito por":"Jader Lazarini","Est. tempo de leitura":"2 minutos"},"schema":{"@context":"https:\/\/schema.org","@graph":[{"@type":"NewsArticle","@id":"https:\/\/www.suno.com.br\/noticias\/estados-unidos-china-chegaram-a-consenso-segundo-governo-chines\/#article","isPartOf":{"@id":"https:\/\/www.suno.com.br\/noticias\/estados-unidos-china-chegaram-a-consenso-segundo-governo-chines\/"},"author":{"name":"Jader Lazarini","@id":"https:\/\/www.suno.com.br\/noticias\/#\/schema\/person\/918d79de1f0281f01599b93f9ea6e23f"},"headline":"Estados Unidos e China chegaram a consenso em quest\u00f5es relevantes, segundo governo chin\u00eas","datePublished":"2019-11-26T11:17:21+00:00","dateModified":"2019-11-26T12:24:15+00:00","mainEntityOfPage":{"@id":"https:\/\/www.suno.com.br\/noticias\/estados-unidos-china-chegaram-a-consenso-segundo-governo-chines\/"},"wordCount":404,"publisher":{"@id":"https:\/\/www.suno.com.br\/noticias\/#organization"},"image":{"@id":"https:\/\/www.suno.com.br\/noticias\/estados-unidos-china-chegaram-a-consenso-segundo-governo-chines\/#primaryimage"},"thumbnailUrl":"https:\/\/files.sunoresearch.com.br\/n\/uploads\/2019\/08\/38c14748-guerra-comercial-scaled.webp","keywords":["China","Estados Unidos (EUA)","guerra comercial"],"articleSection":["Internacional"],"inLanguage":"pt-BR"},{"@type":"WebPage","@id":"https:\/\/www.suno.com.br\/noticias\/estados-unidos-china-chegaram-a-consenso-segundo-governo-chines\/","url":"https:\/\/www.suno.com.br\/noticias\/estados-unidos-china-chegaram-a-consenso-segundo-governo-chines\/","name":"Estados Unidos e China chegaram a consenso em quest\u00f5es relevantes","isPartOf":{"@id":"https:\/\/www.suno.com.br\/noticias\/#website"},"primaryImageOfPage":{"@id":"https:\/\/www.suno.com.br\/noticias\/estados-unidos-china-chegaram-a-consenso-segundo-governo-chines\/#primaryimage"},"image":{"@id":"https:\/\/www.suno.com.br\/noticias\/estados-unidos-china-chegaram-a-consenso-segundo-governo-chines\/#primaryimage"},"thumbnailUrl":"https:\/\/files.sunoresearch.com.br\/n\/uploads\/2019\/08\/38c14748-guerra-comercial-scaled.webp","datePublished":"2019-11-26T11:17:21+00:00","dateModified":"2019-11-26T12:24:15+00:00","description":"O Minist\u00e9rio do Com\u00e9rcio da China informou nesta ter\u00e7a que chegou a um consenso com os Estados Unidos. Clique e saiba mais.","breadcrumb":{"@id":"https:\/\/www.suno.com.br\/noticias\/estados-unidos-china-chegaram-a-consenso-segundo-governo-chines\/#breadcrumb"},"inLanguage":"pt-BR","potentialAction":[{"@type":"ReadAction","target":["https:\/\/www.suno.com.br\/noticias\/estados-unidos-china-chegaram-a-consenso-segundo-governo-chines\/"]}]},{"@type":"ImageObject","inLanguage":"pt-BR","@id":"https:\/\/www.suno.com.br\/noticias\/estados-unidos-china-chegaram-a-consenso-segundo-governo-chines\/#primaryimage","url":"https:\/\/files.sunoresearch.com.br\/n\/uploads\/2019\/08\/38c14748-guerra-comercial-scaled.webp","contentUrl":"https:\/\/files.sunoresearch.com.br\/n\/uploads\/2019\/08\/38c14748-guerra-comercial-scaled.webp","width":2560,"height":1517,"caption":"China: Ap\u00f3s fechamento de consulado, rea\u00e7\u00e3o aos EUA \u00e9 necess\u00e1ria"},{"@type":"BreadcrumbList","@id":"https:\/\/www.suno.com.br\/noticias\/estados-unidos-china-chegaram-a-consenso-segundo-governo-chines\/#breadcrumb","itemListElement":[{"@type":"ListItem","position":1,"name":"Not\u00edcias","item":"https:\/\/www.suno.com.br\/noticias\/"},{"@type":"ListItem","position":2,"name":"Internacional","item":"https:\/\/www.suno.com.br\/noticias\/internacional\/"},{"@type":"ListItem","position":3,"name":"Estados Unidos e China chegaram a consenso em quest\u00f5es relevantes, segundo governo chin\u00eas"}]},{"@type":"WebSite","@id":"https:\/\/www.suno.com.br\/noticias\/#website","url":"https:\/\/www.suno.com.br\/noticias\/","name":"Suno Not\u00edcias","description":"Seu portal de informa\u00e7\u00e3o sobre o mundo dos investimentos","publisher":{"@id":"https:\/\/www.suno.com.br\/noticias\/#organization"},"potentialAction":[{"@type":"SearchAction","target":{"@type":"EntryPoint","urlTemplate":"https:\/\/www.suno.com.br\/noticias\/?s={search_term_string}"},"query-input":{"@type":"PropertyValueSpecification","valueRequired":true,"valueName":"search_term_string"}}],"inLanguage":"pt-BR"},{"@type":"Organization","@id":"https:\/\/www.suno.com.br\/noticias\/#organization","name":"Suno Not\u00edcias","url":"https:\/\/www.suno.com.br\/noticias\/","logo":{"@type":"ImageObject","inLanguage":"pt-BR","@id":"https:\/\/www.suno.com.br\/noticias\/#\/schema\/logo\/image\/","url":"https:\/\/files.sunoresearch.com.br\/n\/uploads\/2021\/09\/suno-logo.png","contentUrl":"https:\/\/files.sunoresearch.com.br\/n\/uploads\/2021\/09\/suno-logo.png","width":180,"height":180,"caption":"Suno Not\u00edcias"},"image":{"@id":"https:\/\/www.suno.com.br\/noticias\/#\/schema\/logo\/image\/"},"sameAs":["https:\/\/facebook.com\/sunoresearch","https:\/\/x.com\/sunoresearch","https:\/\/www.instagram.com\/suno","https:\/\/www.linkedin.com\/company\/suno-research\/","https:\/\/www.youtube.com\/c\/sunoresearch"]},{"@type":"Person","@id":"https:\/\/www.suno.com.br\/noticias\/#\/schema\/person\/918d79de1f0281f01599b93f9ea6e23f","name":"Jader Lazarini","image":{"@type":"ImageObject","inLanguage":"pt-BR","@id":"https:\/\/www.suno.com.br\/noticias\/#\/schema\/person\/image\/","url":"https:\/\/secure.gravatar.com\/avatar\/3c1ad8caa51589841baeb923fcddea97?s=96&r=g","contentUrl":"https:\/\/secure.gravatar.com\/avatar\/3c1ad8caa51589841baeb923fcddea97?s=96&r=g","caption":"Jader Lazarini"},"description":"Jader Lazarini escreve sobre investimentos, finan\u00e7as, economia e neg\u00f3cios. \u00c9 bacharel em Rela\u00e7\u00f5es Internacionais e analista CNPI (2619).","url":"https:\/\/www.suno.com.br\/noticias\/author\/jader-lazarini\/"}]}},"default_loop_html":"<div class=\"cardsPage__listCard__boxs\"><div class=\"cardsPage__listCard__boxs__img\"><a href=\"https:\/\/www.suno.com.br\/noticias\/estados-unidos-china-chegaram-a-consenso-segundo-governo-chines\/\"><img class=\"mask\" src=\"https:\/\/www.suno.com.br\/noticias\/wp-content\/themes\/suno\/resources\/images\/spotlight\/spotlight1img\/bg-mask.png\" alt=\"Image Mask\"\/><img src=\"https:\/\/files.sunoresearch.com.br\/n\/uploads\/2019\/08\/38c14748-guerra-comercial-400x200.webp\" alt=\"Estados Unidos e China chegaram a consenso em quest\u00f5es relevantes, segundo governo chin\u00eas\"\/><\/a><span class=\"spotlightCategory\"><a href=\"https:\/\/www.suno.com.br\/noticias\/internacional\/\">Internacional<\/a><\/span><\/div><div class=\"cardsPage__listCard__boxs__content\"><a href=\"https:\/\/www.suno.com.br\/noticias\/estados-unidos-china-chegaram-a-consenso-segundo-governo-chines\/\"><h2 class=\"content__title\">Estados Unidos e China chegaram a consenso em quest\u00f5es relevantes, segundo governo chin\u00eas<\/h2><\/a><div class=\"newsContent__article__meta\"><div class=\"newsContent__article__meta__authorBox\"><a href=\"https:\/\/www.suno.com.br\/noticias\/author\/jader-lazarini\/\" class=\"authorBox__avatar noMobi\"><img src=\"https:\/\/files.sunoresearch.com.br\/n\/uploads\/2021\/01\/178e6598-foto-perfil-2-150x150.jpg\" alt=\"Jader Lazarini\"><\/a><div class=\"authorBox__name\"><span>por\n\t\t\t<a href=\"https:\/\/www.suno.com.br\/noticias\/author\/jader-lazarini\/\"><span itemprop=\"author\">Jader Lazarini<\/span><\/a><\/span><time datetime=\"2019-11-26T09:17:21-03:00\" itemprop=\"datePublished\">26\/11\/2019 09:17<\/time><\/div><\/div><\/div><\/div><\/div>","single_layout":"posts","amp_enabled":true,"_links":{"self":[{"href":"https:\/\/www.suno.com.br\/noticias\/wp-json\/wp\/v2\/posts\/45704"}],"collection":[{"href":"https:\/\/www.suno.com.br\/noticias\/wp-json\/wp\/v2\/posts"}],"about":[{"href":"https:\/\/www.suno.com.br\/noticias\/wp-json\/wp\/v2\/types\/post"}],"author":[{"embeddable":true,"href":"https:\/\/www.suno.com.br\/noticias\/wp-json\/wp\/v2\/users\/24"}],"replies":[{"embeddable":true,"href":"https:\/\/www.suno.com.br\/noticias\/wp-json\/wp\/v2\/comments?post=45704"}],"version-history":[{"count":0,"href":"https:\/\/www.suno.com.br\/noticias\/wp-json\/wp\/v2\/posts\/45704\/revisions"}],"wp:featuredmedia":[{"embeddable":true,"href":"https:\/\/www.suno.com.br\/noticias\/wp-json\/wp\/v2\/media\/33391"}],"wp:attachment":[{"href":"https:\/\/www.suno.com.br\/noticias\/wp-json\/wp\/v2\/media?parent=45704"}],"wp:term":[{"taxonomy":"category","embeddable":true,"href":"https:\/\/www.suno.com.br\/noticias\/wp-json\/wp\/v2\/categories?post=45704"},{"taxonomy":"post_tag","embeddable":true,"href":"https:\/\/www.suno.com.br\/noticias\/wp-json\/wp\/v2\/tags?post=45704"},{"taxonomy":"suno_strategy","embeddable":true,"href":"https:\/\/www.suno.com.br\/noticias\/wp-json\/wp\/v2\/suno_strategy?post=45704"}],"curies":[{"name":"wp","href":"https:\/\/api.w.org\/{rel}","templated":true}]}}