{"id":45702,"date":"2019-11-26T09:09:49","date_gmt":"2019-11-26T11:09:49","guid":{"rendered":"https:\/\/www.suno.com.br\/noticias\/?p=45702"},"modified":"2019-12-02T13:55:30","modified_gmt":"2019-12-02T15:55:30","slug":"5g-ericsson-huawei-investir","status":"publish","type":"post","link":"https:\/\/www.suno.com.br\/noticias\/5g-ericsson-huawei-investir\/","title":{"rendered":"Ericsson planeja investir R$ 1 bilh\u00e3o para desenvolver 5G no Brasil"},"content":{"rendered":"<p>A <strong>Ericsson<\/strong> planeja investir R$ 1 bilh\u00e3o em sua f\u00e1brica em <strong>S\u00e3o Jos\u00e9 dos Campos<\/strong> (SP) para desenvolver o 5G no <strong>Brasil<\/strong>.<\/p>\t<div class=\"wrapper-featured-image\">\n\t\t<figure class=\"spotlightImg\">\n\n\t\t\t<picture>\n\t\t\t\t<source media=\"(max-width: 768px)\" srcset=\"https:\/\/files.sunoresearch.com.br\/n\/uploads\/2019\/07\/911981a7-ericsson-acordo-mercosul-uniao-europeia-400x200.webp\">\n\t\t\t\t<img loading=\"lazy\" decoding=\"async\" class=\"newsContent__article__imgCapa lazyloadDisabled newsContent__article__imgCapa--noCaption\" src=\"https:\/\/files.sunoresearch.com.br\/n\/uploads\/2019\/07\/911981a7-ericsson-acordo-mercosul-uniao-europeia-800x450.webp\" width=\"800\" height=\"450\" alt=\"Ericsson planeja investir R$ 1 bilh\u00e3o para desenvolver 5G no Brasil\" fetchpriority=high \/>\n\t\t\t<\/picture>\n\n\t\t\t<figcaption class=\"wp-caption-text wp-caption-text--hide\">Ericsson planeja investir R$ 1 bilh\u00e3o para desenvolver 5G no Brasil<\/figcaption>\n\t\t<\/figure>\n\t<\/div>\n\n\n\n<p>A empresa de tecnologia sueca tem o objetivo de desenvolver a nova tecnologia e uma nova linha de montagem exclusivamente dedicada a produtos de<strong> 5G<\/strong>. Esse planejamento da <strong>Ericsson<\/strong> fomenta a disputa pela implementa\u00e7\u00e3o da nova tecnologia no Pa\u00eds.<\/p>\n<p>A fabricante chinesa, <strong>Huawei<\/strong>, j\u00e1 informou que deseja instalar o 5G no Brasil. Al\u00e9m disso, o presidente da Rep\u00fablica, Jair Bolsonaro, informou que uma empresa de tecnologia <strong>sul-coreana<\/strong> tamb\u00e9m demonstrou o mesmo interesse.<\/p>\n<p><a href=\"https:\/\/www.suno.com.br\/black-friday-2019\/assinaturas\/\">Black Friday Suno \u2013 pague 2 anos e leve 3 nas principais assinaturas da Suno Research<\/a><\/p>\n<p>&#8220;J\u00e1 exportamos 40% do que \u00e9 montado em nossa f\u00e1brica do Brasil para os pa\u00edses da Am\u00e9rica Latina e com o <strong>5G<\/strong> n\u00e3o vai ser diferente. Essa linha de montagem vai servir Brasil e todos os pa\u00edses da <strong>Am\u00e9rica Latina<\/strong>&#8220;, disse o presidente da Ericsson Latam South, Eduardo Ricotta, ap\u00f3s a reuni\u00e3o com presidente Bolsonaro.<\/p>\n<h2>Huawei quer instalar 5G no Brasil<\/h2>\n<p>O presidente da Rep\u00fablica\u00a0afirmou, na segunda-feira (18), ap\u00f3s a reuni\u00e3o com o presidente-executivo da Huawei no Brasil, que a empresa asi\u00e1tica quer instalar <strong>5G<\/strong> no Pa\u00eds.<\/p>\n<p>O encontro aconteceu no Pal\u00e1cio do Planalto e foi proposto pelo executivo da <strong>Huawei<\/strong>. De acordo com o presidente, o assunto foi apenas sobre o desejo da empresa asi\u00e1tica de instalar a nova tecnologia, n\u00e3o foi debatido o leil\u00e3o que acontecer\u00e1 no segundo semestre de 2020.<\/p>\n<p><a href=\"\/\/www.suno.com.br\/noticias\/huawei-eua-pressiona-brasil-tecnologia-5g\/\">Confira Tamb\u00e9m: Huawei: EUA pressiona o Brasil contra a entrada da tecnologia 5G<\/a><\/p>\n<p>&#8220;N\u00e3o foi feita a proposta, ele apenas mostrou que quer 5G e como a empresa est\u00e1 no Brasil. A palavra leil\u00e3o eu n\u00e3o ouvi na reuni\u00e3o. Se ele falou, eu estava desatento&#8221;, salientou Bolsonaro.<\/p>\n<p>O presidente informou ainda que h\u00e1 outra empresa que tamb\u00e9m quer instalar a tecnologia no Brasil.<\/p>\n\t<p>\n\t\t<a href=\"https:\/\/lp.suno.com.br\/planilha-da-vida-financeira\/\" target=\"_blank\" data-element=\"shortcode-suno-banner\" title=\"Banner SUNO, clique e saiba mais\">\n\t\t\t<picture>\n\t\t\t\t<source media=\"(max-width: 500px)\" srcset=\"https:\/\/files.sunoresearch.com.br\/n\/uploads\/2023\/04\/400x300-Planilha-vida-financeira-true.png\">\n\t\t\t\t<img class=\"newsContent__article__imgCapa newsContent__article__imgCapa--banner\"\n\t\t\t\t\tsrc=\"https:\/\/files.sunoresearch.com.br\/n\/uploads\/2023\/04\/1420x240-Planilha-vida-financeira-true.png\"\n\t\t\t\t\tdata-promo-id=\"106682\"\t\t\t\t\t\t\t\t\t\twidth='1420' height='240'\t\t\t\t\talt=\"https:\/\/files.sunoresearch.com.br\/n\/uploads\/2023\/04\/1420x240-Planilha-vida-financeira-true.png\"\n\t\t\t\t>\n\t\t\t<\/picture>\n\t\t<\/a>\n\t<\/p>\n\n\n<p>&#8220;Fiquei sabendo que tem uma empresa sul-coreana que tamb\u00e9m est\u00e1 em condi\u00e7\u00f5es para operar 5G. A melhor oferta a gente vai&#8230; a gente vai olhar para o lado do que, da oferta, n\u00e9? E conectividade, ai sim&#8221;, disse o presidente.<\/p>\n<p>A tecnologia <strong>5G<\/strong> tem estado no centro da disputa comercial entre <strong>China<\/strong> e <strong>Estados Unidos<\/strong>, por isso, os norte-americanos tem pressionado o <strong>Brasil<\/strong> para excluir a asi\u00e1tica do leil\u00e3o.<\/p>\n","protected":false},"excerpt":{"rendered":"<p>A Ericsson planeja investir R$ 1 bilh\u00e3o em sua f\u00e1brica em S\u00e3o Jos\u00e9 dos Campos (SP) para desenvolver o 5G no Brasil. Ericsson planeja investir R$ 1 bilh\u00e3o para desenvolver 5G no Brasil A empresa de tecnologia sueca tem o objetivo de desenvolver a nova tecnologia e uma nova linha de montagem exclusivamente dedicada a [&hellip;]<\/p>\n","protected":false},"author":15,"featured_media":30335,"comment_status":"closed","ping_status":"closed","sticky":false,"template":"","format":"standard","meta":[],"categories":[64],"tags":[1236,1004],"suno_strategy":[],"class_list":["post-45702","post","type-post","status-publish","format-standard","has-post-thumbnail","hentry","category-negocios","tag-5g","tag-ericsson"],"yoast_head":"<!-- This site is optimized with the Yoast SEO plugin v24.4 - https:\/\/yoast.com\/wordpress\/plugins\/seo\/ -->\n<title>Ericsson planeja investir R$ 1 bilh\u00e3o para desenvolver 5G no Brasil<\/title>\n<meta name=\"description\" content=\"A Ericsson planeja investir R$ 1 bilh\u00e3o em sua f\u00e1brica em S\u00e3o Jos\u00e9 dos Campos (SP) para desenvolver o 5G no Brasil. Clique aqui e saiba mais\" \/>\n<meta name=\"robots\" content=\"index, follow, max-snippet:-1, max-image-preview:large, max-video-preview:-1\" \/>\n<link rel=\"canonical\" href=\"https:\/\/www.suno.com.br\/noticias\/5g-ericsson-huawei-investir\/\" \/>\n<meta property=\"og:locale\" content=\"pt_BR\" \/>\n<meta property=\"og:type\" content=\"article\" \/>\n<meta property=\"og:title\" content=\"Ericsson planeja investir R$ 1 bilh\u00e3o para desenvolver 5G no Brasil\" \/>\n<meta property=\"og:description\" content=\"A Ericsson planeja investir R$ 1 bilh\u00e3o em sua f\u00e1brica em S\u00e3o Jos\u00e9 dos Campos (SP) para desenvolver o 5G no Brasil. Clique aqui e saiba mais\" \/>\n<meta property=\"og:url\" content=\"https:\/\/www.suno.com.br\/noticias\/5g-ericsson-huawei-investir\/\" \/>\n<meta property=\"og:site_name\" content=\"Suno Not\u00edcias\" \/>\n<meta property=\"article:publisher\" content=\"https:\/\/facebook.com\/sunoresearch\" \/>\n<meta property=\"og:image\" content=\"https:\/\/files.sunoresearch.com.br\/n\/uploads\/2019\/07\/911981a7-ericsson-acordo-mercosul-uniao-europeia.jpg\" \/>\n\t<meta property=\"og:image:width\" content=\"960\" \/>\n\t<meta property=\"og:image:height\" content=\"720\" \/>\n\t<meta property=\"og:image:type\" content=\"image\/jpeg\" \/>\n<meta name=\"author\" content=\"Poliana Santos\" \/>\n<meta name=\"twitter:card\" content=\"summary_large_image\" \/>\n<meta name=\"twitter:creator\" content=\"@sunoresearch\" \/>\n<meta name=\"twitter:site\" content=\"@sunoresearch\" \/>\n<meta name=\"twitter:label1\" content=\"Escrito por\" \/>\n\t<meta name=\"twitter:data1\" content=\"Poliana Santos\" \/>\n\t<meta name=\"twitter:label2\" content=\"Est. tempo de leitura\" \/>\n\t<meta name=\"twitter:data2\" content=\"2 minutos\" \/>\n<script type=\"application\/ld+json\" class=\"yoast-schema-graph\">{\"@context\":\"https:\/\/schema.org\",\"@graph\":[{\"@type\":\"NewsArticle\",\"@id\":\"https:\/\/www.suno.com.br\/noticias\/5g-ericsson-huawei-investir\/#article\",\"isPartOf\":{\"@id\":\"https:\/\/www.suno.com.br\/noticias\/5g-ericsson-huawei-investir\/\"},\"author\":{\"name\":\"Poliana Santos\",\"@id\":\"https:\/\/www.suno.com.br\/noticias\/#\/schema\/person\/02ec1f752758247878a2bf4abee1aeda\"},\"headline\":\"Ericsson planeja investir R$ 1 bilh\u00e3o para desenvolver 5G no Brasil\",\"datePublished\":\"2019-11-26T11:09:49+00:00\",\"dateModified\":\"2019-12-02T15:55:30+00:00\",\"mainEntityOfPage\":{\"@id\":\"https:\/\/www.suno.com.br\/noticias\/5g-ericsson-huawei-investir\/\"},\"wordCount\":419,\"publisher\":{\"@id\":\"https:\/\/www.suno.com.br\/noticias\/#organization\"},\"image\":{\"@id\":\"https:\/\/www.suno.com.br\/noticias\/5g-ericsson-huawei-investir\/#primaryimage\"},\"thumbnailUrl\":\"https:\/\/files.sunoresearch.com.br\/n\/uploads\/2019\/07\/911981a7-ericsson-acordo-mercosul-uniao-europeia-jpg.webp\",\"keywords\":[\"5G\",\"Ericsson\"],\"articleSection\":[\"Neg\u00f3cios\"],\"inLanguage\":\"pt-BR\"},{\"@type\":\"WebPage\",\"@id\":\"https:\/\/www.suno.com.br\/noticias\/5g-ericsson-huawei-investir\/\",\"url\":\"https:\/\/www.suno.com.br\/noticias\/5g-ericsson-huawei-investir\/\",\"name\":\"Ericsson planeja investir R$ 1 bilh\u00e3o para desenvolver 5G no Brasil\",\"isPartOf\":{\"@id\":\"https:\/\/www.suno.com.br\/noticias\/#website\"},\"primaryImageOfPage\":{\"@id\":\"https:\/\/www.suno.com.br\/noticias\/5g-ericsson-huawei-investir\/#primaryimage\"},\"image\":{\"@id\":\"https:\/\/www.suno.com.br\/noticias\/5g-ericsson-huawei-investir\/#primaryimage\"},\"thumbnailUrl\":\"https:\/\/files.sunoresearch.com.br\/n\/uploads\/2019\/07\/911981a7-ericsson-acordo-mercosul-uniao-europeia-jpg.webp\",\"datePublished\":\"2019-11-26T11:09:49+00:00\",\"dateModified\":\"2019-12-02T15:55:30+00:00\",\"description\":\"A Ericsson planeja investir R$ 1 bilh\u00e3o em sua f\u00e1brica em S\u00e3o Jos\u00e9 dos Campos (SP) para desenvolver o 5G no Brasil. Clique aqui e saiba mais\",\"breadcrumb\":{\"@id\":\"https:\/\/www.suno.com.br\/noticias\/5g-ericsson-huawei-investir\/#breadcrumb\"},\"inLanguage\":\"pt-BR\",\"potentialAction\":[{\"@type\":\"ReadAction\",\"target\":[\"https:\/\/www.suno.com.br\/noticias\/5g-ericsson-huawei-investir\/\"]}]},{\"@type\":\"ImageObject\",\"inLanguage\":\"pt-BR\",\"@id\":\"https:\/\/www.suno.com.br\/noticias\/5g-ericsson-huawei-investir\/#primaryimage\",\"url\":\"https:\/\/files.sunoresearch.com.br\/n\/uploads\/2019\/07\/911981a7-ericsson-acordo-mercosul-uniao-europeia-jpg.webp\",\"contentUrl\":\"https:\/\/files.sunoresearch.com.br\/n\/uploads\/2019\/07\/911981a7-ericsson-acordo-mercosul-uniao-europeia-jpg.webp\",\"width\":960,\"height\":720,\"caption\":\"Ericsson planeja investir R$ 1 bilh\u00e3o para desenvolver 5G no Brasil\"},{\"@type\":\"BreadcrumbList\",\"@id\":\"https:\/\/www.suno.com.br\/noticias\/5g-ericsson-huawei-investir\/#breadcrumb\",\"itemListElement\":[{\"@type\":\"ListItem\",\"position\":1,\"name\":\"Not\u00edcias\",\"item\":\"https:\/\/www.suno.com.br\/noticias\/\"},{\"@type\":\"ListItem\",\"position\":2,\"name\":\"Neg\u00f3cios\",\"item\":\"https:\/\/www.suno.com.br\/noticias\/negocios\/\"},{\"@type\":\"ListItem\",\"position\":3,\"name\":\"Ericsson planeja investir R$ 1 bilh\u00e3o para desenvolver 5G no Brasil\"}]},{\"@type\":\"WebSite\",\"@id\":\"https:\/\/www.suno.com.br\/noticias\/#website\",\"url\":\"https:\/\/www.suno.com.br\/noticias\/\",\"name\":\"Suno Not\u00edcias\",\"description\":\"Seu portal de informa\u00e7\u00e3o sobre o mundo dos investimentos\",\"publisher\":{\"@id\":\"https:\/\/www.suno.com.br\/noticias\/#organization\"},\"potentialAction\":[{\"@type\":\"SearchAction\",\"target\":{\"@type\":\"EntryPoint\",\"urlTemplate\":\"https:\/\/www.suno.com.br\/noticias\/?s={search_term_string}\"},\"query-input\":{\"@type\":\"PropertyValueSpecification\",\"valueRequired\":true,\"valueName\":\"search_term_string\"}}],\"inLanguage\":\"pt-BR\"},{\"@type\":\"Organization\",\"@id\":\"https:\/\/www.suno.com.br\/noticias\/#organization\",\"name\":\"Suno Not\u00edcias\",\"url\":\"https:\/\/www.suno.com.br\/noticias\/\",\"logo\":{\"@type\":\"ImageObject\",\"inLanguage\":\"pt-BR\",\"@id\":\"https:\/\/www.suno.com.br\/noticias\/#\/schema\/logo\/image\/\",\"url\":\"https:\/\/files.sunoresearch.com.br\/n\/uploads\/2021\/09\/suno-logo.png\",\"contentUrl\":\"https:\/\/files.sunoresearch.com.br\/n\/uploads\/2021\/09\/suno-logo.png\",\"width\":180,\"height\":180,\"caption\":\"Suno Not\u00edcias\"},\"image\":{\"@id\":\"https:\/\/www.suno.com.br\/noticias\/#\/schema\/logo\/image\/\"},\"sameAs\":[\"https:\/\/facebook.com\/sunoresearch\",\"https:\/\/x.com\/sunoresearch\",\"https:\/\/www.instagram.com\/suno\",\"https:\/\/www.linkedin.com\/company\/suno-research\/\",\"https:\/\/www.youtube.com\/c\/sunoresearch\"]},{\"@type\":\"Person\",\"@id\":\"https:\/\/www.suno.com.br\/noticias\/#\/schema\/person\/02ec1f752758247878a2bf4abee1aeda\",\"name\":\"Poliana Santos\",\"image\":{\"@type\":\"ImageObject\",\"inLanguage\":\"pt-BR\",\"@id\":\"https:\/\/www.suno.com.br\/noticias\/#\/schema\/person\/image\/\",\"url\":\"https:\/\/secure.gravatar.com\/avatar\/0645bd32f23d87b2130f2b2dff1d3f8d?s=96&r=g\",\"contentUrl\":\"https:\/\/secure.gravatar.com\/avatar\/0645bd32f23d87b2130f2b2dff1d3f8d?s=96&r=g\",\"caption\":\"Poliana Santos\"},\"description\":\"Rep\u00f3rter no Suno Not\u00edcias, com cobertura em mercado financeiro, economia, finan\u00e7as pessoais, renda fixa e varejo. Jornalista formada pela Faculdade C\u00e1sper L\u00edbero e possui passagem na R\u00e1dio Gazeta AM com a produ\u00e7\u00e3o de conte\u00fado sobre economia, pol\u00edtica, sa\u00fade, moda e m\u00fasica. Possui certificado de conclus\u00e3o do curso de An\u00e1lise de Balan\u00e7os pela Funda\u00e7\u00e3o Bradesco, Agenda Brasil pela FAAP, Educa\u00e7\u00e3o Pol\u00edtica por Alexandre Garcia e do Tesouro Direto e Mercado de A\u00e7\u00f5es pela B3.\",\"url\":\"https:\/\/www.suno.com.br\/noticias\/author\/poliana-santos\/\"}]}<\/script>\n<!-- \/ Yoast SEO plugin. -->","yoast_head_json":{"title":"Ericsson planeja investir R$ 1 bilh\u00e3o para desenvolver 5G no Brasil","description":"A Ericsson planeja investir R$ 1 bilh\u00e3o em sua f\u00e1brica em S\u00e3o Jos\u00e9 dos Campos (SP) para desenvolver o 5G no Brasil. Clique aqui e saiba mais","robots":{"index":"index","follow":"follow","max-snippet":"max-snippet:-1","max-image-preview":"max-image-preview:large","max-video-preview":"max-video-preview:-1"},"canonical":"https:\/\/www.suno.com.br\/noticias\/5g-ericsson-huawei-investir\/","og_locale":"pt_BR","og_type":"article","og_title":"Ericsson planeja investir R$ 1 bilh\u00e3o para desenvolver 5G no Brasil","og_description":"A Ericsson planeja investir R$ 1 bilh\u00e3o em sua f\u00e1brica em S\u00e3o Jos\u00e9 dos Campos (SP) para desenvolver o 5G no Brasil. Clique aqui e saiba mais","og_url":"https:\/\/www.suno.com.br\/noticias\/5g-ericsson-huawei-investir\/","og_site_name":"Suno Not\u00edcias","article_publisher":"https:\/\/facebook.com\/sunoresearch","og_image":[{"width":960,"height":720,"url":"https:\/\/files.sunoresearch.com.br\/n\/uploads\/2019\/07\/911981a7-ericsson-acordo-mercosul-uniao-europeia.jpg","type":"image\/jpeg"}],"author":"Poliana Santos","twitter_card":"summary_large_image","twitter_creator":"@sunoresearch","twitter_site":"@sunoresearch","twitter_misc":{"Escrito por":"Poliana Santos","Est. tempo de leitura":"2 minutos"},"schema":{"@context":"https:\/\/schema.org","@graph":[{"@type":"NewsArticle","@id":"https:\/\/www.suno.com.br\/noticias\/5g-ericsson-huawei-investir\/#article","isPartOf":{"@id":"https:\/\/www.suno.com.br\/noticias\/5g-ericsson-huawei-investir\/"},"author":{"name":"Poliana Santos","@id":"https:\/\/www.suno.com.br\/noticias\/#\/schema\/person\/02ec1f752758247878a2bf4abee1aeda"},"headline":"Ericsson planeja investir R$ 1 bilh\u00e3o para desenvolver 5G no Brasil","datePublished":"2019-11-26T11:09:49+00:00","dateModified":"2019-12-02T15:55:30+00:00","mainEntityOfPage":{"@id":"https:\/\/www.suno.com.br\/noticias\/5g-ericsson-huawei-investir\/"},"wordCount":419,"publisher":{"@id":"https:\/\/www.suno.com.br\/noticias\/#organization"},"image":{"@id":"https:\/\/www.suno.com.br\/noticias\/5g-ericsson-huawei-investir\/#primaryimage"},"thumbnailUrl":"https:\/\/files.sunoresearch.com.br\/n\/uploads\/2019\/07\/911981a7-ericsson-acordo-mercosul-uniao-europeia-jpg.webp","keywords":["5G","Ericsson"],"articleSection":["Neg\u00f3cios"],"inLanguage":"pt-BR"},{"@type":"WebPage","@id":"https:\/\/www.suno.com.br\/noticias\/5g-ericsson-huawei-investir\/","url":"https:\/\/www.suno.com.br\/noticias\/5g-ericsson-huawei-investir\/","name":"Ericsson planeja investir R$ 1 bilh\u00e3o para desenvolver 5G no Brasil","isPartOf":{"@id":"https:\/\/www.suno.com.br\/noticias\/#website"},"primaryImageOfPage":{"@id":"https:\/\/www.suno.com.br\/noticias\/5g-ericsson-huawei-investir\/#primaryimage"},"image":{"@id":"https:\/\/www.suno.com.br\/noticias\/5g-ericsson-huawei-investir\/#primaryimage"},"thumbnailUrl":"https:\/\/files.sunoresearch.com.br\/n\/uploads\/2019\/07\/911981a7-ericsson-acordo-mercosul-uniao-europeia-jpg.webp","datePublished":"2019-11-26T11:09:49+00:00","dateModified":"2019-12-02T15:55:30+00:00","description":"A Ericsson planeja investir R$ 1 bilh\u00e3o em sua f\u00e1brica em S\u00e3o Jos\u00e9 dos Campos (SP) para desenvolver o 5G no Brasil. Clique aqui e saiba mais","breadcrumb":{"@id":"https:\/\/www.suno.com.br\/noticias\/5g-ericsson-huawei-investir\/#breadcrumb"},"inLanguage":"pt-BR","potentialAction":[{"@type":"ReadAction","target":["https:\/\/www.suno.com.br\/noticias\/5g-ericsson-huawei-investir\/"]}]},{"@type":"ImageObject","inLanguage":"pt-BR","@id":"https:\/\/www.suno.com.br\/noticias\/5g-ericsson-huawei-investir\/#primaryimage","url":"https:\/\/files.sunoresearch.com.br\/n\/uploads\/2019\/07\/911981a7-ericsson-acordo-mercosul-uniao-europeia-jpg.webp","contentUrl":"https:\/\/files.sunoresearch.com.br\/n\/uploads\/2019\/07\/911981a7-ericsson-acordo-mercosul-uniao-europeia-jpg.webp","width":960,"height":720,"caption":"Ericsson planeja investir R$ 1 bilh\u00e3o para desenvolver 5G no Brasil"},{"@type":"BreadcrumbList","@id":"https:\/\/www.suno.com.br\/noticias\/5g-ericsson-huawei-investir\/#breadcrumb","itemListElement":[{"@type":"ListItem","position":1,"name":"Not\u00edcias","item":"https:\/\/www.suno.com.br\/noticias\/"},{"@type":"ListItem","position":2,"name":"Neg\u00f3cios","item":"https:\/\/www.suno.com.br\/noticias\/negocios\/"},{"@type":"ListItem","position":3,"name":"Ericsson planeja investir R$ 1 bilh\u00e3o para desenvolver 5G no Brasil"}]},{"@type":"WebSite","@id":"https:\/\/www.suno.com.br\/noticias\/#website","url":"https:\/\/www.suno.com.br\/noticias\/","name":"Suno Not\u00edcias","description":"Seu portal de informa\u00e7\u00e3o sobre o mundo dos investimentos","publisher":{"@id":"https:\/\/www.suno.com.br\/noticias\/#organization"},"potentialAction":[{"@type":"SearchAction","target":{"@type":"EntryPoint","urlTemplate":"https:\/\/www.suno.com.br\/noticias\/?s={search_term_string}"},"query-input":{"@type":"PropertyValueSpecification","valueRequired":true,"valueName":"search_term_string"}}],"inLanguage":"pt-BR"},{"@type":"Organization","@id":"https:\/\/www.suno.com.br\/noticias\/#organization","name":"Suno Not\u00edcias","url":"https:\/\/www.suno.com.br\/noticias\/","logo":{"@type":"ImageObject","inLanguage":"pt-BR","@id":"https:\/\/www.suno.com.br\/noticias\/#\/schema\/logo\/image\/","url":"https:\/\/files.sunoresearch.com.br\/n\/uploads\/2021\/09\/suno-logo.png","contentUrl":"https:\/\/files.sunoresearch.com.br\/n\/uploads\/2021\/09\/suno-logo.png","width":180,"height":180,"caption":"Suno Not\u00edcias"},"image":{"@id":"https:\/\/www.suno.com.br\/noticias\/#\/schema\/logo\/image\/"},"sameAs":["https:\/\/facebook.com\/sunoresearch","https:\/\/x.com\/sunoresearch","https:\/\/www.instagram.com\/suno","https:\/\/www.linkedin.com\/company\/suno-research\/","https:\/\/www.youtube.com\/c\/sunoresearch"]},{"@type":"Person","@id":"https:\/\/www.suno.com.br\/noticias\/#\/schema\/person\/02ec1f752758247878a2bf4abee1aeda","name":"Poliana Santos","image":{"@type":"ImageObject","inLanguage":"pt-BR","@id":"https:\/\/www.suno.com.br\/noticias\/#\/schema\/person\/image\/","url":"https:\/\/secure.gravatar.com\/avatar\/0645bd32f23d87b2130f2b2dff1d3f8d?s=96&r=g","contentUrl":"https:\/\/secure.gravatar.com\/avatar\/0645bd32f23d87b2130f2b2dff1d3f8d?s=96&r=g","caption":"Poliana Santos"},"description":"Rep\u00f3rter no Suno Not\u00edcias, com cobertura em mercado financeiro, economia, finan\u00e7as pessoais, renda fixa e varejo. Jornalista formada pela Faculdade C\u00e1sper L\u00edbero e possui passagem na R\u00e1dio Gazeta AM com a produ\u00e7\u00e3o de conte\u00fado sobre economia, pol\u00edtica, sa\u00fade, moda e m\u00fasica. Possui certificado de conclus\u00e3o do curso de An\u00e1lise de Balan\u00e7os pela Funda\u00e7\u00e3o Bradesco, Agenda Brasil pela FAAP, Educa\u00e7\u00e3o Pol\u00edtica por Alexandre Garcia e do Tesouro Direto e Mercado de A\u00e7\u00f5es pela B3.","url":"https:\/\/www.suno.com.br\/noticias\/author\/poliana-santos\/"}]}},"default_loop_html":"<div class=\"cardsPage__listCard__boxs\"><div class=\"cardsPage__listCard__boxs__img\"><a href=\"https:\/\/www.suno.com.br\/noticias\/5g-ericsson-huawei-investir\/\"><img class=\"mask\" src=\"https:\/\/www.suno.com.br\/noticias\/wp-content\/themes\/suno\/resources\/images\/spotlight\/spotlight1img\/bg-mask.png\" alt=\"Image Mask\"\/><img src=\"https:\/\/files.sunoresearch.com.br\/n\/uploads\/2019\/07\/911981a7-ericsson-acordo-mercosul-uniao-europeia-400x200.webp\" alt=\"Ericsson planeja investir R$ 1 bilh\u00e3o para desenvolver 5G no Brasil\"\/><\/a><span class=\"spotlightCategory\"><a href=\"https:\/\/www.suno.com.br\/noticias\/negocios\/\">Neg\u00f3cios<\/a><\/span><\/div><div class=\"cardsPage__listCard__boxs__content\"><a href=\"https:\/\/www.suno.com.br\/noticias\/5g-ericsson-huawei-investir\/\"><h2 class=\"content__title\">Ericsson planeja investir R$ 1 bilh\u00e3o para desenvolver 5G no Brasil<\/h2><\/a><div class=\"newsContent__article__meta\"><div class=\"newsContent__article__meta__authorBox\"><a href=\"https:\/\/www.suno.com.br\/noticias\/author\/poliana-santos\/\" class=\"authorBox__avatar noMobi\"><img src=\"https:\/\/files.sunoresearch.com.br\/n\/uploads\/2020\/08\/7ef34026-whatsapp-image-2020-08-03-at-12.37.57-150x150.webp\" alt=\"Poliana Santos\"><\/a><div class=\"authorBox__name\"><span>por\n\t\t\t<a href=\"https:\/\/www.suno.com.br\/noticias\/author\/poliana-santos\/\"><span itemprop=\"author\">Poliana Santos<\/span><\/a><\/span><time datetime=\"2019-11-26T09:09:49-03:00\" itemprop=\"datePublished\">26\/11\/2019 09:09<\/time><\/div><\/div><\/div><\/div><\/div>","single_layout":"posts","amp_enabled":true,"_links":{"self":[{"href":"https:\/\/www.suno.com.br\/noticias\/wp-json\/wp\/v2\/posts\/45702"}],"collection":[{"href":"https:\/\/www.suno.com.br\/noticias\/wp-json\/wp\/v2\/posts"}],"about":[{"href":"https:\/\/www.suno.com.br\/noticias\/wp-json\/wp\/v2\/types\/post"}],"author":[{"embeddable":true,"href":"https:\/\/www.suno.com.br\/noticias\/wp-json\/wp\/v2\/users\/15"}],"replies":[{"embeddable":true,"href":"https:\/\/www.suno.com.br\/noticias\/wp-json\/wp\/v2\/comments?post=45702"}],"version-history":[{"count":0,"href":"https:\/\/www.suno.com.br\/noticias\/wp-json\/wp\/v2\/posts\/45702\/revisions"}],"wp:featuredmedia":[{"embeddable":true,"href":"https:\/\/www.suno.com.br\/noticias\/wp-json\/wp\/v2\/media\/30335"}],"wp:attachment":[{"href":"https:\/\/www.suno.com.br\/noticias\/wp-json\/wp\/v2\/media?parent=45702"}],"wp:term":[{"taxonomy":"category","embeddable":true,"href":"https:\/\/www.suno.com.br\/noticias\/wp-json\/wp\/v2\/categories?post=45702"},{"taxonomy":"post_tag","embeddable":true,"href":"https:\/\/www.suno.com.br\/noticias\/wp-json\/wp\/v2\/tags?post=45702"},{"taxonomy":"suno_strategy","embeddable":true,"href":"https:\/\/www.suno.com.br\/noticias\/wp-json\/wp\/v2\/suno_strategy?post=45702"}],"curies":[{"name":"wp","href":"https:\/\/api.w.org\/{rel}","templated":true}]}}