{"id":45678,"date":"2019-11-25T19:36:13","date_gmt":"2019-11-25T21:36:13","guid":{"rendered":"https:\/\/www.suno.com.br\/noticias\/?p=45678"},"modified":"2019-11-25T20:42:29","modified_gmt":"2019-11-25T22:42:29","slug":"ibovespa-encerra-queda-25112019","status":"publish","type":"post","link":"https:\/\/www.suno.com.br\/noticias\/ibovespa-encerra-queda-25112019\/","title":{"rendered":"Ibovespa encerra em queda de 0,25% a 108.423,930 pontos"},"content":{"rendered":"<p>O <a href=\"https:\/\/www.suno.com.br\/artigos\/b3\/\">Ibovespa<\/a> fechou, nesta segunda-feira (25), em baixa. O <a href=\"https:\/\/www.suno.com.br\/artigos\/b3\/\"><strong>principal \u00edndice da Bolsa de Valores de<\/strong>\u00a0<strong>S\u00e3o Paulo (B3)<\/strong><\/a> teve <strong>queda<\/strong> de 0,25% a 108.423,930 pontos.<\/p>\t<div class=\"wrapper-featured-image\">\n\t\t<figure class=\"spotlightImg\">\n\n\t\t\t<picture>\n\t\t\t\t<source media=\"(max-width: 768px)\" srcset=\"https:\/\/files.sunoresearch.com.br\/n\/uploads\/2019\/01\/1c0a2043-bolsa-valores2-400x200.webp\">\n\t\t\t\t<img loading=\"lazy\" decoding=\"async\" class=\"newsContent__article__imgCapa lazyloadDisabled newsContent__article__imgCapa--noCaption\" src=\"https:\/\/files.sunoresearch.com.br\/n\/uploads\/2019\/01\/1c0a2043-bolsa-valores2-800x450.webp\" width=\"800\" height=\"450\" alt=\"Ibovespa encerra em queda de 0,25% a 108.423,930 pontos\" fetchpriority=high \/>\n\t\t\t<\/picture>\n\n\t\t\t<figcaption class=\"wp-caption-text wp-caption-text--hide\">Devido a pandemia, Zoom j\u00e1 vale mais que Petrobras (PETR4)<\/figcaption>\n\t\t<\/figure>\n\t<\/div>\n\n\n\n<p>O <strong>Ibovespa<\/strong> registrou baixa devido a v\u00e1rios fatores. Entre as not\u00edcias do dia, Banco do Brasil anunciou descontos de at\u00e9 92% para renegocia\u00e7\u00e3o de d\u00edvidas.<\/p>\n<p><a href=\"https:\/\/www.suno.com.br\/black-friday-2019\/assinaturas\/\">Black Friday Suno &#8211; pague 2 anos e leve 3 nas principais assinaturas da Suno Research<\/a><\/p>\n<p>Al\u00e9m disso, contribu\u00edram para o resultado desta <strong>ter\u00e7a:<\/strong><\/p>\n<ul>\n<li><strong>Taurus<\/strong> e <strong>Jindal<\/strong> prorrogam avalia\u00e7\u00e3o sobre poss\u00edvel <strong>joint<\/strong> <strong>venture;<\/strong><\/li>\n<li><strong>CVC<\/strong> anuncia recompra de at\u00e9 5% do total de a\u00e7\u00f5es.<\/li>\n<\/ul>\n<h2>Banco do Brasil<\/h2>\n<p>O Banco do Brasil (BB) informou, nesta segunda, que oferecer\u00e1 descontos de at\u00e9 92% no mutir\u00e3o de <a href=\"https:\/\/www.suno.com.br\/artigos\/negociacao-de-dividas\/\"><strong>renegocia\u00e7\u00e3o de d\u00edvidas<\/strong><\/a>. O evento ocorrer\u00e1 entre os dias 2 a 6 de dezembro.<\/p>\n\n<p>As condi\u00e7\u00f5es especiais oferecidas pelo <strong>Banco do Brasil<\/strong> durante o per\u00edodo incluem ainda taxas de juros 14% menores para opera\u00e7\u00f5es de renegocia\u00e7\u00e3o. Al\u00e9m disso, o banco ter\u00e1 prazos para a liquida\u00e7\u00e3o de d\u00edvidas de at\u00e9 120 meses, com 180 dias de car\u00eancia.<\/p>\n<p><a href=\"https:\/\/www.suno.com.br\/noticias\/banco-do-brasil-descontos-renegociacao-de-dividas\/\">Saiba mais: Banco do Brasil anuncia descontos de at\u00e9 92% para renegocia\u00e7\u00e3o de d\u00edvidas<\/a><\/p>\n<p>De acordo com o presidente do banco, <a href=\"https:\/\/www.suno.com.br\/tudo-sobre\/rubem-novaes\/\">Rubens Novaes<\/a>, 57 ag\u00eancias nas capitais do Pa\u00eds e no Distrito Federal atuar\u00e3o em hor\u00e1rio estendido, das 10h \u00e0s 22h.<\/p>\n<p>&#8220;Mobilizamos toda a nossa rede para esta a\u00e7\u00e3o de enorme relev\u00e2ncia e que incentiva a reinclus\u00e3o das pessoas no mercado de consumo no momento em que aumentamos a velocidade do crescimento econ\u00f4mico&#8221;, afirmou Novaes.<\/p>\n<h2>Taurus<\/h2>\n<p>A Taurus Armas comunicou, nesta segunda, que prorrogou por seis meses o memorando de entendimento que visa avaliar uma possibilidade de constitui\u00e7\u00e3o de uma <a href=\"https:\/\/www.suno.com.br\/artigos\/joint-venture\/\">joint-venture<\/a> na \u00cdndia. A fabricante de armamento avalia uma parceria com a <strong>Jindal<\/strong> <strong>Group<\/strong>, que \u00e9 a maior fabricante de a\u00e7o da \u00cdndia.<\/p>\n\t<p>\n\t\t<a href=\"https:\/\/lp.suno.com.br\/planilha-controle-gastos\/\" target=\"_blank\" data-element=\"shortcode-suno-banner\" title=\"Banner SUNO, clique e saiba mais\">\n\t\t\t<picture>\n\t\t\t\t<source media=\"(max-width: 500px)\" srcset=\"https:\/\/files.sunoresearch.com.br\/n\/uploads\/2023\/03\/400x300-Planilha-controle-de-gastos.png\">\n\t\t\t\t<img class=\"newsContent__article__imgCapa newsContent__article__imgCapa--banner\"\n\t\t\t\t\tsrc=\"https:\/\/files.sunoresearch.com.br\/n\/uploads\/2023\/03\/1420x240-Planilha-controle-de-gastos.png\"\n\t\t\t\t\tdata-promo-id=\"102417\"\t\t\t\t\t\t\t\t\t\twidth='1420' height='240'\t\t\t\t\talt=\"https:\/\/files.sunoresearch.com.br\/n\/uploads\/2023\/03\/1420x240-Planilha-controle-de-gastos.png\"\n\t\t\t\t>\n\t\t\t<\/picture>\n\t\t<\/a>\n\t<\/p>\n\n\n<p>Al\u00e9m de ser a maior em seu ramo na \u00cdndia, a Jindal est\u00e1 entre as dez maiores do mundo. O faturamento da empresa indiana ultrapassa os US$ 24 bilh\u00f5es, com lucro antes de juros, impostos, deprecia\u00e7\u00e3o e amortiza\u00e7\u00e3o (<a href=\"https:\/\/www.suno.com.br\/artigos\/ebitda\/\">Ebitda<\/a>) de US$ 5 bilh\u00f5es e 200 mil funcion\u00e1rios no mundo inteiro. De acordo com a <strong>Taurus<\/strong>, essa prorroga\u00e7\u00e3o \u00e9 importante pois mostra um &#8220;importante avan\u00e7o nas negocia\u00e7\u00f5es j\u00e1 que ambas empresas concordaram com a divulga\u00e7\u00e3o das partes envolvidas neste acordo\u201d.<\/p>\n<p><a href=\"https:\/\/www.suno.com.br\/noticias\/taurus-e-jindal-prorrogam-avaliacao-sobre-possivel-joint-venture\/\">Saiba mais: Taurus e Jindal prorrogam avalia\u00e7\u00e3o sobre poss\u00edvel joint venture<\/a><\/p>\n<p>\u201cA continuidade nas negocia\u00e7\u00f5es para celebra\u00e7\u00e3o desse acordo \u00e9 mais um passo importante na estrat\u00e9gia global da <strong>Taurus<\/strong> no processo de restrutura\u00e7\u00e3o baseado em rentabilidade sustent\u00e1vel, qualidade e melhora dos indicadores financeiros e operacionais, al\u00e9m do forte investimento no desenvolvimento de novos produtos e tecnologias\u201d, informa a empresa em seu comunicado.<\/p>\n<h2>CVC<\/h2>\n<p>A <strong>CVC<\/strong> (CVCB3) anunciou nesta segunda o programa de recompra de a\u00e7\u00f5es ordin\u00e1rias a pre\u00e7o de mercado. Sendo assim, a empresa ir\u00e1 adquirir at\u00e9 7.255.000 pap\u00e9is ordin\u00e1rios, ou 5% do total de ativos em circula\u00e7\u00e3o.<\/p>\n<p><a href=\"https:\/\/www.suno.com.br\/noticias\/cvc-recompra-5-total-acoes\/\">Saiba mais: CVC anuncia recompra de at\u00e9 5% do total de a\u00e7\u00f5es<\/a><\/p>\n<p>Segundo o <a href=\"https:\/\/www.suno.com.br\/artigos\/fato-relevante\/\">fato relevante<\/a> emitido pela <strong>CVC<\/strong>, a opera\u00e7\u00e3o tem como objetivo \u201cincrementar a gera\u00e7\u00e3o de valor para seus acionistas por meio da aplica\u00e7\u00e3o de recursos dispon\u00edveis na aquisi\u00e7\u00e3o das a\u00e7\u00f5es em bolsa de valores\u201d.<\/p>\n\t<p>\n\t\t<a href=\"https:\/\/lp.suno.com.br\/ao\/sessao-estrategica-consultoria-c\/?utm_source=suno-noticias&#038;utm_medium=banner&#038;utm_campaign=_SNC36CE4E9F_&#038;utm_content=fundos-imobiliarios-ou-imoveis-onde-investir-500-mil-go\" target=\"_blank\" data-element=\"shortcode-suno-banner\" title=\"Banner SUNO, clique e saiba mais\">\n\t\t\t<picture>\n\t\t\t\t<source media=\"(max-width: 500px)\" srcset=\"https:\/\/files.sunoresearch.com.br\/n\/uploads\/2025\/09\/300x400.webp\">\n\t\t\t\t<img class=\"newsContent__article__imgCapa newsContent__article__imgCapa--banner\"\n\t\t\t\t\tsrc=\"https:\/\/files.sunoresearch.com.br\/n\/uploads\/2025\/09\/SN-DT-1420x240-1.webp\"\n\t\t\t\t\tdata-promo-id=\"635171\"\t\t\t\t\t\t\t\t\t\twidth='1420' height='240'\t\t\t\t\talt=\"https:\/\/files.sunoresearch.com.br\/n\/uploads\/2025\/09\/SN-DT-1420x240-1.webp\"\n\t\t\t\t>\n\t\t\t<\/picture>\n\t\t<\/a>\n\t<\/p>\n\n\n<p>A <strong>CVC<\/strong> possui, atualmente, 145.151.224 a\u00e7\u00f5es em circula\u00e7\u00e3o e 1.560.739 em tesouraria. As a\u00e7\u00f5es que ser\u00e3o recompradas pela empresa de turismo ser\u00e3o renegociadas a pre\u00e7o de mercado e o deadline para a realiza\u00e7\u00e3o das aquisi\u00e7\u00f5es \u00e9 de 18 meses, tendo in\u00edcio nesta segunda (25) e terminando no dia 18 de maio de 2021. A realiza\u00e7\u00e3o da opera\u00e7\u00e3o ser\u00e1 intermediada pelo <strong>BTG<\/strong> <strong>Pactual<\/strong> e pelo <strong>Bradesco<\/strong>.<\/p>\n<h2>\u00daltima cota\u00e7\u00e3o do Ibovespa<\/h2>\n<p>Na \u00faltima sess\u00e3o, na sexta-feira (22), o <strong>Ibovespa<\/strong> encerrou o preg\u00e3o em alta de 1,11% a 108.692,28 pontos.<\/p>\n","protected":false},"excerpt":{"rendered":"<p>O Ibovespa fechou, nesta segunda-feira (25), em baixa. O principal \u00edndice da Bolsa de Valores de\u00a0S\u00e3o Paulo (B3) teve queda de 0,25% a 108.423,930 pontos. Devido a pandemia, Zoom j\u00e1 vale mais que Petrobras (PETR4) O Ibovespa registrou baixa devido a v\u00e1rios fatores. Entre as not\u00edcias do dia, Banco do Brasil anunciou descontos de at\u00e9 [&hellip;]<\/p>\n","protected":false},"author":23,"featured_media":10449,"comment_status":"closed","ping_status":"closed","sticky":false,"template":"","format":"standard","meta":[],"categories":[60],"tags":[732,442,721,2213],"suno_strategy":[],"class_list":["post-45678","post","type-post","status-publish","format-standard","has-post-thumbnail","hentry","category-mercado","tag-banco-do-brasil-bbas3","tag-cvc-cvcb3","tag-ibovespa","tag-taurus-armas-tasa3-tasa4"],"yoast_head":"<!-- This site is optimized with the Yoast SEO plugin v24.4 - https:\/\/yoast.com\/wordpress\/plugins\/seo\/ -->\n<title>Ibovespa encerra em queda de 0,25% a 108.423,930 pontos<\/title>\n<meta name=\"description\" content=\"O Ibovespa fechou em baixa. O principal \u00edndice da Bolsa de Valores de\u00a0S\u00e3o Paulo teve queda de 0,25% a 108.423,930 pontos. Clique para mais.\" \/>\n<meta name=\"robots\" content=\"index, follow, max-snippet:-1, max-image-preview:large, max-video-preview:-1\" \/>\n<link rel=\"canonical\" href=\"https:\/\/www.suno.com.br\/noticias\/ibovespa-encerra-queda-25112019\/\" \/>\n<meta property=\"og:locale\" content=\"pt_BR\" \/>\n<meta property=\"og:type\" content=\"article\" \/>\n<meta property=\"og:title\" content=\"Ibovespa encerra em queda de 0,25% a 108.423,930 pontos\" \/>\n<meta property=\"og:description\" content=\"O Ibovespa fechou em baixa. O principal \u00edndice da Bolsa de Valores de\u00a0S\u00e3o Paulo teve queda de 0,25% a 108.423,930 pontos. Clique para mais.\" \/>\n<meta property=\"og:url\" content=\"https:\/\/www.suno.com.br\/noticias\/ibovespa-encerra-queda-25112019\/\" \/>\n<meta property=\"og:site_name\" content=\"Suno Not\u00edcias\" \/>\n<meta property=\"article:publisher\" content=\"https:\/\/facebook.com\/sunoresearch\" \/>\n<meta property=\"og:image\" content=\"https:\/\/files.sunoresearch.com.br\/n\/uploads\/2019\/01\/1c0a2043-bolsa-valores2.jpg\" \/>\n\t<meta property=\"og:image:width\" content=\"1360\" \/>\n\t<meta property=\"og:image:height\" content=\"765\" \/>\n\t<meta property=\"og:image:type\" content=\"image\/jpeg\" \/>\n<meta name=\"author\" content=\"Rafael Lara\" \/>\n<meta name=\"twitter:card\" content=\"summary_large_image\" \/>\n<meta name=\"twitter:creator\" content=\"@sunoresearch\" \/>\n<meta name=\"twitter:site\" content=\"@sunoresearch\" \/>\n<meta name=\"twitter:label1\" content=\"Escrito por\" \/>\n\t<meta name=\"twitter:data1\" content=\"Rafael Lara\" \/>\n\t<meta name=\"twitter:label2\" content=\"Est. tempo de leitura\" \/>\n\t<meta name=\"twitter:data2\" content=\"3 minutos\" \/>\n<script type=\"application\/ld+json\" class=\"yoast-schema-graph\">{\"@context\":\"https:\/\/schema.org\",\"@graph\":[{\"@type\":\"NewsArticle\",\"@id\":\"https:\/\/www.suno.com.br\/noticias\/ibovespa-encerra-queda-25112019\/#article\",\"isPartOf\":{\"@id\":\"https:\/\/www.suno.com.br\/noticias\/ibovespa-encerra-queda-25112019\/\"},\"author\":{\"name\":\"Rafael Lara\",\"@id\":\"https:\/\/www.suno.com.br\/noticias\/#\/schema\/person\/098743caeed97b37f51315c9576c4078\"},\"headline\":\"Ibovespa encerra em queda de 0,25% a 108.423,930 pontos\",\"datePublished\":\"2019-11-25T21:36:13+00:00\",\"dateModified\":\"2019-11-25T22:42:29+00:00\",\"mainEntityOfPage\":{\"@id\":\"https:\/\/www.suno.com.br\/noticias\/ibovespa-encerra-queda-25112019\/\"},\"wordCount\":666,\"publisher\":{\"@id\":\"https:\/\/www.suno.com.br\/noticias\/#organization\"},\"image\":{\"@id\":\"https:\/\/www.suno.com.br\/noticias\/ibovespa-encerra-queda-25112019\/#primaryimage\"},\"thumbnailUrl\":\"https:\/\/files.sunoresearch.com.br\/n\/uploads\/2019\/01\/1c0a2043-bolsa-valores2-jpg.webp\",\"keywords\":[\"Banco do Brasil (BBAS3)\",\"CVC (CVCB3)\",\"Ibovespa\",\"Taurus Armas (TASA3\/TASA4)\"],\"articleSection\":[\"Mercado\"],\"inLanguage\":\"pt-BR\"},{\"@type\":\"WebPage\",\"@id\":\"https:\/\/www.suno.com.br\/noticias\/ibovespa-encerra-queda-25112019\/\",\"url\":\"https:\/\/www.suno.com.br\/noticias\/ibovespa-encerra-queda-25112019\/\",\"name\":\"Ibovespa encerra em queda de 0,25% a 108.423,930 pontos\",\"isPartOf\":{\"@id\":\"https:\/\/www.suno.com.br\/noticias\/#website\"},\"primaryImageOfPage\":{\"@id\":\"https:\/\/www.suno.com.br\/noticias\/ibovespa-encerra-queda-25112019\/#primaryimage\"},\"image\":{\"@id\":\"https:\/\/www.suno.com.br\/noticias\/ibovespa-encerra-queda-25112019\/#primaryimage\"},\"thumbnailUrl\":\"https:\/\/files.sunoresearch.com.br\/n\/uploads\/2019\/01\/1c0a2043-bolsa-valores2-jpg.webp\",\"datePublished\":\"2019-11-25T21:36:13+00:00\",\"dateModified\":\"2019-11-25T22:42:29+00:00\",\"description\":\"O Ibovespa fechou em baixa. O principal \u00edndice da Bolsa de Valores de\u00a0S\u00e3o Paulo teve queda de 0,25% a 108.423,930 pontos. Clique para mais.\",\"breadcrumb\":{\"@id\":\"https:\/\/www.suno.com.br\/noticias\/ibovespa-encerra-queda-25112019\/#breadcrumb\"},\"inLanguage\":\"pt-BR\",\"potentialAction\":[{\"@type\":\"ReadAction\",\"target\":[\"https:\/\/www.suno.com.br\/noticias\/ibovespa-encerra-queda-25112019\/\"]}]},{\"@type\":\"ImageObject\",\"inLanguage\":\"pt-BR\",\"@id\":\"https:\/\/www.suno.com.br\/noticias\/ibovespa-encerra-queda-25112019\/#primaryimage\",\"url\":\"https:\/\/files.sunoresearch.com.br\/n\/uploads\/2019\/01\/1c0a2043-bolsa-valores2-jpg.webp\",\"contentUrl\":\"https:\/\/files.sunoresearch.com.br\/n\/uploads\/2019\/01\/1c0a2043-bolsa-valores2-jpg.webp\",\"width\":1360,\"height\":765,\"caption\":\"Devido a pandemia, Zoom j\u00e1 vale mais que Petrobras (PETR4)\"},{\"@type\":\"BreadcrumbList\",\"@id\":\"https:\/\/www.suno.com.br\/noticias\/ibovespa-encerra-queda-25112019\/#breadcrumb\",\"itemListElement\":[{\"@type\":\"ListItem\",\"position\":1,\"name\":\"Not\u00edcias\",\"item\":\"https:\/\/www.suno.com.br\/noticias\/\"},{\"@type\":\"ListItem\",\"position\":2,\"name\":\"Mercado\",\"item\":\"https:\/\/www.suno.com.br\/noticias\/mercado\/\"},{\"@type\":\"ListItem\",\"position\":3,\"name\":\"Ibovespa encerra em queda de 0,25% a 108.423,930 pontos\"}]},{\"@type\":\"WebSite\",\"@id\":\"https:\/\/www.suno.com.br\/noticias\/#website\",\"url\":\"https:\/\/www.suno.com.br\/noticias\/\",\"name\":\"Suno Not\u00edcias\",\"description\":\"Seu portal de informa\u00e7\u00e3o sobre o mundo dos investimentos\",\"publisher\":{\"@id\":\"https:\/\/www.suno.com.br\/noticias\/#organization\"},\"potentialAction\":[{\"@type\":\"SearchAction\",\"target\":{\"@type\":\"EntryPoint\",\"urlTemplate\":\"https:\/\/www.suno.com.br\/noticias\/?s={search_term_string}\"},\"query-input\":{\"@type\":\"PropertyValueSpecification\",\"valueRequired\":true,\"valueName\":\"search_term_string\"}}],\"inLanguage\":\"pt-BR\"},{\"@type\":\"Organization\",\"@id\":\"https:\/\/www.suno.com.br\/noticias\/#organization\",\"name\":\"Suno Not\u00edcias\",\"url\":\"https:\/\/www.suno.com.br\/noticias\/\",\"logo\":{\"@type\":\"ImageObject\",\"inLanguage\":\"pt-BR\",\"@id\":\"https:\/\/www.suno.com.br\/noticias\/#\/schema\/logo\/image\/\",\"url\":\"https:\/\/files.sunoresearch.com.br\/n\/uploads\/2021\/09\/suno-logo.png\",\"contentUrl\":\"https:\/\/files.sunoresearch.com.br\/n\/uploads\/2021\/09\/suno-logo.png\",\"width\":180,\"height\":180,\"caption\":\"Suno Not\u00edcias\"},\"image\":{\"@id\":\"https:\/\/www.suno.com.br\/noticias\/#\/schema\/logo\/image\/\"},\"sameAs\":[\"https:\/\/facebook.com\/sunoresearch\",\"https:\/\/x.com\/sunoresearch\",\"https:\/\/www.instagram.com\/suno\",\"https:\/\/www.linkedin.com\/company\/suno-research\/\",\"https:\/\/www.youtube.com\/c\/sunoresearch\"]},{\"@type\":\"Person\",\"@id\":\"https:\/\/www.suno.com.br\/noticias\/#\/schema\/person\/098743caeed97b37f51315c9576c4078\",\"name\":\"Rafael Lara\",\"image\":{\"@type\":\"ImageObject\",\"inLanguage\":\"pt-BR\",\"@id\":\"https:\/\/www.suno.com.br\/noticias\/#\/schema\/person\/image\/\",\"url\":\"https:\/\/secure.gravatar.com\/avatar\/dfc254ab9bb2ea1895d98b9e9dae4bdd?s=96&r=g\",\"contentUrl\":\"https:\/\/secure.gravatar.com\/avatar\/dfc254ab9bb2ea1895d98b9e9dae4bdd?s=96&r=g\",\"caption\":\"Rafael Lara\"},\"description\":\"Rafael Lara cursa jornalismo na Faculdade C\u00e1sper L\u00edbero. Escreve sobre pol\u00edtica, economia e neg\u00f3cios para o portal Suno Not\u00edcias. Antes, colaborou na TV Gazeta na produ\u00e7\u00e3o do programa Edi\u00e7\u00e3o Extra.\",\"url\":\"https:\/\/www.suno.com.br\/noticias\/author\/rafael\/\"}]}<\/script>\n<!-- \/ Yoast SEO plugin. -->","yoast_head_json":{"title":"Ibovespa encerra em queda de 0,25% a 108.423,930 pontos","description":"O Ibovespa fechou em baixa. O principal \u00edndice da Bolsa de Valores de\u00a0S\u00e3o Paulo teve queda de 0,25% a 108.423,930 pontos. Clique para mais.","robots":{"index":"index","follow":"follow","max-snippet":"max-snippet:-1","max-image-preview":"max-image-preview:large","max-video-preview":"max-video-preview:-1"},"canonical":"https:\/\/www.suno.com.br\/noticias\/ibovespa-encerra-queda-25112019\/","og_locale":"pt_BR","og_type":"article","og_title":"Ibovespa encerra em queda de 0,25% a 108.423,930 pontos","og_description":"O Ibovespa fechou em baixa. O principal \u00edndice da Bolsa de Valores de\u00a0S\u00e3o Paulo teve queda de 0,25% a 108.423,930 pontos. Clique para mais.","og_url":"https:\/\/www.suno.com.br\/noticias\/ibovespa-encerra-queda-25112019\/","og_site_name":"Suno Not\u00edcias","article_publisher":"https:\/\/facebook.com\/sunoresearch","og_image":[{"width":1360,"height":765,"url":"https:\/\/files.sunoresearch.com.br\/n\/uploads\/2019\/01\/1c0a2043-bolsa-valores2.jpg","type":"image\/jpeg"}],"author":"Rafael Lara","twitter_card":"summary_large_image","twitter_creator":"@sunoresearch","twitter_site":"@sunoresearch","twitter_misc":{"Escrito por":"Rafael Lara","Est. tempo de leitura":"3 minutos"},"schema":{"@context":"https:\/\/schema.org","@graph":[{"@type":"NewsArticle","@id":"https:\/\/www.suno.com.br\/noticias\/ibovespa-encerra-queda-25112019\/#article","isPartOf":{"@id":"https:\/\/www.suno.com.br\/noticias\/ibovespa-encerra-queda-25112019\/"},"author":{"name":"Rafael Lara","@id":"https:\/\/www.suno.com.br\/noticias\/#\/schema\/person\/098743caeed97b37f51315c9576c4078"},"headline":"Ibovespa encerra em queda de 0,25% a 108.423,930 pontos","datePublished":"2019-11-25T21:36:13+00:00","dateModified":"2019-11-25T22:42:29+00:00","mainEntityOfPage":{"@id":"https:\/\/www.suno.com.br\/noticias\/ibovespa-encerra-queda-25112019\/"},"wordCount":666,"publisher":{"@id":"https:\/\/www.suno.com.br\/noticias\/#organization"},"image":{"@id":"https:\/\/www.suno.com.br\/noticias\/ibovespa-encerra-queda-25112019\/#primaryimage"},"thumbnailUrl":"https:\/\/files.sunoresearch.com.br\/n\/uploads\/2019\/01\/1c0a2043-bolsa-valores2-jpg.webp","keywords":["Banco do Brasil (BBAS3)","CVC (CVCB3)","Ibovespa","Taurus Armas (TASA3\/TASA4)"],"articleSection":["Mercado"],"inLanguage":"pt-BR"},{"@type":"WebPage","@id":"https:\/\/www.suno.com.br\/noticias\/ibovespa-encerra-queda-25112019\/","url":"https:\/\/www.suno.com.br\/noticias\/ibovespa-encerra-queda-25112019\/","name":"Ibovespa encerra em queda de 0,25% a 108.423,930 pontos","isPartOf":{"@id":"https:\/\/www.suno.com.br\/noticias\/#website"},"primaryImageOfPage":{"@id":"https:\/\/www.suno.com.br\/noticias\/ibovespa-encerra-queda-25112019\/#primaryimage"},"image":{"@id":"https:\/\/www.suno.com.br\/noticias\/ibovespa-encerra-queda-25112019\/#primaryimage"},"thumbnailUrl":"https:\/\/files.sunoresearch.com.br\/n\/uploads\/2019\/01\/1c0a2043-bolsa-valores2-jpg.webp","datePublished":"2019-11-25T21:36:13+00:00","dateModified":"2019-11-25T22:42:29+00:00","description":"O Ibovespa fechou em baixa. O principal \u00edndice da Bolsa de Valores de\u00a0S\u00e3o Paulo teve queda de 0,25% a 108.423,930 pontos. Clique para mais.","breadcrumb":{"@id":"https:\/\/www.suno.com.br\/noticias\/ibovespa-encerra-queda-25112019\/#breadcrumb"},"inLanguage":"pt-BR","potentialAction":[{"@type":"ReadAction","target":["https:\/\/www.suno.com.br\/noticias\/ibovespa-encerra-queda-25112019\/"]}]},{"@type":"ImageObject","inLanguage":"pt-BR","@id":"https:\/\/www.suno.com.br\/noticias\/ibovespa-encerra-queda-25112019\/#primaryimage","url":"https:\/\/files.sunoresearch.com.br\/n\/uploads\/2019\/01\/1c0a2043-bolsa-valores2-jpg.webp","contentUrl":"https:\/\/files.sunoresearch.com.br\/n\/uploads\/2019\/01\/1c0a2043-bolsa-valores2-jpg.webp","width":1360,"height":765,"caption":"Devido a pandemia, Zoom j\u00e1 vale mais que Petrobras (PETR4)"},{"@type":"BreadcrumbList","@id":"https:\/\/www.suno.com.br\/noticias\/ibovespa-encerra-queda-25112019\/#breadcrumb","itemListElement":[{"@type":"ListItem","position":1,"name":"Not\u00edcias","item":"https:\/\/www.suno.com.br\/noticias\/"},{"@type":"ListItem","position":2,"name":"Mercado","item":"https:\/\/www.suno.com.br\/noticias\/mercado\/"},{"@type":"ListItem","position":3,"name":"Ibovespa encerra em queda de 0,25% a 108.423,930 pontos"}]},{"@type":"WebSite","@id":"https:\/\/www.suno.com.br\/noticias\/#website","url":"https:\/\/www.suno.com.br\/noticias\/","name":"Suno Not\u00edcias","description":"Seu portal de informa\u00e7\u00e3o sobre o mundo dos investimentos","publisher":{"@id":"https:\/\/www.suno.com.br\/noticias\/#organization"},"potentialAction":[{"@type":"SearchAction","target":{"@type":"EntryPoint","urlTemplate":"https:\/\/www.suno.com.br\/noticias\/?s={search_term_string}"},"query-input":{"@type":"PropertyValueSpecification","valueRequired":true,"valueName":"search_term_string"}}],"inLanguage":"pt-BR"},{"@type":"Organization","@id":"https:\/\/www.suno.com.br\/noticias\/#organization","name":"Suno Not\u00edcias","url":"https:\/\/www.suno.com.br\/noticias\/","logo":{"@type":"ImageObject","inLanguage":"pt-BR","@id":"https:\/\/www.suno.com.br\/noticias\/#\/schema\/logo\/image\/","url":"https:\/\/files.sunoresearch.com.br\/n\/uploads\/2021\/09\/suno-logo.png","contentUrl":"https:\/\/files.sunoresearch.com.br\/n\/uploads\/2021\/09\/suno-logo.png","width":180,"height":180,"caption":"Suno Not\u00edcias"},"image":{"@id":"https:\/\/www.suno.com.br\/noticias\/#\/schema\/logo\/image\/"},"sameAs":["https:\/\/facebook.com\/sunoresearch","https:\/\/x.com\/sunoresearch","https:\/\/www.instagram.com\/suno","https:\/\/www.linkedin.com\/company\/suno-research\/","https:\/\/www.youtube.com\/c\/sunoresearch"]},{"@type":"Person","@id":"https:\/\/www.suno.com.br\/noticias\/#\/schema\/person\/098743caeed97b37f51315c9576c4078","name":"Rafael Lara","image":{"@type":"ImageObject","inLanguage":"pt-BR","@id":"https:\/\/www.suno.com.br\/noticias\/#\/schema\/person\/image\/","url":"https:\/\/secure.gravatar.com\/avatar\/dfc254ab9bb2ea1895d98b9e9dae4bdd?s=96&r=g","contentUrl":"https:\/\/secure.gravatar.com\/avatar\/dfc254ab9bb2ea1895d98b9e9dae4bdd?s=96&r=g","caption":"Rafael Lara"},"description":"Rafael Lara cursa jornalismo na Faculdade C\u00e1sper L\u00edbero. Escreve sobre pol\u00edtica, economia e neg\u00f3cios para o portal Suno Not\u00edcias. Antes, colaborou na TV Gazeta na produ\u00e7\u00e3o do programa Edi\u00e7\u00e3o Extra.","url":"https:\/\/www.suno.com.br\/noticias\/author\/rafael\/"}]}},"default_loop_html":"<div class=\"cardsPage__listCard__boxs\"><div class=\"cardsPage__listCard__boxs__img\"><a href=\"https:\/\/www.suno.com.br\/noticias\/ibovespa-encerra-queda-25112019\/\"><img class=\"mask\" src=\"https:\/\/www.suno.com.br\/noticias\/wp-content\/themes\/suno\/resources\/images\/spotlight\/spotlight1img\/bg-mask.png\" alt=\"Image Mask\"\/><img src=\"https:\/\/files.sunoresearch.com.br\/n\/uploads\/2019\/01\/1c0a2043-bolsa-valores2-400x200.webp\" alt=\"Ibovespa encerra em queda de 0,25% a 108.423,930 pontos\"\/><\/a><span class=\"spotlightCategory\"><a href=\"https:\/\/www.suno.com.br\/noticias\/mercado\/\">Mercado<\/a><\/span><\/div><div class=\"cardsPage__listCard__boxs__content\"><a href=\"https:\/\/www.suno.com.br\/noticias\/ibovespa-encerra-queda-25112019\/\"><h2 class=\"content__title\">Ibovespa encerra em queda de 0,25% a 108.423,930 pontos<\/h2><\/a><div class=\"newsContent__article__meta\"><div class=\"newsContent__article__meta__authorBox\"><a href=\"https:\/\/www.suno.com.br\/noticias\/author\/rafael\/\" class=\"authorBox__avatar noMobi\"><img src=\"https:\/\/secure.gravatar.com\/avatar\/dfc254ab9bb2ea1895d98b9e9dae4bdd?s=96&#038;r=g\" alt=\"Rafael Lara\"><\/a><div class=\"authorBox__name\"><span>por\n\t\t\t<a href=\"https:\/\/www.suno.com.br\/noticias\/author\/rafael\/\"><span itemprop=\"author\">Rafael Lara<\/span><\/a><\/span><time datetime=\"2019-11-25T19:36:13-03:00\" itemprop=\"datePublished\">25\/11\/2019 19:36<\/time><\/div><\/div><\/div><\/div><\/div>","single_layout":"posts","amp_enabled":true,"_links":{"self":[{"href":"https:\/\/www.suno.com.br\/noticias\/wp-json\/wp\/v2\/posts\/45678"}],"collection":[{"href":"https:\/\/www.suno.com.br\/noticias\/wp-json\/wp\/v2\/posts"}],"about":[{"href":"https:\/\/www.suno.com.br\/noticias\/wp-json\/wp\/v2\/types\/post"}],"author":[{"embeddable":true,"href":"https:\/\/www.suno.com.br\/noticias\/wp-json\/wp\/v2\/users\/23"}],"replies":[{"embeddable":true,"href":"https:\/\/www.suno.com.br\/noticias\/wp-json\/wp\/v2\/comments?post=45678"}],"version-history":[{"count":0,"href":"https:\/\/www.suno.com.br\/noticias\/wp-json\/wp\/v2\/posts\/45678\/revisions"}],"wp:featuredmedia":[{"embeddable":true,"href":"https:\/\/www.suno.com.br\/noticias\/wp-json\/wp\/v2\/media\/10449"}],"wp:attachment":[{"href":"https:\/\/www.suno.com.br\/noticias\/wp-json\/wp\/v2\/media?parent=45678"}],"wp:term":[{"taxonomy":"category","embeddable":true,"href":"https:\/\/www.suno.com.br\/noticias\/wp-json\/wp\/v2\/categories?post=45678"},{"taxonomy":"post_tag","embeddable":true,"href":"https:\/\/www.suno.com.br\/noticias\/wp-json\/wp\/v2\/tags?post=45678"},{"taxonomy":"suno_strategy","embeddable":true,"href":"https:\/\/www.suno.com.br\/noticias\/wp-json\/wp\/v2\/suno_strategy?post=45678"}],"curies":[{"name":"wp","href":"https:\/\/api.w.org\/{rel}","templated":true}]}}