{"id":456701,"date":"2023-09-15T13:40:10","date_gmt":"2023-09-15T16:40:10","guid":{"rendered":"https:\/\/www.suno.com.br\/noticias\/?p=456701"},"modified":"2023-09-15T13:40:22","modified_gmt":"2023-09-15T16:40:22","slug":"economistas-desafio-fiscal-otimismo-juros-evm","status":"publish","type":"post","link":"https:\/\/www.suno.com.br\/noticias\/economistas-desafio-fiscal-otimismo-juros-evm\/","title":{"rendered":"Economistas dizem que desafio fiscal \u00e9 grande e freia otimismo com juros"},"content":{"rendered":"<p>As d\u00favidas sobre a efic\u00e1cia da estrat\u00e9gia do governo para controlar o cen\u00e1rio <strong><a href=\"https:\/\/www.suno.com.br\/noticias\/arthur-lira-meta-fiscal-2024-mantenha-sarrafo-alto-evm\/\" target=\"_blank\" rel=\"noreferrer noopener\">fiscal<\/a><\/strong> em um contexto inflacion\u00e1rio ainda desafiador figura dentre os pontos que tornam dif\u00edcil projetar um horizonte para a trajet\u00f3ria das taxas de juros no Pa\u00eds. Esse foi o cen\u00e1rio em torno do qual se deu o debate, nesta quinta-feira (14), durante o 3.\u00ba Semin\u00e1rio de An\u00e1lise conjuntural promovido pela FGV em parceria com o Estad\u00e3o.<\/p>\t<div class=\"wrapper-featured-image\">\n\t\t<figure class=\"spotlightImg\">\n\n\t\t\t<picture>\n\t\t\t\t<source media=\"(max-width: 768px)\" srcset=\"https:\/\/files.sunoresearch.com.br\/n\/uploads\/2023\/09\/Jose\u0301-Ju\u0301lio-Senna_Divulgac\u0327a\u0303o-FGV_Bianca-Gens3-400x200.jpg\">\n\t\t\t\t<img loading=\"lazy\" decoding=\"async\" class=\"newsContent__article__imgCapa lazyloadDisabled \" src=\"https:\/\/files.sunoresearch.com.br\/n\/uploads\/2023\/09\/Jose\u0301-Ju\u0301lio-Senna_Divulgac\u0327a\u0303o-FGV_Bianca-Gens3-800x450.jpg\" width=\"800\" height=\"450\" alt=\"Economistas dizem que desafio fiscal \u00e9 grande e freia otimismo com juros\" fetchpriority=high \/>\n\t\t\t<\/picture>\n\n\t\t\t<figcaption class=\"wp-caption-text wp-caption-text--show\">Professor Jos\u00e9 J\u00falio Senna, da FGV - Foto: Bianca Gens\/FGV<\/figcaption>\n\t\t<\/figure>\n\t<\/div>\n\n\n\n\n\n\t<p>\n\t\t<a href=\"\" target=\"_blank\" data-element=\"shortcode-suno-banner\" title=\"Banner SUNO, clique e saiba mais\">\n\t\t\t<picture>\n\t\t\t\t<source media=\"(max-width: 500px)\" srcset=\"\">\n\t\t\t\t<img class=\"newsContent__article__imgCapa newsContent__article__imgCapa--banner\"\n\t\t\t\t\tsrc=\"\"\n\t\t\t\t\tdata-promo-id=\"240038\"\t\t\t\t\t\t\t\t\t\t\t\t\t\t\talt=\"\"\n\t\t\t\t>\n\t\t\t<\/picture>\n\t\t<\/a>\n\t<\/p>\n\n\n\n\n\n\n\n<p>Com a infla\u00e7\u00e3o ainda fora da meta central nas previs\u00f5es de mercado e o combate a ela longe de terminar, o chefe do Centro de Estudos Monet\u00e1rios do Instituto Brasileiro de Economia da Funda\u00e7\u00e3o Get\u00falio Vargas (Ibre\/FGV), Jos\u00e9 J\u00falio Senna, disse considerar dif\u00edcil o ciclo de redu\u00e7\u00e3o da <strong><a href=\"https:\/\/www.suno.com.br\/noticias\/ipca-previsao-inflacao-selic-projecoes-focus-gpj\/\" target=\"_blank\" rel=\"noreferrer noopener\">Selic<\/a><\/strong> terminar com a taxa abaixo de 10%.<\/p>\n\n\n\n<p>Ele observou que os questionamentos sobre a capacidade de o governo de equilibrar receitas e despesas mant\u00eam os juros dos t\u00edtulos com vencimento mais longo na m\u00e9dia hist\u00f3rica, embora o <a class=\"suno-keyword\" target=\"_blank\" data-force=\"no\" data-priority=\"1\" href=\"https:\/\/www.suno.com.br\/artigos\/embi\/\" rel=\"noopener\">risco pa\u00eds<\/a> esteja abaixo da m\u00e9dia. <\/p>\n\n\n\n<p>&#8220;Isso significa que os participantes do mercado est\u00e3o exigindo o que sempre exigiram. N\u00e3o \u00e9 uma situa\u00e7\u00e3o confort\u00e1vel e enquanto houver incertezas sobre as contas p\u00fablicas a coisa pode se agravar&#8221;, disse o economista, mostrando-se c\u00e9tico em rela\u00e7\u00e3o a uma Selic em um d\u00edgito ao fim do atual ciclo de flexibiliza\u00e7\u00e3o monet\u00e1ria.<\/p>\n\n\n\t<p>\n\t\t<a href=\"https:\/\/lp.suno.com.br\/ebook-gratuito-investindo-no-exterior\/\" target=\"_blank\" data-element=\"shortcode-suno-banner\" title=\"Banner SUNO, clique e saiba mais\">\n\t\t\t<picture>\n\t\t\t\t<source media=\"(max-width: 500px)\" srcset=\"https:\/\/files.sunoresearch.com.br\/n\/uploads\/2023\/03\/400x300-Investindo-no-exterior.png\">\n\t\t\t\t<img class=\"newsContent__article__imgCapa newsContent__article__imgCapa--banner\"\n\t\t\t\t\tsrc=\"https:\/\/files.sunoresearch.com.br\/n\/uploads\/2023\/03\/1420x240-Investindo-no-exterior.png\"\n\t\t\t\t\tdata-promo-id=\"383161\"\t\t\t\t\t\t\t\t\t\twidth='1420' height='240'\t\t\t\t\talt=\"https:\/\/files.sunoresearch.com.br\/n\/uploads\/2023\/03\/1420x240-Investindo-no-exterior.png\"\n\t\t\t\t>\n\t\t\t<\/picture>\n\t\t<\/a>\n\t<\/p>\n\n\n\n\n\n<h2 class=\"wp-block-heading\">&#8216;Falsa solu\u00e7\u00e3o&#8217;<\/h2>\n\n\n\n<p>Pesquisador associado do Ibre\/FGV, Armando Castelar considerou que a op\u00e7\u00e3o do governo por buscar o equil\u00edbrio das contas p\u00fablicas por meio de medidas de aumento de arrecada\u00e7\u00e3o representa uma &#8220;falsa solu\u00e7\u00e3o&#8221;, com impacto negativo no crescimento.<\/p>\n\n\n\n<p>&#8220;A forma como est\u00e3o sendo resolvidas quest\u00f5es de natureza pol\u00edtica, seja a aprova\u00e7\u00e3o da <a class=\"suno-keyword\" target=\"_blank\" data-force=\"no\" data-priority=\"2\" href=\"https:\/\/www.suno.com.br\/artigos\/reforma-tributaria\/\" rel=\"noopener\">reforma tribut\u00e1ria<\/a>, seja a quest\u00e3o fiscal via aumento de <a class=\"suno-keyword\" target=\"_blank\" data-force=\"no\" data-priority=\"1\" href=\"https:\/\/www.suno.com.br\/artigos\/carga-tributaria\/\" rel=\"noopener\">carga tribut\u00e1ria<\/a>, \u00e9 bastante ruim do ponto de vista de crescimento do Pa\u00eds&#8221;, disse, observando que o aumento de carga de impostos significa menos produtividade, mais informalidade e menor crescimento. <\/p>\n\n\n\n<p>&#8220;\u00c9 uma falsa solu\u00e7\u00e3o&#8221;, disse Castelar.<\/p>\n\n\n\n<p>Coordenadora do Boletim Macro do Ibre\/FGV, Silvia Matos disse que n\u00e3o consegue ver no horizonte a volta dos super\u00e1vits prim\u00e1rios, bem como a redu\u00e7\u00e3o dos juros de rolagem da d\u00edvida. <\/p>\n\n\n\n<p>&#8220;Todo o processo de redu\u00e7\u00e3o da d\u00edvida depende da recupera\u00e7\u00e3o do <a class=\"suno-keyword\" data-force=\"no\" data-priority=\"1\" href=\"https:\/\/www.suno.com.br\/artigos\/superavit-primario\/\" target=\"_blank\" rel=\"noopener\">super\u00e1vit prim\u00e1rio<\/a> e de juros de rolagem da d\u00edvida mais baixos. N\u00e3o conseguimos ver esses dois componentes no radar. Basicamente, a d\u00edvida vai subir&#8221;, comentou a economista.<\/p>\n\n\n\n<p>Com Estad\u00e3o Conte\u00fado<\/p>\n\n\n\t<p>\n\t\t<a href=\"https:\/\/lp.suno.com.br\/planilha-da-vida-financeira\/\" target=\"_blank\" data-element=\"shortcode-suno-banner\" title=\"Banner SUNO, clique e saiba mais\">\n\t\t\t<picture>\n\t\t\t\t<source media=\"(max-width: 500px)\" srcset=\"https:\/\/files.sunoresearch.com.br\/n\/uploads\/2023\/04\/400x300-Planilha-vida-financeira-true.png\">\n\t\t\t\t<img class=\"newsContent__article__imgCapa newsContent__article__imgCapa--banner\"\n\t\t\t\t\tsrc=\"https:\/\/files.sunoresearch.com.br\/n\/uploads\/2023\/04\/1420x240-Planilha-vida-financeira-true.png\"\n\t\t\t\t\tdata-promo-id=\"383123\"\t\t\t\t\t\t\t\t\t\twidth='1420' height='240'\t\t\t\t\talt=\"https:\/\/files.sunoresearch.com.br\/n\/uploads\/2023\/04\/1420x240-Planilha-vida-financeira-true.png\"\n\t\t\t\t>\n\t\t\t<\/picture>\n\t\t<\/a>\n\t<\/p>\n\n\n","protected":false},"excerpt":{"rendered":"<p>As d\u00favidas sobre a efic\u00e1cia da estrat\u00e9gia do governo para controlar o cen\u00e1rio fiscal em um contexto inflacion\u00e1rio ainda desafiador figura dentre os pontos que tornam dif\u00edcil projetar um horizonte para a trajet\u00f3ria das taxas de juros no Pa\u00eds. Esse foi o cen\u00e1rio em torno do qual se deu o debate, nesta quinta-feira (14), durante [&hellip;]<\/p>\n","protected":false},"author":43,"featured_media":456994,"comment_status":"closed","ping_status":"closed","sticky":false,"template":"","format":"standard","meta":[],"categories":[62],"tags":[],"suno_strategy":[],"class_list":["post-456701","post","type-post","status-publish","format-standard","has-post-thumbnail","hentry","category-economia"],"yoast_head":"<!-- This site is optimized with the Yoast SEO plugin v24.4 - https:\/\/yoast.com\/wordpress\/plugins\/seo\/ -->\n<title>Economistas dizem que desafio fiscal \u00e9 grande e freia otimismo com juros<\/title>\n<meta name=\"description\" content=\"O Cen\u00e1rio fiscal em um contexto inflacion\u00e1rio ainda desafiador figura dentre os pontos que tornam dif\u00edcil projetar um horizonte para os juros\" \/>\n<meta name=\"robots\" content=\"index, follow, max-snippet:-1, max-image-preview:large, max-video-preview:-1\" \/>\n<link rel=\"canonical\" href=\"https:\/\/www.suno.com.br\/noticias\/economistas-desafio-fiscal-otimismo-juros-evm\/\" \/>\n<meta property=\"og:locale\" content=\"pt_BR\" \/>\n<meta property=\"og:type\" content=\"article\" \/>\n<meta property=\"og:title\" content=\"Economistas dizem que desafio fiscal \u00e9 grande e freia otimismo com juros\" \/>\n<meta property=\"og:description\" content=\"O Cen\u00e1rio fiscal em um contexto inflacion\u00e1rio ainda desafiador figura dentre os pontos que tornam dif\u00edcil projetar um horizonte para os juros\" \/>\n<meta property=\"og:url\" content=\"https:\/\/www.suno.com.br\/noticias\/economistas-desafio-fiscal-otimismo-juros-evm\/\" \/>\n<meta property=\"og:site_name\" content=\"Suno Not\u00edcias\" \/>\n<meta property=\"article:publisher\" content=\"https:\/\/facebook.com\/sunoresearch\" \/>\n<meta property=\"article:author\" content=\"https:\/\/www.facebook.com\/sunonoticias\/\" \/>\n<meta property=\"og:image\" content=\"https:\/\/files.sunoresearch.com.br\/n\/uploads\/2023\/09\/Jose\u0301-Ju\u0301lio-Senna_Divulgac\u0327a\u0303o-FGV_Bianca-Gens3.jpg\" \/>\n\t<meta property=\"og:image:width\" content=\"2000\" \/>\n\t<meta property=\"og:image:height\" content=\"1335\" \/>\n\t<meta property=\"og:image:type\" content=\"image\/jpeg\" \/>\n<meta name=\"author\" content=\"Reda\u00e7\u00e3o Suno Not\u00edcias\" \/>\n<meta name=\"twitter:card\" content=\"summary_large_image\" \/>\n<meta name=\"twitter:creator\" content=\"@https:\/\/twitter.com\/sunoresearch\" \/>\n<meta name=\"twitter:site\" content=\"@sunoresearch\" \/>\n<meta name=\"twitter:label1\" content=\"Escrito por\" \/>\n\t<meta name=\"twitter:data1\" content=\"Reda\u00e7\u00e3o Suno Not\u00edcias\" \/>\n\t<meta name=\"twitter:label2\" content=\"Est. tempo de leitura\" \/>\n\t<meta name=\"twitter:data2\" content=\"3 minutos\" \/>\n<script type=\"application\/ld+json\" class=\"yoast-schema-graph\">{\"@context\":\"https:\/\/schema.org\",\"@graph\":[{\"@type\":\"NewsArticle\",\"@id\":\"https:\/\/www.suno.com.br\/noticias\/economistas-desafio-fiscal-otimismo-juros-evm\/#article\",\"isPartOf\":{\"@id\":\"https:\/\/www.suno.com.br\/noticias\/economistas-desafio-fiscal-otimismo-juros-evm\/\"},\"author\":{\"name\":\"Reda\u00e7\u00e3o Suno Not\u00edcias\",\"@id\":\"https:\/\/www.suno.com.br\/noticias\/#\/schema\/person\/c1b1bd3727fa852bd045e9dbff3673ea\"},\"headline\":\"Economistas dizem que desafio fiscal \u00e9 grande e freia otimismo com juros\",\"datePublished\":\"2023-09-15T16:40:10+00:00\",\"dateModified\":\"2023-09-15T16:40:22+00:00\",\"mainEntityOfPage\":{\"@id\":\"https:\/\/www.suno.com.br\/noticias\/economistas-desafio-fiscal-otimismo-juros-evm\/\"},\"wordCount\":464,\"publisher\":{\"@id\":\"https:\/\/www.suno.com.br\/noticias\/#organization\"},\"image\":{\"@id\":\"https:\/\/www.suno.com.br\/noticias\/economistas-desafio-fiscal-otimismo-juros-evm\/#primaryimage\"},\"thumbnailUrl\":\"https:\/\/files.sunoresearch.com.br\/n\/uploads\/2023\/09\/Jose\u0301-Ju\u0301lio-Senna_Divulgac\u0327a\u0303o-FGV_Bianca-Gens3.jpg\",\"articleSection\":[\"Economia\"],\"inLanguage\":\"pt-BR\"},{\"@type\":\"WebPage\",\"@id\":\"https:\/\/www.suno.com.br\/noticias\/economistas-desafio-fiscal-otimismo-juros-evm\/\",\"url\":\"https:\/\/www.suno.com.br\/noticias\/economistas-desafio-fiscal-otimismo-juros-evm\/\",\"name\":\"Economistas dizem que desafio fiscal \u00e9 grande e freia otimismo com juros\",\"isPartOf\":{\"@id\":\"https:\/\/www.suno.com.br\/noticias\/#website\"},\"primaryImageOfPage\":{\"@id\":\"https:\/\/www.suno.com.br\/noticias\/economistas-desafio-fiscal-otimismo-juros-evm\/#primaryimage\"},\"image\":{\"@id\":\"https:\/\/www.suno.com.br\/noticias\/economistas-desafio-fiscal-otimismo-juros-evm\/#primaryimage\"},\"thumbnailUrl\":\"https:\/\/files.sunoresearch.com.br\/n\/uploads\/2023\/09\/Jose\u0301-Ju\u0301lio-Senna_Divulgac\u0327a\u0303o-FGV_Bianca-Gens3.jpg\",\"datePublished\":\"2023-09-15T16:40:10+00:00\",\"dateModified\":\"2023-09-15T16:40:22+00:00\",\"description\":\"O Cen\u00e1rio fiscal em um contexto inflacion\u00e1rio ainda desafiador figura dentre os pontos que tornam dif\u00edcil projetar um horizonte para os juros\",\"breadcrumb\":{\"@id\":\"https:\/\/www.suno.com.br\/noticias\/economistas-desafio-fiscal-otimismo-juros-evm\/#breadcrumb\"},\"inLanguage\":\"pt-BR\",\"potentialAction\":[{\"@type\":\"ReadAction\",\"target\":[\"https:\/\/www.suno.com.br\/noticias\/economistas-desafio-fiscal-otimismo-juros-evm\/\"]}]},{\"@type\":\"ImageObject\",\"inLanguage\":\"pt-BR\",\"@id\":\"https:\/\/www.suno.com.br\/noticias\/economistas-desafio-fiscal-otimismo-juros-evm\/#primaryimage\",\"url\":\"https:\/\/files.sunoresearch.com.br\/n\/uploads\/2023\/09\/Jose\u0301-Ju\u0301lio-Senna_Divulgac\u0327a\u0303o-FGV_Bianca-Gens3.jpg\",\"contentUrl\":\"https:\/\/files.sunoresearch.com.br\/n\/uploads\/2023\/09\/Jose\u0301-Ju\u0301lio-Senna_Divulgac\u0327a\u0303o-FGV_Bianca-Gens3.jpg\",\"width\":2000,\"height\":1335,\"caption\":\"Professor Jos\u00e9 J\u00falio Senna, da FGV - Foto: Bianca Gens\/FGV\"},{\"@type\":\"BreadcrumbList\",\"@id\":\"https:\/\/www.suno.com.br\/noticias\/economistas-desafio-fiscal-otimismo-juros-evm\/#breadcrumb\",\"itemListElement\":[{\"@type\":\"ListItem\",\"position\":1,\"name\":\"Not\u00edcias\",\"item\":\"https:\/\/www.suno.com.br\/noticias\/\"},{\"@type\":\"ListItem\",\"position\":2,\"name\":\"Economia\",\"item\":\"https:\/\/www.suno.com.br\/noticias\/economia\/\"},{\"@type\":\"ListItem\",\"position\":3,\"name\":\"Economistas dizem que desafio fiscal \u00e9 grande e freia otimismo com juros\"}]},{\"@type\":\"WebSite\",\"@id\":\"https:\/\/www.suno.com.br\/noticias\/#website\",\"url\":\"https:\/\/www.suno.com.br\/noticias\/\",\"name\":\"Suno Not\u00edcias\",\"description\":\"Seu portal de informa\u00e7\u00e3o sobre o mundo dos investimentos\",\"publisher\":{\"@id\":\"https:\/\/www.suno.com.br\/noticias\/#organization\"},\"potentialAction\":[{\"@type\":\"SearchAction\",\"target\":{\"@type\":\"EntryPoint\",\"urlTemplate\":\"https:\/\/www.suno.com.br\/noticias\/?s={search_term_string}\"},\"query-input\":{\"@type\":\"PropertyValueSpecification\",\"valueRequired\":true,\"valueName\":\"search_term_string\"}}],\"inLanguage\":\"pt-BR\"},{\"@type\":\"Organization\",\"@id\":\"https:\/\/www.suno.com.br\/noticias\/#organization\",\"name\":\"Suno Not\u00edcias\",\"url\":\"https:\/\/www.suno.com.br\/noticias\/\",\"logo\":{\"@type\":\"ImageObject\",\"inLanguage\":\"pt-BR\",\"@id\":\"https:\/\/www.suno.com.br\/noticias\/#\/schema\/logo\/image\/\",\"url\":\"https:\/\/files.sunoresearch.com.br\/n\/uploads\/2021\/09\/suno-logo.png\",\"contentUrl\":\"https:\/\/files.sunoresearch.com.br\/n\/uploads\/2021\/09\/suno-logo.png\",\"width\":180,\"height\":180,\"caption\":\"Suno Not\u00edcias\"},\"image\":{\"@id\":\"https:\/\/www.suno.com.br\/noticias\/#\/schema\/logo\/image\/\"},\"sameAs\":[\"https:\/\/facebook.com\/sunoresearch\",\"https:\/\/x.com\/sunoresearch\",\"https:\/\/www.instagram.com\/suno\",\"https:\/\/www.linkedin.com\/company\/suno-research\/\",\"https:\/\/www.youtube.com\/c\/sunoresearch\"]},{\"@type\":\"Person\",\"@id\":\"https:\/\/www.suno.com.br\/noticias\/#\/schema\/person\/c1b1bd3727fa852bd045e9dbff3673ea\",\"name\":\"Reda\u00e7\u00e3o Suno Not\u00edcias\",\"image\":{\"@type\":\"ImageObject\",\"inLanguage\":\"pt-BR\",\"@id\":\"https:\/\/www.suno.com.br\/noticias\/#\/schema\/person\/image\/\",\"url\":\"https:\/\/secure.gravatar.com\/avatar\/b8104b9b5a71985d5238ee59fbe418af?s=96&r=g\",\"contentUrl\":\"https:\/\/secure.gravatar.com\/avatar\/b8104b9b5a71985d5238ee59fbe418af?s=96&r=g\",\"caption\":\"Reda\u00e7\u00e3o Suno Not\u00edcias\"},\"description\":\"O Suno Not\u00edcias \u00e9 um portal de informa\u00e7\u00f5es sobre Mercado Financeiro, Pol\u00edtica, Neg\u00f3cios, Economia e Finan\u00e7as Pessoais.\",\"sameAs\":[\"https:\/\/www.suno.com.br\/noticias\",\"https:\/\/www.facebook.com\/sunonoticias\/\",\"https:\/\/www.instagram.com\/sunonoticias\/\",\"https:\/\/x.com\/https:\/\/twitter.com\/sunoresearch\",\"https:\/\/www.youtube.com\/sunonoticias\"],\"url\":\"https:\/\/www.suno.com.br\/noticias\/author\/redacao-suno\/\"}]}<\/script>\n<!-- \/ Yoast SEO plugin. -->","yoast_head_json":{"title":"Economistas dizem que desafio fiscal \u00e9 grande e freia otimismo com juros","description":"O Cen\u00e1rio fiscal em um contexto inflacion\u00e1rio ainda desafiador figura dentre os pontos que tornam dif\u00edcil projetar um horizonte para os juros","robots":{"index":"index","follow":"follow","max-snippet":"max-snippet:-1","max-image-preview":"max-image-preview:large","max-video-preview":"max-video-preview:-1"},"canonical":"https:\/\/www.suno.com.br\/noticias\/economistas-desafio-fiscal-otimismo-juros-evm\/","og_locale":"pt_BR","og_type":"article","og_title":"Economistas dizem que desafio fiscal \u00e9 grande e freia otimismo com juros","og_description":"O Cen\u00e1rio fiscal em um contexto inflacion\u00e1rio ainda desafiador figura dentre os pontos que tornam dif\u00edcil projetar um horizonte para os juros","og_url":"https:\/\/www.suno.com.br\/noticias\/economistas-desafio-fiscal-otimismo-juros-evm\/","og_site_name":"Suno Not\u00edcias","article_publisher":"https:\/\/facebook.com\/sunoresearch","article_author":"https:\/\/www.facebook.com\/sunonoticias\/","og_image":[{"width":2000,"height":1335,"url":"https:\/\/files.sunoresearch.com.br\/n\/uploads\/2023\/09\/Jose\u0301-Ju\u0301lio-Senna_Divulgac\u0327a\u0303o-FGV_Bianca-Gens3.jpg","type":"image\/jpeg"}],"author":"Reda\u00e7\u00e3o Suno Not\u00edcias","twitter_card":"summary_large_image","twitter_creator":"@https:\/\/twitter.com\/sunoresearch","twitter_site":"@sunoresearch","twitter_misc":{"Escrito por":"Reda\u00e7\u00e3o Suno Not\u00edcias","Est. tempo de leitura":"3 minutos"},"schema":{"@context":"https:\/\/schema.org","@graph":[{"@type":"NewsArticle","@id":"https:\/\/www.suno.com.br\/noticias\/economistas-desafio-fiscal-otimismo-juros-evm\/#article","isPartOf":{"@id":"https:\/\/www.suno.com.br\/noticias\/economistas-desafio-fiscal-otimismo-juros-evm\/"},"author":{"name":"Reda\u00e7\u00e3o Suno Not\u00edcias","@id":"https:\/\/www.suno.com.br\/noticias\/#\/schema\/person\/c1b1bd3727fa852bd045e9dbff3673ea"},"headline":"Economistas dizem que desafio fiscal \u00e9 grande e freia otimismo com juros","datePublished":"2023-09-15T16:40:10+00:00","dateModified":"2023-09-15T16:40:22+00:00","mainEntityOfPage":{"@id":"https:\/\/www.suno.com.br\/noticias\/economistas-desafio-fiscal-otimismo-juros-evm\/"},"wordCount":464,"publisher":{"@id":"https:\/\/www.suno.com.br\/noticias\/#organization"},"image":{"@id":"https:\/\/www.suno.com.br\/noticias\/economistas-desafio-fiscal-otimismo-juros-evm\/#primaryimage"},"thumbnailUrl":"https:\/\/files.sunoresearch.com.br\/n\/uploads\/2023\/09\/Jose\u0301-Ju\u0301lio-Senna_Divulgac\u0327a\u0303o-FGV_Bianca-Gens3.jpg","articleSection":["Economia"],"inLanguage":"pt-BR"},{"@type":"WebPage","@id":"https:\/\/www.suno.com.br\/noticias\/economistas-desafio-fiscal-otimismo-juros-evm\/","url":"https:\/\/www.suno.com.br\/noticias\/economistas-desafio-fiscal-otimismo-juros-evm\/","name":"Economistas dizem que desafio fiscal \u00e9 grande e freia otimismo com juros","isPartOf":{"@id":"https:\/\/www.suno.com.br\/noticias\/#website"},"primaryImageOfPage":{"@id":"https:\/\/www.suno.com.br\/noticias\/economistas-desafio-fiscal-otimismo-juros-evm\/#primaryimage"},"image":{"@id":"https:\/\/www.suno.com.br\/noticias\/economistas-desafio-fiscal-otimismo-juros-evm\/#primaryimage"},"thumbnailUrl":"https:\/\/files.sunoresearch.com.br\/n\/uploads\/2023\/09\/Jose\u0301-Ju\u0301lio-Senna_Divulgac\u0327a\u0303o-FGV_Bianca-Gens3.jpg","datePublished":"2023-09-15T16:40:10+00:00","dateModified":"2023-09-15T16:40:22+00:00","description":"O Cen\u00e1rio fiscal em um contexto inflacion\u00e1rio ainda desafiador figura dentre os pontos que tornam dif\u00edcil projetar um horizonte para os juros","breadcrumb":{"@id":"https:\/\/www.suno.com.br\/noticias\/economistas-desafio-fiscal-otimismo-juros-evm\/#breadcrumb"},"inLanguage":"pt-BR","potentialAction":[{"@type":"ReadAction","target":["https:\/\/www.suno.com.br\/noticias\/economistas-desafio-fiscal-otimismo-juros-evm\/"]}]},{"@type":"ImageObject","inLanguage":"pt-BR","@id":"https:\/\/www.suno.com.br\/noticias\/economistas-desafio-fiscal-otimismo-juros-evm\/#primaryimage","url":"https:\/\/files.sunoresearch.com.br\/n\/uploads\/2023\/09\/Jose\u0301-Ju\u0301lio-Senna_Divulgac\u0327a\u0303o-FGV_Bianca-Gens3.jpg","contentUrl":"https:\/\/files.sunoresearch.com.br\/n\/uploads\/2023\/09\/Jose\u0301-Ju\u0301lio-Senna_Divulgac\u0327a\u0303o-FGV_Bianca-Gens3.jpg","width":2000,"height":1335,"caption":"Professor Jos\u00e9 J\u00falio Senna, da FGV - Foto: Bianca Gens\/FGV"},{"@type":"BreadcrumbList","@id":"https:\/\/www.suno.com.br\/noticias\/economistas-desafio-fiscal-otimismo-juros-evm\/#breadcrumb","itemListElement":[{"@type":"ListItem","position":1,"name":"Not\u00edcias","item":"https:\/\/www.suno.com.br\/noticias\/"},{"@type":"ListItem","position":2,"name":"Economia","item":"https:\/\/www.suno.com.br\/noticias\/economia\/"},{"@type":"ListItem","position":3,"name":"Economistas dizem que desafio fiscal \u00e9 grande e freia otimismo com juros"}]},{"@type":"WebSite","@id":"https:\/\/www.suno.com.br\/noticias\/#website","url":"https:\/\/www.suno.com.br\/noticias\/","name":"Suno Not\u00edcias","description":"Seu portal de informa\u00e7\u00e3o sobre o mundo dos investimentos","publisher":{"@id":"https:\/\/www.suno.com.br\/noticias\/#organization"},"potentialAction":[{"@type":"SearchAction","target":{"@type":"EntryPoint","urlTemplate":"https:\/\/www.suno.com.br\/noticias\/?s={search_term_string}"},"query-input":{"@type":"PropertyValueSpecification","valueRequired":true,"valueName":"search_term_string"}}],"inLanguage":"pt-BR"},{"@type":"Organization","@id":"https:\/\/www.suno.com.br\/noticias\/#organization","name":"Suno Not\u00edcias","url":"https:\/\/www.suno.com.br\/noticias\/","logo":{"@type":"ImageObject","inLanguage":"pt-BR","@id":"https:\/\/www.suno.com.br\/noticias\/#\/schema\/logo\/image\/","url":"https:\/\/files.sunoresearch.com.br\/n\/uploads\/2021\/09\/suno-logo.png","contentUrl":"https:\/\/files.sunoresearch.com.br\/n\/uploads\/2021\/09\/suno-logo.png","width":180,"height":180,"caption":"Suno Not\u00edcias"},"image":{"@id":"https:\/\/www.suno.com.br\/noticias\/#\/schema\/logo\/image\/"},"sameAs":["https:\/\/facebook.com\/sunoresearch","https:\/\/x.com\/sunoresearch","https:\/\/www.instagram.com\/suno","https:\/\/www.linkedin.com\/company\/suno-research\/","https:\/\/www.youtube.com\/c\/sunoresearch"]},{"@type":"Person","@id":"https:\/\/www.suno.com.br\/noticias\/#\/schema\/person\/c1b1bd3727fa852bd045e9dbff3673ea","name":"Reda\u00e7\u00e3o Suno Not\u00edcias","image":{"@type":"ImageObject","inLanguage":"pt-BR","@id":"https:\/\/www.suno.com.br\/noticias\/#\/schema\/person\/image\/","url":"https:\/\/secure.gravatar.com\/avatar\/b8104b9b5a71985d5238ee59fbe418af?s=96&r=g","contentUrl":"https:\/\/secure.gravatar.com\/avatar\/b8104b9b5a71985d5238ee59fbe418af?s=96&r=g","caption":"Reda\u00e7\u00e3o Suno Not\u00edcias"},"description":"O Suno Not\u00edcias \u00e9 um portal de informa\u00e7\u00f5es sobre Mercado Financeiro, Pol\u00edtica, Neg\u00f3cios, Economia e Finan\u00e7as Pessoais.","sameAs":["https:\/\/www.suno.com.br\/noticias","https:\/\/www.facebook.com\/sunonoticias\/","https:\/\/www.instagram.com\/sunonoticias\/","https:\/\/x.com\/https:\/\/twitter.com\/sunoresearch","https:\/\/www.youtube.com\/sunonoticias"],"url":"https:\/\/www.suno.com.br\/noticias\/author\/redacao-suno\/"}]}},"default_loop_html":"<div class=\"cardsPage__listCard__boxs\"><div class=\"cardsPage__listCard__boxs__img\"><a href=\"https:\/\/www.suno.com.br\/noticias\/economistas-desafio-fiscal-otimismo-juros-evm\/\"><img class=\"mask\" src=\"https:\/\/www.suno.com.br\/noticias\/wp-content\/themes\/suno\/resources\/images\/spotlight\/spotlight1img\/bg-mask.png\" alt=\"Image Mask\"\/><img src=\"https:\/\/files.sunoresearch.com.br\/n\/uploads\/2023\/09\/Jose\u0301-Ju\u0301lio-Senna_Divulgac\u0327a\u0303o-FGV_Bianca-Gens3-400x200.jpg\" alt=\"Economistas dizem que desafio fiscal \u00e9 grande e freia otimismo com juros\"\/><\/a><span class=\"spotlightCategory\"><a href=\"https:\/\/www.suno.com.br\/noticias\/economia\/\">Economia<\/a><\/span><\/div><div class=\"cardsPage__listCard__boxs__content\"><a href=\"https:\/\/www.suno.com.br\/noticias\/economistas-desafio-fiscal-otimismo-juros-evm\/\"><h2 class=\"content__title\">Economistas dizem que desafio fiscal \u00e9 grande e freia otimismo com juros<\/h2><\/a><div class=\"newsContent__article__meta\"><div class=\"newsContent__article__meta__authorBox\"><a href=\"https:\/\/www.suno.com.br\/noticias\/author\/redacao-suno\/\" class=\"authorBox__avatar noMobi\"><img src=\"https:\/\/files.sunoresearch.com.br\/n\/uploads\/2020\/08\/0ace682d-redacao-1-150x150.webp\" alt=\"Reda\u00e7\u00e3o Suno Not\u00edcias\"><\/a><div class=\"authorBox__name\"><span>por\n\t\t\t<a href=\"https:\/\/www.suno.com.br\/noticias\/author\/redacao-suno\/\"><span itemprop=\"author\">Reda\u00e7\u00e3o Suno Not\u00edcias<\/span><\/a><\/span><time datetime=\"2023-09-15T13:40:10-03:00\" itemprop=\"datePublished\">15\/09\/2023 13:40<\/time><\/div><\/div><\/div><\/div><\/div>","single_layout":"posts","amp_enabled":true,"_links":{"self":[{"href":"https:\/\/www.suno.com.br\/noticias\/wp-json\/wp\/v2\/posts\/456701"}],"collection":[{"href":"https:\/\/www.suno.com.br\/noticias\/wp-json\/wp\/v2\/posts"}],"about":[{"href":"https:\/\/www.suno.com.br\/noticias\/wp-json\/wp\/v2\/types\/post"}],"author":[{"embeddable":true,"href":"https:\/\/www.suno.com.br\/noticias\/wp-json\/wp\/v2\/users\/43"}],"replies":[{"embeddable":true,"href":"https:\/\/www.suno.com.br\/noticias\/wp-json\/wp\/v2\/comments?post=456701"}],"version-history":[{"count":3,"href":"https:\/\/www.suno.com.br\/noticias\/wp-json\/wp\/v2\/posts\/456701\/revisions"}],"predecessor-version":[{"id":456999,"href":"https:\/\/www.suno.com.br\/noticias\/wp-json\/wp\/v2\/posts\/456701\/revisions\/456999"}],"wp:featuredmedia":[{"embeddable":true,"href":"https:\/\/www.suno.com.br\/noticias\/wp-json\/wp\/v2\/media\/456994"}],"wp:attachment":[{"href":"https:\/\/www.suno.com.br\/noticias\/wp-json\/wp\/v2\/media?parent=456701"}],"wp:term":[{"taxonomy":"category","embeddable":true,"href":"https:\/\/www.suno.com.br\/noticias\/wp-json\/wp\/v2\/categories?post=456701"},{"taxonomy":"post_tag","embeddable":true,"href":"https:\/\/www.suno.com.br\/noticias\/wp-json\/wp\/v2\/tags?post=456701"},{"taxonomy":"suno_strategy","embeddable":true,"href":"https:\/\/www.suno.com.br\/noticias\/wp-json\/wp\/v2\/suno_strategy?post=456701"}],"curies":[{"name":"wp","href":"https:\/\/api.w.org\/{rel}","templated":true}]}}