{"id":456501,"date":"2023-09-14T20:09:47","date_gmt":"2023-09-14T23:09:47","guid":{"rendered":"https:\/\/www.suno.com.br\/noticias\/?p=456501"},"modified":"2023-09-14T20:09:50","modified_gmt":"2023-09-14T23:09:50","slug":"dolar-cai-2o-dia-seguido-alta-commodities","status":"publish","type":"post","link":"https:\/\/www.suno.com.br\/noticias\/dolar-cai-2o-dia-seguido-alta-commodities\/","title":{"rendered":"D\u00f3lar cai abaixo de R$ 4,90 com alta de commodities"},"content":{"rendered":"<p>O <strong>d\u00f3lar<\/strong> \u00e0 vista emendou nesta quinta-feira, 14, a segunda sess\u00e3o consecutiva de queda firme no mercado dom\u00e9stico de c\u00e2mbio e fechou abaixo da linha de R$ 4,90 pela primeira vez desde 30 de agosto. <\/p>\t<div class=\"wrapper-featured-image\">\n\t\t<figure class=\"spotlightImg\">\n\n\t\t\t<picture>\n\t\t\t\t<source media=\"(max-width: 768px)\" srcset=\"https:\/\/files.sunoresearch.com.br\/n\/uploads\/2023\/05\/dolar-cotacao-cambio-400x200.jpg\">\n\t\t\t\t<img loading=\"lazy\" decoding=\"async\" class=\"newsContent__article__imgCapa lazyloadDisabled \" src=\"https:\/\/files.sunoresearch.com.br\/n\/uploads\/2023\/05\/dolar-cotacao-cambio-800x450.jpg\" width=\"800\" height=\"450\" alt=\"D\u00f3lar cai abaixo de R$ 4,90 com alta de commodities\" fetchpriority=high \/>\n\t\t\t<\/picture>\n\n\t\t\t<figcaption class=\"wp-caption-text wp-caption-text--show\">D\u00f3lar - Foto: iStock<\/figcaption>\n\t\t<\/figure>\n\t<\/div>\n\n\n\n\n\n\n<p>Operadores atribu\u00edram a <strong>baixa do d\u00f3lar<\/strong> ao desmonte de posi\u00e7\u00f5es defensivas no <a class=\"suno-keyword\" target=\"_blank\" data-force=\"no\" data-priority=\"1\" href=\"https:\/\/www.suno.com.br\/artigos\/contrato-futuro\/\" rel=\"noopener\">mercado futuro<\/a> e a fluxo estrangeiro para a Bolsa, em meio ao avan\u00e7o das commodities met\u00e1licas e do petr\u00f3leo, ap\u00f3s an\u00fancio de novos est\u00edmulos monet\u00e1rios na China.<\/p>\n\n\n\t<p>\n\t\t<a href=\"https:\/\/lp.suno.com.br\/planilha-da-vida-financeira\/\" target=\"_blank\" data-element=\"shortcode-suno-banner\" title=\"Banner SUNO, clique e saiba mais\">\n\t\t\t<picture>\n\t\t\t\t<source media=\"(max-width: 500px)\" srcset=\"https:\/\/files.sunoresearch.com.br\/n\/uploads\/2023\/04\/400x300-Planilha-vida-financeira-true.png\">\n\t\t\t\t<img class=\"newsContent__article__imgCapa newsContent__article__imgCapa--banner\"\n\t\t\t\t\tsrc=\"https:\/\/files.sunoresearch.com.br\/n\/uploads\/2023\/04\/1420x240-Planilha-vida-financeira-true.png\"\n\t\t\t\t\tdata-promo-id=\"106682\"\t\t\t\t\t\t\t\t\t\twidth='1420' height='240'\t\t\t\t\talt=\"https:\/\/files.sunoresearch.com.br\/n\/uploads\/2023\/04\/1420x240-Planilha-vida-financeira-true.png\"\n\t\t\t\t>\n\t\t\t<\/picture>\n\t\t<\/a>\n\t<\/p>\n\n\n\n\n\n\n\n<p>O <strong>real<\/strong> apresentou o melhor desempenho entre as principais moedas globais, incluindo divisas fortes e emergentes. Ativos de risco se beneficiaram da aposta quase un\u00e2nime em manuten\u00e7\u00e3o da taxa b\u00e1sica americana pelo Federal Reserve em seu encontro de <a class=\"suno-keyword\" target=\"_blank\" data-force=\"no\" data-priority=\"1\" href=\"https:\/\/www.suno.com.br\/artigos\/politica-monetaria\/\" rel=\"noopener\">pol\u00edtica monet\u00e1ria<\/a> na pr\u00f3xima semana, apesar de a infla\u00e7\u00e3o ao produtor (PPI, na sigla em ingl\u00eas) e as vendas no varejo nos Estados Unidos em agosto terem superado as expectativas.<\/p>\n\n\n\n<p>Em baixa desde a abertura, o <strong>d\u00f3lar \u00e0 vista<\/strong> furou o piso psicol\u00f3gico de R$ 4,90 na primeira hora de neg\u00f3cio e registrou m\u00ednima a R$ 4,8628 pela manh\u00e3. No fim do dia, a moeda recuava 0,91%, cotada a R$ 4,8727. Com as perdas ontem e hoje, a divisa j\u00e1 acumula desvaloriza\u00e7\u00e3o de 2,21% na semana.<\/p>\n\n\n\n<p>&#8220;O real est\u00e1 se destacando muito hoje. Esse movimento est\u00e1 muito ligado \u00e0s commodities, com min\u00e9rio de ferro quase nas m\u00e1ximas do ano e o petr\u00f3leo acima de US$ 90&#8221;, afirma o head da Tesouraria do Travelex Bank, Marcos Weigt.<\/p>\n\n\n\n<p>Segundo o tesoureiro, a infla\u00e7\u00e3o americana j\u00e1 mostra uma trajet\u00f3ria clara de desacelera\u00e7\u00e3o, com seus componentes, \u00e0 exce\u00e7\u00e3o de servi\u00e7os, abaixo do \u00edndice cheio na compara\u00e7\u00e3o anual. &#8220;E mesmo servi\u00e7os j\u00e1 mostra uma tend\u00eancia de perda de f\u00f4lego. N\u00e3o parece que a infla\u00e7\u00e3o vai surpreender para levar a outra alta de juros. E o Fed parado \u00e9 bom para o real&#8221;, afirma Weigt.<\/p>\n\n\n\n<p>Uma rodada de aprecia\u00e7\u00e3o mais forte do real depende, al\u00e9m de um ambiente externo de maior apetite por emergentes, de redu\u00e7\u00e3o de pr\u00eamios de risco associados \u00e0 quest\u00e3o fiscal. Investidores ainda veem com ceticismo a possibilidade de o governo conseguir alcan\u00e7ar a meta de resultado prim\u00e1rio zero em rela\u00e7\u00e3o ao PIB no ano que vem.<\/p>\n\n\n\t<p>\n\t\t<a href=\"https:\/\/lp.suno.com.br\/ebook-como-analisar-uma-acao\/\" target=\"_blank\" data-element=\"shortcode-suno-banner\" title=\"Banner SUNO, clique e saiba mais\">\n\t\t\t<picture>\n\t\t\t\t<source media=\"(max-width: 500px)\" srcset=\"https:\/\/files.sunoresearch.com.br\/n\/uploads\/2023\/03\/Ebook-Acoes-Mobile.jpg\">\n\t\t\t\t<img class=\"newsContent__article__imgCapa newsContent__article__imgCapa--banner\"\n\t\t\t\t\tsrc=\"https:\/\/files.sunoresearch.com.br\/n\/uploads\/2023\/03\/Ebook-Acoes-Desktop.jpg\"\n\t\t\t\t\tdata-promo-id=\"378302\"\t\t\t\t\t\t\t\t\t\twidth='1420' height='286'\t\t\t\t\talt=\"https:\/\/files.sunoresearch.com.br\/n\/uploads\/2023\/03\/Ebook-Acoes-Desktop.jpg\"\n\t\t\t\t>\n\t\t\t<\/picture>\n\t\t<\/a>\n\t<\/p>\n\n\n\n\n\n<p>Ontem \u00e0 note, a C\u00e2mara dos Deputados aprovou o projeto de lei que regulamenta a tributa\u00e7\u00e3o de apostas esportivas e outros jogos online, uma das medidas do pacote do ministro da Fazenda, Fernando Haddad, para ampliar as receitas e cumprir a <a class=\"suno-keyword\" target=\"_blank\" data-force=\"no\" data-priority=\"1\" href=\"https:\/\/www.suno.com.br\/artigos\/meta-fiscal\/\" rel=\"noopener\">meta fiscal<\/a>. A proposta segue agora para o Senado.<\/p>\n\n\n\n<p>L\u00e1 fora, o <a class=\"suno-keyword\" target=\"_blank\" data-force=\"no\" data-priority=\"1\" href=\"https:\/\/www.suno.com.br\/artigos\/dxy\/\" rel=\"noopener\">\u00edndice DXY<\/a> &#8211; refer\u00eancia do<strong> comportamento do d\u00f3lar<\/strong> frente a uma cesta de seis divisas fortes &#8211; operou em alta firme ao longo do dia e orbitava os 104,400 pontos no fim da tarde. O euro desceu aos menores n\u00edveis desde mar\u00e7o diante de apostas de que o <a class=\"suno-keyword\" target=\"_blank\" data-force=\"no\" data-priority=\"1\" href=\"https:\/\/www.suno.com.br\/artigos\/bce\/\" rel=\"noopener\">Banco Central Europeu (BCE)<\/a> encerrou o ciclo de aperto monet\u00e1rio hoje ao elevar a taxa de juros em 25 pontos-base.<\/p>\n\n\n\n<p>A <strong>moeda americana<\/strong> recuou, contudo, na compara\u00e7\u00e3o com a maioria das divisas emergentes e de pa\u00edses exportadores de commodities. Entre as exce\u00e7\u00f5es, figuraram o rand sul-africano e o peso chileno. J\u00e1 os pesos mexicano e colombiano, moedas de carrego que exibem os maiores ganhos no ano, tamb\u00e9m se fortaleceram em rela\u00e7\u00e3o ao d\u00f3lar<\/p>\n\n\n\n<p>Para o analista de mercado da Ebury, Eduardo Moutinho, o BCE &#8220;provavelmente j\u00e1 encerrou o ciclo de aperto&#8221;, embora ainda haja press\u00f5es inflacion\u00e1rias. &#8220;As moedas emergentes dispararam ap\u00f3s a divulga\u00e7\u00e3o do BCE. Os mercados est\u00e3o abra\u00e7ando o cen\u00e1rio de que as taxas de juros nos pa\u00edses desenvolvidos atingiram um pico, e a hist\u00f3ria do <a class=\"suno-keyword\" target=\"_blank\" data-force=\"no\" data-priority=\"1\" href=\"https:\/\/www.suno.com.br\/artigos\/carry-trade\/\" rel=\"noopener\">carry trade<\/a> volta a ser a principal&#8221;, afirma Moutinho ao falar sobre o <strong>d\u00f3lar<\/strong>.<\/p>\n\n\n\n<p><em>Com Estad\u00e3o Conte\u00fado<\/em><\/p>\n\n\n\t<p>\n\t\t<a href=\"https:\/\/lp.suno.com.br\/planilha-da-vida-financeira\/\" target=\"_blank\" data-element=\"shortcode-suno-banner\" title=\"Banner SUNO, clique e saiba mais\">\n\t\t\t<picture>\n\t\t\t\t<source media=\"(max-width: 500px)\" srcset=\"https:\/\/files.sunoresearch.com.br\/n\/uploads\/2023\/04\/400x300-Planilha-vida-financeira-true.png\">\n\t\t\t\t<img class=\"newsContent__article__imgCapa newsContent__article__imgCapa--banner\"\n\t\t\t\t\tsrc=\"https:\/\/files.sunoresearch.com.br\/n\/uploads\/2023\/04\/1420x240-Planilha-vida-financeira-true.png\"\n\t\t\t\t\tdata-promo-id=\"383123\"\t\t\t\t\t\t\t\t\t\twidth='1420' height='240'\t\t\t\t\talt=\"https:\/\/files.sunoresearch.com.br\/n\/uploads\/2023\/04\/1420x240-Planilha-vida-financeira-true.png\"\n\t\t\t\t>\n\t\t\t<\/picture>\n\t\t<\/a>\n\t<\/p>\n\n\n","protected":false},"excerpt":{"rendered":"<p>O d\u00f3lar \u00e0 vista emendou nesta quinta-feira, 14, a segunda sess\u00e3o consecutiva de queda firme no mercado dom\u00e9stico de c\u00e2mbio e fechou abaixo da linha de R$ 4,90 pela primeira vez desde 30 de agosto. D\u00f3lar &#8211; Foto: iStock Operadores atribu\u00edram a baixa do d\u00f3lar ao desmonte de posi\u00e7\u00f5es defensivas no mercado futuro e a [&hellip;]<\/p>\n","protected":false},"author":43,"featured_media":408627,"comment_status":"closed","ping_status":"closed","sticky":false,"template":"","format":"standard","meta":[],"categories":[60],"tags":[326],"suno_strategy":[],"class_list":["post-456501","post","type-post","status-publish","format-standard","has-post-thumbnail","hentry","category-mercado","tag-dolar"],"yoast_head":"<!-- This site is optimized with the Yoast SEO plugin v24.4 - https:\/\/yoast.com\/wordpress\/plugins\/seo\/ -->\n<title>D\u00f3lar cai pelo 2\u00ba dia seguido com alta de commodities<\/title>\n<meta name=\"description\" content=\"O d\u00f3lar emendou nesta quinta a segunda sess\u00e3o consecutiva de queda firme no mercado dom\u00e9stico de c\u00e2mbio e fechou abaixo da linha de R$ 4,90\" \/>\n<meta name=\"robots\" content=\"index, follow, max-snippet:-1, max-image-preview:large, max-video-preview:-1\" \/>\n<link rel=\"canonical\" href=\"https:\/\/www.suno.com.br\/noticias\/dolar-cai-2o-dia-seguido-alta-commodities\/\" \/>\n<meta property=\"og:locale\" content=\"pt_BR\" \/>\n<meta property=\"og:type\" content=\"article\" \/>\n<meta property=\"og:title\" content=\"D\u00f3lar cai pelo 2\u00ba dia seguido com alta de commodities\" \/>\n<meta property=\"og:description\" content=\"O d\u00f3lar emendou nesta quinta a segunda sess\u00e3o consecutiva de queda firme no mercado dom\u00e9stico de c\u00e2mbio e fechou abaixo da linha de R$ 4,90\" \/>\n<meta property=\"og:url\" content=\"https:\/\/www.suno.com.br\/noticias\/dolar-cai-2o-dia-seguido-alta-commodities\/\" \/>\n<meta property=\"og:site_name\" content=\"Suno Not\u00edcias\" \/>\n<meta property=\"article:publisher\" content=\"https:\/\/facebook.com\/sunoresearch\" \/>\n<meta property=\"article:author\" content=\"https:\/\/www.facebook.com\/sunonoticias\/\" \/>\n<meta property=\"og:image\" content=\"https:\/\/files.sunoresearch.com.br\/n\/uploads\/2023\/05\/dolar-cotacao-cambio.jpg\" \/>\n\t<meta property=\"og:image:width\" content=\"1200\" \/>\n\t<meta property=\"og:image:height\" content=\"800\" \/>\n\t<meta property=\"og:image:type\" content=\"image\/jpeg\" \/>\n<meta name=\"author\" content=\"Reda\u00e7\u00e3o Suno Not\u00edcias\" \/>\n<meta name=\"twitter:card\" content=\"summary_large_image\" \/>\n<meta name=\"twitter:creator\" content=\"@https:\/\/twitter.com\/sunoresearch\" \/>\n<meta name=\"twitter:site\" content=\"@sunoresearch\" \/>\n<meta name=\"twitter:label1\" content=\"Escrito por\" \/>\n\t<meta name=\"twitter:data1\" content=\"Reda\u00e7\u00e3o Suno Not\u00edcias\" \/>\n\t<meta name=\"twitter:label2\" content=\"Est. tempo de leitura\" \/>\n\t<meta name=\"twitter:data2\" content=\"4 minutos\" \/>\n<script type=\"application\/ld+json\" class=\"yoast-schema-graph\">{\"@context\":\"https:\/\/schema.org\",\"@graph\":[{\"@type\":\"NewsArticle\",\"@id\":\"https:\/\/www.suno.com.br\/noticias\/dolar-cai-2o-dia-seguido-alta-commodities\/#article\",\"isPartOf\":{\"@id\":\"https:\/\/www.suno.com.br\/noticias\/dolar-cai-2o-dia-seguido-alta-commodities\/\"},\"author\":{\"name\":\"Reda\u00e7\u00e3o Suno Not\u00edcias\",\"@id\":\"https:\/\/www.suno.com.br\/noticias\/#\/schema\/person\/c1b1bd3727fa852bd045e9dbff3673ea\"},\"headline\":\"D\u00f3lar cai abaixo de R$ 4,90 com alta de commodities\",\"datePublished\":\"2023-09-14T23:09:47+00:00\",\"dateModified\":\"2023-09-14T23:09:50+00:00\",\"mainEntityOfPage\":{\"@id\":\"https:\/\/www.suno.com.br\/noticias\/dolar-cai-2o-dia-seguido-alta-commodities\/\"},\"wordCount\":677,\"publisher\":{\"@id\":\"https:\/\/www.suno.com.br\/noticias\/#organization\"},\"image\":{\"@id\":\"https:\/\/www.suno.com.br\/noticias\/dolar-cai-2o-dia-seguido-alta-commodities\/#primaryimage\"},\"thumbnailUrl\":\"https:\/\/files.sunoresearch.com.br\/n\/uploads\/2023\/05\/dolar-cotacao-cambio.jpg\",\"keywords\":[\"d\u00f3lar\"],\"articleSection\":[\"Mercado\"],\"inLanguage\":\"pt-BR\"},{\"@type\":\"WebPage\",\"@id\":\"https:\/\/www.suno.com.br\/noticias\/dolar-cai-2o-dia-seguido-alta-commodities\/\",\"url\":\"https:\/\/www.suno.com.br\/noticias\/dolar-cai-2o-dia-seguido-alta-commodities\/\",\"name\":\"D\u00f3lar cai pelo 2\u00ba dia seguido com alta de commodities\",\"isPartOf\":{\"@id\":\"https:\/\/www.suno.com.br\/noticias\/#website\"},\"primaryImageOfPage\":{\"@id\":\"https:\/\/www.suno.com.br\/noticias\/dolar-cai-2o-dia-seguido-alta-commodities\/#primaryimage\"},\"image\":{\"@id\":\"https:\/\/www.suno.com.br\/noticias\/dolar-cai-2o-dia-seguido-alta-commodities\/#primaryimage\"},\"thumbnailUrl\":\"https:\/\/files.sunoresearch.com.br\/n\/uploads\/2023\/05\/dolar-cotacao-cambio.jpg\",\"datePublished\":\"2023-09-14T23:09:47+00:00\",\"dateModified\":\"2023-09-14T23:09:50+00:00\",\"description\":\"O d\u00f3lar emendou nesta quinta a segunda sess\u00e3o consecutiva de queda firme no mercado dom\u00e9stico de c\u00e2mbio e fechou abaixo da linha de R$ 4,90\",\"breadcrumb\":{\"@id\":\"https:\/\/www.suno.com.br\/noticias\/dolar-cai-2o-dia-seguido-alta-commodities\/#breadcrumb\"},\"inLanguage\":\"pt-BR\",\"potentialAction\":[{\"@type\":\"ReadAction\",\"target\":[\"https:\/\/www.suno.com.br\/noticias\/dolar-cai-2o-dia-seguido-alta-commodities\/\"]}]},{\"@type\":\"ImageObject\",\"inLanguage\":\"pt-BR\",\"@id\":\"https:\/\/www.suno.com.br\/noticias\/dolar-cai-2o-dia-seguido-alta-commodities\/#primaryimage\",\"url\":\"https:\/\/files.sunoresearch.com.br\/n\/uploads\/2023\/05\/dolar-cotacao-cambio.jpg\",\"contentUrl\":\"https:\/\/files.sunoresearch.com.br\/n\/uploads\/2023\/05\/dolar-cotacao-cambio.jpg\",\"width\":1200,\"height\":800,\"caption\":\"D\u00f3lar - Foto: iStock\"},{\"@type\":\"BreadcrumbList\",\"@id\":\"https:\/\/www.suno.com.br\/noticias\/dolar-cai-2o-dia-seguido-alta-commodities\/#breadcrumb\",\"itemListElement\":[{\"@type\":\"ListItem\",\"position\":1,\"name\":\"Not\u00edcias\",\"item\":\"https:\/\/www.suno.com.br\/noticias\/\"},{\"@type\":\"ListItem\",\"position\":2,\"name\":\"Mercado\",\"item\":\"https:\/\/www.suno.com.br\/noticias\/mercado\/\"},{\"@type\":\"ListItem\",\"position\":3,\"name\":\"D\u00f3lar cai abaixo de R$ 4,90 com alta de commodities\"}]},{\"@type\":\"WebSite\",\"@id\":\"https:\/\/www.suno.com.br\/noticias\/#website\",\"url\":\"https:\/\/www.suno.com.br\/noticias\/\",\"name\":\"Suno Not\u00edcias\",\"description\":\"Seu portal de informa\u00e7\u00e3o sobre o mundo dos investimentos\",\"publisher\":{\"@id\":\"https:\/\/www.suno.com.br\/noticias\/#organization\"},\"potentialAction\":[{\"@type\":\"SearchAction\",\"target\":{\"@type\":\"EntryPoint\",\"urlTemplate\":\"https:\/\/www.suno.com.br\/noticias\/?s={search_term_string}\"},\"query-input\":{\"@type\":\"PropertyValueSpecification\",\"valueRequired\":true,\"valueName\":\"search_term_string\"}}],\"inLanguage\":\"pt-BR\"},{\"@type\":\"Organization\",\"@id\":\"https:\/\/www.suno.com.br\/noticias\/#organization\",\"name\":\"Suno Not\u00edcias\",\"url\":\"https:\/\/www.suno.com.br\/noticias\/\",\"logo\":{\"@type\":\"ImageObject\",\"inLanguage\":\"pt-BR\",\"@id\":\"https:\/\/www.suno.com.br\/noticias\/#\/schema\/logo\/image\/\",\"url\":\"https:\/\/files.sunoresearch.com.br\/n\/uploads\/2021\/09\/suno-logo.png\",\"contentUrl\":\"https:\/\/files.sunoresearch.com.br\/n\/uploads\/2021\/09\/suno-logo.png\",\"width\":180,\"height\":180,\"caption\":\"Suno Not\u00edcias\"},\"image\":{\"@id\":\"https:\/\/www.suno.com.br\/noticias\/#\/schema\/logo\/image\/\"},\"sameAs\":[\"https:\/\/facebook.com\/sunoresearch\",\"https:\/\/x.com\/sunoresearch\",\"https:\/\/www.instagram.com\/suno\",\"https:\/\/www.linkedin.com\/company\/suno-research\/\",\"https:\/\/www.youtube.com\/c\/sunoresearch\"]},{\"@type\":\"Person\",\"@id\":\"https:\/\/www.suno.com.br\/noticias\/#\/schema\/person\/c1b1bd3727fa852bd045e9dbff3673ea\",\"name\":\"Reda\u00e7\u00e3o Suno Not\u00edcias\",\"image\":{\"@type\":\"ImageObject\",\"inLanguage\":\"pt-BR\",\"@id\":\"https:\/\/www.suno.com.br\/noticias\/#\/schema\/person\/image\/\",\"url\":\"https:\/\/secure.gravatar.com\/avatar\/b8104b9b5a71985d5238ee59fbe418af?s=96&r=g\",\"contentUrl\":\"https:\/\/secure.gravatar.com\/avatar\/b8104b9b5a71985d5238ee59fbe418af?s=96&r=g\",\"caption\":\"Reda\u00e7\u00e3o Suno Not\u00edcias\"},\"description\":\"O Suno Not\u00edcias \u00e9 um portal de informa\u00e7\u00f5es sobre Mercado Financeiro, Pol\u00edtica, Neg\u00f3cios, Economia e Finan\u00e7as Pessoais.\",\"sameAs\":[\"https:\/\/www.suno.com.br\/noticias\",\"https:\/\/www.facebook.com\/sunonoticias\/\",\"https:\/\/www.instagram.com\/sunonoticias\/\",\"https:\/\/x.com\/https:\/\/twitter.com\/sunoresearch\",\"https:\/\/www.youtube.com\/sunonoticias\"],\"url\":\"https:\/\/www.suno.com.br\/noticias\/author\/redacao-suno\/\"}]}<\/script>\n<!-- \/ Yoast SEO plugin. -->","yoast_head_json":{"title":"D\u00f3lar cai pelo 2\u00ba dia seguido com alta de commodities","description":"O d\u00f3lar emendou nesta quinta a segunda sess\u00e3o consecutiva de queda firme no mercado dom\u00e9stico de c\u00e2mbio e fechou abaixo da linha de R$ 4,90","robots":{"index":"index","follow":"follow","max-snippet":"max-snippet:-1","max-image-preview":"max-image-preview:large","max-video-preview":"max-video-preview:-1"},"canonical":"https:\/\/www.suno.com.br\/noticias\/dolar-cai-2o-dia-seguido-alta-commodities\/","og_locale":"pt_BR","og_type":"article","og_title":"D\u00f3lar cai pelo 2\u00ba dia seguido com alta de commodities","og_description":"O d\u00f3lar emendou nesta quinta a segunda sess\u00e3o consecutiva de queda firme no mercado dom\u00e9stico de c\u00e2mbio e fechou abaixo da linha de R$ 4,90","og_url":"https:\/\/www.suno.com.br\/noticias\/dolar-cai-2o-dia-seguido-alta-commodities\/","og_site_name":"Suno Not\u00edcias","article_publisher":"https:\/\/facebook.com\/sunoresearch","article_author":"https:\/\/www.facebook.com\/sunonoticias\/","og_image":[{"width":1200,"height":800,"url":"https:\/\/files.sunoresearch.com.br\/n\/uploads\/2023\/05\/dolar-cotacao-cambio.jpg","type":"image\/jpeg"}],"author":"Reda\u00e7\u00e3o Suno Not\u00edcias","twitter_card":"summary_large_image","twitter_creator":"@https:\/\/twitter.com\/sunoresearch","twitter_site":"@sunoresearch","twitter_misc":{"Escrito por":"Reda\u00e7\u00e3o Suno Not\u00edcias","Est. tempo de leitura":"4 minutos"},"schema":{"@context":"https:\/\/schema.org","@graph":[{"@type":"NewsArticle","@id":"https:\/\/www.suno.com.br\/noticias\/dolar-cai-2o-dia-seguido-alta-commodities\/#article","isPartOf":{"@id":"https:\/\/www.suno.com.br\/noticias\/dolar-cai-2o-dia-seguido-alta-commodities\/"},"author":{"name":"Reda\u00e7\u00e3o Suno Not\u00edcias","@id":"https:\/\/www.suno.com.br\/noticias\/#\/schema\/person\/c1b1bd3727fa852bd045e9dbff3673ea"},"headline":"D\u00f3lar cai abaixo de R$ 4,90 com alta de commodities","datePublished":"2023-09-14T23:09:47+00:00","dateModified":"2023-09-14T23:09:50+00:00","mainEntityOfPage":{"@id":"https:\/\/www.suno.com.br\/noticias\/dolar-cai-2o-dia-seguido-alta-commodities\/"},"wordCount":677,"publisher":{"@id":"https:\/\/www.suno.com.br\/noticias\/#organization"},"image":{"@id":"https:\/\/www.suno.com.br\/noticias\/dolar-cai-2o-dia-seguido-alta-commodities\/#primaryimage"},"thumbnailUrl":"https:\/\/files.sunoresearch.com.br\/n\/uploads\/2023\/05\/dolar-cotacao-cambio.jpg","keywords":["d\u00f3lar"],"articleSection":["Mercado"],"inLanguage":"pt-BR"},{"@type":"WebPage","@id":"https:\/\/www.suno.com.br\/noticias\/dolar-cai-2o-dia-seguido-alta-commodities\/","url":"https:\/\/www.suno.com.br\/noticias\/dolar-cai-2o-dia-seguido-alta-commodities\/","name":"D\u00f3lar cai pelo 2\u00ba dia seguido com alta de commodities","isPartOf":{"@id":"https:\/\/www.suno.com.br\/noticias\/#website"},"primaryImageOfPage":{"@id":"https:\/\/www.suno.com.br\/noticias\/dolar-cai-2o-dia-seguido-alta-commodities\/#primaryimage"},"image":{"@id":"https:\/\/www.suno.com.br\/noticias\/dolar-cai-2o-dia-seguido-alta-commodities\/#primaryimage"},"thumbnailUrl":"https:\/\/files.sunoresearch.com.br\/n\/uploads\/2023\/05\/dolar-cotacao-cambio.jpg","datePublished":"2023-09-14T23:09:47+00:00","dateModified":"2023-09-14T23:09:50+00:00","description":"O d\u00f3lar emendou nesta quinta a segunda sess\u00e3o consecutiva de queda firme no mercado dom\u00e9stico de c\u00e2mbio e fechou abaixo da linha de R$ 4,90","breadcrumb":{"@id":"https:\/\/www.suno.com.br\/noticias\/dolar-cai-2o-dia-seguido-alta-commodities\/#breadcrumb"},"inLanguage":"pt-BR","potentialAction":[{"@type":"ReadAction","target":["https:\/\/www.suno.com.br\/noticias\/dolar-cai-2o-dia-seguido-alta-commodities\/"]}]},{"@type":"ImageObject","inLanguage":"pt-BR","@id":"https:\/\/www.suno.com.br\/noticias\/dolar-cai-2o-dia-seguido-alta-commodities\/#primaryimage","url":"https:\/\/files.sunoresearch.com.br\/n\/uploads\/2023\/05\/dolar-cotacao-cambio.jpg","contentUrl":"https:\/\/files.sunoresearch.com.br\/n\/uploads\/2023\/05\/dolar-cotacao-cambio.jpg","width":1200,"height":800,"caption":"D\u00f3lar - Foto: iStock"},{"@type":"BreadcrumbList","@id":"https:\/\/www.suno.com.br\/noticias\/dolar-cai-2o-dia-seguido-alta-commodities\/#breadcrumb","itemListElement":[{"@type":"ListItem","position":1,"name":"Not\u00edcias","item":"https:\/\/www.suno.com.br\/noticias\/"},{"@type":"ListItem","position":2,"name":"Mercado","item":"https:\/\/www.suno.com.br\/noticias\/mercado\/"},{"@type":"ListItem","position":3,"name":"D\u00f3lar cai abaixo de R$ 4,90 com alta de commodities"}]},{"@type":"WebSite","@id":"https:\/\/www.suno.com.br\/noticias\/#website","url":"https:\/\/www.suno.com.br\/noticias\/","name":"Suno Not\u00edcias","description":"Seu portal de informa\u00e7\u00e3o sobre o mundo dos investimentos","publisher":{"@id":"https:\/\/www.suno.com.br\/noticias\/#organization"},"potentialAction":[{"@type":"SearchAction","target":{"@type":"EntryPoint","urlTemplate":"https:\/\/www.suno.com.br\/noticias\/?s={search_term_string}"},"query-input":{"@type":"PropertyValueSpecification","valueRequired":true,"valueName":"search_term_string"}}],"inLanguage":"pt-BR"},{"@type":"Organization","@id":"https:\/\/www.suno.com.br\/noticias\/#organization","name":"Suno Not\u00edcias","url":"https:\/\/www.suno.com.br\/noticias\/","logo":{"@type":"ImageObject","inLanguage":"pt-BR","@id":"https:\/\/www.suno.com.br\/noticias\/#\/schema\/logo\/image\/","url":"https:\/\/files.sunoresearch.com.br\/n\/uploads\/2021\/09\/suno-logo.png","contentUrl":"https:\/\/files.sunoresearch.com.br\/n\/uploads\/2021\/09\/suno-logo.png","width":180,"height":180,"caption":"Suno Not\u00edcias"},"image":{"@id":"https:\/\/www.suno.com.br\/noticias\/#\/schema\/logo\/image\/"},"sameAs":["https:\/\/facebook.com\/sunoresearch","https:\/\/x.com\/sunoresearch","https:\/\/www.instagram.com\/suno","https:\/\/www.linkedin.com\/company\/suno-research\/","https:\/\/www.youtube.com\/c\/sunoresearch"]},{"@type":"Person","@id":"https:\/\/www.suno.com.br\/noticias\/#\/schema\/person\/c1b1bd3727fa852bd045e9dbff3673ea","name":"Reda\u00e7\u00e3o Suno Not\u00edcias","image":{"@type":"ImageObject","inLanguage":"pt-BR","@id":"https:\/\/www.suno.com.br\/noticias\/#\/schema\/person\/image\/","url":"https:\/\/secure.gravatar.com\/avatar\/b8104b9b5a71985d5238ee59fbe418af?s=96&r=g","contentUrl":"https:\/\/secure.gravatar.com\/avatar\/b8104b9b5a71985d5238ee59fbe418af?s=96&r=g","caption":"Reda\u00e7\u00e3o Suno Not\u00edcias"},"description":"O Suno Not\u00edcias \u00e9 um portal de informa\u00e7\u00f5es sobre Mercado Financeiro, Pol\u00edtica, Neg\u00f3cios, Economia e Finan\u00e7as Pessoais.","sameAs":["https:\/\/www.suno.com.br\/noticias","https:\/\/www.facebook.com\/sunonoticias\/","https:\/\/www.instagram.com\/sunonoticias\/","https:\/\/x.com\/https:\/\/twitter.com\/sunoresearch","https:\/\/www.youtube.com\/sunonoticias"],"url":"https:\/\/www.suno.com.br\/noticias\/author\/redacao-suno\/"}]}},"default_loop_html":"<div class=\"cardsPage__listCard__boxs\"><div class=\"cardsPage__listCard__boxs__img\"><a href=\"https:\/\/www.suno.com.br\/noticias\/dolar-cai-2o-dia-seguido-alta-commodities\/\"><img class=\"mask\" src=\"https:\/\/www.suno.com.br\/noticias\/wp-content\/themes\/suno\/resources\/images\/spotlight\/spotlight1img\/bg-mask.png\" alt=\"Image Mask\"\/><img src=\"https:\/\/files.sunoresearch.com.br\/n\/uploads\/2023\/05\/dolar-cotacao-cambio-400x200.jpg\" alt=\"D\u00f3lar cai abaixo de R$ 4,90 com alta de commodities\"\/><\/a><span class=\"spotlightCategory\"><a href=\"https:\/\/www.suno.com.br\/noticias\/mercado\/\">Mercado<\/a><\/span><\/div><div class=\"cardsPage__listCard__boxs__content\"><a href=\"https:\/\/www.suno.com.br\/noticias\/dolar-cai-2o-dia-seguido-alta-commodities\/\"><h2 class=\"content__title\">D\u00f3lar cai abaixo de R$ 4,90 com alta de commodities<\/h2><\/a><div class=\"newsContent__article__meta\"><div class=\"newsContent__article__meta__authorBox\"><a href=\"https:\/\/www.suno.com.br\/noticias\/author\/redacao-suno\/\" class=\"authorBox__avatar noMobi\"><img src=\"https:\/\/files.sunoresearch.com.br\/n\/uploads\/2020\/08\/0ace682d-redacao-1-150x150.webp\" alt=\"Reda\u00e7\u00e3o Suno Not\u00edcias\"><\/a><div class=\"authorBox__name\"><span>por\n\t\t\t<a href=\"https:\/\/www.suno.com.br\/noticias\/author\/redacao-suno\/\"><span itemprop=\"author\">Reda\u00e7\u00e3o Suno Not\u00edcias<\/span><\/a><\/span><time datetime=\"2023-09-14T20:09:47-03:00\" itemprop=\"datePublished\">14\/09\/2023 20:09<\/time><\/div><\/div><\/div><\/div><\/div>","single_layout":"posts","amp_enabled":true,"_links":{"self":[{"href":"https:\/\/www.suno.com.br\/noticias\/wp-json\/wp\/v2\/posts\/456501"}],"collection":[{"href":"https:\/\/www.suno.com.br\/noticias\/wp-json\/wp\/v2\/posts"}],"about":[{"href":"https:\/\/www.suno.com.br\/noticias\/wp-json\/wp\/v2\/types\/post"}],"author":[{"embeddable":true,"href":"https:\/\/www.suno.com.br\/noticias\/wp-json\/wp\/v2\/users\/43"}],"replies":[{"embeddable":true,"href":"https:\/\/www.suno.com.br\/noticias\/wp-json\/wp\/v2\/comments?post=456501"}],"version-history":[{"count":2,"href":"https:\/\/www.suno.com.br\/noticias\/wp-json\/wp\/v2\/posts\/456501\/revisions"}],"predecessor-version":[{"id":456564,"href":"https:\/\/www.suno.com.br\/noticias\/wp-json\/wp\/v2\/posts\/456501\/revisions\/456564"}],"wp:featuredmedia":[{"embeddable":true,"href":"https:\/\/www.suno.com.br\/noticias\/wp-json\/wp\/v2\/media\/408627"}],"wp:attachment":[{"href":"https:\/\/www.suno.com.br\/noticias\/wp-json\/wp\/v2\/media?parent=456501"}],"wp:term":[{"taxonomy":"category","embeddable":true,"href":"https:\/\/www.suno.com.br\/noticias\/wp-json\/wp\/v2\/categories?post=456501"},{"taxonomy":"post_tag","embeddable":true,"href":"https:\/\/www.suno.com.br\/noticias\/wp-json\/wp\/v2\/tags?post=456501"},{"taxonomy":"suno_strategy","embeddable":true,"href":"https:\/\/www.suno.com.br\/noticias\/wp-json\/wp\/v2\/suno_strategy?post=456501"}],"curies":[{"name":"wp","href":"https:\/\/api.w.org\/{rel}","templated":true}]}}