{"id":456382,"date":"2023-09-14T16:09:03","date_gmt":"2023-09-14T19:09:03","guid":{"rendered":"https:\/\/www.suno.com.br\/noticias\/?p=456382"},"modified":"2023-09-14T17:45:37","modified_gmt":"2023-09-14T20:45:37","slug":"shein-obstaculo-renner-lren3-xp-gpj","status":"publish","type":"post","link":"https:\/\/www.suno.com.br\/noticias\/shein-obstaculo-renner-lren3-xp-gpj\/","title":{"rendered":"Lojas Renner (LREN3): XP corta pre\u00e7o-alvo e diz que Shein \u00e9 um obst\u00e1culo para a varejista brasileira: &#8220;Mas n\u00e3o um xeque-mate&#8221;"},"content":{"rendered":"<p>Em relat\u00f3rio recente, a XP cortou o pre\u00e7o-alvo para as a\u00e7\u00f5es ordin\u00e1rias da <a href=\"https:\/\/www.suno.com.br\/acoes\/lren3\/\" target=\"_blank\" rel=\"noreferrer noopener\">Lojas Renner (LREN3)<\/a>, citando, principalmente, a competi\u00e7\u00e3o da varejista em rela\u00e7\u00e3o a companhias como a <strong>Shein<\/strong>. Para a casa, um cen\u00e1rio mais desafiador com a atividade da chinesa no Brasil n\u00e3o significa um fim para as empresas brasileiras do setor.<\/p>\t<div class=\"wrapper-featured-image\">\n\t\t<figure class=\"spotlightImg\">\n\n\t\t\t<picture>\n\t\t\t\t<source media=\"(max-width: 768px)\" srcset=\"https:\/\/files.sunoresearch.com.br\/n\/uploads\/2023\/08\/shein-shopee-compras-400x200.jpg\">\n\t\t\t\t<img loading=\"lazy\" decoding=\"async\" class=\"newsContent__article__imgCapa lazyloadDisabled \" src=\"https:\/\/files.sunoresearch.com.br\/n\/uploads\/2023\/08\/shein-shopee-compras-800x450.jpg\" width=\"800\" height=\"450\" alt=\"Lojas Renner (LREN3): XP corta pre\u00e7o-alvo e diz que Shein \u00e9 um obst\u00e1culo para a varejista brasileira: &#8220;Mas n\u00e3o um xeque-mate&#8221;\" fetchpriority=high \/>\n\t\t\t<\/picture>\n\n\t\t\t<figcaption class=\"wp-caption-text wp-caption-text--show\">Entenda o que muda se a taxa\u00e7\u00e3o de compras at\u00e9 US$ 50 for aprovada. Foto: Pexels<\/figcaption>\n\t\t<\/figure>\n\t<\/div>\n\n\n\n\n\n\n\n\t<p>\n\t\t<a href=\"https:\/\/lp.suno.com.br\/planilha-da-vida-financeira\/\" target=\"_blank\" data-element=\"shortcode-suno-banner\" title=\"Banner SUNO, clique e saiba mais\">\n\t\t\t<picture>\n\t\t\t\t<source media=\"(max-width: 500px)\" srcset=\"https:\/\/files.sunoresearch.com.br\/n\/uploads\/2023\/04\/400x300-Planilha-vida-financeira-true.png\">\n\t\t\t\t<img class=\"newsContent__article__imgCapa newsContent__article__imgCapa--banner\"\n\t\t\t\t\tsrc=\"https:\/\/files.sunoresearch.com.br\/n\/uploads\/2023\/04\/1420x240-Planilha-vida-financeira-true.png\"\n\t\t\t\t\tdata-promo-id=\"106682\"\t\t\t\t\t\t\t\t\t\twidth='1420' height='240'\t\t\t\t\talt=\"https:\/\/files.sunoresearch.com.br\/n\/uploads\/2023\/04\/1420x240-Planilha-vida-financeira-true.png\"\n\t\t\t\t>\n\t\t\t<\/picture>\n\t\t<\/a>\n\t<\/p>\n\n\n\n\n\n<p>A XP cortou o pre\u00e7o-alvo das<strong> a\u00e7\u00f5es ordin\u00e1rias da Lojas Renner<\/strong> de R$ 27 para R$ 19, com upside de 18,6% frente ao fechamento da \u00faltima ter\u00e7a-feira (12).<\/p>\n\n\n\n<p>&#8220;A Shein \u00e9 um vento contr\u00e1rio, mas n\u00e3o um xeque-mate. Embora concordemos que o cen\u00e1rio competitivo deva ficar mais desafiador com a chinesa se movimentando com for\u00e7a no territ\u00f3rio brasileiro, n\u00e3o vemos isso como um fim para as brasileiras. Mulheres valorizam a diversidade de marcas, o que impede que s\u00f3 uma varejista de vestu\u00e1rio domine o mercado&#8221;, disse a equipe da XP, liderada por Danniela Eiger.<\/p>\n\n\n\n<p>Apesar de a <strong>Shein<\/strong> oferecer uma alternativa mais barata, diz a XP, os produtos com fornecimento local n\u00e3o s\u00e3o t\u00e3o mais baratos, enquanto a qualidade \u00e9 inferior. &#8220;A <strong>log\u00edstica da Shein<\/strong> ainda fica bem atr\u00e1s, com uma diferen\u00e7a de 14 dias para entrega local em compara\u00e7\u00e3o com a Renner e 38 dias para entregas internacionais&#8221;.<\/p>\n\n\n\n<p>Ainda segundo o relat\u00f3rio, a Lojas Renner, al\u00e9m de bem posicionada, deve surfar positivamente no futuro pr\u00f3ximo dos efeitos do El Ni\u00f1o. O evento clim\u00e1tico leva, segundo os analistas, a temporadas de ver\u00e3o mais quentes, o que deve diminuir os pre\u00e7os do algod\u00e3o e apoiar a <strong>competitividade da Renner<\/strong>, sem comprometer margens.<\/p>\n\n\n\n<p>&#8220;Ainda h\u00e1 espa\u00e7o para crescer. As lojas de rua e menores s\u00e3o a nova fronteira de <strong>crescimento da Renner<\/strong>. Por isso, realizamos uma an\u00e1lise de sensibilidade baseada na perfil atual da loja de rua e chegamos em um potencial de longo prazo de 280 novas unidades, versus nosso potencial de expans\u00e3o de aproximadamente 130 lojas adicionais em perpetuidade&#8221;, estima a XP.<\/p>\n\n\n\n<p>Por outro lado, para a XP, a performance negativa da Lojas Renner \u00e9 explicada pela revis\u00e3o de lucros em um cen\u00e1rio macroecon\u00f4mico mais deteriorado e base de compara\u00e7\u00e3o desafiadora, aliada a an\u00fancios negativos para o setor, como a isen\u00e7\u00e3o de <a href=\"https:\/\/www.suno.com.br\/noticias\/shein-shopee-compras-50-dolares-taxadas-cpf\/\">imposto de importa\u00e7\u00e3o para compra<\/a>s abaixo de US$ 50, limite nas taxas de juros do cr\u00e9dito rotativo e discuss\u00f5es sobre um poss\u00edvel fim dos benef\u00edcios fiscais associados ao <strong>IOC<\/strong> e <strong>ICMS<\/strong>, destaca.<\/p>\n\n\n\n<p>&#8220;Entretanto, esperamos ver uma din\u00e2mica melhor de resultados \u00e0 frente, principalmente a partir do quarto trimestre, com poss\u00edveis an\u00fancios do governo como a prov\u00e1vel introdu\u00e7\u00e3o de um imposto de importa\u00e7\u00e3o para produtos abaixo de US$ 50 e ajustes do <strong>Congresso<\/strong> no projeto de lei de benef\u00edcios de <strong>ICMS<\/strong>&#8220;, finaliza a casa.<\/p>\n\n\n\n\t<div data-element=\"shortcode-read-more\" class=\"readToo\">\n\t\t\t\t<span class=\"readToo__title\">Leia mais<\/span>\n\t\t\t\t<ul class=\"readToo__list\">\n\t\t\t<li><a href=\"https:\/\/www.suno.com.br\/noticias\/vale-vale3-dispara-recomendacao-jpmorgan-evm\/\">Vale (VALE3) e Bradespar (BRAP4) disparam com recomenda\u00e7\u00e3o do JPMorgan<\/a><\/li><li><a href=\"https:\/\/www.suno.com.br\/noticias\/resgate-bdrs-nubank-bolsa-perde-investidores-evm\/\">Resgate de BDRs do Nubank (ROXO34) faz Bolsa perder 500 mil investidores<\/a><\/li><li><a href=\"https:\/\/www.suno.com.br\/noticias\/via-viia3-grupo-casas-bahia-oferta-acoes-gpj\/\">Grupo Casas Bahia, ex-Via (VIIA3), tem dia de pesadelo na Bolsa e cai quase 19% ap\u00f3s oferta de a\u00e7\u00f5es abaixo das expectativas<\/a><\/li>\t\t<\/ul>\n\t<\/div>\n\n\n\n\t<p>\n\t\t<a href=\"https:\/\/lp.suno.com.br\/ebook-como-analisar-uma-acao\/\" target=\"_blank\" data-element=\"shortcode-suno-banner\" title=\"Banner SUNO, clique e saiba mais\">\n\t\t\t<picture>\n\t\t\t\t<source media=\"(max-width: 500px)\" srcset=\"https:\/\/files.sunoresearch.com.br\/n\/uploads\/2023\/03\/Ebook-Acoes-Mobile.jpg\">\n\t\t\t\t<img class=\"newsContent__article__imgCapa newsContent__article__imgCapa--banner\"\n\t\t\t\t\tsrc=\"https:\/\/files.sunoresearch.com.br\/n\/uploads\/2023\/03\/Ebook-Acoes-Desktop.jpg\"\n\t\t\t\t\tdata-promo-id=\"378302\"\t\t\t\t\t\t\t\t\t\twidth='1420' height='286'\t\t\t\t\talt=\"https:\/\/files.sunoresearch.com.br\/n\/uploads\/2023\/03\/Ebook-Acoes-Desktop.jpg\"\n\t\t\t\t>\n\t\t\t<\/picture>\n\t\t<\/a>\n\t<\/p>\n\n\n\n\n\n<h2 class=\"wp-block-heading\">Shein: Receita Federal autoriza entrada no programa Remessa Conforme<\/h2>\n\n\n\n<p>A<strong>&nbsp;<\/strong>Shein&nbsp;foi certificada pela&nbsp;<a href=\"https:\/\/www.suno.com.br\/artigos\/receita-federal\/\">Receita Federal<\/a>&nbsp;para participar do Remessa Conforme, programa do governo que prev\u00ea isen\u00e7\u00e3o do imposto de importa\u00e7\u00e3o em compras online de at\u00e9 US$ 50. A autoriza\u00e7\u00e3o foi publicada no Di\u00e1rio Oficial da Uni\u00e3o desta quinta-feira (14).<\/p>\n\n\n\n<p>Desta forma, as compras internacionais feitas no site brasileiro da Shein ter\u00e3o isen\u00e7\u00e3o do imposto de importa\u00e7\u00e3o, desde que n\u00e3o ultrapassem o limite estipulado, com a cobran\u00e7a de 17% da al\u00edquota do Imposto sobre&nbsp;<strong>Circula\u00e7\u00e3o de Mercadorias e Servi\u00e7os (ICMS).<\/strong><\/p>\n\n\n\n<p>Al\u00e9m disso, as encomendas enviadas pela empresa ter\u00e3o mais facilidade para entrar no Brasil, j\u00e1 que a&nbsp;<strong><a href=\"https:\/\/www.suno.com.br\/artigos\/receita-federal\/\">Receita Federal<\/a>&nbsp;<\/strong>receber\u00e1 informa\u00e7\u00f5es sobre os produtos antes mesmo do desembarque no pa\u00eds.<\/p>\n\n\n\n<p>Ainda segundo a regra, pacotes considerados de baixo risco ser\u00e3o imediatamente liberados para entrega ap\u00f3s escaneados, o que deve garantir mais velocidade na entrega e reduzir custos log\u00edsticos. J\u00e1 as empresas precisam se adequar \u00e0s normas estipuladas pela&nbsp;<a href=\"https:\/\/www.suno.com.br\/artigos\/receita-federal\/\">Receita Federal<\/a>&nbsp;para o envio das encomendas ao Brasil.<\/p>\n\n\n\n<h2 class=\"wp-block-heading\">Receita Federal identifica cidad\u00e3o que enviou 16 milh\u00f5es de pacotes internacionais<\/h2>\n\n\n\n<p>Segundo o secret\u00e1rio especial da&nbsp;<a href=\"https:\/\/www.suno.com.br\/artigos\/receita-federal\/\" target=\"_blank\" rel=\"noreferrer noopener\"><strong>Receita Federal<\/strong><\/a>, Robinson Barreirinhas, desde a cria\u00e7\u00e3o do programa Remessa Conforme o \u00f3rg\u00e3o tem conseguido identificar atipicidades nos envios de pacotes internacionais.<\/p>\n\n\n\n<p>O secret\u00e1rio destacou que a Receita Federal recentemente identificou um<strong>&nbsp;cidad\u00e3o que teria enviado 16 milh\u00f5es de pacotes internacionais<\/strong>. Barreirinhas ironizou dizendo que \u2018o cidad\u00e3o tem bastante parente aqui no Brasil\u2019.<\/p>\n\n\n\n<p>Barreirinhas disse que empresas estrangeiras tem fracionado remessas e enviado no nome de pessoas f\u00edsicas \u2013 situa\u00e7\u00e3o que classificou como \u2018um descalabro\u2019.<\/p>\n\n\n\n<p>\u201cQuando a gente come\u00e7a a ter informa\u00e7\u00e3o, a gente v\u00ea que \u00e9 um descalabro. A gente est\u00e1 falando de algu\u00e9m que est\u00e1 trazendo muita coisa no mesmo CPF [Cadastro de Pessoas F\u00edsicas], \u00e0s vezes n\u00e3o no mesmo CPF, mas no mesmo endere\u00e7o, compras fracionadas em um volume grande\u201d, disse o&nbsp;<strong>secret\u00e1rio&nbsp;<\/strong>em evento organizado pela FPE (Frente Parlamentar do Empreendedorismo).<\/p>\n\n\n\n<p>Segundo&nbsp;<strong><a href=\"https:\/\/www.suno.com.br\/noticias\/fundos-de-super-ricos-taxacao-secretario-receita-federal-evm\/\">Barreirinhas<\/a><\/strong>, o governo tem aplicado \u201co que h\u00e1 de mais moderno no mundo\u201d para fiscalizar remessas.<\/p>\n\n\n\n<p>\u201cHoje muitas vezes o consumidor \u00e9 surpreendido, pois acha que o pre\u00e7o da plataforma \u00e9 o pre\u00e7o [total] do produto. E quando chega o produto aqui na fiscaliza\u00e7\u00e3o, ele recebe uma notifica\u00e7\u00e3o dos Correios para entrar l\u00e1 e recolher o imposto de importa\u00e7\u00e3o, para recolher o ICMS. Ele tamb\u00e9m est\u00e1 sendo v\u00edtima dessa desinforma\u00e7\u00e3o\u201d, declarou o secret\u00e1rio.<\/p>\n\n\n\n<p>\u201cA empresa, para ela estar na conformidade, tem que colocar isso com clareza no site dela: o valor do bem com o valor dos tributos. O pagamento j\u00e1 \u00e9 feito ali. O valor do tributo \u00e9 repassado. E \u00e9 feita essa distribui\u00e7\u00e3o\u201d, seguiu.<\/p>\n\n\n\n<h2 class=\"wp-block-heading\">Entenda o programa Remessa Conforme, citado pelo secret\u00e1rio da Receita Federal<\/h2>\n\n\n\n<p><a href=\"https:\/\/www.suno.com.br\/noticias\/isencao-federal-compras-online-varejo-cpf\/\" target=\"_blank\" rel=\"noreferrer noopener\">Conforme detalhado pelo Suno Not\u00edcias<\/a>, o programa Remessa Conforme foi criado pelo governo e entrou em vigor no dia 1\u00ba de agosto.<\/p>\n\n\n\n<p>Al\u00e9m da fiscaliza\u00e7\u00e3o mais intensa, o programa prev\u00ea isen\u00e7\u00e3o tribut\u00e1ria federal para compras online de at\u00e9 US$ 50.<\/p>\n\n\n\n<p>A p\u00e1gina de com\u00e9rcio eletr\u00f4nico que aderir ao&nbsp;<strong>Remessa Conforme<\/strong>&nbsp;tamb\u00e9m tem acesso a uma declara\u00e7\u00e3o antecipada que permitir\u00e1 o ingresso mais r\u00e1pido da mercadoria no pa\u00eds.<\/p>\n\n\n\n<p>Caso as empresas n\u00e3o entrem no programa, haver\u00e1 cobran\u00e7a de al\u00edquota de 60% de&nbsp;<strong>Imposto de Importa\u00e7\u00e3o<\/strong>, como ocorre normalmente com as compras acima de US$ 50.<\/p>\n\n\n\n<p>A&nbsp;<strong>isen\u00e7\u00e3o para compras at\u00e9 US$ 50<\/strong>&nbsp;ser\u00e1 apenas para&nbsp;<a href=\"https:\/\/www.suno.com.br\/artigos\/tributos-federais\/\" target=\"_blank\" rel=\"noreferrer noopener\">tributos federais<\/a>. Todas as encomendas de empresas para pessoas f\u00edsicas que aderirem ao Remessa Conforme pagar\u00e3o 17% de Imposto sobre Com\u00e9rcio de Mercadorias e Servi\u00e7os (ICMS), tributo arrecadado pelos estados.<\/p>\n\n\n\n<p>Segundo o programa da&nbsp;Receita Federal, o qual a&nbsp;<strong>Shein<\/strong>&nbsp;agora faz parte, prev\u00ea que o pagamento dos impostos devidos tamb\u00e9m ser\u00e1 realizado de forma antecipada, fazendo com que tais remessas sejam liberadas antes de sua chegada no territ\u00f3rio nacional, oferecendo agilidade aos operadores e transportadores.<\/p>\n\n\n\t<p>\n\t\t<a href=\"https:\/\/lp.suno.com.br\/planilha-da-vida-financeira\/\" target=\"_blank\" data-element=\"shortcode-suno-banner\" title=\"Banner SUNO, clique e saiba mais\">\n\t\t\t<picture>\n\t\t\t\t<source media=\"(max-width: 500px)\" srcset=\"https:\/\/files.sunoresearch.com.br\/n\/uploads\/2023\/04\/400x300-Planilha-vida-financeira-true.png\">\n\t\t\t\t<img class=\"newsContent__article__imgCapa newsContent__article__imgCapa--banner\"\n\t\t\t\t\tsrc=\"https:\/\/files.sunoresearch.com.br\/n\/uploads\/2023\/04\/1420x240-Planilha-vida-financeira-true.png\"\n\t\t\t\t\tdata-promo-id=\"383123\"\t\t\t\t\t\t\t\t\t\twidth='1420' height='240'\t\t\t\t\talt=\"https:\/\/files.sunoresearch.com.br\/n\/uploads\/2023\/04\/1420x240-Planilha-vida-financeira-true.png\"\n\t\t\t\t>\n\t\t\t<\/picture>\n\t\t<\/a>\n\t<\/p>\n\n\n","protected":false},"excerpt":{"rendered":"<p>Em relat\u00f3rio recente, a XP cortou o pre\u00e7o-alvo para as a\u00e7\u00f5es ordin\u00e1rias da Lojas Renner (LREN3), citando, principalmente, a competi\u00e7\u00e3o da varejista em rela\u00e7\u00e3o a companhias como a Shein. Para a casa, um cen\u00e1rio mais desafiador com a atividade da chinesa no Brasil n\u00e3o significa um fim para as empresas brasileiras do setor. Entenda o [&hellip;]<\/p>\n","protected":false},"author":313,"featured_media":442831,"comment_status":"closed","ping_status":"closed","sticky":false,"template":"","format":"standard","meta":[],"categories":[64],"tags":[542,847,1245],"suno_strategy":[],"class_list":["post-456382","post","type-post","status-publish","format-standard","has-post-thumbnail","hentry","category-negocios","tag-lojas-renner-lren3","tag-receita-federal","tag-setor-de-servicos"],"yoast_head":"<!-- This site is optimized with the Yoast SEO plugin v24.4 - https:\/\/yoast.com\/wordpress\/plugins\/seo\/ -->\n<title>Shein \u00e9 um obst\u00e1culo, mas n\u00e3o um xeque-mate, diz XP sobre Renner<\/title>\n<meta name=\"description\" content=\"Em relat\u00f3rio recente, a XP citou a competi\u00e7\u00e3o da Lojas Renner com companhias como a varejista chinesa Shein, por exemplo.\" \/>\n<meta name=\"robots\" content=\"index, follow, max-snippet:-1, max-image-preview:large, max-video-preview:-1\" \/>\n<link rel=\"canonical\" href=\"https:\/\/www.suno.com.br\/noticias\/shein-obstaculo-renner-lren3-xp-gpj\/\" \/>\n<meta property=\"og:locale\" content=\"pt_BR\" \/>\n<meta property=\"og:type\" content=\"article\" \/>\n<meta property=\"og:title\" content=\"Shein \u00e9 um obst\u00e1culo, mas n\u00e3o um xeque-mate, diz XP sobre Renner\" \/>\n<meta property=\"og:description\" content=\"Em relat\u00f3rio recente, a XP citou a competi\u00e7\u00e3o da Lojas Renner com companhias como a varejista chinesa Shein, por exemplo.\" \/>\n<meta property=\"og:url\" content=\"https:\/\/www.suno.com.br\/noticias\/shein-obstaculo-renner-lren3-xp-gpj\/\" \/>\n<meta property=\"og:site_name\" content=\"Suno Not\u00edcias\" \/>\n<meta property=\"article:publisher\" content=\"https:\/\/facebook.com\/sunoresearch\" \/>\n<meta property=\"og:image\" content=\"https:\/\/files.sunoresearch.com.br\/n\/uploads\/2023\/08\/shein-shopee-compras.jpg\" \/>\n\t<meta property=\"og:image:width\" content=\"1200\" \/>\n\t<meta property=\"og:image:height\" content=\"800\" \/>\n\t<meta property=\"og:image:type\" content=\"image\/jpeg\" \/>\n<meta name=\"author\" content=\"Giovanni Porf\u00edrio Jacomino\" \/>\n<meta name=\"twitter:card\" content=\"summary_large_image\" \/>\n<meta name=\"twitter:creator\" content=\"@sunoresearch\" \/>\n<meta name=\"twitter:site\" content=\"@sunoresearch\" \/>\n<meta name=\"twitter:label1\" content=\"Escrito por\" \/>\n\t<meta name=\"twitter:data1\" content=\"Giovanni Porf\u00edrio Jacomino\" \/>\n\t<meta name=\"twitter:label2\" content=\"Est. tempo de leitura\" \/>\n\t<meta name=\"twitter:data2\" content=\"6 minutos\" \/>\n<script type=\"application\/ld+json\" class=\"yoast-schema-graph\">{\"@context\":\"https:\/\/schema.org\",\"@graph\":[{\"@type\":\"NewsArticle\",\"@id\":\"https:\/\/www.suno.com.br\/noticias\/shein-obstaculo-renner-lren3-xp-gpj\/#article\",\"isPartOf\":{\"@id\":\"https:\/\/www.suno.com.br\/noticias\/shein-obstaculo-renner-lren3-xp-gpj\/\"},\"author\":{\"name\":\"Giovanni Porf\u00edrio Jacomino\",\"@id\":\"https:\/\/www.suno.com.br\/noticias\/#\/schema\/person\/d0f32748bbca4bee871fa191ee4e2d40\"},\"headline\":\"Lojas Renner (LREN3): XP corta pre\u00e7o-alvo e diz que Shein \u00e9 um obst\u00e1culo para a varejista brasileira: &#8220;Mas n\u00e3o um xeque-mate&#8221;\",\"datePublished\":\"2023-09-14T19:09:03+00:00\",\"dateModified\":\"2023-09-14T20:45:37+00:00\",\"mainEntityOfPage\":{\"@id\":\"https:\/\/www.suno.com.br\/noticias\/shein-obstaculo-renner-lren3-xp-gpj\/\"},\"wordCount\":1215,\"publisher\":{\"@id\":\"https:\/\/www.suno.com.br\/noticias\/#organization\"},\"image\":{\"@id\":\"https:\/\/www.suno.com.br\/noticias\/shein-obstaculo-renner-lren3-xp-gpj\/#primaryimage\"},\"thumbnailUrl\":\"https:\/\/files.sunoresearch.com.br\/n\/uploads\/2023\/08\/shein-shopee-compras.jpg\",\"keywords\":[\"Lojas Renner (LREN3)\",\"Receita Federal\",\"setor de servi\u00e7os\"],\"articleSection\":[\"Neg\u00f3cios\"],\"inLanguage\":\"pt-BR\"},{\"@type\":\"WebPage\",\"@id\":\"https:\/\/www.suno.com.br\/noticias\/shein-obstaculo-renner-lren3-xp-gpj\/\",\"url\":\"https:\/\/www.suno.com.br\/noticias\/shein-obstaculo-renner-lren3-xp-gpj\/\",\"name\":\"Shein \u00e9 um obst\u00e1culo, mas n\u00e3o um xeque-mate, diz XP sobre Renner\",\"isPartOf\":{\"@id\":\"https:\/\/www.suno.com.br\/noticias\/#website\"},\"primaryImageOfPage\":{\"@id\":\"https:\/\/www.suno.com.br\/noticias\/shein-obstaculo-renner-lren3-xp-gpj\/#primaryimage\"},\"image\":{\"@id\":\"https:\/\/www.suno.com.br\/noticias\/shein-obstaculo-renner-lren3-xp-gpj\/#primaryimage\"},\"thumbnailUrl\":\"https:\/\/files.sunoresearch.com.br\/n\/uploads\/2023\/08\/shein-shopee-compras.jpg\",\"datePublished\":\"2023-09-14T19:09:03+00:00\",\"dateModified\":\"2023-09-14T20:45:37+00:00\",\"description\":\"Em relat\u00f3rio recente, a XP citou a competi\u00e7\u00e3o da Lojas Renner com companhias como a varejista chinesa Shein, por exemplo.\",\"breadcrumb\":{\"@id\":\"https:\/\/www.suno.com.br\/noticias\/shein-obstaculo-renner-lren3-xp-gpj\/#breadcrumb\"},\"inLanguage\":\"pt-BR\",\"potentialAction\":[{\"@type\":\"ReadAction\",\"target\":[\"https:\/\/www.suno.com.br\/noticias\/shein-obstaculo-renner-lren3-xp-gpj\/\"]}]},{\"@type\":\"ImageObject\",\"inLanguage\":\"pt-BR\",\"@id\":\"https:\/\/www.suno.com.br\/noticias\/shein-obstaculo-renner-lren3-xp-gpj\/#primaryimage\",\"url\":\"https:\/\/files.sunoresearch.com.br\/n\/uploads\/2023\/08\/shein-shopee-compras.jpg\",\"contentUrl\":\"https:\/\/files.sunoresearch.com.br\/n\/uploads\/2023\/08\/shein-shopee-compras.jpg\",\"width\":1200,\"height\":800,\"caption\":\"Entenda o que muda se a taxa\u00e7\u00e3o de compras at\u00e9 US$ 50 for aprovada. Foto: Pexels\"},{\"@type\":\"BreadcrumbList\",\"@id\":\"https:\/\/www.suno.com.br\/noticias\/shein-obstaculo-renner-lren3-xp-gpj\/#breadcrumb\",\"itemListElement\":[{\"@type\":\"ListItem\",\"position\":1,\"name\":\"Not\u00edcias\",\"item\":\"https:\/\/www.suno.com.br\/noticias\/\"},{\"@type\":\"ListItem\",\"position\":2,\"name\":\"Neg\u00f3cios\",\"item\":\"https:\/\/www.suno.com.br\/noticias\/negocios\/\"},{\"@type\":\"ListItem\",\"position\":3,\"name\":\"Lojas Renner (LREN3): XP corta pre\u00e7o-alvo e diz que Shein \u00e9 um obst\u00e1culo para a varejista brasileira: &#8220;Mas n\u00e3o um xeque-mate&#8221;\"}]},{\"@type\":\"WebSite\",\"@id\":\"https:\/\/www.suno.com.br\/noticias\/#website\",\"url\":\"https:\/\/www.suno.com.br\/noticias\/\",\"name\":\"Suno Not\u00edcias\",\"description\":\"Seu portal de informa\u00e7\u00e3o sobre o mundo dos investimentos\",\"publisher\":{\"@id\":\"https:\/\/www.suno.com.br\/noticias\/#organization\"},\"potentialAction\":[{\"@type\":\"SearchAction\",\"target\":{\"@type\":\"EntryPoint\",\"urlTemplate\":\"https:\/\/www.suno.com.br\/noticias\/?s={search_term_string}\"},\"query-input\":{\"@type\":\"PropertyValueSpecification\",\"valueRequired\":true,\"valueName\":\"search_term_string\"}}],\"inLanguage\":\"pt-BR\"},{\"@type\":\"Organization\",\"@id\":\"https:\/\/www.suno.com.br\/noticias\/#organization\",\"name\":\"Suno Not\u00edcias\",\"url\":\"https:\/\/www.suno.com.br\/noticias\/\",\"logo\":{\"@type\":\"ImageObject\",\"inLanguage\":\"pt-BR\",\"@id\":\"https:\/\/www.suno.com.br\/noticias\/#\/schema\/logo\/image\/\",\"url\":\"https:\/\/files.sunoresearch.com.br\/n\/uploads\/2021\/09\/suno-logo.png\",\"contentUrl\":\"https:\/\/files.sunoresearch.com.br\/n\/uploads\/2021\/09\/suno-logo.png\",\"width\":180,\"height\":180,\"caption\":\"Suno Not\u00edcias\"},\"image\":{\"@id\":\"https:\/\/www.suno.com.br\/noticias\/#\/schema\/logo\/image\/\"},\"sameAs\":[\"https:\/\/facebook.com\/sunoresearch\",\"https:\/\/x.com\/sunoresearch\",\"https:\/\/www.instagram.com\/suno\",\"https:\/\/www.linkedin.com\/company\/suno-research\/\",\"https:\/\/www.youtube.com\/c\/sunoresearch\"]},{\"@type\":\"Person\",\"@id\":\"https:\/\/www.suno.com.br\/noticias\/#\/schema\/person\/d0f32748bbca4bee871fa191ee4e2d40\",\"name\":\"Giovanni Porf\u00edrio Jacomino\",\"image\":{\"@type\":\"ImageObject\",\"inLanguage\":\"pt-BR\",\"@id\":\"https:\/\/www.suno.com.br\/noticias\/#\/schema\/person\/image\/\",\"url\":\"https:\/\/secure.gravatar.com\/avatar\/efb32e19b730a121cb7a80f41ffec01a?s=96&r=g\",\"contentUrl\":\"https:\/\/secure.gravatar.com\/avatar\/efb32e19b730a121cb7a80f41ffec01a?s=96&r=g\",\"caption\":\"Giovanni Porf\u00edrio Jacomino\"},\"description\":\"Giovanni Porf\u00edrio Jacomino \u00e9 jornalista formado pela Universidade Estadual de Londrina (UEL) e p\u00f3s-graduado em Produ\u00e7\u00e3o e Pr\u00e1ticas Jornal\u00edsticas na Contemporaneidade na Faculdade C\u00e1sper L\u00edbero (FCL). Foi editor web no Startupi e no Finsiders, atuando ainda como editor no TC Mover, portal de not\u00edcias da TradersClub, fazendo a cobertura de assuntos relacionados ao mercado financeiro interno e externo. Atualmente, \u00e9 Rep\u00f3rter do Suno Not\u00edcias.\",\"url\":\"https:\/\/www.suno.com.br\/noticias\/author\/giovanni-porfiriosuno-com-br\/\"}]}<\/script>\n<!-- \/ Yoast SEO plugin. -->","yoast_head_json":{"title":"Shein \u00e9 um obst\u00e1culo, mas n\u00e3o um xeque-mate, diz XP sobre Renner","description":"Em relat\u00f3rio recente, a XP citou a competi\u00e7\u00e3o da Lojas Renner com companhias como a varejista chinesa Shein, por exemplo.","robots":{"index":"index","follow":"follow","max-snippet":"max-snippet:-1","max-image-preview":"max-image-preview:large","max-video-preview":"max-video-preview:-1"},"canonical":"https:\/\/www.suno.com.br\/noticias\/shein-obstaculo-renner-lren3-xp-gpj\/","og_locale":"pt_BR","og_type":"article","og_title":"Shein \u00e9 um obst\u00e1culo, mas n\u00e3o um xeque-mate, diz XP sobre Renner","og_description":"Em relat\u00f3rio recente, a XP citou a competi\u00e7\u00e3o da Lojas Renner com companhias como a varejista chinesa Shein, por exemplo.","og_url":"https:\/\/www.suno.com.br\/noticias\/shein-obstaculo-renner-lren3-xp-gpj\/","og_site_name":"Suno Not\u00edcias","article_publisher":"https:\/\/facebook.com\/sunoresearch","og_image":[{"width":1200,"height":800,"url":"https:\/\/files.sunoresearch.com.br\/n\/uploads\/2023\/08\/shein-shopee-compras.jpg","type":"image\/jpeg"}],"author":"Giovanni Porf\u00edrio Jacomino","twitter_card":"summary_large_image","twitter_creator":"@sunoresearch","twitter_site":"@sunoresearch","twitter_misc":{"Escrito por":"Giovanni Porf\u00edrio Jacomino","Est. tempo de leitura":"6 minutos"},"schema":{"@context":"https:\/\/schema.org","@graph":[{"@type":"NewsArticle","@id":"https:\/\/www.suno.com.br\/noticias\/shein-obstaculo-renner-lren3-xp-gpj\/#article","isPartOf":{"@id":"https:\/\/www.suno.com.br\/noticias\/shein-obstaculo-renner-lren3-xp-gpj\/"},"author":{"name":"Giovanni Porf\u00edrio Jacomino","@id":"https:\/\/www.suno.com.br\/noticias\/#\/schema\/person\/d0f32748bbca4bee871fa191ee4e2d40"},"headline":"Lojas Renner (LREN3): XP corta pre\u00e7o-alvo e diz que Shein \u00e9 um obst\u00e1culo para a varejista brasileira: &#8220;Mas n\u00e3o um xeque-mate&#8221;","datePublished":"2023-09-14T19:09:03+00:00","dateModified":"2023-09-14T20:45:37+00:00","mainEntityOfPage":{"@id":"https:\/\/www.suno.com.br\/noticias\/shein-obstaculo-renner-lren3-xp-gpj\/"},"wordCount":1215,"publisher":{"@id":"https:\/\/www.suno.com.br\/noticias\/#organization"},"image":{"@id":"https:\/\/www.suno.com.br\/noticias\/shein-obstaculo-renner-lren3-xp-gpj\/#primaryimage"},"thumbnailUrl":"https:\/\/files.sunoresearch.com.br\/n\/uploads\/2023\/08\/shein-shopee-compras.jpg","keywords":["Lojas Renner (LREN3)","Receita Federal","setor de servi\u00e7os"],"articleSection":["Neg\u00f3cios"],"inLanguage":"pt-BR"},{"@type":"WebPage","@id":"https:\/\/www.suno.com.br\/noticias\/shein-obstaculo-renner-lren3-xp-gpj\/","url":"https:\/\/www.suno.com.br\/noticias\/shein-obstaculo-renner-lren3-xp-gpj\/","name":"Shein \u00e9 um obst\u00e1culo, mas n\u00e3o um xeque-mate, diz XP sobre Renner","isPartOf":{"@id":"https:\/\/www.suno.com.br\/noticias\/#website"},"primaryImageOfPage":{"@id":"https:\/\/www.suno.com.br\/noticias\/shein-obstaculo-renner-lren3-xp-gpj\/#primaryimage"},"image":{"@id":"https:\/\/www.suno.com.br\/noticias\/shein-obstaculo-renner-lren3-xp-gpj\/#primaryimage"},"thumbnailUrl":"https:\/\/files.sunoresearch.com.br\/n\/uploads\/2023\/08\/shein-shopee-compras.jpg","datePublished":"2023-09-14T19:09:03+00:00","dateModified":"2023-09-14T20:45:37+00:00","description":"Em relat\u00f3rio recente, a XP citou a competi\u00e7\u00e3o da Lojas Renner com companhias como a varejista chinesa Shein, por exemplo.","breadcrumb":{"@id":"https:\/\/www.suno.com.br\/noticias\/shein-obstaculo-renner-lren3-xp-gpj\/#breadcrumb"},"inLanguage":"pt-BR","potentialAction":[{"@type":"ReadAction","target":["https:\/\/www.suno.com.br\/noticias\/shein-obstaculo-renner-lren3-xp-gpj\/"]}]},{"@type":"ImageObject","inLanguage":"pt-BR","@id":"https:\/\/www.suno.com.br\/noticias\/shein-obstaculo-renner-lren3-xp-gpj\/#primaryimage","url":"https:\/\/files.sunoresearch.com.br\/n\/uploads\/2023\/08\/shein-shopee-compras.jpg","contentUrl":"https:\/\/files.sunoresearch.com.br\/n\/uploads\/2023\/08\/shein-shopee-compras.jpg","width":1200,"height":800,"caption":"Entenda o que muda se a taxa\u00e7\u00e3o de compras at\u00e9 US$ 50 for aprovada. Foto: Pexels"},{"@type":"BreadcrumbList","@id":"https:\/\/www.suno.com.br\/noticias\/shein-obstaculo-renner-lren3-xp-gpj\/#breadcrumb","itemListElement":[{"@type":"ListItem","position":1,"name":"Not\u00edcias","item":"https:\/\/www.suno.com.br\/noticias\/"},{"@type":"ListItem","position":2,"name":"Neg\u00f3cios","item":"https:\/\/www.suno.com.br\/noticias\/negocios\/"},{"@type":"ListItem","position":3,"name":"Lojas Renner (LREN3): XP corta pre\u00e7o-alvo e diz que Shein \u00e9 um obst\u00e1culo para a varejista brasileira: &#8220;Mas n\u00e3o um xeque-mate&#8221;"}]},{"@type":"WebSite","@id":"https:\/\/www.suno.com.br\/noticias\/#website","url":"https:\/\/www.suno.com.br\/noticias\/","name":"Suno Not\u00edcias","description":"Seu portal de informa\u00e7\u00e3o sobre o mundo dos investimentos","publisher":{"@id":"https:\/\/www.suno.com.br\/noticias\/#organization"},"potentialAction":[{"@type":"SearchAction","target":{"@type":"EntryPoint","urlTemplate":"https:\/\/www.suno.com.br\/noticias\/?s={search_term_string}"},"query-input":{"@type":"PropertyValueSpecification","valueRequired":true,"valueName":"search_term_string"}}],"inLanguage":"pt-BR"},{"@type":"Organization","@id":"https:\/\/www.suno.com.br\/noticias\/#organization","name":"Suno Not\u00edcias","url":"https:\/\/www.suno.com.br\/noticias\/","logo":{"@type":"ImageObject","inLanguage":"pt-BR","@id":"https:\/\/www.suno.com.br\/noticias\/#\/schema\/logo\/image\/","url":"https:\/\/files.sunoresearch.com.br\/n\/uploads\/2021\/09\/suno-logo.png","contentUrl":"https:\/\/files.sunoresearch.com.br\/n\/uploads\/2021\/09\/suno-logo.png","width":180,"height":180,"caption":"Suno Not\u00edcias"},"image":{"@id":"https:\/\/www.suno.com.br\/noticias\/#\/schema\/logo\/image\/"},"sameAs":["https:\/\/facebook.com\/sunoresearch","https:\/\/x.com\/sunoresearch","https:\/\/www.instagram.com\/suno","https:\/\/www.linkedin.com\/company\/suno-research\/","https:\/\/www.youtube.com\/c\/sunoresearch"]},{"@type":"Person","@id":"https:\/\/www.suno.com.br\/noticias\/#\/schema\/person\/d0f32748bbca4bee871fa191ee4e2d40","name":"Giovanni Porf\u00edrio Jacomino","image":{"@type":"ImageObject","inLanguage":"pt-BR","@id":"https:\/\/www.suno.com.br\/noticias\/#\/schema\/person\/image\/","url":"https:\/\/secure.gravatar.com\/avatar\/efb32e19b730a121cb7a80f41ffec01a?s=96&r=g","contentUrl":"https:\/\/secure.gravatar.com\/avatar\/efb32e19b730a121cb7a80f41ffec01a?s=96&r=g","caption":"Giovanni Porf\u00edrio Jacomino"},"description":"Giovanni Porf\u00edrio Jacomino \u00e9 jornalista formado pela Universidade Estadual de Londrina (UEL) e p\u00f3s-graduado em Produ\u00e7\u00e3o e Pr\u00e1ticas Jornal\u00edsticas na Contemporaneidade na Faculdade C\u00e1sper L\u00edbero (FCL). Foi editor web no Startupi e no Finsiders, atuando ainda como editor no TC Mover, portal de not\u00edcias da TradersClub, fazendo a cobertura de assuntos relacionados ao mercado financeiro interno e externo. Atualmente, \u00e9 Rep\u00f3rter do Suno Not\u00edcias.","url":"https:\/\/www.suno.com.br\/noticias\/author\/giovanni-porfiriosuno-com-br\/"}]}},"default_loop_html":"<div class=\"cardsPage__listCard__boxs\"><div class=\"cardsPage__listCard__boxs__img\"><a href=\"https:\/\/www.suno.com.br\/noticias\/shein-obstaculo-renner-lren3-xp-gpj\/\"><img class=\"mask\" src=\"https:\/\/www.suno.com.br\/noticias\/wp-content\/themes\/suno\/resources\/images\/spotlight\/spotlight1img\/bg-mask.png\" alt=\"Image Mask\"\/><img src=\"https:\/\/files.sunoresearch.com.br\/n\/uploads\/2023\/08\/shein-shopee-compras-400x200.jpg\" alt=\"Lojas Renner (LREN3): XP corta pre\u00e7o-alvo e diz que Shein \u00e9 um obst\u00e1culo para a varejista brasileira: &#8220;Mas n\u00e3o um xeque-mate&#8221;\"\/><\/a><span class=\"spotlightCategory\"><a href=\"https:\/\/www.suno.com.br\/noticias\/negocios\/\">Neg\u00f3cios<\/a><\/span><\/div><div class=\"cardsPage__listCard__boxs__content\"><a href=\"https:\/\/www.suno.com.br\/noticias\/shein-obstaculo-renner-lren3-xp-gpj\/\"><h2 class=\"content__title\">Lojas Renner (LREN3): XP corta pre\u00e7o-alvo e diz que Shein \u00e9 um obst\u00e1culo para a varejista brasileira: &#8220;Mas n\u00e3o um xeque-mate&#8221;<\/h2><\/a><div class=\"newsContent__article__meta\"><div class=\"newsContent__article__meta__authorBox\"><a href=\"https:\/\/www.suno.com.br\/noticias\/author\/giovanni-porfiriosuno-com-br\/\" class=\"authorBox__avatar noMobi\"><img src=\"https:\/\/files.sunoresearch.com.br\/n\/uploads\/2024\/05\/DSCF4115-1-1-150x150.webp\" alt=\"Giovanni Porf\u00edrio Jacomino\"><\/a><div class=\"authorBox__name\"><span>por\n\t\t\t<a href=\"https:\/\/www.suno.com.br\/noticias\/author\/giovanni-porfiriosuno-com-br\/\"><span itemprop=\"author\">Giovanni Porf\u00edrio Jacomino<\/span><\/a><\/span><time datetime=\"2023-09-14T16:09:03-03:00\" itemprop=\"datePublished\">14\/09\/2023 16:09<\/time><\/div><\/div><\/div><\/div><\/div>","single_layout":"posts","amp_enabled":true,"_links":{"self":[{"href":"https:\/\/www.suno.com.br\/noticias\/wp-json\/wp\/v2\/posts\/456382"}],"collection":[{"href":"https:\/\/www.suno.com.br\/noticias\/wp-json\/wp\/v2\/posts"}],"about":[{"href":"https:\/\/www.suno.com.br\/noticias\/wp-json\/wp\/v2\/types\/post"}],"author":[{"embeddable":true,"href":"https:\/\/www.suno.com.br\/noticias\/wp-json\/wp\/v2\/users\/313"}],"replies":[{"embeddable":true,"href":"https:\/\/www.suno.com.br\/noticias\/wp-json\/wp\/v2\/comments?post=456382"}],"version-history":[{"count":2,"href":"https:\/\/www.suno.com.br\/noticias\/wp-json\/wp\/v2\/posts\/456382\/revisions"}],"predecessor-version":[{"id":456504,"href":"https:\/\/www.suno.com.br\/noticias\/wp-json\/wp\/v2\/posts\/456382\/revisions\/456504"}],"wp:featuredmedia":[{"embeddable":true,"href":"https:\/\/www.suno.com.br\/noticias\/wp-json\/wp\/v2\/media\/442831"}],"wp:attachment":[{"href":"https:\/\/www.suno.com.br\/noticias\/wp-json\/wp\/v2\/media?parent=456382"}],"wp:term":[{"taxonomy":"category","embeddable":true,"href":"https:\/\/www.suno.com.br\/noticias\/wp-json\/wp\/v2\/categories?post=456382"},{"taxonomy":"post_tag","embeddable":true,"href":"https:\/\/www.suno.com.br\/noticias\/wp-json\/wp\/v2\/tags?post=456382"},{"taxonomy":"suno_strategy","embeddable":true,"href":"https:\/\/www.suno.com.br\/noticias\/wp-json\/wp\/v2\/suno_strategy?post=456382"}],"curies":[{"name":"wp","href":"https:\/\/api.w.org\/{rel}","templated":true}]}}