{"id":45607,"date":"2019-11-25T12:45:59","date_gmt":"2019-11-25T14:45:59","guid":{"rendered":"https:\/\/www.suno.com.br\/noticias\/?p=45607"},"modified":"2019-11-25T12:52:16","modified_gmt":"2019-11-25T14:52:16","slug":"cvc-recompra-5-total-acoes","status":"publish","type":"post","link":"https:\/\/www.suno.com.br\/noticias\/cvc-recompra-5-total-acoes\/","title":{"rendered":"CVC anuncia recompra de at\u00e9 5% do total de a\u00e7\u00f5es"},"content":{"rendered":"<p>A CVC (CVCB3) anunciou nesta segunda-feira (25) o programa de recompra de a\u00e7\u00f5es ordin\u00e1rias a pre\u00e7o de mercado. Sendo assim, a empresa ir\u00e1 adquirir at\u00e9 7.255.000 pap\u00e9is ordin\u00e1rios, ou 5% do total de ativos em circula\u00e7\u00e3o.<\/p>\t<div class=\"wrapper-featured-image\">\n\t\t<figure class=\"spotlightImg\">\n\n\t\t\t<picture>\n\t\t\t\t<source media=\"(max-width: 768px)\" srcset=\"https:\/\/files.sunoresearch.com.br\/n\/uploads\/2019\/11\/89851e25-cvc-400x200.webp\">\n\t\t\t\t<img loading=\"lazy\" decoding=\"async\" class=\"newsContent__article__imgCapa lazyloadDisabled newsContent__article__imgCapa--noCaption\" src=\"https:\/\/files.sunoresearch.com.br\/n\/uploads\/2019\/11\/89851e25-cvc-800x450.webp\" width=\"800\" height=\"450\" alt=\"CVC anuncia recompra de at\u00e9 5% do total de a\u00e7\u00f5es\" fetchpriority=high \/>\n\t\t\t<\/picture>\n\n\t\t\t<figcaption class=\"wp-caption-text wp-caption-text--hide\">CVC (CVCB3) <\/figcaption>\n\t\t<\/figure>\n\t<\/div>\n\n\n\n<p>Segundo o <a href=\"https:\/\/www.suno.com.br\/artigos\/fato-relevante\/\">fato relevante<\/a> emitido pela <strong>CVC<\/strong>, a opera\u00e7\u00e3o tem como objetivo \u201cincrementar a gera\u00e7\u00e3o de valor para seus acionistas por meio da aplica\u00e7\u00e3o de recursos dispon\u00edveis na aquisi\u00e7\u00e3o das a\u00e7\u00f5es em bolsa de valores\u201d.<\/p>\n<p><a href=\"https:\/\/www.suno.com.br\/black-friday-2019\/assinaturas\/\">Black Friday Suno &#8211; pague 2 anos e leve 3 nas principais assinaturas da Suno Research<\/a><\/p>\n<p>A CVC possui, atualmente, 145.151.224 a\u00e7\u00f5es em circula\u00e7\u00e3o e 1.560.739 em tesouraria. As a\u00e7\u00f5es que ser\u00e3o recompradas pela empresa de turismo ser\u00e3o renegociadas a pre\u00e7o de mercado e o deadline para a realiza\u00e7\u00e3o das aquisi\u00e7\u00f5es \u00e9 de 18 meses, tendo in\u00edcio nesta segunda (25) e terminando no dia 18 de maio de 2021. A realiza\u00e7\u00e3o da opera\u00e7\u00e3o ser\u00e1 intermediada pelo BTG Pactual e pelo Bradesco.<\/p>\n<h2>Cota\u00e7\u00e3o da CVC<\/h2>\n<p>Por volta das 11h30 desta segunda-feira (25), a empresa operava com varia\u00e7\u00e3o positiva de 4,34%, cotada a R$ 43,72, na <a href=\"https:\/\/www.suno.com.br\/artigos\/bovespa-precedente-b3\/\">Bolsa de Valores de S\u00e3o Paulo<\/a>.<\/p>\n<h2>CVC e fortalecimento na \u00e1rea digital<\/h2>\n<p>Em busca de solu\u00e7\u00f5es para melhorar o resultado do primeiro semestre, a <strong>ag\u00eancia<\/strong> <strong>de viagens<\/strong> informou em agosto que estava tentando melhorar sua \u00e1rea digital para tamb\u00e9m aumentar rapidamente sua marca no quesito internacional.<\/p>\n<p>De janeiro a junho, a <strong>CVC<\/strong> reportou uma baixa de R$ 92 milh\u00f5es. O n\u00famero tem grande influ\u00eancia da suspens\u00e3o das opera\u00e7\u00f5es da Avianca Brasil.<\/p>\n<p>A companhia de viagens havia adquirido R$ 100 milh\u00f5es por meio da venda de passagens da <strong>Avianca<\/strong>. Entretanto, a companhia a\u00e9rea parou de operar no m\u00eas de maio. A CVC informou, em agosto, que ainda esperava recuperar o preju\u00edzo nesta segunda metade do ano.<\/p>\n<h2>Resultado 3\u00ba trimestre<\/h2>\n<p>O <a href=\"https:\/\/www.suno.com.br\/artigos\/lucro-ajustado\/\">lucro l\u00edquido ajustado<\/a> da empresa foi de R$ 97,5 milh\u00f5es no terceiro trimestre deste ano, um valor um pouco acima dos R$ 97 milh\u00f5es registrados no mesmo per\u00edodo do ano anterior. A <a href=\"https:\/\/www.suno.com.br\/artigos\/o-que-receita-liquida\/\">receita l\u00edquida<\/a> da CVC teve queda de 3,6% na compara\u00e7\u00e3o ano a ano, para R$ 414,8 milh\u00f5es.<\/p>\n<p>&#8220;Com base nas ocorr\u00eancias observadas no per\u00edodo de julho a outubro e embarques que seriam realizados neste per\u00edodo, entendemos que podemos incorrer ainda de 30 milh\u00f5es a 40 milh\u00f5es de reais de custos adicionais no futuro&#8221;, disse a <strong>CVC<\/strong>, referindo-se ao per\u00edodo em que houve o colapso da companhia a\u00e9rea Avianca Brasil, que gerou custos e despesas adicionais.<\/p>\n","protected":false},"excerpt":{"rendered":"<p>A CVC (CVCB3) anunciou nesta segunda-feira (25) o programa de recompra de a\u00e7\u00f5es ordin\u00e1rias a pre\u00e7o de mercado. Sendo assim, a empresa ir\u00e1 adquirir at\u00e9 7.255.000 pap\u00e9is ordin\u00e1rios, ou 5% do total de ativos em circula\u00e7\u00e3o. CVC (CVCB3) Segundo o fato relevante emitido pela CVC, a opera\u00e7\u00e3o tem como objetivo \u201cincrementar a gera\u00e7\u00e3o de valor [&hellip;]<\/p>\n","protected":false},"author":19,"featured_media":45618,"comment_status":"closed","ping_status":"closed","sticky":false,"template":"","format":"standard","meta":[],"categories":[64],"tags":[442],"suno_strategy":[],"class_list":["post-45607","post","type-post","status-publish","format-standard","has-post-thumbnail","hentry","category-negocios","tag-cvc-cvcb3"],"yoast_head":"<!-- This site is optimized with the Yoast SEO plugin v24.4 - https:\/\/yoast.com\/wordpress\/plugins\/seo\/ -->\n<title>CVC anuncia recompra de at\u00e9 5% do total de a\u00e7\u00f5es<\/title>\n<meta name=\"description\" content=\"A CVC (CVCB3) anunciou nesta segunda-feira (25) o programa de recompra de a\u00e7\u00f5es ordin\u00e1rias a pre\u00e7o de mercado. Clique e saiba mais.\" \/>\n<meta name=\"robots\" content=\"index, follow, max-snippet:-1, max-image-preview:large, max-video-preview:-1\" \/>\n<link rel=\"canonical\" href=\"https:\/\/www.suno.com.br\/noticias\/cvc-recompra-5-total-acoes\/\" \/>\n<meta property=\"og:locale\" content=\"pt_BR\" \/>\n<meta property=\"og:type\" content=\"article\" \/>\n<meta property=\"og:title\" content=\"CVC anuncia recompra de at\u00e9 5% do total de a\u00e7\u00f5es\" \/>\n<meta property=\"og:description\" content=\"A CVC (CVCB3) anunciou nesta segunda-feira (25) o programa de recompra de a\u00e7\u00f5es ordin\u00e1rias a pre\u00e7o de mercado. Clique e saiba mais.\" \/>\n<meta property=\"og:url\" content=\"https:\/\/www.suno.com.br\/noticias\/cvc-recompra-5-total-acoes\/\" \/>\n<meta property=\"og:site_name\" content=\"Suno Not\u00edcias\" \/>\n<meta property=\"article:publisher\" content=\"https:\/\/facebook.com\/sunoresearch\" \/>\n<meta property=\"og:image\" content=\"https:\/\/files.sunoresearch.com.br\/n\/uploads\/2019\/11\/89851e25-cvc.jpg\" \/>\n\t<meta property=\"og:image:width\" content=\"1380\" \/>\n\t<meta property=\"og:image:height\" content=\"920\" \/>\n\t<meta property=\"og:image:type\" content=\"image\/jpeg\" \/>\n<meta name=\"author\" content=\"Juliano Passaro\" \/>\n<meta name=\"twitter:card\" content=\"summary_large_image\" \/>\n<meta name=\"twitter:creator\" content=\"@sunoresearch\" \/>\n<meta name=\"twitter:site\" content=\"@sunoresearch\" \/>\n<meta name=\"twitter:label1\" content=\"Escrito por\" \/>\n\t<meta name=\"twitter:data1\" content=\"Juliano Passaro\" \/>\n\t<meta name=\"twitter:label2\" content=\"Est. tempo de leitura\" \/>\n\t<meta name=\"twitter:data2\" content=\"2 minutos\" \/>\n<script type=\"application\/ld+json\" class=\"yoast-schema-graph\">{\"@context\":\"https:\/\/schema.org\",\"@graph\":[{\"@type\":\"NewsArticle\",\"@id\":\"https:\/\/www.suno.com.br\/noticias\/cvc-recompra-5-total-acoes\/#article\",\"isPartOf\":{\"@id\":\"https:\/\/www.suno.com.br\/noticias\/cvc-recompra-5-total-acoes\/\"},\"author\":{\"name\":\"Juliano Passaro\",\"@id\":\"https:\/\/www.suno.com.br\/noticias\/#\/schema\/person\/1db762f78ffd8919a648a63e425953e3\"},\"headline\":\"CVC anuncia recompra de at\u00e9 5% do total de a\u00e7\u00f5es\",\"datePublished\":\"2019-11-25T14:45:59+00:00\",\"dateModified\":\"2019-11-25T14:52:16+00:00\",\"mainEntityOfPage\":{\"@id\":\"https:\/\/www.suno.com.br\/noticias\/cvc-recompra-5-total-acoes\/\"},\"wordCount\":441,\"publisher\":{\"@id\":\"https:\/\/www.suno.com.br\/noticias\/#organization\"},\"image\":{\"@id\":\"https:\/\/www.suno.com.br\/noticias\/cvc-recompra-5-total-acoes\/#primaryimage\"},\"thumbnailUrl\":\"https:\/\/files.sunoresearch.com.br\/n\/uploads\/2019\/11\/89851e25-cvc-jpg.webp\",\"keywords\":[\"CVC (CVCB3)\"],\"articleSection\":[\"Neg\u00f3cios\"],\"inLanguage\":\"pt-BR\"},{\"@type\":\"WebPage\",\"@id\":\"https:\/\/www.suno.com.br\/noticias\/cvc-recompra-5-total-acoes\/\",\"url\":\"https:\/\/www.suno.com.br\/noticias\/cvc-recompra-5-total-acoes\/\",\"name\":\"CVC anuncia recompra de at\u00e9 5% do total de a\u00e7\u00f5es\",\"isPartOf\":{\"@id\":\"https:\/\/www.suno.com.br\/noticias\/#website\"},\"primaryImageOfPage\":{\"@id\":\"https:\/\/www.suno.com.br\/noticias\/cvc-recompra-5-total-acoes\/#primaryimage\"},\"image\":{\"@id\":\"https:\/\/www.suno.com.br\/noticias\/cvc-recompra-5-total-acoes\/#primaryimage\"},\"thumbnailUrl\":\"https:\/\/files.sunoresearch.com.br\/n\/uploads\/2019\/11\/89851e25-cvc-jpg.webp\",\"datePublished\":\"2019-11-25T14:45:59+00:00\",\"dateModified\":\"2019-11-25T14:52:16+00:00\",\"description\":\"A CVC (CVCB3) anunciou nesta segunda-feira (25) o programa de recompra de a\u00e7\u00f5es ordin\u00e1rias a pre\u00e7o de mercado. Clique e saiba mais.\",\"breadcrumb\":{\"@id\":\"https:\/\/www.suno.com.br\/noticias\/cvc-recompra-5-total-acoes\/#breadcrumb\"},\"inLanguage\":\"pt-BR\",\"potentialAction\":[{\"@type\":\"ReadAction\",\"target\":[\"https:\/\/www.suno.com.br\/noticias\/cvc-recompra-5-total-acoes\/\"]}]},{\"@type\":\"ImageObject\",\"inLanguage\":\"pt-BR\",\"@id\":\"https:\/\/www.suno.com.br\/noticias\/cvc-recompra-5-total-acoes\/#primaryimage\",\"url\":\"https:\/\/files.sunoresearch.com.br\/n\/uploads\/2019\/11\/89851e25-cvc-jpg.webp\",\"contentUrl\":\"https:\/\/files.sunoresearch.com.br\/n\/uploads\/2019\/11\/89851e25-cvc-jpg.webp\",\"width\":1380,\"height\":920,\"caption\":\"CVC (CVCB3)\"},{\"@type\":\"BreadcrumbList\",\"@id\":\"https:\/\/www.suno.com.br\/noticias\/cvc-recompra-5-total-acoes\/#breadcrumb\",\"itemListElement\":[{\"@type\":\"ListItem\",\"position\":1,\"name\":\"Not\u00edcias\",\"item\":\"https:\/\/www.suno.com.br\/noticias\/\"},{\"@type\":\"ListItem\",\"position\":2,\"name\":\"Neg\u00f3cios\",\"item\":\"https:\/\/www.suno.com.br\/noticias\/negocios\/\"},{\"@type\":\"ListItem\",\"position\":3,\"name\":\"CVC anuncia recompra de at\u00e9 5% do total de a\u00e7\u00f5es\"}]},{\"@type\":\"WebSite\",\"@id\":\"https:\/\/www.suno.com.br\/noticias\/#website\",\"url\":\"https:\/\/www.suno.com.br\/noticias\/\",\"name\":\"Suno Not\u00edcias\",\"description\":\"Seu portal de informa\u00e7\u00e3o sobre o mundo dos investimentos\",\"publisher\":{\"@id\":\"https:\/\/www.suno.com.br\/noticias\/#organization\"},\"potentialAction\":[{\"@type\":\"SearchAction\",\"target\":{\"@type\":\"EntryPoint\",\"urlTemplate\":\"https:\/\/www.suno.com.br\/noticias\/?s={search_term_string}\"},\"query-input\":{\"@type\":\"PropertyValueSpecification\",\"valueRequired\":true,\"valueName\":\"search_term_string\"}}],\"inLanguage\":\"pt-BR\"},{\"@type\":\"Organization\",\"@id\":\"https:\/\/www.suno.com.br\/noticias\/#organization\",\"name\":\"Suno Not\u00edcias\",\"url\":\"https:\/\/www.suno.com.br\/noticias\/\",\"logo\":{\"@type\":\"ImageObject\",\"inLanguage\":\"pt-BR\",\"@id\":\"https:\/\/www.suno.com.br\/noticias\/#\/schema\/logo\/image\/\",\"url\":\"https:\/\/files.sunoresearch.com.br\/n\/uploads\/2021\/09\/suno-logo.png\",\"contentUrl\":\"https:\/\/files.sunoresearch.com.br\/n\/uploads\/2021\/09\/suno-logo.png\",\"width\":180,\"height\":180,\"caption\":\"Suno Not\u00edcias\"},\"image\":{\"@id\":\"https:\/\/www.suno.com.br\/noticias\/#\/schema\/logo\/image\/\"},\"sameAs\":[\"https:\/\/facebook.com\/sunoresearch\",\"https:\/\/x.com\/sunoresearch\",\"https:\/\/www.instagram.com\/suno\",\"https:\/\/www.linkedin.com\/company\/suno-research\/\",\"https:\/\/www.youtube.com\/c\/sunoresearch\"]},{\"@type\":\"Person\",\"@id\":\"https:\/\/www.suno.com.br\/noticias\/#\/schema\/person\/1db762f78ffd8919a648a63e425953e3\",\"name\":\"Juliano Passaro\",\"image\":{\"@type\":\"ImageObject\",\"inLanguage\":\"pt-BR\",\"@id\":\"https:\/\/www.suno.com.br\/noticias\/#\/schema\/person\/image\/\",\"url\":\"https:\/\/secure.gravatar.com\/avatar\/743d4df28eebf6dcc46b4ad03c319e92?s=96&r=g\",\"contentUrl\":\"https:\/\/secure.gravatar.com\/avatar\/743d4df28eebf6dcc46b4ad03c319e92?s=96&r=g\",\"caption\":\"Juliano Passaro\"},\"description\":\"Juliano Passaro escreve sobre pol\u00edtica, economia e neg\u00f3cios para o portal da Suno Research. Antes da Suno, trabalhou no Portal da Band. \u00c9 formado em jornalismo pela Universidade Presbiteriana Mackenzie.\",\"url\":\"https:\/\/www.suno.com.br\/noticias\/author\/juliano\/\"}]}<\/script>\n<!-- \/ Yoast SEO plugin. -->","yoast_head_json":{"title":"CVC anuncia recompra de at\u00e9 5% do total de a\u00e7\u00f5es","description":"A CVC (CVCB3) anunciou nesta segunda-feira (25) o programa de recompra de a\u00e7\u00f5es ordin\u00e1rias a pre\u00e7o de mercado. Clique e saiba mais.","robots":{"index":"index","follow":"follow","max-snippet":"max-snippet:-1","max-image-preview":"max-image-preview:large","max-video-preview":"max-video-preview:-1"},"canonical":"https:\/\/www.suno.com.br\/noticias\/cvc-recompra-5-total-acoes\/","og_locale":"pt_BR","og_type":"article","og_title":"CVC anuncia recompra de at\u00e9 5% do total de a\u00e7\u00f5es","og_description":"A CVC (CVCB3) anunciou nesta segunda-feira (25) o programa de recompra de a\u00e7\u00f5es ordin\u00e1rias a pre\u00e7o de mercado. Clique e saiba mais.","og_url":"https:\/\/www.suno.com.br\/noticias\/cvc-recompra-5-total-acoes\/","og_site_name":"Suno Not\u00edcias","article_publisher":"https:\/\/facebook.com\/sunoresearch","og_image":[{"width":1380,"height":920,"url":"https:\/\/files.sunoresearch.com.br\/n\/uploads\/2019\/11\/89851e25-cvc.jpg","type":"image\/jpeg"}],"author":"Juliano Passaro","twitter_card":"summary_large_image","twitter_creator":"@sunoresearch","twitter_site":"@sunoresearch","twitter_misc":{"Escrito por":"Juliano Passaro","Est. tempo de leitura":"2 minutos"},"schema":{"@context":"https:\/\/schema.org","@graph":[{"@type":"NewsArticle","@id":"https:\/\/www.suno.com.br\/noticias\/cvc-recompra-5-total-acoes\/#article","isPartOf":{"@id":"https:\/\/www.suno.com.br\/noticias\/cvc-recompra-5-total-acoes\/"},"author":{"name":"Juliano Passaro","@id":"https:\/\/www.suno.com.br\/noticias\/#\/schema\/person\/1db762f78ffd8919a648a63e425953e3"},"headline":"CVC anuncia recompra de at\u00e9 5% do total de a\u00e7\u00f5es","datePublished":"2019-11-25T14:45:59+00:00","dateModified":"2019-11-25T14:52:16+00:00","mainEntityOfPage":{"@id":"https:\/\/www.suno.com.br\/noticias\/cvc-recompra-5-total-acoes\/"},"wordCount":441,"publisher":{"@id":"https:\/\/www.suno.com.br\/noticias\/#organization"},"image":{"@id":"https:\/\/www.suno.com.br\/noticias\/cvc-recompra-5-total-acoes\/#primaryimage"},"thumbnailUrl":"https:\/\/files.sunoresearch.com.br\/n\/uploads\/2019\/11\/89851e25-cvc-jpg.webp","keywords":["CVC (CVCB3)"],"articleSection":["Neg\u00f3cios"],"inLanguage":"pt-BR"},{"@type":"WebPage","@id":"https:\/\/www.suno.com.br\/noticias\/cvc-recompra-5-total-acoes\/","url":"https:\/\/www.suno.com.br\/noticias\/cvc-recompra-5-total-acoes\/","name":"CVC anuncia recompra de at\u00e9 5% do total de a\u00e7\u00f5es","isPartOf":{"@id":"https:\/\/www.suno.com.br\/noticias\/#website"},"primaryImageOfPage":{"@id":"https:\/\/www.suno.com.br\/noticias\/cvc-recompra-5-total-acoes\/#primaryimage"},"image":{"@id":"https:\/\/www.suno.com.br\/noticias\/cvc-recompra-5-total-acoes\/#primaryimage"},"thumbnailUrl":"https:\/\/files.sunoresearch.com.br\/n\/uploads\/2019\/11\/89851e25-cvc-jpg.webp","datePublished":"2019-11-25T14:45:59+00:00","dateModified":"2019-11-25T14:52:16+00:00","description":"A CVC (CVCB3) anunciou nesta segunda-feira (25) o programa de recompra de a\u00e7\u00f5es ordin\u00e1rias a pre\u00e7o de mercado. Clique e saiba mais.","breadcrumb":{"@id":"https:\/\/www.suno.com.br\/noticias\/cvc-recompra-5-total-acoes\/#breadcrumb"},"inLanguage":"pt-BR","potentialAction":[{"@type":"ReadAction","target":["https:\/\/www.suno.com.br\/noticias\/cvc-recompra-5-total-acoes\/"]}]},{"@type":"ImageObject","inLanguage":"pt-BR","@id":"https:\/\/www.suno.com.br\/noticias\/cvc-recompra-5-total-acoes\/#primaryimage","url":"https:\/\/files.sunoresearch.com.br\/n\/uploads\/2019\/11\/89851e25-cvc-jpg.webp","contentUrl":"https:\/\/files.sunoresearch.com.br\/n\/uploads\/2019\/11\/89851e25-cvc-jpg.webp","width":1380,"height":920,"caption":"CVC (CVCB3)"},{"@type":"BreadcrumbList","@id":"https:\/\/www.suno.com.br\/noticias\/cvc-recompra-5-total-acoes\/#breadcrumb","itemListElement":[{"@type":"ListItem","position":1,"name":"Not\u00edcias","item":"https:\/\/www.suno.com.br\/noticias\/"},{"@type":"ListItem","position":2,"name":"Neg\u00f3cios","item":"https:\/\/www.suno.com.br\/noticias\/negocios\/"},{"@type":"ListItem","position":3,"name":"CVC anuncia recompra de at\u00e9 5% do total de a\u00e7\u00f5es"}]},{"@type":"WebSite","@id":"https:\/\/www.suno.com.br\/noticias\/#website","url":"https:\/\/www.suno.com.br\/noticias\/","name":"Suno Not\u00edcias","description":"Seu portal de informa\u00e7\u00e3o sobre o mundo dos investimentos","publisher":{"@id":"https:\/\/www.suno.com.br\/noticias\/#organization"},"potentialAction":[{"@type":"SearchAction","target":{"@type":"EntryPoint","urlTemplate":"https:\/\/www.suno.com.br\/noticias\/?s={search_term_string}"},"query-input":{"@type":"PropertyValueSpecification","valueRequired":true,"valueName":"search_term_string"}}],"inLanguage":"pt-BR"},{"@type":"Organization","@id":"https:\/\/www.suno.com.br\/noticias\/#organization","name":"Suno Not\u00edcias","url":"https:\/\/www.suno.com.br\/noticias\/","logo":{"@type":"ImageObject","inLanguage":"pt-BR","@id":"https:\/\/www.suno.com.br\/noticias\/#\/schema\/logo\/image\/","url":"https:\/\/files.sunoresearch.com.br\/n\/uploads\/2021\/09\/suno-logo.png","contentUrl":"https:\/\/files.sunoresearch.com.br\/n\/uploads\/2021\/09\/suno-logo.png","width":180,"height":180,"caption":"Suno Not\u00edcias"},"image":{"@id":"https:\/\/www.suno.com.br\/noticias\/#\/schema\/logo\/image\/"},"sameAs":["https:\/\/facebook.com\/sunoresearch","https:\/\/x.com\/sunoresearch","https:\/\/www.instagram.com\/suno","https:\/\/www.linkedin.com\/company\/suno-research\/","https:\/\/www.youtube.com\/c\/sunoresearch"]},{"@type":"Person","@id":"https:\/\/www.suno.com.br\/noticias\/#\/schema\/person\/1db762f78ffd8919a648a63e425953e3","name":"Juliano Passaro","image":{"@type":"ImageObject","inLanguage":"pt-BR","@id":"https:\/\/www.suno.com.br\/noticias\/#\/schema\/person\/image\/","url":"https:\/\/secure.gravatar.com\/avatar\/743d4df28eebf6dcc46b4ad03c319e92?s=96&r=g","contentUrl":"https:\/\/secure.gravatar.com\/avatar\/743d4df28eebf6dcc46b4ad03c319e92?s=96&r=g","caption":"Juliano Passaro"},"description":"Juliano Passaro escreve sobre pol\u00edtica, economia e neg\u00f3cios para o portal da Suno Research. Antes da Suno, trabalhou no Portal da Band. \u00c9 formado em jornalismo pela Universidade Presbiteriana Mackenzie.","url":"https:\/\/www.suno.com.br\/noticias\/author\/juliano\/"}]}},"default_loop_html":"<div class=\"cardsPage__listCard__boxs\"><div class=\"cardsPage__listCard__boxs__img\"><a href=\"https:\/\/www.suno.com.br\/noticias\/cvc-recompra-5-total-acoes\/\"><img class=\"mask\" src=\"https:\/\/www.suno.com.br\/noticias\/wp-content\/themes\/suno\/resources\/images\/spotlight\/spotlight1img\/bg-mask.png\" alt=\"Image Mask\"\/><img src=\"https:\/\/files.sunoresearch.com.br\/n\/uploads\/2019\/11\/89851e25-cvc-400x200.webp\" alt=\"CVC anuncia recompra de at\u00e9 5% do total de a\u00e7\u00f5es\"\/><\/a><span class=\"spotlightCategory\"><a href=\"https:\/\/www.suno.com.br\/noticias\/negocios\/\">Neg\u00f3cios<\/a><\/span><\/div><div class=\"cardsPage__listCard__boxs__content\"><a href=\"https:\/\/www.suno.com.br\/noticias\/cvc-recompra-5-total-acoes\/\"><h2 class=\"content__title\">CVC anuncia recompra de at\u00e9 5% do total de a\u00e7\u00f5es<\/h2><\/a><div class=\"newsContent__article__meta\"><div class=\"newsContent__article__meta__authorBox\"><a href=\"https:\/\/www.suno.com.br\/noticias\/author\/juliano\/\" class=\"authorBox__avatar noMobi\"><img src=\"https:\/\/files.sunoresearch.com.br\/n\/uploads\/2019\/06\/7cc3efea-whatsapp-image-2019-07-18-at-21.59.33-e1563499821209-150x150.webp\" alt=\"Juliano Passaro\"><\/a><div class=\"authorBox__name\"><span>por\n\t\t\t<a href=\"https:\/\/www.suno.com.br\/noticias\/author\/juliano\/\"><span itemprop=\"author\">Juliano Passaro<\/span><\/a><\/span><time datetime=\"2019-11-25T12:45:59-03:00\" itemprop=\"datePublished\">25\/11\/2019 12:45<\/time><\/div><\/div><\/div><\/div><\/div>","single_layout":"posts","amp_enabled":true,"_links":{"self":[{"href":"https:\/\/www.suno.com.br\/noticias\/wp-json\/wp\/v2\/posts\/45607"}],"collection":[{"href":"https:\/\/www.suno.com.br\/noticias\/wp-json\/wp\/v2\/posts"}],"about":[{"href":"https:\/\/www.suno.com.br\/noticias\/wp-json\/wp\/v2\/types\/post"}],"author":[{"embeddable":true,"href":"https:\/\/www.suno.com.br\/noticias\/wp-json\/wp\/v2\/users\/19"}],"replies":[{"embeddable":true,"href":"https:\/\/www.suno.com.br\/noticias\/wp-json\/wp\/v2\/comments?post=45607"}],"version-history":[{"count":0,"href":"https:\/\/www.suno.com.br\/noticias\/wp-json\/wp\/v2\/posts\/45607\/revisions"}],"wp:featuredmedia":[{"embeddable":true,"href":"https:\/\/www.suno.com.br\/noticias\/wp-json\/wp\/v2\/media\/45618"}],"wp:attachment":[{"href":"https:\/\/www.suno.com.br\/noticias\/wp-json\/wp\/v2\/media?parent=45607"}],"wp:term":[{"taxonomy":"category","embeddable":true,"href":"https:\/\/www.suno.com.br\/noticias\/wp-json\/wp\/v2\/categories?post=45607"},{"taxonomy":"post_tag","embeddable":true,"href":"https:\/\/www.suno.com.br\/noticias\/wp-json\/wp\/v2\/tags?post=45607"},{"taxonomy":"suno_strategy","embeddable":true,"href":"https:\/\/www.suno.com.br\/noticias\/wp-json\/wp\/v2\/suno_strategy?post=45607"}],"curies":[{"name":"wp","href":"https:\/\/api.w.org\/{rel}","templated":true}]}}