{"id":456023,"date":"2023-09-14T07:58:00","date_gmt":"2023-09-14T10:58:00","guid":{"rendered":"https:\/\/www.suno.com.br\/noticias\/?p=456023"},"modified":"2023-09-14T10:15:29","modified_gmt":"2023-09-14T13:15:29","slug":"123milhas-justica-bloqueio-socios-gpj","status":"publish","type":"post","link":"https:\/\/www.suno.com.br\/noticias\/123milhas-justica-bloqueio-socios-gpj\/","title":{"rendered":"123milhas: Justi\u00e7a de MG determina bloqueio de at\u00e9 R$ 50 milh\u00f5es de s\u00f3cios"},"content":{"rendered":"<p>A Justi\u00e7a da 15\u00aa Vara C\u00edvel da Comarca de Belo Horizonte determinou o bloqueio de at\u00e9 R$ 50 milh\u00f5es em bens e valores dos s\u00f3cios da <strong>123milhas<\/strong>, Ramiro J\u00falio Madureira e Augusto J\u00falio Soares Madureira. A decis\u00e3o, publicada nesta quarta-feira (13), cabe recurso.<\/p>\t<div class=\"wrapper-featured-image\">\n\t\t<figure class=\"spotlightImg\">\n\n\t\t\t<picture>\n\t\t\t\t<source media=\"(max-width: 768px)\" srcset=\"https:\/\/files.sunoresearch.com.br\/n\/uploads\/2023\/08\/123milhas-1-e1694697309338-400x200.jpg\">\n\t\t\t\t<img loading=\"lazy\" decoding=\"async\" class=\"newsContent__article__imgCapa lazyloadDisabled \" src=\"https:\/\/files.sunoresearch.com.br\/n\/uploads\/2023\/08\/123milhas-1-e1694697309338-800x450.jpg\" width=\"800\" height=\"450\" alt=\"123milhas: Justi\u00e7a de MG determina bloqueio de at\u00e9 R$ 50 milh\u00f5es de s\u00f3cios\" fetchpriority=high \/>\n\t\t\t<\/picture>\n\n\t\t\t<figcaption class=\"wp-caption-text wp-caption-text--show\">123milhas - Foto: Divulga\u00e7\u00e3o.<\/figcaption>\n\t\t<\/figure>\n\t<\/div>\n\n\n\n\n\n\n\n\t<p>\n\t\t<a href=\"https:\/\/lp.suno.com.br\/planilha-da-vida-financeira\/\" target=\"_blank\" data-element=\"shortcode-suno-banner\" title=\"Banner SUNO, clique e saiba mais\">\n\t\t\t<picture>\n\t\t\t\t<source media=\"(max-width: 500px)\" srcset=\"https:\/\/files.sunoresearch.com.br\/n\/uploads\/2023\/04\/400x300-Planilha-vida-financeira-true.png\">\n\t\t\t\t<img class=\"newsContent__article__imgCapa newsContent__article__imgCapa--banner\"\n\t\t\t\t\tsrc=\"https:\/\/files.sunoresearch.com.br\/n\/uploads\/2023\/04\/1420x240-Planilha-vida-financeira-true.png\"\n\t\t\t\t\tdata-promo-id=\"106682\"\t\t\t\t\t\t\t\t\t\twidth='1420' height='240'\t\t\t\t\talt=\"https:\/\/files.sunoresearch.com.br\/n\/uploads\/2023\/04\/1420x240-Planilha-vida-financeira-true.png\"\n\t\t\t\t>\n\t\t\t<\/picture>\n\t\t<\/a>\n\t<\/p>\n\n\n\n\n\n<p>Al\u00e9m do bloqueio, foi determinado que n\u00e3o haja mais diferen\u00e7as entre as responsabilidades da empresa 123milhas e dos s\u00f3cios. Assim, tanto as <a href=\"https:\/\/www.suno.com.br\/artigos\/pessoa-fisica\/\">pessoas f\u00edsicas<\/a> de Ramiro e Augusto, quanto as jur\u00eddicas da 123milhas e da <strong>Novum Investimentos<\/strong> (acionista da ag\u00eancia de viagens) v\u00e3o responder pelo processo.<\/p>\n\n\n\n<p>A decis\u00e3o atende a um pedido do <strong>Minist\u00e9rio P\u00fablico de Minas Gerais<\/strong>, que prop\u00f4s o bloqueio de bens avaliados em 1% do faturamento da empresa em 2022 como uma forma de tentar garantir a execu\u00e7\u00e3o das obriga\u00e7\u00f5es da empresa junto \u00e0s pessoas que perderam as viagens. <\/p>\n\n\n\n<p>O<strong> Minist\u00e9rio P\u00fablico <\/strong>tamb\u00e9m solicitou a interven\u00e7\u00e3o judicial na empresa e o bloqueio dos bens em nome da pessoa jur\u00eddica, mas esses pedidos n\u00e3o foram atendidos pela Justi\u00e7a, j\u00e1 que a companhia est\u00e1 em <a href=\"https:\/\/www.suno.com.br\/artigos\/recuperacao-judicial\/\"><strong>recupera\u00e7\u00e3o judicial<\/strong><\/a>.<\/p>\n\n\n\n<p>Em nota, a 123milhas informou que &#8220;ainda n\u00e3o foi notificada pela 15\u00aa Vara C\u00edvel de Belo Horizonte, mas que ir\u00e1 recorrer da decis\u00e3o dentro do prazo legal&#8221;.<\/p>\n\n\n\n<h2 class=\"wp-block-heading\">123milhas: companhia demitiu cerca de 1,2 mil pessoas, diz s\u00f3cio \u00e0 CPI<\/h2>\n\n\n\n<p>Em depoimento na semana passada \u00e0 Comiss\u00e3o Parlamentar de Inqu\u00e9rito (CPI) das pir\u00e2mides financeiras, o <strong>s\u00f3cio da&nbsp;123milhas<\/strong>, Ramiro J\u00falio Soares Madureira, afirmou que o grupo precisou demitir cerca de 1,1 mil a 1,2 mil trabalhadores devido \u00e0 <a href=\"https:\/\/www.suno.com.br\/artigos\/crise-financeira\/\">crise financeira<\/a> decorrente do cancelamento de passagens de sua linha promocional compradas por clientes para viajar entre os meses de setembro e dezembro deste ano.<\/p>\n\n\n\n<p>De acordo com Madureira, a 123milhas, a&nbsp;<strong>MaxMilhas<\/strong>&nbsp;e a&nbsp;<strong>Hotmilhas<\/strong>, que fazem parte do mesmo grupo, operam hoje com 800 funcion\u00e1rios ap\u00f3s a redu\u00e7\u00e3o no quadro.<\/p>\n\n\n\n<p>No depoimento, o&nbsp;<strong>s\u00f3cio da 123milhas<\/strong>&nbsp;pontuou ainda que a empresa j\u00e1 enfrentava outras dificuldades antes dos problemas com as passagens \u201cpromo\u201d. Entre elas, estavam a atua\u00e7\u00e3o das companhias a\u00e9reas para dificultar a emiss\u00e3o de milhas, <a href=\"https:\/\/www.suno.com.br\/artigos\/antecipacao-recebiveis\/\">antecipa\u00e7\u00e3o de receb\u00edveis<\/a> (antes 0,3% ao m\u00eas passou para 1,5%), al\u00e9m da \u201cmalha a\u00e9rea muito apertada\u201d, o que acabou n\u00e3o dando margem para negocia\u00e7\u00e3o com milhas.<\/p>\n\n\n\n\t<div data-element=\"shortcode-read-more\" class=\"readToo\">\n\t\t\t\t<span class=\"readToo__title\">Leia mais<\/span>\n\t\t\t\t<ul class=\"readToo__list\">\n\t\t\t<li><a href=\"https:\/\/www.suno.com.br\/noticias\/123milhas-procon-sp-informacoes-reclamacoes-gpj\/\">123milhas: Procon-SP pede informa\u00e7\u00f5es para definir como tratar reclama\u00e7\u00f5es<\/a><\/li><li><a href=\"https:\/\/www.suno.com.br\/noticias\/123milhas-recuperacao-judicial-aceito-reclamacoes-mal\/\">123milhas: pedido de recupera\u00e7\u00e3o judicial \u00e9 aceito pela Justi\u00e7a<\/a><\/li><li><a href=\"https:\/\/www.suno.com.br\/noticias\/123milhas-azul-azul4-crise-coluna-gpj\/\">123milhas acusa Azul (AZUL4) de ser uma das culpadas por sua crise, diz coluna<\/a><\/li>\t\t<\/ul>\n\t<\/div>\n\n\n\n\t<p>\n\t\t<a href=\"https:\/\/lp.suno.com.br\/ebook-como-analisar-uma-acao\/\" target=\"_blank\" data-element=\"shortcode-suno-banner\" title=\"Banner SUNO, clique e saiba mais\">\n\t\t\t<picture>\n\t\t\t\t<source media=\"(max-width: 500px)\" srcset=\"https:\/\/files.sunoresearch.com.br\/n\/uploads\/2023\/03\/Ebook-Acoes-Mobile.jpg\">\n\t\t\t\t<img class=\"newsContent__article__imgCapa newsContent__article__imgCapa--banner\"\n\t\t\t\t\tsrc=\"https:\/\/files.sunoresearch.com.br\/n\/uploads\/2023\/03\/Ebook-Acoes-Desktop.jpg\"\n\t\t\t\t\tdata-promo-id=\"378302\"\t\t\t\t\t\t\t\t\t\twidth='1420' height='286'\t\t\t\t\talt=\"https:\/\/files.sunoresearch.com.br\/n\/uploads\/2023\/03\/Ebook-Acoes-Desktop.jpg\"\n\t\t\t\t>\n\t\t\t<\/picture>\n\t\t<\/a>\n\t<\/p>\n\n\n\n\n\n<h2 class=\"wp-block-heading\">123milhas: s\u00f3cio pede desculpas em CPI e cita modelo de neg\u00f3cio \u2018equivocado\u2019<\/h2>\n\n\n\n<p>Tamb\u00e9m no depoimento, Madureira pediu desculpas aos clientes e fornecedores pelo calote nas viagens e justificou que a empresa, que parou de emitir as passagens de sua linha promocional, a \u201cpromo\u201d, no \u00faltimo dia 18 de agosto, se equivocou ao planejar o produto.<\/p>\n\n\n\n<p>\u201cAo contr\u00e1rio do que prev\u00edamos, o mercado tem se comportado permanentemente como se estivesse em alta temporada, e isso abalou n\u00e3o s\u00f3 os fundamentos da linha promo, como de toda a 123milhas\u201d, disse Madureira, acrescentando que o objetivo da companhia a partir de agora \u00e9 saldar as&nbsp;<strong>d\u00edvidas da 123milhas&nbsp;<\/strong>com todos os credores por meio da&nbsp;<a href=\"https:\/\/www.suno.com.br\/artigos\/recuperacao-judicial\/\"><strong>recupera\u00e7\u00e3o judicial<\/strong><\/a>, aprovada pela Justi\u00e7a na semana passada.<\/p>\n\n\n\n<p>Madureira faltou duas vezes ao depoimento at\u00e9 comparecer sob risco de ser levado coercitivamente pela&nbsp;<strong>Pol\u00edcia Federal<\/strong>.<\/p>\n\n\n\n<p>Ainda de acordo com o s\u00f3cio, a expectativa era de atrair novos clientes com a promo\u00e7\u00e3o, reduzir os gastos com marketing e que esses consumidores comprassem tamb\u00e9m outros produtos na plataforma. Segundo ele, o produto foi elaborado com base em tecnologia e estudos t\u00e9cnicos.<\/p>\n\n\n\n<p>\u201cAcredit\u00e1vamos que o custo do \u2018promo\u2019 diminuiria com o tempo, a medida que ganh\u00e1vamos efici\u00eancia e que o mercado de avia\u00e7\u00e3o superaria os efeitos da pandemia\u201d, afirmou.<\/p>\n\n\n\n<p>Na linha promo, o cliente adquiria a passagem com anteced\u00eancia, mas a viagem poderia ocorrer num per\u00edodo de tempo, e ele s\u00f3 sabia exatamente a data e o hor\u00e1rio do voo quando j\u00e1 estava pr\u00f3ximo \u00e0 viagem. \u201cO melhor momento para comprar passagens \u00e9 entre 30 e 45 dias da viagem, quando se encontram os melhores pre\u00e7os\u201d, acrescentou o&nbsp;<strong>s\u00f3cio da 123milhas<\/strong>.<\/p>\n\n\n\t<p>\n\t\t<a href=\"https:\/\/lp.suno.com.br\/planilha-da-vida-financeira\/\" target=\"_blank\" data-element=\"shortcode-suno-banner\" title=\"Banner SUNO, clique e saiba mais\">\n\t\t\t<picture>\n\t\t\t\t<source media=\"(max-width: 500px)\" srcset=\"https:\/\/files.sunoresearch.com.br\/n\/uploads\/2023\/04\/400x300-Planilha-vida-financeira-true.png\">\n\t\t\t\t<img class=\"newsContent__article__imgCapa newsContent__article__imgCapa--banner\"\n\t\t\t\t\tsrc=\"https:\/\/files.sunoresearch.com.br\/n\/uploads\/2023\/04\/1420x240-Planilha-vida-financeira-true.png\"\n\t\t\t\t\tdata-promo-id=\"383123\"\t\t\t\t\t\t\t\t\t\twidth='1420' height='240'\t\t\t\t\talt=\"https:\/\/files.sunoresearch.com.br\/n\/uploads\/2023\/04\/1420x240-Planilha-vida-financeira-true.png\"\n\t\t\t\t>\n\t\t\t<\/picture>\n\t\t<\/a>\n\t<\/p>\n\n\n","protected":false},"excerpt":{"rendered":"<p>A Justi\u00e7a da 15\u00aa Vara C\u00edvel da Comarca de Belo Horizonte determinou o bloqueio de at\u00e9 R$ 50 milh\u00f5es em bens e valores dos s\u00f3cios da 123milhas, Ramiro J\u00falio Madureira e Augusto J\u00falio Soares Madureira. A decis\u00e3o, publicada nesta quarta-feira (13), cabe recurso. 123milhas &#8211; Foto: Divulga\u00e7\u00e3o. Al\u00e9m do bloqueio, foi determinado que n\u00e3o haja [&hellip;]<\/p>\n","protected":false},"author":313,"featured_media":445456,"comment_status":"closed","ping_status":"closed","sticky":false,"template":"","format":"standard","meta":[],"categories":[64],"tags":[1245],"suno_strategy":[],"class_list":["post-456023","post","type-post","status-publish","format-standard","has-post-thumbnail","hentry","category-negocios","tag-setor-de-servicos"],"yoast_head":"<!-- This site is optimized with the Yoast SEO plugin v24.4 - https:\/\/yoast.com\/wordpress\/plugins\/seo\/ -->\n<title>123milhas: Justi\u00e7a determina bloqueio de at\u00e9 R$ 50 milh\u00f5es de s\u00f3cios<\/title>\n<meta name=\"description\" content=\"A Justi\u00e7a de MG determinou o bloqueio de at\u00e9 R$ 50 milh\u00f5es em bens e valores dos s\u00f3cios da 123milhas. A decis\u00e3o cabe recurso.\" \/>\n<meta name=\"robots\" content=\"index, follow, max-snippet:-1, max-image-preview:large, max-video-preview:-1\" \/>\n<link rel=\"canonical\" href=\"https:\/\/www.suno.com.br\/noticias\/123milhas-justica-bloqueio-socios-gpj\/\" \/>\n<meta property=\"og:locale\" content=\"pt_BR\" \/>\n<meta property=\"og:type\" content=\"article\" \/>\n<meta property=\"og:title\" content=\"123milhas: Justi\u00e7a determina bloqueio de at\u00e9 R$ 50 milh\u00f5es de s\u00f3cios\" \/>\n<meta property=\"og:description\" content=\"A Justi\u00e7a de MG determinou o bloqueio de at\u00e9 R$ 50 milh\u00f5es em bens e valores dos s\u00f3cios da 123milhas. A decis\u00e3o cabe recurso.\" \/>\n<meta property=\"og:url\" content=\"https:\/\/www.suno.com.br\/noticias\/123milhas-justica-bloqueio-socios-gpj\/\" \/>\n<meta property=\"og:site_name\" content=\"Suno Not\u00edcias\" \/>\n<meta property=\"article:publisher\" content=\"https:\/\/facebook.com\/sunoresearch\" \/>\n<meta property=\"og:image\" content=\"https:\/\/files.sunoresearch.com.br\/n\/uploads\/2023\/08\/123milhas-1-e1694697309338.jpg\" \/>\n\t<meta property=\"og:image:width\" content=\"1200\" \/>\n\t<meta property=\"og:image:height\" content=\"675\" \/>\n\t<meta property=\"og:image:type\" content=\"image\/jpeg\" \/>\n<meta name=\"author\" content=\"Giovanni Porf\u00edrio Jacomino\" \/>\n<meta name=\"twitter:card\" content=\"summary_large_image\" \/>\n<meta name=\"twitter:creator\" content=\"@sunoresearch\" \/>\n<meta name=\"twitter:site\" content=\"@sunoresearch\" \/>\n<meta name=\"twitter:label1\" content=\"Escrito por\" \/>\n\t<meta name=\"twitter:data1\" content=\"Giovanni Porf\u00edrio Jacomino\" \/>\n\t<meta name=\"twitter:label2\" content=\"Est. tempo de leitura\" \/>\n\t<meta name=\"twitter:data2\" content=\"4 minutos\" \/>\n<script type=\"application\/ld+json\" class=\"yoast-schema-graph\">{\"@context\":\"https:\/\/schema.org\",\"@graph\":[{\"@type\":\"NewsArticle\",\"@id\":\"https:\/\/www.suno.com.br\/noticias\/123milhas-justica-bloqueio-socios-gpj\/#article\",\"isPartOf\":{\"@id\":\"https:\/\/www.suno.com.br\/noticias\/123milhas-justica-bloqueio-socios-gpj\/\"},\"author\":{\"name\":\"Giovanni Porf\u00edrio Jacomino\",\"@id\":\"https:\/\/www.suno.com.br\/noticias\/#\/schema\/person\/d0f32748bbca4bee871fa191ee4e2d40\"},\"headline\":\"123milhas: Justi\u00e7a de MG determina bloqueio de at\u00e9 R$ 50 milh\u00f5es de s\u00f3cios\",\"datePublished\":\"2023-09-14T10:58:00+00:00\",\"dateModified\":\"2023-09-14T13:15:29+00:00\",\"mainEntityOfPage\":{\"@id\":\"https:\/\/www.suno.com.br\/noticias\/123milhas-justica-bloqueio-socios-gpj\/\"},\"wordCount\":722,\"publisher\":{\"@id\":\"https:\/\/www.suno.com.br\/noticias\/#organization\"},\"image\":{\"@id\":\"https:\/\/www.suno.com.br\/noticias\/123milhas-justica-bloqueio-socios-gpj\/#primaryimage\"},\"thumbnailUrl\":\"https:\/\/files.sunoresearch.com.br\/n\/uploads\/2023\/08\/123milhas-1-e1694697309338.jpg\",\"keywords\":[\"setor de servi\u00e7os\"],\"articleSection\":[\"Neg\u00f3cios\"],\"inLanguage\":\"pt-BR\"},{\"@type\":\"WebPage\",\"@id\":\"https:\/\/www.suno.com.br\/noticias\/123milhas-justica-bloqueio-socios-gpj\/\",\"url\":\"https:\/\/www.suno.com.br\/noticias\/123milhas-justica-bloqueio-socios-gpj\/\",\"name\":\"123milhas: Justi\u00e7a determina bloqueio de at\u00e9 R$ 50 milh\u00f5es de s\u00f3cios\",\"isPartOf\":{\"@id\":\"https:\/\/www.suno.com.br\/noticias\/#website\"},\"primaryImageOfPage\":{\"@id\":\"https:\/\/www.suno.com.br\/noticias\/123milhas-justica-bloqueio-socios-gpj\/#primaryimage\"},\"image\":{\"@id\":\"https:\/\/www.suno.com.br\/noticias\/123milhas-justica-bloqueio-socios-gpj\/#primaryimage\"},\"thumbnailUrl\":\"https:\/\/files.sunoresearch.com.br\/n\/uploads\/2023\/08\/123milhas-1-e1694697309338.jpg\",\"datePublished\":\"2023-09-14T10:58:00+00:00\",\"dateModified\":\"2023-09-14T13:15:29+00:00\",\"description\":\"A Justi\u00e7a de MG determinou o bloqueio de at\u00e9 R$ 50 milh\u00f5es em bens e valores dos s\u00f3cios da 123milhas. A decis\u00e3o cabe recurso.\",\"breadcrumb\":{\"@id\":\"https:\/\/www.suno.com.br\/noticias\/123milhas-justica-bloqueio-socios-gpj\/#breadcrumb\"},\"inLanguage\":\"pt-BR\",\"potentialAction\":[{\"@type\":\"ReadAction\",\"target\":[\"https:\/\/www.suno.com.br\/noticias\/123milhas-justica-bloqueio-socios-gpj\/\"]}]},{\"@type\":\"ImageObject\",\"inLanguage\":\"pt-BR\",\"@id\":\"https:\/\/www.suno.com.br\/noticias\/123milhas-justica-bloqueio-socios-gpj\/#primaryimage\",\"url\":\"https:\/\/files.sunoresearch.com.br\/n\/uploads\/2023\/08\/123milhas-1-e1694697309338.jpg\",\"contentUrl\":\"https:\/\/files.sunoresearch.com.br\/n\/uploads\/2023\/08\/123milhas-1-e1694697309338.jpg\",\"width\":1200,\"height\":675,\"caption\":\"123milhas - Foto: Divulga\u00e7\u00e3o.\"},{\"@type\":\"BreadcrumbList\",\"@id\":\"https:\/\/www.suno.com.br\/noticias\/123milhas-justica-bloqueio-socios-gpj\/#breadcrumb\",\"itemListElement\":[{\"@type\":\"ListItem\",\"position\":1,\"name\":\"Not\u00edcias\",\"item\":\"https:\/\/www.suno.com.br\/noticias\/\"},{\"@type\":\"ListItem\",\"position\":2,\"name\":\"Neg\u00f3cios\",\"item\":\"https:\/\/www.suno.com.br\/noticias\/negocios\/\"},{\"@type\":\"ListItem\",\"position\":3,\"name\":\"123milhas: Justi\u00e7a de MG determina bloqueio de at\u00e9 R$ 50 milh\u00f5es de s\u00f3cios\"}]},{\"@type\":\"WebSite\",\"@id\":\"https:\/\/www.suno.com.br\/noticias\/#website\",\"url\":\"https:\/\/www.suno.com.br\/noticias\/\",\"name\":\"Suno Not\u00edcias\",\"description\":\"Seu portal de informa\u00e7\u00e3o sobre o mundo dos investimentos\",\"publisher\":{\"@id\":\"https:\/\/www.suno.com.br\/noticias\/#organization\"},\"potentialAction\":[{\"@type\":\"SearchAction\",\"target\":{\"@type\":\"EntryPoint\",\"urlTemplate\":\"https:\/\/www.suno.com.br\/noticias\/?s={search_term_string}\"},\"query-input\":{\"@type\":\"PropertyValueSpecification\",\"valueRequired\":true,\"valueName\":\"search_term_string\"}}],\"inLanguage\":\"pt-BR\"},{\"@type\":\"Organization\",\"@id\":\"https:\/\/www.suno.com.br\/noticias\/#organization\",\"name\":\"Suno Not\u00edcias\",\"url\":\"https:\/\/www.suno.com.br\/noticias\/\",\"logo\":{\"@type\":\"ImageObject\",\"inLanguage\":\"pt-BR\",\"@id\":\"https:\/\/www.suno.com.br\/noticias\/#\/schema\/logo\/image\/\",\"url\":\"https:\/\/files.sunoresearch.com.br\/n\/uploads\/2021\/09\/suno-logo.png\",\"contentUrl\":\"https:\/\/files.sunoresearch.com.br\/n\/uploads\/2021\/09\/suno-logo.png\",\"width\":180,\"height\":180,\"caption\":\"Suno Not\u00edcias\"},\"image\":{\"@id\":\"https:\/\/www.suno.com.br\/noticias\/#\/schema\/logo\/image\/\"},\"sameAs\":[\"https:\/\/facebook.com\/sunoresearch\",\"https:\/\/x.com\/sunoresearch\",\"https:\/\/www.instagram.com\/suno\",\"https:\/\/www.linkedin.com\/company\/suno-research\/\",\"https:\/\/www.youtube.com\/c\/sunoresearch\"]},{\"@type\":\"Person\",\"@id\":\"https:\/\/www.suno.com.br\/noticias\/#\/schema\/person\/d0f32748bbca4bee871fa191ee4e2d40\",\"name\":\"Giovanni Porf\u00edrio Jacomino\",\"image\":{\"@type\":\"ImageObject\",\"inLanguage\":\"pt-BR\",\"@id\":\"https:\/\/www.suno.com.br\/noticias\/#\/schema\/person\/image\/\",\"url\":\"https:\/\/secure.gravatar.com\/avatar\/efb32e19b730a121cb7a80f41ffec01a?s=96&r=g\",\"contentUrl\":\"https:\/\/secure.gravatar.com\/avatar\/efb32e19b730a121cb7a80f41ffec01a?s=96&r=g\",\"caption\":\"Giovanni Porf\u00edrio Jacomino\"},\"description\":\"Giovanni Porf\u00edrio Jacomino \u00e9 jornalista formado pela Universidade Estadual de Londrina (UEL) e p\u00f3s-graduado em Produ\u00e7\u00e3o e Pr\u00e1ticas Jornal\u00edsticas na Contemporaneidade na Faculdade C\u00e1sper L\u00edbero (FCL). Foi editor web no Startupi e no Finsiders, atuando ainda como editor no TC Mover, portal de not\u00edcias da TradersClub, fazendo a cobertura de assuntos relacionados ao mercado financeiro interno e externo. Atualmente, \u00e9 Rep\u00f3rter do Suno Not\u00edcias.\",\"url\":\"https:\/\/www.suno.com.br\/noticias\/author\/giovanni-porfiriosuno-com-br\/\"}]}<\/script>\n<!-- \/ Yoast SEO plugin. -->","yoast_head_json":{"title":"123milhas: Justi\u00e7a determina bloqueio de at\u00e9 R$ 50 milh\u00f5es de s\u00f3cios","description":"A Justi\u00e7a de MG determinou o bloqueio de at\u00e9 R$ 50 milh\u00f5es em bens e valores dos s\u00f3cios da 123milhas. A decis\u00e3o cabe recurso.","robots":{"index":"index","follow":"follow","max-snippet":"max-snippet:-1","max-image-preview":"max-image-preview:large","max-video-preview":"max-video-preview:-1"},"canonical":"https:\/\/www.suno.com.br\/noticias\/123milhas-justica-bloqueio-socios-gpj\/","og_locale":"pt_BR","og_type":"article","og_title":"123milhas: Justi\u00e7a determina bloqueio de at\u00e9 R$ 50 milh\u00f5es de s\u00f3cios","og_description":"A Justi\u00e7a de MG determinou o bloqueio de at\u00e9 R$ 50 milh\u00f5es em bens e valores dos s\u00f3cios da 123milhas. A decis\u00e3o cabe recurso.","og_url":"https:\/\/www.suno.com.br\/noticias\/123milhas-justica-bloqueio-socios-gpj\/","og_site_name":"Suno Not\u00edcias","article_publisher":"https:\/\/facebook.com\/sunoresearch","og_image":[{"width":1200,"height":675,"url":"https:\/\/files.sunoresearch.com.br\/n\/uploads\/2023\/08\/123milhas-1-e1694697309338.jpg","type":"image\/jpeg"}],"author":"Giovanni Porf\u00edrio Jacomino","twitter_card":"summary_large_image","twitter_creator":"@sunoresearch","twitter_site":"@sunoresearch","twitter_misc":{"Escrito por":"Giovanni Porf\u00edrio Jacomino","Est. tempo de leitura":"4 minutos"},"schema":{"@context":"https:\/\/schema.org","@graph":[{"@type":"NewsArticle","@id":"https:\/\/www.suno.com.br\/noticias\/123milhas-justica-bloqueio-socios-gpj\/#article","isPartOf":{"@id":"https:\/\/www.suno.com.br\/noticias\/123milhas-justica-bloqueio-socios-gpj\/"},"author":{"name":"Giovanni Porf\u00edrio Jacomino","@id":"https:\/\/www.suno.com.br\/noticias\/#\/schema\/person\/d0f32748bbca4bee871fa191ee4e2d40"},"headline":"123milhas: Justi\u00e7a de MG determina bloqueio de at\u00e9 R$ 50 milh\u00f5es de s\u00f3cios","datePublished":"2023-09-14T10:58:00+00:00","dateModified":"2023-09-14T13:15:29+00:00","mainEntityOfPage":{"@id":"https:\/\/www.suno.com.br\/noticias\/123milhas-justica-bloqueio-socios-gpj\/"},"wordCount":722,"publisher":{"@id":"https:\/\/www.suno.com.br\/noticias\/#organization"},"image":{"@id":"https:\/\/www.suno.com.br\/noticias\/123milhas-justica-bloqueio-socios-gpj\/#primaryimage"},"thumbnailUrl":"https:\/\/files.sunoresearch.com.br\/n\/uploads\/2023\/08\/123milhas-1-e1694697309338.jpg","keywords":["setor de servi\u00e7os"],"articleSection":["Neg\u00f3cios"],"inLanguage":"pt-BR"},{"@type":"WebPage","@id":"https:\/\/www.suno.com.br\/noticias\/123milhas-justica-bloqueio-socios-gpj\/","url":"https:\/\/www.suno.com.br\/noticias\/123milhas-justica-bloqueio-socios-gpj\/","name":"123milhas: Justi\u00e7a determina bloqueio de at\u00e9 R$ 50 milh\u00f5es de s\u00f3cios","isPartOf":{"@id":"https:\/\/www.suno.com.br\/noticias\/#website"},"primaryImageOfPage":{"@id":"https:\/\/www.suno.com.br\/noticias\/123milhas-justica-bloqueio-socios-gpj\/#primaryimage"},"image":{"@id":"https:\/\/www.suno.com.br\/noticias\/123milhas-justica-bloqueio-socios-gpj\/#primaryimage"},"thumbnailUrl":"https:\/\/files.sunoresearch.com.br\/n\/uploads\/2023\/08\/123milhas-1-e1694697309338.jpg","datePublished":"2023-09-14T10:58:00+00:00","dateModified":"2023-09-14T13:15:29+00:00","description":"A Justi\u00e7a de MG determinou o bloqueio de at\u00e9 R$ 50 milh\u00f5es em bens e valores dos s\u00f3cios da 123milhas. A decis\u00e3o cabe recurso.","breadcrumb":{"@id":"https:\/\/www.suno.com.br\/noticias\/123milhas-justica-bloqueio-socios-gpj\/#breadcrumb"},"inLanguage":"pt-BR","potentialAction":[{"@type":"ReadAction","target":["https:\/\/www.suno.com.br\/noticias\/123milhas-justica-bloqueio-socios-gpj\/"]}]},{"@type":"ImageObject","inLanguage":"pt-BR","@id":"https:\/\/www.suno.com.br\/noticias\/123milhas-justica-bloqueio-socios-gpj\/#primaryimage","url":"https:\/\/files.sunoresearch.com.br\/n\/uploads\/2023\/08\/123milhas-1-e1694697309338.jpg","contentUrl":"https:\/\/files.sunoresearch.com.br\/n\/uploads\/2023\/08\/123milhas-1-e1694697309338.jpg","width":1200,"height":675,"caption":"123milhas - Foto: Divulga\u00e7\u00e3o."},{"@type":"BreadcrumbList","@id":"https:\/\/www.suno.com.br\/noticias\/123milhas-justica-bloqueio-socios-gpj\/#breadcrumb","itemListElement":[{"@type":"ListItem","position":1,"name":"Not\u00edcias","item":"https:\/\/www.suno.com.br\/noticias\/"},{"@type":"ListItem","position":2,"name":"Neg\u00f3cios","item":"https:\/\/www.suno.com.br\/noticias\/negocios\/"},{"@type":"ListItem","position":3,"name":"123milhas: Justi\u00e7a de MG determina bloqueio de at\u00e9 R$ 50 milh\u00f5es de s\u00f3cios"}]},{"@type":"WebSite","@id":"https:\/\/www.suno.com.br\/noticias\/#website","url":"https:\/\/www.suno.com.br\/noticias\/","name":"Suno Not\u00edcias","description":"Seu portal de informa\u00e7\u00e3o sobre o mundo dos investimentos","publisher":{"@id":"https:\/\/www.suno.com.br\/noticias\/#organization"},"potentialAction":[{"@type":"SearchAction","target":{"@type":"EntryPoint","urlTemplate":"https:\/\/www.suno.com.br\/noticias\/?s={search_term_string}"},"query-input":{"@type":"PropertyValueSpecification","valueRequired":true,"valueName":"search_term_string"}}],"inLanguage":"pt-BR"},{"@type":"Organization","@id":"https:\/\/www.suno.com.br\/noticias\/#organization","name":"Suno Not\u00edcias","url":"https:\/\/www.suno.com.br\/noticias\/","logo":{"@type":"ImageObject","inLanguage":"pt-BR","@id":"https:\/\/www.suno.com.br\/noticias\/#\/schema\/logo\/image\/","url":"https:\/\/files.sunoresearch.com.br\/n\/uploads\/2021\/09\/suno-logo.png","contentUrl":"https:\/\/files.sunoresearch.com.br\/n\/uploads\/2021\/09\/suno-logo.png","width":180,"height":180,"caption":"Suno Not\u00edcias"},"image":{"@id":"https:\/\/www.suno.com.br\/noticias\/#\/schema\/logo\/image\/"},"sameAs":["https:\/\/facebook.com\/sunoresearch","https:\/\/x.com\/sunoresearch","https:\/\/www.instagram.com\/suno","https:\/\/www.linkedin.com\/company\/suno-research\/","https:\/\/www.youtube.com\/c\/sunoresearch"]},{"@type":"Person","@id":"https:\/\/www.suno.com.br\/noticias\/#\/schema\/person\/d0f32748bbca4bee871fa191ee4e2d40","name":"Giovanni Porf\u00edrio Jacomino","image":{"@type":"ImageObject","inLanguage":"pt-BR","@id":"https:\/\/www.suno.com.br\/noticias\/#\/schema\/person\/image\/","url":"https:\/\/secure.gravatar.com\/avatar\/efb32e19b730a121cb7a80f41ffec01a?s=96&r=g","contentUrl":"https:\/\/secure.gravatar.com\/avatar\/efb32e19b730a121cb7a80f41ffec01a?s=96&r=g","caption":"Giovanni Porf\u00edrio Jacomino"},"description":"Giovanni Porf\u00edrio Jacomino \u00e9 jornalista formado pela Universidade Estadual de Londrina (UEL) e p\u00f3s-graduado em Produ\u00e7\u00e3o e Pr\u00e1ticas Jornal\u00edsticas na Contemporaneidade na Faculdade C\u00e1sper L\u00edbero (FCL). Foi editor web no Startupi e no Finsiders, atuando ainda como editor no TC Mover, portal de not\u00edcias da TradersClub, fazendo a cobertura de assuntos relacionados ao mercado financeiro interno e externo. Atualmente, \u00e9 Rep\u00f3rter do Suno Not\u00edcias.","url":"https:\/\/www.suno.com.br\/noticias\/author\/giovanni-porfiriosuno-com-br\/"}]}},"default_loop_html":"<div class=\"cardsPage__listCard__boxs\"><div class=\"cardsPage__listCard__boxs__img\"><a href=\"https:\/\/www.suno.com.br\/noticias\/123milhas-justica-bloqueio-socios-gpj\/\"><img class=\"mask\" src=\"https:\/\/www.suno.com.br\/noticias\/wp-content\/themes\/suno\/resources\/images\/spotlight\/spotlight1img\/bg-mask.png\" alt=\"Image Mask\"\/><img src=\"https:\/\/files.sunoresearch.com.br\/n\/uploads\/2023\/08\/123milhas-1-e1694697309338-400x200.jpg\" alt=\"123milhas: Justi\u00e7a de MG determina bloqueio de at\u00e9 R$ 50 milh\u00f5es de s\u00f3cios\"\/><\/a><span class=\"spotlightCategory\"><a href=\"https:\/\/www.suno.com.br\/noticias\/negocios\/\">Neg\u00f3cios<\/a><\/span><\/div><div class=\"cardsPage__listCard__boxs__content\"><a href=\"https:\/\/www.suno.com.br\/noticias\/123milhas-justica-bloqueio-socios-gpj\/\"><h2 class=\"content__title\">123milhas: Justi\u00e7a de MG determina bloqueio de at\u00e9 R$ 50 milh\u00f5es de s\u00f3cios<\/h2><\/a><div class=\"newsContent__article__meta\"><div class=\"newsContent__article__meta__authorBox\"><a href=\"https:\/\/www.suno.com.br\/noticias\/author\/giovanni-porfiriosuno-com-br\/\" class=\"authorBox__avatar noMobi\"><img src=\"https:\/\/files.sunoresearch.com.br\/n\/uploads\/2024\/05\/DSCF4115-1-1-150x150.webp\" alt=\"Giovanni Porf\u00edrio Jacomino\"><\/a><div class=\"authorBox__name\"><span>por\n\t\t\t<a href=\"https:\/\/www.suno.com.br\/noticias\/author\/giovanni-porfiriosuno-com-br\/\"><span itemprop=\"author\">Giovanni Porf\u00edrio Jacomino<\/span><\/a><\/span><time datetime=\"2023-09-14T07:58:00-03:00\" itemprop=\"datePublished\">14\/09\/2023 07:58<\/time><\/div><\/div><\/div><\/div><\/div>","single_layout":"posts","amp_enabled":true,"_links":{"self":[{"href":"https:\/\/www.suno.com.br\/noticias\/wp-json\/wp\/v2\/posts\/456023"}],"collection":[{"href":"https:\/\/www.suno.com.br\/noticias\/wp-json\/wp\/v2\/posts"}],"about":[{"href":"https:\/\/www.suno.com.br\/noticias\/wp-json\/wp\/v2\/types\/post"}],"author":[{"embeddable":true,"href":"https:\/\/www.suno.com.br\/noticias\/wp-json\/wp\/v2\/users\/313"}],"replies":[{"embeddable":true,"href":"https:\/\/www.suno.com.br\/noticias\/wp-json\/wp\/v2\/comments?post=456023"}],"version-history":[{"count":3,"href":"https:\/\/www.suno.com.br\/noticias\/wp-json\/wp\/v2\/posts\/456023\/revisions"}],"predecessor-version":[{"id":456153,"href":"https:\/\/www.suno.com.br\/noticias\/wp-json\/wp\/v2\/posts\/456023\/revisions\/456153"}],"wp:featuredmedia":[{"embeddable":true,"href":"https:\/\/www.suno.com.br\/noticias\/wp-json\/wp\/v2\/media\/445456"}],"wp:attachment":[{"href":"https:\/\/www.suno.com.br\/noticias\/wp-json\/wp\/v2\/media?parent=456023"}],"wp:term":[{"taxonomy":"category","embeddable":true,"href":"https:\/\/www.suno.com.br\/noticias\/wp-json\/wp\/v2\/categories?post=456023"},{"taxonomy":"post_tag","embeddable":true,"href":"https:\/\/www.suno.com.br\/noticias\/wp-json\/wp\/v2\/tags?post=456023"},{"taxonomy":"suno_strategy","embeddable":true,"href":"https:\/\/www.suno.com.br\/noticias\/wp-json\/wp\/v2\/suno_strategy?post=456023"}],"curies":[{"name":"wp","href":"https:\/\/api.w.org\/{rel}","templated":true}]}}