{"id":45602,"date":"2019-11-25T12:20:17","date_gmt":"2019-11-25T14:20:17","guid":{"rendered":"https:\/\/www.suno.com.br\/noticias\/?p=45602"},"modified":"2021-06-13T23:41:55","modified_gmt":"2021-06-14T02:41:55","slug":"lancamento-imoveis-terceiro-trimestre-cbic","status":"publish","type":"post","link":"https:\/\/www.suno.com.br\/noticias\/lancamento-imoveis-terceiro-trimestre-cbic\/","title":{"rendered":"Lan\u00e7amento de im\u00f3veis cresceu 4,1% no terceiro trimestre, segundo CBIC"},"content":{"rendered":"<p>Os lan\u00e7amentos de im\u00f3veis residenciais aumentaram 4,1% no per\u00edodo de julho a setembro deste ano, na compara\u00e7\u00e3o anual. O estudo foi divulgado nesta segunda-feira (25) pela <strong>C\u00e2mara Brasileira da Ind\u00fastria da Constru\u00e7\u00e3o (CBIC)<\/strong>, referindo-se a 33.199 unidades que foram inauguradas.<\/p>\t<div class=\"wrapper-featured-image\">\n\t\t<figure class=\"spotlightImg\">\n\n\t\t\t<picture>\n\t\t\t\t<source media=\"(max-width: 768px)\" srcset=\"https:\/\/files.sunoresearch.com.br\/n\/uploads\/2019\/04\/848bea25-im\u00f3veis-400x200.webp\">\n\t\t\t\t<img loading=\"lazy\" decoding=\"async\" class=\"newsContent__article__imgCapa lazyloadDisabled newsContent__article__imgCapa--noCaption\" src=\"https:\/\/files.sunoresearch.com.br\/n\/uploads\/2019\/04\/848bea25-im\u00f3veis-800x450.webp\" width=\"800\" height=\"450\" alt=\"Lan\u00e7amento de im\u00f3veis cresceu 4,1% no terceiro trimestre, segundo CBIC\" fetchpriority=high \/>\n\t\t\t<\/picture>\n\n\t\t\t<figcaption class=\"wp-caption-text wp-caption-text--hide\">Im\u00f3veis<\/figcaption>\n\t\t<\/figure>\n\t<\/div>\n\n\n\n<p>As vendas aumentaram 15,4% no per\u00edodo analisado, atingindo 32.575 <strong>im\u00f3veis<\/strong>, por sua vez a\u00a0participa\u00e7\u00e3o do programa habitacional <strong>Minha Casa, Minha Vida<\/strong> no total comercializado passou de 47,6% para 50,7%.<\/p>\n<p><a href=\"https:\/\/www.suno.com.br\/black-friday-2019\/assinaturas\/\">Black Friday Suno &#8211; pague 2 anos e leve 3 nas principais assinaturas da Suno Research<\/a><\/p>\n<p>A <strong>CBIC<\/strong> organizou a pesquisa junto ao Servi\u00e7o Nacional de Aprendizagem Industrial (<strong>Senai<\/strong>), acoplando dados de 17 das maiores cidades do Pa\u00eds e as regi\u00f5es metropolitanas de dez capitais.<\/p>\n<p>De acordo com, Jos\u00e9 Carlos Martins, presidente da CBIC, o setor est\u00e1 otimista em rela\u00e7\u00e3o aos pr\u00f3ximos anos por conta das quedas da <strong><a href=\"https:\/\/www.suno.com.br\/artigos\/taxa-selic\/\">taxa de juros b\u00e1sica (Selic)<\/a><\/strong>, mas ainda existe a preocupa\u00e7\u00e3o com o cr\u00e9dito destino ao p\u00fablico de baixa renda.<\/p>\n<p><a href=\"https:\/\/www.suno.com.br\/noticias\/safra-proposta-tbof11\/\">Saiba mais: Fundo do Banco Safra aumenta proposta por ativo do TBOF11<\/a><\/p>\n<p>A CBIC est\u00e1 calculando que os financiamentos com recursos da poupan\u00e7a dever\u00e3o aumentar 27%, em 2019, mas que o cr\u00e9dito originado do <strong><a href=\"https:\/\/www.suno.com.br\/artigos\/fgts\/\">Fundo de Garantia do Tempo de Servi\u00e7o (FGTS)<\/a><\/strong> dever\u00e1 cair 11%.<\/p>\n<h2>Venda de im\u00f3veis volta a crescer<\/h2>\n<p>Segundo a <strong>Pesquisa do Mercado Imobili\u00e1rio do Sindicato da Constru\u00e7\u00e3o (Secovi-SP)<\/strong> em setembro foram vendidos 4.055 novos im\u00f3veis, um resultado que refor\u00e7a a tend\u00eancia de recupera\u00e7\u00e3o do mercado imobili\u00e1rio paulista.<\/p>\n\t<p>\n\t\t<a href=\"https:\/\/lp.suno.com.br\/ebook-investindo-em-dividendos\/\" target=\"_blank\" data-element=\"shortcode-suno-banner\" title=\"Banner SUNO, clique e saiba mais\">\n\t\t\t<picture>\n\t\t\t\t<source media=\"(max-width: 500px)\" srcset=\"https:\/\/files.sunoresearch.com.br\/n\/uploads\/2023\/03\/400x300-Dividendos.png\">\n\t\t\t\t<img class=\"newsContent__article__imgCapa newsContent__article__imgCapa--banner\"\n\t\t\t\t\tsrc=\"https:\/\/files.sunoresearch.com.br\/n\/uploads\/2023\/03\/1420x240-Dividendos.png\"\n\t\t\t\t\tdata-promo-id=\"383163\"\t\t\t\t\t\t\t\t\t\twidth='1420' height='240'\t\t\t\t\talt=\"https:\/\/files.sunoresearch.com.br\/n\/uploads\/2023\/03\/1420x240-Dividendos.png\"\n\t\t\t\t>\n\t\t\t<\/picture>\n\t\t<\/a>\n\t<\/p>\n\n\n<p>Por mais que o resultado tenha sido 7,9% inferior ao reportado em agosto, quando foram vendidas 4.405 novos <strong>im\u00f3veis<\/strong>, em setembro deste ano foram comercializados 108,7% a mais em compara\u00e7\u00e3o com o mesmo m\u00eas de 2018. Naquele m\u00eas, foram vendidos 1.943 unidades.<\/p>\n<p><a href=\"https:\/\/www.suno.com.br\/noticias\/caixa-taxas-juros-credito-imobiliario-ano\/\">Confira: Caixa anuncia redu\u00e7\u00e3o de taxas de juros para o cr\u00e9dito imobili\u00e1rio para 8,5% ao ano<\/a><\/p>\n<p>No acumulado de 12 meses, no per\u00edodo de outubro de 2018 a setembro de 2019, foram vendidas 42.351 unidades novas. O resultado representa um aumento de 46,6% em rela\u00e7\u00e3o ao per\u00edodo de 12 meses anterior. Naquele per\u00edodo, 28.886 <strong>im\u00f3veis<\/strong> foram negociados.<\/p>\n","protected":false},"excerpt":{"rendered":"<p>Os lan\u00e7amentos de im\u00f3veis residenciais aumentaram 4,1% no per\u00edodo de julho a setembro deste ano, na compara\u00e7\u00e3o anual. O estudo foi divulgado nesta segunda-feira (25) pela C\u00e2mara Brasileira da Ind\u00fastria da Constru\u00e7\u00e3o (CBIC), referindo-se a 33.199 unidades que foram inauguradas. Im\u00f3veis As vendas aumentaram 15,4% no per\u00edodo analisado, atingindo 32.575 im\u00f3veis, por sua vez a\u00a0participa\u00e7\u00e3o [&hellip;]<\/p>\n","protected":false},"author":24,"featured_media":21931,"comment_status":"closed","ping_status":"closed","sticky":false,"template":"","format":"standard","meta":[],"categories":[66],"tags":[1904,105804],"suno_strategy":[],"class_list":["post-45602","post","type-post","status-publish","format-standard","has-post-thumbnail","hentry","category-fiis","tag-mercado-imobiliario","tag-tbof11"],"yoast_head":"<!-- This site is optimized with the Yoast SEO plugin v24.4 - https:\/\/yoast.com\/wordpress\/plugins\/seo\/ -->\n<title>Lan\u00e7amento de im\u00f3veis cresceu 4,1% no terceiro trimestre, segundo CBIC<\/title>\n<meta name=\"description\" content=\"As inaugura\u00e7\u00f5es de im\u00f3veis residenciais aumentaram 4,1% no per\u00edodo de julho a setembro, na compara\u00e7\u00e3o anual. Clique e saiba mais.\" \/>\n<meta name=\"robots\" content=\"index, follow, max-snippet:-1, max-image-preview:large, max-video-preview:-1\" \/>\n<link rel=\"canonical\" href=\"https:\/\/www.suno.com.br\/noticias\/lancamento-imoveis-terceiro-trimestre-cbic\/\" \/>\n<meta property=\"og:locale\" content=\"pt_BR\" \/>\n<meta property=\"og:type\" content=\"article\" \/>\n<meta property=\"og:title\" content=\"Lan\u00e7amento de im\u00f3veis cresceu 4,1% no terceiro trimestre, segundo CBIC\" \/>\n<meta property=\"og:description\" content=\"As inaugura\u00e7\u00f5es de im\u00f3veis residenciais aumentaram 4,1% no per\u00edodo de julho a setembro, na compara\u00e7\u00e3o anual. Clique e saiba mais.\" \/>\n<meta property=\"og:url\" content=\"https:\/\/www.suno.com.br\/noticias\/lancamento-imoveis-terceiro-trimestre-cbic\/\" \/>\n<meta property=\"og:site_name\" content=\"Suno Not\u00edcias\" \/>\n<meta property=\"article:publisher\" content=\"https:\/\/facebook.com\/sunoresearch\" \/>\n<meta property=\"og:image\" content=\"https:\/\/files.sunoresearch.com.br\/n\/uploads\/2019\/04\/848bea25-im\u00f3veis.jpg\" \/>\n\t<meta property=\"og:image:width\" content=\"1140\" \/>\n\t<meta property=\"og:image:height\" content=\"760\" \/>\n\t<meta property=\"og:image:type\" content=\"image\/jpeg\" \/>\n<meta name=\"author\" content=\"Jader Lazarini\" \/>\n<meta name=\"twitter:card\" content=\"summary_large_image\" \/>\n<meta name=\"twitter:creator\" content=\"@sunoresearch\" \/>\n<meta name=\"twitter:site\" content=\"@sunoresearch\" \/>\n<meta name=\"twitter:label1\" content=\"Escrito por\" \/>\n\t<meta name=\"twitter:data1\" content=\"Jader Lazarini\" \/>\n\t<meta name=\"twitter:label2\" content=\"Est. tempo de leitura\" \/>\n\t<meta name=\"twitter:data2\" content=\"2 minutos\" \/>\n<script type=\"application\/ld+json\" class=\"yoast-schema-graph\">{\"@context\":\"https:\/\/schema.org\",\"@graph\":[{\"@type\":\"NewsArticle\",\"@id\":\"https:\/\/www.suno.com.br\/noticias\/lancamento-imoveis-terceiro-trimestre-cbic\/#article\",\"isPartOf\":{\"@id\":\"https:\/\/www.suno.com.br\/noticias\/lancamento-imoveis-terceiro-trimestre-cbic\/\"},\"author\":{\"name\":\"Jader Lazarini\",\"@id\":\"https:\/\/www.suno.com.br\/noticias\/#\/schema\/person\/918d79de1f0281f01599b93f9ea6e23f\"},\"headline\":\"Lan\u00e7amento de im\u00f3veis cresceu 4,1% no terceiro trimestre, segundo CBIC\",\"datePublished\":\"2019-11-25T14:20:17+00:00\",\"dateModified\":\"2021-06-14T02:41:55+00:00\",\"mainEntityOfPage\":{\"@id\":\"https:\/\/www.suno.com.br\/noticias\/lancamento-imoveis-terceiro-trimestre-cbic\/\"},\"wordCount\":369,\"publisher\":{\"@id\":\"https:\/\/www.suno.com.br\/noticias\/#organization\"},\"image\":{\"@id\":\"https:\/\/www.suno.com.br\/noticias\/lancamento-imoveis-terceiro-trimestre-cbic\/#primaryimage\"},\"thumbnailUrl\":\"https:\/\/files.sunoresearch.com.br\/n\/uploads\/2019\/04\/848bea25-im\u00f3veis.jpg\",\"keywords\":[\"mercado imobili\u00e1rio\",\"TBOF11\"],\"articleSection\":[\"FIIs\"],\"inLanguage\":\"pt-BR\"},{\"@type\":\"WebPage\",\"@id\":\"https:\/\/www.suno.com.br\/noticias\/lancamento-imoveis-terceiro-trimestre-cbic\/\",\"url\":\"https:\/\/www.suno.com.br\/noticias\/lancamento-imoveis-terceiro-trimestre-cbic\/\",\"name\":\"Lan\u00e7amento de im\u00f3veis cresceu 4,1% no terceiro trimestre, segundo CBIC\",\"isPartOf\":{\"@id\":\"https:\/\/www.suno.com.br\/noticias\/#website\"},\"primaryImageOfPage\":{\"@id\":\"https:\/\/www.suno.com.br\/noticias\/lancamento-imoveis-terceiro-trimestre-cbic\/#primaryimage\"},\"image\":{\"@id\":\"https:\/\/www.suno.com.br\/noticias\/lancamento-imoveis-terceiro-trimestre-cbic\/#primaryimage\"},\"thumbnailUrl\":\"https:\/\/files.sunoresearch.com.br\/n\/uploads\/2019\/04\/848bea25-im\u00f3veis.jpg\",\"datePublished\":\"2019-11-25T14:20:17+00:00\",\"dateModified\":\"2021-06-14T02:41:55+00:00\",\"description\":\"As inaugura\u00e7\u00f5es de im\u00f3veis residenciais aumentaram 4,1% no per\u00edodo de julho a setembro, na compara\u00e7\u00e3o anual. Clique e saiba mais.\",\"breadcrumb\":{\"@id\":\"https:\/\/www.suno.com.br\/noticias\/lancamento-imoveis-terceiro-trimestre-cbic\/#breadcrumb\"},\"inLanguage\":\"pt-BR\",\"potentialAction\":[{\"@type\":\"ReadAction\",\"target\":[\"https:\/\/www.suno.com.br\/noticias\/lancamento-imoveis-terceiro-trimestre-cbic\/\"]}]},{\"@type\":\"ImageObject\",\"inLanguage\":\"pt-BR\",\"@id\":\"https:\/\/www.suno.com.br\/noticias\/lancamento-imoveis-terceiro-trimestre-cbic\/#primaryimage\",\"url\":\"https:\/\/files.sunoresearch.com.br\/n\/uploads\/2019\/04\/848bea25-im\u00f3veis.jpg\",\"contentUrl\":\"https:\/\/files.sunoresearch.com.br\/n\/uploads\/2019\/04\/848bea25-im\u00f3veis.jpg\",\"width\":1140,\"height\":760,\"caption\":\"Im\u00f3veis\"},{\"@type\":\"BreadcrumbList\",\"@id\":\"https:\/\/www.suno.com.br\/noticias\/lancamento-imoveis-terceiro-trimestre-cbic\/#breadcrumb\",\"itemListElement\":[{\"@type\":\"ListItem\",\"position\":1,\"name\":\"Not\u00edcias\",\"item\":\"https:\/\/www.suno.com.br\/noticias\/\"},{\"@type\":\"ListItem\",\"position\":2,\"name\":\"FIIs\",\"item\":\"https:\/\/www.suno.com.br\/noticias\/fiis\/\"},{\"@type\":\"ListItem\",\"position\":3,\"name\":\"Lan\u00e7amento de im\u00f3veis cresceu 4,1% no terceiro trimestre, segundo CBIC\"}]},{\"@type\":\"WebSite\",\"@id\":\"https:\/\/www.suno.com.br\/noticias\/#website\",\"url\":\"https:\/\/www.suno.com.br\/noticias\/\",\"name\":\"Suno Not\u00edcias\",\"description\":\"Seu portal de informa\u00e7\u00e3o sobre o mundo dos investimentos\",\"publisher\":{\"@id\":\"https:\/\/www.suno.com.br\/noticias\/#organization\"},\"potentialAction\":[{\"@type\":\"SearchAction\",\"target\":{\"@type\":\"EntryPoint\",\"urlTemplate\":\"https:\/\/www.suno.com.br\/noticias\/?s={search_term_string}\"},\"query-input\":{\"@type\":\"PropertyValueSpecification\",\"valueRequired\":true,\"valueName\":\"search_term_string\"}}],\"inLanguage\":\"pt-BR\"},{\"@type\":\"Organization\",\"@id\":\"https:\/\/www.suno.com.br\/noticias\/#organization\",\"name\":\"Suno Not\u00edcias\",\"url\":\"https:\/\/www.suno.com.br\/noticias\/\",\"logo\":{\"@type\":\"ImageObject\",\"inLanguage\":\"pt-BR\",\"@id\":\"https:\/\/www.suno.com.br\/noticias\/#\/schema\/logo\/image\/\",\"url\":\"https:\/\/files.sunoresearch.com.br\/n\/uploads\/2021\/09\/suno-logo.png\",\"contentUrl\":\"https:\/\/files.sunoresearch.com.br\/n\/uploads\/2021\/09\/suno-logo.png\",\"width\":180,\"height\":180,\"caption\":\"Suno Not\u00edcias\"},\"image\":{\"@id\":\"https:\/\/www.suno.com.br\/noticias\/#\/schema\/logo\/image\/\"},\"sameAs\":[\"https:\/\/facebook.com\/sunoresearch\",\"https:\/\/x.com\/sunoresearch\",\"https:\/\/www.instagram.com\/suno\",\"https:\/\/www.linkedin.com\/company\/suno-research\/\",\"https:\/\/www.youtube.com\/c\/sunoresearch\"]},{\"@type\":\"Person\",\"@id\":\"https:\/\/www.suno.com.br\/noticias\/#\/schema\/person\/918d79de1f0281f01599b93f9ea6e23f\",\"name\":\"Jader Lazarini\",\"image\":{\"@type\":\"ImageObject\",\"inLanguage\":\"pt-BR\",\"@id\":\"https:\/\/www.suno.com.br\/noticias\/#\/schema\/person\/image\/\",\"url\":\"https:\/\/secure.gravatar.com\/avatar\/3c1ad8caa51589841baeb923fcddea97?s=96&r=g\",\"contentUrl\":\"https:\/\/secure.gravatar.com\/avatar\/3c1ad8caa51589841baeb923fcddea97?s=96&r=g\",\"caption\":\"Jader Lazarini\"},\"description\":\"Jader Lazarini escreve sobre investimentos, finan\u00e7as, economia e neg\u00f3cios. \u00c9 bacharel em Rela\u00e7\u00f5es Internacionais e analista CNPI (2619).\",\"url\":\"https:\/\/www.suno.com.br\/noticias\/author\/jader-lazarini\/\"}]}<\/script>\n<!-- \/ Yoast SEO plugin. -->","yoast_head_json":{"title":"Lan\u00e7amento de im\u00f3veis cresceu 4,1% no terceiro trimestre, segundo CBIC","description":"As inaugura\u00e7\u00f5es de im\u00f3veis residenciais aumentaram 4,1% no per\u00edodo de julho a setembro, na compara\u00e7\u00e3o anual. Clique e saiba mais.","robots":{"index":"index","follow":"follow","max-snippet":"max-snippet:-1","max-image-preview":"max-image-preview:large","max-video-preview":"max-video-preview:-1"},"canonical":"https:\/\/www.suno.com.br\/noticias\/lancamento-imoveis-terceiro-trimestre-cbic\/","og_locale":"pt_BR","og_type":"article","og_title":"Lan\u00e7amento de im\u00f3veis cresceu 4,1% no terceiro trimestre, segundo CBIC","og_description":"As inaugura\u00e7\u00f5es de im\u00f3veis residenciais aumentaram 4,1% no per\u00edodo de julho a setembro, na compara\u00e7\u00e3o anual. Clique e saiba mais.","og_url":"https:\/\/www.suno.com.br\/noticias\/lancamento-imoveis-terceiro-trimestre-cbic\/","og_site_name":"Suno Not\u00edcias","article_publisher":"https:\/\/facebook.com\/sunoresearch","og_image":[{"width":1140,"height":760,"url":"https:\/\/files.sunoresearch.com.br\/n\/uploads\/2019\/04\/848bea25-im\u00f3veis.jpg","type":"image\/jpeg"}],"author":"Jader Lazarini","twitter_card":"summary_large_image","twitter_creator":"@sunoresearch","twitter_site":"@sunoresearch","twitter_misc":{"Escrito por":"Jader Lazarini","Est. tempo de leitura":"2 minutos"},"schema":{"@context":"https:\/\/schema.org","@graph":[{"@type":"NewsArticle","@id":"https:\/\/www.suno.com.br\/noticias\/lancamento-imoveis-terceiro-trimestre-cbic\/#article","isPartOf":{"@id":"https:\/\/www.suno.com.br\/noticias\/lancamento-imoveis-terceiro-trimestre-cbic\/"},"author":{"name":"Jader Lazarini","@id":"https:\/\/www.suno.com.br\/noticias\/#\/schema\/person\/918d79de1f0281f01599b93f9ea6e23f"},"headline":"Lan\u00e7amento de im\u00f3veis cresceu 4,1% no terceiro trimestre, segundo CBIC","datePublished":"2019-11-25T14:20:17+00:00","dateModified":"2021-06-14T02:41:55+00:00","mainEntityOfPage":{"@id":"https:\/\/www.suno.com.br\/noticias\/lancamento-imoveis-terceiro-trimestre-cbic\/"},"wordCount":369,"publisher":{"@id":"https:\/\/www.suno.com.br\/noticias\/#organization"},"image":{"@id":"https:\/\/www.suno.com.br\/noticias\/lancamento-imoveis-terceiro-trimestre-cbic\/#primaryimage"},"thumbnailUrl":"https:\/\/files.sunoresearch.com.br\/n\/uploads\/2019\/04\/848bea25-im\u00f3veis.jpg","keywords":["mercado imobili\u00e1rio","TBOF11"],"articleSection":["FIIs"],"inLanguage":"pt-BR"},{"@type":"WebPage","@id":"https:\/\/www.suno.com.br\/noticias\/lancamento-imoveis-terceiro-trimestre-cbic\/","url":"https:\/\/www.suno.com.br\/noticias\/lancamento-imoveis-terceiro-trimestre-cbic\/","name":"Lan\u00e7amento de im\u00f3veis cresceu 4,1% no terceiro trimestre, segundo CBIC","isPartOf":{"@id":"https:\/\/www.suno.com.br\/noticias\/#website"},"primaryImageOfPage":{"@id":"https:\/\/www.suno.com.br\/noticias\/lancamento-imoveis-terceiro-trimestre-cbic\/#primaryimage"},"image":{"@id":"https:\/\/www.suno.com.br\/noticias\/lancamento-imoveis-terceiro-trimestre-cbic\/#primaryimage"},"thumbnailUrl":"https:\/\/files.sunoresearch.com.br\/n\/uploads\/2019\/04\/848bea25-im\u00f3veis.jpg","datePublished":"2019-11-25T14:20:17+00:00","dateModified":"2021-06-14T02:41:55+00:00","description":"As inaugura\u00e7\u00f5es de im\u00f3veis residenciais aumentaram 4,1% no per\u00edodo de julho a setembro, na compara\u00e7\u00e3o anual. Clique e saiba mais.","breadcrumb":{"@id":"https:\/\/www.suno.com.br\/noticias\/lancamento-imoveis-terceiro-trimestre-cbic\/#breadcrumb"},"inLanguage":"pt-BR","potentialAction":[{"@type":"ReadAction","target":["https:\/\/www.suno.com.br\/noticias\/lancamento-imoveis-terceiro-trimestre-cbic\/"]}]},{"@type":"ImageObject","inLanguage":"pt-BR","@id":"https:\/\/www.suno.com.br\/noticias\/lancamento-imoveis-terceiro-trimestre-cbic\/#primaryimage","url":"https:\/\/files.sunoresearch.com.br\/n\/uploads\/2019\/04\/848bea25-im\u00f3veis.jpg","contentUrl":"https:\/\/files.sunoresearch.com.br\/n\/uploads\/2019\/04\/848bea25-im\u00f3veis.jpg","width":1140,"height":760,"caption":"Im\u00f3veis"},{"@type":"BreadcrumbList","@id":"https:\/\/www.suno.com.br\/noticias\/lancamento-imoveis-terceiro-trimestre-cbic\/#breadcrumb","itemListElement":[{"@type":"ListItem","position":1,"name":"Not\u00edcias","item":"https:\/\/www.suno.com.br\/noticias\/"},{"@type":"ListItem","position":2,"name":"FIIs","item":"https:\/\/www.suno.com.br\/noticias\/fiis\/"},{"@type":"ListItem","position":3,"name":"Lan\u00e7amento de im\u00f3veis cresceu 4,1% no terceiro trimestre, segundo CBIC"}]},{"@type":"WebSite","@id":"https:\/\/www.suno.com.br\/noticias\/#website","url":"https:\/\/www.suno.com.br\/noticias\/","name":"Suno Not\u00edcias","description":"Seu portal de informa\u00e7\u00e3o sobre o mundo dos investimentos","publisher":{"@id":"https:\/\/www.suno.com.br\/noticias\/#organization"},"potentialAction":[{"@type":"SearchAction","target":{"@type":"EntryPoint","urlTemplate":"https:\/\/www.suno.com.br\/noticias\/?s={search_term_string}"},"query-input":{"@type":"PropertyValueSpecification","valueRequired":true,"valueName":"search_term_string"}}],"inLanguage":"pt-BR"},{"@type":"Organization","@id":"https:\/\/www.suno.com.br\/noticias\/#organization","name":"Suno Not\u00edcias","url":"https:\/\/www.suno.com.br\/noticias\/","logo":{"@type":"ImageObject","inLanguage":"pt-BR","@id":"https:\/\/www.suno.com.br\/noticias\/#\/schema\/logo\/image\/","url":"https:\/\/files.sunoresearch.com.br\/n\/uploads\/2021\/09\/suno-logo.png","contentUrl":"https:\/\/files.sunoresearch.com.br\/n\/uploads\/2021\/09\/suno-logo.png","width":180,"height":180,"caption":"Suno Not\u00edcias"},"image":{"@id":"https:\/\/www.suno.com.br\/noticias\/#\/schema\/logo\/image\/"},"sameAs":["https:\/\/facebook.com\/sunoresearch","https:\/\/x.com\/sunoresearch","https:\/\/www.instagram.com\/suno","https:\/\/www.linkedin.com\/company\/suno-research\/","https:\/\/www.youtube.com\/c\/sunoresearch"]},{"@type":"Person","@id":"https:\/\/www.suno.com.br\/noticias\/#\/schema\/person\/918d79de1f0281f01599b93f9ea6e23f","name":"Jader Lazarini","image":{"@type":"ImageObject","inLanguage":"pt-BR","@id":"https:\/\/www.suno.com.br\/noticias\/#\/schema\/person\/image\/","url":"https:\/\/secure.gravatar.com\/avatar\/3c1ad8caa51589841baeb923fcddea97?s=96&r=g","contentUrl":"https:\/\/secure.gravatar.com\/avatar\/3c1ad8caa51589841baeb923fcddea97?s=96&r=g","caption":"Jader Lazarini"},"description":"Jader Lazarini escreve sobre investimentos, finan\u00e7as, economia e neg\u00f3cios. \u00c9 bacharel em Rela\u00e7\u00f5es Internacionais e analista CNPI (2619).","url":"https:\/\/www.suno.com.br\/noticias\/author\/jader-lazarini\/"}]}},"default_loop_html":"<div class=\"cardsPage__listCard__boxs\"><div class=\"cardsPage__listCard__boxs__img\"><a href=\"https:\/\/www.suno.com.br\/noticias\/lancamento-imoveis-terceiro-trimestre-cbic\/\"><img class=\"mask\" src=\"https:\/\/www.suno.com.br\/noticias\/wp-content\/themes\/suno\/resources\/images\/spotlight\/spotlight1img\/bg-mask.png\" alt=\"Image Mask\"\/><img src=\"https:\/\/files.sunoresearch.com.br\/n\/uploads\/2019\/04\/848bea25-im\u00f3veis-400x200.webp\" alt=\"Lan\u00e7amento de im\u00f3veis cresceu 4,1% no terceiro trimestre, segundo CBIC\"\/><\/a><span class=\"spotlightCategory\"><a href=\"https:\/\/www.suno.com.br\/noticias\/fiis\/\">FIIs<\/a><\/span><\/div><div class=\"cardsPage__listCard__boxs__content\"><a href=\"https:\/\/www.suno.com.br\/noticias\/lancamento-imoveis-terceiro-trimestre-cbic\/\"><h2 class=\"content__title\">Lan\u00e7amento de im\u00f3veis cresceu 4,1% no terceiro trimestre, segundo CBIC<\/h2><\/a><div class=\"newsContent__article__meta\"><div class=\"newsContent__article__meta__authorBox\"><a href=\"https:\/\/www.suno.com.br\/noticias\/author\/jader-lazarini\/\" class=\"authorBox__avatar noMobi\"><img src=\"https:\/\/files.sunoresearch.com.br\/n\/uploads\/2021\/01\/178e6598-foto-perfil-2-150x150.jpg\" alt=\"Jader Lazarini\"><\/a><div class=\"authorBox__name\"><span>por\n\t\t\t<a href=\"https:\/\/www.suno.com.br\/noticias\/author\/jader-lazarini\/\"><span itemprop=\"author\">Jader Lazarini<\/span><\/a><\/span><time datetime=\"2019-11-25T12:20:17-03:00\" itemprop=\"datePublished\">25\/11\/2019 12:20<\/time><\/div><\/div><\/div><\/div><\/div>","single_layout":"posts","amp_enabled":true,"_links":{"self":[{"href":"https:\/\/www.suno.com.br\/noticias\/wp-json\/wp\/v2\/posts\/45602"}],"collection":[{"href":"https:\/\/www.suno.com.br\/noticias\/wp-json\/wp\/v2\/posts"}],"about":[{"href":"https:\/\/www.suno.com.br\/noticias\/wp-json\/wp\/v2\/types\/post"}],"author":[{"embeddable":true,"href":"https:\/\/www.suno.com.br\/noticias\/wp-json\/wp\/v2\/users\/24"}],"replies":[{"embeddable":true,"href":"https:\/\/www.suno.com.br\/noticias\/wp-json\/wp\/v2\/comments?post=45602"}],"version-history":[{"count":1,"href":"https:\/\/www.suno.com.br\/noticias\/wp-json\/wp\/v2\/posts\/45602\/revisions"}],"predecessor-version":[{"id":157151,"href":"https:\/\/www.suno.com.br\/noticias\/wp-json\/wp\/v2\/posts\/45602\/revisions\/157151"}],"wp:featuredmedia":[{"embeddable":true,"href":"https:\/\/www.suno.com.br\/noticias\/wp-json\/wp\/v2\/media\/21931"}],"wp:attachment":[{"href":"https:\/\/www.suno.com.br\/noticias\/wp-json\/wp\/v2\/media?parent=45602"}],"wp:term":[{"taxonomy":"category","embeddable":true,"href":"https:\/\/www.suno.com.br\/noticias\/wp-json\/wp\/v2\/categories?post=45602"},{"taxonomy":"post_tag","embeddable":true,"href":"https:\/\/www.suno.com.br\/noticias\/wp-json\/wp\/v2\/tags?post=45602"},{"taxonomy":"suno_strategy","embeddable":true,"href":"https:\/\/www.suno.com.br\/noticias\/wp-json\/wp\/v2\/suno_strategy?post=45602"}],"curies":[{"name":"wp","href":"https:\/\/api.w.org\/{rel}","templated":true}]}}