{"id":455938,"date":"2023-09-13T23:11:31","date_gmt":"2023-09-14T02:11:31","guid":{"rendered":"https:\/\/www.suno.com.br\/noticias\/?p=455938"},"modified":"2023-09-13T23:11:42","modified_gmt":"2023-09-14T02:11:42","slug":"radar-bradesco-bbdc4-americanas-amer3-multiplan-mult3-cosa-csan3","status":"publish","type":"post","link":"https:\/\/www.suno.com.br\/noticias\/radar-bradesco-bbdc4-americanas-amer3-multiplan-mult3-cosa-csan3\/","title":{"rendered":"Radar: Bradesco (BBDC4) diz que tem interesse na recupera\u00e7\u00e3o da Americanas (AMER3), JCP da Multiplan (MULT3) e banco recomenda Cosan (CSAN3)"},"content":{"rendered":"<p>O&nbsp;<a href=\"https:\/\/www.suno.com.br\/acoes\/BBDC4\/\" target=\"_blank\" rel=\"noreferrer noopener\"><strong>Bradesco<\/strong>&nbsp;(BBDC4)<\/a>&nbsp;informou nesta quarta-feira, 13, que tem total interesse no sucesso da&nbsp;<a href=\"https:\/\/www.suno.com.br\/artigos\/recuperacao-judicial\/\" target=\"_blank\" rel=\"noreferrer noopener\">recupera\u00e7\u00e3o judicial<\/a>&nbsp;da&nbsp;<a href=\"https:\/\/www.suno.com.br\/acoes\/amer3\/\" target=\"_blank\" rel=\"noreferrer noopener\">Americanas (AMER3)<\/a>, e que n\u00e3o se manifestou contra a aprova\u00e7\u00e3o de qualquer plano.<\/p>\t<div class=\"wrapper-featured-image\">\n\t\t<figure class=\"spotlightImg\">\n\n\t\t\t<picture>\n\t\t\t\t<source media=\"(max-width: 768px)\" srcset=\"https:\/\/files.sunoresearch.com.br\/n\/uploads\/2023\/05\/bradesco-400x200.jpg\">\n\t\t\t\t<img loading=\"lazy\" decoding=\"async\" class=\"newsContent__article__imgCapa lazyloadDisabled \" src=\"https:\/\/files.sunoresearch.com.br\/n\/uploads\/2023\/05\/bradesco-800x450.jpg\" width=\"800\" height=\"450\" alt=\"Radar: Bradesco (BBDC4) diz que tem interesse na recupera\u00e7\u00e3o da Americanas (AMER3), JCP da Multiplan (MULT3) e banco recomenda Cosan (CSAN3)\" fetchpriority=high \/>\n\t\t\t<\/picture>\n\n\t\t\t<figcaption class=\"wp-caption-text wp-caption-text--show\">Bradesco (BBDC4). Foto: iStock<\/figcaption>\n\t\t<\/figure>\n\t<\/div>\n\n\n\n\n\n\t<p>\n\t\t<a href=\"https:\/\/lp.suno.com.br\/planilha-da-vida-financeira\/\" target=\"_blank\" data-element=\"shortcode-suno-banner\" title=\"Banner SUNO, clique e saiba mais\">\n\t\t\t<picture>\n\t\t\t\t<source media=\"(max-width: 500px)\" srcset=\"https:\/\/files.sunoresearch.com.br\/n\/uploads\/2023\/04\/400x300-Planilha-vida-financeira-true.png\">\n\t\t\t\t<img class=\"newsContent__article__imgCapa newsContent__article__imgCapa--banner\"\n\t\t\t\t\tsrc=\"https:\/\/files.sunoresearch.com.br\/n\/uploads\/2023\/04\/1420x240-Planilha-vida-financeira-true.png\"\n\t\t\t\t\tdata-promo-id=\"106682\"\t\t\t\t\t\t\t\t\t\twidth='1420' height='240'\t\t\t\t\talt=\"https:\/\/files.sunoresearch.com.br\/n\/uploads\/2023\/04\/1420x240-Planilha-vida-financeira-true.png\"\n\t\t\t\t>\n\t\t\t<\/picture>\n\t\t<\/a>\n\t<\/p>\n\n\n\n\n\n\n\n<p>O Bradesco divulgou nota ap\u00f3s a publica\u00e7\u00e3o de not\u00edcias que davam conta de uma suposta exclus\u00e3o da institui\u00e7\u00e3o de um plano, algo que estaria sendo cogitado pela rede de varejo, segundo as informa\u00e7\u00f5es.<\/p>\n\n\n\n<p>\u201cTendo em vista as not\u00edcias publicadas nos \u00faltimos dias em v\u00e1rios ve\u00edculos de imprensa, o Bradesco esclarece que tem total interesse no sucesso da&nbsp;<strong><a href=\"https:\/\/www.suno.com.br\/artigos\/recuperacao-judicial\/\" target=\"_blank\" rel=\"noreferrer noopener\">recupera\u00e7\u00e3o judicial<\/a>&nbsp;da Americanas<\/strong>, e que jamais se manifestou contra a aprova\u00e7\u00e3o de qualquer&nbsp;<a href=\"https:\/\/www.suno.com.br\/artigos\/plano-de-recuperacao\/\" target=\"_blank\" rel=\"noreferrer noopener\">Plano de Recupera\u00e7\u00e3o Judicial<\/a>&nbsp;da Americanas\u201d, diz o banco.<\/p>\n\n\n\n<p>Segundo fontes, h\u00e1 um dissenso entre os bancos sobre a forma como as fian\u00e7as banc\u00e1rias deveriam ser tratadas no processo.<\/p>\n\n\n\n<p>O Bradesco \u00e9 um dos bancos que defendem que este cr\u00e9dito \u00e9 extraconcursal, ou seja, que n\u00e3o deve ser tratado no \u00e2mbito da recupera\u00e7\u00e3o judicial.<\/p>\n\n\n\n<p>Na nota, o&nbsp;<strong>Bradesco<\/strong>&nbsp;afirma que, oficialmente, a Americanas n\u00e3o submeteu nenhum plano de recupera\u00e7\u00e3o para aprecia\u00e7\u00e3o em assembleia de credores, \u201cuma vez que as contas da referida companhia ainda n\u00e3o foram devidamente auditadas, aprovadas e apresentadas\u201d.<\/p>\n\n\n\n<p>Al\u00e9m de Bradesco, confira outros destaques desta quarta-feira:<\/p>\n\n\n\n<h2 class=\"wp-block-heading\">Multiplan (MULT3) pagar\u00e1 R$ 100 milh\u00f5es em JCP na pr\u00f3xima semana<\/h2>\n\n\n\n<ul class=\"wp-block-list\">\n<li>A&nbsp;<a href=\"https:\/\/www.suno.com.br\/acoes\/MULT3\/\" target=\"_blank\" rel=\"noreferrer noopener\"><strong>Multiplan<\/strong>&nbsp;(MULT3)<\/a>&nbsp;pagar\u00e1 R$ 100 milh\u00f5es em&nbsp;<a href=\"https:\/\/www.suno.com.br\/artigos\/entenda-o-jcp\/\" target=\"_blank\" rel=\"noreferrer noopener\">Juros Sobre Capital Pr\u00f3prio<\/a>&nbsp;(JCP) aos seus acionistas, segundo comunicado nesta quarta-feira (13).<\/li>\n<\/ul>\n\n\n\n<ul class=\"wp-block-list\">\n<li>O valor dos<strong>&nbsp;proventos<\/strong>&nbsp;por a\u00e7\u00e3o ser\u00e1 de R$ 0,1, que ser\u00e3o pagos na pr\u00f3xima quarta, dia 20 de setembro.<\/li>\n<\/ul>\n\n\n\n<ul class=\"wp-block-list\">\n<li>Apenas os investidores com a\u00e7\u00f5es da Multiplan no dia 27 de setembro de 2022 ter\u00e3o direito aos&nbsp;<strong>JCP<\/strong>.<\/li>\n<\/ul>\n\n\n\n<ul class=\"wp-block-list\">\n<li>Ou seja, as a\u00e7\u00f5es s\u00e3o negociadas sem direitos aos&nbsp;<strong>rendimentos<\/strong>&nbsp;desde o preg\u00e3o do dia 28 de setembro.<\/li>\n<\/ul>\n\n\n\n<ul class=\"wp-block-list\">\n<li><a href=\"https:\/\/www.rad.cvm.gov.br\/ENET\/frmExibirArquivoIPEExterno.aspx?NumeroProtocoloEntrega=1143007\" target=\"_blank\" rel=\"noreferrer noopener\">Segundo documento arquivado na Comiss\u00e3o de Valores Mobili\u00e1rios (CVM)<\/a>, esses proventos fazem parte dos&nbsp;<a href=\"https:\/\/www.suno.com.br\/guias\/dividendos\/\" target=\"_blank\" rel=\"noreferrer noopener\">dividendos<\/a>&nbsp;obrigat\u00f3rios do exerc\u00edcio de 2023.<\/li>\n<\/ul>\n\n\n\n<ul class=\"wp-block-list\">\n<li>O valor dos JCP ter\u00e1 reten\u00e7\u00e3o do imposto de renda na fonte, com al\u00edquota de 15%, resultando em aproximadamente R$ 0,145 por a\u00e7\u00e3o.<\/li>\n<\/ul>\n\n\n\n<h2 class=\"wp-block-heading\">Cosan (CSAN3): banco v\u00ea valoriza\u00e7\u00e3o das a\u00e7\u00f5es e chama aten\u00e7\u00e3o para um indicador operacional<\/h2>\n\n\n\n<ul class=\"wp-block-list\">\n<li>O BTG Pactual manteve recomenda\u00e7\u00e3o de compra para as a\u00e7\u00f5es da<strong>&nbsp;Cosan<\/strong>&nbsp;(CSNA3), ap\u00f3s o Investor Day realizado nesta ter\u00e7a-feira (12). Para os analistas do BTG, a Cosan continua sendo uma gestora \u00e1gil de ativos, buscando investir e desinvestir em setores com&nbsp;<a href=\"https:\/\/www.suno.com.br\/artigos\/duas-empresas-com-vantagens-competitivas-que-pagam-altos-dividendos\/\" target=\"_blank\" rel=\"noreferrer noopener\">vantagens competitivas<\/a>.&nbsp;O banco ainda cita que grupo deve passar por uma desalavancagem mais intensa.<\/li>\n<\/ul>\n\n\n\n<ul class=\"wp-block-list\">\n<li>\u201cA nossa sensa\u00e7\u00e3o \u00e9 de que a maioria das grandes jogadas estrat\u00e9gicas j\u00e1 foi feita, e a empresa parece estar pronta para colher os benef\u00edcios do ciclo de crescimento mais recente\u201d, diz o BTG.&nbsp;<\/li>\n<\/ul>\n\n\n\n<ul class=\"wp-block-list\">\n<li>Segundo o banco, isso \u00e9 verificado pelo n\u00edvel de alavancagem da Cosan e a restri\u00e7\u00e3o para captar capital adicional para crescimento. No entanto, ap\u00f3s o evento, o BTG avalia que a partir do crescimento garantido pela maioria das&nbsp;<strong>subsidi\u00e1rias da Cosan<\/strong>, a companhia deve passar por um processo mais intenso de desalavancagem.&nbsp;<\/li>\n<\/ul>\n\n\n\n<ul class=\"wp-block-list\">\n<li>Al\u00e9m disso, analistas avaliam que o grupo est\u00e1 exposto a algumas das tend\u00eancias de&nbsp;<a href=\"https:\/\/www.suno.com.br\/artigos\/longo-prazo\/\" target=\"_blank\" rel=\"noreferrer noopener\">longo prazo<\/a>&nbsp;e tem uma sensibilidade \u00e0s taxas de juros, o que significa que o ambiente atual de taxas decrescentes deve permitir que a a\u00e7\u00e3o comece a reduzir o desconto de avalia\u00e7\u00e3o embutido nos pre\u00e7os das a\u00e7\u00f5es.&nbsp;<\/li>\n<\/ul>\n\n\n\n<ul class=\"wp-block-list\">\n<li>Diante deste cen\u00e1rio, o BTG recomenda compra para&nbsp;<strong>a\u00e7\u00f5es da Cosan<\/strong>, com pre\u00e7o-alvo de R$ 30 \u2013 ante os quase R$ 18 da cota\u00e7\u00e3o atual.&nbsp;<\/li>\n<\/ul>\n\n\n\t<p>\n\t\t<a href=\"https:\/\/lp.suno.com.br\/ebook-como-analisar-uma-acao\/\" target=\"_blank\" data-element=\"shortcode-suno-banner\" title=\"Banner SUNO, clique e saiba mais\">\n\t\t\t<picture>\n\t\t\t\t<source media=\"(max-width: 500px)\" srcset=\"https:\/\/files.sunoresearch.com.br\/n\/uploads\/2023\/03\/Ebook-Acoes-Mobile.jpg\">\n\t\t\t\t<img class=\"newsContent__article__imgCapa newsContent__article__imgCapa--banner\"\n\t\t\t\t\tsrc=\"https:\/\/files.sunoresearch.com.br\/n\/uploads\/2023\/03\/Ebook-Acoes-Desktop.jpg\"\n\t\t\t\t\tdata-promo-id=\"378302\"\t\t\t\t\t\t\t\t\t\twidth='1420' height='286'\t\t\t\t\talt=\"https:\/\/files.sunoresearch.com.br\/n\/uploads\/2023\/03\/Ebook-Acoes-Desktop.jpg\"\n\t\t\t\t>\n\t\t\t<\/picture>\n\t\t<\/a>\n\t<\/p>\n\n\n\n\n\n<h2 class=\"wp-block-heading\">Oi (OIBR3), Claro e Telef\u00f4nica (VIVT3), dona da Vivo: Cade reduz multa aplicada \u00e0s teles por infra\u00e7\u00e3o em licita\u00e7\u00e3o dos Correios<\/h2>\n\n\n\n<ul class=\"wp-block-list\">\n<li>O&nbsp;<a href=\"https:\/\/www.suno.com.br\/artigos\/cade\/\" target=\"_blank\" rel=\"noreferrer noopener\">Conselho Administrativo de Defesa Econ\u00f4mica (Cade)<\/a>&nbsp;reduziu nesta quarta-feira, 13, o valor de multas impostas \u00e0s teles Claro,&nbsp;<a href=\"https:\/\/www.suno.com.br\/acoes\/OIBR3\/\"><strong>Oi&nbsp;<\/strong>(OIBR3<\/a>) e Telef\u00f4nica Brasil (VIVIY3), dona da Vivo, por infra\u00e7\u00e3o \u00e0 ordem econ\u00f4mica, de um total de R$ 782 milh\u00f5es para R$ 112,8 milh\u00f5es.<\/li>\n<\/ul>\n\n\n\n<ul class=\"wp-block-list\">\n<li>No ano passado, as&nbsp;<strong>teles<\/strong>&nbsp;foram condenadas ap\u00f3s os conselheiros entenderem que elas teriam feito um conluio ao formar um cons\u00f3rcio para participar de uma licita\u00e7\u00e3o promovida pelos&nbsp;<strong>Correios<\/strong>&nbsp;em 2015 para contrata\u00e7\u00e3o de servi\u00e7os de telefonia.<\/li>\n<\/ul>\n\n\n\n<ul class=\"wp-block-list\">\n<li>\u00c0 \u00e9poca, o&nbsp;<strong>Cade<\/strong>&nbsp;condenou a Claro a pagar R$ 395 milh\u00f5es. A Oi foi condenada a desembolsar R$ 266 milh\u00f5es e a Vivo, R$ 121 milh\u00f5es. As empresas, contudo, entraram com embargos de declara\u00e7\u00e3o no \u00f3rg\u00e3o, que foram parcialmente acolhidos pelo conselho nesta quarta.<\/li>\n<\/ul>\n\n\n\n<ul class=\"wp-block-list\">\n<li>Relator do caso, o conselheiro S\u00e9rgio Ravagnani acatou parte da argumenta\u00e7\u00e3o e atualizou as multas para os seguintes valores: R$ 98,8 milh\u00f5es para a Claro, R$ 66,5 milh\u00f5es para a Oi, e R$ 30,4 milh\u00f5es para a Vivo. Mas o voto vencedor foi o do presidente do Cade, Alexandre Cordeiro, que j\u00e1 havia defendido em maio do ano passado multas menores, de R$ 30,9 milh\u00f5es para a Claro, R$ 53,6 milh\u00f5es para Oi e R$ 28,3 milh\u00f5es para a Telef\u00f4nica.<\/li>\n<\/ul>\n\n\n\n<ul class=\"wp-block-list\">\n<li>O processo teve in\u00edcio em 2015 depois de den\u00fancia da BT Brasil Servi\u00e7os de Telecomunica\u00e7\u00f5es de que as tr\u00eas operadoras agiram de forma associada para reduzir a competi\u00e7\u00e3o e impedir a atua\u00e7\u00e3o de outros concorrentes em&nbsp;<a href=\"https:\/\/www.suno.com.br\/artigos\/licitacoes\/\" target=\"_blank\" rel=\"noreferrer noopener\">licita\u00e7\u00f5es p\u00fablicas<\/a>, especificamente uma concorr\u00eancia dos Correios.<\/li>\n<\/ul>\n\n\n\n<h2 class=\"wp-block-heading\">Via (VIIA3): a\u00e7\u00f5es lideram perdas ap\u00f3s entrar em leil\u00e3o no Ibovespa. Magazine Luiza (MGLU3) fecha no positivo<\/h2>\n\n\n\n<ul class=\"wp-block-list\">\n<li>As a\u00e7\u00f5es do Grupo Casas Bahia \u2013 nova denomina\u00e7\u00e3o da&nbsp;<a href=\"https:\/\/www.suno.com.br\/acoes\/viia3\/\"><strong>Via&nbsp;<\/strong>(VIIA3)<\/a>&nbsp;que valer\u00e1 a partir de 20 de setembro \u2013 tiveram um dia de forte oscila\u00e7\u00e3o. Abriram em queda nesta quarta-feira (13) no Ibovespa, com o mercado repercutindo as \u00faltimas decis\u00f5es da companhia, com destaque para a aprova\u00e7\u00e3o em assembleia do&nbsp;<a href=\"https:\/\/www.suno.com.br\/artigos\/aumento-capital\/\">aumento de capital<\/a>&nbsp;para at\u00e9 3 bilh\u00f5es de&nbsp;<a href=\"https:\/\/www.suno.com.br\/artigos\/o-que-sao-acoes-ordinarias-preferenciais-e-units\/\">a\u00e7\u00f5es ordin\u00e1rias<\/a>. Chegaram a virar para alta e, no meio da tarde, voltaram para o negativo. Os pap\u00e9is entraram em leil\u00e3o por volta das 15h45. Fecharam em baixa, liderando as quedas do Ibovespa.<\/li>\n<\/ul>\n\n\n\n<ul class=\"wp-block-list\">\n<li>No fechamento, as&nbsp;<strong>a\u00e7\u00f5es ordin\u00e1rias da Via<\/strong>&nbsp;recuaram 5,9%, cotadas a R$ 1,10. Os&nbsp;<strong>pap\u00e9is ordin\u00e1rios da&nbsp;<a href=\"https:\/\/www.suno.com.br\/acoes\/MGLU3\/\">Magazine Luiza (MGLU3<\/a><\/strong><a href=\"https:\/\/www.suno.com.br\/acoes\/MGLU3\/\">)<\/a>, uma de suas principais concorrentes, fecharam em alta de 0,38%, a R$ 2,63.<\/li>\n<\/ul>\n\n\n\n<ul class=\"wp-block-list\">\n<li>Em assembleia nesta ter\u00e7a-feira (12), a Via discutiu e aprovou por maioria de votos na assembleia de acionistas a altera\u00e7\u00e3o de seu&nbsp;<a href=\"https:\/\/www.suno.com.br\/artigos\/capital-autorizado\/\">capital autorizado<\/a>, assim como a mudan\u00e7a no caput do artigo 6\u00ba do&nbsp;<a href=\"https:\/\/www.suno.com.br\/artigos\/estatuto-social\/\">estatuto social<\/a>. Com isso, o&nbsp;<strong>capital social da Via&nbsp;<\/strong>pode ser aumentado para at\u00e9 3 bilh\u00f5es de a\u00e7\u00f5es ordin\u00e1rias, sem&nbsp;<a href=\"https:\/\/www.suno.com.br\/artigos\/valor-nominal\/\" target=\"_blank\" rel=\"noreferrer noopener\">valor nominal<\/a>.<\/li>\n<\/ul>\n\n\n\n<ul class=\"wp-block-list\">\n<li>\u201c\u00c9 um&nbsp;<a href=\"https:\/\/www.suno.com.br\/artigos\/aumento-capital\/\">aumento de capital<\/a>&nbsp;com uma dilui\u00e7\u00e3o muito grande. A empresa j\u00e1 est\u00e1 com um&nbsp;<a href=\"https:\/\/www.suno.com.br\/artigos\/valor-de-mercado\/\">valor de mercado<\/a>&nbsp;baixo e, mesmo com essa dilui\u00e7\u00e3o, o valor em si do<strong>&nbsp;follow-on da Via<\/strong>&nbsp;n\u00e3o \u00e9 algo que resolve muito o problema da empresa. \u00c9 uma solu\u00e7\u00e3o tempor\u00e1ria. O problema est\u00e1 no pr\u00f3prio operacional da companhia, que n\u00e3o consegue gerar resultado para pagar todo o custo dessa d\u00favida\u201d, disse Vitorio Galindo, analista de investimentos CNPI e head de an\u00e1lise fundamentalista da Quantzed.<\/li>\n<\/ul>\n\n\n\n<p>Do Bradesco \u00e0 Cosan, essas foram as empresas que se destacaram hoje. Para ler todas as mat\u00e9rias&nbsp;<strong><a href=\"https:\/\/www.suno.com.br\/noticias\/todos\/?utm_content=XYOE2ItQuUY.20201113&amp;utm_campaign=Track%2B&amp;utm_medium=video&amp;utm_source=telegram.sunoresearch\" target=\"_blank\" rel=\"noreferrer noopener\">clique aqui<\/a>.<\/strong><a href=\"https:\/\/lp.suno.com.br\/pv\/sr-premium\/o-proximo-passo-no-seus-investimentos\/?_fs=16412753060-15131594205\" target=\"_blank\" rel=\"noreferrer noopener\"><\/a><a href=\"https:\/\/lp.suno.com.br\/planilha-da-vida-financeira\/?_fs=16412753060-15131594205\" target=\"_blank\" rel=\"noreferrer noopener\"><\/a><a href=\"https:\/\/lp.suno.com.br\/pv\/sr-premium\/o-proximo-passo-no-seus-investimentos\/?_fs=16412753060-15131594205\" target=\"_blank\" rel=\"noreferrer noopener\"><\/a><a href=\"https:\/\/lp.suno.com.br\/planilha-da-vida-financeira\/?_fs=16412753060-15131594205\" target=\"_blank\" rel=\"noreferrer noopener\"><\/a><a href=\"https:\/\/lp.suno.com.br\/planilha-da-vida-financeira\/?_fs=16412753060-15131594205\" target=\"_blank\" rel=\"noreferrer noopener\"><\/a><a href=\"https:\/\/lp.suno.com.br\/planilha-da-vida-financeira\/?_fs=16412753060-15131594205\" target=\"_blank\" rel=\"noreferrer noopener\"><\/a><a href=\"https:\/\/lp.suno.com.br\/planilha-da-vida-financeira\/\" target=\"_blank\" rel=\"noreferrer noopener\"><\/a><a href=\"https:\/\/lp.suno.com.br\/planilha-da-vida-financeira\/\" target=\"_blank\" rel=\"noreferrer noopener\"><\/a><a href=\"https:\/\/lp.suno.com.br\/cl\/interno-fiis-distribuicao\/\" target=\"_blank\" rel=\"noreferrer noopener\"><\/a><a href=\"https:\/\/lp.suno.com.br\/planilha-da-vida-financeira\/\" target=\"_blank\" rel=\"noreferrer noopener\"><\/a><a href=\"https:\/\/lp.suno.com.br\/planilha-da-vida-financeira\/?utm_source=GoogleAds&amp;utm_medium=search&amp;utm_campaign=11.b.da.0.search&amp;utm_content=1141_responsivo-research-b\" target=\"_blank\" rel=\"noreferrer noopener\"><\/a><a href=\"https:\/\/lp.suno.com.br\/planilha-da-vida-financeira\/\" target=\"_blank\" rel=\"noreferrer noopener\"><\/a><a href=\"https:\/\/lp.suno.com.br\/planilha-da-vida-financeira\/\" target=\"_blank\" rel=\"noreferrer noopener\"><\/a><a href=\"https:\/\/lp.suno.com.br\/cl\/interno-fiis-2023\/\" target=\"_blank\" rel=\"noreferrer noopener\"><\/a><a href=\"https:\/\/lp.suno.com.br\/planilha-da-vida-financeira\/\" target=\"_blank\" rel=\"noreferrer noopener\"><\/a><a href=\"https:\/\/lp.suno.com.br\/cl\/interno-fiis-2023\/\" target=\"_blank\" rel=\"noreferrer noopener\"><\/a><a href=\"https:\/\/lp.suno.com.br\/planilha-da-vida-financeira\/\" target=\"_blank\" rel=\"noreferrer noopener\"><\/a><a href=\"https:\/\/lp.suno.com.br\/planilha-da-vida-financeira\/\" target=\"_blank\" rel=\"noreferrer noopener\"><\/a><\/p>\n\n\n\t<p>\n\t\t<a href=\"https:\/\/lp.suno.com.br\/planilha-da-vida-financeira\/\" target=\"_blank\" data-element=\"shortcode-suno-banner\" title=\"Banner SUNO, clique e saiba mais\">\n\t\t\t<picture>\n\t\t\t\t<source media=\"(max-width: 500px)\" srcset=\"https:\/\/files.sunoresearch.com.br\/n\/uploads\/2023\/04\/400x300-Planilha-vida-financeira-true.png\">\n\t\t\t\t<img class=\"newsContent__article__imgCapa newsContent__article__imgCapa--banner\"\n\t\t\t\t\tsrc=\"https:\/\/files.sunoresearch.com.br\/n\/uploads\/2023\/04\/1420x240-Planilha-vida-financeira-true.png\"\n\t\t\t\t\tdata-promo-id=\"383123\"\t\t\t\t\t\t\t\t\t\twidth='1420' height='240'\t\t\t\t\talt=\"https:\/\/files.sunoresearch.com.br\/n\/uploads\/2023\/04\/1420x240-Planilha-vida-financeira-true.png\"\n\t\t\t\t>\n\t\t\t<\/picture>\n\t\t<\/a>\n\t<\/p>\n\n\n","protected":false},"excerpt":{"rendered":"<p>O&nbsp;Bradesco&nbsp;(BBDC4)&nbsp;informou nesta quarta-feira, 13, que tem total interesse no sucesso da&nbsp;recupera\u00e7\u00e3o judicial&nbsp;da&nbsp;Americanas (AMER3), e que n\u00e3o se manifestou contra a aprova\u00e7\u00e3o de qualquer plano. Bradesco (BBDC4). Foto: iStock O Bradesco divulgou nota ap\u00f3s a publica\u00e7\u00e3o de not\u00edcias que davam conta de uma suposta exclus\u00e3o da institui\u00e7\u00e3o de um plano, algo que estaria sendo cogitado pela [&hellip;]<\/p>\n","protected":false},"author":227,"featured_media":406450,"comment_status":"closed","ping_status":"closed","sticky":false,"template":"","format":"standard","meta":[],"categories":[64],"tags":[106605,392,433,548,570,584,659,106935],"suno_strategy":[],"class_list":["post-455938","post","type-post","status-publish","format-standard","has-post-thumbnail","hentry","category-negocios","tag-americanas-s-a-amer3","tag-bradesco-bbdc3-bbdc4","tag-cosan-csan3","tag-magazine-luiza-mglu3","tag-multiplan-mult3","tag-oi-oibr3-oibr4","tag-telefonica-vivt3","tag-via-viia3"],"yoast_head":"<!-- This site is optimized with the Yoast SEO plugin v24.4 - https:\/\/yoast.com\/wordpress\/plugins\/seo\/ -->\n<title>Radar: Bradesco (BBDC4) diz que tem interesse na recupera\u00e7\u00e3o da Americanas (AMER3), JCP da Multiplan (MULT3) e banco recomenda Cosan (CSAN3)<\/title>\n<meta name=\"description\" content=\"Bradesco (BBDC4) tem interesse em Americanas (AMER3), Multiplan (MULT3) pagar\u00e1 JCP milion\u00e1rio e banco recomenda a\u00e7\u00f5es de Cosan (CSNA3)\" \/>\n<meta name=\"robots\" content=\"index, follow, max-snippet:-1, max-image-preview:large, max-video-preview:-1\" \/>\n<link rel=\"canonical\" href=\"https:\/\/www.suno.com.br\/noticias\/radar-bradesco-bbdc4-americanas-amer3-multiplan-mult3-cosa-csan3\/\" \/>\n<meta property=\"og:locale\" content=\"pt_BR\" \/>\n<meta property=\"og:type\" content=\"article\" \/>\n<meta property=\"og:title\" content=\"Radar: Bradesco (BBDC4) diz que tem interesse na recupera\u00e7\u00e3o da Americanas (AMER3), JCP da Multiplan (MULT3) e banco recomenda Cosan (CSAN3)\" \/>\n<meta property=\"og:description\" content=\"Bradesco (BBDC4) tem interesse em Americanas (AMER3), Multiplan (MULT3) pagar\u00e1 JCP milion\u00e1rio e banco recomenda a\u00e7\u00f5es de Cosan (CSNA3)\" \/>\n<meta property=\"og:url\" content=\"https:\/\/www.suno.com.br\/noticias\/radar-bradesco-bbdc4-americanas-amer3-multiplan-mult3-cosa-csan3\/\" \/>\n<meta property=\"og:site_name\" content=\"Suno Not\u00edcias\" \/>\n<meta property=\"article:publisher\" content=\"https:\/\/facebook.com\/sunoresearch\" \/>\n<meta property=\"og:image\" content=\"https:\/\/files.sunoresearch.com.br\/n\/uploads\/2023\/05\/bradesco.jpg\" \/>\n\t<meta property=\"og:image:width\" content=\"1200\" \/>\n\t<meta property=\"og:image:height\" content=\"800\" \/>\n\t<meta property=\"og:image:type\" content=\"image\/jpeg\" \/>\n<meta name=\"author\" content=\"Vanessa Loiola\" \/>\n<meta name=\"twitter:card\" content=\"summary_large_image\" \/>\n<meta name=\"twitter:creator\" content=\"@sunoresearch\" \/>\n<meta name=\"twitter:site\" content=\"@sunoresearch\" \/>\n<meta name=\"twitter:label1\" content=\"Escrito por\" \/>\n\t<meta name=\"twitter:data1\" content=\"Vanessa Loiola\" \/>\n\t<meta name=\"twitter:label2\" content=\"Est. tempo de leitura\" \/>\n\t<meta name=\"twitter:data2\" content=\"7 minutos\" \/>\n<script type=\"application\/ld+json\" class=\"yoast-schema-graph\">{\"@context\":\"https:\/\/schema.org\",\"@graph\":[{\"@type\":\"NewsArticle\",\"@id\":\"https:\/\/www.suno.com.br\/noticias\/radar-bradesco-bbdc4-americanas-amer3-multiplan-mult3-cosa-csan3\/#article\",\"isPartOf\":{\"@id\":\"https:\/\/www.suno.com.br\/noticias\/radar-bradesco-bbdc4-americanas-amer3-multiplan-mult3-cosa-csan3\/\"},\"author\":{\"name\":\"Vanessa Loiola\",\"@id\":\"https:\/\/www.suno.com.br\/noticias\/#\/schema\/person\/450c455ecff319bab1f1a0e643451479\"},\"headline\":\"Radar: Bradesco (BBDC4) diz que tem interesse na recupera\u00e7\u00e3o da Americanas (AMER3), JCP da Multiplan (MULT3) e banco recomenda Cosan (CSAN3)\",\"datePublished\":\"2023-09-14T02:11:31+00:00\",\"dateModified\":\"2023-09-14T02:11:42+00:00\",\"mainEntityOfPage\":{\"@id\":\"https:\/\/www.suno.com.br\/noticias\/radar-bradesco-bbdc4-americanas-amer3-multiplan-mult3-cosa-csan3\/\"},\"wordCount\":1320,\"publisher\":{\"@id\":\"https:\/\/www.suno.com.br\/noticias\/#organization\"},\"image\":{\"@id\":\"https:\/\/www.suno.com.br\/noticias\/radar-bradesco-bbdc4-americanas-amer3-multiplan-mult3-cosa-csan3\/#primaryimage\"},\"thumbnailUrl\":\"https:\/\/files.sunoresearch.com.br\/n\/uploads\/2023\/05\/bradesco.jpg\",\"keywords\":[\"Americanas (AMER3)\",\"Bradesco (BBDC3\/BBDC4)\",\"Cosan (CSAN3)\",\"Magazine Luiza (MGLU3)\",\"Multiplan (MULT3)\",\"Oi (OIBR3\/OIBR4)\",\"Telef\u00f4nica (VIVT3)\",\"Via (VIIA3)\"],\"articleSection\":[\"Neg\u00f3cios\"],\"inLanguage\":\"pt-BR\"},{\"@type\":\"WebPage\",\"@id\":\"https:\/\/www.suno.com.br\/noticias\/radar-bradesco-bbdc4-americanas-amer3-multiplan-mult3-cosa-csan3\/\",\"url\":\"https:\/\/www.suno.com.br\/noticias\/radar-bradesco-bbdc4-americanas-amer3-multiplan-mult3-cosa-csan3\/\",\"name\":\"Radar: Bradesco (BBDC4) diz que tem interesse na recupera\u00e7\u00e3o da Americanas (AMER3), JCP da Multiplan (MULT3) e banco recomenda Cosan (CSAN3)\",\"isPartOf\":{\"@id\":\"https:\/\/www.suno.com.br\/noticias\/#website\"},\"primaryImageOfPage\":{\"@id\":\"https:\/\/www.suno.com.br\/noticias\/radar-bradesco-bbdc4-americanas-amer3-multiplan-mult3-cosa-csan3\/#primaryimage\"},\"image\":{\"@id\":\"https:\/\/www.suno.com.br\/noticias\/radar-bradesco-bbdc4-americanas-amer3-multiplan-mult3-cosa-csan3\/#primaryimage\"},\"thumbnailUrl\":\"https:\/\/files.sunoresearch.com.br\/n\/uploads\/2023\/05\/bradesco.jpg\",\"datePublished\":\"2023-09-14T02:11:31+00:00\",\"dateModified\":\"2023-09-14T02:11:42+00:00\",\"description\":\"Bradesco (BBDC4) tem interesse em Americanas (AMER3), Multiplan (MULT3) pagar\u00e1 JCP milion\u00e1rio e banco recomenda a\u00e7\u00f5es de Cosan (CSNA3)\",\"breadcrumb\":{\"@id\":\"https:\/\/www.suno.com.br\/noticias\/radar-bradesco-bbdc4-americanas-amer3-multiplan-mult3-cosa-csan3\/#breadcrumb\"},\"inLanguage\":\"pt-BR\",\"potentialAction\":[{\"@type\":\"ReadAction\",\"target\":[\"https:\/\/www.suno.com.br\/noticias\/radar-bradesco-bbdc4-americanas-amer3-multiplan-mult3-cosa-csan3\/\"]}]},{\"@type\":\"ImageObject\",\"inLanguage\":\"pt-BR\",\"@id\":\"https:\/\/www.suno.com.br\/noticias\/radar-bradesco-bbdc4-americanas-amer3-multiplan-mult3-cosa-csan3\/#primaryimage\",\"url\":\"https:\/\/files.sunoresearch.com.br\/n\/uploads\/2023\/05\/bradesco.jpg\",\"contentUrl\":\"https:\/\/files.sunoresearch.com.br\/n\/uploads\/2023\/05\/bradesco.jpg\",\"width\":1200,\"height\":800,\"caption\":\"Bradesco (BBDC4). Foto: iStock\"},{\"@type\":\"BreadcrumbList\",\"@id\":\"https:\/\/www.suno.com.br\/noticias\/radar-bradesco-bbdc4-americanas-amer3-multiplan-mult3-cosa-csan3\/#breadcrumb\",\"itemListElement\":[{\"@type\":\"ListItem\",\"position\":1,\"name\":\"Not\u00edcias\",\"item\":\"https:\/\/www.suno.com.br\/noticias\/\"},{\"@type\":\"ListItem\",\"position\":2,\"name\":\"Neg\u00f3cios\",\"item\":\"https:\/\/www.suno.com.br\/noticias\/negocios\/\"},{\"@type\":\"ListItem\",\"position\":3,\"name\":\"Radar: Bradesco (BBDC4) diz que tem interesse na recupera\u00e7\u00e3o da Americanas (AMER3), JCP da Multiplan (MULT3) e banco recomenda Cosan (CSAN3)\"}]},{\"@type\":\"WebSite\",\"@id\":\"https:\/\/www.suno.com.br\/noticias\/#website\",\"url\":\"https:\/\/www.suno.com.br\/noticias\/\",\"name\":\"Suno Not\u00edcias\",\"description\":\"Seu portal de informa\u00e7\u00e3o sobre o mundo dos investimentos\",\"publisher\":{\"@id\":\"https:\/\/www.suno.com.br\/noticias\/#organization\"},\"potentialAction\":[{\"@type\":\"SearchAction\",\"target\":{\"@type\":\"EntryPoint\",\"urlTemplate\":\"https:\/\/www.suno.com.br\/noticias\/?s={search_term_string}\"},\"query-input\":{\"@type\":\"PropertyValueSpecification\",\"valueRequired\":true,\"valueName\":\"search_term_string\"}}],\"inLanguage\":\"pt-BR\"},{\"@type\":\"Organization\",\"@id\":\"https:\/\/www.suno.com.br\/noticias\/#organization\",\"name\":\"Suno Not\u00edcias\",\"url\":\"https:\/\/www.suno.com.br\/noticias\/\",\"logo\":{\"@type\":\"ImageObject\",\"inLanguage\":\"pt-BR\",\"@id\":\"https:\/\/www.suno.com.br\/noticias\/#\/schema\/logo\/image\/\",\"url\":\"https:\/\/files.sunoresearch.com.br\/n\/uploads\/2021\/09\/suno-logo.png\",\"contentUrl\":\"https:\/\/files.sunoresearch.com.br\/n\/uploads\/2021\/09\/suno-logo.png\",\"width\":180,\"height\":180,\"caption\":\"Suno Not\u00edcias\"},\"image\":{\"@id\":\"https:\/\/www.suno.com.br\/noticias\/#\/schema\/logo\/image\/\"},\"sameAs\":[\"https:\/\/facebook.com\/sunoresearch\",\"https:\/\/x.com\/sunoresearch\",\"https:\/\/www.instagram.com\/suno\",\"https:\/\/www.linkedin.com\/company\/suno-research\/\",\"https:\/\/www.youtube.com\/c\/sunoresearch\"]},{\"@type\":\"Person\",\"@id\":\"https:\/\/www.suno.com.br\/noticias\/#\/schema\/person\/450c455ecff319bab1f1a0e643451479\",\"name\":\"Vanessa Loiola\",\"image\":{\"@type\":\"ImageObject\",\"inLanguage\":\"pt-BR\",\"@id\":\"https:\/\/www.suno.com.br\/noticias\/#\/schema\/person\/image\/\",\"url\":\"https:\/\/secure.gravatar.com\/avatar\/8b41117f9780831919eb38da349c3f20?s=96&r=g\",\"contentUrl\":\"https:\/\/secure.gravatar.com\/avatar\/8b41117f9780831919eb38da349c3f20?s=96&r=g\",\"caption\":\"Vanessa Loiola\"},\"description\":\"Jornalista formada pela PUC-SP, com experi\u00eancia na cobertura das editorias de economia, finan\u00e7as, bolsa de valores, pol\u00edtica, energia solar e entretenimento. Com passagem pela BM&amp;C News e RedeTV!\",\"url\":\"https:\/\/www.suno.com.br\/noticias\/author\/vanessal-loiolagmail-com\/\"}]}<\/script>\n<!-- \/ Yoast SEO plugin. -->","yoast_head_json":{"title":"Radar: Bradesco (BBDC4) diz que tem interesse na recupera\u00e7\u00e3o da Americanas (AMER3), JCP da Multiplan (MULT3) e banco recomenda Cosan (CSAN3)","description":"Bradesco (BBDC4) tem interesse em Americanas (AMER3), Multiplan (MULT3) pagar\u00e1 JCP milion\u00e1rio e banco recomenda a\u00e7\u00f5es de Cosan (CSNA3)","robots":{"index":"index","follow":"follow","max-snippet":"max-snippet:-1","max-image-preview":"max-image-preview:large","max-video-preview":"max-video-preview:-1"},"canonical":"https:\/\/www.suno.com.br\/noticias\/radar-bradesco-bbdc4-americanas-amer3-multiplan-mult3-cosa-csan3\/","og_locale":"pt_BR","og_type":"article","og_title":"Radar: Bradesco (BBDC4) diz que tem interesse na recupera\u00e7\u00e3o da Americanas (AMER3), JCP da Multiplan (MULT3) e banco recomenda Cosan (CSAN3)","og_description":"Bradesco (BBDC4) tem interesse em Americanas (AMER3), Multiplan (MULT3) pagar\u00e1 JCP milion\u00e1rio e banco recomenda a\u00e7\u00f5es de Cosan (CSNA3)","og_url":"https:\/\/www.suno.com.br\/noticias\/radar-bradesco-bbdc4-americanas-amer3-multiplan-mult3-cosa-csan3\/","og_site_name":"Suno Not\u00edcias","article_publisher":"https:\/\/facebook.com\/sunoresearch","og_image":[{"width":1200,"height":800,"url":"https:\/\/files.sunoresearch.com.br\/n\/uploads\/2023\/05\/bradesco.jpg","type":"image\/jpeg"}],"author":"Vanessa Loiola","twitter_card":"summary_large_image","twitter_creator":"@sunoresearch","twitter_site":"@sunoresearch","twitter_misc":{"Escrito por":"Vanessa Loiola","Est. tempo de leitura":"7 minutos"},"schema":{"@context":"https:\/\/schema.org","@graph":[{"@type":"NewsArticle","@id":"https:\/\/www.suno.com.br\/noticias\/radar-bradesco-bbdc4-americanas-amer3-multiplan-mult3-cosa-csan3\/#article","isPartOf":{"@id":"https:\/\/www.suno.com.br\/noticias\/radar-bradesco-bbdc4-americanas-amer3-multiplan-mult3-cosa-csan3\/"},"author":{"name":"Vanessa Loiola","@id":"https:\/\/www.suno.com.br\/noticias\/#\/schema\/person\/450c455ecff319bab1f1a0e643451479"},"headline":"Radar: Bradesco (BBDC4) diz que tem interesse na recupera\u00e7\u00e3o da Americanas (AMER3), JCP da Multiplan (MULT3) e banco recomenda Cosan (CSAN3)","datePublished":"2023-09-14T02:11:31+00:00","dateModified":"2023-09-14T02:11:42+00:00","mainEntityOfPage":{"@id":"https:\/\/www.suno.com.br\/noticias\/radar-bradesco-bbdc4-americanas-amer3-multiplan-mult3-cosa-csan3\/"},"wordCount":1320,"publisher":{"@id":"https:\/\/www.suno.com.br\/noticias\/#organization"},"image":{"@id":"https:\/\/www.suno.com.br\/noticias\/radar-bradesco-bbdc4-americanas-amer3-multiplan-mult3-cosa-csan3\/#primaryimage"},"thumbnailUrl":"https:\/\/files.sunoresearch.com.br\/n\/uploads\/2023\/05\/bradesco.jpg","keywords":["Americanas (AMER3)","Bradesco (BBDC3\/BBDC4)","Cosan (CSAN3)","Magazine Luiza (MGLU3)","Multiplan (MULT3)","Oi (OIBR3\/OIBR4)","Telef\u00f4nica (VIVT3)","Via (VIIA3)"],"articleSection":["Neg\u00f3cios"],"inLanguage":"pt-BR"},{"@type":"WebPage","@id":"https:\/\/www.suno.com.br\/noticias\/radar-bradesco-bbdc4-americanas-amer3-multiplan-mult3-cosa-csan3\/","url":"https:\/\/www.suno.com.br\/noticias\/radar-bradesco-bbdc4-americanas-amer3-multiplan-mult3-cosa-csan3\/","name":"Radar: Bradesco (BBDC4) diz que tem interesse na recupera\u00e7\u00e3o da Americanas (AMER3), JCP da Multiplan (MULT3) e banco recomenda Cosan (CSAN3)","isPartOf":{"@id":"https:\/\/www.suno.com.br\/noticias\/#website"},"primaryImageOfPage":{"@id":"https:\/\/www.suno.com.br\/noticias\/radar-bradesco-bbdc4-americanas-amer3-multiplan-mult3-cosa-csan3\/#primaryimage"},"image":{"@id":"https:\/\/www.suno.com.br\/noticias\/radar-bradesco-bbdc4-americanas-amer3-multiplan-mult3-cosa-csan3\/#primaryimage"},"thumbnailUrl":"https:\/\/files.sunoresearch.com.br\/n\/uploads\/2023\/05\/bradesco.jpg","datePublished":"2023-09-14T02:11:31+00:00","dateModified":"2023-09-14T02:11:42+00:00","description":"Bradesco (BBDC4) tem interesse em Americanas (AMER3), Multiplan (MULT3) pagar\u00e1 JCP milion\u00e1rio e banco recomenda a\u00e7\u00f5es de Cosan (CSNA3)","breadcrumb":{"@id":"https:\/\/www.suno.com.br\/noticias\/radar-bradesco-bbdc4-americanas-amer3-multiplan-mult3-cosa-csan3\/#breadcrumb"},"inLanguage":"pt-BR","potentialAction":[{"@type":"ReadAction","target":["https:\/\/www.suno.com.br\/noticias\/radar-bradesco-bbdc4-americanas-amer3-multiplan-mult3-cosa-csan3\/"]}]},{"@type":"ImageObject","inLanguage":"pt-BR","@id":"https:\/\/www.suno.com.br\/noticias\/radar-bradesco-bbdc4-americanas-amer3-multiplan-mult3-cosa-csan3\/#primaryimage","url":"https:\/\/files.sunoresearch.com.br\/n\/uploads\/2023\/05\/bradesco.jpg","contentUrl":"https:\/\/files.sunoresearch.com.br\/n\/uploads\/2023\/05\/bradesco.jpg","width":1200,"height":800,"caption":"Bradesco (BBDC4). Foto: iStock"},{"@type":"BreadcrumbList","@id":"https:\/\/www.suno.com.br\/noticias\/radar-bradesco-bbdc4-americanas-amer3-multiplan-mult3-cosa-csan3\/#breadcrumb","itemListElement":[{"@type":"ListItem","position":1,"name":"Not\u00edcias","item":"https:\/\/www.suno.com.br\/noticias\/"},{"@type":"ListItem","position":2,"name":"Neg\u00f3cios","item":"https:\/\/www.suno.com.br\/noticias\/negocios\/"},{"@type":"ListItem","position":3,"name":"Radar: Bradesco (BBDC4) diz que tem interesse na recupera\u00e7\u00e3o da Americanas (AMER3), JCP da Multiplan (MULT3) e banco recomenda Cosan (CSAN3)"}]},{"@type":"WebSite","@id":"https:\/\/www.suno.com.br\/noticias\/#website","url":"https:\/\/www.suno.com.br\/noticias\/","name":"Suno Not\u00edcias","description":"Seu portal de informa\u00e7\u00e3o sobre o mundo dos investimentos","publisher":{"@id":"https:\/\/www.suno.com.br\/noticias\/#organization"},"potentialAction":[{"@type":"SearchAction","target":{"@type":"EntryPoint","urlTemplate":"https:\/\/www.suno.com.br\/noticias\/?s={search_term_string}"},"query-input":{"@type":"PropertyValueSpecification","valueRequired":true,"valueName":"search_term_string"}}],"inLanguage":"pt-BR"},{"@type":"Organization","@id":"https:\/\/www.suno.com.br\/noticias\/#organization","name":"Suno Not\u00edcias","url":"https:\/\/www.suno.com.br\/noticias\/","logo":{"@type":"ImageObject","inLanguage":"pt-BR","@id":"https:\/\/www.suno.com.br\/noticias\/#\/schema\/logo\/image\/","url":"https:\/\/files.sunoresearch.com.br\/n\/uploads\/2021\/09\/suno-logo.png","contentUrl":"https:\/\/files.sunoresearch.com.br\/n\/uploads\/2021\/09\/suno-logo.png","width":180,"height":180,"caption":"Suno Not\u00edcias"},"image":{"@id":"https:\/\/www.suno.com.br\/noticias\/#\/schema\/logo\/image\/"},"sameAs":["https:\/\/facebook.com\/sunoresearch","https:\/\/x.com\/sunoresearch","https:\/\/www.instagram.com\/suno","https:\/\/www.linkedin.com\/company\/suno-research\/","https:\/\/www.youtube.com\/c\/sunoresearch"]},{"@type":"Person","@id":"https:\/\/www.suno.com.br\/noticias\/#\/schema\/person\/450c455ecff319bab1f1a0e643451479","name":"Vanessa Loiola","image":{"@type":"ImageObject","inLanguage":"pt-BR","@id":"https:\/\/www.suno.com.br\/noticias\/#\/schema\/person\/image\/","url":"https:\/\/secure.gravatar.com\/avatar\/8b41117f9780831919eb38da349c3f20?s=96&r=g","contentUrl":"https:\/\/secure.gravatar.com\/avatar\/8b41117f9780831919eb38da349c3f20?s=96&r=g","caption":"Vanessa Loiola"},"description":"Jornalista formada pela PUC-SP, com experi\u00eancia na cobertura das editorias de economia, finan\u00e7as, bolsa de valores, pol\u00edtica, energia solar e entretenimento. Com passagem pela BM&amp;C News e RedeTV!","url":"https:\/\/www.suno.com.br\/noticias\/author\/vanessal-loiolagmail-com\/"}]}},"default_loop_html":"<div class=\"cardsPage__listCard__boxs\"><div class=\"cardsPage__listCard__boxs__img\"><a href=\"https:\/\/www.suno.com.br\/noticias\/radar-bradesco-bbdc4-americanas-amer3-multiplan-mult3-cosa-csan3\/\"><img class=\"mask\" src=\"https:\/\/www.suno.com.br\/noticias\/wp-content\/themes\/suno\/resources\/images\/spotlight\/spotlight1img\/bg-mask.png\" alt=\"Image Mask\"\/><img src=\"https:\/\/files.sunoresearch.com.br\/n\/uploads\/2023\/05\/bradesco-400x200.jpg\" alt=\"Radar: Bradesco (BBDC4) diz que tem interesse na recupera\u00e7\u00e3o da Americanas (AMER3), JCP da Multiplan (MULT3) e banco recomenda Cosan (CSAN3)\"\/><\/a><span class=\"spotlightCategory\"><a href=\"https:\/\/www.suno.com.br\/noticias\/negocios\/\">Neg\u00f3cios<\/a><\/span><\/div><div class=\"cardsPage__listCard__boxs__content\"><a href=\"https:\/\/www.suno.com.br\/noticias\/radar-bradesco-bbdc4-americanas-amer3-multiplan-mult3-cosa-csan3\/\"><h2 class=\"content__title\">Radar: Bradesco (BBDC4) diz que tem interesse na recupera\u00e7\u00e3o da Americanas (AMER3), JCP da Multiplan (MULT3) e banco recomenda Cosan (CSAN3)<\/h2><\/a><div class=\"newsContent__article__meta\"><div class=\"newsContent__article__meta__authorBox\"><a href=\"https:\/\/www.suno.com.br\/noticias\/author\/vanessal-loiolagmail-com\/\" class=\"authorBox__avatar noMobi\"><img src=\"https:\/\/secure.gravatar.com\/avatar\/8b41117f9780831919eb38da349c3f20?s=96&#038;r=g\" alt=\"Vanessa Loiola\"><\/a><div class=\"authorBox__name\"><span>por\n\t\t\t<a href=\"https:\/\/www.suno.com.br\/noticias\/author\/vanessal-loiolagmail-com\/\"><span itemprop=\"author\">Vanessa Loiola<\/span><\/a><\/span><time datetime=\"2023-09-13T23:11:31-03:00\" itemprop=\"datePublished\">13\/09\/2023 23:11<\/time><\/div><\/div><\/div><\/div><\/div>","single_layout":"posts","amp_enabled":true,"_links":{"self":[{"href":"https:\/\/www.suno.com.br\/noticias\/wp-json\/wp\/v2\/posts\/455938"}],"collection":[{"href":"https:\/\/www.suno.com.br\/noticias\/wp-json\/wp\/v2\/posts"}],"about":[{"href":"https:\/\/www.suno.com.br\/noticias\/wp-json\/wp\/v2\/types\/post"}],"author":[{"embeddable":true,"href":"https:\/\/www.suno.com.br\/noticias\/wp-json\/wp\/v2\/users\/227"}],"replies":[{"embeddable":true,"href":"https:\/\/www.suno.com.br\/noticias\/wp-json\/wp\/v2\/comments?post=455938"}],"version-history":[{"count":2,"href":"https:\/\/www.suno.com.br\/noticias\/wp-json\/wp\/v2\/posts\/455938\/revisions"}],"predecessor-version":[{"id":456003,"href":"https:\/\/www.suno.com.br\/noticias\/wp-json\/wp\/v2\/posts\/455938\/revisions\/456003"}],"wp:featuredmedia":[{"embeddable":true,"href":"https:\/\/www.suno.com.br\/noticias\/wp-json\/wp\/v2\/media\/406450"}],"wp:attachment":[{"href":"https:\/\/www.suno.com.br\/noticias\/wp-json\/wp\/v2\/media?parent=455938"}],"wp:term":[{"taxonomy":"category","embeddable":true,"href":"https:\/\/www.suno.com.br\/noticias\/wp-json\/wp\/v2\/categories?post=455938"},{"taxonomy":"post_tag","embeddable":true,"href":"https:\/\/www.suno.com.br\/noticias\/wp-json\/wp\/v2\/tags?post=455938"},{"taxonomy":"suno_strategy","embeddable":true,"href":"https:\/\/www.suno.com.br\/noticias\/wp-json\/wp\/v2\/suno_strategy?post=455938"}],"curies":[{"name":"wp","href":"https:\/\/api.w.org\/{rel}","templated":true}]}}